{"id":446663,"date":"2025-04-25T12:08:54","date_gmt":"2025-04-25T10:08:54","guid":{"rendered":"https:\/\/www.radiopiu.net\/wordpress\/?p=446663"},"modified":"2025-04-25T15:03:31","modified_gmt":"2025-04-25T13:03:31","slug":"festa-della-liberazione-il-25-aprile-a-voltago","status":"publish","type":"post","link":"https:\/\/www.radiopiu.net\/wordpress\/festa-della-liberazione-il-25-aprile-a-voltago\/","title":{"rendered":"FESTA DELLA LIBERAZIONE: IL 25 APRILE A VOLTAGO"},"content":{"rendered":"<p>******<\/p>\n<p>&nbsp;<\/p>\n<p><strong>VOLTAGO<\/strong><\/p>\n<p><strong>FOTO E VIDEO, grazie a\u00a0 DUILIO DA CAMPO<\/strong><\/p>\n\n\t\t\t<style type='text\/css'>\n\t\t\t\t#gallery-1 {\n\t\t\t\t\tmargin: auto;\n\t\t\t\t}\n\t\t\t\t#gallery-1 .gallery-item {\n\t\t\t\t\tfloat: left;\n\t\t\t\t\tmargin-top: 10px;\n\t\t\t\t\ttext-align: center;\n\t\t\t\t\twidth: 33%;\n\t\t\t\t}\n\t\t\t\t#gallery-1 img {\n\t\t\t\t\tborder: 2px solid #cfcfcf;\n\t\t\t\t}\n\t\t\t\t#gallery-1 .gallery-caption {\n\t\t\t\t\tmargin-left: 0;\n\t\t\t\t}\n\t\t\t\t\/* see gallery_shortcode() in wp-includes\/media.php *\/\n\t\t\t<\/style>\n\t\t<div id='gallery-1' class='dt-gallery-container gallery galleryid-446663 gallery-columns-3 gallery-size-thumbnail'><dl class='gallery-item'>\n\t\t\t\t<dt class='gallery-icon landscape'>\n\t\t\t\t\t<a class=\"rollover rollover-zoom dt-pswp-item\" title=\"172bf9b2-f103-4233-aaae-18fa8040a6e3\" data-dt-img-description=\"\" data-large_image_width=\"1600\" data-large_image_height=\"900\"href='https:\/\/www.radiopiu.net\/wordpress\/wp-content\/uploads\/2025\/04\/172bf9b2-f103-4233-aaae-18fa8040a6e3.jpg'><img loading=\"lazy\" decoding=\"async\" width=\"150\" height=\"150\" src=\"https:\/\/www.radiopiu.net\/wordpress\/wp-content\/uploads\/2025\/04\/172bf9b2-f103-4233-aaae-18fa8040a6e3-150x150.jpg\" class=\"attachment-thumbnail size-thumbnail\" alt=\"\" \/><\/a>\n\t\t\t\t<\/dt><\/dl><dl class='gallery-item'>\n\t\t\t\t<dt class='gallery-icon landscape'>\n\t\t\t\t\t<a class=\"rollover rollover-zoom dt-pswp-item\" title=\"c9a20540-7a85-4777-8e65-9dcec3ef52db\" data-dt-img-description=\"\" data-large_image_width=\"1600\" data-large_image_height=\"900\"href='https:\/\/www.radiopiu.net\/wordpress\/wp-content\/uploads\/2025\/04\/c9a20540-7a85-4777-8e65-9dcec3ef52db.jpg'><img loading=\"lazy\" decoding=\"async\" width=\"150\" height=\"150\" src=\"https:\/\/www.radiopiu.net\/wordpress\/wp-content\/uploads\/2025\/04\/c9a20540-7a85-4777-8e65-9dcec3ef52db-150x150.jpg\" class=\"attachment-thumbnail size-thumbnail\" alt=\"\" \/><\/a>\n\t\t\t\t<\/dt><\/dl><dl class='gallery-item'>\n\t\t\t\t<dt class='gallery-icon landscape'>\n\t\t\t\t\t<a class=\"rollover rollover-zoom dt-pswp-item\" title=\"3c3c0693-f161-493f-9986-5a2a5f8c7cf4\" data-dt-img-description=\"\" data-large_image_width=\"1600\" data-large_image_height=\"900\"href='https:\/\/www.radiopiu.net\/wordpress\/wp-content\/uploads\/2025\/04\/3c3c0693-f161-493f-9986-5a2a5f8c7cf4.jpg'><img loading=\"lazy\" decoding=\"async\" width=\"150\" height=\"150\" src=\"https:\/\/www.radiopiu.net\/wordpress\/wp-content\/uploads\/2025\/04\/3c3c0693-f161-493f-9986-5a2a5f8c7cf4-150x150.jpg\" class=\"attachment-thumbnail size-thumbnail\" alt=\"\" \/><\/a>\n\t\t\t\t<\/dt><\/dl><br style=\"clear: both\" \/>\n\t\t\t<\/div>\n\n<p><strong>IL SINDACO GIUSEPPE SCHENA<\/strong><br \/>\n<em>&#8220;Le generazioni vanno avanti ma Voltago nonostante il passare degli anni \u00e8 sempre vicino nel ricordo di quei tragici fatti avvenuti qui. Noi giovani siamo cresciuti nella bambagia grazie a chi ha combattuto, mio nonno compreso&#8221;<\/em><\/p>\n<div style=\"width: 848px;\" class=\"wp-video\"><video class=\"wp-video-shortcode\" id=\"video-446663-1\" width=\"848\" height=\"478\" preload=\"metadata\" controls=\"controls\"><source type=\"video\/mp4\" src=\"https:\/\/www.radiopiu.net\/wordpress\/wp-content\/uploads\/2025\/04\/WhatsApp-Video-2025-04-25-at-12.05.27.mp4?_=1\" \/><a href=\"https:\/\/www.radiopiu.net\/wordpress\/wp-content\/uploads\/2025\/04\/WhatsApp-Video-2025-04-25-at-12.05.27.mp4\">https:\/\/www.radiopiu.net\/wordpress\/wp-content\/uploads\/2025\/04\/WhatsApp-Video-2025-04-25-at-12.05.27.mp4<\/a><\/video><\/div>\n<p>&nbsp;<\/p>\n<p>&nbsp;<\/p>\n<blockquote>\n<h3>25 APRILE A FELTRE FOTO SONIA COMIOTTO <span style=\"font-size: 14px; font-weight: normal;\">PAGINA FACEBOOK ARTICOLO 21 <\/span><span style=\"color: #0000ff;\"><strong><a style=\"color: #0000ff;\" href=\"https:\/\/www.facebook.com\/groups\/1649063228724999\">CLICCA QUI<\/a><br \/>\n<\/strong><\/span><\/h3>\n<\/blockquote>\n\n\t\t\t<style type='text\/css'>\n\t\t\t\t#gallery-2 {\n\t\t\t\t\tmargin: auto;\n\t\t\t\t}\n\t\t\t\t#gallery-2 .gallery-item {\n\t\t\t\t\tfloat: left;\n\t\t\t\t\tmargin-top: 10px;\n\t\t\t\t\ttext-align: center;\n\t\t\t\t\twidth: 16%;\n\t\t\t\t}\n\t\t\t\t#gallery-2 img {\n\t\t\t\t\tborder: 2px solid #cfcfcf;\n\t\t\t\t}\n\t\t\t\t#gallery-2 .gallery-caption {\n\t\t\t\t\tmargin-left: 0;\n\t\t\t\t}\n\t\t\t\t\/* see gallery_shortcode() in wp-includes\/media.php *\/\n\t\t\t<\/style>\n\t\t<div id='gallery-2' class='dt-gallery-container gallery galleryid-446663 gallery-columns-6 gallery-size-thumbnail'><dl class='gallery-item'>\n\t\t\t\t<dt class='gallery-icon landscape'>\n\t\t\t\t\t<a class=\"rollover rollover-zoom dt-pswp-item\" title=\"493248236_10229377465082891_7027635749353727392_n\" data-dt-img-description=\"\" data-large_image_width=\"2048\" data-large_image_height=\"1542\"href='https:\/\/www.radiopiu.net\/wordpress\/wp-content\/uploads\/2025\/04\/493248236_10229377465082891_7027635749353727392_n.jpg'><img loading=\"lazy\" decoding=\"async\" width=\"150\" height=\"150\" src=\"https:\/\/www.radiopiu.net\/wordpress\/wp-content\/uploads\/2025\/04\/493248236_10229377465082891_7027635749353727392_n-150x150.jpg\" class=\"attachment-thumbnail size-thumbnail\" alt=\"\" \/><\/a>\n\t\t\t\t<\/dt><\/dl><dl class='gallery-item'>\n\t\t\t\t<dt class='gallery-icon portrait'>\n\t\t\t\t\t<a class=\"rollover rollover-zoom dt-pswp-item\" title=\"493313771_10229377454882636_3942446273995449613_n\" data-dt-img-description=\"\" data-large_image_width=\"1542\" data-large_image_height=\"2048\"href='https:\/\/www.radiopiu.net\/wordpress\/wp-content\/uploads\/2025\/04\/493313771_10229377454882636_3942446273995449613_n.jpg'><img loading=\"lazy\" decoding=\"async\" width=\"150\" height=\"150\" src=\"https:\/\/www.radiopiu.net\/wordpress\/wp-content\/uploads\/2025\/04\/493313771_10229377454882636_3942446273995449613_n-150x150.jpg\" class=\"attachment-thumbnail size-thumbnail\" alt=\"\" \/><\/a>\n\t\t\t\t<\/dt><\/dl><dl class='gallery-item'>\n\t\t\t\t<dt class='gallery-icon portrait'>\n\t\t\t\t\t<a class=\"rollover rollover-zoom dt-pswp-item\" title=\"493288728_10229377456242670_8517380222337954116_n\" data-dt-img-description=\"\" data-large_image_width=\"1542\" data-large_image_height=\"2048\"href='https:\/\/www.radiopiu.net\/wordpress\/wp-content\/uploads\/2025\/04\/493288728_10229377456242670_8517380222337954116_n.jpg'><img loading=\"lazy\" decoding=\"async\" width=\"150\" height=\"150\" src=\"https:\/\/www.radiopiu.net\/wordpress\/wp-content\/uploads\/2025\/04\/493288728_10229377456242670_8517380222337954116_n-150x150.jpg\" class=\"attachment-thumbnail size-thumbnail\" alt=\"\" \/><\/a>\n\t\t\t\t<\/dt><\/dl><dl class='gallery-item'>\n\t\t\t\t<dt class='gallery-icon landscape'>\n\t\t\t\t\t<a class=\"rollover rollover-zoom dt-pswp-item\" title=\"493310307_10229377458602729_8514738133857412608_n\" data-dt-img-description=\"\" data-large_image_width=\"2048\" data-large_image_height=\"1542\"href='https:\/\/www.radiopiu.net\/wordpress\/wp-content\/uploads\/2025\/04\/493310307_10229377458602729_8514738133857412608_n.jpg'><img loading=\"lazy\" decoding=\"async\" width=\"150\" height=\"150\" src=\"https:\/\/www.radiopiu.net\/wordpress\/wp-content\/uploads\/2025\/04\/493310307_10229377458602729_8514738133857412608_n-150x150.jpg\" class=\"attachment-thumbnail size-thumbnail\" alt=\"\" \/><\/a>\n\t\t\t\t<\/dt><\/dl><dl class='gallery-item'>\n\t\t\t\t<dt class='gallery-icon portrait'>\n\t\t\t\t\t<a class=\"rollover rollover-zoom dt-pswp-item\" title=\"493317205_10229377452642580_7678309028698799122_n\" data-dt-img-description=\"\" data-large_image_width=\"1542\" data-large_image_height=\"2048\"href='https:\/\/www.radiopiu.net\/wordpress\/wp-content\/uploads\/2025\/04\/493317205_10229377452642580_7678309028698799122_n.jpg'><img loading=\"lazy\" decoding=\"async\" width=\"150\" height=\"150\" src=\"https:\/\/www.radiopiu.net\/wordpress\/wp-content\/uploads\/2025\/04\/493317205_10229377452642580_7678309028698799122_n-150x150.jpg\" class=\"attachment-thumbnail size-thumbnail\" alt=\"\" \/><\/a>\n\t\t\t\t<\/dt><\/dl><dl class='gallery-item'>\n\t\t\t\t<dt class='gallery-icon landscape'>\n\t\t\t\t\t<a class=\"rollover rollover-zoom dt-pswp-item\" title=\"493329594_10229377460002764_5559214092179533607_n\" data-dt-img-description=\"\" data-large_image_width=\"2048\" data-large_image_height=\"1542\"href='https:\/\/www.radiopiu.net\/wordpress\/wp-content\/uploads\/2025\/04\/493329594_10229377460002764_5559214092179533607_n.jpg'><img loading=\"lazy\" decoding=\"async\" width=\"150\" height=\"150\" src=\"https:\/\/www.radiopiu.net\/wordpress\/wp-content\/uploads\/2025\/04\/493329594_10229377460002764_5559214092179533607_n-150x150.jpg\" class=\"attachment-thumbnail size-thumbnail\" alt=\"\" \/><\/a>\n\t\t\t\t<\/dt><\/dl><br style=\"clear: both\" \/><dl class='gallery-item'>\n\t\t\t\t<dt class='gallery-icon portrait'>\n\t\t\t\t\t<a class=\"rollover rollover-zoom dt-pswp-item\" title=\"493307720_10229377451322547_6368546286547923142_n\" data-dt-img-description=\"\" data-large_image_width=\"1542\" data-large_image_height=\"2048\"href='https:\/\/www.radiopiu.net\/wordpress\/wp-content\/uploads\/2025\/04\/493307720_10229377451322547_6368546286547923142_n.jpg'><img loading=\"lazy\" decoding=\"async\" width=\"150\" height=\"150\" src=\"https:\/\/www.radiopiu.net\/wordpress\/wp-content\/uploads\/2025\/04\/493307720_10229377451322547_6368546286547923142_n-150x150.jpg\" class=\"attachment-thumbnail size-thumbnail\" alt=\"\" \/><\/a>\n\t\t\t\t<\/dt><\/dl><dl class='gallery-item'>\n\t\t\t\t<dt class='gallery-icon landscape'>\n\t\t\t\t\t<a class=\"rollover rollover-zoom dt-pswp-item\" title=\"492503040_10229377448762483_2281542023909075060_n\" data-dt-img-description=\"\" data-large_image_width=\"600\" data-large_image_height=\"452\"href='https:\/\/www.radiopiu.net\/wordpress\/wp-content\/uploads\/2025\/04\/492503040_10229377448762483_2281542023909075060_n.jpg'><img loading=\"lazy\" decoding=\"async\" width=\"150\" height=\"150\" src=\"https:\/\/www.radiopiu.net\/wordpress\/wp-content\/uploads\/2025\/04\/492503040_10229377448762483_2281542023909075060_n-150x150.jpg\" class=\"attachment-thumbnail size-thumbnail\" alt=\"\" \/><\/a>\n\t\t\t\t<\/dt><\/dl><dl class='gallery-item'>\n\t\t\t\t<dt class='gallery-icon landscape'>\n\t\t\t\t\t<a class=\"rollover rollover-zoom dt-pswp-item\" title=\"493307191_10229377449962513_4486644711583414405_n\" data-dt-img-description=\"\" data-large_image_width=\"2048\" data-large_image_height=\"1542\"href='https:\/\/www.radiopiu.net\/wordpress\/wp-content\/uploads\/2025\/04\/493307191_10229377449962513_4486644711583414405_n.jpg'><img loading=\"lazy\" decoding=\"async\" width=\"150\" height=\"150\" src=\"https:\/\/www.radiopiu.net\/wordpress\/wp-content\/uploads\/2025\/04\/493307191_10229377449962513_4486644711583414405_n-150x150.jpg\" class=\"attachment-thumbnail size-thumbnail\" alt=\"\" \/><\/a>\n\t\t\t\t<\/dt><\/dl><dl class='gallery-item'>\n\t\t\t\t<dt class='gallery-icon landscape'>\n\t\t\t\t\t<a class=\"rollover rollover-zoom dt-pswp-item\" title=\"493810403_10229377466682931_7699858298182683436_n\" data-dt-img-description=\"\" data-large_image_width=\"2048\" data-large_image_height=\"1542\"href='https:\/\/www.radiopiu.net\/wordpress\/wp-content\/uploads\/2025\/04\/493810403_10229377466682931_7699858298182683436_n.jpg'><img loading=\"lazy\" decoding=\"async\" width=\"150\" height=\"150\" src=\"https:\/\/www.radiopiu.net\/wordpress\/wp-content\/uploads\/2025\/04\/493810403_10229377466682931_7699858298182683436_n-150x150.jpg\" class=\"attachment-thumbnail size-thumbnail\" alt=\"\" \/><\/a>\n\t\t\t\t<\/dt><\/dl><dl class='gallery-item'>\n\t\t\t\t<dt class='gallery-icon portrait'>\n\t\t\t\t\t<a class=\"rollover rollover-zoom dt-pswp-item\" title=\"493869348_10229377463842860_1854934794465473689_n\" data-dt-img-description=\"\" data-large_image_width=\"1542\" data-large_image_height=\"2048\"href='https:\/\/www.radiopiu.net\/wordpress\/wp-content\/uploads\/2025\/04\/493869348_10229377463842860_1854934794465473689_n.jpg'><img loading=\"lazy\" decoding=\"async\" width=\"150\" height=\"150\" src=\"https:\/\/www.radiopiu.net\/wordpress\/wp-content\/uploads\/2025\/04\/493869348_10229377463842860_1854934794465473689_n-150x150.jpg\" class=\"attachment-thumbnail size-thumbnail\" alt=\"\" \/><\/a>\n\t\t\t\t<\/dt><\/dl><dl class='gallery-item'>\n\t\t\t\t<dt class='gallery-icon landscape'>\n\t\t\t\t\t<a class=\"rollover rollover-zoom dt-pswp-item\" title=\"493685444_10229377461442800_1349001375464973502_n\" data-dt-img-description=\"\" data-large_image_width=\"2048\" data-large_image_height=\"1542\"href='https:\/\/www.radiopiu.net\/wordpress\/wp-content\/uploads\/2025\/04\/493685444_10229377461442800_1349001375464973502_n.jpg'><img loading=\"lazy\" decoding=\"async\" width=\"150\" height=\"150\" src=\"https:\/\/www.radiopiu.net\/wordpress\/wp-content\/uploads\/2025\/04\/493685444_10229377461442800_1349001375464973502_n-150x150.jpg\" class=\"attachment-thumbnail size-thumbnail\" alt=\"\" \/><\/a>\n\t\t\t\t<\/dt><\/dl><br style=\"clear: both\" \/><dl class='gallery-item'>\n\t\t\t\t<dt class='gallery-icon landscape'>\n\t\t\t\t\t<a class=\"rollover rollover-zoom dt-pswp-item\" title=\"493288350_10229377462802834_7862628051433523375_n\" data-dt-img-description=\"\" data-large_image_width=\"2048\" data-large_image_height=\"1542\"href='https:\/\/www.radiopiu.net\/wordpress\/wp-content\/uploads\/2025\/04\/493288350_10229377462802834_7862628051433523375_n.jpg'><img loading=\"lazy\" decoding=\"async\" width=\"150\" height=\"150\" src=\"https:\/\/www.radiopiu.net\/wordpress\/wp-content\/uploads\/2025\/04\/493288350_10229377462802834_7862628051433523375_n-150x150.jpg\" class=\"attachment-thumbnail size-thumbnail\" alt=\"\" \/><\/a>\n\t\t\t\t<\/dt><\/dl>\n\t\t\t\t<br style='clear: both' \/>\n\t\t\t<\/div>\n\n<p>&nbsp;<\/p>\n<p>&nbsp;<\/p>\n<blockquote class=\"wp-embedded-content\" data-secret=\"3QYkPrj22V\"><p><a href=\"https:\/\/www.radiopiu.net\/wordpress\/festa-della-liberazione-il-25-aprile-ad-agordo-la-diretta\/\">FESTA DELLA LIBERAZIONE: IL 25 APRILE AD AGORDO &#8211; LA DIRETTA<\/a><\/p><\/blockquote>\n<p><iframe loading=\"lazy\" class=\"wp-embedded-content\" sandbox=\"allow-scripts\" security=\"restricted\" style=\"position: absolute; visibility: hidden;\" title=\"&#8220;FESTA DELLA LIBERAZIONE: IL 25 APRILE AD AGORDO &#8211; LA DIRETTA&#8221; &#8212; Radio Pi\u00f9\" src=\"https:\/\/www.radiopiu.net\/wordpress\/festa-della-liberazione-il-25-aprile-ad-agordo-la-diretta\/embed\/#?secret=QYk71f2hNk#?secret=3QYkPrj22V\" data-secret=\"3QYkPrj22V\" width=\"600\" height=\"338\" frameborder=\"0\" marginwidth=\"0\" marginheight=\"0\" scrolling=\"no\"><\/iframe><\/p>\n<p>&nbsp;<\/p>\n<p>&nbsp;<\/p>\n<p><strong>ORAZIONE UFFICIALE DEL SINDACO OSCAR DE PELLEGRIN ALLA CERIMONIA DEL 25 APRILE IN PIAZZA DEI MARTIRI<\/strong><\/p>\n<p><a class=\"dt-pswp-item\" href=\"https:\/\/www.radiopiu.net\/wordpress\/wp-content\/uploads\/2024\/06\/SindacoBelluno_OscarDePellegrin.jpg\" data-dt-img-description=\"\" data-large_image_width=\"2000\" data-large_image_height=\"1333\"><img loading=\"lazy\" decoding=\"async\" class=\"size-medium wp-image-396758 alignleft\" src=\"https:\/\/www.radiopiu.net\/wordpress\/wp-content\/uploads\/2024\/06\/SindacoBelluno_OscarDePellegrin-300x200.jpg\" alt=\"\" width=\"300\" height=\"200\" \/><\/a>Signore e signori, autorit\u00e0 religiose, civili e militari, associazioni combattentistiche, cittadine e cittadini, oggi, in questa piazza, celebriamo una data che non \u00e8 solo una ricorrenza storica, ma un fondamento vivo della nostra identit\u00e0 nazionale: il 25 aprile. Quest\u2019anno, la celebrazione assume un valore ancora pi\u00f9 profondo: ricorrono infatti gli 80 anni dalla Liberazione dell\u2019Italia dal nazifascismo. Un anniversario importante, che ci invita a riscoprire con ancora maggiore consapevolezza il significato di quella vittoria. Non celebriamo solo una data, ma la forza di un popolo che seppe rialzarsi dopo gli anni bui della dittatura e della guerra, che seppe scegliere da che parte stare e costruire una democrazia vera. Ecco perch\u00e9 oggi siamo qui, non solo per ricordare, ma per rinnovare un impegno collettivo: quello alla libert\u00e0, alla democrazia e alla responsabilit\u00e0 civile. La Resistenza non fu un episodio marginale. Fu un moto profondo, un movimento che seppe unire l\u2019intero popolo italiano in uno slancio collettivo. In quell\u2019occasione uomini e donne di ogni classe sociale e provenienza dimostrarono che si pu\u00f2 mettere da parte le differenze per un obiettivo pi\u00f9 grande: la libert\u00e0. Ed \u00e8 forse questa la lezione pi\u00f9 potente che il 25 aprile ci consegna e sulla quale oggi, qui con voi, vorrei concentrare la mia breve riflessione: la Resistenza ci ha insegnato che si pu\u00f2 \u2014 e si deve \u2014 essere diversi, ma uniti. Che una comunit\u00e0 cresce quando accetta e custodisce le sue pluralit\u00e0,\u00a0 orientandole verso un bene comune. In un mondo che cambia e che sembra non avere pi\u00f9 punti fissi, dobbiamo avere chiari e fermi i pilastri che ci uniscono e che per noi sono importanti come comunit\u00e0. E su questi, trovarci, riconoscerci, unirci al di l\u00e0 delle nostre differenze. Perch\u00e9 l\u2019ideologia non pu\u00f2 e non deve mai diventare pi\u00f9 importante della difesa, insieme, dei nostri valori fondanti, scritti con coraggio e visione nella nostra Costituzione, figlia di quell\u2019anelito fortissimo di libert\u00e0. Al di l\u00e0 delle nostre diversit\u00e0 dobbiamo cercare di trovarci uniti proprio l\u00ec perch\u00e9 essa \u00e8 molto pi\u00f9 di un documento che stabilisce le regole del buon vivere,\u00a0 \u00e8 l\u2019esempio pi\u00f9 alto di questo patto: un patto che ha scelto di fondare la Repubblica sul lavoro, sulla libert\u00e0, sulla dignit\u00e0 umana, sulla giustizia sociale. E che ancora oggi ci affida un compito: quello di vigilare. Cosa significa allora, oggi, essere antifascisti? Significa considerare come non negoziabili valori quali la libert\u00e0, la democrazia, la giustizia e la dignit\u00e0 di ogni persona.\u00a0 Opporsi a ogni forma di dittatura, a ogni rigurgito autoritario, a ogni tentativo di negare la memoria e il valore della nostra storia repubblicana. Significa difendere la possibilit\u00e0 stessa di convivere nelle differenze, di vivere in un Paese aperto, libero, rispettoso dei diritti umani.\u00a0 In un tempo in cui le differenze rischiano di diventare fratture, in cui il confronto cede il passo allo scontro, \u00e8 ancora pi\u00f9 urgente ritrovare quello spirito unitario che rappresenta la forza di una comunit\u00e0 e di una nazione. Non per cancellare le diversit\u00e0, ma per renderle energia costruttiva, dialogo fertile e ricchezza condivisa. Oggi, come allora, dobbiamo dunque saperci unire. Di fronte alle sfide che la storia ci pone \u2013 siano esse sociali, ambientali, economiche o culturali \u2013 \u00e8 nostro dovere ricordare che apparteniamo tutti a quel 25 aprile. Che siamo figli di quella scelta di libert\u00e0 e giustizia, e che solo riconoscendoci parte di quella eredit\u00e0 possiamo costruire un Paese dove sia pi\u00f9 bello vivere, per tutte e per tutti Non \u00e8 retorica, la mia. Libert\u00e0 e pace, due fondamenti del nostro vivere civile, non sono mai un traguardo raggiunto una volta per tutte e ce lo ricordano ogni giorno le immagini e le notizie che arrivano dai conflitti russo-ucraino e israelo-palestinese, cos\u00ec vicini a noi e cos\u00ec spaventosi nel porci davanti alla fragilit\u00e0 del vivere e della convivenza tra i popoli. La pace \u00e8 difficile, la convivenza civile \u00e8 impegnativa e la libert\u00e0 \u00e8 fragile. Solo ricordandoci ogni giorno questo e solo desiderando fortemente questi valori, possiamo lavorare a favore di essi e vigilare da sentinelle del nostro Paese e della sua preziosa Costituzione. E qui, proprio parlando di valori universali e fondamentali, voglio ricordare il nostro papa Francesco che con la sua parola e il suo esempio non ha mai smesso di parlarci di pace, di lavorare per la pace e di stimolarci a mettere ciascuno il nostro mattoncino per costruire un mondo migliore. Il pontefice parlava di cultura dell\u2019abbraccio e con quest\u2019espressione intendeva quell\u2019atteggiamento di accoglienza, di conciliazione e di giustizia come unico strumento per costruire legami civili, giusti e buoni. E\u2019 con questo augurio, oggi, che voglio salutarvi: l\u2019auspicio di restare vigili, sentinelle pacifiche e mai silenti, operatori di pace e di libert\u00e0.<\/p>\n<p>&nbsp;<\/p>\n<blockquote>\n<h3><\/h3>\n<\/blockquote>\n<p>&nbsp;<\/p>\n<p>&nbsp;<\/p>\n<p>&nbsp;<\/p>\n<p>********<\/p>\n","protected":false},"excerpt":{"rendered":"<p>****** &nbsp; VOLTAGO FOTO E VIDEO, grazie a\u00a0 DUILIO DA CAMPO IL SINDACO GIUSEPPE SCHENA &#8220;Le generazioni vanno avanti ma Voltago nonostante il passare degli anni \u00e8 sempre vicino nel ricordo di quei tragici fatti avvenuti qui. Noi giovani siamo cresciuti nella bambagia grazie a chi ha combattuto, mio nonno compreso&#8221; &nbsp; &nbsp; 25 APRILE&hellip;<\/p>\n","protected":false},"author":4,"featured_media":446664,"comment_status":"closed","ping_status":"closed","sticky":false,"template":"","format":"standard","meta":{"_monsterinsights_skip_tracking":false,"_monsterinsights_sitenote_active":false,"_monsterinsights_sitenote_note":"","_monsterinsights_sitenote_category":0,"footnotes":""},"categories":[104,49],"tags":[],"class_list":["post-446663","post","type-post","status-publish","format-standard","has-post-thumbnail","hentry","category-evidenza_3","category-news-18","category-104","category-49","description-off"],"img_url":"https:\/\/www.radiopiu.net\/wordpress\/wp-content\/uploads\/2025\/04\/172bf9b2-f103-4233-aaae-18fa8040a6e3.jpg","_links":{"self":[{"href":"https:\/\/www.radiopiu.net\/wordpress\/wp-json\/wp\/v2\/posts\/446663","targetHints":{"allow":["GET"]}}],"collection":[{"href":"https:\/\/www.radiopiu.net\/wordpress\/wp-json\/wp\/v2\/posts"}],"about":[{"href":"https:\/\/www.radiopiu.net\/wordpress\/wp-json\/wp\/v2\/types\/post"}],"author":[{"embeddable":true,"href":"https:\/\/www.radiopiu.net\/wordpress\/wp-json\/wp\/v2\/users\/4"}],"replies":[{"embeddable":true,"href":"https:\/\/www.radiopiu.net\/wordpress\/wp-json\/wp\/v2\/comments?post=446663"}],"version-history":[{"count":7,"href":"https:\/\/www.radiopiu.net\/wordpress\/wp-json\/wp\/v2\/posts\/446663\/revisions"}],"predecessor-version":[{"id":446702,"href":"https:\/\/www.radiopiu.net\/wordpress\/wp-json\/wp\/v2\/posts\/446663\/revisions\/446702"}],"wp:featuredmedia":[{"embeddable":true,"href":"https:\/\/www.radiopiu.net\/wordpress\/wp-json\/wp\/v2\/media\/446664"}],"wp:attachment":[{"href":"https:\/\/www.radiopiu.net\/wordpress\/wp-json\/wp\/v2\/media?parent=446663"}],"wp:term":[{"taxonomy":"category","embeddable":true,"href":"https:\/\/www.radiopiu.net\/wordpress\/wp-json\/wp\/v2\/categories?post=446663"},{"taxonomy":"post_tag","embeddable":true,"href":"https:\/\/www.radiopiu.net\/wordpress\/wp-json\/wp\/v2\/tags?post=446663"}],"curies":[{"name":"wp","href":"https:\/\/api.w.org\/{rel}","templated":true}]}}