{"id":446745,"date":"2025-04-26T05:41:06","date_gmt":"2025-04-26T03:41:06","guid":{"rendered":"https:\/\/www.radiopiu.net\/wordpress\/?p=446745"},"modified":"2025-04-26T05:45:11","modified_gmt":"2025-04-26T03:45:11","slug":"un-25-aprile-impegnativo-per-il-suem-118","status":"publish","type":"post","link":"https:\/\/www.radiopiu.net\/wordpress\/un-25-aprile-impegnativo-per-il-suem-118\/","title":{"rendered":"UN 25 APRILE IMPEGNATIVO PER IL SUEM 118"},"content":{"rendered":"<p>******<\/p>\n<p>&nbsp;<\/p>\n<p><strong><a class=\"dt-pswp-item\" href=\"https:\/\/www.radiopiu.net\/wordpress\/wp-content\/uploads\/2023\/08\/ambulanza-ulss-1.jpg\" data-dt-img-description=\"\" data-large_image_width=\"1591\" data-large_image_height=\"1029\"><img loading=\"lazy\" decoding=\"async\" class=\" wp-image-348787 alignleft\" src=\"https:\/\/www.radiopiu.net\/wordpress\/wp-content\/uploads\/2023\/08\/ambulanza-ulss-1-300x194.jpg\" alt=\"\" width=\"167\" height=\"108\" srcset=\"https:\/\/www.radiopiu.net\/wordpress\/wp-content\/uploads\/2023\/08\/ambulanza-ulss-1-300x194.jpg 300w, https:\/\/www.radiopiu.net\/wordpress\/wp-content\/uploads\/2023\/08\/ambulanza-ulss-1-1024x662.jpg 1024w, https:\/\/www.radiopiu.net\/wordpress\/wp-content\/uploads\/2023\/08\/ambulanza-ulss-1-768x497.jpg 768w, https:\/\/www.radiopiu.net\/wordpress\/wp-content\/uploads\/2023\/08\/ambulanza-ulss-1-1536x993.jpg 1536w, https:\/\/www.radiopiu.net\/wordpress\/wp-content\/uploads\/2023\/08\/ambulanza-ulss-1.jpg 1591w\" sizes=\"auto, (max-width: 167px) 100vw, 167px\" \/><\/a>REDAZIONE<\/strong> Una giornata intensa per il Suem 118 impegnato su pi\u00f9 fronti in provincia di Belluno. Il primo episodio significativo si \u00e8 verificato alle 14:21 nel comune di Belluno, dove una donna di 36 anni, residente in zona, \u00e8 rimasta coinvolta in un incidente stradale. La paziente, con ferite lievi, \u00e8 stata trasportata d&#8217;urgenza al Pronto Soccorso di Belluno con un&#8217;ambulanza. Alle 15:56, un minorenne \u00e8 rimasto ferito in un incidente motociclistico autonomo a Sedico. Anche in questo caso \u00e8 stato richiesto l\u2019intervento dell\u2019ambulanza, che ha trasportato il giovane al Pronto Soccorso di Belluno con ferite di media gravit\u00e0. Infine, alle 17:05, a Valle di Cadore, si \u00e8 verificato uno scontro tra due auto. Un uomo di 52 anni, del luogo, ha riportato ferite di media entit\u00e0 ed \u00e8 stato trasportato al Pronto Soccorso di Pieve di Cadore tramite ambulanza.<\/p>\n<p>&nbsp;<\/p>\n<p>&nbsp;<\/p>\n<p>&nbsp;<\/p>\n<p>********<\/p>\n","protected":false},"excerpt":{"rendered":"<p>****** &nbsp; REDAZIONE Una giornata intensa per il Suem 118 impegnato su pi\u00f9 fronti in provincia di Belluno. Il primo episodio significativo si \u00e8 verificato alle 14:21 nel comune di Belluno, dove una donna di 36 anni, residente in zona, \u00e8 rimasta coinvolta in un incidente stradale. La paziente, con ferite lievi, \u00e8 stata trasportata&hellip;<\/p>\n","protected":false},"author":4,"featured_media":348787,"comment_status":"closed","ping_status":"closed","sticky":false,"template":"","format":"standard","meta":{"_monsterinsights_skip_tracking":false,"_monsterinsights_sitenote_active":false,"_monsterinsights_sitenote_note":"","_monsterinsights_sitenote_category":0,"footnotes":""},"categories":[51,49],"tags":[],"class_list":["post-446745","post","type-post","status-publish","format-standard","has-post-thumbnail","hentry","category-evidenza-top","category-news-18","category-51","category-49","description-off"],"img_url":"https:\/\/www.radiopiu.net\/wordpress\/wp-content\/uploads\/2023\/08\/ambulanza-ulss-1.jpg","_links":{"self":[{"href":"https:\/\/www.radiopiu.net\/wordpress\/wp-json\/wp\/v2\/posts\/446745","targetHints":{"allow":["GET"]}}],"collection":[{"href":"https:\/\/www.radiopiu.net\/wordpress\/wp-json\/wp\/v2\/posts"}],"about":[{"href":"https:\/\/www.radiopiu.net\/wordpress\/wp-json\/wp\/v2\/types\/post"}],"author":[{"embeddable":true,"href":"https:\/\/www.radiopiu.net\/wordpress\/wp-json\/wp\/v2\/users\/4"}],"replies":[{"embeddable":true,"href":"https:\/\/www.radiopiu.net\/wordpress\/wp-json\/wp\/v2\/comments?post=446745"}],"version-history":[{"count":3,"href":"https:\/\/www.radiopiu.net\/wordpress\/wp-json\/wp\/v2\/posts\/446745\/revisions"}],"predecessor-version":[{"id":446748,"href":"https:\/\/www.radiopiu.net\/wordpress\/wp-json\/wp\/v2\/posts\/446745\/revisions\/446748"}],"wp:featuredmedia":[{"embeddable":true,"href":"https:\/\/www.radiopiu.net\/wordpress\/wp-json\/wp\/v2\/media\/348787"}],"wp:attachment":[{"href":"https:\/\/www.radiopiu.net\/wordpress\/wp-json\/wp\/v2\/media?parent=446745"}],"wp:term":[{"taxonomy":"category","embeddable":true,"href":"https:\/\/www.radiopiu.net\/wordpress\/wp-json\/wp\/v2\/categories?post=446745"},{"taxonomy":"post_tag","embeddable":true,"href":"https:\/\/www.radiopiu.net\/wordpress\/wp-json\/wp\/v2\/tags?post=446745"}],"curies":[{"name":"wp","href":"https:\/\/api.w.org\/{rel}","templated":true}]}}