{"id":446757,"date":"2025-04-26T04:55:28","date_gmt":"2025-04-26T02:55:28","guid":{"rendered":"https:\/\/www.radiopiu.net\/wordpress\/?p=446757"},"modified":"2025-04-26T05:48:24","modified_gmt":"2025-04-26T03:48:24","slug":"corsa-dei-caret-spettacolo-fantasia-e-comunita-a-castion","status":"publish","type":"post","link":"https:\/\/www.radiopiu.net\/wordpress\/corsa-dei-caret-spettacolo-fantasia-e-comunita-a-castion\/","title":{"rendered":"CORSA DEI CARET: SPETTACOLO, FANTASIA E COMUNIT\u00c0 A CASTION"},"content":{"rendered":"<p>**<\/p>\n<p>BELLUNO<\/p>\n<p class=\"\" data-start=\"64\" data-end=\"406\"><img loading=\"lazy\" decoding=\"async\" class=\"alignleft\" src=\"https:\/\/www.radiopiu.net\/wordpress\/wp-content\/uploads\/2025\/04\/2222.jpg\" width=\"261\" height=\"168\" \/>Quindici equipaggi, 25 concorrenti e una folla festosa: la quinta edizione della Corsa dei Caret a Castion \u00e8 stata un successo. La manifestazione, organizzata dalla Pro Loco Pieve Castionese, ha coniugato goliardia e spirito comunitario, ricordando con un minuto di silenzio Papa Francesco e celebrando l\u201980\u00b0 anniversario della Liberazione.<\/p>\n<p class=\"\" data-start=\"408\" data-end=\"670\">In un clima di allegria e creativit\u00e0, la gara si \u00e8 snodata lungo un tracciato di 200 metri con ostacoli e rampe. Tra i momenti pi\u00f9 sentiti, l\u2019inno nazionale eseguito dal tenore Domenico Menini e l\u2019emozionante partenza guidata dal figlio Rafael, sei anni e mezzo.<\/p>\n<p class=\"\" data-start=\"0\" data-end=\"86\"><strong data-start=\"0\" data-end=\"86\">I VINCITORI DELLA CORSA DEI CARET: CREATIVIT\u00c0 E DIVERTIMENTO PREMIATI DAL PUBBLICO<\/strong><\/p>\n<p class=\"\" data-start=\"88\" data-end=\"366\">Due \u201cboce\u201d in gara: primo Matteo Masoch con <em data-start=\"132\" data-end=\"143\">MM Bolide<\/em>, secondo Elia Dall\u2019\u00d2 con <em data-start=\"169\" data-end=\"192\">Finch\u00e9 la barca va&#8230;<\/em>. Nella categoria \u201cPro Uniol\u201d, tra i maggiorenni singoli, vince <em data-start=\"256\" data-end=\"268\">Al Motopic<\/em> di Elvi Tamburlin, seguito da <em data-start=\"299\" data-end=\"309\">Ape Maia<\/em> di Anna Forner e <em data-start=\"327\" data-end=\"347\">Nuova quasi speedy<\/em> di Andrea Bianchi.<\/p>\n<p class=\"\" data-start=\"88\" data-end=\"366\">Tra le \u201cscuderie\u201d della categoria \u201cPro de p\u00ec\u201d, con equipaggi da due a quattro membri, trionfa <em data-start=\"462\" data-end=\"472\">Doppia F<\/em> (Fabio Tison e Franco De Col); sul podio anche i \u201cPompieri\u201d e il \u201c118\u201d, entrambi da Portogruaro. Il premio del pubblico va ai <em data-start=\"599\" data-end=\"611\">Gal in Air \u00a0(Mattia Dall&#8217;\u00d2, Giacomo Canal, Davide Dai Pra)<\/em>.<\/p>\n<p data-start=\"368\" data-end=\"734\">\n<hr \/>\n<p data-start=\"672\" data-end=\"974\">\n","protected":false},"excerpt":{"rendered":"<p>** BELLUNO Quindici equipaggi, 25 concorrenti e una folla festosa: la quinta edizione della Corsa dei Caret a Castion \u00e8 stata un successo. La manifestazione, organizzata dalla Pro Loco Pieve Castionese, ha coniugato goliardia e spirito comunitario, ricordando con un minuto di silenzio Papa Francesco e celebrando l\u201980\u00b0 anniversario della Liberazione. In un clima di&hellip;<\/p>\n","protected":false},"author":4,"featured_media":446755,"comment_status":"closed","ping_status":"closed","sticky":false,"template":"","format":"standard","meta":{"_monsterinsights_skip_tracking":false,"_monsterinsights_sitenote_active":false,"_monsterinsights_sitenote_note":"","_monsterinsights_sitenote_category":0,"footnotes":""},"categories":[51,49],"tags":[],"class_list":["post-446757","post","type-post","status-publish","format-standard","has-post-thumbnail","hentry","category-evidenza-top","category-news-18","category-51","category-49","description-off"],"img_url":"https:\/\/www.radiopiu.net\/wordpress\/wp-content\/uploads\/2025\/04\/2222.jpg","_links":{"self":[{"href":"https:\/\/www.radiopiu.net\/wordpress\/wp-json\/wp\/v2\/posts\/446757","targetHints":{"allow":["GET"]}}],"collection":[{"href":"https:\/\/www.radiopiu.net\/wordpress\/wp-json\/wp\/v2\/posts"}],"about":[{"href":"https:\/\/www.radiopiu.net\/wordpress\/wp-json\/wp\/v2\/types\/post"}],"author":[{"embeddable":true,"href":"https:\/\/www.radiopiu.net\/wordpress\/wp-json\/wp\/v2\/users\/4"}],"replies":[{"embeddable":true,"href":"https:\/\/www.radiopiu.net\/wordpress\/wp-json\/wp\/v2\/comments?post=446757"}],"version-history":[{"count":1,"href":"https:\/\/www.radiopiu.net\/wordpress\/wp-json\/wp\/v2\/posts\/446757\/revisions"}],"predecessor-version":[{"id":446758,"href":"https:\/\/www.radiopiu.net\/wordpress\/wp-json\/wp\/v2\/posts\/446757\/revisions\/446758"}],"wp:featuredmedia":[{"embeddable":true,"href":"https:\/\/www.radiopiu.net\/wordpress\/wp-json\/wp\/v2\/media\/446755"}],"wp:attachment":[{"href":"https:\/\/www.radiopiu.net\/wordpress\/wp-json\/wp\/v2\/media?parent=446757"}],"wp:term":[{"taxonomy":"category","embeddable":true,"href":"https:\/\/www.radiopiu.net\/wordpress\/wp-json\/wp\/v2\/categories?post=446757"},{"taxonomy":"post_tag","embeddable":true,"href":"https:\/\/www.radiopiu.net\/wordpress\/wp-json\/wp\/v2\/tags?post=446757"}],"curies":[{"name":"wp","href":"https:\/\/api.w.org\/{rel}","templated":true}]}}