{"id":446831,"date":"2025-04-26T10:28:36","date_gmt":"2025-04-26T08:28:36","guid":{"rendered":"https:\/\/www.radiopiu.net\/wordpress\/?p=446831"},"modified":"2025-04-26T10:28:36","modified_gmt":"2025-04-26T08:28:36","slug":"lavori-di-ampliamento-e-ristrutturazione-allecocentro-di-rocca-pietore-alleghe","status":"publish","type":"post","link":"https:\/\/www.radiopiu.net\/wordpress\/lavori-di-ampliamento-e-ristrutturazione-allecocentro-di-rocca-pietore-alleghe\/","title":{"rendered":"LAVORI DI AMPLIAMENTO E RISTRUTTURAZIONE ALL&#8217;ECOCENTRO DI ROCCA PIETORE-ALLEGHE"},"content":{"rendered":"<p>*****<\/p>\n<p>&nbsp;<\/p>\n<p><strong><a class=\"dt-pswp-item\" href=\"https:\/\/www.radiopiu.net\/wordpress\/wp-content\/uploads\/2020\/10\/Ecocentro.jpg\" data-dt-img-description=\"\" data-large_image_width=\"1301\" data-large_image_height=\"770\"><img loading=\"lazy\" decoding=\"async\" class=\" wp-image-166378 alignleft\" src=\"https:\/\/www.radiopiu.net\/wordpress\/wp-content\/uploads\/2020\/10\/Ecocentro-300x178.jpg\" alt=\"\" width=\"214\" height=\"127\" srcset=\"https:\/\/www.radiopiu.net\/wordpress\/wp-content\/uploads\/2020\/10\/Ecocentro-300x178.jpg 300w, https:\/\/www.radiopiu.net\/wordpress\/wp-content\/uploads\/2020\/10\/Ecocentro-1024x606.jpg 1024w, https:\/\/www.radiopiu.net\/wordpress\/wp-content\/uploads\/2020\/10\/Ecocentro-768x455.jpg 768w, https:\/\/www.radiopiu.net\/wordpress\/wp-content\/uploads\/2020\/10\/Ecocentro.jpg 1301w\" sizes=\"auto, (max-width: 214px) 100vw, 214px\" \/><\/a>AGORDO <\/strong>Dal 5 maggio l&#8217;Ecocentro di Rocca Pietore-Alleghe (Loc. Le Pale) chiuder\u00e0 temporaneamente al pubblico per consentire l\u2019esecuzione di lavori di ampliamento e ammodernamento; l\u2019intervento, finanziato dal Fondo Comuni Confinanti, verr\u00e0 concluso in circa 2 mesi e consentir\u00e0 di restituire al territorio una struttura totalmente rinnovata. Durante il periodo di chiusura, i cittadini potranno continuare a conferire i propri rifiuti grazie al potenziamento degli Ecocentri limitrofi di San Tomaso Agordino e Cencenighe Agordino. Dal 5 maggio fino al termine dei lavori, infatti, queste strutture amplieranno le aperture al pubblico: la struttura di Cencenighe Agordino aprir\u00e0 anche la mattina del marted\u00ec dalle 9.00 alle 12.00 e il pomeriggio del gioved\u00ec dalle 16:00 alle 19:00, mentre l\u2019Ecocentro di San Tomaso Agordino, all\u2019attuale apertura del sabato pomeriggio, aggiunger\u00e0 3 ulteriori turni di accesso, il marted\u00ec pomeriggio, dalle 16:00 alle 19:00 e le mattine di gioved\u00ec e sabato dalle 9:00 alle 12:00. Il potenziamento delle aperture di questi Ecocentri \u00e8 stato attentamente studiato per limitare i disagi durante i lavori che, una volta conclusi, restituiranno alla cittadinanza una struttura pi\u00f9 moderna e funzionale, in grado di offrire un servizio adeguato alle necessit\u00e0 del territorio. Gli interventi che partiranno nelle prossime settimane giungono dopo una prima fase di lavori realizzati nei mesi scorsi mantenendo invariata l\u2019operativit\u00e0 della struttura, proprio con l\u2019obiettivo di arrecare il minor disagio possibile ai cittadini; durante questo iniziale step progettuale, a valle dell&#8217;Ecocentro esistente, \u00e8 stata creata una nuova area in ampliamento di ca. 1200 mq dedicata alla gestione e movimentazione dei cassoni dei rifiuti, con la posa di nuovi disoleatori e la realizzazione di muri di contenimento, platee per il deposito dei cassoni, linee di raccolta delle acque e della recinzione perimetrale. La chiusura dell\u2019Ecocentro \u00e8 stata dunque riservata alla sola fase finale dei lavori che prender\u00e0 ora avvio. Grazie alla sistemazione della struttura esistente e al suo raccordo con la nuova area creata nei mesi scorsi, si proceder\u00e0 ad un ampliamento significativo dell\u2019Ecocentro, alla costruzione di una rampa\u00a0che permetter\u00e0 un pi\u00f9 agevole conferimento dei rifiuti nei cassoni e alla creazione di apposite aree coperte destinate alla raccolta dei rifiuti pericolosi. Il tutto \u00e8 stato studiato con particolare attenzione alla tutela ambientale e della sicurezza di chi accede all\u2019Ecocentro. Il sindaco di Alleghe Danilo De Toni ha dichiarato: \u201cL\u2019intervento sull\u2019Ecocentro di Rocca Pietore ed Alleghe rientra in un progetto pi\u00f9 ampio di adeguamento e potenziamento che interessa diversi impianti nell\u2019agordino. Alcuni sono gi\u00e0 stati completati, altri sono in fase di ultimazione. Le opere che verranno realizzate a cura di Valpe Ambiente renderanno l\u2019Ecocentro in localit\u00e0 le Pale pi\u00f9 funzionale, sia per quanto riguarda i conferimenti che l\u2019accesso. Affrontiamo quindi i disagi derivanti dalla chiusura dei prossimi due mesi nell\u2019ottica di poter disporre a breve di un migliore servizio.\u201d &#8220;Sottolineo l\u2019importanza di avere un Ecocentro funzionale e moderno, adatto alle esigenze della popolazione. &#8211; ha aggiunto il Sindaco di Rocca Pietore Valerio Davare &#8211; Ringrazio tutti coloro che hanno reso possibile questo progetto, in particolare Valpe Ambiente, che anche in questa occasione ha dimostrato grande efficienza. Portare a termine questa struttura risulta fondamentale per garantire un servizio ottimale a residenti e turisti, ma anche per garantire la tutela dell&#8217;ambiente e una gestione sostenibile dei rifiuti nell\u2019alto agordino&#8221;. Si ricorda che le utenze possono accedere a qualsiasi Ecocentro del territorio dell\u2019Unione Montana Agordina, verificando sedi e orari di apertura <u><a id=\"OWA129a6f7a-d3f9-349a-1dc6-958034c412fa\" class=\"OWAAutoLink\" href=\"https:\/\/valpeambiente.it\/p\/gestione-rifiuti\/ecocentro\">cliccando qui<\/a><\/u>.<\/p>\n<p><strong>LA NUOVA PLANIMETRIA DELL&#8217;ECOCENTRO<\/strong><\/p>\n<a href=\"https:\/\/www.radiopiu.net\/wordpress\/wp-content\/uploads\/2025\/04\/Planimetria_progetto_ecocentro_RoccaPietore_Alleghe.pdf\" class=\"pdfemb-viewer\" style=\"\" data-width=\"max\" data-height=\"max\" data-toolbar=\"top\" data-toolbar-fixed=\"on\">Planimetria_progetto_ecocentro_RoccaPietore_Alleghe<\/a>\n<p>&nbsp;<\/p>\n<p>&nbsp;<\/p>\n<p>**********<\/p>\n","protected":false},"excerpt":{"rendered":"<p>***** &nbsp; AGORDO Dal 5 maggio l&#8217;Ecocentro di Rocca Pietore-Alleghe (Loc. Le Pale) chiuder\u00e0 temporaneamente al pubblico per consentire l\u2019esecuzione di lavori di ampliamento e ammodernamento; l\u2019intervento, finanziato dal Fondo Comuni Confinanti, verr\u00e0 concluso in circa 2 mesi e consentir\u00e0 di restituire al territorio una struttura totalmente rinnovata. Durante il periodo di chiusura, i cittadini&hellip;<\/p>\n","protected":false},"author":4,"featured_media":166378,"comment_status":"closed","ping_status":"closed","sticky":false,"template":"","format":"standard","meta":{"_monsterinsights_skip_tracking":false,"_monsterinsights_sitenote_active":false,"_monsterinsights_sitenote_note":"","_monsterinsights_sitenote_category":0,"footnotes":""},"categories":[49],"tags":[],"class_list":["post-446831","post","type-post","status-publish","format-standard","has-post-thumbnail","hentry","category-news-18","category-49","description-off"],"img_url":"https:\/\/www.radiopiu.net\/wordpress\/wp-content\/uploads\/2020\/10\/Ecocentro.jpg","_links":{"self":[{"href":"https:\/\/www.radiopiu.net\/wordpress\/wp-json\/wp\/v2\/posts\/446831","targetHints":{"allow":["GET"]}}],"collection":[{"href":"https:\/\/www.radiopiu.net\/wordpress\/wp-json\/wp\/v2\/posts"}],"about":[{"href":"https:\/\/www.radiopiu.net\/wordpress\/wp-json\/wp\/v2\/types\/post"}],"author":[{"embeddable":true,"href":"https:\/\/www.radiopiu.net\/wordpress\/wp-json\/wp\/v2\/users\/4"}],"replies":[{"embeddable":true,"href":"https:\/\/www.radiopiu.net\/wordpress\/wp-json\/wp\/v2\/comments?post=446831"}],"version-history":[{"count":1,"href":"https:\/\/www.radiopiu.net\/wordpress\/wp-json\/wp\/v2\/posts\/446831\/revisions"}],"predecessor-version":[{"id":446833,"href":"https:\/\/www.radiopiu.net\/wordpress\/wp-json\/wp\/v2\/posts\/446831\/revisions\/446833"}],"wp:featuredmedia":[{"embeddable":true,"href":"https:\/\/www.radiopiu.net\/wordpress\/wp-json\/wp\/v2\/media\/166378"}],"wp:attachment":[{"href":"https:\/\/www.radiopiu.net\/wordpress\/wp-json\/wp\/v2\/media?parent=446831"}],"wp:term":[{"taxonomy":"category","embeddable":true,"href":"https:\/\/www.radiopiu.net\/wordpress\/wp-json\/wp\/v2\/categories?post=446831"},{"taxonomy":"post_tag","embeddable":true,"href":"https:\/\/www.radiopiu.net\/wordpress\/wp-json\/wp\/v2\/tags?post=446831"}],"curies":[{"name":"wp","href":"https:\/\/api.w.org\/{rel}","templated":true}]}}