{"id":446886,"date":"2025-04-26T16:30:36","date_gmt":"2025-04-26T14:30:36","guid":{"rendered":"https:\/\/www.radiopiu.net\/wordpress\/?p=446886"},"modified":"2025-04-28T05:36:04","modified_gmt":"2025-04-28T03:36:04","slug":"la-giornata-ecologica-a-falcade","status":"publish","type":"post","link":"https:\/\/www.radiopiu.net\/wordpress\/la-giornata-ecologica-a-falcade\/","title":{"rendered":"LA GIORNATA ECOLOGICA A FALCADE"},"content":{"rendered":"<p>*******<\/p>\n<p>&nbsp;<\/p>\n<p><strong>DI MARINA DONA&#8217;<\/strong><\/p>\n<p><strong>FALCADE <\/strong>Eccoci alla fine della terza edizione della Giornata Ecologica nel Comune di Falcade. Circa 50 persone hanno partecipato a questa importante manifestazione, che oltre a mantenere pulito il territorio, rinsalda i rapporti umani, ne crea di nuovi e fa crescere nei bambini\/ ragazzi ma anche negli adulti, un sano senso civico. Una quindicina di quintali raccolti di immondizia varia con, nei limiti del possibile, un&#8217; po&#8217; di differenziata. Una quantit\u00e0 minore rispetto agli anni scorsi, segnale forse di una pi\u00f9 marcata attenzione all&#8217; ambiente e questo non pu\u00f2 che fare piacere. La Pro Loco Caviola, il Comune di Falcade e lo Sci Club Val Biois ringraziano tutti coloro che hanno partecipato,tanti bambini, sia come cittadini che come iscritti alle varie associazioni invitate all&#8217; evento. Sono anche intervenuti qualche turista, residenti di Canale e Vallada e hanno voluto dare una mano i due migranti ospitati dal Comune. Foto di gruppo prima di mangiare un piatto di pasta offerto dal Comune davanti alla Pizzeria Livia di Caviola che ci ha gentilmente ospitato.<\/p>\n<audio class=\"wp-audio-shortcode\" id=\"audio-446886-1\" preload=\"none\" style=\"width: 100%;\" controls=\"controls\"><source type=\"audio\/mpeg\" src=\"https:\/\/www.radiopiu.net\/wordpress\/wp-content\/uploads\/2025\/04\/GIORNATA-ECOLOGICA-NEL-COMUNE-DI-FALCADE.mp3?_=1\" \/><a href=\"https:\/\/www.radiopiu.net\/wordpress\/wp-content\/uploads\/2025\/04\/GIORNATA-ECOLOGICA-NEL-COMUNE-DI-FALCADE.mp3\">https:\/\/www.radiopiu.net\/wordpress\/wp-content\/uploads\/2025\/04\/GIORNATA-ECOLOGICA-NEL-COMUNE-DI-FALCADE.mp3<\/a><\/audio>\n<p>&nbsp;<\/p>\n\n\t\t\t<style type='text\/css'>\n\t\t\t\t#gallery-1 {\n\t\t\t\t\tmargin: auto;\n\t\t\t\t}\n\t\t\t\t#gallery-1 .gallery-item {\n\t\t\t\t\tfloat: left;\n\t\t\t\t\tmargin-top: 10px;\n\t\t\t\t\ttext-align: center;\n\t\t\t\t\twidth: 25%;\n\t\t\t\t}\n\t\t\t\t#gallery-1 img {\n\t\t\t\t\tborder: 2px solid #cfcfcf;\n\t\t\t\t}\n\t\t\t\t#gallery-1 .gallery-caption {\n\t\t\t\t\tmargin-left: 0;\n\t\t\t\t}\n\t\t\t\t\/* see gallery_shortcode() in wp-includes\/media.php *\/\n\t\t\t<\/style>\n\t\t<div id='gallery-1' class='dt-gallery-container gallery galleryid-446886 gallery-columns-4 gallery-size-thumbnail'><dl class='gallery-item'>\n\t\t\t\t<dt class='gallery-icon landscape'>\n\t\t\t\t\t<a class=\"rollover rollover-zoom dt-pswp-item\" title=\"88fb5a81-34f6-4d9f-a1ad-1ec15f47c99a\" data-dt-img-description=\"\" data-large_image_width=\"2048\" data-large_image_height=\"1532\"href='https:\/\/www.radiopiu.net\/wordpress\/wp-content\/uploads\/2025\/04\/88fb5a81-34f6-4d9f-a1ad-1ec15f47c99a.jpg'><img loading=\"lazy\" decoding=\"async\" width=\"150\" height=\"150\" src=\"https:\/\/www.radiopiu.net\/wordpress\/wp-content\/uploads\/2025\/04\/88fb5a81-34f6-4d9f-a1ad-1ec15f47c99a-150x150.jpg\" class=\"attachment-thumbnail size-thumbnail\" alt=\"\" \/><\/a>\n\t\t\t\t<\/dt><\/dl><dl class='gallery-item'>\n\t\t\t\t<dt class='gallery-icon portrait'>\n\t\t\t\t\t<a class=\"rollover rollover-zoom dt-pswp-item\" title=\"b2080076-df3d-4861-8ac4-4fd08ff4f639\" data-dt-img-description=\"\" data-large_image_width=\"1200\" data-large_image_height=\"1600\"href='https:\/\/www.radiopiu.net\/wordpress\/wp-content\/uploads\/2025\/04\/b2080076-df3d-4861-8ac4-4fd08ff4f639.jpg'><img loading=\"lazy\" decoding=\"async\" width=\"150\" height=\"150\" src=\"https:\/\/www.radiopiu.net\/wordpress\/wp-content\/uploads\/2025\/04\/b2080076-df3d-4861-8ac4-4fd08ff4f639-150x150.jpg\" class=\"attachment-thumbnail size-thumbnail\" alt=\"\" \/><\/a>\n\t\t\t\t<\/dt><\/dl><dl class='gallery-item'>\n\t\t\t\t<dt class='gallery-icon portrait'>\n\t\t\t\t\t<a class=\"rollover rollover-zoom dt-pswp-item\" title=\"2dc462ff-bdf9-4527-a91e-fa302f2d5491\" data-dt-img-description=\"\" data-large_image_width=\"1532\" data-large_image_height=\"2048\"href='https:\/\/www.radiopiu.net\/wordpress\/wp-content\/uploads\/2025\/04\/2dc462ff-bdf9-4527-a91e-fa302f2d5491.jpg'><img loading=\"lazy\" decoding=\"async\" width=\"150\" height=\"150\" src=\"https:\/\/www.radiopiu.net\/wordpress\/wp-content\/uploads\/2025\/04\/2dc462ff-bdf9-4527-a91e-fa302f2d5491-150x150.jpg\" class=\"attachment-thumbnail size-thumbnail\" alt=\"\" \/><\/a>\n\t\t\t\t<\/dt><\/dl><dl class='gallery-item'>\n\t\t\t\t<dt class='gallery-icon landscape'>\n\t\t\t\t\t<a class=\"rollover rollover-zoom dt-pswp-item\" title=\"Screenshot\" data-dt-img-description=\"\" data-large_image_width=\"1400\" data-large_image_height=\"990\"href='https:\/\/www.radiopiu.net\/wordpress\/wp-content\/uploads\/2025\/04\/SCR-20250426-onho.jpeg'><img loading=\"lazy\" decoding=\"async\" width=\"150\" height=\"150\" src=\"https:\/\/www.radiopiu.net\/wordpress\/wp-content\/uploads\/2025\/04\/SCR-20250426-onho-150x150.jpeg\" class=\"attachment-thumbnail size-thumbnail\" alt=\"\" \/><\/a>\n\t\t\t\t<\/dt><\/dl><br style=\"clear: both\" \/>\n\t\t\t<\/div>\n\n<p>&nbsp;<\/p>\n<p>&nbsp;<\/p>\n<p>&nbsp;<\/p>\n<p>********<\/p>\n","protected":false},"excerpt":{"rendered":"<p>******* &nbsp; DI MARINA DONA&#8217; FALCADE Eccoci alla fine della terza edizione della Giornata Ecologica nel Comune di Falcade. Circa 50 persone hanno partecipato a questa importante manifestazione, che oltre a mantenere pulito il territorio, rinsalda i rapporti umani, ne crea di nuovi e fa crescere nei bambini\/ ragazzi ma anche negli adulti, un sano&hellip;<\/p>\n","protected":false},"author":4,"featured_media":446891,"comment_status":"closed","ping_status":"closed","sticky":false,"template":"","format":"standard","meta":{"_monsterinsights_skip_tracking":false,"_monsterinsights_sitenote_active":false,"_monsterinsights_sitenote_note":"","_monsterinsights_sitenote_category":0,"footnotes":""},"categories":[51,49],"tags":[],"class_list":["post-446886","post","type-post","status-publish","format-standard","has-post-thumbnail","hentry","category-evidenza-top","category-news-18","category-51","category-49","description-off"],"img_url":"https:\/\/www.radiopiu.net\/wordpress\/wp-content\/uploads\/2025\/04\/SCR-20250426-onho.jpeg","_links":{"self":[{"href":"https:\/\/www.radiopiu.net\/wordpress\/wp-json\/wp\/v2\/posts\/446886","targetHints":{"allow":["GET"]}}],"collection":[{"href":"https:\/\/www.radiopiu.net\/wordpress\/wp-json\/wp\/v2\/posts"}],"about":[{"href":"https:\/\/www.radiopiu.net\/wordpress\/wp-json\/wp\/v2\/types\/post"}],"author":[{"embeddable":true,"href":"https:\/\/www.radiopiu.net\/wordpress\/wp-json\/wp\/v2\/users\/4"}],"replies":[{"embeddable":true,"href":"https:\/\/www.radiopiu.net\/wordpress\/wp-json\/wp\/v2\/comments?post=446886"}],"version-history":[{"count":3,"href":"https:\/\/www.radiopiu.net\/wordpress\/wp-json\/wp\/v2\/posts\/446886\/revisions"}],"predecessor-version":[{"id":446896,"href":"https:\/\/www.radiopiu.net\/wordpress\/wp-json\/wp\/v2\/posts\/446886\/revisions\/446896"}],"wp:featuredmedia":[{"embeddable":true,"href":"https:\/\/www.radiopiu.net\/wordpress\/wp-json\/wp\/v2\/media\/446891"}],"wp:attachment":[{"href":"https:\/\/www.radiopiu.net\/wordpress\/wp-json\/wp\/v2\/media?parent=446886"}],"wp:term":[{"taxonomy":"category","embeddable":true,"href":"https:\/\/www.radiopiu.net\/wordpress\/wp-json\/wp\/v2\/categories?post=446886"},{"taxonomy":"post_tag","embeddable":true,"href":"https:\/\/www.radiopiu.net\/wordpress\/wp-json\/wp\/v2\/tags?post=446886"}],"curies":[{"name":"wp","href":"https:\/\/api.w.org\/{rel}","templated":true}]}}