{"id":446931,"date":"2025-04-28T05:28:20","date_gmt":"2025-04-28T03:28:20","guid":{"rendered":"https:\/\/www.radiopiu.net\/wordpress\/?p=446931"},"modified":"2025-04-28T05:32:33","modified_gmt":"2025-04-28T03:32:33","slug":"scivola-sul-sentiero-sopra-chies-dalpago","status":"publish","type":"post","link":"https:\/\/www.radiopiu.net\/wordpress\/scivola-sul-sentiero-sopra-chies-dalpago\/","title":{"rendered":"SCIVOLA SUL SENTIERO SOPRA CHIES D\u2019ALPAGO"},"content":{"rendered":"<p>*******<br \/>\n<strong>CHIES D\u2019ALPAGO\u00a0<\/strong>Questa mattina attorno <span dir=\"ltr\">alle 7.40<\/span> \u00e8 scattato l&#8217;allarme per un uomo ruzzolato una ventina di metri in una scarpata nella zona di Vallazza bassa, dove si trovava con un amico. Sul posto \u00e8 intervenuto l&#8217;elicottero di Treviso emergenza, che ha sbarcato nelle vicinanze equipe medica e tecnico di elisoccorso. Attivati nell&#8217;immediato dalla Centrale del 118, cinque soccorritori del Soccorso alpino dell&#8217;Alpago si sono portati sul posto, in localit\u00e0 Casera Pian dei Tac de Sora in supporto alle operazioni. Calato con il verricello, il tecnico di elisoccorso ha raggiunto e assicurato il 72enne do Alpago (BL), che si era fermato in una piccola conca appoggiato a un albero prima di un salto di roccia di 50 metri. Verricellati medico e infermiere, sono state prestate le prime cure a seguito di un probabile politrauma. L&#8217;uomo \u00e8 stato poi imbarellato e spostato in un punto aperto pi\u00f9 agevole per il recupero, avvenuto sempre con il verricello. Il ferito \u00e8 stato trasportato all&#8217;ospedale di Treviso.<\/p>\n<p>*********<\/p>\n","protected":false},"excerpt":{"rendered":"<p>******* CHIES D\u2019ALPAGO\u00a0Questa mattina attorno alle 7.40 \u00e8 scattato l&#8217;allarme per un uomo ruzzolato una ventina di metri in una scarpata nella zona di Vallazza bassa, dove si trovava con un amico. Sul posto \u00e8 intervenuto l&#8217;elicottero di Treviso emergenza, che ha sbarcato nelle vicinanze equipe medica e tecnico di elisoccorso. Attivati nell&#8217;immediato dalla Centrale&hellip;<\/p>\n","protected":false},"author":4,"featured_media":270917,"comment_status":"closed","ping_status":"closed","sticky":false,"template":"","format":"standard","meta":{"_monsterinsights_skip_tracking":false,"_monsterinsights_sitenote_active":false,"_monsterinsights_sitenote_note":"","_monsterinsights_sitenote_category":0,"footnotes":""},"categories":[51,49],"tags":[],"class_list":["post-446931","post","type-post","status-publish","format-standard","has-post-thumbnail","hentry","category-evidenza-top","category-news-18","category-51","category-49","description-off"],"img_url":"https:\/\/www.radiopiu.net\/wordpress\/wp-content\/uploads\/2022\/04\/soccorso-alpino-1024x602-1.jpg","_links":{"self":[{"href":"https:\/\/www.radiopiu.net\/wordpress\/wp-json\/wp\/v2\/posts\/446931","targetHints":{"allow":["GET"]}}],"collection":[{"href":"https:\/\/www.radiopiu.net\/wordpress\/wp-json\/wp\/v2\/posts"}],"about":[{"href":"https:\/\/www.radiopiu.net\/wordpress\/wp-json\/wp\/v2\/types\/post"}],"author":[{"embeddable":true,"href":"https:\/\/www.radiopiu.net\/wordpress\/wp-json\/wp\/v2\/users\/4"}],"replies":[{"embeddable":true,"href":"https:\/\/www.radiopiu.net\/wordpress\/wp-json\/wp\/v2\/comments?post=446931"}],"version-history":[{"count":2,"href":"https:\/\/www.radiopiu.net\/wordpress\/wp-json\/wp\/v2\/posts\/446931\/revisions"}],"predecessor-version":[{"id":446933,"href":"https:\/\/www.radiopiu.net\/wordpress\/wp-json\/wp\/v2\/posts\/446931\/revisions\/446933"}],"wp:featuredmedia":[{"embeddable":true,"href":"https:\/\/www.radiopiu.net\/wordpress\/wp-json\/wp\/v2\/media\/270917"}],"wp:attachment":[{"href":"https:\/\/www.radiopiu.net\/wordpress\/wp-json\/wp\/v2\/media?parent=446931"}],"wp:term":[{"taxonomy":"category","embeddable":true,"href":"https:\/\/www.radiopiu.net\/wordpress\/wp-json\/wp\/v2\/categories?post=446931"},{"taxonomy":"post_tag","embeddable":true,"href":"https:\/\/www.radiopiu.net\/wordpress\/wp-json\/wp\/v2\/tags?post=446931"}],"curies":[{"name":"wp","href":"https:\/\/api.w.org\/{rel}","templated":true}]}}