{"id":446955,"date":"2025-04-28T05:20:41","date_gmt":"2025-04-28T03:20:41","guid":{"rendered":"https:\/\/www.radiopiu.net\/wordpress\/?p=446955"},"modified":"2025-04-28T05:33:51","modified_gmt":"2025-04-28T03:33:51","slug":"luxottica-ad-agordo-orgoglio-incertezze-e-il-futuro-della-comunita","status":"publish","type":"post","link":"https:\/\/www.radiopiu.net\/wordpress\/luxottica-ad-agordo-orgoglio-incertezze-e-il-futuro-della-comunita\/","title":{"rendered":"LUXOTTICA AD AGORDO: ORGOGLIO, INCERTEZZE E IL FUTURO DELLA COMUNITA&#8217;"},"content":{"rendered":"<p>********<\/p>\n<p>&nbsp;<\/p>\n<p><strong><a class=\"dt-pswp-item\" href=\"https:\/\/www.radiopiu.net\/wordpress\/wp-content\/uploads\/2025\/04\/SCR-20250427-shij.jpeg\" data-dt-img-description=\"\" data-large_image_width=\"1246\" data-large_image_height=\"808\"><img loading=\"lazy\" decoding=\"async\" class=\" wp-image-446956 alignleft\" src=\"https:\/\/www.radiopiu.net\/wordpress\/wp-content\/uploads\/2025\/04\/SCR-20250427-shij-300x195.jpeg\" alt=\"\" width=\"282\" height=\"183\" srcset=\"https:\/\/www.radiopiu.net\/wordpress\/wp-content\/uploads\/2025\/04\/SCR-20250427-shij-300x195.jpeg 300w, https:\/\/www.radiopiu.net\/wordpress\/wp-content\/uploads\/2025\/04\/SCR-20250427-shij-1024x664.jpeg 1024w, https:\/\/www.radiopiu.net\/wordpress\/wp-content\/uploads\/2025\/04\/SCR-20250427-shij-768x498.jpeg 768w, https:\/\/www.radiopiu.net\/wordpress\/wp-content\/uploads\/2025\/04\/SCR-20250427-shij.jpeg 1246w\" sizes=\"auto, (max-width: 282px) 100vw, 282px\" \/><\/a>REDAZIONE <\/strong>Nei giorni scorsi si \u00e8 tornato a parlare di Luxottica su Radio Pi\u00f9. Il dibattito, come prevedibile, ha trovato grande eco anche sui social, dove due commenti in particolare hanno saputo sintetizzare il pensiero di una parte significativa della comunit\u00e0. <strong data-start=\"481\" data-end=\"500\">Viola <\/strong>ha espresso una visione equilibrata e fiduciosa, sottolineando come sia fisiologico che un&#8217;azienda di tali dimensioni affronti periodi di riassetto senza che questo debba necessariamente destare allarmismi.\u00a0 <strong>Yari Masoch consigliere del comune di Agordo,<\/strong>\u00a0 in un commento altrettanto profondo, pone invece l&#8217;accento sulla necessit\u00e0 di guardare oltre, cogliendo l&#8217;opportunit\u00e0 di diversificare il tessuto economico locale.<\/p>\n<p><span class=\"\"><span class=\"xt0psk2\"><a class=\"x1i10hfl xjbqb8w x1ejq31n xd10rxx x1sy0etr x17r0tee x972fbf xcfux6l x1qhh985 xm0m39n x9f619 x1ypdohk xt0psk2 xe8uvvx xdj266r x11i5rnm xat24cr x1mh8g0r xexx8yu x4uap5 x18d9i69 xkhd6sd x16tdsg8 x1hl2dhg xggy1nq x1a2a7pz x1heor9g xkrqix3 x1sur9pj x1s688f\" tabindex=\"0\" role=\"link\" href=\"https:\/\/www.facebook.com\/groups\/61488111720\/user\/100000281840355\/?__cft__[0]=AZVRDEunhSlcQAl3svpE5wtDYimdsGOP3age-BvnF4iszxbEZESAYzCtnWRv_xXr7jHAXWX6zFol9Ji-9dJZDqj0_o42ctBWA4eiWQrInPCBrB2Wz-UxIfHLk25BthQQcpLenS1uSlWVJ9c7kdyv0a88p8o2khX8d25Aq7NcORWDZg&amp;__tn__=R]-R\" aria-hidden=\"false\"><span class=\"x3nfvp2\"><span class=\"x193iq5w xeuugli x13faqbe x1vvkbs x1xmvt09 x1lliihq x1s928wv xhkezso x1gmr53x x1cpjm7i x1fgarty x1943h6x x4zkp8e x676frb x1nxh6w3 x1sibtaa x1s688f xzsf02u\" dir=\"auto\">Yari Masoch<\/span><\/span><\/a><\/span><\/span><\/p>\n<div class=\"x1lliihq xjkvuk6 x1iorvi4\">\n<div class=\"xdj266r x11i5rnm xat24cr x1mh8g0r x1vvkbs\">\n<div dir=\"auto\">\u00c8 proprio per l&#8217;ovvio riassetto del gruppo, che a livello Mondo, vista anche la diversificazione attuata negli anni, \u00e8 e sempre rester\u00e0 un colosso, che \u00e8 necessario la politica bellunese si attivi per agevolare altre tipologie di attivit\u00e0 dove fare, eventualmente, confluire la forza lavoro! Ed \u00e8 necessario non da oggi, purtroppo, ma da ieri! Spesso non \u00e8 cos\u00ec, si pensa un pochino all&#8217;orticello, al qui ed ora, a speculare sui prezzi di un mercato immobiliare quantomeno curioso, a non curarsi minimamente dei servizi, delle piccole attivit\u00e0, del turismo, ad esempio, da quello sportivo a quello culturale&#8230;e nel frattempo Agordo scende sotto i 4 mila abitanti, di cui pochissimi sono i giovani tra i 18 ed i 30&#8230;l&#8217;azienda ha contribuito al benessere medio di tantissima gente di montagna (chapeau), ed \u00e8 a tutt&#8217;oggi fondamentale, ma le attivit\u00e0 si trasformano, cambiano, seguono logiche di mercato, delocalizzano&#8230; Agordo \u00e8 UNA sede, certo storica, di sicuro valore sia in termini di know how sia dal punto di vista romantico, affettivo, e delle persone che ci lavorano, ma non \u00e8 Luxottica tutta! E come tale, atta a subire le fisiologiche trasformazioni di cui sopra. Peraltro l&#8217;occhiale \u00e8 UNA delle branchie del gruppo, ora decisamente impegnato su pi\u00f9 segmenti di mercato, a differenza di un tempo. Spetta alla politica, da un lato, e al singolo cittadino dall&#8217;altro (&#8230;o sarebbe spettato?! ), saperne cavalcare l&#8217;onda e non esserne schiacciati, agevolando la creazione di mercati paralleli e attuando scelte coraggiose che possano coesistere con una potenza di tale impatto.<\/div>\n<\/div>\n<\/div>\n<div dir=\"auto\"><\/div>\n<div dir=\"auto\"><\/div>\n<div dir=\"auto\">\n<p><span class=\"\"><span class=\"xt0psk2\"><a class=\"x1i10hfl xjbqb8w x1ejq31n xd10rxx x1sy0etr x17r0tee x972fbf xcfux6l x1qhh985 xm0m39n x9f619 x1ypdohk xt0psk2 xe8uvvx xdj266r x11i5rnm xat24cr x1mh8g0r xexx8yu x4uap5 x18d9i69 xkhd6sd x16tdsg8 x1hl2dhg xggy1nq x1a2a7pz x1heor9g xkrqix3 x1sur9pj x1s688f\" tabindex=\"0\" role=\"link\" href=\"https:\/\/www.facebook.com\/groups\/61488111720\/user\/100011624525538\/?__cft__[0]=AZVRDEunhSlcQAl3svpE5wtDYimdsGOP3age-BvnF4iszxbEZESAYzCtnWRv_xXr7jHAXWX6zFol9Ji-9dJZDqj0_o42ctBWA4eiWQrInPCBrB2Wz-UxIfHLk25BthQQcpLenS1uSlWVJ9c7kdyv0a88p8o2khX8d25Aq7NcORWDZg&amp;__tn__=R]-R\" aria-hidden=\"false\"><span class=\"x3nfvp2\"><span class=\"x193iq5w xeuugli x13faqbe x1vvkbs x1xmvt09 x1lliihq x1s928wv xhkezso x1gmr53x x1cpjm7i x1fgarty x1943h6x x4zkp8e x676frb x1nxh6w3 x1sibtaa x1s688f xzsf02u\" dir=\"auto\">Viola Bianchini<\/span><\/span><\/a><\/span><\/span><\/p>\n<div class=\"x1lliihq xjkvuk6 x1iorvi4\">\n<div class=\"xdj266r x11i5rnm xat24cr x1mh8g0r x1vvkbs\">\n<div dir=\"auto\">Il commento di Luca in questo post \u00e8 davvero bello, intelligente e ben spiegato.<\/div>\n<div dir=\"auto\">Sono in accordo con tutto ci\u00f2 che dice.<\/div>\n<\/div>\n<div class=\"x11i5rnm xat24cr x1mh8g0r x1vvkbs xtlvy1s\">\n<div dir=\"auto\">Io credo che non sia possibile sempre crescere. Siamo in 5000 ad Agordo. Se anche dovessimo scendere di qualche centinaio pensate che significhi chiudere e andare in Tailandia ? Ma lo avete sentito il presidente americano con i dazi ? Ma lo sapete quanto mercato americano abbiamo ?<\/div>\n<div dir=\"auto\">E\u2019 certo che l\u2019azienda deve preservarsi e pensare al futuro.<\/div>\n<div dir=\"auto\">Quindi i primi a saltare sono gli interinali. Ed \u00e8 fisiologico.<\/div>\n<\/div>\n<div class=\"x11i5rnm xat24cr x1mh8g0r x1vvkbs xtlvy1s\">\n<div dir=\"auto\">Avete visto gli investimenti fatti negli ultimi anni ?<\/div>\n<div dir=\"auto\">I reparti nuovi, la mensa nuova, l\u2019ingresso delle maestranze nuovo e quello della stamperia gi\u00e0 da un po\u2019 bellissimo.<\/div>\n<div dir=\"auto\">Aree che servono per il parlare e per le visite aziendali su ogni reparto<\/div>\n<\/div>\n<div class=\"x11i5rnm xat24cr x1mh8g0r x1vvkbs xtlvy1s\">\n<div dir=\"auto\">Ma io dico ? Ma come vi salta in mente che chiude tutto ?<\/div>\n<\/div>\n<div class=\"x11i5rnm xat24cr x1mh8g0r x1vvkbs xtlvy1s\">\n<div dir=\"auto\">Cercheranno di risparmiare ovvio.<\/div>\n<div dir=\"auto\">E se il panettone non sar\u00e0 pi\u00f9 D&amp;G ma un paluani sar\u00e0 una tragedia ?<\/div>\n<div dir=\"auto\">Beh certo \u2026 sicuro che andiamo tutti in cina.<\/div>\n<\/div>\n<div class=\"x11i5rnm xat24cr x1mh8g0r x1vvkbs xtlvy1s\">\n<div dir=\"auto\">E se la cotoletta la fanno ogni 20 gg al posto che ogni 15 e\u2019 una tragedia?<\/div>\n<div dir=\"auto\">Certo. Tutti con la valigia in mano.<\/div>\n<\/div>\n<div class=\"x11i5rnm xat24cr x1mh8g0r x1vvkbs xtlvy1s\">\n<div dir=\"auto\">E se non c\u2019\u00e8 pi\u00f9 la cena di Natale \u00e8 una tragedia ?<\/div>\n<div dir=\"auto\">Ovvio. Non c\u2019\u00e8 pi\u00f9 il presidente e quindi chiudono tutto.<\/div>\n<\/div>\n<div class=\"x11i5rnm xat24cr x1mh8g0r x1vvkbs xtlvy1s\">\n<div dir=\"auto\">Suvvia. Siate coerenti e capite che non si pu\u00f2 sempre crescere e spendere.<\/div>\n<\/div>\n<div class=\"x11i5rnm xat24cr x1mh8g0r x1vvkbs xtlvy1s\">\n<div dir=\"auto\">E sopratutto finitela di lamentarvi sempre di tutto.<\/div>\n<div dir=\"auto\">Che l\u2019azienda ci d\u00e0 anche la settimana corta ma no \u2026 e\u2019 uno scandalo \u2026 una truffa \u2026. Ma vaaaaaaaaa<\/div>\n<\/div>\n<div class=\"x11i5rnm xat24cr x1mh8g0r x1vvkbs xtlvy1s\">\n<div dir=\"auto\">Mamma mia. Amo questa azienda ma odio davvero chi ci butta i pomodori in continuazione.<\/div>\n<\/div>\n<\/div>\n<\/div>\n<div dir=\"auto\"><\/div>\n<div dir=\"auto\"><\/div>\n<p>&nbsp;<\/p>\n<p><span style=\"color: #ff0000;\"><strong>L&#8217;ARTICOLO DEL DIBATTITO<\/strong><\/span><\/p>\n<blockquote>\n<h3>LA SOLIDIT\u00c0 DI LUXOTTICA OLTRE LE CRISI<\/h3>\n<\/blockquote>\n<p><strong>REDAZIONE<\/strong> Tra i tanti commenti sui <span style=\"color: #0000ff;\"><strong><a style=\"color: #0000ff;\" href=\"https:\/\/www.facebook.com\/groups\/61488111720\">social<\/a><\/strong><\/span> abbiamo voluto mettere in evidenza questo, di Luca, \u00a0una riflessione lucida e profonda che apre la mente di chi legge. Parole misurate, ma dense di significato, capaci di accendere pensieri e suscitare emozioni.<\/p>\n<p data-start=\"372\" data-end=\"386\"><strong>\u00a0<\/strong><\/p>\n<blockquote>\n<p data-start=\"372\" data-end=\"386\"><strong>luxottica: tra 5 anni in Cina?<\/strong><\/p>\n<\/blockquote>\n<div class=\"x11i5rnm xat24cr x1mh8g0r x1vvkbs xtlvy1s\">\n<div dir=\"auto\"><a class=\"dt-pswp-item\" href=\"https:\/\/www.radiopiu.net\/wordpress\/wp-content\/uploads\/2025\/04\/c88bfd10-1258-4a54-948c-d2c9783fe275.png\" data-dt-img-description=\"\" data-large_image_width=\"1024\" data-large_image_height=\"1536\"><img loading=\"lazy\" decoding=\"async\" class=\"size-medium wp-image-446619 alignleft\" src=\"https:\/\/www.radiopiu.net\/wordpress\/wp-content\/uploads\/2025\/04\/c88bfd10-1258-4a54-948c-d2c9783fe275-200x300.png\" alt=\"\" width=\"200\" height=\"300\" srcset=\"https:\/\/www.radiopiu.net\/wordpress\/wp-content\/uploads\/2025\/04\/c88bfd10-1258-4a54-948c-d2c9783fe275-200x300.png 200w, https:\/\/www.radiopiu.net\/wordpress\/wp-content\/uploads\/2025\/04\/c88bfd10-1258-4a54-948c-d2c9783fe275-683x1024.png 683w, https:\/\/www.radiopiu.net\/wordpress\/wp-content\/uploads\/2025\/04\/c88bfd10-1258-4a54-948c-d2c9783fe275-768x1152.png 768w, https:\/\/www.radiopiu.net\/wordpress\/wp-content\/uploads\/2025\/04\/c88bfd10-1258-4a54-948c-d2c9783fe275.png 1024w\" sizes=\"auto, (max-width: 200px) 100vw, 200px\" \/><\/a>Questa storia la sento pi\u00f9 o meno da quando sono l\u00ec (1997) ed ogni evento pi\u00f9 o meno \u201cgrosso\u201d \u00e8 buono per ribadire che \u201ctra 5 anni tutto in Cina\u201d o \u201ctra 5 anni in Valcozzena solo campi da calcetto coperti\u201d. Una volta quando sono cadute le Torri nel 2001.<\/div>\n<\/div>\n<div class=\"x11i5rnm xat24cr x1mh8g0r x1vvkbs xtlvy1s\">\n<div dir=\"auto\">Una volta con la crisi economica del 2008 (Leman). Una volta con la recessione planetaria da pandemia (2020). Quando \u00e8 morto Del Vecchio (ormai sono quasi 3 anni) sembrava che dovessimo tutti emigrare in poco tempo e che ad Agordo non sarebbe rimasto pi\u00f9 niente. Invece, da quel triste giorno di giugno del 2022, Agordo \u00e8 continuata a crescere e attualmente il numero di persone impiegate nel solo sito di Agordo raggiunge le 5500 persone (come mai nella storia). Credo che chi deve parcheggiare dopo una certa ora se ne sia accorto . Circa 3000 sono diretti di produzione (operai).<\/div>\n<\/div>\n<div class=\"x11i5rnm xat24cr x1mh8g0r x1vvkbs xtlvy1s\">\n<div dir=\"auto\">Credo anche che non si possa continuare a crescere in eterno, ma stando fuori probabilmente non si capiscono certe dinamiche che fanno chiaramente percepire la solidit\u00e0 del Gruppo e se leggi<span style=\"color: #0000ff;\"><strong><a style=\"color: #0000ff;\" href=\"https:\/\/www.radiopiu.net\/wordpress\/essilorluxottica-crescita-solida-nel-primo-trimestre-2025-tra-innovazione-espansione-globale-e-coinvolgimento-dei-collaboratori\/\"> l\u2019articolo,<\/a><\/strong><\/span> si capisce come anche in una economia globale in palese difficolt\u00e0 per cambiamenti epocali nei paradigmi di potere geopolitico mondiale, i dati siano positivi e che le prospettive siano buone. Poi chiaro\u2026i progressi tecnologici inarrestabili sono volti a rimpiazzare il valore aggiunto dell\u2019essere umano con quello delle macchine, sempre pi\u00f9 raffinate e adatte a svolgere in autonomia lavori di precisione, oltre che gestionali, di calcolo strategico, marketing (\u2026). Intelligenza artificiale e robotica sono il futuro e questo non pu\u00f2 che generare una minor richiesta di manodopera in generale. Ci vorr\u00e0 ancora qualche anno, ma il problema non sar\u00e0 solo di Luxottica (pi\u00f9 che altro dei lavoratori di Luxottica) e coinvolger\u00e0 tutti i settori produttivi manifatturieri.<br \/>\nLuca<\/div>\n<\/div>\n<div dir=\"auto\"><\/div>\n<div dir=\"auto\">\n<div class=\"x1lliihq xjkvuk6 x1iorvi4\">\n<div class=\"xdj266r x11i5rnm xat24cr x1mh8g0r x1vvkbs\">\n<div dir=\"auto\">\n<p><strong><span style=\"color: #0000ff;\"><a style=\"color: #0000ff;\" href=\"https:\/\/www.radiopiu.net\/wordpress\/essilorluxottica-crescita-solida-nel-primo-trimestre-2025-tra-innovazione-espansione-globale-e-coinvolgimento-dei-collaboratori\/?fbclid=IwY2xjawJ3_fZleHRuA2FlbQIxMQBicmlkETAybU1rUm5PdHpoS091SVhsAR6g4b-rdlj3H3iJpmXWJsaQehCiUHpD1xiv5TlP1DNII0ozLX7d6rmJF5HoEw_aem_F9AF3cnn2L7BjiuoZDHE2g\">L&#8217;ARTICOLO SUL SITO DI RADIOPIU<\/a><\/span><\/strong><\/p>\n<\/div>\n<\/div>\n<\/div>\n<\/div>\n<p>&nbsp;<\/p>\n<p>&nbsp;<\/p>\n<p>&nbsp;<\/p>\n<p>*********<\/p>\n","protected":false},"excerpt":{"rendered":"<p>******** &nbsp; REDAZIONE Nei giorni scorsi si \u00e8 tornato a parlare di Luxottica su Radio Pi\u00f9. Il dibattito, come prevedibile, ha trovato grande eco anche sui social, dove due commenti in particolare hanno saputo sintetizzare il pensiero di una parte significativa della comunit\u00e0. Viola ha espresso una visione equilibrata e fiduciosa, sottolineando come sia fisiologico&hellip;<\/p>\n","protected":false},"author":4,"featured_media":446956,"comment_status":"closed","ping_status":"closed","sticky":false,"template":"","format":"standard","meta":{"_monsterinsights_skip_tracking":false,"_monsterinsights_sitenote_active":false,"_monsterinsights_sitenote_note":"","_monsterinsights_sitenote_category":0,"footnotes":""},"categories":[104,49],"tags":[],"class_list":["post-446955","post","type-post","status-publish","format-standard","has-post-thumbnail","hentry","category-evidenza_3","category-news-18","category-104","category-49","description-off"],"img_url":"https:\/\/www.radiopiu.net\/wordpress\/wp-content\/uploads\/2025\/04\/SCR-20250427-shij.jpeg","_links":{"self":[{"href":"https:\/\/www.radiopiu.net\/wordpress\/wp-json\/wp\/v2\/posts\/446955","targetHints":{"allow":["GET"]}}],"collection":[{"href":"https:\/\/www.radiopiu.net\/wordpress\/wp-json\/wp\/v2\/posts"}],"about":[{"href":"https:\/\/www.radiopiu.net\/wordpress\/wp-json\/wp\/v2\/types\/post"}],"author":[{"embeddable":true,"href":"https:\/\/www.radiopiu.net\/wordpress\/wp-json\/wp\/v2\/users\/4"}],"replies":[{"embeddable":true,"href":"https:\/\/www.radiopiu.net\/wordpress\/wp-json\/wp\/v2\/comments?post=446955"}],"version-history":[{"count":7,"href":"https:\/\/www.radiopiu.net\/wordpress\/wp-json\/wp\/v2\/posts\/446955\/revisions"}],"predecessor-version":[{"id":446986,"href":"https:\/\/www.radiopiu.net\/wordpress\/wp-json\/wp\/v2\/posts\/446955\/revisions\/446986"}],"wp:featuredmedia":[{"embeddable":true,"href":"https:\/\/www.radiopiu.net\/wordpress\/wp-json\/wp\/v2\/media\/446956"}],"wp:attachment":[{"href":"https:\/\/www.radiopiu.net\/wordpress\/wp-json\/wp\/v2\/media?parent=446955"}],"wp:term":[{"taxonomy":"category","embeddable":true,"href":"https:\/\/www.radiopiu.net\/wordpress\/wp-json\/wp\/v2\/categories?post=446955"},{"taxonomy":"post_tag","embeddable":true,"href":"https:\/\/www.radiopiu.net\/wordpress\/wp-json\/wp\/v2\/tags?post=446955"}],"curies":[{"name":"wp","href":"https:\/\/api.w.org\/{rel}","templated":true}]}}