{"id":447139,"date":"2025-05-02T05:54:53","date_gmt":"2025-05-02T03:54:53","guid":{"rendered":"https:\/\/www.radiopiu.net\/wordpress\/?p=447139"},"modified":"2025-05-02T07:58:46","modified_gmt":"2025-05-02T05:58:46","slug":"giornale-radiopiu-02-maggio-2025-direttore-mirko-mezzacasa","status":"publish","type":"post","link":"https:\/\/www.radiopiu.net\/wordpress\/giornale-radiopiu-02-maggio-2025-direttore-mirko-mezzacasa\/","title":{"rendered":"GIORNALE RADIOPIU 02 MAGGIO 2025 DIRETTORE MIRKO MEZZACASA"},"content":{"rendered":"<p>******<\/p>\n<p>&nbsp;<\/p>\n<p>&nbsp;<\/p>\n<p><em><span style=\"color: #ff0000;\"><a class=\"dt-pswp-item\" href=\"https:\/\/www.radiopiu.net\/wordpress\/wp-content\/uploads\/2024\/10\/Senza-nome-8.png\" data-dt-img-description=\"\" data-large_image_width=\"343\" data-large_image_height=\"303\"><img loading=\"lazy\" decoding=\"async\" class=\"wp-image-412130 alignleft\" src=\"https:\/\/www.radiopiu.net\/wordpress\/wp-content\/uploads\/2024\/10\/Senza-nome-8-300x265.png\" alt=\"\" width=\"105\" height=\"93\" srcset=\"https:\/\/www.radiopiu.net\/wordpress\/wp-content\/uploads\/2024\/10\/Senza-nome-8-300x265.png 300w, https:\/\/www.radiopiu.net\/wordpress\/wp-content\/uploads\/2024\/10\/Senza-nome-8.png 343w\" sizes=\"auto, (max-width: 105px) 100vw, 105px\" \/><\/a><\/span><\/em><strong><em><span style=\"color: #ff0000;\"> LA\u00a0 APP PER IOS-IPHONE di Nicola Vettorello<\/span><\/em><\/strong><\/p>\n<p><strong><span style=\"color: #0000ff;\"><a style=\"color: #0000ff;\" href=\"https:\/\/apps.apple.com\/it\/app\/radio-pi%C3%B9-emittente-agordina\/id1515939845\">https:\/\/apps.apple.com\/it\/app\/radio-pi%C3%B9-emittente-agordina\/id1515939845<\/a><\/span><\/strong><\/p>\n<p><strong><em style=\"color: #ff0000;\">LA\u00a0 APP RADIO\u00a0 PER ANDROID di Nicola Vettorello<\/em><\/strong><\/p>\n<p><strong><span style=\"color: #0000ff;\"><a style=\"color: #0000ff;\" href=\"https:\/\/play.google.com\/store\/apps\/details?id=net.radiopiu.iniko\" target=\"_blank\" rel=\"noopener noreferrer\">https:\/\/<\/a><a style=\"color: #0000ff;\" href=\"https:\/\/play.google.com\/store\/apps\/details?id=net.radiopiu.iniko\" target=\"_blank\" rel=\"noopener noreferrer\">play.google.com\/store\/apps\/details?id=net.radiopiu.iniko\u00a0\u00a0\u00a0\u00a0<\/a><\/span><\/strong><\/p>\n<p>&nbsp;<\/p>\n<p>&nbsp;<\/p>\n<hr \/>\n<p><span style=\"color: #0000ff;\">\u00a0<\/span><\/p>\n<p>&nbsp;<\/p>\n<blockquote>\n<h1 data-start=\"0\" data-end=\"60\"><strong data-start=\"0\" data-end=\"60\">OGGI SU RADIOPI\u00d9: MUSICA, informazione\u00a0 e dirette\u00a0<\/strong><\/h1>\n<\/blockquote>\n<p class=\"\" data-start=\"62\" data-end=\"463\">Giornata ricca di appuntamenti su RadioPi\u00f9! Si parte alle <strong data-start=\"120\" data-end=\"129\">09.00<\/strong> Premiere di Marco Gaz le novit\u00e0 alla radio ed a seguire alle <strong>9.40<\/strong>\u00a0 le selezioni anni Ottanta da Monica Fontanive, seguita alle <strong data-start=\"188\" data-end=\"197\">10.10<\/strong> da\u00a0 le nove in ladin con il Musla \u00a0\u00a0e alle <strong data-start=\"397\" data-end=\"406\">10.40<\/strong> Speciale Solidariet\u00e0 Veneto con Paolo Stefan. Nel pomeriggio, alle <strong data-start=\"486\" data-end=\"495\">13.20<\/strong>, torna <strong data-start=\"503\" data-end=\"514\">Collage<\/strong> con <strong data-start=\"519\" data-end=\"536\">Loris Scussel<\/strong>, alle <strong>14<\/strong> Music ABC con Athos e Marina mentre alle <strong data-start=\"550\" data-end=\"559\">15.10<\/strong>\u00a0<b> Week end Marina c&#8217;e&#8217;<\/b>. Chiude il pomeriggio musicale alle <strong data-start=\"658\" data-end=\"667\">16.45<\/strong> <strong data-start=\"668\" data-end=\"688\">Mirco Bencivenni<\/strong> con classifiche e storia della musica. Alle <strong data-start=\"733\" data-end=\"742\">19.00<\/strong> spazio all\u2019informazione con le anticipazioni del TG di <strong data-start=\"798\" data-end=\"811\">Antenna 3<\/strong>, curate da <strong data-start=\"823\" data-end=\"844\">Tiziana Bolognani<\/strong>.<\/p>\n<p>&nbsp;<\/p>\n<p>&nbsp;<\/p>\n<hr \/>\n<p>&nbsp;<\/p>\n<p>&nbsp;<\/p>\n<div class=\"x11i5rnm xat24cr x1mh8g0r x1vvkbs xtlvy1s x126k92a\">\n<div dir=\"auto\">\n<div dir=\"auto\">\n<p><strong><a class=\"dt-pswp-item\" href=\"https:\/\/www.radiopiu.net\/wordpress\/wp-content\/uploads\/2024\/02\/2d44e751-d8a8-461b-8e22-d8e4e853b032.jpg\" data-dt-img-description=\"\" data-large_image_width=\"1600\" data-large_image_height=\"1200\"><img loading=\"lazy\" decoding=\"async\" class=\"wp-image-373307 alignleft\" src=\"https:\/\/www.radiopiu.net\/wordpress\/wp-content\/uploads\/2024\/02\/2d44e751-d8a8-461b-8e22-d8e4e853b032-300x225.jpg\" alt=\"\" width=\"105\" height=\"79\" srcset=\"https:\/\/www.radiopiu.net\/wordpress\/wp-content\/uploads\/2024\/02\/2d44e751-d8a8-461b-8e22-d8e4e853b032-300x225.jpg 300w, https:\/\/www.radiopiu.net\/wordpress\/wp-content\/uploads\/2024\/02\/2d44e751-d8a8-461b-8e22-d8e4e853b032-1024x768.jpg 1024w, https:\/\/www.radiopiu.net\/wordpress\/wp-content\/uploads\/2024\/02\/2d44e751-d8a8-461b-8e22-d8e4e853b032-768x576.jpg 768w, https:\/\/www.radiopiu.net\/wordpress\/wp-content\/uploads\/2024\/02\/2d44e751-d8a8-461b-8e22-d8e4e853b032-1536x1152.jpg 1536w, https:\/\/www.radiopiu.net\/wordpress\/wp-content\/uploads\/2024\/02\/2d44e751-d8a8-461b-8e22-d8e4e853b032.jpg 1600w\" sizes=\"auto, (max-width: 105px) 100vw, 105px\" \/><\/a>EL BAL DEL FIOR, DI GIULIANA DA RONCH, 02<\/strong><strong> MAGGIO 2025<\/strong><\/p>\n<\/div>\n<\/div>\n<div dir=\"auto\">\n<div dir=\"auto\">\n<audio class=\"wp-audio-shortcode\" id=\"audio-447139-1\" preload=\"none\" style=\"width: 100%;\" controls=\"controls\"><source type=\"audio\/mpeg\" src=\"https:\/\/www.radiopiu.net\/wordpress\/wp-content\/uploads\/2025\/04\/GVE-3.mp3?_=1\" \/><a href=\"https:\/\/www.radiopiu.net\/wordpress\/wp-content\/uploads\/2025\/04\/GVE-3.mp3\">https:\/\/www.radiopiu.net\/wordpress\/wp-content\/uploads\/2025\/04\/GVE-3.mp3<\/a><\/audio>\n<p>&nbsp;<\/p>\n<hr \/>\n<p>&nbsp;<\/p>\n<p>&nbsp;<\/p>\n<\/div>\n<\/div>\n<\/div>\n<div class=\"x11i5rnm xat24cr x1mh8g0r x1vvkbs xtlvy1s x126k92a\">\n<blockquote>\n<h1><strong><a class=\"dt-pswp-item\" href=\"https:\/\/www.radiopiu.net\/wordpress\/wp-content\/uploads\/2024\/10\/629301fd-708d-4f53-95c2-d28cbefd500f.jpg\" data-dt-img-description=\"\" data-large_image_width=\"1600\" data-large_image_height=\"1322\"><img loading=\"lazy\" decoding=\"async\" class=\"wp-image-413782 alignright\" src=\"https:\/\/www.radiopiu.net\/wordpress\/wp-content\/uploads\/2024\/10\/629301fd-708d-4f53-95c2-d28cbefd500f-300x248.jpg\" alt=\"\" width=\"106\" height=\"88\" srcset=\"https:\/\/www.radiopiu.net\/wordpress\/wp-content\/uploads\/2024\/10\/629301fd-708d-4f53-95c2-d28cbefd500f-300x248.jpg 300w, https:\/\/www.radiopiu.net\/wordpress\/wp-content\/uploads\/2024\/10\/629301fd-708d-4f53-95c2-d28cbefd500f-1024x846.jpg 1024w, https:\/\/www.radiopiu.net\/wordpress\/wp-content\/uploads\/2024\/10\/629301fd-708d-4f53-95c2-d28cbefd500f-768x635.jpg 768w, https:\/\/www.radiopiu.net\/wordpress\/wp-content\/uploads\/2024\/10\/629301fd-708d-4f53-95c2-d28cbefd500f-1536x1269.jpg 1536w, https:\/\/www.radiopiu.net\/wordpress\/wp-content\/uploads\/2024\/10\/629301fd-708d-4f53-95c2-d28cbefd500f.jpg 1600w\" sizes=\"auto, (max-width: 106px) 100vw, 106px\" \/><\/a><\/strong><\/h1>\n<h1><strong><a class=\"dt-pswp-item\" href=\"https:\/\/www.radiopiu.net\/wordpress\/wp-content\/uploads\/2024\/11\/th-18.jpg\" data-dt-img-description=\"\" data-large_image_width=\"156\" data-large_image_height=\"180\"><img loading=\"lazy\" decoding=\"async\" class=\"size-full wp-image-421611 alignleft\" src=\"https:\/\/www.radiopiu.net\/wordpress\/wp-content\/uploads\/2024\/11\/th-18.jpg\" alt=\"\" width=\"156\" height=\"180\" \/><\/a><\/strong><\/h1>\n<h1><strong>N di parom &#8211; L Almanach de la nosta jent<\/strong><\/h1>\n<\/blockquote>\n<p>&nbsp;<\/p>\n<p>Le voci: Davide Conedera, Agordo, Michela Dell&#8217;Osbel, La Valle Agordina Simone Ganz, Falcade Veronica Lezuo, Colle Santa Lucia. La voce nella sigla \u00e8 di Giorgia Taio<\/p>\n<p><strong>LA PUNTATA DI OGGI, 02 MAGGIO 2025<\/strong><\/p>\n<audio class=\"wp-audio-shortcode\" id=\"audio-447139-2\" preload=\"none\" style=\"width: 100%;\" controls=\"controls\"><source type=\"audio\/mpeg\" src=\"https:\/\/www.radiopiu.net\/wordpress\/wp-content\/uploads\/2025\/04\/AL5-2.mp3?_=2\" \/><a href=\"https:\/\/www.radiopiu.net\/wordpress\/wp-content\/uploads\/2025\/04\/AL5-2.mp3\">https:\/\/www.radiopiu.net\/wordpress\/wp-content\/uploads\/2025\/04\/AL5-2.mp3<\/a><\/audio>\n<p>&nbsp;<\/p>\n<\/div>\n<div class=\"x11i5rnm xat24cr x1mh8g0r x1vvkbs xtlvy1s x126k92a\">\n<div dir=\"auto\">\n<hr \/>\n<\/div>\n<\/div>\n<blockquote>\n<blockquote>\n<h1><span style=\"color: #ff0000;\">\u00a0<\/span><\/h1>\n<h1><span style=\"color: #ff0000;\">I podcast informativi del mattino &#8211; audio &#8211;\u00a0\u00a0<\/span><\/h1>\n<\/blockquote>\n<p><strong><a class=\"dt-pswp-item\" href=\"https:\/\/www.radiopiu.net\/wordpress\/wp-content\/uploads\/2024\/11\/6.jpg\" data-dt-img-description=\"\" data-large_image_width=\"177\" data-large_image_height=\"180\"><img loading=\"lazy\" decoding=\"async\" class=\"size-full wp-image-417911 alignleft\" src=\"https:\/\/www.radiopiu.net\/wordpress\/wp-content\/uploads\/2024\/11\/6.jpg\" alt=\"\" width=\"177\" height=\"180\" \/><\/a>LA RASSEGNA STAMPA NAZIONALE ALLA RADIO, OGNI GIORNO ALLE 5 E ALLE 6 DEL MATTINO <span style=\"color: #0000ff;\">viene pubblicata alle 6.00 <span style=\"color: #ff0000;\">DIRETTA RADIO\u00a0 \u00a0\u00a0<\/span><\/span><\/strong><\/p><\/blockquote>\n<p>&nbsp;<\/p>\n<p><strong>NOTIZIE DELLA NOTTE<\/strong><\/p>\n<p>Gli ultimi sviluppi globali includono l\u2019urgenza espressa da Rubio per una svolta nei colloqui sull\u2019Ucraina. Continuano gli attacchi israeliani su Gaza con oltre 30 vittime e un raid su Damasco vicino al palazzo presidenziale. L\u2019ONU prepara una riforma per affrontare i limiti di bilancio. USA e Ucraina firmano tre accordi sulle terre rare, mentre la Cina valuta l\u2019invito USA a colloqui sui dazi. Russia e Ucraina hanno avanzato nuove proposte di pace. La Borsa di Tokyo apre in rialzo (+0,45%), segnalando un clima finanziario moderatamente positivo.<\/p>\n<h1>AUDIO dalle 6 del mattino<\/h1>\n<audio class=\"wp-audio-shortcode\" id=\"audio-447139-3\" preload=\"none\" style=\"width: 100%;\" controls=\"controls\"><source type=\"audio\/mpeg\" src=\"https:\/\/www.radiopiu.net\/wordpress\/wp-content\/uploads\/2025\/05\/GIORNALEDELLESEI.mp3?_=3\" \/><a href=\"https:\/\/www.radiopiu.net\/wordpress\/wp-content\/uploads\/2025\/05\/GIORNALEDELLESEI.mp3\">https:\/\/www.radiopiu.net\/wordpress\/wp-content\/uploads\/2025\/05\/GIORNALEDELLESEI.mp3<\/a><\/audio>\n<hr \/>\n<p>&nbsp;<\/p>\n<h1 style=\"text-align: center;\"><span style=\"color: #ff0000;\"><a class=\"dt-pswp-item\" href=\"https:\/\/www.radiopiu.net\/wordpress\/wp-content\/uploads\/2024\/11\/7.jpg\" data-dt-img-description=\"\" data-large_image_width=\"180\" data-large_image_height=\"180\"><img loading=\"lazy\" decoding=\"async\" class=\"size-full wp-image-417912 alignleft\" src=\"https:\/\/www.radiopiu.net\/wordpress\/wp-content\/uploads\/2024\/11\/7.jpg\" alt=\"\" width=\"180\" height=\"180\" srcset=\"https:\/\/www.radiopiu.net\/wordpress\/wp-content\/uploads\/2024\/11\/7.jpg 180w, https:\/\/www.radiopiu.net\/wordpress\/wp-content\/uploads\/2024\/11\/7-150x150.jpg 150w\" sizes=\"auto, (max-width: 180px) 100vw, 180px\" \/><\/a>I podcast informativi del mattino &#8211; audio &#8211;\u00a0<\/span><\/h1>\n<p><strong>OGNI GIORNO ALLE SETTE DEL MATTINO, LA RASSEGNA STAMPA LOCALE FLASH&#8230; PER CHI VA IN FRETTA. I TITOLI DAI GIORNALI E DAL SITO WWW.RADIOPIU.NET <span style=\"color: #0000ff;\">viene pubblicato alle 7.00<\/span> <span style=\"color: #ff0000;\">DIRETTA RADIO\u00a0<\/span><\/strong><\/p>\n<p><em><span style=\"color: #ff0000;\">per chi va in fretta&#8230; tante notizie in pochi minuti. L&#8217;informazione locale alla radio, ogni ora dalle 7 del mattino alle 19 della sera.\u00a0\u00a0<\/span><\/em><\/p>\n<p><strong data-start=\"0\" data-end=\"62\">Notizie locali dal Bellunese: tra cronaca, eventi e novit\u00e0<\/strong><\/p>\n<div class=\"flex flex-1 grow basis-auto flex-col overflow-hidden\">\n<div class=\"relative h-full\">\n<div class=\"flex h-full flex-col overflow-y-auto [scrollbar-gutter:stable]\">\n<div class=\"mt-1.5 flex flex-col text-sm @thread-xl\/thread:pt-header-height md:pb-9\">\n<article class=\"group\/turn w-full text-token-text-primary focus-visible:outline-none\" dir=\"auto\" tabindex=\"-1\" data-testid=\"conversation-turn-2\" data-scroll-anchor=\"true\">\n<div class=\"text-base my-auto mx-auto py-5 px-6\">\n<div class=\"mx-auto flex flex-1 text-base gap-4 md:gap-5 lg:gap-6 md:max-w-3xl\">\n<div class=\"group\/conversation-turn relative flex w-full min-w-0 flex-col agent-turn @xs\/thread:px-0 @sm\/thread:px-1.5 @md\/thread:px-4\">\n<div class=\"relative flex-col gap-1 md:gap-3\">\n<div class=\"flex max-w-full flex-col flex-grow\">\n<div class=\"min-h-8 text-message relative flex w-full flex-col items-end gap-2 whitespace-normal break-words text-start [.text-message+&amp;]:mt-5\" dir=\"auto\" data-message-author-role=\"assistant\" data-message-id=\"bff05fc0-dc7c-4ab7-9b20-d3eec753127b\" data-message-model-slug=\"gpt-4o-mini\">\n<div class=\"flex w-full flex-col gap-1 empty:hidden first:pt-[3px]\">\n<div class=\"markdown prose w-full break-words dark:prose-invert dark\">\n<p class=\"\" data-start=\"64\" data-end=\"329\">Radio Pi\u00f9 offre una panoramica sui principali eventi e notizie in provincia di Belluno, accompagnata dalla programmazione radiofonica. Tra le principali notizie<\/p>\n<p class=\"\" data-start=\"0\" data-end=\"609\">Nel Bellunese si sono verificati numerosi incidenti in montagna. Un pilota di parapendio 55enne \u00e8 deceduto sul Monte Toc dopo che la vela si \u00e8 chiusa facendolo precipitare su una roccia. A Pieve di Cadore, un 61enne in ebike \u00e8 scivolato nei pressi della chiesetta di San Dionisio ed \u00e8 stato elitrasportato in ospedale per sospetti politraumi. Altri tre interventi di soccorso sono avvenuti ad Alleghe, dove tre giovani bloccati in un canale sono stati tratti in salvo; in Val di Zoldo, dove un escursionista \u00e8 stato colpito da un sasso; e a Cortina, dove due ragazze sorprese dalla neve sono state recuperate.<\/p>\n<p class=\"\" data-start=\"611\" data-end=\"890\">La Polizia di Stato di Belluno ha denunciato un venticinquenne romano, accusato di aver adescato online una minorenne con disabilit\u00e0. L\u2019indagine, avviata nel marzo 2024 dalla Sezione Operativa per la Sicurezza Cibernetica, \u00e8 partita dalla segnalazione dei genitori della ragazza.<\/p>\n<p class=\"\" data-start=\"892\" data-end=\"1209\">A Limana, il Consiglio comunale \u00e8 stato animato dalle critiche delle minoranze dopo che il sindaco Michele Talo ha definito il rendiconto 2024 \u201cun bilancio che non mi piace\u201d, segnalando un disavanzo di 460.000 euro attribuito alla precedente amministrazione. Tuttavia, il Revisore dei Conti non ha rilevato squilibri.<\/p>\n<p class=\"\" data-start=\"1211\" data-end=\"1574\">Elisa Bergagnin \u00e8 stata eletta presidente del Comitato Impresa Donna CNA Belluno, subentrando a Moira Fontana. A Parigi, l\u2019assemblea degli azionisti di EssilorLuxottica ha approvato un dividendo di 3,95 euro per azione. Il gruppo valuta di spostare parte della produzione negli USA per via dei dazi, mantenendo comunque operativi gli impianti in Italia e Francia.<\/p>\n<p class=\"\" data-start=\"1576\" data-end=\"1738\">Infine, il comitato Zinghenesta rappresenter\u00e0 Belluno all\u2019Expo di Osaka, mentre il 5 maggio parte il tour \u201cScuola Sicura Veneto\u201d, con tappa a Feltre il 23 maggio.<\/p>\n<\/div>\n<\/div>\n<\/div>\n<\/div>\n<\/div>\n<\/div>\n<\/div>\n<\/div>\n<\/article>\n<\/div>\n<\/div>\n<\/div>\n<\/div>\n<h1>AUDIO dalle 7 del mattino<\/h1>\n<audio class=\"wp-audio-shortcode\" id=\"audio-447139-4\" preload=\"none\" style=\"width: 100%;\" controls=\"controls\"><source type=\"audio\/mpeg\" src=\"https:\/\/www.radiopiu.net\/wordpress\/wp-content\/uploads\/2025\/05\/GF07.mp3?_=4\" \/><a href=\"https:\/\/www.radiopiu.net\/wordpress\/wp-content\/uploads\/2025\/05\/GF07.mp3\">https:\/\/www.radiopiu.net\/wordpress\/wp-content\/uploads\/2025\/05\/GF07.mp3<\/a><\/audio>\n<hr \/>\n<p>&nbsp;<\/p>\n<h1><\/h1>\n<h1 style=\"text-align: center;\"><span style=\"color: #ff0000;\"><a class=\"dt-pswp-item\" href=\"https:\/\/www.radiopiu.net\/wordpress\/wp-content\/uploads\/2024\/11\/th.jpg\" data-dt-img-description=\"\" data-large_image_width=\"148\" data-large_image_height=\"179\"><img loading=\"lazy\" decoding=\"async\" class=\"size-full wp-image-417913 alignleft\" src=\"https:\/\/www.radiopiu.net\/wordpress\/wp-content\/uploads\/2024\/11\/th.jpg\" alt=\"\" width=\"148\" height=\"179\" \/><\/a>I podcast informativi del mattino &#8211; audio &#8211;\u00a0<\/span><\/h1>\n<blockquote><p><strong>GIORNALE RADIO NAZIONALE, EDIZIONE DELLE SETTE <span style=\"color: #0000ff;\">viene pubblicato alle 7.05 <span style=\"color: #ff0000;\">DIRETTA RADIO\u00a0<\/span><\/span><\/strong><\/p><\/blockquote>\n<p><strong>il giornale radionazionale e&#8217; in onda ogni ora, dalle sette del mattino alle venti della sera\u00a0 \u00a0<\/strong><\/p>\n<p>Sono stati trovati senza vita i due vigili del fuoco dispersi durante un\u2019escursione in Abruzzo. A Torino, nel corteo del Primo Maggio partito da piazza Vittorio, si sono registrati momenti di tensione con il rogo di bandiere USA, Israele e UE e la sfilata di fantocci di Meloni e Trump. \u00c8 saltato l&#8217;incontro di Roma sul nucleare, mentre in Oman sono stati rinviati i colloqui tra Iran e USA. In Giappone, a Osaka, un&#8217;auto ha investito un gruppo di bambini: un uomo \u00e8 stato arrestato.<\/p>\n<h1><span style=\"color: #ff0000;\"><span style=\"color: #0000ff;\">ULTIM&#8217;ORA<\/span> <span style=\"color: #000000;\">AUDIO dalle sette del mattino, ogni ora alla radio EDIZIONE DELLE SETTE<\/span><\/span><\/h1>\n<audio class=\"wp-audio-shortcode\" id=\"audio-447139-5\" preload=\"none\" style=\"width: 100%;\" controls=\"controls\"><source type=\"audio\/mpeg\" src=\"https:\/\/www.radiopiu.net\/wordpress\/wp-content\/uploads\/2025\/05\/giornale07.mp3?_=5\" \/><a href=\"https:\/\/www.radiopiu.net\/wordpress\/wp-content\/uploads\/2025\/05\/giornale07.mp3\">https:\/\/www.radiopiu.net\/wordpress\/wp-content\/uploads\/2025\/05\/giornale07.mp3<\/a><\/audio>\n<p>&nbsp;<\/p>\n<hr \/>\n<p>&nbsp;<\/p>\n<p>&nbsp;<\/p>\n<h1><span style=\"color: #ff0000;\"><a class=\"dt-pswp-item\" href=\"https:\/\/www.radiopiu.net\/wordpress\/wp-content\/uploads\/2024\/11\/8.jpg\" data-dt-img-description=\"\" data-large_image_width=\"180\" data-large_image_height=\"180\"><img loading=\"lazy\" decoding=\"async\" class=\"size-full wp-image-417910 alignleft\" src=\"https:\/\/www.radiopiu.net\/wordpress\/wp-content\/uploads\/2024\/11\/8.jpg\" alt=\"\" width=\"180\" height=\"180\" srcset=\"https:\/\/www.radiopiu.net\/wordpress\/wp-content\/uploads\/2024\/11\/8.jpg 180w, https:\/\/www.radiopiu.net\/wordpress\/wp-content\/uploads\/2024\/11\/8-150x150.jpg 150w\" sizes=\"auto, (max-width: 180px) 100vw, 180px\" \/><\/a>I podcast informativi del mattino &#8211; video &#8211;\u00a0<\/span><\/h1>\n<h2 style=\"text-align: left;\"><strong>RASSEGNA STAMPA LOCALE, ORE OTTO<\/strong><\/h2>\n<h2><strong> <span style=\"color: #0000ff;\">viene\u00a0 <\/span><\/strong><strong><span style=\"color: #0000ff;\">pubblicata alle 8.05 <span style=\"color: #ff0000;\">DIRETTA RADIO\u00a0 \u00a0<\/span><\/span><\/strong><strong>DI MIRKO MEZZACASA<\/strong><\/h2>\n<blockquote>\n<p data-start=\"0\" data-end=\"64\">\n<\/blockquote>\n<h1><span style=\"color: #ff0000;\"><strong>VIDEO\u00a0 \u00a0in diretta AGGIORNAMENTO\u00a0 dalle 8 del mattino\u00a0\u00a0<\/strong><\/span><\/h1>\n<p><iframe loading=\"lazy\" title=\"DAL 1983 LA RASSEGNA STAMPA LOCALE di mirko mezzacasa. L&#039;ORIGINALE\" width=\"1200\" height=\"675\" src=\"https:\/\/www.youtube.com\/embed\/VGT1j9KxRgQ?feature=oembed\" frameborder=\"0\" allow=\"accelerometer; autoplay; clipboard-write; encrypted-media; gyroscope; picture-in-picture; web-share\" referrerpolicy=\"strict-origin-when-cross-origin\" allowfullscreen><\/iframe><\/p>\n<p>&nbsp;<\/p>\n<hr \/>\n<p>&nbsp;<\/p>\n<p>&nbsp;<\/p>\n<p>&nbsp;<\/p>\n<p><strong><a class=\"dt-pswp-item\" href=\"https:\/\/www.radiopiu.net\/wordpress\/wp-content\/uploads\/2023\/12\/ANTENNA.png\" data-dt-img-description=\"\" data-large_image_width=\"300\" data-large_image_height=\"166\"><img loading=\"lazy\" decoding=\"async\" class=\"wp-image-366306 alignright\" src=\"https:\/\/www.radiopiu.net\/wordpress\/wp-content\/uploads\/2023\/12\/ANTENNA.png\" alt=\"\" width=\"101\" height=\"56\" \/><\/a><a class=\"dt-pswp-item\" href=\"https:\/\/www.radiopiu.net\/wordpress\/wp-content\/uploads\/2024\/11\/th-17.jpg\" data-dt-img-description=\"\" data-large_image_width=\"224\" data-large_image_height=\"180\"><img loading=\"lazy\" decoding=\"async\" class=\" wp-image-421610 alignleft\" src=\"https:\/\/www.radiopiu.net\/wordpress\/wp-content\/uploads\/2024\/11\/th-17.jpg\" alt=\"\" width=\"167\" height=\"134\" \/><\/a>ogni sera alle 19 le anticipazioni alla radio, quello che poi seguirete nel TELEGIORNALE BELLUNESE\u00a0 in onda alle 19.30 sul CANALE 10 del digitale terrestre.\u00a0\u00a0<\/strong><\/p>\n<p><b>\u00a0\u00a0<\/b><\/p>\n<h1><span style=\"color: #ff0000;\"><strong>LE ANTICIPAZIONI DI TIZIANA BOLOGNANI<\/strong><\/span><\/h1>\n<p>&nbsp;<\/p>\n<audio class=\"wp-audio-shortcode\" id=\"audio-447139-6\" preload=\"none\" style=\"width: 100%;\" controls=\"controls\"><source type=\"audio\/mpeg\" src=\"https:\/\/www.radiopiu.net\/wordpress\/wp-content\/uploads\/2025\/05\/ANTENNA3.mp3?_=6\" \/><a href=\"https:\/\/www.radiopiu.net\/wordpress\/wp-content\/uploads\/2025\/05\/ANTENNA3.mp3\">https:\/\/www.radiopiu.net\/wordpress\/wp-content\/uploads\/2025\/05\/ANTENNA3.mp3<\/a><\/audio>\n<p>&nbsp;<\/p>\n<hr \/>\n<p>&nbsp;<\/p>\n<blockquote>\n<h3><strong><a class=\"dt-pswp-item\" href=\"https:\/\/www.radiopiu.net\/wordpress\/wp-content\/uploads\/2020\/06\/92acea46-75d9-42a0-a5fa-8d5774618b43.jpg\" data-dt-img-description=\"\" data-large_image_width=\"960\" data-large_image_height=\"720\"><img loading=\"lazy\" decoding=\"async\" class=\" wp-image-146571 alignleft\" src=\"https:\/\/www.radiopiu.net\/wordpress\/wp-content\/uploads\/2020\/06\/92acea46-75d9-42a0-a5fa-8d5774618b43-300x225.jpg\" alt=\"\" width=\"175\" height=\"131\" srcset=\"https:\/\/www.radiopiu.net\/wordpress\/wp-content\/uploads\/2020\/06\/92acea46-75d9-42a0-a5fa-8d5774618b43-300x225.jpg 300w, https:\/\/www.radiopiu.net\/wordpress\/wp-content\/uploads\/2020\/06\/92acea46-75d9-42a0-a5fa-8d5774618b43-768x576.jpg 768w, https:\/\/www.radiopiu.net\/wordpress\/wp-content\/uploads\/2020\/06\/92acea46-75d9-42a0-a5fa-8d5774618b43.jpg 960w\" sizes=\"auto, (max-width: 175px) 100vw, 175px\" \/><\/a><\/strong>MODIFICHE ALLA VIABILIT\u00c0: DIVIETI, CHIUSURE E SENSI UNICI FINO A GIUGNO<\/h3>\n<\/blockquote>\n<p><strong>LIVINALLONGO<\/strong> localit\u00e0 Costa Salesei fino al 10 maggio interdizione ai veicoli con massa superiore a 3,5 tonnellate. Per tutti gli altri veicoli, interdizione alla circolazione dalle 815 alle 12:35; dalle 13:35 alle 16:15; dalle 16:30 alle 19:00 escluso sabato e domenica<\/p>\n<p><strong>AGORDO <\/strong>Dal 5 maggio al 20 giugno 2025\u00a0 un senso unico alternato\u00a0 e divieto di sosta con rimozione forzata nell\u2019area di cantiere, esclusi sabato e domenica.<\/p>\n<p><strong>VAL DI ZOLDO<\/strong> Regionale 347 in localit\u00e0 Fornesighe fino al 16 maggio, chiusa dalle 8 alle 17, esclusi festivi e prefestivi<\/p>\n<p>&nbsp;<\/p>\n<p>&nbsp;<\/p>\n<hr \/>\n<p>&nbsp;<\/p>\n<blockquote>\n<h3>LAVORI SULLA SP 563 DI SALESEI. CHIUSURA A FASCE ORARIE<\/h3>\n<\/blockquote>\n<p><strong>LIVINALLONGO <\/strong>A partire da luned\u00ec 28 aprile fino a venerd\u00ec 10 maggio 2025, sulla Strada Provinciale 563 in localit\u00e0 Costa di Salesei, nel comune di Livinallongo, entreranno in vigore importanti limitazioni alla circolazione stradale per consentire lavori di manutenzione. Nel dettaglio: Divieto totale di transito per i veicoli con massa superiore a 3,5 tonnellate per l\u2019intera durata dell\u2019intervento. Per tutti gli altri veicoli, interdizione alla circolazione nelle seguenti fasce orarie: dalle 8:15 alle 12:35; dalle 13:35 alle 16:15; dalle 16:30 alle 19:00 Queste limitazioni non saranno in vigore nei giorni di sabato, domenica e festivi. Negli altri orari, la circolazione sar\u00e0 consentita a senso unico alternato, regolato da impianto semaforico o movieri.<\/p>\n<p>&nbsp;<\/p>\n<p>&nbsp;<\/p>\n<hr \/>\n<p>&nbsp;<\/p>\n<blockquote>\n<h3>SIB: LAVORI PROGRAMMATI<\/h3>\n<\/blockquote>\n<p><strong>SAN TOMASO<\/strong> Servizi Integrati Bellunesi informa che oggi, dalle 8 alle 12, l\u2019acqua sar\u00e0 sospesa a Costa di Mezzo, Pian Molin e Val per lavori alla rete.<\/p>\n<p>&nbsp;<\/p>\n<p>&nbsp;<\/p>\n<hr \/>\n<p>&nbsp;<\/p>\n<blockquote>\n<h3>IMPATTA SUL MONTE TOC, MORTO PILOTA DI PARAPENDIO<\/h3>\n<\/blockquote>\n<p><strong><a class=\"dt-pswp-item\" href=\"https:\/\/www.radiopiu.net\/wordpress\/wp-content\/uploads\/2025\/04\/IMG-20250430-WA0015.jpg\" data-dt-img-description=\"\" data-large_image_width=\"1200\" data-large_image_height=\"1600\"><img loading=\"lazy\" decoding=\"async\" class=\" wp-image-447419 alignleft\" src=\"https:\/\/www.radiopiu.net\/wordpress\/wp-content\/uploads\/2025\/04\/IMG-20250430-WA0015-225x300.jpg\" alt=\"\" width=\"137\" height=\"183\" srcset=\"https:\/\/www.radiopiu.net\/wordpress\/wp-content\/uploads\/2025\/04\/IMG-20250430-WA0015-225x300.jpg 225w, https:\/\/www.radiopiu.net\/wordpress\/wp-content\/uploads\/2025\/04\/IMG-20250430-WA0015-768x1024.jpg 768w, https:\/\/www.radiopiu.net\/wordpress\/wp-content\/uploads\/2025\/04\/IMG-20250430-WA0015-1152x1536.jpg 1152w, https:\/\/www.radiopiu.net\/wordpress\/wp-content\/uploads\/2025\/04\/IMG-20250430-WA0015.jpg 1200w\" sizes=\"auto, (max-width: 137px) 100vw, 137px\" \/><\/a>SOVERZENE <\/strong>Alle 12.30 circa di mercoled\u00ec, la Centrale del 118 \u00e8 stata allertata da un pilota di parapendio, il cui compagno di volo era precipitato sul versante sud-ovest del Monte Toc e non dava segni di vita. L\u2019allarme \u00e8 scattato mentre il testimone atterrava al campo sportivo di Soverzene. Subito in volo l\u2019elicottero del Suem di Pieve di Cadore per una prima ricognizione, con il supporto a terra di una squadra del Soccorso alpino di Longarone. Durante il rientro di 5 parapendii verso il Pordenonese, dopo un giro nell&#8217;area del Dolada, la vela di R.V., 55 anni, di Roma, si era improvvisamente chiusa, lui era precipitato, aveva sbattuto contro uno spuntone di roccia ed era ruzzolato a valle, a 1.480 metri di quota, perdendo la vita. Il punto d\u2019impatto \u00e8 stato individuato e raggiunto con difficolt\u00e0 su terreno franoso. Il tecnico di elisoccorso, affiancato da due soccorritori, ha provveduto al recupero della salma, imbarellata e trasportata al campo sportivo, insieme al resto della squadra.<\/p>\n<p>&nbsp;<\/p>\n<p>&nbsp;<\/p>\n<hr \/>\n<p>&nbsp;<\/p>\n<blockquote>\n<h3><a class=\"dt-pswp-item\" href=\"https:\/\/www.radiopiu.net\/wordpress\/wp-content\/uploads\/2024\/05\/SUEM-SALT.jpg\" data-dt-img-description=\"\" data-large_image_width=\"1600\" data-large_image_height=\"1200\"><img loading=\"lazy\" decoding=\"async\" class=\" wp-image-388046 alignleft\" src=\"https:\/\/www.radiopiu.net\/wordpress\/wp-content\/uploads\/2024\/05\/SUEM-SALT-300x225.jpg\" alt=\"\" width=\"195\" height=\"146\" srcset=\"https:\/\/www.radiopiu.net\/wordpress\/wp-content\/uploads\/2024\/05\/SUEM-SALT-300x225.jpg 300w, https:\/\/www.radiopiu.net\/wordpress\/wp-content\/uploads\/2024\/05\/SUEM-SALT-1024x768.jpg 1024w, https:\/\/www.radiopiu.net\/wordpress\/wp-content\/uploads\/2024\/05\/SUEM-SALT-768x576.jpg 768w, https:\/\/www.radiopiu.net\/wordpress\/wp-content\/uploads\/2024\/05\/SUEM-SALT-1536x1152.jpg 1536w, https:\/\/www.radiopiu.net\/wordpress\/wp-content\/uploads\/2024\/05\/SUEM-SALT.jpg 1600w\" sizes=\"auto, (max-width: 195px) 100vw, 195px\" \/><\/a>SCIVOLA IN EBIKE SUL SENTIERO DI SAN DIONISIO: 61ENNE SOCCORSO IN ELICOTTERO<\/h3>\n<\/blockquote>\n<p><strong>PIEVE DI CADORE<\/strong> Brutta avventura ieri mattina per un ciclista 61enne di Pieve di Cadore, caduto dalla sua ebike poco sotto la Chiesetta di San Dionisio. L\u2019allarme \u00e8 scattato intorno alle 11.30, quando il compagno ha contattato la Centrale del 118. A causa del possibile politrauma riportato, l\u2019uomo \u00e8 stato recuperato dall\u2019elicottero del Suem e trasportato all\u2019ospedale di Belluno. Il Soccorso alpino di Pieve di Cadore ha supportato le operazioni, occupandosi anche del recupero della bicicletta.<\/p>\n<p>&nbsp;<\/p>\n<p>&nbsp;<\/p>\n<hr \/>\n<p>&nbsp;<\/p>\n<blockquote>\n<h3>TRE INTERVENTI DI SOCCORSO IN MONTAGNA NEL BELLUNESE: ESCURSIONISTI BLOCCATI E FERITI RECUPERATI CON L&#8217;ELICOTTERO<\/h3>\n<\/blockquote>\n<p><strong><a class=\"dt-pswp-item\" href=\"https:\/\/www.radiopiu.net\/wordpress\/wp-content\/uploads\/2024\/09\/SALT-1.jpg\" data-dt-img-description=\"\" data-large_image_width=\"2364\" data-large_image_height=\"1773\"><img loading=\"lazy\" decoding=\"async\" class=\" wp-image-408542 alignleft\" src=\"https:\/\/www.radiopiu.net\/wordpress\/wp-content\/uploads\/2024\/09\/SALT-1-300x225.jpg\" alt=\"\" width=\"187\" height=\"140\" srcset=\"https:\/\/www.radiopiu.net\/wordpress\/wp-content\/uploads\/2024\/09\/SALT-1-300x225.jpg 300w, https:\/\/www.radiopiu.net\/wordpress\/wp-content\/uploads\/2024\/09\/SALT-1-1024x768.jpg 1024w, https:\/\/www.radiopiu.net\/wordpress\/wp-content\/uploads\/2024\/09\/SALT-1-768x576.jpg 768w, https:\/\/www.radiopiu.net\/wordpress\/wp-content\/uploads\/2024\/09\/SALT-1-1536x1152.jpg 1536w, https:\/\/www.radiopiu.net\/wordpress\/wp-content\/uploads\/2024\/09\/SALT-1-2048x1536.jpg 2048w\" sizes=\"auto, (max-width: 187px) 100vw, 187px\" \/><\/a>REDAZIONE <\/strong>Nel primo pomeriggio di ieri, si sono verificati tre interventi di soccorso in montagna nel Bellunese. Ad Alleghe, verso le 14.10, una ragazza ha allertato il 118: lei e due amici erano bloccati in un canale sotto il Lago del Coldai, fuori dal sentiero. Localizzati grazie al GPS, i tre giovani \u2014 una 27enne di Montecchio Maggiore, una 24enne di Padova e un 20enne di Lavagno \u2014 sono stati recuperati con il verricello dall\u2019elicottero del Suem e affidati al Soccorso alpino ai Piani di Pezz\u00e8. In Val di Zoldo, alle 14.30, un escursionista 57enne di Padova \u00e8 stato colpito a un piede da un sasso mentre era sul sentiero 522, diretto al Bivacco Carnielli. Lui e la compagna sono stati recuperati dall\u2019elisoccorso Falco. L\u2019uomo \u00e8 stato trasportato all\u2019ospedale di Belluno, mentre la donna \u00e8 stata riaccompagnata alla propria auto. A Cortina, due ragazze di Vittorio Veneto sono rimaste bloccate dalla neve tra i rifugi Sennes e Biella. Recuperate in localit\u00e0 Ciamporos da un soccorritore e da un elicottero convenzionato, sono state portate a valle e poi riaccompagnate alla macchina.<\/p>\n<p>&nbsp;<\/p>\n<p>&nbsp;<\/p>\n<hr \/>\n<p>&nbsp;<\/p>\n<blockquote>\n<h3 class=\"entry-title\">ADESCA UNA STUDENTESSA MINORENNE DISABILE: DENUNCIATO 25ENNE ROMANO<\/h3>\n<\/blockquote>\n<p><strong><a class=\"dt-pswp-item\" href=\"https:\/\/www.radiopiu.net\/wordpress\/wp-content\/uploads\/2025\/04\/IMG_8171.jpeg\" data-dt-img-description=\"\" data-large_image_width=\"1451\" data-large_image_height=\"884\"><img loading=\"lazy\" decoding=\"async\" class=\" wp-image-447345 alignleft\" src=\"https:\/\/www.radiopiu.net\/wordpress\/wp-content\/uploads\/2025\/04\/IMG_8171-300x183.jpeg\" alt=\"\" width=\"180\" height=\"110\" srcset=\"https:\/\/www.radiopiu.net\/wordpress\/wp-content\/uploads\/2025\/04\/IMG_8171-300x183.jpeg 300w, https:\/\/www.radiopiu.net\/wordpress\/wp-content\/uploads\/2025\/04\/IMG_8171-1024x624.jpeg 1024w, https:\/\/www.radiopiu.net\/wordpress\/wp-content\/uploads\/2025\/04\/IMG_8171-768x468.jpeg 768w, https:\/\/www.radiopiu.net\/wordpress\/wp-content\/uploads\/2025\/04\/IMG_8171.jpeg 1451w\" sizes=\"auto, (max-width: 180px) 100vw, 180px\" \/><\/a>BELLUNO <\/strong>La Polizia di Stato di Belluno, al termine di un\u2019indagine diretta dalla Procura della Repubblica di Venezia, ha denunciato un venticinquenne romano che avrebbe adescato online una giovane studentessa minorenne con disabilit\u00e0. L\u2019attivit\u00e0 investigativa, condotta dalla Sezione Operativa per la Sicurezza Cibernetica di Belluno, \u00e8 iniziata nel marzo 2024 a seguito della segnalazione dei genitori della ragazza. La minore era stata contattata su una piattaforma social molto diffusa tra gli adolescenti da un utente sconosciuto, che dopo aver ottenuto la sua amicizia aveva instaurato un rapporto di fiducia, fino a convincerla a inviargli foto e video di natura intima. Su disposizione della Procura, la Polizia Postale ha analizzato i file di log del profilo social utilizzato dall\u2019uomo, riuscendo a identificarlo. La successiva perquisizione a suo carico ha portato al sequestro di pi\u00f9 smartphone utilizzati per commettere il reato. Le analisi forensi condotte sui dispositivi sequestrati hanno permesso di raccogliere ulteriori evidenze digitali che confermano il reato di adescamento della minore, oltre a far emergere elementi relativi alla detenzione e produzione di materiale pedopornografico. L\u2019indagato \u00e8 ora a disposizione dell\u2019autorit\u00e0 giudiziaria per gli ulteriori sviluppi del procedimento.\u00a0<span class=\"s22\"><span class=\"bumpedFont15\">Il procedimento penale \u00e8 ancora nella fase delle indagini preliminari e l\u2019indagato \u00e8 da ritenersi innocente fino a sentenza def<\/span><\/span><span class=\"s22\"><span class=\"bumpedFont15\">initiva.<\/span><\/span><\/p>\n<p>&nbsp;<\/p>\n<p>&nbsp;<\/p>\n<hr \/>\n<p>&nbsp;<\/p>\n<blockquote>\n<h3>BILANCIO PROVINCIALE: AVANZO E NUOVE STRADE<\/h3>\n<\/blockquote>\n<p class=\"\" data-start=\"159\" data-end=\"338\"><img loading=\"lazy\" decoding=\"async\" class=\"alignleft\" src=\"https:\/\/www.radiopiu.net\/wordpress\/wp-content\/uploads\/2021\/06\/6bda7d20-2bca-46b1-9c47-7864eeb8da9e.jpg\" width=\"169\" height=\"95\" \/><strong>BELLUNO <\/strong>Il Consiglio provinciale di Belluno approva il bilancio 2024 con un avanzo di 16 milioni, in gran parte gi\u00e0 vincolato. Novit\u00e0 anche sulla gestione di strade ex statali e comunali<\/p>\n<p data-start=\"159\" data-end=\"338\"><strong>DI DANIELE DALVIT<\/strong><\/p>\n<audio class=\"wp-audio-shortcode\" id=\"audio-447139-7\" preload=\"none\" style=\"width: 100%;\" controls=\"controls\"><source type=\"audio\/mpeg\" src=\"https:\/\/www.radiopiu.net\/wordpress\/wp-content\/uploads\/2025\/04\/Servizio-Consiglio-provinciale-bilancio-e-strade.mp3?_=7\" \/><a href=\"https:\/\/www.radiopiu.net\/wordpress\/wp-content\/uploads\/2025\/04\/Servizio-Consiglio-provinciale-bilancio-e-strade.mp3\">https:\/\/www.radiopiu.net\/wordpress\/wp-content\/uploads\/2025\/04\/Servizio-Consiglio-provinciale-bilancio-e-strade.mp3<\/a><\/audio>\n<p>&nbsp;<\/p>\n<hr \/>\n<p>&nbsp;<\/p>\n<blockquote>\n<h3>TRE GIORNI PER CELEBRARE I VENT&#8217;ANNI DI GEMELLAGGIO AGORDO-DOLOMIEU<\/h3>\n<\/blockquote>\n<p data-start=\"0\" data-end=\"61\"><strong>AGORDO<\/strong><\/p>\n<p data-start=\"0\" data-end=\"61\"><strong>DI GIANNI SANTOMASO<br \/>\n<\/strong><\/p>\n<audio class=\"wp-audio-shortcode\" id=\"audio-447139-8\" preload=\"none\" style=\"width: 100%;\" controls=\"controls\"><source type=\"audio\/mpeg\" src=\"https:\/\/www.radiopiu.net\/wordpress\/wp-content\/uploads\/2025\/04\/gianni-dolomieu.mp3?_=8\" \/><a href=\"https:\/\/www.radiopiu.net\/wordpress\/wp-content\/uploads\/2025\/04\/gianni-dolomieu.mp3\">https:\/\/www.radiopiu.net\/wordpress\/wp-content\/uploads\/2025\/04\/gianni-dolomieu.mp3<\/a><\/audio>\n<p>&nbsp;<\/p>\n\n\t\t\t<style type='text\/css'>\n\t\t\t\t#gallery-1 {\n\t\t\t\t\tmargin: auto;\n\t\t\t\t}\n\t\t\t\t#gallery-1 .gallery-item {\n\t\t\t\t\tfloat: left;\n\t\t\t\t\tmargin-top: 10px;\n\t\t\t\t\ttext-align: center;\n\t\t\t\t\twidth: 50%;\n\t\t\t\t}\n\t\t\t\t#gallery-1 img {\n\t\t\t\t\tborder: 2px solid #cfcfcf;\n\t\t\t\t}\n\t\t\t\t#gallery-1 .gallery-caption {\n\t\t\t\t\tmargin-left: 0;\n\t\t\t\t}\n\t\t\t\t\/* see gallery_shortcode() in wp-includes\/media.php *\/\n\t\t\t<\/style>\n\t\t<div id='gallery-1' class='dt-gallery-container gallery galleryid-447139 gallery-columns-2 gallery-size-medium'><dl class='gallery-item'>\n\t\t\t\t<dt class='gallery-icon landscape'>\n\t\t\t\t\t<a class=\"rollover rollover-zoom dt-pswp-item\" title=\"Gruppo-visitaCastelloIMG-20230501-WA0102-300x177\" data-dt-img-description=\"\" data-large_image_width=\"300\" data-large_image_height=\"177\"href='https:\/\/www.radiopiu.net\/wordpress\/wp-content\/uploads\/2025\/04\/Gruppo-visitaCastelloIMG-20230501-WA0102-300x177-1.jpg'><img loading=\"lazy\" decoding=\"async\" width=\"300\" height=\"177\" src=\"https:\/\/www.radiopiu.net\/wordpress\/wp-content\/uploads\/2025\/04\/Gruppo-visitaCastelloIMG-20230501-WA0102-300x177-1.jpg\" class=\"attachment-medium size-medium\" alt=\"\" \/><\/a>\n\t\t\t\t<\/dt><\/dl><dl class='gallery-item'>\n\t\t\t\t<dt class='gallery-icon landscape'>\n\t\t\t\t\t<a class=\"rollover rollover-zoom dt-pswp-item\" title=\"th\" data-dt-img-description=\"\" data-large_image_width=\"320\" data-large_image_height=\"180\"href='https:\/\/www.radiopiu.net\/wordpress\/wp-content\/uploads\/2025\/04\/th-2.jpg'><img loading=\"lazy\" decoding=\"async\" width=\"300\" height=\"169\" src=\"https:\/\/www.radiopiu.net\/wordpress\/wp-content\/uploads\/2025\/04\/th-2-300x169.jpg\" class=\"attachment-medium size-medium\" alt=\"\" srcset=\"https:\/\/www.radiopiu.net\/wordpress\/wp-content\/uploads\/2025\/04\/th-2-300x169.jpg 300w, https:\/\/www.radiopiu.net\/wordpress\/wp-content\/uploads\/2025\/04\/th-2.jpg 320w\" sizes=\"auto, (max-width: 300px) 100vw, 300px\" \/><\/a>\n\t\t\t\t<\/dt><\/dl><br style=\"clear: both\" \/>\n\t\t\t<\/div>\n\n<hr \/>\n<blockquote>\n<h3 class=\"entry-title\">OLTRE LIMANA RESPINGE ACCUSE E ALLARMISMI<\/h3>\n<\/blockquote>\n<p><strong><a class=\"dt-pswp-item\" href=\"https:\/\/www.radiopiu.net\/wordpress\/wp-content\/uploads\/2024\/10\/OLTRE-LIMANA.png\" data-dt-img-description=\"\" data-large_image_width=\"1179\" data-large_image_height=\"1184\"><img loading=\"lazy\" decoding=\"async\" class=\" wp-image-413077 alignleft\" src=\"https:\/\/www.radiopiu.net\/wordpress\/wp-content\/uploads\/2024\/10\/OLTRE-LIMANA-300x300.png\" alt=\"\" width=\"155\" height=\"155\" srcset=\"https:\/\/www.radiopiu.net\/wordpress\/wp-content\/uploads\/2024\/10\/OLTRE-LIMANA-300x300.png 300w, https:\/\/www.radiopiu.net\/wordpress\/wp-content\/uploads\/2024\/10\/OLTRE-LIMANA-1020x1024.png 1020w, https:\/\/www.radiopiu.net\/wordpress\/wp-content\/uploads\/2024\/10\/OLTRE-LIMANA-150x150.png 150w, https:\/\/www.radiopiu.net\/wordpress\/wp-content\/uploads\/2024\/10\/OLTRE-LIMANA-768x771.png 768w, https:\/\/www.radiopiu.net\/wordpress\/wp-content\/uploads\/2024\/10\/OLTRE-LIMANA.png 1179w\" sizes=\"auto, (max-width: 155px) 100vw, 155px\" \/><\/a>LIMANA<\/strong> Seduta movimentata al Consiglio comunale di Limana, dove il Sindaco Michele Talo ha definito il rendiconto 2024 \u201cun bilancio che non mi piace\u201d, suscitando le critiche delle minoranze. Il primo cittadino ha segnalato un disavanzo di 460.000 euro, attribuito alla precedente amministrazione, ma secondo la relazione del Revisore dei Conti non vi sono squilibri: il dato si riferisce al conto economico, un documento tecnico e non rappresentativo della reale situazione finanziaria. La capogruppo di Oltre Limana, Milena De Zanet, ha difeso la solidit\u00e0 del bilancio, che presenta un avanzo di amministrazione di oltre 900.000 euro. Le opposizioni hanno contestato anche la gestione delle entrate, come quelle derivanti dal velox sulla SP1, spento a maggio 2024 senza che le previsioni fossero aggiornate. Inoltre, hanno smentito il calo del gettito tributario, evidenziando invece una stabilit\u00e0 dell\u2019IMU e un aumento dell\u2019IRPEF. Secondo Oltre Limana, il bilancio \u00e8 solido e l\u2019amministrazione avrebbe potuto affrontare meglio le criticit\u00e0, evitando toni allarmistici e dimostrando maggiore competenza gestionale.<\/p>\n<p>&nbsp;<\/p>\n<p>&nbsp;<\/p>\n<hr \/>\n<p>&nbsp;<\/p>\n<blockquote>\n<h3>ELISA BERGAGNIN NUOVA PRESIDENTE DEL COMITATO IMPRESA DONNA APPIA CONFERMATO FRANCO ROSSO ALLA GUIDA DEI PENSIONATI<\/h3>\n<\/blockquote>\n<p><strong><a class=\"dt-pswp-item\" href=\"https:\/\/www.radiopiu.net\/wordpress\/wp-content\/uploads\/2025\/04\/Bergagnin-Elisa_CID-scaled.jpg\" data-dt-img-description=\"\" data-large_image_width=\"1707\" data-large_image_height=\"2560\"><img loading=\"lazy\" decoding=\"async\" class=\" wp-image-447404 alignleft\" src=\"https:\/\/www.radiopiu.net\/wordpress\/wp-content\/uploads\/2025\/04\/Bergagnin-Elisa_CID-200x300.jpg\" alt=\"\" width=\"122\" height=\"183\" srcset=\"https:\/\/www.radiopiu.net\/wordpress\/wp-content\/uploads\/2025\/04\/Bergagnin-Elisa_CID-200x300.jpg 200w, https:\/\/www.radiopiu.net\/wordpress\/wp-content\/uploads\/2025\/04\/Bergagnin-Elisa_CID-683x1024.jpg 683w, https:\/\/www.radiopiu.net\/wordpress\/wp-content\/uploads\/2025\/04\/Bergagnin-Elisa_CID-768x1152.jpg 768w, https:\/\/www.radiopiu.net\/wordpress\/wp-content\/uploads\/2025\/04\/Bergagnin-Elisa_CID-1024x1536.jpg 1024w, https:\/\/www.radiopiu.net\/wordpress\/wp-content\/uploads\/2025\/04\/Bergagnin-Elisa_CID-1365x2048.jpg 1365w, https:\/\/www.radiopiu.net\/wordpress\/wp-content\/uploads\/2025\/04\/Bergagnin-Elisa_CID-scaled.jpg 1707w\" sizes=\"auto, (max-width: 122px) 100vw, 122px\" \/><\/a>BELLUNO <\/strong>Cambio al vertice del Comitato Impresa Donna di Appia CNA Belluno con l\u2019elezione di Elisa Bergagnin, imprenditrice e mamma, titolare della Ferramenta Bergagnin di Santo Stefano di Cadore, che subentra a Moira Fontana dopo quattro anni di mandato. Al centro del suo impegno: <a class=\"dt-pswp-item\" href=\"https:\/\/www.radiopiu.net\/wordpress\/wp-content\/uploads\/2025\/04\/FRANCO-ROSSO.jpg\" data-dt-img-description=\"\" data-large_image_width=\"400\" data-large_image_height=\"300\"><img loading=\"lazy\" decoding=\"async\" class=\" wp-image-447403 alignright\" src=\"https:\/\/www.radiopiu.net\/wordpress\/wp-content\/uploads\/2025\/04\/FRANCO-ROSSO-300x225.jpg\" alt=\"\" width=\"207\" height=\"155\" srcset=\"https:\/\/www.radiopiu.net\/wordpress\/wp-content\/uploads\/2025\/04\/FRANCO-ROSSO-300x225.jpg 300w, https:\/\/www.radiopiu.net\/wordpress\/wp-content\/uploads\/2025\/04\/FRANCO-ROSSO.jpg 400w\" sizes=\"auto, (max-width: 207px) 100vw, 207px\" \/><\/a>valorizzazione del lavoro femminile, attenzione alle esigenze delle mamme lavoratrici e promozione di modelli di welfare e parit\u00e0 di genere. Confermato Franco Rosso alla guida del gruppo Pensionati, che rappresenta circa mille iscritti in provincia di Belluno e tutela gli interessi degli artigiani in pensione, con iniziative, servizi e relazioni con le istituzioni. Entrambe le nomine rientrano nel percorso verso la prossima assemblea estiva per l\u2019elezione del nuovo presidente provinciale di Appia CNA.<\/p>\n<p>&nbsp;<\/p>\n<p>&nbsp;<\/p>\n<hr \/>\n<p>&nbsp;<\/p>\n<blockquote>\n<h3>ESSILORLUXOTTICA, OK DELL\u2019ASSEMBLEA DEGLI AZIONISTI AL DIVIDENDO DI 3,95 EURO<\/h3>\n<\/blockquote>\n<p><strong><a class=\"dt-pswp-item\" href=\"https:\/\/www.radiopiu.net\/wordpress\/wp-content\/uploads\/2024\/04\/essilorluxottica.png\" data-dt-img-description=\"\" data-large_image_width=\"400\" data-large_image_height=\"400\"><img loading=\"lazy\" decoding=\"async\" class=\" wp-image-386124 alignleft\" src=\"https:\/\/www.radiopiu.net\/wordpress\/wp-content\/uploads\/2024\/04\/essilorluxottica-300x300.png\" alt=\"\" width=\"148\" height=\"148\" srcset=\"https:\/\/www.radiopiu.net\/wordpress\/wp-content\/uploads\/2024\/04\/essilorluxottica-300x300.png 300w, https:\/\/www.radiopiu.net\/wordpress\/wp-content\/uploads\/2024\/04\/essilorluxottica-150x150.png 150w, https:\/\/www.radiopiu.net\/wordpress\/wp-content\/uploads\/2024\/04\/essilorluxottica.png 400w\" sizes=\"auto, (max-width: 148px) 100vw, 148px\" \/><\/a>PARIGI\/AGORDO\u00a0 <\/strong>L\u2019Assemblea annuale degli azionisti di EssilorLuxottica, riunita mercoled\u00ec a Parigi, ha approvato tutte le delibere proposte dal Consiglio di Amministrazione. Via libera quindi alla distribuzione di un dividendo pari a 3,95 euro per azione relativo all\u2019anno fiscale 2024, con possibilit\u00e0 di pagamento anche in azioni. Un risultato importante per il colosso dell\u2019ottica, che ha sottolineato la propria crescita nel settore med-tech e wearable, sostenuta da una solida struttura industriale e logistica e da un portafoglio di marchi iconici. <em>\u201cDesideriamo ringraziare tutti i nostri azionisti, compresi i quasi 100.000 dipendenti azionisti, per la <\/em><em>fiducia e il sostegno in una fase di profonda evoluzione del nostro Gruppo. Stiamo rendendo <\/em><em>EssilorLuxottica una societ\u00e0 pi\u00f9 forte nel med-tech e nel wearable computing, costruendo le nostre <\/em><em>strategie di sviluppo su un backbone industriale e logistico senza pari nel settore dell\u2019ottica e su un <\/em><em>portafoglio di marchi iconici unico sul mercato. Questa strategia non solo genera valore per tutti, con <\/em><em>l\u2019approvazione oggi di un dividendo a 3,95 Euro, quasi doppio rispetto al primo pagato nel 2018, ma <\/em><em>anche opportunit\u00e0 di crescita future e di profonda innovazione che siamo fiduciosi di poter condividere con tutti i nostri stakeholder\u201d, hanno commentato Francesco Milleri, Presidente e Amministratore Delegato e Paul du Saillant, Vice Amministratore Delegato di EssilorLuxottica dopo l\u2019Assemblea.<\/em><\/p>\n<p>&nbsp;<\/p>\n<blockquote>\n<h3 class=\"entry-title\">EssilorLuxottica valuta la produzione negli USA, ma niente fretta<\/h3>\n<\/blockquote>\n<p><img loading=\"lazy\" decoding=\"async\" class=\"alignleft\" src=\"https:\/\/www.radiopiu.net\/wordpress\/wp-content\/uploads\/2025\/04\/LUXOTTICA.jpg\" width=\"147\" height=\"110\" \/>Durante l\u2019assemblea degli azionisti a Parigi, l\u2019AD di EssilorLuxottica Francesco Milleri ha annunciato che il gruppo sta valutando il trasferimento di parte della produzione negli Stati Uniti, a causa dei dazi doganali americani. Tuttavia, la decisione \u2013 come precisato dalla Reuters-\u00a0 non \u00e8 imminente e verr\u00e0 presa entro tre o quattro mesi, considerando anche la disponibilit\u00e0 di personale qualificato. Nessuna intenzione di spostare la produzione da Italia e Francia, mentre le attivit\u00e0 in Thailandia e Messico sono sotto esame. Milleri ha anche parlato di crescita futura tramite acquisizioni, investimenti in chip, intelligenza artificiale e salute oculare.<\/p>\n<p>&nbsp;<\/p>\n<p>&nbsp;<\/p>\n<hr \/>\n<p>&nbsp;<\/p>\n<blockquote>\n<h3>CONTRATTI PART-TIME IN VENETO: IN CRESCITA SOPRATTUTTO TRA LE DONNE E NEL TERZIARIO<\/h3>\n<\/blockquote>\n<p><strong><a class=\"dt-pswp-item\" href=\"https:\/\/www.radiopiu.net\/wordpress\/wp-content\/uploads\/2025\/02\/veneto-lavoro-concorso-2022.png\" data-dt-img-description=\"\" data-large_image_width=\"600\" data-large_image_height=\"350\"><img loading=\"lazy\" decoding=\"async\" class=\" wp-image-437138 alignleft\" src=\"https:\/\/www.radiopiu.net\/wordpress\/wp-content\/uploads\/2025\/02\/veneto-lavoro-concorso-2022-300x175.png\" alt=\"\" width=\"163\" height=\"95\" srcset=\"https:\/\/www.radiopiu.net\/wordpress\/wp-content\/uploads\/2025\/02\/veneto-lavoro-concorso-2022-300x175.png 300w, https:\/\/www.radiopiu.net\/wordpress\/wp-content\/uploads\/2025\/02\/veneto-lavoro-concorso-2022.png 600w\" sizes=\"auto, (max-width: 163px) 100vw, 163px\" \/><\/a>VENEZIA <\/strong>Il part-time \u00e8 ormai una componente strutturale del mercato del lavoro in Veneto, dove coinvolge 415 mila lavoratori (18,6% degli occupati), con un marcato divario di genere: il 35% delle donne lavora part-time contro solo il 6% degli uomini. Nel 2024 le assunzioni a tempo parziale sono state circa 288 mila, concentrate nei servizi, come turismo, commercio, cura alla persona e pulizie. Pi\u00f9 diffuso nei contratti a termine e di breve durata, il part-time risponde alla necessit\u00e0 di flessibilit\u00e0 organizzativa, ma anche al bisogno di conciliazione tra lavoro e vita privata, specialmente per le donne. Tuttavia, oltre met\u00e0 dei lavoratori part-time in Italia lo fa per necessit\u00e0, non per scelta, con un rischio concreto di precariet\u00e0 e minori tutele. In Veneto, il part-time involontario \u00e8 sotto il 50%, con una maggiore incidenza tra gli uomini. Il contratto part-time pu\u00f2 rappresentare una buona opportunit\u00e0, ma solo se usato in modo consapevole e sostenuto da politiche adeguate. Tutti i dati nel report \u201cPart-time e mercato del lavoro in Veneto\u201d su <a class=\"\" href=\"http:\/\/www.venetolavoro.it\" target=\"_new\" rel=\"noopener\" data-start=\"1211\" data-end=\"1260\">www.venetolavoro.it<\/a>.<\/p>\n<p>&nbsp;<\/p>\n<p>&nbsp;<\/p>\n<hr \/>\n<p>&nbsp;<\/p>\n<blockquote>\n<h3>IL COMITATO ZINGHENESTA RAPPRESENTA LA PROVINCIA DI BELLUNO A EXPO OSAKA<\/h3>\n<\/blockquote>\n<p><strong>REDAZIONE <\/strong>Il comitato Zinghenesta \u00e8 in viaggio verso il Giappone per rappresentare con orgoglio la provincia di Belluno all\u2019Expo di Osaka. La delegazione \u00e8 partita ieri mattina dall\u2019aeroporto Marco Polo di Venezia ed \u00e8 atterrata in nottata nella citt\u00e0 giapponese, dove prender\u00e0 parte a una serie di eventi e iniziative nell\u2019ambito dell\u2019esposizione universale. Il gruppo porter\u00e0 in mostra tradizioni, cultura e identit\u00e0 del territorio bellunese. L\u2019invito a partecipare all\u2019Expo rappresenta un riconoscimento del lavoro svolto dal comitato.<\/p>\n\n\t\t\t<style type='text\/css'>\n\t\t\t\t#gallery-2 {\n\t\t\t\t\tmargin: auto;\n\t\t\t\t}\n\t\t\t\t#gallery-2 .gallery-item {\n\t\t\t\t\tfloat: left;\n\t\t\t\t\tmargin-top: 10px;\n\t\t\t\t\ttext-align: center;\n\t\t\t\t\twidth: 50%;\n\t\t\t\t}\n\t\t\t\t#gallery-2 img {\n\t\t\t\t\tborder: 2px solid #cfcfcf;\n\t\t\t\t}\n\t\t\t\t#gallery-2 .gallery-caption {\n\t\t\t\t\tmargin-left: 0;\n\t\t\t\t}\n\t\t\t\t\/* see gallery_shortcode() in wp-includes\/media.php *\/\n\t\t\t<\/style>\n\t\t<div id='gallery-2' class='dt-gallery-container gallery galleryid-447139 gallery-columns-2 gallery-size-medium'><dl class='gallery-item'>\n\t\t\t\t<dt class='gallery-icon landscape'>\n\t\t\t\t\t<a class=\"rollover rollover-zoom dt-pswp-item\" title=\"7fb05f77-2208-4cd0-b55a-800026be0a96\" data-dt-img-description=\"\" data-large_image_width=\"1600\" data-large_image_height=\"1200\"href='https:\/\/www.radiopiu.net\/wordpress\/wp-content\/uploads\/2025\/05\/7fb05f77-2208-4cd0-b55a-800026be0a96.jpg'><img loading=\"lazy\" decoding=\"async\" width=\"300\" height=\"225\" src=\"https:\/\/www.radiopiu.net\/wordpress\/wp-content\/uploads\/2025\/05\/7fb05f77-2208-4cd0-b55a-800026be0a96-300x225.jpg\" class=\"attachment-medium size-medium\" alt=\"\" aria-describedby=\"gallery-2-447530\" srcset=\"https:\/\/www.radiopiu.net\/wordpress\/wp-content\/uploads\/2025\/05\/7fb05f77-2208-4cd0-b55a-800026be0a96-300x225.jpg 300w, https:\/\/www.radiopiu.net\/wordpress\/wp-content\/uploads\/2025\/05\/7fb05f77-2208-4cd0-b55a-800026be0a96-1024x768.jpg 1024w, https:\/\/www.radiopiu.net\/wordpress\/wp-content\/uploads\/2025\/05\/7fb05f77-2208-4cd0-b55a-800026be0a96-768x576.jpg 768w, https:\/\/www.radiopiu.net\/wordpress\/wp-content\/uploads\/2025\/05\/7fb05f77-2208-4cd0-b55a-800026be0a96-1536x1152.jpg 1536w, https:\/\/www.radiopiu.net\/wordpress\/wp-content\/uploads\/2025\/05\/7fb05f77-2208-4cd0-b55a-800026be0a96.jpg 1600w\" sizes=\"auto, (max-width: 300px) 100vw, 300px\" \/><\/a>\n\t\t\t\t<\/dt>\n\t\t\t\t\t<dd class='wp-caption-text gallery-caption' id='gallery-2-447530'>\n\t\t\t\t\tLA PARTENZA DA VENEZIA\n\t\t\t\t\t<\/dd><\/dl><dl class='gallery-item'>\n\t\t\t\t<dt class='gallery-icon landscape'>\n\t\t\t\t\t<a class=\"rollover rollover-zoom dt-pswp-item\" title=\"b8541535-6cc6-4f2f-a8d7-b82ddd9be897\" data-dt-img-description=\"\" data-large_image_width=\"1600\" data-large_image_height=\"1200\"href='https:\/\/www.radiopiu.net\/wordpress\/wp-content\/uploads\/2025\/05\/b8541535-6cc6-4f2f-a8d7-b82ddd9be897.jpg'><img loading=\"lazy\" decoding=\"async\" width=\"300\" height=\"225\" src=\"https:\/\/www.radiopiu.net\/wordpress\/wp-content\/uploads\/2025\/05\/b8541535-6cc6-4f2f-a8d7-b82ddd9be897-300x225.jpg\" class=\"attachment-medium size-medium\" alt=\"\" aria-describedby=\"gallery-2-447531\" srcset=\"https:\/\/www.radiopiu.net\/wordpress\/wp-content\/uploads\/2025\/05\/b8541535-6cc6-4f2f-a8d7-b82ddd9be897-300x225.jpg 300w, https:\/\/www.radiopiu.net\/wordpress\/wp-content\/uploads\/2025\/05\/b8541535-6cc6-4f2f-a8d7-b82ddd9be897-1024x768.jpg 1024w, https:\/\/www.radiopiu.net\/wordpress\/wp-content\/uploads\/2025\/05\/b8541535-6cc6-4f2f-a8d7-b82ddd9be897-768x576.jpg 768w, https:\/\/www.radiopiu.net\/wordpress\/wp-content\/uploads\/2025\/05\/b8541535-6cc6-4f2f-a8d7-b82ddd9be897-1536x1152.jpg 1536w, https:\/\/www.radiopiu.net\/wordpress\/wp-content\/uploads\/2025\/05\/b8541535-6cc6-4f2f-a8d7-b82ddd9be897.jpg 1600w\" sizes=\"auto, (max-width: 300px) 100vw, 300px\" \/><\/a>\n\t\t\t\t<\/dt>\n\t\t\t\t\t<dd class='wp-caption-text gallery-caption' id='gallery-2-447531'>\n\t\t\t\t\tLO SCALO A MONACO DI BAVIERA\n\t\t\t\t\t<\/dd><\/dl><br style=\"clear: both\" \/>\n\t\t\t<\/div>\n\n<p>&nbsp;<\/p>\n<hr \/>\n<p>&nbsp;<\/p>\n<blockquote>\n<h3>HOSPICE \u201cLE VETTE\u201d: AL VIA L\u2019AMPLIAMENTO GRAZIE ALLA DONAZIONE DELLA FAMIGLIA FERRO<\/h3>\n<\/blockquote>\n<p><strong><a class=\"dt-pswp-item\" href=\"https:\/\/www.radiopiu.net\/wordpress\/wp-content\/uploads\/2025\/04\/WhatsApp-Image-2025-04-30-at-14.49.48-1.jpeg\" data-dt-img-description=\"\" data-large_image_width=\"1600\" data-large_image_height=\"955\"><img loading=\"lazy\" decoding=\"async\" class=\" wp-image-447412 alignleft\" src=\"https:\/\/www.radiopiu.net\/wordpress\/wp-content\/uploads\/2025\/04\/WhatsApp-Image-2025-04-30-at-14.49.48-1-300x179.jpeg\" alt=\"\" width=\"174\" height=\"104\" srcset=\"https:\/\/www.radiopiu.net\/wordpress\/wp-content\/uploads\/2025\/04\/WhatsApp-Image-2025-04-30-at-14.49.48-1-300x179.jpeg 300w, https:\/\/www.radiopiu.net\/wordpress\/wp-content\/uploads\/2025\/04\/WhatsApp-Image-2025-04-30-at-14.49.48-1-1024x611.jpeg 1024w, https:\/\/www.radiopiu.net\/wordpress\/wp-content\/uploads\/2025\/04\/WhatsApp-Image-2025-04-30-at-14.49.48-1-768x458.jpeg 768w, https:\/\/www.radiopiu.net\/wordpress\/wp-content\/uploads\/2025\/04\/WhatsApp-Image-2025-04-30-at-14.49.48-1-1536x917.jpeg 1536w, https:\/\/www.radiopiu.net\/wordpress\/wp-content\/uploads\/2025\/04\/WhatsApp-Image-2025-04-30-at-14.49.48-1.jpeg 1600w\" sizes=\"auto, (max-width: 174px) 100vw, 174px\" \/><\/a>BELLUNO<\/strong> L\u2019Hospice \u201cLe Vette\u201d si amplier\u00e0 grazie a una donazione di 180 mila euro della famiglia Battista Ferro, in memoria del figlio Daniele. Il nuovo spazio includer\u00e0 una sala polifunzionale intitolata proprio a Daniele Ferro, destinata alle attivit\u00e0 dell\u2019\u00e9quipe di cure palliative, alla formazione dei volontari di <em data-start=\"545\" data-end=\"557\" data-is-only-node=\"\">Mano Amica<\/em> e a momenti di sollievo e socialit\u00e0 per gli ospiti. Il progetto, elaborato e donato dallo Studio Areatecnica dell\u2019ing. Gianluca Vigne, \u00e8 stato accolto con favore dal commissario Giuseppe Dal Ben, che ha sottolineato il valore della collaborazione tra Ente, Volontariato e cittadini. La sala sar\u00e0 un simbolo concreto di accoglienza, dignit\u00e0 e relazione, nato da un gesto di amore e memoria.<\/p>\n<p>&nbsp;<\/p>\n<p>&nbsp;<\/p>\n<hr \/>\n<p>&nbsp;<\/p>\n<blockquote>\n<h3 class=\"entry-title\">L\u2019UTILIZZO DEL MEDIO E BASSO PIAVE A SCOPO IDROELETTRICO E IRRIGUO<\/h3>\n<\/blockquote>\n<p><strong><a class=\"dt-pswp-item\" href=\"https:\/\/www.radiopiu.net\/wordpress\/wp-content\/uploads\/2025\/04\/Immagine-2025-04-30-100204.jpg\" data-dt-img-description=\"\" data-large_image_width=\"506\" data-large_image_height=\"414\"><img loading=\"lazy\" decoding=\"async\" class=\" wp-image-447361 alignleft\" src=\"https:\/\/www.radiopiu.net\/wordpress\/wp-content\/uploads\/2025\/04\/Immagine-2025-04-30-100204-300x245.jpg\" alt=\"\" width=\"173\" height=\"141\" srcset=\"https:\/\/www.radiopiu.net\/wordpress\/wp-content\/uploads\/2025\/04\/Immagine-2025-04-30-100204-300x245.jpg 300w, https:\/\/www.radiopiu.net\/wordpress\/wp-content\/uploads\/2025\/04\/Immagine-2025-04-30-100204.jpg 506w\" sizes=\"auto, (max-width: 173px) 100vw, 173px\" \/><\/a>FELTRE<\/strong> La collana \u201cMomenti AICS\u201d si arricchisce di un nuovo volume, il quinto, dedicato all\u2019utilizzo dell\u2019acqua del Piave e dei suoi affluenti per fini energetici e irrigui. Il libro analizza l\u2019area tra Sospirolo e i canali Castelletto-Nervesa e Vittoria, documentando progetti realizzati e altri mai concretizzati, soprattutto dopo lo stop seguito alla tragedia del Vajont. L\u2019opera ricostruisce in dettaglio gli sviluppi idroelettrici che avrebbero potuto portare il bacino del Piave a produrre oltre 3 miliardi di kWh, pari a un quindicesimo della produzione idroelettrica nazionale. La presentazione ufficiale si terr\u00e0 domani alle 18.30 al Fondaco delle Biade di Feltre, con una mostra di pannelli e immagini tratte dal libro.<\/p>\n<p>&nbsp;<\/p>\n<p>&nbsp;<\/p>\n<hr \/>\n<p>&nbsp;<\/p>\n<blockquote>\n<h3>SCUOLA SICURA VENETO: IL 23 MAGGIO TAPPA A FELTRE ALL\u2019ISTITUTO DELLA LUCIA<\/h3>\n<\/blockquote>\n<p><strong>VENEZIA<\/strong> Partir\u00e0 il 5 maggio il tour 2024 di \u201cScuola Sicura Veneto\u201d, il progetto della Regione che punta a educare i giovani su come comportarsi in caso di emergenza. Tra le sei tappe primaverili spicca Feltre, dove l\u2019iniziativa far\u00e0 tappa il 23 maggio all\u2019Istituto Agrario Della Lucia. Durante la giornata sono previste simulazioni di evacuazione, dimostrazioni con mezzi di soccorso \u2013 incluso l\u2019elicottero del Suem 118 \u2013 e momenti formativi con Protezione Civile, vigili del fuoco e forze dell\u2019ordine. L\u2019obiettivo \u00e8 trasmettere agli studenti nozioni pratiche e durature sui comportamenti corretti da adottare per prevenire rischi e incidenti. Verranno anche presentate le funzionalit\u00e0 dei vari mezzi di emergenza, e ogni studente ricever\u00e0 un volumetto con i contatti locali della Protezione Civile. \u201cVogliamo che quanto imparato resti nella memoria dei ragazzi, non solo come ricordo di una giornata speciale\u201d, ha dichiarato l\u2019assessore Gianpaolo Bottacin. Oltre a Feltre, il tour far\u00e0 tappa a Legnago, Bassano, Rovigo, Este e, pi\u00f9 avanti, a Mestre.<\/p>\n<p><iframe loading=\"lazy\" title=\"SCUOLA SICURA VENETO 6 aggiornata\" width=\"1200\" height=\"675\" src=\"https:\/\/www.youtube.com\/embed\/ktwizE_bL8Q?feature=oembed\" frameborder=\"0\" allow=\"accelerometer; autoplay; clipboard-write; encrypted-media; gyroscope; picture-in-picture; web-share\" referrerpolicy=\"strict-origin-when-cross-origin\" allowfullscreen><\/iframe><\/p>\n<p>&nbsp;<\/p>\n<hr \/>\n<p>&nbsp;<\/p>\n<blockquote>\n<h3>UN ALBERO PER IL FUTURO: ALLA \u201cUGO FOSCOLO\u201d DIECI NUOVE PIANTE E UN IMPEGNO PER L\u2019AMBIENTE<\/h3>\n<\/blockquote>\n<p><strong>SEDICO<\/strong> Alla scuola media \u201cUgo Foscolo\u201d di Sedico si \u00e8 svolta una cerimonia con protagonisti gli studenti delle classi prime e il Reparto Biodiversit\u00e0 dei Carabinieri Forestali di Belluno, che hanno piantato dieci alberi e arbusti nel giardino dell\u2019istituto. L\u2019iniziativa conclude il progetto \u201cUn albero per il futuro\u201d, iniziato a febbraio con una lezione teorica e una visita alla riserva naturale del Vincheto di Celarda. Tra le specie piantate ci sono carpino, frassino, ciliegio e biancospino. Oltre al valore educativo, l\u2019attivit\u00e0 ha anche una funzione ambientale, contribuendo all\u2019assorbimento di CO\u2082. I Forestali hanno invitato i ragazzi a riflettere sulla fortuna di vivere in un territorio ricco di biodiversit\u00e0 e protetto. La cerimonia si \u00e8 chiusa con un minuto di silenzio in memoria di papa Francesco, per il suo impegno ambientale.<\/p>\n\n\t\t\t<style type='text\/css'>\n\t\t\t\t#gallery-3 {\n\t\t\t\t\tmargin: auto;\n\t\t\t\t}\n\t\t\t\t#gallery-3 .gallery-item {\n\t\t\t\t\tfloat: left;\n\t\t\t\t\tmargin-top: 10px;\n\t\t\t\t\ttext-align: center;\n\t\t\t\t\twidth: 33%;\n\t\t\t\t}\n\t\t\t\t#gallery-3 img {\n\t\t\t\t\tborder: 2px solid #cfcfcf;\n\t\t\t\t}\n\t\t\t\t#gallery-3 .gallery-caption {\n\t\t\t\t\tmargin-left: 0;\n\t\t\t\t}\n\t\t\t\t\/* see gallery_shortcode() in wp-includes\/media.php *\/\n\t\t\t<\/style>\n\t\t<div id='gallery-3' class='dt-gallery-container gallery galleryid-447139 gallery-columns-3 gallery-size-thumbnail'><dl class='gallery-item'>\n\t\t\t\t<dt class='gallery-icon landscape'>\n\t\t\t\t\t<a class=\"rollover rollover-zoom dt-pswp-item\" title=\"piantumazione Scuola media Sedico (1)-1\" data-dt-img-description=\"\" data-large_image_width=\"1774\" data-large_image_height=\"1500\"href='https:\/\/www.radiopiu.net\/wordpress\/wp-content\/uploads\/2025\/04\/piantumazione-Scuola-media-Sedico-1-1.jpeg'><img loading=\"lazy\" decoding=\"async\" width=\"150\" height=\"150\" src=\"https:\/\/www.radiopiu.net\/wordpress\/wp-content\/uploads\/2025\/04\/piantumazione-Scuola-media-Sedico-1-1-150x150.jpeg\" class=\"attachment-thumbnail size-thumbnail\" alt=\"\" \/><\/a>\n\t\t\t\t<\/dt><\/dl><dl class='gallery-item'>\n\t\t\t\t<dt class='gallery-icon landscape'>\n\t\t\t\t\t<a class=\"rollover rollover-zoom dt-pswp-item\" title=\"piantumazione Scuola media Sedico (5)-1\" data-dt-img-description=\"\" data-large_image_width=\"1600\" data-large_image_height=\"1200\"href='https:\/\/www.radiopiu.net\/wordpress\/wp-content\/uploads\/2025\/04\/piantumazione-Scuola-media-Sedico-5-1.jpeg'><img loading=\"lazy\" decoding=\"async\" width=\"150\" height=\"150\" src=\"https:\/\/www.radiopiu.net\/wordpress\/wp-content\/uploads\/2025\/04\/piantumazione-Scuola-media-Sedico-5-1-150x150.jpeg\" class=\"attachment-thumbnail size-thumbnail\" alt=\"\" \/><\/a>\n\t\t\t\t<\/dt><\/dl><dl class='gallery-item'>\n\t\t\t\t<dt class='gallery-icon portrait'>\n\t\t\t\t\t<a class=\"rollover rollover-zoom dt-pswp-item\" title=\"piantumazione Scuola media Sedico (2)-1\" data-dt-img-description=\"\" data-large_image_width=\"1346\" data-large_image_height=\"2000\"href='https:\/\/www.radiopiu.net\/wordpress\/wp-content\/uploads\/2025\/04\/piantumazione-Scuola-media-Sedico-2-1.jpeg'><img loading=\"lazy\" decoding=\"async\" width=\"150\" height=\"150\" src=\"https:\/\/www.radiopiu.net\/wordpress\/wp-content\/uploads\/2025\/04\/piantumazione-Scuola-media-Sedico-2-1-150x150.jpeg\" class=\"attachment-thumbnail size-thumbnail\" alt=\"\" \/><\/a>\n\t\t\t\t<\/dt><\/dl><br style=\"clear: both\" \/><dl class='gallery-item'>\n\t\t\t\t<dt class='gallery-icon landscape'>\n\t\t\t\t\t<a class=\"rollover rollover-zoom dt-pswp-item\" title=\"piantumazione Scuola media Sedico (3)-1\" data-dt-img-description=\"\" data-large_image_width=\"1600\" data-large_image_height=\"1200\"href='https:\/\/www.radiopiu.net\/wordpress\/wp-content\/uploads\/2025\/04\/piantumazione-Scuola-media-Sedico-3-1.jpeg'><img loading=\"lazy\" decoding=\"async\" width=\"150\" height=\"150\" src=\"https:\/\/www.radiopiu.net\/wordpress\/wp-content\/uploads\/2025\/04\/piantumazione-Scuola-media-Sedico-3-1-150x150.jpeg\" class=\"attachment-thumbnail size-thumbnail\" alt=\"\" \/><\/a>\n\t\t\t\t<\/dt><\/dl><dl class='gallery-item'>\n\t\t\t\t<dt class='gallery-icon portrait'>\n\t\t\t\t\t<a class=\"rollover rollover-zoom dt-pswp-item\" title=\"piantumazione Scuola media Sedico (6)-1\" data-dt-img-description=\"\" data-large_image_width=\"1096\" data-large_image_height=\"1500\"href='https:\/\/www.radiopiu.net\/wordpress\/wp-content\/uploads\/2025\/04\/piantumazione-Scuola-media-Sedico-6-1.jpeg'><img loading=\"lazy\" decoding=\"async\" width=\"150\" height=\"150\" src=\"https:\/\/www.radiopiu.net\/wordpress\/wp-content\/uploads\/2025\/04\/piantumazione-Scuola-media-Sedico-6-1-150x150.jpeg\" class=\"attachment-thumbnail size-thumbnail\" alt=\"\" \/><\/a>\n\t\t\t\t<\/dt><\/dl><dl class='gallery-item'>\n\t\t\t\t<dt class='gallery-icon landscape'>\n\t\t\t\t\t<a class=\"rollover rollover-zoom dt-pswp-item\" title=\"piantumazione Scuola media Sedico (4)-1\" data-dt-img-description=\"\" data-large_image_width=\"1600\" data-large_image_height=\"1200\"href='https:\/\/www.radiopiu.net\/wordpress\/wp-content\/uploads\/2025\/04\/piantumazione-Scuola-media-Sedico-4-1.jpeg'><img loading=\"lazy\" decoding=\"async\" width=\"150\" height=\"150\" src=\"https:\/\/www.radiopiu.net\/wordpress\/wp-content\/uploads\/2025\/04\/piantumazione-Scuola-media-Sedico-4-1-150x150.jpeg\" class=\"attachment-thumbnail size-thumbnail\" alt=\"\" \/><\/a>\n\t\t\t\t<\/dt><\/dl><br style=\"clear: both\" \/>\n\t\t\t<\/div>\n\n<p>&nbsp;<\/p>\n<hr \/>\n<p>&nbsp;<\/p>\n<blockquote>\n<h3>VOLONTARI IN AZIONE PER L\u2019AMBIENTE E LA COMUNIT\u00c0<\/h3>\n<\/blockquote>\n<p><strong>CANALE D&#8217;AGORDO <\/strong>Si \u00e8 svolta domenica la Giornata Ecologica organizzata dalla Pro Loco di Canale d\u2019Agordo, che ha visto la partecipazione attiva di oltre 50 volontari, uniti dall\u2019obiettivo comune di prendersi cura dell\u2019ambiente e del proprio paese. Durante la mattinata, i partecipanti si sono dedicati non solo alla raccolta dei rifiuti, ma anche a interventi di manutenzione e pulizia di fontane, sentieri e marciapiedi, contribuendo in modo concreto al decoro e alla vivibilit\u00e0 del territorio. Un\u2019iniziativa che ha portato beneficio non solo all\u2019ambiente, ma anche alla comunit\u00e0, rafforzando il senso di appartenenza e collaborazione. A conclusione della giornata, tutti i volontari si sono ritrovati per condividere un momento conviviale con una pastasciutta al \u201cBait dei Cazador\u201d. La Pro Loco ringrazia calorosamente tutti coloro che hanno partecipato e reso possibile questa giornata all\u2019insegna del rispetto per la natura e della solidariet\u00e0 tra cittadini.<\/p>\n\n\t\t\t<style type='text\/css'>\n\t\t\t\t#gallery-4 {\n\t\t\t\t\tmargin: auto;\n\t\t\t\t}\n\t\t\t\t#gallery-4 .gallery-item {\n\t\t\t\t\tfloat: left;\n\t\t\t\t\tmargin-top: 10px;\n\t\t\t\t\ttext-align: center;\n\t\t\t\t\twidth: 25%;\n\t\t\t\t}\n\t\t\t\t#gallery-4 img {\n\t\t\t\t\tborder: 2px solid #cfcfcf;\n\t\t\t\t}\n\t\t\t\t#gallery-4 .gallery-caption {\n\t\t\t\t\tmargin-left: 0;\n\t\t\t\t}\n\t\t\t\t\/* see gallery_shortcode() in wp-includes\/media.php *\/\n\t\t\t<\/style>\n\t\t<div id='gallery-4' class='dt-gallery-container gallery galleryid-447139 gallery-columns-4 gallery-size-thumbnail'><dl class='gallery-item'>\n\t\t\t\t<dt class='gallery-icon landscape'>\n\t\t\t\t\t<a class=\"rollover rollover-zoom dt-pswp-item\" title=\"58cf5115-f53a-4d0d-aef3-e4aa21118f6e\" data-dt-img-description=\"\" data-large_image_width=\"1850\" data-large_image_height=\"1195\"href='https:\/\/www.radiopiu.net\/wordpress\/wp-content\/uploads\/2025\/04\/58cf5115-f53a-4d0d-aef3-e4aa21118f6e.jpg'><img loading=\"lazy\" decoding=\"async\" width=\"150\" height=\"150\" src=\"https:\/\/www.radiopiu.net\/wordpress\/wp-content\/uploads\/2025\/04\/58cf5115-f53a-4d0d-aef3-e4aa21118f6e-150x150.jpg\" class=\"attachment-thumbnail size-thumbnail\" alt=\"\" \/><\/a>\n\t\t\t\t<\/dt><\/dl><dl class='gallery-item'>\n\t\t\t\t<dt class='gallery-icon portrait'>\n\t\t\t\t\t<a class=\"rollover rollover-zoom dt-pswp-item\" title=\"a544da3b-2350-4d98-b434-58aad27533be\" data-dt-img-description=\"\" data-large_image_width=\"871\" data-large_image_height=\"1291\"href='https:\/\/www.radiopiu.net\/wordpress\/wp-content\/uploads\/2025\/04\/a544da3b-2350-4d98-b434-58aad27533be.jpg'><img loading=\"lazy\" decoding=\"async\" width=\"150\" height=\"150\" src=\"https:\/\/www.radiopiu.net\/wordpress\/wp-content\/uploads\/2025\/04\/a544da3b-2350-4d98-b434-58aad27533be-150x150.jpg\" class=\"attachment-thumbnail size-thumbnail\" alt=\"\" \/><\/a>\n\t\t\t\t<\/dt><\/dl><dl class='gallery-item'>\n\t\t\t\t<dt class='gallery-icon portrait'>\n\t\t\t\t\t<a class=\"rollover rollover-zoom dt-pswp-item\" title=\"6715e719-7ac5-4090-8ab1-c29a51872366\" data-dt-img-description=\"\" data-large_image_width=\"900\" data-large_image_height=\"1600\"href='https:\/\/www.radiopiu.net\/wordpress\/wp-content\/uploads\/2025\/04\/6715e719-7ac5-4090-8ab1-c29a51872366.jpg'><img loading=\"lazy\" decoding=\"async\" width=\"150\" height=\"150\" src=\"https:\/\/www.radiopiu.net\/wordpress\/wp-content\/uploads\/2025\/04\/6715e719-7ac5-4090-8ab1-c29a51872366-150x150.jpg\" class=\"attachment-thumbnail size-thumbnail\" alt=\"\" \/><\/a>\n\t\t\t\t<\/dt><\/dl><dl class='gallery-item'>\n\t\t\t\t<dt class='gallery-icon landscape'>\n\t\t\t\t\t<a class=\"rollover rollover-zoom dt-pswp-item\" title=\"e01462ae-8320-4434-80d5-4199e519ff7a\" data-dt-img-description=\"\" data-large_image_width=\"1600\" data-large_image_height=\"1200\"href='https:\/\/www.radiopiu.net\/wordpress\/wp-content\/uploads\/2025\/04\/e01462ae-8320-4434-80d5-4199e519ff7a.jpg'><img loading=\"lazy\" decoding=\"async\" width=\"150\" height=\"150\" src=\"https:\/\/www.radiopiu.net\/wordpress\/wp-content\/uploads\/2025\/04\/e01462ae-8320-4434-80d5-4199e519ff7a-150x150.jpg\" class=\"attachment-thumbnail size-thumbnail\" alt=\"\" \/><\/a>\n\t\t\t\t<\/dt><\/dl><br style=\"clear: both\" \/><dl class='gallery-item'>\n\t\t\t\t<dt class='gallery-icon landscape'>\n\t\t\t\t\t<a class=\"rollover rollover-zoom dt-pswp-item\" title=\"42693ac3-105c-4cdb-a151-e413d4d9a698\" data-dt-img-description=\"\" data-large_image_width=\"1600\" data-large_image_height=\"1200\"href='https:\/\/www.radiopiu.net\/wordpress\/wp-content\/uploads\/2025\/04\/42693ac3-105c-4cdb-a151-e413d4d9a698.jpg'><img loading=\"lazy\" decoding=\"async\" width=\"150\" height=\"150\" src=\"https:\/\/www.radiopiu.net\/wordpress\/wp-content\/uploads\/2025\/04\/42693ac3-105c-4cdb-a151-e413d4d9a698-150x150.jpg\" class=\"attachment-thumbnail size-thumbnail\" alt=\"\" \/><\/a>\n\t\t\t\t<\/dt><\/dl><dl class='gallery-item'>\n\t\t\t\t<dt class='gallery-icon landscape'>\n\t\t\t\t\t<a class=\"rollover rollover-zoom dt-pswp-item\" title=\"55ed4842-961b-45e9-ae19-bce11274fcfa\" data-dt-img-description=\"\" data-large_image_width=\"1600\" data-large_image_height=\"1200\"href='https:\/\/www.radiopiu.net\/wordpress\/wp-content\/uploads\/2025\/04\/55ed4842-961b-45e9-ae19-bce11274fcfa.jpg'><img loading=\"lazy\" decoding=\"async\" width=\"150\" height=\"150\" src=\"https:\/\/www.radiopiu.net\/wordpress\/wp-content\/uploads\/2025\/04\/55ed4842-961b-45e9-ae19-bce11274fcfa-150x150.jpg\" class=\"attachment-thumbnail size-thumbnail\" alt=\"\" \/><\/a>\n\t\t\t\t<\/dt><\/dl><dl class='gallery-item'>\n\t\t\t\t<dt class='gallery-icon portrait'>\n\t\t\t\t\t<a class=\"rollover rollover-zoom dt-pswp-item\" title=\"0c88f929-dac2-4aea-94a6-98784639921a\" data-dt-img-description=\"\" data-large_image_width=\"1200\" data-large_image_height=\"1600\"href='https:\/\/www.radiopiu.net\/wordpress\/wp-content\/uploads\/2025\/04\/0c88f929-dac2-4aea-94a6-98784639921a.jpg'><img loading=\"lazy\" decoding=\"async\" width=\"150\" height=\"150\" src=\"https:\/\/www.radiopiu.net\/wordpress\/wp-content\/uploads\/2025\/04\/0c88f929-dac2-4aea-94a6-98784639921a-150x150.jpg\" class=\"attachment-thumbnail size-thumbnail\" alt=\"\" \/><\/a>\n\t\t\t\t<\/dt><\/dl><dl class='gallery-item'>\n\t\t\t\t<dt class='gallery-icon portrait'>\n\t\t\t\t\t<a class=\"rollover rollover-zoom dt-pswp-item\" title=\"146f0150-4adb-4db2-a947-513d6a27f551\" data-dt-img-description=\"\" data-large_image_width=\"1113\" data-large_image_height=\"1204\"href='https:\/\/www.radiopiu.net\/wordpress\/wp-content\/uploads\/2025\/04\/146f0150-4adb-4db2-a947-513d6a27f551.jpg'><img loading=\"lazy\" decoding=\"async\" width=\"150\" height=\"150\" src=\"https:\/\/www.radiopiu.net\/wordpress\/wp-content\/uploads\/2025\/04\/146f0150-4adb-4db2-a947-513d6a27f551-150x150.jpg\" class=\"attachment-thumbnail size-thumbnail\" alt=\"\" \/><\/a>\n\t\t\t\t<\/dt><\/dl><br style=\"clear: both\" \/>\n\t\t\t<\/div>\n\n<p>&nbsp;<\/p>\n<hr \/>\n<p>&nbsp;<\/p>\n<blockquote>\n<h3>MUSEO MASCHERE DOLOMITICHE: CRESCE IL SOSTEGNO, MA IL FUTURO RESTA INCERTO<\/h3>\n<\/blockquote>\n<p><strong>BELLUNO <\/strong>A due settimane dall&#8217;appello per salvare il <em data-start=\"89\" data-end=\"123\">Museo delle Maschere Dolomitiche<\/em> di Gianluigi Secco, l\u2019associazione Borgo Piave ETC aps aggiorna sulla situazione. Nel weekend di Pasqua, il museo ha registrato oltre 120 visitatori, tra cui una comitiva calabrese, e l\u2019iniziativa &#8220;Rolo al Pont\u00e8t&#8221; ha portato 300 persone in tre giorni. Nonostante l&#8217;interesse mediatico e alcune visite immobiliari, la situazione resta in stallo. Il museo, ospitato in un palazzo storico vincolato, \u00e8 stato oggetto di domande tecniche su usi e costi, mentre cresce il sostegno di cittadini, istituzioni locali e della <em data-start=\"641\" data-end=\"685\">Rete delle Mascherate Arcaiche Dolomitiche<\/em>. Il presidente Antonio Gheno ribadisce: il museo deve restare a Palazzo Secco, luogo simbolico e unico al mondo per la collezione che ospita. \u201cSenza le persone che la raccontano, la collezione perde la sua anima\u201d.<\/p>\n\n\t\t\t<style type='text\/css'>\n\t\t\t\t#gallery-5 {\n\t\t\t\t\tmargin: auto;\n\t\t\t\t}\n\t\t\t\t#gallery-5 .gallery-item {\n\t\t\t\t\tfloat: left;\n\t\t\t\t\tmargin-top: 10px;\n\t\t\t\t\ttext-align: center;\n\t\t\t\t\twidth: 33%;\n\t\t\t\t}\n\t\t\t\t#gallery-5 img {\n\t\t\t\t\tborder: 2px solid #cfcfcf;\n\t\t\t\t}\n\t\t\t\t#gallery-5 .gallery-caption {\n\t\t\t\t\tmargin-left: 0;\n\t\t\t\t}\n\t\t\t\t\/* see gallery_shortcode() in wp-includes\/media.php *\/\n\t\t\t<\/style>\n\t\t<div id='gallery-5' class='dt-gallery-container gallery galleryid-447139 gallery-columns-3 gallery-size-thumbnail'><dl class='gallery-item'>\n\t\t\t\t<dt class='gallery-icon portrait'>\n\t\t\t\t\t<a class=\"rollover rollover-zoom dt-pswp-item\" title=\"Immagine 2025-01-28 ore 19.30.56_84caa153\" data-dt-img-description=\"\" data-large_image_width=\"1125\" data-large_image_height=\"1500\"href='https:\/\/www.radiopiu.net\/wordpress\/wp-content\/uploads\/2025\/05\/Immagine-2025-01-28-ore-19.30.56_84caa153.jpg'><img loading=\"lazy\" decoding=\"async\" width=\"150\" height=\"150\" src=\"https:\/\/www.radiopiu.net\/wordpress\/wp-content\/uploads\/2025\/05\/Immagine-2025-01-28-ore-19.30.56_84caa153-150x150.jpg\" class=\"attachment-thumbnail size-thumbnail\" alt=\"\" \/><\/a>\n\t\t\t\t<\/dt><\/dl><dl class='gallery-item'>\n\t\t\t\t<dt class='gallery-icon landscape'>\n\t\t\t\t\t<a class=\"rollover rollover-zoom dt-pswp-item\" title=\"_DSC3825\" data-dt-img-description=\"\" data-large_image_width=\"2560\" data-large_image_height=\"1707\"href='https:\/\/www.radiopiu.net\/wordpress\/wp-content\/uploads\/2025\/05\/DSC3825-scaled.jpg'><img loading=\"lazy\" decoding=\"async\" width=\"150\" height=\"150\" src=\"https:\/\/www.radiopiu.net\/wordpress\/wp-content\/uploads\/2025\/05\/DSC3825-150x150.jpg\" class=\"attachment-thumbnail size-thumbnail\" alt=\"\" \/><\/a>\n\t\t\t\t<\/dt><\/dl><dl class='gallery-item'>\n\t\t\t\t<dt class='gallery-icon landscape'>\n\t\t\t\t\t<a class=\"rollover rollover-zoom dt-pswp-item\" title=\"Immagine WhatsApp 2025-03-05 ore 00.38.11_18647dc8\" data-dt-img-description=\"\" data-large_image_width=\"2048\" data-large_image_height=\"922\"href='https:\/\/www.radiopiu.net\/wordpress\/wp-content\/uploads\/2025\/05\/Immagine-WhatsApp-2025-03-05-ore-00.38.11_18647dc8.jpg'><img loading=\"lazy\" decoding=\"async\" width=\"150\" height=\"150\" src=\"https:\/\/www.radiopiu.net\/wordpress\/wp-content\/uploads\/2025\/05\/Immagine-WhatsApp-2025-03-05-ore-00.38.11_18647dc8-150x150.jpg\" class=\"attachment-thumbnail size-thumbnail\" alt=\"\" \/><\/a>\n\t\t\t\t<\/dt><\/dl><br style=\"clear: both\" \/>\n\t\t\t<\/div>\n\n<p>&nbsp;<\/p>\n<hr \/>\n<p>&nbsp;<\/p>\n<blockquote>\n<h3>DOMENICA TORNA A SOSPIROLO &#8220;SONON PAR SAN GOTTARDO&#8221;<\/h3>\n<\/blockquote>\n<p><strong><a class=\"dt-pswp-item\" href=\"https:\/\/www.radiopiu.net\/wordpress\/wp-content\/uploads\/2025\/04\/SAN-GOTTARDO.jpg\" data-dt-img-description=\"\" data-large_image_width=\"1280\" data-large_image_height=\"640\"><img loading=\"lazy\" decoding=\"async\" class=\" wp-image-447120 alignleft\" src=\"https:\/\/www.radiopiu.net\/wordpress\/wp-content\/uploads\/2025\/04\/SAN-GOTTARDO-300x150.jpg\" alt=\"\" width=\"242\" height=\"121\" srcset=\"https:\/\/www.radiopiu.net\/wordpress\/wp-content\/uploads\/2025\/04\/SAN-GOTTARDO-300x150.jpg 300w, https:\/\/www.radiopiu.net\/wordpress\/wp-content\/uploads\/2025\/04\/SAN-GOTTARDO-1024x512.jpg 1024w, https:\/\/www.radiopiu.net\/wordpress\/wp-content\/uploads\/2025\/04\/SAN-GOTTARDO-768x384.jpg 768w, https:\/\/www.radiopiu.net\/wordpress\/wp-content\/uploads\/2025\/04\/SAN-GOTTARDO.jpg 1280w\" sizes=\"auto, (max-width: 242px) 100vw, 242px\" \/><\/a>SOSPIROLO<\/strong> Torna domenica sera per la terza edizione a Sospirolo \u201cSonon par San Gottardo\u201d, serata musicale promossa per raccogliere fondi per il restauro della chiesa gravemente danneggiata da un fulmine nell&#8217;estate del 2022.<\/p>\n<p><strong>DI DANIELE DALVIT<\/strong><\/p>\n<audio class=\"wp-audio-shortcode\" id=\"audio-447139-9\" preload=\"none\" style=\"width: 100%;\" controls=\"controls\"><source type=\"audio\/mpeg\" src=\"https:\/\/www.radiopiu.net\/wordpress\/wp-content\/uploads\/2025\/04\/Servizio-Concerto-San-Gottardo-Sospirolo-2025.mp3?_=9\" \/><a href=\"https:\/\/www.radiopiu.net\/wordpress\/wp-content\/uploads\/2025\/04\/Servizio-Concerto-San-Gottardo-Sospirolo-2025.mp3\">https:\/\/www.radiopiu.net\/wordpress\/wp-content\/uploads\/2025\/04\/Servizio-Concerto-San-Gottardo-Sospirolo-2025.mp3<\/a><\/audio>\n<p>&nbsp;<\/p>\n<hr \/>\n<p>&nbsp;<\/p>\n<blockquote>\n<h3>POLIZIA DI STATO: AL VIA IL CONCORSO PUBBLICO PER L&#8217;ASSUNZIONE DI OLTRE 4 MILA ALLIEVI<\/h3>\n<\/blockquote>\n<p><strong>BELLUNO<\/strong> \u00c8 stato pubblicato il bando di concorso per l\u2019assunzione di 4.617 allievi agenti della Polizia di Stato, aperto a cittadini italiani e volontari delle Forze Armate. Le domande possono essere inviate online dal 23 aprile al 22 maggio 2025 tramite il sito <a class=\"\" href=\"https:\/\/concorsionline.poliziadistato.it\" target=\"_new\" rel=\"noopener\" data-start=\"254\" data-end=\"294\">https:\/\/concorsionline.poliziadistato.it<\/a> o il Portale del reclutamento <a class=\"\" href=\"http:\/\/www.inpa.gov.it\" target=\"_new\" rel=\"noopener\" data-start=\"325\" data-end=\"340\">www.inpa.gov.it<\/a>.<\/p>\n<p>&nbsp;<\/p>\n<p>&nbsp;<\/p>\n<hr \/>\n<p>&nbsp;<\/p>\n<blockquote>\n<h3>CONCORSO PER UFFICIALI DEL RUOLO TECNICO DELL\u2019ARMA DEI CARABINIERI<\/h3>\n<\/blockquote>\n<p><strong><a class=\"dt-pswp-item\" href=\"https:\/\/www.radiopiu.net\/wordpress\/wp-content\/uploads\/2025\/04\/Concorso-Ruolo-Tecnico-2.jpg\" data-dt-img-description=\"\" data-large_image_width=\"2560\" data-large_image_height=\"1792\"><img loading=\"lazy\" decoding=\"async\" class=\" wp-image-445904 alignleft\" src=\"https:\/\/www.radiopiu.net\/wordpress\/wp-content\/uploads\/2025\/04\/Concorso-Ruolo-Tecnico-2-300x210.jpg\" alt=\"\" width=\"199\" height=\"139\" srcset=\"https:\/\/www.radiopiu.net\/wordpress\/wp-content\/uploads\/2025\/04\/Concorso-Ruolo-Tecnico-2-300x210.jpg 300w, https:\/\/www.radiopiu.net\/wordpress\/wp-content\/uploads\/2025\/04\/Concorso-Ruolo-Tecnico-2-1024x717.jpg 1024w, https:\/\/www.radiopiu.net\/wordpress\/wp-content\/uploads\/2025\/04\/Concorso-Ruolo-Tecnico-2-768x538.jpg 768w, https:\/\/www.radiopiu.net\/wordpress\/wp-content\/uploads\/2025\/04\/Concorso-Ruolo-Tecnico-2-1536x1075.jpg 1536w, https:\/\/www.radiopiu.net\/wordpress\/wp-content\/uploads\/2025\/04\/Concorso-Ruolo-Tecnico-2-2048x1434.jpg 2048w\" sizes=\"auto, (max-width: 199px) 100vw, 199px\" \/><\/a>BELLUNO<\/strong> \u00c8 stato indetto un concorso per l\u2019arruolamento di 17 Ufficiali nel Ruolo Tecnico dell\u2019Arma dei Carabinieri. I posti sono suddivisi in diverse specialit\u00e0, tra cui medicina, veterinaria, psicologia, investigazioni scientifiche, telematica, genio e amministrazione. Tre posti sono riservati a Carabinieri gi\u00e0 in servizio. Possono partecipare cittadini italiani con laurea magistrale nell\u2019ambito richiesto e con et\u00e0 inferiore ai 32 anni alla scadenza del bando. I vincitori saranno nominati Tenenti e frequenteranno un corso di un anno presso la Scuola Ufficiali. La domanda deve essere presentata online su <a class=\"\" href=\"http:\/\/www.carabinieri.it\" target=\"_new\" rel=\"noopener\" data-start=\"604\" data-end=\"622\">www.carabinieri.it<\/a> entro il 19 maggio 2025. Il ruolo tecnico valorizza competenze professionali al servizio dell\u2019Istituzione e dei cittadini.<\/p>\n<p>&nbsp;<\/p>\n<p>&nbsp;<\/p>\n<hr \/>\n<p>&nbsp;<\/p>\n<blockquote>\n<h3>LA SETTIMANA DELLA PREVENZIONE DEL TUMORE OVARICO<\/h3>\n<\/blockquote>\n<p><strong><a class=\"dt-pswp-item\" href=\"https:\/\/www.radiopiu.net\/wordpress\/wp-content\/uploads\/2025\/04\/SCR-20250419-mxkt.png\" data-dt-img-description=\"\" data-large_image_width=\"1024\" data-large_image_height=\"472\"><img loading=\"lazy\" decoding=\"async\" class=\" wp-image-445910 alignleft\" src=\"https:\/\/www.radiopiu.net\/wordpress\/wp-content\/uploads\/2025\/04\/SCR-20250419-mxkt-300x138.png\" alt=\"\" width=\"198\" height=\"91\" srcset=\"https:\/\/www.radiopiu.net\/wordpress\/wp-content\/uploads\/2025\/04\/SCR-20250419-mxkt-300x138.png 300w, https:\/\/www.radiopiu.net\/wordpress\/wp-content\/uploads\/2025\/04\/SCR-20250419-mxkt-768x354.png 768w, https:\/\/www.radiopiu.net\/wordpress\/wp-content\/uploads\/2025\/04\/SCR-20250419-mxkt.png 1024w\" sizes=\"auto, (max-width: 198px) 100vw, 198px\" \/><\/a>BELLUNO<\/strong> L\u2019Ulss Dolomiti, in collaborazione con ACTO \u2013 Alleanza Contro il Tumore Ovarico, promuove la Settimana per la prevenzione del tumore ovarico dal 5 al 10 maggio 2025, con iniziative dedicate alla sensibilizzazione femminile. Luned\u00ec 5 e marted\u00ec 6 si terranno incontri individuali con un ginecologo presso l\u2019Ospedale di Feltre, su prenotazione via email. Gioved\u00ec 8, dalle 17.00 alle 19.00, si svolger\u00e0 un incontro con una make-up artist per valorizzare l\u2019aspetto fisico durante il percorso oncologico. Venerd\u00ec 9 e sabato 10 maggio si terranno laboratori creativi a Feltre e Belluno, anch\u2019essi su prenotazione. Tutte le attivit\u00e0 mirano a promuovere la prevenzione e il benessere durante la malattia.<\/p>\n<p>&nbsp;<\/p>\n<p>&nbsp;<\/p>\n<hr \/>\n<p>&nbsp;<\/p>\n<blockquote>\n<h3>RI-PENSARE L&#8217;ADOLESCENZA: LABORATORIO ESPERIENZIALE AD AGORDO PER ADULTI CON RUOLI EDUCATIVI<\/h3>\n<\/blockquote>\n<p><img loading=\"lazy\" decoding=\"async\" class=\"alignleft\" src=\"https:\/\/www.radiopiu.net\/wordpress\/wp-content\/uploads\/2025\/04\/Immagine-2025-04-16-094924.jpg\" width=\"247\" height=\"105\" \/><strong>AGORDO<\/strong> La Biblioteca di Agordo in via 27 aprile,\u00a0 ospiter\u00e0 un ciclo di tre incontri dal titolo &#8220;Ri-pensare l&#8217;adolescenza&#8221;, un laboratorio esperienziale rivolto ad adulti che ricoprono ruoli educativi, quali genitori, insegnanti, allenatori e animatori. L&#8217;iniziativa si propone di offrire uno spazio di riflessione e confronto sugli spazi e i tempi nella relazione educativa con ragazze e ragazzi di et\u00e0 compresa tra gli 11 e i 14 anni.\u200b Dettagli degli incontri:\u00a0 mercoled\u00ec 7, 14 e 21 maggio 2025\u00a0 dalle 17:45 alle 19:30<b>.\u00a0 <\/b><span class=\"relative -mx-px my-[-0.2rem] rounded px-px py-[0.2rem] transition-colors duration-100 ease-in-out\">Il laboratorio sar\u00e0 condotto da professionisti dell&#8217;ULSS 1 Dolomiti, utilizzando una metodologia interattiva che favorisce la partecipazione attiva dei presenti.<\/span> <span class=\"relative -mx-px my-[-0.2rem] rounded px-px py-[0.2rem] transition-colors duration-100 ease-in-out\">L&#8217;obiettivo \u00e8 quello di stimolare una riflessione condivisa sulle dinamiche educative, offrendo strumenti e spunti per migliorare la relazione con gli adolescenti.<\/span>\u200b <span class=\"relative -mx-px my-[-0.2rem] rounded px-px py-[0.2rem] transition-colors duration-100 ease-in-out\">La partecipazione \u00e8 gratuita, ma \u00e8 necessario iscriversi contattando il Ser.D di Agordo al numero 0437 645338.<\/span> <span class=\"relative -mx-px my-[-0.2rem] rounded px-px py-[0.2rem] transition-colors duration-100 ease-in-out\">I posti disponibili sono limitati a 25 partecipanti, pertanto si consiglia di prenotare con anticipo.<\/span>\u200b <span class=\"relative -mx-px my-[-0.2rem] rounded px-px py-[0.2rem] transition-colors duration-100 ease-in-out\">Per ulteriori informazioni e aggiornamenti, \u00e8 possibile visitare la pagina Facebook dell&#8217;ULSS 1 Dolomiti.<\/span><\/p>\n<p>&nbsp;<\/p>\n<p>&nbsp;<\/p>\n<hr \/>\n<p>&nbsp;<\/p>\n<blockquote>\n<h3>MAGGIO AGORDINO CON I PERITI MINERARI<\/h3>\n<\/blockquote>\n<p><strong><a class=\"dt-pswp-item\" href=\"https:\/\/www.radiopiu.net\/wordpress\/wp-content\/uploads\/2025\/04\/MAGGIO-AGORDINO.jpg\" data-dt-img-description=\"\" data-large_image_width=\"510\" data-large_image_height=\"159\"><img loading=\"lazy\" decoding=\"async\" class=\" wp-image-447126 alignleft\" src=\"https:\/\/www.radiopiu.net\/wordpress\/wp-content\/uploads\/2025\/04\/MAGGIO-AGORDINO-300x94.jpg\" alt=\"\" width=\"259\" height=\"81\" srcset=\"https:\/\/www.radiopiu.net\/wordpress\/wp-content\/uploads\/2025\/04\/MAGGIO-AGORDINO-300x94.jpg 300w, https:\/\/www.radiopiu.net\/wordpress\/wp-content\/uploads\/2025\/04\/MAGGIO-AGORDINO.jpg 510w\" sizes=\"auto, (max-width: 259px) 100vw, 259px\" \/><\/a>AGORDO<\/strong> Nel mese di maggio, l&#8217;Associazione Periti Industriali Minerari di Agordo organizza un ciclo di conferenze a ingresso libero presso la Sala Don T\u00e0mis, ogni gioved\u00ec e venerd\u00ec sera alle 20.30. Le serate esploreranno il territorio agordino, la sua storia mineraria e le sfide future. Il programma include: il 9 maggio, &#8220;Le Dolomiti e la Nascita del Paesaggio pi\u00f9 Bello del Mondo&#8221; con Danilo Giordano, il 15 maggio &#8220;Rottura Climatica in Atto&#8221; con Robert Thierry Luciani, il 23 maggio &#8220;Figli della Miniera&#8221; con Marco Mottes e il 30 maggio &#8220;Il Tempo del Sole&#8221; con Giuseppe De Don\u00e0. Quattro eventi imperdibili per scoprire e riflettere sul nostro territorio e la sua storia.<\/p>\n<p>&nbsp;<\/p>\n<p>&nbsp;<\/p>\n<hr \/>\n<p>&nbsp;<\/p>\n<blockquote>\n<h3>PIG&amp;MENTI, AL VIA I NUOVI CORSI D\u2019ARTE CON GRANDI MAESTRI<\/h3>\n<\/blockquote>\n<p class=\"\" data-start=\"85\" data-end=\"364\"><strong><a class=\"dt-pswp-item\" href=\"https:\/\/www.radiopiu.net\/wordpress\/wp-content\/uploads\/2025\/04\/13a60188-42da-4728-9c68-f2a0bdc8ce27.png\" data-dt-img-description=\"\" data-large_image_width=\"1024\" data-large_image_height=\"1536\"><img loading=\"lazy\" decoding=\"async\" class=\"size-medium wp-image-445305 alignleft\" src=\"https:\/\/www.radiopiu.net\/wordpress\/wp-content\/uploads\/2025\/04\/13a60188-42da-4728-9c68-f2a0bdc8ce27-200x300.png\" alt=\"\" width=\"200\" height=\"300\" srcset=\"https:\/\/www.radiopiu.net\/wordpress\/wp-content\/uploads\/2025\/04\/13a60188-42da-4728-9c68-f2a0bdc8ce27-200x300.png 200w, https:\/\/www.radiopiu.net\/wordpress\/wp-content\/uploads\/2025\/04\/13a60188-42da-4728-9c68-f2a0bdc8ce27-683x1024.png 683w, https:\/\/www.radiopiu.net\/wordpress\/wp-content\/uploads\/2025\/04\/13a60188-42da-4728-9c68-f2a0bdc8ce27-768x1152.png 768w, https:\/\/www.radiopiu.net\/wordpress\/wp-content\/uploads\/2025\/04\/13a60188-42da-4728-9c68-f2a0bdc8ce27.png 1024w\" sizes=\"auto, (max-width: 200px) 100vw, 200px\" \/><\/a> <\/strong><\/p>\n<p class=\"\" data-start=\"85\" data-end=\"364\"><strong>\u00a0<\/strong><\/p>\n<p class=\"\" data-start=\"85\" data-end=\"364\"><strong>\u00a0<\/strong><\/p>\n<p class=\"\" data-start=\"85\" data-end=\"364\"><strong>BELLUNO<\/strong> L&#8217;Associazione Pig&amp;Menti ha aperto le iscrizioni ai nuovi corsi di pittura per grandi e piccoli, con insegnanti esperti, in due location uniche: la canonica della Chiesa di San Martino a Fortogna e Villa De Conz a San Gregorio. Tra le proposte, pittura impressionista, espressionista, e a fresco a Fortogna, e il corso di Ecoprint, una tecnica naturale, a San Gregorio. I corsi offrono un&#8217;opportunit\u00e0 unica per esplorare l&#8217;arte in un contesto affascinante. Per info e iscrizioni: <a rel=\"noopener\" data-start=\"480\" data-end=\"501\">pigmentiaps@gmail.com<\/a>, 333 1324592.<\/p>\n<p class=\"\" data-start=\"85\" data-end=\"364\"><strong>AUDIO ALLA RADIO.. PIU&#8217;<br \/>\n<\/strong><\/p>\n<audio class=\"wp-audio-shortcode\" id=\"audio-447139-10\" preload=\"none\" style=\"width: 100%;\" controls=\"controls\"><source type=\"audio\/mpeg\" src=\"https:\/\/www.radiopiu.net\/wordpress\/wp-content\/uploads\/2025\/04\/PigMenti.mp3?_=10\" \/><a href=\"https:\/\/www.radiopiu.net\/wordpress\/wp-content\/uploads\/2025\/04\/PigMenti.mp3\">https:\/\/www.radiopiu.net\/wordpress\/wp-content\/uploads\/2025\/04\/PigMenti.mp3<\/a><\/audio>\n<p>&nbsp;<\/p>\n<hr \/>\n<p>&nbsp;<\/p>\n<blockquote>\n<h3><a class=\"dt-pswp-item\" href=\"https:\/\/www.radiopiu.net\/wordpress\/wp-content\/uploads\/2025\/05\/SCR-20250501-pbwo.jpeg\" data-dt-img-description=\"\" data-large_image_width=\"1330\" data-large_image_height=\"1770\"><img loading=\"lazy\" decoding=\"async\" class=\" wp-image-447493 alignleft\" src=\"https:\/\/www.radiopiu.net\/wordpress\/wp-content\/uploads\/2025\/05\/SCR-20250501-pbwo-225x300.jpeg\" alt=\"\" width=\"121\" height=\"162\" srcset=\"https:\/\/www.radiopiu.net\/wordpress\/wp-content\/uploads\/2025\/05\/SCR-20250501-pbwo-225x300.jpeg 225w, https:\/\/www.radiopiu.net\/wordpress\/wp-content\/uploads\/2025\/05\/SCR-20250501-pbwo-769x1024.jpeg 769w, https:\/\/www.radiopiu.net\/wordpress\/wp-content\/uploads\/2025\/05\/SCR-20250501-pbwo-768x1022.jpeg 768w, https:\/\/www.radiopiu.net\/wordpress\/wp-content\/uploads\/2025\/05\/SCR-20250501-pbwo-1154x1536.jpeg 1154w, https:\/\/www.radiopiu.net\/wordpress\/wp-content\/uploads\/2025\/05\/SCR-20250501-pbwo.jpeg 1330w\" sizes=\"auto, (max-width: 121px) 100vw, 121px\" \/><\/a>PACE E DISARMO A BELUNO IL 9 MAGGIO<\/h3>\n<\/blockquote>\n<p><strong>BELLUNO<\/strong> Venerd\u00ec 9 maggio, dalle 18:00 alle 19:00, il Coordinamento Pace e Disarmo di Belluno promuove un\u2019azione simbolica davanti alla prefettura per la Festa dell\u2019Europa. L\u2019iniziativa si oppone sia al riarmo UE (800 miliardi di euro sottratti a servizi essenziali) sia alla guerra in Gaza, denunciando l\u2019inazione internazionale, il blocco degli aiuti e le violenze contro i civili. Verr\u00e0 consegnata una lettera al Prefetto con richieste di cessate il fuoco, sanzioni a Israele, riconoscimento dello Stato di Palestina e disarmo globale. L\u2019appello mira a promuovere la pace, la cooperazione e una nuova conferenza internazionale sulla sicurezza collettiva.<\/p>\n<p>&nbsp;<\/p>\n<p>&nbsp;<\/p>\n<hr \/>\n<p>&nbsp;<\/p>\n<blockquote>\n<h3>INTER CLUB AGORDINO IN FESTA: LIBRO, PRANZO E ORGOGLIO SCUDETTO<\/h3>\n<\/blockquote>\n<p><strong><a class=\"dt-pswp-item\" href=\"https:\/\/www.radiopiu.net\/wordpress\/wp-content\/uploads\/2025\/04\/7e1d91b2-5c0f-41af-9a0e-117e7d3e0631.jpg\" data-dt-img-description=\"\" data-large_image_width=\"1132\" data-large_image_height=\"1600\"><img loading=\"lazy\" decoding=\"async\" class=\" wp-image-446576 alignleft\" src=\"https:\/\/www.radiopiu.net\/wordpress\/wp-content\/uploads\/2025\/04\/7e1d91b2-5c0f-41af-9a0e-117e7d3e0631-212x300.jpg\" alt=\"\" width=\"106\" height=\"150\" srcset=\"https:\/\/www.radiopiu.net\/wordpress\/wp-content\/uploads\/2025\/04\/7e1d91b2-5c0f-41af-9a0e-117e7d3e0631-212x300.jpg 212w, https:\/\/www.radiopiu.net\/wordpress\/wp-content\/uploads\/2025\/04\/7e1d91b2-5c0f-41af-9a0e-117e7d3e0631-724x1024.jpg 724w, https:\/\/www.radiopiu.net\/wordpress\/wp-content\/uploads\/2025\/04\/7e1d91b2-5c0f-41af-9a0e-117e7d3e0631-768x1086.jpg 768w, https:\/\/www.radiopiu.net\/wordpress\/wp-content\/uploads\/2025\/04\/7e1d91b2-5c0f-41af-9a0e-117e7d3e0631-1087x1536.jpg 1087w, https:\/\/www.radiopiu.net\/wordpress\/wp-content\/uploads\/2025\/04\/7e1d91b2-5c0f-41af-9a0e-117e7d3e0631.jpg 1132w\" sizes=\"auto, (max-width: 106px) 100vw, 106px\" \/><\/a>AGORDO <\/strong>Una giornata all\u2019insegna del nerazzurro si terr\u00e0 domenica 11 maggio a Falcade, con il Pranzo Sociale dell\u2019Inter Club Agordino \u201cGiacinto Facchetti\u201d, evento aperto a soci, amici, familiari e simpatizzanti del club. Il pranzo inizier\u00e0 alle 13 allo Sport Hotel Cristal di Falcade e vedr\u00e0 la partecipazione speciale di Gianfelice Facchetti, figlio del leggendario capitano dell\u2019Inter Giacinto Facchetti. Sar\u00e0 un momento di condivisione, celebrazione e orgoglio per tutti i tifosi interisti della zona. Ma la giornata inizier\u00e0 gi\u00e0 in mattinata: alle 11 in\u00a0Sala Don Tamis di Agordo, Gianfelice Facchetti presenter\u00e0 il suo libro \u201cCAPITANI \u2013 Miti, Esempi, Bandiere\u201d, un\u2019opera che racconta storie emblematiche di leadership e appartenenza nel calcio. Questo incontro \u00e8 organizzato in collaborazione con l\u2019Inter Club Fener \u201cMassimo Moratti\u201d. L\u2019evento rappresenta anche un\u2019occasione per celebrare lo scudetto 2023\/2024 vinto dall\u2019Inter, un trionfo che ha riacceso l\u2019orgoglio nerazzurro tra i tifosi.<\/p>\n<p>&nbsp;<\/p>\n<p>&nbsp;<\/p>\n<hr \/>\n<p>&nbsp;<\/p>\n<blockquote>\n<h3>UN CORSO DI CONOSCENZA DELLA PROVINCIA DI BELLUNO<\/h3>\n<\/blockquote>\n<p><strong><a class=\"dt-pswp-item\" href=\"https:\/\/www.radiopiu.net\/wordpress\/wp-content\/uploads\/2025\/04\/SCR-20250417-jfmo.png\" data-dt-img-description=\"\" data-large_image_width=\"1342\" data-large_image_height=\"888\"><img loading=\"lazy\" decoding=\"async\" class=\" wp-image-445442 alignleft\" src=\"https:\/\/www.radiopiu.net\/wordpress\/wp-content\/uploads\/2025\/04\/SCR-20250417-jfmo-300x199.png\" alt=\"\" width=\"178\" height=\"118\" srcset=\"https:\/\/www.radiopiu.net\/wordpress\/wp-content\/uploads\/2025\/04\/SCR-20250417-jfmo-300x199.png 300w, https:\/\/www.radiopiu.net\/wordpress\/wp-content\/uploads\/2025\/04\/SCR-20250417-jfmo-1024x678.png 1024w, https:\/\/www.radiopiu.net\/wordpress\/wp-content\/uploads\/2025\/04\/SCR-20250417-jfmo-768x508.png 768w, https:\/\/www.radiopiu.net\/wordpress\/wp-content\/uploads\/2025\/04\/SCR-20250417-jfmo.png 1342w\" sizes=\"auto, (max-width: 178px) 100vw, 178px\" \/><\/a>BELLUNO <\/strong>Partir\u00e0 a maggio la 1\u00b0 edizione del \u201cCorso di conoscenza di Belluno e Provincia\u201d organizzato dall\u2019Associazione Campedel di Belluno con il patrocinio del Comune capoluogo e della Provincia. Un\u2019iniziativa nata per far scoprire tutto il territorio bellunese iniziando dalla storia e dall\u2019arte, rendere i cittadini pi\u00f9 consapevoli ed orgogliosi della grande ricchezza che ci circonda e dare un supporto a chi si \u00e8 iscritto all\u2019esame nazionale di guida turistica. Tutti gli incontri si terranno in Sala Bianchi a Belluno (Viale Fantuzzi) durante quattro venerd\u00ec di maggio alle ore 17.45.<\/p>\n<p>&nbsp;<\/p>\n<p>&nbsp;<\/p>\n<hr \/>\n<p>&nbsp;<\/p>\n<blockquote>\n<h3>GLI APPUNTAMENTI DELLA PRO LOCO MONTI DEL SOLE<\/h3>\n<\/blockquote>\n<p><strong>SOSPIROLO<\/strong> Domenica 4 maggio a Sospirolo si celebra la Festa di San Gottardo. Il programma prevede il ritrovo alla cava di Ponte Mas alle 14.45 e il cammino verso la chiesa, dove alle 16.00 sar\u00e0 celebrata la Messa, seguita da un momento conviviale. In caso di maltempo, ci si trover\u00e0 direttamente in chiesa. Alle 20.30, al Pr\u00e0 de la Melia, concerto a favore del recupero del campanile di San Gottardo, con il Coro Monti del Sole, Le Voci nei Cortivi e le fisarmoniche tradizionali. Sabato 10 maggio, alle 20.45 al Centro civico di Sospirolo, la compagnia \u201cAtti Rifatti\u201d porter\u00e0 in scena la commedia brillante \u201cUn mercoled\u00ec come gli altri\u201d, diretta da Mauro Fantinel.<\/p>\n<p>&nbsp;<\/p>\n<p>&nbsp;<\/p>\n<hr \/>\n<p>&nbsp;<\/p>\n<blockquote>\n<h3>SCUOLA DI EMOZIONI: STRUMENTI PER I GENITORI NELLA SFIDA DELL&#8217;ADOLESCENZA POST-LOCKDOWN<\/h3>\n<\/blockquote>\n<p><strong><a class=\"dt-pswp-item\" href=\"https:\/\/www.radiopiu.net\/wordpress\/wp-content\/uploads\/2025\/04\/LOYFOSLNBSO.jpg\" data-dt-img-description=\"\" data-large_image_width=\"531\" data-large_image_height=\"371\"><img loading=\"lazy\" decoding=\"async\" class=\" wp-image-447089 alignleft\" src=\"https:\/\/www.radiopiu.net\/wordpress\/wp-content\/uploads\/2025\/04\/LOYFOSLNBSO-300x210.jpg\" alt=\"\" width=\"181\" height=\"127\" srcset=\"https:\/\/www.radiopiu.net\/wordpress\/wp-content\/uploads\/2025\/04\/LOYFOSLNBSO-300x210.jpg 300w, https:\/\/www.radiopiu.net\/wordpress\/wp-content\/uploads\/2025\/04\/LOYFOSLNBSO.jpg 531w\" sizes=\"auto, (max-width: 181px) 100vw, 181px\" \/><\/a>BELLUNO<\/strong> Nel mese di maggio, presso la scuola Secondaria \u201cZanon\u201d di Castion, si terr\u00e0 la rassegna \u201cScuola di emozioni: appunti e strumenti emotivi per i genitori del 2025\u201d, rivolta ai genitori dell\u2019Istituto Comprensivo 3 di Belluno e alla cittadinanza. Il percorso comprende cinque incontri sul life coaching e sulle relazioni tra adolescenti e genitori, condotti dagli esperti dell\u2019associazione \u201cStudi abilit\u00e0 umane\u201d e dalla life coach Eleonora Carazzai. Gli appuntamenti affronteranno temi come la relazione educativa, l\u2019autonomia, e la gestione dei conflitti. L&#8217;iniziativa, finanziata dal PNRR, vuole fornire strumenti etico-emotivi per aiutare le famiglie ad accompagnare i figli nella societ\u00e0 post-lockdown, favorendo una crescita consapevole e resiliente.<\/p>\n<p>&nbsp;<\/p>\n<p>&nbsp;<\/p>\n<hr \/>\n<p>&nbsp;<\/p>\n<blockquote>\n<h3><a class=\"dt-pswp-item\" href=\"https:\/\/www.radiopiu.net\/wordpress\/wp-content\/uploads\/2025\/04\/Unknown-1-1.jpeg\" data-dt-img-description=\"\" data-large_image_width=\"1800\" data-large_image_height=\"1350\"><img loading=\"lazy\" decoding=\"async\" class=\" wp-image-446942 alignleft\" src=\"https:\/\/www.radiopiu.net\/wordpress\/wp-content\/uploads\/2025\/04\/Unknown-1-1-300x225.jpeg\" alt=\"\" width=\"142\" height=\"106\" srcset=\"https:\/\/www.radiopiu.net\/wordpress\/wp-content\/uploads\/2025\/04\/Unknown-1-1-300x225.jpeg 300w, https:\/\/www.radiopiu.net\/wordpress\/wp-content\/uploads\/2025\/04\/Unknown-1-1-1024x768.jpeg 1024w, https:\/\/www.radiopiu.net\/wordpress\/wp-content\/uploads\/2025\/04\/Unknown-1-1-768x576.jpeg 768w, https:\/\/www.radiopiu.net\/wordpress\/wp-content\/uploads\/2025\/04\/Unknown-1-1-1536x1152.jpeg 1536w, https:\/\/www.radiopiu.net\/wordpress\/wp-content\/uploads\/2025\/04\/Unknown-1-1.jpeg 1800w\" sizes=\"auto, (max-width: 142px) 100vw, 142px\" \/><\/a>IL GIUBILEO A BELLUNO E FELTRE<\/h3>\n<\/blockquote>\n<p><strong>BELLUNO<\/strong> Belluno e Feltre celebrano il Giubileo con \u201cRigenerati nella Speranza\u201d, iniziativa che unisce fede, arte e comunit\u00e0. Una mostra al Battistero di Belluno e un percorso espositivo al Museo Diocesano di Feltre invitano a riscoprire il valore del Battesimo e della speranza, con opere storiche e un progetto artistico collettivo.<\/p>\n<p>&nbsp;<\/p>\n<p>&nbsp;<\/p>\n<hr \/>\n<p>&nbsp;<\/p>\n<blockquote>\n<h3>AL TEATRO DINO BUZZATI DI BELLUNO LA NOTTE DEL CLASSICO<\/h3>\n<\/blockquote>\n<p><strong><a class=\"dt-pswp-item\" href=\"https:\/\/www.radiopiu.net\/wordpress\/wp-content\/uploads\/2025\/04\/Notte-Liceo-Classico.jpg\" data-dt-img-description=\"\" data-large_image_width=\"2352\" data-large_image_height=\"1765\"><img loading=\"lazy\" decoding=\"async\" class=\" wp-image-447091 alignleft\" src=\"https:\/\/www.radiopiu.net\/wordpress\/wp-content\/uploads\/2025\/04\/Notte-Liceo-Classico-300x225.jpg\" alt=\"\" width=\"147\" height=\"110\" srcset=\"https:\/\/www.radiopiu.net\/wordpress\/wp-content\/uploads\/2025\/04\/Notte-Liceo-Classico-300x225.jpg 300w, https:\/\/www.radiopiu.net\/wordpress\/wp-content\/uploads\/2025\/04\/Notte-Liceo-Classico-1024x768.jpg 1024w, https:\/\/www.radiopiu.net\/wordpress\/wp-content\/uploads\/2025\/04\/Notte-Liceo-Classico-768x576.jpg 768w, https:\/\/www.radiopiu.net\/wordpress\/wp-content\/uploads\/2025\/04\/Notte-Liceo-Classico-1536x1153.jpg 1536w, https:\/\/www.radiopiu.net\/wordpress\/wp-content\/uploads\/2025\/04\/Notte-Liceo-Classico-2048x1537.jpg 2048w\" sizes=\"auto, (max-width: 147px) 100vw, 147px\" \/><\/a>BELLUNO<\/strong> Il Liceo Classico Tiziano partecipa anche quest\u2019anno alla Notte Nazionale del Liceo Classico, giunta alla sua XI edizione, con il tema \u201cDella quiete e del furore. La frattura originaria nella concezione della natura umana\u201d. L&#8217;evento si terr\u00e0 il 9 maggio alle 20:30 presso il Teatro Comunale \u201cDino Buzzati\u201d di Belluno. La serata vedr\u00e0 la partecipazione di esperti come Alessandra Cislaghi e Alberto Dell\u2019Eva, che esploreranno il mito edenico e il peccato originale, legandoli alla libert\u00e0 e alla possibilit\u00e0 di scelta dell\u2019essere umano. Gli studenti del Liceo presenteranno lavori multidisciplinari e artistici, rafforzando il valore degli studi classici come strumento di realizzazione personale e professionale.<\/p>\n<p>&nbsp;<\/p>\n<p>&nbsp;<\/p>\n<hr \/>\n<p>&nbsp;<\/p>\n<blockquote>\n<h3><a class=\"dt-pswp-item\" href=\"https:\/\/www.radiopiu.net\/wordpress\/wp-content\/uploads\/2025\/05\/Locandina-mostra-gagliardetti-radioe-tv.jpg\" data-dt-img-description=\"\" data-large_image_width=\"1052\" data-large_image_height=\"1488\"><img loading=\"lazy\" decoding=\"async\" class=\" wp-image-447491 alignleft\" src=\"https:\/\/www.radiopiu.net\/wordpress\/wp-content\/uploads\/2025\/05\/Locandina-mostra-gagliardetti-radioe-tv-212x300.jpg\" alt=\"\" width=\"132\" height=\"187\" srcset=\"https:\/\/www.radiopiu.net\/wordpress\/wp-content\/uploads\/2025\/05\/Locandina-mostra-gagliardetti-radioe-tv-212x300.jpg 212w, https:\/\/www.radiopiu.net\/wordpress\/wp-content\/uploads\/2025\/05\/Locandina-mostra-gagliardetti-radioe-tv-724x1024.jpg 724w, https:\/\/www.radiopiu.net\/wordpress\/wp-content\/uploads\/2025\/05\/Locandina-mostra-gagliardetti-radioe-tv-768x1086.jpg 768w, https:\/\/www.radiopiu.net\/wordpress\/wp-content\/uploads\/2025\/05\/Locandina-mostra-gagliardetti-radioe-tv.jpg 1052w\" sizes=\"auto, (max-width: 132px) 100vw, 132px\" \/><\/a>UNA MOSRA A CANALE D&#8217;AGORDO DEDICATA ALLE RADIO DI TUTTO IL MONDO<\/h3>\n<\/blockquote>\n<p><strong>CANALE D&#8217;AGORDO<\/strong> Dal 31 maggio al 14 giugno, le Dolomiti Bellunesi ospiteranno una mostra unica in Italia, dedicata ai gagliardetti delle radio e TV di tutto il mondo. Organizzata dalla Pro Loco di Canale d\u2019Agordo, l\u2019esposizione presenta queste bandierine, un tempo diffuse come souvenir o ricordo di eventi, oggi diventate vere testimonianze storiche. Accanto ai gagliardetti, saranno visibili pins, cartoline e altri gadget delle emittenti. La mostra racconta l\u2019evoluzione della comunicazione radio-televisiva, dalle stazioni internazionali alle radio pirata. Stefano Mannelli, collezionista, accompagner\u00e0 i visitatori attraverso video e incontri speciali. L\u2019ingresso \u00e8 libero, con apertura giornaliera e appuntamenti comunicati via social.<\/p>\n<p>&nbsp;<\/p>\n<p>&nbsp;<\/p>\n<hr \/>\n<p>&nbsp;<\/p>\n<h1><span style=\"color: #ff6600;\">ALLA RADIO<\/span><\/h1>\n<h2><span style=\"color: #ff0000;\">LIBER DI LIANA CAVALLET<\/span><\/h2>\n<p><strong>PUNTATA 33 30 APRILE 2025 &#8220;LIBERA, STORIA DI ANNA&#8221; ALESSANDRA ZINITI, POSTFAZIONE DI DON LUIGI CIOTTI<\/strong><\/p>\n<audio class=\"wp-audio-shortcode\" id=\"audio-447139-11\" preload=\"none\" style=\"width: 100%;\" controls=\"controls\"><source type=\"audio\/mpeg\" src=\"https:\/\/www.radiopiu.net\/wordpress\/wp-content\/uploads\/2025\/04\/LIBER-4.mp3?_=11\" \/><a href=\"https:\/\/www.radiopiu.net\/wordpress\/wp-content\/uploads\/2025\/04\/LIBER-4.mp3\">https:\/\/www.radiopiu.net\/wordpress\/wp-content\/uploads\/2025\/04\/LIBER-4.mp3<\/a><\/audio>\n<p><strong><br \/>\n<a class=\"dt-pswp-item\" href=\"https:\/\/www.radiopiu.net\/wordpress\/wp-content\/uploads\/2025\/04\/de63aee7-ef82-4f33-bbc4-a1a3574b6873-1.jpg\" data-dt-img-description=\"\" data-large_image_width=\"466\" data-large_image_height=\"690\"><img loading=\"lazy\" decoding=\"async\" class=\"size-medium wp-image-447386 aligncenter\" src=\"https:\/\/www.radiopiu.net\/wordpress\/wp-content\/uploads\/2025\/04\/de63aee7-ef82-4f33-bbc4-a1a3574b6873-1-203x300.jpg\" alt=\"\" width=\"203\" height=\"300\" srcset=\"https:\/\/www.radiopiu.net\/wordpress\/wp-content\/uploads\/2025\/04\/de63aee7-ef82-4f33-bbc4-a1a3574b6873-1-203x300.jpg 203w, https:\/\/www.radiopiu.net\/wordpress\/wp-content\/uploads\/2025\/04\/de63aee7-ef82-4f33-bbc4-a1a3574b6873-1.jpg 466w\" sizes=\"auto, (max-width: 203px) 100vw, 203px\" \/><\/a><br \/>\n<\/strong><\/p>\n<p>&nbsp;<\/p>\n<p><strong>LA RACCOLTA COMPLETA <a href=\"https:\/\/www.radiopiu.net\/wordpress\/liber-di-liana-cavallet-raccolta-2023-2024\/\"><span style=\"color: #3366ff;\">CLICCA QUI<\/span><\/a><\/strong><\/p>\n<p>&nbsp;<\/p>\n<hr \/>\n<p>&nbsp;<\/p>\n<h2><span style=\"color: #00ccff;\"><a class=\"dt-pswp-item\" href=\"https:\/\/www.radiopiu.net\/wordpress\/wp-content\/uploads\/2022\/11\/scuola-zaino.jpeg\" data-dt-img-description=\"\" data-large_image_width=\"626\" data-large_image_height=\"417\"><img loading=\"lazy\" decoding=\"async\" class=\" wp-image-306830 alignleft\" src=\"https:\/\/www.radiopiu.net\/wordpress\/wp-content\/uploads\/2022\/11\/scuola-zaino-300x200.jpeg\" alt=\"\" width=\"164\" height=\"109\" srcset=\"https:\/\/www.radiopiu.net\/wordpress\/wp-content\/uploads\/2022\/11\/scuola-zaino-300x200.jpeg 300w, https:\/\/www.radiopiu.net\/wordpress\/wp-content\/uploads\/2022\/11\/scuola-zaino.jpeg 626w\" sizes=\"auto, (max-width: 164px) 100vw, 164px\" \/><\/a>SE NON LA SMETTI TI MANDO DAL PRESIDE<\/span><\/h2>\n<p><strong>DI MIRKO MEZZACASA<\/strong><\/p>\n<p>CON MARIA ROSA SALMAZO<\/p>\n<p><strong>PUNTATA DEL 30 APRILE 2025<\/strong><\/p>\n<audio class=\"wp-audio-shortcode\" id=\"audio-447139-12\" preload=\"none\" style=\"width: 100%;\" controls=\"controls\"><source type=\"audio\/mpeg\" src=\"https:\/\/www.radiopiu.net\/wordpress\/wp-content\/uploads\/2025\/05\/PRESIDE.mp3?_=12\" \/><a href=\"https:\/\/www.radiopiu.net\/wordpress\/wp-content\/uploads\/2025\/05\/PRESIDE.mp3\">https:\/\/www.radiopiu.net\/wordpress\/wp-content\/uploads\/2025\/05\/PRESIDE.mp3<\/a><\/audio>\n<p>&nbsp;<\/p>\n<hr \/>\n<p>&nbsp;<\/p>\n<h2><span style=\"color: #008000;\">CISL E FEMCA CISL LA VOCE PER I LAVORATORI<\/span><\/h2>\n<p><a class=\"dt-pswp-item\" href=\"https:\/\/www.radiopiu.net\/wordpress\/wp-content\/uploads\/2023\/07\/CAF-CISL.png\" data-dt-img-description=\"\" data-large_image_width=\"1200\" data-large_image_height=\"630\"><img loading=\"lazy\" decoding=\"async\" class=\" wp-image-344831 alignleft\" src=\"https:\/\/www.radiopiu.net\/wordpress\/wp-content\/uploads\/2023\/07\/CAF-CISL-300x158.png\" alt=\"\" width=\"165\" height=\"87\" srcset=\"https:\/\/www.radiopiu.net\/wordpress\/wp-content\/uploads\/2023\/07\/CAF-CISL-300x158.png 300w, https:\/\/www.radiopiu.net\/wordpress\/wp-content\/uploads\/2023\/07\/CAF-CISL-1024x538.png 1024w, https:\/\/www.radiopiu.net\/wordpress\/wp-content\/uploads\/2023\/07\/CAF-CISL-768x403.png 768w, https:\/\/www.radiopiu.net\/wordpress\/wp-content\/uploads\/2023\/07\/CAF-CISL.png 1200w\" sizes=\"auto, (max-width: 165px) 100vw, 165px\" \/><\/a>puntata del 30 APRILE 2025 &#8211; REPLICA<\/p>\n<p><strong>OSPITE SIBILLA MENEGUZ<\/strong><\/p>\n<audio class=\"wp-audio-shortcode\" id=\"audio-447139-13\" preload=\"none\" style=\"width: 100%;\" controls=\"controls\"><source type=\"audio\/mpeg\" src=\"https:\/\/www.radiopiu.net\/wordpress\/wp-content\/uploads\/2025\/03\/FEMCA-CISL-1.mp3?_=13\" \/><a href=\"https:\/\/www.radiopiu.net\/wordpress\/wp-content\/uploads\/2025\/03\/FEMCA-CISL-1.mp3\">https:\/\/www.radiopiu.net\/wordpress\/wp-content\/uploads\/2025\/03\/FEMCA-CISL-1.mp3<\/a><\/audio>\n<p>&nbsp;<\/p>\n<p><strong>LA RACCOLTA COMPLETA <a href=\"https:\/\/www.radiopiu.net\/wordpress\/cisl-e-femca-cisl-la-vocef\/\"><span style=\"color: #3366ff;\">CLICCA QUI<\/span><\/a><\/strong><\/p>\n<p>&nbsp;<\/p>\n<hr \/>\n<p>&nbsp;<\/p>\n<h2><span style=\"color: #ffcc00;\">ARCADE SHOW..ELIA ALLA RADIO<\/span><\/h2>\n<p align=\"JUSTIFY\"><a class=\"dt-pswp-item\" href=\"https:\/\/www.radiopiu.net\/wordpress\/wp-content\/uploads\/2025\/02\/LOGO-ELIA.png\" data-dt-img-description=\"\" data-large_image_width=\"851\" data-large_image_height=\"774\"><img loading=\"lazy\" decoding=\"async\" class=\"size-medium wp-image-436960 aligncenter\" src=\"https:\/\/www.radiopiu.net\/wordpress\/wp-content\/uploads\/2025\/02\/LOGO-ELIA-300x273.png\" alt=\"\" width=\"300\" height=\"273\" srcset=\"https:\/\/www.radiopiu.net\/wordpress\/wp-content\/uploads\/2025\/02\/LOGO-ELIA-300x273.png 300w, https:\/\/www.radiopiu.net\/wordpress\/wp-content\/uploads\/2025\/02\/LOGO-ELIA-768x699.png 768w, https:\/\/www.radiopiu.net\/wordpress\/wp-content\/uploads\/2025\/02\/LOGO-ELIA.png 851w\" sizes=\"auto, (max-width: 300px) 100vw, 300px\" \/><\/a><\/p>\n<p align=\"JUSTIFY\">Arcade show, Entra nella sala giochi ufficiale di RadioPi\u00f9! Inserisci la moneta e gioca insieme a noi! Attualit\u00e0, cinema, sport, social, spensieratezza e soprattutto musica! Il primo show like a game radiofonico in italia, condotto da Elia.<\/p>\n<p align=\"JUSTIFY\"><strong>PUNTATA 09\/3<\/strong><\/p>\n<audio class=\"wp-audio-shortcode\" id=\"audio-447139-14\" preload=\"none\" style=\"width: 100%;\" controls=\"controls\"><source type=\"audio\/mpeg\" src=\"https:\/\/www.radiopiu.net\/wordpress\/wp-content\/uploads\/2025\/05\/ELIA1.mp3?_=14\" \/><a href=\"https:\/\/www.radiopiu.net\/wordpress\/wp-content\/uploads\/2025\/05\/ELIA1.mp3\">https:\/\/www.radiopiu.net\/wordpress\/wp-content\/uploads\/2025\/05\/ELIA1.mp3<\/a><\/audio>\n<p>&nbsp;<\/p>\n<p align=\"JUSTIFY\"><strong>PUNTATA 09\/3<\/strong><\/p>\n<audio class=\"wp-audio-shortcode\" id=\"audio-447139-15\" preload=\"none\" style=\"width: 100%;\" controls=\"controls\"><source type=\"audio\/mpeg\" src=\"https:\/\/www.radiopiu.net\/wordpress\/wp-content\/uploads\/2025\/05\/ELIA2.mp3?_=15\" \/><a href=\"https:\/\/www.radiopiu.net\/wordpress\/wp-content\/uploads\/2025\/05\/ELIA2.mp3\">https:\/\/www.radiopiu.net\/wordpress\/wp-content\/uploads\/2025\/05\/ELIA2.mp3<\/a><\/audio>\n<p>&nbsp;<\/p>\n<p align=\"JUSTIFY\"><strong>PUNTATA 09\/3<\/strong><\/p>\n<audio class=\"wp-audio-shortcode\" id=\"audio-447139-16\" preload=\"none\" style=\"width: 100%;\" controls=\"controls\"><source type=\"audio\/mpeg\" src=\"https:\/\/www.radiopiu.net\/wordpress\/wp-content\/uploads\/2025\/05\/ELIA3.mp3?_=16\" \/><a href=\"https:\/\/www.radiopiu.net\/wordpress\/wp-content\/uploads\/2025\/05\/ELIA3.mp3\">https:\/\/www.radiopiu.net\/wordpress\/wp-content\/uploads\/2025\/05\/ELIA3.mp3<\/a><\/audio>\n<p>&nbsp;<\/p>\n<p><strong>LA RACCOLTA COMPLETA <a href=\"https:\/\/www.radiopiu.net\/wordpress\/arcade-show-elia-alla-radio\/\"><span style=\"color: #3366ff;\">CLICCA QUI<\/span><\/a><\/strong><\/p>\n<p>&nbsp;<\/p>\n<hr \/>\n<p>&nbsp;<\/p>\n<h2><span style=\"color: #ff00ff;\">SEI IN RADIO&#8230; SE di MARINA DONA&#8217;<\/span><\/h2>\n<p><strong>PUNTATA 05\u00a0 \u00a0 \u00a0 \u00a0 \u00a0 \u00a0 \u00a0 \u00a0 AUDIO<\/strong><\/p>\n<p><span style=\"color: #ff0000;\"><strong>\u00a0 \u00a0 \u00a0 \u00a0 \u00a0 \u00a0 \u00a0 \u00a0 \u00a0 \u00a0 \u00a0 \u00a0 \u00a0 \u00a0 \u00a0 \u00a0 \u00a0 \u00a0DA&#8230;\u00a0 \u00a0 \u00a0 \u00a0 \u00a0 \u00a0 \u00a0CUORE FELTRINO<\/strong><\/span><\/p>\n<audio class=\"wp-audio-shortcode\" id=\"audio-447139-17\" preload=\"none\" style=\"width: 100%;\" controls=\"controls\"><source type=\"audio\/mpeg\" src=\"https:\/\/www.radiopiu.net\/wordpress\/wp-content\/uploads\/2025\/05\/SEISE.mp3?_=17\" \/><a href=\"https:\/\/www.radiopiu.net\/wordpress\/wp-content\/uploads\/2025\/05\/SEISE.mp3\">https:\/\/www.radiopiu.net\/wordpress\/wp-content\/uploads\/2025\/05\/SEISE.mp3<\/a><\/audio>\n<p>&nbsp;<\/p>\n<p><a class=\"dt-pswp-item\" href=\"https:\/\/www.radiopiu.net\/wordpress\/wp-content\/uploads\/2025\/04\/SCR-20250501-ptvr.jpeg\" data-dt-img-description=\"\" data-large_image_width=\"1354\" data-large_image_height=\"1438\"><img loading=\"lazy\" decoding=\"async\" class=\"size-medium wp-image-447509 aligncenter\" src=\"https:\/\/www.radiopiu.net\/wordpress\/wp-content\/uploads\/2025\/04\/SCR-20250501-ptvr-282x300.jpeg\" alt=\"\" width=\"282\" height=\"300\" srcset=\"https:\/\/www.radiopiu.net\/wordpress\/wp-content\/uploads\/2025\/04\/SCR-20250501-ptvr-282x300.jpeg 282w, https:\/\/www.radiopiu.net\/wordpress\/wp-content\/uploads\/2025\/04\/SCR-20250501-ptvr-964x1024.jpeg 964w, https:\/\/www.radiopiu.net\/wordpress\/wp-content\/uploads\/2025\/04\/SCR-20250501-ptvr-768x816.jpeg 768w, https:\/\/www.radiopiu.net\/wordpress\/wp-content\/uploads\/2025\/04\/SCR-20250501-ptvr.jpeg 1354w\" sizes=\"auto, (max-width: 282px) 100vw, 282px\" \/><\/a><\/p>\n<p>&nbsp;<\/p>\n<p><strong>LA RACCOLTA COMPLETA <a href=\"https:\/\/www.radiopiu.net\/wordpress\/sei-in-radio-se-a\/\"><span style=\"color: #3366ff;\">CLICCA QUI<\/span><\/a><\/strong><\/p>\n<p>&nbsp;<\/p>\n<hr \/>\n<p>&nbsp;<\/p>\n<h2><span style=\"color: #808000;\">TIME 4 ME&#8230;I FIORETTI AI CAPITELLI DI CENCENIGHE<\/span><\/h2>\n<p><strong><a class=\"dt-pswp-item\" href=\"https:\/\/www.radiopiu.net\/wordpress\/wp-content\/uploads\/2025\/05\/6e003305-3d27-4239-aeb2-f0dbdfd611e9.jpg\" data-dt-img-description=\"\" data-large_image_width=\"1600\" data-large_image_height=\"1200\"><img loading=\"lazy\" decoding=\"async\" class=\" wp-image-447512 alignleft\" src=\"https:\/\/www.radiopiu.net\/wordpress\/wp-content\/uploads\/2025\/05\/6e003305-3d27-4239-aeb2-f0dbdfd611e9-300x225.jpg\" alt=\"\" width=\"160\" height=\"120\" srcset=\"https:\/\/www.radiopiu.net\/wordpress\/wp-content\/uploads\/2025\/05\/6e003305-3d27-4239-aeb2-f0dbdfd611e9-300x225.jpg 300w, https:\/\/www.radiopiu.net\/wordpress\/wp-content\/uploads\/2025\/05\/6e003305-3d27-4239-aeb2-f0dbdfd611e9-1024x768.jpg 1024w, https:\/\/www.radiopiu.net\/wordpress\/wp-content\/uploads\/2025\/05\/6e003305-3d27-4239-aeb2-f0dbdfd611e9-768x576.jpg 768w, https:\/\/www.radiopiu.net\/wordpress\/wp-content\/uploads\/2025\/05\/6e003305-3d27-4239-aeb2-f0dbdfd611e9-1536x1152.jpg 1536w, https:\/\/www.radiopiu.net\/wordpress\/wp-content\/uploads\/2025\/05\/6e003305-3d27-4239-aeb2-f0dbdfd611e9.jpg 1600w\" sizes=\"auto, (max-width: 160px) 100vw, 160px\" \/><\/a>DI MARINA DONA&#8217;<\/strong><\/p>\n<p><span style=\"color: #0000ff;\"><strong>PRIMA PARTE<\/strong><\/span><\/p>\n<audio class=\"wp-audio-shortcode\" id=\"audio-447139-18\" preload=\"none\" style=\"width: 100%;\" controls=\"controls\"><source type=\"audio\/mpeg\" src=\"https:\/\/www.radiopiu.net\/wordpress\/wp-content\/uploads\/2025\/05\/TIME1.mp3?_=18\" \/><a href=\"https:\/\/www.radiopiu.net\/wordpress\/wp-content\/uploads\/2025\/05\/TIME1.mp3\">https:\/\/www.radiopiu.net\/wordpress\/wp-content\/uploads\/2025\/05\/TIME1.mp3<\/a><\/audio>\n<p><span style=\"color: #0000ff;\">\u00a0<\/span><\/p>\n<p><span style=\"color: #0000ff;\"><strong>SECONDA PARTE<\/strong><\/span><\/p>\n<audio class=\"wp-audio-shortcode\" id=\"audio-447139-19\" preload=\"none\" style=\"width: 100%;\" controls=\"controls\"><source type=\"audio\/mpeg\" src=\"https:\/\/www.radiopiu.net\/wordpress\/wp-content\/uploads\/2025\/05\/TIME2.mp3?_=19\" \/><a href=\"https:\/\/www.radiopiu.net\/wordpress\/wp-content\/uploads\/2025\/05\/TIME2.mp3\">https:\/\/www.radiopiu.net\/wordpress\/wp-content\/uploads\/2025\/05\/TIME2.mp3<\/a><\/audio>\n<p><span style=\"color: #0000ff;\">\u00a0<\/span><\/p>\n<p><span style=\"color: #0000ff;\"><strong>TERZA PARTE<\/strong><\/span><\/p>\n<audio class=\"wp-audio-shortcode\" id=\"audio-447139-20\" preload=\"none\" style=\"width: 100%;\" controls=\"controls\"><source type=\"audio\/mpeg\" src=\"https:\/\/www.radiopiu.net\/wordpress\/wp-content\/uploads\/2025\/05\/TIME3.mp3?_=20\" \/><a href=\"https:\/\/www.radiopiu.net\/wordpress\/wp-content\/uploads\/2025\/05\/TIME3.mp3\">https:\/\/www.radiopiu.net\/wordpress\/wp-content\/uploads\/2025\/05\/TIME3.mp3<\/a><\/audio>\n<p>&nbsp;<\/p>\n<hr \/>\n<p>&nbsp;<\/p>\n<h2><span style=\"color: #ff0000;\"><a class=\"dt-pswp-item\" href=\"https:\/\/www.radiopiu.net\/wordpress\/wp-content\/uploads\/2018\/09\/appuntamenti.jpeg\" data-dt-img-description=\"\" data-large_image_width=\"800\" data-large_image_height=\"100\"><img loading=\"lazy\" decoding=\"async\" class=\"wp-image-61958 size-full aligncenter\" src=\"https:\/\/www.radiopiu.net\/wordpress\/wp-content\/uploads\/2018\/09\/appuntamenti.jpeg\" alt=\"\" width=\"800\" height=\"100\" srcset=\"https:\/\/www.radiopiu.net\/wordpress\/wp-content\/uploads\/2018\/09\/appuntamenti.jpeg 800w, https:\/\/www.radiopiu.net\/wordpress\/wp-content\/uploads\/2018\/09\/appuntamenti-300x38.jpeg 300w, https:\/\/www.radiopiu.net\/wordpress\/wp-content\/uploads\/2018\/09\/appuntamenti-768x96.jpeg 768w\" sizes=\"auto, (max-width: 800px) 100vw, 800px\" \/><\/a><\/span><\/h2>\n<p>&nbsp;<\/p>\n<blockquote>\n<h3>FOLLEMENTE&#8230;AL CINEMA DOLOMITI DI FALCADE<\/h3>\n<\/blockquote>\n<p><strong><a class=\"dt-pswp-item\" href=\"https:\/\/www.radiopiu.net\/wordpress\/wp-content\/uploads\/2025\/04\/FOLLE-LOCA.jpg\" data-dt-img-description=\"\" data-large_image_width=\"529\" data-large_image_height=\"755\"><img loading=\"lazy\" decoding=\"async\" class=\" wp-image-446951 alignleft\" src=\"https:\/\/www.radiopiu.net\/wordpress\/wp-content\/uploads\/2025\/04\/FOLLE-LOCA-210x300.jpg\" alt=\"\" width=\"157\" height=\"224\" srcset=\"https:\/\/www.radiopiu.net\/wordpress\/wp-content\/uploads\/2025\/04\/FOLLE-LOCA-210x300.jpg 210w, https:\/\/www.radiopiu.net\/wordpress\/wp-content\/uploads\/2025\/04\/FOLLE-LOCA.jpg 529w\" sizes=\"auto, (max-width: 157px) 100vw, 157px\" \/><\/a>REDAZIONE<\/strong> <em data-start=\"0\" data-end=\"12\" data-is-only-node=\"\">Follemente<\/em> \u00e8 una commedia diretta da Paolo Genovese. Il film racconta l&#8217;incontro tra Piero, un insegnante cinquantenne reduce da un divorzio, e Lara, una restauratrice trentacinquenne con alle spalle relazioni complicate. I due si conoscono in un bar e organizzano il loro primo appuntamento a casa di lei. A guidare le loro scelte sono vere e proprie personificazioni delle emozioni: Piero \u00e8 influenzato dal razionale Professore, dal romantico Romeo, dal passionale Eros e dal disilluso Valium, mentre Lara si lascia condurre dall&#8217;intransigente Alfa, dalla seduttrice Trilli, dalla sregolata Scheggia e dalla sognatrice Giulietta. La serata \u00e8 segnata da piccoli imprevisti, momenti di imbarazzo e discussioni interiori tra le varie personalit\u00e0, ma alla fine nasce una vera sintonia. Dopo una notte trascorsa insieme, Piero inizialmente se ne va, ma poi torna sui suoi passi. I due, con il supporto delle loro emozioni, decidono di proseguire la serata cucinando insieme, segno che la loro storia potrebbe davvero continuare. <em data-start=\"1037\" data-end=\"1049\">Follemente<\/em> esplora con leggerezza e ironia la complessit\u00e0 dei sentimenti e la voglia di ricominciare, mettendo in scena il caos emotivo che spesso accompagna le nuove relazioni.<\/p>\n<h3><span style=\"color: #ff0000;\"><strong>FOLLEMENTE IN PROGRAMMAZIONE AL CINEMA DOLOMITI DI FALCADE SABATO E DOMENICA. SPETTACOLI ALLE 21 DOMENICA ANCHE ALLE 17<\/strong><\/span><\/h3>\n<p><strong>LA PRESENTAZIONE A CURA DI PAOLA LANCIATO<\/strong><\/p>\n<audio class=\"wp-audio-shortcode\" id=\"audio-447139-21\" preload=\"none\" style=\"width: 100%;\" controls=\"controls\"><source type=\"audio\/mpeg\" src=\"https:\/\/www.radiopiu.net\/wordpress\/wp-content\/uploads\/2025\/04\/FOLLEMENTE.mp3?_=21\" \/><a href=\"https:\/\/www.radiopiu.net\/wordpress\/wp-content\/uploads\/2025\/04\/FOLLEMENTE.mp3\">https:\/\/www.radiopiu.net\/wordpress\/wp-content\/uploads\/2025\/04\/FOLLEMENTE.mp3<\/a><\/audio>\n<p>&nbsp;<\/p>\n<p><iframe loading=\"lazy\" title=\"FOLLEMENTE di Paolo Genovese - Trailer Ufficiale HD\" width=\"1200\" height=\"675\" src=\"https:\/\/www.youtube.com\/embed\/OPqTeHU_J4U?feature=oembed\" frameborder=\"0\" allow=\"accelerometer; autoplay; clipboard-write; encrypted-media; gyroscope; picture-in-picture; web-share\" referrerpolicy=\"strict-origin-when-cross-origin\" allowfullscreen><\/iframe><\/p>\n<p>&nbsp;<\/p>\n<div>\n<div class=\"\" dir=\"auto\">\n<div id=\":r9h:\" class=\"x1iorvi4 x1pi30zi x1l90r2v x1swvt13\" data-ad-comet-preview=\"message\" data-ad-preview=\"message\">\n<div class=\"\" dir=\"auto\">\n<div id=\":r9h:\" class=\"x1iorvi4 x1pi30zi x1l90r2v x1swvt13\" data-ad-comet-preview=\"message\" data-ad-preview=\"message\">\n<div class=\"\" dir=\"auto\">\n<div id=\":r9h:\" class=\"x1iorvi4 x1pi30zi x1l90r2v x1swvt13\" data-ad-comet-preview=\"message\" data-ad-preview=\"message\">\n<div class=\"\" dir=\"auto\">\n<div id=\":r9h:\" class=\"x1iorvi4 x1pi30zi x1l90r2v x1swvt13\" data-ad-comet-preview=\"message\" data-ad-preview=\"message\">\n<div>\n<div class=\"\" dir=\"auto\">\n<div id=\":r9h:\" class=\"x1iorvi4 x1pi30zi x1l90r2v x1swvt13\" data-ad-comet-preview=\"message\" data-ad-preview=\"message\">\n<div>\n<div class=\"\" dir=\"auto\">\n<div id=\":r9h:\" class=\"x1iorvi4 x1pi30zi x1l90r2v x1swvt13\" data-ad-comet-preview=\"message\" data-ad-preview=\"message\">\n<div class=\"xdj266r x11i5rnm xat24cr x1mh8g0r x1vvkbs x126k92a\">\n<div dir=\"auto\"><\/div>\n<\/div>\n<div>\n<div class=\"\" dir=\"auto\">\n<div id=\":r9h:\" class=\"x1iorvi4 x1pi30zi x1l90r2v x1swvt13\" data-ad-comet-preview=\"message\" data-ad-preview=\"message\">\n<div>\n<div class=\"\" dir=\"auto\">\n<div id=\":r9h:\" class=\"x1iorvi4 x1pi30zi x1l90r2v x1swvt13\" data-ad-comet-preview=\"message\" data-ad-preview=\"message\">\n\n\t\t\t<style type='text\/css'>\n\t\t\t\t#gallery-6 {\n\t\t\t\t\tmargin: auto;\n\t\t\t\t}\n\t\t\t\t#gallery-6 .gallery-item {\n\t\t\t\t\tfloat: left;\n\t\t\t\t\tmargin-top: 10px;\n\t\t\t\t\ttext-align: center;\n\t\t\t\t\twidth: 25%;\n\t\t\t\t}\n\t\t\t\t#gallery-6 img {\n\t\t\t\t\tborder: 2px solid #cfcfcf;\n\t\t\t\t}\n\t\t\t\t#gallery-6 .gallery-caption {\n\t\t\t\t\tmargin-left: 0;\n\t\t\t\t}\n\t\t\t\t\/* see gallery_shortcode() in wp-includes\/media.php *\/\n\t\t\t<\/style>\n\t\t<div id='gallery-6' class='dt-gallery-container gallery galleryid-447139 gallery-columns-4 gallery-size-thumbnail'><dl class='gallery-item'>\n\t\t\t\t<dt class='gallery-icon portrait'>\n\t\t\t\t\t<a class=\"rollover rollover-zoom dt-pswp-item\" title=\"1fe41dbe-e182-4dfc-a031-6b914a8c7070\" data-dt-img-description=\"\" data-large_image_width=\"1080\" data-large_image_height=\"1350\"href='https:\/\/www.radiopiu.net\/wordpress\/wp-content\/uploads\/2025\/04\/1fe41dbe-e182-4dfc-a031-6b914a8c7070.jpg'><img loading=\"lazy\" decoding=\"async\" width=\"150\" height=\"150\" src=\"https:\/\/www.radiopiu.net\/wordpress\/wp-content\/uploads\/2025\/04\/1fe41dbe-e182-4dfc-a031-6b914a8c7070-150x150.jpg\" class=\"attachment-thumbnail size-thumbnail\" alt=\"\" \/><\/a>\n\t\t\t\t<\/dt><\/dl><dl class='gallery-item'>\n\t\t\t\t<dt class='gallery-icon portrait'>\n\t\t\t\t\t<a class=\"rollover rollover-zoom dt-pswp-item\" title=\"17edc79b-2729-450a-991a-37c9461b86b0\" data-dt-img-description=\"\" data-large_image_width=\"1536\" data-large_image_height=\"2048\"href='https:\/\/www.radiopiu.net\/wordpress\/wp-content\/uploads\/2025\/04\/17edc79b-2729-450a-991a-37c9461b86b0.jpg'><img loading=\"lazy\" decoding=\"async\" width=\"150\" height=\"150\" src=\"https:\/\/www.radiopiu.net\/wordpress\/wp-content\/uploads\/2025\/04\/17edc79b-2729-450a-991a-37c9461b86b0-150x150.jpg\" class=\"attachment-thumbnail size-thumbnail\" alt=\"\" \/><\/a>\n\t\t\t\t<\/dt><\/dl><dl class='gallery-item'>\n\t\t\t\t<dt class='gallery-icon portrait'>\n\t\t\t\t\t<a class=\"rollover rollover-zoom dt-pswp-item\" title=\"Locandina Altro che liberazione ! Sardos Albertini\" data-dt-img-description=\"\" data-large_image_width=\"1414\" data-large_image_height=\"2000\"href='https:\/\/www.radiopiu.net\/wordpress\/wp-content\/uploads\/2025\/04\/Locandina-Altro-che-liberazione-Sardos-Albertini.png'><img loading=\"lazy\" decoding=\"async\" width=\"150\" height=\"150\" src=\"https:\/\/www.radiopiu.net\/wordpress\/wp-content\/uploads\/2025\/04\/Locandina-Altro-che-liberazione-Sardos-Albertini-150x150.png\" class=\"attachment-thumbnail size-thumbnail\" alt=\"\" \/><\/a>\n\t\t\t\t<\/dt><\/dl><dl class='gallery-item'>\n\t\t\t\t<dt class='gallery-icon portrait'>\n\t\t\t\t\t<a class=\"rollover rollover-zoom dt-pswp-item\" title=\"7e1d91b2-5c0f-41af-9a0e-117e7d3e0631\" data-dt-img-description=\"\" data-large_image_width=\"1132\" data-large_image_height=\"1600\"href='https:\/\/www.radiopiu.net\/wordpress\/wp-content\/uploads\/2025\/04\/7e1d91b2-5c0f-41af-9a0e-117e7d3e0631-1.jpg'><img loading=\"lazy\" decoding=\"async\" width=\"150\" height=\"150\" src=\"https:\/\/www.radiopiu.net\/wordpress\/wp-content\/uploads\/2025\/04\/7e1d91b2-5c0f-41af-9a0e-117e7d3e0631-1-150x150.jpg\" class=\"attachment-thumbnail size-thumbnail\" alt=\"\" \/><\/a>\n\t\t\t\t<\/dt><\/dl><br style=\"clear: both\" \/><dl class='gallery-item'>\n\t\t\t\t<dt class='gallery-icon portrait'>\n\t\t\t\t\t<a class=\"rollover rollover-zoom dt-pswp-item\" title=\"52e3449b-0bde-449a-8599-8cf4c508c2fc\" data-dt-img-description=\"\" data-large_image_width=\"566\" data-large_image_height=\"800\"href='https:\/\/www.radiopiu.net\/wordpress\/wp-content\/uploads\/2025\/04\/52e3449b-0bde-449a-8599-8cf4c508c2fc.jpg'><img loading=\"lazy\" decoding=\"async\" width=\"150\" height=\"150\" src=\"https:\/\/www.radiopiu.net\/wordpress\/wp-content\/uploads\/2025\/04\/52e3449b-0bde-449a-8599-8cf4c508c2fc-150x150.jpg\" class=\"attachment-thumbnail size-thumbnail\" alt=\"\" \/><\/a>\n\t\t\t\t<\/dt><\/dl><dl class='gallery-item'>\n\t\t\t\t<dt class='gallery-icon portrait'>\n\t\t\t\t\t<a class=\"rollover rollover-zoom dt-pswp-item\" title=\"Locandina Gardaland 19.05.2025\" data-dt-img-description=\"\" data-large_image_width=\"1131\" data-large_image_height=\"1600\"href='https:\/\/www.radiopiu.net\/wordpress\/wp-content\/uploads\/2025\/03\/Locandina-Gardaland-19.05.2025.jpeg'><img loading=\"lazy\" decoding=\"async\" width=\"150\" height=\"150\" src=\"https:\/\/www.radiopiu.net\/wordpress\/wp-content\/uploads\/2025\/03\/Locandina-Gardaland-19.05.2025-150x150.jpeg\" class=\"attachment-thumbnail size-thumbnail\" alt=\"\" \/><\/a>\n\t\t\t\t<\/dt><\/dl><dl class='gallery-item'>\n\t\t\t\t<dt class='gallery-icon portrait'>\n\t\t\t\t\t<a class=\"rollover rollover-zoom dt-pswp-item\" title=\"Maggio (3)\" data-dt-img-description=\"\" data-large_image_width=\"841\" data-large_image_height=\"1190\"href='https:\/\/www.radiopiu.net\/wordpress\/wp-content\/uploads\/2025\/04\/Maggio-3.jpg'><img loading=\"lazy\" decoding=\"async\" width=\"150\" height=\"150\" src=\"https:\/\/www.radiopiu.net\/wordpress\/wp-content\/uploads\/2025\/04\/Maggio-3-150x150.jpg\" class=\"attachment-thumbnail size-thumbnail\" alt=\"\" \/><\/a>\n\t\t\t\t<\/dt><\/dl><dl class='gallery-item'>\n\t\t\t\t<dt class='gallery-icon portrait'>\n\t\t\t\t\t<a class=\"rollover rollover-zoom dt-pswp-item\" title=\"Locandina mostra gagliardetti radioe tv\" data-dt-img-description=\"\" data-large_image_width=\"1052\" data-large_image_height=\"1488\"href='https:\/\/www.radiopiu.net\/wordpress\/wp-content\/uploads\/2025\/05\/Locandina-mostra-gagliardetti-radioe-tv.jpg'><img loading=\"lazy\" decoding=\"async\" width=\"150\" height=\"150\" src=\"https:\/\/www.radiopiu.net\/wordpress\/wp-content\/uploads\/2025\/05\/Locandina-mostra-gagliardetti-radioe-tv-150x150.jpg\" class=\"attachment-thumbnail size-thumbnail\" alt=\"\" \/><\/a>\n\t\t\t\t<\/dt><\/dl><br style=\"clear: both\" \/>\n\t\t\t<\/div>\n\n<p>&nbsp;<\/p>\n<\/div>\n<\/div>\n<\/div>\n<\/div>\n<\/div>\n<\/div>\n<\/div>\n<\/div>\n<\/div>\n<\/div>\n<\/div>\n<\/div>\n<\/div>\n<\/div>\n<\/div>\n<\/div>\n<\/div>\n<\/div>\n<\/div>\n<\/div>\n<\/div>\n<div>\n<div class=\"\" dir=\"auto\">\n<div id=\":r9h:\" class=\"x1iorvi4 x1pi30zi x1l90r2v x1swvt13\" data-ad-comet-preview=\"message\" data-ad-preview=\"message\">\n<div class=\"\" dir=\"auto\">\n<div id=\":r9h:\" class=\"x1iorvi4 x1pi30zi x1l90r2v x1swvt13\" data-ad-comet-preview=\"message\" data-ad-preview=\"message\">\n<div class=\"\" dir=\"auto\">\n<div id=\":r9h:\" class=\"x1iorvi4 x1pi30zi x1l90r2v x1swvt13\" data-ad-comet-preview=\"message\" data-ad-preview=\"message\">\n<div class=\"\" dir=\"auto\">\n<div id=\":r9h:\" class=\"x1iorvi4 x1pi30zi x1l90r2v x1swvt13\" data-ad-comet-preview=\"message\" data-ad-preview=\"message\">\n<div>\n<div class=\"\" dir=\"auto\">\n<div id=\":r9h:\" class=\"x1iorvi4 x1pi30zi x1l90r2v x1swvt13\" data-ad-comet-preview=\"message\" data-ad-preview=\"message\">\n<div>\n<div class=\"\" dir=\"auto\">\n<div id=\":r9h:\" class=\"x1iorvi4 x1pi30zi x1l90r2v x1swvt13\" data-ad-comet-preview=\"message\" data-ad-preview=\"message\">\n<div class=\"xdj266r x11i5rnm xat24cr x1mh8g0r x1vvkbs x126k92a\">\n<div dir=\"auto\"><\/div>\n<\/div>\n<div>\n<div class=\"\" dir=\"auto\">\n<div id=\":r9h:\" class=\"x1iorvi4 x1pi30zi x1l90r2v x1swvt13\" data-ad-comet-preview=\"message\" data-ad-preview=\"message\">\n<div>\n<div class=\"\" dir=\"auto\">\n<div id=\":r9h:\" class=\"x1iorvi4 x1pi30zi x1l90r2v x1swvt13\" data-ad-comet-preview=\"message\" data-ad-preview=\"message\">\n<p>&nbsp;<\/p>\n<hr \/>\n<p>&nbsp;<\/p>\n<\/div>\n<\/div>\n<\/div>\n<\/div>\n<\/div>\n<\/div>\n<\/div>\n<\/div>\n<\/div>\n<\/div>\n<\/div>\n<\/div>\n<\/div>\n<\/div>\n<\/div>\n<\/div>\n<\/div>\n<\/div>\n<\/div>\n<\/div>\n<\/div>\n<p class=\"mceTemp\"><a class=\"dt-pswp-item\" href=\"https:\/\/www.radiopiu.net\/wordpress\/wp-content\/uploads\/2018\/09\/WhatsApp-Image-2018-09-20-at-16.04.06.jpeg\" data-dt-img-description=\"\" data-large_image_width=\"800\" data-large_image_height=\"100\"><img loading=\"lazy\" decoding=\"async\" class=\"wp-image-61378 size-full aligncenter\" src=\"https:\/\/www.radiopiu.net\/wordpress\/wp-content\/uploads\/2018\/09\/WhatsApp-Image-2018-09-20-at-16.04.06.jpeg\" alt=\"\" width=\"800\" height=\"100\" srcset=\"https:\/\/www.radiopiu.net\/wordpress\/wp-content\/uploads\/2018\/09\/WhatsApp-Image-2018-09-20-at-16.04.06.jpeg 800w, https:\/\/www.radiopiu.net\/wordpress\/wp-content\/uploads\/2018\/09\/WhatsApp-Image-2018-09-20-at-16.04.06-300x38.jpeg 300w, https:\/\/www.radiopiu.net\/wordpress\/wp-content\/uploads\/2018\/09\/WhatsApp-Image-2018-09-20-at-16.04.06-768x96.jpeg 768w\" sizes=\"auto, (max-width: 800px) 100vw, 800px\" \/><\/a><\/p>\n<p><center><\/center><center><\/center>&nbsp;<\/p>\n<p><center><b>OGGI<\/b><\/center>Tempo ben soleggiato con cielo sereno o poco nuvoloso per modesti cumuli al mattino. Nelle ore pi\u00f9 calde riduzione del soleggiamento per attivit\u00e0 cumuliforme irregolare, ma con bassa probabilit\u00e0 di fenomeni convettivi.<br \/>\n<b>Precipitazioni: <\/b>Assenti al mattino, mentre nel pomeriggio non sar\u00e0 del tutto escluso qualche sporadico piovasco\/rovescio specie sulle Dolomiti.<br \/>\n<b>Temperature: <\/b>In generale ulteriore lieve aumento con massime che potrebbero toccare punte di 27\/28\u00b0C nei fondovalle prealpini pi\u00f9 caldi e i 23\/25\u00b0C attorno a 1000 m.<\/p>\n<hr \/>\n<p><center><b>DOMANI<\/b><\/center>Al mattino in parte soleggiato con cielo a tratti velato da nubi alte, assieme a primi modesti cumuli. Al pomeriggio attivit\u00e0 cumuliforme un po pi\u00f9 presente dei giorni scorsi, specie sulle Dolomiti dove ci sar\u00e0 un crescente rischio d&#8217;instabilit\u00e0 convettiva.<br \/>\n<b>Precipitazioni: <\/b>Al mattino assenti. Al pomeriggio rimarr\u00e0 piuttosto bassa sulle Prealpi, mentre la probabilit\u00e0 aumenter\u00e0 sulle Dolomiti per rovesci e occasionali temporali.<br \/>\n<b>Temperature: <\/b>Minime in ulteriore rialzo. Massime in aumento nei posti pi\u00f9 assolati, mentre potrebbero risultare stazionarie o in leggera flessione nei settori dolomitici maggiormente interessati dall&#8217;instabilit\u00e0 pomeridiana.<\/p>\n<hr \/>\n<p><center><b>DOMENICA<\/b><\/center>Nonostante gli iniziali tratti soleggiati, maggiore nuvolosit\u00e0 con primi fenomeni d&#8217;instabilit\u00e0, gi\u00e0 entro le ore centrali del giorno. Al pomeriggio la stessa instabilit\u00e0 aumenter\u00e0 con maggiore rischio di rovesci e temporali. Temperature minime in aumento e massime in calo.<\/p>\n<hr \/>\n<p><center><b>LUNEDI<\/b><\/center>Persistenza del tempo variabile, a tratti instabile, con cielo in prevalenza nuvoloso, a tratti molto nuvoloso, associato a qualche rovescio, anche temporalesco al mattino, mentre gli stessi saranno pi\u00f9 frequenti al pomeriggio, specie in caso di innesco convettivo per schiarite. Ulteriore generale calo termico.<\/p>\n<p>&nbsp;<\/p>\n<p>&nbsp;<\/p>\n<hr \/>\n<p>&nbsp;<\/p>\n<p class=\"mceTemp\"><a class=\"dt-pswp-item\" href=\"https:\/\/www.radiopiu.net\/wordpress\/wp-content\/uploads\/2018\/09\/sport.jpg\" data-dt-img-description=\"\" data-large_image_width=\"800\" data-large_image_height=\"100\"><img loading=\"lazy\" decoding=\"async\" class=\"aligncenter wp-image-60761 size-full\" src=\"https:\/\/www.radiopiu.net\/wordpress\/wp-content\/uploads\/2018\/09\/sport.jpg\" alt=\"\" width=\"800\" height=\"100\" srcset=\"https:\/\/www.radiopiu.net\/wordpress\/wp-content\/uploads\/2018\/09\/sport.jpg 800w, https:\/\/www.radiopiu.net\/wordpress\/wp-content\/uploads\/2018\/09\/sport-300x38.jpg 300w, https:\/\/www.radiopiu.net\/wordpress\/wp-content\/uploads\/2018\/09\/sport-768x96.jpg 768w\" sizes=\"auto, (max-width: 800px) 100vw, 800px\" \/> <\/a><\/p>\n<p class=\"mceTemp\"><span style=\"color: #0000ff;\"><strong>\u00a0 \u00a0 \u00a0 \u00a0 \u00a0 \u00a0<\/strong><\/span><\/p>\n<p><span style=\"color: #0000ff;\"><strong>CALCIO<\/strong><\/span><\/p>\n<blockquote>\n<h3><a class=\"dt-pswp-item\" href=\"https:\/\/www.radiopiu.net\/wordpress\/wp-content\/uploads\/2025\/05\/Immagine-2025-05-01-111902.jpg\" data-dt-img-description=\"\" data-large_image_width=\"228\" data-large_image_height=\"189\"><img loading=\"lazy\" decoding=\"async\" class=\" wp-image-447474 alignleft\" src=\"https:\/\/www.radiopiu.net\/wordpress\/wp-content\/uploads\/2025\/05\/Immagine-2025-05-01-111902.jpg\" alt=\"\" width=\"156\" height=\"129\" \/><\/a>CAMPIONATO UNDER 15: DEFINITE LE SEMIFINALI PROVINCIALI<\/h3>\n<\/blockquote>\n<p><strong>BELLUNO<\/strong> La Delegazione FIGC di Belluno ha anticipato gli accoppiamenti per le semifinali del Campionato Provinciale Under 15, sulla base dei risultati della 9\u00aa giornata di ritorno disputata mercoled\u00ec 30 aprile. Le gare di andata si giocheranno sabato 3 maggio alle 16.30. Nella prima semifinale, il Sois (2\u00b0 classificato del girone B) affronter\u00e0 il LG Valbelluna (1\u00b0 del girone A), mentre nella seconda semifinale l\u2019Agordina (2\u00b0 del girone A) sfider\u00e0 il Domegge (1\u00b0 del girone B).<\/p>\n<p>&nbsp;<\/p>\n<blockquote>\n<h3>MANUELA BOITO E DORIANO SPONGA PREMIATI DALLA FIGC CON LE BENEMERENZE SPORTIVE<\/h3>\n<\/blockquote>\n<p><strong><a class=\"dt-pswp-item\" href=\"https:\/\/www.radiopiu.net\/wordpress\/wp-content\/uploads\/2025\/05\/LND-LOGO.png\" data-dt-img-description=\"\" data-large_image_width=\"1049\" data-large_image_height=\"1192\"><img loading=\"lazy\" decoding=\"async\" class=\" wp-image-447524 alignleft\" src=\"https:\/\/www.radiopiu.net\/wordpress\/wp-content\/uploads\/2025\/05\/LND-LOGO-264x300.png\" alt=\"\" width=\"132\" height=\"150\" srcset=\"https:\/\/www.radiopiu.net\/wordpress\/wp-content\/uploads\/2025\/05\/LND-LOGO-264x300.png 264w, https:\/\/www.radiopiu.net\/wordpress\/wp-content\/uploads\/2025\/05\/LND-LOGO-901x1024.png 901w, https:\/\/www.radiopiu.net\/wordpress\/wp-content\/uploads\/2025\/05\/LND-LOGO-768x873.png 768w, https:\/\/www.radiopiu.net\/wordpress\/wp-content\/uploads\/2025\/05\/LND-LOGO.png 1049w\" sizes=\"auto, (max-width: 132px) 100vw, 132px\" \/><\/a>ROMA<\/strong><\/p>\n<p>DI ROBERTO BONA<\/p>\n<audio class=\"wp-audio-shortcode\" id=\"audio-447139-22\" preload=\"none\" style=\"width: 100%;\" controls=\"controls\"><source type=\"audio\/mpeg\" src=\"https:\/\/www.radiopiu.net\/wordpress\/wp-content\/uploads\/2025\/05\/gr-02-sport-boito-e-sponga-bona.mp3?_=22\" \/><a href=\"https:\/\/www.radiopiu.net\/wordpress\/wp-content\/uploads\/2025\/05\/gr-02-sport-boito-e-sponga-bona.mp3\">https:\/\/www.radiopiu.net\/wordpress\/wp-content\/uploads\/2025\/05\/gr-02-sport-boito-e-sponga-bona.mp3<\/a><\/audio>\n<p>&nbsp;<\/p>\n<p>&nbsp;<\/p>\n<p>&nbsp;<\/p>\n<p>&nbsp;<\/p>\n<p>&nbsp;<\/p>\n<p>&nbsp;<\/p>\n","protected":false},"excerpt":{"rendered":"<p>****** &nbsp; &nbsp; LA\u00a0 APP PER IOS-IPHONE di Nicola Vettorello https:\/\/apps.apple.com\/it\/app\/radio-pi%C3%B9-emittente-agordina\/id1515939845 LA\u00a0 APP RADIO\u00a0 PER ANDROID di Nicola Vettorello https:\/\/play.google.com\/store\/apps\/details?id=net.radiopiu.iniko\u00a0\u00a0\u00a0\u00a0 &nbsp; &nbsp; \u00a0 &nbsp; OGGI SU RADIOPI\u00d9: MUSICA, informazione\u00a0 e dirette\u00a0 Giornata ricca di appuntamenti su RadioPi\u00f9! Si parte alle 09.00 Premiere di Marco Gaz le novit\u00e0 alla radio ed a seguire alle 9.40\u00a0 le&hellip;<\/p>\n","protected":false},"author":4,"featured_media":447412,"comment_status":"closed","ping_status":"closed","sticky":false,"template":"","format":"standard","meta":{"_monsterinsights_skip_tracking":false,"_monsterinsights_sitenote_active":false,"_monsterinsights_sitenote_note":"","_monsterinsights_sitenote_category":0,"footnotes":""},"categories":[51,86,49],"tags":[],"class_list":["post-447139","post","type-post","status-publish","format-standard","has-post-thumbnail","hentry","category-evidenza-top","category-gr","category-news-18","category-51","category-86","category-49","description-off"],"img_url":"https:\/\/www.radiopiu.net\/wordpress\/wp-content\/uploads\/2025\/04\/WhatsApp-Image-2025-04-30-at-14.49.48-1.jpeg","_links":{"self":[{"href":"https:\/\/www.radiopiu.net\/wordpress\/wp-json\/wp\/v2\/posts\/447139","targetHints":{"allow":["GET"]}}],"collection":[{"href":"https:\/\/www.radiopiu.net\/wordpress\/wp-json\/wp\/v2\/posts"}],"about":[{"href":"https:\/\/www.radiopiu.net\/wordpress\/wp-json\/wp\/v2\/types\/post"}],"author":[{"embeddable":true,"href":"https:\/\/www.radiopiu.net\/wordpress\/wp-json\/wp\/v2\/users\/4"}],"replies":[{"embeddable":true,"href":"https:\/\/www.radiopiu.net\/wordpress\/wp-json\/wp\/v2\/comments?post=447139"}],"version-history":[{"count":49,"href":"https:\/\/www.radiopiu.net\/wordpress\/wp-json\/wp\/v2\/posts\/447139\/revisions"}],"predecessor-version":[{"id":447558,"href":"https:\/\/www.radiopiu.net\/wordpress\/wp-json\/wp\/v2\/posts\/447139\/revisions\/447558"}],"wp:featuredmedia":[{"embeddable":true,"href":"https:\/\/www.radiopiu.net\/wordpress\/wp-json\/wp\/v2\/media\/447412"}],"wp:attachment":[{"href":"https:\/\/www.radiopiu.net\/wordpress\/wp-json\/wp\/v2\/media?parent=447139"}],"wp:term":[{"taxonomy":"category","embeddable":true,"href":"https:\/\/www.radiopiu.net\/wordpress\/wp-json\/wp\/v2\/categories?post=447139"},{"taxonomy":"post_tag","embeddable":true,"href":"https:\/\/www.radiopiu.net\/wordpress\/wp-json\/wp\/v2\/tags?post=447139"}],"curies":[{"name":"wp","href":"https:\/\/api.w.org\/{rel}","templated":true}]}}