{"id":447191,"date":"2025-04-30T05:29:20","date_gmt":"2025-04-30T03:29:20","guid":{"rendered":"https:\/\/www.radiopiu.net\/wordpress\/?p=447191"},"modified":"2025-04-30T08:14:23","modified_gmt":"2025-04-30T06:14:23","slug":"giornale-radiopiu-30-aprile-2025-direttore-mirko-mezzacasa","status":"publish","type":"post","link":"https:\/\/www.radiopiu.net\/wordpress\/giornale-radiopiu-30-aprile-2025-direttore-mirko-mezzacasa\/","title":{"rendered":"GIORNALE RADIOPIU 30 APRILE 2025 DIRETTORE MIRKO MEZZACASA"},"content":{"rendered":"<p>&nbsp;<\/p>\n<p><em><span style=\"color: #ff0000;\"><a class=\"dt-pswp-item\" href=\"https:\/\/www.radiopiu.net\/wordpress\/wp-content\/uploads\/2024\/10\/Senza-nome-8.png\" data-dt-img-description=\"\" data-large_image_width=\"343\" data-large_image_height=\"303\"><img loading=\"lazy\" decoding=\"async\" class=\"wp-image-412130 alignleft\" src=\"https:\/\/www.radiopiu.net\/wordpress\/wp-content\/uploads\/2024\/10\/Senza-nome-8-300x265.png\" alt=\"\" width=\"105\" height=\"93\" srcset=\"https:\/\/www.radiopiu.net\/wordpress\/wp-content\/uploads\/2024\/10\/Senza-nome-8-300x265.png 300w, https:\/\/www.radiopiu.net\/wordpress\/wp-content\/uploads\/2024\/10\/Senza-nome-8.png 343w\" sizes=\"auto, (max-width: 105px) 100vw, 105px\" \/><\/a><\/span><\/em><strong><em><span style=\"color: #ff0000;\"> LA\u00a0 APP PER IOS-IPHONE di Nicola Vettorello<\/span><\/em><\/strong><\/p>\n<p><strong><span style=\"color: #0000ff;\"><a style=\"color: #0000ff;\" href=\"https:\/\/apps.apple.com\/it\/app\/radio-pi%C3%B9-emittente-agordina\/id1515939845\">https:\/\/apps.apple.com\/it\/app\/radio-pi%C3%B9-emittente-agordina\/id1515939845<\/a><\/span><\/strong><\/p>\n<p><strong><em style=\"color: #ff0000;\">LA\u00a0 APP RADIO\u00a0 PER ANDROID di Nicola Vettorello<\/em><\/strong><\/p>\n<p><strong><span style=\"color: #0000ff;\"><a style=\"color: #0000ff;\" href=\"https:\/\/play.google.com\/store\/apps\/details?id=net.radiopiu.iniko\" target=\"_blank\" rel=\"noopener noreferrer\">https:\/\/<\/a><a style=\"color: #0000ff;\" href=\"https:\/\/play.google.com\/store\/apps\/details?id=net.radiopiu.iniko\" target=\"_blank\" rel=\"noopener noreferrer\">play.google.com\/store\/apps\/details?id=net.radiopiu.iniko\u00a0\u00a0\u00a0\u00a0<\/a><\/span><\/strong><\/p>\n<p>&nbsp;<\/p>\n<blockquote>\n<h1 data-start=\"0\" data-end=\"60\"><\/h1>\n<h1 data-start=\"0\" data-end=\"60\"><strong data-start=\"0\" data-end=\"60\"><a class=\"dt-pswp-item\" href=\"https:\/\/www.radiopiu.net\/wordpress\/wp-content\/uploads\/2025\/04\/334993397_128403223330745_8420219585967935816_n.jpg\" data-dt-img-description=\"\" data-large_image_width=\"1182\" data-large_image_height=\"1182\"><img loading=\"lazy\" decoding=\"async\" class=\"wp-image-447192 alignleft\" src=\"https:\/\/www.radiopiu.net\/wordpress\/wp-content\/uploads\/2025\/04\/334993397_128403223330745_8420219585967935816_n-300x300.jpg\" alt=\"\" width=\"111\" height=\"111\" srcset=\"https:\/\/www.radiopiu.net\/wordpress\/wp-content\/uploads\/2025\/04\/334993397_128403223330745_8420219585967935816_n-300x300.jpg 300w, https:\/\/www.radiopiu.net\/wordpress\/wp-content\/uploads\/2025\/04\/334993397_128403223330745_8420219585967935816_n-1024x1024.jpg 1024w, https:\/\/www.radiopiu.net\/wordpress\/wp-content\/uploads\/2025\/04\/334993397_128403223330745_8420219585967935816_n-150x150.jpg 150w, https:\/\/www.radiopiu.net\/wordpress\/wp-content\/uploads\/2025\/04\/334993397_128403223330745_8420219585967935816_n-768x768.jpg 768w, https:\/\/www.radiopiu.net\/wordpress\/wp-content\/uploads\/2025\/04\/334993397_128403223330745_8420219585967935816_n.jpg 1182w\" sizes=\"auto, (max-width: 111px) 100vw, 111px\" \/><\/a>OGGI SU RADIOPI\u00d9: MUSICA, informazione\u00a0 e dirette\u00a0<\/strong><\/h1>\n<\/blockquote>\n<p class=\"\" data-start=\"62\" data-end=\"463\"><strong>ALLE 8.25<\/strong> dopo la storica rassegna stampa locale di mirko mezzacasa, l programma PIU&#8217; Siamo<strong>\u00a0ALLE 9.00<\/strong> IL LIBRO DI LIANA CAVALET, LIBER IL MERCOLEDI ALLE NOVE DEL MATTINO \u00a0<strong>10.10<\/strong>\u00a0 CISL LA VOCE PER I LAVORATORI SPECIALE CAF <strong>10.30<\/strong>\u00a0 SE NON LA SMETTI TI MANDO DAL PRESIDE, CON LA PROF. MARIA ROSA SALMAZO <strong>12.00<\/strong> IL LISCIO DI MIRCO BENCIVENNI <strong>12.30<\/strong> GR PRINCIPALE <strong>13.20<\/strong> COLLAGE OPERAZIONE NOSTALGIA, LORIS SCUSSEL <strong>14.00<\/strong> LA CLASSIFICA UFFICIALE DI RADIOPIU DI MARCO GAZ <strong>15.10<\/strong> AMAZING CALENDAR DALLA NEVEGAL TOUR CON MIKY E MARINA (foto)\u00a0 <strong>16 45<\/strong> LE HIT STORICHE DI MIRCO BENCIVENNI <strong>19.05<\/strong> LE ANTICIPAZIONI DAL TG DI ANTENNA 3 DA UN&#8217;IDEA DI TIZIANA BOLOGNANI<\/p>\n<blockquote>\n<h1><\/h1>\n<\/blockquote>\n<p>&nbsp;<\/p>\n<p>&nbsp;<\/p>\n<div class=\"x11i5rnm xat24cr x1mh8g0r x1vvkbs xtlvy1s x126k92a\">\n<div dir=\"auto\">\n<div dir=\"auto\">\n<p><strong><a class=\"dt-pswp-item\" href=\"https:\/\/www.radiopiu.net\/wordpress\/wp-content\/uploads\/2024\/02\/2d44e751-d8a8-461b-8e22-d8e4e853b032.jpg\" data-dt-img-description=\"\" data-large_image_width=\"1600\" data-large_image_height=\"1200\"><img loading=\"lazy\" decoding=\"async\" class=\"wp-image-373307 alignleft\" src=\"https:\/\/www.radiopiu.net\/wordpress\/wp-content\/uploads\/2024\/02\/2d44e751-d8a8-461b-8e22-d8e4e853b032-300x225.jpg\" alt=\"\" width=\"105\" height=\"79\" srcset=\"https:\/\/www.radiopiu.net\/wordpress\/wp-content\/uploads\/2024\/02\/2d44e751-d8a8-461b-8e22-d8e4e853b032-300x225.jpg 300w, https:\/\/www.radiopiu.net\/wordpress\/wp-content\/uploads\/2024\/02\/2d44e751-d8a8-461b-8e22-d8e4e853b032-1024x768.jpg 1024w, https:\/\/www.radiopiu.net\/wordpress\/wp-content\/uploads\/2024\/02\/2d44e751-d8a8-461b-8e22-d8e4e853b032-768x576.jpg 768w, https:\/\/www.radiopiu.net\/wordpress\/wp-content\/uploads\/2024\/02\/2d44e751-d8a8-461b-8e22-d8e4e853b032-1536x1152.jpg 1536w, https:\/\/www.radiopiu.net\/wordpress\/wp-content\/uploads\/2024\/02\/2d44e751-d8a8-461b-8e22-d8e4e853b032.jpg 1600w\" sizes=\"auto, (max-width: 105px) 100vw, 105px\" \/><\/a>EL BAL DEL FIOR, DI GIULIANA DA RONCH, 30 APRILE<\/strong><strong> 2025<\/strong><\/p>\n<\/div>\n<\/div>\n<div dir=\"auto\">\n<div dir=\"auto\">\n<audio class=\"wp-audio-shortcode\" id=\"audio-447191-1\" preload=\"none\" style=\"width: 100%;\" controls=\"controls\"><source type=\"audio\/mpeg\" src=\"https:\/\/www.radiopiu.net\/wordpress\/wp-content\/uploads\/2025\/04\/GME-3.mp3?_=1\" \/><a href=\"https:\/\/www.radiopiu.net\/wordpress\/wp-content\/uploads\/2025\/04\/GME-3.mp3\">https:\/\/www.radiopiu.net\/wordpress\/wp-content\/uploads\/2025\/04\/GME-3.mp3<\/a><\/audio>\n<p>&nbsp;<\/p>\n<p>&nbsp;<\/p>\n<hr \/>\n<p>&nbsp;<\/p>\n<p>&nbsp;<\/p>\n<\/div>\n<\/div>\n<\/div>\n<div class=\"x11i5rnm xat24cr x1mh8g0r x1vvkbs xtlvy1s x126k92a\">\n<blockquote>\n<h1><strong><a class=\"dt-pswp-item\" href=\"https:\/\/www.radiopiu.net\/wordpress\/wp-content\/uploads\/2024\/10\/629301fd-708d-4f53-95c2-d28cbefd500f.jpg\" data-dt-img-description=\"\" data-large_image_width=\"1600\" data-large_image_height=\"1322\"><img loading=\"lazy\" decoding=\"async\" class=\"wp-image-413782 alignright\" src=\"https:\/\/www.radiopiu.net\/wordpress\/wp-content\/uploads\/2024\/10\/629301fd-708d-4f53-95c2-d28cbefd500f-300x248.jpg\" alt=\"\" width=\"106\" height=\"88\" srcset=\"https:\/\/www.radiopiu.net\/wordpress\/wp-content\/uploads\/2024\/10\/629301fd-708d-4f53-95c2-d28cbefd500f-300x248.jpg 300w, https:\/\/www.radiopiu.net\/wordpress\/wp-content\/uploads\/2024\/10\/629301fd-708d-4f53-95c2-d28cbefd500f-1024x846.jpg 1024w, https:\/\/www.radiopiu.net\/wordpress\/wp-content\/uploads\/2024\/10\/629301fd-708d-4f53-95c2-d28cbefd500f-768x635.jpg 768w, https:\/\/www.radiopiu.net\/wordpress\/wp-content\/uploads\/2024\/10\/629301fd-708d-4f53-95c2-d28cbefd500f-1536x1269.jpg 1536w, https:\/\/www.radiopiu.net\/wordpress\/wp-content\/uploads\/2024\/10\/629301fd-708d-4f53-95c2-d28cbefd500f.jpg 1600w\" sizes=\"auto, (max-width: 106px) 100vw, 106px\" \/><\/a><\/strong><\/h1>\n<h1><strong><a class=\"dt-pswp-item\" href=\"https:\/\/www.radiopiu.net\/wordpress\/wp-content\/uploads\/2024\/11\/th-18.jpg\" data-dt-img-description=\"\" data-large_image_width=\"156\" data-large_image_height=\"180\"><img loading=\"lazy\" decoding=\"async\" class=\"size-full wp-image-421611 alignleft\" src=\"https:\/\/www.radiopiu.net\/wordpress\/wp-content\/uploads\/2024\/11\/th-18.jpg\" alt=\"\" width=\"156\" height=\"180\" \/><\/a><\/strong><\/h1>\n<h1><strong>N di parom &#8211; L Almanach de la nosta jent<\/strong><\/h1>\n<\/blockquote>\n<p>&nbsp;<\/p>\n<p>Le voci: Davide Conedera, Agordo, Michela Dell&#8217;Osbel, La Valle Agordina Simone Ganz, Falcade Veronica Lezuo, Colle Santa Lucia. La voce nella sigla \u00e8 di Giorgia Taio<\/p>\n<p><strong>LA PUNTATA DI OGGI, 30<\/strong><\/p>\n<audio class=\"wp-audio-shortcode\" id=\"audio-447191-2\" preload=\"none\" style=\"width: 100%;\" controls=\"controls\"><source type=\"audio\/mpeg\" src=\"https:\/\/www.radiopiu.net\/wordpress\/wp-content\/uploads\/2025\/04\/AL3-3.mp3?_=2\" \/><a href=\"https:\/\/www.radiopiu.net\/wordpress\/wp-content\/uploads\/2025\/04\/AL3-3.mp3\">https:\/\/www.radiopiu.net\/wordpress\/wp-content\/uploads\/2025\/04\/AL3-3.mp3<\/a><\/audio>\n<p>&nbsp;<\/p>\n<p>&nbsp;<\/p>\n<p>&nbsp;<\/p>\n<\/div>\n<div class=\"x11i5rnm xat24cr x1mh8g0r x1vvkbs xtlvy1s x126k92a\">\n<div dir=\"auto\">\n<hr \/>\n<\/div>\n<\/div>\n<blockquote>\n<blockquote>\n<h1><span style=\"color: #ff0000;\">\u00a0<\/span><\/h1>\n<h1><span style=\"color: #ff0000;\">I podcast informativi del mattino &#8211; audio &#8211;\u00a0\u00a0<\/span><\/h1>\n<\/blockquote>\n<p><strong><a class=\"dt-pswp-item\" href=\"https:\/\/www.radiopiu.net\/wordpress\/wp-content\/uploads\/2024\/11\/6.jpg\" data-dt-img-description=\"\" data-large_image_width=\"177\" data-large_image_height=\"180\"><img loading=\"lazy\" decoding=\"async\" class=\" wp-image-417911 alignleft\" src=\"https:\/\/www.radiopiu.net\/wordpress\/wp-content\/uploads\/2024\/11\/6.jpg\" alt=\"\" width=\"107\" height=\"109\" \/><\/a>LA RASSEGNA STAMPA NAZIONALE ALLA RADIO, OGNI GIORNO ALLE 5 E ALLE 6 DEL MATTINO <span style=\"color: #0000ff;\">viene pubblicata alle 6.00 <span style=\"color: #ff0000;\">DIRETTA RADIO\u00a0 \u00a0\u00a0<\/span><\/span><\/strong><\/p><\/blockquote>\n<p>&nbsp;<\/p>\n<h1><strong>NOTIZIE DELLA NOTTE<\/strong><strong>\u00a0<\/strong><\/h1>\n<p><strong><a class=\"dt-pswp-item\" href=\"https:\/\/www.radiopiu.net\/wordpress\/wp-content\/uploads\/2025\/04\/breaking-news-7562021_960_720.jpg\" data-dt-img-description=\"\" data-large_image_width=\"960\" data-large_image_height=\"576\"><img loading=\"lazy\" decoding=\"async\" class=\" wp-image-447315 alignleft\" src=\"https:\/\/www.radiopiu.net\/wordpress\/wp-content\/uploads\/2025\/04\/breaking-news-7562021_960_720-300x180.jpg\" alt=\"\" width=\"192\" height=\"115\" srcset=\"https:\/\/www.radiopiu.net\/wordpress\/wp-content\/uploads\/2025\/04\/breaking-news-7562021_960_720-300x180.jpg 300w, https:\/\/www.radiopiu.net\/wordpress\/wp-content\/uploads\/2025\/04\/breaking-news-7562021_960_720-768x461.jpg 768w, https:\/\/www.radiopiu.net\/wordpress\/wp-content\/uploads\/2025\/04\/breaking-news-7562021_960_720.jpg 960w\" sizes=\"auto, (max-width: 192px) 100vw, 192px\" \/><\/a>Ucraina, Trump: &#8216;Putin mi rispetta,<\/strong> penso che voglia la pace Intervista a Abc, &#8216;sognava prendere tutto il Paese, non lo far\u00e0&#8217;<br \/>\n<strong>Per\u00f9, sequestrati 13 lavoratori in una miniera d&#8217;oro<\/strong> I criminali chiedono un milione di euro per liberarli<br \/>\n<strong>Borsa: Tokyo, apertura in rialzo (+0,29%<\/strong>) Attesa per i dati macroeconomici in Cina e la riunione della Boj<br \/>\n<strong>Morto il killer di Gucci<\/strong>, si era sparato dopo aver ferito figlio Benedetto Ceraulo, 63 anni, \u00e8 deceduto all&#8217;ospedale di Pisa<br \/>\n<strong>Trump, i dazi alla Cina al 145%?<\/strong> &#8216;Se li merita&#8217; &#8216;Quasi tutti i Paesi ci derubavano, ora non pi\u00f9&#8217;<br \/>\n<strong>Saluto romano al corteo per Ramelli<\/strong>, &#8216;Bella ciao&#8217; in lontananza Manifestazione si conclude col il rito del &#8216;presente&#8217;<\/p>\n<h1>AUDIO dalle 6 del mattino<\/h1>\n<audio class=\"wp-audio-shortcode\" id=\"audio-447191-3\" preload=\"none\" style=\"width: 100%;\" controls=\"controls\"><source type=\"audio\/mpeg\" src=\"https:\/\/www.radiopiu.net\/wordpress\/wp-content\/uploads\/2025\/04\/GIORNALEDELLESEI-22.mp3?_=3\" \/><a href=\"https:\/\/www.radiopiu.net\/wordpress\/wp-content\/uploads\/2025\/04\/GIORNALEDELLESEI-22.mp3\">https:\/\/www.radiopiu.net\/wordpress\/wp-content\/uploads\/2025\/04\/GIORNALEDELLESEI-22.mp3<\/a><\/audio>\n<p>&nbsp;<\/p>\n<p>&nbsp;<\/p>\n<hr \/>\n<p>&nbsp;<\/p>\n<h1 style=\"text-align: center;\"><span style=\"color: #ff0000;\"><a class=\"dt-pswp-item\" href=\"https:\/\/www.radiopiu.net\/wordpress\/wp-content\/uploads\/2024\/11\/7.jpg\" data-dt-img-description=\"\" data-large_image_width=\"180\" data-large_image_height=\"180\"><img loading=\"lazy\" decoding=\"async\" class=\"size-full wp-image-417912 alignleft\" src=\"https:\/\/www.radiopiu.net\/wordpress\/wp-content\/uploads\/2024\/11\/7.jpg\" alt=\"\" width=\"180\" height=\"180\" srcset=\"https:\/\/www.radiopiu.net\/wordpress\/wp-content\/uploads\/2024\/11\/7.jpg 180w, https:\/\/www.radiopiu.net\/wordpress\/wp-content\/uploads\/2024\/11\/7-150x150.jpg 150w\" sizes=\"auto, (max-width: 180px) 100vw, 180px\" \/><\/a>I podcast informativi del mattino &#8211; audio &#8211;\u00a0<\/span><\/h1>\n<p><strong>OGNI GIORNO ALLE SETTE DEL MATTINO, LA RASSEGNA STAMPA LOCALE FLASH&#8230; PER CHI VA IN FRETTA. I TITOLI DAI GIORNALI E DAL SITO WWW.RADIOPIU.NET <span style=\"color: #0000ff;\">viene pubblicato alle 7.00<\/span> <span style=\"color: #ff0000;\">DIRETTA RADIO\u00a0<\/span><\/strong><\/p>\n<p><em><span style=\"color: #ff0000;\">per chi va in fretta&#8230; tante notizie in pochi minuti. L&#8217;informazione locale alla radio, ogni ora dalle 7 del mattino alle 19 della sera.\u00a0\u00a0<\/span><\/em><\/p>\n<p><strong data-start=\"0\" data-end=\"62\">Notizie locali dal Bellunese: tra cronaca, eventi e novit\u00e0<\/strong><\/p>\n<div class=\"flex flex-1 grow basis-auto flex-col overflow-hidden\">\n<div class=\"relative h-full\">\n<div class=\"flex h-full flex-col overflow-y-auto [scrollbar-gutter:stable]\">\n<div class=\"mt-1.5 flex flex-col text-sm @thread-xl\/thread:pt-header-height md:pb-9\">\n<article class=\"group\/turn w-full text-token-text-primary focus-visible:outline-none\" dir=\"auto\" tabindex=\"-1\" data-testid=\"conversation-turn-2\" data-scroll-anchor=\"true\">\n<div class=\"text-base my-auto mx-auto py-5 px-6\">\n<div class=\"mx-auto flex flex-1 text-base gap-4 md:gap-5 lg:gap-6 md:max-w-3xl\">\n<div class=\"group\/conversation-turn relative flex w-full min-w-0 flex-col agent-turn @xs\/thread:px-0 @sm\/thread:px-1.5 @md\/thread:px-4\">\n<div class=\"relative flex-col gap-1 md:gap-3\">\n<div class=\"flex max-w-full flex-col flex-grow\">\n<div class=\"min-h-8 text-message relative flex w-full flex-col items-end gap-2 whitespace-normal break-words text-start [.text-message+&amp;]:mt-5\" dir=\"auto\" data-message-author-role=\"assistant\" data-message-id=\"bff05fc0-dc7c-4ab7-9b20-d3eec753127b\" data-message-model-slug=\"gpt-4o-mini\">\n<div class=\"flex w-full flex-col gap-1 empty:hidden first:pt-[3px]\">\n<div class=\"markdown prose w-full break-words dark:prose-invert dark\">\n<p class=\"\" data-start=\"64\" data-end=\"329\">Radio Pi\u00f9 offre una panoramica sui principali eventi e notizie in provincia di Belluno, accompagnata dalla programmazione radiofonica. Tra le principali notizie<\/p>\n<\/div>\n<\/div>\n<\/div>\n<\/div>\n<\/div>\n<\/div>\n<\/div>\n<\/div>\n<\/article>\n<\/div>\n<\/div>\n<\/div>\n<\/div>\n<h1>AUDIO dalle 7 del mattino<\/h1>\n<audio class=\"wp-audio-shortcode\" id=\"audio-447191-4\" preload=\"none\" style=\"width: 100%;\" controls=\"controls\"><source type=\"audio\/mpeg\" src=\"https:\/\/www.radiopiu.net\/wordpress\/wp-content\/uploads\/2025\/04\/GF07-23.mp3?_=4\" \/><a href=\"https:\/\/www.radiopiu.net\/wordpress\/wp-content\/uploads\/2025\/04\/GF07-23.mp3\">https:\/\/www.radiopiu.net\/wordpress\/wp-content\/uploads\/2025\/04\/GF07-23.mp3<\/a><\/audio>\n<p>&nbsp;<\/p>\n<p>&nbsp;<\/p>\n<hr \/>\n<p>&nbsp;<\/p>\n<h1><\/h1>\n<h1 style=\"text-align: center;\"><span style=\"color: #ff0000;\"><a class=\"dt-pswp-item\" href=\"https:\/\/www.radiopiu.net\/wordpress\/wp-content\/uploads\/2024\/11\/th.jpg\" data-dt-img-description=\"\" data-large_image_width=\"148\" data-large_image_height=\"179\"><img loading=\"lazy\" decoding=\"async\" class=\"size-full wp-image-417913 alignleft\" src=\"https:\/\/www.radiopiu.net\/wordpress\/wp-content\/uploads\/2024\/11\/th.jpg\" alt=\"\" width=\"148\" height=\"179\" \/><\/a>I podcast informativi del mattino &#8211; audio &#8211;\u00a0<\/span><\/h1>\n<blockquote><p><strong>GIORNALE RADIO NAZIONALE, EDIZIONE DELLE SETTE <span style=\"color: #0000ff;\">viene pubblicato alle 7.05 <span style=\"color: #ff0000;\">DIRETTA RADIO\u00a0<\/span><\/span><\/strong><\/p><\/blockquote>\n<p><strong>il giornale radionazionale e&#8217; in onda ogni ora, dalle sette del mattino alle venti della sera\u00a0 \u00a0<\/strong><\/p>\n<p>&nbsp;<\/p>\n<p><strong><a class=\"dt-pswp-item\" href=\"https:\/\/www.radiopiu.net\/wordpress\/wp-content\/uploads\/2025\/02\/download-7.jpg\" data-dt-img-description=\"\" data-large_image_width=\"211\" data-large_image_height=\"239\"><img loading=\"lazy\" decoding=\"async\" class=\" wp-image-435553 alignleft\" src=\"https:\/\/www.radiopiu.net\/wordpress\/wp-content\/uploads\/2025\/02\/download-7.jpg\" alt=\"\" width=\"129\" height=\"146\" \/><\/a>PISA<\/strong> Morto il killer di Gucci, si era sparato dopo aver ferito il figlio Benedetto Ceraulo, 63 anni, \u00e8 deceduto all&#8217;ospedale di Pisa<br \/>\n<strong>PALERMO<\/strong> In carcere il tesoriere di Messina Denaro, avvocato e massone<br \/>\n<strong>ANDRIA<\/strong> Madre e figlia incinta morte in uno scontro, l&#8217;uomo alla guida era senza patente<br \/>\n<strong>BARLETTA<\/strong> Trovato morto il 26enne scomparso a Barletta, l&#8217;ipotesi \u00e8 omicidio<br \/>\nBARI In auto al cellulare travolse una ragazza, prete arrestato La vittima cadde dalla moto, fu investita e trascinata per metri<br \/>\n<strong>MILANO<\/strong> Il ricorso contro le assoluzioni sui saluti romani: &#8216;Pericolo di ricostituzione del partito fascista&#8217; Alla manifestazione parteciparono oltre 1000 militanti di estrema destra<br \/>\n<strong>ROMA<\/strong> Mark Samson si ferm\u00f2 a comprare le sigarette con il cadavere di Ilaria Sula in auto Dal carcere invia una lettera ai magistrati<\/p>\n<p>&nbsp;<\/p>\n<p><strong><a class=\"dt-pswp-item\" href=\"https:\/\/www.radiopiu.net\/wordpress\/wp-content\/uploads\/2025\/02\/download-3.jpg\" data-dt-img-description=\"\" data-large_image_width=\"223\" data-large_image_height=\"226\"><img loading=\"lazy\" decoding=\"async\" class=\"size-full wp-image-434732 alignleft\" src=\"https:\/\/www.radiopiu.net\/wordpress\/wp-content\/uploads\/2025\/02\/download-3.jpg\" alt=\"\" width=\"223\" height=\"226\" \/><\/a>VENEZIA<\/strong> Trovato morto in cella l&#8217;ex marito dell&#8217;ereditiera Usa scomparsa Accusato di averla uccisa, le ricerche della donna in Veneto <strong>VENEZIA<\/strong> Denunciato un giovane per il furto alla sede Udu di Venezia Nella sua abitazione un pc e accendini con logo associazione <strong>VENEZIA<\/strong>\u00a0 Ucciso per sventare rapina a Mestre, al via processo Giacomo Gobbato venne accoltellato, oggi costituite le parti <strong>VERONA<\/strong> Mario Cipollini assolto da calunnia contro Ivano Fanini La sentenza a Verona, perch\u00e9 il fatto non costituisce reato <strong>TREVISO<\/strong> Un bar &#8216;tassa&#8217; le bestemmie: il ricavato in beneficenzaUn euro per ogni infrazione, sono stati gi\u00e0 raccolti 150 euro <strong>PADOVA<\/strong> Bus con 30 studenti prende fuoco nel padovano Mezzo distrutto ma i passeggeri tutti in salvo <strong>VICENZA<\/strong> Flash mob sindacati a Vicenza contro le morti sul lavoro Operai distesi sul selciato, 79 le vittime in Veneto nel 2024 <strong>VENEZIA <\/strong>Economia,\u00a0 Nominati nuovi vertici di AcegasApsAmga Carlo Andriolo nuovo ad, Roberto Gasparetto \u00e8 presidente <strong>VENEZIA<\/strong> Mostre,\u00a0 A Venezia &#8216;The Lens of Time&#8221;, la storia dell&#8217;occhiale italiano<br \/>\n<strong>VENEZIA<\/strong>Cultura, Hans Ulrich Obrist presiede la giuria di Biennale Architettura\u00a0<strong>VENEZIA<\/strong> Cinema\u00a0 Alexander Payne presidente di giuria a Venezia<\/p>\n<h1><span style=\"color: #ff0000;\"><span style=\"color: #0000ff;\">ULTIM&#8217;ORA<\/span> <span style=\"color: #000000;\">AUDIO dalle sette del mattino, ogni ora alla radio EDIZIONE DELLE SETTE<\/span><\/span><\/h1>\n<audio class=\"wp-audio-shortcode\" id=\"audio-447191-5\" preload=\"none\" style=\"width: 100%;\" controls=\"controls\"><source type=\"audio\/mpeg\" src=\"https:\/\/www.radiopiu.net\/wordpress\/wp-content\/uploads\/2025\/04\/giornale07-24.mp3?_=5\" \/><a href=\"https:\/\/www.radiopiu.net\/wordpress\/wp-content\/uploads\/2025\/04\/giornale07-24.mp3\">https:\/\/www.radiopiu.net\/wordpress\/wp-content\/uploads\/2025\/04\/giornale07-24.mp3<\/a><\/audio>\n<p>&nbsp;<\/p>\n<p>&nbsp;<\/p>\n<p>&nbsp;<\/p>\n<hr \/>\n<p>&nbsp;<\/p>\n<p>&nbsp;<\/p>\n<h1><span style=\"color: #ff0000;\"><a class=\"dt-pswp-item\" href=\"https:\/\/www.radiopiu.net\/wordpress\/wp-content\/uploads\/2024\/11\/8.jpg\" data-dt-img-description=\"\" data-large_image_width=\"180\" data-large_image_height=\"180\"><img loading=\"lazy\" decoding=\"async\" class=\"size-full wp-image-417910 alignleft\" src=\"https:\/\/www.radiopiu.net\/wordpress\/wp-content\/uploads\/2024\/11\/8.jpg\" alt=\"\" width=\"180\" height=\"180\" srcset=\"https:\/\/www.radiopiu.net\/wordpress\/wp-content\/uploads\/2024\/11\/8.jpg 180w, https:\/\/www.radiopiu.net\/wordpress\/wp-content\/uploads\/2024\/11\/8-150x150.jpg 150w\" sizes=\"auto, (max-width: 180px) 100vw, 180px\" \/><\/a>I podcast informativi del mattino &#8211; video &#8211;\u00a0<\/span><\/h1>\n<h2 style=\"text-align: left;\"><strong>RASSEGNA STAMPA LOCALE, ORE OTTO<\/strong><\/h2>\n<h2><strong> <span style=\"color: #0000ff;\">viene\u00a0 <\/span><\/strong><strong><span style=\"color: #0000ff;\">pubblicata alle 8.05 <span style=\"color: #ff0000;\">DIRETTA RADIO\u00a0 \u00a0<\/span><\/span><\/strong><strong>DI MIRKO MEZZACASA<\/strong><\/h2>\n<blockquote>\n<p data-start=\"0\" data-end=\"64\">\n<\/blockquote>\n<h1><span style=\"color: #ff0000;\"><strong>VIDEO\u00a0 \u00a0in diretta AGGIORNAMENTO\u00a0 dalle 8 del mattino\u00a0 \u00a0<\/strong><\/span><\/h1>\n<p><iframe loading=\"lazy\" title=\"DAL 1983 LA RASSEGNA STAMPA LOCALE di mirko mezzacasa. L&#039;ORIGINALE\" width=\"1200\" height=\"675\" src=\"https:\/\/www.youtube.com\/embed\/GUTnOwa9EJQ?feature=oembed\" frameborder=\"0\" allow=\"accelerometer; autoplay; clipboard-write; encrypted-media; gyroscope; picture-in-picture; web-share\" referrerpolicy=\"strict-origin-when-cross-origin\" allowfullscreen><\/iframe><\/p>\n<hr \/>\n<p>&nbsp;<\/p>\n<p>&nbsp;<\/p>\n<p>&nbsp;<\/p>\n<p><strong><a class=\"dt-pswp-item\" href=\"https:\/\/www.radiopiu.net\/wordpress\/wp-content\/uploads\/2023\/12\/ANTENNA.png\" data-dt-img-description=\"\" data-large_image_width=\"300\" data-large_image_height=\"166\"><img loading=\"lazy\" decoding=\"async\" class=\"wp-image-366306 alignright\" src=\"https:\/\/www.radiopiu.net\/wordpress\/wp-content\/uploads\/2023\/12\/ANTENNA.png\" alt=\"\" width=\"101\" height=\"56\" \/><\/a><a class=\"dt-pswp-item\" href=\"https:\/\/www.radiopiu.net\/wordpress\/wp-content\/uploads\/2024\/11\/th-17.jpg\" data-dt-img-description=\"\" data-large_image_width=\"224\" data-large_image_height=\"180\"><img loading=\"lazy\" decoding=\"async\" class=\" wp-image-421610 alignleft\" src=\"https:\/\/www.radiopiu.net\/wordpress\/wp-content\/uploads\/2024\/11\/th-17.jpg\" alt=\"\" width=\"167\" height=\"134\" \/><\/a>ogni sera alle 19 le anticipazioni alla radio, quello che poi seguirete nel TELEGIORNALE BELLUNESE\u00a0 in onda alle 19.30 sul CANALE 10 del digitale terrestre.\u00a0\u00a0<\/strong><\/p>\n<p><b>\u00a0\u00a0<\/b><\/p>\n<h1><span style=\"color: #ff0000;\"><strong>LE ANTICIPAZIONI DI\u00a0 TIZIANA BOLOGNANI<\/strong><\/span><\/h1>\n<audio class=\"wp-audio-shortcode\" id=\"audio-447191-6\" preload=\"none\" style=\"width: 100%;\" controls=\"controls\"><source type=\"audio\/mpeg\" src=\"https:\/\/www.radiopiu.net\/wordpress\/wp-content\/uploads\/2025\/04\/ANTENNA3-19.mp3?_=6\" \/><a href=\"https:\/\/www.radiopiu.net\/wordpress\/wp-content\/uploads\/2025\/04\/ANTENNA3-19.mp3\">https:\/\/www.radiopiu.net\/wordpress\/wp-content\/uploads\/2025\/04\/ANTENNA3-19.mp3<\/a><\/audio>\n<p>&nbsp;<\/p>\n<p>&nbsp;<\/p>\n<p>&nbsp;<\/p>\n<p>&nbsp;<\/p>\n<hr \/>\n<p>&nbsp;<\/p>\n<blockquote>\n<h3><strong><a class=\"dt-pswp-item\" href=\"https:\/\/www.radiopiu.net\/wordpress\/wp-content\/uploads\/2020\/06\/92acea46-75d9-42a0-a5fa-8d5774618b43.jpg\" data-dt-img-description=\"\" data-large_image_width=\"960\" data-large_image_height=\"720\"><img loading=\"lazy\" decoding=\"async\" class=\" wp-image-146571 alignleft\" src=\"https:\/\/www.radiopiu.net\/wordpress\/wp-content\/uploads\/2020\/06\/92acea46-75d9-42a0-a5fa-8d5774618b43-300x225.jpg\" alt=\"\" width=\"175\" height=\"131\" srcset=\"https:\/\/www.radiopiu.net\/wordpress\/wp-content\/uploads\/2020\/06\/92acea46-75d9-42a0-a5fa-8d5774618b43-300x225.jpg 300w, https:\/\/www.radiopiu.net\/wordpress\/wp-content\/uploads\/2020\/06\/92acea46-75d9-42a0-a5fa-8d5774618b43-768x576.jpg 768w, https:\/\/www.radiopiu.net\/wordpress\/wp-content\/uploads\/2020\/06\/92acea46-75d9-42a0-a5fa-8d5774618b43.jpg 960w\" sizes=\"auto, (max-width: 175px) 100vw, 175px\" \/><\/a><\/strong>LAVORI IN PIAZZA AD AGORDO CON DIVIETO DI SOSTA E RIMOZIONE FORZATA<\/h3>\n<\/blockquote>\n<p><strong>LIVINALLONGO<\/strong> localit\u00e0 Costa Salesei fino al 10 maggio interdizione ai veicoli con massa superiore a 3,5 tonnellate. Per tutti gli altri veicoli, interdizione alla circolazione dalle 815 alle 12:35; dalle 13:35 alle 16:15; dalle 16:30 alle 19:00 escluso sabato e domenica<\/p>\n<p><strong>AGORDO <\/strong>Dal 5 maggio al 20 giugno 2025\u00a0 un senso unico alternato\u00a0 e divieto di sosta con rimozione forzata nell\u2019area di cantiere, esclusi sabato e domenica.<\/p>\n<p><strong>VAL DI ZOLDO<\/strong> Regionale 347 in localit\u00e0 Fornesighe, chiusa dalle 8 alle 17, esclusi festivi e prefestivi<\/p>\n<blockquote>\n<h3><span style=\"color: #ff0000;\">OGGI CONSIGLIO DELL&#8217;UNIONE MONTANA AGORDINA in diretta sui canali di radiopiu: FACEBOOK, TELEGRAM, SITO WWW.RADIOPIU.NET<\/span><\/h3>\n<\/blockquote>\n<p><strong>AGORDO<\/strong> Il Consiglio dell\u2019Unione Montana Agordina \u00e8 convocato\u00a0 per le 20 in Sala Don Tamis. All\u2019ordine del giorno sono previsti: l&#8217;approvazione del rendiconto per l\u2019anno 2024 e una variazione a bilancio<\/p>\n<p>&nbsp;<\/p>\n<hr \/>\n<p>&nbsp;<\/p>\n<blockquote>\n<h3 data-start=\"94\" data-end=\"533\">ARRESTATO UN 25ENNE A PONTE NELLE ALPI<\/h3>\n<\/blockquote>\n<p class=\"\" data-start=\"90\" data-end=\"390\"><img loading=\"lazy\" decoding=\"async\" class=\"alignleft\" src=\"https:\/\/www.radiopiu.net\/wordpress\/wp-content\/uploads\/2024\/04\/polizia.jpg\" width=\"252\" height=\"142\" \/>Nell\u2019ambito dell\u2019intensificazione delle attivit\u00e0 di controllo del territorio disposte dal Questore di Belluno, gli operatori della Squadra Volante hanno effettuato una serie di controlli durante il fine settimana, ispezionando pi\u00f9 di 200 persone, inclusi gli avventori di diversi esercizi pubblici.<\/p>\n<p class=\"\" data-start=\"392\" data-end=\"802\">Tra i numerosi soggetti controllati, la Volante ha fermato un ragazzo di 25 anni, cittadino italiano di origini brasiliane, in zona Ponte nelle Alpi. Il giovane risultava destinatario di una ordinanza di aggravamento della misura cautelare emessa a seguito di un reato di rapina commesso a Milano. Gli agenti hanno eseguito l\u2019arresto e lo hanno condotto presso la casa circondariale di Belluno.<\/p>\n<p class=\"\" data-start=\"804\" data-end=\"1135\">Durante la perquisizione, gli operatori hanno rinvenuto alcune carte di pagamento che sono risultate essere provento di furto, confermando ulteriormente la gravit\u00e0 della situazione. L\u2019operazione rientra nel quadro delle misure di sicurezza rafforzate per garantire il rispetto della legalit\u00e0 e la sicurezza dei cittadini<\/p>\n<p>&nbsp;<\/p>\n<p>&nbsp;<\/p>\n<hr \/>\n<p>&nbsp;<\/p>\n<p>&nbsp;<\/p>\n<blockquote>\n<h3 class=\"markdown prose dark:prose-invert w-full break-words dark\">MARIA TERESA CRO, SIMBOLO DI VOLONTARIATO E UMANIT\u00c0<\/h3>\n<\/blockquote>\n<div class=\"markdown prose dark:prose-invert w-full break-words dark\">\n<p class=\"\" data-start=\"272\" data-end=\"584\"><strong><a class=\"dt-pswp-item\" href=\"https:\/\/www.radiopiu.net\/wordpress\/wp-content\/uploads\/2025\/04\/cro1.jpg\" data-dt-img-description=\"\" data-large_image_width=\"179\" data-large_image_height=\"169\"><img loading=\"lazy\" decoding=\"async\" class=\"size-full wp-image-447203 alignleft\" src=\"https:\/\/www.radiopiu.net\/wordpress\/wp-content\/uploads\/2025\/04\/cro1.jpg\" alt=\"\" width=\"179\" height=\"169\" \/><\/a>AGORDO<\/strong> \u2013 La comunit\u00e0 di Agordo ha salutato con commozione Maria Teresa Cro, vedova Caffagni, venuta a mancare serenamente all\u2019et\u00e0 di 90 anni. Figura amata e stimata, Maria Teresa \u00e8 ricordata non solo per la sua discrezione e gentilezza, ma soprattutto per l\u2019impegno profondo e costante nel mondo del volontariato. Chi l\u2019ha conosciuta ne ricorda la generosit\u00e0 silenziosa, il sorriso pronto e la dedizione instancabile a chi aveva bisogno di aiuto. Tra i molti che ne piangono la scomparsa, anche Maria Cristina Zoleo, presidente provinciale UNICEF, che la ricorda con affetto: <em data-start=\"852\" data-end=\"991\">\u201cUna donna preziosa, esempio di altruismo e umanit\u00e0. Il mio pensiero va a tutta la sua famiglia, con un abbraccio sincero e riconoscente\u201d<\/em>. Lascia nel dolore i figli Claudio e Daniela, la nuora Lavinia, i nipoti Alessia con Daniele, Maril, Igor con Matilde, cui tutta la comunit\u00e0 si stringe con affetto e rispetto.<\/p>\n<p><strong>AUDIO, MARIA CRISTINA ZOLEO, PRESIDENTE UNICEF\u00a0<\/strong><\/p>\n<audio class=\"wp-audio-shortcode\" id=\"audio-447191-7\" preload=\"none\" style=\"width: 100%;\" controls=\"controls\"><source type=\"audio\/mpeg\" src=\"https:\/\/www.radiopiu.net\/wordpress\/wp-content\/uploads\/2025\/04\/maria-cristina-zoleo.mp3?_=7\" \/><a href=\"https:\/\/www.radiopiu.net\/wordpress\/wp-content\/uploads\/2025\/04\/maria-cristina-zoleo.mp3\">https:\/\/www.radiopiu.net\/wordpress\/wp-content\/uploads\/2025\/04\/maria-cristina-zoleo.mp3<\/a><\/audio>\n<p>&nbsp;<\/p>\n<\/div>\n<p>&nbsp;<\/p>\n<p>&nbsp;<\/p>\n<hr \/>\n<p>&nbsp;<\/p>\n<blockquote>\n<h2 data-start=\"804\" data-end=\"1135\">.ESCURSIONISTA FERITO &#8211; BOSCAIOLO COLPITO DA UNA PIANTA<\/h2>\n<\/blockquote>\n<p class=\"\" data-start=\"211\" data-end=\"356\"><strong data-start=\"211\" data-end=\"238\"><img loading=\"lazy\" decoding=\"async\" class=\"alignleft\" src=\"https:\/\/www.radiopiu.net\/wordpress\/wp-content\/uploads\/2024\/12\/DSC00443-Modifica-1-scaled.jpg\" width=\"195\" height=\"130\" \/>BELLUNO, 29 APRILE 2025<\/strong>\u00a0 Il primo allarme \u00e8 scattato attorno alle 7.40 nella zona del Rifugio Chiggiato, nel comune di <strong data-start=\"460\" data-end=\"481\">Calalzo di Cadore<\/strong>, dove un <strong data-start=\"491\" data-end=\"522\">34enne di Cortina d\u2019Ampezzo<\/strong> \u00e8 scivolato su un pendio, riportando una\u00a0 frattura alla caviglia. Raggiunto da una squadra del Soccorso alpino di Pieve di Cadore, l\u2019uomo \u00e8 stato immobilizzato, imbarellato e trasportato in un punto adatto al recupero da parte dell\u2019elicottero del Suem, che lo ha trasferito all\u2019ospedale di Belluno.<\/p>\n<p class=\"\" data-start=\"843\" data-end=\"1375\">Poco dopo, alle 8.45, \u00e8 giunta una seconda richiesta di intervento a <strong>Passo Monte Croce Comelico<\/strong>, dove un 32enne boscaiolo sloveno, impegnato nei lavori boschivi <a class=\"dt-pswp-item\" href=\"https:\/\/www.radiopiu.net\/wordpress\/wp-content\/uploads\/2025\/04\/Immagine-2025-04-30-050633.jpg\" data-dt-img-description=\"\" data-large_image_width=\"564\" data-large_image_height=\"335\"><img loading=\"lazy\" decoding=\"async\" class=\"size-medium wp-image-447308 alignleft\" src=\"https:\/\/www.radiopiu.net\/wordpress\/wp-content\/uploads\/2025\/04\/Immagine-2025-04-30-050633-300x178.jpg\" alt=\"\" width=\"300\" height=\"178\" srcset=\"https:\/\/www.radiopiu.net\/wordpress\/wp-content\/uploads\/2025\/04\/Immagine-2025-04-30-050633-300x178.jpg 300w, https:\/\/www.radiopiu.net\/wordpress\/wp-content\/uploads\/2025\/04\/Immagine-2025-04-30-050633.jpg 564w\" sizes=\"auto, (max-width: 300px) 100vw, 300px\" \/><\/a>con una ditta, \u00e8 stato colpito da una pianta. Il ferito (codice 2 media gravit\u00e0), che si trovava a circa un chilometro dalla strada statale, \u00e8 stato raggiunto dal Soccorso alpino della Val Comelico e da uomini della Guardia di Finanza. Le prime cure hanno evidenziato un probabile politrauma. Anche in questo caso l\u2019uomo \u00e8 stato elitrasportato all\u2019ospedale di Belluno.<\/p>\n<p class=\"\" data-start=\"0\" data-end=\"84\"><strong data-start=\"0\" data-end=\"82\">PROCURA APRE UN FASCICOLO<\/strong><\/p>\n<p class=\"\" data-start=\"86\" data-end=\"396\">La Procura ha aperto un fascicolo per lesioni colpose: in corso accertamenti sulla sicurezza del cantiere.<\/p>\n<p class=\"\" data-start=\"843\" data-end=\"1375\"><strong data-start=\"0\" data-end=\"71\">\u00a0<\/strong><\/p>\n<p>&nbsp;<\/p>\n<hr \/>\n<p><span style=\"color: #0000ff;\">\u00a0<\/span><\/p>\n<p>**************************************************************************************************************************************************************<\/p>\n<blockquote><p>&nbsp;<\/p><\/blockquote>\n<hr \/>\n<blockquote>\n<h1 data-start=\"0\" data-end=\"60\"><\/h1>\n<\/blockquote>\n<hr \/>\n<p>&nbsp;<\/p>\n<blockquote>\n<h3>ALLEGHE, DUE INCENDI NELLA NOTTE: FIAMME DALLE CANNE FUMARIE A PINI\u00c9 E COI<\/h3>\n<\/blockquote>\n<p><strong><img loading=\"lazy\" decoding=\"async\" class=\"alignleft\" src=\"https:\/\/www.radiopiu.net\/wordpress\/wp-content\/uploads\/2025\/04\/Immagine-2025-04-29-082541.jpg\" width=\"135\" height=\"102\" \/>ALLEGHE<\/strong><\/p>\n<article class=\"text-token-text-primary w-full\" dir=\"auto\" data-testid=\"conversation-turn-8\" data-scroll-anchor=\"false\">\n<div class=\"text-base my-auto mx-auto py-5 [--thread-content-margin:--spacing(4)] @[37rem]:[--thread-content-margin:--spacing(6)] @[70rem]:[--thread-content-margin:--spacing(12)] px-(--thread-content-margin)\">\n<div class=\"[--thread-content-max-width:32rem] @[34rem]:[--thread-content-max-width:40rem] @[64rem]:[--thread-content-max-width:48rem] mx-auto flex max-w-(--thread-content-max-width) flex-1 text-base gap-4 md:gap-5 lg:gap-6 group\/turn-messages focus-visible:outline-hidden\" tabindex=\"-1\">\n<div class=\"group\/conversation-turn relative flex w-full min-w-0 flex-col agent-turn\">\n<div class=\"relative flex-col gap-1 md:gap-3\">\n<div class=\"flex max-w-full flex-col grow\">\n<div class=\"min-h-8 text-message relative flex w-full flex-col items-end gap-2 text-start break-words whitespace-normal [.text-message+&amp;]:mt-5\" dir=\"auto\" data-message-author-role=\"assistant\" data-message-id=\"deec5e32-22cb-44d6-adb4-a9c53c9137d4\" data-message-model-slug=\"gpt-4o\">\n<div class=\"flex w-full flex-col gap-1 empty:hidden first:pt-[3px]\">\n<div class=\"markdown prose dark:prose-invert w-full break-words dark\">\n<p class=\"\" data-start=\"94\" data-end=\"533\">Due interventi in poche ore per i Vigili del Fuoco di Agordo e i volontari di Caprile, chiamati l&#8217;altra notte per spegnere due incendi nel comune di Alleghe. Le fiamme si sono sprigionate dalle canne fumarie di due abitazioni, una nella frazione di Pini\u00e9 e l\u2019altra a Coi. Fortunatamente non si registrano feriti e i danni sono rimasti contenuti grazie al pronto intervento delle squadre antincendio.<\/p>\n<p data-start=\"94\" data-end=\"533\">FOTO FACEBOOK pompieri caprile<\/p>\n<p>&nbsp;<\/p>\n<hr \/>\n<p><span style=\"color: #0000ff;\">\u00a0<\/span><\/p>\n<p>**************************************************************************************************************************************************************<\/p>\n<blockquote><p>&nbsp;<\/p><\/blockquote>\n<hr \/>\n<blockquote>\n<h1 data-start=\"0\" data-end=\"60\"><\/h1>\n<\/blockquote>\n<p data-start=\"94\" data-end=\"533\">\n<\/div>\n<div class=\"markdown prose dark:prose-invert w-full break-words dark\">\n<hr \/>\n<\/div>\n<div class=\"markdown prose dark:prose-invert w-full break-words dark\">\n<hr \/>\n<p>&nbsp;<\/p>\n<blockquote>\n<p class=\"\" data-start=\"0\" data-end=\"63\"><strong data-start=\"0\" data-end=\"61\"><a class=\"dt-pswp-item\" href=\"https:\/\/www.radiopiu.net\/wordpress\/wp-content\/uploads\/2022\/11\/Terna-Demolizione-Auronzo-2.jpeg\" data-dt-img-description=\"\" data-large_image_width=\"1600\" data-large_image_height=\"1203\"><img loading=\"lazy\" decoding=\"async\" class=\"wp-image-308091 alignleft\" src=\"https:\/\/www.radiopiu.net\/wordpress\/wp-content\/uploads\/2022\/11\/Terna-Demolizione-Auronzo-2-300x226.jpeg\" alt=\"\" width=\"134\" height=\"101\" srcset=\"https:\/\/www.radiopiu.net\/wordpress\/wp-content\/uploads\/2022\/11\/Terna-Demolizione-Auronzo-2-300x226.jpeg 300w, https:\/\/www.radiopiu.net\/wordpress\/wp-content\/uploads\/2022\/11\/Terna-Demolizione-Auronzo-2-1024x770.jpeg 1024w, https:\/\/www.radiopiu.net\/wordpress\/wp-content\/uploads\/2022\/11\/Terna-Demolizione-Auronzo-2-768x577.jpeg 768w, https:\/\/www.radiopiu.net\/wordpress\/wp-content\/uploads\/2022\/11\/Terna-Demolizione-Auronzo-2-1536x1155.jpeg 1536w, https:\/\/www.radiopiu.net\/wordpress\/wp-content\/uploads\/2022\/11\/Terna-Demolizione-Auronzo-2.jpeg 1600w\" sizes=\"auto, (max-width: 134px) 100vw, 134px\" \/><\/a>AURONZO: ALBERO CADE SULLA LINEA ENEL, EVITATO L\u2019INCENDIO<\/strong><\/p>\n<\/blockquote>\n<p class=\"\" data-start=\"65\" data-end=\"356\"><strong>AURONZO<\/strong> Un albero \u00e8 finito su una linea elettrica da 20 mila volt in Val Marzon, causando un principio d\u2019incendio. Provvidenziale l\u2019intervento dei vigili del fuoco e del personale Enel, che ha messo in sicurezza la zona. Nessun blackout registrato. Accertamenti in corso sulle distanze di sicurezza.<\/p>\n<p>FOTO ARCHIVIO<\/p>\n<p>&nbsp;<\/p>\n<hr \/>\n<p><span style=\"color: #0000ff;\">\u00a0<\/span><\/p>\n<p>**************************************************************************************************************************************************************<\/p>\n<blockquote><p>&nbsp;<\/p><\/blockquote>\n<hr \/>\n<blockquote>\n<h1 data-start=\"0\" data-end=\"60\"><\/h1>\n<\/blockquote>\n<p>&nbsp;<\/p>\n<hr \/>\n<p>&nbsp;<\/p>\n<p><strong>LA GIUDIZIARIA OGGI<\/strong><br \/>\n<strong>DAL CORRIERE DELLE ALPI<\/strong><br \/>\n<strong>SINTESI, GIGI SOSSO<\/strong><\/p>\n<\/div>\n<div class=\"page-title-head hgroup\">\n<h1 class=\"entry-title\">MADRE A PROCESSO, MA LA FIGLIA RIFIUTA IL PADRE PER MOLESTIE<\/h1>\n<\/div>\n<div class=\"page-title-breadcrumbs\">\n<p>&nbsp;<\/p>\n<p><strong><img loading=\"lazy\" decoding=\"async\" class=\"alignleft\" src=\"https:\/\/www.radiopiu.net\/wordpress\/wp-content\/uploads\/2025\/04\/TRIBUNALE-2.webp\" width=\"182\" height=\"121\" \/><\/strong><strong>BELLUNO<\/strong><\/p>\n<article class=\"text-token-text-primary w-full\" dir=\"auto\" data-testid=\"conversation-turn-91\" data-scroll-anchor=\"true\">\n<div class=\"text-base my-auto mx-auto py-5 [--thread-content-margin:--spacing(4)] @[37rem]:[--thread-content-margin:--spacing(6)] @[70rem]:[--thread-content-margin:--spacing(12)] px-(--thread-content-margin)\">\n<div class=\"[--thread-content-max-width:32rem] @[34rem]:[--thread-content-max-width:40rem] @[64rem]:[--thread-content-max-width:48rem] mx-auto flex max-w-(--thread-content-max-width) flex-1 text-base gap-4 md:gap-5 lg:gap-6 group\/turn-messages focus-visible:outline-hidden\" tabindex=\"-1\">\n<div class=\"group\/conversation-turn relative flex w-full min-w-0 flex-col agent-turn\">\n<div class=\"relative flex-col gap-1 md:gap-3\">\n<div class=\"flex max-w-full flex-col grow\">\n<div class=\"min-h-8 text-message relative flex w-full flex-col items-end gap-2 text-start break-words whitespace-normal [.text-message+&amp;]:mt-5\" dir=\"auto\" data-message-author-role=\"assistant\" data-message-id=\"ad628bdb-aaac-4f2c-ab03-058fdc30c80e\" data-message-model-slug=\"gpt-4o\">\n<div class=\"flex w-full flex-col gap-1 empty:hidden first:pt-[3px]\">\n<div class=\"markdown prose dark:prose-invert w-full break-words dark\">\n<p class=\"\" data-start=\"66\" data-end=\"369\">Una madre \u00e8 imputata a Belluno per non aver rispettato i turni di visita stabiliti dal giudice, ma la figlia \u2013 affidata alla donna \u2013 rifiuterebbe gli incontri con il padre, che avrebbe compiuto un atto di molestia sessuale. L\u2019uomo, ora malato e ricoverato, \u00e8 parte civile. Prossima udienza il 27 maggio.<\/p>\n<\/div>\n<\/div>\n<\/div>\n<\/div>\n<div class=\"flex justify-start\"><\/div>\n<\/div>\n<div class=\"absolute\">\n<div class=\"flex items-center justify-center\">\n<blockquote>\n<p class=\"\" data-start=\"0\" data-end=\"66\"><strong data-start=\"0\" data-end=\"66\">TRUFFA DA 5 MILA EURO: FALSO ELETTRICISTA SPARISCE CON I SOLDI<\/strong><\/p>\n<\/blockquote>\n<p class=\"\" data-start=\"68\" data-end=\"291\"><strong>BELLUNO<\/strong> Una giovane casalinga bellunese \u00e8 stata truffata da un sedicente elettricista che, incassati 5 mila euro per rifare l\u2019impianto elettrico, \u00e8 sparito senza iniziare i lavori. Pronta la querela, l\u2019uomo rischia ora il processo.<\/p>\n<\/div>\n<p data-start=\"68\" data-end=\"291\">\n<\/div>\n<\/div>\n<\/div>\n<\/div>\n<\/article>\n<div class=\"pointer-events-none h-px w-px\" aria-hidden=\"true\" data-edge=\"true\">\n<blockquote>\n<p class=\"\" data-start=\"0\" data-end=\"69\"><strong data-start=\"0\" data-end=\"69\">CAMERIERE RUBANO 10 MILA EURO DALLA CASSA, UNA ARRESTATA<\/strong><\/p>\n<\/blockquote>\n<p class=\"\" data-start=\"71\" data-end=\"450\"><strong>CORTINA<\/strong> Due cameriere stagionali avrebbero sottratto oltre 10 mila euro dalla cassa del locale LP 26 tra ottobre e Natale 2022. Una delle due, fu arrestata in flagranza il 26 dicembre mentre nascondeva 105 euro.\u00a0 Entrambe sono state licenziate e ora dovranno affrontare il processo.<\/p>\n<\/div>\n<\/div>\n<p>&nbsp;<\/p>\n<div class=\"markdown prose dark:prose-invert w-full break-words dark\">\n<p>&nbsp;<\/p>\n<hr \/>\n<p>&nbsp;<\/p>\n<div class=\"markdown prose dark:prose-invert w-full break-words dark\">\n<div class=\"page-title-head hgroup\">\n<h1 class=\"entry-title\">PRIMO MAGGIO 2025: CGIL, CISL E UIL \u201cUNITI PER UN LAVORO SICURO\u201d<\/h1>\n<\/div>\n<div class=\"page-title-breadcrumbs\"><\/div>\n<\/div>\n<div class=\"markdown prose dark:prose-invert w-full break-words dark\">\n<p class=\"\" data-start=\"56\" data-end=\"740\"><strong><a class=\"dt-pswp-item\" href=\"https:\/\/www.radiopiu.net\/wordpress\/wp-content\/uploads\/2025\/04\/Immagine-2025-04-29-104542.jpg\" data-dt-img-description=\"\" data-large_image_width=\"499\" data-large_image_height=\"185\"><img loading=\"lazy\" decoding=\"async\" class=\" wp-image-447211 alignleft\" src=\"https:\/\/www.radiopiu.net\/wordpress\/wp-content\/uploads\/2025\/04\/Immagine-2025-04-29-104542-300x111.jpg\" alt=\"\" width=\"257\" height=\"95\" srcset=\"https:\/\/www.radiopiu.net\/wordpress\/wp-content\/uploads\/2025\/04\/Immagine-2025-04-29-104542-300x111.jpg 300w, https:\/\/www.radiopiu.net\/wordpress\/wp-content\/uploads\/2025\/04\/Immagine-2025-04-29-104542.jpg 499w\" sizes=\"auto, (max-width: 257px) 100vw, 257px\" \/><\/a>SEDICO<\/strong> \u2013 Il Primo Maggio 2025, Cgil, Cisl e Uil di Belluno promuovono un incontro a Villa Pat per parlare di salute e sicurezza nei luoghi di lavoro. Dalle 17.00 alle 19.00, i segretari generali Denise Casanova, Francesco Orr\u00f9 e Sonia Bridda, insieme al sindaco di Sedico Christian Roldo, discuteranno dell\u2019urgenza di garantire un lavoro sicuro e dignitoso, alla luce dei 2.965 infortuni e 4 morti nel 2024 in provincia di Belluno. Le sigle sindacali chiedono investimenti nella prevenzione, formazione continua e maggiore responsabilit\u00e0 delle imprese. La giornata vuole essere un\u2019occasione per unire le forze e costruire un futuro di lavoro pi\u00f9 sicuro e giusto.<\/p>\n<\/div>\n<p>&nbsp;<\/p>\n<p>&nbsp;<\/p>\n<hr \/>\n<p>&nbsp;<\/p>\n<blockquote>\n<h2>PROVINCIA UNITA PER BELLUNO DONNA<\/h2>\n<\/blockquote>\n<p><strong><img loading=\"lazy\" decoding=\"async\" class=\"alignleft\" src=\"https:\/\/www.radiopiu.net\/wordpress\/wp-content\/uploads\/2025\/04\/446866bd-2e5f-4271-8905-e1bc80d6dc5d-scaled.jpg\" width=\"217\" height=\"163\" \/>BELLUNO<\/strong><\/p>\n<p>Il Consiglio provinciale di Belluno ha approvato all\u2019unanimit\u00e0 una mozione a sostegno del centro antiviolenza Belluno Donna. Un segnale forte e trasversale per difendere il servizio gestito dalle volontarie, a rischio con le nuove norme in vigore da giugno 2025.<\/p>\n<p><strong>DI DANIELE DALVIT<\/strong><\/p>\n<p>&nbsp;<\/p>\n<audio class=\"wp-audio-shortcode\" id=\"audio-447191-8\" preload=\"none\" style=\"width: 100%;\" controls=\"controls\"><source type=\"audio\/mpeg\" src=\"https:\/\/www.radiopiu.net\/wordpress\/wp-content\/uploads\/2025\/04\/Servizio-Consiglio-provinciale-mozione-centro-antiviolenza-donne.mp3?_=8\" \/><a href=\"https:\/\/www.radiopiu.net\/wordpress\/wp-content\/uploads\/2025\/04\/Servizio-Consiglio-provinciale-mozione-centro-antiviolenza-donne.mp3\">https:\/\/www.radiopiu.net\/wordpress\/wp-content\/uploads\/2025\/04\/Servizio-Consiglio-provinciale-mozione-centro-antiviolenza-donne.mp3<\/a><\/audio>\n<p>&nbsp;<\/p>\n<hr \/>\n<p><span style=\"color: #0000ff;\">\u00a0<\/span><\/p>\n<p>**************************************************************************************************************************************************************<\/p>\n<blockquote><p>&nbsp;<\/p><\/blockquote>\n<hr \/>\n<blockquote>\n<h1 data-start=\"0\" data-end=\"60\"><\/h1>\n<\/blockquote>\n<hr \/>\n<p>&nbsp;<\/p>\n<blockquote>\n<h2 data-start=\"73\" data-end=\"353\">CENTRI ANTIVIOLENZA, CESTARO E BRESCACIN \u201cMASSIMA ATTENZIONE SU BELLUNO DONNA\u201d<\/h2>\n<\/blockquote>\n<p data-start=\"73\" data-end=\"353\"><strong data-start=\"148\" data-end=\"161\"><img loading=\"lazy\" decoding=\"async\" class=\"alignleft\" src=\"https:\/\/www.radiopiu.net\/wordpress\/wp-content\/uploads\/2023\/02\/BELLUNO-DONNA.png\" width=\"228\" height=\"133\" \/>VENEZIA \u2013<\/strong> Il futuro dei centri antiviolenza in Veneto, in particolare quello di Belluno Donna, \u00e8 al centro dell\u2019attenzione del Consiglio regionale. Lo dichiarano Silvia Cestaro e Sonia Brescacin, che sottolineano l\u2019impegno costante sul tema, in sinergia con l\u2019assessore regionale Manuela Lanzarin e le consigliere di parit\u00e0 regionali e provinciali.<em> \u201cLa Regione \u00e8 impegnata a garantire la continuit\u00e0 operativa di tutti i centri, valorizzando il ruolo cruciale del volontariato, fondamentale in territori difficili come il Bellunese\u201d<\/em>, affermano le due esponenti. Il caso \u00e8 stato sollevato anche in sede nazionale con la ministra Roccella e discusso alla Conferenza Stato-Regioni. Secondo Cestaro e Brescacin, \u00e8 essenziale scongiurare ogni rischio di chiusura e rafforzare la rete dei centri antiviolenza, veri pres\u00ecdi di ascolto, accoglienza e supporto per molte donne in situazioni di difficolt\u00e0.<em> \u201cIndebolire questi servizi \u2013 avvertono \u2013 significa mettere a rischio non solo risorse ma anche vite umane.\u201d<\/em> L\u2019obiettivo condiviso a tutti i livelli istituzionali \u00e8 chiaro: difendere il patrimonio umano, professionale e sociale costruito in questi anni, affinch\u00e9 ogni donna possa continuare ad avere un luogo sicuro dove trovare aiuto e ricostruire la propria autonomia.<\/p>\n<blockquote><p>&nbsp;<\/p>\n<hr \/>\n<p>**************************************************************************************************************************************************************<\/p>\n<blockquote><p>&nbsp;<\/p>\n<div class=\"page-title-head hgroup\">\n<h1 class=\"entry-title\">PROTESTA CONTRO I FUORISTRADA DEI CACCIATORI SUI SENTIERI MONTANI<\/h1>\n<\/div>\n<div class=\"page-title-breadcrumbs\"><\/div>\n<\/blockquote>\n<\/blockquote>\n<p><strong>VENEZIA\u00a0<\/strong><\/p>\n<p class=\"\" data-start=\"59\" data-end=\"549\"><img decoding=\"async\" class=\"alignleft\" src=\"https:\/\/www.radiopiu.net\/wordpress\/wp-content\/uploads\/2025\/04\/download-15.jpg\" \/>Un nuovo progetto di legge prevede l\u2019accesso dei fuoristrada dei cacciatori sui sentieri montani, suscita preoccupazioni per l\u2019ambiente. Mentre i cacciatori giustificano la loro azione per la gestione della fauna, le forze ambientaliste e il Cai temono impatti negativi su fauna, paesaggio e inquinamento. La proposta include deroghe per i cacciatori, creando disparit\u00e0 tra loro e altre categorie, come turisti e escursionisti.<\/p>\n<p class=\"\" data-start=\"80\" data-end=\"556\">Il Consiglio regionale sta discutendo una proposta che permette l\u2019accesso ai fuoristrada dei cacciatori sui sentieri montani L\u2019opposizione delle forze ambientaliste e delle associazioni continua: 106 emendamenti presentati per fermare la legge.<\/p>\n<p class=\"\" data-start=\"71\" data-end=\"520\">La legge, gi\u00e0 in discussione da tempo, continua a generare polemiche e emendamenti volti a fermare l\u2019iniziativa.<\/p>\n<hr \/>\n<blockquote>\n<hr \/>\n<\/blockquote>\n<hr \/>\n<p data-start=\"73\" data-end=\"353\">\u00a0(Servizio di\u00a0<a href=\"https:\/\/antennatre.medianordest.it\/redazione\/Tiziana-Bolognani\/\">Tiziana Bolognani<\/a>)<\/p>\n<h1 class=\"_title post-title entry-title\">BELLUNO | \u2018FUTURO DEL NEVEGAL\u2019, FORZA ITALIA E PATTO PUNGOLANO IL SINDACO<\/h1>\n<p><iframe loading=\"lazy\" title=\"&#039;FUTURO DEL NEVEGAL&#039;, FORZA ITALIA E PATTO PUNGOLANO IL SINDACO | 29\/04\/2025\" width=\"1200\" height=\"675\" src=\"https:\/\/www.youtube.com\/embed\/0zCvFVWxqQE?feature=oembed\" frameborder=\"0\" allow=\"accelerometer; autoplay; clipboard-write; encrypted-media; gyroscope; picture-in-picture; web-share\" referrerpolicy=\"strict-origin-when-cross-origin\" allowfullscreen><\/iframe><\/p>\n<p>&nbsp;<\/p>\n<p>&nbsp;<\/p>\n<hr \/>\n<blockquote>\n<p data-start=\"73\" data-end=\"353\">\n<\/blockquote>\n<div class=\"page-title-head hgroup\">\n<blockquote>\n<h1 class=\"entry-title\"><a class=\"dt-pswp-item\" href=\"https:\/\/www.radiopiu.net\/wordpress\/wp-content\/uploads\/2025\/04\/43bc076c-fd24-4eb5-89af-b55d0fb39728.jpg\" data-dt-img-description=\"\" data-large_image_width=\"1600\" data-large_image_height=\"1066\"><img loading=\"lazy\" decoding=\"async\" class=\" wp-image-447261 alignleft\" src=\"https:\/\/www.radiopiu.net\/wordpress\/wp-content\/uploads\/2025\/04\/43bc076c-fd24-4eb5-89af-b55d0fb39728-300x200.jpg\" alt=\"\" width=\"236\" height=\"157\" srcset=\"https:\/\/www.radiopiu.net\/wordpress\/wp-content\/uploads\/2025\/04\/43bc076c-fd24-4eb5-89af-b55d0fb39728-300x200.jpg 300w, https:\/\/www.radiopiu.net\/wordpress\/wp-content\/uploads\/2025\/04\/43bc076c-fd24-4eb5-89af-b55d0fb39728-1024x682.jpg 1024w, https:\/\/www.radiopiu.net\/wordpress\/wp-content\/uploads\/2025\/04\/43bc076c-fd24-4eb5-89af-b55d0fb39728-768x512.jpg 768w, https:\/\/www.radiopiu.net\/wordpress\/wp-content\/uploads\/2025\/04\/43bc076c-fd24-4eb5-89af-b55d0fb39728-1536x1023.jpg 1536w, https:\/\/www.radiopiu.net\/wordpress\/wp-content\/uploads\/2025\/04\/43bc076c-fd24-4eb5-89af-b55d0fb39728.jpg 1600w\" sizes=\"auto, (max-width: 236px) 100vw, 236px\" \/><\/a>CORTINA, LA RISERVA DI CACCIA FESTEGGIA 105 ANNI TRA TRADIZIONE E ISTITUZIONI<\/h1>\n<\/blockquote>\n<\/div>\n<div class=\"page-title-breadcrumbs\">La Riserva Alpina di Caccia di Cortina d\u2019Ampezzo ha festeggiato i 105 anni con una cena-evento al Lago Ghedina. Oltre 100 partecipanti e numerose autorit\u00e0 presenti per celebrare la storia, il ruolo nel territorio e premiare i migliori trofei della stagione venatoria. Giovani cacciatori protagonisti!\u00a0 \u00abUna serata speciale per riconoscere l\u2019impegno nella gestione faunistica e ambientale\u00bb \u2013 ha detto il presidente Bruno Menardi. Momento centrale della serata, la premiazione dei migliori trofei della stagione. Tra i vincitori anche giovanissimi cacciatori. Per il cervo maschio sono stati premiati Claudio Michielli, Simone Cordella e Fabrizio Sorar\u00f9; per il capriolo maschio, Eric Sottsass, Nicola Tormen e Paolo Zandomenego; per il camoscio femmina, Matteo Apollonio (12 anni), Francesco Zanotto (12 anni) e Antonio Santer (16 anni); infine, per il camoscio maschio, Giuseppe Stefanelli (9 anni) e Pietro De Col (7 anni).<\/div>\n<blockquote>\n<p data-start=\"73\" data-end=\"353\">\n<\/blockquote>\n<hr \/>\n<blockquote>\n<h2 data-start=\"843\" data-end=\"1375\"><strong data-start=\"0\" data-end=\"71\">CLIMA E CLASSIFICHE: IL BELLUNESE MERITA UNA LETTURA OLTRE I NUMERI<\/strong><\/h2>\n<\/blockquote>\n<\/div>\n<div class=\"markdown prose dark:prose-invert w-full break-words dark\">\n<p class=\"\" data-start=\"42\" data-end=\"539\"><a class=\"dt-pswp-item\" href=\"https:\/\/www.radiopiu.net\/wordpress\/wp-content\/uploads\/2025\/04\/AAAA.jpg\" data-dt-img-description=\"\" data-large_image_width=\"305\" data-large_image_height=\"160\"><img loading=\"lazy\" decoding=\"async\" class=\"size-medium wp-image-447223 alignleft\" src=\"https:\/\/www.radiopiu.net\/wordpress\/wp-content\/uploads\/2025\/04\/AAAA-300x157.jpg\" alt=\"\" width=\"300\" height=\"157\" srcset=\"https:\/\/www.radiopiu.net\/wordpress\/wp-content\/uploads\/2025\/04\/AAAA-300x157.jpg 300w, https:\/\/www.radiopiu.net\/wordpress\/wp-content\/uploads\/2025\/04\/AAAA.jpg 305w\" sizes=\"auto, (max-width: 300px) 100vw, 300px\" \/><\/a>Il presidente del Fondo Comuni Confinanti, Dario Bond, interviene sull\u2019ultima classifica de <em data-start=\"134\" data-end=\"150\">Il Sole 24 Ore<\/em> relativa al clima nelle province italiane, che vede Belluno recuperare dieci posizioni rispetto all&#8217;anno precedente, salendo al 98\u00b0 posto. Bond mette per\u00f2 in guardia dal rischio di una lettura semplicistica e fuorviante dei dati<em>: \u201cI numeri vanno sempre interpretati nel contesto giusto. Senza un\u2019analisi attenta, certe graduatorie possono restituire una percezione distorta della realt\u00e0\u201d.<\/em><\/p>\n<p class=\"\" data-start=\"541\" data-end=\"984\">Pur riconoscendo la validit\u00e0 scientifica degli indicatori utilizzati, Bond sottolinea l\u2019importanza di considerarli alla luce dei cambiamenti climatici globali e delle peculiarit\u00e0 locali. In un\u2019epoca di surriscaldamento e desertificazione, infatti, il minor soleggiamento o le temperature pi\u00f9 miti del Bellunese possono rappresentare un valore aggiunto, soprattutto per i turisti che scelgono la montagna per sfuggire alla calura della pianura.<\/p>\n<p class=\"\" data-start=\"986\" data-end=\"1335\">Il presidente difende la reputazione del territorio e invita a non lasciarsi condizionare da classifiche che rischiano di penalizzare ingiustamente aree attrattive come il Bellunese:<em> \u201cLe nostre valli sono apprezzate proprio per il clima. Serve una comunicazione pi\u00f9 attenta: la semplice somma matematica di dati pu\u00f2 creare danni, anzich\u00e9 informare\u201d.\u00a0 \u00a0 \u00a0<\/em><\/p>\n<blockquote>\n<p data-start=\"986\" data-end=\"1335\">\n<\/blockquote>\n<blockquote>\n<p data-start=\"986\" data-end=\"1335\">\n<\/blockquote>\n<hr \/>\n<blockquote>\n<h3 data-start=\"986\" data-end=\"1335\">CROCE BIANCA CORTINA: 3.107 SERVIZI NEL 2024 E NUOVE DOTAZIONI<\/h3>\n<\/blockquote>\n<p><a class=\"dt-pswp-item\" href=\"https:\/\/www.radiopiu.net\/wordpress\/wp-content\/uploads\/2025\/04\/113b32f9-d49a-48cd-9d8e-2f7158270eed.jpg\" data-dt-img-description=\"\" data-large_image_width=\"1599\" data-large_image_height=\"1199\"><img loading=\"lazy\" decoding=\"async\" class=\"wp-image-447302 alignleft\" src=\"https:\/\/www.radiopiu.net\/wordpress\/wp-content\/uploads\/2025\/04\/113b32f9-d49a-48cd-9d8e-2f7158270eed-300x225.jpg\" alt=\"\" width=\"228\" height=\"171\" srcset=\"https:\/\/www.radiopiu.net\/wordpress\/wp-content\/uploads\/2025\/04\/113b32f9-d49a-48cd-9d8e-2f7158270eed-300x225.jpg 300w, https:\/\/www.radiopiu.net\/wordpress\/wp-content\/uploads\/2025\/04\/113b32f9-d49a-48cd-9d8e-2f7158270eed-1024x768.jpg 1024w, https:\/\/www.radiopiu.net\/wordpress\/wp-content\/uploads\/2025\/04\/113b32f9-d49a-48cd-9d8e-2f7158270eed-768x576.jpg 768w, https:\/\/www.radiopiu.net\/wordpress\/wp-content\/uploads\/2025\/04\/113b32f9-d49a-48cd-9d8e-2f7158270eed-1536x1152.jpg 1536w, https:\/\/www.radiopiu.net\/wordpress\/wp-content\/uploads\/2025\/04\/113b32f9-d49a-48cd-9d8e-2f7158270eed.jpg 1599w\" sizes=\"auto, (max-width: 228px) 100vw, 228px\" \/><\/a>CORTINA<\/p>\n<article class=\"text-token-text-primary w-full\" dir=\"auto\" data-testid=\"conversation-turn-89\" data-scroll-anchor=\"true\">\n<div class=\"text-base my-auto mx-auto py-5 [--thread-content-margin:--spacing(4)] @[37rem]:[--thread-content-margin:--spacing(6)] @[70rem]:[--thread-content-margin:--spacing(12)] px-(--thread-content-margin)\">\n<div class=\"[--thread-content-max-width:32rem] @[34rem]:[--thread-content-max-width:40rem] @[64rem]:[--thread-content-max-width:48rem] mx-auto flex max-w-(--thread-content-max-width) flex-1 text-base gap-4 md:gap-5 lg:gap-6 group\/turn-messages focus-visible:outline-hidden\" tabindex=\"-1\">\n<div class=\"group\/conversation-turn relative flex w-full min-w-0 flex-col agent-turn\">\n<div class=\"relative flex-col gap-1 md:gap-3\">\n<div class=\"flex max-w-full flex-col grow\">\n<div class=\"min-h-8 text-message relative flex w-full flex-col items-end gap-2 text-start break-words whitespace-normal [.text-message+&amp;]:mt-5\" dir=\"auto\" data-message-author-role=\"assistant\" data-message-id=\"f1836b32-2c9a-4548-bad4-07d9743c51b6\" data-message-model-slug=\"gpt-4o\">\n<div class=\"flex w-full flex-col gap-1 empty:hidden first:pt-[3px]\">\n<div class=\"markdown prose dark:prose-invert w-full break-words dark\">\n<p class=\"\" data-start=\"68\" data-end=\"408\">Nel 2024 la Croce Bianca di Cortina ha effettuato 3.107 interventi tra trasporti, emergenze e viaggi associati. Rafforzato il parco mezzi con due nuove ambulanze e una sedia elettrica. La campagna soci 2025 ha gi\u00e0 raggiunto 1.278 adesioni. Il 17 maggio si terr\u00e0 un corso gratuito per i soci e sono aperte le candidature per nuovi volontari.<\/p>\n<\/div>\n<\/div>\n<\/div>\n<\/div>\n<div class=\"mt-3 w-full empty:hidden\">\n<div class=\"text-center\"><strong>DI BARBARA PAOLAZZI<\/strong><\/div>\n<\/div>\n<\/div>\n<\/div>\n<\/div>\n<\/div>\n<\/article>\n<div>\n<audio class=\"wp-audio-shortcode\" id=\"audio-447191-9\" preload=\"none\" style=\"width: 100%;\" controls=\"controls\"><source type=\"audio\/mpeg\" src=\"https:\/\/www.radiopiu.net\/wordpress\/wp-content\/uploads\/2025\/04\/BARBARA.mp3?_=9\" \/><a href=\"https:\/\/www.radiopiu.net\/wordpress\/wp-content\/uploads\/2025\/04\/BARBARA.mp3\">https:\/\/www.radiopiu.net\/wordpress\/wp-content\/uploads\/2025\/04\/BARBARA.mp3<\/a><\/audio>\n<\/div>\n<div><\/div>\n<div><\/div>\n<div>\n<hr \/>\n<\/div>\n<div><\/div>\n<div>\n<div class=\"bd_header_single bd_header_single_template_2\">\n<div class=\"bd-container\">\n<div class=\"bd_header_single_holder\">\n<h1 class=\"_title post-title entry-title\">BELLUNO | BILANCIO E STRADE AL CENTRO DELL\u2019ATTENZIONE DEL CONSIGLIO PROVINCIALE<\/h1>\n<div class=\"article-meta-info\">\n<div class=\"cfix\">Intervistati ROBERTO PADRIN (PRESIDENTE PROVINCIA BELLUNO) (Servizio di\u00a0<a href=\"https:\/\/antennatre.medianordest.it\/redazione\/Fabio-Fioravanzi\/\">Fabio Fioravanzi<\/a>)<\/div>\n<\/div>\n<\/div>\n<\/div>\n<\/div>\n<div class=\"bd-content-wrap\">\n<div class=\"cfix\"><\/div>\n<div class=\"bd-container bdaia-post-template entry-content-only\">\n<div class=\"bd-row\">\n<div class=\"bd-main\">\n<div id=\"content\" role=\"main\">\n<article id=\"post-143177\" class=\"hentry post-143177 post type-post status-publish format-standard has-post-thumbnail category-a3treviso tag-a3 tag-antennatre tag-belluno tag-centroantiviolenza tag-consiglioprovinciale tag-fabiofioravanzi tag-news tag-robertopadrin tag-silviacestaro tag-soniabrescacin\">\n<div class=\"bdaia-post-content\">\n<p><iframe loading=\"lazy\" title=\"BILANCIO E STRADE AL CENTRO DELL&#039;ATTENZIONE DEL CONSIGLIO PROVINCIALE | 29\/04\/2025\" width=\"1200\" height=\"675\" src=\"https:\/\/www.youtube.com\/embed\/oLoTrg6Uajc?feature=oembed\" frameborder=\"0\" allow=\"accelerometer; autoplay; clipboard-write; encrypted-media; gyroscope; picture-in-picture; web-share\" referrerpolicy=\"strict-origin-when-cross-origin\" allowfullscreen><\/iframe><\/p>\n<\/div>\n<\/article>\n<\/div>\n<\/div>\n<\/div>\n<\/div>\n<\/div>\n<\/div>\n<div><\/div>\n<div><\/div>\n<div><\/div>\n<div>\n<hr \/>\n<\/div>\n<div><\/div>\n<div>\n<blockquote>\n<p class=\"\" data-start=\"0\" data-end=\"89\"><strong data-start=\"0\" data-end=\"89\">VAL DI ZOLDO: QUESTA SERA IN CONSIGLIO IL RENDICONTO 2024 E LA NUOVA AZIENDA SPECIALE<\/strong><\/p>\n<\/blockquote>\n<p class=\"\" data-start=\"91\" data-end=\"458\"><strong>VAL DI ZOLDO<\/strong> Oggi alle 18 a Fusine si riunisce il consiglio comunale. All\u2019ordine del giorno il rendiconto di gestione 2024, due variazioni di bilancio e il via libera alla nuova Azienda speciale con Longarone e Alpago. In discussione anche due interrogazioni della consigliera Fairtlough: una su Valbarance, l\u2019altra sugli appartamenti a Jesolo lasciati in eredit\u00e0 da Donato Casal.<\/p>\n<blockquote>\n<hr \/>\n<\/blockquote>\n<blockquote>\n<p data-start=\"91\" data-end=\"458\">\n<\/blockquote>\n<\/div>\n<hr \/>\n<blockquote>\n<h3 data-start=\"986\" data-end=\"1335\">TREDICI BELLUNESI PREMIATI CON LA \u201cSTELLA AL MERITO DEL LAVORO\u201d<\/h3>\n<\/blockquote>\n<p class=\"\" data-start=\"71\" data-end=\"965\">Sono tredici i Bellunesi che quest\u2019anno riceveranno la \u201cStella al Merito del Lavoro\u201d, un prestigioso riconoscimento decretato dal Presidente della Repubblica Sergio Mattarella su proposta del Ministro del Lavoro Elvira Calderone. Tra i nuovi Maestri del Lavoro bellunesi ci sono: Vittorio Bonetta (Ideal Standard, Trichiana), Maria Antonella Calvani (Galvalux srl, Pieve di Cadore), Sergio Chemello (NPE srl, Longarone), Lucia Costa (Luxottica srl, Agordo), Dario Da Canal (Agma Arredo Inox, Mel di Borgo Valbelluna), Gianni Luigi Dalla Costa (Deon spa, Belluno), Graziella De Bon (Trenti Industria Occhiali, Perarolo), Luigi Paolo Della Lucia (Luxottica srl, Agordo), Maria Teresa Funes (Unifarco spa, Santa Giustina), Paola Maria Furlin (Manifattura Valcismon, Fonzaso), Daniele Gabrieli (NPE srl, Longarone), Mario Mollo (Luxottica srl, Agordo), Dario Pergentino (Dolomiti Strade, Agordo). Il premio, istituito nel 1923, riconosce perizia, laboriosit\u00e0 e buona condotta morale, ed \u00e8 riservato a lavoratori che si sono distinti nel loro campo. Il riconoscimento sar\u00e0 conferito ufficialmente il prossimo 2 maggio durante una cerimonia organizzata dalla Prefettura di Venezia al Teatro Toniolo di Mestre. Giuseppe Colferai, console della Federazione provinciale dei Maestri del Lavoro, ha sottolineato che questo premio \u00e8 un segno della grande operosit\u00e0 e professionalit\u00e0 del territorio bellunese, testimoniando l\u2019eccellenza del nostro tessuto produttivo.<\/p>\n<p data-start=\"986\" data-end=\"1335\"><a class=\"dt-pswp-item\" href=\"https:\/\/www.radiopiu.net\/wordpress\/wp-content\/uploads\/2025\/04\/maestri-del-lavoro-bellunesi-2025-scaled.jpg\" data-dt-img-description=\"\" data-large_image_width=\"2560\" data-large_image_height=\"1668\"><img loading=\"lazy\" decoding=\"async\" class=\"alignleft wp-image-447279 size-full\" src=\"https:\/\/www.radiopiu.net\/wordpress\/wp-content\/uploads\/2025\/04\/maestri-del-lavoro-bellunesi-2025-scaled.jpg\" alt=\"\" width=\"2560\" height=\"1668\" srcset=\"https:\/\/www.radiopiu.net\/wordpress\/wp-content\/uploads\/2025\/04\/maestri-del-lavoro-bellunesi-2025-scaled.jpg 2560w, https:\/\/www.radiopiu.net\/wordpress\/wp-content\/uploads\/2025\/04\/maestri-del-lavoro-bellunesi-2025-300x196.jpg 300w, https:\/\/www.radiopiu.net\/wordpress\/wp-content\/uploads\/2025\/04\/maestri-del-lavoro-bellunesi-2025-1024x667.jpg 1024w, https:\/\/www.radiopiu.net\/wordpress\/wp-content\/uploads\/2025\/04\/maestri-del-lavoro-bellunesi-2025-768x501.jpg 768w, https:\/\/www.radiopiu.net\/wordpress\/wp-content\/uploads\/2025\/04\/maestri-del-lavoro-bellunesi-2025-1536x1001.jpg 1536w, https:\/\/www.radiopiu.net\/wordpress\/wp-content\/uploads\/2025\/04\/maestri-del-lavoro-bellunesi-2025-2048x1335.jpg 2048w\" sizes=\"auto, (max-width: 2560px) 100vw, 2560px\" \/><\/a><\/p>\n<\/div>\n<div>\n<article class=\"text-token-text-primary w-full\" dir=\"auto\" data-testid=\"conversation-turn-8\" data-scroll-anchor=\"false\">\n<div class=\"text-base my-auto mx-auto py-5 [--thread-content-margin:--spacing(4)] @[37rem]:[--thread-content-margin:--spacing(6)] @[70rem]:[--thread-content-margin:--spacing(12)] px-(--thread-content-margin)\">\n<div class=\"[--thread-content-max-width:32rem] @[34rem]:[--thread-content-max-width:40rem] @[64rem]:[--thread-content-max-width:48rem] mx-auto flex max-w-(--thread-content-max-width) flex-1 text-base gap-4 md:gap-5 lg:gap-6 group\/turn-messages focus-visible:outline-hidden\" tabindex=\"-1\">\n<div class=\"group\/conversation-turn relative flex w-full min-w-0 flex-col agent-turn\">\n<div class=\"relative flex-col gap-1 md:gap-3\">\n<div class=\"flex max-w-full flex-col grow\">\n<div class=\"min-h-8 text-message relative flex w-full flex-col items-end gap-2 text-start break-words whitespace-normal [.text-message+&amp;]:mt-5\" dir=\"auto\" data-message-author-role=\"assistant\" data-message-id=\"deec5e32-22cb-44d6-adb4-a9c53c9137d4\" data-message-model-slug=\"gpt-4o\">\n<div class=\"flex w-full flex-col gap-1 empty:hidden first:pt-[3px]\"><\/div>\n<\/div>\n<\/div>\n<\/div>\n<\/div>\n<\/div>\n<\/div>\n<\/article>\n<div class=\"page-title-breadcrumbs\">\n<article class=\"text-token-text-primary w-full\" dir=\"auto\" data-testid=\"conversation-turn-8\" data-scroll-anchor=\"false\">\n<div class=\"text-base my-auto mx-auto py-5 [--thread-content-margin:--spacing(4)] @[37rem]:[--thread-content-margin:--spacing(6)] @[70rem]:[--thread-content-margin:--spacing(12)] px-(--thread-content-margin)\">\n<div class=\"[--thread-content-max-width:32rem] @[34rem]:[--thread-content-max-width:40rem] @[64rem]:[--thread-content-max-width:48rem] mx-auto flex max-w-(--thread-content-max-width) flex-1 text-base gap-4 md:gap-5 lg:gap-6 group\/turn-messages focus-visible:outline-hidden\" tabindex=\"-1\">\n<div class=\"group\/conversation-turn relative flex w-full min-w-0 flex-col agent-turn\">\n<div class=\"relative flex-col gap-1 md:gap-3\">\n<div class=\"flex max-w-full flex-col grow\">\n<div class=\"min-h-8 text-message relative flex w-full flex-col items-end gap-2 text-start break-words whitespace-normal [.text-message+&amp;]:mt-5\" dir=\"auto\" data-message-author-role=\"assistant\" data-message-id=\"deec5e32-22cb-44d6-adb4-a9c53c9137d4\" data-message-model-slug=\"gpt-4o\">\n<div class=\"flex w-full flex-col gap-1 empty:hidden first:pt-[3px]\">\n<div class=\"markdown prose dark:prose-invert w-full break-words dark\">\n<hr \/>\n<blockquote>\n<h2 data-start=\"48\" data-end=\"140\"><strong data-start=\"48\" data-end=\"140\">\u00a0\u00a0<\/strong><\/h2>\n<p>&nbsp;<\/p>\n<h2 data-start=\"48\" data-end=\"140\"><strong data-start=\"48\" data-end=\"140\">CONCORSO MUSICALE INTERNAZIONALE CITT\u00c0 DI BELLUNO \u2013 TALENTO E PASSIONE AL TEATRO BUZZATI<\/strong><\/h2>\n<\/blockquote>\n<p class=\"\" data-start=\"142\" data-end=\"182\"><strong data-start=\"67\" data-end=\"159\"><a class=\"dt-pswp-item\" href=\"https:\/\/www.radiopiu.net\/wordpress\/wp-content\/uploads\/2025\/04\/IMG-20250428-WA0002.jpg\" data-dt-img-description=\"\" data-large_image_width=\"1600\" data-large_image_height=\"1066\"><img loading=\"lazy\" decoding=\"async\" class=\"size-medium wp-image-447199 alignleft\" src=\"https:\/\/www.radiopiu.net\/wordpress\/wp-content\/uploads\/2025\/04\/IMG-20250428-WA0002-300x200.jpg\" alt=\"\" width=\"300\" height=\"200\" srcset=\"https:\/\/www.radiopiu.net\/wordpress\/wp-content\/uploads\/2025\/04\/IMG-20250428-WA0002-300x200.jpg 300w, https:\/\/www.radiopiu.net\/wordpress\/wp-content\/uploads\/2025\/04\/IMG-20250428-WA0002-1024x682.jpg 1024w, https:\/\/www.radiopiu.net\/wordpress\/wp-content\/uploads\/2025\/04\/IMG-20250428-WA0002-768x512.jpg 768w, https:\/\/www.radiopiu.net\/wordpress\/wp-content\/uploads\/2025\/04\/IMG-20250428-WA0002-1536x1023.jpg 1536w, https:\/\/www.radiopiu.net\/wordpress\/wp-content\/uploads\/2025\/04\/IMG-20250428-WA0002.jpg 1600w\" sizes=\"auto, (max-width: 300px) 100vw, 300px\" \/><\/a>CONCORSO MUSICALE INTERNAZIONALE CITT\u00c0 DI BELLUNO \u2013 TALENTO E PASSIONE AL TEATRO BUZZATI.\u00a0 <\/strong><strong data-start=\"162\" data-end=\"285\">PREMIATI I GIOVANI FINALISTI DELLA SEZIONE CANTO MODERNO. IL CONCORSO PROSEGUE AL TEATRO COMUNALE CON GLI EVENTI FINALI<\/strong><\/p>\n<p class=\"\" data-start=\"99\" data-end=\"325\"><strong>BELLUNO<\/strong> \u2013 Emozioni e talento hanno animato il Teatro Dino Buzzati, che ha ospitato la sezione di Canto Moderno del Concorso Musicale Internazionale Citt\u00e0 di Belluno, organizzato dall\u2019associazione Gocce di Sole Aps con il sostegno del Comune di Belluno, della Fondazione Teatri delle Dolomiti e della Camera di Commercio di Treviso-Belluno. Dopo l\u2019ascolto di 45 cantanti e 90 brani, la giuria \u2013 composta dal cantautore Alvise Bortolini (presidente), dalla vocal coach Silvia Smaniotto e dal cantante e autore Vincenzo Colella \u2013 ha selezionato 15 finalisti che si sono esibiti in una serata carica di emozioni davanti a un pubblico attento e partecipe.<\/p>\n<p class=\"\" data-start=\"99\" data-end=\"325\"><strong data-start=\"330\" data-end=\"357\">Valeria Ferreira Garcia<\/strong> ha vinto nella categoria Cantautori con &#8220;Baila stanotte&#8221;, mentre <strong data-start=\"423\" data-end=\"439\">Elisa Peloso<\/strong> ha conquistato il primo premio nella categoria Interpreti con &#8220;Voil\u00e0&#8221; di Barbara Pravi. \u00a0Il <strong data-start=\"536\" data-end=\"557\">Premio Young Jury<\/strong> \u00e8 andato a <strong data-start=\"569\" data-end=\"589\" data-is-only-node=\"\">Cristina Ciortan<\/strong> per &#8220;La voglia e la pazzia&#8221;.<br data-start=\"618\" data-end=\"621\" \/>Premi formativi a <strong data-start=\"642\" data-end=\"666\">Roberto Perissinotto<\/strong> e <strong data-start=\"669\" data-end=\"684\">Anna Tollot<\/strong>. Il concorso prosegue con eventi speciali al <strong data-start=\"733\" data-end=\"752\">Teatro Comunale<\/strong> di Belluno: <strong data-start=\"770\" data-end=\"789\">3 maggio, 20.30<\/strong>: Finale di Canto Lirico <strong data-start=\"819\" data-end=\"838\">4 maggio, 17.00<\/strong>: Finalissima strumentale Ingresso gratuito.<\/p>\n<hr \/>\n<blockquote>\n<p data-start=\"99\" data-end=\"325\">\n<\/blockquote>\n<hr \/>\n<blockquote>\n<h2 data-start=\"0\" data-end=\"66\"><strong data-start=\"0\" data-end=\"66\"><a class=\"dt-pswp-item\" href=\"https:\/\/www.radiopiu.net\/wordpress\/wp-content\/uploads\/2025\/04\/Comitato-dIntesa-assemblea-2025.jpg\" data-dt-img-description=\"\" data-large_image_width=\"1536\" data-large_image_height=\"1024\"><img loading=\"lazy\" decoding=\"async\" class=\" wp-image-447221 alignleft\" src=\"https:\/\/www.radiopiu.net\/wordpress\/wp-content\/uploads\/2025\/04\/Comitato-dIntesa-assemblea-2025-300x200.jpg\" alt=\"\" width=\"278\" height=\"185\" srcset=\"https:\/\/www.radiopiu.net\/wordpress\/wp-content\/uploads\/2025\/04\/Comitato-dIntesa-assemblea-2025-300x200.jpg 300w, https:\/\/www.radiopiu.net\/wordpress\/wp-content\/uploads\/2025\/04\/Comitato-dIntesa-assemblea-2025-1024x683.jpg 1024w, https:\/\/www.radiopiu.net\/wordpress\/wp-content\/uploads\/2025\/04\/Comitato-dIntesa-assemblea-2025-768x512.jpg 768w, https:\/\/www.radiopiu.net\/wordpress\/wp-content\/uploads\/2025\/04\/Comitato-dIntesa-assemblea-2025.jpg 1536w\" sizes=\"auto, (max-width: 278px) 100vw, 278px\" \/><\/a>UN ANNO DI VOLONTARIATO ATTIVO: I NUMERI DEL COMITATO D\u2019INTESA<\/strong><\/h2>\n<\/blockquote>\n<p class=\"\" style=\"text-align: center;\" data-start=\"68\" data-end=\"167\"><em data-start=\"68\" data-end=\"167\">Assemblea a Belluno: rappresentanza, mobilit\u00e0 e solidariet\u00e0 al centro della relazione di missione\u00a0<\/em><\/p>\n<p data-start=\"68\" data-end=\"167\"><strong>BELLUNO<\/strong> Il Comitato d\u2019Intesa tra le Associazioni Volontaristiche della provincia di Belluno ha presentato la relazione di missione 2024, che racconta un anno di impegno su tre fronti: rappresentanza (183 associazioni), trasporti solidali (8.700 viaggi con 426 volontari) e mobilit\u00e0 europea (30 giovani coinvolti in Erasmus+ e 4 volontari europei accolti). Oltre 7.600 ore donate, per un valore stimato di 179.000 euro, e 103 persone accolte a Casa Tua Uno. Sostenute anche numerose famiglie in difficolt\u00e0 con 11.800 euro dal Fondo di Solidariet\u00e0. Durante l\u2019assemblea, spazio alle testimonianze delle associazioni, alla consegna dei Premi \u201cBristot\u201d e \u201cArrigoni\u201d e all\u2019approvazione del bilancio. Il presidente Corsetti: <em>\u201cGuardiamo al futuro con energia e senso di comunit\u00e0\u201d.\u00a0 \u00a0<\/em><\/p>\n<hr \/>\n<blockquote>\n<p data-start=\"68\" data-end=\"167\">\n<\/blockquote>\n<blockquote>\n<p data-start=\"68\" data-end=\"167\">\n<\/blockquote>\n<hr \/>\n<p data-start=\"68\" data-end=\"167\"><strong data-start=\"0\" data-end=\"86\">\u00a0<\/strong><\/p>\n<p data-start=\"68\" data-end=\"167\"><strong data-start=\"0\" data-end=\"86\">AUTONOMIA E INCLUSIONE: IL PROGETTO \u201cCOLIBR\u00cc\u201d NEI CENTRI DIURNI DI TREVISO E PAESE<\/strong><\/p>\n<p data-start=\"88\" data-end=\"620\"><strong>BELLUNO<\/strong> Circa 50 persone con disabilit\u00e0 e 20 volontari sono i protagonisti del progetto \u201cColibr\u00ec\u201d, promosso dal Csv Belluno Treviso e coordinato da Avo Treviso Odv. Attivo nei Centri \u201cPeter Pan\u201d e \u201cAmica Luna\u201d, il progetto affianca gli operatori sociosanitari con attivit\u00e0 mirate a rafforzare autonomie, relazioni e benessere.<br data-start=\"406\" data-end=\"409\" \/>Laboratori creativi, stimolazioni cognitive e uscite sul territorio puntano a un\u2019inclusione reale, andando oltre l\u2019assistenzialismo. Coinvolte diverse associazioni locali e l\u2019Ulss 2. Una rete che unisce volontariato, territorio e innovazione sociale.<\/p>\n<hr \/>\n<blockquote>\n<p data-start=\"88\" data-end=\"620\">\n<\/blockquote>\n<blockquote>\n<p data-start=\"88\" data-end=\"620\">\n<\/blockquote>\n<hr \/>\n<div class=\"flex max-w-full flex-col grow\">\n<div class=\"min-h-8 text-message relative flex w-full flex-col items-end gap-2 text-start break-words whitespace-normal [.text-message+&amp;]:mt-5\" dir=\"auto\" data-message-author-role=\"assistant\" data-message-id=\"17a6b907-9787-4e26-b62e-558d56b268d2\" data-message-model-slug=\"gpt-4o\">\n<div class=\"flex w-full flex-col gap-1 empty:hidden first:pt-[3px]\">\n<div class=\"markdown prose dark:prose-invert w-full break-words dark\">\n<blockquote>\n<p class=\"\" data-start=\"0\" data-end=\"83\"><strong data-start=\"0\" data-end=\"83\" data-is-last-node=\"\" data-is-only-node=\"\"><a class=\"dt-pswp-item\" href=\"https:\/\/www.radiopiu.net\/wordpress\/wp-content\/uploads\/2025\/04\/AAA-3.jpg\" data-dt-img-description=\"\" data-large_image_width=\"737\" data-large_image_height=\"416\"><img loading=\"lazy\" decoding=\"async\" class=\" wp-image-447222 alignleft\" src=\"https:\/\/www.radiopiu.net\/wordpress\/wp-content\/uploads\/2025\/04\/AAA-3-300x169.jpg\" alt=\"\" width=\"213\" height=\"120\" srcset=\"https:\/\/www.radiopiu.net\/wordpress\/wp-content\/uploads\/2025\/04\/AAA-3-300x169.jpg 300w, https:\/\/www.radiopiu.net\/wordpress\/wp-content\/uploads\/2025\/04\/AAA-3.jpg 737w\" sizes=\"auto, (max-width: 213px) 100vw, 213px\" \/><\/a>INCLUSIONE E SERVIZI: UN NETWORK PER L\u2019INVECCHIAMENTO ATTIVO NELLE AREE INTERNE<\/strong><\/p>\n<\/blockquote>\n<\/div>\n<\/div>\n<\/div>\n<\/div>\n<div class=\"flex justify-start\">\n<div class=\"touch:-me-2 touch:-ms-3.5 -ms-2.5 -me-1 flex items-center p-1 select-none -mt-1 duration-[1.5s] focus-within:transition-none hover:transition-none pointer-events-none [mask-image:linear-gradient(to_right,black_33%,transparent_66%)] [mask-position:100%_0%] [mask-size:300%_100%] motion-safe:transition-[mask-position] group-hover\/turn-messages:pointer-events-auto group-hover\/turn-messages:[mask-position:0_0] group-focus-within\/turn-messages:pointer-events-auto group-focus-within\/turn-messages:[mask-position:0_0] has-data-[state=open]:pointer-events-auto has-data-[state=open]:[mask-position:0_0]\">Un ecosistema di servizi territoriali per l\u2019invecchiamento attivo: \u00e8 questo il tema del workshop \u201cNetworking\u201d, promosso nell\u2019ambito del progetto regionale \u201cAequabilitas\u201d. L\u2019iniziativa, si svolger\u00e0 mercoled\u00ec 07 maggio alle\u00a0 9 al Caff\u00e8 Letterario Enaip Veneto &#8211; Via Borgo Ruga n.40 a Feltre, \u00e8\u00a0 rivolta a lavoratori occupati e disoccupati, punta a contrastare lo spopolamento e promuovere il ruolo attivo degli over 65 nelle aree interne del Veneto. Al centro, la condivisione di dati demografici, strategie per l\u2019organizzazione dei servizi locali, tecniche di benessere lavorativo e strumenti per migliorare la comunicazione. Obiettivo: rafforzare le reti territoriali e valorizzare il sapere delle generazioni pi\u00f9 anziane.<\/div>\n<div><\/div>\n<div><\/div>\n<div>\n<hr \/>\n<\/div>\n<blockquote>\n<h3>CONSEGNATO IL PRIMO PREMIO DELLA LOTTERIA DELLA SAGRA DE PASCA<\/h3>\n<\/blockquote>\n<\/div>\n<\/div>\n<div><strong><strong><a class=\"dt-pswp-item\" href=\"https:\/\/www.radiopiu.net\/wordpress\/wp-content\/uploads\/2025\/04\/d204e3eb-4046-4900-9c0a-afc072f44e0c.jpg\" data-dt-img-description=\"\" data-large_image_width=\"1600\" data-large_image_height=\"1200\"><img loading=\"lazy\" decoding=\"async\" class=\" wp-image-447298 alignleft\" src=\"https:\/\/www.radiopiu.net\/wordpress\/wp-content\/uploads\/2025\/04\/d204e3eb-4046-4900-9c0a-afc072f44e0c-300x225.jpg\" alt=\"\" width=\"223\" height=\"167\" srcset=\"https:\/\/www.radiopiu.net\/wordpress\/wp-content\/uploads\/2025\/04\/d204e3eb-4046-4900-9c0a-afc072f44e0c-300x225.jpg 300w, https:\/\/www.radiopiu.net\/wordpress\/wp-content\/uploads\/2025\/04\/d204e3eb-4046-4900-9c0a-afc072f44e0c-1024x768.jpg 1024w, https:\/\/www.radiopiu.net\/wordpress\/wp-content\/uploads\/2025\/04\/d204e3eb-4046-4900-9c0a-afc072f44e0c-768x576.jpg 768w, https:\/\/www.radiopiu.net\/wordpress\/wp-content\/uploads\/2025\/04\/d204e3eb-4046-4900-9c0a-afc072f44e0c-1536x1152.jpg 1536w, https:\/\/www.radiopiu.net\/wordpress\/wp-content\/uploads\/2025\/04\/d204e3eb-4046-4900-9c0a-afc072f44e0c.jpg 1600w\" sizes=\"auto, (max-width: 223px) 100vw, 223px\" \/><\/a><\/strong><\/strong><\/div>\n<div>\n<p>\u00c8 stato consegnato nella serata di ieri, presso il negozio DBike di Taibon, il primo premio della lotteria della Sagra de Pasca (FOTO con il vincitore al centro). Alla cerimonia erano presenti il fortunato vincitore, il titolare del negozio Massimo De Nardin e i rappresentanti delle associazioni organizzatrici: Pro Loco, ABVS e G.S. Taibon. Un sentito ringraziamento \u00e8 stato espresso dal comitato organizzatore: \u201cGrazie ai 250 volontari e a tutti coloro che rendono possibile questo straordinario evento\u201d.<\/p>\n<p><span style=\"color: #ff0000;\"><strong>\u00a0E SABATO 03 MAGGIO PER TUTTO IL GIORNO DA D BIKE:\u00a0 \u00a0IL GRANDE GIORNO!!! SCOPRI TUTTE LE NOVITA&#8217; EBIKE E ATTREZZATURA. <\/strong><\/span><span style=\"color: #ff0000;\"><strong>OPEN DAY CON GLI ESPERTI DI D BIKE, I CONSIGLI MIGLIORI PER UNA STAGIONE&#8230;DA PEDALARE\u00a0<\/strong><\/span><\/p>\n<\/div>\n<div><\/div>\n<div>\n<hr \/>\n<\/div>\n<div><\/div>\n<blockquote>\n<h2>L&#8217;INCONTRO CON IL GALLO CEDRONE DI MARIO DE MARCO<\/h2>\n<\/blockquote>\n<div>\n<p><strong>REDAZIONE <\/strong>I documenti che ci ha inviato Mario De Marco oggi sono un tributo alla straordinaria bellezza dei nostri boschi, luoghi in cui la natura regna ancora sovrana, ospitando creature affascinanti e spesso elusive. Tra queste, spicca il gallo cedrone (<em data-start=\"423\" data-end=\"441\">Tetrao urogallus<\/em>), una specie rara nei nostri territori e dalla spiccata territorialit\u00e0. L\u2019incontro \u00e8 stato reso possibile grazie a un\u2019attenta osservazione e all\u2019uso di una focale fissa da 800mm, che mi ha permesso di mantenere una distanza rispettosa e sicura, evitando qualsiasi disturbo all\u2019animale. Questo approccio \u00e8 fondamentale per documentare la fauna selvatica nel pieno rispetto del suo habitat.<\/p>\n\n\t\t\t<style type='text\/css'>\n\t\t\t\t#gallery-1 {\n\t\t\t\t\tmargin: auto;\n\t\t\t\t}\n\t\t\t\t#gallery-1 .gallery-item {\n\t\t\t\t\tfloat: left;\n\t\t\t\t\tmargin-top: 10px;\n\t\t\t\t\ttext-align: center;\n\t\t\t\t\twidth: 50%;\n\t\t\t\t}\n\t\t\t\t#gallery-1 img {\n\t\t\t\t\tborder: 2px solid #cfcfcf;\n\t\t\t\t}\n\t\t\t\t#gallery-1 .gallery-caption {\n\t\t\t\t\tmargin-left: 0;\n\t\t\t\t}\n\t\t\t\t\/* see gallery_shortcode() in wp-includes\/media.php *\/\n\t\t\t<\/style>\n\t\t<div id='gallery-1' class='dt-gallery-container gallery galleryid-447191 gallery-columns-2 gallery-size-medium'><dl class='gallery-item'>\n\t\t\t\t<dt class='gallery-icon landscape'>\n\t\t\t\t\t<a class=\"rollover rollover-zoom dt-pswp-item\" title=\"69105174-d2bb-4641-acf7-d36aa054f7e0\" data-dt-img-description=\"\" data-large_image_width=\"2048\" data-large_image_height=\"1365\"href='https:\/\/www.radiopiu.net\/wordpress\/wp-content\/uploads\/2025\/04\/69105174-d2bb-4641-acf7-d36aa054f7e0.jpg'><img loading=\"lazy\" decoding=\"async\" width=\"300\" height=\"200\" src=\"https:\/\/www.radiopiu.net\/wordpress\/wp-content\/uploads\/2025\/04\/69105174-d2bb-4641-acf7-d36aa054f7e0-300x200.jpg\" class=\"attachment-medium size-medium\" alt=\"\" srcset=\"https:\/\/www.radiopiu.net\/wordpress\/wp-content\/uploads\/2025\/04\/69105174-d2bb-4641-acf7-d36aa054f7e0-300x200.jpg 300w, https:\/\/www.radiopiu.net\/wordpress\/wp-content\/uploads\/2025\/04\/69105174-d2bb-4641-acf7-d36aa054f7e0-1024x683.jpg 1024w, https:\/\/www.radiopiu.net\/wordpress\/wp-content\/uploads\/2025\/04\/69105174-d2bb-4641-acf7-d36aa054f7e0-768x512.jpg 768w, https:\/\/www.radiopiu.net\/wordpress\/wp-content\/uploads\/2025\/04\/69105174-d2bb-4641-acf7-d36aa054f7e0-1536x1024.jpg 1536w, https:\/\/www.radiopiu.net\/wordpress\/wp-content\/uploads\/2025\/04\/69105174-d2bb-4641-acf7-d36aa054f7e0.jpg 2048w\" sizes=\"auto, (max-width: 300px) 100vw, 300px\" \/><\/a>\n\t\t\t\t<\/dt><\/dl><dl class='gallery-item'>\n\t\t\t\t<dt class='gallery-icon landscape'>\n\t\t\t\t\t<a class=\"rollover rollover-zoom dt-pswp-item\" title=\"8025c453-ca63-420a-a759-8d7501cebee2\" data-dt-img-description=\"\" data-large_image_width=\"2048\" data-large_image_height=\"1365\"href='https:\/\/www.radiopiu.net\/wordpress\/wp-content\/uploads\/2025\/04\/8025c453-ca63-420a-a759-8d7501cebee2.jpg'><img loading=\"lazy\" decoding=\"async\" width=\"300\" height=\"200\" src=\"https:\/\/www.radiopiu.net\/wordpress\/wp-content\/uploads\/2025\/04\/8025c453-ca63-420a-a759-8d7501cebee2-300x200.jpg\" class=\"attachment-medium size-medium\" alt=\"\" srcset=\"https:\/\/www.radiopiu.net\/wordpress\/wp-content\/uploads\/2025\/04\/8025c453-ca63-420a-a759-8d7501cebee2-300x200.jpg 300w, https:\/\/www.radiopiu.net\/wordpress\/wp-content\/uploads\/2025\/04\/8025c453-ca63-420a-a759-8d7501cebee2-1024x683.jpg 1024w, https:\/\/www.radiopiu.net\/wordpress\/wp-content\/uploads\/2025\/04\/8025c453-ca63-420a-a759-8d7501cebee2-768x512.jpg 768w, https:\/\/www.radiopiu.net\/wordpress\/wp-content\/uploads\/2025\/04\/8025c453-ca63-420a-a759-8d7501cebee2-1536x1024.jpg 1536w, https:\/\/www.radiopiu.net\/wordpress\/wp-content\/uploads\/2025\/04\/8025c453-ca63-420a-a759-8d7501cebee2.jpg 2048w\" sizes=\"auto, (max-width: 300px) 100vw, 300px\" \/><\/a>\n\t\t\t\t<\/dt><\/dl><br style=\"clear: both\" \/>\n\t\t\t<\/div>\n\n<p>&nbsp;<\/p>\n<\/div>\n<\/div>\n<\/div>\n<\/div>\n<\/div>\n<\/div>\n<\/div>\n<\/div>\n<\/article>\n<p>&nbsp;<\/p>\n<hr \/>\n<p>&nbsp;<\/p>\n<div class=\"page-title-head hgroup\">\n<h1 class=\"entry-title\">SAN TOMASO\u2026 GRANDI EVENTI PRIMAVERA-ESTATE. a maggio la FESTA DEL CACCIATORE<\/h1>\n<\/div>\n<div class=\"page-title-breadcrumbs\">\n<p>&nbsp;<\/p>\n<p class=\"\" data-start=\"33\" data-end=\"99\"><em data-start=\"36\" data-end=\"65\">\u201cFesta del Cacciatore 2025\u201d<\/em> \u2013 cultura, tradizione e ambiente! \u00a0Domenica 4 maggio, all\u2019Arena 1082 di San Tomaso Agordino per una giornata imperdibile! \u00a0Rassegna dei trofei, suonatori di corno, diorama di flora e fauna, e un prezioso momento di confronto tra cacciatori e popolazione. Servizio bar e ristoro attivo per tutta la manifestazione e\u2026 musica travolgente con i Fleimstaler Party Folk Band! Tradizione, natura e convivialit\u00e0: la Festa del Cacciatore \u00e8 molto pi\u00f9 di un evento\u2026 \u00e8 un\u2019esperienza da vivere! il distretto venatorio agordino&#8230; ti aspetta! In collaborazione con il Comune e APS ORTI RUPESTRI DI SAN TOMASO<\/p>\n<blockquote>\n<h1>SAN TOMASO AGORDINO: EVENTO ESTIVO D&#8217;AGOSTO ALL&#8217;ARENA 1082<\/h1>\n<\/blockquote>\n<p><iframe loading=\"lazy\" title=\"CELTICA - Pipes rock: Live Trailer 2023\" width=\"1200\" height=\"675\" src=\"https:\/\/www.youtube.com\/embed\/u4FzQEixWw4?start=3&#038;feature=oembed\" frameborder=\"0\" allow=\"accelerometer; autoplay; clipboard-write; encrypted-media; gyroscope; picture-in-picture; web-share\" referrerpolicy=\"strict-origin-when-cross-origin\" allowfullscreen><\/iframe><\/p>\n<p>&nbsp;<\/p>\n<\/div>\n<\/div>\n<\/div>\n<div class=\"markdown prose dark:prose-invert w-full break-words dark\">\n<p data-start=\"68\" data-end=\"167\">\n<\/div>\n<\/div>\n<\/div>\n<\/div>\n<\/div>\n<\/div>\n<\/div>\n<\/div>\n<\/article>\n<div class=\"page-title-breadcrumbs\"><\/div>\n<p>&nbsp;<\/p>\n<hr \/>\n<p>&nbsp;<\/p>\n<p>&nbsp;<\/p>\n<blockquote>\n<h3>DOMENICA TORNA A SOSPIROLO &#8220;SONON PAR SAN GOTTARDO&#8221;<\/h3>\n<\/blockquote>\n<p><strong><a class=\"dt-pswp-item\" href=\"https:\/\/www.radiopiu.net\/wordpress\/wp-content\/uploads\/2025\/04\/SAN-GOTTARDO.jpg\" data-dt-img-description=\"\" data-large_image_width=\"1280\" data-large_image_height=\"640\"><img loading=\"lazy\" decoding=\"async\" class=\" wp-image-447120 alignleft\" src=\"https:\/\/www.radiopiu.net\/wordpress\/wp-content\/uploads\/2025\/04\/SAN-GOTTARDO-300x150.jpg\" alt=\"\" width=\"242\" height=\"121\" srcset=\"https:\/\/www.radiopiu.net\/wordpress\/wp-content\/uploads\/2025\/04\/SAN-GOTTARDO-300x150.jpg 300w, https:\/\/www.radiopiu.net\/wordpress\/wp-content\/uploads\/2025\/04\/SAN-GOTTARDO-1024x512.jpg 1024w, https:\/\/www.radiopiu.net\/wordpress\/wp-content\/uploads\/2025\/04\/SAN-GOTTARDO-768x384.jpg 768w, https:\/\/www.radiopiu.net\/wordpress\/wp-content\/uploads\/2025\/04\/SAN-GOTTARDO.jpg 1280w\" sizes=\"auto, (max-width: 242px) 100vw, 242px\" \/><\/a>SOSPIROLO<\/strong> Torna domenica sera per la terza edizione a Sospirolo \u201cSonon par San Gottardo\u201d, serata musicale promossa per raccogliere fondi per il restauro della chiesa gravemente danneggiata da un fulmine nell&#8217;estate del 2022.<\/p>\n<p><strong>DI DANIELE DALVIT<\/strong><\/p>\n<audio class=\"wp-audio-shortcode\" id=\"audio-447191-10\" preload=\"none\" style=\"width: 100%;\" controls=\"controls\"><source type=\"audio\/mpeg\" src=\"https:\/\/www.radiopiu.net\/wordpress\/wp-content\/uploads\/2025\/04\/Servizio-Concerto-San-Gottardo-Sospirolo-2025.mp3?_=10\" \/><a href=\"https:\/\/www.radiopiu.net\/wordpress\/wp-content\/uploads\/2025\/04\/Servizio-Concerto-San-Gottardo-Sospirolo-2025.mp3\">https:\/\/www.radiopiu.net\/wordpress\/wp-content\/uploads\/2025\/04\/Servizio-Concerto-San-Gottardo-Sospirolo-2025.mp3<\/a><\/audio>\n<p>&nbsp;<\/p>\n<p>&nbsp;<\/p>\n<p>&nbsp;<\/p>\n<hr \/>\n<p>&nbsp;<\/p>\n<p class=\"\" data-start=\"0\" data-end=\"84\"><strong data-start=\"0\" data-end=\"84\"><em><img loading=\"lazy\" decoding=\"async\" class=\"alignleft\" src=\"https:\/\/www.radiopiu.net\/wordpress\/wp-content\/uploads\/2025\/04\/Immagine-2025-04-16-140709.jpg\" width=\"277\" height=\"131\" \/><\/em>OPEN WEEK SALUTE DELLA DONNA: GLI APPUNTAMENTI ULSS DOLOMITI DAL 22 AL 30 APRILE<\/strong><\/p>\n<p>L\u2019Ulss Dolomiti partecipa all\u2019Open Week per la salute della donna con eventi gratuiti dal 22 al 30 aprile.<\/p>\n<p><strong>oggi<\/strong>, dalle 14.00 alle 18.00, consulenze online con il ginecologo su come prepararsi alla gravidanza. <strong data-start=\"345\" data-end=\"374\">Prenotazione obbligatoria<\/strong> scrivendo a: <a rel=\"noopener\" data-start=\"393\" data-end=\"428\" data-is-last-node=\"\">ginecologia.bl.rep@aulss1.veneto.it<\/a><\/p>\n<p>&nbsp;<\/p>\n<p>&nbsp;<\/p>\n<hr \/>\n<p>&nbsp;<\/p>\n<blockquote>\n<h3>LA SETTIMANA DELLA PREVENZIONE DEL TUMORE OVARICO<\/h3>\n<\/blockquote>\n<p><strong><a class=\"dt-pswp-item\" href=\"https:\/\/www.radiopiu.net\/wordpress\/wp-content\/uploads\/2025\/04\/SCR-20250419-mxkt.png\" data-dt-img-description=\"\" data-large_image_width=\"1024\" data-large_image_height=\"472\"><img loading=\"lazy\" decoding=\"async\" class=\" wp-image-445910 alignleft\" src=\"https:\/\/www.radiopiu.net\/wordpress\/wp-content\/uploads\/2025\/04\/SCR-20250419-mxkt-300x138.png\" alt=\"\" width=\"198\" height=\"91\" srcset=\"https:\/\/www.radiopiu.net\/wordpress\/wp-content\/uploads\/2025\/04\/SCR-20250419-mxkt-300x138.png 300w, https:\/\/www.radiopiu.net\/wordpress\/wp-content\/uploads\/2025\/04\/SCR-20250419-mxkt-768x354.png 768w, https:\/\/www.radiopiu.net\/wordpress\/wp-content\/uploads\/2025\/04\/SCR-20250419-mxkt.png 1024w\" sizes=\"auto, (max-width: 198px) 100vw, 198px\" \/><\/a>BELLUNO<\/strong> L\u2019Ulss Dolomiti, in collaborazione con ACTO \u2013 Alleanza Contro il Tumore Ovarico, promuove la Settimana per la prevenzione del tumore ovarico dal 5 al 10 maggio 2025, con iniziative dedicate alla sensibilizzazione femminile. Luned\u00ec 5 e marted\u00ec 6 si terranno incontri individuali con un ginecologo presso l\u2019Ospedale di Feltre, su prenotazione via email. Gioved\u00ec 8, dalle 17.00 alle 19.00, si svolger\u00e0 un incontro con una make-up artist per valorizzare l\u2019aspetto fisico durante il percorso oncologico. Venerd\u00ec 9 e sabato 10 maggio si terranno laboratori creativi a Feltre e Belluno, anch\u2019essi su prenotazione. Tutte le attivit\u00e0 mirano a promuovere la prevenzione e il benessere durante la malattia.<\/p>\n<p>&nbsp;<\/p>\n<p>&nbsp;<\/p>\n<hr \/>\n<p>&nbsp;<\/p>\n<blockquote>\n<h3>RI-PENSARE L&#8217;ADOLESCENZA: LABORATORIO ESPERIENZIALE AD AGORDO PER ADULTI CON RUOLI EDUCATIVI<\/h3>\n<\/blockquote>\n<p><img loading=\"lazy\" decoding=\"async\" class=\"alignleft\" src=\"https:\/\/www.radiopiu.net\/wordpress\/wp-content\/uploads\/2025\/04\/Immagine-2025-04-16-094924.jpg\" width=\"247\" height=\"105\" \/><strong>AGORDO<\/strong> La Biblioteca di Agordo in via 27 aprile,\u00a0 ospiter\u00e0 un ciclo di tre incontri dal titolo &#8220;Ri-pensare l&#8217;adolescenza&#8221;, un laboratorio esperienziale rivolto ad adulti che ricoprono ruoli educativi, quali genitori, insegnanti, allenatori e animatori. L&#8217;iniziativa si propone di offrire uno spazio di riflessione e confronto sugli spazi e i tempi nella relazione educativa con ragazze e ragazzi di et\u00e0 compresa tra gli 11 e i 14 anni.\u200b Dettagli degli incon<strong>tri:\u00a0 mercoled\u00ec 7, 14 e 21 maggio 2025\u00a0 dalle 17:45 alle 19:30.\u00a0 <\/strong><span class=\"relative -mx-px my-[-0.2rem] rounded px-px py-[0.2rem] transition-colors duration-100 ease-in-out\">Il laboratorio sar\u00e0 condotto da professionisti dell&#8217;ULSS 1 Dolomiti, utilizzando una metodologia interattiva che favorisce la partecipazione attiva dei presenti.<\/span> <span class=\"relative -mx-px my-[-0.2rem] rounded px-px py-[0.2rem] transition-colors duration-100 ease-in-out\">L&#8217;obiettivo \u00e8 quello di stimolare una riflessione condivisa sulle dinamiche educative, offrendo strumenti e spunti per migliorare la relazione con gli adolescenti.<\/span>\u200b <span class=\"relative -mx-px my-[-0.2rem] rounded px-px py-[0.2rem] transition-colors duration-100 ease-in-out\">La partecipazione \u00e8 gratuita, ma \u00e8 necessario iscriversi contattando il Ser.D di Agordo al numero 0437 645338.<\/span> <span class=\"relative -mx-px my-[-0.2rem] rounded px-px py-[0.2rem] transition-colors duration-100 ease-in-out\">I posti disponibili sono limitati a 25 partecipanti, pertanto si consiglia di prenotare con anticipo.<\/span>\u200b <span class=\"relative -mx-px my-[-0.2rem] rounded px-px py-[0.2rem] transition-colors duration-100 ease-in-out\">Per ulteriori informazioni e aggiornamenti, \u00e8 possibile visitare la pagina Facebook dell&#8217;ULSS 1 Dolomiti.<\/span><\/p>\n<p>&nbsp;<\/p>\n<p>&nbsp;<\/p>\n<hr \/>\n<p>&nbsp;<\/p>\n<blockquote>\n<h3>MAGGIO AGORDINO CON I PERITI MINERARI<\/h3>\n<\/blockquote>\n<p><strong><a class=\"dt-pswp-item\" href=\"https:\/\/www.radiopiu.net\/wordpress\/wp-content\/uploads\/2025\/04\/MAGGIO-AGORDINO.jpg\" data-dt-img-description=\"\" data-large_image_width=\"510\" data-large_image_height=\"159\"><img loading=\"lazy\" decoding=\"async\" class=\" wp-image-447126 alignleft\" src=\"https:\/\/www.radiopiu.net\/wordpress\/wp-content\/uploads\/2025\/04\/MAGGIO-AGORDINO-300x94.jpg\" alt=\"\" width=\"259\" height=\"81\" srcset=\"https:\/\/www.radiopiu.net\/wordpress\/wp-content\/uploads\/2025\/04\/MAGGIO-AGORDINO-300x94.jpg 300w, https:\/\/www.radiopiu.net\/wordpress\/wp-content\/uploads\/2025\/04\/MAGGIO-AGORDINO.jpg 510w\" sizes=\"auto, (max-width: 259px) 100vw, 259px\" \/><\/a>AGORDO<\/strong> Nel mese di maggio, l&#8217;Associazione Periti Industriali Minerari di Agordo organizza un ciclo di conferenze a ingresso libero presso la Sala Don T\u00e0mis, ogni gioved\u00ec e venerd\u00ec sera alle 20.30. Le serate esploreranno il territorio agordino, la sua storia mineraria e le sfide future. Il programma include: il 9 maggio, &#8220;Le Dolomiti e la Nascita del Paesaggio pi\u00f9 Bello del Mondo&#8221; con Danilo Giordano, il 15 maggio &#8220;Rottura Climatica in Atto&#8221; con Robert Thierry Luciani, il 23 maggio &#8220;Figli della Miniera&#8221; con Marco Mottes e il 30 maggio &#8220;Il Tempo del Sole&#8221; con Giuseppe De Don\u00e0. Quattro eventi imperdibili per scoprire e riflettere sul nostro territorio e la sua storia.<\/p>\n<p>&nbsp;<\/p>\n<p>&nbsp;<\/p>\n<hr \/>\n<p>&nbsp;<\/p>\n<blockquote>\n<h3>PIG&amp;MENTI, AL VIA I NUOVI CORSI D\u2019ARTE CON GRANDI MAESTRI<\/h3>\n<\/blockquote>\n<p class=\"\" data-start=\"85\" data-end=\"364\"><strong><a class=\"dt-pswp-item\" href=\"https:\/\/www.radiopiu.net\/wordpress\/wp-content\/uploads\/2025\/04\/13a60188-42da-4728-9c68-f2a0bdc8ce27.png\" data-dt-img-description=\"\" data-large_image_width=\"1024\" data-large_image_height=\"1536\"><img loading=\"lazy\" decoding=\"async\" class=\"size-medium wp-image-445305 alignleft\" src=\"https:\/\/www.radiopiu.net\/wordpress\/wp-content\/uploads\/2025\/04\/13a60188-42da-4728-9c68-f2a0bdc8ce27-200x300.png\" alt=\"\" width=\"200\" height=\"300\" srcset=\"https:\/\/www.radiopiu.net\/wordpress\/wp-content\/uploads\/2025\/04\/13a60188-42da-4728-9c68-f2a0bdc8ce27-200x300.png 200w, https:\/\/www.radiopiu.net\/wordpress\/wp-content\/uploads\/2025\/04\/13a60188-42da-4728-9c68-f2a0bdc8ce27-683x1024.png 683w, https:\/\/www.radiopiu.net\/wordpress\/wp-content\/uploads\/2025\/04\/13a60188-42da-4728-9c68-f2a0bdc8ce27-768x1152.png 768w, https:\/\/www.radiopiu.net\/wordpress\/wp-content\/uploads\/2025\/04\/13a60188-42da-4728-9c68-f2a0bdc8ce27.png 1024w\" sizes=\"auto, (max-width: 200px) 100vw, 200px\" \/><\/a> <\/strong><\/p>\n<p class=\"\" data-start=\"85\" data-end=\"364\"><strong>\u00a0<\/strong><\/p>\n<p class=\"\" data-start=\"85\" data-end=\"364\"><strong>\u00a0<\/strong><\/p>\n<p class=\"\" data-start=\"85\" data-end=\"364\"><strong>BELLUNO<\/strong> L&#8217;Associazione Pig&amp;Menti ha aperto le iscrizioni ai nuovi corsi di pittura per grandi e piccoli, con insegnanti esperti, in due location uniche: la canonica della Chiesa di San Martino a Fortogna e Villa De Conz a San Gregorio. Tra le proposte, pittura impressionista, espressionista, e a fresco a Fortogna, e il corso di Ecoprint, una tecnica naturale, a San Gregorio. I corsi offrono un&#8217;opportunit\u00e0 unica per esplorare l&#8217;arte in un contesto affascinante. Per info e iscrizioni: <a rel=\"noopener\" data-start=\"480\" data-end=\"501\">pigmentiaps@gmail.com<\/a>, 333 1324592.<\/p>\n<p class=\"\" data-start=\"85\" data-end=\"364\"><strong>AUDIO ALLA RADIO.. PIU&#8217;<br \/>\n<\/strong><\/p>\n<audio class=\"wp-audio-shortcode\" id=\"audio-447191-11\" preload=\"none\" style=\"width: 100%;\" controls=\"controls\"><source type=\"audio\/mpeg\" src=\"https:\/\/www.radiopiu.net\/wordpress\/wp-content\/uploads\/2025\/04\/PigMenti.mp3?_=11\" \/><a href=\"https:\/\/www.radiopiu.net\/wordpress\/wp-content\/uploads\/2025\/04\/PigMenti.mp3\">https:\/\/www.radiopiu.net\/wordpress\/wp-content\/uploads\/2025\/04\/PigMenti.mp3<\/a><\/audio>\n<p>&nbsp;<\/p>\n<hr \/>\n<p>&nbsp;<\/p>\n<blockquote>\n<h3>INTER CLUB AGORDINO IN FESTA: LIBRO, PRANZO E ORGOGLIO SCUDETTO<\/h3>\n<\/blockquote>\n<p><strong><a class=\"dt-pswp-item\" href=\"https:\/\/www.radiopiu.net\/wordpress\/wp-content\/uploads\/2025\/04\/7e1d91b2-5c0f-41af-9a0e-117e7d3e0631.jpg\" data-dt-img-description=\"\" data-large_image_width=\"1132\" data-large_image_height=\"1600\"><img loading=\"lazy\" decoding=\"async\" class=\" wp-image-446576 alignleft\" src=\"https:\/\/www.radiopiu.net\/wordpress\/wp-content\/uploads\/2025\/04\/7e1d91b2-5c0f-41af-9a0e-117e7d3e0631-212x300.jpg\" alt=\"\" width=\"106\" height=\"150\" srcset=\"https:\/\/www.radiopiu.net\/wordpress\/wp-content\/uploads\/2025\/04\/7e1d91b2-5c0f-41af-9a0e-117e7d3e0631-212x300.jpg 212w, https:\/\/www.radiopiu.net\/wordpress\/wp-content\/uploads\/2025\/04\/7e1d91b2-5c0f-41af-9a0e-117e7d3e0631-724x1024.jpg 724w, https:\/\/www.radiopiu.net\/wordpress\/wp-content\/uploads\/2025\/04\/7e1d91b2-5c0f-41af-9a0e-117e7d3e0631-768x1086.jpg 768w, https:\/\/www.radiopiu.net\/wordpress\/wp-content\/uploads\/2025\/04\/7e1d91b2-5c0f-41af-9a0e-117e7d3e0631-1087x1536.jpg 1087w, https:\/\/www.radiopiu.net\/wordpress\/wp-content\/uploads\/2025\/04\/7e1d91b2-5c0f-41af-9a0e-117e7d3e0631.jpg 1132w\" sizes=\"auto, (max-width: 106px) 100vw, 106px\" \/><\/a>AGORDO <\/strong>Una giornata all\u2019insegna del nerazzurro si terr\u00e0 domenica 11 maggio a Falcade, con il Pranzo Sociale dell\u2019Inter Club Agordino \u201cGiacinto Facchetti\u201d, evento aperto a soci, amici, familiari e simpatizzanti del club. Il pranzo inizier\u00e0 alle 13 allo Sport Hotel Cristal di Falcade e vedr\u00e0 la partecipazione speciale di Gianfelice Facchetti, figlio del leggendario capitano dell\u2019Inter Giacinto Facchetti. Sar\u00e0 un momento di condivisione, celebrazione e orgoglio per tutti i tifosi interisti della zona. Ma la giornata inizier\u00e0 gi\u00e0 in mattinata: alle 11 in\u00a0Sala Don Tamis di Agordo, Gianfelice Facchetti presenter\u00e0 il suo libro \u201cCAPITANI \u2013 Miti, Esempi, Bandiere\u201d, un\u2019opera che racconta storie emblematiche di leadership e appartenenza nel calcio. Questo incontro \u00e8 organizzato in collaborazione con l\u2019Inter Club Fener \u201cMassimo Moratti\u201d. L\u2019evento rappresenta anche un\u2019occasione per celebrare lo scudetto 2023\/2024 vinto dall\u2019Inter, un trionfo che ha riacceso l\u2019orgoglio nerazzurro tra i tifosi.<\/p>\n<p>&nbsp;<\/p>\n<p>&nbsp;<\/p>\n<hr \/>\n<p>&nbsp;<\/p>\n<blockquote>\n<h3>UN CORSO DI CONOSCENZA DELLA PROVINCIA DI BELLUNO<\/h3>\n<\/blockquote>\n<p><strong><a class=\"dt-pswp-item\" href=\"https:\/\/www.radiopiu.net\/wordpress\/wp-content\/uploads\/2025\/04\/SCR-20250417-jfmo.png\" data-dt-img-description=\"\" data-large_image_width=\"1342\" data-large_image_height=\"888\"><img loading=\"lazy\" decoding=\"async\" class=\" wp-image-445442 alignleft\" src=\"https:\/\/www.radiopiu.net\/wordpress\/wp-content\/uploads\/2025\/04\/SCR-20250417-jfmo-300x199.png\" alt=\"\" width=\"178\" height=\"118\" srcset=\"https:\/\/www.radiopiu.net\/wordpress\/wp-content\/uploads\/2025\/04\/SCR-20250417-jfmo-300x199.png 300w, https:\/\/www.radiopiu.net\/wordpress\/wp-content\/uploads\/2025\/04\/SCR-20250417-jfmo-1024x678.png 1024w, https:\/\/www.radiopiu.net\/wordpress\/wp-content\/uploads\/2025\/04\/SCR-20250417-jfmo-768x508.png 768w, https:\/\/www.radiopiu.net\/wordpress\/wp-content\/uploads\/2025\/04\/SCR-20250417-jfmo.png 1342w\" sizes=\"auto, (max-width: 178px) 100vw, 178px\" \/><\/a>BELLUNO <\/strong>Partir\u00e0 a maggio la 1\u00b0 edizione del \u201cCorso di conoscenza di Belluno e Provincia\u201d organizzato dall\u2019Associazione Campedel di Belluno con il patrocinio del Comune capoluogo e della Provincia. Un\u2019iniziativa nata per far scoprire tutto il territorio bellunese iniziando dalla storia e dall\u2019arte, rendere i cittadini pi\u00f9 consapevoli ed orgogliosi della grande ricchezza che ci circonda e dare un supporto a chi si \u00e8 iscritto all\u2019esame nazionale di guida turistica. Tutti gli incontri si terranno in Sala Bianchi a Belluno (Viale Fantuzzi) durante quattro venerd\u00ec di maggio alle ore 17.45.<\/p>\n<p>&nbsp;<\/p>\n<p>&nbsp;<\/p>\n<p>&nbsp;<\/p>\n<p>&nbsp;<\/p>\n<p>&nbsp;<\/p>\n<hr \/>\n<p>&nbsp;<\/p>\n<h1><span style=\"color: #ff6600;\">ALLA RADIO<\/span><\/h1>\n<h2><span style=\"color: #008080;\">OGGI COME IERI, TERZO ANNO. CON SILVIA BALDO\u00a0<\/span><\/h2>\n<p><strong><a class=\"dt-pswp-item\" href=\"https:\/\/www.radiopiu.net\/wordpress\/wp-content\/uploads\/2025\/04\/download-17-e1745940549228.jpg\" data-dt-img-description=\"\" data-large_image_width=\"250\" data-large_image_height=\"167\"><img loading=\"lazy\" decoding=\"async\" class=\"wp-image-447293 alignleft\" src=\"https:\/\/www.radiopiu.net\/wordpress\/wp-content\/uploads\/2025\/04\/download-17-e1745940549228.jpg\" alt=\"\" width=\"136\" height=\"91\" \/><\/a>29 APRILE 2025 GIORNATA<\/strong><\/p>\n<audio class=\"wp-audio-shortcode\" id=\"audio-447191-12\" preload=\"none\" style=\"width: 100%;\" controls=\"controls\"><source type=\"audio\/mpeg\" src=\"https:\/\/www.radiopiu.net\/wordpress\/wp-content\/uploads\/2025\/04\/SIBI2-5.mp3?_=12\" \/><a href=\"https:\/\/www.radiopiu.net\/wordpress\/wp-content\/uploads\/2025\/04\/SIBI2-5.mp3\">https:\/\/www.radiopiu.net\/wordpress\/wp-content\/uploads\/2025\/04\/SIBI2-5.mp3<\/a><\/audio>\n<p><strong>LA RACCOLTA COMPLETA <a href=\"https:\/\/www.radiopiu.net\/wordpress\/oggi-come-ieri-terzo-anno-con-silvia-baldo\/\"><span style=\"color: #3366ff;\">CLICCA QUI\u00a0<\/span><\/a><\/strong><\/p>\n<p>&nbsp;<\/p>\n<hr \/>\n<p>&nbsp;<\/p>\n<blockquote>\n<h2>&#8220;AURORE BOREALI: UN PROGETTO INCLUSIVO PER NON VEDENTI A CURA DI CLAUDIA CATTADORI E LUCIANA DALLE MOLLE&#8221;<\/h2>\n<\/blockquote>\n<p><span style=\"color: #ff0000;\"><strong>reporter<\/strong><\/span><\/p>\n<p><strong>di MARINA DONA&#8217;<\/strong><\/p>\n<audio class=\"wp-audio-shortcode\" id=\"audio-447191-13\" preload=\"none\" style=\"width: 100%;\" controls=\"controls\"><source type=\"audio\/mpeg\" src=\"https:\/\/www.radiopiu.net\/wordpress\/wp-content\/uploads\/2025\/04\/REPORTER-CLAUDIA-CATTADORI-E-LUCIANA-DALLE-MOLLE-PROGETTO-MOSTRA-AURORE-BOREALI-ANCHE-PER-NON-VEDENTI.mp3?_=13\" \/><a href=\"https:\/\/www.radiopiu.net\/wordpress\/wp-content\/uploads\/2025\/04\/REPORTER-CLAUDIA-CATTADORI-E-LUCIANA-DALLE-MOLLE-PROGETTO-MOSTRA-AURORE-BOREALI-ANCHE-PER-NON-VEDENTI.mp3\">https:\/\/www.radiopiu.net\/wordpress\/wp-content\/uploads\/2025\/04\/REPORTER-CLAUDIA-CATTADORI-E-LUCIANA-DALLE-MOLLE-PROGETTO-MOSTRA-AURORE-BOREALI-ANCHE-PER-NON-VEDENTI.mp3<\/a><\/audio>\n<div class=\"page-title-breadcrumbs\"><\/div>\n<blockquote class=\"wp-embedded-content\" data-secret=\"2L7DiRxhRK\"><p><a href=\"https:\/\/www.radiopiu.net\/wordpress\/ad-agordo-una-serata-con-le-aurore-boreali\/\">AD AGORDO UNA SERATA CON LE AURORE BOREALI<\/a><\/p><\/blockquote>\n<p><iframe loading=\"lazy\" class=\"wp-embedded-content\" sandbox=\"allow-scripts\" security=\"restricted\" style=\"position: absolute; visibility: hidden;\" title=\"&#8220;AD AGORDO UNA SERATA CON LE AURORE BOREALI&#8221; &#8212; Radio Pi\u00f9\" src=\"https:\/\/www.radiopiu.net\/wordpress\/ad-agordo-una-serata-con-le-aurore-boreali\/embed\/#?secret=HCl7ae6uI0#?secret=2L7DiRxhRK\" data-secret=\"2L7DiRxhRK\" width=\"600\" height=\"338\" frameborder=\"0\" marginwidth=\"0\" marginheight=\"0\" scrolling=\"no\"><\/iframe><\/p>\n<p>&nbsp;<\/p>\n<h1><span style=\"color: #000000;\">\u00a0&#8220;DINTORN E FORA VIA&#8221;\u00a0 IL PROGRAMMA\u00a0 A CURA DEL MUSLA\u00a0\u00a0<strong>\u00a0 \u00a0<\/strong><\/span><\/h1>\n<h1 style=\"text-align: center;\"><span style=\"color: #ff0000;\">QUARTO\u00a0 ANNO\u00a0 \u00a02025<\/span><\/h1>\n<p>&nbsp;<\/p>\n<p><strong><a class=\"dt-pswp-item\" href=\"https:\/\/www.radiopiu.net\/wordpress\/wp-content\/uploads\/2022\/12\/bf826253-7207-46f8-9f54-bc1e919603da.jpg\" data-dt-img-description=\"\" data-large_image_width=\"1087\" data-large_image_height=\"312\"><img loading=\"lazy\" decoding=\"async\" class=\" wp-image-310127 alignleft\" src=\"https:\/\/www.radiopiu.net\/wordpress\/wp-content\/uploads\/2022\/12\/bf826253-7207-46f8-9f54-bc1e919603da-300x86.jpg\" alt=\"\" width=\"258\" height=\"74\" srcset=\"https:\/\/www.radiopiu.net\/wordpress\/wp-content\/uploads\/2022\/12\/bf826253-7207-46f8-9f54-bc1e919603da-300x86.jpg 300w, https:\/\/www.radiopiu.net\/wordpress\/wp-content\/uploads\/2022\/12\/bf826253-7207-46f8-9f54-bc1e919603da-1024x294.jpg 1024w, https:\/\/www.radiopiu.net\/wordpress\/wp-content\/uploads\/2022\/12\/bf826253-7207-46f8-9f54-bc1e919603da-768x220.jpg 768w, https:\/\/www.radiopiu.net\/wordpress\/wp-content\/uploads\/2022\/12\/bf826253-7207-46f8-9f54-bc1e919603da-350x100.jpg 350w, https:\/\/www.radiopiu.net\/wordpress\/wp-content\/uploads\/2022\/12\/bf826253-7207-46f8-9f54-bc1e919603da.jpg 1087w\" sizes=\"auto, (max-width: 258px) 100vw, 258px\" \/><\/a>PUNTATA DEL 29 APRILE 2025 ANNA DA FALCADE\u00a0<\/strong><\/p>\n<audio class=\"wp-audio-shortcode\" id=\"audio-447191-14\" preload=\"none\" style=\"width: 100%;\" controls=\"controls\"><source type=\"audio\/mpeg\" src=\"https:\/\/www.radiopiu.net\/wordpress\/wp-content\/uploads\/2025\/04\/MUSLA-6.mp3?_=14\" \/><a href=\"https:\/\/www.radiopiu.net\/wordpress\/wp-content\/uploads\/2025\/04\/MUSLA-6.mp3\">https:\/\/www.radiopiu.net\/wordpress\/wp-content\/uploads\/2025\/04\/MUSLA-6.mp3<\/a><\/audio>\n<p>&nbsp;<\/p>\n<p>&nbsp;<\/p>\n<p>&nbsp;<\/p>\n<hr \/>\n<p>&nbsp;<\/p>\n<h2><span style=\"color: #ff00ff;\">SIB INFORMA: LA QUALITA&#8217; DELL&#8217;ACQUA<\/span><\/h2>\n<p><strong><a class=\"dt-pswp-item\" href=\"https:\/\/www.radiopiu.net\/wordpress\/wp-content\/uploads\/2023\/01\/bicchiere-acqua.png\" data-dt-img-description=\"\" data-large_image_width=\"1800\" data-large_image_height=\"1166\"><img loading=\"lazy\" decoding=\"async\" class=\" wp-image-315608 alignleft\" src=\"https:\/\/www.radiopiu.net\/wordpress\/wp-content\/uploads\/2023\/01\/bicchiere-acqua-300x194.png\" alt=\"\" width=\"203\" height=\"131\" srcset=\"https:\/\/www.radiopiu.net\/wordpress\/wp-content\/uploads\/2023\/01\/bicchiere-acqua-300x194.png 300w, https:\/\/www.radiopiu.net\/wordpress\/wp-content\/uploads\/2023\/01\/bicchiere-acqua-1024x663.png 1024w, https:\/\/www.radiopiu.net\/wordpress\/wp-content\/uploads\/2023\/01\/bicchiere-acqua-768x497.png 768w, https:\/\/www.radiopiu.net\/wordpress\/wp-content\/uploads\/2023\/01\/bicchiere-acqua-1536x995.png 1536w, https:\/\/www.radiopiu.net\/wordpress\/wp-content\/uploads\/2023\/01\/bicchiere-acqua.png 1800w\" sizes=\"auto, (max-width: 203px) 100vw, 203px\" \/><\/a>DI BARBARA PAOLAZZI<\/strong><\/p>\n<p>OSPITI: Giovanni Andrea Sava e Michele Bianchi<\/p>\n<audio class=\"wp-audio-shortcode\" id=\"audio-447191-15\" preload=\"none\" style=\"width: 100%;\" controls=\"controls\"><source type=\"audio\/mpeg\" src=\"https:\/\/www.radiopiu.net\/wordpress\/wp-content\/uploads\/2025\/04\/12-SIB-INFORMA-28-04-2025-Qualita-dell_acqua_Sava-e-Bianchi.mp3?_=15\" \/><a href=\"https:\/\/www.radiopiu.net\/wordpress\/wp-content\/uploads\/2025\/04\/12-SIB-INFORMA-28-04-2025-Qualita-dell_acqua_Sava-e-Bianchi.mp3\">https:\/\/www.radiopiu.net\/wordpress\/wp-content\/uploads\/2025\/04\/12-SIB-INFORMA-28-04-2025-Qualita-dell_acqua_Sava-e-Bianchi.mp3<\/a><\/audio>\n<p>&nbsp;<\/p>\n<blockquote class=\"wp-embedded-content\" data-secret=\"Xi8R34pHZQ\"><p><a href=\"https:\/\/www.radiopiu.net\/wordpress\/gsp-informa\/\">SIB informa<\/a><\/p><\/blockquote>\n<p><iframe loading=\"lazy\" class=\"wp-embedded-content\" sandbox=\"allow-scripts\" security=\"restricted\" style=\"position: absolute; visibility: hidden;\" title=\"&#8220;SIB informa&#8221; &#8212; Radio Pi\u00f9\" src=\"https:\/\/www.radiopiu.net\/wordpress\/gsp-informa\/embed\/#?secret=16urhd5ZOW#?secret=Xi8R34pHZQ\" data-secret=\"Xi8R34pHZQ\" width=\"600\" height=\"338\" frameborder=\"0\" marginwidth=\"0\" marginheight=\"0\" scrolling=\"no\"><\/iframe><\/p>\n<p>&nbsp;<\/p>\n<p>&nbsp;<\/p>\n<hr \/>\n<p>&nbsp;<\/p>\n<h2><span style=\"color: #ff0000;\"><a class=\"dt-pswp-item\" href=\"https:\/\/www.radiopiu.net\/wordpress\/wp-content\/uploads\/2018\/09\/appuntamenti.jpeg\" data-dt-img-description=\"\" data-large_image_width=\"800\" data-large_image_height=\"100\"><img loading=\"lazy\" decoding=\"async\" class=\"wp-image-61958 size-full aligncenter\" src=\"https:\/\/www.radiopiu.net\/wordpress\/wp-content\/uploads\/2018\/09\/appuntamenti.jpeg\" alt=\"\" width=\"800\" height=\"100\" srcset=\"https:\/\/www.radiopiu.net\/wordpress\/wp-content\/uploads\/2018\/09\/appuntamenti.jpeg 800w, https:\/\/www.radiopiu.net\/wordpress\/wp-content\/uploads\/2018\/09\/appuntamenti-300x38.jpeg 300w, https:\/\/www.radiopiu.net\/wordpress\/wp-content\/uploads\/2018\/09\/appuntamenti-768x96.jpeg 768w\" sizes=\"auto, (max-width: 800px) 100vw, 800px\" \/><\/a><\/span><\/h2>\n<p>&nbsp;<\/p>\n<blockquote>\n<h3>FOLLEMENTE&#8230;AL CINEMA DOLOMITI DI FALCADE<\/h3>\n<\/blockquote>\n<p><strong><a class=\"dt-pswp-item\" href=\"https:\/\/www.radiopiu.net\/wordpress\/wp-content\/uploads\/2025\/04\/FOLLE-LOCA.jpg\" data-dt-img-description=\"\" data-large_image_width=\"529\" data-large_image_height=\"755\"><img loading=\"lazy\" decoding=\"async\" class=\" wp-image-446951 alignleft\" src=\"https:\/\/www.radiopiu.net\/wordpress\/wp-content\/uploads\/2025\/04\/FOLLE-LOCA-210x300.jpg\" alt=\"\" width=\"157\" height=\"224\" srcset=\"https:\/\/www.radiopiu.net\/wordpress\/wp-content\/uploads\/2025\/04\/FOLLE-LOCA-210x300.jpg 210w, https:\/\/www.radiopiu.net\/wordpress\/wp-content\/uploads\/2025\/04\/FOLLE-LOCA.jpg 529w\" sizes=\"auto, (max-width: 157px) 100vw, 157px\" \/><\/a>REDAZIONE<\/strong> <em data-start=\"0\" data-end=\"12\" data-is-only-node=\"\">Follemente<\/em> \u00e8 una commedia diretta da Paolo Genovese. Il film racconta l&#8217;incontro tra Piero, un insegnante cinquantenne reduce da un divorzio, e Lara, una restauratrice trentacinquenne con alle spalle relazioni complicate. I due si conoscono in un bar e organizzano il loro primo appuntamento a casa di lei. A guidare le loro scelte sono vere e proprie personificazioni delle emozioni: Piero \u00e8 influenzato dal razionale Professore, dal romantico Romeo, dal passionale Eros e dal disilluso Valium, mentre Lara si lascia condurre dall&#8217;intransigente Alfa, dalla seduttrice Trilli, dalla sregolata Scheggia e dalla sognatrice Giulietta. La serata \u00e8 segnata da piccoli imprevisti, momenti di imbarazzo e discussioni interiori tra le varie personalit\u00e0, ma alla fine nasce una vera sintonia. Dopo una notte trascorsa insieme, Piero inizialmente se ne va, ma poi torna sui suoi passi. I due, con il supporto delle loro emozioni, decidono di proseguire la serata cucinando insieme, segno che la loro storia potrebbe davvero continuare. <em data-start=\"1037\" data-end=\"1049\">Follemente<\/em> esplora con leggerezza e ironia la complessit\u00e0 dei sentimenti e la voglia di ricominciare, mettendo in scena il caos emotivo che spesso accompagna le nuove relazioni.<\/p>\n<h3><span style=\"color: #ff0000;\"><strong>FOLLEMENTE IN PROGRAMMAZIONE AL CINEMA DOLOMITI DI FALCADE SABATO E DOMENICA. SPETTACOLI ALLE 21 DOMENICA ANCHE ALLE 17<\/strong><\/span><\/h3>\n<p><strong>LA PRESENTAZIONE A CURA DI PAOLA LANCIATO<\/strong><\/p>\n<audio class=\"wp-audio-shortcode\" id=\"audio-447191-16\" preload=\"none\" style=\"width: 100%;\" controls=\"controls\"><source type=\"audio\/mpeg\" src=\"https:\/\/www.radiopiu.net\/wordpress\/wp-content\/uploads\/2025\/04\/FOLLEMENTE.mp3?_=16\" \/><a href=\"https:\/\/www.radiopiu.net\/wordpress\/wp-content\/uploads\/2025\/04\/FOLLEMENTE.mp3\">https:\/\/www.radiopiu.net\/wordpress\/wp-content\/uploads\/2025\/04\/FOLLEMENTE.mp3<\/a><\/audio>\n<p>&nbsp;<\/p>\n<p><iframe loading=\"lazy\" title=\"FOLLEMENTE di Paolo Genovese - Trailer Ufficiale HD\" width=\"1200\" height=\"675\" src=\"https:\/\/www.youtube.com\/embed\/OPqTeHU_J4U?feature=oembed\" frameborder=\"0\" allow=\"accelerometer; autoplay; clipboard-write; encrypted-media; gyroscope; picture-in-picture; web-share\" referrerpolicy=\"strict-origin-when-cross-origin\" allowfullscreen><\/iframe><\/p>\n<p>&nbsp;<\/p>\n<div>\n<div class=\"\" dir=\"auto\">\n<div id=\":r9h:\" class=\"x1iorvi4 x1pi30zi x1l90r2v x1swvt13\" data-ad-comet-preview=\"message\" data-ad-preview=\"message\">\n<div class=\"\" dir=\"auto\">\n<div id=\":r9h:\" class=\"x1iorvi4 x1pi30zi x1l90r2v x1swvt13\" data-ad-comet-preview=\"message\" data-ad-preview=\"message\">\n<div class=\"\" dir=\"auto\">\n<div id=\":r9h:\" class=\"x1iorvi4 x1pi30zi x1l90r2v x1swvt13\" data-ad-comet-preview=\"message\" data-ad-preview=\"message\">\n<div class=\"\" dir=\"auto\">\n<div id=\":r9h:\" class=\"x1iorvi4 x1pi30zi x1l90r2v x1swvt13\" data-ad-comet-preview=\"message\" data-ad-preview=\"message\">\n<div>\n<div class=\"\" dir=\"auto\">\n<div id=\":r9h:\" class=\"x1iorvi4 x1pi30zi x1l90r2v x1swvt13\" data-ad-comet-preview=\"message\" data-ad-preview=\"message\">\n<div>\n<div class=\"\" dir=\"auto\">\n<div id=\":r9h:\" class=\"x1iorvi4 x1pi30zi x1l90r2v x1swvt13\" data-ad-comet-preview=\"message\" data-ad-preview=\"message\">\n<div class=\"xdj266r x11i5rnm xat24cr x1mh8g0r x1vvkbs x126k92a\">\n<div dir=\"auto\"><\/div>\n<\/div>\n<\/div>\n<\/div>\n<\/div>\n<\/div>\n<\/div>\n<\/div>\n<\/div>\n<\/div>\n<\/div>\n<\/div>\n<\/div>\n<\/div>\n<\/div>\n<\/div>\n<\/div>\n<div>\n<div class=\"\" dir=\"auto\">\n<div id=\":r9h:\" class=\"x1iorvi4 x1pi30zi x1l90r2v x1swvt13\" data-ad-comet-preview=\"message\" data-ad-preview=\"message\">\n<div class=\"\" dir=\"auto\">\n<div id=\":r9h:\" class=\"x1iorvi4 x1pi30zi x1l90r2v x1swvt13\" data-ad-comet-preview=\"message\" data-ad-preview=\"message\">\n<div class=\"\" dir=\"auto\">\n<div id=\":r9h:\" class=\"x1iorvi4 x1pi30zi x1l90r2v x1swvt13\" data-ad-comet-preview=\"message\" data-ad-preview=\"message\">\n<div class=\"\" dir=\"auto\">\n<div id=\":r9h:\" class=\"x1iorvi4 x1pi30zi x1l90r2v x1swvt13\" data-ad-comet-preview=\"message\" data-ad-preview=\"message\">\n<div>\n<div class=\"\" dir=\"auto\">\n<div id=\":r9h:\" class=\"x1iorvi4 x1pi30zi x1l90r2v x1swvt13\" data-ad-comet-preview=\"message\" data-ad-preview=\"message\">\n<div>\n<div class=\"\" dir=\"auto\">\n<div id=\":r9h:\" class=\"x1iorvi4 x1pi30zi x1l90r2v x1swvt13\" data-ad-comet-preview=\"message\" data-ad-preview=\"message\">\n<div class=\"xdj266r x11i5rnm xat24cr x1mh8g0r x1vvkbs x126k92a\">\n<div dir=\"auto\"><\/div>\n<\/div>\n<div>\n<div class=\"\" dir=\"auto\">\n<div id=\":r9h:\" class=\"x1iorvi4 x1pi30zi x1l90r2v x1swvt13\" data-ad-comet-preview=\"message\" data-ad-preview=\"message\">\n<div>\n<div class=\"\" dir=\"auto\">\n<div id=\":r9h:\" class=\"x1iorvi4 x1pi30zi x1l90r2v x1swvt13\" data-ad-comet-preview=\"message\" data-ad-preview=\"message\">\n<p>&nbsp;<\/p>\n<hr \/>\n<p>&nbsp;<\/p>\n<\/div>\n<\/div>\n<\/div>\n<\/div>\n<\/div>\n<\/div>\n<\/div>\n<\/div>\n<\/div>\n<\/div>\n<\/div>\n<\/div>\n<\/div>\n<\/div>\n<\/div>\n<\/div>\n<\/div>\n<\/div>\n<\/div>\n<\/div>\n<\/div>\n<p class=\"mceTemp\"><a class=\"dt-pswp-item\" href=\"https:\/\/www.radiopiu.net\/wordpress\/wp-content\/uploads\/2018\/09\/WhatsApp-Image-2018-09-20-at-16.04.06.jpeg\" data-dt-img-description=\"\" data-large_image_width=\"800\" data-large_image_height=\"100\"><img loading=\"lazy\" decoding=\"async\" class=\"wp-image-61378 size-full aligncenter\" src=\"https:\/\/www.radiopiu.net\/wordpress\/wp-content\/uploads\/2018\/09\/WhatsApp-Image-2018-09-20-at-16.04.06.jpeg\" alt=\"\" width=\"800\" height=\"100\" srcset=\"https:\/\/www.radiopiu.net\/wordpress\/wp-content\/uploads\/2018\/09\/WhatsApp-Image-2018-09-20-at-16.04.06.jpeg 800w, https:\/\/www.radiopiu.net\/wordpress\/wp-content\/uploads\/2018\/09\/WhatsApp-Image-2018-09-20-at-16.04.06-300x38.jpeg 300w, https:\/\/www.radiopiu.net\/wordpress\/wp-content\/uploads\/2018\/09\/WhatsApp-Image-2018-09-20-at-16.04.06-768x96.jpeg 768w\" sizes=\"auto, (max-width: 800px) 100vw, 800px\" \/><\/a><\/p>\n<p><center><\/center><center><\/center>&nbsp;<\/p>\n<p><center><b>OGGI<\/b><\/center><b>Tempo atteso: <\/b>In prevalenza soleggiato con transito di sottili velature dal pomeriggio e modesti cumuli nelle ore pi\u00f9 calde, ad iniziare dalle cime e lungo i pendii dei rilievi specie di quelli dolomitici con scarsi e brevi fenomeni perlopi\u00f9 locali o al pi\u00f9 sparsi. Rasserenamenti serali.<br \/>\n<b>Precipitazioni: <\/b>Al mattino assenti (0%). Nel pomeriggio non escluso qualche piovasco specie sulle Dolomiti settentrionali(20-30%), eventualmente nevoso oltre i 2800-3000 m.<br \/>\n<b>Temperature: <\/b>In ulteriore lieve rialzo, specie le minime e in alta montagna<\/p>\n<hr \/>\n<p><center><b>DOMANI<\/b><\/center><b>Tempo atteso: <\/b>Al mattino in genere sereno o poco nuvoloso per il transito di sottili nubi alte e per qualche modesto e innocuo addensamento specie in prossimit\u00e0 delle cime o lungo qualche pendio; dalle ore centrali, lieve attivit\u00e0 cumuliforme con annuvolamenti irregolari a sviluppo cumuliforme ma con fenomeni scarsi o del tutto assenti; rasserenamenti serali.<br \/>\n<b>Precipitazioni: <\/b>Al mattino assenti (0%); nel pomeriggio non del tutto esclusi occasionali piovaschi (10\/20%), eventualmente nevosi oltre i 3000 m.<br \/>\n<b>Temperature: <\/b>In ulteriore lieve rialzo, specie le massime<\/p>\n<hr \/>\n<p><center><b>VENERDI<\/b><\/center>Cielo in genere sereno al mattino con qualche annuvolamento specie nelle ore calde a partire dalle cime dei rilievi dolomitici. Tuttavia, alla sera la nuvolosit\u00e0 non si allontaner\u00e0 del tutto e insister\u00e0 anche nel corso della notte senza fenomeni. Temperature in ulteriore aumento specie le massime su valori ben superiori alle medie del periodo con clima diurno di inizio estate.<\/p>\n<hr \/>\n<p><center><\/center><center><b>SABATO<\/b><\/center>Tempo variabile a tratti instabile; al mattino cielo irregolarmente nuvoloso con qualche schiarita con possibili precipitazioni sparse anche a carattere di rovescio o di temporale a partire dalle ore centrali e pi\u00f9 probabili sulle Dolomiti. Temperature minime in aumento, massime stazionarie o in leggera diminuzione.<\/p>\n<p>&nbsp;<\/p>\n<hr \/>\n<p>&nbsp;<\/p>\n<p class=\"mceTemp\"><a class=\"dt-pswp-item\" href=\"https:\/\/www.radiopiu.net\/wordpress\/wp-content\/uploads\/2018\/09\/sport.jpg\" data-dt-img-description=\"\" data-large_image_width=\"800\" data-large_image_height=\"100\"><img loading=\"lazy\" decoding=\"async\" class=\"aligncenter wp-image-60761 size-full\" src=\"https:\/\/www.radiopiu.net\/wordpress\/wp-content\/uploads\/2018\/09\/sport.jpg\" alt=\"\" width=\"800\" height=\"100\" srcset=\"https:\/\/www.radiopiu.net\/wordpress\/wp-content\/uploads\/2018\/09\/sport.jpg 800w, https:\/\/www.radiopiu.net\/wordpress\/wp-content\/uploads\/2018\/09\/sport-300x38.jpg 300w, https:\/\/www.radiopiu.net\/wordpress\/wp-content\/uploads\/2018\/09\/sport-768x96.jpg 768w\" sizes=\"auto, (max-width: 800px) 100vw, 800px\" \/> <\/a><\/p>\n<p class=\"mceTemp\"><span style=\"color: #0000ff;\"><strong>\u00a0 \u00a0 \u00a0 \u00a0 \u00a0 \u00a0<\/strong><\/span><\/p>\n<p><span style=\"color: #0000ff;\"><strong>PATTINAGGIO<br \/>\n<\/strong><\/span><\/p>\n<blockquote>\n<h2>LE ICE ANGELS DI FELTRE: CONQUISTATA LA FINALE NAZIONALE<\/h2>\n<\/blockquote>\n<p class=\"\" data-start=\"157\" data-end=\"453\"><strong>FELTRE<\/strong> \u2013 Un risultato straordinario per la squadra Ice Angels di Feltre, che ha conquistato la finale nazionale Bronze svoltasi a Brunico dal 25 al 27 aprile. Le atlete hanno gareggiato nelle due specialit\u00e0 del pattinaggio artistico su ghiaccio, portando in alto i colori della citt\u00e0. Protagoniste nella categoria Figura, sei giovani promesse: Amelie, Arianna, Beatrice, Emma, Erica e Veronica. In pista anche la squadra Sincro Ice Dream, composta da ben nove atlete: Alice, Ambra, Arianna, Giada, Giulia, Laura, Silvia, Sofia e Vanessa. Un risultato che rappresenta una grande vittoria per le ragazze, per gli allenatori e per le famiglie che le sostengono ogni giorno. Il ringraziamento va all\u2019impegno quotidiano delle atlete e alla professionalit\u00e0 degli allenatori che le guidano con passione. Ora un meritato momento di pausa\u2026 ma gi\u00e0 con lo sguardo rivolto alla prossima stagione!<\/p>\n\n\t\t\t<style type='text\/css'>\n\t\t\t\t#gallery-2 {\n\t\t\t\t\tmargin: auto;\n\t\t\t\t}\n\t\t\t\t#gallery-2 .gallery-item {\n\t\t\t\t\tfloat: left;\n\t\t\t\t\tmargin-top: 10px;\n\t\t\t\t\ttext-align: center;\n\t\t\t\t\twidth: 33%;\n\t\t\t\t}\n\t\t\t\t#gallery-2 img {\n\t\t\t\t\tborder: 2px solid #cfcfcf;\n\t\t\t\t}\n\t\t\t\t#gallery-2 .gallery-caption {\n\t\t\t\t\tmargin-left: 0;\n\t\t\t\t}\n\t\t\t\t\/* see gallery_shortcode() in wp-includes\/media.php *\/\n\t\t\t<\/style>\n\t\t<div id='gallery-2' class='dt-gallery-container gallery galleryid-447191 gallery-columns-3 gallery-size-medium'><dl class='gallery-item'>\n\t\t\t\t<dt class='gallery-icon portrait'>\n\t\t\t\t\t<a class=\"rollover rollover-zoom dt-pswp-item\" title=\"494575767_9612075578878474_2224416930721720895_n\" data-dt-img-description=\"\" data-large_image_width=\"720\" data-large_image_height=\"960\"href='https:\/\/www.radiopiu.net\/wordpress\/wp-content\/uploads\/2025\/04\/494575767_9612075578878474_2224416930721720895_n.jpg'><img loading=\"lazy\" decoding=\"async\" width=\"225\" height=\"300\" src=\"https:\/\/www.radiopiu.net\/wordpress\/wp-content\/uploads\/2025\/04\/494575767_9612075578878474_2224416930721720895_n-225x300.jpg\" class=\"attachment-medium size-medium\" alt=\"\" srcset=\"https:\/\/www.radiopiu.net\/wordpress\/wp-content\/uploads\/2025\/04\/494575767_9612075578878474_2224416930721720895_n-225x300.jpg 225w, https:\/\/www.radiopiu.net\/wordpress\/wp-content\/uploads\/2025\/04\/494575767_9612075578878474_2224416930721720895_n.jpg 720w\" sizes=\"auto, (max-width: 225px) 100vw, 225px\" \/><\/a>\n\t\t\t\t<\/dt><\/dl><dl class='gallery-item'>\n\t\t\t\t<dt class='gallery-icon portrait'>\n\t\t\t\t\t<a class=\"rollover rollover-zoom dt-pswp-item\" title=\"494574942_2061242554366724_6114749129831028847_n\" data-dt-img-description=\"\" data-large_image_width=\"720\" data-large_image_height=\"960\"href='https:\/\/www.radiopiu.net\/wordpress\/wp-content\/uploads\/2025\/04\/494574942_2061242554366724_6114749129831028847_n.jpg'><img loading=\"lazy\" decoding=\"async\" width=\"225\" height=\"300\" src=\"https:\/\/www.radiopiu.net\/wordpress\/wp-content\/uploads\/2025\/04\/494574942_2061242554366724_6114749129831028847_n-225x300.jpg\" class=\"attachment-medium size-medium\" alt=\"\" srcset=\"https:\/\/www.radiopiu.net\/wordpress\/wp-content\/uploads\/2025\/04\/494574942_2061242554366724_6114749129831028847_n-225x300.jpg 225w, https:\/\/www.radiopiu.net\/wordpress\/wp-content\/uploads\/2025\/04\/494574942_2061242554366724_6114749129831028847_n.jpg 720w\" sizes=\"auto, (max-width: 225px) 100vw, 225px\" \/><\/a>\n\t\t\t\t<\/dt><\/dl><dl class='gallery-item'>\n\t\t\t\t<dt class='gallery-icon portrait'>\n\t\t\t\t\t<a class=\"rollover rollover-zoom dt-pswp-item\" title=\"494574939_1321447065597824_5732783519968858276_n\" data-dt-img-description=\"\" data-large_image_width=\"720\" data-large_image_height=\"960\"href='https:\/\/www.radiopiu.net\/wordpress\/wp-content\/uploads\/2025\/04\/494574939_1321447065597824_5732783519968858276_n.jpg'><img loading=\"lazy\" decoding=\"async\" width=\"225\" height=\"300\" src=\"https:\/\/www.radiopiu.net\/wordpress\/wp-content\/uploads\/2025\/04\/494574939_1321447065597824_5732783519968858276_n-225x300.jpg\" class=\"attachment-medium size-medium\" alt=\"\" srcset=\"https:\/\/www.radiopiu.net\/wordpress\/wp-content\/uploads\/2025\/04\/494574939_1321447065597824_5732783519968858276_n-225x300.jpg 225w, https:\/\/www.radiopiu.net\/wordpress\/wp-content\/uploads\/2025\/04\/494574939_1321447065597824_5732783519968858276_n.jpg 720w\" sizes=\"auto, (max-width: 225px) 100vw, 225px\" \/><\/a>\n\t\t\t\t<\/dt><\/dl><br style=\"clear: both\" \/>\n\t\t\t<\/div>\n\n<p>&nbsp;<\/p>\n<p>&nbsp;<\/p>\n<p>&nbsp;<\/p>\n","protected":false},"excerpt":{"rendered":"<p>&nbsp; LA\u00a0 APP PER IOS-IPHONE di Nicola Vettorello https:\/\/apps.apple.com\/it\/app\/radio-pi%C3%B9-emittente-agordina\/id1515939845 LA\u00a0 APP RADIO\u00a0 PER ANDROID di Nicola Vettorello https:\/\/play.google.com\/store\/apps\/details?id=net.radiopiu.iniko\u00a0\u00a0\u00a0\u00a0 &nbsp; OGGI SU RADIOPI\u00d9: MUSICA, informazione\u00a0 e dirette\u00a0 ALLE 8.25 dopo la storica rassegna stampa locale di mirko mezzacasa, l programma PIU&#8217; Siamo\u00a0ALLE 9.00 IL LIBRO DI LIANA CAVALET, LIBER IL MERCOLEDI ALLE NOVE DEL MATTINO \u00a010.10\u00a0&hellip;<\/p>\n","protected":false},"author":4,"featured_media":447308,"comment_status":"closed","ping_status":"closed","sticky":false,"template":"","format":"standard","meta":{"_monsterinsights_skip_tracking":false,"_monsterinsights_sitenote_active":false,"_monsterinsights_sitenote_note":"","_monsterinsights_sitenote_category":0,"footnotes":""},"categories":[51,86,49],"tags":[],"class_list":["post-447191","post","type-post","status-publish","format-standard","has-post-thumbnail","hentry","category-evidenza-top","category-gr","category-news-18","category-51","category-86","category-49","description-off"],"img_url":"https:\/\/www.radiopiu.net\/wordpress\/wp-content\/uploads\/2025\/04\/Immagine-2025-04-30-050633.jpg","_links":{"self":[{"href":"https:\/\/www.radiopiu.net\/wordpress\/wp-json\/wp\/v2\/posts\/447191","targetHints":{"allow":["GET"]}}],"collection":[{"href":"https:\/\/www.radiopiu.net\/wordpress\/wp-json\/wp\/v2\/posts"}],"about":[{"href":"https:\/\/www.radiopiu.net\/wordpress\/wp-json\/wp\/v2\/types\/post"}],"author":[{"embeddable":true,"href":"https:\/\/www.radiopiu.net\/wordpress\/wp-json\/wp\/v2\/users\/4"}],"replies":[{"embeddable":true,"href":"https:\/\/www.radiopiu.net\/wordpress\/wp-json\/wp\/v2\/comments?post=447191"}],"version-history":[{"count":28,"href":"https:\/\/www.radiopiu.net\/wordpress\/wp-json\/wp\/v2\/posts\/447191\/revisions"}],"predecessor-version":[{"id":447343,"href":"https:\/\/www.radiopiu.net\/wordpress\/wp-json\/wp\/v2\/posts\/447191\/revisions\/447343"}],"wp:featuredmedia":[{"embeddable":true,"href":"https:\/\/www.radiopiu.net\/wordpress\/wp-json\/wp\/v2\/media\/447308"}],"wp:attachment":[{"href":"https:\/\/www.radiopiu.net\/wordpress\/wp-json\/wp\/v2\/media?parent=447191"}],"wp:term":[{"taxonomy":"category","embeddable":true,"href":"https:\/\/www.radiopiu.net\/wordpress\/wp-json\/wp\/v2\/categories?post=447191"},{"taxonomy":"post_tag","embeddable":true,"href":"https:\/\/www.radiopiu.net\/wordpress\/wp-json\/wp\/v2\/tags?post=447191"}],"curies":[{"name":"wp","href":"https:\/\/api.w.org\/{rel}","templated":true}]}}