{"id":447209,"date":"2025-04-29T10:46:00","date_gmt":"2025-04-29T08:46:00","guid":{"rendered":"https:\/\/www.radiopiu.net\/wordpress\/?p=447209"},"modified":"2025-04-29T10:46:00","modified_gmt":"2025-04-29T08:46:00","slug":"primo-maggio-2025-cgil-cisl-e-uil-uniti-per-un-lavoro-sicuro","status":"publish","type":"post","link":"https:\/\/www.radiopiu.net\/wordpress\/primo-maggio-2025-cgil-cisl-e-uil-uniti-per-un-lavoro-sicuro\/","title":{"rendered":"PRIMO MAGGIO 2025: CGIL, CISL E UIL \u201cUNITI PER UN LAVORO SICURO\u201d"},"content":{"rendered":"<p>**<\/p>\n<blockquote><p><em>Incontro a Villa Pat di Sedico con i sindaci, i sindacati e gli esperti per discutere di salute e sicurezza sul lavoro<\/em><\/p><\/blockquote>\n<p><strong><a class=\"dt-pswp-item\" href=\"https:\/\/www.radiopiu.net\/wordpress\/wp-content\/uploads\/2025\/04\/1maggioBELLUNO.jpg\" data-dt-img-description=\"\" data-large_image_width=\"595\" data-large_image_height=\"841\"><img loading=\"lazy\" decoding=\"async\" class=\"size-medium wp-image-447210 alignleft\" src=\"https:\/\/www.radiopiu.net\/wordpress\/wp-content\/uploads\/2025\/04\/1maggioBELLUNO-212x300.jpg\" alt=\"\" width=\"212\" height=\"300\" srcset=\"https:\/\/www.radiopiu.net\/wordpress\/wp-content\/uploads\/2025\/04\/1maggioBELLUNO-212x300.jpg 212w, https:\/\/www.radiopiu.net\/wordpress\/wp-content\/uploads\/2025\/04\/1maggioBELLUNO.jpg 595w\" sizes=\"auto, (max-width: 212px) 100vw, 212px\" \/><\/a>SEDICO<\/strong><\/p>\n<p class=\"\" data-start=\"193\" data-end=\"594\">Il Primo Maggio 2025, Festa dei Lavoratori e delle Lavoratrici, Cgil, Cisl e Uil di Belluno si uniscono per lanciare un messaggio forte e chiaro: il lavoro deve essere sicuro, dignitoso e rispettoso della vita di chi lo svolge. Quest\u2019anno, la giornata \u00e8 dedicata al tema della salute e sicurezza nei luoghi di lavoro, con lo slogan scelto dalle tre sigle sindacali: <em data-start=\"563\" data-end=\"593\">\u201cUniti per un lavoro sicuro\u201d<\/em>. A Belluno, l\u2019appuntamento \u00e8 fissato dalle 17.00 alle 19.00 a Villa Pat a Sedico, dove si terr\u00e0 una tavola rotonda a cui parteciperanno i segretari generali di Cgil, Cisl e Uil, rispettivamente Denise Casanova, Francesco Orr\u00f9 e Sonia Bridda. Con loro, il sindaco di Sedico Christian Roldo, il sociologo Diego Cason e il formatore Giovanni Simioni, che discuteranno insieme delle problematiche legate alla sicurezza sul lavoro. L\u2019occasione non potrebbe essere pi\u00f9 urgente, considerando i dati drammatici degli infortuni sul lavoro: nel 2024 in provincia di Belluno sono stati denunciati 2.965 infortuni, con un incremento di 361 casi rispetto all\u2019anno precedente, e 4 incidenti mortali. \u201c<em data-start=\"1323\" data-end=\"1351\">Uniti per un lavoro sicuro<\/em> non \u00e8 solo uno slogan, ma una necessit\u00e0 che si rinnova ogni giorno, come dimostrano i numeri inaccettabili di incidenti e morti sul lavoro&#8221;, affermano Casanova, Orr\u00f9 e Bridda. <em data-start=\"1528\" data-end=\"1775\">&#8220;Ogni vita spezzata sul posto di lavoro \u00e8 una sconfitta per l\u2019intero sistema sociale e produttivo. Non esistono fatalit\u00e0: dietro ogni incidente ci sono spesso mancati controlli, mancanza di formazione, pressioni produttive e appalti al ribasso.\u201d <\/em>Cgil, Cisl e Uil chiedono investimenti strutturali nella prevenzione, nella formazione continua e nel rafforzamento dei controlli. Sottolineano l\u2019importanza di un maggiore impegno delle imprese e degli enti pubblici, e di un intervento concreto da parte del governo per fare della sicurezza un valore imprescindibile in ogni settore. Inoltre, chiedono politiche attive per il lavoro stabile e inclusivo, poich\u00e9 precariet\u00e0 e insicurezza vanno spesso di pari passo. \u00a0Cgil, Cisl e Uil invitano tutti a celebrare questa giornata con la forza dell\u2019unit\u00e0, la determinazione della solidariet\u00e0 e la speranza di un mondo del lavoro pi\u00f9 giusto, equo e sicuro.<\/p>\n","protected":false},"excerpt":{"rendered":"<p>** Incontro a Villa Pat di Sedico con i sindaci, i sindacati e gli esperti per discutere di salute e sicurezza sul lavoro SEDICO Il Primo Maggio 2025, Festa dei Lavoratori e delle Lavoratrici, Cgil, Cisl e Uil di Belluno si uniscono per lanciare un messaggio forte e chiaro: il lavoro deve essere sicuro, dignitoso&hellip;<\/p>\n","protected":false},"author":4,"featured_media":447211,"comment_status":"closed","ping_status":"closed","sticky":false,"template":"","format":"standard","meta":{"_monsterinsights_skip_tracking":false,"_monsterinsights_sitenote_active":false,"_monsterinsights_sitenote_note":"","_monsterinsights_sitenote_category":0,"footnotes":""},"categories":[49],"tags":[],"class_list":["post-447209","post","type-post","status-publish","format-standard","has-post-thumbnail","hentry","category-news-18","category-49","description-off"],"img_url":"https:\/\/www.radiopiu.net\/wordpress\/wp-content\/uploads\/2025\/04\/Immagine-2025-04-29-104542.jpg","_links":{"self":[{"href":"https:\/\/www.radiopiu.net\/wordpress\/wp-json\/wp\/v2\/posts\/447209","targetHints":{"allow":["GET"]}}],"collection":[{"href":"https:\/\/www.radiopiu.net\/wordpress\/wp-json\/wp\/v2\/posts"}],"about":[{"href":"https:\/\/www.radiopiu.net\/wordpress\/wp-json\/wp\/v2\/types\/post"}],"author":[{"embeddable":true,"href":"https:\/\/www.radiopiu.net\/wordpress\/wp-json\/wp\/v2\/users\/4"}],"replies":[{"embeddable":true,"href":"https:\/\/www.radiopiu.net\/wordpress\/wp-json\/wp\/v2\/comments?post=447209"}],"version-history":[{"count":1,"href":"https:\/\/www.radiopiu.net\/wordpress\/wp-json\/wp\/v2\/posts\/447209\/revisions"}],"predecessor-version":[{"id":447212,"href":"https:\/\/www.radiopiu.net\/wordpress\/wp-json\/wp\/v2\/posts\/447209\/revisions\/447212"}],"wp:featuredmedia":[{"embeddable":true,"href":"https:\/\/www.radiopiu.net\/wordpress\/wp-json\/wp\/v2\/media\/447211"}],"wp:attachment":[{"href":"https:\/\/www.radiopiu.net\/wordpress\/wp-json\/wp\/v2\/media?parent=447209"}],"wp:term":[{"taxonomy":"category","embeddable":true,"href":"https:\/\/www.radiopiu.net\/wordpress\/wp-json\/wp\/v2\/categories?post=447209"},{"taxonomy":"post_tag","embeddable":true,"href":"https:\/\/www.radiopiu.net\/wordpress\/wp-json\/wp\/v2\/tags?post=447209"}],"curies":[{"name":"wp","href":"https:\/\/api.w.org\/{rel}","templated":true}]}}