{"id":447213,"date":"2025-04-30T05:27:41","date_gmt":"2025-04-30T03:27:41","guid":{"rendered":"https:\/\/www.radiopiu.net\/wordpress\/?p=447213"},"modified":"2025-04-30T05:30:09","modified_gmt":"2025-04-30T03:30:09","slug":"escursionista-ferito-boscaiolo-colpito-da-una-pianta","status":"publish","type":"post","link":"https:\/\/www.radiopiu.net\/wordpress\/escursionista-ferito-boscaiolo-colpito-da-una-pianta\/","title":{"rendered":"ESCURSIONISTA FERITO &#8211;  BOSCAIOLO COLPITO DA UNA PIANTA"},"content":{"rendered":"<p>**<\/p>\n<div class=\"flex shrink basis-auto flex-col overflow-hidden -mb-(--composer-overlap-px) [--composer-overlap-px:24px] grow\">\n<div class=\"relative h-full\">\n<div class=\"flex h-full flex-col overflow-y-auto [scrollbar-gutter:stable] @[84rem]\/thread:pt-(--header-height)\">\n<div class=\"@thread-xl\/thread:pt-header-height mt-1.5 flex flex-col text-sm pb-25\">\n<article class=\"text-token-text-primary w-full\" dir=\"auto\" data-testid=\"conversation-turn-12\" data-scroll-anchor=\"true\">\n<div class=\"text-base my-auto mx-auto py-5 [--thread-content-margin:--spacing(4)] @[37rem]:[--thread-content-margin:--spacing(6)] @[70rem]:[--thread-content-margin:--spacing(12)] px-(--thread-content-margin)\">\n<div class=\"[--thread-content-max-width:32rem] @[34rem]:[--thread-content-max-width:40rem] @[64rem]:[--thread-content-max-width:48rem] mx-auto flex max-w-(--thread-content-max-width) flex-1 text-base gap-4 md:gap-5 lg:gap-6 group\/turn-messages focus-visible:outline-hidden\" tabindex=\"-1\">\n<div class=\"group\/conversation-turn relative flex w-full min-w-0 flex-col agent-turn\">\n<div class=\"relative flex-col gap-1 md:gap-3\">\n<div class=\"flex max-w-full flex-col grow\">\n<div class=\"min-h-8 text-message relative flex w-full flex-col items-end gap-2 text-start break-words whitespace-normal [.text-message+&amp;]:mt-5\" dir=\"auto\" data-message-author-role=\"assistant\" data-message-id=\"3b7f4a17-c731-45d6-8cdf-195aad4ac596\" data-message-model-slug=\"gpt-4o\">\n<div class=\"flex w-full flex-col gap-1 empty:hidden first:pt-[3px]\">\n<div class=\"markdown prose dark:prose-invert w-full break-words dark\">\n<p class=\"\" data-start=\"211\" data-end=\"356\"><strong data-start=\"211\" data-end=\"238\"><img loading=\"lazy\" decoding=\"async\" class=\"alignleft\" src=\"https:\/\/www.radiopiu.net\/wordpress\/wp-content\/uploads\/2024\/12\/DSC00443-Modifica-1-scaled.jpg\" width=\"195\" height=\"130\" \/>BELLUNO, 29 APRILE 2025<\/strong>\u00a0 Il primo allarme \u00e8 scattato attorno alle 7.40 nella zona del Rifugio Chiggiato, nel comune di <strong data-start=\"460\" data-end=\"481\">Calalzo di Cadore<\/strong>, dove un <strong data-start=\"491\" data-end=\"522\">34enne di Cortina d\u2019Ampezzo<\/strong> \u00e8 scivolato su un pendio, riportando una\u00a0 frattura alla caviglia. Raggiunto da una squadra del Soccorso alpino di Pieve di Cadore, l\u2019uomo \u00e8 stato immobilizzato, imbarellato e trasportato in un punto adatto al recupero da parte dell\u2019elicottero del Suem, che lo ha trasferito all\u2019ospedale di Belluno.<\/p>\n<p class=\"\" data-start=\"843\" data-end=\"1375\">Poco dopo, alle 8.45, \u00e8 giunta una seconda richiesta di intervento a <strong>Passo Monte Croce Comelico<\/strong>, dove un 32enne boscaiolo sloveno, impegnato nei lavori boschivi con una ditta, \u00e8 stato colpito da una pianta. Il ferito (codice 2 media gravit\u00e0), che si trovava a circa un chilometro dalla strada statale, \u00e8 stato raggiunto dal Soccorso alpino della Val Comelico e da uomini della Guardia di Finanza. Le prime cure hanno evidenziato un probabile politrauma. Anche in questo caso l\u2019uomo \u00e8 stato elitrasportato all\u2019ospedale di Belluno.<\/p>\n<p data-start=\"843\" data-end=\"1375\">\n<\/div>\n<\/div>\n<\/div>\n<\/div>\n<\/div>\n<\/div>\n<\/div>\n<\/div>\n<\/article>\n<\/div>\n<\/div>\n<\/div>\n<\/div>\n<hr \/>\n<div class=\"flex shrink basis-auto flex-col overflow-hidden -mb-(--composer-overlap-px) [--composer-overlap-px:24px] grow\">\n<div class=\"relative h-full\">\n<div class=\"flex h-full flex-col overflow-y-auto [scrollbar-gutter:stable] @[84rem]\/thread:pt-(--header-height)\">\n<div class=\"@thread-xl\/thread:pt-header-height mt-1.5 flex flex-col text-sm pb-25\">\n<article class=\"text-token-text-primary w-full\" dir=\"auto\" data-testid=\"conversation-turn-12\" data-scroll-anchor=\"true\">\n<div class=\"text-base my-auto mx-auto py-5 [--thread-content-margin:--spacing(4)] @[37rem]:[--thread-content-margin:--spacing(6)] @[70rem]:[--thread-content-margin:--spacing(12)] px-(--thread-content-margin)\">\n<div class=\"[--thread-content-max-width:32rem] @[34rem]:[--thread-content-max-width:40rem] @[64rem]:[--thread-content-max-width:48rem] mx-auto flex max-w-(--thread-content-max-width) flex-1 text-base gap-4 md:gap-5 lg:gap-6 group\/turn-messages focus-visible:outline-hidden\" tabindex=\"-1\">\n<div class=\"group\/conversation-turn relative flex w-full min-w-0 flex-col agent-turn\">\n<div class=\"absolute\">\n<div class=\"flex items-center justify-center\"><\/div>\n<\/div>\n<\/div>\n<\/div>\n<\/div>\n<\/article>\n<div class=\"pointer-events-none h-px w-px\" aria-hidden=\"true\" data-edge=\"true\"><\/div>\n<\/div>\n<\/div>\n<\/div>\n<\/div>\n<div id=\"thread-bottom-container\" class=\"isolate z-3 w-full basis-auto has-data-has-thread-error:pt-2 has-data-has-thread-error:[box-shadow:var(--sharp-edge-bottom-shadow)] md:border-transparent md:pt-0 dark:border-white\/20 md:dark:border-transparent flex flex-col\">\n<div id=\"thread-bottom\">\n<div class=\"text-base mx-auto [--thread-content-margin:--spacing(4)] @[37rem]:[--thread-content-margin:--spacing(6)] @[70rem]:[--thread-content-margin:--spacing(12)] px-(--thread-content-margin)\">\n<div class=\"[--thread-content-max-width:32rem] @[34rem]:[--thread-content-max-width:40rem] @[64rem]:[--thread-content-max-width:48rem] mx-auto flex max-w-(--thread-content-max-width) flex-1 text-base gap-4 md:gap-5 lg:gap-6\">\n<div class=\"relative z-1 flex max-w-full flex-1 flex-col h-full max-xs:[--force-hide-label:none]\" aria-haspopup=\"dialog\" aria-expanded=\"false\" aria-controls=\"radix-\u00abR1i9ckukkth95j5\u00bb\" data-state=\"closed\">\n<form class=\"w-full [view-transition-name:var(--vt-composer)]\" data-type=\"unified-composer\">\n<div class=\"border-token-border-default flex w-full cursor-text flex-col items-center justify-center rounded-[28px] border bg-clip-padding contain-inline-size overflow-clip shadow-sm sm:shadow-lg dark:shadow-none! bg-token-main-surface-primary dark:bg-[#303030]\">\n<div class=\"relative flex w-full items-end px-3 py-3\">\n<div class=\"bg-primary-surface-primary absolute start-[17px] end-0 bottom-[9px] z-2 flex items-center\">\n<div class=\"w-full\">\n<div class=\"absolute end-3 bottom-0 flex items-center gap-2\" data-testid=\"composer-trailing-actions\">\n<div class=\"ms-auto flex items-center gap-1.5\">\n<div class=\"min-w-9\" data-testid=\"composer-speech-button-container\">\n<div class=\"flex items-center justify-center\"><\/div>\n<\/div>\n<\/div>\n<\/div>\n<\/div>\n<\/div>\n<div class=\"absolute start-4 top-3 ms-[1px] flex items-center pb-px\"><\/div>\n<\/div>\n<\/div>\n<\/form>\n<\/div>\n<\/div>\n<\/div>\n<\/div>\n<\/div>\n","protected":false},"excerpt":{"rendered":"<p>** BELLUNO, 29 APRILE 2025\u00a0 Il primo allarme \u00e8 scattato attorno alle 7.40 nella zona del Rifugio Chiggiato, nel comune di Calalzo di Cadore, dove un 34enne di Cortina d\u2019Ampezzo \u00e8 scivolato su un pendio, riportando una\u00a0 frattura alla caviglia. Raggiunto da una squadra del Soccorso alpino di Pieve di Cadore, l\u2019uomo \u00e8 stato immobilizzato,&hellip;<\/p>\n","protected":false},"author":4,"featured_media":424548,"comment_status":"closed","ping_status":"closed","sticky":false,"template":"","format":"standard","meta":{"_monsterinsights_skip_tracking":false,"_monsterinsights_sitenote_active":false,"_monsterinsights_sitenote_note":"","_monsterinsights_sitenote_category":0,"footnotes":""},"categories":[104,49],"tags":[],"class_list":["post-447213","post","type-post","status-publish","format-standard","has-post-thumbnail","hentry","category-evidenza_3","category-news-18","category-104","category-49","description-off"],"img_url":"https:\/\/www.radiopiu.net\/wordpress\/wp-content\/uploads\/2024\/12\/DSC00443-Modifica-1-scaled.jpg","_links":{"self":[{"href":"https:\/\/www.radiopiu.net\/wordpress\/wp-json\/wp\/v2\/posts\/447213","targetHints":{"allow":["GET"]}}],"collection":[{"href":"https:\/\/www.radiopiu.net\/wordpress\/wp-json\/wp\/v2\/posts"}],"about":[{"href":"https:\/\/www.radiopiu.net\/wordpress\/wp-json\/wp\/v2\/types\/post"}],"author":[{"embeddable":true,"href":"https:\/\/www.radiopiu.net\/wordpress\/wp-json\/wp\/v2\/users\/4"}],"replies":[{"embeddable":true,"href":"https:\/\/www.radiopiu.net\/wordpress\/wp-json\/wp\/v2\/comments?post=447213"}],"version-history":[{"count":3,"href":"https:\/\/www.radiopiu.net\/wordpress\/wp-json\/wp\/v2\/posts\/447213\/revisions"}],"predecessor-version":[{"id":447216,"href":"https:\/\/www.radiopiu.net\/wordpress\/wp-json\/wp\/v2\/posts\/447213\/revisions\/447216"}],"wp:featuredmedia":[{"embeddable":true,"href":"https:\/\/www.radiopiu.net\/wordpress\/wp-json\/wp\/v2\/media\/424548"}],"wp:attachment":[{"href":"https:\/\/www.radiopiu.net\/wordpress\/wp-json\/wp\/v2\/media?parent=447213"}],"wp:term":[{"taxonomy":"category","embeddable":true,"href":"https:\/\/www.radiopiu.net\/wordpress\/wp-json\/wp\/v2\/categories?post=447213"},{"taxonomy":"post_tag","embeddable":true,"href":"https:\/\/www.radiopiu.net\/wordpress\/wp-json\/wp\/v2\/tags?post=447213"}],"curies":[{"name":"wp","href":"https:\/\/api.w.org\/{rel}","templated":true}]}}