{"id":447374,"date":"2025-04-30T10:17:14","date_gmt":"2025-04-30T08:17:14","guid":{"rendered":"https:\/\/www.radiopiu.net\/wordpress\/?p=447374"},"modified":"2025-04-30T10:17:14","modified_gmt":"2025-04-30T08:17:14","slug":"oltre-limana-respinge-accuse-e-allarmismi","status":"publish","type":"post","link":"https:\/\/www.radiopiu.net\/wordpress\/oltre-limana-respinge-accuse-e-allarmismi\/","title":{"rendered":"OLTRE LIMANA RESPINGE ACCUSE E ALLARMISMI"},"content":{"rendered":"<p>**<\/p>\n<blockquote>\n<p class=\"\" data-start=\"135\" data-end=\"282\"><em data-start=\"135\" data-end=\"282\">Il Sindaco Talo presenta il rendiconto 2024, ma la confusione nei numeri e gli allarmismi sollevano critiche da parte delle minoranze consiliari.<\/em><\/p>\n<\/blockquote>\n<p class=\"\" data-start=\"284\" data-end=\"701\"><strong>LIMANA<\/strong><\/p>\n<article class=\"text-token-text-primary w-full\" dir=\"auto\" data-testid=\"conversation-turn-135\" data-scroll-anchor=\"true\">\n<div class=\"text-base my-auto mx-auto py-5 [--thread-content-margin:--spacing(4)] @[37rem]:[--thread-content-margin:--spacing(6)] @[70rem]:[--thread-content-margin:--spacing(12)] px-(--thread-content-margin)\">\n<div class=\"[--thread-content-max-width:32rem] @[34rem]:[--thread-content-max-width:40rem] @[64rem]:[--thread-content-max-width:48rem] mx-auto flex max-w-(--thread-content-max-width) flex-1 text-base gap-4 md:gap-5 lg:gap-6 group\/turn-messages focus-visible:outline-hidden\" tabindex=\"-1\">\n<div class=\"group\/conversation-turn relative flex w-full min-w-0 flex-col agent-turn\">\n<div class=\"relative flex-col gap-1 md:gap-3\">\n<div class=\"flex max-w-full flex-col grow\">\n<div class=\"min-h-8 text-message relative flex w-full flex-col items-end gap-2 text-start break-words whitespace-normal [.text-message+&amp;]:mt-5\" dir=\"auto\" data-message-author-role=\"assistant\" data-message-id=\"81fcafcc-1345-44c1-a3a8-894e7cf5494a\" data-message-model-slug=\"gpt-4o-mini\">\n<div class=\"flex w-full flex-col gap-1 empty:hidden first:pt-[3px]\">\n<div class=\"markdown prose dark:prose-invert w-full break-words dark\">\n<p class=\"\" data-start=\"284\" data-end=\"701\"><img decoding=\"async\" class=\"alignleft\" src=\"https:\/\/www.radiopiu.net\/wordpress\/wp-content\/uploads\/2025\/04\/Immagine-2025-04-30-101657.jpg\" \/>Seduta vivace al Consiglio comunale di Limana, dove il Sindaco Michele Talo ha presentato il rendiconto dell\u2019esercizio 2024, definito da lui stesso come \u201cun bilancio che non mi piace\u201d. Tuttavia, \u00e8 stato il dibattito che ne \u00e8 seguito a suscitare pi\u00f9 polemiche, con le minoranze che hanno contestato le affermazioni del primo cittadino, accusato di confondere concetti tecnici e di diffondere allarmismi ingiustificati. Gi\u00e0 alcune settimane fa, il Sindaco aveva sollevato l\u2019allerta su un &#8220;rosso&#8221; di 460.000\u20ac, attribuendolo a presunti errori della precedente amministrazione De Zanet. Tuttavia, questo dato fa riferimento al conto economico, un documento tecnico che non misura il reale stato finanziario del comune, ma solo una proiezione aziendale. Come sottolineato dalla relazione del Revisore dei Conti, infatti, non emergono squilibri nelle finanze comunali, contrariamente a quanto dichiarato dal Sindaco. Oltre Limana, il gruppo di minoranza, ha rispedito al mittente le accuse. La capogruppo Milena De Zanet ha ricordato che il bilancio 2024 \u00e8 in ordine, con un avanzo di amministrazione di oltre 900.000\u20ac, contro i 753.000\u20ac dell\u2019anno precedente. Questo dato indica la solidit\u00e0 finanziaria del comune, nonostante le previsioni errate sul velox sulla SP1 e altre criticit\u00e0 che il Sindaco ha sollevato. Per esempio, il velox \u00e8 stato spento a maggio 2024, ma le previsioni di entrata non sono state corrette, nonostante l\u2019amministrazione fosse a conoscenza del problema gi\u00e0 da tempo. Inoltre, il Sindaco ha manifestato preoccupazioni per un calo delle entrate tributarie, ma, come evidenziato da Oltre Limana, i dati mostrano un gettito IMU stabile e un aumento dell\u2019IRPEF di 100.000\u20ac, con alcune entrate ancora da incassare. La gestione delle finanze da parte dell\u2019amministrazione Talo ha quindi sollevato pi\u00f9 di una perplessit\u00e0: il bilancio non solo \u00e8 solido, ma l\u2019amministrazione avrebbe potuto fare di pi\u00f9 per gestire le difficolt\u00e0, senza creare inutili allarmismi. Infine. Per Oltre Limana, il bilancio del 2024, pur non privo di difficolt\u00e0, \u00e8 un segnale positivo. Ora, per\u00f2, \u00e8 compito dell\u2019amministrazione Talo dimostrare la capacit\u00e0 di gestire con competenza il futuro finanziario del comune.<\/p>\n<p>__<\/p>\n<\/div>\n<\/div>\n<\/div>\n<\/div>\n<div class=\"flex justify-start\"><\/div>\n<div class=\"mt-3 w-full empty:hidden\">\n<div class=\"text-center\"><\/div>\n<\/div>\n<\/div>\n<div class=\"absolute\">\n<div class=\"flex items-center justify-center\"><\/div>\n<\/div>\n<\/div>\n<\/div>\n<\/div>\n<\/article>\n<div class=\"pointer-events-none h-px w-px\" aria-hidden=\"true\" data-edge=\"true\"><\/div>\n","protected":false},"excerpt":{"rendered":"<p>** Il Sindaco Talo presenta il rendiconto 2024, ma la confusione nei numeri e gli allarmismi sollevano critiche da parte delle minoranze consiliari. LIMANA Seduta vivace al Consiglio comunale di Limana, dove il Sindaco Michele Talo ha presentato il rendiconto dell\u2019esercizio 2024, definito da lui stesso come \u201cun bilancio che non mi piace\u201d. Tuttavia, \u00e8&hellip;<\/p>\n","protected":false},"author":4,"featured_media":447375,"comment_status":"closed","ping_status":"closed","sticky":false,"template":"","format":"standard","meta":{"_monsterinsights_skip_tracking":false,"_monsterinsights_sitenote_active":false,"_monsterinsights_sitenote_note":"","_monsterinsights_sitenote_category":0,"footnotes":""},"categories":[49],"tags":[],"class_list":["post-447374","post","type-post","status-publish","format-standard","has-post-thumbnail","hentry","category-news-18","category-49","description-off"],"img_url":"https:\/\/www.radiopiu.net\/wordpress\/wp-content\/uploads\/2025\/04\/Immagine-2025-04-30-101657.jpg","_links":{"self":[{"href":"https:\/\/www.radiopiu.net\/wordpress\/wp-json\/wp\/v2\/posts\/447374","targetHints":{"allow":["GET"]}}],"collection":[{"href":"https:\/\/www.radiopiu.net\/wordpress\/wp-json\/wp\/v2\/posts"}],"about":[{"href":"https:\/\/www.radiopiu.net\/wordpress\/wp-json\/wp\/v2\/types\/post"}],"author":[{"embeddable":true,"href":"https:\/\/www.radiopiu.net\/wordpress\/wp-json\/wp\/v2\/users\/4"}],"replies":[{"embeddable":true,"href":"https:\/\/www.radiopiu.net\/wordpress\/wp-json\/wp\/v2\/comments?post=447374"}],"version-history":[{"count":1,"href":"https:\/\/www.radiopiu.net\/wordpress\/wp-json\/wp\/v2\/posts\/447374\/revisions"}],"predecessor-version":[{"id":447376,"href":"https:\/\/www.radiopiu.net\/wordpress\/wp-json\/wp\/v2\/posts\/447374\/revisions\/447376"}],"wp:featuredmedia":[{"embeddable":true,"href":"https:\/\/www.radiopiu.net\/wordpress\/wp-json\/wp\/v2\/media\/447375"}],"wp:attachment":[{"href":"https:\/\/www.radiopiu.net\/wordpress\/wp-json\/wp\/v2\/media?parent=447374"}],"wp:term":[{"taxonomy":"category","embeddable":true,"href":"https:\/\/www.radiopiu.net\/wordpress\/wp-json\/wp\/v2\/categories?post=447374"},{"taxonomy":"post_tag","embeddable":true,"href":"https:\/\/www.radiopiu.net\/wordpress\/wp-json\/wp\/v2\/tags?post=447374"}],"curies":[{"name":"wp","href":"https:\/\/api.w.org\/{rel}","templated":true}]}}