{"id":447461,"date":"2025-05-01T05:12:12","date_gmt":"2025-05-01T03:12:12","guid":{"rendered":"https:\/\/www.radiopiu.net\/wordpress\/?p=447461"},"modified":"2025-05-01T05:12:31","modified_gmt":"2025-05-01T03:12:31","slug":"essilorluxottica-valuta-la-produzione-negli-usa-ma-niente-fretta","status":"publish","type":"post","link":"https:\/\/www.radiopiu.net\/wordpress\/essilorluxottica-valuta-la-produzione-negli-usa-ma-niente-fretta\/","title":{"rendered":"EssilorLuxottica valuta la produzione negli USA, ma niente fretta"},"content":{"rendered":"<p>**<\/p>\n<p>&nbsp;<\/p>\n<div class=\"flex shrink basis-auto flex-col overflow-hidden -mb-(--composer-overlap-px) [--composer-overlap-px:24px] grow\">\n<div class=\"relative h-full\">\n<div class=\"flex h-full flex-col overflow-y-auto [scrollbar-gutter:stable] @[84rem]\/thread:pt-(--header-height)\">\n<div class=\"@thread-xl\/thread:pt-header-height mt-1.5 flex flex-col text-sm pb-25\">\n<article class=\"text-token-text-primary w-full\" dir=\"auto\" data-testid=\"conversation-turn-36\" data-scroll-anchor=\"true\">\n<div class=\"text-base my-auto mx-auto py-5 [--thread-content-margin:--spacing(4)] @[37rem]:[--thread-content-margin:--spacing(6)] @[70rem]:[--thread-content-margin:--spacing(12)] px-(--thread-content-margin)\">\n<div class=\"[--thread-content-max-width:32rem] @[34rem]:[--thread-content-max-width:40rem] @[64rem]:[--thread-content-max-width:48rem] mx-auto flex max-w-(--thread-content-max-width) flex-1 text-base gap-4 md:gap-5 lg:gap-6 group\/turn-messages focus-visible:outline-hidden\" tabindex=\"-1\">\n<div class=\"group\/conversation-turn relative flex w-full min-w-0 flex-col agent-turn\">\n<div class=\"relative flex-col gap-1 md:gap-3\">\n<div class=\"flex max-w-full flex-col grow\">\n<div class=\"min-h-8 text-message relative flex w-full flex-col items-end gap-2 text-start break-words whitespace-normal [.text-message+&amp;]:mt-5\" dir=\"auto\" data-message-author-role=\"assistant\" data-message-id=\"6b26c38d-f5d8-4124-b2e7-4c267b85ad65\" data-message-model-slug=\"gpt-4o\">\n<div class=\"flex w-full flex-col gap-1 empty:hidden first:pt-[3px]\">\n<div class=\"markdown prose dark:prose-invert w-full break-words dark\">\n<p class=\"\" data-start=\"102\" data-end=\"730\"><img loading=\"lazy\" decoding=\"async\" class=\"alignleft\" src=\"https:\/\/www.radiopiu.net\/wordpress\/wp-content\/uploads\/2025\/04\/LUXOTTICA.jpg\" width=\"147\" height=\"110\" \/>Durante l\u2019assemblea degli azionisti a Parigi, l\u2019AD di EssilorLuxottica Francesco Milleri ha annunciato che il gruppo sta valutando il trasferimento di parte della produzione negli Stati Uniti, a causa dei dazi doganali americani. Tuttavia, la decisione &#8211; come precisato dalla Reuters-\u00a0 non \u00e8 imminente e verr\u00e0 presa entro tre o quattro mesi, considerando anche la disponibilit\u00e0 di personale qualificato. Nessuna intenzione di spostare la produzione da Italia e Francia, mentre le attivit\u00e0 in Thailandia e Messico sono sotto esame. Milleri ha anche parlato di crescita futura tramite acquisizioni, investimenti in chip, intelligenza artificiale e salute oculare.<\/p>\n<p data-start=\"102\" data-end=\"730\">\n<\/div>\n<blockquote class=\"wp-embedded-content\" data-secret=\"DkMMasnF2v\"><p><a href=\"https:\/\/www.radiopiu.net\/wordpress\/%ef%b8%8f-essilorluxottica-ok-dellassemblea-degli-azionisti-al-dividendo-di-395-euro\/\">\ufe0f ESSILORLUXOTTICA, OK DELL\u2019ASSEMBLEA DEGLI AZIONISTI AL DIVIDENDO DI 3,95 EURO<\/a><\/p><\/blockquote>\n<p><iframe loading=\"lazy\" class=\"wp-embedded-content\" sandbox=\"allow-scripts\" security=\"restricted\" style=\"position: absolute; visibility: hidden;\" title=\"&#8220;\ufe0f ESSILORLUXOTTICA, OK DELL\u2019ASSEMBLEA DEGLI AZIONISTI AL DIVIDENDO DI 3,95 EURO&#8221; &#8212; Radio Pi\u00f9\" src=\"https:\/\/www.radiopiu.net\/wordpress\/%ef%b8%8f-essilorluxottica-ok-dellassemblea-degli-azionisti-al-dividendo-di-395-euro\/embed\/#?secret=lNeM3cofKv#?secret=DkMMasnF2v\" data-secret=\"DkMMasnF2v\" width=\"600\" height=\"338\" frameborder=\"0\" marginwidth=\"0\" marginheight=\"0\" scrolling=\"no\"><\/iframe><\/p>\n<div class=\"markdown prose dark:prose-invert w-full break-words dark\">\n<p data-start=\"102\" data-end=\"730\">\n<\/div>\n<\/div>\n<\/div>\n<\/div>\n<div class=\"flex justify-start\"><\/div>\n<\/div>\n<\/div>\n<\/div>\n<\/div>\n<\/article>\n<\/div>\n<\/div>\n<\/div>\n<\/div>\n<div id=\"thread-bottom-container\" class=\"isolate z-3 w-full basis-auto has-data-has-thread-error:pt-2 has-data-has-thread-error:[box-shadow:var(--sharp-edge-bottom-shadow)] md:border-transparent md:pt-0 dark:border-white\/20 md:dark:border-transparent flex flex-col\">\n<div id=\"thread-bottom\">\n<div class=\"text-base mx-auto [--thread-content-margin:--spacing(4)] @[37rem]:[--thread-content-margin:--spacing(6)] @[70rem]:[--thread-content-margin:--spacing(12)] px-(--thread-content-margin)\">\n<div class=\"[--thread-content-max-width:32rem] @[34rem]:[--thread-content-max-width:40rem] @[64rem]:[--thread-content-max-width:48rem] mx-auto flex max-w-(--thread-content-max-width) flex-1 text-base gap-4 md:gap-5 lg:gap-6\">\n<div class=\"relative z-1 flex max-w-full flex-1 flex-col h-full max-xs:[--force-hide-label:none]\" aria-haspopup=\"dialog\" aria-expanded=\"false\" aria-controls=\"radix-\u00abrd\u00bb\" data-state=\"closed\">\n<form class=\"w-full [view-transition-name:var(--vt-composer)]\" data-type=\"unified-composer\">\n<div class=\"border-token-border-default flex w-full cursor-text flex-col items-center justify-center rounded-[28px] border bg-clip-padding contain-inline-size overflow-clip shadow-sm sm:shadow-lg dark:shadow-none! bg-token-main-surface-primary dark:bg-[#303030]\">\n<div class=\"relative flex w-full items-end px-3 py-3\">\n<div class=\"relative flex w-full flex-auto flex-col\">\n<div>\n<hr \/>\n<\/div>\n<\/div>\n<\/div>\n<\/div>\n<\/form>\n<\/div>\n<\/div>\n<\/div>\n<\/div>\n<\/div>\n","protected":false},"excerpt":{"rendered":"<p>** &nbsp; Durante l\u2019assemblea degli azionisti a Parigi, l\u2019AD di EssilorLuxottica Francesco Milleri ha annunciato che il gruppo sta valutando il trasferimento di parte della produzione negli Stati Uniti, a causa dei dazi doganali americani. Tuttavia, la decisione &#8211; come precisato dalla Reuters-\u00a0 non \u00e8 imminente e verr\u00e0 presa entro tre o quattro mesi, considerando&hellip;<\/p>\n","protected":false},"author":4,"featured_media":447340,"comment_status":"closed","ping_status":"closed","sticky":false,"template":"","format":"standard","meta":{"_monsterinsights_skip_tracking":false,"_monsterinsights_sitenote_active":false,"_monsterinsights_sitenote_note":"","_monsterinsights_sitenote_category":0,"footnotes":""},"categories":[51,49],"tags":[],"class_list":["post-447461","post","type-post","status-publish","format-standard","has-post-thumbnail","hentry","category-evidenza-top","category-news-18","category-51","category-49","description-off"],"img_url":"https:\/\/www.radiopiu.net\/wordpress\/wp-content\/uploads\/2025\/04\/LUXOTTICA.jpg","_links":{"self":[{"href":"https:\/\/www.radiopiu.net\/wordpress\/wp-json\/wp\/v2\/posts\/447461","targetHints":{"allow":["GET"]}}],"collection":[{"href":"https:\/\/www.radiopiu.net\/wordpress\/wp-json\/wp\/v2\/posts"}],"about":[{"href":"https:\/\/www.radiopiu.net\/wordpress\/wp-json\/wp\/v2\/types\/post"}],"author":[{"embeddable":true,"href":"https:\/\/www.radiopiu.net\/wordpress\/wp-json\/wp\/v2\/users\/4"}],"replies":[{"embeddable":true,"href":"https:\/\/www.radiopiu.net\/wordpress\/wp-json\/wp\/v2\/comments?post=447461"}],"version-history":[{"count":2,"href":"https:\/\/www.radiopiu.net\/wordpress\/wp-json\/wp\/v2\/posts\/447461\/revisions"}],"predecessor-version":[{"id":447463,"href":"https:\/\/www.radiopiu.net\/wordpress\/wp-json\/wp\/v2\/posts\/447461\/revisions\/447463"}],"wp:featuredmedia":[{"embeddable":true,"href":"https:\/\/www.radiopiu.net\/wordpress\/wp-json\/wp\/v2\/media\/447340"}],"wp:attachment":[{"href":"https:\/\/www.radiopiu.net\/wordpress\/wp-json\/wp\/v2\/media?parent=447461"}],"wp:term":[{"taxonomy":"category","embeddable":true,"href":"https:\/\/www.radiopiu.net\/wordpress\/wp-json\/wp\/v2\/categories?post=447461"},{"taxonomy":"post_tag","embeddable":true,"href":"https:\/\/www.radiopiu.net\/wordpress\/wp-json\/wp\/v2\/tags?post=447461"}],"curies":[{"name":"wp","href":"https:\/\/api.w.org\/{rel}","templated":true}]}}