{"id":447515,"date":"2025-05-01T18:38:37","date_gmt":"2025-05-01T16:38:37","guid":{"rendered":"https:\/\/www.radiopiu.net\/wordpress\/?p=447515"},"modified":"2025-05-01T18:38:37","modified_gmt":"2025-05-01T16:38:37","slug":"tre-interventi-di-soccorso-in-montagna-nel-bellunese-escursionisti-bloccati-e-feriti-recuperati-con-lelicottero","status":"publish","type":"post","link":"https:\/\/www.radiopiu.net\/wordpress\/tre-interventi-di-soccorso-in-montagna-nel-bellunese-escursionisti-bloccati-e-feriti-recuperati-con-lelicottero\/","title":{"rendered":"TRE INTERVENTI DI SOCCORSO IN MONTAGNA NEL BELLUNESE: ESCURSIONISTI BLOCCATI E FERITI RECUPERATI CON L&#8217;ELICOTTERO"},"content":{"rendered":"<p>*********<\/p>\n<p>&nbsp;<\/p>\n<p><strong><a class=\"dt-pswp-item\" href=\"https:\/\/www.radiopiu.net\/wordpress\/wp-content\/uploads\/2024\/09\/SALT-1.jpg\" data-dt-img-description=\"\" data-large_image_width=\"2364\" data-large_image_height=\"1773\"><img loading=\"lazy\" decoding=\"async\" class=\" wp-image-408542 alignleft\" src=\"https:\/\/www.radiopiu.net\/wordpress\/wp-content\/uploads\/2024\/09\/SALT-1-300x225.jpg\" alt=\"\" width=\"184\" height=\"138\" srcset=\"https:\/\/www.radiopiu.net\/wordpress\/wp-content\/uploads\/2024\/09\/SALT-1-300x225.jpg 300w, https:\/\/www.radiopiu.net\/wordpress\/wp-content\/uploads\/2024\/09\/SALT-1-1024x768.jpg 1024w, https:\/\/www.radiopiu.net\/wordpress\/wp-content\/uploads\/2024\/09\/SALT-1-768x576.jpg 768w, https:\/\/www.radiopiu.net\/wordpress\/wp-content\/uploads\/2024\/09\/SALT-1-1536x1152.jpg 1536w, https:\/\/www.radiopiu.net\/wordpress\/wp-content\/uploads\/2024\/09\/SALT-1-2048x1536.jpg 2048w\" sizes=\"auto, (max-width: 184px) 100vw, 184px\" \/><\/a>ALLEGHE <\/strong>Verso le 14.10 una ragazza in stato di agitazione ha contattato il 118, dicendo che lei e due amici erano incrodati, in posizione precaria, in un canale sotto il Lago del Coldai. Dopo essere riusciti a geolocalizzare il punto, fuori dal sentiero che sale dai Piani di Pezz\u00e8, le coordinate sono state girate all&#8217;equipaggio dell&#8217;elicottero del Suem di Pieve di Cadore. I tre ragazzi, una 27enne di Montecchio Maggiore (VI), una 24enne di Padova e un ventenne di Lavagno (VR), sono stati issati a bordo in diverse rotazioni con il verricello, trasportati ai Piani di Pezz\u00e8 dove era stato fissato il campo base e affidati al Soccorso alpino.<\/p>\n<p><strong>VAL DI ZOLDO <\/strong>Alle 14.30 un&#8217;escursionista ha chiamato la Centrale del 118, poich\u00e9, mentre si trovavano sul sentiero 522 della Pala dei Lares, che sale al Bivacco Carnielli, il compagno era stato colpito a un piede da un sasso caduto dall&#8217;alto. Dopo una sommaria localizzazione &#8211; 200 metri di dislivello pi\u00f9 bassi rispetto al Bivacco &#8211; \u00e8 stata ricevuta la posizione esatta tramite un messaggio whatsapp, che ha confermato il punto. Il recupero \u00e8 stato ultimato da Falco, che ha issato a bordo entrambi con un verricello. La donna \u00e8 stata lasciata in piazzola a Forno di Zoldo, affidata al Soccorso alpino della Val di Zoldo, che l&#8217;ha riaccompagnata a Pian de la Fopa a prendere l&#8217;auto. L&#8217;infortunato, un 57enne di Padova, \u00e8 stato trasportato all&#8217;ospedale di Belluno.<\/p>\n<p><strong>CORTINA <\/strong>Il Soccorso alpino di Cortina \u00e8 stato invece attivato per due escursioniste bloccate dalla neve tra il Rifugio Sennes e il Rifugio Biella. Dirette al Biella, le due ragazze di 29 e 28 anni, di Vittorio Veneto (TV), non erano state pi\u00f9 in grado di proseguire, poich\u00e9 spofondavano nella neve. Individuate in localit\u00e0 Ciamporos, sono state raggiunte da un soccorritore e caricate a bordo dell&#8217;elicottero dell&#8217;Air service center, convenzionato con il Soccorso alpino Dolomiti Bellunesi. Lasciate a valle in piazzola, le due amiche sono poi state riaccompagnate alla loro auto.<\/p>\n<p>&nbsp;<\/p>\n<p>&nbsp;<\/p>\n<p>&nbsp;<\/p>\n<p>&nbsp;<\/p>\n<p>**********<\/p>\n","protected":false},"excerpt":{"rendered":"<p>********* &nbsp; ALLEGHE Verso le 14.10 una ragazza in stato di agitazione ha contattato il 118, dicendo che lei e due amici erano incrodati, in posizione precaria, in un canale sotto il Lago del Coldai. Dopo essere riusciti a geolocalizzare il punto, fuori dal sentiero che sale dai Piani di Pezz\u00e8, le coordinate sono state&hellip;<\/p>\n","protected":false},"author":4,"featured_media":408542,"comment_status":"closed","ping_status":"closed","sticky":false,"template":"","format":"standard","meta":{"_monsterinsights_skip_tracking":false,"_monsterinsights_sitenote_active":false,"_monsterinsights_sitenote_note":"","_monsterinsights_sitenote_category":0,"footnotes":""},"categories":[51,49],"tags":[],"class_list":["post-447515","post","type-post","status-publish","format-standard","has-post-thumbnail","hentry","category-evidenza-top","category-news-18","category-51","category-49","description-off"],"img_url":"https:\/\/www.radiopiu.net\/wordpress\/wp-content\/uploads\/2024\/09\/SALT-1.jpg","_links":{"self":[{"href":"https:\/\/www.radiopiu.net\/wordpress\/wp-json\/wp\/v2\/posts\/447515","targetHints":{"allow":["GET"]}}],"collection":[{"href":"https:\/\/www.radiopiu.net\/wordpress\/wp-json\/wp\/v2\/posts"}],"about":[{"href":"https:\/\/www.radiopiu.net\/wordpress\/wp-json\/wp\/v2\/types\/post"}],"author":[{"embeddable":true,"href":"https:\/\/www.radiopiu.net\/wordpress\/wp-json\/wp\/v2\/users\/4"}],"replies":[{"embeddable":true,"href":"https:\/\/www.radiopiu.net\/wordpress\/wp-json\/wp\/v2\/comments?post=447515"}],"version-history":[{"count":1,"href":"https:\/\/www.radiopiu.net\/wordpress\/wp-json\/wp\/v2\/posts\/447515\/revisions"}],"predecessor-version":[{"id":447517,"href":"https:\/\/www.radiopiu.net\/wordpress\/wp-json\/wp\/v2\/posts\/447515\/revisions\/447517"}],"wp:featuredmedia":[{"embeddable":true,"href":"https:\/\/www.radiopiu.net\/wordpress\/wp-json\/wp\/v2\/media\/408542"}],"wp:attachment":[{"href":"https:\/\/www.radiopiu.net\/wordpress\/wp-json\/wp\/v2\/media?parent=447515"}],"wp:term":[{"taxonomy":"category","embeddable":true,"href":"https:\/\/www.radiopiu.net\/wordpress\/wp-json\/wp\/v2\/categories?post=447515"},{"taxonomy":"post_tag","embeddable":true,"href":"https:\/\/www.radiopiu.net\/wordpress\/wp-json\/wp\/v2\/tags?post=447515"}],"curies":[{"name":"wp","href":"https:\/\/api.w.org\/{rel}","templated":true}]}}