{"id":447529,"date":"2025-05-01T20:50:45","date_gmt":"2025-05-01T18:50:45","guid":{"rendered":"https:\/\/www.radiopiu.net\/wordpress\/?p=447529"},"modified":"2025-05-01T20:50:45","modified_gmt":"2025-05-01T18:50:45","slug":"il-comitato-zinghenesta-rappresenta-la-provincia-di-belluno-a-expo-osaka","status":"publish","type":"post","link":"https:\/\/www.radiopiu.net\/wordpress\/il-comitato-zinghenesta-rappresenta-la-provincia-di-belluno-a-expo-osaka\/","title":{"rendered":"IL COMITATO ZINGHENESTA RAPPRESENTA LA PROVINCIA DI BELLUNO A EXPO OSAKA"},"content":{"rendered":"<p>*******<\/p>\n<p>&nbsp;<\/p>\n<p><strong>REDAZIONE <\/strong>Il comitato Zinghenesta \u00e8 in viaggio verso il Giappone per rappresentare con orgoglio la provincia di Belluno all\u2019Expo di Osaka. La delegazione \u00e8 partita questa mattina dall\u2019aeroporto Marco Polo di Venezia e atterrer\u00e0 in nottata nella citt\u00e0 giapponese, dove prender\u00e0 parte a una serie di eventi e iniziative nell\u2019ambito dell\u2019esposizione universale. Il gruppo porter\u00e0 in mostra tradizioni, cultura e identit\u00e0 del territorio bellunese. L\u2019invito a partecipare all\u2019Expo rappresenta un riconoscimento del lavoro svolto dal comitato.<\/p>\n\n\t\t\t<style type='text\/css'>\n\t\t\t\t#gallery-1 {\n\t\t\t\t\tmargin: auto;\n\t\t\t\t}\n\t\t\t\t#gallery-1 .gallery-item {\n\t\t\t\t\tfloat: left;\n\t\t\t\t\tmargin-top: 10px;\n\t\t\t\t\ttext-align: center;\n\t\t\t\t\twidth: 50%;\n\t\t\t\t}\n\t\t\t\t#gallery-1 img {\n\t\t\t\t\tborder: 2px solid #cfcfcf;\n\t\t\t\t}\n\t\t\t\t#gallery-1 .gallery-caption {\n\t\t\t\t\tmargin-left: 0;\n\t\t\t\t}\n\t\t\t\t\/* see gallery_shortcode() in wp-includes\/media.php *\/\n\t\t\t<\/style>\n\t\t<div id='gallery-1' class='dt-gallery-container gallery galleryid-447529 gallery-columns-2 gallery-size-medium'><dl class='gallery-item'>\n\t\t\t\t<dt class='gallery-icon landscape'>\n\t\t\t\t\t<a class=\"rollover rollover-zoom dt-pswp-item\" title=\"7fb05f77-2208-4cd0-b55a-800026be0a96\" data-dt-img-description=\"\" data-large_image_width=\"1600\" data-large_image_height=\"1200\"href='https:\/\/www.radiopiu.net\/wordpress\/wp-content\/uploads\/2025\/05\/7fb05f77-2208-4cd0-b55a-800026be0a96.jpg'><img loading=\"lazy\" decoding=\"async\" width=\"300\" height=\"225\" src=\"https:\/\/www.radiopiu.net\/wordpress\/wp-content\/uploads\/2025\/05\/7fb05f77-2208-4cd0-b55a-800026be0a96-300x225.jpg\" class=\"attachment-medium size-medium\" alt=\"\" aria-describedby=\"gallery-1-447530\" srcset=\"https:\/\/www.radiopiu.net\/wordpress\/wp-content\/uploads\/2025\/05\/7fb05f77-2208-4cd0-b55a-800026be0a96-300x225.jpg 300w, https:\/\/www.radiopiu.net\/wordpress\/wp-content\/uploads\/2025\/05\/7fb05f77-2208-4cd0-b55a-800026be0a96-1024x768.jpg 1024w, https:\/\/www.radiopiu.net\/wordpress\/wp-content\/uploads\/2025\/05\/7fb05f77-2208-4cd0-b55a-800026be0a96-768x576.jpg 768w, https:\/\/www.radiopiu.net\/wordpress\/wp-content\/uploads\/2025\/05\/7fb05f77-2208-4cd0-b55a-800026be0a96-1536x1152.jpg 1536w, https:\/\/www.radiopiu.net\/wordpress\/wp-content\/uploads\/2025\/05\/7fb05f77-2208-4cd0-b55a-800026be0a96.jpg 1600w\" sizes=\"auto, (max-width: 300px) 100vw, 300px\" \/><\/a>\n\t\t\t\t<\/dt>\n\t\t\t\t\t<dd class='wp-caption-text gallery-caption' id='gallery-1-447530'>\n\t\t\t\t\tLA PARTENZA DA VENEZIA\n\t\t\t\t\t<\/dd><\/dl><dl class='gallery-item'>\n\t\t\t\t<dt class='gallery-icon landscape'>\n\t\t\t\t\t<a class=\"rollover rollover-zoom dt-pswp-item\" title=\"b8541535-6cc6-4f2f-a8d7-b82ddd9be897\" data-dt-img-description=\"\" data-large_image_width=\"1600\" data-large_image_height=\"1200\"href='https:\/\/www.radiopiu.net\/wordpress\/wp-content\/uploads\/2025\/05\/b8541535-6cc6-4f2f-a8d7-b82ddd9be897.jpg'><img loading=\"lazy\" decoding=\"async\" width=\"300\" height=\"225\" src=\"https:\/\/www.radiopiu.net\/wordpress\/wp-content\/uploads\/2025\/05\/b8541535-6cc6-4f2f-a8d7-b82ddd9be897-300x225.jpg\" class=\"attachment-medium size-medium\" alt=\"\" aria-describedby=\"gallery-1-447531\" srcset=\"https:\/\/www.radiopiu.net\/wordpress\/wp-content\/uploads\/2025\/05\/b8541535-6cc6-4f2f-a8d7-b82ddd9be897-300x225.jpg 300w, https:\/\/www.radiopiu.net\/wordpress\/wp-content\/uploads\/2025\/05\/b8541535-6cc6-4f2f-a8d7-b82ddd9be897-1024x768.jpg 1024w, https:\/\/www.radiopiu.net\/wordpress\/wp-content\/uploads\/2025\/05\/b8541535-6cc6-4f2f-a8d7-b82ddd9be897-768x576.jpg 768w, https:\/\/www.radiopiu.net\/wordpress\/wp-content\/uploads\/2025\/05\/b8541535-6cc6-4f2f-a8d7-b82ddd9be897-1536x1152.jpg 1536w, https:\/\/www.radiopiu.net\/wordpress\/wp-content\/uploads\/2025\/05\/b8541535-6cc6-4f2f-a8d7-b82ddd9be897.jpg 1600w\" sizes=\"auto, (max-width: 300px) 100vw, 300px\" \/><\/a>\n\t\t\t\t<\/dt>\n\t\t\t\t\t<dd class='wp-caption-text gallery-caption' id='gallery-1-447531'>\n\t\t\t\t\tLO SCALO A MONACO DI BAVIERA\n\t\t\t\t\t<\/dd><\/dl><br style=\"clear: both\" \/>\n\t\t\t<\/div>\n\n<p>&nbsp;<\/p>\n<p>&nbsp;<\/p>\n<p>************<\/p>\n","protected":false},"excerpt":{"rendered":"<p>******* &nbsp; REDAZIONE Il comitato Zinghenesta \u00e8 in viaggio verso il Giappone per rappresentare con orgoglio la provincia di Belluno all\u2019Expo di Osaka. La delegazione \u00e8 partita questa mattina dall\u2019aeroporto Marco Polo di Venezia e atterrer\u00e0 in nottata nella citt\u00e0 giapponese, dove prender\u00e0 parte a una serie di eventi e iniziative nell\u2019ambito dell\u2019esposizione universale. Il&hellip;<\/p>\n","protected":false},"author":4,"featured_media":447530,"comment_status":"closed","ping_status":"closed","sticky":false,"template":"","format":"standard","meta":{"_monsterinsights_skip_tracking":false,"_monsterinsights_sitenote_active":false,"_monsterinsights_sitenote_note":"","_monsterinsights_sitenote_category":0,"footnotes":""},"categories":[49],"tags":[],"class_list":["post-447529","post","type-post","status-publish","format-standard","has-post-thumbnail","hentry","category-news-18","category-49","description-off"],"img_url":"https:\/\/www.radiopiu.net\/wordpress\/wp-content\/uploads\/2025\/05\/7fb05f77-2208-4cd0-b55a-800026be0a96.jpg","_links":{"self":[{"href":"https:\/\/www.radiopiu.net\/wordpress\/wp-json\/wp\/v2\/posts\/447529","targetHints":{"allow":["GET"]}}],"collection":[{"href":"https:\/\/www.radiopiu.net\/wordpress\/wp-json\/wp\/v2\/posts"}],"about":[{"href":"https:\/\/www.radiopiu.net\/wordpress\/wp-json\/wp\/v2\/types\/post"}],"author":[{"embeddable":true,"href":"https:\/\/www.radiopiu.net\/wordpress\/wp-json\/wp\/v2\/users\/4"}],"replies":[{"embeddable":true,"href":"https:\/\/www.radiopiu.net\/wordpress\/wp-json\/wp\/v2\/comments?post=447529"}],"version-history":[{"count":1,"href":"https:\/\/www.radiopiu.net\/wordpress\/wp-json\/wp\/v2\/posts\/447529\/revisions"}],"predecessor-version":[{"id":447532,"href":"https:\/\/www.radiopiu.net\/wordpress\/wp-json\/wp\/v2\/posts\/447529\/revisions\/447532"}],"wp:featuredmedia":[{"embeddable":true,"href":"https:\/\/www.radiopiu.net\/wordpress\/wp-json\/wp\/v2\/media\/447530"}],"wp:attachment":[{"href":"https:\/\/www.radiopiu.net\/wordpress\/wp-json\/wp\/v2\/media?parent=447529"}],"wp:term":[{"taxonomy":"category","embeddable":true,"href":"https:\/\/www.radiopiu.net\/wordpress\/wp-json\/wp\/v2\/categories?post=447529"},{"taxonomy":"post_tag","embeddable":true,"href":"https:\/\/www.radiopiu.net\/wordpress\/wp-json\/wp\/v2\/tags?post=447529"}],"curies":[{"name":"wp","href":"https:\/\/api.w.org\/{rel}","templated":true}]}}