{"id":447542,"date":"2025-05-02T07:55:45","date_gmt":"2025-05-02T05:55:45","guid":{"rendered":"https:\/\/www.radiopiu.net\/wordpress\/?p=447542"},"modified":"2025-05-02T07:58:53","modified_gmt":"2025-05-02T05:58:53","slug":"ora-su-radio-piu-ascolta-qui-in-diretta-con-la-rassegna-stampa-locale-alle-8-05-del-mattino","status":"publish","type":"post","link":"https:\/\/www.radiopiu.net\/wordpress\/ora-su-radio-piu-ascolta-qui-in-diretta-con-la-rassegna-stampa-locale-alle-8-05-del-mattino\/","title":{"rendered":"ORA SU RADIO PIU-ASCOLTA QUI: IN DIRETTA CON LA RASSEGNA STAMPA LOCALE, ALLE 8 05 DEL MATTINO"},"content":{"rendered":"<p>********<\/p>\n<p>&nbsp;<\/p>\n<h1><span style=\"color: #0000ff;\">ASCOLTA LA PROGRAMMAZIONE IN DIRETTA<\/span><\/h1>\n<h1><\/h1>\n<h1><strong><span style=\"color: #ff0000;\">STREAMING RADIO PIU&#8217;, CLICCA LA FRECCIA PLAY<\/span><\/strong><\/h1>\n<h1><\/h1>\n<p>&nbsp;<\/p>\n<p><a href=\"https:\/\/www.shoutcaststreaming.it\/clients\/radiopiu\/\" target=\"_blank\" rel=\"noopener\" data-dt-img-description=\"\" data-large_image_width=\"500\" data-large_image_height=\"400\"><img loading=\"lazy\" decoding=\"async\" class=\"aligncenter wp-image-223588 size-medium\" src=\"https:\/\/www.radiopiu.net\/wordpress\/wp-content\/uploads\/2021\/07\/lettore-testa-300x240.jpg\" alt=\"\" width=\"300\" height=\"240\" srcset=\"https:\/\/www.radiopiu.net\/wordpress\/wp-content\/uploads\/2021\/07\/lettore-testa-300x240.jpg 300w, https:\/\/www.radiopiu.net\/wordpress\/wp-content\/uploads\/2021\/07\/lettore-testa.jpg 500w\" sizes=\"auto, (max-width: 300px) 100vw, 300px\" \/><\/a><\/p>\n<p>&nbsp;<\/p>\n<blockquote><p>&nbsp;<\/p><\/blockquote>\n<blockquote>\n<h1><span style=\"color: #0000ff;\">SCARICA LE APPLICAZIONI GRATUITE DI RADIO PIU<\/span><\/h1>\n<\/blockquote>\n<p><em><span style=\"color: #ff0000;\"><a class=\"dt-pswp-item\" href=\"https:\/\/www.radiopiu.net\/wordpress\/wp-content\/uploads\/2024\/10\/Senza-nome-8.png\" data-dt-img-description=\"\" data-large_image_width=\"343\" data-large_image_height=\"303\"><img loading=\"lazy\" decoding=\"async\" class=\"wp-image-412130 alignleft\" src=\"https:\/\/www.radiopiu.net\/wordpress\/wp-content\/uploads\/2024\/10\/Senza-nome-8-300x265.png\" alt=\"\" width=\"105\" height=\"93\" srcset=\"https:\/\/www.radiopiu.net\/wordpress\/wp-content\/uploads\/2024\/10\/Senza-nome-8-300x265.png 300w, https:\/\/www.radiopiu.net\/wordpress\/wp-content\/uploads\/2024\/10\/Senza-nome-8.png 343w\" sizes=\"auto, (max-width: 105px) 100vw, 105px\" \/><\/a> APP PER IOS-IPHONE di Nicola Vettorello<br \/>\n<\/span><\/em><span style=\"color: #0000ff;\"><a style=\"color: #0000ff;\" href=\"https:\/\/apps.apple.com\/it\/app\/radio-pi%C3%B9-emittente-agordina\/id1515939845\">https:\/\/apps.apple.com\/it\/app\/radio-pi%C3%B9-emittente-agordina\/id1515939845<\/a><\/span><\/p>\n<p><em style=\"color: #ff0000;\">APP RADIO\u00a0 PER ANDROID di Nicola Vettorello<\/em><\/p>\n<p><span style=\"color: #0000ff;\"><a style=\"color: #0000ff;\" href=\"https:\/\/play.google.com\/store\/apps\/details?id=net.radiopiu.iniko\" target=\"_blank\" rel=\"noopener noreferrer\">https:\/\/<\/a><a style=\"color: #0000ff;\" href=\"https:\/\/play.google.com\/store\/apps\/details?id=net.radiopiu.iniko\" target=\"_blank\" rel=\"noopener noreferrer\">play.google.com\/store\/apps\/details?id=net.radiopiu.iniko\u00a0\u00a0\u00a0\u00a0\u00a0<\/a><\/span><\/p>\n<p>&nbsp;<\/p>\n<p>&nbsp;<\/p>\n<p>Nel Bellunese si sono verificati diversi incidenti in montagna. Un pilota di parapendio 55enne \u00e8 morto dopo essere precipitato sul Monte Toc: la vela si \u00e8 chiusa, facendolo schiantare su una roccia. A Pieve di Cadore, un 61enne in ebike \u00e8 scivolato vicino alla chiesetta di San Dionisio ed \u00e8 stato elitrasportato all\u2019ospedale per sospetti politraumi. Tre interventi di soccorso sono stati effettuati ieri: ad Alleghe tre giovani bloccati in un canale sono stati salvati; in Val di Zoldo un escursionista \u00e8 stato colpito da un sasso; a Cortina due ragazze sorprese dalla neve sono state recuperate.<\/p>\n<p>La Polizia di Stato di Belluno, al termine di un\u2019indagine diretta dalla Procura della Repubblica di Venezia, ha denunciato un venticinquenne romano che avrebbe adescato online una giovane studentessa minorenne con disabilit\u00e0. L\u2019attivit\u00e0 investigativa, condotta dalla Sezione Operativa per la Sicurezza Cibernetica di Belluno, \u00e8 iniziata nel marzo 2024 a seguito della segnalazione dei genitori della ragazza.<\/p>\n<p>Seduta movimentata al Consiglio comunale di Limana, dove il Sindaco Michele Talo ha definito il rendiconto 2024 \u201cun bilancio che non mi piace\u201d, suscitando le critiche delle minoranze. Il primo cittadino ha segnalato un disavanzo di 460.000 euro, attribuito alla precedente amministrazione, ma secondo la relazione del Revisore dei Conti non vi sono squilibri<\/p>\n<p>Cambio al vertice del Comitato Impresa Donna di Appia CNA Belluno con l\u2019elezione di Elisa Bergagnin, imprenditrice e mamma, titolare della Ferramenta Bergagnin di Santo Stefano di Cadore, che subentra a Moira Fontana dopo quattro anni di mandato.<\/p>\n<p>L\u2019Assemblea annuale degli azionisti di EssilorLuxottica, riunita mercoled\u00ec a Parigi, ha approvato tutte le delibere proposte dal Consiglio di Amministrazione. Via libera quindi alla distribuzione di un dividendo pari a 3,95 euro per azione relativo all\u2019anno fiscale 2024, con possibilit\u00e0 di pagamento anche in azioni. Durante l\u2019assemblea degli azionisti a Parigi, l\u2019AD di EssilorLuxottica Francesco Milleri ha annunciato che il gruppo sta valutando il trasferimento di parte della produzione negli Stati Uniti, a causa dei dazi doganali americani.Nessuna intenzione di spostare la produzione da Italia e Francia, mentre le attivit\u00e0 in Thailandia e Messico sono sotto esame.<\/p>\n<p>Il comitato Zinghenesta \u00e8 in viaggio verso il Giappone per rappresentare con orgoglio la provincia di Belluno all\u2019Expo di Osaka. La delegazione \u00e8 partita ieri mattina dall\u2019aeroporto Marco Polo di Venezia ed \u00e8 atterrata in nottata nella citt\u00e0 giapponese, dove prender\u00e0 parte a una serie di eventi e iniziative nell\u2019ambito dell\u2019esposizione universale<\/p>\n<p>Partir\u00e0 il 5 maggio il tour 2024 di \u201cScuola Sicura Veneto\u201d, il progetto della Regione che punta a educare i giovani su come comportarsi in caso di emergenza. Tra le sei tappe primaverili spicca Feltre, dove l\u2019iniziativa far\u00e0 tappa il 23 maggio all\u2019Istituto Agrario Della Lucia. Durante la giornata sono previste simulazioni di evacuazione, dimostrazioni con mezzi di soccorso \u2013 incluso l\u2019elicottero del Suem 118 \u2013 e momenti formativi con Protezione Civile, vigili del fuoco e forze dell\u2019ordine.<\/p>\n<p>&nbsp;<\/p>\n<p><iframe loading=\"lazy\" title=\"DAL 1983 LA RASSEGNA STAMPA LOCALE di mirko mezzacasa. L&#039;ORIGINALE\" width=\"1200\" height=\"675\" src=\"https:\/\/www.youtube.com\/embed\/VGT1j9KxRgQ?feature=oembed\" frameborder=\"0\" allow=\"accelerometer; autoplay; clipboard-write; encrypted-media; gyroscope; picture-in-picture; web-share\" referrerpolicy=\"strict-origin-when-cross-origin\" allowfullscreen><\/iframe><\/p>\n","protected":false},"excerpt":{"rendered":"<p>******** &nbsp; ASCOLTA LA PROGRAMMAZIONE IN DIRETTA STREAMING RADIO PIU&#8217;, CLICCA LA FRECCIA PLAY &nbsp; &nbsp; &nbsp; SCARICA LE APPLICAZIONI GRATUITE DI RADIO PIU APP PER IOS-IPHONE di Nicola Vettorello https:\/\/apps.apple.com\/it\/app\/radio-pi%C3%B9-emittente-agordina\/id1515939845 APP RADIO\u00a0 PER ANDROID di Nicola Vettorello https:\/\/play.google.com\/store\/apps\/details?id=net.radiopiu.iniko\u00a0\u00a0\u00a0\u00a0\u00a0 &nbsp; &nbsp; Nel Bellunese si sono verificati diversi incidenti in montagna. Un pilota di parapendio 55enne&hellip;<\/p>\n","protected":false},"author":4,"featured_media":421711,"comment_status":"closed","ping_status":"closed","sticky":false,"template":"","format":"standard","meta":{"_monsterinsights_skip_tracking":false,"_monsterinsights_sitenote_active":false,"_monsterinsights_sitenote_note":"","_monsterinsights_sitenote_category":0,"footnotes":""},"categories":[104,49],"tags":[],"class_list":["post-447542","post","type-post","status-publish","format-standard","has-post-thumbnail","hentry","category-evidenza_3","category-news-18","category-104","category-49","description-off"],"img_url":"https:\/\/www.radiopiu.net\/wordpress\/wp-content\/uploads\/2024\/11\/9e45be87-60a3-423d-9919-1e9a1cbc42f8.webp","_links":{"self":[{"href":"https:\/\/www.radiopiu.net\/wordpress\/wp-json\/wp\/v2\/posts\/447542","targetHints":{"allow":["GET"]}}],"collection":[{"href":"https:\/\/www.radiopiu.net\/wordpress\/wp-json\/wp\/v2\/posts"}],"about":[{"href":"https:\/\/www.radiopiu.net\/wordpress\/wp-json\/wp\/v2\/types\/post"}],"author":[{"embeddable":true,"href":"https:\/\/www.radiopiu.net\/wordpress\/wp-json\/wp\/v2\/users\/4"}],"replies":[{"embeddable":true,"href":"https:\/\/www.radiopiu.net\/wordpress\/wp-json\/wp\/v2\/comments?post=447542"}],"version-history":[{"count":4,"href":"https:\/\/www.radiopiu.net\/wordpress\/wp-json\/wp\/v2\/posts\/447542\/revisions"}],"predecessor-version":[{"id":447559,"href":"https:\/\/www.radiopiu.net\/wordpress\/wp-json\/wp\/v2\/posts\/447542\/revisions\/447559"}],"wp:featuredmedia":[{"embeddable":true,"href":"https:\/\/www.radiopiu.net\/wordpress\/wp-json\/wp\/v2\/media\/421711"}],"wp:attachment":[{"href":"https:\/\/www.radiopiu.net\/wordpress\/wp-json\/wp\/v2\/media?parent=447542"}],"wp:term":[{"taxonomy":"category","embeddable":true,"href":"https:\/\/www.radiopiu.net\/wordpress\/wp-json\/wp\/v2\/categories?post=447542"},{"taxonomy":"post_tag","embeddable":true,"href":"https:\/\/www.radiopiu.net\/wordpress\/wp-json\/wp\/v2\/tags?post=447542"}],"curies":[{"name":"wp","href":"https:\/\/api.w.org\/{rel}","templated":true}]}}