{"id":448489,"date":"2025-05-09T07:11:57","date_gmt":"2025-05-09T05:11:57","guid":{"rendered":"https:\/\/www.radiopiu.net\/wordpress\/?p=448489"},"modified":"2025-05-09T08:25:22","modified_gmt":"2025-05-09T06:25:22","slug":"radiopiuwilalv","status":"publish","type":"post","link":"https:\/\/www.radiopiu.net\/wordpress\/radiopiuwilalv\/","title":{"rendered":"&#8220;DALLA FRONTIERA DEL SELVAGGIO WEST ALLE RADIO PRIVATE: I MITI CHE VIVONO FINCH\u00c9 C&#8217;\u00c8 CHI CI CREDE&#8221;"},"content":{"rendered":"<p>**<\/p>\n<p>&nbsp;<\/p>\n<p>&nbsp;<\/p>\n<p><strong><img loading=\"lazy\" decoding=\"async\" class=\"alignleft\" src=\"https:\/\/www.radiopiu.net\/wordpress\/wp-content\/uploads\/2025\/01\/gennaio-radiopiu.jpg\" width=\"179\" height=\"102\" \/>TESTO William Da Roit<\/strong><br \/>\n<strong>MUSICA\u00a0 Alvise Bortolini&#8230; \u00e8 la radio\u00a0<\/strong><\/p>\n<p>&nbsp;<\/p>\n<p>AUDIO<\/p>\n<audio class=\"wp-audio-shortcode\" id=\"audio-448489-1\" preload=\"none\" style=\"width: 100%;\" controls=\"controls\"><source type=\"audio\/mpeg\" src=\"https:\/\/www.radiopiu.net\/wordpress\/wp-content\/uploads\/2025\/05\/WILLIAM-2025.mp3?_=1\" \/><a href=\"https:\/\/www.radiopiu.net\/wordpress\/wp-content\/uploads\/2025\/05\/WILLIAM-2025.mp3\">https:\/\/www.radiopiu.net\/wordpress\/wp-content\/uploads\/2025\/05\/WILLIAM-2025.mp3<\/a><\/audio>\n<p>&nbsp;<\/p>\n\n\t\t\t<style type='text\/css'>\n\t\t\t\t#gallery-1 {\n\t\t\t\t\tmargin: auto;\n\t\t\t\t}\n\t\t\t\t#gallery-1 .gallery-item {\n\t\t\t\t\tfloat: left;\n\t\t\t\t\tmargin-top: 10px;\n\t\t\t\t\ttext-align: center;\n\t\t\t\t\twidth: 33%;\n\t\t\t\t}\n\t\t\t\t#gallery-1 img {\n\t\t\t\t\tborder: 2px solid #cfcfcf;\n\t\t\t\t}\n\t\t\t\t#gallery-1 .gallery-caption {\n\t\t\t\t\tmargin-left: 0;\n\t\t\t\t}\n\t\t\t\t\/* see gallery_shortcode() in wp-includes\/media.php *\/\n\t\t\t<\/style>\n\t\t<div id='gallery-1' class='dt-gallery-container gallery galleryid-448489 gallery-columns-3 gallery-size-thumbnail'><dl class='gallery-item'>\n\t\t\t\t<dt class='gallery-icon landscape'>\n\t\t\t\t\t<a class=\"rollover rollover-zoom dt-pswp-item\" title=\"MyRadioPiu_miaidea\" data-dt-img-description=\"\" data-large_image_width=\"483\" data-large_image_height=\"374\"href='https:\/\/www.radiopiu.net\/wordpress\/wp-content\/uploads\/2022\/09\/MyRadioPiu_miaidea.png'><img loading=\"lazy\" decoding=\"async\" width=\"150\" height=\"150\" src=\"https:\/\/www.radiopiu.net\/wordpress\/wp-content\/uploads\/2022\/09\/MyRadioPiu_miaidea-150x150.png\" class=\"attachment-thumbnail size-thumbnail\" alt=\"\" \/><\/a>\n\t\t\t\t<\/dt><\/dl><dl class='gallery-item'>\n\t\t\t\t<dt class='gallery-icon landscape'>\n\t\t\t\t\t<a class=\"rollover rollover-zoom dt-pswp-item\" title=\"file\" data-dt-img-description=\"\" data-large_image_width=\"640\" data-large_image_height=\"640\"href='https:\/\/www.radiopiu.net\/wordpress\/wp-content\/uploads\/2025\/05\/file.jpg'><img loading=\"lazy\" decoding=\"async\" width=\"150\" height=\"150\" src=\"https:\/\/www.radiopiu.net\/wordpress\/wp-content\/uploads\/2025\/05\/file-150x150.jpg\" class=\"attachment-thumbnail size-thumbnail\" alt=\"\" srcset=\"https:\/\/www.radiopiu.net\/wordpress\/wp-content\/uploads\/2025\/05\/file-150x150.jpg 150w, https:\/\/www.radiopiu.net\/wordpress\/wp-content\/uploads\/2025\/05\/file-300x300.jpg 300w, https:\/\/www.radiopiu.net\/wordpress\/wp-content\/uploads\/2025\/05\/file.jpg 640w\" sizes=\"auto, (max-width: 150px) 100vw, 150px\" \/><\/a>\n\t\t\t\t<\/dt><\/dl><dl class='gallery-item'>\n\t\t\t\t<dt class='gallery-icon portrait'>\n\t\t\t\t\t<a class=\"rollover rollover-zoom dt-pswp-item\" title=\"Immagine 2025-05-09 070455\" data-dt-img-description=\"\" data-large_image_width=\"169\" data-large_image_height=\"172\"href='https:\/\/www.radiopiu.net\/wordpress\/wp-content\/uploads\/2025\/05\/Immagine-2025-05-09-070455.jpg'><img loading=\"lazy\" decoding=\"async\" width=\"150\" height=\"150\" src=\"https:\/\/www.radiopiu.net\/wordpress\/wp-content\/uploads\/2025\/05\/Immagine-2025-05-09-070455-150x150.jpg\" class=\"attachment-thumbnail size-thumbnail\" alt=\"\" \/><\/a>\n\t\t\t\t<\/dt><\/dl><br style=\"clear: both\" \/>\n\t\t\t<\/div>\n\n<p><strong>TESTO, WILLIAM DA ROIT<\/strong><\/p>\n<p class=\"\" data-start=\"52\" data-end=\"662\"><a class=\"dt-pswp-item\" href=\"https:\/\/www.radiopiu.net\/wordpress\/wp-content\/uploads\/2020\/07\/WILLIAM-DA-ROIT.jpg\" data-dt-img-description=\"\" data-large_image_width=\"960\" data-large_image_height=\"720\"><img loading=\"lazy\" decoding=\"async\" class=\" wp-image-150479 alignleft\" src=\"https:\/\/www.radiopiu.net\/wordpress\/wp-content\/uploads\/2020\/07\/WILLIAM-DA-ROIT-300x225.jpg\" alt=\"\" width=\"256\" height=\"192\" srcset=\"https:\/\/www.radiopiu.net\/wordpress\/wp-content\/uploads\/2020\/07\/WILLIAM-DA-ROIT-300x225.jpg 300w, https:\/\/www.radiopiu.net\/wordpress\/wp-content\/uploads\/2020\/07\/WILLIAM-DA-ROIT-768x576.jpg 768w, https:\/\/www.radiopiu.net\/wordpress\/wp-content\/uploads\/2020\/07\/WILLIAM-DA-ROIT.jpg 960w\" sizes=\"auto, (max-width: 256px) 100vw, 256px\" \/><\/a>Mi piace svegliarmi al mattino, quando il silenzio \u00e8 ancora il rumore pi\u00f9 forte della mia citt\u00e0, e uscire per strada con il mondo che si \u00e8 appena svegliato, che non parte, ma tra poco partir\u00e0. Siamo le leggende. Le leggende fioriscono dove i fatti scarseggiano, \u00e8 cos\u00ec per il selvaggio West e forse sar\u00e0 cos\u00ec anche per le radio private. I miti durano finch\u00e9 ci sono persone disposte a credere in loro. Le radio libere sono nate 50 anni fa, da un processo anarchico, come direbbe Giovanni, sociologo, ma in pratica sono nate dalla voglia di ascoltare musica diversa da quella che trasmetteva la radio di Stato.<\/p>\n<p class=\"\" data-start=\"664\" data-end=\"1217\">Il cambiamento \u00e8 stata la costante in questi anni. All\u2019inizio erano poche frequenze poco amplificate, ma col tempo si sono arricchite di potenza, musica e contenuti. Per la prima volta i privati si affiancavano al monopolio statale. Poi arriv\u00f2 la selezione naturale, simile al processo darwiniano: le pi\u00f9 adattabili sono sopravvissute. Ma nel 2050, che ne sar\u00e0 dei speaker e dei DJ, se gli intelligenti artificiali sono in grado di superare le prestazioni degli uomini? Cosa rester\u00e0 delle radio libere, se gli algoritmi possono programmare le playlist?<\/p>\n<p class=\"\" data-start=\"1219\" data-end=\"1741\">Forse, ma le macchine non diventeranno mai buoni artisti. Ci saranno sempre uno speaker e un DJ pi\u00f9 bravi a catturare le nostre emozioni. E se accadr\u00e0, sar\u00e0 come a &#8220;Dall\u2019Amo&#8221;: pochi contro molti, e le radio libere avranno sempre la gente dalla loro parte. Perch\u00e9 quando la realt\u00e0 incontra le leggende, c&#8217;\u00e8 sempre la leggenda. Mi ero chiesto come te, se riuscirai a resistere, come il generale Santana, pronto a suonare in battaglia senza fare prigionieri. Se la mattina ti svegli e senti la musica, vuol dire che sei vivo.<\/p>\n<blockquote>\n<h3 data-start=\"0\" data-end=\"32\"><em><strong data-start=\"0\" data-end=\"32\">La radio di Alvise Bortolini<\/strong><\/em><\/h3>\n<p class=\"\" data-start=\"34\" data-end=\"644\"><a class=\"dt-pswp-item\" href=\"https:\/\/www.radiopiu.net\/wordpress\/wp-content\/uploads\/2024\/05\/Alvise-Bortolini.jpeg\" data-dt-img-description=\"\" data-large_image_width=\"2048\" data-large_image_height=\"1362\"><img loading=\"lazy\" decoding=\"async\" class=\"size-medium wp-image-391112 alignleft\" src=\"https:\/\/www.radiopiu.net\/wordpress\/wp-content\/uploads\/2024\/05\/Alvise-Bortolini-300x200.jpeg\" alt=\"\" width=\"300\" height=\"200\" srcset=\"https:\/\/www.radiopiu.net\/wordpress\/wp-content\/uploads\/2024\/05\/Alvise-Bortolini-300x200.jpeg 300w, https:\/\/www.radiopiu.net\/wordpress\/wp-content\/uploads\/2024\/05\/Alvise-Bortolini-1024x681.jpeg 1024w, https:\/\/www.radiopiu.net\/wordpress\/wp-content\/uploads\/2024\/05\/Alvise-Bortolini-768x511.jpeg 768w, https:\/\/www.radiopiu.net\/wordpress\/wp-content\/uploads\/2024\/05\/Alvise-Bortolini-1536x1022.jpeg 1536w, https:\/\/www.radiopiu.net\/wordpress\/wp-content\/uploads\/2024\/05\/Alvise-Bortolini.jpeg 2048w\" sizes=\"auto, (max-width: 300px) 100vw, 300px\" \/><\/a>A me piace svegliarmi al mattino, quando ancora\u00a0 il silenzio \u00e8\u00a0 il rumore pi\u00f9 forte della mia citt\u00e0, ed uscire per strada col mondo che si \u00e8 appena svegliato, e non parte, ma fra un p\u00f2 partir\u00e0.<br \/>\nE incrociare di fretta qualcuno, magari un amico che saluta e va via.<br \/>\nPoi salire alla Radio con un ultimo sguardo ad un cielo dipinto di blu.<\/p>\n<p><em>E&#8217; la RADIO la mia voce, la casa, il mio tempo non mi vedi, non ti vedo, ma sento di pi\u00f9. E&#8217; la RADIO che leggera mi porta lontano, c&#8217;\u00e8 un domani gi\u00e0 stasera nel volo con te.<\/em><\/p>\n<p>&nbsp;<\/p><\/blockquote>\n<p><a class=\"dt-pswp-item\" href=\"https:\/\/www.radiopiu.net\/wordpress\/wp-content\/uploads\/2025\/05\/Immagine-2025-05-09-082306.png\" data-dt-img-description=\"\" data-large_image_width=\"440\" data-large_image_height=\"502\"><img loading=\"lazy\" decoding=\"async\" class=\"wp-image-448505 size-full aligncenter\" src=\"https:\/\/www.radiopiu.net\/wordpress\/wp-content\/uploads\/2025\/05\/Immagine-2025-05-09-082306.png\" alt=\"\" width=\"440\" height=\"502\" srcset=\"https:\/\/www.radiopiu.net\/wordpress\/wp-content\/uploads\/2025\/05\/Immagine-2025-05-09-082306.png 440w, https:\/\/www.radiopiu.net\/wordpress\/wp-content\/uploads\/2025\/05\/Immagine-2025-05-09-082306-263x300.png 263w\" sizes=\"auto, (max-width: 440px) 100vw, 440px\" \/><\/a><\/p>\n<hr \/>\n<p>&nbsp;<\/p>\n","protected":false},"excerpt":{"rendered":"<p>** &nbsp; &nbsp; TESTO William Da Roit MUSICA\u00a0 Alvise Bortolini&#8230; \u00e8 la radio\u00a0 &nbsp; AUDIO &nbsp; TESTO, WILLIAM DA ROIT Mi piace svegliarmi al mattino, quando il silenzio \u00e8 ancora il rumore pi\u00f9 forte della mia citt\u00e0, e uscire per strada con il mondo che si \u00e8 appena svegliato, che non parte, ma tra poco&hellip;<\/p>\n","protected":false},"author":4,"featured_media":427641,"comment_status":"closed","ping_status":"closed","sticky":false,"template":"","format":"standard","meta":{"_monsterinsights_skip_tracking":false,"_monsterinsights_sitenote_active":false,"_monsterinsights_sitenote_note":"","_monsterinsights_sitenote_category":0,"footnotes":""},"categories":[104],"tags":[],"class_list":["post-448489","post","type-post","status-publish","format-standard","has-post-thumbnail","hentry","category-evidenza_3","category-104","description-off"],"img_url":"https:\/\/www.radiopiu.net\/wordpress\/wp-content\/uploads\/2025\/01\/gennaio-radiopiu.jpg","_links":{"self":[{"href":"https:\/\/www.radiopiu.net\/wordpress\/wp-json\/wp\/v2\/posts\/448489","targetHints":{"allow":["GET"]}}],"collection":[{"href":"https:\/\/www.radiopiu.net\/wordpress\/wp-json\/wp\/v2\/posts"}],"about":[{"href":"https:\/\/www.radiopiu.net\/wordpress\/wp-json\/wp\/v2\/types\/post"}],"author":[{"embeddable":true,"href":"https:\/\/www.radiopiu.net\/wordpress\/wp-json\/wp\/v2\/users\/4"}],"replies":[{"embeddable":true,"href":"https:\/\/www.radiopiu.net\/wordpress\/wp-json\/wp\/v2\/comments?post=448489"}],"version-history":[{"count":8,"href":"https:\/\/www.radiopiu.net\/wordpress\/wp-json\/wp\/v2\/posts\/448489\/revisions"}],"predecessor-version":[{"id":448506,"href":"https:\/\/www.radiopiu.net\/wordpress\/wp-json\/wp\/v2\/posts\/448489\/revisions\/448506"}],"wp:featuredmedia":[{"embeddable":true,"href":"https:\/\/www.radiopiu.net\/wordpress\/wp-json\/wp\/v2\/media\/427641"}],"wp:attachment":[{"href":"https:\/\/www.radiopiu.net\/wordpress\/wp-json\/wp\/v2\/media?parent=448489"}],"wp:term":[{"taxonomy":"category","embeddable":true,"href":"https:\/\/www.radiopiu.net\/wordpress\/wp-json\/wp\/v2\/categories?post=448489"},{"taxonomy":"post_tag","embeddable":true,"href":"https:\/\/www.radiopiu.net\/wordpress\/wp-json\/wp\/v2\/tags?post=448489"}],"curies":[{"name":"wp","href":"https:\/\/api.w.org\/{rel}","templated":true}]}}