{"id":449083,"date":"2025-05-14T05:44:44","date_gmt":"2025-05-14T03:44:44","guid":{"rendered":"https:\/\/www.radiopiu.net\/wordpress\/?p=449083"},"modified":"2025-05-14T05:50:42","modified_gmt":"2025-05-14T03:50:42","slug":"449083-2","status":"publish","type":"post","link":"https:\/\/www.radiopiu.net\/wordpress\/449083-2\/","title":{"rendered":"SOCCORSO NOTTURNO E DOPPIA EMERGENZA PER IL SUEM 118"},"content":{"rendered":"<p>**<\/p>\n<p class=\"\" data-start=\"0\" data-end=\"58\">\n<p class=\"\" data-start=\"60\" data-end=\"384\"><strong><img loading=\"lazy\" decoding=\"async\" class=\"alignleft\" src=\"https:\/\/www.radiopiu.net\/wordpress\/wp-content\/uploads\/2025\/05\/download-5.jpg\" width=\"194\" height=\"148\" \/>BELLUNO<\/strong> \u2013 Intervento urgente poco prima delle 4 di questa mattina per il personale del Suem 118 di Belluno, chiamato a soccorrere una donna di 45 anni di Castion colta da un improvviso malore. La paziente \u00e8 stata stabilizzata sul posto e trasportata d\u2019urgenza all\u2019ospedale San Martino, dove \u00e8 ricoverata in condizioni gravi.<\/p>\n<p class=\"\" data-start=\"60\" data-end=\"384\">Ieri sera, alle 19, doppio allarme per il Pronto Soccorso: prima \u00e8 intervenuto alla Costan di Limana per prestare soccorso a una lavoratrice di 25 anni rimasta lievemente ferita in un infortunio sul lavoro, fortunatamente senza gravi conseguenze. Subito dopo, negli stessi minuti, un ciclista tedesco di 71 anni \u00e8 stato soccorso in localit\u00e0 Mier a Belluno: caduto dalla bicicletta, \u00e8 stato trasportato in ospedale per accertamenti, riportando ferite di lieve entit\u00e0. In tutti i casi, la rapidit\u00e0 di pronto intervento\u00a0 ha garantito cure tempestive e la messa in sicurezza dei pazienti<\/p>\n<hr \/>\n<p data-start=\"60\" data-end=\"384\">\n","protected":false},"excerpt":{"rendered":"<p>** BELLUNO \u2013 Intervento urgente poco prima delle 4 di questa mattina per il personale del Suem 118 di Belluno, chiamato a soccorrere una donna di 45 anni di Castion colta da un improvviso malore. La paziente \u00e8 stata stabilizzata sul posto e trasportata d\u2019urgenza all\u2019ospedale San Martino, dove \u00e8 ricoverata in condizioni gravi. Ieri&hellip;<\/p>\n","protected":false},"author":4,"featured_media":449085,"comment_status":"closed","ping_status":"closed","sticky":false,"template":"","format":"standard","meta":{"_monsterinsights_skip_tracking":false,"_monsterinsights_sitenote_active":false,"_monsterinsights_sitenote_note":"","_monsterinsights_sitenote_category":0,"footnotes":""},"categories":[51,49],"tags":[],"class_list":["post-449083","post","type-post","status-publish","format-standard","has-post-thumbnail","hentry","category-evidenza-top","category-news-18","category-51","category-49","description-off"],"img_url":"https:\/\/www.radiopiu.net\/wordpress\/wp-content\/uploads\/2025\/05\/download-5.jpg","_links":{"self":[{"href":"https:\/\/www.radiopiu.net\/wordpress\/wp-json\/wp\/v2\/posts\/449083","targetHints":{"allow":["GET"]}}],"collection":[{"href":"https:\/\/www.radiopiu.net\/wordpress\/wp-json\/wp\/v2\/posts"}],"about":[{"href":"https:\/\/www.radiopiu.net\/wordpress\/wp-json\/wp\/v2\/types\/post"}],"author":[{"embeddable":true,"href":"https:\/\/www.radiopiu.net\/wordpress\/wp-json\/wp\/v2\/users\/4"}],"replies":[{"embeddable":true,"href":"https:\/\/www.radiopiu.net\/wordpress\/wp-json\/wp\/v2\/comments?post=449083"}],"version-history":[{"count":3,"href":"https:\/\/www.radiopiu.net\/wordpress\/wp-json\/wp\/v2\/posts\/449083\/revisions"}],"predecessor-version":[{"id":449088,"href":"https:\/\/www.radiopiu.net\/wordpress\/wp-json\/wp\/v2\/posts\/449083\/revisions\/449088"}],"wp:featuredmedia":[{"embeddable":true,"href":"https:\/\/www.radiopiu.net\/wordpress\/wp-json\/wp\/v2\/media\/449085"}],"wp:attachment":[{"href":"https:\/\/www.radiopiu.net\/wordpress\/wp-json\/wp\/v2\/media?parent=449083"}],"wp:term":[{"taxonomy":"category","embeddable":true,"href":"https:\/\/www.radiopiu.net\/wordpress\/wp-json\/wp\/v2\/categories?post=449083"},{"taxonomy":"post_tag","embeddable":true,"href":"https:\/\/www.radiopiu.net\/wordpress\/wp-json\/wp\/v2\/tags?post=449083"}],"curies":[{"name":"wp","href":"https:\/\/api.w.org\/{rel}","templated":true}]}}