{"id":451551,"date":"2025-05-29T15:16:16","date_gmt":"2025-05-29T13:16:16","guid":{"rendered":"https:\/\/www.radiopiu.net\/wordpress\/?p=451551"},"modified":"2025-05-29T15:17:27","modified_gmt":"2025-05-29T13:17:27","slug":"il-parco-del-coraggio-il-prefetto-angelo-un-esempio-per-tutta-la-comunita","status":"publish","type":"post","link":"https:\/\/www.radiopiu.net\/wordpress\/il-parco-del-coraggio-il-prefetto-angelo-un-esempio-per-tutta-la-comunita\/","title":{"rendered":"IL PARCO DEL CORAGGIO. IL PREFETTO &#8220;ANGELO, UN ESEMPIO PER TUTTA LA COMUNITA'&#8221;"},"content":{"rendered":"<p>**<\/p>\n<p><strong>ROCCA PIETORE<\/strong><\/p>\n<p data-start=\"86\" data-end=\"586\"><img loading=\"lazy\" decoding=\"async\" class=\"alignleft\" src=\"https:\/\/www.radiopiu.net\/wordpress\/wp-content\/uploads\/2025\/05\/Immagine-2025-05-29-151558.jpg\" width=\"303\" height=\"192\" \/>Il Prefetto ha espresso una forte emozione nel partecipare all\u2019intitolazione del parco giochi al piccolo Angelo, sottolineando come questo gesto rappresenti un riconoscimento meritato. Ha ricordato che, secondo una norma del 1927, non \u00e8 possibile intitolare spazi pubblici a persone decedute da meno di 10 anni. Tuttavia, \u00e8 prevista una deroga per coloro che, pur nella brevit\u00e0 della loro vita, si siano distinti per meriti eccezionali e abbiano rappresentato un esempio per la comunit\u00e0 e la nazione. In questo senso, Angelo \u2013 insieme alla sua famiglia \u2013 ha incarnato pienamente questi valori, diventando un simbolo di forza, coraggio e speranza non solo per Cortina e Rocca Pietore, ma per tutta la comunit\u00e0. Il Prefetto ha ringraziato il Sindaco e tutti coloro che hanno reso possibile questa iniziativa, evidenziando con commozione il valore del gesto anche da un punto di vista umano oltre che istituzionale. Infine, ha voluto sottolineare l\u2019importanza dell\u2019impegno dei compagni di classe di Angelo, che hanno fortemente voluto questa intitolazione, contribuendo a mantenere viva la sua memoria nel luogo dove oggi i bambini possono giocare e crescere ispirati dal suo esempio.<\/p>\n<p><strong>IL PREFETTO ANTONELLO ROCCOBERTON<\/strong><\/p>\n<audio class=\"wp-audio-shortcode\" id=\"audio-451551-1\" preload=\"none\" style=\"width: 100%;\" controls=\"controls\"><source type=\"audio\/mpeg\" src=\"https:\/\/www.radiopiu.net\/wordpress\/wp-content\/uploads\/2025\/05\/prefetto-di-belluno.mp3?_=1\" \/><a href=\"https:\/\/www.radiopiu.net\/wordpress\/wp-content\/uploads\/2025\/05\/prefetto-di-belluno.mp3\">https:\/\/www.radiopiu.net\/wordpress\/wp-content\/uploads\/2025\/05\/prefetto-di-belluno.mp3<\/a><\/audio>\n<p>&nbsp;<\/p>\n<p><strong>LA DIRETTA DI RADIOPIU<\/strong><\/p>\n<p><iframe loading=\"lazy\" title=\"INAUGURAZIONE PARCO GIOCHI SAVINER DI ROCCA PIETORE\" width=\"1200\" height=\"675\" src=\"https:\/\/www.youtube.com\/embed\/G7J-fG0EKnQ?start=1531&#038;feature=oembed\" frameborder=\"0\" allow=\"accelerometer; autoplay; clipboard-write; encrypted-media; gyroscope; picture-in-picture; web-share\" referrerpolicy=\"strict-origin-when-cross-origin\" allowfullscreen><\/iframe><\/p>\n<hr \/>\n<p>&nbsp;<\/p>\n","protected":false},"excerpt":{"rendered":"<p>** ROCCA PIETORE Il Prefetto ha espresso una forte emozione nel partecipare all\u2019intitolazione del parco giochi al piccolo Angelo, sottolineando come questo gesto rappresenti un riconoscimento meritato. Ha ricordato che, secondo una norma del 1927, non \u00e8 possibile intitolare spazi pubblici a persone decedute da meno di 10 anni. Tuttavia, \u00e8 prevista una deroga per&hellip;<\/p>\n","protected":false},"author":4,"featured_media":451556,"comment_status":"closed","ping_status":"closed","sticky":false,"template":"","format":"standard","meta":{"_monsterinsights_skip_tracking":false,"_monsterinsights_sitenote_active":false,"_monsterinsights_sitenote_note":"","_monsterinsights_sitenote_category":0,"footnotes":""},"categories":[51,49],"tags":[],"class_list":["post-451551","post","type-post","status-publish","format-standard","has-post-thumbnail","hentry","category-evidenza-top","category-news-18","category-51","category-49","description-off"],"img_url":"https:\/\/www.radiopiu.net\/wordpress\/wp-content\/uploads\/2025\/05\/Immagine-2025-05-29-151558.jpg","_links":{"self":[{"href":"https:\/\/www.radiopiu.net\/wordpress\/wp-json\/wp\/v2\/posts\/451551","targetHints":{"allow":["GET"]}}],"collection":[{"href":"https:\/\/www.radiopiu.net\/wordpress\/wp-json\/wp\/v2\/posts"}],"about":[{"href":"https:\/\/www.radiopiu.net\/wordpress\/wp-json\/wp\/v2\/types\/post"}],"author":[{"embeddable":true,"href":"https:\/\/www.radiopiu.net\/wordpress\/wp-json\/wp\/v2\/users\/4"}],"replies":[{"embeddable":true,"href":"https:\/\/www.radiopiu.net\/wordpress\/wp-json\/wp\/v2\/comments?post=451551"}],"version-history":[{"count":3,"href":"https:\/\/www.radiopiu.net\/wordpress\/wp-json\/wp\/v2\/posts\/451551\/revisions"}],"predecessor-version":[{"id":451560,"href":"https:\/\/www.radiopiu.net\/wordpress\/wp-json\/wp\/v2\/posts\/451551\/revisions\/451560"}],"wp:featuredmedia":[{"embeddable":true,"href":"https:\/\/www.radiopiu.net\/wordpress\/wp-json\/wp\/v2\/media\/451556"}],"wp:attachment":[{"href":"https:\/\/www.radiopiu.net\/wordpress\/wp-json\/wp\/v2\/media?parent=451551"}],"wp:term":[{"taxonomy":"category","embeddable":true,"href":"https:\/\/www.radiopiu.net\/wordpress\/wp-json\/wp\/v2\/categories?post=451551"},{"taxonomy":"post_tag","embeddable":true,"href":"https:\/\/www.radiopiu.net\/wordpress\/wp-json\/wp\/v2\/tags?post=451551"}],"curies":[{"name":"wp","href":"https:\/\/api.w.org\/{rel}","templated":true}]}}