{"id":452463,"date":"2025-06-05T11:19:12","date_gmt":"2025-06-05T09:19:12","guid":{"rendered":"https:\/\/www.radiopiu.net\/wordpress\/?p=452463"},"modified":"2025-06-05T16:33:11","modified_gmt":"2025-06-05T14:33:11","slug":"promozione-alla-io-spero-che-me-la-cavo-la-montagna-e-di-misurina-ma-il-post-e-da-madonna-di-campiglio","status":"publish","type":"post","link":"https:\/\/www.radiopiu.net\/wordpress\/promozione-alla-io-spero-che-me-la-cavo-la-montagna-e-di-misurina-ma-il-post-e-da-madonna-di-campiglio\/","title":{"rendered":"\u201cPROMOZIONE ALLA \u2018IO SPERO CHE ME LA CAVO\u2019: LA MONTAGNA \u00c8 DI MISURINA, MA IL POST \u00c8 DA MADONNA (DI CAMPIGLIO)\u201d"},"content":{"rendered":"<p>**<\/p>\n<p>di mirko mezzacasa<\/p>\n<p data-start=\"116\" data-end=\"526\">\u00c8 successo di nuovo: la geografia \u00e8 stata sequestrata, bendata e messa nel bagagliaio della pubblicit\u00e0 creativa. Su Facebook, un post promozionale annuncia con entusiasmo una veduta mozzafiato da <em data-start=\"312\" data-end=\"334\">Madonna di Campiglio<\/em>&#8230; Peccato che la montagna in questione sia di Misurina. S\u00ec, Veneto, non Trentino. Un dettaglio da poco, insomma. Come confondere il mare Adriatico con una pozzanghera in cortile. Viene da chiedersi: siamo davanti a un caso di genuina ignoranza alpina? Oppure qualcuno ha pensato: \u201cQueste montagne sono belle, chi vuoi che se ne accorga?\u201d. Un\u2019operazione da manuale: prendi una foto a caso, appiccicala al nome di un\u2019altra localit\u00e0, e via col turismo truffaldino. Tanto, che vuoi che ne sappia la gente? Ma attenzione, cari strateghi della bufala montana: le allodole, oggi, navigano su Google Maps. E quando arriveranno a Campiglio e non troveranno le Tre Cime all\u2019orizzonte, qualcun* dovr\u00e0 spiegare: \u201cEh\u2026 no, non sono nostre\u2026 Vi abbiamo preso in giro con classe e un pizzico di Photoshop.\u201d Risultato? Misurina ringrazia per la pubblicit\u00e0 gratuita. E le allodole, quelle vere, spiccano il volo verso lidi pi\u00f9 onesti.<\/p>\n<p><strong>IL COMMENTO DEL SINDACO DI ALLEGHE, DANILO DE TONI<\/strong><\/p>\n<audio class=\"wp-audio-shortcode\" id=\"audio-452463-1\" preload=\"none\" style=\"width: 100%;\" controls=\"controls\"><source type=\"audio\/mpeg\" src=\"https:\/\/www.radiopiu.net\/wordpress\/wp-content\/uploads\/2025\/06\/danilo-sindaco-misurina-1.mp3?_=1\" \/><a href=\"https:\/\/www.radiopiu.net\/wordpress\/wp-content\/uploads\/2025\/06\/danilo-sindaco-misurina-1.mp3\">https:\/\/www.radiopiu.net\/wordpress\/wp-content\/uploads\/2025\/06\/danilo-sindaco-misurina-1.mp3<\/a><\/audio>\n<p>&nbsp;<\/p>\n<p>&nbsp;<\/p>\n<p><a class=\"dt-pswp-item\" href=\"https:\/\/www.radiopiu.net\/wordpress\/wp-content\/uploads\/2025\/06\/Senza-nome-6.png\" data-dt-img-description=\"\" data-large_image_width=\"502\" data-large_image_height=\"147\"><img loading=\"lazy\" decoding=\"async\" class=\"alignnone wp-image-452466 size-full\" src=\"https:\/\/www.radiopiu.net\/wordpress\/wp-content\/uploads\/2025\/06\/Senza-nome-6.png\" alt=\"\" width=\"502\" height=\"147\" srcset=\"https:\/\/www.radiopiu.net\/wordpress\/wp-content\/uploads\/2025\/06\/Senza-nome-6.png 502w, https:\/\/www.radiopiu.net\/wordpress\/wp-content\/uploads\/2025\/06\/Senza-nome-6-300x88.png 300w\" sizes=\"auto, (max-width: 502px) 100vw, 502px\" \/><\/a><\/p>\n<p>&nbsp;<\/p>\n<p><a class=\"dt-pswp-item\" href=\"https:\/\/www.radiopiu.net\/wordpress\/wp-content\/uploads\/2025\/06\/Senza-nome-5.png\" data-dt-img-description=\"\" data-large_image_width=\"1347\" data-large_image_height=\"413\"><img loading=\"lazy\" decoding=\"async\" class=\"alignnone wp-image-452465 size-large\" src=\"https:\/\/www.radiopiu.net\/wordpress\/wp-content\/uploads\/2025\/06\/Senza-nome-5-1024x314.png\" alt=\"\" width=\"1024\" height=\"314\" srcset=\"https:\/\/www.radiopiu.net\/wordpress\/wp-content\/uploads\/2025\/06\/Senza-nome-5-1024x314.png 1024w, https:\/\/www.radiopiu.net\/wordpress\/wp-content\/uploads\/2025\/06\/Senza-nome-5-300x92.png 300w, https:\/\/www.radiopiu.net\/wordpress\/wp-content\/uploads\/2025\/06\/Senza-nome-5-768x235.png 768w, https:\/\/www.radiopiu.net\/wordpress\/wp-content\/uploads\/2025\/06\/Senza-nome-5.png 1347w\" sizes=\"auto, (max-width: 1024px) 100vw, 1024px\" \/><\/a><\/p>\n<h1><\/h1>\n<h1>originale<\/h1>\n<div class=\"Zjfvv JngXr\">\n<h1><\/h1>\n<h1 class=\"SJYb8\">Una catena montuosa coperta di neve sotto un cielo blu<\/h1>\n<\/div>\n<div class=\"Os3jN\">foto in HD di Dolomiti, Dolomiti, Cadini di Misurina e Carta da parati Dolomiti in Italie di Alex Mesmer (@petit_prince_alex)<br \/>\n<a href=\"https:\/\/www.radiopiu.net\/wordpress\/wp-content\/uploads\/2025\/06\/photo-1670909046396-2be6cc762900.avif\"><img loading=\"lazy\" decoding=\"async\" class=\"alignnone wp-image-452464\" src=\"https:\/\/www.radiopiu.net\/wordpress\/wp-content\/uploads\/2025\/06\/photo-1670909046396-2be6cc762900.avif\" alt=\"\" width=\"290\" height=\"435\" \/><\/a><audio class=\"wp-audio-shortcode\" id=\"audio-452463-2\" preload=\"none\" style=\"width: 100%;\" controls=\"controls\"><source type=\"audio\/mpeg\" src=\"https:\/\/www.radiopiu.net\/wordpress\/wp-content\/uploads\/2025\/06\/danilo-sindaco-misurina-1.mp3?_=2\" \/><a href=\"https:\/\/www.radiopiu.net\/wordpress\/wp-content\/uploads\/2025\/06\/danilo-sindaco-misurina-1.mp3\">https:\/\/www.radiopiu.net\/wordpress\/wp-content\/uploads\/2025\/06\/danilo-sindaco-misurina-1.mp3<\/a><\/audio>\n<\/div>\n","protected":false},"excerpt":{"rendered":"<p>** di mirko mezzacasa \u00c8 successo di nuovo: la geografia \u00e8 stata sequestrata, bendata e messa nel bagagliaio della pubblicit\u00e0 creativa. Su Facebook, un post promozionale annuncia con entusiasmo una veduta mozzafiato da Madonna di Campiglio&#8230; Peccato che la montagna in questione sia di Misurina. S\u00ec, Veneto, non Trentino. Un dettaglio da poco, insomma. Come&hellip;<\/p>\n","protected":false},"author":4,"featured_media":452465,"comment_status":"closed","ping_status":"closed","sticky":false,"template":"","format":"standard","meta":{"_monsterinsights_skip_tracking":false,"_monsterinsights_sitenote_active":false,"_monsterinsights_sitenote_note":"","_monsterinsights_sitenote_category":0,"footnotes":""},"categories":[51,49],"tags":[],"class_list":["post-452463","post","type-post","status-publish","format-standard","has-post-thumbnail","hentry","category-evidenza-top","category-news-18","category-51","category-49","description-off"],"img_url":"https:\/\/www.radiopiu.net\/wordpress\/wp-content\/uploads\/2025\/06\/Senza-nome-5.png","_links":{"self":[{"href":"https:\/\/www.radiopiu.net\/wordpress\/wp-json\/wp\/v2\/posts\/452463","targetHints":{"allow":["GET"]}}],"collection":[{"href":"https:\/\/www.radiopiu.net\/wordpress\/wp-json\/wp\/v2\/posts"}],"about":[{"href":"https:\/\/www.radiopiu.net\/wordpress\/wp-json\/wp\/v2\/types\/post"}],"author":[{"embeddable":true,"href":"https:\/\/www.radiopiu.net\/wordpress\/wp-json\/wp\/v2\/users\/4"}],"replies":[{"embeddable":true,"href":"https:\/\/www.radiopiu.net\/wordpress\/wp-json\/wp\/v2\/comments?post=452463"}],"version-history":[{"count":3,"href":"https:\/\/www.radiopiu.net\/wordpress\/wp-json\/wp\/v2\/posts\/452463\/revisions"}],"predecessor-version":[{"id":452510,"href":"https:\/\/www.radiopiu.net\/wordpress\/wp-json\/wp\/v2\/posts\/452463\/revisions\/452510"}],"wp:featuredmedia":[{"embeddable":true,"href":"https:\/\/www.radiopiu.net\/wordpress\/wp-json\/wp\/v2\/media\/452465"}],"wp:attachment":[{"href":"https:\/\/www.radiopiu.net\/wordpress\/wp-json\/wp\/v2\/media?parent=452463"}],"wp:term":[{"taxonomy":"category","embeddable":true,"href":"https:\/\/www.radiopiu.net\/wordpress\/wp-json\/wp\/v2\/categories?post=452463"},{"taxonomy":"post_tag","embeddable":true,"href":"https:\/\/www.radiopiu.net\/wordpress\/wp-json\/wp\/v2\/tags?post=452463"}],"curies":[{"name":"wp","href":"https:\/\/api.w.org\/{rel}","templated":true}]}}