{"id":452903,"date":"2025-06-09T13:30:27","date_gmt":"2025-06-09T11:30:27","guid":{"rendered":"https:\/\/www.radiopiu.net\/wordpress\/?p=452903"},"modified":"2025-06-10T06:01:53","modified_gmt":"2025-06-10T04:01:53","slug":"i-racconti-di-poalo-soppelsa-puntata-279","status":"publish","type":"post","link":"https:\/\/www.radiopiu.net\/wordpress\/i-racconti-di-poalo-soppelsa-puntata-279\/","title":{"rendered":"I RACCONTI DI PAOLO SOPPELSA &#8211; PUNTATA 279"},"content":{"rendered":"<p>********<\/p>\n<p>&nbsp;<\/p>\n<p><strong>GIORNI LIBERI<\/strong><\/p>\n<p><strong>AUDIO<\/strong><\/p>\n<audio class=\"wp-audio-shortcode\" id=\"audio-452903-1\" preload=\"none\" style=\"width: 100%;\" controls=\"controls\"><source type=\"audio\/mpeg\" src=\"https:\/\/www.radiopiu.net\/wordpress\/wp-content\/uploads\/2025\/06\/PAOLOS-1.mp3?_=1\" \/><a href=\"https:\/\/www.radiopiu.net\/wordpress\/wp-content\/uploads\/2025\/06\/PAOLOS-1.mp3\">https:\/\/www.radiopiu.net\/wordpress\/wp-content\/uploads\/2025\/06\/PAOLOS-1.mp3<\/a><\/audio>\n<p>&nbsp;<\/p>\n<p><a class=\"dt-pswp-item\" href=\"https:\/\/www.radiopiu.net\/wordpress\/wp-content\/uploads\/2025\/06\/ee38ff83-43d3-4fa3-aee7-96744ea39d97.jpg\" data-dt-img-description=\"\" data-large_image_width=\"1080\" data-large_image_height=\"608\"><img loading=\"lazy\" decoding=\"async\" class=\" wp-image-452905 alignleft\" src=\"https:\/\/www.radiopiu.net\/wordpress\/wp-content\/uploads\/2025\/06\/ee38ff83-43d3-4fa3-aee7-96744ea39d97-300x169.jpg\" alt=\"\" width=\"224\" height=\"126\" srcset=\"https:\/\/www.radiopiu.net\/wordpress\/wp-content\/uploads\/2025\/06\/ee38ff83-43d3-4fa3-aee7-96744ea39d97-300x169.jpg 300w, https:\/\/www.radiopiu.net\/wordpress\/wp-content\/uploads\/2025\/06\/ee38ff83-43d3-4fa3-aee7-96744ea39d97-1024x576.jpg 1024w, https:\/\/www.radiopiu.net\/wordpress\/wp-content\/uploads\/2025\/06\/ee38ff83-43d3-4fa3-aee7-96744ea39d97-768x432.jpg 768w, https:\/\/www.radiopiu.net\/wordpress\/wp-content\/uploads\/2025\/06\/ee38ff83-43d3-4fa3-aee7-96744ea39d97.jpg 1080w\" sizes=\"auto, (max-width: 224px) 100vw, 224px\" \/><\/a>A Belluno, le mattine dei primi giorni di giugno offrivano un&#8217;atmosfera lattiginosa che precedeva il caldo d&#8217;inizio estate. Il Serva mostrava il verde cupo dei suoi enormi prati e la Schiara lo scintillare dell&#8217;ultima neve che ornava la cima. La citt\u00e0 profumava di tiglio, e nel grande giardino della scuola Gabelli era tutto un vociare allegro di bambini che attendevano impazienti la fine dell&#8217;anno scolastico. Qualche ragazzino azzardava i pantaloncini corti e anche le maestre sfoggiavano abiti colorati e leggeri e pure sorrisi ben nascosti durante i mesi precedenti. Ormai era quasi tempo del rompete le righe e durante quelle ultime mattine, le lezioni si svolgevano svogliatamente nel grande giardino, all&#8217;ombra della pergola che a settembre sarebbe stata carica di uva americana. Solamente gli alunni di quinta mostravano visi seriosi; per loro la libert\u00e0 era pi\u00f9 lontana, gli esami incombevano e loro mostravano una certa agitazione e un p\u00f2 di invidia nei confronti degli spensierati compagni pi\u00f9 giovani. Durante quei pomeriggi sempre pi\u00f9 caldi non c&#8217;erano pi\u00f9 compiti da svolgere. Quel lungo tempo pomeridiano era speso giocando a calcio sull&#8217;asfalto rovente di qualche cortile oppure, durante quell\u2019inizio estate di met\u00e0 anni \u201880, con le biglie sul grande mucchio di sabbia dei lavori del metano. Si giocava anche alla sera, dopo cena ci si ritrovava a vivere quell\u2019imbrunire eterno di giugno che lentamente si insinuava fra le case e i condomini di Belluno Ovest. Era un tempo nuovo quello della fine della scuola, un tempo libero vissuto nella piacevole incertezza riguardante la data della nostra partenza destinazione Cencenighe. Sapevo che sarebbe accaduto a breve, ma non conoscevo il giorno preciso di questo evento sempre atteso. Nel frattempo vivevo con divertimento quei giorni liberi, salutavo qualche compagno di giochi che partiva per il mare e iniziavo a prepararmi anch&#8217;io per quella partenza che poteva essere anche improvvisa. Una sera, al termine della cena, prima di uscire mamma mi avrebbe detto \u201c&#8230;doman matina don in s\u00f9\u2026\u201d, e allora io, mentre il sole andava a morire dalle parti del Pizzocco, avrei giocato all&#8217;ultimo nascondino e poi salutato gli amici di sempre. All&#8217;indomani mi sarei svegliato ad orario di scuola, avrei consumato una colazione veloce e poi mi sarei accomodato sul sedile posteriore della 127 color del cielo, in compagnia della valigia e di qualche borsa. Saremmo partiti cos\u00ec, da una Belluno ancora immersa in un placido dormiveglia d&#8217;inizio estate, avremmo incrociato autobus pigri e vuoti e poi, a Mussoi, avremmo imboccato la Strada Madre correndo incontro alle nostre montagne che ci aspettavano vestite d&#8217;estate. Avrei ammirato dal finestrino il verde carico dei prati e i mille colori dei fiori di giugno, e poi ascoltato il canto deciso del motore della 127 che correva spedita lungo l\u2019Agordina. E poi avrei guardato il cielo, che ad ogni chilometro diventava sempre pi\u00f9 limpido mentre i sedili in similpelle nera iniziavano a scottare. La chiesa di Agordo, bianca e abbagliante illuminata dal primo sole, le alte pareti delle Pale e lass\u00f9 in alto, al centro della valle, il grigio severo della sud della Marmolada a chiudere quel perfetto orizzonte. Pochi minuti e poi la 127 si sarebbe fermata per qualche istante sotto casa. Io e mamma saremmo scesi quasi al volo e poi avrei ascoltato il prima &#8211; seconda deciso di pap\u00e0 che avrebbe proseguito il suo andare lungo la Val Cordevole, destinazione Val Fiorentina. Di l\u00ec a poco il sole ci avrebbe dato il suo benvenuto spuntando dalla cima del Pelsa; sarebbe stato quello il momento dell&#8217;inizio ufficiale dei miei giorni liberi vissuti lass\u00f9, dove il Biois, di notte, racconta le storie della sua valle.<\/p>\n<p>&nbsp;<\/p>\n<p>&nbsp;<\/p>\n<p>&nbsp;<\/p>\n<p>&nbsp;<\/p>\n<p>**********<\/p>\n","protected":false},"excerpt":{"rendered":"<p>******** &nbsp; GIORNI LIBERI AUDIO &nbsp; A Belluno, le mattine dei primi giorni di giugno offrivano un&#8217;atmosfera lattiginosa che precedeva il caldo d&#8217;inizio estate. Il Serva mostrava il verde cupo dei suoi enormi prati e la Schiara lo scintillare dell&#8217;ultima neve che ornava la cima. La citt\u00e0 profumava di tiglio, e nel grande giardino della&hellip;<\/p>\n","protected":false},"author":4,"featured_media":452905,"comment_status":"closed","ping_status":"closed","sticky":false,"template":"","format":"standard","meta":{"_monsterinsights_skip_tracking":false,"_monsterinsights_sitenote_active":false,"_monsterinsights_sitenote_note":"","_monsterinsights_sitenote_category":0,"footnotes":""},"categories":[51,49,112],"tags":[],"class_list":["post-452903","post","type-post","status-publish","format-standard","has-post-thumbnail","hentry","category-evidenza-top","category-news-18","category-racconti-soppelsa","category-51","category-49","category-112","description-off"],"img_url":"https:\/\/www.radiopiu.net\/wordpress\/wp-content\/uploads\/2025\/06\/ee38ff83-43d3-4fa3-aee7-96744ea39d97.jpg","_links":{"self":[{"href":"https:\/\/www.radiopiu.net\/wordpress\/wp-json\/wp\/v2\/posts\/452903","targetHints":{"allow":["GET"]}}],"collection":[{"href":"https:\/\/www.radiopiu.net\/wordpress\/wp-json\/wp\/v2\/posts"}],"about":[{"href":"https:\/\/www.radiopiu.net\/wordpress\/wp-json\/wp\/v2\/types\/post"}],"author":[{"embeddable":true,"href":"https:\/\/www.radiopiu.net\/wordpress\/wp-json\/wp\/v2\/users\/4"}],"replies":[{"embeddable":true,"href":"https:\/\/www.radiopiu.net\/wordpress\/wp-json\/wp\/v2\/comments?post=452903"}],"version-history":[{"count":2,"href":"https:\/\/www.radiopiu.net\/wordpress\/wp-json\/wp\/v2\/posts\/452903\/revisions"}],"predecessor-version":[{"id":452997,"href":"https:\/\/www.radiopiu.net\/wordpress\/wp-json\/wp\/v2\/posts\/452903\/revisions\/452997"}],"wp:featuredmedia":[{"embeddable":true,"href":"https:\/\/www.radiopiu.net\/wordpress\/wp-json\/wp\/v2\/media\/452905"}],"wp:attachment":[{"href":"https:\/\/www.radiopiu.net\/wordpress\/wp-json\/wp\/v2\/media?parent=452903"}],"wp:term":[{"taxonomy":"category","embeddable":true,"href":"https:\/\/www.radiopiu.net\/wordpress\/wp-json\/wp\/v2\/categories?post=452903"},{"taxonomy":"post_tag","embeddable":true,"href":"https:\/\/www.radiopiu.net\/wordpress\/wp-json\/wp\/v2\/tags?post=452903"}],"curies":[{"name":"wp","href":"https:\/\/api.w.org\/{rel}","templated":true}]}}