{"id":452994,"date":"2025-06-10T05:46:47","date_gmt":"2025-06-10T03:46:47","guid":{"rendered":"https:\/\/www.radiopiu.net\/wordpress\/?p=452994"},"modified":"2025-06-10T08:58:37","modified_gmt":"2025-06-10T06:58:37","slug":"giornale-radiopiu-10-giugno-2025-direttore-mirko-mezzacasa","status":"publish","type":"post","link":"https:\/\/www.radiopiu.net\/wordpress\/giornale-radiopiu-10-giugno-2025-direttore-mirko-mezzacasa\/","title":{"rendered":"GIORNALE RADIOPIU 10 GIUGNO 2025 DIRETTORE MIRKO MEZZACASA"},"content":{"rendered":"<p>*******<\/p>\n<p>&nbsp;<\/p>\n<p><em><span style=\"color: #ff0000;\"><a class=\"dt-pswp-item\" href=\"https:\/\/www.radiopiu.net\/wordpress\/wp-content\/uploads\/2024\/10\/Senza-nome-8.png\" data-dt-img-description=\"\" data-large_image_width=\"343\" data-large_image_height=\"303\"><img loading=\"lazy\" decoding=\"async\" class=\"wp-image-412130 alignleft\" src=\"https:\/\/www.radiopiu.net\/wordpress\/wp-content\/uploads\/2024\/10\/Senza-nome-8-300x265.png\" alt=\"\" width=\"105\" height=\"93\" srcset=\"https:\/\/www.radiopiu.net\/wordpress\/wp-content\/uploads\/2024\/10\/Senza-nome-8-300x265.png 300w, https:\/\/www.radiopiu.net\/wordpress\/wp-content\/uploads\/2024\/10\/Senza-nome-8.png 343w\" sizes=\"auto, (max-width: 105px) 100vw, 105px\" \/><\/a><\/span><\/em><strong><em><span style=\"color: #ff0000;\"> LA\u00a0 APP PER IOS-IPHONE di Nicola Vettorello<\/span><\/em><\/strong><\/p>\n<p><strong><span style=\"color: #0000ff;\"><a style=\"color: #0000ff;\" href=\"https:\/\/apps.apple.com\/it\/app\/radio-pi%C3%B9-emittente-agordina\/id1515939845\">https:\/\/apps.apple.com\/it\/app\/radio-pi%C3%B9-emittente-agordina\/id1515939845<\/a><\/span><\/strong><\/p>\n<p><strong><em style=\"color: #ff0000;\">LA\u00a0 APP RADIO\u00a0 PER ANDROID di Nicola Vettorello<\/em><\/strong><\/p>\n<p><strong><span style=\"color: #0000ff;\"><a style=\"color: #0000ff;\" href=\"https:\/\/play.google.com\/store\/apps\/details?id=net.radiopiu.iniko\" target=\"_blank\" rel=\"noopener noreferrer\">https:\/\/<\/a><a style=\"color: #0000ff;\" href=\"https:\/\/play.google.com\/store\/apps\/details?id=net.radiopiu.iniko\" target=\"_blank\" rel=\"noopener noreferrer\">play.google.com\/store\/apps\/details?id=net.radiopiu.iniko\u00a0\u00a0\u00a0\u00a0<\/a><\/span><\/strong><\/p>\n<p>&nbsp;<\/p>\n<p>&nbsp;<\/p>\n<hr \/>\n<p><span style=\"color: #0000ff;\">\u00a0<\/span><\/p>\n<p>&nbsp;<\/p>\n<blockquote>\n<h1 data-start=\"0\" data-end=\"60\"><strong data-start=\"0\" data-end=\"60\">OGGI SU RADIOPI\u00d9: MUSICA, informazione\u00a0 e dirette\u00a0<\/strong><\/h1>\n<\/blockquote>\n<p class=\"\" data-start=\"62\" data-end=\"463\"><strong><a class=\"dt-pswp-item\" href=\"https:\/\/www.radiopiu.net\/wordpress\/wp-content\/uploads\/2025\/05\/22eca61e-f34e-4db7-b1bc-c2f68ea50692.jpg\" data-dt-img-description=\"\" data-large_image_width=\"1224\" data-large_image_height=\"925\"><img loading=\"lazy\" decoding=\"async\" class=\" wp-image-451622 alignleft\" src=\"https:\/\/www.radiopiu.net\/wordpress\/wp-content\/uploads\/2025\/05\/22eca61e-f34e-4db7-b1bc-c2f68ea50692-300x227.jpg\" alt=\"\" width=\"169\" height=\"128\" srcset=\"https:\/\/www.radiopiu.net\/wordpress\/wp-content\/uploads\/2025\/05\/22eca61e-f34e-4db7-b1bc-c2f68ea50692-300x227.jpg 300w, https:\/\/www.radiopiu.net\/wordpress\/wp-content\/uploads\/2025\/05\/22eca61e-f34e-4db7-b1bc-c2f68ea50692-1024x774.jpg 1024w, https:\/\/www.radiopiu.net\/wordpress\/wp-content\/uploads\/2025\/05\/22eca61e-f34e-4db7-b1bc-c2f68ea50692-768x580.jpg 768w, https:\/\/www.radiopiu.net\/wordpress\/wp-content\/uploads\/2025\/05\/22eca61e-f34e-4db7-b1bc-c2f68ea50692.jpg 1224w\" sizes=\"auto, (max-width: 169px) 100vw, 169px\" \/><\/a>ALLE 8.05 <\/strong>LA RASSEGNA STAMPA LOCALE<strong> 8.25\u00a0 <\/strong>PIU&#8217; SIAMO 9.00 LA MUSICA COUNTRY DI ALEX NASCINBEN <strong>9.30 <\/strong>OGGI COME IERI CON SILVIA BALDO<strong> 10.00 <\/strong>SPECIALE SETTIMANA DELL&#8217;ACCOGLIENZA DA FONTANA IVO A PONTE NELLE ALPI <strong><span style=\"color: #000000;\">10.15 <\/span><\/strong><span style=\"color: #000000;\">MUSLA, CON MICHELA DA LA VALLE AGORDINA, DINTORN E FORA VIA, LE NOVE IN LACINO<\/span><span style=\"color: #000000;\">SE <strong>10.30<\/strong>\u00a0 GIACOMO BRESSAN, PRESIDENTE DELLA PROLOCO DI RIVAMONTE PRESENTA LA SAGRA DE SANT&#8217;ANTONI\u00a0 \u00a0 <strong>12.00<\/strong> IL LISCIO DI MIRCO BENCIVENNI <strong>12.30<\/strong> GR PRINCIPALE<strong> 13.20<\/strong> COLLAGE OPERAZIONE NOSTALGIA, LORIS SCUSSEL\u00a0<strong> 15.10<\/strong>\u00a0 ARCADE SHOW CON ELIA CASAGRANDE\u00a0 <strong>15.10<\/strong> CLASSIFICA UFFICIALE DI RADIOPIU MARCO GAZ\u00a0 <strong>16 45<\/strong> LE HIT STORICHE DI MIRCO BENCIVENNI <strong>19.05<\/strong> LE ANTICIPAZIONI DAL TG DI ANTENNA 3 DA UN\u2019IDEA DI TIZIANA BOLOGNANI <strong>19.20<\/strong> REPORTER MOSTRA A CANALE D AGORDO DI STEFANO MANNELLI GADGET RADIO E TV A TUTTO IL MONDO DI MARINA DONA&#8217;<\/span><strong><br \/>\n<\/strong><\/p>\n<p class=\"\" data-start=\"62\" data-end=\"463\"><span style=\"color: #0000ff;\"><strong>..L&#8217;ESTATE STA ARRIVANDO, LA SQUADRA DI RADIOPIU SI STA ALLENANDO, CI VEDIAMO &#8220;LIVE&#8221;\u00a0 A FELTRE IL 27 GIUGNO&#8230;. CON MARCO, MARINA, MORENO, GIANFRANCO, FRANCESCO, ELIA, ALESSIO, LUISA. BRUNELLA E&#8230;TANTE SORPRESE<\/strong><\/span><\/p>\n<p>&nbsp;<\/p>\n<p>&nbsp;<\/p>\n<hr \/>\n<p>&nbsp;<\/p>\n<p>&nbsp;<\/p>\n<div class=\"x11i5rnm xat24cr x1mh8g0r x1vvkbs xtlvy1s x126k92a\">\n<div dir=\"auto\">\n<div dir=\"auto\">\n<p><strong><a class=\"dt-pswp-item\" href=\"https:\/\/www.radiopiu.net\/wordpress\/wp-content\/uploads\/2024\/02\/2d44e751-d8a8-461b-8e22-d8e4e853b032.jpg\" data-dt-img-description=\"\" data-large_image_width=\"1600\" data-large_image_height=\"1200\"><img loading=\"lazy\" decoding=\"async\" class=\"wp-image-373307 alignleft\" src=\"https:\/\/www.radiopiu.net\/wordpress\/wp-content\/uploads\/2024\/02\/2d44e751-d8a8-461b-8e22-d8e4e853b032-300x225.jpg\" alt=\"\" width=\"105\" height=\"79\" srcset=\"https:\/\/www.radiopiu.net\/wordpress\/wp-content\/uploads\/2024\/02\/2d44e751-d8a8-461b-8e22-d8e4e853b032-300x225.jpg 300w, https:\/\/www.radiopiu.net\/wordpress\/wp-content\/uploads\/2024\/02\/2d44e751-d8a8-461b-8e22-d8e4e853b032-1024x768.jpg 1024w, https:\/\/www.radiopiu.net\/wordpress\/wp-content\/uploads\/2024\/02\/2d44e751-d8a8-461b-8e22-d8e4e853b032-768x576.jpg 768w, https:\/\/www.radiopiu.net\/wordpress\/wp-content\/uploads\/2024\/02\/2d44e751-d8a8-461b-8e22-d8e4e853b032-1536x1152.jpg 1536w, https:\/\/www.radiopiu.net\/wordpress\/wp-content\/uploads\/2024\/02\/2d44e751-d8a8-461b-8e22-d8e4e853b032.jpg 1600w\" sizes=\"auto, (max-width: 105px) 100vw, 105px\" \/><\/a>EL BAL DEL FIOR, DI GIULIANA DA RONCH, 10 GIUGNO<\/strong><strong>\u00a02025<\/strong><\/p>\n<\/div>\n<\/div>\n<div dir=\"auto\">\n<div dir=\"auto\">\n<audio class=\"wp-audio-shortcode\" id=\"audio-452994-1\" preload=\"none\" style=\"width: 100%;\" controls=\"controls\"><source type=\"audio\/mpeg\" src=\"https:\/\/www.radiopiu.net\/wordpress\/wp-content\/uploads\/2025\/06\/GMA.m4a?_=1\" \/><a href=\"https:\/\/www.radiopiu.net\/wordpress\/wp-content\/uploads\/2025\/06\/GMA.m4a\">https:\/\/www.radiopiu.net\/wordpress\/wp-content\/uploads\/2025\/06\/GMA.m4a<\/a><\/audio>\n<p>&nbsp;<\/p>\n<p>&nbsp;<\/p>\n<hr \/>\n<p>&nbsp;<\/p>\n<p>&nbsp;<\/p>\n<\/div>\n<\/div>\n<\/div>\n<div class=\"x11i5rnm xat24cr x1mh8g0r x1vvkbs xtlvy1s x126k92a\">\n<blockquote>\n<h1><strong><a class=\"dt-pswp-item\" href=\"https:\/\/www.radiopiu.net\/wordpress\/wp-content\/uploads\/2024\/10\/629301fd-708d-4f53-95c2-d28cbefd500f.jpg\" data-dt-img-description=\"\" data-large_image_width=\"1600\" data-large_image_height=\"1322\"><img loading=\"lazy\" decoding=\"async\" class=\"wp-image-413782 alignright\" src=\"https:\/\/www.radiopiu.net\/wordpress\/wp-content\/uploads\/2024\/10\/629301fd-708d-4f53-95c2-d28cbefd500f-300x248.jpg\" alt=\"\" width=\"106\" height=\"88\" srcset=\"https:\/\/www.radiopiu.net\/wordpress\/wp-content\/uploads\/2024\/10\/629301fd-708d-4f53-95c2-d28cbefd500f-300x248.jpg 300w, https:\/\/www.radiopiu.net\/wordpress\/wp-content\/uploads\/2024\/10\/629301fd-708d-4f53-95c2-d28cbefd500f-1024x846.jpg 1024w, https:\/\/www.radiopiu.net\/wordpress\/wp-content\/uploads\/2024\/10\/629301fd-708d-4f53-95c2-d28cbefd500f-768x635.jpg 768w, https:\/\/www.radiopiu.net\/wordpress\/wp-content\/uploads\/2024\/10\/629301fd-708d-4f53-95c2-d28cbefd500f-1536x1269.jpg 1536w, https:\/\/www.radiopiu.net\/wordpress\/wp-content\/uploads\/2024\/10\/629301fd-708d-4f53-95c2-d28cbefd500f.jpg 1600w\" sizes=\"auto, (max-width: 106px) 100vw, 106px\" \/><\/a><\/strong><\/h1>\n<h1><strong><a class=\"dt-pswp-item\" href=\"https:\/\/www.radiopiu.net\/wordpress\/wp-content\/uploads\/2024\/11\/th-18.jpg\" data-dt-img-description=\"\" data-large_image_width=\"156\" data-large_image_height=\"180\"><img loading=\"lazy\" decoding=\"async\" class=\"size-full wp-image-421611 alignleft\" src=\"https:\/\/www.radiopiu.net\/wordpress\/wp-content\/uploads\/2024\/11\/th-18.jpg\" alt=\"\" width=\"156\" height=\"180\" \/><\/a><\/strong><\/h1>\n<h1><strong>N di parom &#8211; L Almanach de la nosta jent<\/strong><\/h1>\n<\/blockquote>\n<p>&nbsp;<\/p>\n<p>Le voci: Davide Conedera, Agordo, Michela Dell&#8217;Osbel, La Valle Agordina Simone Ganz, Falcade Veronica Lezuo, Colle Santa Lucia. La voce nella sigla \u00e8 di Giorgia Taio<\/p>\n<p><strong>LA PUNTATA DI OGGI, 10 GIUGNO 2025<\/strong><\/p>\n<p>&nbsp;<\/p>\n<audio class=\"wp-audio-shortcode\" id=\"audio-452994-2\" preload=\"none\" style=\"width: 100%;\" controls=\"controls\"><source type=\"audio\/mpeg\" src=\"https:\/\/www.radiopiu.net\/wordpress\/wp-content\/uploads\/2025\/06\/AL2.mp3?_=2\" \/><a href=\"https:\/\/www.radiopiu.net\/wordpress\/wp-content\/uploads\/2025\/06\/AL2.mp3\">https:\/\/www.radiopiu.net\/wordpress\/wp-content\/uploads\/2025\/06\/AL2.mp3<\/a><\/audio>\n<p>&nbsp;<\/p>\n<\/div>\n<div class=\"x11i5rnm xat24cr x1mh8g0r x1vvkbs xtlvy1s x126k92a\">\n<div dir=\"auto\">\n<hr \/>\n<\/div>\n<\/div>\n<blockquote>\n<blockquote>\n<h1><span style=\"color: #ff0000;\">\u00a0<\/span><\/h1>\n<h1><span style=\"color: #ff0000;\">I podcast informativi del mattino &#8211; audio &#8211;\u00a0\u00a0<\/span><\/h1>\n<\/blockquote>\n<p><strong><a class=\"dt-pswp-item\" href=\"https:\/\/www.radiopiu.net\/wordpress\/wp-content\/uploads\/2024\/11\/6.jpg\" data-dt-img-description=\"\" data-large_image_width=\"177\" data-large_image_height=\"180\"><img loading=\"lazy\" decoding=\"async\" class=\"size-full wp-image-417911 alignleft\" src=\"https:\/\/www.radiopiu.net\/wordpress\/wp-content\/uploads\/2024\/11\/6.jpg\" alt=\"\" width=\"177\" height=\"180\" \/><\/a>LA RASSEGNA STAMPA NAZIONALE ALLA RADIO, OGNI GIORNO ALLE 5 E ALLE 6 DEL MATTINO <span style=\"color: #0000ff;\">viene pubblicata alle 6.00 <span style=\"color: #ff0000;\">DIRETTA RADIO\u00a0 \u00a0\u00a0<\/span><\/span><\/strong><\/p><\/blockquote>\n<p>&nbsp;<\/p>\n<p><strong>NOTIZIE DELLA NOTTE<br \/>\n<\/strong><\/p>\n<p><strong>Nuoto,<\/strong> la canadese McIntosh record mondiale anche nei 200 misti <strong>Borsa<\/strong>: Hong Kong poco mossa, apre a +0,01% <strong>&#8216;Massicci raid su Kiev<\/strong>, a Odessa colpite strutture mediche&#8217; <strong>Borsa:<\/strong> Tokyo, apertura in rialzo (+0,55%) <strong>Newsom<\/strong>: &#8216;Trump duplica la Guardia nazionale, spericolato&#8217; <strong>Newsom<\/strong>, &#8216;folle l&#8217;invio dei marines a Los Angeles&#8217; <strong>Donnarumma<\/strong> &#8216;sbagliato atteggiamento,Mondiale non si pu\u00f2 mancare&#8221;<br \/>\n<strong>&#8216;Trump<\/strong> manda 700 marines a Los Angeles&#8217;<\/p>\n<h1>AUDIO dalle 6 del mattino<\/h1>\n<audio class=\"wp-audio-shortcode\" id=\"audio-452994-3\" preload=\"none\" style=\"width: 100%;\" controls=\"controls\"><source type=\"audio\/mpeg\" src=\"https:\/\/www.radiopiu.net\/wordpress\/wp-content\/uploads\/2025\/06\/GIORNALEDELLESEI-3.mp3?_=3\" \/><a href=\"https:\/\/www.radiopiu.net\/wordpress\/wp-content\/uploads\/2025\/06\/GIORNALEDELLESEI-3.mp3\">https:\/\/www.radiopiu.net\/wordpress\/wp-content\/uploads\/2025\/06\/GIORNALEDELLESEI-3.mp3<\/a><\/audio>\n<p>&nbsp;<\/p>\n<p>&nbsp;<\/p>\n<hr \/>\n<p>&nbsp;<\/p>\n<h1 style=\"text-align: center;\"><span style=\"color: #ff0000;\"><a class=\"dt-pswp-item\" href=\"https:\/\/www.radiopiu.net\/wordpress\/wp-content\/uploads\/2024\/11\/7.jpg\" data-dt-img-description=\"\" data-large_image_width=\"180\" data-large_image_height=\"180\"><img loading=\"lazy\" decoding=\"async\" class=\"size-full wp-image-417912 alignleft\" src=\"https:\/\/www.radiopiu.net\/wordpress\/wp-content\/uploads\/2024\/11\/7.jpg\" alt=\"\" width=\"180\" height=\"180\" srcset=\"https:\/\/www.radiopiu.net\/wordpress\/wp-content\/uploads\/2024\/11\/7.jpg 180w, https:\/\/www.radiopiu.net\/wordpress\/wp-content\/uploads\/2024\/11\/7-150x150.jpg 150w\" sizes=\"auto, (max-width: 180px) 100vw, 180px\" \/><\/a>I podcast informativi del mattino &#8211; audio &#8211;\u00a0<\/span><\/h1>\n<p><strong>OGNI GIORNO ALLE SETTE DEL MATTINO, LA RASSEGNA STAMPA LOCALE FLASH&#8230; PER CHI VA IN FRETTA. I TITOLI DAI GIORNALI E DAL SITO WWW.RADIOPIU.NET <span style=\"color: #0000ff;\">viene pubblicato alle 7.00<\/span> <span style=\"color: #ff0000;\">DIRETTA RADIO\u00a0<\/span><\/strong><\/p>\n<p><em><span style=\"color: #ff0000;\">per chi va in fretta&#8230; tante notizie in pochi minuti. L&#8217;informazione locale alla radio, ogni ora dalle 7 del mattino alle 19 della sera.\u00a0\u00a0<\/span><\/em><\/p>\n<p><strong data-start=\"0\" data-end=\"62\">Notizie locali dal Bellunese: tra cronaca, eventi e novit\u00e0<\/strong><\/p>\n<div class=\"flex flex-1 grow basis-auto flex-col overflow-hidden\">\n<div class=\"relative h-full\">\n<div class=\"flex h-full flex-col overflow-y-auto [scrollbar-gutter:stable]\">\n<div class=\"mt-1.5 flex flex-col text-sm @thread-xl\/thread:pt-header-height md:pb-9\">\n<article class=\"group\/turn w-full text-token-text-primary focus-visible:outline-none\" dir=\"auto\" tabindex=\"-1\" data-testid=\"conversation-turn-2\" data-scroll-anchor=\"true\">\n<div class=\"text-base my-auto mx-auto py-5 px-6\">\n<div class=\"mx-auto flex flex-1 text-base gap-4 md:gap-5 lg:gap-6 md:max-w-3xl\">\n<div class=\"group\/conversation-turn relative flex w-full min-w-0 flex-col agent-turn @xs\/thread:px-0 @sm\/thread:px-1.5 @md\/thread:px-4\">\n<div class=\"relative flex-col gap-1 md:gap-3\">\n<div class=\"flex max-w-full flex-col flex-grow\">\n<div class=\"min-h-8 text-message relative flex w-full flex-col items-end gap-2 whitespace-normal break-words text-start [.text-message+&amp;]:mt-5\" dir=\"auto\" data-message-author-role=\"assistant\" data-message-id=\"bff05fc0-dc7c-4ab7-9b20-d3eec753127b\" data-message-model-slug=\"gpt-4o-mini\">\n<div class=\"flex w-full flex-col gap-1 empty:hidden first:pt-[3px]\">\n<div class=\"markdown prose w-full break-words dark:prose-invert dark\">\n<p class=\"\" data-start=\"64\" data-end=\"329\"><em><strong>Radio Pi\u00f9 offre una panoramica sui principali eventi e notizie in provincia di Belluno, accompagnata dalla programmazione radiofonica. Tra le principali notizie<\/strong><\/em><\/p>\n<\/div>\n<\/div>\n<\/div>\n<\/div>\n<\/div>\n<\/div>\n<\/div>\n<\/div>\n<\/article>\n<\/div>\n<\/div>\n<\/div>\n<\/div>\n<h1>AUDIO dalle 7 del mattino<\/h1>\n<audio class=\"wp-audio-shortcode\" id=\"audio-452994-4\" preload=\"none\" style=\"width: 100%;\" controls=\"controls\"><source type=\"audio\/mpeg\" src=\"https:\/\/www.radiopiu.net\/wordpress\/wp-content\/uploads\/2025\/06\/GF07-6.mp3?_=4\" \/><a href=\"https:\/\/www.radiopiu.net\/wordpress\/wp-content\/uploads\/2025\/06\/GF07-6.mp3\">https:\/\/www.radiopiu.net\/wordpress\/wp-content\/uploads\/2025\/06\/GF07-6.mp3<\/a><\/audio>\n<p>&nbsp;<\/p>\n<hr \/>\n<p>&nbsp;<\/p>\n<h1><\/h1>\n<h1 style=\"text-align: center;\"><span style=\"color: #ff0000;\"><a class=\"dt-pswp-item\" href=\"https:\/\/www.radiopiu.net\/wordpress\/wp-content\/uploads\/2024\/11\/th.jpg\" data-dt-img-description=\"\" data-large_image_width=\"148\" data-large_image_height=\"179\"><img loading=\"lazy\" decoding=\"async\" class=\" wp-image-417913 alignleft\" src=\"https:\/\/www.radiopiu.net\/wordpress\/wp-content\/uploads\/2024\/11\/th.jpg\" alt=\"\" width=\"66\" height=\"80\" \/><\/a>I podcast informativi del mattino &#8211; audio &#8211;\u00a0<\/span><\/h1>\n<blockquote><p><strong>GIORNALE RADIO NAZIONALE, EDIZIONE DELLE SETTE <span style=\"color: #0000ff;\">viene pubblicato alle 7.05 <span style=\"color: #ff0000;\">DIRETTA RADIO\u00a0<\/span><\/span><\/strong><\/p><\/blockquote>\n<p><strong>il giornale radionazionale e&#8217; in onda ogni ora, dalle sette del mattino alle venti della sera\u00a0 \u00a0\u00a0<\/strong><\/p>\n<p>&nbsp;<\/p>\n<blockquote>\n<h2><em> <a class=\"dt-pswp-item\" href=\"https:\/\/www.radiopiu.net\/wordpress\/wp-content\/uploads\/2025\/02\/download-7.jpg\" data-dt-img-description=\"\" data-large_image_width=\"211\" data-large_image_height=\"239\"><img loading=\"lazy\" decoding=\"async\" class=\" wp-image-435553 alignleft\" src=\"https:\/\/www.radiopiu.net\/wordpress\/wp-content\/uploads\/2025\/02\/download-7.jpg\" alt=\"\" width=\"186\" height=\"211\" \/><\/a><span style=\"color: #ff0000;\">RADIOPI\u00d9<\/span> \u2013 La voce del territorio, lo sguardo sul Paese.<\/em><\/h2>\n<\/blockquote>\n<p><b>\u00a0SARONNO\u00a0<\/b>Anziano ucciso in casa, fermata la nuora <strong>PORTICI<\/strong> Ucciso in spiaggia dopo lite, arrestato il 19enne <strong>AQUILA<\/strong> Una raccolta fondi per l&#8217;ultimo viaggio del giovane pakistano Rahamat, annegato nel lago Sinizzo\u00a0 <strong>ROMA\u00a0<\/strong> Delitto di Piersanti Mattarella, la Procura indaga su un&#8217;impronta.\u00a0 Trovata su auto usata da killer; sar\u00e0 comparata a Dna indagati <strong>CHIETI <\/strong>Scontro frontale fra due auto, quattro morti,tra le vittime anche un 27enne. <strong>LECCE<\/strong> &#8216;Non voleva prendere i farmaci&#8217;, 82enne uccide la moglie Mentre la donna dormiva le ha sparato alla testa con una pistola <strong>ROMA<\/strong> La bambina trovata morta a Villa Pamphili potrebbe essere stata strangolata Sul corpo della donna dei tatuaggi, serviranno per identificarla <strong>ROMA<\/strong> Maxi furto a casa Ferrero, rubati gioielli della moglie. Il colpo nell&#8217;abitazione romana dell&#8217;ex patron della Sampdoria MACERATA Investita sulle strisce da un furgone, muore a 15 anni. E&#8217; successo nel Maceratese, ferito un suo amico che non \u00e8 grave<\/p>\n<p>&nbsp;<\/p>\n<blockquote>\n<h2><span style=\"color: #ff0000;\">RADIOPI\u00d9<\/span> \u2013 Dalle Dolomiti alla pianura, i fatti che segnano la Regione.<\/h2>\n<\/blockquote>\n<p><strong><a class=\"dt-pswp-item\" href=\"https:\/\/www.radiopiu.net\/wordpress\/wp-content\/uploads\/2025\/02\/download-3.jpg\" data-dt-img-description=\"\" data-large_image_width=\"223\" data-large_image_height=\"226\"><img loading=\"lazy\" decoding=\"async\" class=\"size-full wp-image-434732 alignleft\" src=\"https:\/\/www.radiopiu.net\/wordpress\/wp-content\/uploads\/2025\/02\/download-3.jpg\" alt=\"\" width=\"223\" height=\"226\" \/><\/a><br \/>\n<\/strong><\/p>\n<p><strong>TREVISO<\/strong> Incendio in cella nel carcere minorile di Treviso Un detenuto e due agenti sono rimasti intossicati <strong>REFERENDUM<\/strong>\u00a0 in Veneto l&#8217;affluenza si ferma al 26,2% Il dato pi\u00f9 alto a Padova (28,7%), il pi\u00f9 basso a Verona (24,3%) <strong>VERONA<\/strong> Svastiche contro Israele all&#8217;ex lager di Montorio Veronese. Denuncia Casali (Fdi), &#8216;il Comune sconfessi episodi abominevoli&#8217; <strong>VICENZA<\/strong> In stazione ferroviaria con fucile ad aria compressa, arrestato. Carabinieri trovano una seconda arma e droga in casa <strong>VERONA<\/strong> Auto contro moto, muore coppia di fidanzati nel veronese. Incidente nel Comune di Malcesine <strong>VENEZIA<\/strong> Barche rovesciate alla Vogalonga, soccorsi 30 partecipanti. Intervento della Guardia Costiera, nessun ferito grave <strong>PADOVA<\/strong> Mutazioni di un enzima possono causare gravi malattie rare Lo studio di un team dell&#8217;Universit\u00e0 di Padova e del Vimm<\/p>\n<p>&nbsp;<\/p>\n<h1><span style=\"color: #ff0000;\"><span style=\"color: #0000ff;\">ULTIM&#8217;ORA<\/span> <span style=\"color: #000000;\">AUDIO dalle sette del mattino, ogni ora alla radio EDIZIONE DELLE SETTE<\/span><\/span><\/h1>\n<audio class=\"wp-audio-shortcode\" id=\"audio-452994-5\" preload=\"none\" style=\"width: 100%;\" controls=\"controls\"><source type=\"audio\/mpeg\" src=\"https:\/\/www.radiopiu.net\/wordpress\/wp-content\/uploads\/2025\/06\/giornale07-8.mp3?_=5\" \/><a href=\"https:\/\/www.radiopiu.net\/wordpress\/wp-content\/uploads\/2025\/06\/giornale07-8.mp3\">https:\/\/www.radiopiu.net\/wordpress\/wp-content\/uploads\/2025\/06\/giornale07-8.mp3<\/a><\/audio>\n<p>&nbsp;<\/p>\n<hr \/>\n<p>&nbsp;<\/p>\n<p>&nbsp;<\/p>\n<h1><span style=\"color: #ff0000;\"><a class=\"dt-pswp-item\" href=\"https:\/\/www.radiopiu.net\/wordpress\/wp-content\/uploads\/2024\/11\/8.jpg\" data-dt-img-description=\"\" data-large_image_width=\"180\" data-large_image_height=\"180\"><img loading=\"lazy\" decoding=\"async\" class=\"size-full wp-image-417910 alignleft\" src=\"https:\/\/www.radiopiu.net\/wordpress\/wp-content\/uploads\/2024\/11\/8.jpg\" alt=\"\" width=\"180\" height=\"180\" srcset=\"https:\/\/www.radiopiu.net\/wordpress\/wp-content\/uploads\/2024\/11\/8.jpg 180w, https:\/\/www.radiopiu.net\/wordpress\/wp-content\/uploads\/2024\/11\/8-150x150.jpg 150w\" sizes=\"auto, (max-width: 180px) 100vw, 180px\" \/><\/a>I podcast informativi del mattino &#8211; video &#8211;\u00a0<\/span><\/h1>\n<h2 style=\"text-align: left;\"><strong>RASSEGNA STAMPA LOCALE, ORE OTTO<\/strong><\/h2>\n<h2><strong> <span style=\"color: #0000ff;\">viene\u00a0 <\/span><\/strong><strong><span style=\"color: #0000ff;\">pubblicata alle 8.05 <span style=\"color: #ff0000;\">DIRETTA RADIO\u00a0 \u00a0<\/span><\/span><\/strong><strong>DI MIRKO MEZZACASA<\/strong><\/h2>\n<h1><span style=\"color: #ff0000;\"><strong>VIDEO\u00a0 \u00a0in diretta AGGIORNAMENTO\u00a0 dalle 8 del mattino\u00a0 \u00a0\u00a0<\/strong><\/span><\/h1>\n<p>&nbsp;<\/p>\n\n\t\t\t<style type='text\/css'>\n\t\t\t\t#gallery-1 {\n\t\t\t\t\tmargin: auto;\n\t\t\t\t}\n\t\t\t\t#gallery-1 .gallery-item {\n\t\t\t\t\tfloat: left;\n\t\t\t\t\tmargin-top: 10px;\n\t\t\t\t\ttext-align: center;\n\t\t\t\t\twidth: 33%;\n\t\t\t\t}\n\t\t\t\t#gallery-1 img {\n\t\t\t\t\tborder: 2px solid #cfcfcf;\n\t\t\t\t}\n\t\t\t\t#gallery-1 .gallery-caption {\n\t\t\t\t\tmargin-left: 0;\n\t\t\t\t}\n\t\t\t\t\/* see gallery_shortcode() in wp-includes\/media.php *\/\n\t\t\t<\/style>\n\t\t<div id='gallery-1' class='dt-gallery-container gallery galleryid-452994 gallery-columns-3 gallery-size-thumbnail'><dl class='gallery-item'>\n\t\t\t\t<dt class='gallery-icon landscape'>\n\t\t\t\t\t<a class=\"rollover rollover-zoom dt-pswp-item\" title=\"Screenshot 2025-06-10 052128\" data-dt-img-description=\"\" data-large_image_width=\"727\" data-large_image_height=\"373\"href='https:\/\/www.radiopiu.net\/wordpress\/wp-content\/uploads\/2025\/06\/Screenshot-2025-06-10-052128.png'><img loading=\"lazy\" decoding=\"async\" width=\"150\" height=\"150\" src=\"https:\/\/www.radiopiu.net\/wordpress\/wp-content\/uploads\/2025\/06\/Screenshot-2025-06-10-052128-150x150.png\" class=\"attachment-thumbnail size-thumbnail\" alt=\"\" \/><\/a>\n\t\t\t\t<\/dt><\/dl><dl class='gallery-item'>\n\t\t\t\t<dt class='gallery-icon landscape'>\n\t\t\t\t\t<a class=\"rollover rollover-zoom dt-pswp-item\" title=\"Screenshot 2025-06-10 052104\" data-dt-img-description=\"\" data-large_image_width=\"643\" data-large_image_height=\"303\"href='https:\/\/www.radiopiu.net\/wordpress\/wp-content\/uploads\/2025\/06\/Screenshot-2025-06-10-052104.png'><img loading=\"lazy\" decoding=\"async\" width=\"150\" height=\"150\" src=\"https:\/\/www.radiopiu.net\/wordpress\/wp-content\/uploads\/2025\/06\/Screenshot-2025-06-10-052104-150x150.png\" class=\"attachment-thumbnail size-thumbnail\" alt=\"\" \/><\/a>\n\t\t\t\t<\/dt><\/dl><dl class='gallery-item'>\n\t\t\t\t<dt class='gallery-icon landscape'>\n\t\t\t\t\t<a class=\"rollover rollover-zoom dt-pswp-item\" title=\"Screenshot 2025-06-10 052044\" data-dt-img-description=\"\" data-large_image_width=\"535\" data-large_image_height=\"287\"href='https:\/\/www.radiopiu.net\/wordpress\/wp-content\/uploads\/2025\/06\/Screenshot-2025-06-10-052044.png'><img loading=\"lazy\" decoding=\"async\" width=\"150\" height=\"150\" src=\"https:\/\/www.radiopiu.net\/wordpress\/wp-content\/uploads\/2025\/06\/Screenshot-2025-06-10-052044-150x150.png\" class=\"attachment-thumbnail size-thumbnail\" alt=\"\" \/><\/a>\n\t\t\t\t<\/dt><\/dl><br style=\"clear: both\" \/>\n\t\t\t<\/div>\n\n<p><iframe loading=\"lazy\" title=\"DAL 1983 LA RASSEGNA STAMPA LOCALE di mirko mezzacasa. L&#039;ORIGINALE\" width=\"1200\" height=\"675\" src=\"https:\/\/www.youtube.com\/embed\/bj6ABNjYcA4?feature=oembed\" frameborder=\"0\" allow=\"accelerometer; autoplay; clipboard-write; encrypted-media; gyroscope; picture-in-picture; web-share\" referrerpolicy=\"strict-origin-when-cross-origin\" allowfullscreen><\/iframe><\/p>\n<hr \/>\n<p>&nbsp;<\/p>\n<p>&nbsp;<\/p>\n<p>&nbsp;<\/p>\n<p><strong><a class=\"dt-pswp-item\" href=\"https:\/\/www.radiopiu.net\/wordpress\/wp-content\/uploads\/2023\/12\/ANTENNA.png\" data-dt-img-description=\"\" data-large_image_width=\"300\" data-large_image_height=\"166\"><img loading=\"lazy\" decoding=\"async\" class=\"wp-image-366306 alignright\" src=\"https:\/\/www.radiopiu.net\/wordpress\/wp-content\/uploads\/2023\/12\/ANTENNA.png\" alt=\"\" width=\"101\" height=\"56\" \/><\/a><a class=\"dt-pswp-item\" href=\"https:\/\/www.radiopiu.net\/wordpress\/wp-content\/uploads\/2024\/11\/th-17.jpg\" data-dt-img-description=\"\" data-large_image_width=\"224\" data-large_image_height=\"180\"><img loading=\"lazy\" decoding=\"async\" class=\" wp-image-421610 alignleft\" src=\"https:\/\/www.radiopiu.net\/wordpress\/wp-content\/uploads\/2024\/11\/th-17.jpg\" alt=\"\" width=\"167\" height=\"134\" \/><\/a>ogni sera alle 19 le anticipazioni alla radio, quello che poi seguirete nel TELEGIORNALE BELLUNESE\u00a0 in onda alle 19.30 sul CANALE 10 del digitale terrestre.\u00a0\u00a0<\/strong><\/p>\n<p><b>\u00a0\u00a0<\/b><\/p>\n<h1><span style=\"color: #ff0000;\"><strong>LE ANTICIPAZIONI DI TIZIANA BOLOGNANI<\/strong><\/span><\/h1>\n<audio class=\"wp-audio-shortcode\" id=\"audio-452994-6\" preload=\"none\" style=\"width: 100%;\" controls=\"controls\"><source type=\"audio\/mpeg\" src=\"https:\/\/www.radiopiu.net\/wordpress\/wp-content\/uploads\/2025\/06\/ANTENNA3-4.mp3?_=6\" \/><a href=\"https:\/\/www.radiopiu.net\/wordpress\/wp-content\/uploads\/2025\/06\/ANTENNA3-4.mp3\">https:\/\/www.radiopiu.net\/wordpress\/wp-content\/uploads\/2025\/06\/ANTENNA3-4.mp3<\/a><\/audio>\n<p>&nbsp;<\/p>\n<p>&nbsp;<\/p>\n<p>&nbsp;<\/p>\n<p>&nbsp;<\/p>\n<hr \/>\n<p>&nbsp;<\/p>\n<blockquote>\n<h3>ACQUA NON POTABILE A VOLTAGO E GOSALDO<\/h3>\n<\/blockquote>\n<p><strong>GOSALDO\u00a0<\/strong>in localit\u00e0 Vallasin l&#8217;acqua erogata dall&#8217;acquedotto non \u00e8 potabile e pu\u00f2 essere usata per scopi alimentari solo previa bollitura. SIB ha, comunque, gi\u00e0 adottato le necessarie misure di pulizia e disinfezione dell&#8217;acqua presente nei serbatoi e nella rete idrica.<\/p>\n<p><strong>VOLTAGO<\/strong> nelle localit\u00e0 Frassen\u00e8, Villa e Via Gioa l&#8217;acqua erogata dall&#8217;acquedotto non \u00e8 potabile e pu\u00f2 essere usata per scopi alimentari solo previa bollitura. Verr\u00e0 effettuato servizio sostitutivo con autobotte in Piazza Don Stefano Gorzegno.<\/p>\n<p>&nbsp;<\/p>\n<p>&nbsp;<\/p>\n<hr \/>\n<p>&nbsp;<\/p>\n<blockquote>\n<h3>ELENA ZANNIN, L&#8217; ESCURSIONISTA DISPERSA RITROVATA SENZA VITA<\/h3>\n<\/blockquote>\n<p><strong><a class=\"dt-pswp-item\" href=\"https:\/\/www.radiopiu.net\/wordpress\/wp-content\/uploads\/2025\/06\/Screenshot-2025-06-10-050236.png\" data-dt-img-description=\"\" data-large_image_width=\"295\" data-large_image_height=\"253\"><img loading=\"lazy\" decoding=\"async\" class=\"wp-image-453149 alignleft\" src=\"https:\/\/www.radiopiu.net\/wordpress\/wp-content\/uploads\/2025\/06\/Screenshot-2025-06-10-050236.png\" alt=\"\" width=\"150\" height=\"129\" \/><\/a>CESIOMAGGIORE<\/strong> Si \u00e8 conclusa tragicamente la scomparsa di Elena Zannin, 57 anni, residente a Feltre, dispersa lungo il Sentiero Corrado De Bastiani. La donna era partita per un\u2019escursione ad anello con destinazione il Bivacco Casera Bosc dei Boi, ma non ha fatto ritorno a casa e non rispondeva al telefono. L\u2019allarme \u00e8 scattato intorno alle 20.30 di domenica, dopo il ritrovamento della sua auto parcheggiata a Cesiomaggiore. Sono subito partite le ricerche da parte del Soccorso alpino di Feltre, con l\u2019ausilio dell\u2019elicottero del Suem di Pieve di Cadore, che ha sbarcato sei tecnici in quota. Altri otto soccorritori sono intervenuti via terra, mentre due coordinavano dal campo base. Alle 22.40 \u00e8 stato trovato un bastoncino in un tratto esposto sopra la Chiesetta di Sant\u2019Agapito. Poco distante, circa cento metri pi\u00f9 in basso, \u00e8 stato rinvenuto il corpo della donna, precipitata nel vuoto. Dopo l\u2019autorizzazione della magistratura, la salma \u00e8 stata recuperata e riportata a valle. Elena Zannin gestiva un salone di parrucchiera a Pedavena. Le operazioni si sono concluse attorno all\u20191.30 di notte. La morte di Elena Zannini ha colto di sorpresa sia la comunit\u00e0 di Farra dove la donna abitava, sia quella di Pedavena, dove era un&#8217;istituzione a livello commerciale grazie alla centralit\u00e0 del negozio e della qualit\u00e0 del servizio offerto alle clienti. La donna, sposata con Ferruccio Rizzo che per tanti anni \u00e8 stato il responsabile del negozio aziendale di Manifattura Valcismon, lascia il figlio Mattia, che lavora a sua volta nel nuovo store a Santa Lucia, la mamma Dora, le sorelle Mariangela, Luisa e Roberta, il fratello Paolo e numerosi altri parenti. I funerali si svolgeranno domani alle 16 nel duomo di Feltre. La famiglia chiede non fiori, ma donazioni per il Suem.<\/p>\n<p>&nbsp;<\/p>\n<blockquote>\n<h2 class=\"_title post-title entry-title\">ESCURSIONISTA 57 ENNE SCIVOLA E MUORE, IL SUO CORPO RITROVATO NELLA NOTTE<\/h2>\n<\/blockquote>\n<p>(Servizio di\u00a0<a href=\"https:\/\/antennatre.medianordest.it\/redazione\/Tiziana-Bolognani\/\">Tiziana Bolognani<\/a>)<\/p>\n<p><iframe loading=\"lazy\" title=\"ESCURSIONISTA 57 ENNE SCIVOLA E MUORE, IL SUO CORPO RITROVATO NELLA NOTTE | 09\/06\/2025\" width=\"1200\" height=\"675\" src=\"https:\/\/www.youtube.com\/embed\/2z-mQ3W43uQ?feature=oembed\" frameborder=\"0\" allow=\"accelerometer; autoplay; clipboard-write; encrypted-media; gyroscope; picture-in-picture; web-share\" referrerpolicy=\"strict-origin-when-cross-origin\" allowfullscreen><\/iframe><\/p>\n<p>&nbsp;<\/p>\n<hr \/>\n<p>&nbsp;<\/p>\n<blockquote>\n<p data-start=\"0\" data-end=\"47\"><strong data-start=\"0\" data-end=\"47\"><a class=\"dt-pswp-item\" href=\"https:\/\/www.radiopiu.net\/wordpress\/wp-content\/uploads\/2025\/06\/Screenshot-2025-06-10-050711.png\" data-dt-img-description=\"\" data-large_image_width=\"315\" data-large_image_height=\"199\"><img loading=\"lazy\" decoding=\"async\" class=\"wp-image-453152 alignleft\" src=\"https:\/\/www.radiopiu.net\/wordpress\/wp-content\/uploads\/2025\/06\/Screenshot-2025-06-10-050711-300x190.png\" alt=\"\" width=\"178\" height=\"113\" srcset=\"https:\/\/www.radiopiu.net\/wordpress\/wp-content\/uploads\/2025\/06\/Screenshot-2025-06-10-050711-300x190.png 300w, https:\/\/www.radiopiu.net\/wordpress\/wp-content\/uploads\/2025\/06\/Screenshot-2025-06-10-050711.png 315w\" sizes=\"auto, (max-width: 178px) 100vw, 178px\" \/><\/a>ADDIO A SILVANO DARUGNA, EX GIUDICE DI PACE<\/strong><\/p>\n<\/blockquote>\n<p data-start=\"49\" data-end=\"368\">Si \u00e8 spento a 83 anni Silvano Darugna, per anni giudice di pace a Feltre e Belluno. Laureato in giurisprudenza dopo il lavoro in banca, ha ricoperto la carica onoraria dal 2001 al 2016, gestendo cause civili e penali. I funerali si terranno domani alle 15.30 a Farra, dove viveva con la moglie Chiara e i quattro figli.<\/p>\n<p>&nbsp;<\/p>\n<p>&nbsp;<\/p>\n<p>&nbsp;<\/p>\n<hr \/>\n<p>&nbsp;<\/p>\n<p><span style=\"color: #ff0000;\">LA GIUDIZIARIA OGGI<\/span><br \/>\n<span style=\"color: #ff0000;\">DAL CORRIERE DELLE ALPI<\/span><br \/>\n<span style=\"color: #ff0000;\">SINTESI_GIGI SOSSO<\/span><\/p>\n<blockquote>\n<p data-start=\"0\" data-end=\"81\"><strong data-start=\"0\" data-end=\"81\">AGGRESSIONE CON CATENA PER UNA MOTOSEGA SPARITA: CHIESTO UN ANNO PER MARKOVIC<\/strong><\/p>\n<\/blockquote>\n<p data-start=\"83\" data-end=\"379\"><strong>BELLUNO<\/strong> Pestaggio brutale per una motosega scomparsa: GM ha patteggiato, mentre NM rischia un anno di carcere e 10 mila euro di risarcimento. La vittima, colpita anche con una catena, ha riportato un naso rotto e contusioni. Il giudice decider\u00e0 a luglio dopo le ultime repliche.<\/p>\n<blockquote>\n<p data-start=\"0\" data-end=\"59\"><strong data-start=\"0\" data-end=\"59\">AGGRESSIONE AL BAR SIMBA: IN TRE A PROCESSO PER LESIONI<\/strong><\/p>\n<\/blockquote>\n<p data-start=\"61\" data-end=\"381\"><strong>FELTRE<\/strong> Un cittadino egiziano \u00e8 stato picchiato fuori dal bar Simba l\u20198 luglio 2022 da tre macedoni, identificati come Erdin, Redjep e Sead Z. Dopo la denuncia ai carabinieri e il ricovero con 25 giorni di prognosi, la vittima si \u00e8 costituita parte civile. Il processo inizier\u00e0 l\u201911 settembre davanti al giudice Paolo Velo.<\/p>\n<blockquote>\n<p data-start=\"0\" data-end=\"68\"><strong data-start=\"0\" data-end=\"68\">CONDANNATO PER AVER INTIMIDITO UNA TESTIMONE: 6 MESI A PIETROBON<\/strong><\/p>\n<\/blockquote>\n<p data-start=\"70\" data-end=\"704\"><strong>FELTRE<\/strong> Una frase intimidatoria \u2014 \u00abLei non ricorda nulla, vero?\u00bb \u2014 rivolta a una testimone in tribunale, \u00e8 costata a CP una condanna a 6 mesi e 20 giorni per intralcio alla giustizia. Il fatto risale a tre anni fa, durante il processo sugli spari per gelosia a Villa di Villa. La donna, che si era presentata con un gatto nello zaino, sarebbe fuggita dopo l\u2019incontro con l\u2019imputato. L&#8217;uomo, gi\u00e0 coinvolto in vicende precedenti legate a minacce e spari, \u00e8 stato riconosciuto colpevole di aver intimidito la testimone, che era attesa per un\u2019audizione chiave. Il giudice ha concesso 90 giorni per il deposito delle motivazioni.<\/p>\n<blockquote>\n<p data-start=\"0\" data-end=\"52\"><strong data-start=\"0\" data-end=\"52\">CIRCONVENZIONE D\u2019INCAPACE: ACCUSA O GRATITUDINE?<\/strong><\/p>\n<\/blockquote>\n<p data-start=\"54\" data-end=\"616\"><strong>ALPAGO<\/strong> Secondo la Procura \u00e8 circonvenzione d\u2019incapace, per l\u2019imputata invece solo \u201cgratitudine\u201d. A processo una donna accusata di aver approfittato di un anziano agricoltore alpagoto, poi morto, da cui aveva ricevuto pagamenti universitari e la nomina ad erede universale. L\u2019uomo, con un patrimonio stimato oltre i 400 mila euro, sognava forse una relazione, mentre lei ha dichiarato: \u00abEra come uno zio\u00bb. Divergenze anche tra gli psichiatri: per l\u2019accusa era suggestionabile, per la difesa solo con lievi deficit cognitivi. Il caso resta aperto, tra affetti e sospetti.<\/p>\n<blockquote>\n<p data-start=\"0\" data-end=\"45\"><strong data-start=\"0\" data-end=\"45\">VIA LIBERA AI GARAGE DELL\u2019HOTEL A CORTINA<\/strong><\/p>\n<\/blockquote>\n<p data-start=\"47\" data-end=\"521\" data-is-last-node=\"\" data-is-only-node=\"\"><strong>CORTINA<\/strong> La Corte di Cassazione ha annullato le sentenze che vietavano il passaggio pedonale e automobilistico su un\u2019area condominiale davanti al Barisetti di Cortina, usata per accedere a due garage dell\u2019hotel. Tribunale e Corte d\u2019Appello avevano dato ragione ai condomini, ma la Suprema Corte ha accolto parte del ricorso dell\u2019albergo, respingendo la richiesta di risarcimento e i tentativi di bloccare il transito con sbarre o cancelli. Le spese processuali sono state compensate.<\/p>\n<hr \/>\n<p>&nbsp;<\/p>\n<blockquote>\n<p data-start=\"0\" data-end=\"71\"><strong data-start=\"0\" data-end=\"71\">VIGNUI, CARTELLONI E PROTESTE PER UNA VIA ANCORA CHIUSA DA TRE ANNI<\/strong><\/p>\n<\/blockquote>\n<p data-start=\"73\" data-end=\"395\"><strong>FELTRE<\/strong> Alla ex scuola elementare di Vignui, la comunit\u00e0 si \u00e8 riunita per chiedere la riapertura di via Vila, transennata da anni a causa di un rudere pericolante. Cartelloni, palloncini e un appello alla prefettura per sollecitare il Comune: i residenti propongono di abbattere l\u2019edificio e creare una piazza sicura per il paese. I proprietari del rudere sarebbero peraltro disposti a cederlo, ma serve qualcuno disposto a comprarlo e a ristrutturarlo per poter riaprire via Vila de Vignui. Oppure, \u00e8 la proposta che si sta facendo strada in paese, potrebbe essere il Comune ad acquisirlo per abbatterlo e realizzare l\u00ec una piazza frazionale, cambiando la destinazione urbanistica dell&#8217;area.<\/p>\n<p style=\"text-align: center;\"><a class=\"dt-pswp-item\" href=\"https:\/\/www.radiopiu.net\/wordpress\/wp-content\/uploads\/2025\/06\/Screenshot-2025-06-10-050501.png\" data-dt-img-description=\"\" data-large_image_width=\"771\" data-large_image_height=\"406\"><img loading=\"lazy\" decoding=\"async\" class=\"alignnone size-medium wp-image-453151\" src=\"https:\/\/www.radiopiu.net\/wordpress\/wp-content\/uploads\/2025\/06\/Screenshot-2025-06-10-050501-300x158.png\" alt=\"\" width=\"300\" height=\"158\" srcset=\"https:\/\/www.radiopiu.net\/wordpress\/wp-content\/uploads\/2025\/06\/Screenshot-2025-06-10-050501-300x158.png 300w, https:\/\/www.radiopiu.net\/wordpress\/wp-content\/uploads\/2025\/06\/Screenshot-2025-06-10-050501-768x404.png 768w, https:\/\/www.radiopiu.net\/wordpress\/wp-content\/uploads\/2025\/06\/Screenshot-2025-06-10-050501.png 771w\" sizes=\"auto, (max-width: 300px) 100vw, 300px\" \/>\u00a0<\/a><\/p>\n<p>&nbsp;<\/p>\n<hr \/>\n<p>&nbsp;<\/p>\n<blockquote>\n<h3>600 MILA EURO PER POTENZIARE SICUREZZA E SOCCORSO: NUOVE DOTAZIONI ALLE FORZE DELL\u2019ORDINE GRAZIE AL FONDO COMUNI CONFINANTI<\/h3>\n<\/blockquote>\n<p><strong>DI BARBARA PAOLAZZI<\/strong><\/p>\n<audio class=\"wp-audio-shortcode\" id=\"audio-452994-7\" preload=\"none\" style=\"width: 100%;\" controls=\"controls\"><source type=\"audio\/mpeg\" src=\"https:\/\/www.radiopiu.net\/wordpress\/wp-content\/uploads\/2025\/06\/PAOLAZZI-FCC-SICUREZZA-E-SOCCORSO.mp3?_=7\" \/><a href=\"https:\/\/www.radiopiu.net\/wordpress\/wp-content\/uploads\/2025\/06\/PAOLAZZI-FCC-SICUREZZA-E-SOCCORSO.mp3\">https:\/\/www.radiopiu.net\/wordpress\/wp-content\/uploads\/2025\/06\/PAOLAZZI-FCC-SICUREZZA-E-SOCCORSO.mp3<\/a><\/audio>\n<p>&nbsp;<\/p>\n<p><strong><a class=\"dt-pswp-item\" href=\"https:\/\/www.radiopiu.net\/wordpress\/wp-content\/uploads\/2025\/06\/1749465391012.jpg\" data-dt-img-description=\"\" data-large_image_width=\"1776\" data-large_image_height=\"890\"><img loading=\"lazy\" decoding=\"async\" class=\" wp-image-453073 alignleft\" src=\"https:\/\/www.radiopiu.net\/wordpress\/wp-content\/uploads\/2025\/06\/1749465391012-300x150.jpg\" alt=\"\" width=\"222\" height=\"111\" srcset=\"https:\/\/www.radiopiu.net\/wordpress\/wp-content\/uploads\/2025\/06\/1749465391012-300x150.jpg 300w, https:\/\/www.radiopiu.net\/wordpress\/wp-content\/uploads\/2025\/06\/1749465391012-1024x513.jpg 1024w, https:\/\/www.radiopiu.net\/wordpress\/wp-content\/uploads\/2025\/06\/1749465391012-768x385.jpg 768w, https:\/\/www.radiopiu.net\/wordpress\/wp-content\/uploads\/2025\/06\/1749465391012-1536x770.jpg 1536w, https:\/\/www.radiopiu.net\/wordpress\/wp-content\/uploads\/2025\/06\/1749465391012.jpg 1776w\" sizes=\"auto, (max-width: 222px) 100vw, 222px\" \/><\/a>BELLUNO<\/strong> Belluno investe 600 mila euro per rafforzare la sicurezza e il soccorso sul territorio montano, grazie a un progetto del Fondo Comuni Confinanti. Entro l\u2019autunno, Carabinieri, Polizia di Stato, Guardia di Finanza e Polizia Provinciale riceveranno nuove dotazioni come veicoli 4&#215;4, motoslitte, droni e uffici mobili, strumenti essenziali per operare in un territorio complesso e difficile da raggiungere. Il presidente del FCC, Dario Bond, ha sottolineato la portata innovativa dell\u2019iniziativa e ha anticipato un possibile sviluppo in ambito sanitario, con l\u2019uso di droni per il trasporto di materiali medici. Il progetto, definito strategico anche per la protezione civile, ha ricevuto ampi consensi. Il prefetto Roccoberton ha parlato di una sicurezza integrata e moderna, mentre la vicepresidente Calligaro ha evidenziato il ruolo attivo della Polizia Provinciale nell\u2019attuazione del piano. Anche il senatore De Carlo e l\u2019assessore regionale Bottacin hanno lodato l\u2019iniziativa, che punta a garantire sicurezza nelle aree pi\u00f9 difficili. Presenti alla conferenza anche rappresentanti delle Forze dell\u2019Ordine coinvolte.<\/p>\n<p data-start=\"3358\" data-end=\"3774\"><strong>DARIO BOND<\/strong><\/p>\n<audio class=\"wp-audio-shortcode\" id=\"audio-452994-8\" preload=\"none\" style=\"width: 100%;\" controls=\"controls\"><source type=\"audio\/mpeg\" src=\"https:\/\/www.radiopiu.net\/wordpress\/wp-content\/uploads\/2025\/06\/bond.mp3?_=8\" \/><a href=\"https:\/\/www.radiopiu.net\/wordpress\/wp-content\/uploads\/2025\/06\/bond.mp3\">https:\/\/www.radiopiu.net\/wordpress\/wp-content\/uploads\/2025\/06\/bond.mp3<\/a><\/audio>\n<p><strong>\u00a0<\/strong><\/p>\n<p><strong>SILVIA CALLIGARO<\/strong><\/p>\n<audio class=\"wp-audio-shortcode\" id=\"audio-452994-9\" preload=\"none\" style=\"width: 100%;\" controls=\"controls\"><source type=\"audio\/mpeg\" src=\"https:\/\/www.radiopiu.net\/wordpress\/wp-content\/uploads\/2025\/06\/calligaro-1.mp3?_=9\" \/><a href=\"https:\/\/www.radiopiu.net\/wordpress\/wp-content\/uploads\/2025\/06\/calligaro-1.mp3\">https:\/\/www.radiopiu.net\/wordpress\/wp-content\/uploads\/2025\/06\/calligaro-1.mp3<\/a><\/audio>\n<p data-start=\"3358\" data-end=\"3774\"><strong>\u00a0<\/strong><\/p>\n<p data-start=\"3358\" data-end=\"3774\"><strong>IL PREFETTO ROCCOBERTON<\/strong><\/p>\n<audio class=\"wp-audio-shortcode\" id=\"audio-452994-10\" preload=\"none\" style=\"width: 100%;\" controls=\"controls\"><source type=\"audio\/mpeg\" src=\"https:\/\/www.radiopiu.net\/wordpress\/wp-content\/uploads\/2025\/06\/prefetto-roccoberton.mp3?_=10\" \/><a href=\"https:\/\/www.radiopiu.net\/wordpress\/wp-content\/uploads\/2025\/06\/prefetto-roccoberton.mp3\">https:\/\/www.radiopiu.net\/wordpress\/wp-content\/uploads\/2025\/06\/prefetto-roccoberton.mp3<\/a><\/audio>\n<p>&nbsp;<\/p>\n<p>&nbsp;<\/p>\n<hr \/>\n<p>&nbsp;<\/p>\n<blockquote>\n<p data-start=\"0\" data-end=\"72\"><strong data-start=\"0\" data-end=\"72\"><a class=\"dt-pswp-item\" href=\"https:\/\/www.radiopiu.net\/wordpress\/wp-content\/uploads\/2025\/06\/Screenshot-2025-06-10-050007.png\" data-dt-img-description=\"\" data-large_image_width=\"431\" data-large_image_height=\"300\"><img loading=\"lazy\" decoding=\"async\" class=\"wp-image-453147 alignleft\" src=\"https:\/\/www.radiopiu.net\/wordpress\/wp-content\/uploads\/2025\/06\/Screenshot-2025-06-10-050007-300x209.png\" alt=\"\" width=\"169\" height=\"118\" srcset=\"https:\/\/www.radiopiu.net\/wordpress\/wp-content\/uploads\/2025\/06\/Screenshot-2025-06-10-050007-300x209.png 300w, https:\/\/www.radiopiu.net\/wordpress\/wp-content\/uploads\/2025\/06\/Screenshot-2025-06-10-050007.png 431w\" sizes=\"auto, (max-width: 169px) 100vw, 169px\" \/><\/a>GIUNTA DE PELLEGRIN, ARRIVA MALACARNE: MA LA MAGGIORANZA SCRICCHIOLA<\/strong><\/p>\n<\/blockquote>\n<p data-start=\"74\" data-end=\"655\">Manca solo l\u2019ufficialit\u00e0, ma Stefania Malacarne \u00e8 la nuova scelta del sindaco De Pellegrin per la giunta. Professionista con esperienze anche in societ\u00e0 pubbliche, prender\u00e0 le deleghe al bilancio, alleggerendo Paolo Gamba. Tuttavia, la nomina ha creato tensioni: Forza Italia e Patto per Belluno non erano stati informati, mentre i gruppi \u201cfedeli\u201d (Lega, FdI e Belluno al centro) erano gi\u00e0 a conoscenza. L\u2019assessore uscente Simonetta Buttignon, destinata a essere sostituita, non ha ancora ricevuto comunicazioni formali. La firma del decreto potrebbe arrivare nei prossimi giorni.<\/p>\n<p>&nbsp;<\/p>\n<p>&nbsp;<\/p>\n<hr \/>\n<p>&nbsp;<\/p>\n<blockquote>\n<h3>L&#8217;INTITOLAZIONE A LEONARDO DEL VECCHIO DI PARTE DELLA FRAZIONE VALCOZZENA NEL CONSIGLIO COMUNALE DI AGORDO<\/h3>\n<p><em>\u00abLa nostra proposta\u00bb, ha spiegato il sindaco, \u00abnasce dalla volont\u00e0 condivisa tra il Comune di Agordo e l&#8217;azienda stessa di rendere omaggio a una figura straordinaria che ha profondamente segnato la storia industriale, economica e sociale del nostro territorio\u00bb.<\/em><\/p><\/blockquote>\n<p><strong>AGORDO <\/strong>Il consiglio comunale di Agordo ha approvato all\u2019unanimit\u00e0 la proposta di intitolare una parte della frazione Valcozzena a Leonardo Del Vecchio, fondatore di Luxottica, dove sorge lo stabilimento storico dell\u2019azienda. Il sindaco Chissal\u00e8 ha spiegato che si chieder\u00e0 una deroga al Governo per superare la norma che impone di attendere dieci anni dalla scomparsa prima di intitolare una via.<\/p>\n<p data-start=\"467\" data-end=\"902\" data-is-last-node=\"\" data-is-only-node=\"\">Del Vecchio \u00e8 ricordato come figura rivoluzionaria che ha trasformato Agordo in un polo mondiale dell\u2019occhialeria, creando un\u2019impresa che unisce produzione, distribuzione e attenzione ai lavoratori. Il sindaco ha sottolineato la sua leadership silenziosa e vicinanza agli operai, che per lui erano persone e famiglie, non semplici numeri. L\u2019iniziativa vuole rendere omaggio a un \u201cvisionario\u201d che ha segnato profondamente il territorio. Nella diretta di RADIOPIU (canali social) l&#8217;intervento del sindaco Roberto Chissal\u00e8 e dei tre consiglieri di minoranza. Il sindaco ha\u00a0 passato in rassegna la pi\u00f9 recente vita professionale del &#8220;visionario&#8221;, tanto da meritarsi mezza dozzina di lauree honoris causa ed altri titoli.<\/p>\n<p><strong>LA DIRETTA RADIO PIU&#8217;<\/strong><\/p>\n<p><iframe loading=\"lazy\" title=\"CONSIGLIO COMUNALE DI AGORDO - 09 GIUGNO 2025\" width=\"1200\" height=\"900\" src=\"https:\/\/www.youtube.com\/embed\/pK47VfHf_E4?feature=oembed\" frameborder=\"0\" allow=\"accelerometer; autoplay; clipboard-write; encrypted-media; gyroscope; picture-in-picture; web-share\" referrerpolicy=\"strict-origin-when-cross-origin\" allowfullscreen><\/iframe><\/p>\n<p>&nbsp;<\/p>\n<hr \/>\n<p>&nbsp;<\/p>\n<blockquote>\n<h3>CRESCE IL PATRIMONIO CULTURALE ONLINE: QUASI 120 SITI CENSITI SUL PORTALE CARTO DEL COMUNE DI BELLUNO<\/h3>\n<\/blockquote>\n<p><strong><a class=\"dt-pswp-item\" href=\"https:\/\/www.radiopiu.net\/wordpress\/wp-content\/uploads\/2025\/06\/be147415-6828-4727-a6a4-c7a9ef18e978-scaled.jpg\" data-dt-img-description=\"\" data-large_image_width=\"2560\" data-large_image_height=\"1920\"><img loading=\"lazy\" decoding=\"async\" class=\" wp-image-453079 alignleft\" src=\"https:\/\/www.radiopiu.net\/wordpress\/wp-content\/uploads\/2025\/06\/be147415-6828-4727-a6a4-c7a9ef18e978-300x225.jpg\" alt=\"\" width=\"187\" height=\"140\" srcset=\"https:\/\/www.radiopiu.net\/wordpress\/wp-content\/uploads\/2025\/06\/be147415-6828-4727-a6a4-c7a9ef18e978-300x225.jpg 300w, https:\/\/www.radiopiu.net\/wordpress\/wp-content\/uploads\/2025\/06\/be147415-6828-4727-a6a4-c7a9ef18e978-1024x768.jpg 1024w, https:\/\/www.radiopiu.net\/wordpress\/wp-content\/uploads\/2025\/06\/be147415-6828-4727-a6a4-c7a9ef18e978-768x576.jpg 768w, https:\/\/www.radiopiu.net\/wordpress\/wp-content\/uploads\/2025\/06\/be147415-6828-4727-a6a4-c7a9ef18e978-1536x1152.jpg 1536w, https:\/\/www.radiopiu.net\/wordpress\/wp-content\/uploads\/2025\/06\/be147415-6828-4727-a6a4-c7a9ef18e978-2048x1536.jpg 2048w\" sizes=\"auto, (max-width: 187px) 100vw, 187px\" \/><\/a>BELLUNO<\/strong> Si arricchisce il patrimonio dei siti culturali censiti su Carto, il portale cartografico del Comune di Belluno. Ora sono quasi 120 i palazzi, le chiese e i monumenti raccontati online.<\/p>\n<p><strong>DI DANIELE DALVIT<\/strong><\/p>\n<audio class=\"wp-audio-shortcode\" id=\"audio-452994-11\" preload=\"none\" style=\"width: 100%;\" controls=\"controls\"><source type=\"audio\/mpeg\" src=\"https:\/\/www.radiopiu.net\/wordpress\/wp-content\/uploads\/2025\/06\/Servizio-Carto-cultura-Belluno.mp3?_=11\" \/><a href=\"https:\/\/www.radiopiu.net\/wordpress\/wp-content\/uploads\/2025\/06\/Servizio-Carto-cultura-Belluno.mp3\">https:\/\/www.radiopiu.net\/wordpress\/wp-content\/uploads\/2025\/06\/Servizio-Carto-cultura-Belluno.mp3<\/a><\/audio>\n<p>&nbsp;<\/p>\n<hr \/>\n<p>&nbsp;<\/p>\n<blockquote>\n<h2>BASSA AFFLUENZA AI REFERENDUM IN PROVINCIA DI BELLUNO<\/h2>\n<\/blockquote>\n<p><strong><img loading=\"lazy\" decoding=\"async\" class=\"alignleft\" src=\"https:\/\/www.radiopiu.net\/wordpress\/wp-content\/uploads\/2025\/06\/download-5.jpg\" width=\"104\" height=\"69\" \/>BELLUNO<\/strong><\/p>\n<article class=\"text-token-text-primary w-full\" dir=\"auto\" data-testid=\"conversation-turn-122\" data-scroll-anchor=\"true\">\n<div class=\"text-base my-auto mx-auto py-5 [--thread-content-margin:--spacing(4)] @[37rem]:[--thread-content-margin:--spacing(6)] @[72rem]:[--thread-content-margin:--spacing(16)] px-(--thread-content-margin)\">\n<div class=\"[--thread-content-max-width:32rem] @[34rem]:[--thread-content-max-width:40rem] @[64rem]:[--thread-content-max-width:48rem] mx-auto flex max-w-(--thread-content-max-width) flex-1 text-base gap-4 md:gap-5 lg:gap-6 group\/turn-messages focus-visible:outline-hidden\" tabindex=\"-1\">\n<div class=\"group\/conversation-turn relative flex w-full min-w-0 flex-col agent-turn\">\n<div class=\"relative flex-col gap-1 md:gap-3\">\n<div class=\"flex max-w-full flex-col grow\">\n<div class=\"min-h-8 text-message relative flex w-full flex-col items-end gap-2 text-start break-words whitespace-normal [.text-message+&amp;]:mt-5\" dir=\"auto\" data-message-author-role=\"assistant\" data-message-id=\"a48b0653-6efd-48e1-8d72-718c3d295a10\" data-message-model-slug=\"gpt-4-1-mini\">\n<div class=\"flex w-full flex-col gap-1 empty:hidden first:pt-[3px]\">\n<div class=\"markdown prose dark:prose-invert w-full break-words dark\">\n<p data-start=\"59\" data-end=\"525\" data-is-last-node=\"\" data-is-only-node=\"\">Solo il 24,7% dei bellunesi ha votato ai cinque referendum su lavoro e cittadinanza, con Soverzene vicino al quorum (46,58%) e Belluno intorno al 30%. I principali partiti commentano: Sinistra Italiana vede il bicchiere mezzo pieno nonostante l\u2019appello all\u2019astensione, il Pd sottolinea che i votanti superano quelli delle ultime elezioni politiche locali, mentre il centrodestra parla di sconfitta delle opposizioni e boccia i quesiti come pretestuosi o inopportuni.<\/p>\n<\/div>\n<\/div>\n<\/div>\n<\/div>\n<\/div>\n<\/div>\n<\/div>\n<\/div>\n<\/article>\n<div class=\"flex items-center\"><\/div>\n<div><strong>IERI SERA, ANTICIPAZIONI AL TG DI ANTENNA 3<\/strong><\/div>\n<div>\n<p><strong>DI TIZIANA BOLOGNANI<\/strong><\/p>\n<audio class=\"wp-audio-shortcode\" id=\"audio-452994-12\" preload=\"none\" style=\"width: 100%;\" controls=\"controls\"><source type=\"audio\/mpeg\" src=\"https:\/\/www.radiopiu.net\/wordpress\/wp-content\/uploads\/2025\/06\/TIZIANA-2.mp3?_=12\" \/><a href=\"https:\/\/www.radiopiu.net\/wordpress\/wp-content\/uploads\/2025\/06\/TIZIANA-2.mp3\">https:\/\/www.radiopiu.net\/wordpress\/wp-content\/uploads\/2025\/06\/TIZIANA-2.mp3<\/a><\/audio>\n<\/div>\n<div><\/div>\n<div><\/div>\n<p>&nbsp;<\/p>\n<hr \/>\n<p>&nbsp;<\/p>\n<blockquote>\n<h3>\u201cSPOPOLAMENTO IRREVERSIBILE?\u201d: UN CONFRONTO APERTO SUL FUTURO DELLE TERRE ALTE<\/h3>\n<\/blockquote>\n<p><strong><a class=\"dt-pswp-item\" href=\"https:\/\/www.radiopiu.net\/wordpress\/wp-content\/uploads\/2025\/06\/Screenshot-2025-06-09-112032.png\" data-dt-img-description=\"\" data-large_image_width=\"1053\" data-large_image_height=\"491\"><img loading=\"lazy\" decoding=\"async\" class=\" wp-image-453054 alignleft\" src=\"https:\/\/www.radiopiu.net\/wordpress\/wp-content\/uploads\/2025\/06\/Screenshot-2025-06-09-112032-300x140.png\" alt=\"\" width=\"219\" height=\"102\" srcset=\"https:\/\/www.radiopiu.net\/wordpress\/wp-content\/uploads\/2025\/06\/Screenshot-2025-06-09-112032-300x140.png 300w, https:\/\/www.radiopiu.net\/wordpress\/wp-content\/uploads\/2025\/06\/Screenshot-2025-06-09-112032-1024x477.png 1024w, https:\/\/www.radiopiu.net\/wordpress\/wp-content\/uploads\/2025\/06\/Screenshot-2025-06-09-112032-768x358.png 768w, https:\/\/www.radiopiu.net\/wordpress\/wp-content\/uploads\/2025\/06\/Screenshot-2025-06-09-112032.png 1053w\" sizes=\"auto, (max-width: 219px) 100vw, 219px\" \/><\/a>PEDAVENA <\/strong>\u00c8 disponibile la registrazione integrale del convegno <em data-start=\"175\" data-end=\"206\">\u201cSpopolamento irreversibile?\u201d<\/em>, svoltosi sabato scorso in occasione dell\u2019assemblea del movimento, un momento di riflessione collettiva su una delle tematiche pi\u00f9 urgenti per le aree montane: il calo demografico e il futuro dei piccoli comuni. L\u2019incontro ha visto la partecipazione di esperti, amministratori locali, giovani imprenditori e rappresentanti del mondo associativo, che si sono confrontati sulle cause, le conseguenze e \u2013 soprattutto \u2013 le possibili risposte al fenomeno dello spopolamento, troppo spesso considerato ineluttabile. Il dibattito ha messo in luce non solo criticit\u00e0, ma anche esperienze virtuose e modelli alternativi di sviluppo sostenibile e inclusivo, basati sulla valorizzazione del territorio, dei servizi essenziali, del lavoro locale e di una rinnovata partecipazione civica. La registrazione integrale del convegno \u00e8 ora disponibile per tutti coloro che non hanno potuto partecipare in presenza, con l\u2019invito a continuare il dialogo e contribuire con idee e proposte.<\/p>\n<h2 style=\"text-align: center;\">Registrazione integrale del convegno &#8220;Spopolamento irreversibile?&#8221; organizzato sabato, in occasione dell&#8217;assemblea del movimento.<\/h2>\n<h1 style=\"text-align: center;\"><span style=\"color: #0000ff;\"><a style=\"color: #0000ff;\" href=\"https:\/\/www.facebook.com\/BellunoAutonoma\/videos\/2152387728537707\">CLICCA QUI<\/a><\/span><\/h1>\n<p>&nbsp;<\/p>\n<hr \/>\n<p>&nbsp;<\/p>\n<blockquote>\n<h3>FINE ANNO SCOLASTICO, FESTA \u201cDOPPIA\u201d PER IL LICEO LOLLINO \u00abGUARDIAMO AI PROSSIMI ANNI CON NUOVA FIDUCIA\u00bb<\/h3>\n<\/blockquote>\n<p><strong><a class=\"dt-pswp-item\" href=\"https:\/\/www.radiopiu.net\/wordpress\/wp-content\/uploads\/2025\/06\/e9d22233-6371-49bc-990c-3bb2c358e77e.jpg\" data-dt-img-description=\"\" data-large_image_width=\"2048\" data-large_image_height=\"1140\"><img loading=\"lazy\" decoding=\"async\" class=\" wp-image-453061 alignleft\" src=\"https:\/\/www.radiopiu.net\/wordpress\/wp-content\/uploads\/2025\/06\/e9d22233-6371-49bc-990c-3bb2c358e77e-300x167.jpg\" alt=\"\" width=\"232\" height=\"129\" srcset=\"https:\/\/www.radiopiu.net\/wordpress\/wp-content\/uploads\/2025\/06\/e9d22233-6371-49bc-990c-3bb2c358e77e-300x167.jpg 300w, https:\/\/www.radiopiu.net\/wordpress\/wp-content\/uploads\/2025\/06\/e9d22233-6371-49bc-990c-3bb2c358e77e-1024x570.jpg 1024w, https:\/\/www.radiopiu.net\/wordpress\/wp-content\/uploads\/2025\/06\/e9d22233-6371-49bc-990c-3bb2c358e77e-768x428.jpg 768w, https:\/\/www.radiopiu.net\/wordpress\/wp-content\/uploads\/2025\/06\/e9d22233-6371-49bc-990c-3bb2c358e77e-1536x855.jpg 1536w, https:\/\/www.radiopiu.net\/wordpress\/wp-content\/uploads\/2025\/06\/e9d22233-6371-49bc-990c-3bb2c358e77e.jpg 2048w\" sizes=\"auto, (max-width: 232px) 100vw, 232px\" \/><\/a>BELLUNO<\/strong> Sabato scorso, al campo sportivo di Caleipo, il Liceo Lollino ha celebrato una doppia festa: la fine dell\u2019anno scolastico e l\u2019avvio della nuova gestione dell\u2019istituto. Studenti, famiglie, insegnanti e il personale scolastico si sono ritrovati per condividere un momento di gioia e speranza per il futuro. La continuit\u00e0 del Liceo \u00e8 stata garantita da \u201cScuole per Crescere\u201d, progetto promosso dalla Fondazione San Giovanni Paolo II, che ha avviato un piano di rilancio con l\u2019obiettivo di mantenere l\u2019attuale offerta formativa e potenziarla in chiave moderna e internazionale. In quest\u2019ottica, sono gi\u00e0 in corso nuovi progetti per arricchire la didattica e migliorare le dotazioni tecnologiche, con l\u2019obiettivo di creare ambienti di apprendimento pi\u00f9 inclusivi e stimolanti. Commovente il saluto dei maturandi, che hanno ringraziato la scuola per il percorso umano e culturale vissuto. La giornata si \u00e8 conclusa con giochi, attivit\u00e0 sportive e un pranzo collettivo. Francesco Galli, presidente degli Amici del Lollino, ha sottolineato che quella che sembrava la fine dell\u2019istituto si \u00e8 trasformata in una nuova e promettente ripartenza.<\/p>\n<p>&nbsp;<\/p>\n<hr \/>\n<p>&nbsp;<\/p>\n<blockquote>\n<h2><a class=\"dt-pswp-item\" href=\"https:\/\/www.radiopiu.net\/wordpress\/wp-content\/uploads\/2022\/06\/GRANDE-BAITA-CIVETTA.jpg\" data-dt-img-description=\"\" data-large_image_width=\"2046\" data-large_image_height=\"1534\"><img loading=\"lazy\" decoding=\"async\" class=\"wp-image-283272 alignleft\" src=\"https:\/\/www.radiopiu.net\/wordpress\/wp-content\/uploads\/2022\/06\/GRANDE-BAITA-CIVETTA-300x225.jpg\" alt=\"\" width=\"187\" height=\"140\" srcset=\"https:\/\/www.radiopiu.net\/wordpress\/wp-content\/uploads\/2022\/06\/GRANDE-BAITA-CIVETTA-300x225.jpg 300w, https:\/\/www.radiopiu.net\/wordpress\/wp-content\/uploads\/2022\/06\/GRANDE-BAITA-CIVETTA-1024x768.jpg 1024w, https:\/\/www.radiopiu.net\/wordpress\/wp-content\/uploads\/2022\/06\/GRANDE-BAITA-CIVETTA-768x576.jpg 768w, https:\/\/www.radiopiu.net\/wordpress\/wp-content\/uploads\/2022\/06\/GRANDE-BAITA-CIVETTA-1536x1152.jpg 1536w, https:\/\/www.radiopiu.net\/wordpress\/wp-content\/uploads\/2022\/06\/GRANDE-BAITA-CIVETTA.jpg 2046w\" sizes=\"auto, (max-width: 187px) 100vw, 187px\" \/><\/a>DA SABATO VIA ALLA STAGIONE NEL COMPRENSORIO DEL CIVETTA<\/h2>\n<\/blockquote>\n<div class=\"articlePlainText\"><strong>Cabinovia Alleghe \u2013 Piani di Pezz\u00e8<\/strong><\/div>\n<div class=\"articlePlainText\">\n<div class=\"articlePlainText\">Ormai mancano pochi giorni al via della stagione per permettere a turisti e valligiani di salire in alto e godere dei paesaggi dolomitici, dando spazio anche agli appassionati di mountain bike. Pecol-Pian del Crep con Alleghe-Piani di Pezz\u00e8 e Piani di Pezz\u00e8-Col dei Baldi saranno i primi impianti a mettere in azione i motori da sabato,<\/div>\n<p>Assieme alla cabinovia Piani di Pezz\u00e8-Col dei Baldi, apre da sabato fino al 14 settembre dalle 8.30 alle 17.30 con orario continuato. I prezzi: andata e ritorno 16 euro, andata e ritorno con Col dei Baldi 23 euro, andata singolo impianto 11,50 euro, andata due impianti 16 euro . Sconto per i ragazzi fino ai 18 anni e riduzioni per gli acquisti online.<\/p>\n<\/div>\n<div><\/div>\n<div><\/div>\n<p>&nbsp;<\/p>\n<hr \/>\n<p>&nbsp;<\/p>\n<blockquote>\n<h3>GLI ASTROFOTOGRAFI DEL \u00abGALILEI-TIZIANO\u00bb CATTURANO DUE STELLE NOVAE<\/h3>\n<\/blockquote>\n<p><strong>BELLUNO<\/strong> Al Liceo \u201cGalilei-Tiziano\u201d, un corso di astrofotografia guidato dal prof. Stefano De Toffol ha coinvolto 15 studenti appassionati, finanziato dal PNRR. Durante una serata di osservazioni, il telescopio dell\u2019osservatorio scolastico ha immortalato per caso due stelle novae nella galassia di Bode (M81), evento avvenuto 12 milioni di anni fa, pochi minuti prima della loro scoperta ufficiale. La scoperta, condivisa con l\u2019astrofilo Claudio Balcon, ha entusiasmato il gruppo, sottolineando l\u2019importanza delle novae come \u201ccandele standard\u201d per misurare distanze cosmiche. Il progetto \u00e8 reso possibile grazie al sostegno della scuola, del Gruppo Astrofili Bellunese e di esperti come Balcon e Adriano Ghedina del TNG di Las Palmas. De Toffol ricorda con affetto il compianto Massimo Ottone, fondatore dell\u2019osservatorio. L\u2019esperienza ha acceso nei ragazzi non solo la luce delle stelle, ma anche la passione per la scienza e la ricerca.<\/p>\n\n\t\t\t<style type='text\/css'>\n\t\t\t\t#gallery-2 {\n\t\t\t\t\tmargin: auto;\n\t\t\t\t}\n\t\t\t\t#gallery-2 .gallery-item {\n\t\t\t\t\tfloat: left;\n\t\t\t\t\tmargin-top: 10px;\n\t\t\t\t\ttext-align: center;\n\t\t\t\t\twidth: 20%;\n\t\t\t\t}\n\t\t\t\t#gallery-2 img {\n\t\t\t\t\tborder: 2px solid #cfcfcf;\n\t\t\t\t}\n\t\t\t\t#gallery-2 .gallery-caption {\n\t\t\t\t\tmargin-left: 0;\n\t\t\t\t}\n\t\t\t\t\/* see gallery_shortcode() in wp-includes\/media.php *\/\n\t\t\t<\/style>\n\t\t<div id='gallery-2' class='dt-gallery-container gallery galleryid-452994 gallery-columns-5 gallery-size-thumbnail'><dl class='gallery-item'>\n\t\t\t\t<dt class='gallery-icon landscape'>\n\t\t\t\t\t<a class=\"rollover\" href='https:\/\/www.radiopiu.net\/wordpress\/giornale-radiopiu-10-giugno-2025-direttore-mirko-mezzacasa\/studenti-astrofotografia\/'><img loading=\"lazy\" decoding=\"async\" width=\"150\" height=\"150\" src=\"https:\/\/www.radiopiu.net\/wordpress\/wp-content\/uploads\/2025\/06\/Studenti-Astrofotografia-150x150.jpeg\" class=\"attachment-thumbnail size-thumbnail\" alt=\"\" \/><\/a>\n\t\t\t\t<\/dt><\/dl><dl class='gallery-item'>\n\t\t\t\t<dt class='gallery-icon landscape'>\n\t\t\t\t\t<a class=\"rollover\" href='https:\/\/www.radiopiu.net\/wordpress\/giornale-radiopiu-10-giugno-2025-direttore-mirko-mezzacasa\/verso-il-focobon-e-il-mulaz-da-fuchiade\/'><img loading=\"lazy\" decoding=\"async\" width=\"150\" height=\"150\" src=\"https:\/\/www.radiopiu.net\/wordpress\/wp-content\/uploads\/2025\/06\/M51-3960s-150x150.jpg\" class=\"attachment-thumbnail size-thumbnail\" alt=\"\" aria-describedby=\"gallery-2-453099\" \/><\/a>\n\t\t\t\t<\/dt>\n\t\t\t\t\t<dd class='wp-caption-text gallery-caption' id='gallery-2-453099'>\n\t\t\t\t\tVerso il Focobon e il Mulaz da Fuchiade\n\t\t\t\t\t<\/dd><\/dl><dl class='gallery-item'>\n\t\t\t\t<dt class='gallery-icon landscape'>\n\t\t\t\t\t<a class=\"rollover\" href='https:\/\/www.radiopiu.net\/wordpress\/giornale-radiopiu-10-giugno-2025-direttore-mirko-mezzacasa\/verso-il-focobon-e-il-mulaz-da-fuchiade-2\/'><img loading=\"lazy\" decoding=\"async\" width=\"150\" height=\"150\" src=\"https:\/\/www.radiopiu.net\/wordpress\/wp-content\/uploads\/2025\/06\/M101-150x150.jpg\" class=\"attachment-thumbnail size-thumbnail\" alt=\"\" aria-describedby=\"gallery-2-453100\" \/><\/a>\n\t\t\t\t<\/dt>\n\t\t\t\t\t<dd class='wp-caption-text gallery-caption' id='gallery-2-453100'>\n\t\t\t\t\tVerso il Focobon e il Mulaz da Fuchiade\n\t\t\t\t\t<\/dd><\/dl><dl class='gallery-item'>\n\t\t\t\t<dt class='gallery-icon landscape'>\n\t\t\t\t\t<a class=\"rollover\" href='https:\/\/www.radiopiu.net\/wordpress\/giornale-radiopiu-10-giugno-2025-direttore-mirko-mezzacasa\/ingradimento-con-indicazione-novae\/'><img loading=\"lazy\" decoding=\"async\" width=\"150\" height=\"150\" src=\"https:\/\/www.radiopiu.net\/wordpress\/wp-content\/uploads\/2025\/06\/Ingradimento-con-indicazione-novae-150x150.jpeg\" class=\"attachment-thumbnail size-thumbnail\" alt=\"\" \/><\/a>\n\t\t\t\t<\/dt><\/dl><dl class='gallery-item'>\n\t\t\t\t<dt class='gallery-icon landscape'>\n\t\t\t\t\t<a class=\"rollover\" href='https:\/\/www.radiopiu.net\/wordpress\/giornale-radiopiu-10-giugno-2025-direttore-mirko-mezzacasa\/cav_colore_rgb\/'><img loading=\"lazy\" decoding=\"async\" width=\"150\" height=\"150\" src=\"https:\/\/www.radiopiu.net\/wordpress\/wp-content\/uploads\/2025\/06\/Cav_Colore_RGB-150x150.jpg\" class=\"attachment-thumbnail size-thumbnail\" alt=\"\" srcset=\"https:\/\/www.radiopiu.net\/wordpress\/wp-content\/uploads\/2025\/06\/Cav_Colore_RGB-150x150.jpg 150w, https:\/\/www.radiopiu.net\/wordpress\/wp-content\/uploads\/2025\/06\/Cav_Colore_RGB-300x297.jpg 300w, https:\/\/www.radiopiu.net\/wordpress\/wp-content\/uploads\/2025\/06\/Cav_Colore_RGB-1024x1015.jpg 1024w, https:\/\/www.radiopiu.net\/wordpress\/wp-content\/uploads\/2025\/06\/Cav_Colore_RGB-768x761.jpg 768w, https:\/\/www.radiopiu.net\/wordpress\/wp-content\/uploads\/2025\/06\/Cav_Colore_RGB-1536x1522.jpg 1536w, https:\/\/www.radiopiu.net\/wordpress\/wp-content\/uploads\/2025\/06\/Cav_Colore_RGB-2048x2029.jpg 2048w\" sizes=\"auto, (max-width: 150px) 100vw, 150px\" \/><\/a>\n\t\t\t\t<\/dt><\/dl><br style=\"clear: both\" \/>\n\t\t\t<\/div>\n\n<p>&nbsp;<\/p>\n<hr \/>\n<p>&nbsp;<\/p>\n<blockquote>\n<h2>RIVAMONTE CELEBRA I 25 ANNI DEL GRUPPO FOLK DEL P\u00d3I TRA TRADIZIONI E BALLETTI POPOLARI<\/h2>\n<\/blockquote>\n<p><strong>RIVAMONTE- POI\u00a0<\/strong><\/p>\n<p data-start=\"97\" data-end=\"305\">Domenica 15 giugno, in occasione della Sagra di Sant\u2019Antonio a Rivamonte Agordino, l\u2019intera giornata sar\u00e0 dedicata alla cultura popolare con i festeggiamenti per il 25\u00b0 anniversario del Gruppo Folk del P\u00f3i. Alle ore 14.00 partir\u00e0 dal centro storico la sfilata dei gruppi folk della provincia di Belluno, accompagnati dal leggendario Om Salvarech. Il suggestivo personaggio dei boschi dar\u00e0 il via ai festeggiamenti con il suo tradizionale ballo propiziatorio presso il tendone della Sagra. Seguiranno l\u2019esibizione del Gruppo Folk del P\u00f3i e la presentazione di <em data-start=\"662\" data-end=\"674\">Balagordin<\/em>, un progetto che raccoglie dieci danze popolari agordine in una speciale chiavetta usb, disponibile in un\u2019originale confezione regalo. Il pomeriggio si concluder\u00e0 con la festa da ballo aperta a tutti, accompagnata dalla musica dal vivo dei \u201cDie Durstigen\u201d. In caso di maltempo, l\u2019intero programma si svolger\u00e0 sotto il tendone. Un\u2019occasione da non perdere per riscoprire e vivere insieme le radici della cultura agordina.<\/p>\n\n\t\t\t<style type='text\/css'>\n\t\t\t\t#gallery-3 {\n\t\t\t\t\tmargin: auto;\n\t\t\t\t}\n\t\t\t\t#gallery-3 .gallery-item {\n\t\t\t\t\tfloat: left;\n\t\t\t\t\tmargin-top: 10px;\n\t\t\t\t\ttext-align: center;\n\t\t\t\t\twidth: 33%;\n\t\t\t\t}\n\t\t\t\t#gallery-3 img {\n\t\t\t\t\tborder: 2px solid #cfcfcf;\n\t\t\t\t}\n\t\t\t\t#gallery-3 .gallery-caption {\n\t\t\t\t\tmargin-left: 0;\n\t\t\t\t}\n\t\t\t\t\/* see gallery_shortcode() in wp-includes\/media.php *\/\n\t\t\t<\/style>\n\t\t<div id='gallery-3' class='dt-gallery-container gallery galleryid-452994 gallery-columns-3 gallery-size-thumbnail'><dl class='gallery-item'>\n\t\t\t\t<dt class='gallery-icon portrait'>\n\t\t\t\t\t<a class=\"rollover rollover-zoom dt-pswp-item\" title=\"IMG_5994\" data-dt-img-description=\"\" data-large_image_width=\"1282\" data-large_image_height=\"1814\"href='https:\/\/www.radiopiu.net\/wordpress\/wp-content\/uploads\/2025\/06\/IMG_5994.jpg'><img loading=\"lazy\" decoding=\"async\" width=\"150\" height=\"150\" src=\"https:\/\/www.radiopiu.net\/wordpress\/wp-content\/uploads\/2025\/06\/IMG_5994-150x150.jpg\" class=\"attachment-thumbnail size-thumbnail\" alt=\"\" \/><\/a>\n\t\t\t\t<\/dt><\/dl><dl class='gallery-item'>\n\t\t\t\t<dt class='gallery-icon landscape'>\n\t\t\t\t\t<a class=\"rollover rollover-zoom dt-pswp-item\" title=\"4df345d2-0c8b-451e-982d-db7a467fcabd\" data-dt-img-description=\"\" data-large_image_width=\"1357\" data-large_image_height=\"913\"href='https:\/\/www.radiopiu.net\/wordpress\/wp-content\/uploads\/2025\/06\/4df345d2-0c8b-451e-982d-db7a467fcabd.jpeg'><img loading=\"lazy\" decoding=\"async\" width=\"150\" height=\"150\" src=\"https:\/\/www.radiopiu.net\/wordpress\/wp-content\/uploads\/2025\/06\/4df345d2-0c8b-451e-982d-db7a467fcabd-150x150.jpeg\" class=\"attachment-thumbnail size-thumbnail\" alt=\"\" \/><\/a>\n\t\t\t\t<\/dt><\/dl><dl class='gallery-item'>\n\t\t\t\t<dt class='gallery-icon landscape'>\n\t\t\t\t\t<a class=\"rollover rollover-zoom dt-pswp-item\" title=\"IMG_5713\" data-dt-img-description=\"\" data-large_image_width=\"2361\" data-large_image_height=\"2001\"href='https:\/\/www.radiopiu.net\/wordpress\/wp-content\/uploads\/2025\/06\/IMG_5713.jpeg'><img loading=\"lazy\" decoding=\"async\" width=\"150\" height=\"150\" src=\"https:\/\/www.radiopiu.net\/wordpress\/wp-content\/uploads\/2025\/06\/IMG_5713-150x150.jpeg\" class=\"attachment-thumbnail size-thumbnail\" alt=\"\" \/><\/a>\n\t\t\t\t<\/dt><\/dl><br style=\"clear: both\" \/>\n\t\t\t<\/div>\n\n<hr \/>\n<hr \/>\n<p>&nbsp;<\/p>\n<blockquote>\n<h3>40 ANNI DELLA PALESTRA MIROS: UN ESEMPIO DI ARTIGIANATO E PASSIONE<\/h3>\n<\/blockquote>\n<p><strong><a class=\"dt-pswp-item\" href=\"https:\/\/www.radiopiu.net\/wordpress\/wp-content\/uploads\/2024\/04\/SCARZANELLA-Claudia-21-scaled.jpg\" data-dt-img-description=\"\" data-large_image_width=\"2560\" data-large_image_height=\"1920\"><img loading=\"lazy\" decoding=\"async\" class=\" wp-image-387231 alignleft\" src=\"https:\/\/www.radiopiu.net\/wordpress\/wp-content\/uploads\/2024\/04\/SCARZANELLA-Claudia-21-300x225.jpg\" alt=\"\" width=\"204\" height=\"153\" srcset=\"https:\/\/www.radiopiu.net\/wordpress\/wp-content\/uploads\/2024\/04\/SCARZANELLA-Claudia-21-300x225.jpg 300w, https:\/\/www.radiopiu.net\/wordpress\/wp-content\/uploads\/2024\/04\/SCARZANELLA-Claudia-21-1024x768.jpg 1024w, https:\/\/www.radiopiu.net\/wordpress\/wp-content\/uploads\/2024\/04\/SCARZANELLA-Claudia-21-768x576.jpg 768w, https:\/\/www.radiopiu.net\/wordpress\/wp-content\/uploads\/2024\/04\/SCARZANELLA-Claudia-21-1536x1152.jpg 1536w, https:\/\/www.radiopiu.net\/wordpress\/wp-content\/uploads\/2024\/04\/SCARZANELLA-Claudia-21-2048x1536.jpg 2048w\" sizes=\"auto, (max-width: 204px) 100vw, 204px\" \/><\/a>BELLUNO<\/strong> Claudia Scarzanella, presidente di Confartigianato Imprese Belluno, si congratula con Lorenzo Battistel per i quarant\u2019anni di attivit\u00e0 della palestra Miros, storica realt\u00e0 artigiana bellunese. Fondata dal padre Luciano e portata avanti con passione da Lorenzo e dalla nipote Lisa, la palestra rappresenta un esempio di artigianato che si evolve senza perdere i valori originari. Battistel ha saputo modernizzare l\u2019attivit\u00e0, fidelizzando i clienti e garantendo un riuscito passaggio generazionale. Michele Basso, direttore di Confartigianato Belluno, sottolinea l\u2019impegno di Lorenzo nel promuovere il benessere fisico e mentale, oltre alla sua attivit\u00e0 nel rappresentare il settore fitness a livello locale e regionale. Battistel \u00e8 anche cofondatore del primo sindacato di categoria, dimostrando come gli artigiani possano collaborare per il bene comune, andando oltre l\u2019interesse personale. La palestra Miros \u00e8 un simbolo di dedizione, innovazione e attenzione ai bisogni delle persone.<\/p>\n<p>&nbsp;<\/p>\n<p>&nbsp;<\/p>\n<hr \/>\n<p>&nbsp;<\/p>\n<blockquote>\n<h3>BELLUNO ALPINA RINGRAZIA CHI HA DONATO IL 5 X 1000 ALL&#8217;ASSOCIAZIONE<\/h3>\n<\/blockquote>\n<p><strong><a class=\"dt-pswp-item\" href=\"https:\/\/www.radiopiu.net\/wordpress\/wp-content\/uploads\/2021\/01\/BELLUNO-ALPINA.jpg\" data-dt-img-description=\"\" data-large_image_width=\"588\" data-large_image_height=\"537\"><img loading=\"lazy\" decoding=\"async\" class=\" wp-image-185689 alignleft\" src=\"https:\/\/www.radiopiu.net\/wordpress\/wp-content\/uploads\/2021\/01\/BELLUNO-ALPINA-300x274.jpg\" alt=\"\" width=\"137\" height=\"125\" srcset=\"https:\/\/www.radiopiu.net\/wordpress\/wp-content\/uploads\/2021\/01\/BELLUNO-ALPINA-300x274.jpg 300w, https:\/\/www.radiopiu.net\/wordpress\/wp-content\/uploads\/2021\/01\/BELLUNO-ALPINA.jpg 588w\" sizes=\"auto, (max-width: 137px) 100vw, 137px\" \/><\/a>BELLUNO<\/strong> Belluno Alpina ringrazia i circa venti contribuenti che hanno destinato il 5&#215;1000 all\u2019associazione, consentendo con 300 euro di finanziare iniziative per il territorio montano. Il presidente Gimmy Dal Farra sottolinea l\u2019importanza dell\u2019autosostentamento nelle terre alte, dove anche piccoli fondi sono vitali. Critica per\u00f2 l\u2019assenza delle istituzioni, che trascurano le zone meno popolose come Quantin-Nevegal-Ronce-Valmorel. Ribadisce che senza servizi le persone abbandonano la montagna, e accusa la politica di immobilismo rispetto a modelli virtuosi come Trento e Bolzano. Invita a fidarsi di chi vive il territorio. Intanto, Belluno Alpina pianifica nuove attivit\u00e0 comunitarie, confermando eventi tradizionali e progettando altre iniziative per rafforzare il legame con il territorio.<\/p>\n<p>&nbsp;<\/p>\n<p>&nbsp;<\/p>\n<hr \/>\n<p>&nbsp;<\/p>\n<blockquote>\n<h3>CONVEGNO UIL VENETO A BELLUNO: ANALISI DEI BISOGNI DEI VENETI E PROPOSTE CONCRETE<\/h3>\n<\/blockquote>\n<p><strong><a class=\"dt-pswp-item\" href=\"https:\/\/www.radiopiu.net\/wordpress\/wp-content\/uploads\/2023\/06\/uil-belluno.png\" data-dt-img-description=\"\" data-large_image_width=\"310\" data-large_image_height=\"317\"><img loading=\"lazy\" decoding=\"async\" class=\" wp-image-342349 alignleft\" src=\"https:\/\/www.radiopiu.net\/wordpress\/wp-content\/uploads\/2023\/06\/uil-belluno-293x300.png\" alt=\"\" width=\"138\" height=\"141\" srcset=\"https:\/\/www.radiopiu.net\/wordpress\/wp-content\/uploads\/2023\/06\/uil-belluno-293x300.png 293w, https:\/\/www.radiopiu.net\/wordpress\/wp-content\/uploads\/2023\/06\/uil-belluno.png 310w\" sizes=\"auto, (max-width: 138px) 100vw, 138px\" \/><\/a>BELLUNO<\/strong> Domani alle 10, nella sala Bianchi \u201cEliseo Dal Pont\u201d di Belluno, si terr\u00e0 il convegno Uil Veneto dal titolo \u201cDal sondaggio alle proposte &#8211; Analisi dei bisogni dei veneti\u201d. L\u2019evento si basa su un sondaggio con quasi 17mila partecipanti, volto a raccogliere le esigenze dei cittadini di tutte le province venete. Roberto Toigo, segretario generale Uil Veneto, sottolinea l\u2019importanza di ascoltare la gente nei luoghi di lavoro, nelle piazze e durante eventi come Job Orienta, per affrontare temi concreti come scuola e sanit\u00e0, anche se problemi globali restano fuori dalla portata del sindacato. I dati, elaborati dal Centro studi CSSE Veneto, saranno presentati con la partecipazione di rappresentanti locali e istituzionali. Toigo auspica che dal confronto possa nascere un percorso condiviso per rispondere efficacemente ai bisogni espressi dai veneti.<\/p>\n<p>&nbsp;<\/p>\n<p>&nbsp;<\/p>\n<hr \/>\n<p>&nbsp;<\/p>\n<blockquote>\n<h3>BELLUNO PER GAZA: UN SILENZIOSO GRIDO DI UMANIT\u00c0<\/h3>\n<\/blockquote>\n<p><strong><a class=\"dt-pswp-item\" href=\"https:\/\/www.radiopiu.net\/wordpress\/wp-content\/uploads\/2025\/06\/SCR-20250609-qwoj.png\" data-dt-img-description=\"\" data-large_image_width=\"878\" data-large_image_height=\"1116\"><img loading=\"lazy\" decoding=\"async\" class=\" wp-image-453133 alignleft\" src=\"https:\/\/www.radiopiu.net\/wordpress\/wp-content\/uploads\/2025\/06\/SCR-20250609-qwoj-236x300.png\" alt=\"\" width=\"128\" height=\"163\" srcset=\"https:\/\/www.radiopiu.net\/wordpress\/wp-content\/uploads\/2025\/06\/SCR-20250609-qwoj-236x300.png 236w, https:\/\/www.radiopiu.net\/wordpress\/wp-content\/uploads\/2025\/06\/SCR-20250609-qwoj-806x1024.png 806w, https:\/\/www.radiopiu.net\/wordpress\/wp-content\/uploads\/2025\/06\/SCR-20250609-qwoj-768x976.png 768w, https:\/\/www.radiopiu.net\/wordpress\/wp-content\/uploads\/2025\/06\/SCR-20250609-qwoj.png 878w\" sizes=\"auto, (max-width: 128px) 100vw, 128px\" \/><\/a>BELLUNO<\/strong> Il 14 giugno 2025 a Belluno si terr\u00e0 una manifestazione silenziosa in Piazza Martiri per denunciare il massacro in atto nella Striscia di Gaza. L&#8217;iniziativa nasce spontaneamente, senza simboli politici, con l\u2019obiettivo di affermare l\u2019umanit\u00e0 e chiedere la fine della violenza contro i civili. Si condanna fermamente l\u2019attacco del 7 ottobre da parte di Hamas, ma si denuncia anche la sproporzionata reazione del governo Netanyahu che, secondo fonti internazionali, ha provocato decine di migliaia di morti e feriti tra la popolazione palestinese. La manifestazione vuole essere un atto di solidariet\u00e0 verso le vittime innocenti, ispirandosi alle parole del Presidente Mattarella, che invoca il rispetto del diritto umanitario e il cessate il fuoco immediato. L\u2019invito \u00e8 a partecipare in modo responsabile, evitando qualsiasi forma di provocazione o antisemitismo, per dare un segnale di coscienza collettiva e civilt\u00e0.<\/p>\n<p>&nbsp;<\/p>\n<p>&nbsp;<\/p>\n<hr \/>\n<p>&nbsp;<\/p>\n<h2><span style=\"color: #ff0000;\">CONSIGLI COMUNALI IN AGORDINO<\/span><\/h2>\n<p><strong>SELVA DI CADORE\u00a0<\/strong>Consiglio comunale gioved\u00ec alle 18:30. Quattro punti in discussione tra cui una variazione a bilancio, l&#8217;adesione alla centrale unica di committenza della federazione dei comuni del sampierese e l&#8217;approvazione delle modifiche al piano del commercio su aree pubbliche<\/p>\n<p>&nbsp;<\/p>\n<p>&nbsp;<\/p>\n<hr \/>\n<p>&nbsp;<\/p>\n<blockquote>\n<h3>M\u2019ILLUMINO DEL DONO: LA CASA DI PAPA LUCIANI E IL MUNICIPIO DI VALLADA SI TINGONO DI ROSSO PER LA GIORNATA MONDIALE DEL DONATORE<\/h3>\n<\/blockquote>\n<p><strong><a class=\"dt-pswp-item\" href=\"https:\/\/www.radiopiu.net\/wordpress\/wp-content\/uploads\/2025\/06\/caf22ad3-adb5-4452-9c2b-6c8b4b260d3f.jpg\" data-dt-img-description=\"\" data-large_image_width=\"631\" data-large_image_height=\"452\"><img loading=\"lazy\" decoding=\"async\" class=\" wp-image-452983 alignleft\" src=\"https:\/\/www.radiopiu.net\/wordpress\/wp-content\/uploads\/2025\/06\/caf22ad3-adb5-4452-9c2b-6c8b4b260d3f-300x215.jpg\" alt=\"\" width=\"188\" height=\"135\" srcset=\"https:\/\/www.radiopiu.net\/wordpress\/wp-content\/uploads\/2025\/06\/caf22ad3-adb5-4452-9c2b-6c8b4b260d3f-300x215.jpg 300w, https:\/\/www.radiopiu.net\/wordpress\/wp-content\/uploads\/2025\/06\/caf22ad3-adb5-4452-9c2b-6c8b4b260d3f.jpg 631w\" sizes=\"auto, (max-width: 188px) 100vw, 188px\" \/><\/a>CANALE D&#8217;AGORDO <\/strong>In occasione della Giornata Mondiale del Donatore, che si celebra ogni anno il 14 giugno per onorare la nascita di Karl Landsteiner, scopritore dei gruppi sanguigni, anche i Donatori di Sangue di Canale d\u2019Agordo e Vallada Agordina aderiscono alla campagna \u201cM\u2019illumino del Dono\u201d, promossa da Avis Veneto e ABVS Belluno. Rosso come il sangue, rosso come la vita: le luci che dal 13 al 15 giugno illumineranno la Casa Natale di Papa Luciani e il Municipio di Vallada vogliono lanciare un messaggio chiaro e profondo sull\u2019importanza della donazione del sangue, gesto anonimo e gratuito che ogni giorno salva vite. Particolarmente toccante la scelta della casa dove nacque Giovanni Paolo I: nel 1938, il giovane don Albino Luciani don\u00f2 il proprio sangue per salvare un compaesano ricoverato all\u2019ospedale di Belluno. Un gesto che unisce idealmente la storia del pontefice a quella di tutti i donatori di sangue. Per celebrare l\u2019iniziativa, sabato 14 giugno alle ore 21, presso la Casa di Papa Luciani, \u00e8 prevista una cerimonia di accensione delle luci seguita da un brindisi beneaugurante, aperta a tutti.<\/p>\n<p>&nbsp;<\/p>\n<p>&nbsp;<\/p>\n<hr \/>\n<p>&nbsp;<\/p>\n<blockquote>\n<h3>WEEKEND DI SCOPERTA E SPIRITUALIT\u00c0 AL CENTRO MINERARIO VALLE IMPERINA IL 14 E 15 GIUGNO<\/h3>\n<\/blockquote>\n<p><strong><a class=\"dt-pswp-item\" href=\"https:\/\/www.radiopiu.net\/wordpress\/wp-content\/uploads\/2024\/10\/Valle-Imperina-Fabbricato-Forni-Fusori.jpeg\" data-dt-img-description=\"\" data-large_image_width=\"1600\" data-large_image_height=\"1200\"><img loading=\"lazy\" decoding=\"async\" class=\" wp-image-412572 alignleft\" src=\"https:\/\/www.radiopiu.net\/wordpress\/wp-content\/uploads\/2024\/10\/Valle-Imperina-Fabbricato-Forni-Fusori-300x225.jpeg\" alt=\"\" width=\"201\" height=\"151\" srcset=\"https:\/\/www.radiopiu.net\/wordpress\/wp-content\/uploads\/2024\/10\/Valle-Imperina-Fabbricato-Forni-Fusori-300x225.jpeg 300w, https:\/\/www.radiopiu.net\/wordpress\/wp-content\/uploads\/2024\/10\/Valle-Imperina-Fabbricato-Forni-Fusori-1024x768.jpeg 1024w, https:\/\/www.radiopiu.net\/wordpress\/wp-content\/uploads\/2024\/10\/Valle-Imperina-Fabbricato-Forni-Fusori-768x576.jpeg 768w, https:\/\/www.radiopiu.net\/wordpress\/wp-content\/uploads\/2024\/10\/Valle-Imperina-Fabbricato-Forni-Fusori-1536x1152.jpeg 1536w, https:\/\/www.radiopiu.net\/wordpress\/wp-content\/uploads\/2024\/10\/Valle-Imperina-Fabbricato-Forni-Fusori.jpeg 1600w\" sizes=\"auto, (max-width: 201px) 100vw, 201px\" \/><\/a>RIVAMONTE <\/strong>Il Centro Minerario Valle Imperina invita tutta la comunit\u00e0 e i visitatori a partecipare a un weekend ricco di eventi unici, sabato 14 e domenica 15 giugno. Sabato 14 giugno verr\u00e0 celebrata una Santa Messa nella suggestiva cornice dei forni fusori, un luogo che conserva la storia e la tradizione mineraria del territorio. Un momento di riflessione e spiritualit\u00e0 immersi in un ambiente carico di fascino e memoria. Domenica 15 giugno, invece, sar\u00e0 protagonista il laboratorio \u201cMateria\u201d, rivolto ai ragazzi e accessibile su prenotazione. Un\u2019esperienza coinvolgente che offre un viaggio sorprendente tra minerali e i segreti della natura, alla scoperta di come queste meraviglie influenzino la nostra vita quotidiana. Entrambe le giornate prevedono visite guidate su prenotazione, per esplorare in modo approfondito la storia e le peculiarit\u00e0 del Centro Minerario. Non perdere questa occasione per vivere un\u2019esperienza educativa e emozionante nel cuore della Valle Imperina. Per maggiori informazioni e prenotazioni: <a class=\"\" href=\"http:\/\/www.centrominerariovalleimperina.it\" target=\"_new\" rel=\"noopener\" data-start=\"1143\" data-end=\"1178\" data-is-last-node=\"\">www.centrominerariovalleimperina.it<\/a><\/p>\n<p><strong>I PROMO ALLA RADIO<\/strong><\/p>\n<audio class=\"wp-audio-shortcode\" id=\"audio-452994-13\" preload=\"none\" style=\"width: 100%;\" controls=\"controls\"><source type=\"audio\/mpeg\" src=\"https:\/\/www.radiopiu.net\/wordpress\/wp-content\/uploads\/2025\/05\/alle-miniere-1.mp3?_=13\" \/><a href=\"https:\/\/www.radiopiu.net\/wordpress\/wp-content\/uploads\/2025\/05\/alle-miniere-1.mp3\">https:\/\/www.radiopiu.net\/wordpress\/wp-content\/uploads\/2025\/05\/alle-miniere-1.mp3<\/a><\/audio>\n<p>&nbsp;<\/p>\n<audio class=\"wp-audio-shortcode\" id=\"audio-452994-14\" preload=\"none\" style=\"width: 100%;\" controls=\"controls\"><source type=\"audio\/mpeg\" src=\"https:\/\/www.radiopiu.net\/wordpress\/wp-content\/uploads\/2025\/05\/alle-miniere-2-1.mp3?_=14\" \/><a href=\"https:\/\/www.radiopiu.net\/wordpress\/wp-content\/uploads\/2025\/05\/alle-miniere-2-1.mp3\">https:\/\/www.radiopiu.net\/wordpress\/wp-content\/uploads\/2025\/05\/alle-miniere-2-1.mp3<\/a><\/audio>\n<p>&nbsp;<\/p>\n<hr \/>\n<p>&nbsp;<\/p>\n<blockquote>\n<h3><a class=\"dt-pswp-item\" href=\"https:\/\/www.radiopiu.net\/wordpress\/wp-content\/uploads\/2025\/06\/enzo-barnaba.jpg\" data-dt-img-description=\"\" data-large_image_width=\"1024\" data-large_image_height=\"603\"><img loading=\"lazy\" decoding=\"async\" class=\" wp-image-452658 alignleft\" src=\"https:\/\/www.radiopiu.net\/wordpress\/wp-content\/uploads\/2025\/06\/enzo-barnaba-300x177.jpg\" alt=\"\" width=\"214\" height=\"126\" srcset=\"https:\/\/www.radiopiu.net\/wordpress\/wp-content\/uploads\/2025\/06\/enzo-barnaba-300x177.jpg 300w, https:\/\/www.radiopiu.net\/wordpress\/wp-content\/uploads\/2025\/06\/enzo-barnaba-768x452.jpg 768w, https:\/\/www.radiopiu.net\/wordpress\/wp-content\/uploads\/2025\/06\/enzo-barnaba.jpg 1024w\" sizes=\"auto, (max-width: 214px) 100vw, 214px\" \/><\/a>ITALIA&#8230;NAZIONE SENZA CONFINI<\/h3>\n<\/blockquote>\n<p><strong>BELLUNO<\/strong> Per celebrare i suoi 60 anni, l\u2019Istituto storico bellunese della Resistenza organizza un ciclo di cinque incontri sul tema della nazione, dei confini e della Repubblica, con storici e studiosi esperti. La rassegna \u00e8 iniziata il 31 maggio con Mario Isnenghi e prosegue il 10 giugno con Enzo Barnab\u00e0, che parler\u00e0 del confine tra Italia e Francia, tema del suo libro <em data-start=\"364\" data-end=\"392\">Il sentiero della speranza<\/em>. Gli incontri sono a ingresso libero e si svolgono tra maggio-giugno e novembre-dicembre.<\/p>\n<p>&nbsp;<\/p>\n<p>&nbsp;<\/p>\n<p><a class=\"dt-pswp-item\" href=\"https:\/\/www.radiopiu.net\/wordpress\/wp-content\/uploads\/2022\/02\/MyRadioPiu_miaidea.png\" data-dt-img-description=\"\" data-large_image_width=\"483\" data-large_image_height=\"374\"><img loading=\"lazy\" decoding=\"async\" class=\" wp-image-325190 aligncenter\" src=\"https:\/\/www.radiopiu.net\/wordpress\/wp-content\/uploads\/2022\/02\/MyRadioPiu_miaidea-300x232.png\" alt=\"\" width=\"103\" height=\"80\" srcset=\"https:\/\/www.radiopiu.net\/wordpress\/wp-content\/uploads\/2022\/02\/MyRadioPiu_miaidea-300x232.png 300w, https:\/\/www.radiopiu.net\/wordpress\/wp-content\/uploads\/2022\/02\/MyRadioPiu_miaidea.png 483w\" sizes=\"auto, (max-width: 103px) 100vw, 103px\" \/><\/a><\/p>\n<hr \/>\n<p>&nbsp;<\/p>\n<blockquote>\n<h3><a class=\"dt-pswp-item\" href=\"https:\/\/www.radiopiu.net\/wordpress\/wp-content\/uploads\/2025\/06\/1.png\" data-dt-img-description=\"\" data-large_image_width=\"1080\" data-large_image_height=\"1080\"><img loading=\"lazy\" decoding=\"async\" class=\" wp-image-452159 alignleft\" src=\"https:\/\/www.radiopiu.net\/wordpress\/wp-content\/uploads\/2025\/06\/1-300x300.png\" alt=\"\" width=\"164\" height=\"164\" srcset=\"https:\/\/www.radiopiu.net\/wordpress\/wp-content\/uploads\/2025\/06\/1-300x300.png 300w, https:\/\/www.radiopiu.net\/wordpress\/wp-content\/uploads\/2025\/06\/1-1024x1024.png 1024w, https:\/\/www.radiopiu.net\/wordpress\/wp-content\/uploads\/2025\/06\/1-150x150.png 150w, https:\/\/www.radiopiu.net\/wordpress\/wp-content\/uploads\/2025\/06\/1-768x768.png 768w, https:\/\/www.radiopiu.net\/wordpress\/wp-content\/uploads\/2025\/06\/1.png 1080w\" sizes=\"auto, (max-width: 164px) 100vw, 164px\" \/><\/a>IL GELATO DIVENTA GOURMET: SERATA DI DEGUSTAZIONE A LONGARONE<\/h3>\n<\/blockquote>\n<p><strong>LONGARONE <\/strong>La Pro Loco di Longarone presenta <strong>\u201cIl Gelato Gourmet\u201d<\/strong>, un evento culinario unico che si terr\u00e0 presso il Centro Culturale di Longarone. Protagonista della serata sar\u00e0 il gelato, presente in ogni portata del men\u00f9 degustativo ideato dallo chef Mauro Cavalet, in collaborazione con la Trattoria Oasi. L\u2019esperienza sar\u00e0 arricchita dalla conduzione di Annamaria Marta e dall\u2019accompagnamento musicale di Longarone Musica. Il costo \u00e8 di 43 euro, bevande incluse, con prenotazione entro il 12 giugno. I posti sono limitati. Per informazioni: 0437-770119 o <a href=\"mailto:info@prolocolongarone.it\">info@prolocolongarone.it<\/a>. Un\u2019occasione da non perdere per scoprire nuovi sapori in un\u2019atmosfera raffinata.<\/p>\n<p><a class=\"dt-pswp-item\" href=\"https:\/\/www.radiopiu.net\/wordpress\/wp-content\/uploads\/2022\/02\/MyRadioPiu_miaidea.png\" data-dt-img-description=\"\" data-large_image_width=\"483\" data-large_image_height=\"374\">\u200b<img loading=\"lazy\" decoding=\"async\" class=\" wp-image-325190 aligncenter\" src=\"https:\/\/www.radiopiu.net\/wordpress\/wp-content\/uploads\/2022\/02\/MyRadioPiu_miaidea-300x232.png\" alt=\"\" width=\"103\" height=\"80\" srcset=\"https:\/\/www.radiopiu.net\/wordpress\/wp-content\/uploads\/2022\/02\/MyRadioPiu_miaidea-300x232.png 300w, https:\/\/www.radiopiu.net\/wordpress\/wp-content\/uploads\/2022\/02\/MyRadioPiu_miaidea.png 483w\" sizes=\"auto, (max-width: 103px) 100vw, 103px\" \/><\/a><\/p>\n<p>&nbsp;<\/p>\n<hr \/>\n<p>&nbsp;<\/p>\n<blockquote>\n<h3><a class=\"dt-pswp-item\" href=\"https:\/\/www.radiopiu.net\/wordpress\/wp-content\/uploads\/2020\/10\/fiori-barp.png\" data-dt-img-description=\"\" data-large_image_width=\"334\" data-large_image_height=\"475\"><img loading=\"lazy\" decoding=\"async\" class=\" wp-image-164208 alignleft\" src=\"https:\/\/www.radiopiu.net\/wordpress\/wp-content\/uploads\/2020\/10\/fiori-barp-211x300.png\" alt=\"\" width=\"91\" height=\"129\" srcset=\"https:\/\/www.radiopiu.net\/wordpress\/wp-content\/uploads\/2020\/10\/fiori-barp-211x300.png 211w, https:\/\/www.radiopiu.net\/wordpress\/wp-content\/uploads\/2020\/10\/fiori-barp.png 334w\" sizes=\"auto, (max-width: 91px) 100vw, 91px\" \/><\/a>LA FESTA ARANCIONE DEL FIORI BARP<\/h3>\n<\/blockquote>\n<p><strong>SEDICO<\/strong><\/p>\n<p>DI ROBERTO BONA<\/p>\n<audio class=\"wp-audio-shortcode\" id=\"audio-452994-15\" preload=\"none\" style=\"width: 100%;\" controls=\"controls\"><source type=\"audio\/mpeg\" src=\"https:\/\/www.radiopiu.net\/wordpress\/wp-content\/uploads\/2025\/06\/gr-09-la-festa-arancione-del-fiori-barp-bona-SCADE-14-GIUGNO.mp3?_=15\" \/><a href=\"https:\/\/www.radiopiu.net\/wordpress\/wp-content\/uploads\/2025\/06\/gr-09-la-festa-arancione-del-fiori-barp-bona-SCADE-14-GIUGNO.mp3\">https:\/\/www.radiopiu.net\/wordpress\/wp-content\/uploads\/2025\/06\/gr-09-la-festa-arancione-del-fiori-barp-bona-SCADE-14-GIUGNO.mp3<\/a><\/audio>\n<p>&nbsp;<\/p>\n<hr \/>\n<p>&nbsp;<\/p>\n<blockquote>\n<h3>GELATO IN FESTA A LONGARONE<\/h3>\n<\/blockquote>\n<p><strong>LONGARONE<\/strong> \u201cIl Gelato in Festa\u201d domenica 15 giugno a Longarone, una giornata dedicata al gelato artigianale, artigianato e divertimento per tutte le et\u00e0. Dalle 10:00 il centro sar\u00e0 animato da chioschi di gelato, mercatini vintage e hobbistici, visite guidate gratuite alla \u201cLongaron Vecia\u201d, artisti locali, giochi da tavolo con i Dolomeeples e animazione per bambini. Alle 18:00 aperitivo in piazza con chiosco birra e concerto live della band \u201cNo Name\u201d. Un evento imperdibile per famiglie, amici e appassionati di tradizioni locali, tutto nel cuore di Longarone.<\/p>\n<p>&nbsp;<\/p>\n<p>&nbsp;<\/p>\n<hr \/>\n<p>&nbsp;<\/p>\n<blockquote>\n<h3><a class=\"dt-pswp-item\" href=\"https:\/\/www.radiopiu.net\/wordpress\/wp-content\/uploads\/2025\/06\/Locandina_eventi_Brasile-1.jpg\" data-dt-img-description=\"\" data-large_image_width=\"1190\" data-large_image_height=\"1683\"><img loading=\"lazy\" decoding=\"async\" class=\" wp-image-452816 alignleft\" src=\"https:\/\/www.radiopiu.net\/wordpress\/wp-content\/uploads\/2025\/06\/Locandina_eventi_Brasile-1-212x300.jpg\" alt=\"\" width=\"161\" height=\"228\" srcset=\"https:\/\/www.radiopiu.net\/wordpress\/wp-content\/uploads\/2025\/06\/Locandina_eventi_Brasile-1-212x300.jpg 212w, https:\/\/www.radiopiu.net\/wordpress\/wp-content\/uploads\/2025\/06\/Locandina_eventi_Brasile-1-724x1024.jpg 724w, https:\/\/www.radiopiu.net\/wordpress\/wp-content\/uploads\/2025\/06\/Locandina_eventi_Brasile-1-768x1086.jpg 768w, https:\/\/www.radiopiu.net\/wordpress\/wp-content\/uploads\/2025\/06\/Locandina_eventi_Brasile-1-1086x1536.jpg 1086w, https:\/\/www.radiopiu.net\/wordpress\/wp-content\/uploads\/2025\/06\/Locandina_eventi_Brasile-1.jpg 1190w\" sizes=\"auto, (max-width: 161px) 100vw, 161px\" \/><\/a>MIGRAZIONI, LINGUA E MEMORIA: TRE INCONTRI CULTURALI AL MUSEO ETNOGRAFICO DOLOMITI<\/h3>\n<\/blockquote>\n<p><strong>CESIOMAGGIORE <\/strong>Dal 13 giugno, il Museo Etnografico Dolomiti propone una rassegna di tre eventi dedicati all\u2019emigrazione italiana in Brasile, con focus sulla regione del Rio Grande Do Sul e sul patrimonio culturale delle comunit\u00e0 italo-brasiliane. La rassegna accompagna la mostra fotografica <em data-start=\"365\" data-end=\"401\">Brasile. Tra due mondi, una storia<\/em>, realizzata per i 150 anni dell\u2019emigrazione italiana in Brasile e curata dal fotografo italo-brasiliano Luis Tadeu Vilani. Il primo appuntamento, il 13 giugno, vedr\u00e0 lo storico Daniele Gazzi riflettere su 150 anni di emigrazione italiana. Il 27 giugno, la linguista Loredana Corr\u00e0 esplorer\u00e0 la lingua <em data-start=\"704\" data-end=\"712\">talian<\/em>, seguita dall\u2019antropologa Daniela Perco che approfondir\u00e0 le tradizioni orali italo-brasiliane. L\u2019evento conclusivo, il 4 luglio, sar\u00e0 la presentazione del romanzo <em data-start=\"876\" data-end=\"896\">Piero fa la Merica<\/em> con l\u2019autore Paolo Malaguti, che narra l\u2019esperienza migratoria dal Veneto al Brasile. Tutti gli incontri inizieranno alle ore 18.00.<\/p>\n<p>&nbsp;<\/p>\n<p>&nbsp;<\/p>\n<hr \/>\n<p>&nbsp;<\/p>\n<blockquote>\n<h3>IMMENSO BLU: UNA MOSTRA E UN FILM A CAMMINANDO FESTIVAL<\/h3>\n<\/blockquote>\n<p><strong><a class=\"dt-pswp-item\" href=\"https:\/\/www.radiopiu.net\/wordpress\/wp-content\/uploads\/2025\/06\/4-Via-nuova-Terzo-Paradiso-alla-Gateway-Ridge-Antartide-2020-foto-dellagnola-sanguineti-cavalli-7-scaled.jpg\" data-dt-img-description=\"\" data-large_image_width=\"2560\" data-large_image_height=\"1726\"><img loading=\"lazy\" decoding=\"async\" class=\" wp-image-453094 alignleft\" src=\"https:\/\/www.radiopiu.net\/wordpress\/wp-content\/uploads\/2025\/06\/4-Via-nuova-Terzo-Paradiso-alla-Gateway-Ridge-Antartide-2020-foto-dellagnola-sanguineti-cavalli-7-300x202.jpg\" alt=\"\" width=\"180\" height=\"121\" srcset=\"https:\/\/www.radiopiu.net\/wordpress\/wp-content\/uploads\/2025\/06\/4-Via-nuova-Terzo-Paradiso-alla-Gateway-Ridge-Antartide-2020-foto-dellagnola-sanguineti-cavalli-7-300x202.jpg 300w, https:\/\/www.radiopiu.net\/wordpress\/wp-content\/uploads\/2025\/06\/4-Via-nuova-Terzo-Paradiso-alla-Gateway-Ridge-Antartide-2020-foto-dellagnola-sanguineti-cavalli-7-1024x690.jpg 1024w, https:\/\/www.radiopiu.net\/wordpress\/wp-content\/uploads\/2025\/06\/4-Via-nuova-Terzo-Paradiso-alla-Gateway-Ridge-Antartide-2020-foto-dellagnola-sanguineti-cavalli-7-768x518.jpg 768w, https:\/\/www.radiopiu.net\/wordpress\/wp-content\/uploads\/2025\/06\/4-Via-nuova-Terzo-Paradiso-alla-Gateway-Ridge-Antartide-2020-foto-dellagnola-sanguineti-cavalli-7-1536x1035.jpg 1536w, https:\/\/www.radiopiu.net\/wordpress\/wp-content\/uploads\/2025\/06\/4-Via-nuova-Terzo-Paradiso-alla-Gateway-Ridge-Antartide-2020-foto-dellagnola-sanguineti-cavalli-7-2048x1381.jpg 2048w\" sizes=\"auto, (max-width: 180px) 100vw, 180px\" \/><\/a>BELLUNO<\/strong> La fotografia torna protagonista al Camminando Festival 2025 con <em data-start=\"65\" data-end=\"78\">Immenso Blu<\/em>, mostra che sar\u00e0 inaugurata gioved\u00ec 12 giugno alle 18:30 presso il Palazzo delle Contesse di Mel. Per la prima volta in Veneto, saranno esposte le spettacolari immagini scattate dal fotografo-alpinista Manrico Dell\u2019Agnola durante la spedizione Antartide 2020. Insieme a Gianluca Cavalli e Marcello Sanguineti, ha attraversato lo Stretto di Drake a bordo della Ice Bird per esplorare valli remote della Penisola Antartica. La mostra, arricchita dalla proiezione del docu-film omonimo, racconta l\u2019avventura tra ghiacciai e fauna selvatica e affronta i temi ambientali, grazie anche all\u2019intervento del ricercatore del CNR Jacopo Gabrieli.<\/p>\n<p>&nbsp;<\/p>\n<p>&nbsp;<\/p>\n<hr \/>\n<p>&nbsp;<\/p>\n<blockquote>\n<h3>&#8220;LE STELLE DI CELI&#8221;: IL FILM SULLA VITA DI MARCELLO DE DORIGO ORA DISPONIBILE SU YOUTUBE<\/h3>\n<\/blockquote>\n<p><strong>REDAZIONE <\/strong>\u00c8 disponibile su YouTube <em data-start=\"127\" data-end=\"146\">Le Stelle di Celi<\/em>, il film che racconta la straordinaria vicenda sportiva e umana di Marcello De Dorigo, leggenda dello sci di fondo italiano negli anni \u201960. Diretto da Lucia Zanettin, il lungometraggio ripercorre i momenti pi\u00f9 intensi della carriera di De Dorigo, primo centro europeo a sconfiggere i dominatori nordici in una disciplina fino ad allora esclusivamente loro. Ma la narrazione non si ferma all\u2019impresa sportiva: il cuore del film si concentra su un drammatico episodio accaduto durante un allenamento invernale in Svezia, quando De Dorigo, rimasto solo, si perde nella vastit\u00e0 di un bosco innevato. Inizia cos\u00ec la sfida pi\u00f9 dura della sua vita: sopravvivere alla natura ostile, facendo appello a forza interiore, esperienza e determinazione.<\/p>\n<p><strong>IL FILM DA YOUTUBE<\/strong><\/p>\n<p><iframe loading=\"lazy\" title=\"Le stelle di Celi - Film completo\" width=\"1200\" height=\"675\" src=\"https:\/\/www.youtube.com\/embed\/pUf-29jYI2s?feature=oembed\" frameborder=\"0\" allow=\"accelerometer; autoplay; clipboard-write; encrypted-media; gyroscope; picture-in-picture; web-share\" referrerpolicy=\"strict-origin-when-cross-origin\" allowfullscreen><\/iframe><\/p>\n<p>&nbsp;<\/p>\n<hr \/>\n<p>&nbsp;<\/p>\n<h1><span style=\"color: #ff6600;\">ALLA RADIO<\/span><\/h1>\n<h2><span style=\"color: #008000;\">OGGI COME IERI, TERZO ANNO. CON SILVIA BALDO<\/span><\/h2>\n<p><strong><a class=\"dt-pswp-item\" href=\"https:\/\/www.radiopiu.net\/wordpress\/wp-content\/uploads\/2022\/04\/old-books-436498_960_720.jpg\" data-dt-img-description=\"\" data-large_image_width=\"960\" data-large_image_height=\"640\"><img loading=\"lazy\" decoding=\"async\" class=\" wp-image-271805 alignleft\" src=\"https:\/\/www.radiopiu.net\/wordpress\/wp-content\/uploads\/2022\/04\/old-books-436498_960_720-300x200.jpg\" alt=\"\" width=\"153\" height=\"102\" srcset=\"https:\/\/www.radiopiu.net\/wordpress\/wp-content\/uploads\/2022\/04\/old-books-436498_960_720-300x200.jpg 300w, https:\/\/www.radiopiu.net\/wordpress\/wp-content\/uploads\/2022\/04\/old-books-436498_960_720-768x512.jpg 768w, https:\/\/www.radiopiu.net\/wordpress\/wp-content\/uploads\/2022\/04\/old-books-436498_960_720.jpg 960w\" sizes=\"auto, (max-width: 153px) 100vw, 153px\" \/><\/a>09 GIUGNO 2025 LA GIORNATA INTERNAZIONALE DEGLI ARCHIVI<\/strong><\/p>\n<audio class=\"wp-audio-shortcode\" id=\"audio-452994-16\" preload=\"none\" style=\"width: 100%;\" controls=\"controls\"><source type=\"audio\/mpeg\" src=\"https:\/\/www.radiopiu.net\/wordpress\/wp-content\/uploads\/2025\/06\/SIBI.mp3?_=16\" \/><a href=\"https:\/\/www.radiopiu.net\/wordpress\/wp-content\/uploads\/2025\/06\/SIBI.mp3\">https:\/\/www.radiopiu.net\/wordpress\/wp-content\/uploads\/2025\/06\/SIBI.mp3<\/a><\/audio>\n<p>&nbsp;<\/p>\n<p><strong>LA RACCOLTA COMPLETA <a href=\"https:\/\/www.radiopiu.net\/wordpress\/oggi-come-ieri-terzo-anno-con-silvia-baldo\/\"><span style=\"color: #3366ff;\">CLICCA QUI<\/span><\/a><\/strong><\/p>\n<p>&nbsp;<\/p>\n<hr \/>\n<p>&nbsp;<\/p>\n<h2><span style=\"color: #ffcc00;\">SALUTE E SOCIETA&#8217;<\/span><\/h2>\n<p><strong><a class=\"dt-pswp-item\" href=\"https:\/\/www.radiopiu.net\/wordpress\/wp-content\/uploads\/2025\/06\/WhatsApp-Image-2025-06-09-at-09.10.32.jpeg\" data-dt-img-description=\"\" data-large_image_width=\"800\" data-large_image_height=\"445\"><img loading=\"lazy\" decoding=\"async\" class=\" wp-image-453043 alignleft\" src=\"https:\/\/www.radiopiu.net\/wordpress\/wp-content\/uploads\/2025\/06\/WhatsApp-Image-2025-06-09-at-09.10.32-300x167.jpeg\" alt=\"\" width=\"235\" height=\"131\" srcset=\"https:\/\/www.radiopiu.net\/wordpress\/wp-content\/uploads\/2025\/06\/WhatsApp-Image-2025-06-09-at-09.10.32-300x167.jpeg 300w, https:\/\/www.radiopiu.net\/wordpress\/wp-content\/uploads\/2025\/06\/WhatsApp-Image-2025-06-09-at-09.10.32-768x427.jpeg 768w, https:\/\/www.radiopiu.net\/wordpress\/wp-content\/uploads\/2025\/06\/WhatsApp-Image-2025-06-09-at-09.10.32.jpeg 800w\" sizes=\"auto, (max-width: 235px) 100vw, 235px\" \/><\/a>PUNTATA DEL 09 GIUGNO 2025<\/strong><\/p>\n<p><strong>Respiri di vita <\/strong>Respiri di vita, la fibrosi cistica nelle parole di chi la vive. Presentata una guida alle emozioni, realizzata grazie all\u2019ascolto dei pazienti. \u00c8 uno degli strumenti della campagna \u201cFUORI TUTTO \u2013 La vita con la fibrosi cistica, tra sintomi e sogni\u201d, che si conclude portando la mostra illustrata a Milano. <strong>Non girarci intorno <\/strong>\u2060Si \u00e8 concluso a Roma il tour della campagna di sensibilizzazione sul tumore alla vescica promosso da Merck \u2018Non girarci intorno\u2019, patrocinata dalla Federazione Italiana Aziende Sanitarie e Ospedaliere (Fiaso), dalla Societ\u00e0 Italiana dei Medici di Medicina Generale e delle Cure Primarie (Simg), dalla Societ\u00e0 Italiana di Uro-Oncologia (SIUrO) e dall\u2019Associazione Pazienti Liberi dalle Neoplasie Uroteliali (PaLiNUro). Un\u2019iniziativa legata al \u2018Giro d\u2019Italia\u2019 di cui Merck \u00e8 official partner.<\/p>\n<audio class=\"wp-audio-shortcode\" id=\"audio-452994-17\" preload=\"none\" style=\"width: 100%;\" controls=\"controls\"><source type=\"audio\/mpeg\" src=\"https:\/\/www.radiopiu.net\/wordpress\/wp-content\/uploads\/2025\/06\/SALUTE-1.mp3?_=17\" \/><a href=\"https:\/\/www.radiopiu.net\/wordpress\/wp-content\/uploads\/2025\/06\/SALUTE-1.mp3\">https:\/\/www.radiopiu.net\/wordpress\/wp-content\/uploads\/2025\/06\/SALUTE-1.mp3<\/a><\/audio>\n<p>&nbsp;<\/p>\n<p>&nbsp;<\/p>\n<hr \/>\n<p>&nbsp;<\/p>\n<h2><span style=\"color: #ff0000;\">IN VALLE DEL BIOIS TORNA EL BON DE L&#8217;ANSUDA<\/span><\/h2>\n<p><strong><a class=\"dt-pswp-item\" href=\"https:\/\/www.radiopiu.net\/wordpress\/wp-content\/uploads\/2023\/06\/EL-BON-DE-LANSUDA.jpeg\" data-dt-img-description=\"\" data-large_image_width=\"1890\" data-large_image_height=\"1310\"><img loading=\"lazy\" decoding=\"async\" class=\" wp-image-340252 alignleft\" src=\"https:\/\/www.radiopiu.net\/wordpress\/wp-content\/uploads\/2023\/06\/EL-BON-DE-LANSUDA-300x208.jpeg\" alt=\"\" width=\"185\" height=\"128\" srcset=\"https:\/\/www.radiopiu.net\/wordpress\/wp-content\/uploads\/2023\/06\/EL-BON-DE-LANSUDA-300x208.jpeg 300w, https:\/\/www.radiopiu.net\/wordpress\/wp-content\/uploads\/2023\/06\/EL-BON-DE-LANSUDA-1024x710.jpeg 1024w, https:\/\/www.radiopiu.net\/wordpress\/wp-content\/uploads\/2023\/06\/EL-BON-DE-LANSUDA-768x532.jpeg 768w, https:\/\/www.radiopiu.net\/wordpress\/wp-content\/uploads\/2023\/06\/EL-BON-DE-LANSUDA-1536x1065.jpeg 1536w, https:\/\/www.radiopiu.net\/wordpress\/wp-content\/uploads\/2023\/06\/EL-BON-DE-LANSUDA.jpeg 1890w\" sizes=\"auto, (max-width: 185px) 100vw, 185px\" \/><\/a>DI MIRKO MEZZACASA<\/strong><\/p>\n<p>OSPITI: Antonella Schena e Eddy Gaspari<\/p>\n<audio class=\"wp-audio-shortcode\" id=\"audio-452994-18\" preload=\"none\" style=\"width: 100%;\" controls=\"controls\"><source type=\"audio\/mpeg\" src=\"https:\/\/www.radiopiu.net\/wordpress\/wp-content\/uploads\/2025\/06\/ANTONELLA-EDDY-BON-ANSUDA-25.mp3?_=18\" \/><a href=\"https:\/\/www.radiopiu.net\/wordpress\/wp-content\/uploads\/2025\/06\/ANTONELLA-EDDY-BON-ANSUDA-25.mp3\">https:\/\/www.radiopiu.net\/wordpress\/wp-content\/uploads\/2025\/06\/ANTONELLA-EDDY-BON-ANSUDA-25.mp3<\/a><\/audio>\n<p>&nbsp;<\/p>\n<hr \/>\n<p>&nbsp;<\/p>\n<h2><span style=\"color: #993300;\">ACCOGLIENZA TURISTICA E GRANDI EVENTI: LA SETTIMANA ALLA RADIO<\/span><\/h2>\n<p><strong>REDAZIONE\u00a0<\/strong>La settimana dell&#8217;accoglienza al gruppo Fontana Ivo Far 1951. Una due giorni con esperti, relazioni, suggerimenti.<\/p>\n<p><strong>LUNEDI &#8211; ANDREA FONTANA, RESPONSABILE MARKETING FAR 1951<\/strong><\/p>\n<p><iframe loading=\"lazy\" title=\"Andrea Fontana   Responsabile Marketing Far 1951\" width=\"1200\" height=\"675\" src=\"https:\/\/www.youtube.com\/embed\/YwcCvp_XG_E?feature=oembed\" frameborder=\"0\" allow=\"accelerometer; autoplay; clipboard-write; encrypted-media; gyroscope; picture-in-picture; web-share\" referrerpolicy=\"strict-origin-when-cross-origin\" allowfullscreen><\/iframe><\/p>\n<p>&nbsp;<\/p>\n<hr \/>\n<p>&nbsp;<\/p>\n<h2><span style=\"color: #99cc00;\">I RACCONTI DI PAOLO SOPPELSA<\/span><\/h2>\n<p><strong>GIORNI LIBERI<\/strong><\/p>\n<p><strong>AUDIO<\/strong><\/p>\n<audio class=\"wp-audio-shortcode\" id=\"audio-452994-19\" preload=\"none\" style=\"width: 100%;\" controls=\"controls\"><source type=\"audio\/mpeg\" src=\"https:\/\/www.radiopiu.net\/wordpress\/wp-content\/uploads\/2025\/06\/PAOLOS-1.mp3?_=19\" \/><a href=\"https:\/\/www.radiopiu.net\/wordpress\/wp-content\/uploads\/2025\/06\/PAOLOS-1.mp3\">https:\/\/www.radiopiu.net\/wordpress\/wp-content\/uploads\/2025\/06\/PAOLOS-1.mp3<\/a><\/audio>\n<p>&nbsp;<\/p>\n<p><a class=\"dt-pswp-item\" href=\"https:\/\/www.radiopiu.net\/wordpress\/wp-content\/uploads\/2025\/06\/ee38ff83-43d3-4fa3-aee7-96744ea39d97.jpg\" data-dt-img-description=\"\" data-large_image_width=\"1080\" data-large_image_height=\"608\"><img loading=\"lazy\" decoding=\"async\" class=\" wp-image-452905 alignleft\" src=\"https:\/\/www.radiopiu.net\/wordpress\/wp-content\/uploads\/2025\/06\/ee38ff83-43d3-4fa3-aee7-96744ea39d97-300x169.jpg\" alt=\"\" width=\"224\" height=\"126\" srcset=\"https:\/\/www.radiopiu.net\/wordpress\/wp-content\/uploads\/2025\/06\/ee38ff83-43d3-4fa3-aee7-96744ea39d97-300x169.jpg 300w, https:\/\/www.radiopiu.net\/wordpress\/wp-content\/uploads\/2025\/06\/ee38ff83-43d3-4fa3-aee7-96744ea39d97-1024x576.jpg 1024w, https:\/\/www.radiopiu.net\/wordpress\/wp-content\/uploads\/2025\/06\/ee38ff83-43d3-4fa3-aee7-96744ea39d97-768x432.jpg 768w, https:\/\/www.radiopiu.net\/wordpress\/wp-content\/uploads\/2025\/06\/ee38ff83-43d3-4fa3-aee7-96744ea39d97.jpg 1080w\" sizes=\"auto, (max-width: 224px) 100vw, 224px\" \/><\/a>A Belluno, le mattine dei primi giorni di giugno offrivano un&#8217;atmosfera lattiginosa che precedeva il caldo d&#8217;inizio estate. Il Serva mostrava il verde cupo dei suoi enormi prati e la Schiara lo scintillare dell&#8217;ultima neve che ornava la cima. La citt\u00e0 profumava di tiglio, e nel grande giardino della scuola Gabelli era tutto un vociare allegro di bambini che attendevano impazienti la fine dell&#8217;anno scolastico. Qualche ragazzino azzardava i pantaloncini corti e anche le maestre sfoggiavano abiti colorati e leggeri e pure sorrisi ben nascosti durante i mesi precedenti. Ormai era quasi tempo del rompete le righe e durante quelle ultime mattine, le lezioni si svolgevano svogliatamente nel grande giardino, all&#8217;ombra della pergola che a settembre sarebbe stata carica di uva americana. Solamente gli alunni di quinta mostravano visi seriosi; per loro la libert\u00e0 era pi\u00f9 lontana, gli esami incombevano e loro mostravano una certa agitazione e un p\u00f2 di invidia nei confronti degli spensierati compagni pi\u00f9 giovani. Durante quei pomeriggi sempre pi\u00f9 caldi non c&#8217;erano pi\u00f9 compiti da svolgere. Quel lungo tempo pomeridiano era speso giocando a calcio sull&#8217;asfalto rovente di qualche cortile oppure, durante quell\u2019inizio estate di met\u00e0 anni \u201880, con le biglie sul grande mucchio di sabbia dei lavori del metano. Si giocava anche alla sera, dopo cena ci si ritrovava a vivere quell\u2019imbrunire eterno di giugno che lentamente si insinuava fra le case e i condomini di Belluno Ovest. Era un tempo nuovo quello della fine della scuola, un tempo libero vissuto nella piacevole incertezza riguardante la data della nostra partenza destinazione Cencenighe. Sapevo che sarebbe accaduto a breve, ma non conoscevo il giorno preciso di questo evento sempre atteso. Nel frattempo vivevo con divertimento quei giorni liberi, salutavo qualche compagno di giochi che partiva per il mare e iniziavo a prepararmi anch&#8217;io per quella partenza che poteva essere anche improvvisa. Una sera, al termine della cena, prima di uscire mamma mi avrebbe detto \u201c&#8230;doman matina don in s\u00f9\u2026\u201d, e allora io, mentre il sole andava a morire dalle parti del Pizzocco, avrei giocato all&#8217;ultimo nascondino e poi salutato gli amici di sempre. All&#8217;indomani mi sarei svegliato ad orario di scuola, avrei consumato una colazione veloce e poi mi sarei accomodato sul sedile posteriore della 127 color del cielo, in compagnia della valigia e di qualche borsa. Saremmo partiti cos\u00ec, da una Belluno ancora immersa in un placido dormiveglia d&#8217;inizio estate, avremmo incrociato autobus pigri e vuoti e poi, a Mussoi, avremmo imboccato la Strada Madre correndo incontro alle nostre montagne che ci aspettavano vestite d&#8217;estate. Avrei ammirato dal finestrino il verde carico dei prati e i mille colori dei fiori di giugno, e poi ascoltato il canto deciso del motore della 127 che correva spedita lungo l\u2019Agordina. E poi avrei guardato il cielo, che ad ogni chilometro diventava sempre pi\u00f9 limpido mentre i sedili in similpelle nera iniziavano a scottare. La chiesa di Agordo, bianca e abbagliante illuminata dal primo sole, le alte pareti delle Pale e lass\u00f9 in alto, al centro della valle, il grigio severo della sud della Marmolada a chiudere quel perfetto orizzonte. Pochi minuti e poi la 127 si sarebbe fermata per qualche istante sotto casa. Io e mamma saremmo scesi quasi al volo e poi avrei ascoltato il prima &#8211; seconda deciso di pap\u00e0 che avrebbe proseguito il suo andare lungo la Val Cordevole, destinazione Val Fiorentina. Di l\u00ec a poco il sole ci avrebbe dato il suo benvenuto spuntando dalla cima del Pelsa; sarebbe stato quello il momento dell&#8217;inizio ufficiale dei miei giorni liberi vissuti lass\u00f9, dove il Biois, di notte, racconta le storie della sua valle.<\/p>\n<p>&nbsp;<\/p>\n<p>&nbsp;<\/p>\n<hr \/>\n<p>&nbsp;<\/p>\n<h2><span style=\"color: #ff0000;\"><a class=\"dt-pswp-item\" href=\"https:\/\/www.radiopiu.net\/wordpress\/wp-content\/uploads\/2018\/09\/appuntamenti.jpeg\" data-dt-img-description=\"\" data-large_image_width=\"800\" data-large_image_height=\"100\"><img loading=\"lazy\" decoding=\"async\" class=\"wp-image-61958 size-full aligncenter\" src=\"https:\/\/www.radiopiu.net\/wordpress\/wp-content\/uploads\/2018\/09\/appuntamenti.jpeg\" alt=\"\" width=\"800\" height=\"100\" srcset=\"https:\/\/www.radiopiu.net\/wordpress\/wp-content\/uploads\/2018\/09\/appuntamenti.jpeg 800w, https:\/\/www.radiopiu.net\/wordpress\/wp-content\/uploads\/2018\/09\/appuntamenti-300x38.jpeg 300w, https:\/\/www.radiopiu.net\/wordpress\/wp-content\/uploads\/2018\/09\/appuntamenti-768x96.jpeg 768w\" sizes=\"auto, (max-width: 800px) 100vw, 800px\" \/><\/a><\/span><\/h2>\n<p>&nbsp;<\/p>\n<div>\n<div class=\"\" dir=\"auto\">\n<div id=\":r9h:\" class=\"x1iorvi4 x1pi30zi x1l90r2v x1swvt13\" data-ad-comet-preview=\"message\" data-ad-preview=\"message\">\n<div class=\"\" dir=\"auto\">\n<div id=\":r9h:\" class=\"x1iorvi4 x1pi30zi x1l90r2v x1swvt13\" data-ad-comet-preview=\"message\" data-ad-preview=\"message\">\n<div class=\"\" dir=\"auto\">\n<div id=\":r9h:\" class=\"x1iorvi4 x1pi30zi x1l90r2v x1swvt13\" data-ad-comet-preview=\"message\" data-ad-preview=\"message\">\n<div class=\"\" dir=\"auto\">\n<div id=\":r9h:\" class=\"x1iorvi4 x1pi30zi x1l90r2v x1swvt13\" data-ad-comet-preview=\"message\" data-ad-preview=\"message\">\n<div>\n<div class=\"\" dir=\"auto\">\n<div id=\":r9h:\" class=\"x1iorvi4 x1pi30zi x1l90r2v x1swvt13\" data-ad-comet-preview=\"message\" data-ad-preview=\"message\">\n<div>\n<div class=\"\" dir=\"auto\">\n<div id=\":r9h:\" class=\"x1iorvi4 x1pi30zi x1l90r2v x1swvt13\" data-ad-comet-preview=\"message\" data-ad-preview=\"message\">\n<div class=\"xdj266r x11i5rnm xat24cr x1mh8g0r x1vvkbs x126k92a\">\n<div dir=\"auto\">\n<div style=\"width: 1200px;\" class=\"wp-video\"><video class=\"wp-video-shortcode\" id=\"video-452994-1\" width=\"1200\" height=\"675\" preload=\"metadata\" controls=\"controls\"><source type=\"video\/mp4\" src=\"https:\/\/www.radiopiu.net\/wordpress\/wp-content\/uploads\/2025\/06\/WhatsApp-Video-2025-06-06-at-17.01.07.mp4?_=1\" \/><a href=\"https:\/\/www.radiopiu.net\/wordpress\/wp-content\/uploads\/2025\/06\/WhatsApp-Video-2025-06-06-at-17.01.07.mp4\">https:\/\/www.radiopiu.net\/wordpress\/wp-content\/uploads\/2025\/06\/WhatsApp-Video-2025-06-06-at-17.01.07.mp4<\/a><\/video><\/div>\n<p>&nbsp;<\/p>\n<\/div>\n<\/div>\n<div>\n<div class=\"\" dir=\"auto\">\n<div id=\":r9h:\" class=\"x1iorvi4 x1pi30zi x1l90r2v x1swvt13\" data-ad-comet-preview=\"message\" data-ad-preview=\"message\">\n<div>\n<div class=\"\" dir=\"auto\">\n<div id=\":r9h:\" class=\"x1iorvi4 x1pi30zi x1l90r2v x1swvt13\" data-ad-comet-preview=\"message\" data-ad-preview=\"message\">\n\n\t\t\t<style type='text\/css'>\n\t\t\t\t#gallery-4 {\n\t\t\t\t\tmargin: auto;\n\t\t\t\t}\n\t\t\t\t#gallery-4 .gallery-item {\n\t\t\t\t\tfloat: left;\n\t\t\t\t\tmargin-top: 10px;\n\t\t\t\t\ttext-align: center;\n\t\t\t\t\twidth: 25%;\n\t\t\t\t}\n\t\t\t\t#gallery-4 img {\n\t\t\t\t\tborder: 2px solid #cfcfcf;\n\t\t\t\t}\n\t\t\t\t#gallery-4 .gallery-caption {\n\t\t\t\t\tmargin-left: 0;\n\t\t\t\t}\n\t\t\t\t\/* see gallery_shortcode() in wp-includes\/media.php *\/\n\t\t\t<\/style>\n\t\t<div id='gallery-4' class='dt-gallery-container gallery galleryid-452994 gallery-columns-4 gallery-size-thumbnail'><dl class='gallery-item'>\n\t\t\t\t<dt class='gallery-icon portrait'>\n\t\t\t\t\t<a class=\"rollover rollover-zoom dt-pswp-item\" title=\"miniere sunset 11 giugno 25\" data-dt-img-description=\"\" data-large_image_width=\"1080\" data-large_image_height=\"1350\"href='https:\/\/www.radiopiu.net\/wordpress\/wp-content\/uploads\/2025\/06\/miniere-sunset-11-giugno-25.png'><img loading=\"lazy\" decoding=\"async\" width=\"150\" height=\"150\" src=\"https:\/\/www.radiopiu.net\/wordpress\/wp-content\/uploads\/2025\/06\/miniere-sunset-11-giugno-25-150x150.png\" class=\"attachment-thumbnail size-thumbnail\" alt=\"\" \/><\/a>\n\t\t\t\t<\/dt><\/dl><dl class='gallery-item'>\n\t\t\t\t<dt class='gallery-icon portrait'>\n\t\t\t\t\t<a class=\"rollover rollover-zoom dt-pswp-item\" title=\"Locandina mostra gagliardetti radioe tv\" data-dt-img-description=\"\" data-large_image_width=\"1052\" data-large_image_height=\"1488\"href='https:\/\/www.radiopiu.net\/wordpress\/wp-content\/uploads\/2025\/05\/Locandina-mostra-gagliardetti-radioe-tv.jpg'><img loading=\"lazy\" decoding=\"async\" width=\"150\" height=\"150\" src=\"https:\/\/www.radiopiu.net\/wordpress\/wp-content\/uploads\/2025\/05\/Locandina-mostra-gagliardetti-radioe-tv-150x150.jpg\" class=\"attachment-thumbnail size-thumbnail\" alt=\"\" \/><\/a>\n\t\t\t\t<\/dt><\/dl><dl class='gallery-item'>\n\t\t\t\t<dt class='gallery-icon portrait'>\n\t\t\t\t\t<a class=\"rollover rollover-zoom dt-pswp-item\" title=\"ARSON\" data-dt-img-description=\"\" data-large_image_width=\"841\" data-large_image_height=\"1190\"href='https:\/\/www.radiopiu.net\/wordpress\/wp-content\/uploads\/2025\/05\/ARSON.jpg'><img loading=\"lazy\" decoding=\"async\" width=\"150\" height=\"150\" src=\"https:\/\/www.radiopiu.net\/wordpress\/wp-content\/uploads\/2025\/05\/ARSON-150x150.jpg\" class=\"attachment-thumbnail size-thumbnail\" alt=\"\" \/><\/a>\n\t\t\t\t<\/dt><\/dl><dl class='gallery-item'>\n\t\t\t\t<dt class='gallery-icon portrait'>\n\t\t\t\t\t<a class=\"rollover rollover-zoom dt-pswp-item\" title=\"d1498b2b-b7bf-4f97-a860-cfdab4895bad\" data-dt-img-description=\"\" data-large_image_width=\"1127\" data-large_image_height=\"1600\"href='https:\/\/www.radiopiu.net\/wordpress\/wp-content\/uploads\/2025\/05\/d1498b2b-b7bf-4f97-a860-cfdab4895bad.jpg'><img loading=\"lazy\" decoding=\"async\" width=\"150\" height=\"150\" src=\"https:\/\/www.radiopiu.net\/wordpress\/wp-content\/uploads\/2025\/05\/d1498b2b-b7bf-4f97-a860-cfdab4895bad-150x150.jpg\" class=\"attachment-thumbnail size-thumbnail\" alt=\"\" \/><\/a>\n\t\t\t\t<\/dt><\/dl><br style=\"clear: both\" \/><dl class='gallery-item'>\n\t\t\t\t<dt class='gallery-icon portrait'>\n\t\t\t\t\t<a class=\"rollover rollover-zoom dt-pswp-item\" title=\"47206401-ad67-496b-80c6-4e9e2f24ffdf\" data-dt-img-description=\"\" data-large_image_width=\"1158\" data-large_image_height=\"1600\"href='https:\/\/www.radiopiu.net\/wordpress\/wp-content\/uploads\/2025\/05\/47206401-ad67-496b-80c6-4e9e2f24ffdf.jpg'><img loading=\"lazy\" decoding=\"async\" width=\"150\" height=\"150\" src=\"https:\/\/www.radiopiu.net\/wordpress\/wp-content\/uploads\/2025\/05\/47206401-ad67-496b-80c6-4e9e2f24ffdf-150x150.jpg\" class=\"attachment-thumbnail size-thumbnail\" alt=\"\" \/><\/a>\n\t\t\t\t<\/dt><\/dl><dl class='gallery-item'>\n\t\t\t\t<dt class='gallery-icon portrait'>\n\t\t\t\t\t<a class=\"rollover rollover-zoom dt-pswp-item\" title=\"Locandina_eventi_Brasile (1)\" data-dt-img-description=\"\" data-large_image_width=\"1190\" data-large_image_height=\"1683\"href='https:\/\/www.radiopiu.net\/wordpress\/wp-content\/uploads\/2025\/06\/Locandina_eventi_Brasile-1.jpg'><img loading=\"lazy\" decoding=\"async\" width=\"150\" height=\"150\" src=\"https:\/\/www.radiopiu.net\/wordpress\/wp-content\/uploads\/2025\/06\/Locandina_eventi_Brasile-1-150x150.jpg\" class=\"attachment-thumbnail size-thumbnail\" alt=\"\" \/><\/a>\n\t\t\t\t<\/dt><\/dl><dl class='gallery-item'>\n\t\t\t\t<dt class='gallery-icon portrait'>\n\t\t\t\t\t<a class=\"rollover rollover-zoom dt-pswp-item\" title=\"Locandina Sagra di San Giovanni 2025\" data-dt-img-description=\"\" data-large_image_width=\"814\" data-large_image_height=\"1600\"href='https:\/\/www.radiopiu.net\/wordpress\/wp-content\/uploads\/2025\/06\/Locandina-Sagra-di-San-Giovanni-2025.jpg'><img loading=\"lazy\" decoding=\"async\" width=\"150\" height=\"150\" src=\"https:\/\/www.radiopiu.net\/wordpress\/wp-content\/uploads\/2025\/06\/Locandina-Sagra-di-San-Giovanni-2025-150x150.jpg\" class=\"attachment-thumbnail size-thumbnail\" alt=\"\" \/><\/a>\n\t\t\t\t<\/dt><\/dl><dl class='gallery-item'>\n\t\t\t\t<dt class='gallery-icon portrait'>\n\t\t\t\t\t<a class=\"rollover rollover-zoom dt-pswp-item\" title=\"17a1fc42-3517-41bb-8a12-ddda5bfbb98c\" data-dt-img-description=\"\" data-large_image_width=\"1000\" data-large_image_height=\"1401\"href='https:\/\/www.radiopiu.net\/wordpress\/wp-content\/uploads\/2025\/06\/17a1fc42-3517-41bb-8a12-ddda5bfbb98c.jpg'><img loading=\"lazy\" decoding=\"async\" width=\"150\" height=\"150\" src=\"https:\/\/www.radiopiu.net\/wordpress\/wp-content\/uploads\/2025\/06\/17a1fc42-3517-41bb-8a12-ddda5bfbb98c-150x150.jpg\" class=\"attachment-thumbnail size-thumbnail\" alt=\"\" \/><\/a>\n\t\t\t\t<\/dt><\/dl><br style=\"clear: both\" \/>\n\t\t\t<\/div>\n\n<p>&nbsp;<\/p>\n<\/div>\n<\/div>\n<\/div>\n<\/div>\n<\/div>\n<\/div>\n<\/div>\n<\/div>\n<\/div>\n<\/div>\n<\/div>\n<\/div>\n<\/div>\n<\/div>\n<\/div>\n<\/div>\n<\/div>\n<\/div>\n<\/div>\n<\/div>\n<\/div>\n<div>\n<div class=\"\" dir=\"auto\">\n<div id=\":r9h:\" class=\"x1iorvi4 x1pi30zi x1l90r2v x1swvt13\" data-ad-comet-preview=\"message\" data-ad-preview=\"message\">\n<div class=\"\" dir=\"auto\">\n<div id=\":r9h:\" class=\"x1iorvi4 x1pi30zi x1l90r2v x1swvt13\" data-ad-comet-preview=\"message\" data-ad-preview=\"message\">\n<div class=\"\" dir=\"auto\">\n<div id=\":r9h:\" class=\"x1iorvi4 x1pi30zi x1l90r2v x1swvt13\" data-ad-comet-preview=\"message\" data-ad-preview=\"message\">\n<div class=\"\" dir=\"auto\">\n<div id=\":r9h:\" class=\"x1iorvi4 x1pi30zi x1l90r2v x1swvt13\" data-ad-comet-preview=\"message\" data-ad-preview=\"message\">\n<div>\n<div class=\"\" dir=\"auto\">\n<div id=\":r9h:\" class=\"x1iorvi4 x1pi30zi x1l90r2v x1swvt13\" data-ad-comet-preview=\"message\" data-ad-preview=\"message\">\n<div>\n<div class=\"\" dir=\"auto\">\n<div id=\":r9h:\" class=\"x1iorvi4 x1pi30zi x1l90r2v x1swvt13\" data-ad-comet-preview=\"message\" data-ad-preview=\"message\">\n<div class=\"xdj266r x11i5rnm xat24cr x1mh8g0r x1vvkbs x126k92a\">\n<div dir=\"auto\"><\/div>\n<\/div>\n<div>\n<div class=\"\" dir=\"auto\">\n<div id=\":r9h:\" class=\"x1iorvi4 x1pi30zi x1l90r2v x1swvt13\" data-ad-comet-preview=\"message\" data-ad-preview=\"message\">\n<div>\n<div class=\"\" dir=\"auto\">\n<div id=\":r9h:\" class=\"x1iorvi4 x1pi30zi x1l90r2v x1swvt13\" data-ad-comet-preview=\"message\" data-ad-preview=\"message\">\n<p>&nbsp;<\/p>\n<hr \/>\n<p>&nbsp;<\/p>\n<\/div>\n<\/div>\n<\/div>\n<\/div>\n<\/div>\n<\/div>\n<\/div>\n<\/div>\n<\/div>\n<\/div>\n<\/div>\n<\/div>\n<\/div>\n<\/div>\n<\/div>\n<\/div>\n<\/div>\n<\/div>\n<\/div>\n<\/div>\n<\/div>\n<p class=\"mceTemp\"><a class=\"dt-pswp-item\" href=\"https:\/\/www.radiopiu.net\/wordpress\/wp-content\/uploads\/2018\/09\/WhatsApp-Image-2018-09-20-at-16.04.06.jpeg\" data-dt-img-description=\"\" data-large_image_width=\"800\" data-large_image_height=\"100\"><img loading=\"lazy\" decoding=\"async\" class=\"wp-image-61378 size-full aligncenter\" src=\"https:\/\/www.radiopiu.net\/wordpress\/wp-content\/uploads\/2018\/09\/WhatsApp-Image-2018-09-20-at-16.04.06.jpeg\" alt=\"\" width=\"800\" height=\"100\" srcset=\"https:\/\/www.radiopiu.net\/wordpress\/wp-content\/uploads\/2018\/09\/WhatsApp-Image-2018-09-20-at-16.04.06.jpeg 800w, https:\/\/www.radiopiu.net\/wordpress\/wp-content\/uploads\/2018\/09\/WhatsApp-Image-2018-09-20-at-16.04.06-300x38.jpeg 300w, https:\/\/www.radiopiu.net\/wordpress\/wp-content\/uploads\/2018\/09\/WhatsApp-Image-2018-09-20-at-16.04.06-768x96.jpeg 768w\" sizes=\"auto, (max-width: 800px) 100vw, 800px\" \/><\/a><\/p>\n<p><center><\/center><center><\/center>&nbsp;<\/p>\n<p><center><b>OGGI<\/b><\/center>In prevalenza soleggiato soprattutto al mattino, leggermente pi\u00f9 nuvoloso nelle ore calde per una lieve attivit\u00e0 cumuliforme.<br \/>\n<b>Precipitazioni: <\/b>Fino a met\u00e0 pomeriggio assenti. In seguito non del tutto escluso qualche isolato e breve fenomeno<br \/>\n<b>Temperature: <\/b>In generale lieve o contenuto aumento specie nelle valli<\/p>\n<hr \/>\n<p><center><b>DOMANI<\/b><\/center><b>Tempo atteso: <\/b>Soleggiato al mattino, salvo qualche nube bassa in Valbelluna nelle ore fredde in veloce dissolvimento dopo l&#8217;alba, tendente a divenire parzialmente soleggiato in seguito per una modesta attivit\u00e0 cumuliforme nelle ore pi\u00f9 calde.<br \/>\n<b>Precipitazioni: <\/b>Al mattino assenti; nel pomeriggio non del tutto esclusi brevi fenomeni occasionali, pioviggini o piovaschi<br \/>\n<b>Temperature: <\/b>In ulteriore lieve aumento con un&#8217;elevata escursione termica giornaliere nelle valli e altipiani in un contesto termico tipicamente estivo.<\/p>\n<hr \/>\n<p><center><b>GIOVEDI<\/b><\/center>Al mattino soleggiato, poi riduzione del soleggiamento per una modesta attivit\u00e0 cumuliforme nelle ore pi\u00f9 calde eventualmente associata a qualche occasionale e breve fenomeno di calore. Temperature in ulteriore lieve aumento e superiori alla norma<\/p>\n<hr \/>\n<p><center><b>VENERDI<\/b><\/center>Situazione meteorologica pressoch\u00e9 invariata, con tempo generalmente soleggiato al mattino, con la tendenza a divenire parzialmente soleggiato nelle ore calde per una lieve attivit\u00e0 cumuliforme associata a scarsi fenomeni o del tutto assenti. Clima estivo con temperature stazionarie o in ulteriore lieve aumento e superiori alla norma.<\/p>\n<p>&nbsp;<\/p>\n<hr \/>\n<p>&nbsp;<\/p>\n<p class=\"mceTemp\"><a class=\"dt-pswp-item\" href=\"https:\/\/www.radiopiu.net\/wordpress\/wp-content\/uploads\/2018\/09\/sport.jpg\" data-dt-img-description=\"\" data-large_image_width=\"800\" data-large_image_height=\"100\"><img loading=\"lazy\" decoding=\"async\" class=\"aligncenter wp-image-60761 size-full\" src=\"https:\/\/www.radiopiu.net\/wordpress\/wp-content\/uploads\/2018\/09\/sport.jpg\" alt=\"\" width=\"800\" height=\"100\" srcset=\"https:\/\/www.radiopiu.net\/wordpress\/wp-content\/uploads\/2018\/09\/sport.jpg 800w, https:\/\/www.radiopiu.net\/wordpress\/wp-content\/uploads\/2018\/09\/sport-300x38.jpg 300w, https:\/\/www.radiopiu.net\/wordpress\/wp-content\/uploads\/2018\/09\/sport-768x96.jpg 768w\" sizes=\"auto, (max-width: 800px) 100vw, 800px\" \/> <\/a><\/p>\n<p class=\"mceTemp\"><span style=\"color: #0000ff;\"><strong>\u00a0 \u00a0 \u00a0 \u00a0 \u00a0 \u00a0 \u00a0\u00a0<\/strong><\/span><\/p>\n<p><strong><span style=\"color: #0000ff;\">HOCKEY SU GHIACCIO<\/span><\/strong><\/p>\n<blockquote>\n<h3>FRANCESCO SOPPELSA CONFERMATO NEL ROSTER DELLE CIVETTE<\/h3>\n<\/blockquote>\n<p><strong><a class=\"dt-pswp-item\" href=\"https:\/\/www.radiopiu.net\/wordpress\/wp-content\/uploads\/2025\/06\/IMG_9376.jpeg\" data-dt-img-description=\"\" data-large_image_width=\"1179\" data-large_image_height=\"862\"><img loading=\"lazy\" decoding=\"async\" class=\" wp-image-453046 alignleft\" src=\"https:\/\/www.radiopiu.net\/wordpress\/wp-content\/uploads\/2025\/06\/IMG_9376-300x219.jpeg\" alt=\"\" width=\"166\" height=\"121\" srcset=\"https:\/\/www.radiopiu.net\/wordpress\/wp-content\/uploads\/2025\/06\/IMG_9376-300x219.jpeg 300w, https:\/\/www.radiopiu.net\/wordpress\/wp-content\/uploads\/2025\/06\/IMG_9376-1024x749.jpeg 1024w, https:\/\/www.radiopiu.net\/wordpress\/wp-content\/uploads\/2025\/06\/IMG_9376-768x562.jpeg 768w, https:\/\/www.radiopiu.net\/wordpress\/wp-content\/uploads\/2025\/06\/IMG_9376.jpeg 1179w\" sizes=\"auto, (max-width: 166px) 100vw, 166px\" \/><\/a>DI ROBERTO MIANA, PORTAVOCE DELL\u2019ALLEGHE HOCKEY<\/strong><\/p>\n<p>L\u2019Alleghe Hockey annuncia la conferma nel proprio roster di FRANCESCO SOPPELSA. Attaccante classe 2002 di Cencenighe Agordino, cresciuto nel vivaio alleghese. Francesco, in ogni gara, non fa mai mancare il suo apporto alla squadra, soprattutto in fase realizzativa. L\u2019ultima stagione \u00e8 stata per lui la pi\u00f9 prolifica in riva al lago, risultando uno dei migliori realizzatori tra i giocatori locali con un bottino di 12 gol e 14 assist in 37 gare. Ha esordito in prima squadra nella stagione 2018\/2019, registrando in totale 191 presenze impreziosite da 41 gol e 52 assist.<\/p>\n<p>&nbsp;<\/p>\n<p><span style=\"color: #0000ff;\"><strong>MOUNTAIN BIKE<\/strong><\/span><\/p>\n<blockquote>\n<h3>ASTRID MIOLA TRIONFA ALLA \u201c100KM DEI FORTI\u201d E CONQUISTA IL \u201c1000 GROBBE BIKE CHALLENGE\u201d NONOSTANTE UN INFORTUNIO<\/h3>\n<\/blockquote>\n<p>Un weekend di gloria e resilienza per Astrid Miola, protagonista assoluta sulle montagne di Lavarone. L\u2019atleta ha infatti partecipato a due granfondo nell\u2019ambito della celebre manifestazione \u201c1000 Grobbe Bike Challenge\u201d, riuscendo a conquistare il titolo complessivo nonostante un recente infortunio. Sabato Miola ha ottenuto un brillante secondo posto alla \u201cNosellari Bike\u201d, mentre domenica ha tagliato per prima il traguardo della \u201c100km dei Forti\u201d sul percorso Classic, gara regina del fine settimana. Grazie a queste due prestazioni di altissimo livello, l\u2019atleta si \u00e8 aggiudicata la classifica finale del circuito, dimostrando non solo talento e preparazione, ma anche grande determinazione. \u201cVengo da una settimana difficile \u2013 ha dichiarato Miola \u2013. Lo scorso weekend sono caduta in gara a causa di un brutto episodio con un\u2019avversaria e ho passato quattro giorni a letto. Le botte si facevano ancora sentire, ma ho voluto esserci lo stesso. E sono davvero felice del risultato\u201d.<\/p>\n\n\t\t\t<style type='text\/css'>\n\t\t\t\t#gallery-5 {\n\t\t\t\t\tmargin: auto;\n\t\t\t\t}\n\t\t\t\t#gallery-5 .gallery-item {\n\t\t\t\t\tfloat: left;\n\t\t\t\t\tmargin-top: 10px;\n\t\t\t\t\ttext-align: center;\n\t\t\t\t\twidth: 50%;\n\t\t\t\t}\n\t\t\t\t#gallery-5 img {\n\t\t\t\t\tborder: 2px solid #cfcfcf;\n\t\t\t\t}\n\t\t\t\t#gallery-5 .gallery-caption {\n\t\t\t\t\tmargin-left: 0;\n\t\t\t\t}\n\t\t\t\t\/* see gallery_shortcode() in wp-includes\/media.php *\/\n\t\t\t<\/style>\n\t\t<div id='gallery-5' class='dt-gallery-container gallery galleryid-452994 gallery-columns-2 gallery-size-thumbnail'><dl class='gallery-item'>\n\t\t\t\t<dt class='gallery-icon landscape'>\n\t\t\t\t\t<a class=\"rollover rollover-zoom dt-pswp-item\" title=\"513d0d76-c85f-4105-8f9a-22129866b042\" data-dt-img-description=\"\" data-large_image_width=\"1389\" data-large_image_height=\"1094\"href='https:\/\/www.radiopiu.net\/wordpress\/wp-content\/uploads\/2025\/06\/513d0d76-c85f-4105-8f9a-22129866b042.jpg'><img loading=\"lazy\" decoding=\"async\" width=\"150\" height=\"150\" src=\"https:\/\/www.radiopiu.net\/wordpress\/wp-content\/uploads\/2025\/06\/513d0d76-c85f-4105-8f9a-22129866b042-150x150.jpg\" class=\"attachment-thumbnail size-thumbnail\" alt=\"\" \/><\/a>\n\t\t\t\t<\/dt><\/dl><dl class='gallery-item'>\n\t\t\t\t<dt class='gallery-icon portrait'>\n\t\t\t\t\t<a class=\"rollover rollover-zoom dt-pswp-item\" title=\"11190ebf-bbdb-47a5-bc50-a7927d9eb38b\" data-dt-img-description=\"\" data-large_image_width=\"1920\" data-large_image_height=\"2560\"href='https:\/\/www.radiopiu.net\/wordpress\/wp-content\/uploads\/2025\/06\/11190ebf-bbdb-47a5-bc50-a7927d9eb38b-scaled.jpg'><img loading=\"lazy\" decoding=\"async\" width=\"150\" height=\"150\" src=\"https:\/\/www.radiopiu.net\/wordpress\/wp-content\/uploads\/2025\/06\/11190ebf-bbdb-47a5-bc50-a7927d9eb38b-150x150.jpg\" class=\"attachment-thumbnail size-thumbnail\" alt=\"\" \/><\/a>\n\t\t\t\t<\/dt><\/dl><br style=\"clear: both\" \/>\n\t\t\t<\/div>\n\n<p><span style=\"color: #0000ff;\"><strong>PALLAVOLO<\/strong><\/span><\/p>\n<blockquote>\n<h3>CONFERMATO LOGLISCI AL BELLUNO VOLLEY<\/h3>\n<\/blockquote>\n<p><a class=\"dt-pswp-item\" href=\"https:\/\/www.radiopiu.net\/wordpress\/wp-content\/uploads\/2025\/06\/Il_sorriso_di_Loglisci.jpg\" data-dt-img-description=\"\" data-large_image_width=\"2048\" data-large_image_height=\"1365\"><img loading=\"lazy\" decoding=\"async\" class=\" wp-image-453096 alignleft\" src=\"https:\/\/www.radiopiu.net\/wordpress\/wp-content\/uploads\/2025\/06\/Il_sorriso_di_Loglisci-300x200.jpg\" alt=\"\" width=\"141\" height=\"94\" srcset=\"https:\/\/www.radiopiu.net\/wordpress\/wp-content\/uploads\/2025\/06\/Il_sorriso_di_Loglisci-300x200.jpg 300w, https:\/\/www.radiopiu.net\/wordpress\/wp-content\/uploads\/2025\/06\/Il_sorriso_di_Loglisci-1024x683.jpg 1024w, https:\/\/www.radiopiu.net\/wordpress\/wp-content\/uploads\/2025\/06\/Il_sorriso_di_Loglisci-768x512.jpg 768w, https:\/\/www.radiopiu.net\/wordpress\/wp-content\/uploads\/2025\/06\/Il_sorriso_di_Loglisci-1536x1024.jpg 1536w, https:\/\/www.radiopiu.net\/wordpress\/wp-content\/uploads\/2025\/06\/Il_sorriso_di_Loglisci.jpg 2048w\" sizes=\"auto, (max-width: 141px) 100vw, 141px\" \/><\/a>Dopo l\u2019ingaggio di Sebastiano Marsili in cabina di regia, il Belluno Volley conferma lo schiacciatore Gianluca Loglisci, pronto alla sua nona stagione in Serie A. Originario di Mantova, Loglisci apprezza la seriet\u00e0 della societ\u00e0 e l\u2019ambiente che favorisce una crescita costante. Nell\u2019ultimo campionato di A3 si \u00e8 distinto per variet\u00e0 di colpi, incisivit\u00e0 in attacco e solidit\u00e0 in ricezione, contribuendo alla qualificazione ai playoff con una prestazione decisiva. Nonostante la delusione per l\u2019ultima partita, guarda al futuro con entusiasmo, convinto che la squadra sar\u00e0 competitiva e ambiziosa. L\u2019obiettivo comune \u00e8 lottare per i trofei e migliorare i risultati raggiunti finora.<\/p>\n<p>&nbsp;<\/p>\n<p><span style=\"color: #0000ff;\"><strong>TRIATHLON<\/strong><\/span><\/p>\n<blockquote>\n<h3>TONET E FERRANTE PROTAGONISTI ALL\u2019IRON MIKE MUGELLO<\/h3>\n<\/blockquote>\n<p>Alla suggestiva cornice del lago di Bilancino, a Barberino del Mugello, si sono svolti i Campionati italiani di triathlon sulla distanza media, noti come Iron Lake Mugello, con quasi 400 partecipanti. La Sportivamente Belluno ha preso parte all\u2019evento con due atleti: Francesco Ferrante (categoria M4) e Stefano Tonet (M3). Ferrante ha concluso la gara in 5h 05\u201937\u201d, mentre Tonet in 5h 17\u201950\u201d, dimostrando preparazione, determinazione e spirito sportivo. Il tracciato, come sempre, si \u00e8 rivelato impegnativo: 1.900 metri di nuoto nelle acque del lago, 80 km di ciclismo lungo le salite del Passo della Futa e 20 km di corsa divisi in quattro giri sul percorso pianeggiante del parco lungo lago. Per i due triatleti, la soddisfazione pi\u00f9 grande resta quella di aver onorato la maglia della Sportivamente Belluno in una competizione di altissimo livello, affrontando con orgoglio e passione una delle gare pi\u00f9 prestigiose del panorama nazionale.<\/p>\n\n\t\t\t<style type='text\/css'>\n\t\t\t\t#gallery-6 {\n\t\t\t\t\tmargin: auto;\n\t\t\t\t}\n\t\t\t\t#gallery-6 .gallery-item {\n\t\t\t\t\tfloat: left;\n\t\t\t\t\tmargin-top: 10px;\n\t\t\t\t\ttext-align: center;\n\t\t\t\t\twidth: 50%;\n\t\t\t\t}\n\t\t\t\t#gallery-6 img {\n\t\t\t\t\tborder: 2px solid #cfcfcf;\n\t\t\t\t}\n\t\t\t\t#gallery-6 .gallery-caption {\n\t\t\t\t\tmargin-left: 0;\n\t\t\t\t}\n\t\t\t\t\/* see gallery_shortcode() in wp-includes\/media.php *\/\n\t\t\t<\/style>\n\t\t<div id='gallery-6' class='dt-gallery-container gallery galleryid-452994 gallery-columns-2 gallery-size-medium'><dl class='gallery-item'>\n\t\t\t\t<dt class='gallery-icon landscape'>\n\t\t\t\t\t<a class=\"rollover rollover-zoom dt-pswp-item\" title=\"Francesco_Ferrante\" data-dt-img-description=\"\" data-large_image_width=\"690\" data-large_image_height=\"561\"href='https:\/\/www.radiopiu.net\/wordpress\/wp-content\/uploads\/2025\/06\/Francesco_Ferrante.jpg'><img loading=\"lazy\" decoding=\"async\" width=\"300\" height=\"244\" src=\"https:\/\/www.radiopiu.net\/wordpress\/wp-content\/uploads\/2025\/06\/Francesco_Ferrante-300x244.jpg\" class=\"attachment-medium size-medium\" alt=\"\" srcset=\"https:\/\/www.radiopiu.net\/wordpress\/wp-content\/uploads\/2025\/06\/Francesco_Ferrante-300x244.jpg 300w, https:\/\/www.radiopiu.net\/wordpress\/wp-content\/uploads\/2025\/06\/Francesco_Ferrante.jpg 690w\" sizes=\"auto, (max-width: 300px) 100vw, 300px\" \/><\/a>\n\t\t\t\t<\/dt><\/dl><dl class='gallery-item'>\n\t\t\t\t<dt class='gallery-icon landscape'>\n\t\t\t\t\t<a class=\"rollover rollover-zoom dt-pswp-item\" title=\"Stefano_Tonet\" data-dt-img-description=\"\" data-large_image_width=\"532\" data-large_image_height=\"465\"href='https:\/\/www.radiopiu.net\/wordpress\/wp-content\/uploads\/2025\/06\/Stefano_Tonet.jpg'><img loading=\"lazy\" decoding=\"async\" width=\"300\" height=\"262\" src=\"https:\/\/www.radiopiu.net\/wordpress\/wp-content\/uploads\/2025\/06\/Stefano_Tonet-300x262.jpg\" class=\"attachment-medium size-medium\" alt=\"\" srcset=\"https:\/\/www.radiopiu.net\/wordpress\/wp-content\/uploads\/2025\/06\/Stefano_Tonet-300x262.jpg 300w, https:\/\/www.radiopiu.net\/wordpress\/wp-content\/uploads\/2025\/06\/Stefano_Tonet.jpg 532w\" sizes=\"auto, (max-width: 300px) 100vw, 300px\" \/><\/a>\n\t\t\t\t<\/dt><\/dl><br style=\"clear: both\" \/>\n\t\t\t<\/div>\n\n<p>&nbsp;<\/p>\n<p>&nbsp;<\/p>\n<p>&nbsp;<\/p>\n<p>&nbsp;<\/p>\n","protected":false},"excerpt":{"rendered":"<p>******* &nbsp; LA\u00a0 APP PER IOS-IPHONE di Nicola Vettorello https:\/\/apps.apple.com\/it\/app\/radio-pi%C3%B9-emittente-agordina\/id1515939845 LA\u00a0 APP RADIO\u00a0 PER ANDROID di Nicola Vettorello https:\/\/play.google.com\/store\/apps\/details?id=net.radiopiu.iniko\u00a0\u00a0\u00a0\u00a0 &nbsp; &nbsp; \u00a0 &nbsp; OGGI SU RADIOPI\u00d9: MUSICA, informazione\u00a0 e dirette\u00a0 ALLE 8.05 LA RASSEGNA STAMPA LOCALE 8.25\u00a0 PIU&#8217; SIAMO 9.00 LA MUSICA COUNTRY DI ALEX NASCINBEN 9.30 OGGI COME IERI CON SILVIA BALDO 10.00 SPECIALE&hellip;<\/p>\n","protected":false},"author":4,"featured_media":453151,"comment_status":"closed","ping_status":"closed","sticky":false,"template":"","format":"standard","meta":{"_monsterinsights_skip_tracking":false,"_monsterinsights_sitenote_active":false,"_monsterinsights_sitenote_note":"","_monsterinsights_sitenote_category":0,"footnotes":""},"categories":[51,86,49],"tags":[],"class_list":["post-452994","post","type-post","status-publish","format-standard","has-post-thumbnail","hentry","category-evidenza-top","category-gr","category-news-18","category-51","category-86","category-49","description-off"],"img_url":"https:\/\/www.radiopiu.net\/wordpress\/wp-content\/uploads\/2025\/06\/Screenshot-2025-06-10-050501.png","_links":{"self":[{"href":"https:\/\/www.radiopiu.net\/wordpress\/wp-json\/wp\/v2\/posts\/452994","targetHints":{"allow":["GET"]}}],"collection":[{"href":"https:\/\/www.radiopiu.net\/wordpress\/wp-json\/wp\/v2\/posts"}],"about":[{"href":"https:\/\/www.radiopiu.net\/wordpress\/wp-json\/wp\/v2\/types\/post"}],"author":[{"embeddable":true,"href":"https:\/\/www.radiopiu.net\/wordpress\/wp-json\/wp\/v2\/users\/4"}],"replies":[{"embeddable":true,"href":"https:\/\/www.radiopiu.net\/wordpress\/wp-json\/wp\/v2\/comments?post=452994"}],"version-history":[{"count":34,"href":"https:\/\/www.radiopiu.net\/wordpress\/wp-json\/wp\/v2\/posts\/452994\/revisions"}],"predecessor-version":[{"id":453185,"href":"https:\/\/www.radiopiu.net\/wordpress\/wp-json\/wp\/v2\/posts\/452994\/revisions\/453185"}],"wp:featuredmedia":[{"embeddable":true,"href":"https:\/\/www.radiopiu.net\/wordpress\/wp-json\/wp\/v2\/media\/453151"}],"wp:attachment":[{"href":"https:\/\/www.radiopiu.net\/wordpress\/wp-json\/wp\/v2\/media?parent=452994"}],"wp:term":[{"taxonomy":"category","embeddable":true,"href":"https:\/\/www.radiopiu.net\/wordpress\/wp-json\/wp\/v2\/categories?post=452994"},{"taxonomy":"post_tag","embeddable":true,"href":"https:\/\/www.radiopiu.net\/wordpress\/wp-json\/wp\/v2\/tags?post=452994"}],"curies":[{"name":"wp","href":"https:\/\/api.w.org\/{rel}","templated":true}]}}