{"id":453003,"date":"2025-06-10T05:45:26","date_gmt":"2025-06-10T03:45:26","guid":{"rendered":"https:\/\/www.radiopiu.net\/wordpress\/?p=453003"},"modified":"2025-06-10T05:59:10","modified_gmt":"2025-06-10T03:59:10","slug":"elena-zannin-l-e","status":"publish","type":"post","link":"https:\/\/www.radiopiu.net\/wordpress\/elena-zannin-l-e\/","title":{"rendered":"ELENA ZANNIN,  L&#8217; ESCURSIONISTA DISPERSA RITROVATA SENZA VITA"},"content":{"rendered":"<p>***<\/p>\n<p><strong>CESIOMAGGIORE<\/strong><\/p>\n<p><strong><a class=\"dt-pswp-item\" href=\"https:\/\/www.radiopiu.net\/wordpress\/wp-content\/uploads\/2025\/06\/Screenshot-2025-06-10-050236.png\" data-dt-img-description=\"\" data-large_image_width=\"295\" data-large_image_height=\"253\"><img loading=\"lazy\" decoding=\"async\" class=\"wp-image-453149 alignleft\" src=\"https:\/\/www.radiopiu.net\/wordpress\/wp-content\/uploads\/2025\/06\/Screenshot-2025-06-10-050236.png\" alt=\"\" width=\"150\" height=\"129\" \/><\/a>CESIOMAGGIORE<\/strong> Si \u00e8 conclusa tragicamente la scomparsa di Elena Zannin, 57 anni, residente a Feltre, dispersa lungo il Sentiero Corrado De Bastiani. La donna era partita per un\u2019escursione ad anello con destinazione il Bivacco Casera Bosc dei Boi, ma non ha fatto ritorno a casa e non rispondeva al telefono. L\u2019allarme \u00e8 scattato intorno alle 20.30 di domenica, dopo il ritrovamento della sua auto parcheggiata a Cesiomaggiore. Sono subito partite le ricerche da parte del Soccorso alpino di Feltre, con l\u2019ausilio dell\u2019elicottero del Suem di Pieve di Cadore, che ha sbarcato sei tecnici in quota. Altri otto soccorritori sono intervenuti via terra, mentre due coordinavano dal campo base. Alle 22.40 \u00e8 stato trovato un bastoncino in un tratto esposto sopra la Chiesetta di Sant\u2019Agapito. Poco distante, circa cento metri pi\u00f9 in basso, \u00e8 stato rinvenuto il corpo della donna, precipitata nel vuoto. Dopo l\u2019autorizzazione della magistratura, la salma \u00e8 stata recuperata e riportata a valle. Elena Zannin gestiva un salone di parrucchiera a Pedavena. Le operazioni si sono concluse attorno all\u20191.30 di notte. La morte di Elena Zannini ha colto di sorpresa sia la comunit\u00e0 di Farra dove la donna abitava, sia quella di Pedavena, dove era un&#8217;istituzione a livello commerciale grazie alla centralit\u00e0 del negozio e della qualit\u00e0 del servizio offerto alle clienti. La donna, sposata con Ferruccio Rizzo che per tanti anni \u00e8 stato il responsabile del negozio aziendale di Manifattura Valcismon, lascia il figlio Mattia, che lavora a sua volta nel nuovo store a Santa Lucia, la mamma Dora, le sorelle Mariangela, Luisa e Roberta, il fratello Paolo e numerosi altri parenti. I funerali si svolgeranno domani alle 16 nel duomo di Feltre. La famiglia chiede non fiori, ma donazioni per il Suem.<\/p>\n<div class=\"flex items-center\"><\/div>\n<div><strong>IERI SERA, ANTICIPAZIONI AL TG DI ANTENNA 3<\/strong><\/div>\n<div><strong><strong>DI TIZIANA BOLOGNANI<\/strong><\/strong><audio class=\"wp-audio-shortcode\" id=\"audio-453003-1\" preload=\"none\" style=\"width: 100%;\" controls=\"controls\"><source type=\"audio\/mpeg\" src=\"https:\/\/www.radiopiu.net\/wordpress\/wp-content\/uploads\/2025\/06\/TIZIANA-1.mp3?_=1\" \/><a href=\"https:\/\/www.radiopiu.net\/wordpress\/wp-content\/uploads\/2025\/06\/TIZIANA-1.mp3\">https:\/\/www.radiopiu.net\/wordpress\/wp-content\/uploads\/2025\/06\/TIZIANA-1.mp3<\/a><\/audio>\n<\/div>\n<div><\/div>\n<p>&nbsp;<\/p>\n<p>&nbsp;<\/p>\n<p>&nbsp;<\/p>\n<hr \/>\n<p>&nbsp;<\/p>\n","protected":false},"excerpt":{"rendered":"<p>*** CESIOMAGGIORE CESIOMAGGIORE Si \u00e8 conclusa tragicamente la scomparsa di Elena Zannin, 57 anni, residente a Feltre, dispersa lungo il Sentiero Corrado De Bastiani. La donna era partita per un\u2019escursione ad anello con destinazione il Bivacco Casera Bosc dei Boi, ma non ha fatto ritorno a casa e non rispondeva al telefono. L\u2019allarme \u00e8 scattato&hellip;<\/p>\n","protected":false},"author":4,"featured_media":453048,"comment_status":"closed","ping_status":"closed","sticky":false,"template":"","format":"standard","meta":{"_monsterinsights_skip_tracking":false,"_monsterinsights_sitenote_active":false,"_monsterinsights_sitenote_note":"","_monsterinsights_sitenote_category":0,"footnotes":""},"categories":[51,49],"tags":[],"class_list":["post-453003","post","type-post","status-publish","format-standard","has-post-thumbnail","hentry","category-evidenza-top","category-news-18","category-51","category-49","description-off"],"img_url":"https:\/\/www.radiopiu.net\/wordpress\/wp-content\/uploads\/2025\/06\/1000168175-e1749455616328-1024x578-1.jpg","_links":{"self":[{"href":"https:\/\/www.radiopiu.net\/wordpress\/wp-json\/wp\/v2\/posts\/453003","targetHints":{"allow":["GET"]}}],"collection":[{"href":"https:\/\/www.radiopiu.net\/wordpress\/wp-json\/wp\/v2\/posts"}],"about":[{"href":"https:\/\/www.radiopiu.net\/wordpress\/wp-json\/wp\/v2\/types\/post"}],"author":[{"embeddable":true,"href":"https:\/\/www.radiopiu.net\/wordpress\/wp-json\/wp\/v2\/users\/4"}],"replies":[{"embeddable":true,"href":"https:\/\/www.radiopiu.net\/wordpress\/wp-json\/wp\/v2\/comments?post=453003"}],"version-history":[{"count":9,"href":"https:\/\/www.radiopiu.net\/wordpress\/wp-json\/wp\/v2\/posts\/453003\/revisions"}],"predecessor-version":[{"id":453170,"href":"https:\/\/www.radiopiu.net\/wordpress\/wp-json\/wp\/v2\/posts\/453003\/revisions\/453170"}],"wp:featuredmedia":[{"embeddable":true,"href":"https:\/\/www.radiopiu.net\/wordpress\/wp-json\/wp\/v2\/media\/453048"}],"wp:attachment":[{"href":"https:\/\/www.radiopiu.net\/wordpress\/wp-json\/wp\/v2\/media?parent=453003"}],"wp:term":[{"taxonomy":"category","embeddable":true,"href":"https:\/\/www.radiopiu.net\/wordpress\/wp-json\/wp\/v2\/categories?post=453003"},{"taxonomy":"post_tag","embeddable":true,"href":"https:\/\/www.radiopiu.net\/wordpress\/wp-json\/wp\/v2\/tags?post=453003"}],"curies":[{"name":"wp","href":"https:\/\/api.w.org\/{rel}","templated":true}]}}