{"id":453139,"date":"2025-06-11T05:48:05","date_gmt":"2025-06-11T03:48:05","guid":{"rendered":"https:\/\/www.radiopiu.net\/wordpress\/?p=453139"},"modified":"2025-06-11T09:08:22","modified_gmt":"2025-06-11T07:08:22","slug":"giornale-radiopiu-11-giugno-2025-direttore-mirko-mezzacasa","status":"publish","type":"post","link":"https:\/\/www.radiopiu.net\/wordpress\/giornale-radiopiu-11-giugno-2025-direttore-mirko-mezzacasa\/","title":{"rendered":"GIORNALE RADIOPIU 11 GIUGNO 2025 DIRETTORE MIRKO MEZZACASA"},"content":{"rendered":"<p>*******<\/p>\n<p>&nbsp;<\/p>\n<p><em><span style=\"color: #ff0000;\"><a class=\"dt-pswp-item\" href=\"https:\/\/www.radiopiu.net\/wordpress\/wp-content\/uploads\/2024\/10\/Senza-nome-8.png\" data-dt-img-description=\"\" data-large_image_width=\"343\" data-large_image_height=\"303\"><img loading=\"lazy\" decoding=\"async\" class=\"wp-image-412130 alignleft\" src=\"https:\/\/www.radiopiu.net\/wordpress\/wp-content\/uploads\/2024\/10\/Senza-nome-8-300x265.png\" alt=\"\" width=\"105\" height=\"93\" srcset=\"https:\/\/www.radiopiu.net\/wordpress\/wp-content\/uploads\/2024\/10\/Senza-nome-8-300x265.png 300w, https:\/\/www.radiopiu.net\/wordpress\/wp-content\/uploads\/2024\/10\/Senza-nome-8.png 343w\" sizes=\"auto, (max-width: 105px) 100vw, 105px\" \/><\/a><\/span><\/em><strong><em><span style=\"color: #ff0000;\"> LA\u00a0 APP PER IOS-IPHONE di Nicola Vettorello<\/span><\/em><\/strong><\/p>\n<p><strong><span style=\"color: #0000ff;\"><a style=\"color: #0000ff;\" href=\"https:\/\/apps.apple.com\/it\/app\/radio-pi%C3%B9-emittente-agordina\/id1515939845\">https:\/\/apps.apple.com\/it\/app\/radio-pi%C3%B9-emittente-agordina\/id1515939845<\/a><\/span><\/strong><\/p>\n<p><strong><em style=\"color: #ff0000;\">LA\u00a0 APP RADIO\u00a0 PER ANDROID di Nicola Vettorello<\/em><\/strong><\/p>\n<p><strong><span style=\"color: #0000ff;\"><a style=\"color: #0000ff;\" href=\"https:\/\/play.google.com\/store\/apps\/details?id=net.radiopiu.iniko\" target=\"_blank\" rel=\"noopener noreferrer\">https:\/\/<\/a><a style=\"color: #0000ff;\" href=\"https:\/\/play.google.com\/store\/apps\/details?id=net.radiopiu.iniko\" target=\"_blank\" rel=\"noopener noreferrer\">play.google.com\/store\/apps\/details?id=net.radiopiu.iniko\u00a0\u00a0\u00a0\u00a0<\/a><\/span><\/strong><\/p>\n<hr \/>\n<p><span style=\"color: #0000ff;\">\u00a0<\/span><\/p>\n<p>&nbsp;<\/p>\n<blockquote>\n<h1 data-start=\"0\" data-end=\"60\"><strong data-start=\"0\" data-end=\"60\"><a class=\"dt-pswp-item\" href=\"https:\/\/www.radiopiu.net\/wordpress\/wp-content\/uploads\/2025\/06\/miniere-sunset-11-giugno-25.png\" data-dt-img-description=\"\" data-large_image_width=\"1080\" data-large_image_height=\"1350\"><img loading=\"lazy\" decoding=\"async\" class=\"wp-image-452682 alignleft\" src=\"https:\/\/www.radiopiu.net\/wordpress\/wp-content\/uploads\/2025\/06\/miniere-sunset-11-giugno-25-240x300.png\" alt=\"\" width=\"127\" height=\"159\" srcset=\"https:\/\/www.radiopiu.net\/wordpress\/wp-content\/uploads\/2025\/06\/miniere-sunset-11-giugno-25-240x300.png 240w, https:\/\/www.radiopiu.net\/wordpress\/wp-content\/uploads\/2025\/06\/miniere-sunset-11-giugno-25-819x1024.png 819w, https:\/\/www.radiopiu.net\/wordpress\/wp-content\/uploads\/2025\/06\/miniere-sunset-11-giugno-25-768x960.png 768w, https:\/\/www.radiopiu.net\/wordpress\/wp-content\/uploads\/2025\/06\/miniere-sunset-11-giugno-25.png 1080w\" sizes=\"auto, (max-width: 127px) 100vw, 127px\" \/><\/a>OGGI SU RADIOPI\u00d9: MUSICA, informazione\u00a0 e dirette\u00a0\u00a0<\/strong><\/h1>\n<h1><strong>QUESTA SERA, DALLE\u00a0 18.00\u00a0 DIRETTA RADIO DAL CAFFE&#8217; MINIERE DI AGORDO MINIERE SUNSET, PRIMA SERATA\u00a0<\/strong><\/h1>\n<p><span style=\"color: #ff0000;\">CONDUZIONE MARINA DONA&#8217;<\/span><br \/>\n<span style=\"color: #ff0000;\">REGIA GIANFRANCO TOME&#8217;<\/span><\/p>\n<p>&nbsp;<\/p>\n<p>&nbsp;<\/p>\n<p>&nbsp;<\/p><\/blockquote>\n<p class=\"\" data-start=\"62\" data-end=\"463\"><strong><a class=\"dt-pswp-item\" href=\"https:\/\/www.radiopiu.net\/wordpress\/wp-content\/uploads\/2025\/04\/334993397_128403223330745_8420219585967935816_n.jpg\" data-dt-img-description=\"\" data-large_image_width=\"1182\" data-large_image_height=\"1182\"><img loading=\"lazy\" decoding=\"async\" class=\" wp-image-447192 alignleft\" src=\"https:\/\/www.radiopiu.net\/wordpress\/wp-content\/uploads\/2025\/04\/334993397_128403223330745_8420219585967935816_n-300x300.jpg\" alt=\"\" width=\"142\" height=\"142\" srcset=\"https:\/\/www.radiopiu.net\/wordpress\/wp-content\/uploads\/2025\/04\/334993397_128403223330745_8420219585967935816_n-300x300.jpg 300w, https:\/\/www.radiopiu.net\/wordpress\/wp-content\/uploads\/2025\/04\/334993397_128403223330745_8420219585967935816_n-1024x1024.jpg 1024w, https:\/\/www.radiopiu.net\/wordpress\/wp-content\/uploads\/2025\/04\/334993397_128403223330745_8420219585967935816_n-150x150.jpg 150w, https:\/\/www.radiopiu.net\/wordpress\/wp-content\/uploads\/2025\/04\/334993397_128403223330745_8420219585967935816_n-768x768.jpg 768w, https:\/\/www.radiopiu.net\/wordpress\/wp-content\/uploads\/2025\/04\/334993397_128403223330745_8420219585967935816_n.jpg 1182w\" sizes=\"auto, (max-width: 142px) 100vw, 142px\" \/><\/a>ALLE 8.05 LA RASSEGNA STAMPA LOCALE 8.25\u00a0 PIU&#8217; SIAMO\u00a0 <span style=\"color: #ff0000;\">10.15 CISL, LA VOCE PER I LAVORATORI <\/span><span style=\"color: #ff0000;\">10.30\u00a0 \u00a0 SE NON LA SMETTI TI MANDO DAL PRESIDE, 36ESIMA E ULTIMA PUNTATA, SI CONCLUDE PER IL\u00a0 13ESIMO ANNO\u00a0 UN CICLO IMPORTANTE, DEDICATO ALLA SCUOLA CON LA PROF. MARIA ROSA SALMAZO 11.00 <\/span>\u00a0 12.00 IL LISCIO DI MIRCO BENCIVENNI 12.30 GR PRINCIPALE 13.20 COLLAGE OPERAZIONE NOSTALGIA, LORIS SCUSSEL\u00a0 \u00a0<span style=\"color: #ff0000;\">15.10 AMAZING CALENDAR CON MARINA E MICHELA DALLA NEVEGAL TOUR DI BELLUNO (FOTO) <\/span>16 45\u00a0LE HIT STORICHE DI MIRCO BENCIVENNI\u00a019.05\u00a0LE ANTICIPAZIONI DAL TG DI ANTENNA 3 DA UN\u2019IDEA DI TIZIANA BOLOGNANI<br \/>\n<\/strong><\/p>\n<p class=\"\" data-start=\"62\" data-end=\"463\"><span style=\"color: #0000ff;\"><strong>..L&#8217;ESTATE STA ARRIVANDO, LA SQUADRA DI RADIOPIU SI STA ALLENANDO CI VEDIAMO &#8220;LIVE&#8221;\u00a0 A FELTRE IL 27 GIUGNO&#8230;. CON MARCO, MARINA, MORENO, GIANFRANCO, FRANCESCO, ELIA, ALESSIO, LUISA. BRUNELLA E&#8230;TANTE SORPRESE, IL 29 E IL 31 RADIO PIU&#8217; CON IL SUO STAFF SARA&#8217; INVECE PRESENTE A MEANO PER DUE SERATE&#8230; DA BALLARE\u00a0 RIGOROSAMENTE IN DIRETTA RADIO<\/strong><\/span><\/p>\n<p>&nbsp;<\/p>\n<p>&nbsp;<\/p>\n<hr \/>\n<p>&nbsp;<\/p>\n<p>&nbsp;<\/p>\n<div class=\"x11i5rnm xat24cr x1mh8g0r x1vvkbs xtlvy1s x126k92a\">\n<div dir=\"auto\">\n<div dir=\"auto\">\n<p><strong><a class=\"dt-pswp-item\" href=\"https:\/\/www.radiopiu.net\/wordpress\/wp-content\/uploads\/2024\/02\/2d44e751-d8a8-461b-8e22-d8e4e853b032.jpg\" data-dt-img-description=\"\" data-large_image_width=\"1600\" data-large_image_height=\"1200\"><img loading=\"lazy\" decoding=\"async\" class=\"wp-image-373307 alignleft\" src=\"https:\/\/www.radiopiu.net\/wordpress\/wp-content\/uploads\/2024\/02\/2d44e751-d8a8-461b-8e22-d8e4e853b032-300x225.jpg\" alt=\"\" width=\"105\" height=\"79\" srcset=\"https:\/\/www.radiopiu.net\/wordpress\/wp-content\/uploads\/2024\/02\/2d44e751-d8a8-461b-8e22-d8e4e853b032-300x225.jpg 300w, https:\/\/www.radiopiu.net\/wordpress\/wp-content\/uploads\/2024\/02\/2d44e751-d8a8-461b-8e22-d8e4e853b032-1024x768.jpg 1024w, https:\/\/www.radiopiu.net\/wordpress\/wp-content\/uploads\/2024\/02\/2d44e751-d8a8-461b-8e22-d8e4e853b032-768x576.jpg 768w, https:\/\/www.radiopiu.net\/wordpress\/wp-content\/uploads\/2024\/02\/2d44e751-d8a8-461b-8e22-d8e4e853b032-1536x1152.jpg 1536w, https:\/\/www.radiopiu.net\/wordpress\/wp-content\/uploads\/2024\/02\/2d44e751-d8a8-461b-8e22-d8e4e853b032.jpg 1600w\" sizes=\"auto, (max-width: 105px) 100vw, 105px\" \/><\/a>EL BAL DEL FIOR, DI GIULIANA DA RONCH, 11 GIUGNO<\/strong><strong>\u00a02025<\/strong><\/p>\n<\/div>\n<\/div>\n<div dir=\"auto\">\n<div dir=\"auto\">\n<audio class=\"wp-audio-shortcode\" id=\"audio-453139-1\" preload=\"none\" style=\"width: 100%;\" controls=\"controls\"><source type=\"audio\/mpeg\" src=\"https:\/\/www.radiopiu.net\/wordpress\/wp-content\/uploads\/2025\/06\/GME-3.mp3?_=1\" \/><a href=\"https:\/\/www.radiopiu.net\/wordpress\/wp-content\/uploads\/2025\/06\/GME-3.mp3\">https:\/\/www.radiopiu.net\/wordpress\/wp-content\/uploads\/2025\/06\/GME-3.mp3<\/a><\/audio>\n<p>&nbsp;<\/p>\n<hr \/>\n<p>&nbsp;<\/p>\n<p>&nbsp;<\/p>\n<\/div>\n<\/div>\n<\/div>\n<div class=\"x11i5rnm xat24cr x1mh8g0r x1vvkbs xtlvy1s x126k92a\">\n<blockquote>\n<h1><strong><a class=\"dt-pswp-item\" href=\"https:\/\/www.radiopiu.net\/wordpress\/wp-content\/uploads\/2024\/10\/629301fd-708d-4f53-95c2-d28cbefd500f.jpg\" data-dt-img-description=\"\" data-large_image_width=\"1600\" data-large_image_height=\"1322\"><img loading=\"lazy\" decoding=\"async\" class=\"wp-image-413782 alignright\" src=\"https:\/\/www.radiopiu.net\/wordpress\/wp-content\/uploads\/2024\/10\/629301fd-708d-4f53-95c2-d28cbefd500f-300x248.jpg\" alt=\"\" width=\"106\" height=\"88\" srcset=\"https:\/\/www.radiopiu.net\/wordpress\/wp-content\/uploads\/2024\/10\/629301fd-708d-4f53-95c2-d28cbefd500f-300x248.jpg 300w, https:\/\/www.radiopiu.net\/wordpress\/wp-content\/uploads\/2024\/10\/629301fd-708d-4f53-95c2-d28cbefd500f-1024x846.jpg 1024w, https:\/\/www.radiopiu.net\/wordpress\/wp-content\/uploads\/2024\/10\/629301fd-708d-4f53-95c2-d28cbefd500f-768x635.jpg 768w, https:\/\/www.radiopiu.net\/wordpress\/wp-content\/uploads\/2024\/10\/629301fd-708d-4f53-95c2-d28cbefd500f-1536x1269.jpg 1536w, https:\/\/www.radiopiu.net\/wordpress\/wp-content\/uploads\/2024\/10\/629301fd-708d-4f53-95c2-d28cbefd500f.jpg 1600w\" sizes=\"auto, (max-width: 106px) 100vw, 106px\" \/><\/a><\/strong><\/h1>\n<h1><strong><a class=\"dt-pswp-item\" href=\"https:\/\/www.radiopiu.net\/wordpress\/wp-content\/uploads\/2024\/11\/th-18.jpg\" data-dt-img-description=\"\" data-large_image_width=\"156\" data-large_image_height=\"180\"><img loading=\"lazy\" decoding=\"async\" class=\"size-full wp-image-421611 alignleft\" src=\"https:\/\/www.radiopiu.net\/wordpress\/wp-content\/uploads\/2024\/11\/th-18.jpg\" alt=\"\" width=\"156\" height=\"180\" \/><\/a><\/strong><\/h1>\n<h1><strong>N di parom &#8211; L Almanach de la nosta jent<\/strong><\/h1>\n<\/blockquote>\n<p>&nbsp;<\/p>\n<p>Le voci: Davide Conedera, Agordo, Michela Dell&#8217;Osbel, La Valle Agordina Simone Ganz, Falcade Veronica Lezuo, Colle Santa Lucia. La voce nella sigla \u00e8 di Giorgia Taio<\/p>\n<p><strong>LA PUNTATA DI OGGI, 11 GIUGNO 2025<\/strong><\/p>\n<p>&nbsp;<\/p>\n<audio class=\"wp-audio-shortcode\" id=\"audio-453139-2\" preload=\"none\" style=\"width: 100%;\" controls=\"controls\"><source type=\"audio\/mpeg\" src=\"https:\/\/www.radiopiu.net\/wordpress\/wp-content\/uploads\/2025\/06\/AL3-1.mp3?_=2\" \/><a href=\"https:\/\/www.radiopiu.net\/wordpress\/wp-content\/uploads\/2025\/06\/AL3-1.mp3\">https:\/\/www.radiopiu.net\/wordpress\/wp-content\/uploads\/2025\/06\/AL3-1.mp3<\/a><\/audio>\n<p>&nbsp;<\/p>\n<\/div>\n<div class=\"x11i5rnm xat24cr x1mh8g0r x1vvkbs xtlvy1s x126k92a\">\n<div dir=\"auto\">\n<hr \/>\n<\/div>\n<\/div>\n<blockquote>\n<blockquote>\n<h1><span style=\"color: #ff0000;\">\u00a0<\/span><\/h1>\n<h1><span style=\"color: #ff0000;\">I podcast informativi del mattino &#8211; audio &#8211;\u00a0\u00a0<\/span><\/h1>\n<\/blockquote>\n<p><strong><a class=\"dt-pswp-item\" href=\"https:\/\/www.radiopiu.net\/wordpress\/wp-content\/uploads\/2024\/11\/6.jpg\" data-dt-img-description=\"\" data-large_image_width=\"177\" data-large_image_height=\"180\"><img loading=\"lazy\" decoding=\"async\" class=\"size-full wp-image-417911 alignleft\" src=\"https:\/\/www.radiopiu.net\/wordpress\/wp-content\/uploads\/2024\/11\/6.jpg\" alt=\"\" width=\"177\" height=\"180\" \/><\/a>LA RASSEGNA STAMPA NAZIONALE ALLA RADIO, OGNI GIORNO ALLE 5 E ALLE 6 DEL MATTINO <span style=\"color: #0000ff;\">viene pubblicata alle 6.00 <span style=\"color: #ff0000;\">DIRETTA RADIO\u00a0 \u00a0\u00a0<\/span><\/span><\/strong><\/p><\/blockquote>\n<p>&nbsp;<\/p>\n<p><strong>NOTIZIE DELLA NOTTE<br \/>\n<\/strong><\/p>\n<p><strong>Lagarde,<\/strong> con commercio diviso in blocchi danni per tutti <strong>Borsa<\/strong>: Hong Kong poco mossa, apre a +0,07% <strong>La sindaca di Los Angeles<\/strong> impone il coprifuoco dalle 20 alle 6 <strong>Il sindaco di Kharkiv<\/strong>: &#8216;Due morti e 28 feriti nei raid russi&#8217; <strong>Usa<\/strong> e Cina trovano l&#8217;accordo su &#8216;un quadro generale&#8217; sui dazi <strong>Trump,<\/strong> &#8216;Usa non saranno distrutti dai criminali del Terzo mondo&#8217; <strong>Argentina:<\/strong> confermata condanna a ex presidente Cristina Kirchner<br \/>\n<strong>Hegseth,<\/strong> fondi per Kiev ridotti nel prossimo bilancio<\/p>\n<h1>AUDIO dalle 6 del mattino<\/h1>\n<audio class=\"wp-audio-shortcode\" id=\"audio-453139-3\" preload=\"none\" style=\"width: 100%;\" controls=\"controls\"><source type=\"audio\/mpeg\" src=\"https:\/\/www.radiopiu.net\/wordpress\/wp-content\/uploads\/2025\/06\/GIORNALEDELLESEI-4.mp3?_=3\" \/><a href=\"https:\/\/www.radiopiu.net\/wordpress\/wp-content\/uploads\/2025\/06\/GIORNALEDELLESEI-4.mp3\">https:\/\/www.radiopiu.net\/wordpress\/wp-content\/uploads\/2025\/06\/GIORNALEDELLESEI-4.mp3<\/a><\/audio>\n<p>&nbsp;<\/p>\n<p>&nbsp;<\/p>\n<hr \/>\n<p>&nbsp;<\/p>\n<h1 style=\"text-align: center;\"><span style=\"color: #ff0000;\"><a class=\"dt-pswp-item\" href=\"https:\/\/www.radiopiu.net\/wordpress\/wp-content\/uploads\/2024\/11\/7.jpg\" data-dt-img-description=\"\" data-large_image_width=\"180\" data-large_image_height=\"180\"><img loading=\"lazy\" decoding=\"async\" class=\"size-full wp-image-417912 alignleft\" src=\"https:\/\/www.radiopiu.net\/wordpress\/wp-content\/uploads\/2024\/11\/7.jpg\" alt=\"\" width=\"180\" height=\"180\" srcset=\"https:\/\/www.radiopiu.net\/wordpress\/wp-content\/uploads\/2024\/11\/7.jpg 180w, https:\/\/www.radiopiu.net\/wordpress\/wp-content\/uploads\/2024\/11\/7-150x150.jpg 150w\" sizes=\"auto, (max-width: 180px) 100vw, 180px\" \/><\/a>I podcast informativi del mattino &#8211; audio &#8211;\u00a0<\/span><\/h1>\n<p><strong>OGNI GIORNO ALLE SETTE DEL MATTINO, LA RASSEGNA STAMPA LOCALE FLASH&#8230; PER CHI VA IN FRETTA. I TITOLI DAI GIORNALI E DAL SITO WWW.RADIOPIU.NET <span style=\"color: #0000ff;\">viene pubblicato alle 7.00<\/span> <span style=\"color: #ff0000;\">DIRETTA RADIO\u00a0<\/span><\/strong><\/p>\n<p><em><span style=\"color: #ff0000;\">per chi va in fretta&#8230; tante notizie in pochi minuti. L&#8217;informazione locale alla radio, ogni ora dalle 7 del mattino alle 19 della sera.\u00a0\u00a0<\/span><\/em><\/p>\n<p><strong data-start=\"0\" data-end=\"62\">Notizie locali dal Bellunese: tra cronaca, eventi e novit\u00e0<\/strong><\/p>\n<div class=\"flex flex-1 grow basis-auto flex-col overflow-hidden\">\n<div class=\"relative h-full\">\n<div class=\"flex h-full flex-col overflow-y-auto [scrollbar-gutter:stable]\">\n<div class=\"mt-1.5 flex flex-col text-sm @thread-xl\/thread:pt-header-height md:pb-9\">\n<article class=\"group\/turn w-full text-token-text-primary focus-visible:outline-none\" dir=\"auto\" tabindex=\"-1\" data-testid=\"conversation-turn-2\" data-scroll-anchor=\"true\">\n<div class=\"text-base my-auto mx-auto py-5 px-6\">\n<div class=\"mx-auto flex flex-1 text-base gap-4 md:gap-5 lg:gap-6 md:max-w-3xl\">\n<div class=\"group\/conversation-turn relative flex w-full min-w-0 flex-col agent-turn @xs\/thread:px-0 @sm\/thread:px-1.5 @md\/thread:px-4\">\n<div class=\"relative flex-col gap-1 md:gap-3\">\n<div class=\"flex max-w-full flex-col flex-grow\">\n<div class=\"min-h-8 text-message relative flex w-full flex-col items-end gap-2 whitespace-normal break-words text-start [.text-message+&amp;]:mt-5\" dir=\"auto\" data-message-author-role=\"assistant\" data-message-id=\"bff05fc0-dc7c-4ab7-9b20-d3eec753127b\" data-message-model-slug=\"gpt-4o-mini\">\n<div class=\"flex w-full flex-col gap-1 empty:hidden first:pt-[3px]\">\n<div class=\"markdown prose w-full break-words dark:prose-invert dark\">\n<p class=\"\" data-start=\"64\" data-end=\"329\"><em><strong>Radio Pi\u00f9 offre una panoramica sui principali eventi e notizie in provincia di Belluno, accompagnata dalla programmazione radiofonica. Tra le principali notizie<\/strong><\/em><\/p>\n<\/div>\n<\/div>\n<\/div>\n<\/div>\n<\/div>\n<\/div>\n<\/div>\n<\/div>\n<\/article>\n<\/div>\n<\/div>\n<\/div>\n<\/div>\n<h1>AUDIO dalle 7 del mattino<\/h1>\n<audio class=\"wp-audio-shortcode\" id=\"audio-453139-4\" preload=\"none\" style=\"width: 100%;\" controls=\"controls\"><source type=\"audio\/mpeg\" src=\"https:\/\/www.radiopiu.net\/wordpress\/wp-content\/uploads\/2025\/06\/GF07-7.mp3?_=4\" \/><a href=\"https:\/\/www.radiopiu.net\/wordpress\/wp-content\/uploads\/2025\/06\/GF07-7.mp3\">https:\/\/www.radiopiu.net\/wordpress\/wp-content\/uploads\/2025\/06\/GF07-7.mp3<\/a><\/audio>\n<p>&nbsp;<\/p>\n<hr \/>\n<p>&nbsp;<\/p>\n<h1><\/h1>\n<h1 style=\"text-align: center;\"><span style=\"color: #ff0000;\"><a class=\"dt-pswp-item\" href=\"https:\/\/www.radiopiu.net\/wordpress\/wp-content\/uploads\/2024\/11\/th.jpg\" data-dt-img-description=\"\" data-large_image_width=\"148\" data-large_image_height=\"179\"><img loading=\"lazy\" decoding=\"async\" class=\" wp-image-417913 alignleft\" src=\"https:\/\/www.radiopiu.net\/wordpress\/wp-content\/uploads\/2024\/11\/th.jpg\" alt=\"\" width=\"66\" height=\"80\" \/><\/a>I podcast informativi del mattino &#8211; audio &#8211;\u00a0<\/span><\/h1>\n<blockquote><p><strong>GIORNALE RADIO NAZIONALE, EDIZIONE DELLE SETTE <span style=\"color: #0000ff;\">viene pubblicato alle 7.05 <span style=\"color: #ff0000;\">DIRETTA RADIO\u00a0<\/span><\/span><\/strong><\/p><\/blockquote>\n<p><strong>il giornale radionazionale e&#8217; in onda ogni ora, dalle sette del mattino alle venti della sera\u00a0 \u00a0\u00a0<\/strong><\/p>\n<p>&nbsp;<\/p>\n<blockquote>\n<h2><em> <a class=\"dt-pswp-item\" href=\"https:\/\/www.radiopiu.net\/wordpress\/wp-content\/uploads\/2025\/02\/download-7.jpg\" data-dt-img-description=\"\" data-large_image_width=\"211\" data-large_image_height=\"239\"><img loading=\"lazy\" decoding=\"async\" class=\" wp-image-435553 alignleft\" src=\"https:\/\/www.radiopiu.net\/wordpress\/wp-content\/uploads\/2025\/02\/download-7.jpg\" alt=\"\" width=\"186\" height=\"211\" \/><\/a><span style=\"color: #ff0000;\">RADIOPI\u00d9<\/span> \u2013 La voce del territorio, lo sguardo sul Paese.<\/em><\/h2>\n<\/blockquote>\n<p><b>\u00a0PALERMO <\/b>Riaperta l&#8217;inchiesta sull&#8217;omicidio del segretario della Dc di Palermo <strong>TREVISO<\/strong> Giapponese ucciso con un pugno, 12 anni al ventenne omicida. Pene minori per gli altri due imputati, cade l&#8217;accusa di concorso <strong>ROMA <\/strong>Al via dopo l&#8217;estate Cambiano due giudici, il processo a Santanch\u00e8 rallenta <strong>ROMA<\/strong> &#8216;Bruciato vivo nel rogo della roulotte&#8217;, un arresto. C&#8217;\u00e8 un video del presunto assassino mentre appicca il fuoco <strong>COMO<\/strong> Fascismo e antisemitismo, tre minorenni indagati.\u00a0 La Polizia li individua sul web tra il Comasco e il Friuli <strong>FIRENZE<\/strong> Condannato per reati fiscali, finisce in cella a 94 anni. L&#8217;anziano si trova nel carcere fiorentino di Sollicciano <strong>VERONA<\/strong> Chico Forti ha ottenuto il permesso per andare in aule studio. Forse sta scrivendo sua biografia, avrebbe chiesto la semilibert\u00e0 <strong>VICENZA<\/strong> Donna incinta e bimbo 10 anni gravi dopo scontro fra 2 moto. L&#8217;incidente la scorsa notte a Vicenza, in tutto 4 feriti<\/p>\n<p>&nbsp;<\/p>\n<blockquote>\n<h2><span style=\"color: #ff0000;\">RADIOPI\u00d9<\/span> \u2013 Dalle Dolomiti alla pianura, i fatti che segnano la Regione.<\/h2>\n<\/blockquote>\n<p><strong><a class=\"dt-pswp-item\" href=\"https:\/\/www.radiopiu.net\/wordpress\/wp-content\/uploads\/2025\/02\/download-3.jpg\" data-dt-img-description=\"\" data-large_image_width=\"223\" data-large_image_height=\"226\"><img loading=\"lazy\" decoding=\"async\" class=\"size-full wp-image-434732 alignleft\" src=\"https:\/\/www.radiopiu.net\/wordpress\/wp-content\/uploads\/2025\/02\/download-3.jpg\" alt=\"\" width=\"223\" height=\"226\" \/><\/a><br \/>\n<\/strong><\/p>\n<p><strong>TREVISO<\/strong> E&#8217; stato condannato a 12 anni di carcere per omicidio preterintenzionale Samuele Battistella, il 20enne di Mareno di Piave, in provincia di Treviso, che a Udine, nel giugno del 2024, sferr\u00f2 un pugno fatale all&#8217;imprenditore giapponese 56enne Shimpei Tominaga, che stava cercando di sedare una rissa tra giovani. <strong>VERONA<\/strong> Chico Forti ha ottenuto il permesso per andare in aule studio. Forse sta scrivendo sua biografia, avrebbe chiesto la semilibert\u00e0. Il 66enne trentino avrebbe gi\u00e0 avanzato richiesta di semilibert\u00e0 al giudice dell&#8217;esecuzione. E&#8217; probabile che Forti stia scrivendo la sua biografia. \u00a0 \u00a0 Dal suo arrivo a Montorio si sono susseguite proteste per un presunto trattamento di favore riservatogli, tra cui un permesso concesso in breve tempo per andare a trovare la madre. <strong>VICENZA <\/strong>Una donna in gravidanza e un bimbo di 10 anni sono ricoverati in gravi condizioni all&#8217;Ospedale San Bortolo di Vicenza dopo un incidente tra due motociclette, il cui bilancio \u00e8 di quattro feriti. \u00a0Lo schianto \u00e8 avvenuto poco dopo mezzanotte e mezza lungo la Riviera Berica, a Vicenza. Feriti in maniera meno grave un 23enne, portato in codice verde al pronto soccorso, e un 37enne. Il piccolo di 10 anni \u00e8 ricoverato in terapia intensiva pediatrica.\u00a0 <strong>VERONA <\/strong>n uomo \u00e8 morto in un incidente stradale avvenuto intorno alle 12.30 a Roncolev\u00e0 di Trevenzuolo. La vittima era alla guida del suo scooter che ha avuto una collisione con una macchina; nell&#8217;impatto l&#8217;uomo \u00e8 caduto ed \u00e8 stato investito da un&#8217;altra auto, riportando traumi fatali. \u00a0 \u00a0 Inutili i soccorsi dei sanitari del Suem 118 che poi hanno prestato soccorso alla moglie della vittima, accorsa sul luogo dell&#8217;incidente. <strong>VENEZIA<\/strong> &#8216;Stop a odori sgradevoli&#8217;, a Mestre docce per i dipendenti Invito a igiene personale per &#8216;numero crescente di segnalazioni&#8217; <strong>VICENZA<\/strong> Filippo Pozzato cade in bici e si frattura una mano. Stava scendendo da Asiago e ha investito un anziano distratto <strong>BIBIONE<\/strong> Giovane accoltellato a Bibione, si cerca l&#8217;aggressore. Al vaglio testimonianze e videosorveglianza comunale<\/p>\n<p>&nbsp;<\/p>\n<h1><span style=\"color: #ff0000;\"><span style=\"color: #0000ff;\">ULTIM&#8217;ORA<\/span> <span style=\"color: #000000;\">AUDIO dalle sette del mattino, ogni ora alla radio EDIZIONE DELLE SETTE<\/span><\/span><\/h1>\n<audio class=\"wp-audio-shortcode\" id=\"audio-453139-5\" preload=\"none\" style=\"width: 100%;\" controls=\"controls\"><source type=\"audio\/mpeg\" src=\"https:\/\/www.radiopiu.net\/wordpress\/wp-content\/uploads\/2025\/06\/giornale07-9.mp3?_=5\" \/><a href=\"https:\/\/www.radiopiu.net\/wordpress\/wp-content\/uploads\/2025\/06\/giornale07-9.mp3\">https:\/\/www.radiopiu.net\/wordpress\/wp-content\/uploads\/2025\/06\/giornale07-9.mp3<\/a><\/audio>\n<p>&nbsp;<\/p>\n<p>&nbsp;<\/p>\n<hr \/>\n<p>&nbsp;<\/p>\n<p>&nbsp;<\/p>\n<h1><span style=\"color: #ff0000;\"><a class=\"dt-pswp-item\" href=\"https:\/\/www.radiopiu.net\/wordpress\/wp-content\/uploads\/2024\/11\/8.jpg\" data-dt-img-description=\"\" data-large_image_width=\"180\" data-large_image_height=\"180\"><img loading=\"lazy\" decoding=\"async\" class=\"size-full wp-image-417910 alignleft\" src=\"https:\/\/www.radiopiu.net\/wordpress\/wp-content\/uploads\/2024\/11\/8.jpg\" alt=\"\" width=\"180\" height=\"180\" srcset=\"https:\/\/www.radiopiu.net\/wordpress\/wp-content\/uploads\/2024\/11\/8.jpg 180w, https:\/\/www.radiopiu.net\/wordpress\/wp-content\/uploads\/2024\/11\/8-150x150.jpg 150w\" sizes=\"auto, (max-width: 180px) 100vw, 180px\" \/><\/a>I podcast informativi del mattino &#8211; video &#8211;\u00a0<\/span><\/h1>\n<h2 style=\"text-align: left;\"><strong>RASSEGNA STAMPA LOCALE, ORE OTTO<\/strong><\/h2>\n<h2><strong> <span style=\"color: #0000ff;\">viene\u00a0 <\/span><\/strong><strong><span style=\"color: #0000ff;\">pubblicata alle 8.05 <span style=\"color: #ff0000;\">DIRETTA RADIO\u00a0 \u00a0<\/span><\/span><\/strong><strong>DI MIRKO MEZZACASA<\/strong><\/h2>\n<h1><span style=\"color: #ff0000;\"><strong>VIDEO\u00a0 \u00a0in diretta AGGIORNAMENTO\u00a0 dalle 8 del mattino\u00a0 \u00a0\u00a0<\/strong><\/span><\/h1>\n<p>&nbsp;<\/p>\n<p>&nbsp;<\/p>\n\n\t\t\t<style type='text\/css'>\n\t\t\t\t#gallery-1 {\n\t\t\t\t\tmargin: auto;\n\t\t\t\t}\n\t\t\t\t#gallery-1 .gallery-item {\n\t\t\t\t\tfloat: left;\n\t\t\t\t\tmargin-top: 10px;\n\t\t\t\t\ttext-align: center;\n\t\t\t\t\twidth: 33%;\n\t\t\t\t}\n\t\t\t\t#gallery-1 img {\n\t\t\t\t\tborder: 2px solid #cfcfcf;\n\t\t\t\t}\n\t\t\t\t#gallery-1 .gallery-caption {\n\t\t\t\t\tmargin-left: 0;\n\t\t\t\t}\n\t\t\t\t\/* see gallery_shortcode() in wp-includes\/media.php *\/\n\t\t\t<\/style>\n\t\t<div id='gallery-1' class='dt-gallery-container gallery galleryid-453139 gallery-columns-3 gallery-size-thumbnail'><dl class='gallery-item'>\n\t\t\t\t<dt class='gallery-icon landscape'>\n\t\t\t\t\t<a class=\"rollover rollover-zoom dt-pswp-item\" title=\"COOP2\" data-dt-img-description=\"\" data-large_image_width=\"655\" data-large_image_height=\"294\"href='https:\/\/www.radiopiu.net\/wordpress\/wp-content\/uploads\/2025\/06\/COOP2-2.png'><img loading=\"lazy\" decoding=\"async\" width=\"150\" height=\"150\" src=\"https:\/\/www.radiopiu.net\/wordpress\/wp-content\/uploads\/2025\/06\/COOP2-2-150x150.png\" class=\"attachment-thumbnail size-thumbnail\" alt=\"\" \/><\/a>\n\t\t\t\t<\/dt><\/dl><dl class='gallery-item'>\n\t\t\t\t<dt class='gallery-icon landscape'>\n\t\t\t\t\t<a class=\"rollover rollover-zoom dt-pswp-item\" title=\"COOP1\" data-dt-img-description=\"\" data-large_image_width=\"737\" data-large_image_height=\"308\"href='https:\/\/www.radiopiu.net\/wordpress\/wp-content\/uploads\/2025\/06\/COOP1-2.png'><img loading=\"lazy\" decoding=\"async\" width=\"150\" height=\"150\" src=\"https:\/\/www.radiopiu.net\/wordpress\/wp-content\/uploads\/2025\/06\/COOP1-2-150x150.png\" class=\"attachment-thumbnail size-thumbnail\" alt=\"\" \/><\/a>\n\t\t\t\t<\/dt><\/dl><dl class='gallery-item'>\n\t\t\t\t<dt class='gallery-icon landscape'>\n\t\t\t\t\t<a class=\"rollover rollover-zoom dt-pswp-item\" title=\"COOP3\" data-dt-img-description=\"\" data-large_image_width=\"401\" data-large_image_height=\"197\"href='https:\/\/www.radiopiu.net\/wordpress\/wp-content\/uploads\/2025\/06\/COOP3-2.png'><img loading=\"lazy\" decoding=\"async\" width=\"150\" height=\"150\" src=\"https:\/\/www.radiopiu.net\/wordpress\/wp-content\/uploads\/2025\/06\/COOP3-2-150x150.png\" class=\"attachment-thumbnail size-thumbnail\" alt=\"\" \/><\/a>\n\t\t\t\t<\/dt><\/dl><br style=\"clear: both\" \/>\n\t\t\t<\/div>\n\n<p><iframe loading=\"lazy\" title=\"DAL 1983 LA RASSEGNA STAMPA LOCALE di mirko mezzacasa. L&#039;ORIGINALE\" width=\"1200\" height=\"675\" src=\"https:\/\/www.youtube.com\/embed\/PN_j0CzcTr8?feature=oembed\" frameborder=\"0\" allow=\"accelerometer; autoplay; clipboard-write; encrypted-media; gyroscope; picture-in-picture; web-share\" referrerpolicy=\"strict-origin-when-cross-origin\" allowfullscreen><\/iframe><\/p>\n<hr \/>\n<p>&nbsp;<\/p>\n<p>&nbsp;<\/p>\n<p>&nbsp;<\/p>\n<p><strong><a class=\"dt-pswp-item\" href=\"https:\/\/www.radiopiu.net\/wordpress\/wp-content\/uploads\/2023\/12\/ANTENNA.png\" data-dt-img-description=\"\" data-large_image_width=\"300\" data-large_image_height=\"166\"><img loading=\"lazy\" decoding=\"async\" class=\"wp-image-366306 alignright\" src=\"https:\/\/www.radiopiu.net\/wordpress\/wp-content\/uploads\/2023\/12\/ANTENNA.png\" alt=\"\" width=\"101\" height=\"56\" \/><\/a><a class=\"dt-pswp-item\" href=\"https:\/\/www.radiopiu.net\/wordpress\/wp-content\/uploads\/2024\/11\/th-17.jpg\" data-dt-img-description=\"\" data-large_image_width=\"224\" data-large_image_height=\"180\"><img loading=\"lazy\" decoding=\"async\" class=\" wp-image-421610 alignleft\" src=\"https:\/\/www.radiopiu.net\/wordpress\/wp-content\/uploads\/2024\/11\/th-17.jpg\" alt=\"\" width=\"167\" height=\"134\" \/><\/a>ogni sera alle 19 le anticipazioni alla radio, quello che poi seguirete nel TELEGIORNALE BELLUNESE\u00a0 in onda alle 19.30 sul CANALE 10 del digitale terrestre.\u00a0\u00a0<\/strong><\/p>\n<p><b>\u00a0\u00a0<\/b><\/p>\n<h1><span style=\"color: #ff0000;\"><strong>LE ANTICIPAZIONI DI TIZIANA BOLOGNANI<\/strong><\/span><\/h1>\n<audio class=\"wp-audio-shortcode\" id=\"audio-453139-6\" preload=\"none\" style=\"width: 100%;\" controls=\"controls\"><source type=\"audio\/mpeg\" src=\"https:\/\/www.radiopiu.net\/wordpress\/wp-content\/uploads\/2025\/06\/ANTENNA3-1-1.mp3?_=6\" \/><a href=\"https:\/\/www.radiopiu.net\/wordpress\/wp-content\/uploads\/2025\/06\/ANTENNA3-1-1.mp3\">https:\/\/www.radiopiu.net\/wordpress\/wp-content\/uploads\/2025\/06\/ANTENNA3-1-1.mp3<\/a><\/audio>\n<p>&nbsp;<\/p>\n<p>&nbsp;<\/p>\n<p>&nbsp;<\/p>\n<p>&nbsp;<\/p>\n<hr \/>\n<p>&nbsp;<\/p>\n<blockquote>\n<h3>DOMENICA LA SPORTFUL DOLOMITI RACE<\/h3>\n<\/blockquote>\n\n\t\t\t<style type='text\/css'>\n\t\t\t\t#gallery-2 {\n\t\t\t\t\tmargin: auto;\n\t\t\t\t}\n\t\t\t\t#gallery-2 .gallery-item {\n\t\t\t\t\tfloat: left;\n\t\t\t\t\tmargin-top: 10px;\n\t\t\t\t\ttext-align: center;\n\t\t\t\t\twidth: 25%;\n\t\t\t\t}\n\t\t\t\t#gallery-2 img {\n\t\t\t\t\tborder: 2px solid #cfcfcf;\n\t\t\t\t}\n\t\t\t\t#gallery-2 .gallery-caption {\n\t\t\t\t\tmargin-left: 0;\n\t\t\t\t}\n\t\t\t\t\/* see gallery_shortcode() in wp-includes\/media.php *\/\n\t\t\t<\/style>\n\t\t<div id='gallery-2' class='dt-gallery-container gallery galleryid-453139 gallery-columns-4 gallery-size-medium'><dl class='gallery-item'>\n\t\t\t\t<dt class='gallery-icon landscape'>\n\t\t\t\t\t<a class=\"rollover rollover-zoom dt-pswp-item\" title=\"Sportful_2025_alt_lungo\" data-dt-img-description=\"\" data-large_image_width=\"841\" data-large_image_height=\"595\"href='https:\/\/www.radiopiu.net\/wordpress\/wp-content\/uploads\/2025\/06\/Sportful_2025_alt_lungo-rotated.jpg'><img loading=\"lazy\" decoding=\"async\" width=\"300\" height=\"212\" src=\"https:\/\/www.radiopiu.net\/wordpress\/wp-content\/uploads\/2025\/06\/Sportful_2025_alt_lungo-300x212.jpg\" class=\"attachment-medium size-medium\" alt=\"\" srcset=\"https:\/\/www.radiopiu.net\/wordpress\/wp-content\/uploads\/2025\/06\/Sportful_2025_alt_lungo-300x212.jpg 300w, https:\/\/www.radiopiu.net\/wordpress\/wp-content\/uploads\/2025\/06\/Sportful_2025_alt_lungo-768x543.jpg 768w, https:\/\/www.radiopiu.net\/wordpress\/wp-content\/uploads\/2025\/06\/Sportful_2025_alt_lungo-rotated.jpg 841w\" sizes=\"auto, (max-width: 300px) 100vw, 300px\" \/><\/a>\n\t\t\t\t<\/dt><\/dl><dl class='gallery-item'>\n\t\t\t\t<dt class='gallery-icon portrait'>\n\t\t\t\t\t<a class=\"rollover rollover-zoom dt-pswp-item\" title=\"PLANIMETRIA SPORTFUL DOLOMITI RACE 2025.jpg_compressed\" data-dt-img-description=\"\" data-large_image_width=\"595\" data-large_image_height=\"841\"href='https:\/\/www.radiopiu.net\/wordpress\/wp-content\/uploads\/2025\/06\/PLANIMETRIA-SPORTFUL-DOLOMITI-RACE-2025.jpg_compressed.jpg'><img loading=\"lazy\" decoding=\"async\" width=\"212\" height=\"300\" src=\"https:\/\/www.radiopiu.net\/wordpress\/wp-content\/uploads\/2025\/06\/PLANIMETRIA-SPORTFUL-DOLOMITI-RACE-2025.jpg_compressed-212x300.jpg\" class=\"attachment-medium size-medium\" alt=\"\" srcset=\"https:\/\/www.radiopiu.net\/wordpress\/wp-content\/uploads\/2025\/06\/PLANIMETRIA-SPORTFUL-DOLOMITI-RACE-2025.jpg_compressed-212x300.jpg 212w, https:\/\/www.radiopiu.net\/wordpress\/wp-content\/uploads\/2025\/06\/PLANIMETRIA-SPORTFUL-DOLOMITI-RACE-2025.jpg_compressed.jpg 595w\" sizes=\"auto, (max-width: 212px) 100vw, 212px\" \/><\/a>\n\t\t\t\t<\/dt><\/dl><dl class='gallery-item'>\n\t\t\t\t<dt class='gallery-icon portrait'>\n\t\t\t\t\t<a class=\"rollover rollover-zoom dt-pswp-item\" title=\"ORARI CHIUSURE STRADE SDR 2025\" data-dt-img-description=\"\" data-large_image_width=\"595\" data-large_image_height=\"841\"href='https:\/\/www.radiopiu.net\/wordpress\/wp-content\/uploads\/2025\/06\/ORARI-CHIUSURE-STRADE-SDR-2025.jpg'><img loading=\"lazy\" decoding=\"async\" width=\"212\" height=\"300\" src=\"https:\/\/www.radiopiu.net\/wordpress\/wp-content\/uploads\/2025\/06\/ORARI-CHIUSURE-STRADE-SDR-2025-212x300.jpg\" class=\"attachment-medium size-medium\" alt=\"\" srcset=\"https:\/\/www.radiopiu.net\/wordpress\/wp-content\/uploads\/2025\/06\/ORARI-CHIUSURE-STRADE-SDR-2025-212x300.jpg 212w, https:\/\/www.radiopiu.net\/wordpress\/wp-content\/uploads\/2025\/06\/ORARI-CHIUSURE-STRADE-SDR-2025.jpg 595w\" sizes=\"auto, (max-width: 212px) 100vw, 212px\" \/><\/a>\n\t\t\t\t<\/dt><\/dl><dl class='gallery-item'>\n\t\t\t\t<dt class='gallery-icon portrait'>\n\t\t\t\t\t<a class=\"rollover rollover-zoom dt-pswp-item\" title=\"ORARI CHIUSURE STRADE SDR 2025 2\" data-dt-img-description=\"\" data-large_image_width=\"595\" data-large_image_height=\"841\"href='https:\/\/www.radiopiu.net\/wordpress\/wp-content\/uploads\/2025\/06\/ORARI-CHIUSURE-STRADE-SDR-2025-2.jpg'><img loading=\"lazy\" decoding=\"async\" width=\"212\" height=\"300\" src=\"https:\/\/www.radiopiu.net\/wordpress\/wp-content\/uploads\/2025\/06\/ORARI-CHIUSURE-STRADE-SDR-2025-2-212x300.jpg\" class=\"attachment-medium size-medium\" alt=\"\" srcset=\"https:\/\/www.radiopiu.net\/wordpress\/wp-content\/uploads\/2025\/06\/ORARI-CHIUSURE-STRADE-SDR-2025-2-212x300.jpg 212w, https:\/\/www.radiopiu.net\/wordpress\/wp-content\/uploads\/2025\/06\/ORARI-CHIUSURE-STRADE-SDR-2025-2.jpg 595w\" sizes=\"auto, (max-width: 212px) 100vw, 212px\" \/><\/a>\n\t\t\t\t<\/dt><\/dl><br style=\"clear: both\" \/>\n\t\t\t<\/div>\n\n<p>&nbsp;<\/p>\n<hr \/>\n<p>&nbsp;<\/p>\n<p>&nbsp;<\/p>\n<blockquote>\n<h3>ACQUA NON POTABILE A VOLTAGO E GOSALDO<\/h3>\n<\/blockquote>\n<p><strong>GOSALDO\u00a0<\/strong>in localit\u00e0 Vallasin l&#8217;acqua erogata dall&#8217;acquedotto non \u00e8 potabile e pu\u00f2 essere usata per scopi alimentari solo previa bollitura. SIB ha, comunque, gi\u00e0 adottato le necessarie misure di pulizia e disinfezione dell&#8217;acqua presente nei serbatoi e nella rete idrica.<\/p>\n<p><strong>VOLTAGO<\/strong> nelle localit\u00e0 Frassen\u00e8, Villa e Via Gioa l&#8217;acqua erogata dall&#8217;acquedotto non \u00e8 potabile e pu\u00f2 essere usata per scopi alimentari solo previa bollitura. Verr\u00e0 effettuato servizio sostitutivo con autobotte in Piazza Don Stefano Gorzegno.<\/p>\n<p>&nbsp;<\/p>\n<p>&nbsp;<\/p>\n<hr \/>\n<p>&nbsp;<\/p>\n<blockquote>\n<h3><a class=\"dt-pswp-item\" href=\"https:\/\/www.radiopiu.net\/wordpress\/wp-content\/uploads\/2023\/06\/CACCIATORE-150x150-1.jpg\" data-dt-img-description=\"\" data-large_image_width=\"150\" data-large_image_height=\"150\"><img loading=\"lazy\" decoding=\"async\" class=\"size-full wp-image-340474 alignleft\" src=\"https:\/\/www.radiopiu.net\/wordpress\/wp-content\/uploads\/2023\/06\/CACCIATORE-150x150-1.jpg\" alt=\"\" width=\"150\" height=\"150\" \/><\/a>APPROVATA LA LEGGE CHE CONSENTE LUSO DEI FUORISTRADA IN MONTAGNA AI CACCIATORI<\/h3>\n<\/blockquote>\n<p><strong>VENEZIA<\/strong><\/p>\n<p>DI BARBARA PAOLAZZI<\/p>\n<audio class=\"wp-audio-shortcode\" id=\"audio-453139-7\" preload=\"none\" style=\"width: 100%;\" controls=\"controls\"><source type=\"audio\/mpeg\" src=\"https:\/\/www.radiopiu.net\/wordpress\/wp-content\/uploads\/2025\/06\/PAOLAZZI-APPROVATA-LA-LEGGE-CHE-CONSENTE-LUSO-DEI-FUORISTRADA-IN-MONTAGNA-AI-CACCIATORI.mp3?_=7\" \/><a href=\"https:\/\/www.radiopiu.net\/wordpress\/wp-content\/uploads\/2025\/06\/PAOLAZZI-APPROVATA-LA-LEGGE-CHE-CONSENTE-LUSO-DEI-FUORISTRADA-IN-MONTAGNA-AI-CACCIATORI.mp3\">https:\/\/www.radiopiu.net\/wordpress\/wp-content\/uploads\/2025\/06\/PAOLAZZI-APPROVATA-LA-LEGGE-CHE-CONSENTE-LUSO-DEI-FUORISTRADA-IN-MONTAGNA-AI-CACCIATORI.mp3<\/a><\/audio>\n<p>&nbsp;<\/p>\n<hr \/>\n<p>&nbsp;<\/p>\n<blockquote>\n<h3>CONFCOMMERCIO BELLUNO DOLOMITI PIANGE LA SCOMPARSA DI MARIA DE LORENZO NOTO, MAMMA DELLA PRESIDENTE LORRAINE BERTON<\/h3>\n<\/blockquote>\n<p><strong><a class=\"dt-pswp-item\" href=\"https:\/\/www.radiopiu.net\/wordpress\/wp-content\/uploads\/2021\/05\/CONFINDUSTRIA.png\" data-dt-img-description=\"\" data-large_image_width=\"575\" data-large_image_height=\"575\"><img loading=\"lazy\" decoding=\"async\" class=\" wp-image-211858 alignleft\" src=\"https:\/\/www.radiopiu.net\/wordpress\/wp-content\/uploads\/2021\/05\/CONFINDUSTRIA-300x300.png\" alt=\"\" width=\"144\" height=\"144\" srcset=\"https:\/\/www.radiopiu.net\/wordpress\/wp-content\/uploads\/2021\/05\/CONFINDUSTRIA-300x300.png 300w, https:\/\/www.radiopiu.net\/wordpress\/wp-content\/uploads\/2021\/05\/CONFINDUSTRIA-150x150.png 150w, https:\/\/www.radiopiu.net\/wordpress\/wp-content\/uploads\/2021\/05\/CONFINDUSTRIA.png 575w\" sizes=\"auto, (max-width: 144px) 100vw, 144px\" \/><\/a>BELLUNO <\/strong>Il Consiglio di Presidenza di Confindustria Belluno Dolomiti, insieme a tutta l\u2019Associazione, la direzione e lo staff, esprime profondo cordoglio per la scomparsa di Maria (Mariuccia) De Lorenzo Noto, madre della presidente Lorraine Berton, venuta a mancare all\u2019et\u00e0 di 93 anni. Donna infaticabile e instancabile, Maria aveva preso parte anche alle recenti Assemblee generali, mostrando un forte interesse per i temi legati al territorio e alla montagna, passioni nate da una vita da emigrante. Durante uno di questi incontri aveva avuto modo di salutare personalmente il presidente della Regione Luca Zaia e il presidente di Confindustria Belluno Dolomiti Emanuele Orsini. Originaria del Comelico, lascia il marito Mario, cinque figli \u2013 Lorraine, Elena, Stefania, Dennis e Riccardo \u2013 due sorelle e numerosi nipoti. I funerali si terranno oggi alle ore 15.30 nella Chiesa Arcipretale di Quero.<\/p>\n<p>&nbsp;<\/p>\n<p>&nbsp;<\/p>\n<hr \/>\n<blockquote><p><em>\u00a0\u00a0<\/em><\/p>\n<div class=\"page-title-head hgroup\">\n<h2 class=\"entry-title\">TRAPPOLA PER LUPI: A PROCESSO PER BRACCONAGGIO E ALTRI CASI GIUDIZIARI DAL BELLUNESE<\/h2>\n<\/div>\n<p><em>i principali aggiornamenti dalla cronaca giudiziaria locale, con sentenze e processi che continuano a interessare la provincia di Belluno. Sintesi dal Corriere delle Alpi, di Gigi Sosso<\/em><\/p><\/blockquote>\n<p style=\"text-align: left;\" data-start=\"100\" data-end=\"795\"><strong><a class=\"dt-pswp-item\" href=\"https:\/\/www.radiopiu.net\/wordpress\/wp-content\/uploads\/2025\/06\/download-7.jpg\" data-dt-img-description=\"\" data-large_image_width=\"259\" data-large_image_height=\"194\"><img loading=\"lazy\" decoding=\"async\" class=\"size-full wp-image-453336 alignleft\" src=\"https:\/\/www.radiopiu.net\/wordpress\/wp-content\/uploads\/2025\/06\/download-7.jpg\" alt=\"\" width=\"259\" height=\"194\" \/><\/a>BELLUNO<\/strong> \u2013 AP, cacciatore bellunese, \u00e8 sotto processo per aver installato trappole illegali con lacci, utilizzando una carcassa di cervo e gamberi come esca per attirare i lupi, specie protetta presente nella zona. Paluselli ha rifiutato la sanzione prevista dal decreto penale e ha scelto il dibattimento in aula. Un lupo \u00e8 stato trovato morto nelle trappole, e il DNA rinvenuto sulle corde coincide con quello del cacciatore, elemento chiave per l\u2019accusa di bracconaggio e uccisione di animali. Le associazioni animaliste Anpana e Lega per l\u2019Abolizione della Caccia si sono costituite parte civile. La sentenza di primo grado \u00e8 attesa dopo l\u2019udienza fissata per il 9 dicembre.<\/p>\n<blockquote>\n<p data-start=\"797\" data-end=\"1218\">In un altro procedimento a Belluno, un uomo rischia un anno e dieci mesi di reclusione e una multa di 11mila euro per aver violato il Daspo urbano: era stato sorpreso nei pressi della discoteca J\u2019Adore, nonostante il divieto. La Procura ha chiesto la condanna, ma la difesa sostiene l\u2019assenza di prove certe che il soggetto fosse entrato in locali vietati. Il giudice \u00e8 in procinto di emettere la sentenza di primo grado.<\/p>\n<p data-start=\"1220\" data-end=\"1717\">A Conegliano, due bellunesi, FD\u2019O e XC, sono stati condannati a sette anni di carcere ciascuno per una rapina impropria avvenuta il 25 aprile 2022. La Procura aveva chiesto una pena di quattro anni, ma il giudice ha aumentato la condanna. I due imputati si dichiarano innocenti, affermando che si trattasse di una restituzione volontaria di un debito. \u00c8 attesa la motivazione della sentenza per poi valutare un eventuale appello. Intanto FD\u2019O \u00e8 stato incarcerato per una vicenda legata alla droga.<\/p>\n<p data-start=\"1719\" data-end=\"2150\">Sempre a Belluno, FD\u2019O \u00e8 stato rinviato a giudizio per lesioni aggravate a tre militari durante una festa techno a Lambioi Beach. Aveva chiesto la sospensione della pena con lavori di pubblica utilit\u00e0, ma \u00e8 finito in carcere per questioni legate alla droga e non ha potuto completare il percorso. Anche XC sar\u00e0 processato, mentre altri imputati hanno optato per soluzioni alternative. La prima udienza \u00e8 prevista per il 16 ottobre.<\/p>\n<p data-start=\"2152\" data-end=\"2691\">Infine, a Setteville \u00e8 terminato con l\u2019assoluzione il processo per circonvenzione d\u2019incapace a carico di due coniugi, Emanuele Auletta e Maria Iavazzo. L\u2019accusa riguardava una donazione da quasi mezzo milione di euro fatta da un\u2019anziana alla casa di riposo San Vincenzo di Alano di Piave, con la clausola di assistenza fino alla fine della vita. La perizia ha stabilito che la donna era lucida al momento della firma, e il giudice ha accolto la linea difensiva, revocando anche il sequestro di un immobile acquistato con parte della somma.<\/p>\n<\/blockquote>\n<hr \/>\n<p>&nbsp;<\/p>\n<blockquote>\n<h3>NUOVO DISTRETTO SOCIO SANITARIO DI CAPRILE, PROGETTO ESECUTIVO APPROVATO<\/h3>\n<\/blockquote>\n<p><strong><a class=\"dt-pswp-item\" href=\"https:\/\/www.radiopiu.net\/wordpress\/wp-content\/uploads\/2025\/06\/Screenshot-2025-06-10-163954.png\" data-dt-img-description=\"\" data-large_image_width=\"617\" data-large_image_height=\"425\"><img loading=\"lazy\" decoding=\"async\" class=\" wp-image-453250 alignleft\" src=\"https:\/\/www.radiopiu.net\/wordpress\/wp-content\/uploads\/2025\/06\/Screenshot-2025-06-10-163954-300x207.png\" alt=\"\" width=\"233\" height=\"161\" srcset=\"https:\/\/www.radiopiu.net\/wordpress\/wp-content\/uploads\/2025\/06\/Screenshot-2025-06-10-163954-300x207.png 300w, https:\/\/www.radiopiu.net\/wordpress\/wp-content\/uploads\/2025\/06\/Screenshot-2025-06-10-163954.png 617w\" sizes=\"auto, (max-width: 233px) 100vw, 233px\" \/><\/a>ALLEGHE<\/strong> Il Comune di Alleghe ha approvato il progetto esecutivo per il nuovo Distretto Socio Sanitario, che servir\u00e0 Alleghe, Rocca Pietore, Livinallongo del Col di Lana, Selva di Cadore e Colle Santa Lucia, nell\u2019ambito della Strategia Nazionale Aree Interne (SNAI). Il distretto sostituir\u00e0 la sede periferica di Caprile, ormai insufficiente per l\u2019ULSS1 Dolomiti. La nuova struttura sar\u00e0 moderna e funzionale, con vari ambienti dedicati a uffici amministrativi, ambulatori (prelievi, odontoiatria, medicina generale, infermieristico), telemedicina, guardia medica, servizi sociali, sale d\u2019attesa e spogliatoi per il personale. Il costo totale \u00e8 di circa 1,55 milioni di euro, finanziato da fondi SNAI, FOSMIT, Unione Montana Agordina e contributi dei Comuni coinvolti. Nel 2024, Alleghe ha chiesto un contributo residuo di 135.000 euro ai Comuni dell\u2019area; grazie ai fondi stanziati da Rocca Pietore, Selva di Cadore, Colle Santa Lucia e un extra da Alleghe, \u00e8 stato possibile approvare il progetto definitivo. Ora si procede con la pubblicazione del bando per l\u2019affidamento dei lavori e l\u2019avvio della fase operativa.<\/p>\n<p>&nbsp;<\/p>\n<p><strong>IL CONSIGLIERE COMUNALE DI LIVINALLNGO LEANDRO GRONES ATTACCA IL SINDACO NAGLER. &#8220;LIVINALLONGO ASSENTE&#8221;<\/strong><\/p>\n<audio class=\"wp-audio-shortcode\" id=\"audio-453139-8\" preload=\"none\" style=\"width: 100%;\" controls=\"controls\"><source type=\"audio\/mpeg\" src=\"https:\/\/www.radiopiu.net\/wordpress\/wp-content\/uploads\/2025\/06\/DANILO-DE-TONI.mp3?_=8\" \/><a href=\"https:\/\/www.radiopiu.net\/wordpress\/wp-content\/uploads\/2025\/06\/DANILO-DE-TONI.mp3\">https:\/\/www.radiopiu.net\/wordpress\/wp-content\/uploads\/2025\/06\/DANILO-DE-TONI.mp3<\/a><\/audio>\n<p>&nbsp;<\/p>\n<hr \/>\n<p>&nbsp;<\/p>\n<blockquote>\n<h3><a class=\"dt-pswp-item\" href=\"https:\/\/www.radiopiu.net\/wordpress\/wp-content\/uploads\/2020\/05\/Luca-De-Carlo.jpg\" data-dt-img-description=\"\" data-large_image_width=\"165\" data-large_image_height=\"228\"><img loading=\"lazy\" decoding=\"async\" class=\" wp-image-138787 alignleft\" src=\"https:\/\/www.radiopiu.net\/wordpress\/wp-content\/uploads\/2020\/05\/Luca-De-Carlo.jpg\" alt=\"\" width=\"109\" height=\"151\" \/><\/a>DE CARLO RICONFERMATO ALLA GUIDA DELLA NONA COMMISSIONE<\/h3>\n<\/blockquote>\n<p><strong>ROMA<\/strong><\/p>\n<p>DI BARBARA PAOLAZZI<\/p>\n<audio class=\"wp-audio-shortcode\" id=\"audio-453139-9\" preload=\"none\" style=\"width: 100%;\" controls=\"controls\"><source type=\"audio\/mpeg\" src=\"https:\/\/www.radiopiu.net\/wordpress\/wp-content\/uploads\/2025\/06\/PAOLAZZI-DE-CARLO-RICONFERMATO-ALLA-GUIDA-DELLA-NONA-COMMISSIONE.mp3?_=9\" \/><a href=\"https:\/\/www.radiopiu.net\/wordpress\/wp-content\/uploads\/2025\/06\/PAOLAZZI-DE-CARLO-RICONFERMATO-ALLA-GUIDA-DELLA-NONA-COMMISSIONE.mp3\">https:\/\/www.radiopiu.net\/wordpress\/wp-content\/uploads\/2025\/06\/PAOLAZZI-DE-CARLO-RICONFERMATO-ALLA-GUIDA-DELLA-NONA-COMMISSIONE.mp3<\/a><\/audio>\n<p>&nbsp;<\/p>\n<hr \/>\n<p>&nbsp;<\/p>\n<blockquote>\n<p data-start=\"0\" data-end=\"53\"><strong data-start=\"0\" data-end=\"53\"><a class=\"dt-pswp-item\" href=\"https:\/\/www.radiopiu.net\/wordpress\/wp-content\/uploads\/2025\/06\/download-6.jpg\" data-dt-img-description=\"\" data-large_image_width=\"201\" data-large_image_height=\"251\"><img loading=\"lazy\" decoding=\"async\" class=\"wp-image-453323 alignleft\" src=\"https:\/\/www.radiopiu.net\/wordpress\/wp-content\/uploads\/2025\/06\/download-6.jpg\" alt=\"\" width=\"80\" height=\"100\" \/><\/a>IL GENERALE VANNACCI OGGI A BELLUNO PER TRE TAPPE<\/strong><\/p>\n<\/blockquote>\n<p data-start=\"55\" data-end=\"382\">Il generale Roberto Vannacci, europarlamentare e vicesegretario della Lega, sar\u00e0 oggi a Belluno per tre appuntamenti: alle 14.30 punto stampa e incontro con le categorie in sala Piero Rossi, poi alle 16 incontro pubblico al caff\u00e8 Deon in piazza dei Martiri. In serata, tappa a Treviso per un evento all\u2019hotel Maggior Consiglio.<\/p>\n<p>&nbsp;<\/p>\n<hr \/>\n<p>&nbsp;<\/p>\n<blockquote>\n<h3>IL PRIMO CONSORZIO DEL MIELE IN ITALIA RICONOSCIUTO DAL MINISTERO<\/h3>\n<\/blockquote>\n<p><strong><a class=\"dt-pswp-item\" href=\"https:\/\/www.radiopiu.net\/wordpress\/wp-content\/uploads\/2019\/10\/miele.jpg\" data-dt-img-description=\"\" data-large_image_width=\"800\" data-large_image_height=\"600\"><img loading=\"lazy\" decoding=\"async\" class=\" wp-image-103171 alignleft\" src=\"https:\/\/www.radiopiu.net\/wordpress\/wp-content\/uploads\/2019\/10\/miele-300x225.jpg\" alt=\"\" width=\"156\" height=\"117\" srcset=\"https:\/\/www.radiopiu.net\/wordpress\/wp-content\/uploads\/2019\/10\/miele-300x225.jpg 300w, https:\/\/www.radiopiu.net\/wordpress\/wp-content\/uploads\/2019\/10\/miele-768x576.jpg 768w, https:\/\/www.radiopiu.net\/wordpress\/wp-content\/uploads\/2019\/10\/miele.jpg 800w\" sizes=\"auto, (max-width: 156px) 100vw, 156px\" \/><\/a>ROMA<\/strong> Il Ministero dell&#8217;Agricoltura ha ufficialmente riconosciuto il Consorzio di Tutela del Miele delle Dolomiti Bellunesi DOP, primo in Italia dedicato al miele. Un traguardo che premia l\u2019eccellenza del territorio bellunese e l\u2019impegno di generazioni di apicoltori nella salvaguardia della biodiversit\u00e0 e nella valorizzazione della produzione agroalimentare. Il senatore Luca De Carlo, riconfermato presidente della Commissione Agricoltura del Senato, ha espresso grande soddisfazione, sottolineando il valore simbolico di questo riconoscimento per la sua terra. Un risultato importante per un settore fondamentale come quello apiario, essenziale per l\u2019ambiente, l\u2019agricoltura e il futuro dell\u2019umanit\u00e0.<\/p>\n<p>&nbsp;<\/p>\n<p>&nbsp;<\/p>\n<hr \/>\n<p>&nbsp;<\/p>\n<blockquote>\n<h3>FESTA MUSICALE FINALE ALL\u2019ISTITUTO DI SEDICO: DUE CONCERTI PER CELEBRARE LE GENERAZIONI<\/h3>\n<\/blockquote>\n<p><strong><a class=\"dt-pswp-item\" href=\"https:\/\/www.radiopiu.net\/wordpress\/wp-content\/uploads\/2025\/06\/Saggio-finale-indirizzo-musicale-Sedico.jpg\" data-dt-img-description=\"\" data-large_image_width=\"1600\" data-large_image_height=\"900\"><img loading=\"lazy\" decoding=\"async\" class=\" wp-image-453238 alignleft\" src=\"https:\/\/www.radiopiu.net\/wordpress\/wp-content\/uploads\/2025\/06\/Saggio-finale-indirizzo-musicale-Sedico-300x169.jpg\" alt=\"\" width=\"217\" height=\"122\" srcset=\"https:\/\/www.radiopiu.net\/wordpress\/wp-content\/uploads\/2025\/06\/Saggio-finale-indirizzo-musicale-Sedico-300x169.jpg 300w, https:\/\/www.radiopiu.net\/wordpress\/wp-content\/uploads\/2025\/06\/Saggio-finale-indirizzo-musicale-Sedico-1024x576.jpg 1024w, https:\/\/www.radiopiu.net\/wordpress\/wp-content\/uploads\/2025\/06\/Saggio-finale-indirizzo-musicale-Sedico-768x432.jpg 768w, https:\/\/www.radiopiu.net\/wordpress\/wp-content\/uploads\/2025\/06\/Saggio-finale-indirizzo-musicale-Sedico-1536x864.jpg 1536w, https:\/\/www.radiopiu.net\/wordpress\/wp-content\/uploads\/2025\/06\/Saggio-finale-indirizzo-musicale-Sedico.jpg 1600w\" sizes=\"auto, (max-width: 217px) 100vw, 217px\" \/><\/a>SEDICO <\/strong>La fine dell\u2019anno scolastico all\u2019Istituto comprensivo di Sedico-Sospirolo si \u00e8 trasformata in una grande festa musicale. I ragazzi dell\u2019indirizzo musicale hanno offerto due eventi a Sedico, frutto di un intenso lavoro durante l\u2019anno. Il primo concerto, il 18 maggio, durante \u00abSedico in festa\u00bb, ha visto esibirsi gli studenti di pianoforte, percussioni, chitarra e clarinetto in un viaggio tra le generazioni, dalle canzoni anni \u201950 fino ai successi di oggi come Adele e Sia. Lo spettacolo ha unito musica, balli e riflessioni ironiche sul confronto tra boomers e generazioni pi\u00f9 giovani, coinvolgendo anche docenti, genitori e il sindaco, che ha suonato il sax con entusiasmo. Il 5 giugno, invece, si \u00e8 tenuto il concerto dell\u2019Orchestra provinciale delle scuole medie a indirizzo musicale, con circa cento ragazzi, diretti da esperti insegnanti, che hanno eseguito brani classici, jazz e tradizionali. Entrambi gli eventi, supportati dal Comune, hanno celebrato il talento e l\u2019impegno degli studenti, creando un forte legame con la comunit\u00e0 e un grande momento di condivisione generazionale.<\/p>\n<p>&nbsp;<\/p>\n<p>&nbsp;<\/p>\n<hr \/>\n<p>&nbsp;<\/p>\n<blockquote>\n<h3>CANDIDATURA UNESCO DEI SITI PALEONTOLOGICI DEL TRIASSICO DEL GUIZHOU E COLLEGAMENTI CON LE DOLOMITI<\/h3>\n<\/blockquote>\n<p><strong>REDAZIONE <\/strong>Guiyang, capitale della Provincia del Guizhou, Cina meridionale. Presso il Museo Geologico del Guizhou si \u00e8 riunita la commissione per la candidatura a sito UNESCO dei siti paleontologici del Triassico della Provincia del Guizhou con i loro straordinari fossili soprattutto di rettili marini e pesci. Durante l&#8217;incontro ufficiale tra universit\u00e0 cinesi, enti di ricerca e governo locale, sono stati presenti anche tre ospiti stranieri: prof. Andrea Tintori professore dell&#8217;universit\u00e0 di Milano in pensione, prof. Riosuke Motani professore dell&#8217;universit\u00e0 della California, Davide Conedera dottorando dell&#8217;universit\u00e0 di Padova che sta svolgendo tre mesi e mezzo di periodo all&#8217;estero all&#8217;universit\u00e0 di Pechino. Durante la riunione il prof. Tintori ha tenuto una breve presentazione sui collegamenti e somiglianze tra le faune fossili triassiche del Guizhou con quelle di altri due siti UNESCO: il Monte San Giorgio (tra Italia e Svizzera) e le Dolomiti. In particolare si \u00e8 mostrato di come ci siano pesci fossili molto simili, con anche gli stessi generi, tra la fauna cinese di Xingyi e quella del Pelsa\/Vazzoler risalenti al Triassico Medio. Quest&#8217;ultima in fase di studio approfondito in questi ultimi anni dal gruppo di ricerca guidato dal prof. Tintori e il dipartimento di geoscienze dell&#8217;universit\u00e0 di Padova. Tra queste faune marine si ricordano vari tipi di pesci miniatura e la pi\u00f9 antica specie di pesce volante. L&#8217;incontro ha contribuito a saldare scambi scientifici tra geologi e paleontologi in gruppi di ricerca internazionali e le peculiarit\u00e0 geo-paleontologiche e paesaggistiche delle Dolomiti sono state portate all&#8217;attenzione di questo pubblico del sud della Cina.<\/p>\n\n\t\t\t<style type='text\/css'>\n\t\t\t\t#gallery-3 {\n\t\t\t\t\tmargin: auto;\n\t\t\t\t}\n\t\t\t\t#gallery-3 .gallery-item {\n\t\t\t\t\tfloat: left;\n\t\t\t\t\tmargin-top: 10px;\n\t\t\t\t\ttext-align: center;\n\t\t\t\t\twidth: 25%;\n\t\t\t\t}\n\t\t\t\t#gallery-3 img {\n\t\t\t\t\tborder: 2px solid #cfcfcf;\n\t\t\t\t}\n\t\t\t\t#gallery-3 .gallery-caption {\n\t\t\t\t\tmargin-left: 0;\n\t\t\t\t}\n\t\t\t\t\/* see gallery_shortcode() in wp-includes\/media.php *\/\n\t\t\t<\/style>\n\t\t<div id='gallery-3' class='dt-gallery-container gallery galleryid-453139 gallery-columns-4 gallery-size-thumbnail'><dl class='gallery-item'>\n\t\t\t\t<dt class='gallery-icon landscape'>\n\t\t\t\t\t<a class=\"rollover rollover-zoom dt-pswp-item\" title=\"461037f4-fc57-46de-a209-9ec7a2cf1e41\" data-dt-img-description=\"\" data-large_image_width=\"1600\" data-large_image_height=\"1199\"href='https:\/\/www.radiopiu.net\/wordpress\/wp-content\/uploads\/2025\/06\/461037f4-fc57-46de-a209-9ec7a2cf1e41.jpg'><img loading=\"lazy\" decoding=\"async\" width=\"150\" height=\"150\" src=\"https:\/\/www.radiopiu.net\/wordpress\/wp-content\/uploads\/2025\/06\/461037f4-fc57-46de-a209-9ec7a2cf1e41-150x150.jpg\" class=\"attachment-thumbnail size-thumbnail\" alt=\"\" \/><\/a>\n\t\t\t\t<\/dt><\/dl><dl class='gallery-item'>\n\t\t\t\t<dt class='gallery-icon landscape'>\n\t\t\t\t\t<a class=\"rollover rollover-zoom dt-pswp-item\" title=\"95a7eca6-5602-42a1-8762-3f89aff26150\" data-dt-img-description=\"\" data-large_image_width=\"1600\" data-large_image_height=\"1199\"href='https:\/\/www.radiopiu.net\/wordpress\/wp-content\/uploads\/2025\/06\/95a7eca6-5602-42a1-8762-3f89aff26150.jpg'><img loading=\"lazy\" decoding=\"async\" width=\"150\" height=\"150\" src=\"https:\/\/www.radiopiu.net\/wordpress\/wp-content\/uploads\/2025\/06\/95a7eca6-5602-42a1-8762-3f89aff26150-150x150.jpg\" class=\"attachment-thumbnail size-thumbnail\" alt=\"\" \/><\/a>\n\t\t\t\t<\/dt><\/dl><dl class='gallery-item'>\n\t\t\t\t<dt class='gallery-icon portrait'>\n\t\t\t\t\t<a class=\"rollover rollover-zoom dt-pswp-item\" title=\"e3872570-a8a2-46bb-b890-2c5c086d6bcb\" data-dt-img-description=\"\" data-large_image_width=\"1200\" data-large_image_height=\"1600\"href='https:\/\/www.radiopiu.net\/wordpress\/wp-content\/uploads\/2025\/06\/e3872570-a8a2-46bb-b890-2c5c086d6bcb.jpg'><img loading=\"lazy\" decoding=\"async\" width=\"150\" height=\"150\" src=\"https:\/\/www.radiopiu.net\/wordpress\/wp-content\/uploads\/2025\/06\/e3872570-a8a2-46bb-b890-2c5c086d6bcb-150x150.jpg\" class=\"attachment-thumbnail size-thumbnail\" alt=\"\" \/><\/a>\n\t\t\t\t<\/dt><\/dl><dl class='gallery-item'>\n\t\t\t\t<dt class='gallery-icon portrait'>\n\t\t\t\t\t<a class=\"rollover rollover-zoom dt-pswp-item\" title=\"ce9acca4-c811-4a8e-8fa8-6181b5c6592a\" data-dt-img-description=\"\" data-large_image_width=\"1200\" data-large_image_height=\"1600\"href='https:\/\/www.radiopiu.net\/wordpress\/wp-content\/uploads\/2025\/06\/ce9acca4-c811-4a8e-8fa8-6181b5c6592a.jpg'><img loading=\"lazy\" decoding=\"async\" width=\"150\" height=\"150\" src=\"https:\/\/www.radiopiu.net\/wordpress\/wp-content\/uploads\/2025\/06\/ce9acca4-c811-4a8e-8fa8-6181b5c6592a-150x150.jpg\" class=\"attachment-thumbnail size-thumbnail\" alt=\"\" \/><\/a>\n\t\t\t\t<\/dt><\/dl><br style=\"clear: both\" \/><dl class='gallery-item'>\n\t\t\t\t<dt class='gallery-icon landscape'>\n\t\t\t\t\t<a class=\"rollover rollover-zoom dt-pswp-item\" title=\"cec8c6f5-3267-4e36-b77c-fd7d371eff45\" data-dt-img-description=\"\" data-large_image_width=\"1600\" data-large_image_height=\"1200\"href='https:\/\/www.radiopiu.net\/wordpress\/wp-content\/uploads\/2025\/06\/cec8c6f5-3267-4e36-b77c-fd7d371eff45.jpg'><img loading=\"lazy\" decoding=\"async\" width=\"150\" height=\"150\" src=\"https:\/\/www.radiopiu.net\/wordpress\/wp-content\/uploads\/2025\/06\/cec8c6f5-3267-4e36-b77c-fd7d371eff45-150x150.jpg\" class=\"attachment-thumbnail size-thumbnail\" alt=\"\" \/><\/a>\n\t\t\t\t<\/dt><\/dl><dl class='gallery-item'>\n\t\t\t\t<dt class='gallery-icon landscape'>\n\t\t\t\t\t<a class=\"rollover rollover-zoom dt-pswp-item\" title=\"5f2dd8c1-620f-4d2b-a755-c08431dd76ac\" data-dt-img-description=\"\" data-large_image_width=\"1600\" data-large_image_height=\"1200\"href='https:\/\/www.radiopiu.net\/wordpress\/wp-content\/uploads\/2025\/06\/5f2dd8c1-620f-4d2b-a755-c08431dd76ac.jpg'><img loading=\"lazy\" decoding=\"async\" width=\"150\" height=\"150\" src=\"https:\/\/www.radiopiu.net\/wordpress\/wp-content\/uploads\/2025\/06\/5f2dd8c1-620f-4d2b-a755-c08431dd76ac-150x150.jpg\" class=\"attachment-thumbnail size-thumbnail\" alt=\"\" \/><\/a>\n\t\t\t\t<\/dt><\/dl><dl class='gallery-item'>\n\t\t\t\t<dt class='gallery-icon landscape'>\n\t\t\t\t\t<a class=\"rollover rollover-zoom dt-pswp-item\" title=\"35176a1d-e539-4de7-8bb3-5d2a51c4d58d\" data-dt-img-description=\"\" data-large_image_width=\"1600\" data-large_image_height=\"925\"href='https:\/\/www.radiopiu.net\/wordpress\/wp-content\/uploads\/2025\/06\/35176a1d-e539-4de7-8bb3-5d2a51c4d58d.jpg'><img loading=\"lazy\" decoding=\"async\" width=\"150\" height=\"150\" src=\"https:\/\/www.radiopiu.net\/wordpress\/wp-content\/uploads\/2025\/06\/35176a1d-e539-4de7-8bb3-5d2a51c4d58d-150x150.jpg\" class=\"attachment-thumbnail size-thumbnail\" alt=\"\" \/><\/a>\n\t\t\t\t<\/dt><\/dl><dl class='gallery-item'>\n\t\t\t\t<dt class='gallery-icon landscape'>\n\t\t\t\t\t<a class=\"rollover rollover-zoom dt-pswp-item\" title=\"3144b070-12e8-4487-91f2-9034839cb56b\" data-dt-img-description=\"\" data-large_image_width=\"1600\" data-large_image_height=\"734\"href='https:\/\/www.radiopiu.net\/wordpress\/wp-content\/uploads\/2025\/06\/3144b070-12e8-4487-91f2-9034839cb56b.jpg'><img loading=\"lazy\" decoding=\"async\" width=\"150\" height=\"150\" src=\"https:\/\/www.radiopiu.net\/wordpress\/wp-content\/uploads\/2025\/06\/3144b070-12e8-4487-91f2-9034839cb56b-150x150.jpg\" class=\"attachment-thumbnail size-thumbnail\" alt=\"\" \/><\/a>\n\t\t\t\t<\/dt><\/dl><br style=\"clear: both\" \/>\n\t\t\t<\/div>\n\n<p>&nbsp;<\/p>\n<hr \/>\n<p>&nbsp;<\/p>\n<blockquote>\n<h3>NASCITE IN MONTAGNA: INCONTRI INTIMI CON LA NATURA SELVATICA<\/h3>\n<\/blockquote>\n<p><strong>REDAZIONE <\/strong>Nonostante i tempi moderni, la montagna continua a essere un luogo dove la vita nasce e si rinnova. Recentemente Mario De Marco ha avuto il privilegio di catturare con la mia macchina fotografica alcuni di questi momenti unici e delicati, osservando senza disturbare i protagonisti di queste nascite, rispettando la natura e le sue regole. \u00c8 fondamentale non toccare mai i piccoli appena nati, anche se sembrano immobili: si tratta di una strategia naturale per confondere i predatori. La madre rimane sempre nelle vicinanze, pronta a intervenire, e percepisce l\u2019odore dei suoi cuccioli, un legame olfattivo che pu\u00f2 essere compromesso dalla presenza umana. Questi incontri ravvicinati con la vita selvaggia sono momenti che davvero tolgono il fiato, un ricordo prezioso di quanto la natura sappia essere fragile e meravigliosa.<\/p>\n<p><strong>LE FOTO DI MARIO DE MARCO<\/strong><\/p>\n\n\t\t\t<style type='text\/css'>\n\t\t\t\t#gallery-4 {\n\t\t\t\t\tmargin: auto;\n\t\t\t\t}\n\t\t\t\t#gallery-4 .gallery-item {\n\t\t\t\t\tfloat: left;\n\t\t\t\t\tmargin-top: 10px;\n\t\t\t\t\ttext-align: center;\n\t\t\t\t\twidth: 20%;\n\t\t\t\t}\n\t\t\t\t#gallery-4 img {\n\t\t\t\t\tborder: 2px solid #cfcfcf;\n\t\t\t\t}\n\t\t\t\t#gallery-4 .gallery-caption {\n\t\t\t\t\tmargin-left: 0;\n\t\t\t\t}\n\t\t\t\t\/* see gallery_shortcode() in wp-includes\/media.php *\/\n\t\t\t<\/style>\n\t\t<div id='gallery-4' class='dt-gallery-container gallery galleryid-453139 gallery-columns-5 gallery-size-thumbnail'><dl class='gallery-item'>\n\t\t\t\t<dt class='gallery-icon portrait'>\n\t\t\t\t\t<a class=\"rollover rollover-zoom dt-pswp-item\" title=\"20d4d875-9314-400d-b197-91fd01523bf8\" data-dt-img-description=\"\" data-large_image_width=\"898\" data-large_image_height=\"1348\"href='https:\/\/www.radiopiu.net\/wordpress\/wp-content\/uploads\/2025\/06\/20d4d875-9314-400d-b197-91fd01523bf8.jpg'><img loading=\"lazy\" decoding=\"async\" width=\"150\" height=\"150\" src=\"https:\/\/www.radiopiu.net\/wordpress\/wp-content\/uploads\/2025\/06\/20d4d875-9314-400d-b197-91fd01523bf8-150x150.jpg\" class=\"attachment-thumbnail size-thumbnail\" alt=\"\" \/><\/a>\n\t\t\t\t<\/dt><\/dl><dl class='gallery-item'>\n\t\t\t\t<dt class='gallery-icon portrait'>\n\t\t\t\t\t<a class=\"rollover rollover-zoom dt-pswp-item\" title=\"a81fe56f-665a-4966-8bee-93e412af5b93\" data-dt-img-description=\"\" data-large_image_width=\"898\" data-large_image_height=\"1348\"href='https:\/\/www.radiopiu.net\/wordpress\/wp-content\/uploads\/2025\/06\/a81fe56f-665a-4966-8bee-93e412af5b93.jpg'><img loading=\"lazy\" decoding=\"async\" width=\"150\" height=\"150\" src=\"https:\/\/www.radiopiu.net\/wordpress\/wp-content\/uploads\/2025\/06\/a81fe56f-665a-4966-8bee-93e412af5b93-150x150.jpg\" class=\"attachment-thumbnail size-thumbnail\" alt=\"\" \/><\/a>\n\t\t\t\t<\/dt><\/dl><dl class='gallery-item'>\n\t\t\t\t<dt class='gallery-icon landscape'>\n\t\t\t\t\t<a class=\"rollover rollover-zoom dt-pswp-item\" title=\"b8c7af29-e964-4133-804f-056b62a46a5b\" data-dt-img-description=\"\" data-large_image_width=\"1348\" data-large_image_height=\"898\"href='https:\/\/www.radiopiu.net\/wordpress\/wp-content\/uploads\/2025\/06\/b8c7af29-e964-4133-804f-056b62a46a5b.jpg'><img loading=\"lazy\" decoding=\"async\" width=\"150\" height=\"150\" src=\"https:\/\/www.radiopiu.net\/wordpress\/wp-content\/uploads\/2025\/06\/b8c7af29-e964-4133-804f-056b62a46a5b-150x150.jpg\" class=\"attachment-thumbnail size-thumbnail\" alt=\"\" \/><\/a>\n\t\t\t\t<\/dt><\/dl><dl class='gallery-item'>\n\t\t\t\t<dt class='gallery-icon landscape'>\n\t\t\t\t\t<a class=\"rollover rollover-zoom dt-pswp-item\" title=\"6ccc722f-06c3-4b70-86a1-554a6f9e9ee0\" data-dt-img-description=\"\" data-large_image_width=\"1600\" data-large_image_height=\"1066\"href='https:\/\/www.radiopiu.net\/wordpress\/wp-content\/uploads\/2025\/06\/6ccc722f-06c3-4b70-86a1-554a6f9e9ee0.jpg'><img loading=\"lazy\" decoding=\"async\" width=\"150\" height=\"150\" src=\"https:\/\/www.radiopiu.net\/wordpress\/wp-content\/uploads\/2025\/06\/6ccc722f-06c3-4b70-86a1-554a6f9e9ee0-150x150.jpg\" class=\"attachment-thumbnail size-thumbnail\" alt=\"\" \/><\/a>\n\t\t\t\t<\/dt><\/dl><dl class='gallery-item'>\n\t\t\t\t<dt class='gallery-icon landscape'>\n\t\t\t\t\t<a class=\"rollover rollover-zoom dt-pswp-item\" title=\"178e1964-e663-4708-af4f-57dd694d2efe\" data-dt-img-description=\"\" data-large_image_width=\"1600\" data-large_image_height=\"1065\"href='https:\/\/www.radiopiu.net\/wordpress\/wp-content\/uploads\/2025\/06\/178e1964-e663-4708-af4f-57dd694d2efe.jpg'><img loading=\"lazy\" decoding=\"async\" width=\"150\" height=\"150\" src=\"https:\/\/www.radiopiu.net\/wordpress\/wp-content\/uploads\/2025\/06\/178e1964-e663-4708-af4f-57dd694d2efe-150x150.jpg\" class=\"attachment-thumbnail size-thumbnail\" alt=\"\" \/><\/a>\n\t\t\t\t<\/dt><\/dl><br style=\"clear: both\" \/>\n\t\t\t<\/div>\n\n<p>&nbsp;<\/p>\n<hr \/>\n<p>&nbsp;<\/p>\n<blockquote>\n<h2>POPOLAMENTO E RIPOPOLAMENTO, TRE GIORNI DI STUDIO AL &#8220;CAZZETTA&#8221;<\/h2>\n<\/blockquote>\n<p><img loading=\"lazy\" decoding=\"async\" class=\"alignleft\" src=\"https:\/\/www.radiopiu.net\/wordpress\/wp-content\/uploads\/2023\/08\/Museo-Vittorino-Cazzetta_megalodonte.jpg\" width=\"225\" height=\"169\" \/><\/p>\n<p><strong>DI GIANNI SANTOMASO<\/strong><\/p>\n<audio class=\"wp-audio-shortcode\" id=\"audio-453139-10\" preload=\"none\" style=\"width: 100%;\" controls=\"controls\"><source type=\"audio\/mpeg\" src=\"https:\/\/www.radiopiu.net\/wordpress\/wp-content\/uploads\/2025\/06\/gianni-univertsitario-1.mp3?_=10\" \/><a href=\"https:\/\/www.radiopiu.net\/wordpress\/wp-content\/uploads\/2025\/06\/gianni-univertsitario-1.mp3\">https:\/\/www.radiopiu.net\/wordpress\/wp-content\/uploads\/2025\/06\/gianni-univertsitario-1.mp3<\/a><\/audio>\n<p>&nbsp;<\/p>\n<p>&nbsp;<\/p>\n<p>&nbsp;<\/p>\n<hr \/>\n<p>&nbsp;<\/p>\n<blockquote>\n<h3><a class=\"dt-pswp-item\" href=\"https:\/\/www.radiopiu.net\/wordpress\/wp-content\/uploads\/2025\/06\/Consigliere-giovane_Alberto-Peloso.jpg\" data-dt-img-description=\"\" data-large_image_width=\"1520\" data-large_image_height=\"2048\"><img loading=\"lazy\" decoding=\"async\" class=\" wp-image-453242 alignleft\" src=\"https:\/\/www.radiopiu.net\/wordpress\/wp-content\/uploads\/2025\/06\/Consigliere-giovane_Alberto-Peloso-223x300.jpg\" alt=\"\" width=\"147\" height=\"198\" srcset=\"https:\/\/www.radiopiu.net\/wordpress\/wp-content\/uploads\/2025\/06\/Consigliere-giovane_Alberto-Peloso-223x300.jpg 223w, https:\/\/www.radiopiu.net\/wordpress\/wp-content\/uploads\/2025\/06\/Consigliere-giovane_Alberto-Peloso-760x1024.jpg 760w, https:\/\/www.radiopiu.net\/wordpress\/wp-content\/uploads\/2025\/06\/Consigliere-giovane_Alberto-Peloso-768x1035.jpg 768w, https:\/\/www.radiopiu.net\/wordpress\/wp-content\/uploads\/2025\/06\/Consigliere-giovane_Alberto-Peloso-1140x1536.jpg 1140w, https:\/\/www.radiopiu.net\/wordpress\/wp-content\/uploads\/2025\/06\/Consigliere-giovane_Alberto-Peloso.jpg 1520w\" sizes=\"auto, (max-width: 147px) 100vw, 147px\" \/><\/a>GIOVANI DELLA CROCE ROSSA ALLA SPORTFUL DOLOMITI RACE PER PROMUOVERE PREVENZIONE E SALUTE<\/h3>\n<\/blockquote>\n<p><strong>FELTRE <\/strong>In occasione della Granfondo Sportful Dolomiti Race 2025 a Feltre, i Giovani del Comitato CRI saranno presenti con uno stand dedicato a prevenzione, salute ed educazione stradale. Attraverso le campagne nazionali \u201cSicurezza on the Road\u201d e \u201cLoveRED\u201d, proporranno attivit\u00e0 educative, quiz interattivi e momenti informativi per sensibilizzare soprattutto i giovani su sicurezza stradale, rischi di guida distratta e in stato di alterazione, oltre alla salute sessuale e affettiva. L\u2019iniziativa mira a promuovere comportamenti responsabili e stili di vita sani, superando tab\u00f9 e pregiudizi. La presenza all\u2019evento sportivo permette di rafforzare l\u2019impegno verso una cittadinanza attiva e responsabile, valorizzando anche il ruolo del volontariato giovanile come motore di cambiamento sociale.<\/p>\n<p>&nbsp;<\/p>\n<p>&nbsp;<\/p>\n<hr \/>\n<p>&nbsp;<\/p>\n<h2><span style=\"color: #ff0000;\">CONSIGLI COMUNALI IN AGORDINO<\/span><\/h2>\n<p><strong>SELVA DI CADORE\u00a0<\/strong>Consiglio comunale domani alle 18:30. Quattro punti in discussione tra cui una variazione a bilancio, l&#8217;adesione alla centrale unica di committenza della federazione dei comuni del sampierese e l&#8217;approvazione delle modifiche al piano del commercio su aree pubbliche<\/p>\n<p>&nbsp;<\/p>\n<p>&nbsp;<\/p>\n<hr \/>\n<p>&nbsp;<\/p>\n<blockquote>\n<h3>CONCORSO CARABINIERI 2025: 4.918 POSTI PER ALLIEVI INFERMI QUADRIENNALI, DOMANDE ENTRO IL 7 LUGLIO<\/h3>\n<\/blockquote>\n<p><strong>BELLUNO<\/strong> L\u2019Arma dei Carabinieri seleziona 4.918 Allievi in ferma quadriennale per rafforzare l\u2019organico e garantire la sicurezza. Le domande, da presentare entro il 7 luglio online, sono aperte ai cittadini italiani con diploma o in procinto di conseguirlo, tra i 17 e i 24 anni (fino a 25 per volontari in ferma prefissata). Il concorso prevede prove scritte, test fisici e accertamenti psico-fisici. I vincitori frequenteranno un corso di sei mesi nelle Scuole Allievi Carabinieri, acquisendo formazione militare, giuridica e professionale. \u00c8 possibile scegliere specializzazioni in tutela forestale, ambientale e agroalimentare, preparando cos\u00ec i futuri Carabinieri a tutelare la collettivit\u00e0.<\/p>\n\n\t\t\t<style type='text\/css'>\n\t\t\t\t#gallery-5 {\n\t\t\t\t\tmargin: auto;\n\t\t\t\t}\n\t\t\t\t#gallery-5 .gallery-item {\n\t\t\t\t\tfloat: left;\n\t\t\t\t\tmargin-top: 10px;\n\t\t\t\t\ttext-align: center;\n\t\t\t\t\twidth: 25%;\n\t\t\t\t}\n\t\t\t\t#gallery-5 img {\n\t\t\t\t\tborder: 2px solid #cfcfcf;\n\t\t\t\t}\n\t\t\t\t#gallery-5 .gallery-caption {\n\t\t\t\t\tmargin-left: 0;\n\t\t\t\t}\n\t\t\t\t\/* see gallery_shortcode() in wp-includes\/media.php *\/\n\t\t\t<\/style>\n\t\t<div id='gallery-5' class='dt-gallery-container gallery galleryid-453139 gallery-columns-4 gallery-size-medium'><dl class='gallery-item'>\n\t\t\t\t<dt class='gallery-icon landscape'>\n\t\t\t\t\t<a class=\"rollover rollover-zoom dt-pswp-item\" title=\"foto 1\" data-dt-img-description=\"\" data-large_image_width=\"1600\" data-large_image_height=\"1066\"href='https:\/\/www.radiopiu.net\/wordpress\/wp-content\/uploads\/2025\/06\/foto-1.jpeg'><img loading=\"lazy\" decoding=\"async\" width=\"300\" height=\"200\" src=\"https:\/\/www.radiopiu.net\/wordpress\/wp-content\/uploads\/2025\/06\/foto-1-300x200.jpeg\" class=\"attachment-medium size-medium\" alt=\"\" srcset=\"https:\/\/www.radiopiu.net\/wordpress\/wp-content\/uploads\/2025\/06\/foto-1-300x200.jpeg 300w, https:\/\/www.radiopiu.net\/wordpress\/wp-content\/uploads\/2025\/06\/foto-1-1024x682.jpeg 1024w, https:\/\/www.radiopiu.net\/wordpress\/wp-content\/uploads\/2025\/06\/foto-1-768x512.jpeg 768w, https:\/\/www.radiopiu.net\/wordpress\/wp-content\/uploads\/2025\/06\/foto-1-1536x1023.jpeg 1536w, https:\/\/www.radiopiu.net\/wordpress\/wp-content\/uploads\/2025\/06\/foto-1.jpeg 1600w\" sizes=\"auto, (max-width: 300px) 100vw, 300px\" \/><\/a>\n\t\t\t\t<\/dt><\/dl><dl class='gallery-item'>\n\t\t\t\t<dt class='gallery-icon landscape'>\n\t\t\t\t\t<a class=\"rollover rollover-zoom dt-pswp-item\" title=\"foto 2\" data-dt-img-description=\"\" data-large_image_width=\"1600\" data-large_image_height=\"1066\"href='https:\/\/www.radiopiu.net\/wordpress\/wp-content\/uploads\/2025\/06\/foto-2.jpeg'><img loading=\"lazy\" decoding=\"async\" width=\"300\" height=\"200\" src=\"https:\/\/www.radiopiu.net\/wordpress\/wp-content\/uploads\/2025\/06\/foto-2-300x200.jpeg\" class=\"attachment-medium size-medium\" alt=\"\" srcset=\"https:\/\/www.radiopiu.net\/wordpress\/wp-content\/uploads\/2025\/06\/foto-2-300x200.jpeg 300w, https:\/\/www.radiopiu.net\/wordpress\/wp-content\/uploads\/2025\/06\/foto-2-1024x682.jpeg 1024w, https:\/\/www.radiopiu.net\/wordpress\/wp-content\/uploads\/2025\/06\/foto-2-768x512.jpeg 768w, https:\/\/www.radiopiu.net\/wordpress\/wp-content\/uploads\/2025\/06\/foto-2-1536x1023.jpeg 1536w, https:\/\/www.radiopiu.net\/wordpress\/wp-content\/uploads\/2025\/06\/foto-2.jpeg 1600w\" sizes=\"auto, (max-width: 300px) 100vw, 300px\" \/><\/a>\n\t\t\t\t<\/dt><\/dl><dl class='gallery-item'>\n\t\t\t\t<dt class='gallery-icon landscape'>\n\t\t\t\t\t<a class=\"rollover rollover-zoom dt-pswp-item\" title=\"foto 3\" data-dt-img-description=\"\" data-large_image_width=\"1170\" data-large_image_height=\"558\"href='https:\/\/www.radiopiu.net\/wordpress\/wp-content\/uploads\/2025\/06\/foto-3.jpeg'><img loading=\"lazy\" decoding=\"async\" width=\"300\" height=\"143\" src=\"https:\/\/www.radiopiu.net\/wordpress\/wp-content\/uploads\/2025\/06\/foto-3-300x143.jpeg\" class=\"attachment-medium size-medium\" alt=\"\" srcset=\"https:\/\/www.radiopiu.net\/wordpress\/wp-content\/uploads\/2025\/06\/foto-3-300x143.jpeg 300w, https:\/\/www.radiopiu.net\/wordpress\/wp-content\/uploads\/2025\/06\/foto-3-1024x488.jpeg 1024w, https:\/\/www.radiopiu.net\/wordpress\/wp-content\/uploads\/2025\/06\/foto-3-768x366.jpeg 768w, https:\/\/www.radiopiu.net\/wordpress\/wp-content\/uploads\/2025\/06\/foto-3.jpeg 1170w\" sizes=\"auto, (max-width: 300px) 100vw, 300px\" \/><\/a>\n\t\t\t\t<\/dt><\/dl><dl class='gallery-item'>\n\t\t\t\t<dt class='gallery-icon landscape'>\n\t\t\t\t\t<a class=\"rollover rollover-zoom dt-pswp-item\" title=\"foto 4\" data-dt-img-description=\"\" data-large_image_width=\"2560\" data-large_image_height=\"1706\"href='https:\/\/www.radiopiu.net\/wordpress\/wp-content\/uploads\/2025\/06\/foto-4.jpeg'><img loading=\"lazy\" decoding=\"async\" width=\"300\" height=\"200\" src=\"https:\/\/www.radiopiu.net\/wordpress\/wp-content\/uploads\/2025\/06\/foto-4-300x200.jpeg\" class=\"attachment-medium size-medium\" alt=\"\" srcset=\"https:\/\/www.radiopiu.net\/wordpress\/wp-content\/uploads\/2025\/06\/foto-4-300x200.jpeg 300w, https:\/\/www.radiopiu.net\/wordpress\/wp-content\/uploads\/2025\/06\/foto-4-1024x682.jpeg 1024w, https:\/\/www.radiopiu.net\/wordpress\/wp-content\/uploads\/2025\/06\/foto-4-768x512.jpeg 768w, https:\/\/www.radiopiu.net\/wordpress\/wp-content\/uploads\/2025\/06\/foto-4-1536x1024.jpeg 1536w, https:\/\/www.radiopiu.net\/wordpress\/wp-content\/uploads\/2025\/06\/foto-4-2048x1365.jpeg 2048w\" sizes=\"auto, (max-width: 300px) 100vw, 300px\" \/><\/a>\n\t\t\t\t<\/dt><\/dl><br style=\"clear: both\" \/>\n\t\t\t<\/div>\n\n<p>&nbsp;<\/p>\n<hr \/>\n<p>&nbsp;<\/p>\n<blockquote>\n<h3>BELLUNO PER GAZA: UN SILENZIOSO GRIDO DI UMANIT\u00c0<\/h3>\n<\/blockquote>\n<p><strong><a class=\"dt-pswp-item\" href=\"https:\/\/www.radiopiu.net\/wordpress\/wp-content\/uploads\/2025\/06\/SCR-20250609-qwoj.png\" data-dt-img-description=\"\" data-large_image_width=\"878\" data-large_image_height=\"1116\"><img loading=\"lazy\" decoding=\"async\" class=\" wp-image-453133 alignleft\" src=\"https:\/\/www.radiopiu.net\/wordpress\/wp-content\/uploads\/2025\/06\/SCR-20250609-qwoj-236x300.png\" alt=\"\" width=\"128\" height=\"163\" srcset=\"https:\/\/www.radiopiu.net\/wordpress\/wp-content\/uploads\/2025\/06\/SCR-20250609-qwoj-236x300.png 236w, https:\/\/www.radiopiu.net\/wordpress\/wp-content\/uploads\/2025\/06\/SCR-20250609-qwoj-806x1024.png 806w, https:\/\/www.radiopiu.net\/wordpress\/wp-content\/uploads\/2025\/06\/SCR-20250609-qwoj-768x976.png 768w, https:\/\/www.radiopiu.net\/wordpress\/wp-content\/uploads\/2025\/06\/SCR-20250609-qwoj.png 878w\" sizes=\"auto, (max-width: 128px) 100vw, 128px\" \/><\/a>BELLUNO<\/strong> Il 14 giugno 2025 a Belluno si terr\u00e0 una manifestazione silenziosa in Piazza Martiri per denunciare il massacro in atto nella Striscia di Gaza. L&#8217;iniziativa nasce spontaneamente, senza simboli politici, con l\u2019obiettivo di affermare l\u2019umanit\u00e0 e chiedere la fine della violenza contro i civili. Si condanna fermamente l\u2019attacco del 7 ottobre da parte di Hamas, ma si denuncia anche la sproporzionata reazione del governo Netanyahu che, secondo fonti internazionali, ha provocato decine di migliaia di morti e feriti tra la popolazione palestinese. La manifestazione vuole essere un atto di solidariet\u00e0 verso le vittime innocenti, ispirandosi alle parole del Presidente Mattarella, che invoca il rispetto del diritto umanitario e il cessate il fuoco immediato. L\u2019invito \u00e8 a partecipare in modo responsabile, evitando qualsiasi forma di provocazione o antisemitismo, per dare un segnale di coscienza collettiva e civilt\u00e0.<\/p>\n<p>&nbsp;<\/p>\n<p>&nbsp;<\/p>\n<hr \/>\n<p>&nbsp;<\/p>\n<blockquote>\n<div class=\"page-title-head hgroup\">\n<h1 class=\"entry-title\">CANALE D\u2019AGORDO E VALLADA, \u201cROSSE\u201d PER I DONATORI DI SANGUE<\/h1>\n<\/div>\n<\/blockquote>\n<p>&nbsp;<\/p>\n<p>&nbsp;<\/p>\n<p><strong>DI GIANNI SANTOMASO<\/strong><\/p>\n<audio class=\"wp-audio-shortcode\" id=\"audio-453139-11\" preload=\"none\" style=\"width: 100%;\" controls=\"controls\"><source type=\"audio\/mpeg\" src=\"https:\/\/www.radiopiu.net\/wordpress\/wp-content\/uploads\/2025\/06\/gianni-donatore-1.mp3?_=11\" \/><a href=\"https:\/\/www.radiopiu.net\/wordpress\/wp-content\/uploads\/2025\/06\/gianni-donatore-1.mp3\">https:\/\/www.radiopiu.net\/wordpress\/wp-content\/uploads\/2025\/06\/gianni-donatore-1.mp3<\/a><\/audio>\n<p>&nbsp;<\/p>\n<p><strong><a class=\"dt-pswp-item\" href=\"https:\/\/www.radiopiu.net\/wordpress\/wp-content\/uploads\/2025\/06\/caf22ad3-adb5-4452-9c2b-6c8b4b260d3f.jpg\" data-dt-img-description=\"\" data-large_image_width=\"631\" data-large_image_height=\"452\"><img loading=\"lazy\" decoding=\"async\" class=\" wp-image-452983 alignleft\" src=\"https:\/\/www.radiopiu.net\/wordpress\/wp-content\/uploads\/2025\/06\/caf22ad3-adb5-4452-9c2b-6c8b4b260d3f-300x215.jpg\" alt=\"\" width=\"188\" height=\"135\" srcset=\"https:\/\/www.radiopiu.net\/wordpress\/wp-content\/uploads\/2025\/06\/caf22ad3-adb5-4452-9c2b-6c8b4b260d3f-300x215.jpg 300w, https:\/\/www.radiopiu.net\/wordpress\/wp-content\/uploads\/2025\/06\/caf22ad3-adb5-4452-9c2b-6c8b4b260d3f.jpg 631w\" sizes=\"auto, (max-width: 188px) 100vw, 188px\" \/><\/a>CANALE D&#8217;AGORDO <\/strong>In occasione della Giornata Mondiale del Donatore, che si celebra ogni anno il 14 giugno per onorare la nascita di Karl Landsteiner, scopritore dei gruppi sanguigni, anche i Donatori di Sangue di Canale d\u2019Agordo e Vallada Agordina aderiscono alla campagna \u201cM\u2019illumino del Dono\u201d, promossa da Avis Veneto e ABVS Belluno. Rosso come il sangue, rosso come la vita: le luci che dal 13 al 15 giugno illumineranno la Casa Natale di Papa Luciani e il Municipio di Vallada vogliono lanciare un messaggio chiaro e profondo sull\u2019importanza della donazione del sangue, gesto anonimo e gratuito che ogni giorno salva vite. Particolarmente toccante la scelta della casa dove nacque Giovanni Paolo I: nel 1938, il giovane don Albino Luciani don\u00f2 il proprio sangue per salvare un compaesano ricoverato all\u2019ospedale di Belluno. Un gesto che unisce idealmente la storia del pontefice a quella di tutti i donatori di sangue. Per celebrare l\u2019iniziativa, sabato 14 giugno alle ore 21, presso la Casa di Papa Luciani, \u00e8 prevista una cerimonia di accensione delle luci seguita da un brindisi beneaugurante, aperta a tutti.<\/p>\n<p>&nbsp;<\/p>\n<p>&nbsp;<\/p>\n<hr \/>\n<p>&nbsp;<\/p>\n<blockquote>\n<h3>IN VALLE DEL BIOIS TORNA EL BON DE L&#8217;ANSUDA<\/h3>\n<\/blockquote>\n<p>&nbsp;<\/p>\n<p><strong><a class=\"dt-pswp-item\" href=\"https:\/\/www.radiopiu.net\/wordpress\/wp-content\/uploads\/2023\/06\/EL-BON-DE-LANSUDA.jpeg\" data-dt-img-description=\"\" data-large_image_width=\"1890\" data-large_image_height=\"1310\"><img loading=\"lazy\" decoding=\"async\" class=\" wp-image-340252 alignleft\" src=\"https:\/\/www.radiopiu.net\/wordpress\/wp-content\/uploads\/2023\/06\/EL-BON-DE-LANSUDA-300x208.jpeg\" alt=\"\" width=\"185\" height=\"128\" srcset=\"https:\/\/www.radiopiu.net\/wordpress\/wp-content\/uploads\/2023\/06\/EL-BON-DE-LANSUDA-300x208.jpeg 300w, https:\/\/www.radiopiu.net\/wordpress\/wp-content\/uploads\/2023\/06\/EL-BON-DE-LANSUDA-1024x710.jpeg 1024w, https:\/\/www.radiopiu.net\/wordpress\/wp-content\/uploads\/2023\/06\/EL-BON-DE-LANSUDA-768x532.jpeg 768w, https:\/\/www.radiopiu.net\/wordpress\/wp-content\/uploads\/2023\/06\/EL-BON-DE-LANSUDA-1536x1065.jpeg 1536w, https:\/\/www.radiopiu.net\/wordpress\/wp-content\/uploads\/2023\/06\/EL-BON-DE-LANSUDA.jpeg 1890w\" sizes=\"auto, (max-width: 185px) 100vw, 185px\" \/><\/a>DI MIRKO MEZZACASA<\/strong><\/p>\n<p>OSPITI: Antonella Schena e Eddy Gaspari<\/p>\n<audio class=\"wp-audio-shortcode\" id=\"audio-453139-12\" preload=\"none\" style=\"width: 100%;\" controls=\"controls\"><source type=\"audio\/mpeg\" src=\"https:\/\/www.radiopiu.net\/wordpress\/wp-content\/uploads\/2025\/06\/ANTONELLA-EDDY-BON-ANSUDA-25.mp3?_=12\" \/><a href=\"https:\/\/www.radiopiu.net\/wordpress\/wp-content\/uploads\/2025\/06\/ANTONELLA-EDDY-BON-ANSUDA-25.mp3\">https:\/\/www.radiopiu.net\/wordpress\/wp-content\/uploads\/2025\/06\/ANTONELLA-EDDY-BON-ANSUDA-25.mp3<\/a><\/audio>\n<p>&nbsp;<\/p>\n<p>&nbsp;<\/p>\n<hr \/>\n<blockquote>\n<h3>WEEKEND DI SCOPERTA E SPIRITUALIT\u00c0 AL CENTRO MINERARIO VALLE IMPERINA IL 14 E 15 GIUGNO<\/h3>\n<\/blockquote>\n<p><strong><a class=\"dt-pswp-item\" href=\"https:\/\/www.radiopiu.net\/wordpress\/wp-content\/uploads\/2024\/10\/Valle-Imperina-Fabbricato-Forni-Fusori.jpeg\" data-dt-img-description=\"\" data-large_image_width=\"1600\" data-large_image_height=\"1200\"><img loading=\"lazy\" decoding=\"async\" class=\" wp-image-412572 alignleft\" src=\"https:\/\/www.radiopiu.net\/wordpress\/wp-content\/uploads\/2024\/10\/Valle-Imperina-Fabbricato-Forni-Fusori-300x225.jpeg\" alt=\"\" width=\"201\" height=\"151\" srcset=\"https:\/\/www.radiopiu.net\/wordpress\/wp-content\/uploads\/2024\/10\/Valle-Imperina-Fabbricato-Forni-Fusori-300x225.jpeg 300w, https:\/\/www.radiopiu.net\/wordpress\/wp-content\/uploads\/2024\/10\/Valle-Imperina-Fabbricato-Forni-Fusori-1024x768.jpeg 1024w, https:\/\/www.radiopiu.net\/wordpress\/wp-content\/uploads\/2024\/10\/Valle-Imperina-Fabbricato-Forni-Fusori-768x576.jpeg 768w, https:\/\/www.radiopiu.net\/wordpress\/wp-content\/uploads\/2024\/10\/Valle-Imperina-Fabbricato-Forni-Fusori-1536x1152.jpeg 1536w, https:\/\/www.radiopiu.net\/wordpress\/wp-content\/uploads\/2024\/10\/Valle-Imperina-Fabbricato-Forni-Fusori.jpeg 1600w\" sizes=\"auto, (max-width: 201px) 100vw, 201px\" \/><\/a>RIVAMONTE <\/strong>Il Centro Minerario Valle Imperina invita tutta la comunit\u00e0 e i visitatori a partecipare a un weekend ricco di eventi unici, sabato 14 e domenica 15 giugno. Sabato 14 giugno verr\u00e0 celebrata una Santa Messa nella suggestiva cornice dei forni fusori, un luogo che conserva la storia e la tradizione mineraria del territorio. Un momento di riflessione e spiritualit\u00e0 immersi in un ambiente carico di fascino e memoria. Domenica 15 giugno, invece, sar\u00e0 protagonista il laboratorio \u201cMateria\u201d, rivolto ai ragazzi e accessibile su prenotazione. Un\u2019esperienza coinvolgente che offre un viaggio sorprendente tra minerali e i segreti della natura, alla scoperta di come queste meraviglie influenzino la nostra vita quotidiana. Entrambe le giornate prevedono visite guidate su prenotazione, per esplorare in modo approfondito la storia e le peculiarit\u00e0 del Centro Minerario. Non perdere questa occasione per vivere un\u2019esperienza educativa e emozionante nel cuore della Valle Imperina. Per maggiori informazioni e prenotazioni: <a class=\"\" href=\"http:\/\/www.centrominerariovalleimperina.it\" target=\"_new\" rel=\"noopener\" data-start=\"1143\" data-end=\"1178\" data-is-last-node=\"\">www.centrominerariovalleimperina.it<\/a><\/p>\n<p><strong>I PROMO ALLA RADIO<\/strong><\/p>\n<audio class=\"wp-audio-shortcode\" id=\"audio-453139-13\" preload=\"none\" style=\"width: 100%;\" controls=\"controls\"><source type=\"audio\/mpeg\" src=\"https:\/\/www.radiopiu.net\/wordpress\/wp-content\/uploads\/2025\/05\/alle-miniere-1.mp3?_=13\" \/><a href=\"https:\/\/www.radiopiu.net\/wordpress\/wp-content\/uploads\/2025\/05\/alle-miniere-1.mp3\">https:\/\/www.radiopiu.net\/wordpress\/wp-content\/uploads\/2025\/05\/alle-miniere-1.mp3<\/a><\/audio>\n<p>&nbsp;<\/p>\n<audio class=\"wp-audio-shortcode\" id=\"audio-453139-14\" preload=\"none\" style=\"width: 100%;\" controls=\"controls\"><source type=\"audio\/mpeg\" src=\"https:\/\/www.radiopiu.net\/wordpress\/wp-content\/uploads\/2025\/05\/alle-miniere-2-1.mp3?_=14\" \/><a href=\"https:\/\/www.radiopiu.net\/wordpress\/wp-content\/uploads\/2025\/05\/alle-miniere-2-1.mp3\">https:\/\/www.radiopiu.net\/wordpress\/wp-content\/uploads\/2025\/05\/alle-miniere-2-1.mp3<\/a><\/audio>\n<p>&nbsp;<\/p>\n<hr \/>\n<p>&nbsp;<\/p>\n<blockquote>\n<h3>APPUNTAMENTO IMPERDIBILE AL BAR DELLE BOCCE DI AGORDO: SABATO ARRIVANO I TIRATAIE<\/h3>\n<\/blockquote>\n<p><strong><a class=\"dt-pswp-item\" href=\"https:\/\/www.radiopiu.net\/wordpress\/wp-content\/uploads\/2025\/06\/TIRATAIE.jpg\" data-dt-img-description=\"\" data-large_image_width=\"1158\" data-large_image_height=\"800\"><img loading=\"lazy\" decoding=\"async\" class=\" wp-image-453273 alignleft\" src=\"https:\/\/www.radiopiu.net\/wordpress\/wp-content\/uploads\/2025\/06\/TIRATAIE-300x207.jpg\" alt=\"\" width=\"172\" height=\"118\" srcset=\"https:\/\/www.radiopiu.net\/wordpress\/wp-content\/uploads\/2025\/06\/TIRATAIE-300x207.jpg 300w, https:\/\/www.radiopiu.net\/wordpress\/wp-content\/uploads\/2025\/06\/TIRATAIE-1024x707.jpg 1024w, https:\/\/www.radiopiu.net\/wordpress\/wp-content\/uploads\/2025\/06\/TIRATAIE-768x531.jpg 768w, https:\/\/www.radiopiu.net\/wordpress\/wp-content\/uploads\/2025\/06\/TIRATAIE.jpg 1158w\" sizes=\"auto, (max-width: 172px) 100vw, 172px\" \/><\/a>AGORDO <\/strong>Prosegue con grande entusiasmo la festa estiva al Bar delle Bocce di Agordo, che sabato offre una serata imperdibile all\u2019insegna della musica e del buon cibo. Dalle ore 20, il palco sar\u00e0 animato dal concerto live dei Tirataie, la folk-band locale che promette di far scatenare il pubblico con le sue note coinvolgenti. Ma prima dell\u2019inizio del concerto, spazio al pre-concerto con le specialit\u00e0 culinarie di Sonia: gustosi arrosticini, panini onti, wurstel e birra a fiumi per soddisfare ogni palato e rendere la serata ancora pi\u00f9 piacevole. Il Bar delle Bocce invita tutti gli appassionati a prenotare il proprio tavolo per assicurarsi un posto in prima fila e vivere una serata all\u2019insegna della buona musica e della convivialit\u00e0. Per prenotazioni \u00e8 possibile chiamare il numero 344 1902405.<\/p>\n<p>&nbsp;<\/p>\n<p>&nbsp;<\/p>\n<p>&nbsp;<\/p>\n<hr \/>\n<p>&nbsp;<\/p>\n<blockquote>\n<h3>SAGRA DEL CAMPANOT 2025: TRENT\u2019ANNI DI TRADIZIONE, MUSICA E GASTRONOMIA ECO-SOSTENIBILE<\/h3>\n<\/blockquote>\n<p><strong><a class=\"dt-pswp-item\" href=\"https:\/\/www.radiopiu.net\/wordpress\/wp-content\/uploads\/2025\/06\/CAMPANOT-2025.jpg\" data-dt-img-description=\"\" data-large_image_width=\"818\" data-large_image_height=\"580\"><img loading=\"lazy\" decoding=\"async\" class=\" wp-image-453191 alignleft\" src=\"https:\/\/www.radiopiu.net\/wordpress\/wp-content\/uploads\/2025\/06\/CAMPANOT-2025-300x213.jpg\" alt=\"\" width=\"194\" height=\"138\" srcset=\"https:\/\/www.radiopiu.net\/wordpress\/wp-content\/uploads\/2025\/06\/CAMPANOT-2025-300x213.jpg 300w, https:\/\/www.radiopiu.net\/wordpress\/wp-content\/uploads\/2025\/06\/CAMPANOT-2025-768x545.jpg 768w, https:\/\/www.radiopiu.net\/wordpress\/wp-content\/uploads\/2025\/06\/CAMPANOT-2025.jpg 818w\" sizes=\"auto, (max-width: 194px) 100vw, 194px\" \/><\/a>BELLUNO <\/strong>Torna dal 20 al 29 giugno 2025 a Castion (Belluno) la 30\u00aa edizione della Sagra del Campanot, evento estivo tra i pi\u00f9 importanti del territorio, organizzato dalla Pro Loco Pieve Castionese. Riconosciuta \u201cSagra di qualit\u00e0\u201d e EcoSagra, promuove tradizione, cultura, gastronomia e sostenibilit\u00e0 con pratiche ambientali come stoviglie lavabili e raccolta differenziata. Il ricco programma prevede otto giorni di concerti con artisti come Gianmarco Bagutti, Punkreas e DJ, spettacoli per famiglie, mostre, tornei sportivi, visite guidate e attivit\u00e0 per bambini. Due giornate speciali sono dedicate ai pi\u00f9 piccoli e alla cultura tirolese. La sagra offre anche un\u2019ampia proposta gastronomica, con piatti tipici bellunesi, cucina vegetariana e vini locali. Il presidente Maurizio Fontanelle sottolinea l\u2019importanza di questo traguardo, frutto di 30 anni di volontariato e collaborazione.<\/p>\n<p>&nbsp;<\/p>\n<p>&nbsp;<\/p>\n<hr \/>\n<p>&nbsp;<\/p>\n<blockquote>\n<h3><a class=\"dt-pswp-item\" href=\"https:\/\/www.radiopiu.net\/wordpress\/wp-content\/uploads\/2025\/06\/1.png\" data-dt-img-description=\"\" data-large_image_width=\"1080\" data-large_image_height=\"1080\"><img loading=\"lazy\" decoding=\"async\" class=\" wp-image-452159 alignleft\" src=\"https:\/\/www.radiopiu.net\/wordpress\/wp-content\/uploads\/2025\/06\/1-300x300.png\" alt=\"\" width=\"164\" height=\"164\" srcset=\"https:\/\/www.radiopiu.net\/wordpress\/wp-content\/uploads\/2025\/06\/1-300x300.png 300w, https:\/\/www.radiopiu.net\/wordpress\/wp-content\/uploads\/2025\/06\/1-1024x1024.png 1024w, https:\/\/www.radiopiu.net\/wordpress\/wp-content\/uploads\/2025\/06\/1-150x150.png 150w, https:\/\/www.radiopiu.net\/wordpress\/wp-content\/uploads\/2025\/06\/1-768x768.png 768w, https:\/\/www.radiopiu.net\/wordpress\/wp-content\/uploads\/2025\/06\/1.png 1080w\" sizes=\"auto, (max-width: 164px) 100vw, 164px\" \/><\/a>IL GELATO DIVENTA GOURMET: SERATA DI DEGUSTAZIONE A LONGARONE<\/h3>\n<\/blockquote>\n<p><strong>LONGARONE <\/strong>La Pro Loco di Longarone presenta <strong>\u201cIl Gelato Gourmet\u201d<\/strong>, un evento culinario unico che si terr\u00e0 presso il Centro Culturale di Longarone. Protagonista della serata sar\u00e0 il gelato, presente in ogni portata del men\u00f9 degustativo ideato dallo chef Mauro Cavalet, in collaborazione con la Trattoria Oasi. L\u2019esperienza sar\u00e0 arricchita dalla conduzione di Annamaria Marta e dall\u2019accompagnamento musicale di Longarone Musica. Il costo \u00e8 di 43 euro, bevande incluse, con prenotazione entro il 12 giugno. I posti sono limitati. Per informazioni: 0437-770119 o <a href=\"mailto:info@prolocolongarone.it\">info@prolocolongarone.it<\/a>. Un\u2019occasione da non perdere per scoprire nuovi sapori in un\u2019atmosfera raffinata.<\/p>\n<p><a class=\"dt-pswp-item\" href=\"https:\/\/www.radiopiu.net\/wordpress\/wp-content\/uploads\/2022\/02\/MyRadioPiu_miaidea.png\" data-dt-img-description=\"\" data-large_image_width=\"483\" data-large_image_height=\"374\">\u200b<img loading=\"lazy\" decoding=\"async\" class=\" wp-image-325190 aligncenter\" src=\"https:\/\/www.radiopiu.net\/wordpress\/wp-content\/uploads\/2022\/02\/MyRadioPiu_miaidea-300x232.png\" alt=\"\" width=\"103\" height=\"80\" srcset=\"https:\/\/www.radiopiu.net\/wordpress\/wp-content\/uploads\/2022\/02\/MyRadioPiu_miaidea-300x232.png 300w, https:\/\/www.radiopiu.net\/wordpress\/wp-content\/uploads\/2022\/02\/MyRadioPiu_miaidea.png 483w\" sizes=\"auto, (max-width: 103px) 100vw, 103px\" \/><\/a><\/p>\n<p>&nbsp;<\/p>\n<hr \/>\n<p>&nbsp;<\/p>\n<blockquote>\n<h3><a class=\"dt-pswp-item\" href=\"https:\/\/www.radiopiu.net\/wordpress\/wp-content\/uploads\/2020\/10\/fiori-barp.png\" data-dt-img-description=\"\" data-large_image_width=\"334\" data-large_image_height=\"475\"><img loading=\"lazy\" decoding=\"async\" class=\" wp-image-164208 alignleft\" src=\"https:\/\/www.radiopiu.net\/wordpress\/wp-content\/uploads\/2020\/10\/fiori-barp-211x300.png\" alt=\"\" width=\"91\" height=\"129\" srcset=\"https:\/\/www.radiopiu.net\/wordpress\/wp-content\/uploads\/2020\/10\/fiori-barp-211x300.png 211w, https:\/\/www.radiopiu.net\/wordpress\/wp-content\/uploads\/2020\/10\/fiori-barp.png 334w\" sizes=\"auto, (max-width: 91px) 100vw, 91px\" \/><\/a>LA FESTA ARANCIONE DEL FIORI BARP<\/h3>\n<\/blockquote>\n<p><strong>SEDICO<\/strong><\/p>\n<p>DI ROBERTO BONA<\/p>\n<audio class=\"wp-audio-shortcode\" id=\"audio-453139-15\" preload=\"none\" style=\"width: 100%;\" controls=\"controls\"><source type=\"audio\/mpeg\" src=\"https:\/\/www.radiopiu.net\/wordpress\/wp-content\/uploads\/2025\/06\/gr-09-la-festa-arancione-del-fiori-barp-bona-SCADE-14-GIUGNO.mp3?_=15\" \/><a href=\"https:\/\/www.radiopiu.net\/wordpress\/wp-content\/uploads\/2025\/06\/gr-09-la-festa-arancione-del-fiori-barp-bona-SCADE-14-GIUGNO.mp3\">https:\/\/www.radiopiu.net\/wordpress\/wp-content\/uploads\/2025\/06\/gr-09-la-festa-arancione-del-fiori-barp-bona-SCADE-14-GIUGNO.mp3<\/a><\/audio>\n<p>&nbsp;<\/p>\n<p>&nbsp;<\/p>\n<hr \/>\n<p>&nbsp;<\/p>\n<blockquote>\n<h3><a class=\"dt-pswp-item\" href=\"https:\/\/www.radiopiu.net\/wordpress\/wp-content\/uploads\/2025\/06\/Locandina_eventi_Brasile-1.jpg\" data-dt-img-description=\"\" data-large_image_width=\"1190\" data-large_image_height=\"1683\"><img loading=\"lazy\" decoding=\"async\" class=\" wp-image-452816 alignleft\" src=\"https:\/\/www.radiopiu.net\/wordpress\/wp-content\/uploads\/2025\/06\/Locandina_eventi_Brasile-1-212x300.jpg\" alt=\"\" width=\"161\" height=\"228\" srcset=\"https:\/\/www.radiopiu.net\/wordpress\/wp-content\/uploads\/2025\/06\/Locandina_eventi_Brasile-1-212x300.jpg 212w, https:\/\/www.radiopiu.net\/wordpress\/wp-content\/uploads\/2025\/06\/Locandina_eventi_Brasile-1-724x1024.jpg 724w, https:\/\/www.radiopiu.net\/wordpress\/wp-content\/uploads\/2025\/06\/Locandina_eventi_Brasile-1-768x1086.jpg 768w, https:\/\/www.radiopiu.net\/wordpress\/wp-content\/uploads\/2025\/06\/Locandina_eventi_Brasile-1-1086x1536.jpg 1086w, https:\/\/www.radiopiu.net\/wordpress\/wp-content\/uploads\/2025\/06\/Locandina_eventi_Brasile-1.jpg 1190w\" sizes=\"auto, (max-width: 161px) 100vw, 161px\" \/><\/a>MIGRAZIONI, LINGUA E MEMORIA: TRE INCONTRI CULTURALI AL MUSEO ETNOGRAFICO DOLOMITI<\/h3>\n<\/blockquote>\n<p><strong>CESIOMAGGIORE <\/strong>Dal 13 giugno, il Museo Etnografico Dolomiti propone una rassegna di tre eventi dedicati all\u2019emigrazione italiana in Brasile, con focus sulla regione del Rio Grande Do Sul e sul patrimonio culturale delle comunit\u00e0 italo-brasiliane. La rassegna accompagna la mostra fotografica <em data-start=\"365\" data-end=\"401\">Brasile. Tra due mondi, una storia<\/em>, realizzata per i 150 anni dell\u2019emigrazione italiana in Brasile e curata dal fotografo italo-brasiliano Luis Tadeu Vilani. Il primo appuntamento, il 13 giugno, vedr\u00e0 lo storico Daniele Gazzi riflettere su 150 anni di emigrazione italiana. Il 27 giugno, la linguista Loredana Corr\u00e0 esplorer\u00e0 la lingua <em data-start=\"704\" data-end=\"712\">talian<\/em>, seguita dall\u2019antropologa Daniela Perco che approfondir\u00e0 le tradizioni orali italo-brasiliane. L\u2019evento conclusivo, il 4 luglio, sar\u00e0 la presentazione del romanzo <em data-start=\"876\" data-end=\"896\">Piero fa la Merica<\/em> con l\u2019autore Paolo Malaguti, che narra l\u2019esperienza migratoria dal Veneto al Brasile. Tutti gli incontri inizieranno alle ore 18.00.<\/p>\n<p>&nbsp;<\/p>\n<p>&nbsp;<\/p>\n<hr \/>\n<p>&nbsp;<\/p>\n<blockquote>\n<h3>IMMENSO BLU: UNA MOSTRA E UN FILM A CAMMINANDO FESTIVAL<\/h3>\n<\/blockquote>\n<p><strong><a class=\"dt-pswp-item\" href=\"https:\/\/www.radiopiu.net\/wordpress\/wp-content\/uploads\/2025\/06\/4-Via-nuova-Terzo-Paradiso-alla-Gateway-Ridge-Antartide-2020-foto-dellagnola-sanguineti-cavalli-7-scaled.jpg\" data-dt-img-description=\"\" data-large_image_width=\"2560\" data-large_image_height=\"1726\"><img loading=\"lazy\" decoding=\"async\" class=\" wp-image-453094 alignleft\" src=\"https:\/\/www.radiopiu.net\/wordpress\/wp-content\/uploads\/2025\/06\/4-Via-nuova-Terzo-Paradiso-alla-Gateway-Ridge-Antartide-2020-foto-dellagnola-sanguineti-cavalli-7-300x202.jpg\" alt=\"\" width=\"180\" height=\"121\" srcset=\"https:\/\/www.radiopiu.net\/wordpress\/wp-content\/uploads\/2025\/06\/4-Via-nuova-Terzo-Paradiso-alla-Gateway-Ridge-Antartide-2020-foto-dellagnola-sanguineti-cavalli-7-300x202.jpg 300w, https:\/\/www.radiopiu.net\/wordpress\/wp-content\/uploads\/2025\/06\/4-Via-nuova-Terzo-Paradiso-alla-Gateway-Ridge-Antartide-2020-foto-dellagnola-sanguineti-cavalli-7-1024x690.jpg 1024w, https:\/\/www.radiopiu.net\/wordpress\/wp-content\/uploads\/2025\/06\/4-Via-nuova-Terzo-Paradiso-alla-Gateway-Ridge-Antartide-2020-foto-dellagnola-sanguineti-cavalli-7-768x518.jpg 768w, https:\/\/www.radiopiu.net\/wordpress\/wp-content\/uploads\/2025\/06\/4-Via-nuova-Terzo-Paradiso-alla-Gateway-Ridge-Antartide-2020-foto-dellagnola-sanguineti-cavalli-7-1536x1035.jpg 1536w, https:\/\/www.radiopiu.net\/wordpress\/wp-content\/uploads\/2025\/06\/4-Via-nuova-Terzo-Paradiso-alla-Gateway-Ridge-Antartide-2020-foto-dellagnola-sanguineti-cavalli-7-2048x1381.jpg 2048w\" sizes=\"auto, (max-width: 180px) 100vw, 180px\" \/><\/a>BELLUNO<\/strong> La fotografia torna protagonista al Camminando Festival 2025 con <em data-start=\"65\" data-end=\"78\">Immenso Blu<\/em>, mostra che sar\u00e0 inaugurata domani alle 18:30 presso il Palazzo delle Contesse di Mel. Per la prima volta in Veneto, saranno esposte le spettacolari immagini scattate dal fotografo-alpinista Manrico Dell\u2019Agnola durante la spedizione Antartide 2020. Insieme a Gianluca Cavalli e Marcello Sanguineti, ha attraversato lo Stretto di Drake a bordo della Ice Bird per esplorare valli remote della Penisola Antartica. La mostra, arricchita dalla proiezione del docu-film omonimo, racconta l\u2019avventura tra ghiacciai e fauna selvatica e affronta i temi ambientali, grazie anche all\u2019intervento del ricercatore del CNR Jacopo Gabrieli.<\/p>\n<p>&nbsp;<\/p>\n<p>&nbsp;<\/p>\n<p>&nbsp;<\/p>\n<p>&nbsp;<\/p>\n<hr \/>\n<p>&nbsp;<\/p>\n<h1><span style=\"color: #ff6600;\">ALLA RADIO<\/span><\/h1>\n<h2><span style=\"color: #ff0000;\">OGGI COME IERI, TERZO ANNO. CON SILVIA BALDO<\/span><\/h2>\n<p><strong><a class=\"dt-pswp-item\" href=\"https:\/\/www.radiopiu.net\/wordpress\/wp-content\/uploads\/2025\/06\/LJAHGUH.jpg\" data-dt-img-description=\"\" data-large_image_width=\"717\" data-large_image_height=\"518\"><img loading=\"lazy\" decoding=\"async\" class=\" wp-image-453253 alignleft\" src=\"https:\/\/www.radiopiu.net\/wordpress\/wp-content\/uploads\/2025\/06\/LJAHGUH-300x217.jpg\" alt=\"\" width=\"170\" height=\"123\" srcset=\"https:\/\/www.radiopiu.net\/wordpress\/wp-content\/uploads\/2025\/06\/LJAHGUH-300x217.jpg 300w, https:\/\/www.radiopiu.net\/wordpress\/wp-content\/uploads\/2025\/06\/LJAHGUH.jpg 717w\" sizes=\"auto, (max-width: 170px) 100vw, 170px\" \/><\/a>10 GIUGNO 2025 L&#8217;INCIDENTE DI VERMICINO<\/strong><\/p>\n<audio class=\"wp-audio-shortcode\" id=\"audio-453139-16\" preload=\"none\" style=\"width: 100%;\" controls=\"controls\"><source type=\"audio\/mpeg\" src=\"https:\/\/www.radiopiu.net\/wordpress\/wp-content\/uploads\/2025\/06\/SIBI2-1.mp3?_=16\" \/><a href=\"https:\/\/www.radiopiu.net\/wordpress\/wp-content\/uploads\/2025\/06\/SIBI2-1.mp3\">https:\/\/www.radiopiu.net\/wordpress\/wp-content\/uploads\/2025\/06\/SIBI2-1.mp3<\/a><\/audio>\n<p>&nbsp;<\/p>\n<h1><strong>LA RACCOLTA COMPLETA <a href=\"https:\/\/www.radiopiu.net\/wordpress\/oggi-come-ieri-terzo-anno-con-silvia-baldo\/\"><span style=\"color: #3366ff;\">CLICCA QUI<\/span><\/a><\/strong><\/h1>\n<p>&nbsp;<\/p>\n<hr \/>\n<p>&nbsp;<\/p>\n<h2><span style=\"color: #ffcc00;\">&#8220;DINTORN E FORA VIA&#8221;\u00a0 IL PROGRAMMA\u00a0 A CURA DEL MUSLA <strong>\u00a0<\/strong><\/span><\/h2>\n<p><strong><a class=\"dt-pswp-item\" href=\"https:\/\/www.radiopiu.net\/wordpress\/wp-content\/uploads\/2020\/04\/giornali.jpg\" data-dt-img-description=\"\" data-large_image_width=\"1920\" data-large_image_height=\"1280\"><img loading=\"lazy\" decoding=\"async\" class=\" wp-image-126692 alignleft\" src=\"https:\/\/www.radiopiu.net\/wordpress\/wp-content\/uploads\/2020\/04\/giornali-300x200.jpg\" alt=\"\" width=\"176\" height=\"117\" srcset=\"https:\/\/www.radiopiu.net\/wordpress\/wp-content\/uploads\/2020\/04\/giornali-300x200.jpg 300w, https:\/\/www.radiopiu.net\/wordpress\/wp-content\/uploads\/2020\/04\/giornali-1024x683.jpg 1024w, https:\/\/www.radiopiu.net\/wordpress\/wp-content\/uploads\/2020\/04\/giornali-768x512.jpg 768w, https:\/\/www.radiopiu.net\/wordpress\/wp-content\/uploads\/2020\/04\/giornali-1536x1024.jpg 1536w, https:\/\/www.radiopiu.net\/wordpress\/wp-content\/uploads\/2020\/04\/giornali.jpg 1920w\" sizes=\"auto, (max-width: 176px) 100vw, 176px\" \/><\/a>PUNTATA DEL 10 GIUGNO 2025 MICHELA DELL&#8217;OSBEL<\/strong><\/p>\n<audio class=\"wp-audio-shortcode\" id=\"audio-453139-17\" preload=\"none\" style=\"width: 100%;\" controls=\"controls\"><source type=\"audio\/mpeg\" src=\"https:\/\/www.radiopiu.net\/wordpress\/wp-content\/uploads\/2025\/06\/MUSLA-2.mp3?_=17\" \/><a href=\"https:\/\/www.radiopiu.net\/wordpress\/wp-content\/uploads\/2025\/06\/MUSLA-2.mp3\">https:\/\/www.radiopiu.net\/wordpress\/wp-content\/uploads\/2025\/06\/MUSLA-2.mp3<\/a><\/audio>\n<p>&nbsp;<\/p>\n<h1><strong>LA RACCOLTA COMPLETA <a href=\"https:\/\/www.radiopiu.net\/wordpress\/musla\/\"><span style=\"color: #3366ff;\">CLICCA QUI<\/span><\/a><\/strong><\/h1>\n<p>&nbsp;<\/p>\n<hr \/>\n<p>&nbsp;<\/p>\n<h2><span style=\"color: #00ccff;\">FINE SETTIMANA DI FESTA A RIVAMONTE CON LA SAGRA DE SANT&#8217;ANTONI<\/span><\/h2>\n<p><strong><a class=\"dt-pswp-item\" href=\"https:\/\/www.radiopiu.net\/wordpress\/wp-content\/uploads\/2025\/06\/1a03dc4a-5a6e-418a-9e09-62952cf13995.jpg\" data-dt-img-description=\"\" data-large_image_width=\"1142\" data-large_image_height=\"1600\"><img loading=\"lazy\" decoding=\"async\" class=\" wp-image-453261 alignleft\" src=\"https:\/\/www.radiopiu.net\/wordpress\/wp-content\/uploads\/2025\/06\/1a03dc4a-5a6e-418a-9e09-62952cf13995-214x300.jpg\" alt=\"\" width=\"143\" height=\"200\" srcset=\"https:\/\/www.radiopiu.net\/wordpress\/wp-content\/uploads\/2025\/06\/1a03dc4a-5a6e-418a-9e09-62952cf13995-214x300.jpg 214w, https:\/\/www.radiopiu.net\/wordpress\/wp-content\/uploads\/2025\/06\/1a03dc4a-5a6e-418a-9e09-62952cf13995-731x1024.jpg 731w, https:\/\/www.radiopiu.net\/wordpress\/wp-content\/uploads\/2025\/06\/1a03dc4a-5a6e-418a-9e09-62952cf13995-768x1076.jpg 768w, https:\/\/www.radiopiu.net\/wordpress\/wp-content\/uploads\/2025\/06\/1a03dc4a-5a6e-418a-9e09-62952cf13995-1096x1536.jpg 1096w, https:\/\/www.radiopiu.net\/wordpress\/wp-content\/uploads\/2025\/06\/1a03dc4a-5a6e-418a-9e09-62952cf13995.jpg 1142w\" sizes=\"auto, (max-width: 143px) 100vw, 143px\" \/><\/a>DI MIRKO MEZZACASA<\/strong><\/p>\n<p>OSPITE: Giacomo Bressan, presidente della Pro Loco Rivamonte<\/p>\n<audio class=\"wp-audio-shortcode\" id=\"audio-453139-18\" preload=\"none\" style=\"width: 100%;\" controls=\"controls\"><source type=\"audio\/mpeg\" src=\"https:\/\/www.radiopiu.net\/wordpress\/wp-content\/uploads\/2025\/06\/GIACOMO-BRESSAN-PROLOCO-2025-RIVAMONET.mp3?_=18\" \/><a href=\"https:\/\/www.radiopiu.net\/wordpress\/wp-content\/uploads\/2025\/06\/GIACOMO-BRESSAN-PROLOCO-2025-RIVAMONET.mp3\">https:\/\/www.radiopiu.net\/wordpress\/wp-content\/uploads\/2025\/06\/GIACOMO-BRESSAN-PROLOCO-2025-RIVAMONET.mp3<\/a><\/audio>\n<p>&nbsp;<\/p>\n<hr \/>\n<p>&nbsp;<\/p>\n<h2><span style=\"color: #993300;\">ACCOGLIENZA TURISTICA E GRANDI EVENTI: LA SETTIMANA ALLA RADIO<\/span><\/h2>\n<p><strong>REDAZIONE\u00a0<\/strong>La settimana dell&#8217;accoglienza al gruppo Fontana Ivo Far 1951. Una due giorni con esperti, relazioni, suggerimenti.<\/p>\n<p><strong>MARTEDI &#8211; <\/strong><strong>ADOLFO BORTOLUZZI GRUPPO ECONET DOLOMITI<\/strong><\/p>\n<p><iframe loading=\"lazy\" title=\"Adolfo Bortoluzzi   Gruppo EcoNet Dolomiti\" width=\"1200\" height=\"675\" src=\"https:\/\/www.youtube.com\/embed\/q3l9PyRTRmo?feature=oembed\" frameborder=\"0\" allow=\"accelerometer; autoplay; clipboard-write; encrypted-media; gyroscope; picture-in-picture; web-share\" referrerpolicy=\"strict-origin-when-cross-origin\" allowfullscreen><\/iframe><\/p>\n<p>&nbsp;<\/p>\n<h1><strong>LA RACCOLTA COMPLETA <a href=\"https:\/\/www.radiopiu.net\/wordpress\/accoglienza-turistica-e-grandi-eventi-la-settimana-alla-radio-martedi\/\"><span style=\"color: #3366ff;\">CLICCA QUI<\/span><\/a><\/strong><\/h1>\n<p>&nbsp;<\/p>\n<hr \/>\n<p>&nbsp;<\/p>\n<blockquote class=\"wp-embedded-content\" data-secret=\"XB5W5z5U8S\"><p><a href=\"https:\/\/www.radiopiu.net\/wordpress\/archivio-giuliano-laveder-2013-lom-salvarech-in-valle-imperina-the-original\/\">ARCHIVIO GIULIANO LAVEDER&#8230; 2013  L&#8217;OM SALVARECH IN VALLE IMPERINA &#8220;THE ORIGINAL&#8221;<\/a><\/p><\/blockquote>\n<p><iframe loading=\"lazy\" class=\"wp-embedded-content\" sandbox=\"allow-scripts\" security=\"restricted\" style=\"position: absolute; visibility: hidden;\" title=\"&#8220;ARCHIVIO GIULIANO LAVEDER&#8230; 2013  L&#8217;OM SALVARECH IN VALLE IMPERINA &#8220;THE ORIGINAL&#8221;&#8221; &#8212; Radio Pi\u00f9\" src=\"https:\/\/www.radiopiu.net\/wordpress\/archivio-giuliano-laveder-2013-lom-salvarech-in-valle-imperina-the-original\/embed\/#?secret=k2P4UoRfd6#?secret=XB5W5z5U8S\" data-secret=\"XB5W5z5U8S\" width=\"600\" height=\"338\" frameborder=\"0\" marginwidth=\"0\" marginheight=\"0\" scrolling=\"no\"><\/iframe><\/p>\n<p>&nbsp;<\/p>\n<hr \/>\n<p>&nbsp;<\/p>\n<h2><span style=\"color: #ff0000;\"><a class=\"dt-pswp-item\" href=\"https:\/\/www.radiopiu.net\/wordpress\/wp-content\/uploads\/2018\/09\/appuntamenti.jpeg\" data-dt-img-description=\"\" data-large_image_width=\"800\" data-large_image_height=\"100\"><img loading=\"lazy\" decoding=\"async\" class=\"wp-image-61958 size-full aligncenter\" src=\"https:\/\/www.radiopiu.net\/wordpress\/wp-content\/uploads\/2018\/09\/appuntamenti.jpeg\" alt=\"\" width=\"800\" height=\"100\" srcset=\"https:\/\/www.radiopiu.net\/wordpress\/wp-content\/uploads\/2018\/09\/appuntamenti.jpeg 800w, https:\/\/www.radiopiu.net\/wordpress\/wp-content\/uploads\/2018\/09\/appuntamenti-300x38.jpeg 300w, https:\/\/www.radiopiu.net\/wordpress\/wp-content\/uploads\/2018\/09\/appuntamenti-768x96.jpeg 768w\" sizes=\"auto, (max-width: 800px) 100vw, 800px\" \/><\/a><\/span><\/h2>\n<p>&nbsp;<\/p>\n<div>\n<div class=\"\" dir=\"auto\">\n<div id=\":r9h:\" class=\"x1iorvi4 x1pi30zi x1l90r2v x1swvt13\" data-ad-comet-preview=\"message\" data-ad-preview=\"message\">\n<div class=\"\" dir=\"auto\">\n<div id=\":r9h:\" class=\"x1iorvi4 x1pi30zi x1l90r2v x1swvt13\" data-ad-comet-preview=\"message\" data-ad-preview=\"message\">\n<div class=\"\" dir=\"auto\">\n<div id=\":r9h:\" class=\"x1iorvi4 x1pi30zi x1l90r2v x1swvt13\" data-ad-comet-preview=\"message\" data-ad-preview=\"message\">\n<div class=\"\" dir=\"auto\">\n<div id=\":r9h:\" class=\"x1iorvi4 x1pi30zi x1l90r2v x1swvt13\" data-ad-comet-preview=\"message\" data-ad-preview=\"message\">\n<div>\n<div class=\"\" dir=\"auto\">\n<div id=\":r9h:\" class=\"x1iorvi4 x1pi30zi x1l90r2v x1swvt13\" data-ad-comet-preview=\"message\" data-ad-preview=\"message\">\n<div>\n<div class=\"\" dir=\"auto\">\n<div id=\":r9h:\" class=\"x1iorvi4 x1pi30zi x1l90r2v x1swvt13\" data-ad-comet-preview=\"message\" data-ad-preview=\"message\">\n<div class=\"xdj266r x11i5rnm xat24cr x1mh8g0r x1vvkbs x126k92a\">\n<div dir=\"auto\">\n<div style=\"width: 1200px;\" class=\"wp-video\"><video class=\"wp-video-shortcode\" id=\"video-453139-1\" width=\"1200\" height=\"675\" preload=\"metadata\" controls=\"controls\"><source type=\"video\/mp4\" src=\"https:\/\/www.radiopiu.net\/wordpress\/wp-content\/uploads\/2025\/06\/WhatsApp-Video-2025-06-06-at-17.01.07.mp4?_=1\" \/><a href=\"https:\/\/www.radiopiu.net\/wordpress\/wp-content\/uploads\/2025\/06\/WhatsApp-Video-2025-06-06-at-17.01.07.mp4\">https:\/\/www.radiopiu.net\/wordpress\/wp-content\/uploads\/2025\/06\/WhatsApp-Video-2025-06-06-at-17.01.07.mp4<\/a><\/video><\/div>\n<p>&nbsp;<\/p>\n<\/div>\n<\/div>\n<div>\n<div class=\"\" dir=\"auto\">\n<div id=\":r9h:\" class=\"x1iorvi4 x1pi30zi x1l90r2v x1swvt13\" data-ad-comet-preview=\"message\" data-ad-preview=\"message\">\n<div>\n<div class=\"\" dir=\"auto\">\n<div id=\":r9h:\" class=\"x1iorvi4 x1pi30zi x1l90r2v x1swvt13\" data-ad-comet-preview=\"message\" data-ad-preview=\"message\">\n\n\t\t\t<style type='text\/css'>\n\t\t\t\t#gallery-6 {\n\t\t\t\t\tmargin: auto;\n\t\t\t\t}\n\t\t\t\t#gallery-6 .gallery-item {\n\t\t\t\t\tfloat: left;\n\t\t\t\t\tmargin-top: 10px;\n\t\t\t\t\ttext-align: center;\n\t\t\t\t\twidth: 25%;\n\t\t\t\t}\n\t\t\t\t#gallery-6 img {\n\t\t\t\t\tborder: 2px solid #cfcfcf;\n\t\t\t\t}\n\t\t\t\t#gallery-6 .gallery-caption {\n\t\t\t\t\tmargin-left: 0;\n\t\t\t\t}\n\t\t\t\t\/* see gallery_shortcode() in wp-includes\/media.php *\/\n\t\t\t<\/style>\n\t\t<div id='gallery-6' class='dt-gallery-container gallery galleryid-453139 gallery-columns-4 gallery-size-thumbnail'><dl class='gallery-item'>\n\t\t\t\t<dt class='gallery-icon portrait'>\n\t\t\t\t\t<a class=\"rollover rollover-zoom dt-pswp-item\" title=\"miniere sunset 11 giugno 25\" data-dt-img-description=\"\" data-large_image_width=\"1080\" data-large_image_height=\"1350\"href='https:\/\/www.radiopiu.net\/wordpress\/wp-content\/uploads\/2025\/06\/miniere-sunset-11-giugno-25.png'><img loading=\"lazy\" decoding=\"async\" width=\"150\" height=\"150\" src=\"https:\/\/www.radiopiu.net\/wordpress\/wp-content\/uploads\/2025\/06\/miniere-sunset-11-giugno-25-150x150.png\" class=\"attachment-thumbnail size-thumbnail\" alt=\"\" \/><\/a>\n\t\t\t\t<\/dt><\/dl><dl class='gallery-item'>\n\t\t\t\t<dt class='gallery-icon portrait'>\n\t\t\t\t\t<a class=\"rollover rollover-zoom dt-pswp-item\" title=\"Locandina mostra gagliardetti radioe tv\" data-dt-img-description=\"\" data-large_image_width=\"1052\" data-large_image_height=\"1488\"href='https:\/\/www.radiopiu.net\/wordpress\/wp-content\/uploads\/2025\/05\/Locandina-mostra-gagliardetti-radioe-tv.jpg'><img loading=\"lazy\" decoding=\"async\" width=\"150\" height=\"150\" src=\"https:\/\/www.radiopiu.net\/wordpress\/wp-content\/uploads\/2025\/05\/Locandina-mostra-gagliardetti-radioe-tv-150x150.jpg\" class=\"attachment-thumbnail size-thumbnail\" alt=\"\" \/><\/a>\n\t\t\t\t<\/dt><\/dl><dl class='gallery-item'>\n\t\t\t\t<dt class='gallery-icon portrait'>\n\t\t\t\t\t<a class=\"rollover rollover-zoom dt-pswp-item\" title=\"ARSON\" data-dt-img-description=\"\" data-large_image_width=\"841\" data-large_image_height=\"1190\"href='https:\/\/www.radiopiu.net\/wordpress\/wp-content\/uploads\/2025\/05\/ARSON.jpg'><img loading=\"lazy\" decoding=\"async\" width=\"150\" height=\"150\" src=\"https:\/\/www.radiopiu.net\/wordpress\/wp-content\/uploads\/2025\/05\/ARSON-150x150.jpg\" class=\"attachment-thumbnail size-thumbnail\" alt=\"\" \/><\/a>\n\t\t\t\t<\/dt><\/dl><dl class='gallery-item'>\n\t\t\t\t<dt class='gallery-icon portrait'>\n\t\t\t\t\t<a class=\"rollover rollover-zoom dt-pswp-item\" title=\"d1498b2b-b7bf-4f97-a860-cfdab4895bad\" data-dt-img-description=\"\" data-large_image_width=\"1127\" data-large_image_height=\"1600\"href='https:\/\/www.radiopiu.net\/wordpress\/wp-content\/uploads\/2025\/05\/d1498b2b-b7bf-4f97-a860-cfdab4895bad.jpg'><img loading=\"lazy\" decoding=\"async\" width=\"150\" height=\"150\" src=\"https:\/\/www.radiopiu.net\/wordpress\/wp-content\/uploads\/2025\/05\/d1498b2b-b7bf-4f97-a860-cfdab4895bad-150x150.jpg\" class=\"attachment-thumbnail size-thumbnail\" alt=\"\" \/><\/a>\n\t\t\t\t<\/dt><\/dl><br style=\"clear: both\" \/><dl class='gallery-item'>\n\t\t\t\t<dt class='gallery-icon portrait'>\n\t\t\t\t\t<a class=\"rollover rollover-zoom dt-pswp-item\" title=\"47206401-ad67-496b-80c6-4e9e2f24ffdf\" data-dt-img-description=\"\" data-large_image_width=\"1158\" data-large_image_height=\"1600\"href='https:\/\/www.radiopiu.net\/wordpress\/wp-content\/uploads\/2025\/05\/47206401-ad67-496b-80c6-4e9e2f24ffdf.jpg'><img loading=\"lazy\" decoding=\"async\" width=\"150\" height=\"150\" src=\"https:\/\/www.radiopiu.net\/wordpress\/wp-content\/uploads\/2025\/05\/47206401-ad67-496b-80c6-4e9e2f24ffdf-150x150.jpg\" class=\"attachment-thumbnail size-thumbnail\" alt=\"\" \/><\/a>\n\t\t\t\t<\/dt><\/dl><dl class='gallery-item'>\n\t\t\t\t<dt class='gallery-icon portrait'>\n\t\t\t\t\t<a class=\"rollover rollover-zoom dt-pswp-item\" title=\"Locandina_eventi_Brasile (1)\" data-dt-img-description=\"\" data-large_image_width=\"1190\" data-large_image_height=\"1683\"href='https:\/\/www.radiopiu.net\/wordpress\/wp-content\/uploads\/2025\/06\/Locandina_eventi_Brasile-1.jpg'><img loading=\"lazy\" decoding=\"async\" width=\"150\" height=\"150\" src=\"https:\/\/www.radiopiu.net\/wordpress\/wp-content\/uploads\/2025\/06\/Locandina_eventi_Brasile-1-150x150.jpg\" class=\"attachment-thumbnail size-thumbnail\" alt=\"\" \/><\/a>\n\t\t\t\t<\/dt><\/dl><dl class='gallery-item'>\n\t\t\t\t<dt class='gallery-icon portrait'>\n\t\t\t\t\t<a class=\"rollover rollover-zoom dt-pswp-item\" title=\"Locandina Sagra di San Giovanni 2025\" data-dt-img-description=\"\" data-large_image_width=\"814\" data-large_image_height=\"1600\"href='https:\/\/www.radiopiu.net\/wordpress\/wp-content\/uploads\/2025\/06\/Locandina-Sagra-di-San-Giovanni-2025.jpg'><img loading=\"lazy\" decoding=\"async\" width=\"150\" height=\"150\" src=\"https:\/\/www.radiopiu.net\/wordpress\/wp-content\/uploads\/2025\/06\/Locandina-Sagra-di-San-Giovanni-2025-150x150.jpg\" class=\"attachment-thumbnail size-thumbnail\" alt=\"\" \/><\/a>\n\t\t\t\t<\/dt><\/dl><dl class='gallery-item'>\n\t\t\t\t<dt class='gallery-icon portrait'>\n\t\t\t\t\t<a class=\"rollover rollover-zoom dt-pswp-item\" title=\"17a1fc42-3517-41bb-8a12-ddda5bfbb98c\" data-dt-img-description=\"\" data-large_image_width=\"1000\" data-large_image_height=\"1401\"href='https:\/\/www.radiopiu.net\/wordpress\/wp-content\/uploads\/2025\/06\/17a1fc42-3517-41bb-8a12-ddda5bfbb98c.jpg'><img loading=\"lazy\" decoding=\"async\" width=\"150\" height=\"150\" src=\"https:\/\/www.radiopiu.net\/wordpress\/wp-content\/uploads\/2025\/06\/17a1fc42-3517-41bb-8a12-ddda5bfbb98c-150x150.jpg\" class=\"attachment-thumbnail size-thumbnail\" alt=\"\" \/><\/a>\n\t\t\t\t<\/dt><\/dl><br style=\"clear: both\" \/><dl class='gallery-item'>\n\t\t\t\t<dt class='gallery-icon portrait'>\n\t\t\t\t\t<a class=\"rollover rollover-zoom dt-pswp-item\" title=\"a26d42f4-7856-45f7-91cd-7ae0cfe04108\" data-dt-img-description=\"\" data-large_image_width=\"1131\" data-large_image_height=\"1600\"href='https:\/\/www.radiopiu.net\/wordpress\/wp-content\/uploads\/2025\/06\/a26d42f4-7856-45f7-91cd-7ae0cfe04108.jpg'><img loading=\"lazy\" decoding=\"async\" width=\"150\" height=\"150\" src=\"https:\/\/www.radiopiu.net\/wordpress\/wp-content\/uploads\/2025\/06\/a26d42f4-7856-45f7-91cd-7ae0cfe04108-150x150.jpg\" class=\"attachment-thumbnail size-thumbnail\" alt=\"\" \/><\/a>\n\t\t\t\t<\/dt><\/dl>\n\t\t\t\t<br style='clear: both' \/>\n\t\t\t<\/div>\n\n<p>&nbsp;<\/p>\n<\/div>\n<\/div>\n<\/div>\n<\/div>\n<\/div>\n<\/div>\n<\/div>\n<\/div>\n<\/div>\n<\/div>\n<\/div>\n<\/div>\n<\/div>\n<\/div>\n<\/div>\n<\/div>\n<\/div>\n<\/div>\n<\/div>\n<\/div>\n<\/div>\n<div>\n<div class=\"\" dir=\"auto\">\n<div id=\":r9h:\" class=\"x1iorvi4 x1pi30zi x1l90r2v x1swvt13\" data-ad-comet-preview=\"message\" data-ad-preview=\"message\">\n<div class=\"\" dir=\"auto\">\n<div id=\":r9h:\" class=\"x1iorvi4 x1pi30zi x1l90r2v x1swvt13\" data-ad-comet-preview=\"message\" data-ad-preview=\"message\">\n<div class=\"\" dir=\"auto\">\n<div id=\":r9h:\" class=\"x1iorvi4 x1pi30zi x1l90r2v x1swvt13\" data-ad-comet-preview=\"message\" data-ad-preview=\"message\">\n<div class=\"\" dir=\"auto\">\n<div id=\":r9h:\" class=\"x1iorvi4 x1pi30zi x1l90r2v x1swvt13\" data-ad-comet-preview=\"message\" data-ad-preview=\"message\">\n<div>\n<div class=\"\" dir=\"auto\">\n<div id=\":r9h:\" class=\"x1iorvi4 x1pi30zi x1l90r2v x1swvt13\" data-ad-comet-preview=\"message\" data-ad-preview=\"message\">\n<div>\n<div class=\"\" dir=\"auto\">\n<div id=\":r9h:\" class=\"x1iorvi4 x1pi30zi x1l90r2v x1swvt13\" data-ad-comet-preview=\"message\" data-ad-preview=\"message\">\n<div class=\"xdj266r x11i5rnm xat24cr x1mh8g0r x1vvkbs x126k92a\">\n<div dir=\"auto\"><\/div>\n<\/div>\n<div>\n<div class=\"\" dir=\"auto\">\n<div id=\":r9h:\" class=\"x1iorvi4 x1pi30zi x1l90r2v x1swvt13\" data-ad-comet-preview=\"message\" data-ad-preview=\"message\">\n<div>\n<div class=\"\" dir=\"auto\">\n<div id=\":r9h:\" class=\"x1iorvi4 x1pi30zi x1l90r2v x1swvt13\" data-ad-comet-preview=\"message\" data-ad-preview=\"message\">\n<p>&nbsp;<\/p>\n<hr \/>\n<p>&nbsp;<\/p>\n<\/div>\n<\/div>\n<\/div>\n<\/div>\n<\/div>\n<\/div>\n<\/div>\n<\/div>\n<\/div>\n<\/div>\n<\/div>\n<\/div>\n<\/div>\n<\/div>\n<\/div>\n<\/div>\n<\/div>\n<\/div>\n<\/div>\n<\/div>\n<\/div>\n<p class=\"mceTemp\"><a class=\"dt-pswp-item\" href=\"https:\/\/www.radiopiu.net\/wordpress\/wp-content\/uploads\/2018\/09\/WhatsApp-Image-2018-09-20-at-16.04.06.jpeg\" data-dt-img-description=\"\" data-large_image_width=\"800\" data-large_image_height=\"100\"><img loading=\"lazy\" decoding=\"async\" class=\"wp-image-61378 size-full aligncenter\" src=\"https:\/\/www.radiopiu.net\/wordpress\/wp-content\/uploads\/2018\/09\/WhatsApp-Image-2018-09-20-at-16.04.06.jpeg\" alt=\"\" width=\"800\" height=\"100\" srcset=\"https:\/\/www.radiopiu.net\/wordpress\/wp-content\/uploads\/2018\/09\/WhatsApp-Image-2018-09-20-at-16.04.06.jpeg 800w, https:\/\/www.radiopiu.net\/wordpress\/wp-content\/uploads\/2018\/09\/WhatsApp-Image-2018-09-20-at-16.04.06-300x38.jpeg 300w, https:\/\/www.radiopiu.net\/wordpress\/wp-content\/uploads\/2018\/09\/WhatsApp-Image-2018-09-20-at-16.04.06-768x96.jpeg 768w\" sizes=\"auto, (max-width: 800px) 100vw, 800px\" \/><\/a><\/p>\n<p><center><\/center><center><\/center>&nbsp;<\/p>\n<p><center><b>OGGI<\/b><\/center>Tempo ben soleggiato specie al mattino, salvo qualche nube bassa nelle ore fredde, in veloce dissolvimento dopo l&#8217;alba, tendente in seguito a divenire parzialmente soleggiato per una modesta attivit\u00e0 cumuliforme nelle ore pi\u00f9 calde.<br \/>\n<b>Precipitazioni: <\/b>Al mattino assenti; nel pomeriggio non del tutto esclusi brevi fenomeni occasionali, pioviggini o piovaschi (10%) specie a ridosso dei pendii.<br \/>\n<b>Temperature: <\/b>In ulteriore lieve aumento con un&#8217;elevata escursione termica giornaliere nelle valli e altipiani in un contesto termico che si mantiene tipicamente estivo.<\/p>\n<hr \/>\n<p><center><b>DOMANI<\/b><\/center>Come nei giorni precedenti, al mattino soleggiato, poi parziale riduzione del soleggiamento per una modesta attivit\u00e0 cumuliforme nelle ore pi\u00f9 calde eventualmente associata a qualche occasionale e breve fenomeno di calore.<br \/>\n<b>Precipitazioni: <\/b>Generalmente assenti, salvo una probabilit\u00e0 molto bassa di qualche isolato piovasco\/pioviggine a ridosso dei pendii.<br \/>\n<b>Temperature: <\/b>Stazionarie o in ulteriore lieve aumento e superiori alla norma<\/p>\n<hr \/>\n<p><center><b>VENERDI<\/b><\/center>Situazione meteorologica pressoch\u00e9 invariata, con tempo generalmente ben soleggiato al mattino, con la tendenza a divenire parzialmente soleggiato nelle ore calde per una lieve attivit\u00e0 cumuliforme associata a scarsi fenomeni o del tutto assenti. Clima estivo con temperature stazionarie o in ulteriore lieve aumento e superiori alla norma.<\/p>\n<hr \/>\n<p><center><b>SABATO<\/b><\/center>Ancora una mattinata ben soleggiata e stabile, con la tendenza a divenire parzialmente soleggiata nelle ore calde per una lieve attivit\u00e0 cumuliforme associata a qualche locale fenomeno, un po&#8217; pi\u00f9 probabile rispetto ai giorni prima. Clima estivo con temperature stazionarie o in ulteriore lieve aumento e superiori alla norma<\/p>\n<p>&nbsp;<\/p>\n<hr \/>\n<p>&nbsp;<\/p>\n<p class=\"mceTemp\"><a class=\"dt-pswp-item\" href=\"https:\/\/www.radiopiu.net\/wordpress\/wp-content\/uploads\/2018\/09\/sport.jpg\" data-dt-img-description=\"\" data-large_image_width=\"800\" data-large_image_height=\"100\"><img loading=\"lazy\" decoding=\"async\" class=\"aligncenter wp-image-60761 size-full\" src=\"https:\/\/www.radiopiu.net\/wordpress\/wp-content\/uploads\/2018\/09\/sport.jpg\" alt=\"\" width=\"800\" height=\"100\" srcset=\"https:\/\/www.radiopiu.net\/wordpress\/wp-content\/uploads\/2018\/09\/sport.jpg 800w, https:\/\/www.radiopiu.net\/wordpress\/wp-content\/uploads\/2018\/09\/sport-300x38.jpg 300w, https:\/\/www.radiopiu.net\/wordpress\/wp-content\/uploads\/2018\/09\/sport-768x96.jpg 768w\" sizes=\"auto, (max-width: 800px) 100vw, 800px\" \/> <\/a><\/p>\n<p class=\"mceTemp\"><span style=\"color: #0000ff;\"><strong>\u00a0 \u00a0 \u00a0 \u00a0 \u00a0 \u00a0 \u00a0\u00a0<\/strong><\/span><\/p>\n<p><strong><span style=\"color: #0000ff;\">BASKET<\/span><\/strong><\/p>\n<blockquote>\n<h3>TORNA A DOMEGGE LA NAZIONALE UNDER 20 DI BASKET<\/h3>\n<\/blockquote>\n<p><a class=\"dt-pswp-item\" href=\"https:\/\/www.radiopiu.net\/wordpress\/wp-content\/uploads\/2025\/06\/Torresani_ITA_SLO_Domegge2024.jpg\" data-dt-img-description=\"\" data-large_image_width=\"1024\" data-large_image_height=\"683\"><img loading=\"lazy\" decoding=\"async\" class=\" wp-image-453222 alignleft\" src=\"https:\/\/www.radiopiu.net\/wordpress\/wp-content\/uploads\/2025\/06\/Torresani_ITA_SLO_Domegge2024-300x200.jpg\" alt=\"\" width=\"183\" height=\"122\" srcset=\"https:\/\/www.radiopiu.net\/wordpress\/wp-content\/uploads\/2025\/06\/Torresani_ITA_SLO_Domegge2024-300x200.jpg 300w, https:\/\/www.radiopiu.net\/wordpress\/wp-content\/uploads\/2025\/06\/Torresani_ITA_SLO_Domegge2024-768x512.jpg 768w, https:\/\/www.radiopiu.net\/wordpress\/wp-content\/uploads\/2025\/06\/Torresani_ITA_SLO_Domegge2024.jpg 1024w\" sizes=\"auto, (max-width: 183px) 100vw, 183px\" \/><\/a>Torna il grande basket internazionale in Cadore per la\u00a023\u00aa edizione del Torneo \u201cMemorial Vigilio De Silvestro \u2013 Trofeo Bepi Meneghin\u201d\u00a0in programma al palazzetto Mario Cian Toma di Domegge (BL) dal\u00a027\u00a0al 29 giugno, e che vedr\u00e0 la partecipazione delle\u00a0Nazionali Under 20 di\u00a0Italia,\u00a0della Grecia medaglia di bronzo agli Europei U20 2024, della\u00a0Germania\u00a0e dell\u2019emergente Romania. Gli azzurrini di coach Alessandro Rossi, da poco nominato capo allenatore della Nutribullet Treviso, effettueranno a Domegge la prima parte del ritiro e il\u00a0\u201cMemorial Vigilio De Silvestro \u2013 Trofeo Bepi Meneghin\u201d\u00a0sar\u00e0 il primo test\u00a0per Torresani e compagni in vista dei\u00a0Campionati\u00a0Europei U20\u00a0in programma a Creta (Grecia) dal 12 al 20 luglio.<\/p>\n<p>&nbsp;<\/p>\n<p><span style=\"color: #0000ff;\"><strong>CALCIO<\/strong><\/span><\/p>\n<blockquote>\n<h3>MUNDIALITO 2025 A BELLUNO: TORNA IL TORNEO DI CALCIO INTERNAZIONALE CON NOVIT\u00c0<\/h3>\n<\/blockquote>\n<p><strong><a class=\"dt-pswp-item\" href=\"https:\/\/www.radiopiu.net\/wordpress\/wp-content\/uploads\/2025\/06\/704bb925-0a67-4513-91ba-412d506794d3.jpg\" data-dt-img-description=\"\" data-large_image_width=\"1179\" data-large_image_height=\"1720\"><img loading=\"lazy\" decoding=\"async\" class=\" wp-image-453246 alignleft\" src=\"https:\/\/www.radiopiu.net\/wordpress\/wp-content\/uploads\/2025\/06\/704bb925-0a67-4513-91ba-412d506794d3-206x300.jpg\" alt=\"\" width=\"111\" height=\"162\" srcset=\"https:\/\/www.radiopiu.net\/wordpress\/wp-content\/uploads\/2025\/06\/704bb925-0a67-4513-91ba-412d506794d3-206x300.jpg 206w, https:\/\/www.radiopiu.net\/wordpress\/wp-content\/uploads\/2025\/06\/704bb925-0a67-4513-91ba-412d506794d3-702x1024.jpg 702w, https:\/\/www.radiopiu.net\/wordpress\/wp-content\/uploads\/2025\/06\/704bb925-0a67-4513-91ba-412d506794d3-768x1120.jpg 768w, https:\/\/www.radiopiu.net\/wordpress\/wp-content\/uploads\/2025\/06\/704bb925-0a67-4513-91ba-412d506794d3-1053x1536.jpg 1053w, https:\/\/www.radiopiu.net\/wordpress\/wp-content\/uploads\/2025\/06\/704bb925-0a67-4513-91ba-412d506794d3.jpg 1179w\" sizes=\"auto, (max-width: 111px) 100vw, 111px\" \/><\/a>BELLUNO<\/strong> Torna a Belluno nel fine settimana per la terza edizione il Mundialito, il torneo di calcio che vede sfidarsi le diverse nazionalit\u00e0 presenti in provincia. Edizione 2025 con qualche novit\u00e0 tra le formazioni in campo.<\/p>\n<p><strong>DI DANIELE DALVIT<\/strong><\/p>\n<audio class=\"wp-audio-shortcode\" id=\"audio-453139-19\" preload=\"none\" style=\"width: 100%;\" controls=\"controls\"><source type=\"audio\/mpeg\" src=\"https:\/\/www.radiopiu.net\/wordpress\/wp-content\/uploads\/2025\/06\/Servizio-Mundialito-2025.mp3?_=19\" \/><a href=\"https:\/\/www.radiopiu.net\/wordpress\/wp-content\/uploads\/2025\/06\/Servizio-Mundialito-2025.mp3\">https:\/\/www.radiopiu.net\/wordpress\/wp-content\/uploads\/2025\/06\/Servizio-Mundialito-2025.mp3<\/a><\/audio>\n<p>&nbsp;<\/p>\n<p><span style=\"color: #0000ff;\"><strong>NUOTO<\/strong><\/span><\/p>\n<blockquote>\n<h3>\u201cTROFEO CASTAGNETTI\u201d: TRE PODI PER LA SPORTIVAMENTE BELLUNO<\/h3>\n<\/blockquote>\n<p><strong><a class=\"dt-pswp-item\" href=\"https:\/\/www.radiopiu.net\/wordpress\/wp-content\/uploads\/2025\/06\/Secondo_posto_per_Nerviani.jpg\" data-dt-img-description=\"\" data-large_image_width=\"480\" data-large_image_height=\"429\"><img loading=\"lazy\" decoding=\"async\" class=\" wp-image-453267 alignleft\" src=\"https:\/\/www.radiopiu.net\/wordpress\/wp-content\/uploads\/2025\/06\/Secondo_posto_per_Nerviani-300x268.jpg\" alt=\"\" width=\"160\" height=\"143\" srcset=\"https:\/\/www.radiopiu.net\/wordpress\/wp-content\/uploads\/2025\/06\/Secondo_posto_per_Nerviani-300x268.jpg 300w, https:\/\/www.radiopiu.net\/wordpress\/wp-content\/uploads\/2025\/06\/Secondo_posto_per_Nerviani.jpg 480w\" sizes=\"auto, (max-width: 160px) 100vw, 160px\" \/><\/a>BELLUNO <\/strong>Grande spettacolo al Centro federale intitolato ad Alberto Castagnetti, a Verona, dove \u00e8 andata in scena la decima edizione del trofeo dedicato al celebre allenatore. Una giornata intensa e ricca di soddisfazioni anche per gli atleti della Sportivamente Belluno: in particolare della categoria Ragazzi e Junior. I quali hanno messo in mostra importanti progressi nelle gare in vasca da 50 metri, all\u2019aperto. Tra i risultati pi\u00f9 rilevanti, spicca la performance di Anna Simon, capace di conquistare due podi nel dorso: il primo posto nei 100 metri e il terzo nei 50 (Junior). Ottimo risultato anche per Alessandro Nerviani, secondo classificato nei 50 stile libero (Ragazzi). In pi\u00f9, ha sfiorato per un solo centesimo la qualificazione ai Campionati italiani. Significativi miglioramenti personali sono stati ottenuti pure da Dora Bortoluzzi, Alessio Camposeo, Ginevra Dal Mas e Vincenzo Iuliano, mentre buone risposte sono arrivate da Samuele Sommacal e Mathias de Boni, a conferma di un gruppo in crescita e particolarmente motivato. La stagione per la squadra bellunese proseguir\u00e0 ora con i Campionati regionali in programma dal 13 al 15 giugno e, nel weekend successivo, con la partecipazione al prestigioso Meeting Internazionale di Merano: appuntamenti chiave per continuare a migliorare e farsi notare nel panorama natatorio nazionale.<\/p>\n<p>&nbsp;<\/p>\n<p>&nbsp;<\/p>\n","protected":false},"excerpt":{"rendered":"<p>******* &nbsp; LA\u00a0 APP PER IOS-IPHONE di Nicola Vettorello https:\/\/apps.apple.com\/it\/app\/radio-pi%C3%B9-emittente-agordina\/id1515939845 LA\u00a0 APP RADIO\u00a0 PER ANDROID di Nicola Vettorello https:\/\/play.google.com\/store\/apps\/details?id=net.radiopiu.iniko\u00a0\u00a0\u00a0\u00a0 \u00a0 &nbsp; OGGI SU RADIOPI\u00d9: MUSICA, informazione\u00a0 e dirette\u00a0\u00a0 QUESTA SERA, DALLE\u00a0 18.00\u00a0 DIRETTA RADIO DAL CAFFE&#8217; MINIERE DI AGORDO MINIERE SUNSET, PRIMA SERATA\u00a0 CONDUZIONE MARINA DONA&#8217; REGIA GIANFRANCO TOME&#8217; &nbsp; &nbsp; &nbsp; ALLE 8.05 LA&hellip;<\/p>\n","protected":false},"author":4,"featured_media":453211,"comment_status":"closed","ping_status":"closed","sticky":false,"template":"","format":"standard","meta":{"_monsterinsights_skip_tracking":false,"_monsterinsights_sitenote_active":false,"_monsterinsights_sitenote_note":"","_monsterinsights_sitenote_category":0,"footnotes":""},"categories":[51,86,49],"tags":[],"class_list":["post-453139","post","type-post","status-publish","format-standard","has-post-thumbnail","hentry","category-evidenza-top","category-gr","category-news-18","category-51","category-86","category-49","description-off"],"img_url":"https:\/\/www.radiopiu.net\/wordpress\/wp-content\/uploads\/2025\/06\/foto-4.jpeg","_links":{"self":[{"href":"https:\/\/www.radiopiu.net\/wordpress\/wp-json\/wp\/v2\/posts\/453139","targetHints":{"allow":["GET"]}}],"collection":[{"href":"https:\/\/www.radiopiu.net\/wordpress\/wp-json\/wp\/v2\/posts"}],"about":[{"href":"https:\/\/www.radiopiu.net\/wordpress\/wp-json\/wp\/v2\/types\/post"}],"author":[{"embeddable":true,"href":"https:\/\/www.radiopiu.net\/wordpress\/wp-json\/wp\/v2\/users\/4"}],"replies":[{"embeddable":true,"href":"https:\/\/www.radiopiu.net\/wordpress\/wp-json\/wp\/v2\/comments?post=453139"}],"version-history":[{"count":33,"href":"https:\/\/www.radiopiu.net\/wordpress\/wp-json\/wp\/v2\/posts\/453139\/revisions"}],"predecessor-version":[{"id":453357,"href":"https:\/\/www.radiopiu.net\/wordpress\/wp-json\/wp\/v2\/posts\/453139\/revisions\/453357"}],"wp:featuredmedia":[{"embeddable":true,"href":"https:\/\/www.radiopiu.net\/wordpress\/wp-json\/wp\/v2\/media\/453211"}],"wp:attachment":[{"href":"https:\/\/www.radiopiu.net\/wordpress\/wp-json\/wp\/v2\/media?parent=453139"}],"wp:term":[{"taxonomy":"category","embeddable":true,"href":"https:\/\/www.radiopiu.net\/wordpress\/wp-json\/wp\/v2\/categories?post=453139"},{"taxonomy":"post_tag","embeddable":true,"href":"https:\/\/www.radiopiu.net\/wordpress\/wp-json\/wp\/v2\/tags?post=453139"}],"curies":[{"name":"wp","href":"https:\/\/api.w.org\/{rel}","templated":true}]}}