{"id":453189,"date":"2025-06-11T00:00:39","date_gmt":"2025-06-10T22:00:39","guid":{"rendered":"https:\/\/www.radiopiu.net\/wordpress\/?p=453189"},"modified":"2025-06-11T05:53:58","modified_gmt":"2025-06-11T03:53:58","slug":"a-castion-torna-la-sagra-del-campanot-otto-giorni-di-eventi-per-la-30esima-edizione","status":"publish","type":"post","link":"https:\/\/www.radiopiu.net\/wordpress\/a-castion-torna-la-sagra-del-campanot-otto-giorni-di-eventi-per-la-30esima-edizione\/","title":{"rendered":"A CASTION TORNA LA SAGRA DEL CAMPANOT. OTTO GIORNI DI EVENTI PER LA 30ESIMA EDIZIONE"},"content":{"rendered":"<p>*******<\/p>\n<p>&nbsp;<\/p>\n<p><strong><a class=\"dt-pswp-item\" href=\"https:\/\/www.radiopiu.net\/wordpress\/wp-content\/uploads\/2025\/06\/CAMPANOT-2025.jpg\" data-dt-img-description=\"\" data-large_image_width=\"818\" data-large_image_height=\"580\"><img loading=\"lazy\" decoding=\"async\" class=\" wp-image-453191 alignleft\" src=\"https:\/\/www.radiopiu.net\/wordpress\/wp-content\/uploads\/2025\/06\/CAMPANOT-2025-300x213.jpg\" alt=\"\" width=\"199\" height=\"141\" srcset=\"https:\/\/www.radiopiu.net\/wordpress\/wp-content\/uploads\/2025\/06\/CAMPANOT-2025-300x213.jpg 300w, https:\/\/www.radiopiu.net\/wordpress\/wp-content\/uploads\/2025\/06\/CAMPANOT-2025-768x545.jpg 768w, https:\/\/www.radiopiu.net\/wordpress\/wp-content\/uploads\/2025\/06\/CAMPANOT-2025.jpg 818w\" sizes=\"auto, (max-width: 199px) 100vw, 199px\" \/><\/a>BELLUNO <\/strong>Giunta alla 30\u00aa edizione, torna dal 20 al 29 giugno 2025 a Castion (Belluno) l\u2019attesissima Sagra del Campanot, organizzata dalla Pro Loco Pieve Castionese. La manifestazione, riconosciuta nel 2024 \u201cSagra di qualit\u00e0\u201d dall\u2019UNPLI, rappresenta uno degli appuntamenti estivi pi\u00f9 importanti del territorio, capace di unire tradizione, cultura, gastronomia e sostenibilit\u00e0. La Sagra \u00e8 riconosciuta anche come EcoSagra, grazie all\u2019adozione di buone pratiche ambientali che includono l\u2019utilizzo di stoviglie lavabili, la raccolta differenziata e un\u2019attenzione crescente al contenimento degli sprechi. Il programma dell\u2019edizione 2025 \u00e8 particolarmente ricco e si articola su otto giornate con concerti, spettacoli per famiglie, mostre, tornei sportivi, attivit\u00e0 per bambini, visite guidate, eventi culturali e momenti di intrattenimento. Come da tradizione, le proposte musicali si alterneranno sui due palchi a disposizione. Sul parco interno saranno ospiti della sagra, tra gli altri, Gianmarco Bagutti e la sua orchestra, i Glorian Country Belluno, i Comelini, l\u2019Orchestra Sorriso e Matteo Tarantino. Sul palco esterno, oltre ai DJ che ci intratterranno fino a tardi tutte le sere, saranno ospiti i Punkreas, i Sine Frontera, i Rumatera, i Riserva Moac e gli amici di sempre, JPM e Maci\u2019s Mobile. Ricco anche il calendario degli eventi. Domenica 22 giugno sono in programma, al mattino, la visita guidata dal Giardino Botanico delle Alpi Orientali, la Fiera del Campanot \u2013 mercatino di arti e mestieri, artigianato e hobbistica. Nel pomeriggio sono in programma il torneo di burraco e il torneo di basket organizzati, rispettivamente, da Burraco La Piave APS e dall\u2019ASD Planet. Durante la giornata sar\u00e0 possibile visitare, sotto il tendone, la mostra fotografica \u201cLe fontane e i lavatoi \u00a0del Centro storico di Belluno e del castionese\u201d curata da Italia Nostra. Domenica 29 giugno sono, invece, in programma le fasi finali del 9\u00b0 Memorial Alberto e Laura con il torneo di calcio e il torneo di pallavolo e \u201cScacchi in festa\u201d a cura del Circolo Scacchistico Bellunese. Alle 21,00 \u00e8 in programma l\u2019estrazione dei biglietti vincenti della Lotteria del Campanot. Due le giornate speciali: il 25 giugno serata tutta dedicata ai pi\u00f9 piccoli con lo spettacolo dell\u2019illusionista Sirio Alfieri &#8211; sar\u00e0 presente anche KIKI, la nuova mascotte di We love Nevegal \u2013 e la serata tirolese in programma il 26 giugno.\u00a0 \u00a0Ma il pezzo forte della sagra \u00e8 l\u2019ampia offerta gastronomica, con piatti della tradizione bellunese, proposte a base di pesce, cucina vegetariana, dolci artigianali e una selezione di vini locali. \u00abQuesta edizione rappresenta un traguardo importante per la nostra comunit\u00e0 \u2013 afferma il presidente della Pro Loco Pieve Castionese, Maurizio Fontanelle \u2013 Trent\u2019anni di impegno, collaborazione e volontariato che hanno reso la Sagra del Campanot un punto di riferimento per il territorio e per migliaia di visitatori\u00bb. L\u2019iniziativa \u00e8 realizzata grazie al sostegno di numerosi sponsor locali, che affiancano ogni anno l\u2019organizzazione rendendo possibile lo svolgimento dell\u2019evento. Per ulteriori informazioni: <a href=\"http:\/\/www.castion-belluno.it\">www.castion-belluno.it<\/a><\/p>\n<p><strong>IL PROGRAMMA COMPLETO<\/strong><\/p>\n<a href=\"https:\/\/www.radiopiu.net\/wordpress\/wp-content\/uploads\/2025\/06\/Libretto-Campanot-2025.pdf\" class=\"pdfemb-viewer\" style=\"\" data-width=\"max\" data-height=\"max\" data-toolbar=\"top\" data-toolbar-fixed=\"on\">Libretto-Campanot-2025<\/a>\n<p>&nbsp;<\/p>\n<p>&nbsp;<\/p>\n<p>&nbsp;<\/p>\n<p>&nbsp;<\/p>\n<p>***********<\/p>\n<div><\/div>\n","protected":false},"excerpt":{"rendered":"<p>******* &nbsp; BELLUNO Giunta alla 30\u00aa edizione, torna dal 20 al 29 giugno 2025 a Castion (Belluno) l\u2019attesissima Sagra del Campanot, organizzata dalla Pro Loco Pieve Castionese. La manifestazione, riconosciuta nel 2024 \u201cSagra di qualit\u00e0\u201d dall\u2019UNPLI, rappresenta uno degli appuntamenti estivi pi\u00f9 importanti del territorio, capace di unire tradizione, cultura, gastronomia e sostenibilit\u00e0. La Sagra&hellip;<\/p>\n","protected":false},"author":4,"featured_media":453191,"comment_status":"closed","ping_status":"closed","sticky":false,"template":"","format":"standard","meta":{"_monsterinsights_skip_tracking":false,"_monsterinsights_sitenote_active":false,"_monsterinsights_sitenote_note":"","_monsterinsights_sitenote_category":0,"footnotes":""},"categories":[51,49],"tags":[],"class_list":["post-453189","post","type-post","status-publish","format-standard","has-post-thumbnail","hentry","category-evidenza-top","category-news-18","category-51","category-49","description-off"],"img_url":"https:\/\/www.radiopiu.net\/wordpress\/wp-content\/uploads\/2025\/06\/CAMPANOT-2025.jpg","_links":{"self":[{"href":"https:\/\/www.radiopiu.net\/wordpress\/wp-json\/wp\/v2\/posts\/453189","targetHints":{"allow":["GET"]}}],"collection":[{"href":"https:\/\/www.radiopiu.net\/wordpress\/wp-json\/wp\/v2\/posts"}],"about":[{"href":"https:\/\/www.radiopiu.net\/wordpress\/wp-json\/wp\/v2\/types\/post"}],"author":[{"embeddable":true,"href":"https:\/\/www.radiopiu.net\/wordpress\/wp-json\/wp\/v2\/users\/4"}],"replies":[{"embeddable":true,"href":"https:\/\/www.radiopiu.net\/wordpress\/wp-json\/wp\/v2\/comments?post=453189"}],"version-history":[{"count":1,"href":"https:\/\/www.radiopiu.net\/wordpress\/wp-json\/wp\/v2\/posts\/453189\/revisions"}],"predecessor-version":[{"id":453192,"href":"https:\/\/www.radiopiu.net\/wordpress\/wp-json\/wp\/v2\/posts\/453189\/revisions\/453192"}],"wp:featuredmedia":[{"embeddable":true,"href":"https:\/\/www.radiopiu.net\/wordpress\/wp-json\/wp\/v2\/media\/453191"}],"wp:attachment":[{"href":"https:\/\/www.radiopiu.net\/wordpress\/wp-json\/wp\/v2\/media?parent=453189"}],"wp:term":[{"taxonomy":"category","embeddable":true,"href":"https:\/\/www.radiopiu.net\/wordpress\/wp-json\/wp\/v2\/categories?post=453189"},{"taxonomy":"post_tag","embeddable":true,"href":"https:\/\/www.radiopiu.net\/wordpress\/wp-json\/wp\/v2\/tags?post=453189"}],"curies":[{"name":"wp","href":"https:\/\/api.w.org\/{rel}","templated":true}]}}