{"id":453237,"date":"2025-06-10T16:29:49","date_gmt":"2025-06-10T14:29:49","guid":{"rendered":"https:\/\/www.radiopiu.net\/wordpress\/?p=453237"},"modified":"2025-06-10T16:29:49","modified_gmt":"2025-06-10T14:29:49","slug":"festa-musicale-finale-allistituto-di-sedico-due-concerti-per-celebrare-le-generazioni","status":"publish","type":"post","link":"https:\/\/www.radiopiu.net\/wordpress\/festa-musicale-finale-allistituto-di-sedico-due-concerti-per-celebrare-le-generazioni\/","title":{"rendered":"FESTA MUSICALE FINALE ALL\u2019ISTITUTO DI SEDICO: DUE CONCERTI PER CELEBRARE LE GENERAZIONI"},"content":{"rendered":"<p>*******<\/p>\n<p>&nbsp;<\/p>\n<p><strong><a class=\"dt-pswp-item\" href=\"https:\/\/www.radiopiu.net\/wordpress\/wp-content\/uploads\/2025\/06\/Saggio-finale-indirizzo-musicale-Sedico.jpg\" data-dt-img-description=\"\" data-large_image_width=\"1600\" data-large_image_height=\"900\"><img loading=\"lazy\" decoding=\"async\" class=\" wp-image-453238 alignleft\" src=\"https:\/\/www.radiopiu.net\/wordpress\/wp-content\/uploads\/2025\/06\/Saggio-finale-indirizzo-musicale-Sedico-300x169.jpg\" alt=\"\" width=\"224\" height=\"126\" srcset=\"https:\/\/www.radiopiu.net\/wordpress\/wp-content\/uploads\/2025\/06\/Saggio-finale-indirizzo-musicale-Sedico-300x169.jpg 300w, https:\/\/www.radiopiu.net\/wordpress\/wp-content\/uploads\/2025\/06\/Saggio-finale-indirizzo-musicale-Sedico-1024x576.jpg 1024w, https:\/\/www.radiopiu.net\/wordpress\/wp-content\/uploads\/2025\/06\/Saggio-finale-indirizzo-musicale-Sedico-768x432.jpg 768w, https:\/\/www.radiopiu.net\/wordpress\/wp-content\/uploads\/2025\/06\/Saggio-finale-indirizzo-musicale-Sedico-1536x864.jpg 1536w, https:\/\/www.radiopiu.net\/wordpress\/wp-content\/uploads\/2025\/06\/Saggio-finale-indirizzo-musicale-Sedico.jpg 1600w\" sizes=\"auto, (max-width: 224px) 100vw, 224px\" \/><\/a>SEDICO<\/strong> Si sa: la fine dell\u2019anno scolastico \u00e8 sempre un momento di festa per tutti gli alunni. E i ragazzi dell\u2019Indirizzo musicale dell\u2019Istituto comprensivo di Sedico-Sospirolo hanno sempre la possibilit\u00e0 di esprimere questa gioia con un\u2019esibizione musicale. Esibizione che mette in luce il frutto di un impegno costante durante tutto l\u2019anno con esercitazioni individuali e di orchestra. Quest\u2019anno la gioia \u00e8 stata doppia e l\u2019orgoglio tanto orgoglio perch\u00e9 gli eventi musicali sono stati due e tutti a Sedico. Domenica 18 maggio, nell\u2019ambito della manifestazione \u00abSedico in festa\u00bb organizzata dal Comune di Sedico, si \u00e8 svolto il concerto dei ragazzi della scuola media locale. Gli allievi di pianoforte, percussioni, chitarra e clarinetto, delle classi prima, seconda e terza media, coordinati dai loro insegnanti di strumento, Cristina Costan Zovi, Stefano Funes, Alessandro Aglian\u00f2 e Alberto Opalio, hanno dato vita ad uno scoppiettante spettacolo sulle \u00abGenerazioni\u00bb. \u201cSi \u00e8 trattato di una meditazione tra il serio e l\u2019ironico sul confronto tra le generazioni dai boomer fino alle generazioni zeta e alfa \u2013 spiegano gli insegnanti &#8211; i ragazzi hanno indagato le abitudini dei nonni, dei genitori e messo in discussione anche loro stessi. Tale confronto \u00e8 stato organizzato, ovviamente, principalmente con la componente musicale, attraverso l\u2019esecuzione di canzoni dalla fine degli anni \u201950 del Novecento, fino praticamente ai giorni nostri. Brani principalmente iconici, rappresentati come simbolo di una determinata epoca, ma anche brani meno noti particolarmente significativi sul piano storico e del contesto sociale nel quale sono stati creati\u201d. I giovani musicisti si sono cos\u00ec cimentati in un repertorio che \u00e8 andato da <em>Rose rosse per te<\/em> a <em>Waka waka<\/em>, da <em>Only you<\/em> a brani di Adele e Sia passando per gli U2 e i Pink Floyd. Il tutto animato da balletti tratti da film (<em>La febbre del sabato sera<\/em>) e videoclip (<em>Wannabe<\/em> \u2013 Spice Girls), \u201cesplorazioni\u201d su costumi, oggetti e linguaggi tipici delle diverse generazioni. Il tutto per far comprendere ai ragazzi che ogni generazione ha avuto i propri oggetti iconici, le canzoni preferite e che anche la loro generazione, tra qualche tempo, potr\u00e0 essere \u201coggetto di studio\u201d da parte dei nuovi giovani. Lo spettacolo, che si \u00e8 tenuto nel piazzale antistante la chiesa arcipretale, \u00e8 stato ravvivato dalla partecipazione, nelle esecuzioni, di alcuni docenti e genitori dei ragazzi coinvolti. L\u2019esibizione, che ha ricevuto il plauso di genitori, nonni, amici e fratellini pi\u00f9 piccoli e delle persone che visitavano la festa, si \u00e8 cos\u00ec trasformato in un grande abbraccio generazionale. L\u2019incontro \u00e8 stato anche quello con le istituzioni. \u00c8 infatti grazie al coraggio e alla determinazione dell\u2019assessore Viviana Mussoi che un evento cos\u00ec complicato logisticamente (pi\u00f9 di 60 ragazzi che suonano all\u2019aperto) \u00e8 stato possibile. Infaticabile anche il lavoro dei tre fonici volontari Mirco Bernard, Alberto Cappellari e Luca Sitta che \u2013 in ultima anche sotto una leggera pioggia \u2013 hanno fatto s\u00ec che ci fosse una adeguata amplificazione e un giusto bilanciamento del suono. Ciliegina sulla torta? Avere il sindaco di Sedico, Christian Roldo, seduto col suo sax insieme ai clarinetti. Il primo cittadino, raccogliendo con entusiasmo l\u2019invito, si \u00e8 presentato alle prove tra lo stupore dei ragazzini e li ha riempiti di orgoglio con la sua partecipazione all\u2019evento. Insomma due gocce di pioggia non sono riuscite nemmeno a scalfire tanto entusiasmo e tanta energia Il 5 giugno, poi, al Palaskating di Sedico si \u00e8 tenuto il concerto dell\u2019Orchestra delle undici scuole medie a indirizzo musicale della provincia in collaborazione con la sezione musicale del Liceo Renier. Un centinaio i ragazzi coinvolti. \u201c\u00c8 stato bellissimo vederli schierati tutti, sotto la sapiente direzione dei professori Argenta, Opalio e Martina \u2013 dice la dirigente scolastica del Ic Sedico-Sospirolo, Lucia Fratturelli &#8211; i ragazzi si sono cimentati in un repertorio che spaziava dal classico al tradizionale al jazz. Tanto lavoro d\u00e0 sempre frutti ma \u00e8 bello poterli raccogliere insieme alle famiglie, agli amici, ai parenti. Insomma \u00e8 bello esibirsi nel proprio paese, un po\u2019 come giocare una partita in casa. Un grazie, pertanto, all\u2019amministrazione comunale che ha accolto e sostenuto tutte le iniziative\u201d.<\/p>\n<p>&nbsp;<\/p>\n<p>&nbsp;<\/p>\n<p>&nbsp;<\/p>\n<p>&nbsp;<\/p>\n<p>**********<\/p>\n","protected":false},"excerpt":{"rendered":"<p>******* &nbsp; SEDICO Si sa: la fine dell\u2019anno scolastico \u00e8 sempre un momento di festa per tutti gli alunni. E i ragazzi dell\u2019Indirizzo musicale dell\u2019Istituto comprensivo di Sedico-Sospirolo hanno sempre la possibilit\u00e0 di esprimere questa gioia con un\u2019esibizione musicale. Esibizione che mette in luce il frutto di un impegno costante durante tutto l\u2019anno con esercitazioni&hellip;<\/p>\n","protected":false},"author":4,"featured_media":453238,"comment_status":"closed","ping_status":"closed","sticky":false,"template":"","format":"standard","meta":{"_monsterinsights_skip_tracking":false,"_monsterinsights_sitenote_active":false,"_monsterinsights_sitenote_note":"","_monsterinsights_sitenote_category":0,"footnotes":""},"categories":[49],"tags":[],"class_list":["post-453237","post","type-post","status-publish","format-standard","has-post-thumbnail","hentry","category-news-18","category-49","description-off"],"img_url":"https:\/\/www.radiopiu.net\/wordpress\/wp-content\/uploads\/2025\/06\/Saggio-finale-indirizzo-musicale-Sedico.jpg","_links":{"self":[{"href":"https:\/\/www.radiopiu.net\/wordpress\/wp-json\/wp\/v2\/posts\/453237","targetHints":{"allow":["GET"]}}],"collection":[{"href":"https:\/\/www.radiopiu.net\/wordpress\/wp-json\/wp\/v2\/posts"}],"about":[{"href":"https:\/\/www.radiopiu.net\/wordpress\/wp-json\/wp\/v2\/types\/post"}],"author":[{"embeddable":true,"href":"https:\/\/www.radiopiu.net\/wordpress\/wp-json\/wp\/v2\/users\/4"}],"replies":[{"embeddable":true,"href":"https:\/\/www.radiopiu.net\/wordpress\/wp-json\/wp\/v2\/comments?post=453237"}],"version-history":[{"count":1,"href":"https:\/\/www.radiopiu.net\/wordpress\/wp-json\/wp\/v2\/posts\/453237\/revisions"}],"predecessor-version":[{"id":453239,"href":"https:\/\/www.radiopiu.net\/wordpress\/wp-json\/wp\/v2\/posts\/453237\/revisions\/453239"}],"wp:featuredmedia":[{"embeddable":true,"href":"https:\/\/www.radiopiu.net\/wordpress\/wp-json\/wp\/v2\/media\/453238"}],"wp:attachment":[{"href":"https:\/\/www.radiopiu.net\/wordpress\/wp-json\/wp\/v2\/media?parent=453237"}],"wp:term":[{"taxonomy":"category","embeddable":true,"href":"https:\/\/www.radiopiu.net\/wordpress\/wp-json\/wp\/v2\/categories?post=453237"},{"taxonomy":"post_tag","embeddable":true,"href":"https:\/\/www.radiopiu.net\/wordpress\/wp-json\/wp\/v2\/tags?post=453237"}],"curies":[{"name":"wp","href":"https:\/\/api.w.org\/{rel}","templated":true}]}}