{"id":453300,"date":"2025-06-12T05:56:55","date_gmt":"2025-06-12T03:56:55","guid":{"rendered":"https:\/\/www.radiopiu.net\/wordpress\/?p=453300"},"modified":"2025-06-12T07:59:51","modified_gmt":"2025-06-12T05:59:51","slug":"giornale-radiopiu-12-giugno-2025-direttore-mirko-mezzacasa","status":"publish","type":"post","link":"https:\/\/www.radiopiu.net\/wordpress\/giornale-radiopiu-12-giugno-2025-direttore-mirko-mezzacasa\/","title":{"rendered":"GIORNALE RADIOPIU 12 GIUGNO 2025 DIRETTORE MIRKO MEZZACASA"},"content":{"rendered":"<p>*******<\/p>\n<p>&nbsp;<\/p>\n<p><em><span style=\"color: #ff0000;\"><a class=\"dt-pswp-item\" href=\"https:\/\/www.radiopiu.net\/wordpress\/wp-content\/uploads\/2024\/10\/Senza-nome-8.png\" data-dt-img-description=\"\" data-large_image_width=\"343\" data-large_image_height=\"303\"><img loading=\"lazy\" decoding=\"async\" class=\"wp-image-412130 alignleft\" src=\"https:\/\/www.radiopiu.net\/wordpress\/wp-content\/uploads\/2024\/10\/Senza-nome-8-300x265.png\" alt=\"\" width=\"105\" height=\"93\" srcset=\"https:\/\/www.radiopiu.net\/wordpress\/wp-content\/uploads\/2024\/10\/Senza-nome-8-300x265.png 300w, https:\/\/www.radiopiu.net\/wordpress\/wp-content\/uploads\/2024\/10\/Senza-nome-8.png 343w\" sizes=\"auto, (max-width: 105px) 100vw, 105px\" \/><\/a><\/span><\/em><strong><em><span style=\"color: #ff0000;\"> LA\u00a0 APP PER IOS-IPHONE di Nicola Vettorello<\/span><\/em><\/strong><\/p>\n<p><strong><span style=\"color: #0000ff;\"><a style=\"color: #0000ff;\" href=\"https:\/\/apps.apple.com\/it\/app\/radio-pi%C3%B9-emittente-agordina\/id1515939845\">https:\/\/apps.apple.com\/it\/app\/radio-pi%C3%B9-emittente-agordina\/id1515939845<\/a><\/span><\/strong><\/p>\n<p><strong><em style=\"color: #ff0000;\">LA\u00a0 APP RADIO\u00a0 PER ANDROID di Nicola Vettorello<\/em><\/strong><\/p>\n<p><strong><span style=\"color: #0000ff;\"><a style=\"color: #0000ff;\" href=\"https:\/\/play.google.com\/store\/apps\/details?id=net.radiopiu.iniko\" target=\"_blank\" rel=\"noopener noreferrer\">https:\/\/<\/a><a style=\"color: #0000ff;\" href=\"https:\/\/play.google.com\/store\/apps\/details?id=net.radiopiu.iniko\" target=\"_blank\" rel=\"noopener noreferrer\">play.google.com\/store\/apps\/details?id=net.radiopiu.iniko\u00a0\u00a0\u00a0\u00a0<\/a><\/span><\/strong><\/p>\n<hr \/>\n<p><span style=\"color: #0000ff;\">\u00a0<\/span><\/p>\n<p>&nbsp;<\/p>\n<blockquote>\n<h1 data-start=\"0\" data-end=\"60\"><strong data-start=\"0\" data-end=\"60\">OGGI SU RADIOPI\u00d9: MUSICA, informazione\u00a0 e dirette\u00a0<\/strong><\/h1>\n<\/blockquote>\n<p class=\"\" data-start=\"62\" data-end=\"463\"><strong><a class=\"dt-pswp-item\" href=\"https:\/\/www.radiopiu.net\/wordpress\/wp-content\/uploads\/2025\/05\/22eca61e-f34e-4db7-b1bc-c2f68ea50692.jpg\" data-dt-img-description=\"\" data-large_image_width=\"1224\" data-large_image_height=\"925\"><img loading=\"lazy\" decoding=\"async\" class=\" wp-image-451622 alignleft\" src=\"https:\/\/www.radiopiu.net\/wordpress\/wp-content\/uploads\/2025\/05\/22eca61e-f34e-4db7-b1bc-c2f68ea50692-300x227.jpg\" alt=\"\" width=\"169\" height=\"128\" srcset=\"https:\/\/www.radiopiu.net\/wordpress\/wp-content\/uploads\/2025\/05\/22eca61e-f34e-4db7-b1bc-c2f68ea50692-300x227.jpg 300w, https:\/\/www.radiopiu.net\/wordpress\/wp-content\/uploads\/2025\/05\/22eca61e-f34e-4db7-b1bc-c2f68ea50692-1024x774.jpg 1024w, https:\/\/www.radiopiu.net\/wordpress\/wp-content\/uploads\/2025\/05\/22eca61e-f34e-4db7-b1bc-c2f68ea50692-768x580.jpg 768w, https:\/\/www.radiopiu.net\/wordpress\/wp-content\/uploads\/2025\/05\/22eca61e-f34e-4db7-b1bc-c2f68ea50692.jpg 1224w\" sizes=\"auto, (max-width: 169px) 100vw, 169px\" \/><\/a>ALLE 8.05 LA RASSEGNA STAMPA LOCALE 8.25\u00a0 PIU&#8217; SIAMO E ALLE 900 LA MUSICA COUNTRY DI ALEX IL COWBOY DI RADIOPIU\u00a0 <span style=\"color: #000000;\">10.15 <\/span><span style=\"color: #ff0000;\"><span style=\"color: #000000;\">SEI IN RADIO SE DI MARINA DONA&#8217; <\/span><\/span><span style=\"color: #ff0000;\">10.30\u00a0 SPECIALE SPI CGIL <\/span>\u00a0 11 ARCADE SHOW&#8230; IL PROGRAMMA DI ELIA CASAGRANDE&#8230;.inserisci la monetina e viaggia con la musica di RADIOPIU 13.20 COLLAGE OPERAZIONE NOSTALGIA, LORIS SCUSSEL\u00a0 <span style=\"color: #ff0000;\">14.20 REPORTER UIL CON MARINA DONA&#8217; 15.10 TIME 4 ME OSPITE STEFANO MANNELLI <\/span>16 45 LE HIT STORICHE DI MIRCO BENCIVENNI\u00a0 19.20 LA SAGRA DE SANT&#8217;ANTONI CON GIACOMO BRESSAN DELLA PRO LOCO RIVAMONTE<br \/>\n<\/strong><\/p>\n<p class=\"\" data-start=\"62\" data-end=\"463\"><span style=\"color: #0000ff;\"><strong>..L&#8217;ESTATE STA ARRIVANDO, LA SQUADRA DI RADIOPIU SI STA ALLENANDO, CI VEDIAMO &#8220;LIVE&#8221;\u00a0 A FELTRE IL 27 GIUGNO&#8230;. CON MARCO, MARINA, MORENO, GIANFRANCO, FRANCESCO, ELIA, ALESSIO, LUISA. BRUNELLA E&#8230;TANTE SORPRESE<\/strong><\/span><\/p>\n<p>&nbsp;<\/p>\n<p>&nbsp;<\/p>\n<hr \/>\n<p>&nbsp;<\/p>\n<p>&nbsp;<\/p>\n<div class=\"x11i5rnm xat24cr x1mh8g0r x1vvkbs xtlvy1s x126k92a\">\n<div dir=\"auto\">\n<div dir=\"auto\">\n<p><strong><a class=\"dt-pswp-item\" href=\"https:\/\/www.radiopiu.net\/wordpress\/wp-content\/uploads\/2024\/02\/2d44e751-d8a8-461b-8e22-d8e4e853b032.jpg\" data-dt-img-description=\"\" data-large_image_width=\"1600\" data-large_image_height=\"1200\"><img loading=\"lazy\" decoding=\"async\" class=\"wp-image-373307 alignleft\" src=\"https:\/\/www.radiopiu.net\/wordpress\/wp-content\/uploads\/2024\/02\/2d44e751-d8a8-461b-8e22-d8e4e853b032-300x225.jpg\" alt=\"\" width=\"105\" height=\"79\" srcset=\"https:\/\/www.radiopiu.net\/wordpress\/wp-content\/uploads\/2024\/02\/2d44e751-d8a8-461b-8e22-d8e4e853b032-300x225.jpg 300w, https:\/\/www.radiopiu.net\/wordpress\/wp-content\/uploads\/2024\/02\/2d44e751-d8a8-461b-8e22-d8e4e853b032-1024x768.jpg 1024w, https:\/\/www.radiopiu.net\/wordpress\/wp-content\/uploads\/2024\/02\/2d44e751-d8a8-461b-8e22-d8e4e853b032-768x576.jpg 768w, https:\/\/www.radiopiu.net\/wordpress\/wp-content\/uploads\/2024\/02\/2d44e751-d8a8-461b-8e22-d8e4e853b032-1536x1152.jpg 1536w, https:\/\/www.radiopiu.net\/wordpress\/wp-content\/uploads\/2024\/02\/2d44e751-d8a8-461b-8e22-d8e4e853b032.jpg 1600w\" sizes=\"auto, (max-width: 105px) 100vw, 105px\" \/><\/a>EL BAL DEL FIOR, DI GIULIANA DA RONCH, 12 GIUGNO<\/strong><strong>\u00a02025<\/strong><\/p>\n<\/div>\n<\/div>\n<div dir=\"auto\">\n<div dir=\"auto\">\n<p>&nbsp;<\/p>\n<audio class=\"wp-audio-shortcode\" id=\"audio-453300-1\" preload=\"none\" style=\"width: 100%;\" controls=\"controls\"><source type=\"audio\/mpeg\" src=\"https:\/\/www.radiopiu.net\/wordpress\/wp-content\/uploads\/2025\/06\/GGI-3.mp3?_=1\" \/><a href=\"https:\/\/www.radiopiu.net\/wordpress\/wp-content\/uploads\/2025\/06\/GGI-3.mp3\">https:\/\/www.radiopiu.net\/wordpress\/wp-content\/uploads\/2025\/06\/GGI-3.mp3<\/a><\/audio>\n<hr \/>\n<p>&nbsp;<\/p>\n<p>&nbsp;<\/p>\n<\/div>\n<\/div>\n<\/div>\n<div class=\"x11i5rnm xat24cr x1mh8g0r x1vvkbs xtlvy1s x126k92a\">\n<blockquote>\n<h1><strong><a class=\"dt-pswp-item\" href=\"https:\/\/www.radiopiu.net\/wordpress\/wp-content\/uploads\/2024\/10\/629301fd-708d-4f53-95c2-d28cbefd500f.jpg\" data-dt-img-description=\"\" data-large_image_width=\"1600\" data-large_image_height=\"1322\"><img loading=\"lazy\" decoding=\"async\" class=\"wp-image-413782 alignright\" src=\"https:\/\/www.radiopiu.net\/wordpress\/wp-content\/uploads\/2024\/10\/629301fd-708d-4f53-95c2-d28cbefd500f-300x248.jpg\" alt=\"\" width=\"106\" height=\"88\" srcset=\"https:\/\/www.radiopiu.net\/wordpress\/wp-content\/uploads\/2024\/10\/629301fd-708d-4f53-95c2-d28cbefd500f-300x248.jpg 300w, https:\/\/www.radiopiu.net\/wordpress\/wp-content\/uploads\/2024\/10\/629301fd-708d-4f53-95c2-d28cbefd500f-1024x846.jpg 1024w, https:\/\/www.radiopiu.net\/wordpress\/wp-content\/uploads\/2024\/10\/629301fd-708d-4f53-95c2-d28cbefd500f-768x635.jpg 768w, https:\/\/www.radiopiu.net\/wordpress\/wp-content\/uploads\/2024\/10\/629301fd-708d-4f53-95c2-d28cbefd500f-1536x1269.jpg 1536w, https:\/\/www.radiopiu.net\/wordpress\/wp-content\/uploads\/2024\/10\/629301fd-708d-4f53-95c2-d28cbefd500f.jpg 1600w\" sizes=\"auto, (max-width: 106px) 100vw, 106px\" \/><\/a><\/strong><\/h1>\n<h1><strong><a class=\"dt-pswp-item\" href=\"https:\/\/www.radiopiu.net\/wordpress\/wp-content\/uploads\/2024\/11\/th-18.jpg\" data-dt-img-description=\"\" data-large_image_width=\"156\" data-large_image_height=\"180\"><img loading=\"lazy\" decoding=\"async\" class=\"size-full wp-image-421611 alignleft\" src=\"https:\/\/www.radiopiu.net\/wordpress\/wp-content\/uploads\/2024\/11\/th-18.jpg\" alt=\"\" width=\"156\" height=\"180\" \/><\/a><\/strong><\/h1>\n<h1><strong>N di parom &#8211; L Almanach de la nosta jent<\/strong><\/h1>\n<\/blockquote>\n<p>&nbsp;<\/p>\n<p>Le voci: Davide Conedera, Agordo, Michela Dell&#8217;Osbel, La Valle Agordina Simone Ganz, Falcade Veronica Lezuo, Colle Santa Lucia. La voce nella sigla \u00e8 di Giorgia Taio<\/p>\n<p><strong>LA PUNTATA DI OGGI, 12 GIUGNO 2025<\/strong><\/p>\n<p>&nbsp;<\/p>\n<audio class=\"wp-audio-shortcode\" id=\"audio-453300-2\" preload=\"none\" style=\"width: 100%;\" controls=\"controls\"><source type=\"audio\/mpeg\" src=\"https:\/\/www.radiopiu.net\/wordpress\/wp-content\/uploads\/2025\/06\/AL4-1.mp3?_=2\" \/><a href=\"https:\/\/www.radiopiu.net\/wordpress\/wp-content\/uploads\/2025\/06\/AL4-1.mp3\">https:\/\/www.radiopiu.net\/wordpress\/wp-content\/uploads\/2025\/06\/AL4-1.mp3<\/a><\/audio>\n<p>&nbsp;<\/p>\n<\/div>\n<div class=\"x11i5rnm xat24cr x1mh8g0r x1vvkbs xtlvy1s x126k92a\">\n<div dir=\"auto\">\n<hr \/>\n<\/div>\n<\/div>\n<blockquote>\n<blockquote>\n<h1><span style=\"color: #ff0000;\">\u00a0<\/span><\/h1>\n<h1><span style=\"color: #ff0000;\">I podcast informativi del mattino &#8211; audio &#8211;\u00a0\u00a0<\/span><\/h1>\n<\/blockquote>\n<p><strong><a class=\"dt-pswp-item\" href=\"https:\/\/www.radiopiu.net\/wordpress\/wp-content\/uploads\/2024\/11\/6.jpg\" data-dt-img-description=\"\" data-large_image_width=\"177\" data-large_image_height=\"180\"><img loading=\"lazy\" decoding=\"async\" class=\"size-full wp-image-417911 alignleft\" src=\"https:\/\/www.radiopiu.net\/wordpress\/wp-content\/uploads\/2024\/11\/6.jpg\" alt=\"\" width=\"177\" height=\"180\" \/><\/a>LA RASSEGNA STAMPA NAZIONALE ALLA RADIO, OGNI GIORNO ALLE 5 E ALLE 6 DEL MATTINO <span style=\"color: #0000ff;\">viene pubblicata alle 6.00 <span style=\"color: #ff0000;\">DIRETTA RADIO\u00a0 \u00a0\u00a0<\/span><\/span><\/strong><\/p><\/blockquote>\n<p>&nbsp;<\/p>\n<p><strong>NOTIZIE DELLA NOTTE<\/strong><\/p>\n<ul>\n<li data-start=\"44\" data-end=\"208\">\n<p data-start=\"46\" data-end=\"208\"><strong data-start=\"46\" data-end=\"55\">Nuoto<\/strong>: La canadese Summer McIntosh ha stabilito un nuovo <strong data-start=\"107\" data-end=\"140\" data-is-only-node=\"\">record mondiale nei 400 misti<\/strong>, confermando il suo talento straordinario nel nuoto internazionale.<\/p>\n<\/li>\n<li data-start=\"210\" data-end=\"385\">\n<p data-start=\"212\" data-end=\"385\"><strong data-start=\"212\" data-end=\"224\">Colombia<\/strong>: Il presidente <strong data-start=\"240\" data-end=\"257\" data-is-only-node=\"\">Gustavo Petro<\/strong> ha firmato il decreto per indire un <strong data-start=\"294\" data-end=\"333\">referendum sulla riforma del lavoro<\/strong>, un passo significativo nel suo programma politico.<\/p>\n<\/li>\n<li data-start=\"387\" data-end=\"594\">\n<p data-start=\"389\" data-end=\"594\"><strong data-start=\"389\" data-end=\"401\">USA-Cina<\/strong>: L\u2019ex presidente <strong data-start=\"419\" data-end=\"435\" data-is-only-node=\"\">Donald Trump<\/strong> ha dichiarato che <strong data-start=\"454\" data-end=\"499\">non sar\u00e0 necessario estendere la scadenza<\/strong> dei negoziati sui <strong data-start=\"518\" data-end=\"538\">dazi commerciali<\/strong>, segnalando progressi nei rapporti tra le due economie.<\/p>\n<\/li>\n<li data-start=\"596\" data-end=\"709\">\n<p data-start=\"598\" data-end=\"709\"><strong data-start=\"598\" data-end=\"616\">Borsa di Tokyo<\/strong>: Ha aperto in <strong data-start=\"631\" data-end=\"654\" data-is-only-node=\"\">ribasso dello 0,30%<\/strong>, riflettendo le incertezze sui mercati internazionali.<\/p>\n<\/li>\n<li data-start=\"711\" data-end=\"860\">\n<p data-start=\"713\" data-end=\"860\"><strong data-start=\"713\" data-end=\"730\">ONU e Uruguay<\/strong>: L\u2019<strong data-start=\"734\" data-end=\"766\" data-is-only-node=\"\">Uruguay ha richiesto all\u2019ONU<\/strong> il rientro dei suoi <strong data-start=\"787\" data-end=\"859\">soldati impegnati in missione nella Repubblica Democratica del Congo<\/strong>.<\/p>\n<\/li>\n<li data-start=\"862\" data-end=\"1047\">\n<p data-start=\"864\" data-end=\"1047\"><strong data-start=\"864\" data-end=\"878\">Russia-USA<\/strong>: L\u2019ambasciatore russo ha dichiarato che \u00e8 <strong data-start=\"921\" data-end=\"963\" data-is-only-node=\"\">&#8220;inevitabile una coesistenza pacifica&#8221;<\/strong> tra <strong data-start=\"968\" data-end=\"992\">Russia e Stati Uniti<\/strong>, pur nel contesto delle attuali tensioni geopolitiche.<\/p>\n<\/li>\n<li data-start=\"1049\" data-end=\"1205\">\n<p data-start=\"1051\" data-end=\"1205\"><strong data-start=\"1051\" data-end=\"1068\">Medio Oriente<\/strong>: Trump ha affermato che la regione \u00e8 <strong data-start=\"1106\" data-end=\"1121\" data-is-only-node=\"\">\u201ca rischio\u201d<\/strong>, annunciando il <strong data-start=\"1138\" data-end=\"1185\">trasferimento del personale diplomatico USA<\/strong> da aree pericolose.<\/p>\n<\/li>\n<li data-start=\"1207\" data-end=\"1360\" data-is-last-node=\"\">\n<p data-start=\"1209\" data-end=\"1360\" data-is-last-node=\"\"><strong data-start=\"1209\" data-end=\"1219\">Italia<\/strong>: La <strong data-start=\"1224\" data-end=\"1241\" data-is-only-node=\"\">madre di Adam<\/strong>, giovane coinvolto in un caso mediatico, ha ringraziato l\u2019Italia per l\u2019accoglienza, dicendo: <strong data-start=\"1335\" data-end=\"1359\">\u201cpiacere essere qui\u201d<\/strong>.<\/p>\n<\/li>\n<\/ul>\n<p><strong>\u00a0<\/strong><\/p>\n<p>&nbsp;<\/p>\n<h1>AUDIO dalle 6 del mattino<\/h1>\n<audio class=\"wp-audio-shortcode\" id=\"audio-453300-3\" preload=\"none\" style=\"width: 100%;\" controls=\"controls\"><source type=\"audio\/mpeg\" src=\"https:\/\/www.radiopiu.net\/wordpress\/wp-content\/uploads\/2025\/06\/GIORNALEDELLESEI-5.mp3?_=3\" \/><a href=\"https:\/\/www.radiopiu.net\/wordpress\/wp-content\/uploads\/2025\/06\/GIORNALEDELLESEI-5.mp3\">https:\/\/www.radiopiu.net\/wordpress\/wp-content\/uploads\/2025\/06\/GIORNALEDELLESEI-5.mp3<\/a><\/audio>\n<p>&nbsp;<\/p>\n<hr \/>\n<p>&nbsp;<\/p>\n<h1 style=\"text-align: center;\"><span style=\"color: #ff0000;\"><a class=\"dt-pswp-item\" href=\"https:\/\/www.radiopiu.net\/wordpress\/wp-content\/uploads\/2024\/11\/7.jpg\" data-dt-img-description=\"\" data-large_image_width=\"180\" data-large_image_height=\"180\"><img loading=\"lazy\" decoding=\"async\" class=\"size-full wp-image-417912 alignleft\" src=\"https:\/\/www.radiopiu.net\/wordpress\/wp-content\/uploads\/2024\/11\/7.jpg\" alt=\"\" width=\"180\" height=\"180\" srcset=\"https:\/\/www.radiopiu.net\/wordpress\/wp-content\/uploads\/2024\/11\/7.jpg 180w, https:\/\/www.radiopiu.net\/wordpress\/wp-content\/uploads\/2024\/11\/7-150x150.jpg 150w\" sizes=\"auto, (max-width: 180px) 100vw, 180px\" \/><\/a>I podcast informativi del mattino &#8211; audio &#8211;\u00a0<\/span><\/h1>\n<p><strong>OGNI GIORNO ALLE SETTE DEL MATTINO, LA RASSEGNA STAMPA LOCALE FLASH&#8230; PER CHI VA IN FRETTA. I TITOLI DAI GIORNALI E DAL SITO WWW.RADIOPIU.NET <span style=\"color: #0000ff;\">viene pubblicato alle 7.00<\/span> <span style=\"color: #ff0000;\">DIRETTA RADIO\u00a0<\/span><\/strong><\/p>\n<p><em><span style=\"color: #ff0000;\">per chi va in fretta&#8230; tante notizie in pochi minuti. L&#8217;informazione locale alla radio, ogni ora dalle 7 del mattino alle 19 della sera.\u00a0\u00a0<\/span><\/em><\/p>\n<p><strong data-start=\"0\" data-end=\"62\">Notizie locali dal Bellunese: tra cronaca, eventi e novit\u00e0<\/strong><\/p>\n<div class=\"flex flex-1 grow basis-auto flex-col overflow-hidden\">\n<div class=\"relative h-full\">\n<div class=\"flex h-full flex-col overflow-y-auto [scrollbar-gutter:stable]\">\n<div class=\"mt-1.5 flex flex-col text-sm @thread-xl\/thread:pt-header-height md:pb-9\">\n<article class=\"group\/turn w-full text-token-text-primary focus-visible:outline-none\" dir=\"auto\" tabindex=\"-1\" data-testid=\"conversation-turn-2\" data-scroll-anchor=\"true\">\n<div class=\"text-base my-auto mx-auto py-5 px-6\">\n<div class=\"mx-auto flex flex-1 text-base gap-4 md:gap-5 lg:gap-6 md:max-w-3xl\">\n<div class=\"group\/conversation-turn relative flex w-full min-w-0 flex-col agent-turn @xs\/thread:px-0 @sm\/thread:px-1.5 @md\/thread:px-4\">\n<div class=\"relative flex-col gap-1 md:gap-3\">\n<div class=\"flex max-w-full flex-col flex-grow\">\n<div class=\"min-h-8 text-message relative flex w-full flex-col items-end gap-2 whitespace-normal break-words text-start [.text-message+&amp;]:mt-5\" dir=\"auto\" data-message-author-role=\"assistant\" data-message-id=\"bff05fc0-dc7c-4ab7-9b20-d3eec753127b\" data-message-model-slug=\"gpt-4o-mini\">\n<div class=\"flex w-full flex-col gap-1 empty:hidden first:pt-[3px]\">\n<div class=\"markdown prose w-full break-words dark:prose-invert dark\">\n<p class=\"\" data-start=\"64\" data-end=\"329\"><em><strong>Radio Pi\u00f9 offre una panoramica sui principali eventi e notizie in provincia di Belluno, accompagnata dalla programmazione radiofonica. Tra le principali notizie<\/strong><\/em><\/p>\n<p class=\"\" data-start=\"64\" data-end=\"329\">A Feltre si sono tenuti i funerali di Elena Zannin, 57 anni, parrucchiera di Farra di Feltre deceduta durante un\u2019escursione sul Sentiero Corrado De Bastiani. Molto conosciuta per il suo salone a Pedavena e per il suo impegno nella comunit\u00e0, la sua scomparsa ha suscitato profonda commozione.<\/p>\n<p class=\"\" data-start=\"64\" data-end=\"329\">A Vodo di Cadore, una coppia di turisti francesi \u00e8 stata soccorsa dopo essersi smarrita lungo l\u2019Alta Via numero 1, nei pressi delle Crode di Forca Rossa.<\/p>\n<p class=\"\" data-start=\"64\" data-end=\"329\">A Spresiano, durante una festa scolastica nella discoteca \u201cOdissea\u201d, una 18enne di Volpago del Montello \u00e8 stata denunciata per borseggio, mentre un 17enne di Belluno \u00e8 stato trovato in possesso di hashish.<\/p>\n<p class=\"\" data-start=\"64\" data-end=\"329\">A Belluno, un\u2019indagine promossa da Uil Veneto ha evidenziato che sanit\u00e0 e lavoro sono le principali preoccupazioni dei cittadini. Il sondaggio \u00e8 stato presentato durante un convegno ospitato nella sala Bianchi.<\/p>\n<p class=\"\" data-start=\"64\" data-end=\"329\">Sempre a Belluno, dal 21 al 25 luglio si terranno corsi gratuiti di preparazione ai test universitari, aperti a tutti gli studenti, figli di dipendenti EssilorLuxottica e non.<\/p>\n<p class=\"\" data-start=\"64\" data-end=\"329\">La Provincia di Belluno ha nominato Martina Moritsch presidente del nuovo CDA di Dolomitibus. Manager con oltre 35 anni di esperienza, ha ricoperto ruoli di vertice in aziende internazionali.<\/p>\n<p class=\"\" data-start=\"64\" data-end=\"329\">Ad Alpago, Moreno Tollot ha ricevuto l\u2019onorificenza di Cavaliere al Merito della Repubblica per l\u2019impegno nell\u2019associazione Alpago 2 Ruote &amp; Solidariet\u00e0.<\/p>\n<p class=\"\" data-start=\"64\" data-end=\"329\">Claudio Barp \u00e8 il nuovo presidente del Lions Club Feltre Castello di Alboino, succedendo a Dorino Moret.<\/p>\n<p class=\"\" data-start=\"64\" data-end=\"329\">Il MASAF ha riconosciuto il Consorzio di Tutela del Miele delle Dolomiti Bellunesi DOP, primo per un miele DOP in Italia.<\/p>\n<p class=\"\" data-start=\"64\" data-end=\"329\">Infine, lo Spazio Label lancia il campus estivo \u201cPotenzia l\u2019estate 2025\u201d per bambini e ragazzi dai 5 ai 17 anni.<\/p>\n<\/div>\n<\/div>\n<\/div>\n<\/div>\n<\/div>\n<\/div>\n<\/div>\n<\/div>\n<\/article>\n<\/div>\n<\/div>\n<\/div>\n<\/div>\n<h1>AUDIO dalle 7 del mattino<\/h1>\n<audio class=\"wp-audio-shortcode\" id=\"audio-453300-4\" preload=\"none\" style=\"width: 100%;\" controls=\"controls\"><source type=\"audio\/mpeg\" src=\"https:\/\/www.radiopiu.net\/wordpress\/wp-content\/uploads\/2025\/06\/GF07-8.mp3?_=4\" \/><a href=\"https:\/\/www.radiopiu.net\/wordpress\/wp-content\/uploads\/2025\/06\/GF07-8.mp3\">https:\/\/www.radiopiu.net\/wordpress\/wp-content\/uploads\/2025\/06\/GF07-8.mp3<\/a><\/audio>\n<p>&nbsp;<\/p>\n<p>&nbsp;<\/p>\n<hr \/>\n<p>&nbsp;<\/p>\n<h1><\/h1>\n<h1 style=\"text-align: center;\"><span style=\"color: #ff0000;\"><a class=\"dt-pswp-item\" href=\"https:\/\/www.radiopiu.net\/wordpress\/wp-content\/uploads\/2024\/11\/th.jpg\" data-dt-img-description=\"\" data-large_image_width=\"148\" data-large_image_height=\"179\"><img loading=\"lazy\" decoding=\"async\" class=\" wp-image-417913 alignleft\" src=\"https:\/\/www.radiopiu.net\/wordpress\/wp-content\/uploads\/2024\/11\/th.jpg\" alt=\"\" width=\"66\" height=\"80\" \/><\/a>I podcast informativi del mattino &#8211; audio &#8211;\u00a0<\/span><\/h1>\n<blockquote><p><strong>GIORNALE RADIO NAZIONALE, EDIZIONE DELLE SETTE <span style=\"color: #0000ff;\">viene pubblicato alle 7.05 <span style=\"color: #ff0000;\">DIRETTA RADIO\u00a0<\/span><\/span><\/strong><\/p><\/blockquote>\n<p><strong>il giornale radionazionale e&#8217; in onda ogni ora, dalle sette del mattino alle venti della sera\u00a0 \u00a0\u00a0<\/strong><\/p>\n<p>&nbsp;<\/p>\n<blockquote>\n<h2><em> <a class=\"dt-pswp-item\" href=\"https:\/\/www.radiopiu.net\/wordpress\/wp-content\/uploads\/2025\/02\/download-7.jpg\" data-dt-img-description=\"\" data-large_image_width=\"211\" data-large_image_height=\"239\"><img loading=\"lazy\" decoding=\"async\" class=\" wp-image-435553 alignleft\" src=\"https:\/\/www.radiopiu.net\/wordpress\/wp-content\/uploads\/2025\/02\/download-7.jpg\" alt=\"\" width=\"186\" height=\"211\" \/><\/a><span style=\"color: #ff0000;\">RADIOPI\u00d9<\/span> \u2013 La voce del territorio, lo sguardo sul Paese.<\/em><\/h2>\n<\/blockquote>\n<p><b>\u00a0<\/b><\/p>\n<p data-start=\"30\" data-end=\"475\">Il fenomeno dei maltrattamenti sui minori assume contorni sempre pi\u00f9 preoccupanti. Secondo un recente report, l\u201987% degli abusi avviene all\u2019interno del nucleo familiare, delineando un quadro allarmante in cui &#8220;l\u2019orco&#8221; \u00e8 spesso una figura vicina. Negli ultimi cinque anni i casi sono aumentati del 58%, con un&#8217;impennata del 100% nel Sud Italia. L\u2019allarme \u00e8 stato rilanciato marted\u00ec, sottolineando l&#8217;urgenza di interventi strutturali e preventivi.<\/p>\n<p data-start=\"477\" data-end=\"941\">In ambito sanitario, emergono dati gravi: circa quattro milioni di italiani hanno rinunciato a visite specialistiche o esami diagnostici a causa delle lunghe liste d\u2019attesa. Questa criticit\u00e0 nella sanit\u00e0 pubblica peggiora l&#8217;accesso alle cure, aggravando disuguaglianze sociali. Intanto, a Roma si indaga sulla tragedia che ha visto la morte di una madre e della sua bambina: si cercano risposte negli ospedali, dove potrebbero esserci elementi utili alle indagini.<\/p>\n<p data-start=\"943\" data-end=\"1202\">Sul fronte giudiziario, i pubblici ministeri hanno chiesto 30 anni di carcere per Mohamed Gaaloul, accusato dell\u2019omicidio di Alice Neri. Tuttavia, l\u2019avvocato del marito, parte civile nel processo, contesta che siano state trascurate altre piste investigative.<\/p>\n<p data-start=\"1204\" data-end=\"1439\">Intanto a Reggio Emilia proseguono le indagini sul cosiddetto &#8220;terreno degli orrori&#8221;, dove sono state sepolte due donne. Le autorit\u00e0, con l\u2019ausilio di ruspe, cercano altre possibili vittime nel giardino appartenente al presunto killer.<\/p>\n<p data-start=\"1441\" data-end=\"1750\" data-is-last-node=\"\" data-is-only-node=\"\">Infine, un tragico incidente sul lavoro a Lecce: un operaio di 26 anni, dipendente di una ditta di edilizia acrobatica, \u00e8 precipitato da un\u2019altezza di sette metri a causa della rottura della corda di sicurezza, perdendo la vita. Un episodio che riporta l\u2019attenzione sulle condizioni di sicurezza nei cantieri.<\/p>\n<p>&nbsp;<\/p>\n<p>&nbsp;<\/p>\n<p>&nbsp;<\/p>\n<blockquote>\n<h2><span style=\"color: #ff0000;\">RADIOPI\u00d9<\/span> \u2013 Dalle Dolomiti alla pianura, i fatti che segnano la Regione.<\/h2>\n<\/blockquote>\n<p><strong><a class=\"dt-pswp-item\" href=\"https:\/\/www.radiopiu.net\/wordpress\/wp-content\/uploads\/2025\/02\/download-3.jpg\" data-dt-img-description=\"\" data-large_image_width=\"223\" data-large_image_height=\"226\"><img loading=\"lazy\" decoding=\"async\" class=\"size-full wp-image-434732 alignleft\" src=\"https:\/\/www.radiopiu.net\/wordpress\/wp-content\/uploads\/2025\/02\/download-3.jpg\" alt=\"\" width=\"223\" height=\"226\" \/><\/a><br \/>\n<\/strong><\/p>\n<h1><span style=\"color: #ff0000;\"><span style=\"color: #0000ff;\">ULTIM&#8217;ORA<\/span> <span style=\"color: #000000;\">AUDIO dalle sette del mattino, ogni ora alla radio EDIZIONE DELLE SETTE<\/span><\/span><\/h1>\n<p>&nbsp;<\/p>\n<p data-start=\"30\" data-end=\"477\">In vista delle Olimpiadi Invernali Milano-Cortina 2026, Cortina d\u2019Ampezzo lancia l\u2019\u201cAccademia dell\u2019Ospitalit\u00e0\u201d, un progetto per formare personale specializzato nel settore turistico-alberghiero, in previsione dell\u2019afflusso di visitatori. Parallelamente, Confartigianato si attiva per migliorare la mobilit\u00e0 legata all\u2019evento, siglando un accordo per potenziare i servizi di trasporto non di linea, con l&#8217;obiettivo di valorizzare le imprese locali.<\/p>\n<p data-start=\"479\" data-end=\"743\">In ambito sanitario, il presidente del Veneto, Luca Zaia, dichiara che nella regione le liste d\u2019attesa sono \u201cquasi azzerate\u201d, evidenziando un\u2019efficienza diversa rispetto al resto d\u2019Italia, dove i tempi per accedere alle cure rappresentano ancora un grave problema.<\/p>\n<p data-start=\"745\" data-end=\"942\">A Padova, l\u2019Universit\u00e0 ha inaugurato il nuovo Complesso Hub di Ingegneria, un moderno centro didattico e di ricerca che rafforza l\u2019offerta formativa e l\u2019innovazione nel settore tecnico-scientifico.<\/p>\n<p data-start=\"944\" data-end=\"1113\">Nel frattempo, il TAR ha rinviato la decisione sul destino dei beagle destinati alla sperimentazione animale, tema che continua a suscitare un acceso dibattito pubblico.<\/p>\n<p data-start=\"1115\" data-end=\"1491\">Sul fronte ambientale, la Lega propone un emendamento per rinviare di un anno il blocco alla circolazione dei veicoli diesel Euro 5, misura criticata da chi chiede interventi pi\u00f9 incisivi contro l\u2019inquinamento. Intanto, per Venezia, si ipotizza che il sistema Mose, da solo, non sar\u00e0 pi\u00f9 sufficiente a fine secolo: sar\u00e0 necessario adottare un \u201cmix\u201d di strategie di protezione.<\/p>\n<p data-start=\"1493\" data-end=\"1672\">In ambito culturale e musicale, Francesca Michielin sorprende il pubblico con il video del brano <em data-start=\"1590\" data-end=\"1601\">Francesca<\/em>, dove compare l\u2019attrice Margherita Buy nel ruolo della sua psicologa.<\/p>\n<p data-start=\"1674\" data-end=\"1891\" data-is-last-node=\"\" data-is-only-node=\"\">Infine, a Verona, la stazione ferroviaria \u00e8 stata temporaneamente blindata dopo l\u2019annuncio online di una sfida tra \u201cmaranza\u201d e ultras, lanciata da un influencer torinese, causando preoccupazione per l\u2019ordine pubblico.<\/p>\n<p>&nbsp;<\/p>\n<audio class=\"wp-audio-shortcode\" id=\"audio-453300-5\" preload=\"none\" style=\"width: 100%;\" controls=\"controls\"><source type=\"audio\/mpeg\" src=\"https:\/\/www.radiopiu.net\/wordpress\/wp-content\/uploads\/2025\/06\/giornale07-10.mp3?_=5\" \/><a href=\"https:\/\/www.radiopiu.net\/wordpress\/wp-content\/uploads\/2025\/06\/giornale07-10.mp3\">https:\/\/www.radiopiu.net\/wordpress\/wp-content\/uploads\/2025\/06\/giornale07-10.mp3<\/a><\/audio>\n<p>&nbsp;<\/p>\n<hr \/>\n<p>&nbsp;<\/p>\n<p>&nbsp;<\/p>\n<h1><span style=\"color: #ff0000;\"><a class=\"dt-pswp-item\" href=\"https:\/\/www.radiopiu.net\/wordpress\/wp-content\/uploads\/2024\/11\/8.jpg\" data-dt-img-description=\"\" data-large_image_width=\"180\" data-large_image_height=\"180\"><img loading=\"lazy\" decoding=\"async\" class=\"size-full wp-image-417910 alignleft\" src=\"https:\/\/www.radiopiu.net\/wordpress\/wp-content\/uploads\/2024\/11\/8.jpg\" alt=\"\" width=\"180\" height=\"180\" srcset=\"https:\/\/www.radiopiu.net\/wordpress\/wp-content\/uploads\/2024\/11\/8.jpg 180w, https:\/\/www.radiopiu.net\/wordpress\/wp-content\/uploads\/2024\/11\/8-150x150.jpg 150w\" sizes=\"auto, (max-width: 180px) 100vw, 180px\" \/><\/a>I podcast informativi del mattino &#8211; video &#8211;\u00a0<\/span><\/h1>\n<h2 style=\"text-align: left;\"><strong>RASSEGNA STAMPA LOCALE, ORE OTTO<\/strong><\/h2>\n<h2><strong> <span style=\"color: #0000ff;\">viene\u00a0 <\/span><\/strong><strong><span style=\"color: #0000ff;\">pubblicata alle 8.05 <span style=\"color: #ff0000;\">DIRETTA RADIO\u00a0 \u00a0<\/span><\/span><\/strong><strong>DI MIRKO MEZZACASA<\/strong><\/h2>\n<h1><span style=\"color: #ff0000;\"><strong>VIDEO\u00a0 \u00a0in diretta AGGIORNAMENTO\u00a0 dalle 8 del mattino\u00a0 \u00a0\u00a0<\/strong><\/span><\/h1>\n<p>&nbsp;<\/p>\n<p><iframe loading=\"lazy\" title=\"DAL 1983 LA RASSEGNA STAMPA LOCALE. L&#039;ORIGINALE 12 GIUGNO 2025\" width=\"1200\" height=\"675\" src=\"https:\/\/www.youtube.com\/embed\/KcXorSRhrB8?feature=oembed\" frameborder=\"0\" allow=\"accelerometer; autoplay; clipboard-write; encrypted-media; gyroscope; picture-in-picture; web-share\" referrerpolicy=\"strict-origin-when-cross-origin\" allowfullscreen><\/iframe><\/p>\n<p>&nbsp;<\/p>\n<hr \/>\n<p>&nbsp;<\/p>\n<p>&nbsp;<\/p>\n<p>&nbsp;<\/p>\n<p><strong><a class=\"dt-pswp-item\" href=\"https:\/\/www.radiopiu.net\/wordpress\/wp-content\/uploads\/2023\/12\/ANTENNA.png\" data-dt-img-description=\"\" data-large_image_width=\"300\" data-large_image_height=\"166\"><img loading=\"lazy\" decoding=\"async\" class=\"wp-image-366306 alignright\" src=\"https:\/\/www.radiopiu.net\/wordpress\/wp-content\/uploads\/2023\/12\/ANTENNA.png\" alt=\"\" width=\"101\" height=\"56\" \/><\/a><a class=\"dt-pswp-item\" href=\"https:\/\/www.radiopiu.net\/wordpress\/wp-content\/uploads\/2024\/11\/th-17.jpg\" data-dt-img-description=\"\" data-large_image_width=\"224\" data-large_image_height=\"180\"><img loading=\"lazy\" decoding=\"async\" class=\" wp-image-421610 alignleft\" src=\"https:\/\/www.radiopiu.net\/wordpress\/wp-content\/uploads\/2024\/11\/th-17.jpg\" alt=\"\" width=\"167\" height=\"134\" \/><\/a>ogni sera alle 19 le anticipazioni alla radio, quello che poi seguirete nel TELEGIORNALE BELLUNESE\u00a0 in onda alle 19.30 sul CANALE 10 del digitale terrestre.\u00a0\u00a0<\/strong><\/p>\n<p><b>\u00a0\u00a0<\/b><\/p>\n<h1><span style=\"color: #ff0000;\"><strong>LE ANTICIPAZIONI DI TIZIANA BOLOGNANI<\/strong><\/span><\/h1>\n<p>&nbsp;<\/p>\n<audio class=\"wp-audio-shortcode\" id=\"audio-453300-6\" preload=\"none\" style=\"width: 100%;\" controls=\"controls\"><source type=\"audio\/mpeg\" src=\"https:\/\/www.radiopiu.net\/wordpress\/wp-content\/uploads\/2025\/06\/ANTENNA3-6.mp3?_=6\" \/><a href=\"https:\/\/www.radiopiu.net\/wordpress\/wp-content\/uploads\/2025\/06\/ANTENNA3-6.mp3\">https:\/\/www.radiopiu.net\/wordpress\/wp-content\/uploads\/2025\/06\/ANTENNA3-6.mp3<\/a><\/audio>\n<p>&nbsp;<\/p>\n<hr \/>\n<p>&nbsp;<\/p>\n<blockquote>\n<h3>DOMENICA LA SPORTFUL DOLOMITI RACE<\/h3>\n<\/blockquote>\n\n\t\t\t<style type='text\/css'>\n\t\t\t\t#gallery-1 {\n\t\t\t\t\tmargin: auto;\n\t\t\t\t}\n\t\t\t\t#gallery-1 .gallery-item {\n\t\t\t\t\tfloat: left;\n\t\t\t\t\tmargin-top: 10px;\n\t\t\t\t\ttext-align: center;\n\t\t\t\t\twidth: 25%;\n\t\t\t\t}\n\t\t\t\t#gallery-1 img {\n\t\t\t\t\tborder: 2px solid #cfcfcf;\n\t\t\t\t}\n\t\t\t\t#gallery-1 .gallery-caption {\n\t\t\t\t\tmargin-left: 0;\n\t\t\t\t}\n\t\t\t\t\/* see gallery_shortcode() in wp-includes\/media.php *\/\n\t\t\t<\/style>\n\t\t<div id='gallery-1' class='dt-gallery-container gallery galleryid-453300 gallery-columns-4 gallery-size-medium'><dl class='gallery-item'>\n\t\t\t\t<dt class='gallery-icon landscape'>\n\t\t\t\t\t<a class=\"rollover rollover-zoom dt-pswp-item\" title=\"Sportful_2025_alt_lungo\" data-dt-img-description=\"\" data-large_image_width=\"841\" data-large_image_height=\"595\"href='https:\/\/www.radiopiu.net\/wordpress\/wp-content\/uploads\/2025\/06\/Sportful_2025_alt_lungo-rotated.jpg'><img loading=\"lazy\" decoding=\"async\" width=\"300\" height=\"212\" src=\"https:\/\/www.radiopiu.net\/wordpress\/wp-content\/uploads\/2025\/06\/Sportful_2025_alt_lungo-300x212.jpg\" class=\"attachment-medium size-medium\" alt=\"\" srcset=\"https:\/\/www.radiopiu.net\/wordpress\/wp-content\/uploads\/2025\/06\/Sportful_2025_alt_lungo-300x212.jpg 300w, https:\/\/www.radiopiu.net\/wordpress\/wp-content\/uploads\/2025\/06\/Sportful_2025_alt_lungo-768x543.jpg 768w, https:\/\/www.radiopiu.net\/wordpress\/wp-content\/uploads\/2025\/06\/Sportful_2025_alt_lungo-rotated.jpg 841w\" sizes=\"auto, (max-width: 300px) 100vw, 300px\" \/><\/a>\n\t\t\t\t<\/dt><\/dl><dl class='gallery-item'>\n\t\t\t\t<dt class='gallery-icon portrait'>\n\t\t\t\t\t<a class=\"rollover rollover-zoom dt-pswp-item\" title=\"PLANIMETRIA SPORTFUL DOLOMITI RACE 2025.jpg_compressed\" data-dt-img-description=\"\" data-large_image_width=\"595\" data-large_image_height=\"841\"href='https:\/\/www.radiopiu.net\/wordpress\/wp-content\/uploads\/2025\/06\/PLANIMETRIA-SPORTFUL-DOLOMITI-RACE-2025.jpg_compressed.jpg'><img loading=\"lazy\" decoding=\"async\" width=\"212\" height=\"300\" src=\"https:\/\/www.radiopiu.net\/wordpress\/wp-content\/uploads\/2025\/06\/PLANIMETRIA-SPORTFUL-DOLOMITI-RACE-2025.jpg_compressed-212x300.jpg\" class=\"attachment-medium size-medium\" alt=\"\" srcset=\"https:\/\/www.radiopiu.net\/wordpress\/wp-content\/uploads\/2025\/06\/PLANIMETRIA-SPORTFUL-DOLOMITI-RACE-2025.jpg_compressed-212x300.jpg 212w, https:\/\/www.radiopiu.net\/wordpress\/wp-content\/uploads\/2025\/06\/PLANIMETRIA-SPORTFUL-DOLOMITI-RACE-2025.jpg_compressed.jpg 595w\" sizes=\"auto, (max-width: 212px) 100vw, 212px\" \/><\/a>\n\t\t\t\t<\/dt><\/dl><dl class='gallery-item'>\n\t\t\t\t<dt class='gallery-icon portrait'>\n\t\t\t\t\t<a class=\"rollover rollover-zoom dt-pswp-item\" title=\"ORARI CHIUSURE STRADE SDR 2025\" data-dt-img-description=\"\" data-large_image_width=\"595\" data-large_image_height=\"841\"href='https:\/\/www.radiopiu.net\/wordpress\/wp-content\/uploads\/2025\/06\/ORARI-CHIUSURE-STRADE-SDR-2025.jpg'><img loading=\"lazy\" decoding=\"async\" width=\"212\" height=\"300\" src=\"https:\/\/www.radiopiu.net\/wordpress\/wp-content\/uploads\/2025\/06\/ORARI-CHIUSURE-STRADE-SDR-2025-212x300.jpg\" class=\"attachment-medium size-medium\" alt=\"\" srcset=\"https:\/\/www.radiopiu.net\/wordpress\/wp-content\/uploads\/2025\/06\/ORARI-CHIUSURE-STRADE-SDR-2025-212x300.jpg 212w, https:\/\/www.radiopiu.net\/wordpress\/wp-content\/uploads\/2025\/06\/ORARI-CHIUSURE-STRADE-SDR-2025.jpg 595w\" sizes=\"auto, (max-width: 212px) 100vw, 212px\" \/><\/a>\n\t\t\t\t<\/dt><\/dl><dl class='gallery-item'>\n\t\t\t\t<dt class='gallery-icon portrait'>\n\t\t\t\t\t<a class=\"rollover rollover-zoom dt-pswp-item\" title=\"ORARI CHIUSURE STRADE SDR 2025 2\" data-dt-img-description=\"\" data-large_image_width=\"595\" data-large_image_height=\"841\"href='https:\/\/www.radiopiu.net\/wordpress\/wp-content\/uploads\/2025\/06\/ORARI-CHIUSURE-STRADE-SDR-2025-2.jpg'><img loading=\"lazy\" decoding=\"async\" width=\"212\" height=\"300\" src=\"https:\/\/www.radiopiu.net\/wordpress\/wp-content\/uploads\/2025\/06\/ORARI-CHIUSURE-STRADE-SDR-2025-2-212x300.jpg\" class=\"attachment-medium size-medium\" alt=\"\" srcset=\"https:\/\/www.radiopiu.net\/wordpress\/wp-content\/uploads\/2025\/06\/ORARI-CHIUSURE-STRADE-SDR-2025-2-212x300.jpg 212w, https:\/\/www.radiopiu.net\/wordpress\/wp-content\/uploads\/2025\/06\/ORARI-CHIUSURE-STRADE-SDR-2025-2.jpg 595w\" sizes=\"auto, (max-width: 212px) 100vw, 212px\" \/><\/a>\n\t\t\t\t<\/dt><\/dl><br style=\"clear: both\" \/>\n\t\t\t<\/div>\n\n<p>&nbsp;<\/p>\n<hr \/>\n<p>&nbsp;<\/p>\n<p>&nbsp;<\/p>\n<blockquote>\n<h3>ACQUA NON POTABILE A VOLTAGO E GOSALDO<\/h3>\n<\/blockquote>\n<p><strong>GOSALDO\u00a0<\/strong>in localit\u00e0 Vallasin l&#8217;acqua erogata dall&#8217;acquedotto non \u00e8 potabile e pu\u00f2 essere usata per scopi alimentari solo previa bollitura. SIB ha, comunque, gi\u00e0 adottato le necessarie misure di pulizia e disinfezione dell&#8217;acqua presente nei serbatoi e nella rete idrica.<\/p>\n<p><strong>VOLTAGO<\/strong> nelle localit\u00e0 Frassen\u00e8, Villa e Via Gioa l&#8217;acqua erogata dall&#8217;acquedotto non \u00e8 potabile e pu\u00f2 essere usata per scopi alimentari solo previa bollitura. Verr\u00e0 effettuato servizio sostitutivo con autobotte in Piazza Don Stefano Gorzegno.<\/p>\n<p>&nbsp;<\/p>\n<p>&nbsp;<\/p>\n<hr \/>\n<p>&nbsp;<\/p>\n<blockquote>\n<h3>FELTRE PIANGE ELENA ZANNIN. L&#8217;ADDIO IN DUOMO TRA LACRIME E SILENZIO<\/h3>\n<\/blockquote>\n<p><strong><a class=\"dt-pswp-item\" href=\"https:\/\/www.radiopiu.net\/wordpress\/wp-content\/uploads\/2025\/06\/fbacfe79-b2a9-4541-8db4-5f378435f830.jpg\" data-dt-img-description=\"\" data-large_image_width=\"1600\" data-large_image_height=\"720\"><img loading=\"lazy\" decoding=\"async\" class=\" wp-image-453441 alignleft\" src=\"https:\/\/www.radiopiu.net\/wordpress\/wp-content\/uploads\/2025\/06\/fbacfe79-b2a9-4541-8db4-5f378435f830-300x135.jpg\" alt=\"\" width=\"271\" height=\"122\" srcset=\"https:\/\/www.radiopiu.net\/wordpress\/wp-content\/uploads\/2025\/06\/fbacfe79-b2a9-4541-8db4-5f378435f830-300x135.jpg 300w, https:\/\/www.radiopiu.net\/wordpress\/wp-content\/uploads\/2025\/06\/fbacfe79-b2a9-4541-8db4-5f378435f830-1024x461.jpg 1024w, https:\/\/www.radiopiu.net\/wordpress\/wp-content\/uploads\/2025\/06\/fbacfe79-b2a9-4541-8db4-5f378435f830-768x346.jpg 768w, https:\/\/www.radiopiu.net\/wordpress\/wp-content\/uploads\/2025\/06\/fbacfe79-b2a9-4541-8db4-5f378435f830-1536x691.jpg 1536w, https:\/\/www.radiopiu.net\/wordpress\/wp-content\/uploads\/2025\/06\/fbacfe79-b2a9-4541-8db4-5f378435f830.jpg 1600w\" sizes=\"auto, (max-width: 271px) 100vw, 271px\" \/><\/a>FELTRE<\/strong> Si \u00e8 svolto nel Duomo di Feltre il funerale di Elena Zannin, 57enne di Farra di Feltre, deceduta durante un\u2019escursione solitaria lungo il Sentiero Corrado De Bastiani. La donna, titolare di un noto salone di parrucchiera a Pedavena, era molto conosciuta e apprezzata anche per il suo impegno in eventi locali. La notizia della sua tragica scomparsa ha colpito profondamente le comunit\u00e0 di Farra e Pedavena. Alla cerimonia hanno partecipato numerosi amici, clienti e conoscenti, riempiendo la chiesa in un clima di forte commozione. La famiglia \u2014 il marito Ferruccio, il figlio Mattia con Beatrice, la madre Dora, i fratelli, le sorelle, i cognati e i nipoti \u2014 \u00e8 stata avvolta da un abbraccio collettivo. Il parroco ha ricordato Elena come una donna capace di \u201ccreare bellezza nella semplicit\u00e0\u201d. Toccanti gli interventi dei fratelli, con la lettura di Sant\u2019Agostino, e delle nipoti, che hanno espresso dolore e amore. Un lungo applauso ha concluso la funzione. Le offerte raccolte sono state devolute al Suem, in segno di riconoscenza per l\u2019aiuto prestato nelle ricerche.<\/p>\n<p>&nbsp;<\/p>\n<p>&nbsp;<\/p>\n<hr \/>\n<p>&nbsp;<\/p>\n<blockquote>\n<h3>TRAGICO INCIDENTE IN POLONIA: MUORE IL 21ENNE MATTEO DORETTO<\/h3>\n<\/blockquote>\n<p><strong><a class=\"dt-pswp-item\" href=\"https:\/\/www.radiopiu.net\/wordpress\/wp-content\/uploads\/2025\/06\/doretto.png\" data-dt-img-description=\"\" data-large_image_width=\"1107\" data-large_image_height=\"764\"><img loading=\"lazy\" decoding=\"async\" class=\" wp-image-453452 alignleft\" src=\"https:\/\/www.radiopiu.net\/wordpress\/wp-content\/uploads\/2025\/06\/doretto-300x207.png\" alt=\"\" width=\"200\" height=\"138\" srcset=\"https:\/\/www.radiopiu.net\/wordpress\/wp-content\/uploads\/2025\/06\/doretto-300x207.png 300w, https:\/\/www.radiopiu.net\/wordpress\/wp-content\/uploads\/2025\/06\/doretto-1024x707.png 1024w, https:\/\/www.radiopiu.net\/wordpress\/wp-content\/uploads\/2025\/06\/doretto-768x530.png 768w, https:\/\/www.radiopiu.net\/wordpress\/wp-content\/uploads\/2025\/06\/doretto.png 1107w\" sizes=\"auto, (max-width: 200px) 100vw, 200px\" \/><\/a>BELLUNO<\/strong><\/p>\n<p>DI ROBERTO BONA<\/p>\n<p>(FOTO: Messaggero Veneto)<\/p>\n<audio class=\"wp-audio-shortcode\" id=\"audio-453300-7\" preload=\"none\" style=\"width: 100%;\" controls=\"controls\"><source type=\"audio\/mpeg\" src=\"https:\/\/www.radiopiu.net\/wordpress\/wp-content\/uploads\/2025\/06\/MATTEO-DORETTO.mp3?_=7\" \/><a href=\"https:\/\/www.radiopiu.net\/wordpress\/wp-content\/uploads\/2025\/06\/MATTEO-DORETTO.mp3\">https:\/\/www.radiopiu.net\/wordpress\/wp-content\/uploads\/2025\/06\/MATTEO-DORETTO.mp3<\/a><\/audio>\n<p>&nbsp;<\/p>\n<hr \/>\n<p>&nbsp;<\/p>\n<blockquote>\n<h3>TURISTI FRANCESI BLOCCATI SUL SENTIERO 480: RECUPERATI DAL SUEM VICINO ALLE CRODE DI FORCA ROSSA<\/h3>\n<\/blockquote>\n<p><strong>VODO DI CADORE <\/strong>Verso le 19.20 di ieri una coppia di turisti francesi, un uomo e una donna, ha chiesto aiuto, trovandosi in difficolt\u00e0 all&#8217;altezza di Forcella Val d&#8217;Arcia. Mentre stavano percorrendo l&#8217;Alta Via numero 1 lungo il sentiero 480, erano usciti dal percorso rimanendo bloccati sopra salti di roccia, vicini alle Crode di Forca Rossa. Risaliti alle coordinate del punto, l&#8217;elicottero del Suem di Pieve di Cadore li ha individuati ed ha provveduto al loro recupero. Gli escursionisti, che stavano bene, sono stati lasciati al Rifugio Venezia. Pronta a intervenire una squadra del Soccorso alpino di San Vito di Cadore.<\/p>\n<p>&nbsp;<\/p>\n<p>&nbsp;<\/p>\n<hr \/>\n<p>&nbsp;<\/p>\n<blockquote>\n<h3>MINORENNE IN OSPEDALE MA NON IN PERICOLO DI VITA<\/h3>\n<\/blockquote>\n<p><strong><a class=\"dt-pswp-item\" href=\"https:\/\/www.radiopiu.net\/wordpress\/wp-content\/uploads\/2023\/08\/ambulanza-ulss-1.jpg\" data-dt-img-description=\"\" data-large_image_width=\"1591\" data-large_image_height=\"1029\"><img loading=\"lazy\" decoding=\"async\" class=\" wp-image-348787 alignleft\" src=\"https:\/\/www.radiopiu.net\/wordpress\/wp-content\/uploads\/2023\/08\/ambulanza-ulss-1-300x194.jpg\" alt=\"\" width=\"176\" height=\"114\" srcset=\"https:\/\/www.radiopiu.net\/wordpress\/wp-content\/uploads\/2023\/08\/ambulanza-ulss-1-300x194.jpg 300w, https:\/\/www.radiopiu.net\/wordpress\/wp-content\/uploads\/2023\/08\/ambulanza-ulss-1-1024x662.jpg 1024w, https:\/\/www.radiopiu.net\/wordpress\/wp-content\/uploads\/2023\/08\/ambulanza-ulss-1-768x497.jpg 768w, https:\/\/www.radiopiu.net\/wordpress\/wp-content\/uploads\/2023\/08\/ambulanza-ulss-1-1536x993.jpg 1536w, https:\/\/www.radiopiu.net\/wordpress\/wp-content\/uploads\/2023\/08\/ambulanza-ulss-1.jpg 1591w\" sizes=\"auto, (max-width: 176px) 100vw, 176px\" \/><\/a>REDAZIONE<\/strong> Giornata, quella di ieri, con quattro interventi per il personale del Suem 118. Il primo intervento \u00e8 avvenuto alle 6:44 a Pieve di Cadore, dove un uomo di 84 anni, residente a Roma, \u00e8 rimasto coinvolto in un incidente stradale. L\u2019anziano \u00e8 stato soccorso sul posto dall\u2019ambulanza di Pieve di Cadore e fortunatamente non si \u00e8 reso necessario il trasporto in ospedale. Alle 8:15, a Sagrogna (Belluno), un altro incidente stradale ha coinvolto un uomo di 41 anni residente a Belluno. Il paziente \u00e8 stato trasportato al pronto soccorso di Belluno da un\u2019ambulanza, ma le sue condizioni non sono state giudicate gravi. Poco dopo mezzogiorno il SUEM \u00e8 intervenuto a Cortina d\u2019Ampezzo per soccorrere un ciclista di nazionalit\u00e0 tedesca caduto durante un\u2019escursione. Il ferito \u00e8 stato trasportato con l\u2019ambulanza di Cortina in codice giallo. Infine, alle ore 14:19 a Belluno citt\u00e0, un\u2019altra ambulanza \u00e8 intervenuta per un incidente stradale che ha coinvolto una minorenne. La giovane, residente a Belluno, \u00e8 stata trasportata in ospedale per accertamenti. Due ambulanze sono state impiegate per l\u2019intervento, a conferma della complessit\u00e0 della situazione.<\/p>\n<p>&nbsp;<\/p>\n<p>&nbsp;<\/p>\n<hr \/>\n<p>&nbsp;<\/p>\n<blockquote>\n<h3>BORSEGGI E DROGA ALLA FESTA DI FINE ANNO: INTERVENTO DEI CARABINIERI ALLA DISCOTECA &#8220;ODISSEA&#8221; DI SPRESIANO. FERMATO ANCHE UN BELLUNESE<\/h3>\n<\/blockquote>\n<p><strong><a class=\"dt-pswp-item\" href=\"https:\/\/www.radiopiu.net\/wordpress\/wp-content\/uploads\/2024\/12\/CARABINIERI-16.jpg\" data-dt-img-description=\"\" data-large_image_width=\"2048\" data-large_image_height=\"1536\"><img loading=\"lazy\" decoding=\"async\" class=\" wp-image-425848 alignleft\" src=\"https:\/\/www.radiopiu.net\/wordpress\/wp-content\/uploads\/2024\/12\/CARABINIERI-16-300x225.jpg\" alt=\"\" width=\"168\" height=\"126\" srcset=\"https:\/\/www.radiopiu.net\/wordpress\/wp-content\/uploads\/2024\/12\/CARABINIERI-16-300x225.jpg 300w, https:\/\/www.radiopiu.net\/wordpress\/wp-content\/uploads\/2024\/12\/CARABINIERI-16-1024x768.jpg 1024w, https:\/\/www.radiopiu.net\/wordpress\/wp-content\/uploads\/2024\/12\/CARABINIERI-16-768x576.jpg 768w, https:\/\/www.radiopiu.net\/wordpress\/wp-content\/uploads\/2024\/12\/CARABINIERI-16-1536x1152.jpg 1536w, https:\/\/www.radiopiu.net\/wordpress\/wp-content\/uploads\/2024\/12\/CARABINIERI-16.jpg 2048w\" sizes=\"auto, (max-width: 168px) 100vw, 168px\" \/><\/a>SPRESIANO (TV) <\/strong>Notte movimentata quella del 10 giugno alla discoteca \u201cOdissea\u201d di via Tiepolo, teatro della tradizionale festa studentesca di fine anno scolastico. Durante l\u2019evento, i Carabinieri della Stazione di Spresiano, impegnati in un servizio coordinato di prevenzione, hanno denunciato in stato di libert\u00e0 una ragazza di 18 anni, residente a Volpago del Montello. La giovane, segnalata dagli addetti alla sicurezza come sospetta borseggiatrice, \u00e8 stata identificata e sottoposta a perquisizione. Addosso le sono stati trovati due orecchini di bigiotteria rubati poche ore prima da una tabaccheria locale, oltre a una boccetta contenente una sostanza urticante. Tutto il materiale \u00e8 stato sequestrato. Parallelamente, i militari della Stazione di Villorba hanno fermato un 17enne di Belluno nell\u2019area parcheggio della discoteca: trovato in possesso di 0,25 grammi di hashish, \u00e8 stato segnalato alla Prefettura per uso personale di stupefacenti. L\u2019intervento rientra nei servizi dell\u2019Arma volti a garantire sicurezza e legalit\u00e0 durante gli eventi giovanili di massa.<\/p>\n<p>&nbsp;<\/p>\n<p>&nbsp;<\/p>\n<hr \/>\n<p>&nbsp;<\/p>\n<blockquote>\n<h3>SANIT\u00c0, LAVORO, TRASPORTI: LE PRIORIT\u00c0 DEI CITTADINI BELLUNESI SECONDO UN SONDAGGIO UIL VENETO<\/h3>\n<\/blockquote>\n<p><strong><a class=\"dt-pswp-item\" href=\"https:\/\/www.radiopiu.net\/wordpress\/wp-content\/uploads\/2025\/06\/129ca661-0cca-425a-aa9f-26b1377a260a-scaled.jpg\" data-dt-img-description=\"\" data-large_image_width=\"2560\" data-large_image_height=\"1920\"><img loading=\"lazy\" decoding=\"async\" class=\" wp-image-453406 alignleft\" src=\"https:\/\/www.radiopiu.net\/wordpress\/wp-content\/uploads\/2025\/06\/129ca661-0cca-425a-aa9f-26b1377a260a-300x225.jpg\" alt=\"\" width=\"163\" height=\"122\" srcset=\"https:\/\/www.radiopiu.net\/wordpress\/wp-content\/uploads\/2025\/06\/129ca661-0cca-425a-aa9f-26b1377a260a-300x225.jpg 300w, https:\/\/www.radiopiu.net\/wordpress\/wp-content\/uploads\/2025\/06\/129ca661-0cca-425a-aa9f-26b1377a260a-1024x768.jpg 1024w, https:\/\/www.radiopiu.net\/wordpress\/wp-content\/uploads\/2025\/06\/129ca661-0cca-425a-aa9f-26b1377a260a-768x576.jpg 768w, https:\/\/www.radiopiu.net\/wordpress\/wp-content\/uploads\/2025\/06\/129ca661-0cca-425a-aa9f-26b1377a260a-1536x1152.jpg 1536w, https:\/\/www.radiopiu.net\/wordpress\/wp-content\/uploads\/2025\/06\/129ca661-0cca-425a-aa9f-26b1377a260a-2048x1536.jpg 2048w\" sizes=\"auto, (max-width: 163px) 100vw, 163px\" \/><\/a>BELLUNO<\/strong> Sanit\u00e0, lavoro, trasporti: queste le priorit\u00e0 per i cittadini bellunesi secondo un sondaggio di UIL Veneto che ha toccato tutte le province della regione.<\/p>\n<p><strong>DI DANIELE DALVIT<\/strong><\/p>\n<audio class=\"wp-audio-shortcode\" id=\"audio-453300-8\" preload=\"none\" style=\"width: 100%;\" controls=\"controls\"><source type=\"audio\/mpeg\" src=\"https:\/\/www.radiopiu.net\/wordpress\/wp-content\/uploads\/2025\/06\/Servizio-Sondaggio-UIL.mp3?_=8\" \/><a href=\"https:\/\/www.radiopiu.net\/wordpress\/wp-content\/uploads\/2025\/06\/Servizio-Sondaggio-UIL.mp3\">https:\/\/www.radiopiu.net\/wordpress\/wp-content\/uploads\/2025\/06\/Servizio-Sondaggio-UIL.mp3<\/a><\/audio>\n<p>&nbsp;<\/p>\n\n\t\t\t<style type='text\/css'>\n\t\t\t\t#gallery-2 {\n\t\t\t\t\tmargin: auto;\n\t\t\t\t}\n\t\t\t\t#gallery-2 .gallery-item {\n\t\t\t\t\tfloat: left;\n\t\t\t\t\tmargin-top: 10px;\n\t\t\t\t\ttext-align: center;\n\t\t\t\t\twidth: 25%;\n\t\t\t\t}\n\t\t\t\t#gallery-2 img {\n\t\t\t\t\tborder: 2px solid #cfcfcf;\n\t\t\t\t}\n\t\t\t\t#gallery-2 .gallery-caption {\n\t\t\t\t\tmargin-left: 0;\n\t\t\t\t}\n\t\t\t\t\/* see gallery_shortcode() in wp-includes\/media.php *\/\n\t\t\t<\/style>\n\t\t<div id='gallery-2' class='dt-gallery-container gallery galleryid-453300 gallery-columns-4 gallery-size-medium'><dl class='gallery-item'>\n\t\t\t\t<dt class='gallery-icon landscape'>\n\t\t\t\t\t<a class=\"rollover rollover-zoom dt-pswp-item\" title=\"INTERVISTA\" data-dt-img-description=\"\" data-large_image_width=\"640\" data-large_image_height=\"480\"href='https:\/\/www.radiopiu.net\/wordpress\/wp-content\/uploads\/2025\/06\/INTERVISTA.jpg'><img loading=\"lazy\" decoding=\"async\" width=\"300\" height=\"225\" src=\"https:\/\/www.radiopiu.net\/wordpress\/wp-content\/uploads\/2025\/06\/INTERVISTA-300x225.jpg\" class=\"attachment-medium size-medium\" alt=\"\" srcset=\"https:\/\/www.radiopiu.net\/wordpress\/wp-content\/uploads\/2025\/06\/INTERVISTA-300x225.jpg 300w, https:\/\/www.radiopiu.net\/wordpress\/wp-content\/uploads\/2025\/06\/INTERVISTA.jpg 640w\" sizes=\"auto, (max-width: 300px) 100vw, 300px\" \/><\/a>\n\t\t\t\t<\/dt><\/dl><dl class='gallery-item'>\n\t\t\t\t<dt class='gallery-icon landscape'>\n\t\t\t\t\t<a class=\"rollover rollover-zoom dt-pswp-item\" title=\"SALA\" data-dt-img-description=\"\" data-large_image_width=\"640\" data-large_image_height=\"480\"href='https:\/\/www.radiopiu.net\/wordpress\/wp-content\/uploads\/2025\/06\/SALA.jpg'><img loading=\"lazy\" decoding=\"async\" width=\"300\" height=\"225\" src=\"https:\/\/www.radiopiu.net\/wordpress\/wp-content\/uploads\/2025\/06\/SALA-300x225.jpg\" class=\"attachment-medium size-medium\" alt=\"\" srcset=\"https:\/\/www.radiopiu.net\/wordpress\/wp-content\/uploads\/2025\/06\/SALA-300x225.jpg 300w, https:\/\/www.radiopiu.net\/wordpress\/wp-content\/uploads\/2025\/06\/SALA.jpg 640w\" sizes=\"auto, (max-width: 300px) 100vw, 300px\" \/><\/a>\n\t\t\t\t<\/dt><\/dl><dl class='gallery-item'>\n\t\t\t\t<dt class='gallery-icon landscape'>\n\t\t\t\t\t<a class=\"rollover rollover-zoom dt-pswp-item\" title=\"TAVOLO RELATORI\" data-dt-img-description=\"\" data-large_image_width=\"640\" data-large_image_height=\"480\"href='https:\/\/www.radiopiu.net\/wordpress\/wp-content\/uploads\/2025\/06\/TAVOLO-RELATORI.jpg'><img loading=\"lazy\" decoding=\"async\" width=\"300\" height=\"225\" src=\"https:\/\/www.radiopiu.net\/wordpress\/wp-content\/uploads\/2025\/06\/TAVOLO-RELATORI-300x225.jpg\" class=\"attachment-medium size-medium\" alt=\"\" srcset=\"https:\/\/www.radiopiu.net\/wordpress\/wp-content\/uploads\/2025\/06\/TAVOLO-RELATORI-300x225.jpg 300w, https:\/\/www.radiopiu.net\/wordpress\/wp-content\/uploads\/2025\/06\/TAVOLO-RELATORI.jpg 640w\" sizes=\"auto, (max-width: 300px) 100vw, 300px\" \/><\/a>\n\t\t\t\t<\/dt><\/dl><dl class='gallery-item'>\n\t\t\t\t<dt class='gallery-icon landscape'>\n\t\t\t\t\t<a class=\"rollover rollover-zoom dt-pswp-item\" title=\"TOIGO UIL VENETO\" data-dt-img-description=\"\" data-large_image_width=\"640\" data-large_image_height=\"480\"href='https:\/\/www.radiopiu.net\/wordpress\/wp-content\/uploads\/2025\/06\/TOIGO-UIL-VENETO.jpg'><img loading=\"lazy\" decoding=\"async\" width=\"300\" height=\"225\" src=\"https:\/\/www.radiopiu.net\/wordpress\/wp-content\/uploads\/2025\/06\/TOIGO-UIL-VENETO-300x225.jpg\" class=\"attachment-medium size-medium\" alt=\"\" srcset=\"https:\/\/www.radiopiu.net\/wordpress\/wp-content\/uploads\/2025\/06\/TOIGO-UIL-VENETO-300x225.jpg 300w, https:\/\/www.radiopiu.net\/wordpress\/wp-content\/uploads\/2025\/06\/TOIGO-UIL-VENETO.jpg 640w\" sizes=\"auto, (max-width: 300px) 100vw, 300px\" \/><\/a>\n\t\t\t\t<\/dt><\/dl><br style=\"clear: both\" \/>\n\t\t\t<\/div>\n\n<p><strong>LE INTERVISTE DI MARINA DONA&#8217;<\/strong><\/p>\n<audio class=\"wp-audio-shortcode\" id=\"audio-453300-9\" preload=\"none\" style=\"width: 100%;\" controls=\"controls\"><source type=\"audio\/mpeg\" src=\"https:\/\/www.radiopiu.net\/wordpress\/wp-content\/uploads\/2025\/06\/UIL-VENETO-DAL-SONDAGGIO-ALLE-PROPOSTE-1-2.mp3?_=9\" \/><a href=\"https:\/\/www.radiopiu.net\/wordpress\/wp-content\/uploads\/2025\/06\/UIL-VENETO-DAL-SONDAGGIO-ALLE-PROPOSTE-1-2.mp3\">https:\/\/www.radiopiu.net\/wordpress\/wp-content\/uploads\/2025\/06\/UIL-VENETO-DAL-SONDAGGIO-ALLE-PROPOSTE-1-2.mp3<\/a><\/audio>\n<p>&nbsp;<\/p>\n<hr \/>\n<p>&nbsp;<\/p>\n<blockquote>\n<h3>WELFARE E ISTRUZIONE ESSILORLUXOTTICA: CORSI GRATUITI DI PREPARAZIONE AI TEST UNIVERSITARI<\/h3>\n<\/blockquote>\n<p><strong><a class=\"dt-pswp-item\" href=\"https:\/\/www.radiopiu.net\/wordpress\/wp-content\/uploads\/2025\/05\/LAUREA.jpg\" data-dt-img-description=\"\" data-large_image_width=\"1280\" data-large_image_height=\"853\"><img loading=\"lazy\" decoding=\"async\" class=\" wp-image-451565 alignleft\" src=\"https:\/\/www.radiopiu.net\/wordpress\/wp-content\/uploads\/2025\/05\/LAUREA-300x200.jpg\" alt=\"\" width=\"218\" height=\"145\" srcset=\"https:\/\/www.radiopiu.net\/wordpress\/wp-content\/uploads\/2025\/05\/LAUREA-300x200.jpg 300w, https:\/\/www.radiopiu.net\/wordpress\/wp-content\/uploads\/2025\/05\/LAUREA-1024x682.jpg 1024w, https:\/\/www.radiopiu.net\/wordpress\/wp-content\/uploads\/2025\/05\/LAUREA-768x512.jpg 768w, https:\/\/www.radiopiu.net\/wordpress\/wp-content\/uploads\/2025\/05\/LAUREA.jpg 1280w\" sizes=\"auto, (max-width: 218px) 100vw, 218px\" \/><\/a>AGORDO <\/strong>Un\u2019occasione formativa preziosa per i giovani che si preparano ad affrontare i test di ammissione all\u2019universit\u00e0: dal 21 al 25 luglio si svolgeranno a Belluno i corsi gratuiti rivolti agli studenti che hanno concluso il quarto o il quinto anno delle scuole superiori. Le lezioni, tenute da docenti ed esperti delle Universit\u00e0 di Padova e Venezia, si terranno presso il Centro Congressi di Belluno e saranno aperte a tutti, figli di dipendenti EssilorLuxottica e non. Il programma coprir\u00e0 le principali aree oggetto dei test d\u2019ingresso: Matematica e Logica, Cultura Generale, Orientamento generale e Introduzione ai test. Gli studenti che parteciperanno a tutte le sessioni riceveranno un attestato valido anche come riconoscimento delle ore PCTO (Percorsi per le Competenze Trasversali e l\u2019Orientamento). Le iscrizioni sono aperte fino al <strong data-start=\"940\" data-end=\"953\">10 luglio<\/strong>. L\u2019iniziativa si inserisce nel pi\u00f9 ampio impegno di EssilorLuxottica per il sostegno all\u2019istruzione e ai giovani, che include borse di studio, fornitura di libri di testo e il Summer camp.<\/p>\n<p>&nbsp;<\/p>\n<p>&nbsp;<\/p>\n<hr \/>\n<p>&nbsp;<\/p>\n<blockquote>\n<h3>DA SAN SIRO AL PALALUXOTTICA&#8230;IL SOGNO ELODIE<\/h3>\n<\/blockquote>\n<p><strong><a class=\"dt-pswp-item\" href=\"https:\/\/www.radiopiu.net\/wordpress\/wp-content\/uploads\/2025\/06\/ELODIE.jpg\" data-dt-img-description=\"\" data-large_image_width=\"1200\" data-large_image_height=\"675\"><img loading=\"lazy\" decoding=\"async\" class=\" wp-image-453468 alignleft\" src=\"https:\/\/www.radiopiu.net\/wordpress\/wp-content\/uploads\/2025\/06\/ELODIE-300x169.jpg\" alt=\"\" width=\"206\" height=\"116\" srcset=\"https:\/\/www.radiopiu.net\/wordpress\/wp-content\/uploads\/2025\/06\/ELODIE-300x169.jpg 300w, https:\/\/www.radiopiu.net\/wordpress\/wp-content\/uploads\/2025\/06\/ELODIE-1024x576.jpg 1024w, https:\/\/www.radiopiu.net\/wordpress\/wp-content\/uploads\/2025\/06\/ELODIE-768x432.jpg 768w, https:\/\/www.radiopiu.net\/wordpress\/wp-content\/uploads\/2025\/06\/ELODIE.jpg 1200w\" sizes=\"auto, (max-width: 206px) 100vw, 206px\" \/><\/a>REDAZIONE <\/strong>Manca ormai pochissimo alla tanto attesa Festa Luxottica, l\u2019evento che raduner\u00e0 migliaia di dipendenti, famiglie e appassionati sotto il segno della musica e dello spettacolo. A scaldare ulteriormente l\u2019attesa, nelle ultime ore un sondaggio lanciato da Radio Pi\u00f9, la voce locale pi\u00f9 ascoltata: Elodie \u00e8 l\u2019artista pi\u00f9 desiderata dal pubblico per salire sul palco del PalaLuxottica. Dopo aver infiammato il pubblico milanese con un concerto da tutto esaurito, la presenza della popstar romana a questa edizione della festa rappresenterebbe un vero e proprio colpaccio per l\u2019organizzazione. Voce potente, stile inconfondibile e carisma da vendere, Elodie \u00e8 senza dubbio uno dei nomi pi\u00f9 forti della scena musicale italiana attuale. Averla tra gli ospiti speciali della serata sarebbe non solo un sogno che si avvera per molti fan, ma anche un simbolo dell\u2019ambizione e dell\u2019eccellenza che contraddistinguono l\u2019universo Luxottica.<\/p>\n<p>&nbsp;<\/p>\n<p>&nbsp;<\/p>\n<hr \/>\n<p>&nbsp;<\/p>\n<blockquote>\n<h3>CABINOVIA APOLLONIO-SOCREPES: AVANTI SENZA PAURA VERSO I GIOCHI 2026 NEL SEGNO DI TRASPARENZA, SICUREZZA E MOBILIT\u00c0 SOSTENIBILE<\/h3>\n<\/blockquote>\n<p><strong>DI BARBARA PAOLAZZI<\/strong><\/p>\n<audio class=\"wp-audio-shortcode\" id=\"audio-453300-10\" preload=\"none\" style=\"width: 100%;\" controls=\"controls\"><source type=\"audio\/mpeg\" src=\"https:\/\/www.radiopiu.net\/wordpress\/wp-content\/uploads\/2025\/06\/PAOLAZZI-CABINOVIA-APOLLONIO-SOCREPES.mp3?_=10\" \/><a href=\"https:\/\/www.radiopiu.net\/wordpress\/wp-content\/uploads\/2025\/06\/PAOLAZZI-CABINOVIA-APOLLONIO-SOCREPES.mp3\">https:\/\/www.radiopiu.net\/wordpress\/wp-content\/uploads\/2025\/06\/PAOLAZZI-CABINOVIA-APOLLONIO-SOCREPES.mp3<\/a><\/audio>\n<p>&nbsp;<\/p>\n<hr \/>\n<p>&nbsp;<\/p>\n<blockquote>\n<h3>NUOVO CDA DI DOLOMITIBUS: NOMINATI MARTINA MORITSCH, VALENTINO FRESCURA E FEDERICA MONTI<\/h3>\n<\/blockquote>\n<p><strong><a class=\"dt-pswp-item\" href=\"https:\/\/www.radiopiu.net\/wordpress\/wp-content\/uploads\/2020\/06\/97384eec-d2d4-4e19-bdc9-7845fa51b71c.jpg\" data-dt-img-description=\"\" data-large_image_width=\"2048\" data-large_image_height=\"1536\"><img loading=\"lazy\" decoding=\"async\" class=\" wp-image-144908 alignleft\" src=\"https:\/\/www.radiopiu.net\/wordpress\/wp-content\/uploads\/2020\/06\/97384eec-d2d4-4e19-bdc9-7845fa51b71c-300x225.jpg\" alt=\"\" width=\"195\" height=\"146\" srcset=\"https:\/\/www.radiopiu.net\/wordpress\/wp-content\/uploads\/2020\/06\/97384eec-d2d4-4e19-bdc9-7845fa51b71c-300x225.jpg 300w, https:\/\/www.radiopiu.net\/wordpress\/wp-content\/uploads\/2020\/06\/97384eec-d2d4-4e19-bdc9-7845fa51b71c-1024x768.jpg 1024w, https:\/\/www.radiopiu.net\/wordpress\/wp-content\/uploads\/2020\/06\/97384eec-d2d4-4e19-bdc9-7845fa51b71c-768x576.jpg 768w, https:\/\/www.radiopiu.net\/wordpress\/wp-content\/uploads\/2020\/06\/97384eec-d2d4-4e19-bdc9-7845fa51b71c-1536x1152.jpg 1536w, https:\/\/www.radiopiu.net\/wordpress\/wp-content\/uploads\/2020\/06\/97384eec-d2d4-4e19-bdc9-7845fa51b71c.jpg 2048w\" sizes=\"auto, (max-width: 195px) 100vw, 195px\" \/><\/a>BELLUNO<\/strong> La Provincia di Belluno, socio di minoranza con il 40% delle quote, ha nominato i propri rappresentanti nel nuovo Consiglio di Amministrazione di Dolomitibus. Martina Moritsch \u00e8 stata indicata come nuova presidente: manager e imprenditrice con oltre 35 anni di esperienza internazionale, ha ricoperto ruoli apicali, tra cui quello di dirigente presso Terex Corporation. Valentino Frescura entra nel CdA come consigliere: forte di 30 anni di esperienza nel settore retail dell\u2019ottica, ha gestito oltre 40 punti vendita e 250 collaboratori per Demenego spa. Riconfermata Federica Monti alla presidenza del collegio sindacale: commercialista e revisore contabile, esercita dal 2005 la libera professione a Belluno. Le nomine saranno ratificate il 23 giugno. Il presidente della Provincia, Roberto Padrin, ha espresso fiducia nelle nuove figure e ringraziato i membri uscenti per il loro contributo.<\/p>\n<p>&nbsp;<\/p>\n<p>&nbsp;<\/p>\n<hr \/>\n<p>&nbsp;<\/p>\n<blockquote>\n<h3>STOP AL BLOCCO DIESEL EURO 5: IL GOVERNO VALUTA MISURE ALTERNATIVE<\/h3>\n<\/blockquote>\n<p><strong><a class=\"dt-pswp-item\" href=\"https:\/\/www.radiopiu.net\/wordpress\/wp-content\/uploads\/2020\/10\/SCARICO-AUTO.jpg\" data-dt-img-description=\"\" data-large_image_width=\"1920\" data-large_image_height=\"1282\"><img loading=\"lazy\" decoding=\"async\" class=\" wp-image-164611 alignleft\" src=\"https:\/\/www.radiopiu.net\/wordpress\/wp-content\/uploads\/2020\/10\/SCARICO-AUTO-300x200.jpg\" alt=\"\" width=\"153\" height=\"102\" srcset=\"https:\/\/www.radiopiu.net\/wordpress\/wp-content\/uploads\/2020\/10\/SCARICO-AUTO-300x200.jpg 300w, https:\/\/www.radiopiu.net\/wordpress\/wp-content\/uploads\/2020\/10\/SCARICO-AUTO-1024x684.jpg 1024w, https:\/\/www.radiopiu.net\/wordpress\/wp-content\/uploads\/2020\/10\/SCARICO-AUTO-768x513.jpg 768w, https:\/\/www.radiopiu.net\/wordpress\/wp-content\/uploads\/2020\/10\/SCARICO-AUTO-1536x1026.jpg 1536w, https:\/\/www.radiopiu.net\/wordpress\/wp-content\/uploads\/2020\/10\/SCARICO-AUTO.jpg 1920w\" sizes=\"auto, (max-width: 153px) 100vw, 153px\" \/><\/a>VENEZIA <\/strong>Il Ministro delle Infrastrutture ha annunciato l\u2019intenzione di introdurre un emendamento per evitare il blocco dei diesel Euro 5 previsto dal 1\u00b0 ottobre in Emilia Romagna, Lombardia, Piemonte e Veneto. L\u2019obiettivo \u00e8 trovare soluzioni alternative che migliorino la qualit\u00e0 dell\u2019aria senza penalizzare famiglie e imprese. I presidenti delle Regioni coinvolte appoggiano la proposta, giudicandola un passo importante per evitare conseguenze pesanti su milioni di cittadini. La misura, richiesta dalla Commissione Europea, potrebbe cos\u00ec essere prorogata o modificata per ridurne l\u2019impatto sociale ed economico.<\/p>\n<p>&nbsp;<\/p>\n<p>&nbsp;<\/p>\n<hr \/>\n<p>&nbsp;<\/p>\n<blockquote>\n<h3>LE DOLOMITI BELLUNESI PUNTANO SULL\u2019INNOVAZIONE DIGITALE PER IL TURISMO ESTIVO<\/h3>\n<\/blockquote>\n<p><strong><a class=\"dt-pswp-item\" href=\"https:\/\/www.radiopiu.net\/wordpress\/wp-content\/uploads\/2025\/06\/IMMAGINE-INCONTRO-IN-PROVINCIA-scaled.jpg\" data-dt-img-description=\"\" data-large_image_width=\"2560\" data-large_image_height=\"1920\"><img loading=\"lazy\" decoding=\"async\" class=\" wp-image-453421 alignleft\" src=\"https:\/\/www.radiopiu.net\/wordpress\/wp-content\/uploads\/2025\/06\/IMMAGINE-INCONTRO-IN-PROVINCIA-300x225.jpg\" alt=\"\" width=\"196\" height=\"147\" srcset=\"https:\/\/www.radiopiu.net\/wordpress\/wp-content\/uploads\/2025\/06\/IMMAGINE-INCONTRO-IN-PROVINCIA-300x225.jpg 300w, https:\/\/www.radiopiu.net\/wordpress\/wp-content\/uploads\/2025\/06\/IMMAGINE-INCONTRO-IN-PROVINCIA-1024x768.jpg 1024w, https:\/\/www.radiopiu.net\/wordpress\/wp-content\/uploads\/2025\/06\/IMMAGINE-INCONTRO-IN-PROVINCIA-768x576.jpg 768w, https:\/\/www.radiopiu.net\/wordpress\/wp-content\/uploads\/2025\/06\/IMMAGINE-INCONTRO-IN-PROVINCIA-1536x1152.jpg 1536w, https:\/\/www.radiopiu.net\/wordpress\/wp-content\/uploads\/2025\/06\/IMMAGINE-INCONTRO-IN-PROVINCIA-2048x1536.jpg 2048w\" sizes=\"auto, (max-width: 196px) 100vw, 196px\" \/><\/a>BELLUNO <\/strong>La Fondazione DMO Dolomiti Bellunesi ha incontrato uffici IAT e Consorzi turistici per avviare le attivit\u00e0 estive e fare il punto sul piano strategico. Presentato il restyling delle insegne IAT, con nuovi loghi uniformati secondo le linee guida regionali. Distribuiti roll-up e bandiere per rafforzare il brand territoriale. Novit\u00e0 estate 2025: 10 uffici IAT saranno dotati di totem interattivi con app KTips per supporto turistico digitale. Attivato un team di \u201cweb angels\u201d per aiutare gli operatori a migliorare la presenza online e l\u2019uso del DMS. Presentato anche il nuovo portale <a class=\"\" href=\"http:\/\/www.dmodolomiti.it\" target=\"_new\" rel=\"noopener\" data-start=\"667\" data-end=\"685\">www.dmodolomiti.it<\/a>, strumento strategico con dati di mercato, trend e dashboard interattiva. La direttrice Colleselli e la consigliera provinciale De Francesch sottolineano l\u2019importanza della collaborazione tra enti per costruire un sistema turistico moderno, integrato e sostenibile, anche in vista delle Olimpiadi. Obiettivo: rendere le Dolomiti Bellunesi sempre pi\u00f9 attrattive e digitalizzate.<\/p>\n<p>&nbsp;<\/p>\n<p>&nbsp;<\/p>\n<hr \/>\n<p>&nbsp;<\/p>\n<blockquote>\n<h3><a class=\"dt-pswp-item\" href=\"https:\/\/www.radiopiu.net\/wordpress\/wp-content\/uploads\/2025\/06\/moreno-tollot-cavaliere-repubblica-2-giugno-2025.jpg\" data-dt-img-description=\"\" data-large_image_width=\"1536\" data-large_image_height=\"2048\"><img loading=\"lazy\" decoding=\"async\" class=\" wp-image-453393 alignleft\" src=\"https:\/\/www.radiopiu.net\/wordpress\/wp-content\/uploads\/2025\/06\/moreno-tollot-cavaliere-repubblica-2-giugno-2025-225x300.jpg\" alt=\"\" width=\"146\" height=\"195\" srcset=\"https:\/\/www.radiopiu.net\/wordpress\/wp-content\/uploads\/2025\/06\/moreno-tollot-cavaliere-repubblica-2-giugno-2025-225x300.jpg 225w, https:\/\/www.radiopiu.net\/wordpress\/wp-content\/uploads\/2025\/06\/moreno-tollot-cavaliere-repubblica-2-giugno-2025-768x1024.jpg 768w, https:\/\/www.radiopiu.net\/wordpress\/wp-content\/uploads\/2025\/06\/moreno-tollot-cavaliere-repubblica-2-giugno-2025-1152x1536.jpg 1152w, https:\/\/www.radiopiu.net\/wordpress\/wp-content\/uploads\/2025\/06\/moreno-tollot-cavaliere-repubblica-2-giugno-2025.jpg 1536w\" sizes=\"auto, (max-width: 146px) 100vw, 146px\" \/><\/a>MORENO TOLLOT NOMINATO CAVALIERE DALLA PRESIDENZA DELLA REPUBBLICA<\/h3>\n<\/blockquote>\n<p><strong>ALPAGO <\/strong>Nei giorni scorsi, il Presidente della Repubblica ha conferito a Moreno Tollot, vice presidente del Comitato Alpago 2 Ruote &amp; Solidariet\u00e0, l\u2019onorificenza di Cavaliere dell\u2019Ordine al Merito della Repubblica Italiana. Il riconoscimento \u00e8 stato accolto con grande orgoglio dal presidente e dal direttivo del Comitato, consapevoli dell\u2019impegno e della dedizione dimostrati da Tollot sin dalla nascita dell\u2019associazione. Il suo contributo, caratterizzato da passione e professionalit\u00e0, va ben oltre l\u2019organizzazione del Giro del Lago di Santa Croce, storica manifestazione solidaristica giunta alla trentunesima edizione, prevista per il 17 agosto. Tollot \u00e8 infatti una figura attiva in molteplici ambiti della vita sociale e comunitaria dell\u2019Alpago e dell\u2019intero territorio bellunese. La sua nomina a Cavaliere rappresenta un riconoscimento simbolico per l\u2019intero tessuto associativo locale e per chi si impegna quotidianamente nel volontariato.<\/p>\n<p>&nbsp;<\/p>\n<p>&nbsp;<\/p>\n<hr \/>\n<p>&nbsp;<\/p>\n<blockquote>\n<h3>SOSTEGNO ALLE IMPRESE LOCALI: LA RISPOSTA DEL GAL PREALPI E DOLOMITI NEL 2024<\/h3>\n<\/blockquote>\n<p><strong><a class=\"dt-pswp-item\" href=\"https:\/\/www.radiopiu.net\/wordpress\/wp-content\/uploads\/2025\/02\/logo_gal_prealpi_dolomiti.png\" data-dt-img-description=\"\" data-large_image_width=\"980\" data-large_image_height=\"650\"><img loading=\"lazy\" decoding=\"async\" class=\" wp-image-433565 alignleft\" src=\"https:\/\/www.radiopiu.net\/wordpress\/wp-content\/uploads\/2025\/02\/logo_gal_prealpi_dolomiti-300x199.png\" alt=\"\" width=\"210\" height=\"139\" srcset=\"https:\/\/www.radiopiu.net\/wordpress\/wp-content\/uploads\/2025\/02\/logo_gal_prealpi_dolomiti-300x199.png 300w, https:\/\/www.radiopiu.net\/wordpress\/wp-content\/uploads\/2025\/02\/logo_gal_prealpi_dolomiti-768x509.png 768w, https:\/\/www.radiopiu.net\/wordpress\/wp-content\/uploads\/2025\/02\/logo_gal_prealpi_dolomiti.png 980w\" sizes=\"auto, (max-width: 210px) 100vw, 210px\" \/><\/a>BELLUNO<\/strong> Nel 2024 il GAL Prealpi e Dolomiti ha affrontato un contesto economico difficile, segnato dalla chiusura di 335 imprese e una perdita netta di 495 attivit\u00e0. In risposta, ha lanciato un bando da 870.000 euro per sostenere micro e piccole imprese dei settori artigianato, commercio e servizi in 17 comuni. I restanti tre comuni dell\u2019area Alpago Zoldo hanno beneficiato di un altro intervento da 340.000 euro. Il bando GAL ha ricevuto circa 80 domande per oltre 2,5 milioni di richieste, segno di grande vitalit\u00e0 imprenditoriale. La dotazione \u00e8 stata aumentata a circa 1 milione di euro, permettendo il finanziamento di 27 progetti. Il 55% degli aiuti \u00e8 andato alla ristorazione, il 15% ciascuno al commercio specializzato e all\u2019artigianato, l\u201911% ai servizi alla persona e il 4% alla sanit\u00e0. L\u2019iniziativa conferma la resilienza del tessuto economico locale e la volont\u00e0 di innovare e crescere.<\/p>\n<p>&nbsp;<\/p>\n<p>&nbsp;<\/p>\n<hr \/>\n<p>&nbsp;<\/p>\n<blockquote>\n<h3>CLAUDIO BARP NUOVO PRESIDENTE DEL LIONS CLUB FELTRE CASTELLO DI ALBOINO<\/h3>\n<\/blockquote>\n<p><strong><a class=\"dt-pswp-item\" href=\"https:\/\/www.radiopiu.net\/wordpress\/wp-content\/uploads\/2025\/06\/SCR-20250611-mpam.jpeg\" data-dt-img-description=\"\" data-large_image_width=\"1658\" data-large_image_height=\"1362\"><img loading=\"lazy\" decoding=\"async\" class=\" wp-image-453400 alignleft\" src=\"https:\/\/www.radiopiu.net\/wordpress\/wp-content\/uploads\/2025\/06\/SCR-20250611-mpam-300x246.jpeg\" alt=\"\" width=\"185\" height=\"152\" srcset=\"https:\/\/www.radiopiu.net\/wordpress\/wp-content\/uploads\/2025\/06\/SCR-20250611-mpam-300x246.jpeg 300w, https:\/\/www.radiopiu.net\/wordpress\/wp-content\/uploads\/2025\/06\/SCR-20250611-mpam-1024x841.jpeg 1024w, https:\/\/www.radiopiu.net\/wordpress\/wp-content\/uploads\/2025\/06\/SCR-20250611-mpam-768x631.jpeg 768w, https:\/\/www.radiopiu.net\/wordpress\/wp-content\/uploads\/2025\/06\/SCR-20250611-mpam-1536x1262.jpeg 1536w, https:\/\/www.radiopiu.net\/wordpress\/wp-content\/uploads\/2025\/06\/SCR-20250611-mpam.jpeg 1658w\" sizes=\"auto, (max-width: 185px) 100vw, 185px\" \/><\/a>FELTRE<\/strong> Claudio Barp \u00e8 il nuovo presidente del Lions Club Feltre Castello di Alboino, succedendo a Dorino Moret per l\u2019anno lionistico 2025. La cerimonia del passaggio di consegne si \u00e8 svolta il 10 giugno presso il ristorante Al Moro di Mel, con il tradizionale scambio del martello. Barp, medico pneumologo con una brillante carriera ospedaliera e scientifica, vive a Castion ed \u00e8 padre di quattro figli. Laureato con lode in Medicina, \u00e8 specializzato in Ematologia e Malattie dell\u2019Apparato Respiratorio. Ha lavorato in vari ospedali del territorio e collaborato con l\u2019Istituto di Misurina per l\u2019asma infantile. Autore di pubblicazioni scientifiche, Barp ha dichiarato di sentirsi onorato e al contempo sorpreso dalla nomina, sottolineando il valore del volontariato Lions come strumento di coesione sociale e promozione della pace. Ha infine ribadito l&#8217;importanza della collaborazione tra soci e club per servire efficacemente la comunit\u00e0.<\/p>\n<p>&nbsp;<\/p>\n<p>&nbsp;<\/p>\n<hr \/>\n<p>&nbsp;<\/p>\n<blockquote>\n<h3><a class=\"dt-pswp-item\" href=\"https:\/\/www.radiopiu.net\/wordpress\/wp-content\/uploads\/2025\/06\/MieleDolomitiBellunesiDOP_3-scaled.jpg\" data-dt-img-description=\"\" data-large_image_width=\"2560\" data-large_image_height=\"1707\"><img loading=\"lazy\" decoding=\"async\" class=\" wp-image-453360 alignleft\" src=\"https:\/\/www.radiopiu.net\/wordpress\/wp-content\/uploads\/2025\/06\/MieleDolomitiBellunesiDOP_3-300x200.jpg\" alt=\"\" width=\"200\" height=\"133\" srcset=\"https:\/\/www.radiopiu.net\/wordpress\/wp-content\/uploads\/2025\/06\/MieleDolomitiBellunesiDOP_3-300x200.jpg 300w, https:\/\/www.radiopiu.net\/wordpress\/wp-content\/uploads\/2025\/06\/MieleDolomitiBellunesiDOP_3-1024x683.jpg 1024w, https:\/\/www.radiopiu.net\/wordpress\/wp-content\/uploads\/2025\/06\/MieleDolomitiBellunesiDOP_3-768x512.jpg 768w, https:\/\/www.radiopiu.net\/wordpress\/wp-content\/uploads\/2025\/06\/MieleDolomitiBellunesiDOP_3-1536x1024.jpg 1536w, https:\/\/www.radiopiu.net\/wordpress\/wp-content\/uploads\/2025\/06\/MieleDolomitiBellunesiDOP_3-2048x1365.jpg 2048w\" sizes=\"auto, (max-width: 200px) 100vw, 200px\" \/><\/a>RICONOSCIUTO IL CONSORZIO DI TUTELA DEL MIELE DELLE DOLOMITI BELLUNESI DOP<\/h3>\n<\/blockquote>\n<p><strong>BELLUNO <\/strong>Il 10 giugno 2025 il MASAF ha ufficialmente riconosciuto e incaricato il Consorzio di Tutela del Miele delle Dolomiti Bellunesi DOP. \u00c8 il primo consorzio per un miele a Denominazione di Origine Protetta ad ottenere tale riconoscimento, che comporta compiti di promozione, tutela e vigilanza. Il presidente Roberto Piol ha definito questo traguardo il risultato di due anni di lavoro con il Ministero. Il Consorzio, con sede a Limana, tutela otto tipologie di miele prodotte nella provincia di Belluno, tra cui sei di nettare e due di melata. L\u2019incarico sar\u00e0 ufficializzato con la pubblicazione del decreto nella Gazzetta Ufficiale.<\/p>\n<p>&nbsp;<\/p>\n<p>&nbsp;<\/p>\n<hr \/>\n<p>&nbsp;<\/p>\n<blockquote>\n<h3>CONCLUSO IL ROADSHOW \u201cSNOW DIFFERENCE EXPEDITION\u201d: OLTRE 25.000 PERSONE COINVOLTE NEL VENET<strong data-start=\"0\" data-end=\"96\">O<\/strong><\/h3>\n<\/blockquote>\n<p><strong><a class=\"dt-pswp-item\" href=\"https:\/\/www.radiopiu.net\/wordpress\/wp-content\/uploads\/2025\/06\/210914-Roadshow-SportBusinessForum-Belluno-35.jpg\" data-dt-img-description=\"\" data-large_image_width=\"1000\" data-large_image_height=\"800\"><img loading=\"lazy\" decoding=\"async\" class=\" wp-image-453402 alignleft\" src=\"https:\/\/www.radiopiu.net\/wordpress\/wp-content\/uploads\/2025\/06\/210914-Roadshow-SportBusinessForum-Belluno-35-300x240.jpg\" alt=\"\" width=\"176\" height=\"141\" srcset=\"https:\/\/www.radiopiu.net\/wordpress\/wp-content\/uploads\/2025\/06\/210914-Roadshow-SportBusinessForum-Belluno-35-300x240.jpg 300w, https:\/\/www.radiopiu.net\/wordpress\/wp-content\/uploads\/2025\/06\/210914-Roadshow-SportBusinessForum-Belluno-35-768x614.jpg 768w, https:\/\/www.radiopiu.net\/wordpress\/wp-content\/uploads\/2025\/06\/210914-Roadshow-SportBusinessForum-Belluno-35.jpg 1000w\" sizes=\"auto, (max-width: 176px) 100vw, 176px\" \/><\/a>CORTINA <\/strong>Si \u00e8 concluso con grande successo il roadshow \u201csNOw DIFFERENCE EXPEDITION\u201d, progetto itinerante promosso dalla Regione del Veneto e realizzato da Fondazione Cortina con Fondazione DMO Dolomiti Bellunesi. Partito a settembre, ha attraversato tutte le province venete, coinvolgendo oltre 25.000 persone in un percorso tra sport invernali, gioco e promozione di uno stile di vita attivo, in vista dei Giochi di Milano Cortina 2026. Bambini, famiglie e appassionati hanno potuto provare attivit\u00e0 sportive grazie al supporto di Bob Club Cortina e FISG, incontrando giovani atleti e respirando l\u2019atmosfera olimpica, accompagnati dalle mascotte Tina e Milo. Fondamentale il contributo dei Veneto Creator, che hanno raccontato l\u2019iniziativa sui social coinvolgendo il pubblico pi\u00f9 giovane. Il presidente Stefano Longo ha ringraziato tutti i partner, sottolineando l\u2019impatto positivo del progetto e l\u2019impegno continuo verso il 2026 per lasciare un\u2019eredit\u00e0 sportiva e culturale duratura.<\/p>\n<p>&nbsp;<\/p>\n<p>&nbsp;<\/p>\n<hr \/>\n<p>&nbsp;<\/p>\n<blockquote>\n<h3>POTENZIA L\u2019ESTATE 2025: UN CAMPUS PER CRESCERE TRA GIOCO, EDUCAZIONE E BENESSERE<\/h3>\n<\/blockquote>\n<p><strong><a class=\"dt-pswp-item\" href=\"https:\/\/www.radiopiu.net\/wordpress\/wp-content\/uploads\/2020\/10\/mani-bambini.jpg\" data-dt-img-description=\"\" data-large_image_width=\"1920\" data-large_image_height=\"1280\"><img loading=\"lazy\" decoding=\"async\" class=\" wp-image-164891 alignleft\" src=\"https:\/\/www.radiopiu.net\/wordpress\/wp-content\/uploads\/2020\/10\/mani-bambini-300x200.jpg\" alt=\"\" width=\"185\" height=\"123\" srcset=\"https:\/\/www.radiopiu.net\/wordpress\/wp-content\/uploads\/2020\/10\/mani-bambini-300x200.jpg 300w, https:\/\/www.radiopiu.net\/wordpress\/wp-content\/uploads\/2020\/10\/mani-bambini-1024x683.jpg 1024w, https:\/\/www.radiopiu.net\/wordpress\/wp-content\/uploads\/2020\/10\/mani-bambini-768x512.jpg 768w, https:\/\/www.radiopiu.net\/wordpress\/wp-content\/uploads\/2020\/10\/mani-bambini-1536x1024.jpg 1536w, https:\/\/www.radiopiu.net\/wordpress\/wp-content\/uploads\/2020\/10\/mani-bambini.jpg 1920w\" sizes=\"auto, (max-width: 185px) 100vw, 185px\" \/><\/a>BELLUNO <\/strong>Lo Spazio Label organizza il campus \u201cPotenzia l\u2019estate 2025\u201d, rivolto a bambini e ragazzi dai 5 ai 17 anni, in programma dal 16 giugno all\u20198 agosto in via Sant\u2019Antonio 19. L&#8217;iniziativa propone campus settimanali tematici in piccoli gruppi, guidati da personale specializzato, attivati al raggiungimento di un numero minimo di iscritti. I percorsi educativi puntano allo sviluppo di competenze fondamentali: mindfulness (5-7 anni), abilit\u00e0 socio-emotive (8-13 anni), autostima e assertivit\u00e0 (13-17 anni), metodo di studio (9-17 anni), autoregolazione emotiva e comportamentale (5-13 anni). Il sindaco De Pellegrin e l\u2019assessore Olivotto sottolineano il valore educativo dell\u2019iniziativa, che sostiene le famiglie offrendo opportunit\u00e0 di crescita, socialit\u00e0 e benessere in un ambiente sicuro e stimolante. Tutte le informazioni e i moduli d\u2019iscrizione sono disponibili sul sito <a class=\"\" href=\"http:\/\/www.spaziolabel.net\" target=\"_new\" rel=\"noopener\" data-start=\"961\" data-end=\"980\">www.spaziolabel.net<\/a>.<\/p>\n<p>&nbsp;<\/p>\n<p>&nbsp;<\/p>\n<hr \/>\n<p>&nbsp;<\/p>\n<blockquote>\n<h3>QUANDO LE ROTONDE VENGONO USATE IN MODO ERRATO<\/h3>\n<\/blockquote>\n<p><strong>REDAZIONE<\/strong> Riceviamo e pubblichiamo un video arrivato da un nostro ascoltatore. Siamo a Belluno, sulla rotonda che porta al Ponte degli Alpini o verso Agordo. Un&#8217;auto sbaglia la direzione e taglia letteralmente la strada per immettersi sulla strada giusta.<\/p>\n<div style=\"width: 848px;\" class=\"wp-video\"><video class=\"wp-video-shortcode\" id=\"video-453300-1\" width=\"848\" height=\"480\" preload=\"metadata\" controls=\"controls\"><source type=\"video\/mp4\" src=\"https:\/\/www.radiopiu.net\/wordpress\/wp-content\/uploads\/2025\/06\/WhatsApp-Video-2025-06-11-at-17.58.55.mp4?_=1\" \/><a href=\"https:\/\/www.radiopiu.net\/wordpress\/wp-content\/uploads\/2025\/06\/WhatsApp-Video-2025-06-11-at-17.58.55.mp4\">https:\/\/www.radiopiu.net\/wordpress\/wp-content\/uploads\/2025\/06\/WhatsApp-Video-2025-06-11-at-17.58.55.mp4<\/a><\/video><\/div>\n<p>&nbsp;<\/p>\n<hr \/>\n<p>&nbsp;<\/p>\n<h2><span style=\"color: #ff0000;\">CONSIGLI COMUNALI IN AGORDINO<\/span><\/h2>\n<p><strong>SELVA DI CADORE\u00a0<\/strong>Consiglio comunale oggi alle 18:30. Quattro punti in discussione tra cui una variazione a bilancio, l&#8217;adesione alla centrale unica di committenza della federazione dei comuni del sampierese e l&#8217;approvazione delle modifiche al piano del commercio su aree pubbliche<\/p>\n<p>&nbsp;<\/p>\n<p>&nbsp;<\/p>\n<hr \/>\n<p>&nbsp;<\/p>\n<blockquote>\n<h3>CONCORSO CARABINIERI 2025: 4.918 POSTI PER ALLIEVI INFERMI QUADRIENNALI, DOMANDE ENTRO IL 7 LUGLIO<\/h3>\n<\/blockquote>\n<p><strong>BELLUNO<\/strong> L\u2019Arma dei Carabinieri seleziona 4.918 Allievi in ferma quadriennale per rafforzare l\u2019organico e garantire la sicurezza. Le domande, da presentare entro il 7 luglio online, sono aperte ai cittadini italiani con diploma o in procinto di conseguirlo, tra i 17 e i 24 anni (fino a 25 per volontari in ferma prefissata). Il concorso prevede prove scritte, test fisici e accertamenti psico-fisici. I vincitori frequenteranno un corso di sei mesi nelle Scuole Allievi Carabinieri, acquisendo formazione militare, giuridica e professionale. \u00c8 possibile scegliere specializzazioni in tutela forestale, ambientale e agroalimentare, preparando cos\u00ec i futuri Carabinieri a tutelare la collettivit\u00e0.<\/p>\n\n\t\t\t<style type='text\/css'>\n\t\t\t\t#gallery-3 {\n\t\t\t\t\tmargin: auto;\n\t\t\t\t}\n\t\t\t\t#gallery-3 .gallery-item {\n\t\t\t\t\tfloat: left;\n\t\t\t\t\tmargin-top: 10px;\n\t\t\t\t\ttext-align: center;\n\t\t\t\t\twidth: 25%;\n\t\t\t\t}\n\t\t\t\t#gallery-3 img {\n\t\t\t\t\tborder: 2px solid #cfcfcf;\n\t\t\t\t}\n\t\t\t\t#gallery-3 .gallery-caption {\n\t\t\t\t\tmargin-left: 0;\n\t\t\t\t}\n\t\t\t\t\/* see gallery_shortcode() in wp-includes\/media.php *\/\n\t\t\t<\/style>\n\t\t<div id='gallery-3' class='dt-gallery-container gallery galleryid-453300 gallery-columns-4 gallery-size-medium'><dl class='gallery-item'>\n\t\t\t\t<dt class='gallery-icon landscape'>\n\t\t\t\t\t<a class=\"rollover rollover-zoom dt-pswp-item\" title=\"foto 1\" data-dt-img-description=\"\" data-large_image_width=\"1600\" data-large_image_height=\"1066\"href='https:\/\/www.radiopiu.net\/wordpress\/wp-content\/uploads\/2025\/06\/foto-1.jpeg'><img loading=\"lazy\" decoding=\"async\" width=\"300\" height=\"200\" src=\"https:\/\/www.radiopiu.net\/wordpress\/wp-content\/uploads\/2025\/06\/foto-1-300x200.jpeg\" class=\"attachment-medium size-medium\" alt=\"\" srcset=\"https:\/\/www.radiopiu.net\/wordpress\/wp-content\/uploads\/2025\/06\/foto-1-300x200.jpeg 300w, https:\/\/www.radiopiu.net\/wordpress\/wp-content\/uploads\/2025\/06\/foto-1-1024x682.jpeg 1024w, https:\/\/www.radiopiu.net\/wordpress\/wp-content\/uploads\/2025\/06\/foto-1-768x512.jpeg 768w, https:\/\/www.radiopiu.net\/wordpress\/wp-content\/uploads\/2025\/06\/foto-1-1536x1023.jpeg 1536w, https:\/\/www.radiopiu.net\/wordpress\/wp-content\/uploads\/2025\/06\/foto-1.jpeg 1600w\" sizes=\"auto, (max-width: 300px) 100vw, 300px\" \/><\/a>\n\t\t\t\t<\/dt><\/dl><dl class='gallery-item'>\n\t\t\t\t<dt class='gallery-icon landscape'>\n\t\t\t\t\t<a class=\"rollover rollover-zoom dt-pswp-item\" title=\"foto 2\" data-dt-img-description=\"\" data-large_image_width=\"1600\" data-large_image_height=\"1066\"href='https:\/\/www.radiopiu.net\/wordpress\/wp-content\/uploads\/2025\/06\/foto-2.jpeg'><img loading=\"lazy\" decoding=\"async\" width=\"300\" height=\"200\" src=\"https:\/\/www.radiopiu.net\/wordpress\/wp-content\/uploads\/2025\/06\/foto-2-300x200.jpeg\" class=\"attachment-medium size-medium\" alt=\"\" srcset=\"https:\/\/www.radiopiu.net\/wordpress\/wp-content\/uploads\/2025\/06\/foto-2-300x200.jpeg 300w, https:\/\/www.radiopiu.net\/wordpress\/wp-content\/uploads\/2025\/06\/foto-2-1024x682.jpeg 1024w, https:\/\/www.radiopiu.net\/wordpress\/wp-content\/uploads\/2025\/06\/foto-2-768x512.jpeg 768w, https:\/\/www.radiopiu.net\/wordpress\/wp-content\/uploads\/2025\/06\/foto-2-1536x1023.jpeg 1536w, https:\/\/www.radiopiu.net\/wordpress\/wp-content\/uploads\/2025\/06\/foto-2.jpeg 1600w\" sizes=\"auto, (max-width: 300px) 100vw, 300px\" \/><\/a>\n\t\t\t\t<\/dt><\/dl><dl class='gallery-item'>\n\t\t\t\t<dt class='gallery-icon landscape'>\n\t\t\t\t\t<a class=\"rollover rollover-zoom dt-pswp-item\" title=\"foto 3\" data-dt-img-description=\"\" data-large_image_width=\"1170\" data-large_image_height=\"558\"href='https:\/\/www.radiopiu.net\/wordpress\/wp-content\/uploads\/2025\/06\/foto-3.jpeg'><img loading=\"lazy\" decoding=\"async\" width=\"300\" height=\"143\" src=\"https:\/\/www.radiopiu.net\/wordpress\/wp-content\/uploads\/2025\/06\/foto-3-300x143.jpeg\" class=\"attachment-medium size-medium\" alt=\"\" srcset=\"https:\/\/www.radiopiu.net\/wordpress\/wp-content\/uploads\/2025\/06\/foto-3-300x143.jpeg 300w, https:\/\/www.radiopiu.net\/wordpress\/wp-content\/uploads\/2025\/06\/foto-3-1024x488.jpeg 1024w, https:\/\/www.radiopiu.net\/wordpress\/wp-content\/uploads\/2025\/06\/foto-3-768x366.jpeg 768w, https:\/\/www.radiopiu.net\/wordpress\/wp-content\/uploads\/2025\/06\/foto-3.jpeg 1170w\" sizes=\"auto, (max-width: 300px) 100vw, 300px\" \/><\/a>\n\t\t\t\t<\/dt><\/dl><dl class='gallery-item'>\n\t\t\t\t<dt class='gallery-icon landscape'>\n\t\t\t\t\t<a class=\"rollover rollover-zoom dt-pswp-item\" title=\"foto 4\" data-dt-img-description=\"\" data-large_image_width=\"2560\" data-large_image_height=\"1706\"href='https:\/\/www.radiopiu.net\/wordpress\/wp-content\/uploads\/2025\/06\/foto-4.jpeg'><img loading=\"lazy\" decoding=\"async\" width=\"300\" height=\"200\" src=\"https:\/\/www.radiopiu.net\/wordpress\/wp-content\/uploads\/2025\/06\/foto-4-300x200.jpeg\" class=\"attachment-medium size-medium\" alt=\"\" srcset=\"https:\/\/www.radiopiu.net\/wordpress\/wp-content\/uploads\/2025\/06\/foto-4-300x200.jpeg 300w, https:\/\/www.radiopiu.net\/wordpress\/wp-content\/uploads\/2025\/06\/foto-4-1024x682.jpeg 1024w, https:\/\/www.radiopiu.net\/wordpress\/wp-content\/uploads\/2025\/06\/foto-4-768x512.jpeg 768w, https:\/\/www.radiopiu.net\/wordpress\/wp-content\/uploads\/2025\/06\/foto-4-1536x1024.jpeg 1536w, https:\/\/www.radiopiu.net\/wordpress\/wp-content\/uploads\/2025\/06\/foto-4-2048x1365.jpeg 2048w\" sizes=\"auto, (max-width: 300px) 100vw, 300px\" \/><\/a>\n\t\t\t\t<\/dt><\/dl><br style=\"clear: both\" \/>\n\t\t\t<\/div>\n\n<p>&nbsp;<\/p>\n<hr \/>\n<p>&nbsp;<\/p>\n<blockquote>\n<h3>BELLUNO PER GAZA: UN SILENZIOSO GRIDO DI UMANIT\u00c0<\/h3>\n<\/blockquote>\n<p><strong><a class=\"dt-pswp-item\" href=\"https:\/\/www.radiopiu.net\/wordpress\/wp-content\/uploads\/2025\/06\/SCR-20250609-qwoj.png\" data-dt-img-description=\"\" data-large_image_width=\"878\" data-large_image_height=\"1116\"><img loading=\"lazy\" decoding=\"async\" class=\" wp-image-453133 alignleft\" src=\"https:\/\/www.radiopiu.net\/wordpress\/wp-content\/uploads\/2025\/06\/SCR-20250609-qwoj-236x300.png\" alt=\"\" width=\"128\" height=\"163\" srcset=\"https:\/\/www.radiopiu.net\/wordpress\/wp-content\/uploads\/2025\/06\/SCR-20250609-qwoj-236x300.png 236w, https:\/\/www.radiopiu.net\/wordpress\/wp-content\/uploads\/2025\/06\/SCR-20250609-qwoj-806x1024.png 806w, https:\/\/www.radiopiu.net\/wordpress\/wp-content\/uploads\/2025\/06\/SCR-20250609-qwoj-768x976.png 768w, https:\/\/www.radiopiu.net\/wordpress\/wp-content\/uploads\/2025\/06\/SCR-20250609-qwoj.png 878w\" sizes=\"auto, (max-width: 128px) 100vw, 128px\" \/><\/a>BELLUNO<\/strong> Il 14 giugno 2025 a Belluno si terr\u00e0 una manifestazione silenziosa in Piazza Martiri per denunciare il massacro in atto nella Striscia di Gaza. L&#8217;iniziativa nasce spontaneamente, senza simboli politici, con l\u2019obiettivo di affermare l\u2019umanit\u00e0 e chiedere la fine della violenza contro i civili. Si condanna fermamente l\u2019attacco del 7 ottobre da parte di Hamas, ma si denuncia anche la sproporzionata reazione del governo Netanyahu che, secondo fonti internazionali, ha provocato decine di migliaia di morti e feriti tra la popolazione palestinese. La manifestazione vuole essere un atto di solidariet\u00e0 verso le vittime innocenti, ispirandosi alle parole del Presidente Mattarella, che invoca il rispetto del diritto umanitario e il cessate il fuoco immediato. L\u2019invito \u00e8 a partecipare in modo responsabile, evitando qualsiasi forma di provocazione o antisemitismo, per dare un segnale di coscienza collettiva e civilt\u00e0.<\/p>\n<p>&nbsp;<\/p>\n<p>&nbsp;<\/p>\n<hr \/>\n<p>&nbsp;<\/p>\n<blockquote>\n<div class=\"page-title-head hgroup\">\n<h3 class=\"entry-title\">CANALE D\u2019AGORDO E VALLADA, \u201cROSSE\u201d PER I DONATORI DI SANGUE<\/h3>\n<\/div>\n<\/blockquote>\n<p><strong>DI GIANNI SANTOMASO<\/strong><\/p>\n<audio class=\"wp-audio-shortcode\" id=\"audio-453300-11\" preload=\"none\" style=\"width: 100%;\" controls=\"controls\"><source type=\"audio\/mpeg\" src=\"https:\/\/www.radiopiu.net\/wordpress\/wp-content\/uploads\/2025\/06\/gianni-donatore-1.mp3?_=11\" \/><a href=\"https:\/\/www.radiopiu.net\/wordpress\/wp-content\/uploads\/2025\/06\/gianni-donatore-1.mp3\">https:\/\/www.radiopiu.net\/wordpress\/wp-content\/uploads\/2025\/06\/gianni-donatore-1.mp3<\/a><\/audio>\n<p>&nbsp;<\/p>\n<p><strong><a class=\"dt-pswp-item\" href=\"https:\/\/www.radiopiu.net\/wordpress\/wp-content\/uploads\/2025\/06\/caf22ad3-adb5-4452-9c2b-6c8b4b260d3f.jpg\" data-dt-img-description=\"\" data-large_image_width=\"631\" data-large_image_height=\"452\"><img loading=\"lazy\" decoding=\"async\" class=\" wp-image-452983 alignleft\" src=\"https:\/\/www.radiopiu.net\/wordpress\/wp-content\/uploads\/2025\/06\/caf22ad3-adb5-4452-9c2b-6c8b4b260d3f-300x215.jpg\" alt=\"\" width=\"188\" height=\"135\" srcset=\"https:\/\/www.radiopiu.net\/wordpress\/wp-content\/uploads\/2025\/06\/caf22ad3-adb5-4452-9c2b-6c8b4b260d3f-300x215.jpg 300w, https:\/\/www.radiopiu.net\/wordpress\/wp-content\/uploads\/2025\/06\/caf22ad3-adb5-4452-9c2b-6c8b4b260d3f.jpg 631w\" sizes=\"auto, (max-width: 188px) 100vw, 188px\" \/><\/a>CANALE D&#8217;AGORDO <\/strong>In occasione della Giornata Mondiale del Donatore, che si celebra ogni anno il 14 giugno per onorare la nascita di Karl Landsteiner, scopritore dei gruppi sanguigni, anche i Donatori di Sangue di Canale d\u2019Agordo e Vallada Agordina aderiscono alla campagna \u201cM\u2019illumino del Dono\u201d, promossa da Avis Veneto e ABVS Belluno. Rosso come il sangue, rosso come la vita: le luci che dal 13 al 15 giugno illumineranno la Casa Natale di Papa Luciani e il Municipio di Vallada vogliono lanciare un messaggio chiaro e profondo sull\u2019importanza della donazione del sangue, gesto anonimo e gratuito che ogni giorno salva vite. Particolarmente toccante la scelta della casa dove nacque Giovanni Paolo I: nel 1938, il giovane don Albino Luciani don\u00f2 il proprio sangue per salvare un compaesano ricoverato all\u2019ospedale di Belluno. Un gesto che unisce idealmente la storia del pontefice a quella di tutti i donatori di sangue. Per celebrare l\u2019iniziativa, sabato 14 giugno alle ore 21, presso la Casa di Papa Luciani, \u00e8 prevista una cerimonia di accensione delle luci seguita da un brindisi beneaugurante, aperta a tutti.<\/p>\n<p>&nbsp;<\/p>\n<p>&nbsp;<\/p>\n<hr \/>\n<p>&nbsp;<\/p>\n<blockquote>\n<h3>IN VALLE DEL BIOIS TORNA EL BON DE L&#8217;ANSUDA<\/h3>\n<\/blockquote>\n<p>&nbsp;<\/p>\n<p><strong><a class=\"dt-pswp-item\" href=\"https:\/\/www.radiopiu.net\/wordpress\/wp-content\/uploads\/2023\/06\/EL-BON-DE-LANSUDA.jpeg\" data-dt-img-description=\"\" data-large_image_width=\"1890\" data-large_image_height=\"1310\"><img loading=\"lazy\" decoding=\"async\" class=\" wp-image-340252 alignleft\" src=\"https:\/\/www.radiopiu.net\/wordpress\/wp-content\/uploads\/2023\/06\/EL-BON-DE-LANSUDA-300x208.jpeg\" alt=\"\" width=\"185\" height=\"128\" srcset=\"https:\/\/www.radiopiu.net\/wordpress\/wp-content\/uploads\/2023\/06\/EL-BON-DE-LANSUDA-300x208.jpeg 300w, https:\/\/www.radiopiu.net\/wordpress\/wp-content\/uploads\/2023\/06\/EL-BON-DE-LANSUDA-1024x710.jpeg 1024w, https:\/\/www.radiopiu.net\/wordpress\/wp-content\/uploads\/2023\/06\/EL-BON-DE-LANSUDA-768x532.jpeg 768w, https:\/\/www.radiopiu.net\/wordpress\/wp-content\/uploads\/2023\/06\/EL-BON-DE-LANSUDA-1536x1065.jpeg 1536w, https:\/\/www.radiopiu.net\/wordpress\/wp-content\/uploads\/2023\/06\/EL-BON-DE-LANSUDA.jpeg 1890w\" sizes=\"auto, (max-width: 185px) 100vw, 185px\" \/><\/a>DI MIRKO MEZZACASA<\/strong><\/p>\n<p>OSPITI: Antonella Schena e Eddy Gaspari<\/p>\n<audio class=\"wp-audio-shortcode\" id=\"audio-453300-12\" preload=\"none\" style=\"width: 100%;\" controls=\"controls\"><source type=\"audio\/mpeg\" src=\"https:\/\/www.radiopiu.net\/wordpress\/wp-content\/uploads\/2025\/06\/ANTONELLA-EDDY-BON-ANSUDA-25.mp3?_=12\" \/><a href=\"https:\/\/www.radiopiu.net\/wordpress\/wp-content\/uploads\/2025\/06\/ANTONELLA-EDDY-BON-ANSUDA-25.mp3\">https:\/\/www.radiopiu.net\/wordpress\/wp-content\/uploads\/2025\/06\/ANTONELLA-EDDY-BON-ANSUDA-25.mp3<\/a><\/audio>\n<p>&nbsp;<\/p>\n<p>&nbsp;<\/p>\n<hr \/>\n<blockquote>\n<h3>WEEKEND DI SCOPERTA E SPIRITUALIT\u00c0 AL CENTRO MINERARIO VALLE IMPERINA IL 14 E 15 GIUGNO<\/h3>\n<\/blockquote>\n<p><strong><a class=\"dt-pswp-item\" href=\"https:\/\/www.radiopiu.net\/wordpress\/wp-content\/uploads\/2024\/10\/Valle-Imperina-Fabbricato-Forni-Fusori.jpeg\" data-dt-img-description=\"\" data-large_image_width=\"1600\" data-large_image_height=\"1200\"><img loading=\"lazy\" decoding=\"async\" class=\" wp-image-412572 alignleft\" src=\"https:\/\/www.radiopiu.net\/wordpress\/wp-content\/uploads\/2024\/10\/Valle-Imperina-Fabbricato-Forni-Fusori-300x225.jpeg\" alt=\"\" width=\"201\" height=\"151\" srcset=\"https:\/\/www.radiopiu.net\/wordpress\/wp-content\/uploads\/2024\/10\/Valle-Imperina-Fabbricato-Forni-Fusori-300x225.jpeg 300w, https:\/\/www.radiopiu.net\/wordpress\/wp-content\/uploads\/2024\/10\/Valle-Imperina-Fabbricato-Forni-Fusori-1024x768.jpeg 1024w, https:\/\/www.radiopiu.net\/wordpress\/wp-content\/uploads\/2024\/10\/Valle-Imperina-Fabbricato-Forni-Fusori-768x576.jpeg 768w, https:\/\/www.radiopiu.net\/wordpress\/wp-content\/uploads\/2024\/10\/Valle-Imperina-Fabbricato-Forni-Fusori-1536x1152.jpeg 1536w, https:\/\/www.radiopiu.net\/wordpress\/wp-content\/uploads\/2024\/10\/Valle-Imperina-Fabbricato-Forni-Fusori.jpeg 1600w\" sizes=\"auto, (max-width: 201px) 100vw, 201px\" \/><\/a>RIVAMONTE <\/strong>Il Centro Minerario Valle Imperina invita tutta la comunit\u00e0 e i visitatori a partecipare a un weekend ricco di eventi unici, sabato 14 e domenica 15 giugno. Sabato 14 giugno verr\u00e0 celebrata una Santa Messa nella suggestiva cornice dei forni fusori, un luogo che conserva la storia e la tradizione mineraria del territorio. Un momento di riflessione e spiritualit\u00e0 immersi in un ambiente carico di fascino e memoria. Domenica 15 giugno, invece, sar\u00e0 protagonista il laboratorio \u201cMateria\u201d, rivolto ai ragazzi e accessibile su prenotazione. Un\u2019esperienza coinvolgente che offre un viaggio sorprendente tra minerali e i segreti della natura, alla scoperta di come queste meraviglie influenzino la nostra vita quotidiana. Entrambe le giornate prevedono visite guidate su prenotazione, per esplorare in modo approfondito la storia e le peculiarit\u00e0 del Centro Minerario. Non perdere questa occasione per vivere un\u2019esperienza educativa e emozionante nel cuore della Valle Imperina. Per maggiori informazioni e prenotazioni: <a class=\"\" href=\"http:\/\/www.centrominerariovalleimperina.it\" target=\"_new\" rel=\"noopener\" data-start=\"1143\" data-end=\"1178\" data-is-last-node=\"\">www.centrominerariovalleimperina.it<\/a><\/p>\n<p><strong>I PROMO ALLA RADIO<\/strong><\/p>\n<audio class=\"wp-audio-shortcode\" id=\"audio-453300-13\" preload=\"none\" style=\"width: 100%;\" controls=\"controls\"><source type=\"audio\/mpeg\" src=\"https:\/\/www.radiopiu.net\/wordpress\/wp-content\/uploads\/2025\/05\/alle-miniere-1.mp3?_=13\" \/><a href=\"https:\/\/www.radiopiu.net\/wordpress\/wp-content\/uploads\/2025\/05\/alle-miniere-1.mp3\">https:\/\/www.radiopiu.net\/wordpress\/wp-content\/uploads\/2025\/05\/alle-miniere-1.mp3<\/a><\/audio>\n<p>&nbsp;<\/p>\n<audio class=\"wp-audio-shortcode\" id=\"audio-453300-14\" preload=\"none\" style=\"width: 100%;\" controls=\"controls\"><source type=\"audio\/mpeg\" src=\"https:\/\/www.radiopiu.net\/wordpress\/wp-content\/uploads\/2025\/05\/alle-miniere-2-1.mp3?_=14\" \/><a href=\"https:\/\/www.radiopiu.net\/wordpress\/wp-content\/uploads\/2025\/05\/alle-miniere-2-1.mp3\">https:\/\/www.radiopiu.net\/wordpress\/wp-content\/uploads\/2025\/05\/alle-miniere-2-1.mp3<\/a><\/audio>\n<p>&nbsp;<\/p>\n<hr \/>\n<p>&nbsp;<\/p>\n<blockquote>\n<h3>APPUNTAMENTO IMPERDIBILE AL BAR DELLE BOCCE DI AGORDO: SABATO ARRIVANO I TIRATAIE<\/h3>\n<\/blockquote>\n<p><strong><a class=\"dt-pswp-item\" href=\"https:\/\/www.radiopiu.net\/wordpress\/wp-content\/uploads\/2025\/06\/TIRATAIE.jpg\" data-dt-img-description=\"\" data-large_image_width=\"1158\" data-large_image_height=\"800\"><img loading=\"lazy\" decoding=\"async\" class=\" wp-image-453273 alignleft\" src=\"https:\/\/www.radiopiu.net\/wordpress\/wp-content\/uploads\/2025\/06\/TIRATAIE-300x207.jpg\" alt=\"\" width=\"172\" height=\"118\" srcset=\"https:\/\/www.radiopiu.net\/wordpress\/wp-content\/uploads\/2025\/06\/TIRATAIE-300x207.jpg 300w, https:\/\/www.radiopiu.net\/wordpress\/wp-content\/uploads\/2025\/06\/TIRATAIE-1024x707.jpg 1024w, https:\/\/www.radiopiu.net\/wordpress\/wp-content\/uploads\/2025\/06\/TIRATAIE-768x531.jpg 768w, https:\/\/www.radiopiu.net\/wordpress\/wp-content\/uploads\/2025\/06\/TIRATAIE.jpg 1158w\" sizes=\"auto, (max-width: 172px) 100vw, 172px\" \/><\/a>AGORDO <\/strong>Prosegue con grande entusiasmo la festa estiva al Bar delle Bocce di Agordo, che sabato offre una serata imperdibile all\u2019insegna della musica e del buon cibo. Dalle ore 20, il palco sar\u00e0 animato dal concerto live dei Tirataie, la folk-band locale che promette di far scatenare il pubblico con le sue note coinvolgenti. Ma prima dell\u2019inizio del concerto, spazio al pre-concerto con le specialit\u00e0 culinarie di Sonia: gustosi arrosticini, panini onti, wurstel e birra a fiumi per soddisfare ogni palato e rendere la serata ancora pi\u00f9 piacevole. Il Bar delle Bocce invita tutti gli appassionati a prenotare il proprio tavolo per assicurarsi un posto in prima fila e vivere una serata all\u2019insegna della buona musica e della convivialit\u00e0. Per prenotazioni \u00e8 possibile chiamare il numero 344 1902405.<\/p>\n<p>&nbsp;<\/p>\n<p>&nbsp;<\/p>\n<p>&nbsp;<\/p>\n<hr \/>\n<p>&nbsp;<\/p>\n<blockquote>\n<h3>SAGRA DEL CAMPANOT 2025: TRENT\u2019ANNI DI TRADIZIONE, MUSICA E GASTRONOMIA ECO-SOSTENIBILE<\/h3>\n<\/blockquote>\n<p><strong><a class=\"dt-pswp-item\" href=\"https:\/\/www.radiopiu.net\/wordpress\/wp-content\/uploads\/2025\/06\/CAMPANOT-2025.jpg\" data-dt-img-description=\"\" data-large_image_width=\"818\" data-large_image_height=\"580\"><img loading=\"lazy\" decoding=\"async\" class=\" wp-image-453191 alignleft\" src=\"https:\/\/www.radiopiu.net\/wordpress\/wp-content\/uploads\/2025\/06\/CAMPANOT-2025-300x213.jpg\" alt=\"\" width=\"194\" height=\"138\" srcset=\"https:\/\/www.radiopiu.net\/wordpress\/wp-content\/uploads\/2025\/06\/CAMPANOT-2025-300x213.jpg 300w, https:\/\/www.radiopiu.net\/wordpress\/wp-content\/uploads\/2025\/06\/CAMPANOT-2025-768x545.jpg 768w, https:\/\/www.radiopiu.net\/wordpress\/wp-content\/uploads\/2025\/06\/CAMPANOT-2025.jpg 818w\" sizes=\"auto, (max-width: 194px) 100vw, 194px\" \/><\/a>BELLUNO <\/strong>Torna dal 20 al 29 giugno 2025 a Castion (Belluno) la 30\u00aa edizione della Sagra del Campanot, evento estivo tra i pi\u00f9 importanti del territorio, organizzato dalla Pro Loco Pieve Castionese. Riconosciuta \u201cSagra di qualit\u00e0\u201d e EcoSagra, promuove tradizione, cultura, gastronomia e sostenibilit\u00e0 con pratiche ambientali come stoviglie lavabili e raccolta differenziata. Il ricco programma prevede otto giorni di concerti con artisti come Gianmarco Bagutti, Punkreas e DJ, spettacoli per famiglie, mostre, tornei sportivi, visite guidate e attivit\u00e0 per bambini. Due giornate speciali sono dedicate ai pi\u00f9 piccoli e alla cultura tirolese. La sagra offre anche un\u2019ampia proposta gastronomica, con piatti tipici bellunesi, cucina vegetariana e vini locali. Il presidente Maurizio Fontanelle sottolinea l\u2019importanza di questo traguardo, frutto di 30 anni di volontariato e collaborazione.<\/p>\n<p>&nbsp;<\/p>\n<p>&nbsp;<\/p>\n<hr \/>\n<p>&nbsp;<\/p>\n<blockquote>\n<h3><a class=\"dt-pswp-item\" href=\"https:\/\/www.radiopiu.net\/wordpress\/wp-content\/uploads\/2025\/06\/1.png\" data-dt-img-description=\"\" data-large_image_width=\"1080\" data-large_image_height=\"1080\"><img loading=\"lazy\" decoding=\"async\" class=\" wp-image-452159 alignleft\" src=\"https:\/\/www.radiopiu.net\/wordpress\/wp-content\/uploads\/2025\/06\/1-300x300.png\" alt=\"\" width=\"164\" height=\"164\" srcset=\"https:\/\/www.radiopiu.net\/wordpress\/wp-content\/uploads\/2025\/06\/1-300x300.png 300w, https:\/\/www.radiopiu.net\/wordpress\/wp-content\/uploads\/2025\/06\/1-1024x1024.png 1024w, https:\/\/www.radiopiu.net\/wordpress\/wp-content\/uploads\/2025\/06\/1-150x150.png 150w, https:\/\/www.radiopiu.net\/wordpress\/wp-content\/uploads\/2025\/06\/1-768x768.png 768w, https:\/\/www.radiopiu.net\/wordpress\/wp-content\/uploads\/2025\/06\/1.png 1080w\" sizes=\"auto, (max-width: 164px) 100vw, 164px\" \/><\/a>IL GELATO DIVENTA GOURMET: SERATA DI DEGUSTAZIONE A LONGARONE<\/h3>\n<\/blockquote>\n<p><strong>LONGARONE <\/strong>La Pro Loco di Longarone presenta <strong>\u201cIl Gelato Gourmet\u201d<\/strong>, un evento culinario unico che si terr\u00e0 presso il Centro Culturale di Longarone. Protagonista della serata sar\u00e0 il gelato, presente in ogni portata del men\u00f9 degustativo ideato dallo chef Mauro Cavalet, in collaborazione con la Trattoria Oasi. L\u2019esperienza sar\u00e0 arricchita dalla conduzione di Annamaria Marta e dall\u2019accompagnamento musicale di Longarone Musica. Il costo \u00e8 di 43 euro, bevande incluse, con prenotazione entro il 12 giugno. I posti sono limitati. Per informazioni: 0437-770119 o <a href=\"mailto:info@prolocolongarone.it\">info@prolocolongarone.it<\/a>. Un\u2019occasione da non perdere per scoprire nuovi sapori in un\u2019atmosfera raffinata.<\/p>\n<p><a class=\"dt-pswp-item\" href=\"https:\/\/www.radiopiu.net\/wordpress\/wp-content\/uploads\/2022\/02\/MyRadioPiu_miaidea.png\" data-dt-img-description=\"\" data-large_image_width=\"483\" data-large_image_height=\"374\">\u200b<img loading=\"lazy\" decoding=\"async\" class=\" wp-image-325190 aligncenter\" src=\"https:\/\/www.radiopiu.net\/wordpress\/wp-content\/uploads\/2022\/02\/MyRadioPiu_miaidea-300x232.png\" alt=\"\" width=\"103\" height=\"80\" srcset=\"https:\/\/www.radiopiu.net\/wordpress\/wp-content\/uploads\/2022\/02\/MyRadioPiu_miaidea-300x232.png 300w, https:\/\/www.radiopiu.net\/wordpress\/wp-content\/uploads\/2022\/02\/MyRadioPiu_miaidea.png 483w\" sizes=\"auto, (max-width: 103px) 100vw, 103px\" \/><\/a><\/p>\n<p>&nbsp;<\/p>\n<hr \/>\n<p>&nbsp;<\/p>\n<blockquote>\n<h3><a class=\"dt-pswp-item\" href=\"https:\/\/www.radiopiu.net\/wordpress\/wp-content\/uploads\/2020\/10\/fiori-barp.png\" data-dt-img-description=\"\" data-large_image_width=\"334\" data-large_image_height=\"475\"><img loading=\"lazy\" decoding=\"async\" class=\" wp-image-164208 alignleft\" src=\"https:\/\/www.radiopiu.net\/wordpress\/wp-content\/uploads\/2020\/10\/fiori-barp-211x300.png\" alt=\"\" width=\"91\" height=\"129\" srcset=\"https:\/\/www.radiopiu.net\/wordpress\/wp-content\/uploads\/2020\/10\/fiori-barp-211x300.png 211w, https:\/\/www.radiopiu.net\/wordpress\/wp-content\/uploads\/2020\/10\/fiori-barp.png 334w\" sizes=\"auto, (max-width: 91px) 100vw, 91px\" \/><\/a>LA FESTA ARANCIONE DEL FIORI BARP<\/h3>\n<\/blockquote>\n<p><strong>SEDICO<\/strong><\/p>\n<p>DI ROBERTO BONA<\/p>\n<audio class=\"wp-audio-shortcode\" id=\"audio-453300-15\" preload=\"none\" style=\"width: 100%;\" controls=\"controls\"><source type=\"audio\/mpeg\" src=\"https:\/\/www.radiopiu.net\/wordpress\/wp-content\/uploads\/2025\/06\/gr-09-la-festa-arancione-del-fiori-barp-bona-SCADE-14-GIUGNO.mp3?_=15\" \/><a href=\"https:\/\/www.radiopiu.net\/wordpress\/wp-content\/uploads\/2025\/06\/gr-09-la-festa-arancione-del-fiori-barp-bona-SCADE-14-GIUGNO.mp3\">https:\/\/www.radiopiu.net\/wordpress\/wp-content\/uploads\/2025\/06\/gr-09-la-festa-arancione-del-fiori-barp-bona-SCADE-14-GIUGNO.mp3<\/a><\/audio>\n<p>&nbsp;<\/p>\n<p>&nbsp;<\/p>\n<hr \/>\n<p>&nbsp;<\/p>\n<blockquote>\n<h3><a class=\"dt-pswp-item\" href=\"https:\/\/www.radiopiu.net\/wordpress\/wp-content\/uploads\/2025\/06\/Locandina_eventi_Brasile-1.jpg\" data-dt-img-description=\"\" data-large_image_width=\"1190\" data-large_image_height=\"1683\"><img loading=\"lazy\" decoding=\"async\" class=\" wp-image-452816 alignleft\" src=\"https:\/\/www.radiopiu.net\/wordpress\/wp-content\/uploads\/2025\/06\/Locandina_eventi_Brasile-1-212x300.jpg\" alt=\"\" width=\"161\" height=\"228\" srcset=\"https:\/\/www.radiopiu.net\/wordpress\/wp-content\/uploads\/2025\/06\/Locandina_eventi_Brasile-1-212x300.jpg 212w, https:\/\/www.radiopiu.net\/wordpress\/wp-content\/uploads\/2025\/06\/Locandina_eventi_Brasile-1-724x1024.jpg 724w, https:\/\/www.radiopiu.net\/wordpress\/wp-content\/uploads\/2025\/06\/Locandina_eventi_Brasile-1-768x1086.jpg 768w, https:\/\/www.radiopiu.net\/wordpress\/wp-content\/uploads\/2025\/06\/Locandina_eventi_Brasile-1-1086x1536.jpg 1086w, https:\/\/www.radiopiu.net\/wordpress\/wp-content\/uploads\/2025\/06\/Locandina_eventi_Brasile-1.jpg 1190w\" sizes=\"auto, (max-width: 161px) 100vw, 161px\" \/><\/a>MIGRAZIONI, LINGUA E MEMORIA: TRE INCONTRI CULTURALI AL MUSEO ETNOGRAFICO DOLOMITI<\/h3>\n<\/blockquote>\n<p><strong>CESIOMAGGIORE <\/strong>Dal 13 giugno, il Museo Etnografico Dolomiti propone una rassegna di tre eventi dedicati all\u2019emigrazione italiana in Brasile, con focus sulla regione del Rio Grande Do Sul e sul patrimonio culturale delle comunit\u00e0 italo-brasiliane. La rassegna accompagna la mostra fotografica <em data-start=\"365\" data-end=\"401\">Brasile. Tra due mondi, una storia<\/em>, realizzata per i 150 anni dell\u2019emigrazione italiana in Brasile e curata dal fotografo italo-brasiliano Luis Tadeu Vilani. Il primo appuntamento, il 13 giugno, vedr\u00e0 lo storico Daniele Gazzi riflettere su 150 anni di emigrazione italiana. Il 27 giugno, la linguista Loredana Corr\u00e0 esplorer\u00e0 la lingua <em data-start=\"704\" data-end=\"712\">talian<\/em>, seguita dall\u2019antropologa Daniela Perco che approfondir\u00e0 le tradizioni orali italo-brasiliane. L\u2019evento conclusivo, il 4 luglio, sar\u00e0 la presentazione del romanzo <em data-start=\"876\" data-end=\"896\">Piero fa la Merica<\/em> con l\u2019autore Paolo Malaguti, che narra l\u2019esperienza migratoria dal Veneto al Brasile. Tutti gli incontri inizieranno alle ore 18.00.<\/p>\n<p>&nbsp;<\/p>\n<p>&nbsp;<\/p>\n<hr \/>\n<p>&nbsp;<\/p>\n<blockquote>\n<h3>IMMENSO BLU: UNA MOSTRA E UN FILM A CAMMINANDO FESTIVAL<\/h3>\n<\/blockquote>\n<p><strong><a class=\"dt-pswp-item\" href=\"https:\/\/www.radiopiu.net\/wordpress\/wp-content\/uploads\/2025\/06\/4-Via-nuova-Terzo-Paradiso-alla-Gateway-Ridge-Antartide-2020-foto-dellagnola-sanguineti-cavalli-7-scaled.jpg\" data-dt-img-description=\"\" data-large_image_width=\"2560\" data-large_image_height=\"1726\"><img loading=\"lazy\" decoding=\"async\" class=\" wp-image-453094 alignleft\" src=\"https:\/\/www.radiopiu.net\/wordpress\/wp-content\/uploads\/2025\/06\/4-Via-nuova-Terzo-Paradiso-alla-Gateway-Ridge-Antartide-2020-foto-dellagnola-sanguineti-cavalli-7-300x202.jpg\" alt=\"\" width=\"180\" height=\"121\" srcset=\"https:\/\/www.radiopiu.net\/wordpress\/wp-content\/uploads\/2025\/06\/4-Via-nuova-Terzo-Paradiso-alla-Gateway-Ridge-Antartide-2020-foto-dellagnola-sanguineti-cavalli-7-300x202.jpg 300w, https:\/\/www.radiopiu.net\/wordpress\/wp-content\/uploads\/2025\/06\/4-Via-nuova-Terzo-Paradiso-alla-Gateway-Ridge-Antartide-2020-foto-dellagnola-sanguineti-cavalli-7-1024x690.jpg 1024w, https:\/\/www.radiopiu.net\/wordpress\/wp-content\/uploads\/2025\/06\/4-Via-nuova-Terzo-Paradiso-alla-Gateway-Ridge-Antartide-2020-foto-dellagnola-sanguineti-cavalli-7-768x518.jpg 768w, https:\/\/www.radiopiu.net\/wordpress\/wp-content\/uploads\/2025\/06\/4-Via-nuova-Terzo-Paradiso-alla-Gateway-Ridge-Antartide-2020-foto-dellagnola-sanguineti-cavalli-7-1536x1035.jpg 1536w, https:\/\/www.radiopiu.net\/wordpress\/wp-content\/uploads\/2025\/06\/4-Via-nuova-Terzo-Paradiso-alla-Gateway-Ridge-Antartide-2020-foto-dellagnola-sanguineti-cavalli-7-2048x1381.jpg 2048w\" sizes=\"auto, (max-width: 180px) 100vw, 180px\" \/><\/a>BELLUNO<\/strong> La fotografia torna protagonista al Camminando Festival 2025 con <em data-start=\"65\" data-end=\"78\">Immenso Blu<\/em>, mostra che sar\u00e0 inaugurata oggi alle 18:30 presso il Palazzo delle Contesse di Mel. Per la prima volta in Veneto, saranno esposte le spettacolari immagini scattate dal fotografo-alpinista Manrico Dell\u2019Agnola durante la spedizione Antartide 2020. Insieme a Gianluca Cavalli e Marcello Sanguineti, ha attraversato lo Stretto di Drake a bordo della Ice Bird per esplorare valli remote della Penisola Antartica. La mostra, arricchita dalla proiezione del docu-film omonimo, racconta l\u2019avventura tra ghiacciai e fauna selvatica e affronta i temi ambientali, grazie anche all\u2019intervento del ricercatore del CNR Jacopo Gabrieli.<\/p>\n<p>&nbsp;<\/p>\n<hr \/>\n<p>&nbsp;<\/p>\n<blockquote>\n<h3><a class=\"dt-pswp-item\" href=\"https:\/\/www.radiopiu.net\/wordpress\/wp-content\/uploads\/2025\/06\/26a18d41-36fd-4384-82a2-6f6a20b6034e.jpg\" data-dt-img-description=\"\" data-large_image_width=\"901\" data-large_image_height=\"1600\"><img loading=\"lazy\" decoding=\"async\" class=\" wp-image-453423 alignleft\" src=\"https:\/\/www.radiopiu.net\/wordpress\/wp-content\/uploads\/2025\/06\/26a18d41-36fd-4384-82a2-6f6a20b6034e-169x300.jpg\" alt=\"\" width=\"76\" height=\"135\" srcset=\"https:\/\/www.radiopiu.net\/wordpress\/wp-content\/uploads\/2025\/06\/26a18d41-36fd-4384-82a2-6f6a20b6034e-169x300.jpg 169w, https:\/\/www.radiopiu.net\/wordpress\/wp-content\/uploads\/2025\/06\/26a18d41-36fd-4384-82a2-6f6a20b6034e-577x1024.jpg 577w, https:\/\/www.radiopiu.net\/wordpress\/wp-content\/uploads\/2025\/06\/26a18d41-36fd-4384-82a2-6f6a20b6034e-768x1364.jpg 768w, https:\/\/www.radiopiu.net\/wordpress\/wp-content\/uploads\/2025\/06\/26a18d41-36fd-4384-82a2-6f6a20b6034e-865x1536.jpg 865w, https:\/\/www.radiopiu.net\/wordpress\/wp-content\/uploads\/2025\/06\/26a18d41-36fd-4384-82a2-6f6a20b6034e.jpg 901w\" sizes=\"auto, (max-width: 76px) 100vw, 76px\" \/><\/a>CONCERTO TRA LE VIGNE CON IL GRUPPO VOCALE CRYSTAL TEARS<\/h3>\n<\/blockquote>\n<p><strong>BORGO VALBELLUNA <\/strong>Domenica 22 giugno 2025 alle 20.30, tra le vigne di Poggio Pagnan (Mel di Borgo Valbelluna), si terr\u00e0 il concerto \u201cLuci care, luci belle\u201d del Gruppo Vocale Crystal Tears, diretto da Elettra De Biasi. Voci e clarinetti daranno vita a un viaggio musicale tra classica e contemporanea, con brani di Haydn, Mozart, Beethoven e prime assolute di compositori locali. Protagonisti: quattro talentuosi clarinettisti, tra cui il maestro Alessandro Muscatello. L\u2019evento, gratuito e immerso nella natura, \u00e8 patrocinato dal Comune e organizzato con Art Dolomites e Poggio Pagnan.<\/p>\n<p>&nbsp;<\/p>\n<p>&nbsp;<\/p>\n<hr \/>\n<p>&nbsp;<\/p>\n<h2><span style=\"color: #ff0000;\">L&#8217;OPINIONE DI FRANCO PIACENTINI<\/span><\/h2>\n<p><a class=\"dt-pswp-item\" href=\"https:\/\/www.radiopiu.net\/wordpress\/wp-content\/uploads\/2024\/01\/ANZIANI.jpg\" data-dt-img-description=\"\" data-large_image_width=\"1280\" data-large_image_height=\"853\"><img loading=\"lazy\" decoding=\"async\" class=\"size-medium wp-image-371639 alignleft\" src=\"https:\/\/www.radiopiu.net\/wordpress\/wp-content\/uploads\/2024\/01\/ANZIANI-300x200.jpg\" alt=\"\" width=\"300\" height=\"200\" srcset=\"https:\/\/www.radiopiu.net\/wordpress\/wp-content\/uploads\/2024\/01\/ANZIANI-300x200.jpg 300w, https:\/\/www.radiopiu.net\/wordpress\/wp-content\/uploads\/2024\/01\/ANZIANI-1024x682.jpg 1024w, https:\/\/www.radiopiu.net\/wordpress\/wp-content\/uploads\/2024\/01\/ANZIANI-768x512.jpg 768w, https:\/\/www.radiopiu.net\/wordpress\/wp-content\/uploads\/2024\/01\/ANZIANI.jpg 1280w\" sizes=\"auto, (max-width: 300px) 100vw, 300px\" \/><\/a>Invecchiamento attivo intergenerazionale: tre concetti importanti e impegnativi che sono indicati per innovare il welfare in un rapporto sinergico fra le varie fasce d\u2019et\u00e0 della popolazione. \u00a0\u00a0L\u2019invecchiamento pu\u00f2 essere una risorsa se la persona anziana \u00e8 considerata un\u2019opportunit\u00e0 sociale e non, come purtroppo spesso avviene, un peso per l\u2019assistenza, un costo per la sanit\u00e0 e un onere per la previdenza. \u00a0La donna anziana e l\u2019uomo anziano sono anche loro persone (non \u00e8 una banalit\u00e0 ricordarlo) che come tutti i cittadini, applicando la Costituzione, hanno diritti e doveri nell\u2019ambito della cittadinanza attiva, e contribuiscono, soprattutto nella presente complessa situazione politica-sociale, ad aiutare i propri familiari e le comunit\u00e0 locali con il loro impegno di sussidiariet\u00e0 e di solidariet\u00e0 (anche) nel volontariato. Per promuovere la cultura dell\u2019invecchiamento attivo, sono necessarie: disponibilit\u00e0 politiche, sedi istituzionali di confronto e azioni di convinta e costruttiva concertazione. \u00a0La concertazione, nella quale, far esprimere anche il ruolo del terzo settore, non \u00e8 un ostacolo, anzi rimane un\u2019efficace opportunit\u00e0 se non viene volutamente svuotata di contenuti e di risultati condivisi ed esigibili. La discussione e il confronto contribuiscono a verificare se ci sono, se potranno esserci, le condizioni per realizzare delle azioni d\u2019invecchiamento attivo con il protagonismo delle istituzionali e delle realt\u00e0 sociali. Il \u201ctavolo del Terzo Settore\u201d regionale, inteso come soggetto di rappresentanza anche del volontariato e della promozione sociale, pu\u00f2 benissimo avviare l\u2019approfondimento di merito con la Regione sui temi dell\u2019invecchiamento attivo intergenerazionale. Convergere su obiettivi condivisi dai sindacati, dal terzo settore e dalle pubbliche amministrazioni, significa dare gambe, dare prospettive, all\u2019anziano affinch\u00e9 sia nelle condizioni di rapportarsi al giovane con il suo bagaglio di esperienza, di professionalit\u00e0, di saggezza, di conoscenza e di solidariet\u00e0, che arricchisce il cammino, oggi non semplice, del giovane che, a sua volta, deve considerare l\u2019anziano come un\u2019opportunit\u00e0 per uscire dalle difficolt\u00e0. \u00a0In tutto questo la politica non \u00e8 un corpo estraneo, anzi \u00e8 una fondamentale parte della \u201cmassa critica\u201d perch\u00e9 chiamata a programmare e finanziare progetti d\u2019invecchiamento attivo orientati all\u2019affermazione: di sani stili di vita; dell\u2019apprendimento permanente all\u2019interno delle universit\u00e0 popolari e nei circoli culturali; della qualit\u00e0 dei servizi; della sussidiariet\u00e0 nelle prestazioni di volontariato. La domanda che s\u2019intreccia alla presente riflessione \u00e8 la seguente: <em>in quale contesto di<\/em> <em>welfare va collocato l\u2019invecchiamento attivo intergenerazionale?<\/em> La risposta si pu\u00f2 trovare nei progetti di quel volontariato che dialogando fra le diverse et\u00e0, apre la strada a nuove opportunit\u00e0 per rendere dinamico l\u2019invecchiamento attivo all\u2019interno del welfare di comunit\u00e0, indicato nel \u201cprogetto sociale\u201d di Auser, e nel \u201cwelfare generativo\u201d, proposto dal compianto mons. Giovanni Nervo, attualizzato dalla Fondazione \u201cEmanuela Zancan\u201d.<\/p>\n<p>Franco Piacentini<\/p>\n<p>&nbsp;<\/p>\n<p>&nbsp;<\/p>\n<hr \/>\n<p>&nbsp;<\/p>\n<blockquote class=\"wp-embedded-content\" data-secret=\"8p6NSnJYtl\"><p><a href=\"https:\/\/www.radiopiu.net\/wordpress\/ponte-nelle-alpi-nel-libro-di-comune-e-biblioteca-storie-immagini-territorio-poi-giochi-e-proverbi\/\">PONTE NELLE ALPI. NEL LIBRO DI COMUNE E BIBLIOTECA STORIE, IMMAGINI, TERRITORIO, POI GIOCHI E PROVERBI<\/a><\/p><\/blockquote>\n<p><iframe loading=\"lazy\" class=\"wp-embedded-content\" sandbox=\"allow-scripts\" security=\"restricted\" style=\"position: absolute; visibility: hidden;\" title=\"&#8220;PONTE NELLE ALPI. NEL LIBRO DI COMUNE E BIBLIOTECA STORIE, IMMAGINI, TERRITORIO, POI GIOCHI E PROVERBI&#8221; &#8212; Radio Pi\u00f9\" src=\"https:\/\/www.radiopiu.net\/wordpress\/ponte-nelle-alpi-nel-libro-di-comune-e-biblioteca-storie-immagini-territorio-poi-giochi-e-proverbi\/embed\/#?secret=FPPJSu7riu#?secret=8p6NSnJYtl\" data-secret=\"8p6NSnJYtl\" width=\"600\" height=\"338\" frameborder=\"0\" marginwidth=\"0\" marginheight=\"0\" scrolling=\"no\"><\/iframe><\/p>\n<p>&nbsp;<\/p>\n<hr \/>\n<p>&nbsp;<\/p>\n<h1><span style=\"color: #ff6600;\">ALLA RADIO<\/span><\/h1>\n<h2><span style=\"color: #ffcc00;\">MIRCO DE BONA ASSISTENZA TECNICA ALLA RADIO &#8211; LO SPECIALE<\/span><\/h2>\n<p><strong>BELLUNO<\/strong> Ad un anno dai festeggiamenti per i 25 dall&#8217;apertura del Centro Assistenza Mirco De Bona a Belluno, Radio Pi\u00f9 vi regala uno speciale in onda ogni secondo mercoled\u00ec del mese per farvi capire cos&#8217;\u00e8 il centro assistenza di Mirco De Bona e per aiutarvi nell&#8217;acquisto di nuovi prodotti.<\/p>\n<p><strong>PUNTATA 01<\/strong><\/p>\n<p><iframe loading=\"lazy\" title=\"MDB PUNTATA 1 - GIUGNO 2025\" width=\"1200\" height=\"675\" src=\"https:\/\/www.youtube.com\/embed\/paTb2ONxu9Y?feature=oembed\" frameborder=\"0\" allow=\"accelerometer; autoplay; clipboard-write; encrypted-media; gyroscope; picture-in-picture; web-share\" referrerpolicy=\"strict-origin-when-cross-origin\" allowfullscreen><\/iframe><\/p>\n<p>&nbsp;<\/p>\n<hr \/>\n<p>&nbsp;<\/p>\n<h2><span style=\"color: #800080;\"><a class=\"dt-pswp-item\" href=\"https:\/\/www.radiopiu.net\/wordpress\/wp-content\/uploads\/2022\/11\/scuola-zaino.jpeg\" data-dt-img-description=\"\" data-large_image_width=\"626\" data-large_image_height=\"417\"><img loading=\"lazy\" decoding=\"async\" class=\" wp-image-306830 alignleft\" src=\"https:\/\/www.radiopiu.net\/wordpress\/wp-content\/uploads\/2022\/11\/scuola-zaino-300x200.jpeg\" alt=\"\" width=\"206\" height=\"137\" srcset=\"https:\/\/www.radiopiu.net\/wordpress\/wp-content\/uploads\/2022\/11\/scuola-zaino-300x200.jpeg 300w, https:\/\/www.radiopiu.net\/wordpress\/wp-content\/uploads\/2022\/11\/scuola-zaino.jpeg 626w\" sizes=\"auto, (max-width: 206px) 100vw, 206px\" \/><\/a>SE NON LA SMETTI TI MANDO DAL PRESIDE<\/span><\/h2>\n<p><strong>PUNTATA DEL 11 GIUGNO 2025 &#8211; ULTIMA PUNTATA DELLA STAGIONE<\/strong><\/p>\n<p>DI MIRKO MEZZACASA<\/p>\n<p>CON MARIA ROSA SALMAZO<\/p>\n<audio class=\"wp-audio-shortcode\" id=\"audio-453300-16\" preload=\"none\" style=\"width: 100%;\" controls=\"controls\"><source type=\"audio\/mpeg\" src=\"https:\/\/www.radiopiu.net\/wordpress\/wp-content\/uploads\/2025\/06\/PRESIDE-1.mp3?_=16\" \/><a href=\"https:\/\/www.radiopiu.net\/wordpress\/wp-content\/uploads\/2025\/06\/PRESIDE-1.mp3\">https:\/\/www.radiopiu.net\/wordpress\/wp-content\/uploads\/2025\/06\/PRESIDE-1.mp3<\/a><\/audio>\n<p>&nbsp;<\/p>\n<hr \/>\n<p>&nbsp;<\/p>\n<h2><span style=\"color: #008000;\">CISL E FEMCA CISL LA VOCE PER I LAVORATORI<\/span><\/h2>\n<p><a class=\"dt-pswp-item\" href=\"https:\/\/www.radiopiu.net\/wordpress\/wp-content\/uploads\/2020\/11\/Schermata-2020-11-11-alle-12.25.13.png\" data-dt-img-description=\"\" data-large_image_width=\"594\" data-large_image_height=\"310\"><img loading=\"lazy\" decoding=\"async\" class=\" wp-image-172025 alignleft\" src=\"https:\/\/www.radiopiu.net\/wordpress\/wp-content\/uploads\/2020\/11\/Schermata-2020-11-11-alle-12.25.13-300x157.png\" alt=\"\" width=\"180\" height=\"94\" srcset=\"https:\/\/www.radiopiu.net\/wordpress\/wp-content\/uploads\/2020\/11\/Schermata-2020-11-11-alle-12.25.13-300x157.png 300w, https:\/\/www.radiopiu.net\/wordpress\/wp-content\/uploads\/2020\/11\/Schermata-2020-11-11-alle-12.25.13.png 594w\" sizes=\"auto, (max-width: 180px) 100vw, 180px\" \/><\/a>puntata del 11 GIUGNO 2025<\/p>\n<p><strong>OSPITE EMANUELA DE FINA<\/strong><\/p>\n<audio class=\"wp-audio-shortcode\" id=\"audio-453300-17\" preload=\"none\" style=\"width: 100%;\" controls=\"controls\"><source type=\"audio\/mpeg\" src=\"https:\/\/www.radiopiu.net\/wordpress\/wp-content\/uploads\/2025\/05\/FEMCA-CISL-2.mp3?_=17\" \/><a href=\"https:\/\/www.radiopiu.net\/wordpress\/wp-content\/uploads\/2025\/05\/FEMCA-CISL-2.mp3\">https:\/\/www.radiopiu.net\/wordpress\/wp-content\/uploads\/2025\/05\/FEMCA-CISL-2.mp3<\/a><\/audio>\n<p>&nbsp;<\/p>\n<h1><strong>LA RACCOLTA COMPLETA <a href=\"https:\/\/www.radiopiu.net\/wordpress\/cisl-e-femca-cisl-la-vocef\/\"><span style=\"color: #3366ff;\">CLICCA QUI<\/span><\/a><\/strong><\/h1>\n<p>&nbsp;<\/p>\n<p>&nbsp;<\/p>\n<hr \/>\n<p>&nbsp;<\/p>\n<h2><span style=\"color: #ff00ff;\">AMAZING CALENDAR, CON MICHELA E MARINA<\/span><\/h2>\n<p><span style=\"color: #0000ff;\"><strong><a class=\"dt-pswp-item\" href=\"https:\/\/www.radiopiu.net\/wordpress\/wp-content\/uploads\/2025\/04\/VALIGIA.jpg\" data-dt-img-description=\"\" data-large_image_width=\"1280\" data-large_image_height=\"823\"><img loading=\"lazy\" decoding=\"async\" class=\" wp-image-445355 alignleft\" src=\"https:\/\/www.radiopiu.net\/wordpress\/wp-content\/uploads\/2025\/04\/VALIGIA-300x193.jpg\" alt=\"\" width=\"166\" height=\"107\" srcset=\"https:\/\/www.radiopiu.net\/wordpress\/wp-content\/uploads\/2025\/04\/VALIGIA-300x193.jpg 300w, https:\/\/www.radiopiu.net\/wordpress\/wp-content\/uploads\/2025\/04\/VALIGIA-1024x658.jpg 1024w, https:\/\/www.radiopiu.net\/wordpress\/wp-content\/uploads\/2025\/04\/VALIGIA-768x494.jpg 768w, https:\/\/www.radiopiu.net\/wordpress\/wp-content\/uploads\/2025\/04\/VALIGIA.jpg 1280w\" sizes=\"auto, (max-width: 166px) 100vw, 166px\" \/><\/a>17a PUNTATA &#8211; PARTE UNO<\/strong><\/span><\/p>\n<audio class=\"wp-audio-shortcode\" id=\"audio-453300-18\" preload=\"none\" style=\"width: 100%;\" controls=\"controls\"><source type=\"audio\/mpeg\" src=\"https:\/\/www.radiopiu.net\/wordpress\/wp-content\/uploads\/2025\/05\/AMAZING-CALENDAR-DICIASSETTESIMA-PUNTATA-1.mp3?_=18\" \/><a href=\"https:\/\/www.radiopiu.net\/wordpress\/wp-content\/uploads\/2025\/05\/AMAZING-CALENDAR-DICIASSETTESIMA-PUNTATA-1.mp3\">https:\/\/www.radiopiu.net\/wordpress\/wp-content\/uploads\/2025\/05\/AMAZING-CALENDAR-DICIASSETTESIMA-PUNTATA-1.mp3<\/a><\/audio>\n<p><span style=\"color: #0000ff;\"><strong>\u00a0<\/strong><\/span><\/p>\n<p><span style=\"color: #0000ff;\"><strong>PARTE DUE<\/strong><\/span><\/p>\n<audio class=\"wp-audio-shortcode\" id=\"audio-453300-19\" preload=\"none\" style=\"width: 100%;\" controls=\"controls\"><source type=\"audio\/mpeg\" src=\"https:\/\/www.radiopiu.net\/wordpress\/wp-content\/uploads\/2025\/05\/AMAZING-CALENDAR-DICIASSETTESIMA-PUNTATA-2.mp3?_=19\" \/><a href=\"https:\/\/www.radiopiu.net\/wordpress\/wp-content\/uploads\/2025\/05\/AMAZING-CALENDAR-DICIASSETTESIMA-PUNTATA-2.mp3\">https:\/\/www.radiopiu.net\/wordpress\/wp-content\/uploads\/2025\/05\/AMAZING-CALENDAR-DICIASSETTESIMA-PUNTATA-2.mp3<\/a><\/audio>\n<p><span style=\"color: #0000ff;\"><strong>\u00a0<\/strong><\/span><\/p>\n<p><span style=\"color: #0000ff;\"><strong>PARTE TRE<\/strong><\/span><\/p>\n<audio class=\"wp-audio-shortcode\" id=\"audio-453300-20\" preload=\"none\" style=\"width: 100%;\" controls=\"controls\"><source type=\"audio\/mpeg\" src=\"https:\/\/www.radiopiu.net\/wordpress\/wp-content\/uploads\/2025\/05\/AMAZING-CALENDAR-DICIASSETTESIMA-PUNTATA-3.mp3?_=20\" \/><a href=\"https:\/\/www.radiopiu.net\/wordpress\/wp-content\/uploads\/2025\/05\/AMAZING-CALENDAR-DICIASSETTESIMA-PUNTATA-3.mp3\">https:\/\/www.radiopiu.net\/wordpress\/wp-content\/uploads\/2025\/05\/AMAZING-CALENDAR-DICIASSETTESIMA-PUNTATA-3.mp3<\/a><\/audio>\n<p><span style=\"color: #0000ff;\"><strong>\u00a0\u00a0<\/strong><\/span><\/p>\n<h1><strong>LA RACCOLTA COMPLETA <a href=\"https:\/\/www.radiopiu.net\/wordpress\/amazing-calendar-con-michela-e-marina-la-raccolta\/\"><span style=\"color: #3366ff;\">CLICCA QUI<\/span><\/a><\/strong><\/h1>\n<p>&nbsp;<\/p>\n<hr \/>\n<p>&nbsp;<\/p>\n<h2><span style=\"color: #ff0000;\">LE POESIE DI PAOLO &#8220;SBRASA&#8221; CAMPEDEL<\/span><\/h2>\n<p><strong><a class=\"dt-pswp-item\" href=\"https:\/\/www.radiopiu.net\/wordpress\/wp-content\/uploads\/2025\/06\/9dd58e8d-9594-4d52-9af5-9d2856df2fe9.jpg\" data-dt-img-description=\"\" data-large_image_width=\"2000\" data-large_image_height=\"1500\"><img loading=\"lazy\" decoding=\"async\" class=\" wp-image-453414 alignleft\" src=\"https:\/\/www.radiopiu.net\/wordpress\/wp-content\/uploads\/2025\/06\/9dd58e8d-9594-4d52-9af5-9d2856df2fe9-300x225.jpg\" alt=\"\" width=\"161\" height=\"121\" srcset=\"https:\/\/www.radiopiu.net\/wordpress\/wp-content\/uploads\/2025\/06\/9dd58e8d-9594-4d52-9af5-9d2856df2fe9-300x225.jpg 300w, https:\/\/www.radiopiu.net\/wordpress\/wp-content\/uploads\/2025\/06\/9dd58e8d-9594-4d52-9af5-9d2856df2fe9-1024x768.jpg 1024w, https:\/\/www.radiopiu.net\/wordpress\/wp-content\/uploads\/2025\/06\/9dd58e8d-9594-4d52-9af5-9d2856df2fe9-768x576.jpg 768w, https:\/\/www.radiopiu.net\/wordpress\/wp-content\/uploads\/2025\/06\/9dd58e8d-9594-4d52-9af5-9d2856df2fe9-1536x1152.jpg 1536w, https:\/\/www.radiopiu.net\/wordpress\/wp-content\/uploads\/2025\/06\/9dd58e8d-9594-4d52-9af5-9d2856df2fe9.jpg 2000w\" sizes=\"auto, (max-width: 161px) 100vw, 161px\" \/><\/a>DI MARINA DONA&#8217;<\/strong><\/p>\n<p>OSPITE: Paolo &#8220;Sbrasa&#8221; Campedel<\/p>\n<audio class=\"wp-audio-shortcode\" id=\"audio-453300-21\" preload=\"none\" style=\"width: 100%;\" controls=\"controls\"><source type=\"audio\/mpeg\" src=\"https:\/\/www.radiopiu.net\/wordpress\/wp-content\/uploads\/2025\/06\/PAOLO-SBRASA-.mp3?_=21\" \/><a href=\"https:\/\/www.radiopiu.net\/wordpress\/wp-content\/uploads\/2025\/06\/PAOLO-SBRASA-.mp3\">https:\/\/www.radiopiu.net\/wordpress\/wp-content\/uploads\/2025\/06\/PAOLO-SBRASA-.mp3<\/a><\/audio>\n<p>&nbsp;<\/p>\n<hr \/>\n<p>&nbsp;<\/p>\n<h2><span style=\"color: #993300;\">ACCOGLIENZA TURISTICA E GRANDI EVENTI: LA SETTIMANA ALLA RADIO<\/span><\/h2>\n<p><strong>REDAZIONE\u00a0<\/strong>La settimana dell&#8217;accoglienza al gruppo Fontana Ivo Far 1951. Una due giorni con esperti, relazioni, suggerimenti.<\/p>\n<p><strong>MERCOLEDI &#8211; DAVIDE GUIDA RESPONSABILE AREA RIQUALIFICAZIONE GABETTI LAB<\/strong><\/p>\n<p><iframe loading=\"lazy\" title=\"Davide Guida   Responsabile area riqualificazione Gabetti Lab\" width=\"1200\" height=\"675\" src=\"https:\/\/www.youtube.com\/embed\/jkRbkb6-NPw?feature=oembed\" frameborder=\"0\" allow=\"accelerometer; autoplay; clipboard-write; encrypted-media; gyroscope; picture-in-picture; web-share\" referrerpolicy=\"strict-origin-when-cross-origin\" allowfullscreen><\/iframe><\/p>\n<p>&nbsp;<\/p>\n<h1><strong>LA RACCOLTA COMPLETA <a href=\"https:\/\/www.radiopiu.net\/wordpress\/accoglienza-turistica-e-grandi-eventi-la-settimana-alla-radio-mercoledi\/\"><span style=\"color: #3366ff;\">CLICCA QUI<\/span><\/a><\/strong><\/h1>\n<p>&nbsp;<\/p>\n<hr \/>\n<p>&nbsp;<\/p>\n<h2><span style=\"color: #00ccff;\">FINE SETTIMANA DI FESTA A RIVAMONTE CON LA SAGRA DE SANT&#8217;ANTONI<\/span><\/h2>\n<p><strong><a class=\"dt-pswp-item\" href=\"https:\/\/www.radiopiu.net\/wordpress\/wp-content\/uploads\/2025\/06\/1a03dc4a-5a6e-418a-9e09-62952cf13995.jpg\" data-dt-img-description=\"\" data-large_image_width=\"1142\" data-large_image_height=\"1600\"><img loading=\"lazy\" decoding=\"async\" class=\" wp-image-453261 alignleft\" src=\"https:\/\/www.radiopiu.net\/wordpress\/wp-content\/uploads\/2025\/06\/1a03dc4a-5a6e-418a-9e09-62952cf13995-214x300.jpg\" alt=\"\" width=\"143\" height=\"200\" srcset=\"https:\/\/www.radiopiu.net\/wordpress\/wp-content\/uploads\/2025\/06\/1a03dc4a-5a6e-418a-9e09-62952cf13995-214x300.jpg 214w, https:\/\/www.radiopiu.net\/wordpress\/wp-content\/uploads\/2025\/06\/1a03dc4a-5a6e-418a-9e09-62952cf13995-731x1024.jpg 731w, https:\/\/www.radiopiu.net\/wordpress\/wp-content\/uploads\/2025\/06\/1a03dc4a-5a6e-418a-9e09-62952cf13995-768x1076.jpg 768w, https:\/\/www.radiopiu.net\/wordpress\/wp-content\/uploads\/2025\/06\/1a03dc4a-5a6e-418a-9e09-62952cf13995-1096x1536.jpg 1096w, https:\/\/www.radiopiu.net\/wordpress\/wp-content\/uploads\/2025\/06\/1a03dc4a-5a6e-418a-9e09-62952cf13995.jpg 1142w\" sizes=\"auto, (max-width: 143px) 100vw, 143px\" \/><\/a>DI MIRKO MEZZACASA<\/strong><\/p>\n<p>OSPITE: Giacomo Bressan, presidente della Pro Loco Rivamonte<\/p>\n<audio class=\"wp-audio-shortcode\" id=\"audio-453300-22\" preload=\"none\" style=\"width: 100%;\" controls=\"controls\"><source type=\"audio\/mpeg\" src=\"https:\/\/www.radiopiu.net\/wordpress\/wp-content\/uploads\/2025\/06\/GIACOMO-BRESSAN-PROLOCO-2025-RIVAMONET.mp3?_=22\" \/><a href=\"https:\/\/www.radiopiu.net\/wordpress\/wp-content\/uploads\/2025\/06\/GIACOMO-BRESSAN-PROLOCO-2025-RIVAMONET.mp3\">https:\/\/www.radiopiu.net\/wordpress\/wp-content\/uploads\/2025\/06\/GIACOMO-BRESSAN-PROLOCO-2025-RIVAMONET.mp3<\/a><\/audio>\n<p>&nbsp;<\/p>\n<hr \/>\n<p>&nbsp;<\/p>\n<h2><span style=\"color: #ff0000;\"><a class=\"dt-pswp-item\" href=\"https:\/\/www.radiopiu.net\/wordpress\/wp-content\/uploads\/2018\/09\/appuntamenti.jpeg\" data-dt-img-description=\"\" data-large_image_width=\"800\" data-large_image_height=\"100\"><img loading=\"lazy\" decoding=\"async\" class=\"wp-image-61958 size-full aligncenter\" src=\"https:\/\/www.radiopiu.net\/wordpress\/wp-content\/uploads\/2018\/09\/appuntamenti.jpeg\" alt=\"\" width=\"800\" height=\"100\" srcset=\"https:\/\/www.radiopiu.net\/wordpress\/wp-content\/uploads\/2018\/09\/appuntamenti.jpeg 800w, https:\/\/www.radiopiu.net\/wordpress\/wp-content\/uploads\/2018\/09\/appuntamenti-300x38.jpeg 300w, https:\/\/www.radiopiu.net\/wordpress\/wp-content\/uploads\/2018\/09\/appuntamenti-768x96.jpeg 768w\" sizes=\"auto, (max-width: 800px) 100vw, 800px\" \/><\/a><\/span><\/h2>\n<p>&nbsp;<\/p>\n<div>\n<div class=\"\" dir=\"auto\">\n<div id=\":r9h:\" class=\"x1iorvi4 x1pi30zi x1l90r2v x1swvt13\" data-ad-comet-preview=\"message\" data-ad-preview=\"message\">\n<div class=\"\" dir=\"auto\">\n<div id=\":r9h:\" class=\"x1iorvi4 x1pi30zi x1l90r2v x1swvt13\" data-ad-comet-preview=\"message\" data-ad-preview=\"message\">\n<div class=\"\" dir=\"auto\">\n<div id=\":r9h:\" class=\"x1iorvi4 x1pi30zi x1l90r2v x1swvt13\" data-ad-comet-preview=\"message\" data-ad-preview=\"message\">\n<div class=\"\" dir=\"auto\">\n<div id=\":r9h:\" class=\"x1iorvi4 x1pi30zi x1l90r2v x1swvt13\" data-ad-comet-preview=\"message\" data-ad-preview=\"message\">\n<div>\n<div class=\"\" dir=\"auto\">\n<div id=\":r9h:\" class=\"x1iorvi4 x1pi30zi x1l90r2v x1swvt13\" data-ad-comet-preview=\"message\" data-ad-preview=\"message\">\n<div>\n<div class=\"\" dir=\"auto\">\n<div id=\":r9h:\" class=\"x1iorvi4 x1pi30zi x1l90r2v x1swvt13\" data-ad-comet-preview=\"message\" data-ad-preview=\"message\">\n<div class=\"xdj266r x11i5rnm xat24cr x1mh8g0r x1vvkbs x126k92a\">\n<div dir=\"auto\">\n<div style=\"width: 1200px;\" class=\"wp-video\"><video class=\"wp-video-shortcode\" id=\"video-453300-2\" width=\"1200\" height=\"675\" preload=\"metadata\" controls=\"controls\"><source type=\"video\/mp4\" src=\"https:\/\/www.radiopiu.net\/wordpress\/wp-content\/uploads\/2025\/06\/WhatsApp-Video-2025-06-06-at-17.01.07.mp4?_=2\" \/><a href=\"https:\/\/www.radiopiu.net\/wordpress\/wp-content\/uploads\/2025\/06\/WhatsApp-Video-2025-06-06-at-17.01.07.mp4\">https:\/\/www.radiopiu.net\/wordpress\/wp-content\/uploads\/2025\/06\/WhatsApp-Video-2025-06-06-at-17.01.07.mp4<\/a><\/video><\/div>\n<p>&nbsp;<\/p>\n<\/div>\n<\/div>\n<div>\n<div class=\"\" dir=\"auto\">\n<div id=\":r9h:\" class=\"x1iorvi4 x1pi30zi x1l90r2v x1swvt13\" data-ad-comet-preview=\"message\" data-ad-preview=\"message\">\n<div>\n<div class=\"\" dir=\"auto\">\n<div id=\":r9h:\" class=\"x1iorvi4 x1pi30zi x1l90r2v x1swvt13\" data-ad-comet-preview=\"message\" data-ad-preview=\"message\">\n\n\t\t\t<style type='text\/css'>\n\t\t\t\t#gallery-4 {\n\t\t\t\t\tmargin: auto;\n\t\t\t\t}\n\t\t\t\t#gallery-4 .gallery-item {\n\t\t\t\t\tfloat: left;\n\t\t\t\t\tmargin-top: 10px;\n\t\t\t\t\ttext-align: center;\n\t\t\t\t\twidth: 25%;\n\t\t\t\t}\n\t\t\t\t#gallery-4 img {\n\t\t\t\t\tborder: 2px solid #cfcfcf;\n\t\t\t\t}\n\t\t\t\t#gallery-4 .gallery-caption {\n\t\t\t\t\tmargin-left: 0;\n\t\t\t\t}\n\t\t\t\t\/* see gallery_shortcode() in wp-includes\/media.php *\/\n\t\t\t<\/style>\n\t\t<div id='gallery-4' class='dt-gallery-container gallery galleryid-453300 gallery-columns-4 gallery-size-thumbnail'><dl class='gallery-item'>\n\t\t\t\t<dt class='gallery-icon portrait'>\n\t\t\t\t\t<a class=\"rollover rollover-zoom dt-pswp-item\" title=\"miniere sunset 11 giugno 25\" data-dt-img-description=\"\" data-large_image_width=\"1080\" data-large_image_height=\"1350\"href='https:\/\/www.radiopiu.net\/wordpress\/wp-content\/uploads\/2025\/06\/miniere-sunset-11-giugno-25.png'><img loading=\"lazy\" decoding=\"async\" width=\"150\" height=\"150\" src=\"https:\/\/www.radiopiu.net\/wordpress\/wp-content\/uploads\/2025\/06\/miniere-sunset-11-giugno-25-150x150.png\" class=\"attachment-thumbnail size-thumbnail\" alt=\"\" \/><\/a>\n\t\t\t\t<\/dt><\/dl><dl class='gallery-item'>\n\t\t\t\t<dt class='gallery-icon portrait'>\n\t\t\t\t\t<a class=\"rollover rollover-zoom dt-pswp-item\" title=\"Locandina mostra gagliardetti radioe tv\" data-dt-img-description=\"\" data-large_image_width=\"1052\" data-large_image_height=\"1488\"href='https:\/\/www.radiopiu.net\/wordpress\/wp-content\/uploads\/2025\/05\/Locandina-mostra-gagliardetti-radioe-tv.jpg'><img loading=\"lazy\" decoding=\"async\" width=\"150\" height=\"150\" src=\"https:\/\/www.radiopiu.net\/wordpress\/wp-content\/uploads\/2025\/05\/Locandina-mostra-gagliardetti-radioe-tv-150x150.jpg\" class=\"attachment-thumbnail size-thumbnail\" alt=\"\" \/><\/a>\n\t\t\t\t<\/dt><\/dl><dl class='gallery-item'>\n\t\t\t\t<dt class='gallery-icon portrait'>\n\t\t\t\t\t<a class=\"rollover rollover-zoom dt-pswp-item\" title=\"ARSON\" data-dt-img-description=\"\" data-large_image_width=\"841\" data-large_image_height=\"1190\"href='https:\/\/www.radiopiu.net\/wordpress\/wp-content\/uploads\/2025\/05\/ARSON.jpg'><img loading=\"lazy\" decoding=\"async\" width=\"150\" height=\"150\" src=\"https:\/\/www.radiopiu.net\/wordpress\/wp-content\/uploads\/2025\/05\/ARSON-150x150.jpg\" class=\"attachment-thumbnail size-thumbnail\" alt=\"\" \/><\/a>\n\t\t\t\t<\/dt><\/dl><dl class='gallery-item'>\n\t\t\t\t<dt class='gallery-icon portrait'>\n\t\t\t\t\t<a class=\"rollover rollover-zoom dt-pswp-item\" title=\"d1498b2b-b7bf-4f97-a860-cfdab4895bad\" data-dt-img-description=\"\" data-large_image_width=\"1127\" data-large_image_height=\"1600\"href='https:\/\/www.radiopiu.net\/wordpress\/wp-content\/uploads\/2025\/05\/d1498b2b-b7bf-4f97-a860-cfdab4895bad.jpg'><img loading=\"lazy\" decoding=\"async\" width=\"150\" height=\"150\" src=\"https:\/\/www.radiopiu.net\/wordpress\/wp-content\/uploads\/2025\/05\/d1498b2b-b7bf-4f97-a860-cfdab4895bad-150x150.jpg\" class=\"attachment-thumbnail size-thumbnail\" alt=\"\" \/><\/a>\n\t\t\t\t<\/dt><\/dl><br style=\"clear: both\" \/><dl class='gallery-item'>\n\t\t\t\t<dt class='gallery-icon portrait'>\n\t\t\t\t\t<a class=\"rollover rollover-zoom dt-pswp-item\" title=\"47206401-ad67-496b-80c6-4e9e2f24ffdf\" data-dt-img-description=\"\" data-large_image_width=\"1158\" data-large_image_height=\"1600\"href='https:\/\/www.radiopiu.net\/wordpress\/wp-content\/uploads\/2025\/05\/47206401-ad67-496b-80c6-4e9e2f24ffdf.jpg'><img loading=\"lazy\" decoding=\"async\" width=\"150\" height=\"150\" src=\"https:\/\/www.radiopiu.net\/wordpress\/wp-content\/uploads\/2025\/05\/47206401-ad67-496b-80c6-4e9e2f24ffdf-150x150.jpg\" class=\"attachment-thumbnail size-thumbnail\" alt=\"\" \/><\/a>\n\t\t\t\t<\/dt><\/dl><dl class='gallery-item'>\n\t\t\t\t<dt class='gallery-icon portrait'>\n\t\t\t\t\t<a class=\"rollover rollover-zoom dt-pswp-item\" title=\"Locandina_eventi_Brasile (1)\" data-dt-img-description=\"\" data-large_image_width=\"1190\" data-large_image_height=\"1683\"href='https:\/\/www.radiopiu.net\/wordpress\/wp-content\/uploads\/2025\/06\/Locandina_eventi_Brasile-1.jpg'><img loading=\"lazy\" decoding=\"async\" width=\"150\" height=\"150\" src=\"https:\/\/www.radiopiu.net\/wordpress\/wp-content\/uploads\/2025\/06\/Locandina_eventi_Brasile-1-150x150.jpg\" class=\"attachment-thumbnail size-thumbnail\" alt=\"\" \/><\/a>\n\t\t\t\t<\/dt><\/dl><dl class='gallery-item'>\n\t\t\t\t<dt class='gallery-icon portrait'>\n\t\t\t\t\t<a class=\"rollover rollover-zoom dt-pswp-item\" title=\"Locandina Sagra di San Giovanni 2025\" data-dt-img-description=\"\" data-large_image_width=\"814\" data-large_image_height=\"1600\"href='https:\/\/www.radiopiu.net\/wordpress\/wp-content\/uploads\/2025\/06\/Locandina-Sagra-di-San-Giovanni-2025.jpg'><img loading=\"lazy\" decoding=\"async\" width=\"150\" height=\"150\" src=\"https:\/\/www.radiopiu.net\/wordpress\/wp-content\/uploads\/2025\/06\/Locandina-Sagra-di-San-Giovanni-2025-150x150.jpg\" class=\"attachment-thumbnail size-thumbnail\" alt=\"\" \/><\/a>\n\t\t\t\t<\/dt><\/dl><dl class='gallery-item'>\n\t\t\t\t<dt class='gallery-icon portrait'>\n\t\t\t\t\t<a class=\"rollover rollover-zoom dt-pswp-item\" title=\"17a1fc42-3517-41bb-8a12-ddda5bfbb98c\" data-dt-img-description=\"\" data-large_image_width=\"1000\" data-large_image_height=\"1401\"href='https:\/\/www.radiopiu.net\/wordpress\/wp-content\/uploads\/2025\/06\/17a1fc42-3517-41bb-8a12-ddda5bfbb98c.jpg'><img loading=\"lazy\" decoding=\"async\" width=\"150\" height=\"150\" src=\"https:\/\/www.radiopiu.net\/wordpress\/wp-content\/uploads\/2025\/06\/17a1fc42-3517-41bb-8a12-ddda5bfbb98c-150x150.jpg\" class=\"attachment-thumbnail size-thumbnail\" alt=\"\" \/><\/a>\n\t\t\t\t<\/dt><\/dl><br style=\"clear: both\" \/><dl class='gallery-item'>\n\t\t\t\t<dt class='gallery-icon portrait'>\n\t\t\t\t\t<a class=\"rollover rollover-zoom dt-pswp-item\" title=\"a26d42f4-7856-45f7-91cd-7ae0cfe04108\" data-dt-img-description=\"\" data-large_image_width=\"1131\" data-large_image_height=\"1600\"href='https:\/\/www.radiopiu.net\/wordpress\/wp-content\/uploads\/2025\/06\/a26d42f4-7856-45f7-91cd-7ae0cfe04108.jpg'><img loading=\"lazy\" decoding=\"async\" width=\"150\" height=\"150\" src=\"https:\/\/www.radiopiu.net\/wordpress\/wp-content\/uploads\/2025\/06\/a26d42f4-7856-45f7-91cd-7ae0cfe04108-150x150.jpg\" class=\"attachment-thumbnail size-thumbnail\" alt=\"\" \/><\/a>\n\t\t\t\t<\/dt><\/dl><dl class='gallery-item'>\n\t\t\t\t<dt class='gallery-icon portrait'>\n\t\t\t\t\t<a class=\"rollover rollover-zoom dt-pswp-item\" title=\"locandina Mostra\" data-dt-img-description=\"\" data-large_image_width=\"1132\" data-large_image_height=\"1600\"href='https:\/\/www.radiopiu.net\/wordpress\/wp-content\/uploads\/2025\/06\/locandina-Mostra.jpg'><img loading=\"lazy\" decoding=\"async\" width=\"150\" height=\"150\" src=\"https:\/\/www.radiopiu.net\/wordpress\/wp-content\/uploads\/2025\/06\/locandina-Mostra-150x150.jpg\" class=\"attachment-thumbnail size-thumbnail\" alt=\"\" \/><\/a>\n\t\t\t\t<\/dt><\/dl><dl class='gallery-item'>\n\t\t\t\t<dt class='gallery-icon portrait'>\n\t\t\t\t\t<a class=\"rollover rollover-zoom dt-pswp-item\" title=\"Oplus_131072\" data-dt-img-description=\"\" data-large_image_width=\"1240\" data-large_image_height=\"1824\"href='https:\/\/www.radiopiu.net\/wordpress\/wp-content\/uploads\/2025\/06\/IMG_20250611_165718.jpg'><img loading=\"lazy\" decoding=\"async\" width=\"150\" height=\"150\" src=\"https:\/\/www.radiopiu.net\/wordpress\/wp-content\/uploads\/2025\/06\/IMG_20250611_165718-150x150.jpg\" class=\"attachment-thumbnail size-thumbnail\" alt=\"\" \/><\/a>\n\t\t\t\t<\/dt><\/dl><dl class='gallery-item'>\n\t\t\t\t<dt class='gallery-icon portrait'>\n\t\t\t\t\t<a class=\"rollover rollover-zoom dt-pswp-item\" title=\"locandina Convegno\" data-dt-img-description=\"\" data-large_image_width=\"1132\" data-large_image_height=\"1600\"href='https:\/\/www.radiopiu.net\/wordpress\/wp-content\/uploads\/2025\/06\/locandina-Convegno.jpg'><img loading=\"lazy\" decoding=\"async\" width=\"150\" height=\"150\" src=\"https:\/\/www.radiopiu.net\/wordpress\/wp-content\/uploads\/2025\/06\/locandina-Convegno-150x150.jpg\" class=\"attachment-thumbnail size-thumbnail\" alt=\"\" \/><\/a>\n\t\t\t\t<\/dt><\/dl><br style=\"clear: both\" \/>\n\t\t\t<\/div>\n\n<p>&nbsp;<\/p>\n<\/div>\n<\/div>\n<\/div>\n<\/div>\n<\/div>\n<\/div>\n<\/div>\n<\/div>\n<\/div>\n<\/div>\n<\/div>\n<\/div>\n<\/div>\n<\/div>\n<\/div>\n<\/div>\n<\/div>\n<\/div>\n<\/div>\n<\/div>\n<\/div>\n<div>\n<div class=\"\" dir=\"auto\">\n<div id=\":r9h:\" class=\"x1iorvi4 x1pi30zi x1l90r2v x1swvt13\" data-ad-comet-preview=\"message\" data-ad-preview=\"message\">\n<div class=\"\" dir=\"auto\">\n<div id=\":r9h:\" class=\"x1iorvi4 x1pi30zi x1l90r2v x1swvt13\" data-ad-comet-preview=\"message\" data-ad-preview=\"message\">\n<div class=\"\" dir=\"auto\">\n<div id=\":r9h:\" class=\"x1iorvi4 x1pi30zi x1l90r2v x1swvt13\" data-ad-comet-preview=\"message\" data-ad-preview=\"message\">\n<div class=\"\" dir=\"auto\">\n<div id=\":r9h:\" class=\"x1iorvi4 x1pi30zi x1l90r2v x1swvt13\" data-ad-comet-preview=\"message\" data-ad-preview=\"message\">\n<div>\n<div class=\"\" dir=\"auto\">\n<div id=\":r9h:\" class=\"x1iorvi4 x1pi30zi x1l90r2v x1swvt13\" data-ad-comet-preview=\"message\" data-ad-preview=\"message\">\n<div>\n<div class=\"\" dir=\"auto\">\n<div id=\":r9h:\" class=\"x1iorvi4 x1pi30zi x1l90r2v x1swvt13\" data-ad-comet-preview=\"message\" data-ad-preview=\"message\">\n<div class=\"xdj266r x11i5rnm xat24cr x1mh8g0r x1vvkbs x126k92a\">\n<div dir=\"auto\"><\/div>\n<\/div>\n<div>\n<div class=\"\" dir=\"auto\">\n<div id=\":r9h:\" class=\"x1iorvi4 x1pi30zi x1l90r2v x1swvt13\" data-ad-comet-preview=\"message\" data-ad-preview=\"message\">\n<div>\n<div class=\"\" dir=\"auto\">\n<div id=\":r9h:\" class=\"x1iorvi4 x1pi30zi x1l90r2v x1swvt13\" data-ad-comet-preview=\"message\" data-ad-preview=\"message\">\n<p>&nbsp;<\/p>\n<hr \/>\n<p>&nbsp;<\/p>\n<\/div>\n<\/div>\n<\/div>\n<\/div>\n<\/div>\n<\/div>\n<\/div>\n<\/div>\n<\/div>\n<\/div>\n<\/div>\n<\/div>\n<\/div>\n<\/div>\n<\/div>\n<\/div>\n<\/div>\n<\/div>\n<\/div>\n<\/div>\n<\/div>\n<p class=\"mceTemp\"><a class=\"dt-pswp-item\" href=\"https:\/\/www.radiopiu.net\/wordpress\/wp-content\/uploads\/2018\/09\/WhatsApp-Image-2018-09-20-at-16.04.06.jpeg\" data-dt-img-description=\"\" data-large_image_width=\"800\" data-large_image_height=\"100\"><img loading=\"lazy\" decoding=\"async\" class=\"wp-image-61378 size-full aligncenter\" src=\"https:\/\/www.radiopiu.net\/wordpress\/wp-content\/uploads\/2018\/09\/WhatsApp-Image-2018-09-20-at-16.04.06.jpeg\" alt=\"\" width=\"800\" height=\"100\" srcset=\"https:\/\/www.radiopiu.net\/wordpress\/wp-content\/uploads\/2018\/09\/WhatsApp-Image-2018-09-20-at-16.04.06.jpeg 800w, https:\/\/www.radiopiu.net\/wordpress\/wp-content\/uploads\/2018\/09\/WhatsApp-Image-2018-09-20-at-16.04.06-300x38.jpeg 300w, https:\/\/www.radiopiu.net\/wordpress\/wp-content\/uploads\/2018\/09\/WhatsApp-Image-2018-09-20-at-16.04.06-768x96.jpeg 768w\" sizes=\"auto, (max-width: 800px) 100vw, 800px\" \/><\/a><\/p>\n<p><center><\/center><center><\/center>&nbsp;<\/p>\n<p><center><b>OGGI<\/b><\/center>Come nei giorni precedenti, al mattino soleggiato salvo un po&#8217; di foschia nelle conche prealpine; poi parziale riduzione del soleggiamento per una modesta attivit\u00e0 cumuliforme nelle ore pi\u00f9 calde eventualmente associata a qualche occasionale e breve fenomeno di calore.<br \/>\n<b>Precipitazioni: <\/b>Generalmente assenti, salvo una probabilit\u00e0 molto bassa di qualche isolato piovasco\/pioviggine a ridosso dei pendii.<br \/>\n<b>Temperature: <\/b>Stazionarie o in ulteriore lieve aumento e superiori alla norma<\/p>\n<hr \/>\n<p><center><b>DOMANI<\/b><\/center>Situazione meteorologica pressoch\u00e9 invariata rispetto ai giorni precedenti, con tempo generalmente ben soleggiato al mattino, con la tendenza a divenire parzialmente soleggiato nelle ore calde per una lieve attivit\u00e0 cumuliforme associata a scarsi fenomeni o del tutto assenti. Clima estivo.<br \/>\n<b>Precipitazioni: <\/b>Generalmente assenti, salvo una probabilit\u00e0 molto bassa di qualche isolato piovasco\/pioviggine a ridosso dei pendii.<br \/>\n<b>Temperature: <\/b>Stazionarie o in ulteriore lieve aumento e superiori alla norma.<\/p>\n<hr \/>\n<p><center><b>SABATO<\/b><\/center>Ancora una mattinata ben soleggiata e stabile, con la tendenza a divenire parzialmente soleggiata nelle ore calde per una lieve attivit\u00e0 cumuliforme associata a qualche locale fenomeno, un po&#8217; pi\u00f9 probabile rispetto ai giorni prima. Clima estivo con temperature stazionarie o in ulteriore lieve aumento e superiori alla norma.<\/p>\n<hr \/>\n<p><center><b>DOMENICA<\/b><\/center>Al mattino in genere poco nuvoloso con presenza di modesti addensamenti attorno ai rilievi e senza fenomeni. Dalle ore centrali ulteriore intensificazione della nuvolosit\u00e0 localmente consistente con la possibilit\u00e0 di precipitazioni anche a carattere di rovescio o di temporale. Temperature minime in lieve aumento, massime in lieve diminuzione.<\/p>\n<p>&nbsp;<\/p>\n<hr \/>\n<p>&nbsp;<\/p>\n<p class=\"mceTemp\"><a class=\"dt-pswp-item\" href=\"https:\/\/www.radiopiu.net\/wordpress\/wp-content\/uploads\/2018\/09\/sport.jpg\" data-dt-img-description=\"\" data-large_image_width=\"800\" data-large_image_height=\"100\"><img loading=\"lazy\" decoding=\"async\" class=\"aligncenter wp-image-60761 size-full\" src=\"https:\/\/www.radiopiu.net\/wordpress\/wp-content\/uploads\/2018\/09\/sport.jpg\" alt=\"\" width=\"800\" height=\"100\" srcset=\"https:\/\/www.radiopiu.net\/wordpress\/wp-content\/uploads\/2018\/09\/sport.jpg 800w, https:\/\/www.radiopiu.net\/wordpress\/wp-content\/uploads\/2018\/09\/sport-300x38.jpg 300w, https:\/\/www.radiopiu.net\/wordpress\/wp-content\/uploads\/2018\/09\/sport-768x96.jpg 768w\" sizes=\"auto, (max-width: 800px) 100vw, 800px\" \/> <\/a><\/p>\n<p class=\"mceTemp\"><span style=\"color: #0000ff;\"><strong>\u00a0 \u00a0 \u00a0 \u00a0 \u00a0 \u00a0 \u00a0\u00a0<\/strong><\/span><\/p>\n<p><strong><span style=\"color: #0000ff;\">PALLAVOLO<\/span><\/strong><\/p>\n<blockquote>\n<h3><a class=\"dt-pswp-item\" href=\"https:\/\/www.radiopiu.net\/wordpress\/wp-content\/uploads\/2025\/06\/La_carica_di_Matteo_Mozzato.jpg\" data-dt-img-description=\"\" data-large_image_width=\"1370\" data-large_image_height=\"1132\"><img loading=\"lazy\" decoding=\"async\" class=\" wp-image-453363 alignleft\" src=\"https:\/\/www.radiopiu.net\/wordpress\/wp-content\/uploads\/2025\/06\/La_carica_di_Matteo_Mozzato-300x248.jpg\" alt=\"\" width=\"209\" height=\"173\" srcset=\"https:\/\/www.radiopiu.net\/wordpress\/wp-content\/uploads\/2025\/06\/La_carica_di_Matteo_Mozzato-300x248.jpg 300w, https:\/\/www.radiopiu.net\/wordpress\/wp-content\/uploads\/2025\/06\/La_carica_di_Matteo_Mozzato-1024x846.jpg 1024w, https:\/\/www.radiopiu.net\/wordpress\/wp-content\/uploads\/2025\/06\/La_carica_di_Matteo_Mozzato-768x635.jpg 768w, https:\/\/www.radiopiu.net\/wordpress\/wp-content\/uploads\/2025\/06\/La_carica_di_Matteo_Mozzato.jpg 1370w\" sizes=\"auto, (max-width: 209px) 100vw, 209px\" \/><\/a>MATTEO MOZZATO, CUORE BIANCOBL\u00d9: ANCORA A BELLUNO PER LA QUINTA STAGIONE<\/h3>\n<\/blockquote>\n<p>Matteo Mozzato, centrale ventiduenne di Treviso, rester\u00e0 a Belluno per la quinta stagione consecutiva. Con oltre mille giorni in biancobl\u00f9, \u00e8 ormai un simbolo dei rinoceronti. La sua scelta nasce dal forte legame con il club, l\u2019ambiente e i tifosi: qui ha trovato seriet\u00e0, passione e un progetto in crescita. Reduce da una stagione intensa, culminata nella vittoria in semifinale contro Gioia del Colle, guarda al futuro con determinazione e ambizione. Mozzato ricorda anche l\u2019amico e compagno Matteo Piazzetta, scomparso prematuramente: un esempio di umanit\u00e0 e forza che continuer\u00e0 a ispirarlo. Nessuna frase a effetto, solo impegno quotidiano per costruire, insieme, un futuro vincente.<\/p>\n<p>&nbsp;<\/p>\n<p><span style=\"color: #0000ff;\"><strong>MOTORI<\/strong><\/span><\/p>\n<blockquote>\n<h3><a class=\"dt-pswp-item\" href=\"https:\/\/www.radiopiu.net\/wordpress\/wp-content\/uploads\/2025\/06\/7a553b38-9e8c-4f0b-b0b4-38576025fe66.jpg\" data-dt-img-description=\"\" data-large_image_width=\"1600\" data-large_image_height=\"1066\"><img loading=\"lazy\" decoding=\"async\" class=\" wp-image-453482 alignleft\" src=\"https:\/\/www.radiopiu.net\/wordpress\/wp-content\/uploads\/2025\/06\/7a553b38-9e8c-4f0b-b0b4-38576025fe66-300x200.jpg\" alt=\"\" width=\"212\" height=\"141\" srcset=\"https:\/\/www.radiopiu.net\/wordpress\/wp-content\/uploads\/2025\/06\/7a553b38-9e8c-4f0b-b0b4-38576025fe66-300x200.jpg 300w, https:\/\/www.radiopiu.net\/wordpress\/wp-content\/uploads\/2025\/06\/7a553b38-9e8c-4f0b-b0b4-38576025fe66-1024x682.jpg 1024w, https:\/\/www.radiopiu.net\/wordpress\/wp-content\/uploads\/2025\/06\/7a553b38-9e8c-4f0b-b0b4-38576025fe66-768x512.jpg 768w, https:\/\/www.radiopiu.net\/wordpress\/wp-content\/uploads\/2025\/06\/7a553b38-9e8c-4f0b-b0b4-38576025fe66-1536x1023.jpg 1536w, https:\/\/www.radiopiu.net\/wordpress\/wp-content\/uploads\/2025\/06\/7a553b38-9e8c-4f0b-b0b4-38576025fe66.jpg 1600w\" sizes=\"auto, (max-width: 212px) 100vw, 212px\" \/><\/a>FANT SETTIMO A VALLELUNGA<\/h3>\n<\/blockquote>\n<p><strong>DI ROBERTO BONA<\/strong><\/p>\n<audio class=\"wp-audio-shortcode\" id=\"audio-453300-23\" preload=\"none\" style=\"width: 100%;\" controls=\"controls\"><source type=\"audio\/mpeg\" src=\"https:\/\/www.radiopiu.net\/wordpress\/wp-content\/uploads\/2025\/06\/gr-12-sport-fant-bona.mp3?_=23\" \/><a href=\"https:\/\/www.radiopiu.net\/wordpress\/wp-content\/uploads\/2025\/06\/gr-12-sport-fant-bona.mp3\">https:\/\/www.radiopiu.net\/wordpress\/wp-content\/uploads\/2025\/06\/gr-12-sport-fant-bona.mp3<\/a><\/audio>\n<p>&nbsp;<\/p>\n<p>&nbsp;<\/p>\n<p>&nbsp;<\/p>\n<p>&nbsp;<\/p>\n<p>&nbsp;<\/p>\n","protected":false},"excerpt":{"rendered":"<p>******* &nbsp; LA\u00a0 APP PER IOS-IPHONE di Nicola Vettorello https:\/\/apps.apple.com\/it\/app\/radio-pi%C3%B9-emittente-agordina\/id1515939845 LA\u00a0 APP RADIO\u00a0 PER ANDROID di Nicola Vettorello https:\/\/play.google.com\/store\/apps\/details?id=net.radiopiu.iniko\u00a0\u00a0\u00a0\u00a0 \u00a0 &nbsp; OGGI SU RADIOPI\u00d9: MUSICA, informazione\u00a0 e dirette\u00a0 ALLE 8.05 LA RASSEGNA STAMPA LOCALE 8.25\u00a0 PIU&#8217; SIAMO E ALLE 900 LA MUSICA COUNTRY DI ALEX IL COWBOY DI RADIOPIU\u00a0 10.15 SEI IN RADIO SE DI&hellip;<\/p>\n","protected":false},"author":4,"featured_media":453386,"comment_status":"closed","ping_status":"closed","sticky":false,"template":"","format":"standard","meta":{"_monsterinsights_skip_tracking":false,"_monsterinsights_sitenote_active":false,"_monsterinsights_sitenote_note":"","_monsterinsights_sitenote_category":0,"footnotes":""},"categories":[51,86,49],"tags":[],"class_list":["post-453300","post","type-post","status-publish","format-standard","has-post-thumbnail","hentry","category-evidenza-top","category-gr","category-news-18","category-51","category-86","category-49","description-off"],"img_url":"https:\/\/www.radiopiu.net\/wordpress\/wp-content\/uploads\/2025\/06\/TAVOLO-RELATORI.jpg","_links":{"self":[{"href":"https:\/\/www.radiopiu.net\/wordpress\/wp-json\/wp\/v2\/posts\/453300","targetHints":{"allow":["GET"]}}],"collection":[{"href":"https:\/\/www.radiopiu.net\/wordpress\/wp-json\/wp\/v2\/posts"}],"about":[{"href":"https:\/\/www.radiopiu.net\/wordpress\/wp-json\/wp\/v2\/types\/post"}],"author":[{"embeddable":true,"href":"https:\/\/www.radiopiu.net\/wordpress\/wp-json\/wp\/v2\/users\/4"}],"replies":[{"embeddable":true,"href":"https:\/\/www.radiopiu.net\/wordpress\/wp-json\/wp\/v2\/comments?post=453300"}],"version-history":[{"count":40,"href":"https:\/\/www.radiopiu.net\/wordpress\/wp-json\/wp\/v2\/posts\/453300\/revisions"}],"predecessor-version":[{"id":453507,"href":"https:\/\/www.radiopiu.net\/wordpress\/wp-json\/wp\/v2\/posts\/453300\/revisions\/453507"}],"wp:featuredmedia":[{"embeddable":true,"href":"https:\/\/www.radiopiu.net\/wordpress\/wp-json\/wp\/v2\/media\/453386"}],"wp:attachment":[{"href":"https:\/\/www.radiopiu.net\/wordpress\/wp-json\/wp\/v2\/media?parent=453300"}],"wp:term":[{"taxonomy":"category","embeddable":true,"href":"https:\/\/www.radiopiu.net\/wordpress\/wp-json\/wp\/v2\/categories?post=453300"},{"taxonomy":"post_tag","embeddable":true,"href":"https:\/\/www.radiopiu.net\/wordpress\/wp-json\/wp\/v2\/tags?post=453300"}],"curies":[{"name":"wp","href":"https:\/\/api.w.org\/{rel}","templated":true}]}}