{"id":453335,"date":"2025-06-11T05:47:08","date_gmt":"2025-06-11T03:47:08","guid":{"rendered":"https:\/\/www.radiopiu.net\/wordpress\/?p=453335"},"modified":"2025-06-11T05:51:03","modified_gmt":"2025-06-11T03:51:03","slug":"trappola-per-lupi-a-processo-per-bracconaggio-e-altri-casi-giudiziari-dal-bellunese","status":"publish","type":"post","link":"https:\/\/www.radiopiu.net\/wordpress\/trappola-per-lupi-a-processo-per-bracconaggio-e-altri-casi-giudiziari-dal-bellunese\/","title":{"rendered":"TRAPPOLA PER LUPI: A PROCESSO PER BRACCONAGGIO E ALTRI CASI GIUDIZIARI DAL BELLUNESE"},"content":{"rendered":"<p>**<\/p>\n<blockquote><p><em>i principali aggiornamenti dalla cronaca giudiziaria locale, con sentenze e processi che continuano a interessare la provincia di Belluno. Sintesi dal Corriere delle Alpi, di Gigi Sosso<\/em><\/p><\/blockquote>\n<p style=\"text-align: left;\" data-start=\"100\" data-end=\"795\"><strong><img decoding=\"async\" class=\"alignleft\" src=\"https:\/\/www.radiopiu.net\/wordpress\/wp-content\/uploads\/2025\/06\/download-7.jpg\" \/>BELLUNO<\/strong> \u2013 AP, cacciatore bellunese, \u00e8 sotto processo per aver installato trappole illegali con lacci, utilizzando una carcassa di cervo e gamberi come esca per attirare i lupi, specie protetta presente nella zona. Paluselli ha rifiutato la sanzione prevista dal decreto penale e ha scelto il dibattimento in aula. Un lupo \u00e8 stato trovato morto nelle trappole, e il DNA rinvenuto sulle corde coincide con quello del cacciatore, elemento chiave per l\u2019accusa di bracconaggio e uccisione di animali. Le associazioni animaliste Anpana e Lega per l\u2019Abolizione della Caccia si sono costituite parte civile. La sentenza di primo grado \u00e8 attesa dopo l\u2019udienza fissata per il 9 dicembre.<\/p>\n<blockquote>\n<p data-start=\"797\" data-end=\"1218\">In un altro procedimento a Belluno, un uomo rischia un anno e dieci mesi di reclusione e una multa di 11mila euro per aver violato il Daspo urbano: era stato sorpreso nei pressi della discoteca J\u2019Adore, nonostante il divieto. La Procura ha chiesto la condanna, ma la difesa sostiene l\u2019assenza di prove certe che il soggetto fosse entrato in locali vietati. Il giudice \u00e8 in procinto di emettere la sentenza di primo grado.<\/p>\n<p data-start=\"1220\" data-end=\"1717\">A Conegliano, due bellunesi, FD\u2019O e XC, sono stati condannati a sette anni di carcere ciascuno per una rapina impropria avvenuta il 25 aprile 2022. La Procura aveva chiesto una pena di quattro anni, ma il giudice ha aumentato la condanna. I due imputati si dichiarano innocenti, affermando che si trattasse di una restituzione volontaria di un debito. \u00c8 attesa la motivazione della sentenza per poi valutare un eventuale appello. Intanto FD\u2019O \u00e8 stato incarcerato per una vicenda legata alla droga.<\/p>\n<p data-start=\"1719\" data-end=\"2150\">Sempre a Belluno, FD\u2019O \u00e8 stato rinviato a giudizio per lesioni aggravate a tre militari durante una festa techno a Lambioi Beach. Aveva chiesto la sospensione della pena con lavori di pubblica utilit\u00e0, ma \u00e8 finito in carcere per questioni legate alla droga e non ha potuto completare il percorso. Anche XC sar\u00e0 processato, mentre altri imputati hanno optato per soluzioni alternative. La prima udienza \u00e8 prevista per il 16 ottobre.<\/p>\n<p data-start=\"2152\" data-end=\"2691\">Infine, a Setteville \u00e8 terminato con l\u2019assoluzione il processo per circonvenzione d\u2019incapace a carico di due coniugi, Emanuele Auletta e Maria Iavazzo. L\u2019accusa riguardava una donazione da quasi mezzo milione di euro fatta da un\u2019anziana alla casa di riposo San Vincenzo di Alano di Piave, con la clausola di assistenza fino alla fine della vita. La perizia ha stabilito che la donna era lucida al momento della firma, e il giudice ha accolto la linea difensiva, revocando anche il sequestro di un immobile acquistato con parte della somma.<\/p>\n<p data-start=\"2152\" data-end=\"2691\">\n<\/blockquote>\n<hr \/>\n<blockquote>\n<p data-start=\"2693\" data-end=\"2843\">\n<p><em>\u00a0<\/em><\/p>\n<p>&nbsp;<\/p><\/blockquote>\n","protected":false},"excerpt":{"rendered":"<p>** i principali aggiornamenti dalla cronaca giudiziaria locale, con sentenze e processi che continuano a interessare la provincia di Belluno. Sintesi dal Corriere delle Alpi, di Gigi Sosso BELLUNO \u2013 AP, cacciatore bellunese, \u00e8 sotto processo per aver installato trappole illegali con lacci, utilizzando una carcassa di cervo e gamberi come esca per attirare i&hellip;<\/p>\n","protected":false},"author":4,"featured_media":453336,"comment_status":"closed","ping_status":"closed","sticky":false,"template":"","format":"standard","meta":{"_monsterinsights_skip_tracking":false,"_monsterinsights_sitenote_active":false,"_monsterinsights_sitenote_note":"","_monsterinsights_sitenote_category":0,"footnotes":""},"categories":[51,49],"tags":[],"class_list":["post-453335","post","type-post","status-publish","format-standard","has-post-thumbnail","hentry","category-evidenza-top","category-news-18","category-51","category-49","description-off"],"img_url":"https:\/\/www.radiopiu.net\/wordpress\/wp-content\/uploads\/2025\/06\/download-7.jpg","_links":{"self":[{"href":"https:\/\/www.radiopiu.net\/wordpress\/wp-json\/wp\/v2\/posts\/453335","targetHints":{"allow":["GET"]}}],"collection":[{"href":"https:\/\/www.radiopiu.net\/wordpress\/wp-json\/wp\/v2\/posts"}],"about":[{"href":"https:\/\/www.radiopiu.net\/wordpress\/wp-json\/wp\/v2\/types\/post"}],"author":[{"embeddable":true,"href":"https:\/\/www.radiopiu.net\/wordpress\/wp-json\/wp\/v2\/users\/4"}],"replies":[{"embeddable":true,"href":"https:\/\/www.radiopiu.net\/wordpress\/wp-json\/wp\/v2\/comments?post=453335"}],"version-history":[{"count":1,"href":"https:\/\/www.radiopiu.net\/wordpress\/wp-json\/wp\/v2\/posts\/453335\/revisions"}],"predecessor-version":[{"id":453337,"href":"https:\/\/www.radiopiu.net\/wordpress\/wp-json\/wp\/v2\/posts\/453335\/revisions\/453337"}],"wp:featuredmedia":[{"embeddable":true,"href":"https:\/\/www.radiopiu.net\/wordpress\/wp-json\/wp\/v2\/media\/453336"}],"wp:attachment":[{"href":"https:\/\/www.radiopiu.net\/wordpress\/wp-json\/wp\/v2\/media?parent=453335"}],"wp:term":[{"taxonomy":"category","embeddable":true,"href":"https:\/\/www.radiopiu.net\/wordpress\/wp-json\/wp\/v2\/categories?post=453335"},{"taxonomy":"post_tag","embeddable":true,"href":"https:\/\/www.radiopiu.net\/wordpress\/wp-json\/wp\/v2\/tags?post=453335"}],"curies":[{"name":"wp","href":"https:\/\/api.w.org\/{rel}","templated":true}]}}