{"id":453463,"date":"2025-06-11T19:46:59","date_gmt":"2025-06-11T17:46:59","guid":{"rendered":"https:\/\/www.radiopiu.net\/wordpress\/?p=453463"},"modified":"2025-06-11T19:46:59","modified_gmt":"2025-06-11T17:46:59","slug":"nuovo-cda-di-dolomitibus-nominati-martina-moritsch-valentino-frescura-e-federica-monti","status":"publish","type":"post","link":"https:\/\/www.radiopiu.net\/wordpress\/nuovo-cda-di-dolomitibus-nominati-martina-moritsch-valentino-frescura-e-federica-monti\/","title":{"rendered":"NUOVO CDA DI DOLOMITIBUS: NOMINATI MARTINA MORITSCH, VALENTINO FRESCURA E FEDERICA MONTI"},"content":{"rendered":"<p>*******<\/p>\n<p>&nbsp;<\/p>\n<p><strong><a class=\"dt-pswp-item\" href=\"https:\/\/www.radiopiu.net\/wordpress\/wp-content\/uploads\/2020\/06\/97384eec-d2d4-4e19-bdc9-7845fa51b71c.jpg\" data-dt-img-description=\"\" data-large_image_width=\"2048\" data-large_image_height=\"1536\"><img loading=\"lazy\" decoding=\"async\" class=\" wp-image-144908 alignleft\" src=\"https:\/\/www.radiopiu.net\/wordpress\/wp-content\/uploads\/2020\/06\/97384eec-d2d4-4e19-bdc9-7845fa51b71c-300x225.jpg\" alt=\"\" width=\"195\" height=\"146\" srcset=\"https:\/\/www.radiopiu.net\/wordpress\/wp-content\/uploads\/2020\/06\/97384eec-d2d4-4e19-bdc9-7845fa51b71c-300x225.jpg 300w, https:\/\/www.radiopiu.net\/wordpress\/wp-content\/uploads\/2020\/06\/97384eec-d2d4-4e19-bdc9-7845fa51b71c-1024x768.jpg 1024w, https:\/\/www.radiopiu.net\/wordpress\/wp-content\/uploads\/2020\/06\/97384eec-d2d4-4e19-bdc9-7845fa51b71c-768x576.jpg 768w, https:\/\/www.radiopiu.net\/wordpress\/wp-content\/uploads\/2020\/06\/97384eec-d2d4-4e19-bdc9-7845fa51b71c-1536x1152.jpg 1536w, https:\/\/www.radiopiu.net\/wordpress\/wp-content\/uploads\/2020\/06\/97384eec-d2d4-4e19-bdc9-7845fa51b71c.jpg 2048w\" sizes=\"auto, (max-width: 195px) 100vw, 195px\" \/><\/a>BELLUNO <\/strong>La Provincia, socio di minoranza con il 40% delle quote, ha nominato per il nuovo Consiglio di Amministrazione di Dolomitibus, nei ruoli previsti da Statuto, i seguenti nominativi: Martina Moritsch, nel ruolo di nuovo presidente. Imprenditrice e manager con oltre 35 anni di esperienza in business a livello internazionale, attualmente, attraverso la sua societ\u00e0, svolge consulenze strategiche in vari ambiti gestionali. Dedicatasi nei primi anni di carriera alle attivit\u00e0 di famiglia, Martina Moritsch \u00e8 stata poi impegnata a lungo anche all\u2019estero, in particolare come manager di una multinazionale quotata alla borsa di New York, la Terex Corporation. Valentino Frescura, quale membro del Consiglio di Amministrazione. Impiegato direzionale con oltre 30 anni di esperienza nel settore retail dell\u2019ottica, ha conseguito un curriculum di riguardo, che contempla la gestione di oltre 40 punti vendita e oltre 250 collaboratori in un gruppo di primario livello con sede in Cadore (Demenego spa). Federica Monti, quale presidente del collegio sindacale (riconferma). Laureata alla Ca\u2019 Foscari di Venezia in economia aziendale, \u00e8 dottore commercialista e revisore contabile dal 2002. Dopo aver maturato altre esperienze lavorative, dal 2005 svolge la libera professione presso un primario studio commercialisti di Belluno. \u201cSi tratta di tre professionalit\u00e0 di assoluto livello che abbiamo individuato tra i numerosi curricula di coloro che si erano candidati. Siamo certi che Martina Moritsch, Valentino Frescura e Federica Monti (che viene confermata nell\u2019incarico), sapranno interpretare al meglio il loro ruolo, con rigore e passione, nell\u2019obiettivo di garantire al servizio del trasporto pubblico locale e ai cittadini bellunesi una qualit\u00e0 sempre maggiore.\u201d, sottolinea il presidente della provincia di Belluno Roberto Padrin, che aggiunge: \u201cA loro e agli altri membri che saranno eletti nel nuovo CdA vanno i migliori auguri per un proficuo lavoro da parte di tutta l\u2019Amministrazione provinciale. Ai due rappresentanti della provincia uscenti &#8211; il presidente Andrea Biasiotto e la consigliera Sonia Sommacal &#8211; va il nostro sincero ringraziamento per l\u2019attivit\u00e0 svolta con impegno e professionalit\u00e0 in questi anni, in cui si sono dovuti misurare con alcune problematiche per molti aspetti non semplici, non facendo mai mancare il loro apporto costruttivo\u201d. Le nomine saranno ratificate in occasione dell\u2019assemblea dei soci convocata per il prossimo 23 giugno (dopo che quella prevista in data odierna \u00e8 stata rinviata per ragioni tecniche).<\/p>\n<p>&nbsp;<\/p>\n<p>&nbsp;<\/p>\n<p>&nbsp;<\/p>\n<p>*********<\/p>\n","protected":false},"excerpt":{"rendered":"<p>******* &nbsp; BELLUNO La Provincia, socio di minoranza con il 40% delle quote, ha nominato per il nuovo Consiglio di Amministrazione di Dolomitibus, nei ruoli previsti da Statuto, i seguenti nominativi: Martina Moritsch, nel ruolo di nuovo presidente. Imprenditrice e manager con oltre 35 anni di esperienza in business a livello internazionale, attualmente, attraverso la&hellip;<\/p>\n","protected":false},"author":4,"featured_media":144908,"comment_status":"closed","ping_status":"closed","sticky":false,"template":"","format":"standard","meta":{"_monsterinsights_skip_tracking":false,"_monsterinsights_sitenote_active":false,"_monsterinsights_sitenote_note":"","_monsterinsights_sitenote_category":0,"footnotes":""},"categories":[49],"tags":[],"class_list":["post-453463","post","type-post","status-publish","format-standard","has-post-thumbnail","hentry","category-news-18","category-49","description-off"],"img_url":"https:\/\/www.radiopiu.net\/wordpress\/wp-content\/uploads\/2020\/06\/97384eec-d2d4-4e19-bdc9-7845fa51b71c.jpg","_links":{"self":[{"href":"https:\/\/www.radiopiu.net\/wordpress\/wp-json\/wp\/v2\/posts\/453463","targetHints":{"allow":["GET"]}}],"collection":[{"href":"https:\/\/www.radiopiu.net\/wordpress\/wp-json\/wp\/v2\/posts"}],"about":[{"href":"https:\/\/www.radiopiu.net\/wordpress\/wp-json\/wp\/v2\/types\/post"}],"author":[{"embeddable":true,"href":"https:\/\/www.radiopiu.net\/wordpress\/wp-json\/wp\/v2\/users\/4"}],"replies":[{"embeddable":true,"href":"https:\/\/www.radiopiu.net\/wordpress\/wp-json\/wp\/v2\/comments?post=453463"}],"version-history":[{"count":1,"href":"https:\/\/www.radiopiu.net\/wordpress\/wp-json\/wp\/v2\/posts\/453463\/revisions"}],"predecessor-version":[{"id":453465,"href":"https:\/\/www.radiopiu.net\/wordpress\/wp-json\/wp\/v2\/posts\/453463\/revisions\/453465"}],"wp:featuredmedia":[{"embeddable":true,"href":"https:\/\/www.radiopiu.net\/wordpress\/wp-json\/wp\/v2\/media\/144908"}],"wp:attachment":[{"href":"https:\/\/www.radiopiu.net\/wordpress\/wp-json\/wp\/v2\/media?parent=453463"}],"wp:term":[{"taxonomy":"category","embeddable":true,"href":"https:\/\/www.radiopiu.net\/wordpress\/wp-json\/wp\/v2\/categories?post=453463"},{"taxonomy":"post_tag","embeddable":true,"href":"https:\/\/www.radiopiu.net\/wordpress\/wp-json\/wp\/v2\/tags?post=453463"}],"curies":[{"name":"wp","href":"https:\/\/api.w.org\/{rel}","templated":true}]}}