{"id":453467,"date":"2025-06-11T19:58:56","date_gmt":"2025-06-11T17:58:56","guid":{"rendered":"https:\/\/www.radiopiu.net\/wordpress\/?p=453467"},"modified":"2025-06-11T19:58:56","modified_gmt":"2025-06-11T17:58:56","slug":"da-san-siro-al-palaluxottica-il-sogno-elodie","status":"publish","type":"post","link":"https:\/\/www.radiopiu.net\/wordpress\/da-san-siro-al-palaluxottica-il-sogno-elodie\/","title":{"rendered":"DA SAN SIRO AL PALALUXOTTICA&#8230;IL SOGNO ELODIE"},"content":{"rendered":"<p>*******<\/p>\n<p>&nbsp;<\/p>\n<p><strong><a class=\"dt-pswp-item\" href=\"https:\/\/www.radiopiu.net\/wordpress\/wp-content\/uploads\/2025\/06\/ELODIE.jpg\" data-dt-img-description=\"\" data-large_image_width=\"1200\" data-large_image_height=\"675\"><img loading=\"lazy\" decoding=\"async\" class=\" wp-image-453468 alignleft\" src=\"https:\/\/www.radiopiu.net\/wordpress\/wp-content\/uploads\/2025\/06\/ELODIE-300x169.jpg\" alt=\"\" width=\"206\" height=\"116\" srcset=\"https:\/\/www.radiopiu.net\/wordpress\/wp-content\/uploads\/2025\/06\/ELODIE-300x169.jpg 300w, https:\/\/www.radiopiu.net\/wordpress\/wp-content\/uploads\/2025\/06\/ELODIE-1024x576.jpg 1024w, https:\/\/www.radiopiu.net\/wordpress\/wp-content\/uploads\/2025\/06\/ELODIE-768x432.jpg 768w, https:\/\/www.radiopiu.net\/wordpress\/wp-content\/uploads\/2025\/06\/ELODIE.jpg 1200w\" sizes=\"auto, (max-width: 206px) 100vw, 206px\" \/><\/a>REDAZIONE <\/strong>Manca ormai pochissimo alla tanto attesa Festa Luxottica, l\u2019evento che raduner\u00e0 migliaia di dipendenti, famiglie e appassionati sotto il segno della musica e dello spettacolo. A scaldare ulteriormente l\u2019attesa, nelle ultime ore un sondaggio lanciato da Radio Pi\u00f9, la voce locale pi\u00f9 ascoltata: Elodie \u00e8 l\u2019artista pi\u00f9 desiderata dal pubblico per salire sul palco del PalaLuxottica. Dopo aver infiammato il pubblico milanese con un concerto da tutto esaurito, la presenza della popstar romana a questa edizione della festa rappresenterebbe un vero e proprio colpaccio per l\u2019organizzazione. Voce potente, stile inconfondibile e carisma da vendere, Elodie \u00e8 senza dubbio uno dei nomi pi\u00f9 forti della scena musicale italiana attuale. Averla tra gli ospiti speciali della serata sarebbe non solo un sogno che si avvera per molti fan, ma anche un simbolo dell\u2019ambizione e dell\u2019eccellenza che contraddistinguono l\u2019universo Luxottica.<\/p>\n<p>&nbsp;<\/p>\n<p>&nbsp;<\/p>\n<p>&nbsp;<\/p>\n<p>**********<\/p>\n","protected":false},"excerpt":{"rendered":"<p>******* &nbsp; REDAZIONE Manca ormai pochissimo alla tanto attesa Festa Luxottica, l\u2019evento che raduner\u00e0 migliaia di dipendenti, famiglie e appassionati sotto il segno della musica e dello spettacolo. A scaldare ulteriormente l\u2019attesa, nelle ultime ore un sondaggio lanciato da Radio Pi\u00f9, la voce locale pi\u00f9 ascoltata: Elodie \u00e8 l\u2019artista pi\u00f9 desiderata dal pubblico per salire&hellip;<\/p>\n","protected":false},"author":4,"featured_media":453468,"comment_status":"closed","ping_status":"closed","sticky":false,"template":"","format":"standard","meta":{"_monsterinsights_skip_tracking":false,"_monsterinsights_sitenote_active":false,"_monsterinsights_sitenote_note":"","_monsterinsights_sitenote_category":0,"footnotes":""},"categories":[104,49],"tags":[],"class_list":["post-453467","post","type-post","status-publish","format-standard","has-post-thumbnail","hentry","category-evidenza_3","category-news-18","category-104","category-49","description-off"],"img_url":"https:\/\/www.radiopiu.net\/wordpress\/wp-content\/uploads\/2025\/06\/ELODIE.jpg","_links":{"self":[{"href":"https:\/\/www.radiopiu.net\/wordpress\/wp-json\/wp\/v2\/posts\/453467","targetHints":{"allow":["GET"]}}],"collection":[{"href":"https:\/\/www.radiopiu.net\/wordpress\/wp-json\/wp\/v2\/posts"}],"about":[{"href":"https:\/\/www.radiopiu.net\/wordpress\/wp-json\/wp\/v2\/types\/post"}],"author":[{"embeddable":true,"href":"https:\/\/www.radiopiu.net\/wordpress\/wp-json\/wp\/v2\/users\/4"}],"replies":[{"embeddable":true,"href":"https:\/\/www.radiopiu.net\/wordpress\/wp-json\/wp\/v2\/comments?post=453467"}],"version-history":[{"count":2,"href":"https:\/\/www.radiopiu.net\/wordpress\/wp-json\/wp\/v2\/posts\/453467\/revisions"}],"predecessor-version":[{"id":453818,"href":"https:\/\/www.radiopiu.net\/wordpress\/wp-json\/wp\/v2\/posts\/453467\/revisions\/453818"}],"wp:featuredmedia":[{"embeddable":true,"href":"https:\/\/www.radiopiu.net\/wordpress\/wp-json\/wp\/v2\/media\/453468"}],"wp:attachment":[{"href":"https:\/\/www.radiopiu.net\/wordpress\/wp-json\/wp\/v2\/media?parent=453467"}],"wp:term":[{"taxonomy":"category","embeddable":true,"href":"https:\/\/www.radiopiu.net\/wordpress\/wp-json\/wp\/v2\/categories?post=453467"},{"taxonomy":"post_tag","embeddable":true,"href":"https:\/\/www.radiopiu.net\/wordpress\/wp-json\/wp\/v2\/tags?post=453467"}],"curies":[{"name":"wp","href":"https:\/\/api.w.org\/{rel}","templated":true}]}}