{"id":453516,"date":"2025-06-13T05:52:40","date_gmt":"2025-06-13T03:52:40","guid":{"rendered":"https:\/\/www.radiopiu.net\/wordpress\/?p=453516"},"modified":"2025-06-13T07:59:21","modified_gmt":"2025-06-13T05:59:21","slug":"giornale-radiopiu-13-giugno-2025-direttore-mirko-mezzacasa","status":"publish","type":"post","link":"https:\/\/www.radiopiu.net\/wordpress\/giornale-radiopiu-13-giugno-2025-direttore-mirko-mezzacasa\/","title":{"rendered":"GIORNALE RADIOPIU 13 GIUGNO 2025 DIRETTORE MIRKO MEZZACASA"},"content":{"rendered":"<p>********<\/p>\n<p>&nbsp;<\/p>\n<p><em><span style=\"color: #ff0000;\"><a class=\"dt-pswp-item\" href=\"https:\/\/www.radiopiu.net\/wordpress\/wp-content\/uploads\/2024\/10\/Senza-nome-8.png\" data-dt-img-description=\"\" data-large_image_width=\"343\" data-large_image_height=\"303\"><img loading=\"lazy\" decoding=\"async\" class=\"wp-image-412130 alignleft\" src=\"https:\/\/www.radiopiu.net\/wordpress\/wp-content\/uploads\/2024\/10\/Senza-nome-8-300x265.png\" alt=\"\" width=\"105\" height=\"93\" srcset=\"https:\/\/www.radiopiu.net\/wordpress\/wp-content\/uploads\/2024\/10\/Senza-nome-8-300x265.png 300w, https:\/\/www.radiopiu.net\/wordpress\/wp-content\/uploads\/2024\/10\/Senza-nome-8.png 343w\" sizes=\"auto, (max-width: 105px) 100vw, 105px\" \/><\/a><\/span><\/em><strong><em><span style=\"color: #ff0000;\"> LA\u00a0 APP PER IOS-IPHONE di Nicola Vettorello<\/span><\/em><\/strong><\/p>\n<p><strong><span style=\"color: #0000ff;\"><a style=\"color: #0000ff;\" href=\"https:\/\/apps.apple.com\/it\/app\/radio-pi%C3%B9-emittente-agordina\/id1515939845\">https:\/\/apps.apple.com\/it\/app\/radio-pi%C3%B9-emittente-agordina\/id1515939845<\/a><\/span><\/strong><\/p>\n<p><strong><em style=\"color: #ff0000;\">LA\u00a0 APP RADIO\u00a0 PER ANDROID di Nicola Vettorello<\/em><\/strong><\/p>\n<p><strong><span style=\"color: #0000ff;\"><a style=\"color: #0000ff;\" href=\"https:\/\/play.google.com\/store\/apps\/details?id=net.radiopiu.iniko\" target=\"_blank\" rel=\"noopener noreferrer\">https:\/\/<\/a><a style=\"color: #0000ff;\" href=\"https:\/\/play.google.com\/store\/apps\/details?id=net.radiopiu.iniko\" target=\"_blank\" rel=\"noopener noreferrer\">play.google.com\/store\/apps\/details?id=net.radiopiu.iniko\u00a0\u00a0\u00a0\u00a0<\/a><\/span><\/strong><\/p>\n<hr \/>\n<p><span style=\"color: #0000ff;\">\u00a0<\/span><\/p>\n<p>&nbsp;<\/p>\n<blockquote>\n<h1 data-start=\"0\" data-end=\"60\"><strong data-start=\"0\" data-end=\"60\">OGGI SU RADIOPI\u00d9: MUSICA, informazione\u00a0 e dirette\u00a0<\/strong><\/h1>\n<\/blockquote>\n<p class=\"\" data-start=\"62\" data-end=\"463\"><strong><a class=\"dt-pswp-item\" href=\"https:\/\/www.radiopiu.net\/wordpress\/wp-content\/uploads\/2025\/05\/22eca61e-f34e-4db7-b1bc-c2f68ea50692.jpg\" data-dt-img-description=\"\" data-large_image_width=\"1224\" data-large_image_height=\"925\"><img loading=\"lazy\" decoding=\"async\" class=\" wp-image-451622 alignleft\" src=\"https:\/\/www.radiopiu.net\/wordpress\/wp-content\/uploads\/2025\/05\/22eca61e-f34e-4db7-b1bc-c2f68ea50692-300x227.jpg\" alt=\"\" width=\"169\" height=\"128\" srcset=\"https:\/\/www.radiopiu.net\/wordpress\/wp-content\/uploads\/2025\/05\/22eca61e-f34e-4db7-b1bc-c2f68ea50692-300x227.jpg 300w, https:\/\/www.radiopiu.net\/wordpress\/wp-content\/uploads\/2025\/05\/22eca61e-f34e-4db7-b1bc-c2f68ea50692-1024x774.jpg 1024w, https:\/\/www.radiopiu.net\/wordpress\/wp-content\/uploads\/2025\/05\/22eca61e-f34e-4db7-b1bc-c2f68ea50692-768x580.jpg 768w, https:\/\/www.radiopiu.net\/wordpress\/wp-content\/uploads\/2025\/05\/22eca61e-f34e-4db7-b1bc-c2f68ea50692.jpg 1224w\" sizes=\"auto, (max-width: 169px) 100vw, 169px\" \/><\/a>ALLE 8.05 LA RASSEGNA STAMPA LOCALE 8.25\u00a0 PIU SIAMO 9.00 PREMIER LE NOVITA&#8217; MUSICALI CON MARCO GAZ 9.30 LA MUSICA ANNI 80 CON LE SELEZIONI DI MONICA FONTANIVE\u00a0 <span style=\"color: #ff0000;\">10.15 MUSLA, LE NOVE IN LADIN IN DINTORN E FORA VIA 10.30 IL REPORTER CON IL POETA PAOLO SBRASA CAMPEDEL<\/span>\u00a012.00 IL LISCIO DI MIRCO BENCIVENNI 12.30 GR PRINCIPALE 13.20 COLLAGE OPERAZIONE NOSTALGIA, LORIS SCUSSEL\u00a0 14.00 MUSIC ABC CON MARINA E DAVID <span style=\"color: #ff0000;\">15.10 WEEK END MARINA C&#8217;E&#8217;\u00a0 <\/span>16 45 LE HIT STORICHE DI MIRCO BENCIVENNI 19.05 LE ANTICIPAZIONI DAL TG DI ANTENNA 3 DA UN\u2019IDEA DI TIZIANA BOLOGNANI <span style=\"color: #ff0000;\">19.20 SPECIALE EL BON DE L&#8217;ANSUDA<\/span><br \/>\n<\/strong><\/p>\n<p class=\"\" data-start=\"62\" data-end=\"463\"><span style=\"color: #0000ff;\"><strong>..L&#8217;ESTATE STA ARRIVANDO, LA SQUADRA DI RADIOPIU SI STA ALLENANDO, CI VEDIAMO &#8220;LIVE&#8221;\u00a0 A FELTRE IL 27 GIUGNO&#8230;. CON MARCO, MARINA, MORENO, GIANFRANCO, FRANCESCO, ELIA, ALESSIO, LUISA. BRUNELLA E&#8230;TANTE SORPRESE<\/strong><\/span><\/p>\n<p>&nbsp;<\/p>\n<p>&nbsp;<\/p>\n<hr \/>\n<p>&nbsp;<\/p>\n<p>&nbsp;<\/p>\n<div class=\"x11i5rnm xat24cr x1mh8g0r x1vvkbs xtlvy1s x126k92a\">\n<div dir=\"auto\">\n<div dir=\"auto\">\n<p><strong><a class=\"dt-pswp-item\" href=\"https:\/\/www.radiopiu.net\/wordpress\/wp-content\/uploads\/2024\/02\/2d44e751-d8a8-461b-8e22-d8e4e853b032.jpg\" data-dt-img-description=\"\" data-large_image_width=\"1600\" data-large_image_height=\"1200\"><img loading=\"lazy\" decoding=\"async\" class=\"wp-image-373307 alignleft\" src=\"https:\/\/www.radiopiu.net\/wordpress\/wp-content\/uploads\/2024\/02\/2d44e751-d8a8-461b-8e22-d8e4e853b032-300x225.jpg\" alt=\"\" width=\"105\" height=\"79\" srcset=\"https:\/\/www.radiopiu.net\/wordpress\/wp-content\/uploads\/2024\/02\/2d44e751-d8a8-461b-8e22-d8e4e853b032-300x225.jpg 300w, https:\/\/www.radiopiu.net\/wordpress\/wp-content\/uploads\/2024\/02\/2d44e751-d8a8-461b-8e22-d8e4e853b032-1024x768.jpg 1024w, https:\/\/www.radiopiu.net\/wordpress\/wp-content\/uploads\/2024\/02\/2d44e751-d8a8-461b-8e22-d8e4e853b032-768x576.jpg 768w, https:\/\/www.radiopiu.net\/wordpress\/wp-content\/uploads\/2024\/02\/2d44e751-d8a8-461b-8e22-d8e4e853b032-1536x1152.jpg 1536w, https:\/\/www.radiopiu.net\/wordpress\/wp-content\/uploads\/2024\/02\/2d44e751-d8a8-461b-8e22-d8e4e853b032.jpg 1600w\" sizes=\"auto, (max-width: 105px) 100vw, 105px\" \/><\/a>EL BAL DEL FIOR, DI GIULIANA DA RONCH, 13 GIUGNO<\/strong><strong>\u00a02025<\/strong><\/p>\n<\/div>\n<\/div>\n<div dir=\"auto\">\n<div dir=\"auto\">\n<audio class=\"wp-audio-shortcode\" id=\"audio-453516-1\" preload=\"none\" style=\"width: 100%;\" controls=\"controls\"><source type=\"audio\/mpeg\" src=\"https:\/\/www.radiopiu.net\/wordpress\/wp-content\/uploads\/2025\/06\/GVE-3.mp3?_=1\" \/><a href=\"https:\/\/www.radiopiu.net\/wordpress\/wp-content\/uploads\/2025\/06\/GVE-3.mp3\">https:\/\/www.radiopiu.net\/wordpress\/wp-content\/uploads\/2025\/06\/GVE-3.mp3<\/a><\/audio>\n<p>&nbsp;<\/p>\n<hr \/>\n<p>&nbsp;<\/p>\n<p>&nbsp;<\/p>\n<\/div>\n<\/div>\n<\/div>\n<div class=\"x11i5rnm xat24cr x1mh8g0r x1vvkbs xtlvy1s x126k92a\">\n<blockquote>\n<h1><strong><a class=\"dt-pswp-item\" href=\"https:\/\/www.radiopiu.net\/wordpress\/wp-content\/uploads\/2024\/10\/629301fd-708d-4f53-95c2-d28cbefd500f.jpg\" data-dt-img-description=\"\" data-large_image_width=\"1600\" data-large_image_height=\"1322\"><img loading=\"lazy\" decoding=\"async\" class=\"wp-image-413782 alignright\" src=\"https:\/\/www.radiopiu.net\/wordpress\/wp-content\/uploads\/2024\/10\/629301fd-708d-4f53-95c2-d28cbefd500f-300x248.jpg\" alt=\"\" width=\"106\" height=\"88\" srcset=\"https:\/\/www.radiopiu.net\/wordpress\/wp-content\/uploads\/2024\/10\/629301fd-708d-4f53-95c2-d28cbefd500f-300x248.jpg 300w, https:\/\/www.radiopiu.net\/wordpress\/wp-content\/uploads\/2024\/10\/629301fd-708d-4f53-95c2-d28cbefd500f-1024x846.jpg 1024w, https:\/\/www.radiopiu.net\/wordpress\/wp-content\/uploads\/2024\/10\/629301fd-708d-4f53-95c2-d28cbefd500f-768x635.jpg 768w, https:\/\/www.radiopiu.net\/wordpress\/wp-content\/uploads\/2024\/10\/629301fd-708d-4f53-95c2-d28cbefd500f-1536x1269.jpg 1536w, https:\/\/www.radiopiu.net\/wordpress\/wp-content\/uploads\/2024\/10\/629301fd-708d-4f53-95c2-d28cbefd500f.jpg 1600w\" sizes=\"auto, (max-width: 106px) 100vw, 106px\" \/><\/a><\/strong><\/h1>\n<h1><strong><a class=\"dt-pswp-item\" href=\"https:\/\/www.radiopiu.net\/wordpress\/wp-content\/uploads\/2024\/11\/th-18.jpg\" data-dt-img-description=\"\" data-large_image_width=\"156\" data-large_image_height=\"180\"><img loading=\"lazy\" decoding=\"async\" class=\"size-full wp-image-421611 alignleft\" src=\"https:\/\/www.radiopiu.net\/wordpress\/wp-content\/uploads\/2024\/11\/th-18.jpg\" alt=\"\" width=\"156\" height=\"180\" \/><\/a><\/strong><\/h1>\n<h1><strong>N di parom &#8211; L Almanach de la nosta jent<\/strong><\/h1>\n<\/blockquote>\n<p>&nbsp;<\/p>\n<p>Le voci: Davide Conedera, Agordo, Michela Dell&#8217;Osbel, La Valle Agordina Simone Ganz, Falcade Veronica Lezuo, Colle Santa Lucia. La voce nella sigla \u00e8 di Giorgia Taio<\/p>\n<p><strong>LA PUNTATA DI OGGI, 13 GIUGNO 2025<\/strong><\/p>\n<p>&nbsp;<\/p>\n<audio class=\"wp-audio-shortcode\" id=\"audio-453516-2\" preload=\"none\" style=\"width: 100%;\" controls=\"controls\"><source type=\"audio\/mpeg\" src=\"https:\/\/www.radiopiu.net\/wordpress\/wp-content\/uploads\/2025\/06\/AL5-1.mp3?_=2\" \/><a href=\"https:\/\/www.radiopiu.net\/wordpress\/wp-content\/uploads\/2025\/06\/AL5-1.mp3\">https:\/\/www.radiopiu.net\/wordpress\/wp-content\/uploads\/2025\/06\/AL5-1.mp3<\/a><\/audio>\n<p>&nbsp;<\/p>\n<\/div>\n<div class=\"x11i5rnm xat24cr x1mh8g0r x1vvkbs xtlvy1s x126k92a\">\n<div dir=\"auto\">\n<hr \/>\n<\/div>\n<\/div>\n<blockquote>\n<blockquote>\n<h1><span style=\"color: #ff0000;\">\u00a0<\/span><\/h1>\n<h1><span style=\"color: #ff0000;\">I podcast informativi del mattino &#8211; audio &#8211;\u00a0\u00a0<\/span><\/h1>\n<\/blockquote>\n<p><strong><a class=\"dt-pswp-item\" href=\"https:\/\/www.radiopiu.net\/wordpress\/wp-content\/uploads\/2024\/11\/6.jpg\" data-dt-img-description=\"\" data-large_image_width=\"177\" data-large_image_height=\"180\"><img loading=\"lazy\" decoding=\"async\" class=\"size-full wp-image-417911 alignleft\" src=\"https:\/\/www.radiopiu.net\/wordpress\/wp-content\/uploads\/2024\/11\/6.jpg\" alt=\"\" width=\"177\" height=\"180\" \/><\/a>LA RASSEGNA STAMPA NAZIONALE ALLA RADIO, OGNI GIORNO ALLE 5 E ALLE 6 DEL MATTINO <span style=\"color: #0000ff;\">viene pubblicata alle 6.00 <span style=\"color: #ff0000;\">DIRETTA RADIO\u00a0 \u00a0\u00a0<\/span><\/span><\/strong><\/p><\/blockquote>\n<p>&nbsp;<\/p>\n<p><strong>NOTIZIE DELLA NOTTE<\/strong><\/p>\n<p data-start=\"108\" data-end=\"578\">Nelle ultime ore, le tensioni tra Israele e Iran sono esplose in seguito a una serie di attacchi mirati condotti da Israele. Il primo ministro israeliano Benjamin Netanyahu ha dichiarato che \u00e8 stato colpito il \u201ccuore del programma nucleare iraniano\u201d, sottolineando un significativo successo militare. L\u2019esercito israeliano (IDF) ha affermato che l\u2019Iran possiede abbastanza materiale fissile per costruire fino a 15 bombe nucleari, evidenziando la gravit\u00e0 della minaccia.<\/p>\n<p data-start=\"1182\" data-end=\"1558\">Le ripercussioni economiche non si sono fatte attendere: la Borsa di Hong Kong ha aperto in calo dello 0,37%, riflettendo l\u2019ansia dei mercati internazionali di fronte a un possibile allargamento del conflitto.<\/p>\n<h1>AUDIO dalle 6 del mattino<\/h1>\n<p>&nbsp;<\/p>\n<hr \/>\n<p>&nbsp;<\/p>\n<h1 style=\"text-align: center;\"><span style=\"color: #ff0000;\"><a class=\"dt-pswp-item\" href=\"https:\/\/www.radiopiu.net\/wordpress\/wp-content\/uploads\/2024\/11\/7.jpg\" data-dt-img-description=\"\" data-large_image_width=\"180\" data-large_image_height=\"180\"><img loading=\"lazy\" decoding=\"async\" class=\"size-full wp-image-417912 alignleft\" src=\"https:\/\/www.radiopiu.net\/wordpress\/wp-content\/uploads\/2024\/11\/7.jpg\" alt=\"\" width=\"180\" height=\"180\" srcset=\"https:\/\/www.radiopiu.net\/wordpress\/wp-content\/uploads\/2024\/11\/7.jpg 180w, https:\/\/www.radiopiu.net\/wordpress\/wp-content\/uploads\/2024\/11\/7-150x150.jpg 150w\" sizes=\"auto, (max-width: 180px) 100vw, 180px\" \/><\/a>I podcast informativi del mattino &#8211; audio &#8211;\u00a0<\/span><\/h1>\n<p><strong>OGNI GIORNO ALLE SETTE DEL MATTINO, LA RASSEGNA STAMPA LOCALE FLASH&#8230; PER CHI VA IN FRETTA. I TITOLI DAI GIORNALI E DAL SITO WWW.RADIOPIU.NET <span style=\"color: #0000ff;\">viene pubblicato alle 7.00<\/span> <span style=\"color: #ff0000;\">DIRETTA RADIO\u00a0<\/span><\/strong><\/p>\n<p><em><span style=\"color: #ff0000;\">per chi va in fretta&#8230; tante notizie in pochi minuti. L&#8217;informazione locale alla radio, ogni ora dalle 7 del mattino alle 19 della sera.\u00a0\u00a0<\/span><\/em><\/p>\n<p><strong data-start=\"0\" data-end=\"62\">Notizie locali dal Bellunese: tra cronaca, eventi e novit\u00e0<\/strong><\/p>\n<div class=\"flex flex-1 grow basis-auto flex-col overflow-hidden\">\n<div class=\"relative h-full\">\n<div class=\"flex h-full flex-col overflow-y-auto [scrollbar-gutter:stable]\">\n<div class=\"mt-1.5 flex flex-col text-sm @thread-xl\/thread:pt-header-height md:pb-9\">\n<article class=\"group\/turn w-full text-token-text-primary focus-visible:outline-none\" dir=\"auto\" tabindex=\"-1\" data-testid=\"conversation-turn-2\" data-scroll-anchor=\"true\">\n<div class=\"text-base my-auto mx-auto py-5 px-6\">\n<div class=\"mx-auto flex flex-1 text-base gap-4 md:gap-5 lg:gap-6 md:max-w-3xl\">\n<div class=\"group\/conversation-turn relative flex w-full min-w-0 flex-col agent-turn @xs\/thread:px-0 @sm\/thread:px-1.5 @md\/thread:px-4\">\n<div class=\"relative flex-col gap-1 md:gap-3\">\n<div class=\"flex max-w-full flex-col flex-grow\">\n<div class=\"min-h-8 text-message relative flex w-full flex-col items-end gap-2 whitespace-normal break-words text-start [.text-message+&amp;]:mt-5\" dir=\"auto\" data-message-author-role=\"assistant\" data-message-id=\"bff05fc0-dc7c-4ab7-9b20-d3eec753127b\" data-message-model-slug=\"gpt-4o-mini\">\n<div class=\"flex w-full flex-col gap-1 empty:hidden first:pt-[3px]\">\n<div class=\"markdown prose w-full break-words dark:prose-invert dark\">\n<p class=\"\" data-start=\"64\" data-end=\"329\"><em><strong>Radio Pi\u00f9 offre una panoramica sui principali eventi e notizie in provincia di Belluno, accompagnata dalla programmazione radiofonica. Tra le principali notizie<\/strong><\/em><\/p>\n<\/div>\n<\/div>\n<\/div>\n<\/div>\n<\/div>\n<\/div>\n<\/div>\n<\/div>\n<\/article>\n<\/div>\n<\/div>\n<\/div>\n<\/div>\n<h1>AUDIO dalle 7 del mattino<\/h1>\n<audio class=\"wp-audio-shortcode\" id=\"audio-453516-3\" preload=\"none\" style=\"width: 100%;\" controls=\"controls\"><source type=\"audio\/mpeg\" src=\"https:\/\/www.radiopiu.net\/wordpress\/wp-content\/uploads\/2025\/06\/GF07-9.mp3?_=3\" \/><a href=\"https:\/\/www.radiopiu.net\/wordpress\/wp-content\/uploads\/2025\/06\/GF07-9.mp3\">https:\/\/www.radiopiu.net\/wordpress\/wp-content\/uploads\/2025\/06\/GF07-9.mp3<\/a><\/audio>\n<p>&nbsp;<\/p>\n<hr \/>\n<p>&nbsp;<\/p>\n<h1><\/h1>\n<h1 style=\"text-align: center;\"><span style=\"color: #ff0000;\"><a class=\"dt-pswp-item\" href=\"https:\/\/www.radiopiu.net\/wordpress\/wp-content\/uploads\/2024\/11\/th.jpg\" data-dt-img-description=\"\" data-large_image_width=\"148\" data-large_image_height=\"179\"><img loading=\"lazy\" decoding=\"async\" class=\" wp-image-417913 alignleft\" src=\"https:\/\/www.radiopiu.net\/wordpress\/wp-content\/uploads\/2024\/11\/th.jpg\" alt=\"\" width=\"66\" height=\"80\" \/><\/a>I podcast informativi del mattino &#8211; audio &#8211;\u00a0<\/span><\/h1>\n<blockquote><p><strong>GIORNALE RADIO NAZIONALE, EDIZIONE DELLE SETTE <span style=\"color: #0000ff;\">viene pubblicato alle 7.05 <span style=\"color: #ff0000;\">DIRETTA RADIO\u00a0<\/span><\/span><\/strong><\/p><\/blockquote>\n<p><strong>il giornale radionazionale e&#8217; in onda ogni ora, dalle sette del mattino alle venti della sera\u00a0 \u00a0\u00a0<\/strong><\/p>\n<p>&nbsp;<\/p>\n<blockquote>\n<h2><em> <a class=\"dt-pswp-item\" href=\"https:\/\/www.radiopiu.net\/wordpress\/wp-content\/uploads\/2025\/02\/download-7.jpg\" data-dt-img-description=\"\" data-large_image_width=\"211\" data-large_image_height=\"239\"><img loading=\"lazy\" decoding=\"async\" class=\" wp-image-435553 alignleft\" src=\"https:\/\/www.radiopiu.net\/wordpress\/wp-content\/uploads\/2025\/02\/download-7.jpg\" alt=\"\" width=\"186\" height=\"211\" \/><\/a><span style=\"color: #ff0000;\">RADIOPI\u00d9<\/span> \u2013 La voce del territorio, lo sguardo sul Paese.<\/em><\/h2>\n<\/blockquote>\n<p data-start=\"65\" data-end=\"332\">Ad Asti si \u00e8 verificato un grave caso di maltrattamenti in un asilo: due insegnanti sono state interdette dopo che \u00e8 emerso che un bambino veniva chiamato \u201czul\u00f9\u201d e a una bambina era stato dato del cibo recuperato dalla spazzatura. L\u2019indignazione pubblica \u00e8 altissima.<\/p>\n<p data-start=\"334\" data-end=\"703\">In ambito giudiziario, il presidente della Regione Calabria Roberto Occhiuto \u00e8 stato indagato per corruzione, in un&#8217;inchiesta che coinvolge anche alcuni manager. Intanto, in Toscana, proseguono gli scavi nel caso dell\u2019omicidio di Denisa: \u00e8 stata trovata una vertebra nei pressi della casa del presunto assassino, un ulteriore elemento che potrebbe rafforzare le accuse.<\/p>\n<p data-start=\"705\" data-end=\"989\">A Modena, la famiglia di una delle otto donne uccise in dieci anni chiede la riapertura del caso noto come \u201cil mostro di Modena\u201d, ancora senza un colpevole certo. A Garlasco, invece, ci si avvicina alla fase decisiva con l\u2019incidente probatorio e l\u2019attenzione puntata su Andrea Sempio.<\/p>\n<p data-start=\"991\" data-end=\"1298\">Fabrizio Corona \u00e8 di nuovo a processo, questa volta per bancarotta: in aula si \u00e8 difeso duramente, arrivando ad attaccare anche un avvocato legato a Fedez. In Lombardia, resta grave il piccolo Pietro, in coma da una settimana: il riserbo sulle indagini \u00e8 massimo, ma sono gi\u00e0 numerosi i testimoni ascoltati.<\/p>\n<p data-start=\"1300\" data-end=\"1451\">Sul fronte trasporti, nel 2024 si sono registrati oltre 1.080 scioperi, ma con scarse adesioni. Il Garante ne chiede una regolamentazione pi\u00f9 efficace.<\/p>\n<p data-start=\"1453\" data-end=\"1798\" data-is-last-node=\"\" data-is-only-node=\"\">Infine, grave fatto di sangue in Puglia: un carabiniere, Carlo Legrottaglie, \u00e8 stato ucciso a colpi di arma da fuoco durante un tentativo di rapina nel suo ultimo giorno di lavoro prima della pensione. I sindacati lanciano l\u2019allarme: il 40% dei carabinieri ha pi\u00f9 di 50 anni e si stima che nei prossimi dieci anni ne andranno in pensione 40.000.<\/p>\n<p>&nbsp;<\/p>\n<blockquote>\n<h2><span style=\"color: #ff0000;\">RADIOPI\u00d9<\/span> \u2013 Dalle Dolomiti alla pianura, i fatti che segnano la Regione.<\/h2>\n<\/blockquote>\n<p><strong><a class=\"dt-pswp-item\" href=\"https:\/\/www.radiopiu.net\/wordpress\/wp-content\/uploads\/2025\/02\/download-3.jpg\" data-dt-img-description=\"\" data-large_image_width=\"223\" data-large_image_height=\"226\"><img loading=\"lazy\" decoding=\"async\" class=\"size-full wp-image-434732 alignleft\" src=\"https:\/\/www.radiopiu.net\/wordpress\/wp-content\/uploads\/2025\/02\/download-3.jpg\" alt=\"\" width=\"223\" height=\"226\" \/><\/a><\/strong><\/p>\n<p data-start=\"76\" data-end=\"384\">Quattro bambini provenienti da Gaza sono arrivati in Veneto per ricevere cure mediche negli ospedali di Verona e Padova. Il presidente della Regione, Luca Zaia, ha dichiarato che dall\u2019inizio dell\u2019anno sono otto i piccoli pazienti accolti e curati nella regione, sottolineando l\u2019impegno umanitario del Veneto.<\/p>\n<p data-start=\"386\" data-end=\"567\">Nel Vicentino, un grave incidente stradale ha causato la morte di un motociclista, che ha urtato un trattore. Le indagini sono in corso per chiarire la dinamica del tragico impatto.<\/p>\n<p data-start=\"569\" data-end=\"859\">In ambito culturale, Riccardo Muti \u00e8 tornato alla Fenice di Venezia dirigendo opere di Beethoven e Mozart. Il celebre teatro ha anche annunciato la nuova stagione lirica 2025-2026, che comprender\u00e0 ben undici opere. A Venezia si segnala anche \u201cThe Herds\u201d, un\u2019installazione d\u2019arte itinerante.<\/p>\n<p data-start=\"861\" data-end=\"1204\">Sul fronte della politica, si discute del terzo mandato per i presidenti di Regione: Zaia si \u00e8 detto favorevole al dibattito ma ha invitato a evitare che l\u2019Italia diventi un &#8220;Paese a macchia di leopardo&#8221;. Il governatore del Friuli Venezia Giulia, Massimiliano Fedriga, ha invece ribadito che l\u2019autonomia \u00e8 un valore per l\u2019intero sistema Paese.<\/p>\n<p data-start=\"1206\" data-end=\"1488\">In ambito educativo, fa discutere un libro destinato agli alunni in cui, tra le donne significative della storia, figura anche la premier Giorgia Meloni. A Verona \u00e8 stato presentato in anteprima il libro <em data-start=\"1410\" data-end=\"1420\">No tu no<\/em> di Magnano e Gobbi, incentrato su problematiche legate alla sanit\u00e0.<\/p>\n<p data-start=\"1490\" data-end=\"1788\" data-is-last-node=\"\" data-is-only-node=\"\">Infine, preoccupazione a Verona per il danneggiamento da parte di alcuni turisti della celebre \u201csedia Van Gogh\u201d, opera dell\u2019artista Bolla, mentre sulle Dolomiti si inaugura un percorso turistico con dinosauri a grandezza naturale per far interagire i visitatori con la preistoria in modo immersivo.<\/p>\n<p><strong>\u00a0<\/strong><\/p>\n<h1><span style=\"color: #ff0000;\"><span style=\"color: #0000ff;\">ULTIM&#8217;ORA<\/span> <span style=\"color: #000000;\">AUDIO dalle sette del mattino, ogni ora alla radio EDIZIONE DELLE SETTE<\/span><\/span><\/h1>\n<audio class=\"wp-audio-shortcode\" id=\"audio-453516-4\" preload=\"none\" style=\"width: 100%;\" controls=\"controls\"><source type=\"audio\/mpeg\" src=\"https:\/\/www.radiopiu.net\/wordpress\/wp-content\/uploads\/2025\/06\/giornale07-11.mp3?_=4\" \/><a href=\"https:\/\/www.radiopiu.net\/wordpress\/wp-content\/uploads\/2025\/06\/giornale07-11.mp3\">https:\/\/www.radiopiu.net\/wordpress\/wp-content\/uploads\/2025\/06\/giornale07-11.mp3<\/a><\/audio>\n<p>&nbsp;<\/p>\n<p>&nbsp;<\/p>\n<p>&nbsp;<\/p>\n<hr \/>\n<p>&nbsp;<\/p>\n<p>&nbsp;<\/p>\n<h1><span style=\"color: #ff0000;\"><a class=\"dt-pswp-item\" href=\"https:\/\/www.radiopiu.net\/wordpress\/wp-content\/uploads\/2024\/11\/8.jpg\" data-dt-img-description=\"\" data-large_image_width=\"180\" data-large_image_height=\"180\"><img loading=\"lazy\" decoding=\"async\" class=\"size-full wp-image-417910 alignleft\" src=\"https:\/\/www.radiopiu.net\/wordpress\/wp-content\/uploads\/2024\/11\/8.jpg\" alt=\"\" width=\"180\" height=\"180\" srcset=\"https:\/\/www.radiopiu.net\/wordpress\/wp-content\/uploads\/2024\/11\/8.jpg 180w, https:\/\/www.radiopiu.net\/wordpress\/wp-content\/uploads\/2024\/11\/8-150x150.jpg 150w\" sizes=\"auto, (max-width: 180px) 100vw, 180px\" \/><\/a>I podcast informativi del mattino &#8211; video &#8211;\u00a0<\/span><\/h1>\n<h2 style=\"text-align: left;\"><strong>RASSEGNA STAMPA LOCALE, ORE OTTO<\/strong><\/h2>\n<h2><strong> <span style=\"color: #0000ff;\">viene\u00a0 <\/span><\/strong><strong><span style=\"color: #0000ff;\">pubblicata alle 8.05 <span style=\"color: #ff0000;\">DIRETTA RADIO\u00a0 \u00a0<\/span><\/span><\/strong><strong>DI MIRKO MEZZACASA<\/strong><\/h2>\n<p data-start=\"92\" data-end=\"364\">\u00c8 scomparso l\u201911 giugno Valentino Carbogno, classe 1937, figura di riferimento per l\u2019associazionismo legato all\u2019emigrazione bellunese. Socio fondatore e vicepresidente della Famiglia Ex Emigranti del Comelico, ha dedicato la vita al ricordo della storia migratoria locale.<\/p>\n<p data-start=\"366\" data-end=\"620\">A Belluno, il consigliere comunale Armando Stefani (Fratelli d\u2019Italia) \u00e8 stato aggredito alle spalle in pieno centro. L\u2019aggressore gli ha stretto il collo urlando minacce. Un collega \u00e8 intervenuto evitando conseguenze peggiori. Stefani ha sporto querela.<\/p>\n<p data-start=\"622\" data-end=\"851\">Il riordino delle Unioni Montane bellunesi \u00e8 al centro dell\u2019incontro tra il presidente della Provincia, Roberto Padrin, e l\u2019assessore regionale Calzavara. Entro la fine della legislatura le nove Unioni saranno ridotte a cinque.<\/p>\n<p data-start=\"853\" data-end=\"1025\">Ad Agordo, un\u2019escursionista tedesco \u00e8 stato salvato dal Suem dopo essersi bloccato sotto la cima della Moiazza. Le difficili condizioni meteo hanno complicato l\u2019intervento.<\/p>\n<p data-start=\"1027\" data-end=\"1301\">Il Comune di Alleghe \u00e8 stato designato attuatore di un progetto da 7,5 milioni per la rimozione dei sedimenti dal lago, riducendo il rischio idrogeologico. Interventi simili, per un totale di 585.000 euro, sono stati approvati a Borgo Valbelluna dopo i danni meteo del 2023.<\/p>\n<p data-start=\"1303\" data-end=\"1596\">Confartigianato Belluno ha firmato un protocollo con BusForFun per fornire trasporti locali durante le Olimpiadi Invernali 2026, valorizzando il settore NCC. Anche Confindustria Belluno si \u00e8 confrontata con SIMICO, ente attuatore dei lavori olimpici, sottolineando la necessit\u00e0 di trasparenza.<\/p>\n<p data-start=\"1598\" data-end=\"1725\">Per la Giornata Mondiale del Donatore di Sangue, monumenti di Belluno e Sedico saranno illuminati in collaborazione con l\u2019Abvs.<\/p>\n<p data-start=\"1727\" data-end=\"1929\" data-is-last-node=\"\" data-is-only-node=\"\">Infine, con il progetto \u201cBelluno Synergy Lab\u201d, si punta a creare un ecosistema locale dell\u2019innovazione, collegando imprese e giovani tramite un finanziamento di 145.000 euro della Fondazione Cariverona.<\/p>\n<h1><span style=\"color: #ff0000;\"><strong>VIDEO\u00a0 \u00a0in diretta AGGIORNAMENTO\u00a0 dalle 8 del mattino\u00a0 \u00a0\u00a0<\/strong><\/span><\/h1>\n<p><iframe loading=\"lazy\" title=\"DAL 1983 LA RASSEGNA STAMPA LOCALE. L&#039;ORIGINALE 13 GIUGNO 2025\" width=\"1200\" height=\"675\" src=\"https:\/\/www.youtube.com\/embed\/klDJanEcPlQ?feature=oembed\" frameborder=\"0\" allow=\"accelerometer; autoplay; clipboard-write; encrypted-media; gyroscope; picture-in-picture; web-share\" referrerpolicy=\"strict-origin-when-cross-origin\" allowfullscreen><\/iframe><\/p>\n<p>&nbsp;<\/p>\n<p>&nbsp;<\/p>\n<hr \/>\n<p>&nbsp;<\/p>\n<p>&nbsp;<\/p>\n<p>&nbsp;<\/p>\n<p><strong><a class=\"dt-pswp-item\" href=\"https:\/\/www.radiopiu.net\/wordpress\/wp-content\/uploads\/2023\/12\/ANTENNA.png\" data-dt-img-description=\"\" data-large_image_width=\"300\" data-large_image_height=\"166\"><img loading=\"lazy\" decoding=\"async\" class=\"wp-image-366306 alignright\" src=\"https:\/\/www.radiopiu.net\/wordpress\/wp-content\/uploads\/2023\/12\/ANTENNA.png\" alt=\"\" width=\"101\" height=\"56\" \/><\/a><a class=\"dt-pswp-item\" href=\"https:\/\/www.radiopiu.net\/wordpress\/wp-content\/uploads\/2024\/11\/th-17.jpg\" data-dt-img-description=\"\" data-large_image_width=\"224\" data-large_image_height=\"180\"><img loading=\"lazy\" decoding=\"async\" class=\" wp-image-421610 alignleft\" src=\"https:\/\/www.radiopiu.net\/wordpress\/wp-content\/uploads\/2024\/11\/th-17.jpg\" alt=\"\" width=\"167\" height=\"134\" \/><\/a>ogni sera alle 19 le anticipazioni alla radio, quello che poi seguirete nel TELEGIORNALE BELLUNESE\u00a0 in onda alle 19.30 sul CANALE 10 del digitale terrestre.\u00a0\u00a0<\/strong><\/p>\n<p><b>\u00a0\u00a0<\/b><\/p>\n<h1><span style=\"color: #ff0000;\"><strong>LE ANTICIPAZIONI DI TIZIANA BOLOGNANI<\/strong><\/span><\/h1>\n<audio class=\"wp-audio-shortcode\" id=\"audio-453516-5\" preload=\"none\" style=\"width: 100%;\" controls=\"controls\"><source type=\"audio\/mpeg\" src=\"https:\/\/www.radiopiu.net\/wordpress\/wp-content\/uploads\/2025\/06\/ANTENNA3-7.mp3?_=5\" \/><a href=\"https:\/\/www.radiopiu.net\/wordpress\/wp-content\/uploads\/2025\/06\/ANTENNA3-7.mp3\">https:\/\/www.radiopiu.net\/wordpress\/wp-content\/uploads\/2025\/06\/ANTENNA3-7.mp3<\/a><\/audio>\n<p>&nbsp;<\/p>\n<hr \/>\n<p>&nbsp;<\/p>\n<blockquote>\n<h3>DOMENICA LA SPORTFUL DOLOMITI RACE<\/h3>\n<\/blockquote>\n\n\t\t\t<style type='text\/css'>\n\t\t\t\t#gallery-1 {\n\t\t\t\t\tmargin: auto;\n\t\t\t\t}\n\t\t\t\t#gallery-1 .gallery-item {\n\t\t\t\t\tfloat: left;\n\t\t\t\t\tmargin-top: 10px;\n\t\t\t\t\ttext-align: center;\n\t\t\t\t\twidth: 25%;\n\t\t\t\t}\n\t\t\t\t#gallery-1 img {\n\t\t\t\t\tborder: 2px solid #cfcfcf;\n\t\t\t\t}\n\t\t\t\t#gallery-1 .gallery-caption {\n\t\t\t\t\tmargin-left: 0;\n\t\t\t\t}\n\t\t\t\t\/* see gallery_shortcode() in wp-includes\/media.php *\/\n\t\t\t<\/style>\n\t\t<div id='gallery-1' class='dt-gallery-container gallery galleryid-453516 gallery-columns-4 gallery-size-medium'><dl class='gallery-item'>\n\t\t\t\t<dt class='gallery-icon landscape'>\n\t\t\t\t\t<a class=\"rollover rollover-zoom dt-pswp-item\" title=\"Sportful_2025_alt_lungo\" data-dt-img-description=\"\" data-large_image_width=\"841\" data-large_image_height=\"595\"href='https:\/\/www.radiopiu.net\/wordpress\/wp-content\/uploads\/2025\/06\/Sportful_2025_alt_lungo-rotated.jpg'><img loading=\"lazy\" decoding=\"async\" width=\"300\" height=\"212\" src=\"https:\/\/www.radiopiu.net\/wordpress\/wp-content\/uploads\/2025\/06\/Sportful_2025_alt_lungo-300x212.jpg\" class=\"attachment-medium size-medium\" alt=\"\" srcset=\"https:\/\/www.radiopiu.net\/wordpress\/wp-content\/uploads\/2025\/06\/Sportful_2025_alt_lungo-300x212.jpg 300w, https:\/\/www.radiopiu.net\/wordpress\/wp-content\/uploads\/2025\/06\/Sportful_2025_alt_lungo-768x543.jpg 768w, https:\/\/www.radiopiu.net\/wordpress\/wp-content\/uploads\/2025\/06\/Sportful_2025_alt_lungo-rotated.jpg 841w\" sizes=\"auto, (max-width: 300px) 100vw, 300px\" \/><\/a>\n\t\t\t\t<\/dt><\/dl><dl class='gallery-item'>\n\t\t\t\t<dt class='gallery-icon portrait'>\n\t\t\t\t\t<a class=\"rollover rollover-zoom dt-pswp-item\" title=\"PLANIMETRIA SPORTFUL DOLOMITI RACE 2025.jpg_compressed\" data-dt-img-description=\"\" data-large_image_width=\"595\" data-large_image_height=\"841\"href='https:\/\/www.radiopiu.net\/wordpress\/wp-content\/uploads\/2025\/06\/PLANIMETRIA-SPORTFUL-DOLOMITI-RACE-2025.jpg_compressed.jpg'><img loading=\"lazy\" decoding=\"async\" width=\"212\" height=\"300\" src=\"https:\/\/www.radiopiu.net\/wordpress\/wp-content\/uploads\/2025\/06\/PLANIMETRIA-SPORTFUL-DOLOMITI-RACE-2025.jpg_compressed-212x300.jpg\" class=\"attachment-medium size-medium\" alt=\"\" srcset=\"https:\/\/www.radiopiu.net\/wordpress\/wp-content\/uploads\/2025\/06\/PLANIMETRIA-SPORTFUL-DOLOMITI-RACE-2025.jpg_compressed-212x300.jpg 212w, https:\/\/www.radiopiu.net\/wordpress\/wp-content\/uploads\/2025\/06\/PLANIMETRIA-SPORTFUL-DOLOMITI-RACE-2025.jpg_compressed.jpg 595w\" sizes=\"auto, (max-width: 212px) 100vw, 212px\" \/><\/a>\n\t\t\t\t<\/dt><\/dl><dl class='gallery-item'>\n\t\t\t\t<dt class='gallery-icon portrait'>\n\t\t\t\t\t<a class=\"rollover rollover-zoom dt-pswp-item\" title=\"ORARI CHIUSURE STRADE SDR 2025\" data-dt-img-description=\"\" data-large_image_width=\"595\" data-large_image_height=\"841\"href='https:\/\/www.radiopiu.net\/wordpress\/wp-content\/uploads\/2025\/06\/ORARI-CHIUSURE-STRADE-SDR-2025.jpg'><img loading=\"lazy\" decoding=\"async\" width=\"212\" height=\"300\" src=\"https:\/\/www.radiopiu.net\/wordpress\/wp-content\/uploads\/2025\/06\/ORARI-CHIUSURE-STRADE-SDR-2025-212x300.jpg\" class=\"attachment-medium size-medium\" alt=\"\" srcset=\"https:\/\/www.radiopiu.net\/wordpress\/wp-content\/uploads\/2025\/06\/ORARI-CHIUSURE-STRADE-SDR-2025-212x300.jpg 212w, https:\/\/www.radiopiu.net\/wordpress\/wp-content\/uploads\/2025\/06\/ORARI-CHIUSURE-STRADE-SDR-2025.jpg 595w\" sizes=\"auto, (max-width: 212px) 100vw, 212px\" \/><\/a>\n\t\t\t\t<\/dt><\/dl><dl class='gallery-item'>\n\t\t\t\t<dt class='gallery-icon portrait'>\n\t\t\t\t\t<a class=\"rollover rollover-zoom dt-pswp-item\" title=\"ORARI CHIUSURE STRADE SDR 2025 2\" data-dt-img-description=\"\" data-large_image_width=\"595\" data-large_image_height=\"841\"href='https:\/\/www.radiopiu.net\/wordpress\/wp-content\/uploads\/2025\/06\/ORARI-CHIUSURE-STRADE-SDR-2025-2.jpg'><img loading=\"lazy\" decoding=\"async\" width=\"212\" height=\"300\" src=\"https:\/\/www.radiopiu.net\/wordpress\/wp-content\/uploads\/2025\/06\/ORARI-CHIUSURE-STRADE-SDR-2025-2-212x300.jpg\" class=\"attachment-medium size-medium\" alt=\"\" srcset=\"https:\/\/www.radiopiu.net\/wordpress\/wp-content\/uploads\/2025\/06\/ORARI-CHIUSURE-STRADE-SDR-2025-2-212x300.jpg 212w, https:\/\/www.radiopiu.net\/wordpress\/wp-content\/uploads\/2025\/06\/ORARI-CHIUSURE-STRADE-SDR-2025-2.jpg 595w\" sizes=\"auto, (max-width: 212px) 100vw, 212px\" \/><\/a>\n\t\t\t\t<\/dt><\/dl><br style=\"clear: both\" \/>\n\t\t\t<\/div>\n\n<p>&nbsp;<\/p>\n<hr \/>\n<p>&nbsp;<\/p>\n<blockquote>\n<h3>SCIOPERO NAZIONALE DEL 20 GIUGNO: GARANTITE SOLO FASCE ORARIE PROTETTE PER DOLOMITI BUS<\/h3>\n<\/blockquote>\n<p><strong>BELLUNO <\/strong>In occasione dello sciopero nazionale di 24 ore indetto da CUB, SGB e USB per venerd\u00ec 20 giugno 2025, Dolomiti Bus S.p.A. comunica l\u2019adesione all\u2019iniziativa. Saranno garantiti i servizi minimi nelle fasce orarie 5:40\u20138:15 e 16:00\u201319:25. Le corse in partenza prima dell\u2019inizio dello sciopero saranno regolarmente effettuate e proseguiranno fino al capolinea. Tutti i servizi verranno ripristinati regolarmente a partire da sabato 21 giugno.<\/p>\n<p>&nbsp;<\/p>\n<p>&nbsp;<\/p>\n<hr \/>\n<p>&nbsp;<\/p>\n<blockquote>\n<h3><a class=\"dt-pswp-item\" href=\"https:\/\/www.radiopiu.net\/wordpress\/wp-content\/uploads\/2022\/05\/acqua.jpg\" data-dt-img-description=\"\" data-large_image_width=\"1920\" data-large_image_height=\"1275\"><img loading=\"lazy\" decoding=\"async\" class=\" wp-image-274889 alignleft\" src=\"https:\/\/www.radiopiu.net\/wordpress\/wp-content\/uploads\/2022\/05\/acqua-300x199.jpg\" alt=\"\" width=\"115\" height=\"76\" srcset=\"https:\/\/www.radiopiu.net\/wordpress\/wp-content\/uploads\/2022\/05\/acqua-300x199.jpg 300w, https:\/\/www.radiopiu.net\/wordpress\/wp-content\/uploads\/2022\/05\/acqua-1024x680.jpg 1024w, https:\/\/www.radiopiu.net\/wordpress\/wp-content\/uploads\/2022\/05\/acqua-768x510.jpg 768w, https:\/\/www.radiopiu.net\/wordpress\/wp-content\/uploads\/2022\/05\/acqua-1536x1020.jpg 1536w, https:\/\/www.radiopiu.net\/wordpress\/wp-content\/uploads\/2022\/05\/acqua.jpg 1920w\" sizes=\"auto, (max-width: 115px) 100vw, 115px\" \/><\/a>ACQUA DI NUOVO POTABILE A VOLTAGO E GOSALDO<\/h3>\n<\/blockquote>\n<p>A Gosaldo in localit\u00e0 Vallasin e a Voltago nelle localit\u00e0 Frassen\u00e8, Villa e Via Gioa l&#8217;acqua erogata dall&#8217;acquedotto \u00e8 di nuovo potabile e pu\u00f2 essere usata, quindi, per scopi alimentari<\/p>\n<p>&nbsp;<\/p>\n<p>&nbsp;<\/p>\n<hr \/>\n<p>&nbsp;<\/p>\n<blockquote>\n<h3>ADDIO A VALENTINO CARBOGNO, VOCE AUTENTICA DELL\u2019EMIGRAZIONE BELLUNESE<\/h3>\n<\/blockquote>\n<p><strong><a class=\"dt-pswp-item\" href=\"https:\/\/www.radiopiu.net\/wordpress\/wp-content\/uploads\/2025\/06\/valentino_carbogno.jpg\" data-dt-img-description=\"\" data-large_image_width=\"1280\" data-large_image_height=\"640\"><img loading=\"lazy\" decoding=\"async\" class=\" wp-image-453577 alignleft\" src=\"https:\/\/www.radiopiu.net\/wordpress\/wp-content\/uploads\/2025\/06\/valentino_carbogno-300x150.jpg\" alt=\"\" width=\"194\" height=\"97\" srcset=\"https:\/\/www.radiopiu.net\/wordpress\/wp-content\/uploads\/2025\/06\/valentino_carbogno-300x150.jpg 300w, https:\/\/www.radiopiu.net\/wordpress\/wp-content\/uploads\/2025\/06\/valentino_carbogno-1024x512.jpg 1024w, https:\/\/www.radiopiu.net\/wordpress\/wp-content\/uploads\/2025\/06\/valentino_carbogno-768x384.jpg 768w, https:\/\/www.radiopiu.net\/wordpress\/wp-content\/uploads\/2025\/06\/valentino_carbogno.jpg 1280w\" sizes=\"auto, (max-width: 194px) 100vw, 194px\" \/><\/a>COMELICO <\/strong>\u00c8 scomparso mercoled\u00ec 11 giugno Valentino Carbogno, classe 1937, vicepresidente della Famiglia Ex Emigranti del Comelico e figura centrale per l\u2019associazionismo legato all\u2019emigrazione storica bellunese. Dopo una vita trascorsa tra la Svizzera e il Comelico, Carbogno si \u00e8 distinto per impegno e passione, diventando nel 2002 socio fondatore della Famiglia Ex Emigranti del Comelico. Il suo operato nell\u2019Associazione Bellunesi nel Mondo \u00e8 stato apprezzato da tutti, come ricordano con affetto i dirigenti Donato Zandonella, Oscar De Bona e Antonio Dazzi. Descritto come una persona discreta, autentica e sempre presente, ha rappresentato con dignit\u00e0 la storia dell\u2019emigrazione. I funerali si terranno luned\u00ec 16 giugno alle ore 14.30 nella chiesa parrocchiale di Padola, paese natale di Carbogno. La comunit\u00e0 lo saluter\u00e0 con gratitudine per il suo instancabile contributo alla memoria collettiva e alla solidariet\u00e0.<\/p>\n<p>&nbsp;<\/p>\n<p>&nbsp;<\/p>\n<hr \/>\n<p>&nbsp;<\/p>\n<blockquote>\n<h3>ESCURSIONISTA BLOCCATO SULLA MOIAZZA: INTERVIENE L\u2019ELICOTTERO DEL SUEM<\/h3>\n<\/blockquote>\n<p><strong><a class=\"dt-pswp-item\" href=\"https:\/\/www.radiopiu.net\/wordpress\/wp-content\/uploads\/2024\/05\/SUEM-SALT.jpg\" data-dt-img-description=\"\" data-large_image_width=\"1600\" data-large_image_height=\"1200\"><img loading=\"lazy\" decoding=\"async\" class=\" wp-image-388046 alignleft\" src=\"https:\/\/www.radiopiu.net\/wordpress\/wp-content\/uploads\/2024\/05\/SUEM-SALT-300x225.jpg\" alt=\"\" width=\"171\" height=\"128\" srcset=\"https:\/\/www.radiopiu.net\/wordpress\/wp-content\/uploads\/2024\/05\/SUEM-SALT-300x225.jpg 300w, https:\/\/www.radiopiu.net\/wordpress\/wp-content\/uploads\/2024\/05\/SUEM-SALT-1024x768.jpg 1024w, https:\/\/www.radiopiu.net\/wordpress\/wp-content\/uploads\/2024\/05\/SUEM-SALT-768x576.jpg 768w, https:\/\/www.radiopiu.net\/wordpress\/wp-content\/uploads\/2024\/05\/SUEM-SALT-1536x1152.jpg 1536w, https:\/\/www.radiopiu.net\/wordpress\/wp-content\/uploads\/2024\/05\/SUEM-SALT.jpg 1600w\" sizes=\"auto, (max-width: 171px) 100vw, 171px\" \/><\/a>AGORDO<\/strong> L&#8217;elicottero del Suem di Pieve di Cadore \u00e8 intervenuto poco sotto la cima della Moiazza, poich\u00e9 completata la Ferrata Costantini, probabilmente a causa della presenza della neve, un escursionista era sceso in un canale e si era fermato in un terrazzino, incapace di muoversi. Data la nebbia persistente, l&#8217;eliambulanza si \u00e8 dovuta fermare in hovering all&#8217;altezza del Bivacco, per poi ripartire non appena si \u00e8 aperto un varco. L&#8217;uomo, un tedesco di 32 anni, che era sceso una decina di metri dalla cengia Angelini, \u00e8 stato individuato, imbarcato e trasportato al Passo Duran. Pronta a muoversi una squadra del Soccorso alpino di Agordo.<\/p>\n<p>&nbsp;<\/p>\n<p>&nbsp;<\/p>\n<hr \/>\n<p>&nbsp;<\/p>\n<blockquote>\n<h3>TURISTA STATUNITENSE COLTO DA MALORE SUL SENTIERO VERSO IL GIUSSANI<\/h3>\n<\/blockquote>\n<p><strong><a class=\"dt-pswp-item\" href=\"https:\/\/www.radiopiu.net\/wordpress\/wp-content\/uploads\/2022\/08\/salt_20220825_171725_606.jpg\" data-dt-img-description=\"\" data-large_image_width=\"2364\" data-large_image_height=\"1773\"><img loading=\"lazy\" decoding=\"async\" class=\" wp-image-294603 alignleft\" src=\"https:\/\/www.radiopiu.net\/wordpress\/wp-content\/uploads\/2022\/08\/salt_20220825_171725_606-300x225.jpg\" alt=\"\" width=\"135\" height=\"101\" srcset=\"https:\/\/www.radiopiu.net\/wordpress\/wp-content\/uploads\/2022\/08\/salt_20220825_171725_606-300x225.jpg 300w, https:\/\/www.radiopiu.net\/wordpress\/wp-content\/uploads\/2022\/08\/salt_20220825_171725_606-1024x768.jpg 1024w, https:\/\/www.radiopiu.net\/wordpress\/wp-content\/uploads\/2022\/08\/salt_20220825_171725_606-768x576.jpg 768w, https:\/\/www.radiopiu.net\/wordpress\/wp-content\/uploads\/2022\/08\/salt_20220825_171725_606-1536x1152.jpg 1536w, https:\/\/www.radiopiu.net\/wordpress\/wp-content\/uploads\/2022\/08\/salt_20220825_171725_606-2048x1536.jpg 2048w\" sizes=\"auto, (max-width: 135px) 100vw, 135px\" \/><\/a>CORTINA<\/strong> Alle 10.30 di ieri l&#8217;elicottero del Suem di Pieve di Cadore \u00e8 decollato in direzione della strada bianca che dal Rifugio Dibona sale verso il Giussani, dove un turista statunitense di 64 anni era stato colto da malore. A lanciare l&#8217;allarme alcuni presenti. Sbarcati in hovering nelle vicinanze del secondo tornante, equipe medica e tecnico di elisoccorso hanno prestato le prime cure all&#8217;uomo, che \u00e8 stato caricato in barella, imbarcato con il verricello e trasportato all&#8217;ospedale di Belluno.<\/p>\n<p>&nbsp;<\/p>\n<p>&nbsp;<\/p>\n<hr \/>\n<p>&nbsp;<\/p>\n<blockquote>\n<h3>AGGRESSIONE A PALAZZO ROSSO: CONSIGLIERE STEFANI PRESO PER IL COLLO<\/h3>\n<\/blockquote>\n<p><strong><a class=\"dt-pswp-item\" href=\"https:\/\/www.radiopiu.net\/wordpress\/wp-content\/uploads\/2022\/12\/PALAZZO-ROSSO.png\" data-dt-img-description=\"\" data-large_image_width=\"2076\" data-large_image_height=\"1328\"><img loading=\"lazy\" decoding=\"async\" class=\" wp-image-313801 alignleft\" src=\"https:\/\/www.radiopiu.net\/wordpress\/wp-content\/uploads\/2022\/12\/PALAZZO-ROSSO-300x192.png\" alt=\"\" width=\"234\" height=\"150\" srcset=\"https:\/\/www.radiopiu.net\/wordpress\/wp-content\/uploads\/2022\/12\/PALAZZO-ROSSO-300x192.png 300w, https:\/\/www.radiopiu.net\/wordpress\/wp-content\/uploads\/2022\/12\/PALAZZO-ROSSO-1024x655.png 1024w, https:\/\/www.radiopiu.net\/wordpress\/wp-content\/uploads\/2022\/12\/PALAZZO-ROSSO-768x491.png 768w, https:\/\/www.radiopiu.net\/wordpress\/wp-content\/uploads\/2022\/12\/PALAZZO-ROSSO-1536x983.png 1536w, https:\/\/www.radiopiu.net\/wordpress\/wp-content\/uploads\/2022\/12\/PALAZZO-ROSSO-2048x1310.png 2048w\" sizes=\"auto, (max-width: 234px) 100vw, 234px\" \/><\/a>BELLUNO <\/strong>Grave episodio a Palazzo Rosso, dove il consigliere comunale Armando Stefani, 70 anni, di Fratelli d\u2019Italia, \u00e8 stato aggredito sulle scale di piazza Duomo da un uomo non ancora identificato. L\u2019aggressore lo ha colto alle spalle, afferrandolo per il collo e stringendo con forza mentre urlava minacce di morte. Attimi di panico e sofferenza per Stefani, gi\u00e0 reduce da recenti problemi di salute. Fortunatamente, un collega della maggioranza, allertato dalle urla, \u00e8 intervenuto facendo fuggire l\u2019aggressore. Stefani si \u00e8 poi ripreso e ha presentato querela, fornendo nome, cognome e indirizzo del presunto colpevole, che sarebbe una persona nota, probabilmente di origine straniera. La polizia ha avviato le indagini, che si trovano ancora nelle fasi iniziali, ma si prevede una rapida identificazione dell\u2019aggressore e l\u2019adozione di misure di sicurezza. L\u2019episodio ha suscitato forte preoccupazione in ambito politico e cittadino.<\/p>\n<p>&nbsp;<\/p>\n<p>&nbsp;<\/p>\n<hr \/>\n<p>&nbsp;<\/p>\n<blockquote>\n<h3>RIORDINO DELLE UNIONI MONTANE: NUOVO ASSETTO PER IL BELLUNESE ENTRO LUGLIO<\/h3>\n<\/blockquote>\n<p><strong><a class=\"dt-pswp-item\" href=\"https:\/\/www.radiopiu.net\/wordpress\/wp-content\/uploads\/2025\/06\/1749718021843.jpg\" data-dt-img-description=\"\" data-large_image_width=\"1920\" data-large_image_height=\"1080\"><img loading=\"lazy\" decoding=\"async\" class=\" wp-image-453597 alignleft\" src=\"https:\/\/www.radiopiu.net\/wordpress\/wp-content\/uploads\/2025\/06\/1749718021843-300x169.jpg\" alt=\"\" width=\"218\" height=\"123\" srcset=\"https:\/\/www.radiopiu.net\/wordpress\/wp-content\/uploads\/2025\/06\/1749718021843-300x169.jpg 300w, https:\/\/www.radiopiu.net\/wordpress\/wp-content\/uploads\/2025\/06\/1749718021843-1024x576.jpg 1024w, https:\/\/www.radiopiu.net\/wordpress\/wp-content\/uploads\/2025\/06\/1749718021843-768x432.jpg 768w, https:\/\/www.radiopiu.net\/wordpress\/wp-content\/uploads\/2025\/06\/1749718021843-1536x864.jpg 1536w, https:\/\/www.radiopiu.net\/wordpress\/wp-content\/uploads\/2025\/06\/1749718021843.jpg 1920w\" sizes=\"auto, (max-width: 218px) 100vw, 218px\" \/><\/a>BELLUNO<\/strong> L\u2019assessore regionale Francesco Calzavara ha incontrato a Palazzo Piloni il presidente della Provincia di Belluno, Roberto Padrin, il consigliere Alberto Peterle e altri rappresentanti locali per definire la road map del riordino delle Unioni Montane. Il piano, presentato a maggio, prevede la riduzione delle attuali nove Unioni a cinque nel territorio bellunese entro fine legislatura. Accordi di massima sono gi\u00e0 stati raggiunti per quattro nuove aggregazioni: Feltrina, Agordina, Valbelluna (incluso il Comune di Belluno), e Cadore-Longaronese-Zoldo, che inglober\u00e0 Alpago e Ponte nelle Alpi. Il focus delle prossime settimane sar\u00e0 sul Cadore-Comelico-Valboite, dove nascer\u00e0 l\u2019Unione dell\u2019Alto Bellunese. Calzavara punta a sottoscrivere le convenzioni entro met\u00e0 luglio, per attivare bandi con risorse aggiuntive. Padrin ha evidenziato come il riordino rappresenti un\u2019opportunit\u00e0 per modernizzare il sistema, superare criticit\u00e0 storiche come la carenza di personale, e rafforzare il ruolo strategico delle Unioni Montane nello sviluppo del territorio.<\/p>\n<p><strong>IL PRESIDENTE DELLA PROVINCIA DI BELLUNO ROBERTO PADRIN<\/strong><\/p>\n<p><iframe loading=\"lazy\" title=\"PADRIN UNIONI MONTANE\" width=\"1200\" height=\"675\" src=\"https:\/\/www.youtube.com\/embed\/l_yLKqDNFYU?feature=oembed\" frameborder=\"0\" allow=\"accelerometer; autoplay; clipboard-write; encrypted-media; gyroscope; picture-in-picture; web-share\" referrerpolicy=\"strict-origin-when-cross-origin\" allowfullscreen><\/iframe><\/p>\n<p>&nbsp;<\/p>\n<hr \/>\n<p>&nbsp;<\/p>\n<blockquote>\n<h3>ALLEGHE GUIDER\u00c0 INTERVENTO DA 7,5 MILIONI PER SGHIAIAMENTO DEL LAGO<\/h3>\n<\/blockquote>\n<p><strong><a class=\"dt-pswp-item\" href=\"https:\/\/www.radiopiu.net\/wordpress\/wp-content\/uploads\/2024\/08\/Alleghe-scaled.jpg\" data-dt-img-description=\"\" data-large_image_width=\"2560\" data-large_image_height=\"1440\"><img loading=\"lazy\" decoding=\"async\" class=\" wp-image-405210 alignleft\" src=\"https:\/\/www.radiopiu.net\/wordpress\/wp-content\/uploads\/2024\/08\/Alleghe-300x169.jpg\" alt=\"\" width=\"188\" height=\"106\" srcset=\"https:\/\/www.radiopiu.net\/wordpress\/wp-content\/uploads\/2024\/08\/Alleghe-300x169.jpg 300w, https:\/\/www.radiopiu.net\/wordpress\/wp-content\/uploads\/2024\/08\/Alleghe-1024x576.jpg 1024w, https:\/\/www.radiopiu.net\/wordpress\/wp-content\/uploads\/2024\/08\/Alleghe-768x432.jpg 768w, https:\/\/www.radiopiu.net\/wordpress\/wp-content\/uploads\/2024\/08\/Alleghe-1536x864.jpg 1536w, https:\/\/www.radiopiu.net\/wordpress\/wp-content\/uploads\/2024\/08\/Alleghe-2048x1152.jpg 2048w\" sizes=\"auto, (max-width: 188px) 100vw, 188px\" \/><\/a>ALLEGHE <\/strong>Il decreto ministeriale ha designato il Comune di Alleghe come soggetto attuatore per un intervento da 7,5 milioni di euro finalizzato alla rimozione del materiale accumulato nel sedime del lago, riducendo cos\u00ec il rischio residuo in caso di eventi di piena. I lavori dovranno essere affidati entro il 2026 e completati nei successivi 48 mesi. Il sindaco Danilo De Toni ha ringraziato Governo, Protezione Civile e Commissario delegato, ricordando che tutto \u00e8 partito da una segnalazione comunale dopo gli eventi meteo eccezionali tra luglio e agosto 2023. In quel periodo, torrenti Cordevole e Zunaia riversarono grandi quantit\u00e0 di materiale nel lago, evidenziando il rischio di interramento progressivo. Grazie anche alla realizzazione del canale scolmatore, sar\u00e0 possibile abbassare il livello del lago di 3,20 metri, garantendo il deflusso minimo vitale e creando un bacino di accumulo utile durante le piene.<\/p>\n<p>&nbsp;<\/p>\n<p>&nbsp;<\/p>\n<hr \/>\n<p>&nbsp;<\/p>\n<blockquote>\n<h3>FINANZIAMENTO DI 585.000 EURO PER LA MESSA IN SICUREZZA DEL TERRITORIO DI BORGO VALBELLUNA DOPO GLI EVENTI METEO DEL 2023<\/h3>\n<\/blockquote>\n<p><strong>BORGO VALBELLUNA <\/strong>Nel luglio e agosto 2023 il Comune di Borgo Valbelluna \u00e8 stato colpito da gravi eventi meteo che hanno danneggiato la viabilit\u00e0 e il territorio. Dopo aver rapidamente censito i danni e trasmesso le segnalazioni alla Regione Veneto, il Comune ha ottenuto un finanziamento di 585.000 euro per 13 interventi di messa in sicurezza, grazie allo stanziamento nazionale da 235 milioni del Ministero dell\u2019Interno per le emergenze maltempo. Circa met\u00e0 degli interventi, tra cui lavori in localit\u00e0 Boschi, Boz, Carine e Cioppa, sono gi\u00e0 stati realizzati in collaborazione con l\u2019Unione Montana Valbelluna, liberando risorse comunali da reinvestire. Altri lavori, come quelli tra Carfagnoi e Fassola, Niccia e Praderadego, saranno completati entro il 2026. Il vicesindaco Simone Deola ringrazia gli uffici regionali e comunali per l\u2019efficace gestione della fase di emergenza e pianificazione, sottolineando l\u2019importanza di questi fondi per la sicurezza e la prevenzione del rischio idrogeologico.<\/p>\n<p><strong>DI ROBERTO BONA<\/strong><\/p>\n<audio class=\"wp-audio-shortcode\" id=\"audio-453516-6\" preload=\"none\" style=\"width: 100%;\" controls=\"controls\"><source type=\"audio\/mpeg\" src=\"https:\/\/www.radiopiu.net\/wordpress\/wp-content\/uploads\/2025\/06\/BONA-FINANZIAMENTO-BORGO-VALBELLUNA.mp3?_=6\" \/><a href=\"https:\/\/www.radiopiu.net\/wordpress\/wp-content\/uploads\/2025\/06\/BONA-FINANZIAMENTO-BORGO-VALBELLUNA.mp3\">https:\/\/www.radiopiu.net\/wordpress\/wp-content\/uploads\/2025\/06\/BONA-FINANZIAMENTO-BORGO-VALBELLUNA.mp3<\/a><\/audio>\n<p>&nbsp;<\/p>\n\n\t\t\t<style type='text\/css'>\n\t\t\t\t#gallery-2 {\n\t\t\t\t\tmargin: auto;\n\t\t\t\t}\n\t\t\t\t#gallery-2 .gallery-item {\n\t\t\t\t\tfloat: left;\n\t\t\t\t\tmargin-top: 10px;\n\t\t\t\t\ttext-align: center;\n\t\t\t\t\twidth: 25%;\n\t\t\t\t}\n\t\t\t\t#gallery-2 img {\n\t\t\t\t\tborder: 2px solid #cfcfcf;\n\t\t\t\t}\n\t\t\t\t#gallery-2 .gallery-caption {\n\t\t\t\t\tmargin-left: 0;\n\t\t\t\t}\n\t\t\t\t\/* see gallery_shortcode() in wp-includes\/media.php *\/\n\t\t\t<\/style>\n\t\t<div id='gallery-2' class='dt-gallery-container gallery galleryid-453516 gallery-columns-4 gallery-size-thumbnail'><dl class='gallery-item'>\n\t\t\t\t<dt class='gallery-icon landscape'>\n\t\t\t\t\t<a class=\"rollover rollover-zoom dt-pswp-item\" title=\"Boschi1\" data-dt-img-description=\"\" data-large_image_width=\"1632\" data-large_image_height=\"1224\"href='https:\/\/www.radiopiu.net\/wordpress\/wp-content\/uploads\/2025\/06\/Boschi1.jpg'><img loading=\"lazy\" decoding=\"async\" width=\"150\" height=\"150\" src=\"https:\/\/www.radiopiu.net\/wordpress\/wp-content\/uploads\/2025\/06\/Boschi1-150x150.jpg\" class=\"attachment-thumbnail size-thumbnail\" alt=\"\" \/><\/a>\n\t\t\t\t<\/dt><\/dl><dl class='gallery-item'>\n\t\t\t\t<dt class='gallery-icon landscape'>\n\t\t\t\t\t<a class=\"rollover rollover-zoom dt-pswp-item\" title=\"Boschi2\" data-dt-img-description=\"\" data-large_image_width=\"1632\" data-large_image_height=\"1224\"href='https:\/\/www.radiopiu.net\/wordpress\/wp-content\/uploads\/2025\/06\/Boschi2.jpg'><img loading=\"lazy\" decoding=\"async\" width=\"150\" height=\"150\" src=\"https:\/\/www.radiopiu.net\/wordpress\/wp-content\/uploads\/2025\/06\/Boschi2-150x150.jpg\" class=\"attachment-thumbnail size-thumbnail\" alt=\"\" \/><\/a>\n\t\t\t\t<\/dt><\/dl><dl class='gallery-item'>\n\t\t\t\t<dt class='gallery-icon landscape'>\n\t\t\t\t\t<a class=\"rollover rollover-zoom dt-pswp-item\" title=\"Unknown\" data-dt-img-description=\"\" data-large_image_width=\"1600\" data-large_image_height=\"900\"href='https:\/\/www.radiopiu.net\/wordpress\/wp-content\/uploads\/2025\/06\/Unknown.jpeg'><img loading=\"lazy\" decoding=\"async\" width=\"150\" height=\"150\" src=\"https:\/\/www.radiopiu.net\/wordpress\/wp-content\/uploads\/2025\/06\/Unknown-150x150.jpeg\" class=\"attachment-thumbnail size-thumbnail\" alt=\"\" \/><\/a>\n\t\t\t\t<\/dt><\/dl><dl class='gallery-item'>\n\t\t\t\t<dt class='gallery-icon portrait'>\n\t\t\t\t\t<a class=\"rollover rollover-zoom dt-pswp-item\" title=\"Puner2\" data-dt-img-description=\"\" data-large_image_width=\"1536\" data-large_image_height=\"2048\"href='https:\/\/www.radiopiu.net\/wordpress\/wp-content\/uploads\/2025\/06\/Puner2.jpeg'><img loading=\"lazy\" decoding=\"async\" width=\"150\" height=\"150\" src=\"https:\/\/www.radiopiu.net\/wordpress\/wp-content\/uploads\/2025\/06\/Puner2-150x150.jpeg\" class=\"attachment-thumbnail size-thumbnail\" alt=\"\" \/><\/a>\n\t\t\t\t<\/dt><\/dl><br style=\"clear: both\" \/>\n\t\t\t<\/div>\n\n<p>&nbsp;<\/p>\n<hr \/>\n<p>&nbsp;<\/p>\n<blockquote>\n<h3>OLTRE 250 FIRME A BELLUNO PER FERMARE IL TRASFERIMENTO DI UNA DIPENDENTE DA SPORTIVAMENTE<\/h3>\n<\/blockquote>\n<p><strong><a class=\"dt-pswp-item\" href=\"https:\/\/www.radiopiu.net\/wordpress\/wp-content\/uploads\/2025\/06\/b10c9cd0-2697-4502-b18d-23aa98b5ba1a-scaled.jpg\" data-dt-img-description=\"\" data-large_image_width=\"2560\" data-large_image_height=\"1920\"><img loading=\"lazy\" decoding=\"async\" class=\" wp-image-453628 alignleft\" src=\"https:\/\/www.radiopiu.net\/wordpress\/wp-content\/uploads\/2025\/06\/b10c9cd0-2697-4502-b18d-23aa98b5ba1a-300x225.jpg\" alt=\"\" width=\"168\" height=\"126\" srcset=\"https:\/\/www.radiopiu.net\/wordpress\/wp-content\/uploads\/2025\/06\/b10c9cd0-2697-4502-b18d-23aa98b5ba1a-300x225.jpg 300w, https:\/\/www.radiopiu.net\/wordpress\/wp-content\/uploads\/2025\/06\/b10c9cd0-2697-4502-b18d-23aa98b5ba1a-1024x768.jpg 1024w, https:\/\/www.radiopiu.net\/wordpress\/wp-content\/uploads\/2025\/06\/b10c9cd0-2697-4502-b18d-23aa98b5ba1a-768x576.jpg 768w, https:\/\/www.radiopiu.net\/wordpress\/wp-content\/uploads\/2025\/06\/b10c9cd0-2697-4502-b18d-23aa98b5ba1a-1536x1152.jpg 1536w, https:\/\/www.radiopiu.net\/wordpress\/wp-content\/uploads\/2025\/06\/b10c9cd0-2697-4502-b18d-23aa98b5ba1a-2048x1536.jpg 2048w\" sizes=\"auto, (max-width: 168px) 100vw, 168px\" \/><\/a>BELLUNO<\/strong> Oltre 250 firme raccolte in meno di un mese a Belluno per chiedere a Sportivamente Belluno di rivedere la sua decisione sul trasferimento di una dipendente dalla piscina al Palasport De Mas.<\/p>\n<p><strong>DI DANIELE DALVIT<\/strong><\/p>\n<audio class=\"wp-audio-shortcode\" id=\"audio-453516-7\" preload=\"none\" style=\"width: 100%;\" controls=\"controls\"><source type=\"audio\/mpeg\" src=\"https:\/\/www.radiopiu.net\/wordpress\/wp-content\/uploads\/2025\/06\/Servizio-Firme-operatrice-piscina.mp3?_=7\" \/><a href=\"https:\/\/www.radiopiu.net\/wordpress\/wp-content\/uploads\/2025\/06\/Servizio-Firme-operatrice-piscina.mp3\">https:\/\/www.radiopiu.net\/wordpress\/wp-content\/uploads\/2025\/06\/Servizio-Firme-operatrice-piscina.mp3<\/a><\/audio>\n<p>&nbsp;<\/p>\n<hr \/>\n<p>&nbsp;<\/p>\n<blockquote>\n<h3>POST VAIA: BOTTACIN A ROCCA PIETORE PER ILLUSTRARE I LAVORI FATTI<\/h3>\n<\/blockquote>\n<p><strong>ROCCA PIETORE<\/strong> Venerd\u00ec 20 giugno l\u2019Assessore Regionale Giampaolo Bottacin sar\u00e0 a Rocca Pietore per visitare tre cantieri realizzati dai Servizi Forestali dopo la Tempesta Vaia del 2018. I sopralluoghi, aperti alla cittadinanza, serviranno a mostrare le importanti opere di difesa idrogeologica eseguite dalla Regione Veneto. Il ritrovo \u00e8 fissato alle ore 11.00 a Digonera, con tappe successive a Sorar\u00f9 e Palue. La giornata si concluder\u00e0 con un momento conviviale a Sottoguda.<\/p>\n<p>&nbsp;<\/p>\n<p>&nbsp;<\/p>\n<hr \/>\n<p>&nbsp;<\/p>\n<blockquote>\n<h3><a class=\"dt-pswp-item\" href=\"https:\/\/www.radiopiu.net\/wordpress\/wp-content\/uploads\/2025\/06\/b6af110f-a125-4b9d-9eb7-67ea8d409953.jpg\" data-dt-img-description=\"\" data-large_image_width=\"1600\" data-large_image_height=\"1279\"><img loading=\"lazy\" decoding=\"async\" class=\" wp-image-453641 alignleft\" src=\"https:\/\/www.radiopiu.net\/wordpress\/wp-content\/uploads\/2025\/06\/b6af110f-a125-4b9d-9eb7-67ea8d409953-300x240.jpg\" alt=\"\" width=\"210\" height=\"168\" srcset=\"https:\/\/www.radiopiu.net\/wordpress\/wp-content\/uploads\/2025\/06\/b6af110f-a125-4b9d-9eb7-67ea8d409953-300x240.jpg 300w, https:\/\/www.radiopiu.net\/wordpress\/wp-content\/uploads\/2025\/06\/b6af110f-a125-4b9d-9eb7-67ea8d409953-1024x819.jpg 1024w, https:\/\/www.radiopiu.net\/wordpress\/wp-content\/uploads\/2025\/06\/b6af110f-a125-4b9d-9eb7-67ea8d409953-768x614.jpg 768w, https:\/\/www.radiopiu.net\/wordpress\/wp-content\/uploads\/2025\/06\/b6af110f-a125-4b9d-9eb7-67ea8d409953-1536x1228.jpg 1536w, https:\/\/www.radiopiu.net\/wordpress\/wp-content\/uploads\/2025\/06\/b6af110f-a125-4b9d-9eb7-67ea8d409953.jpg 1600w\" sizes=\"auto, (max-width: 210px) 100vw, 210px\" \/><\/a>A 18 METRI DALL\u2019ABBATTIMENTO DEL DIAFRAMMA DELLA GALLERIA DELLA VARIANTE DI VALLE DI CADORE: LA SODDISFAZIONE DEL SINDACO MARIANNA HOFER<\/h3>\n<\/blockquote>\n<p><strong>DI BARBARA PAOLAZZI<\/strong><\/p>\n<audio class=\"wp-audio-shortcode\" id=\"audio-453516-8\" preload=\"none\" style=\"width: 100%;\" controls=\"controls\"><source type=\"audio\/mpeg\" src=\"https:\/\/www.radiopiu.net\/wordpress\/wp-content\/uploads\/2025\/06\/PAOLAZZI-GALLERIE-VALLE-DI-CADORE.mp3?_=8\" \/><a href=\"https:\/\/www.radiopiu.net\/wordpress\/wp-content\/uploads\/2025\/06\/PAOLAZZI-GALLERIE-VALLE-DI-CADORE.mp3\">https:\/\/www.radiopiu.net\/wordpress\/wp-content\/uploads\/2025\/06\/PAOLAZZI-GALLERIE-VALLE-DI-CADORE.mp3<\/a><\/audio>\n<p>&nbsp;<\/p>\n<hr \/>\n<p>&nbsp;<\/p>\n<blockquote>\n<h3>ACCORDO STRATEGICO TRA CONFARTIGIANATO BELLUNO E BUSFORFUN PER I TRASPORTI DI CORTINA 2026<\/h3>\n<\/blockquote>\n<p><strong><a class=\"dt-pswp-item\" href=\"https:\/\/www.radiopiu.net\/wordpress\/wp-content\/uploads\/2022\/07\/CONFARTIGIANATO.png\" data-dt-img-description=\"\" data-large_image_width=\"1001\" data-large_image_height=\"431\"><img loading=\"lazy\" decoding=\"async\" class=\" wp-image-288229 alignleft\" src=\"https:\/\/www.radiopiu.net\/wordpress\/wp-content\/uploads\/2022\/07\/CONFARTIGIANATO-300x129.png\" alt=\"\" width=\"207\" height=\"89\" srcset=\"https:\/\/www.radiopiu.net\/wordpress\/wp-content\/uploads\/2022\/07\/CONFARTIGIANATO-300x129.png 300w, https:\/\/www.radiopiu.net\/wordpress\/wp-content\/uploads\/2022\/07\/CONFARTIGIANATO-768x331.png 768w, https:\/\/www.radiopiu.net\/wordpress\/wp-content\/uploads\/2022\/07\/CONFARTIGIANATO.png 1001w\" sizes=\"auto, (max-width: 207px) 100vw, 207px\" \/><\/a>BELLUNO <\/strong>Grande soddisfazione per Confartigianato Imprese Belluno per la firma del protocollo con BusForFun, partner per i trasporti delle Olimpiadi invernali di Cortina 2026. L\u2019accordo, nato da un\u2019esigenza territoriale, \u00e8 stato promosso da Michele Basso e Alessio Talamini, ed esteso a livello regionale. Il protocollo, sottoscritto da Confartigianato Veneto e BusForFun.com Srl, punta a garantire servizi di trasporto pubblico non di linea gestiti da aziende locali, regolari e qualificate. Un\u2019iniziativa che valorizza le imprese venete del settore NCC, favorendo una logistica etica e trasparente durante l\u2019evento olimpico. Secondo Basso, l\u2019accordo ribadisce l\u2019importanza di offrire opportunit\u00e0 reali alle imprese locali, evitando abusivismo e irregolarit\u00e0. BusForFun potr\u00e0 collaborare direttamente con le aziende aderenti a Confartigianato, creando una rete solida a livello regionale. I fondatori di BusForFun confermano l\u2019impegno verso sinergie locali, mentre Talamini auspica che il protocollo generi nuove opportunit\u00e0 lavorative e favorisca la mobilit\u00e0 integrata, tutelando la concorrenza leale e il tessuto imprenditoriale.<\/p>\n<p>&nbsp;<\/p>\n<p>&nbsp;<\/p>\n<hr \/>\n<p>&nbsp;<\/p>\n<blockquote>\n<h3>OLIMPIADI 2026: DIALOGO STRATEGICO TRA SIMICO E CONFINDUSTRIA BELLUNO ALLO SPORT BUSINESS FORUM<\/h3>\n<\/blockquote>\n<p><strong><a class=\"dt-pswp-item\" href=\"https:\/\/www.radiopiu.net\/wordpress\/wp-content\/uploads\/2025\/06\/Saldini_De_Cian.jpeg\" data-dt-img-description=\"\" data-large_image_width=\"1500\" data-large_image_height=\"2000\"><img loading=\"lazy\" decoding=\"async\" class=\" wp-image-453565 alignleft\" src=\"https:\/\/www.radiopiu.net\/wordpress\/wp-content\/uploads\/2025\/06\/Saldini_De_Cian-225x300.jpeg\" alt=\"\" width=\"124\" height=\"165\" srcset=\"https:\/\/www.radiopiu.net\/wordpress\/wp-content\/uploads\/2025\/06\/Saldini_De_Cian-225x300.jpeg 225w, https:\/\/www.radiopiu.net\/wordpress\/wp-content\/uploads\/2025\/06\/Saldini_De_Cian-768x1024.jpeg 768w, https:\/\/www.radiopiu.net\/wordpress\/wp-content\/uploads\/2025\/06\/Saldini_De_Cian-1152x1536.jpeg 1152w, https:\/\/www.radiopiu.net\/wordpress\/wp-content\/uploads\/2025\/06\/Saldini_De_Cian.jpeg 1500w\" sizes=\"auto, (max-width: 124px) 100vw, 124px\" \/><\/a>BELLUNO <\/strong>Lo <em data-start=\"104\" data-end=\"126\">Sport Business Forum<\/em> ha segnato un primo e importante confronto tra SIMICO e Confindustria Belluno Dolomiti sulle opere legate alle Olimpiadi Invernali Milano-Cortina 2026. Il Commissario e AD Fabio Massimo Saldini ha ribadito l\u2019impegno per il completamento delle infrastrutture, puntando su qualit\u00e0, tempi e sostenibilit\u00e0, in dialogo continuo con i territori. Confindustria, tramite Paolo De Cian, ha accolto positivamente l\u2019approccio di SIMICO, richiamando la necessit\u00e0 di trasparenza e concretezza per tutelare il tessuto produttivo locale. Tra le opere discusse: la variante di Longarone (gara prevista entro settembre), i lavori viari a Cortina (quasi conclusi), il villaggio olimpico di Fiames (consegna a fine giugno), la pista da bob (completamento entro ottobre) e la cabinovia Appollonio-Socrepes. L\u2019incontro ha gettato le basi per una collaborazione stabile tra istituzioni e imprese, trasformando i Giochi in un\u2019opportunit\u00e0 di crescita e infrastrutture durature per l\u2019intera area dolomitica.<\/p>\n<p>&nbsp;<\/p>\n<p>&nbsp;<\/p>\n<hr \/>\n<p>&nbsp;<\/p>\n<blockquote>\n<h3>PER I 25 ANNI DEL GRUPPO FOLK DEL POI TORNA L&#8217;OM SALVARECH<\/h3>\n<\/blockquote>\n<p><strong><a class=\"dt-pswp-item\" href=\"https:\/\/www.radiopiu.net\/wordpress\/wp-content\/uploads\/2025\/06\/4382f6dc-ef4c-418f-bd7c-6fcc63ea5e63.jpg\" data-dt-img-description=\"\" data-large_image_width=\"960\" data-large_image_height=\"720\"><img loading=\"lazy\" decoding=\"async\" class=\" wp-image-453290 alignleft\" src=\"https:\/\/www.radiopiu.net\/wordpress\/wp-content\/uploads\/2025\/06\/4382f6dc-ef4c-418f-bd7c-6fcc63ea5e63-300x225.jpg\" alt=\"\" width=\"173\" height=\"130\" srcset=\"https:\/\/www.radiopiu.net\/wordpress\/wp-content\/uploads\/2025\/06\/4382f6dc-ef4c-418f-bd7c-6fcc63ea5e63-300x225.jpg 300w, https:\/\/www.radiopiu.net\/wordpress\/wp-content\/uploads\/2025\/06\/4382f6dc-ef4c-418f-bd7c-6fcc63ea5e63-768x576.jpg 768w, https:\/\/www.radiopiu.net\/wordpress\/wp-content\/uploads\/2025\/06\/4382f6dc-ef4c-418f-bd7c-6fcc63ea5e63.jpg 960w\" sizes=\"auto, (max-width: 173px) 100vw, 173px\" \/><\/a>RIVAMONTE<\/strong><\/p>\n<p>DI GIANNI SANTOMASO<\/p>\n<audio class=\"wp-audio-shortcode\" id=\"audio-453516-9\" preload=\"none\" style=\"width: 100%;\" controls=\"controls\"><source type=\"audio\/mpeg\" src=\"https:\/\/www.radiopiu.net\/wordpress\/wp-content\/uploads\/2025\/06\/GIANNI-PER-I-25-ANNI-DEL-GRUPPO-FOLK-DEL-POI-TORNA-LOM-SELVARECH.mp3?_=9\" \/><a href=\"https:\/\/www.radiopiu.net\/wordpress\/wp-content\/uploads\/2025\/06\/GIANNI-PER-I-25-ANNI-DEL-GRUPPO-FOLK-DEL-POI-TORNA-LOM-SELVARECH.mp3\">https:\/\/www.radiopiu.net\/wordpress\/wp-content\/uploads\/2025\/06\/GIANNI-PER-I-25-ANNI-DEL-GRUPPO-FOLK-DEL-POI-TORNA-LOM-SELVARECH.mp3<\/a><\/audio>\n<p>&nbsp;<\/p>\n<hr \/>\n<p>&nbsp;<\/p>\n<blockquote>\n<h3>CERTIFICAZIONI CAMBRIDGE: 37 STUDENTI DELL\u2019AGORDINO BRILLANO AD ALLEGHE<\/h3>\n<\/blockquote>\n<p><strong><a class=\"dt-pswp-item\" href=\"https:\/\/www.radiopiu.net\/wordpress\/wp-content\/uploads\/2025\/06\/esami-cambridge-alleghe.jpeg\" data-dt-img-description=\"\" data-large_image_width=\"1600\" data-large_image_height=\"1139\"><img loading=\"lazy\" decoding=\"async\" class=\" wp-image-453606 alignleft\" src=\"https:\/\/www.radiopiu.net\/wordpress\/wp-content\/uploads\/2025\/06\/esami-cambridge-alleghe-300x214.jpeg\" alt=\"\" width=\"198\" height=\"141\" srcset=\"https:\/\/www.radiopiu.net\/wordpress\/wp-content\/uploads\/2025\/06\/esami-cambridge-alleghe-300x214.jpeg 300w, https:\/\/www.radiopiu.net\/wordpress\/wp-content\/uploads\/2025\/06\/esami-cambridge-alleghe-1024x729.jpeg 1024w, https:\/\/www.radiopiu.net\/wordpress\/wp-content\/uploads\/2025\/06\/esami-cambridge-alleghe-768x547.jpeg 768w, https:\/\/www.radiopiu.net\/wordpress\/wp-content\/uploads\/2025\/06\/esami-cambridge-alleghe-1536x1093.jpeg 1536w, https:\/\/www.radiopiu.net\/wordpress\/wp-content\/uploads\/2025\/06\/esami-cambridge-alleghe.jpeg 1600w\" sizes=\"auto, (max-width: 198px) 100vw, 198px\" \/><\/a>ALLEGHE <\/strong>Sabato 10 maggio 2025 si \u00e8 svolta ad Alleghe la 4\u00aa edizione degli esami internazionali Cambridge, con 37 studenti agordini tra i 9 e i 17 anni. L\u2019iniziativa, organizzata dalla \u201cOxford School Dolomiti\u201d di Claudia Soppelsa, si \u00e8 svolta grazie alla collaborazione con la \u201cOxford School di Padova\u201d e il Comune di Alleghe. I risultati sono stati eccellenti: 21 bambini delle elementari hanno ottenuto punteggi molto alti, in particolare Josef Tomaselli, Davide Cont, Erica Croce, Emma Latti, Ida Dai Pra e Letizia Vivian hanno raggiunto il massimo dei voti in tutte le prove. Anche altri studenti si sono distinti con ottimi punteggi in Speaking e Listening. Tra i 16 ragazzi delle medie, otto hanno raggiunto il livello B1 e Natasha Manfroi il livello B2, generalmente ottenuto al liceo. Le prove sono state corrette direttamente dall\u2019Universit\u00e0 di Cambridge. I partecipanti si preparano ora per i viaggi studio in Canada e Gran Bretagna, accompagnati dalla \u201cMagic Teacher\u201d Claudia.<\/p>\n<p>&nbsp;<\/p>\n<p>&nbsp;<\/p>\n<hr \/>\n<p>&nbsp;<\/p>\n<blockquote>\n<h3>IL VOLONTARIATO AZIENDALE DI EPTA: UN\u2019ESPERIENZA DI SOLIDARIET\u00c0 AL CANILE APACA<\/h3>\n<\/blockquote>\n<p><strong><a class=\"dt-pswp-item\" href=\"https:\/\/www.radiopiu.net\/wordpress\/wp-content\/uploads\/2025\/06\/Epta-Gives-volontariato-scaled.jpg\" data-dt-img-description=\"\" data-large_image_width=\"2560\" data-large_image_height=\"1696\"><img loading=\"lazy\" decoding=\"async\" class=\" wp-image-453619 alignleft\" src=\"https:\/\/www.radiopiu.net\/wordpress\/wp-content\/uploads\/2025\/06\/Epta-Gives-volontariato-300x199.jpg\" alt=\"\" width=\"208\" height=\"138\" srcset=\"https:\/\/www.radiopiu.net\/wordpress\/wp-content\/uploads\/2025\/06\/Epta-Gives-volontariato-300x199.jpg 300w, https:\/\/www.radiopiu.net\/wordpress\/wp-content\/uploads\/2025\/06\/Epta-Gives-volontariato-1024x678.jpg 1024w, https:\/\/www.radiopiu.net\/wordpress\/wp-content\/uploads\/2025\/06\/Epta-Gives-volontariato-768x509.jpg 768w, https:\/\/www.radiopiu.net\/wordpress\/wp-content\/uploads\/2025\/06\/Epta-Gives-volontariato-1536x1017.jpg 1536w, https:\/\/www.radiopiu.net\/wordpress\/wp-content\/uploads\/2025\/06\/Epta-Gives-volontariato-2048x1356.jpg 2048w\" sizes=\"auto, (max-width: 208px) 100vw, 208px\" \/><\/a>BELLUNO<\/strong> EptaGIVES \u00e8 il programma di volontariato aziendale di Epta Spa che consente ai dipendenti di dedicare 8 ore retribuite all\u2019anno ad attivit\u00e0 solidali. Tredici lavoratori del team \u201cproduction planning\u201d dello stabilimento di Limana hanno scelto di collaborare con il canile-rifugio Apaca di Belluno, partecipando attivamente nelle mattinate del 13 maggio e 10 giugno. Durante l\u2019esperienza, il personale ha conosciuto le attivit\u00e0 svolte dall\u2019associazione, impegnata nella tutela degli animali, e ha assistito a momenti educativi con i cani come mobility dog, giochi di attivazione mentale e passeggiate. Inoltre, i volontari aziendali hanno contribuito alla manutenzione delle aree verdi e alla pulizia di alcuni box. Paola Lotto, presidente di Apaca, ha definito l\u2019esperienza positiva e ha espresso l\u2019intenzione di ripeterla. Il progetto EptaGIVES si conferma un valido ponte tra azienda e comunit\u00e0 locali.<\/p>\n<p>&nbsp;<\/p>\n<p>&nbsp;<\/p>\n<hr \/>\n<p>&nbsp;<\/p>\n<blockquote>\n<h3>ABVS CELEBRA LA GIORNATA MONDIALE DEL DONATORE CON LUCI E INIZIATIVE A BELLUNO<\/h3>\n<\/blockquote>\n<p><strong><a class=\"dt-pswp-item\" href=\"https:\/\/www.radiopiu.net\/wordpress\/wp-content\/uploads\/2021\/08\/ABVS.jpg\" data-dt-img-description=\"\" data-large_image_width=\"2000\" data-large_image_height=\"2000\"><img loading=\"lazy\" decoding=\"async\" class=\" wp-image-227476 alignleft\" src=\"https:\/\/www.radiopiu.net\/wordpress\/wp-content\/uploads\/2021\/08\/ABVS-300x300.jpg\" alt=\"\" width=\"108\" height=\"108\" srcset=\"https:\/\/www.radiopiu.net\/wordpress\/wp-content\/uploads\/2021\/08\/ABVS-300x300.jpg 300w, https:\/\/www.radiopiu.net\/wordpress\/wp-content\/uploads\/2021\/08\/ABVS-1024x1024.jpg 1024w, https:\/\/www.radiopiu.net\/wordpress\/wp-content\/uploads\/2021\/08\/ABVS-150x150.jpg 150w, https:\/\/www.radiopiu.net\/wordpress\/wp-content\/uploads\/2021\/08\/ABVS-768x768.jpg 768w, https:\/\/www.radiopiu.net\/wordpress\/wp-content\/uploads\/2021\/08\/ABVS-1536x1536.jpg 1536w, https:\/\/www.radiopiu.net\/wordpress\/wp-content\/uploads\/2021\/08\/ABVS.jpg 2000w\" sizes=\"auto, (max-width: 108px) 100vw, 108px\" \/><\/a>BELLUNO <\/strong>In occasione della Giornata Mondiale del Donatore di Sangue 2025, l\u2019Associazione Bellunese Volontari del Sangue (Abvs) illumina il Municipio di Sedico (9-14 giugno) e il Teatro \u201cDino Buzzati\u201d e la fontana di Piazza dei Martiri a Belluno (14-18 giugno). L\u2019iniziativa \u00e8 promossa dal Coordinamento provinciale Abvs con il supporto delle sezioni locali e dei Comuni di Belluno e Sedico. Il 14 giugno, data di nascita di Karl Landsteiner, la Giornata celebra il valore della donazione volontaria e non retribuita. In mattinata, i volontari Abvs saranno in piazza a Belluno per sensibilizzare e raccogliere nuove promesse di donazione. L\u2019obiettivo: garantire cure sicure e salvare vite. Info: 0437 27700 \u2013 <a class=\"cursor-pointer\" rel=\"noopener\" data-start=\"787\" data-end=\"799\">info@abvs.it<\/a>.<\/p>\n<p>&nbsp;<\/p>\n<p>&nbsp;<\/p>\n<hr \/>\n<p>&nbsp;<\/p>\n<blockquote>\n<h3>SEDICO ILLUMINA IL MUNICIPIO DI ROSSO PER LA GIORNATA MONDIALE DEL DONATORE DI SANGUE<\/h3>\n<\/blockquote>\n<p><strong>SEDICO <\/strong>In occasione della giornata Mondiale del Donatore di sangue, prevista per sabato 14 giugno, anche il comune di Sedico ha deciso di aderire a questa importante campagna di sensibilizzazione promossa dall&#8217;AVIS e dall&#8217;ABVS, illuminando la facciata del Municipio di rosso per un intera settimana. Questo piccolo gesto vuole mettere in risalto la necessit\u00e0 sempre maggiore di reperire donatori e aumentare le scorte di sangue da utilizzare per le esigenze mediche. L&#8217;amministrazione di Sedico, sempre attenta a queste iniziative auspica che i giovani si avvicinino all&#8217;ABVS e diventino parte attiva con un gesto che richiede pochissimo tempo.<\/p>\n\n\t\t\t<style type='text\/css'>\n\t\t\t\t#gallery-3 {\n\t\t\t\t\tmargin: auto;\n\t\t\t\t}\n\t\t\t\t#gallery-3 .gallery-item {\n\t\t\t\t\tfloat: left;\n\t\t\t\t\tmargin-top: 10px;\n\t\t\t\t\ttext-align: center;\n\t\t\t\t\twidth: 20%;\n\t\t\t\t}\n\t\t\t\t#gallery-3 img {\n\t\t\t\t\tborder: 2px solid #cfcfcf;\n\t\t\t\t}\n\t\t\t\t#gallery-3 .gallery-caption {\n\t\t\t\t\tmargin-left: 0;\n\t\t\t\t}\n\t\t\t\t\/* see gallery_shortcode() in wp-includes\/media.php *\/\n\t\t\t<\/style>\n\t\t<div id='gallery-3' class='dt-gallery-container gallery galleryid-453516 gallery-columns-5 gallery-size-thumbnail'><dl class='gallery-item'>\n\t\t\t\t<dt class='gallery-icon portrait'>\n\t\t\t\t\t<a class=\"rollover rollover-zoom dt-pswp-item\" title=\"6463646e-0835-4ff0-a9fc-47ddb4b51599\" data-dt-img-description=\"\" data-large_image_width=\"900\" data-large_image_height=\"1600\"href='https:\/\/www.radiopiu.net\/wordpress\/wp-content\/uploads\/2025\/06\/6463646e-0835-4ff0-a9fc-47ddb4b51599.jpg'><img loading=\"lazy\" decoding=\"async\" width=\"150\" height=\"150\" src=\"https:\/\/www.radiopiu.net\/wordpress\/wp-content\/uploads\/2025\/06\/6463646e-0835-4ff0-a9fc-47ddb4b51599-150x150.jpg\" class=\"attachment-thumbnail size-thumbnail\" alt=\"\" \/><\/a>\n\t\t\t\t<\/dt><\/dl><dl class='gallery-item'>\n\t\t\t\t<dt class='gallery-icon landscape'>\n\t\t\t\t\t<a class=\"rollover rollover-zoom dt-pswp-item\" title=\"6c26baac-636f-452a-98c1-98f2863bfd13\" data-dt-img-description=\"\" data-large_image_width=\"1600\" data-large_image_height=\"900\"href='https:\/\/www.radiopiu.net\/wordpress\/wp-content\/uploads\/2025\/06\/6c26baac-636f-452a-98c1-98f2863bfd13.jpg'><img loading=\"lazy\" decoding=\"async\" width=\"150\" height=\"150\" src=\"https:\/\/www.radiopiu.net\/wordpress\/wp-content\/uploads\/2025\/06\/6c26baac-636f-452a-98c1-98f2863bfd13-150x150.jpg\" class=\"attachment-thumbnail size-thumbnail\" alt=\"\" \/><\/a>\n\t\t\t\t<\/dt><\/dl><dl class='gallery-item'>\n\t\t\t\t<dt class='gallery-icon landscape'>\n\t\t\t\t\t<a class=\"rollover rollover-zoom dt-pswp-item\" title=\"7e18f45e-f627-448b-8a10-3e3a0733c5cd\" data-dt-img-description=\"\" data-large_image_width=\"1600\" data-large_image_height=\"902\"href='https:\/\/www.radiopiu.net\/wordpress\/wp-content\/uploads\/2025\/06\/7e18f45e-f627-448b-8a10-3e3a0733c5cd.jpg'><img loading=\"lazy\" decoding=\"async\" width=\"150\" height=\"150\" src=\"https:\/\/www.radiopiu.net\/wordpress\/wp-content\/uploads\/2025\/06\/7e18f45e-f627-448b-8a10-3e3a0733c5cd-150x150.jpg\" class=\"attachment-thumbnail size-thumbnail\" alt=\"\" \/><\/a>\n\t\t\t\t<\/dt><\/dl><dl class='gallery-item'>\n\t\t\t\t<dt class='gallery-icon landscape'>\n\t\t\t\t\t<a class=\"rollover rollover-zoom dt-pswp-item\" title=\"ced3a619-dca0-461e-88cf-7d9e4c3c4116\" data-dt-img-description=\"\" data-large_image_width=\"1600\" data-large_image_height=\"902\"href='https:\/\/www.radiopiu.net\/wordpress\/wp-content\/uploads\/2025\/06\/ced3a619-dca0-461e-88cf-7d9e4c3c4116.jpg'><img loading=\"lazy\" decoding=\"async\" width=\"150\" height=\"150\" src=\"https:\/\/www.radiopiu.net\/wordpress\/wp-content\/uploads\/2025\/06\/ced3a619-dca0-461e-88cf-7d9e4c3c4116-150x150.jpg\" class=\"attachment-thumbnail size-thumbnail\" alt=\"\" \/><\/a>\n\t\t\t\t<\/dt><\/dl><dl class='gallery-item'>\n\t\t\t\t<dt class='gallery-icon landscape'>\n\t\t\t\t\t<a class=\"rollover rollover-zoom dt-pswp-item\" title=\"c8e67944-83bf-4d6b-87bf-afa72166dee0\" data-dt-img-description=\"\" data-large_image_width=\"1600\" data-large_image_height=\"902\"href='https:\/\/www.radiopiu.net\/wordpress\/wp-content\/uploads\/2025\/06\/c8e67944-83bf-4d6b-87bf-afa72166dee0.jpg'><img loading=\"lazy\" decoding=\"async\" width=\"150\" height=\"150\" src=\"https:\/\/www.radiopiu.net\/wordpress\/wp-content\/uploads\/2025\/06\/c8e67944-83bf-4d6b-87bf-afa72166dee0-150x150.jpg\" class=\"attachment-thumbnail size-thumbnail\" alt=\"\" \/><\/a>\n\t\t\t\t<\/dt><\/dl><br style=\"clear: both\" \/>\n\t\t\t<\/div>\n\n<p>&nbsp;<\/p>\n<hr \/>\n<p>&nbsp;<\/p>\n<blockquote>\n<h3>PREMIATI 11 STUDENTI DEL BANDO \u201cGIOVANI IN MOVIMENTO\u201d PER UN ANNO DI STUDIO ALL\u2019ESTERO<\/h3>\n<\/blockquote>\n<p><strong><a class=\"dt-pswp-item\" href=\"https:\/\/www.radiopiu.net\/wordpress\/wp-content\/uploads\/2025\/06\/Giovani-in-movimento-Gli-11-studenti-premiati-scaled.jpg\" data-dt-img-description=\"\" data-large_image_width=\"2560\" data-large_image_height=\"1707\"><img loading=\"lazy\" decoding=\"async\" class=\" wp-image-453563 alignleft\" src=\"https:\/\/www.radiopiu.net\/wordpress\/wp-content\/uploads\/2025\/06\/Giovani-in-movimento-Gli-11-studenti-premiati-300x200.jpg\" alt=\"\" width=\"189\" height=\"126\" srcset=\"https:\/\/www.radiopiu.net\/wordpress\/wp-content\/uploads\/2025\/06\/Giovani-in-movimento-Gli-11-studenti-premiati-300x200.jpg 300w, https:\/\/www.radiopiu.net\/wordpress\/wp-content\/uploads\/2025\/06\/Giovani-in-movimento-Gli-11-studenti-premiati-1024x683.jpg 1024w, https:\/\/www.radiopiu.net\/wordpress\/wp-content\/uploads\/2025\/06\/Giovani-in-movimento-Gli-11-studenti-premiati-768x512.jpg 768w, https:\/\/www.radiopiu.net\/wordpress\/wp-content\/uploads\/2025\/06\/Giovani-in-movimento-Gli-11-studenti-premiati-1536x1024.jpg 1536w, https:\/\/www.radiopiu.net\/wordpress\/wp-content\/uploads\/2025\/06\/Giovani-in-movimento-Gli-11-studenti-premiati-2048x1365.jpg 2048w\" sizes=\"auto, (max-width: 189px) 100vw, 189px\" \/><\/a>VERONA <\/strong>Si \u00e8 tenuta presso la Fondazione Cariverona la cerimonia di premiazione degli 11 vincitori delle borse di studio \u201cGiovani in movimento\u201d, promosse con Fondazione Intercultura. Destinate a studenti delle scuole superiori di Verona, Vicenza, Belluno e Ancona, le borse offriranno l\u2019opportunit\u00e0 di trascorrere l\u2019anno scolastico 2025-2026 all\u2019estero, accolti da famiglie locali e seguiti da volontari. Dal 2019, oltre 70 studenti sono partiti grazie al sostegno della Fondazione, che ha confermato l\u2019impegno anche per il 2026-2027. Durante la cerimonia, Filippo Manfredi (Cariverona) e Mariantonietta Denti Rodeschini (Intercultura) hanno accolto i ragazzi insieme ai volontari. La giornata ha dato spazio anche alle testimonianze di due ex partecipanti. Le destinazioni per questa edizione includono Paesi in America Latina e Cina. L\u2019iniziativa promuove il dialogo interculturale e l\u2019internazionalizzazione delle scuole italiane, favorendo la crescita personale e formativa dei giovani. <strong>Premiati della Provincia di Belluno: <\/strong><strong>Rahel<\/strong>, studentessa iscritta all\u2019Istituto Scolastico Auronzo di Auronzo di Cadore (BL), parteciper\u00e0 a un programma scolastico annuale a<strong> Panama; <\/strong><strong>Nicol<\/strong>, studentessa dell&#8217;Istituto Scolastico Catullo di Belluno, parteciper\u00e0 a un programma scolastico annuale in <strong>Argentina.\u00a0<\/strong><\/p>\n<p>&nbsp;<\/p>\n<p>&nbsp;<\/p>\n<hr \/>\n<p>&nbsp;<\/p>\n<blockquote>\n<h3>CORTINA 2026: RINNOVATA LA PARTNERSHIP TRA ASSOALBERGATORI E UMANA PER UN\u2019OSPITALIT\u00c0 D\u2019ECCELLENZA<\/h3>\n<\/blockquote>\n<p><strong><a class=\"dt-pswp-item\" href=\"https:\/\/www.radiopiu.net\/wordpress\/wp-content\/uploads\/2022\/01\/220119-Olympia-CortinaSkiWorldCup-2022-2.jpg\" data-dt-img-description=\"\" data-large_image_width=\"2048\" data-large_image_height=\"1536\"><img loading=\"lazy\" decoding=\"async\" class=\" wp-image-255053 alignleft\" src=\"https:\/\/www.radiopiu.net\/wordpress\/wp-content\/uploads\/2022\/01\/220119-Olympia-CortinaSkiWorldCup-2022-2-300x225.jpg\" alt=\"\" width=\"171\" height=\"128\" srcset=\"https:\/\/www.radiopiu.net\/wordpress\/wp-content\/uploads\/2022\/01\/220119-Olympia-CortinaSkiWorldCup-2022-2-300x225.jpg 300w, https:\/\/www.radiopiu.net\/wordpress\/wp-content\/uploads\/2022\/01\/220119-Olympia-CortinaSkiWorldCup-2022-2-1024x768.jpg 1024w, https:\/\/www.radiopiu.net\/wordpress\/wp-content\/uploads\/2022\/01\/220119-Olympia-CortinaSkiWorldCup-2022-2-768x576.jpg 768w, https:\/\/www.radiopiu.net\/wordpress\/wp-content\/uploads\/2022\/01\/220119-Olympia-CortinaSkiWorldCup-2022-2-1536x1152.jpg 1536w, https:\/\/www.radiopiu.net\/wordpress\/wp-content\/uploads\/2022\/01\/220119-Olympia-CortinaSkiWorldCup-2022-2.jpg 2048w\" sizes=\"auto, (max-width: 171px) 100vw, 171px\" \/><\/a>CORTINA <\/strong>A meno di un anno dai Giochi Olimpici Invernali di Milano Cortina 2026, l\u2019Associazione degli Albergatori di Cortina rinnova la partnership con Umana, tra i principali operatori italiani nel settore delle risorse umane. L\u2019accordo conferma l\u2019impegno congiunto nel garantire un\u2019offerta turistica d\u2019eccellenza, puntando sulla selezione e formazione di personale altamente qualificato. Il sodalizio, gi\u00e0 consolidato da una fruttuosa collaborazione nel 2023, prevede la presenza di Umana come main sponsor delle iniziative promosse dall\u2019associazione, nonch\u00e9 agevolazioni reciproche finalizzate allo sviluppo professionale nel settore hospitality. Sandra Ruatti, presidente dell\u2019Associazione, sottolinea l\u2019importanza strategica dell\u2019intesa in vista dell\u2019evento olimpico, che rappresenta un\u2019occasione unica e una grande responsabilit\u00e0 per Cortina. L\u2019obiettivo \u00e8 valorizzare la tradizione dell\u2019accoglienza ampezzana investendo sui giovani del territorio. Per Giuseppe Venier, AD di Umana, la collaborazione rafforza il legame con il territorio e favorisce l\u2019incontro tra domanda e offerta in un comparto in continua evoluzione.<\/p>\n<p>&nbsp;<\/p>\n<p>&nbsp;<\/p>\n<hr \/>\n<p>&nbsp;<\/p>\n<blockquote>\n<h3>BELLUNO SYNERGY LAB: UN\u2019ALLEANZA PER L\u2019INNOVAZIONE E LA FORMAZIONE<\/h3>\n<\/blockquote>\n<p><strong><a class=\"dt-pswp-item\" href=\"https:\/\/www.radiopiu.net\/wordpress\/wp-content\/uploads\/2025\/06\/foto-2.jpg\" data-dt-img-description=\"\" data-large_image_width=\"1600\" data-large_image_height=\"900\"><img loading=\"lazy\" decoding=\"async\" class=\" wp-image-453632 alignleft\" src=\"https:\/\/www.radiopiu.net\/wordpress\/wp-content\/uploads\/2025\/06\/foto-2-300x169.jpg\" alt=\"\" width=\"204\" height=\"115\" srcset=\"https:\/\/www.radiopiu.net\/wordpress\/wp-content\/uploads\/2025\/06\/foto-2-300x169.jpg 300w, https:\/\/www.radiopiu.net\/wordpress\/wp-content\/uploads\/2025\/06\/foto-2-1024x576.jpg 1024w, https:\/\/www.radiopiu.net\/wordpress\/wp-content\/uploads\/2025\/06\/foto-2-768x432.jpg 768w, https:\/\/www.radiopiu.net\/wordpress\/wp-content\/uploads\/2025\/06\/foto-2-1536x864.jpg 1536w, https:\/\/www.radiopiu.net\/wordpress\/wp-content\/uploads\/2025\/06\/foto-2.jpg 1600w\" sizes=\"auto, (max-width: 204px) 100vw, 204px\" \/><\/a>BELLUNO<\/strong> Il progetto Belluno Synergy Lab, promosso dal GAL Prealpi e Dolomiti con il co-finanziamento della Fondazione Cariverona, punta a trasformare il territorio bellunese in un ecosistema dell\u2019innovazione. Con un investimento di 145.000 euro, il progetto collega imprese, giovani e alta formazione, favorendo la collaborazione tra aziende capofila e fornitori su sfide di digital transformation. Tre laboratori pilota formeranno risorse aziendali, stimolando il dialogo tra generazioni e la crescita di competenze. Cuore fisico dell\u2019iniziativa sar\u00e0 Palazzo Crepadona, riqualificato come hub urbano della conoscenza. Con il supporto di enti locali e la partecipazione attiva della Camera di Commercio, il progetto mira a valorizzare la manifattura d\u2019eccellenza, trattenere i talenti e costruire un futuro attrattivo per le nuove generazioni attraverso formazione esperienziale, sinergie produttive e disseminazione culturale nelle scuole.<\/p>\n<p>&nbsp;<\/p>\n<p>&nbsp;<\/p>\n<hr \/>\n<p>&nbsp;<\/p>\n<blockquote>\n<h3>MIG 2025: PROGRAMMA RICCO E INTERNAZIONALE PER LA MOSTRA DEL GELATO ARTIGIANALE DI LONGARONE<\/h3>\n<\/blockquote>\n<p><strong><a class=\"dt-pswp-item\" href=\"https:\/\/www.radiopiu.net\/wordpress\/wp-content\/uploads\/2025\/06\/La-Regione-del-Veneto-a-MIG.jpg\" data-dt-img-description=\"\" data-large_image_width=\"2048\" data-large_image_height=\"1365\"><img loading=\"lazy\" decoding=\"async\" class=\" wp-image-453547 alignleft\" src=\"https:\/\/www.radiopiu.net\/wordpress\/wp-content\/uploads\/2025\/06\/La-Regione-del-Veneto-a-MIG-300x200.jpg\" alt=\"\" width=\"236\" height=\"157\" srcset=\"https:\/\/www.radiopiu.net\/wordpress\/wp-content\/uploads\/2025\/06\/La-Regione-del-Veneto-a-MIG-300x200.jpg 300w, https:\/\/www.radiopiu.net\/wordpress\/wp-content\/uploads\/2025\/06\/La-Regione-del-Veneto-a-MIG-1024x683.jpg 1024w, https:\/\/www.radiopiu.net\/wordpress\/wp-content\/uploads\/2025\/06\/La-Regione-del-Veneto-a-MIG-768x512.jpg 768w, https:\/\/www.radiopiu.net\/wordpress\/wp-content\/uploads\/2025\/06\/La-Regione-del-Veneto-a-MIG-1536x1024.jpg 1536w, https:\/\/www.radiopiu.net\/wordpress\/wp-content\/uploads\/2025\/06\/La-Regione-del-Veneto-a-MIG.jpg 2048w\" sizes=\"auto, (max-width: 236px) 100vw, 236px\" \/><\/a>LONGARONE <\/strong>Durante la recente riunione del Comitato tecnico della Mostra Internazionale del Gelato Artigianale (MIG) di Longarone, \u00e8 stato delineato un programma ambizioso per l\u2019edizione 2025. Le associazioni di categoria italiane ed europee, insieme ai rappresentanti dei produttori di attrezzature, hanno condiviso proposte e obiettivi. Confermata la collaborazione con il CNR per presentare ricerche sulla neurogastronomia, oltre alla partecipazione di VeganOK per le nuove tendenze nel settore. La MIG ospiter\u00e0 anche concorsi internazionali come \u201cSustainable Scoops\u201d, la \u201cCoppa d\u2019Oro\u201d con sorbetto al mango e il premio \u201cVisioni d\u2019Avanguardia\u201d. Rilevante sar\u00e0 il ruolo di Uniteis, con assemblea annuale e la presentazione del gusto 2026 per la Germania. Attesi inoltre gelatieri da 12 Paesi europei. Spazio anche all\u2019istruzione professionale e al gelato nella ristorazione. Il direttore Giovanni De Lorenzi ha sottolineato l\u2019unit\u00e0 della filiera nel sostenere iniziative di valore per il futuro del comparto.<\/p>\n<p>&nbsp;<\/p>\n<p>&nbsp;<\/p>\n<hr \/>\n<p>&nbsp;<\/p>\n<blockquote>\n<h3>QUAD IN QUOTA 2025: IL RADUNO PI\u00d9 ALTO D\u2019ITALIA TORNA NEL CUORE DELLE DOLOMITI<\/h3>\n<\/blockquote>\n<p><strong><a class=\"dt-pswp-item\" href=\"https:\/\/www.radiopiu.net\/wordpress\/wp-content\/uploads\/2025\/06\/b7d94397-7844-4add-bf9a-56ba08a1e9a3.jpg\" data-dt-img-description=\"\" data-large_image_width=\"1600\" data-large_image_height=\"1066\"><img loading=\"lazy\" decoding=\"async\" class=\" wp-image-453557 alignleft\" src=\"https:\/\/www.radiopiu.net\/wordpress\/wp-content\/uploads\/2025\/06\/b7d94397-7844-4add-bf9a-56ba08a1e9a3-300x200.jpg\" alt=\"\" width=\"201\" height=\"134\" srcset=\"https:\/\/www.radiopiu.net\/wordpress\/wp-content\/uploads\/2025\/06\/b7d94397-7844-4add-bf9a-56ba08a1e9a3-300x200.jpg 300w, https:\/\/www.radiopiu.net\/wordpress\/wp-content\/uploads\/2025\/06\/b7d94397-7844-4add-bf9a-56ba08a1e9a3-1024x682.jpg 1024w, https:\/\/www.radiopiu.net\/wordpress\/wp-content\/uploads\/2025\/06\/b7d94397-7844-4add-bf9a-56ba08a1e9a3-768x512.jpg 768w, https:\/\/www.radiopiu.net\/wordpress\/wp-content\/uploads\/2025\/06\/b7d94397-7844-4add-bf9a-56ba08a1e9a3-1536x1023.jpg 1536w, https:\/\/www.radiopiu.net\/wordpress\/wp-content\/uploads\/2025\/06\/b7d94397-7844-4add-bf9a-56ba08a1e9a3.jpg 1600w\" sizes=\"auto, (max-width: 201px) 100vw, 201px\" \/><\/a>VALLE DEL BIOIS <\/strong>Torna il 14 e 15 giugno \u201cQuad in Quota\u201d, il raduno non competitivo dedicato agli amanti dei quad e alla scoperta delle Dolomiti Agordine. L\u2019evento, giunto alla IX edizione, si snoda su un percorso di 160 km tra i Comuni di Falcade, Canale d\u2019Agordo, Vallada, San Tomaso e Alleghe. Cinquanta gli equipaggi iscritti, provenienti da tutta Italia, inclusi partecipanti con disabilit\u00e0, per un\u2019esperienza all\u2019insegna dell\u2019inclusione e della bellezza naturale. Il sabato si apre con un tour panoramico attraverso malghe, rifugi e boschi fino ai 2.513 metri del Col Margherita per un tramonto spettacolare, seguito da una cena con balli folk locali. Domenica si riparte verso il Pelmo e il Civetta, con arrivo finale a Falcade. Ideato da Moreno Tomaselli nel 2016, l\u2019evento promuove il territorio e la passione per il quad con una formula vincente fatta di paesaggi, cultura e convivialit\u00e0. Tra gli ospiti del 2025 anche il comico Franco Neri e \u201clo sciamano della valle\u201d, Gianni Bonesso.<\/p>\n<p>&nbsp;<\/p>\n<p>&nbsp;<\/p>\n<hr \/>\n<p>&nbsp;<\/p>\n<blockquote>\n<h3><a class=\"dt-pswp-item\" href=\"https:\/\/www.radiopiu.net\/wordpress\/wp-content\/uploads\/2025\/06\/Locandina_cerimonia_19_giugno_2025.jpg\" data-dt-img-description=\"\" data-large_image_width=\"595\" data-large_image_height=\"842\"><img loading=\"lazy\" decoding=\"async\" class=\" wp-image-453573 alignleft\" src=\"https:\/\/www.radiopiu.net\/wordpress\/wp-content\/uploads\/2025\/06\/Locandina_cerimonia_19_giugno_2025-212x300.jpg\" alt=\"\" width=\"143\" height=\"202\" srcset=\"https:\/\/www.radiopiu.net\/wordpress\/wp-content\/uploads\/2025\/06\/Locandina_cerimonia_19_giugno_2025-212x300.jpg 212w, https:\/\/www.radiopiu.net\/wordpress\/wp-content\/uploads\/2025\/06\/Locandina_cerimonia_19_giugno_2025.jpg 595w\" sizes=\"auto, (max-width: 143px) 100vw, 143px\" \/><\/a>81\u00b0 ANNIVERSARIO DELLA NOTTE DI SANTA MARINA: COMMEMORAZIONE A FELTRE<\/h3>\n<\/blockquote>\n<p><strong>FELTRE<\/strong> Gioved\u00ec 19 giugno si celebra l\u201981\u00b0 anniversario della \u201cNotte di Santa Marina\u201d, tragico episodio della Seconda Guerra Mondiale a Feltre. Il 19 giugno 1944, la gendarmeria tedesca, con la complicit\u00e0 di spie italiane, comp\u00ec una brutale rappresaglia arrestando 37 persone e uccidendone 5, tra cui il colonnello Angelo Zancanaro e il figlio Luciano. L\u2019evento \u00e8 ricordato come il pi\u00f9 doloroso della dominazione nazista in citt\u00e0. La commemorazione si terr\u00e0 alle ore 18.00 presso il Sacello di Via Tofana Prima, davanti alla lapide dedicata a Oldino De Paoli. Interverranno il Sindaco Viviana Fusaro, il prof. Marcello Della Valentina con un intervento storico, lettori di testimonianze e il coro \u201cVece Voci\u201d. In caso di maltempo, la cerimonia sar\u00e0 spostata nella sala riunioni del Centro Parrocchiale di Santa Maria degli Angeli. L&#8217;iniziativa vuole mantenere viva la memoria e l&#8217;impegno contro ogni forma di violenza e sopraffazione.<\/p>\n<p>&nbsp;<\/p>\n<p>&nbsp;<\/p>\n<hr \/>\n<p>&nbsp;<\/p>\n<blockquote>\n<h3>DILLO A RADIO PIU&#8217;&#8230;QUANDO SI PARLA DI CORTINA MA NON SI NOMINA LA PROVINCIA DI BELLUNO<\/h3>\n<\/blockquote>\n<p><strong><a class=\"dt-pswp-item\" href=\"https:\/\/www.radiopiu.net\/wordpress\/wp-content\/uploads\/2020\/08\/1200px-Faloria_Cortina_dAmpezzo_10.jpg\" data-dt-img-description=\"\" data-large_image_width=\"1200\" data-large_image_height=\"829\"><img loading=\"lazy\" decoding=\"async\" class=\" wp-image-157928 alignleft\" src=\"https:\/\/www.radiopiu.net\/wordpress\/wp-content\/uploads\/2020\/08\/1200px-Faloria_Cortina_dAmpezzo_10-300x207.jpg\" alt=\"\" width=\"199\" height=\"137\" srcset=\"https:\/\/www.radiopiu.net\/wordpress\/wp-content\/uploads\/2020\/08\/1200px-Faloria_Cortina_dAmpezzo_10-300x207.jpg 300w, https:\/\/www.radiopiu.net\/wordpress\/wp-content\/uploads\/2020\/08\/1200px-Faloria_Cortina_dAmpezzo_10-1024x707.jpg 1024w, https:\/\/www.radiopiu.net\/wordpress\/wp-content\/uploads\/2020\/08\/1200px-Faloria_Cortina_dAmpezzo_10-768x531.jpg 768w, https:\/\/www.radiopiu.net\/wordpress\/wp-content\/uploads\/2020\/08\/1200px-Faloria_Cortina_dAmpezzo_10-640x442.jpg 640w, https:\/\/www.radiopiu.net\/wordpress\/wp-content\/uploads\/2020\/08\/1200px-Faloria_Cortina_dAmpezzo_10.jpg 1200w\" sizes=\"auto, (max-width: 199px) 100vw, 199px\" \/><\/a>RICEVIAMO E PUBBLICHIAMO<\/strong><\/p>\n<p>Oggi su GEO (Rai 3) \u00e8 andato in onda un bel documentario sulla valle ampezzana, con particolare attenzione a Cortina. Come volevasi dimostrare, non \u00e8 mai stata menzionata la provincia di Belluno. Svista o vera e propria congiura? Perch\u00e9 non segnalarlo a Radio Pi\u00f9 e, di conseguenza, anche alla nostra Giunta regionale del Veneto affinch\u00e9 si attivino? Non potendo dire che si trattava di Trentino, hanno semplicemente taciuto, evitando di parlare di province. Una vera vergogna!<\/p>\n<p>Cesare<\/p>\n<p>&nbsp;<\/p>\n<p>&nbsp;<\/p>\n<hr \/>\n<p>&nbsp;<\/p>\n<blockquote>\n<h3>GRANDE SUCCESSO PER LA PRIMA SERATA DEL MINIERE SUNSET<\/h3>\n<\/blockquote>\n<p><strong>DI MARINA DONA&#8217;<\/strong><\/p>\n<p><strong>AGORDO <\/strong>\u00c8 partita col botto l\u2019edizione 2025 del Miniere Sunset, l\u2019evento estivo organizzato dal <em data-start=\"379\" data-end=\"394\">Caff\u00e8 Miniere<\/em> di Agordo che anche quest\u2019anno promette serate di musica, energia e socialit\u00e0 nel cuore delle Dolomiti. La prima serata, andata in scena mercoled\u00ec sera, ha registrato un\u2019ottima affluenza: tanta gente, entusiasmo alle stelle e una pista sempre piena, grazie al sound trascinante di DJ Jack e R DJ, che hanno saputo mescolare ritmi dance, house e successi del momento, creando un\u2019atmosfera perfetta per dare il via all\u2019estate agordina. Il pubblico ha risposto con entusiasmo, trasformando il Caff\u00e8 Miniere in un punto di ritrovo vivace e coinvolgente, dove la musica \u00e8 stata protagonista ma non l\u2019unica: sorrisi, brindisi e voglia di stare insieme hanno fatto il resto. Il prossimo appuntamento con il <em data-start=\"1105\" data-end=\"1121\">Miniere Sunset<\/em> \u00e8 fissato per marted\u00ec 16 luglio, quando sar\u00e0 il turno di Morgan e Battaglia DJs, pronti a far ballare ancora Agordo con la diretta su Radio Pi\u00f9.<\/p>\n<div style=\"width: 1200px;\" class=\"wp-video\"><video class=\"wp-video-shortcode\" id=\"video-453516-1\" width=\"1200\" height=\"675\" preload=\"metadata\" controls=\"controls\"><source type=\"video\/mp4\" src=\"https:\/\/www.radiopiu.net\/wordpress\/wp-content\/uploads\/2025\/06\/WhatsApp-Video-2025-06-12-at-12.09.19.mp4?_=1\" \/><a href=\"https:\/\/www.radiopiu.net\/wordpress\/wp-content\/uploads\/2025\/06\/WhatsApp-Video-2025-06-12-at-12.09.19.mp4\">https:\/\/www.radiopiu.net\/wordpress\/wp-content\/uploads\/2025\/06\/WhatsApp-Video-2025-06-12-at-12.09.19.mp4<\/a><\/video><\/div>\n<p>&nbsp;<\/p>\n\n\t\t\t<style type='text\/css'>\n\t\t\t\t#gallery-4 {\n\t\t\t\t\tmargin: auto;\n\t\t\t\t}\n\t\t\t\t#gallery-4 .gallery-item {\n\t\t\t\t\tfloat: left;\n\t\t\t\t\tmargin-top: 10px;\n\t\t\t\t\ttext-align: center;\n\t\t\t\t\twidth: 25%;\n\t\t\t\t}\n\t\t\t\t#gallery-4 img {\n\t\t\t\t\tborder: 2px solid #cfcfcf;\n\t\t\t\t}\n\t\t\t\t#gallery-4 .gallery-caption {\n\t\t\t\t\tmargin-left: 0;\n\t\t\t\t}\n\t\t\t\t\/* see gallery_shortcode() in wp-includes\/media.php *\/\n\t\t\t<\/style>\n\t\t<div id='gallery-4' class='dt-gallery-container gallery galleryid-453516 gallery-columns-4 gallery-size-medium'><dl class='gallery-item'>\n\t\t\t\t<dt class='gallery-icon landscape'>\n\t\t\t\t\t<a class=\"rollover rollover-zoom dt-pswp-item\" title=\"8bf80fb2-d268-469d-9bc3-d43e4f103055\" data-dt-img-description=\"\" data-large_image_width=\"2560\" data-large_image_height=\"1152\"href='https:\/\/www.radiopiu.net\/wordpress\/wp-content\/uploads\/2025\/06\/8bf80fb2-d268-469d-9bc3-d43e4f103055-scaled.jpg'><img loading=\"lazy\" decoding=\"async\" width=\"300\" height=\"135\" src=\"https:\/\/www.radiopiu.net\/wordpress\/wp-content\/uploads\/2025\/06\/8bf80fb2-d268-469d-9bc3-d43e4f103055-300x135.jpg\" class=\"attachment-medium size-medium\" alt=\"\" srcset=\"https:\/\/www.radiopiu.net\/wordpress\/wp-content\/uploads\/2025\/06\/8bf80fb2-d268-469d-9bc3-d43e4f103055-300x135.jpg 300w, https:\/\/www.radiopiu.net\/wordpress\/wp-content\/uploads\/2025\/06\/8bf80fb2-d268-469d-9bc3-d43e4f103055-1024x461.jpg 1024w, https:\/\/www.radiopiu.net\/wordpress\/wp-content\/uploads\/2025\/06\/8bf80fb2-d268-469d-9bc3-d43e4f103055-768x346.jpg 768w, https:\/\/www.radiopiu.net\/wordpress\/wp-content\/uploads\/2025\/06\/8bf80fb2-d268-469d-9bc3-d43e4f103055-1536x691.jpg 1536w, https:\/\/www.radiopiu.net\/wordpress\/wp-content\/uploads\/2025\/06\/8bf80fb2-d268-469d-9bc3-d43e4f103055-2048x922.jpg 2048w\" sizes=\"auto, (max-width: 300px) 100vw, 300px\" \/><\/a>\n\t\t\t\t<\/dt><\/dl><dl class='gallery-item'>\n\t\t\t\t<dt class='gallery-icon landscape'>\n\t\t\t\t\t<a class=\"rollover rollover-zoom dt-pswp-item\" title=\"7a99fe18-90a8-42a4-b4d2-71fef98ca956\" data-dt-img-description=\"\" data-large_image_width=\"2048\" data-large_image_height=\"1536\"href='https:\/\/www.radiopiu.net\/wordpress\/wp-content\/uploads\/2025\/06\/7a99fe18-90a8-42a4-b4d2-71fef98ca956.jpg'><img loading=\"lazy\" decoding=\"async\" width=\"300\" height=\"225\" src=\"https:\/\/www.radiopiu.net\/wordpress\/wp-content\/uploads\/2025\/06\/7a99fe18-90a8-42a4-b4d2-71fef98ca956-300x225.jpg\" class=\"attachment-medium size-medium\" alt=\"\" srcset=\"https:\/\/www.radiopiu.net\/wordpress\/wp-content\/uploads\/2025\/06\/7a99fe18-90a8-42a4-b4d2-71fef98ca956-300x225.jpg 300w, https:\/\/www.radiopiu.net\/wordpress\/wp-content\/uploads\/2025\/06\/7a99fe18-90a8-42a4-b4d2-71fef98ca956-1024x768.jpg 1024w, https:\/\/www.radiopiu.net\/wordpress\/wp-content\/uploads\/2025\/06\/7a99fe18-90a8-42a4-b4d2-71fef98ca956-768x576.jpg 768w, https:\/\/www.radiopiu.net\/wordpress\/wp-content\/uploads\/2025\/06\/7a99fe18-90a8-42a4-b4d2-71fef98ca956-1536x1152.jpg 1536w, https:\/\/www.radiopiu.net\/wordpress\/wp-content\/uploads\/2025\/06\/7a99fe18-90a8-42a4-b4d2-71fef98ca956.jpg 2048w\" sizes=\"auto, (max-width: 300px) 100vw, 300px\" \/><\/a>\n\t\t\t\t<\/dt><\/dl><dl class='gallery-item'>\n\t\t\t\t<dt class='gallery-icon landscape'>\n\t\t\t\t\t<a class=\"rollover rollover-zoom dt-pswp-item\" title=\"125edc2e-0dc0-4b1f-bf80-b168ed7e981d\" data-dt-img-description=\"\" data-large_image_width=\"2000\" data-large_image_height=\"1500\"href='https:\/\/www.radiopiu.net\/wordpress\/wp-content\/uploads\/2025\/06\/125edc2e-0dc0-4b1f-bf80-b168ed7e981d.jpg'><img loading=\"lazy\" decoding=\"async\" width=\"300\" height=\"225\" src=\"https:\/\/www.radiopiu.net\/wordpress\/wp-content\/uploads\/2025\/06\/125edc2e-0dc0-4b1f-bf80-b168ed7e981d-300x225.jpg\" class=\"attachment-medium size-medium\" alt=\"\" srcset=\"https:\/\/www.radiopiu.net\/wordpress\/wp-content\/uploads\/2025\/06\/125edc2e-0dc0-4b1f-bf80-b168ed7e981d-300x225.jpg 300w, https:\/\/www.radiopiu.net\/wordpress\/wp-content\/uploads\/2025\/06\/125edc2e-0dc0-4b1f-bf80-b168ed7e981d-1024x768.jpg 1024w, https:\/\/www.radiopiu.net\/wordpress\/wp-content\/uploads\/2025\/06\/125edc2e-0dc0-4b1f-bf80-b168ed7e981d-768x576.jpg 768w, https:\/\/www.radiopiu.net\/wordpress\/wp-content\/uploads\/2025\/06\/125edc2e-0dc0-4b1f-bf80-b168ed7e981d-1536x1152.jpg 1536w, https:\/\/www.radiopiu.net\/wordpress\/wp-content\/uploads\/2025\/06\/125edc2e-0dc0-4b1f-bf80-b168ed7e981d.jpg 2000w\" sizes=\"auto, (max-width: 300px) 100vw, 300px\" \/><\/a>\n\t\t\t\t<\/dt><\/dl><dl class='gallery-item'>\n\t\t\t\t<dt class='gallery-icon landscape'>\n\t\t\t\t\t<a class=\"rollover rollover-zoom dt-pswp-item\" title=\"c09fef85-69af-43d9-89c8-23f54b0247d3\" data-dt-img-description=\"\" data-large_image_width=\"2048\" data-large_image_height=\"1536\"href='https:\/\/www.radiopiu.net\/wordpress\/wp-content\/uploads\/2025\/06\/c09fef85-69af-43d9-89c8-23f54b0247d3.jpg'><img loading=\"lazy\" decoding=\"async\" width=\"300\" height=\"225\" src=\"https:\/\/www.radiopiu.net\/wordpress\/wp-content\/uploads\/2025\/06\/c09fef85-69af-43d9-89c8-23f54b0247d3-300x225.jpg\" class=\"attachment-medium size-medium\" alt=\"\" srcset=\"https:\/\/www.radiopiu.net\/wordpress\/wp-content\/uploads\/2025\/06\/c09fef85-69af-43d9-89c8-23f54b0247d3-300x225.jpg 300w, https:\/\/www.radiopiu.net\/wordpress\/wp-content\/uploads\/2025\/06\/c09fef85-69af-43d9-89c8-23f54b0247d3-1024x768.jpg 1024w, https:\/\/www.radiopiu.net\/wordpress\/wp-content\/uploads\/2025\/06\/c09fef85-69af-43d9-89c8-23f54b0247d3-768x576.jpg 768w, https:\/\/www.radiopiu.net\/wordpress\/wp-content\/uploads\/2025\/06\/c09fef85-69af-43d9-89c8-23f54b0247d3-1536x1152.jpg 1536w, https:\/\/www.radiopiu.net\/wordpress\/wp-content\/uploads\/2025\/06\/c09fef85-69af-43d9-89c8-23f54b0247d3.jpg 2048w\" sizes=\"auto, (max-width: 300px) 100vw, 300px\" \/><\/a>\n\t\t\t\t<\/dt><\/dl><br style=\"clear: both\" \/>\n\t\t\t<\/div>\n\n<p>&nbsp;<\/p>\n<hr \/>\n<p>&nbsp;<\/p>\n<blockquote>\n<h3>CONCORSO CARABINIERI 2025: 4.918 POSTI PER ALLIEVI INFERMI QUADRIENNALI, DOMANDE ENTRO IL 7 LUGLIO<\/h3>\n<\/blockquote>\n<p><strong>BELLUNO<\/strong> L\u2019Arma dei Carabinieri seleziona 4.918 Allievi in ferma quadriennale per rafforzare l\u2019organico e garantire la sicurezza. Le domande, da presentare entro il 7 luglio online, sono aperte ai cittadini italiani con diploma o in procinto di conseguirlo, tra i 17 e i 24 anni (fino a 25 per volontari in ferma prefissata). Il concorso prevede prove scritte, test fisici e accertamenti psico-fisici. I vincitori frequenteranno un corso di sei mesi nelle Scuole Allievi Carabinieri, acquisendo formazione militare, giuridica e professionale. \u00c8 possibile scegliere specializzazioni in tutela forestale, ambientale e agroalimentare, preparando cos\u00ec i futuri Carabinieri a tutelare la collettivit\u00e0.<\/p>\n\n\t\t\t<style type='text\/css'>\n\t\t\t\t#gallery-5 {\n\t\t\t\t\tmargin: auto;\n\t\t\t\t}\n\t\t\t\t#gallery-5 .gallery-item {\n\t\t\t\t\tfloat: left;\n\t\t\t\t\tmargin-top: 10px;\n\t\t\t\t\ttext-align: center;\n\t\t\t\t\twidth: 25%;\n\t\t\t\t}\n\t\t\t\t#gallery-5 img {\n\t\t\t\t\tborder: 2px solid #cfcfcf;\n\t\t\t\t}\n\t\t\t\t#gallery-5 .gallery-caption {\n\t\t\t\t\tmargin-left: 0;\n\t\t\t\t}\n\t\t\t\t\/* see gallery_shortcode() in wp-includes\/media.php *\/\n\t\t\t<\/style>\n\t\t<div id='gallery-5' class='dt-gallery-container gallery galleryid-453516 gallery-columns-4 gallery-size-medium'><dl class='gallery-item'>\n\t\t\t\t<dt class='gallery-icon landscape'>\n\t\t\t\t\t<a class=\"rollover rollover-zoom dt-pswp-item\" title=\"foto 1\" data-dt-img-description=\"\" data-large_image_width=\"1600\" data-large_image_height=\"1066\"href='https:\/\/www.radiopiu.net\/wordpress\/wp-content\/uploads\/2025\/06\/foto-1.jpeg'><img loading=\"lazy\" decoding=\"async\" width=\"300\" height=\"200\" src=\"https:\/\/www.radiopiu.net\/wordpress\/wp-content\/uploads\/2025\/06\/foto-1-300x200.jpeg\" class=\"attachment-medium size-medium\" alt=\"\" srcset=\"https:\/\/www.radiopiu.net\/wordpress\/wp-content\/uploads\/2025\/06\/foto-1-300x200.jpeg 300w, https:\/\/www.radiopiu.net\/wordpress\/wp-content\/uploads\/2025\/06\/foto-1-1024x682.jpeg 1024w, https:\/\/www.radiopiu.net\/wordpress\/wp-content\/uploads\/2025\/06\/foto-1-768x512.jpeg 768w, https:\/\/www.radiopiu.net\/wordpress\/wp-content\/uploads\/2025\/06\/foto-1-1536x1023.jpeg 1536w, https:\/\/www.radiopiu.net\/wordpress\/wp-content\/uploads\/2025\/06\/foto-1.jpeg 1600w\" sizes=\"auto, (max-width: 300px) 100vw, 300px\" \/><\/a>\n\t\t\t\t<\/dt><\/dl><dl class='gallery-item'>\n\t\t\t\t<dt class='gallery-icon landscape'>\n\t\t\t\t\t<a class=\"rollover rollover-zoom dt-pswp-item\" title=\"foto 2\" data-dt-img-description=\"\" data-large_image_width=\"1600\" data-large_image_height=\"1066\"href='https:\/\/www.radiopiu.net\/wordpress\/wp-content\/uploads\/2025\/06\/foto-2.jpeg'><img loading=\"lazy\" decoding=\"async\" width=\"300\" height=\"200\" src=\"https:\/\/www.radiopiu.net\/wordpress\/wp-content\/uploads\/2025\/06\/foto-2-300x200.jpeg\" class=\"attachment-medium size-medium\" alt=\"\" srcset=\"https:\/\/www.radiopiu.net\/wordpress\/wp-content\/uploads\/2025\/06\/foto-2-300x200.jpeg 300w, https:\/\/www.radiopiu.net\/wordpress\/wp-content\/uploads\/2025\/06\/foto-2-1024x682.jpeg 1024w, https:\/\/www.radiopiu.net\/wordpress\/wp-content\/uploads\/2025\/06\/foto-2-768x512.jpeg 768w, https:\/\/www.radiopiu.net\/wordpress\/wp-content\/uploads\/2025\/06\/foto-2-1536x1023.jpeg 1536w, https:\/\/www.radiopiu.net\/wordpress\/wp-content\/uploads\/2025\/06\/foto-2.jpeg 1600w\" sizes=\"auto, (max-width: 300px) 100vw, 300px\" \/><\/a>\n\t\t\t\t<\/dt><\/dl><dl class='gallery-item'>\n\t\t\t\t<dt class='gallery-icon landscape'>\n\t\t\t\t\t<a class=\"rollover rollover-zoom dt-pswp-item\" title=\"foto 3\" data-dt-img-description=\"\" data-large_image_width=\"1170\" data-large_image_height=\"558\"href='https:\/\/www.radiopiu.net\/wordpress\/wp-content\/uploads\/2025\/06\/foto-3.jpeg'><img loading=\"lazy\" decoding=\"async\" width=\"300\" height=\"143\" src=\"https:\/\/www.radiopiu.net\/wordpress\/wp-content\/uploads\/2025\/06\/foto-3-300x143.jpeg\" class=\"attachment-medium size-medium\" alt=\"\" srcset=\"https:\/\/www.radiopiu.net\/wordpress\/wp-content\/uploads\/2025\/06\/foto-3-300x143.jpeg 300w, https:\/\/www.radiopiu.net\/wordpress\/wp-content\/uploads\/2025\/06\/foto-3-1024x488.jpeg 1024w, https:\/\/www.radiopiu.net\/wordpress\/wp-content\/uploads\/2025\/06\/foto-3-768x366.jpeg 768w, https:\/\/www.radiopiu.net\/wordpress\/wp-content\/uploads\/2025\/06\/foto-3.jpeg 1170w\" sizes=\"auto, (max-width: 300px) 100vw, 300px\" \/><\/a>\n\t\t\t\t<\/dt><\/dl><dl class='gallery-item'>\n\t\t\t\t<dt class='gallery-icon landscape'>\n\t\t\t\t\t<a class=\"rollover rollover-zoom dt-pswp-item\" title=\"foto 4\" data-dt-img-description=\"\" data-large_image_width=\"2560\" data-large_image_height=\"1706\"href='https:\/\/www.radiopiu.net\/wordpress\/wp-content\/uploads\/2025\/06\/foto-4.jpeg'><img loading=\"lazy\" decoding=\"async\" width=\"300\" height=\"200\" src=\"https:\/\/www.radiopiu.net\/wordpress\/wp-content\/uploads\/2025\/06\/foto-4-300x200.jpeg\" class=\"attachment-medium size-medium\" alt=\"\" srcset=\"https:\/\/www.radiopiu.net\/wordpress\/wp-content\/uploads\/2025\/06\/foto-4-300x200.jpeg 300w, https:\/\/www.radiopiu.net\/wordpress\/wp-content\/uploads\/2025\/06\/foto-4-1024x682.jpeg 1024w, https:\/\/www.radiopiu.net\/wordpress\/wp-content\/uploads\/2025\/06\/foto-4-768x512.jpeg 768w, https:\/\/www.radiopiu.net\/wordpress\/wp-content\/uploads\/2025\/06\/foto-4-1536x1024.jpeg 1536w, https:\/\/www.radiopiu.net\/wordpress\/wp-content\/uploads\/2025\/06\/foto-4-2048x1365.jpeg 2048w\" sizes=\"auto, (max-width: 300px) 100vw, 300px\" \/><\/a>\n\t\t\t\t<\/dt><\/dl><br style=\"clear: both\" \/>\n\t\t\t<\/div>\n\n<p>&nbsp;<\/p>\n<hr \/>\n<p>&nbsp;<\/p>\n<blockquote>\n<h3><a class=\"dt-pswp-item\" href=\"https:\/\/www.radiopiu.net\/wordpress\/wp-content\/uploads\/2025\/06\/JKDHUOA.jpg\" data-dt-img-description=\"\" data-large_image_width=\"713\" data-large_image_height=\"501\"><img loading=\"lazy\" decoding=\"async\" class=\" wp-image-453622 alignleft\" src=\"https:\/\/www.radiopiu.net\/wordpress\/wp-content\/uploads\/2025\/06\/JKDHUOA-300x211.jpg\" alt=\"\" width=\"160\" height=\"112\" srcset=\"https:\/\/www.radiopiu.net\/wordpress\/wp-content\/uploads\/2025\/06\/JKDHUOA-300x211.jpg 300w, https:\/\/www.radiopiu.net\/wordpress\/wp-content\/uploads\/2025\/06\/JKDHUOA.jpg 713w\" sizes=\"auto, (max-width: 160px) 100vw, 160px\" \/><\/a>OPEN DAY EMICRANIA: INIZIATIVA A FELTRE<\/h3>\n<\/blockquote>\n<p><strong>FELTRE <\/strong>In occasione dell\u2019iniziativa promossa dalla Fondazione Onda, Osservatorio nazionale sulla salute della donna e di genere, dedicata all\u2019emicrania, l\u2019Ulss Dolomiti promuove un momento di incontro aperto alla cittadinanza. L\u2019appuntamento, ad accesso libero, \u00e8 per gioved\u00ec\u00a0 dalle 17.00 alle 19.00 nella sala convegni dell\u2019Ospedale di Feltre per un incontro con gli esperti dal titolo \u201cIl mal di testa: saperne di pi\u00f9 per saper affrontare\u201d.<\/p>\n<p>&nbsp;<\/p>\n<p>&nbsp;<\/p>\n<hr \/>\n<p>&nbsp;<\/p>\n<blockquote>\n<h3>PROSSIMO APPUNTAMENTO CON \u201c I GIOVED\u00cc DELLA SALUTE\u201d A BELLUNO<\/h3>\n<\/blockquote>\n<p><strong><a class=\"dt-pswp-item\" href=\"https:\/\/www.radiopiu.net\/wordpress\/wp-content\/uploads\/2025\/06\/LWYGUALNGA.jpg\" data-dt-img-description=\"\" data-large_image_width=\"907\" data-large_image_height=\"702\"><img loading=\"lazy\" decoding=\"async\" class=\" wp-image-453621 alignleft\" src=\"https:\/\/www.radiopiu.net\/wordpress\/wp-content\/uploads\/2025\/06\/LWYGUALNGA-300x232.jpg\" alt=\"\" width=\"177\" height=\"137\" srcset=\"https:\/\/www.radiopiu.net\/wordpress\/wp-content\/uploads\/2025\/06\/LWYGUALNGA-300x232.jpg 300w, https:\/\/www.radiopiu.net\/wordpress\/wp-content\/uploads\/2025\/06\/LWYGUALNGA-768x594.jpg 768w, https:\/\/www.radiopiu.net\/wordpress\/wp-content\/uploads\/2025\/06\/LWYGUALNGA.jpg 907w\" sizes=\"auto, (max-width: 177px) 100vw, 177px\" \/><\/a>BELLUNO <\/strong>Prosegue il ciclo di incontri informativi \u201cI Gioved\u00ec della Salute\u201d, organizzati dall\u2019Ulss Dolomiti e aperti a tutta la cittadinanza, per approfondire con i professionisti alcune tematiche legate alla promozione della salute e alla prevenzione. Il prossimo appuntamento si terr\u00e0 gioved\u00ec 19 giugno 2025 alle 17.30 nella sala convegni dell\u2019Ospedale di Belluno. Durante la serata si parler\u00e0 di cirrosi epatica con Francesco Minniti &#8211; Direttore Medicina Agordo, Ilaria Bortoluzzi &#8211; Gastroenterologia Belluno e Leonardo De Marco &#8211; Medicina Belluno. Durante l\u2019incontro sar\u00e0 approfondito cos\u2019\u00e8 la cirrosi epatica, quali sono i sintomi e la possibile evoluzione della malattia, come si pu\u00f2 prevenire e come si pu\u00f2 trattare.<\/p>\n<p>&nbsp;<\/p>\n<p>&nbsp;<\/p>\n<hr \/>\n<p>&nbsp;<\/p>\n<blockquote>\n<h3>BELLUNO PER GAZA: UN SILENZIOSO GRIDO DI UMANIT\u00c0<\/h3>\n<\/blockquote>\n<p><strong><a class=\"dt-pswp-item\" href=\"https:\/\/www.radiopiu.net\/wordpress\/wp-content\/uploads\/2025\/06\/SCR-20250609-qwoj.png\" data-dt-img-description=\"\" data-large_image_width=\"878\" data-large_image_height=\"1116\"><img loading=\"lazy\" decoding=\"async\" class=\" wp-image-453133 alignleft\" src=\"https:\/\/www.radiopiu.net\/wordpress\/wp-content\/uploads\/2025\/06\/SCR-20250609-qwoj-236x300.png\" alt=\"\" width=\"128\" height=\"163\" srcset=\"https:\/\/www.radiopiu.net\/wordpress\/wp-content\/uploads\/2025\/06\/SCR-20250609-qwoj-236x300.png 236w, https:\/\/www.radiopiu.net\/wordpress\/wp-content\/uploads\/2025\/06\/SCR-20250609-qwoj-806x1024.png 806w, https:\/\/www.radiopiu.net\/wordpress\/wp-content\/uploads\/2025\/06\/SCR-20250609-qwoj-768x976.png 768w, https:\/\/www.radiopiu.net\/wordpress\/wp-content\/uploads\/2025\/06\/SCR-20250609-qwoj.png 878w\" sizes=\"auto, (max-width: 128px) 100vw, 128px\" \/><\/a>BELLUNO<\/strong> Domani a Belluno si terr\u00e0 una manifestazione silenziosa in Piazza Martiri per denunciare il massacro in atto nella Striscia di Gaza. L&#8217;iniziativa nasce spontaneamente, senza simboli politici, con l\u2019obiettivo di affermare l\u2019umanit\u00e0 e chiedere la fine della violenza contro i civili. Si condanna fermamente l\u2019attacco del 7 ottobre da parte di Hamas, ma si denuncia anche la sproporzionata reazione del governo Netanyahu che, secondo fonti internazionali, ha provocato decine di migliaia di morti e feriti tra la popolazione palestinese. La manifestazione vuole essere un atto di solidariet\u00e0 verso le vittime innocenti, ispirandosi alle parole del Presidente Mattarella, che invoca il rispetto del diritto umanitario e il cessate il fuoco immediato. L\u2019invito \u00e8 a partecipare in modo responsabile, evitando qualsiasi forma di provocazione o antisemitismo, per dare un segnale di coscienza collettiva e civilt\u00e0.<\/p>\n<p>&nbsp;<\/p>\n<p>&nbsp;<\/p>\n<hr \/>\n<p>&nbsp;<\/p>\n<blockquote>\n<div class=\"page-title-head hgroup\">\n<h3 class=\"entry-title\">CANALE D\u2019AGORDO E VALLADA, \u201cROSSE\u201d PER I DONATORI DI SANGUE<\/h3>\n<\/div>\n<\/blockquote>\n<p><strong>DI GIANNI SANTOMASO<\/strong><\/p>\n<audio class=\"wp-audio-shortcode\" id=\"audio-453516-10\" preload=\"none\" style=\"width: 100%;\" controls=\"controls\"><source type=\"audio\/mpeg\" src=\"https:\/\/www.radiopiu.net\/wordpress\/wp-content\/uploads\/2025\/06\/gianni-donatore-1.mp3?_=10\" \/><a href=\"https:\/\/www.radiopiu.net\/wordpress\/wp-content\/uploads\/2025\/06\/gianni-donatore-1.mp3\">https:\/\/www.radiopiu.net\/wordpress\/wp-content\/uploads\/2025\/06\/gianni-donatore-1.mp3<\/a><\/audio>\n<p>&nbsp;<\/p>\n<p><strong><a class=\"dt-pswp-item\" href=\"https:\/\/www.radiopiu.net\/wordpress\/wp-content\/uploads\/2025\/06\/caf22ad3-adb5-4452-9c2b-6c8b4b260d3f.jpg\" data-dt-img-description=\"\" data-large_image_width=\"631\" data-large_image_height=\"452\"><img loading=\"lazy\" decoding=\"async\" class=\" wp-image-452983 alignleft\" src=\"https:\/\/www.radiopiu.net\/wordpress\/wp-content\/uploads\/2025\/06\/caf22ad3-adb5-4452-9c2b-6c8b4b260d3f-300x215.jpg\" alt=\"\" width=\"188\" height=\"135\" srcset=\"https:\/\/www.radiopiu.net\/wordpress\/wp-content\/uploads\/2025\/06\/caf22ad3-adb5-4452-9c2b-6c8b4b260d3f-300x215.jpg 300w, https:\/\/www.radiopiu.net\/wordpress\/wp-content\/uploads\/2025\/06\/caf22ad3-adb5-4452-9c2b-6c8b4b260d3f.jpg 631w\" sizes=\"auto, (max-width: 188px) 100vw, 188px\" \/><\/a>CANALE D&#8217;AGORDO <\/strong>In occasione della Giornata Mondiale del Donatore, che si celebra ogni anno il 14 giugno per onorare la nascita di Karl Landsteiner, scopritore dei gruppi sanguigni, anche i Donatori di Sangue di Canale d\u2019Agordo e Vallada Agordina aderiscono alla campagna \u201cM\u2019illumino del Dono\u201d, promossa da Avis Veneto e ABVS Belluno. Rosso come il sangue, rosso come la vita: le luci che dal 13 al 15 giugno illumineranno la Casa Natale di Papa Luciani e il Municipio di Vallada vogliono lanciare un messaggio chiaro e profondo sull\u2019importanza della donazione del sangue, gesto anonimo e gratuito che ogni giorno salva vite. Particolarmente toccante la scelta della casa dove nacque Giovanni Paolo I: nel 1938, il giovane don Albino Luciani don\u00f2 il proprio sangue per salvare un compaesano ricoverato all\u2019ospedale di Belluno. Un gesto che unisce idealmente la storia del pontefice a quella di tutti i donatori di sangue. Per celebrare l\u2019iniziativa, sabato 14 giugno alle ore 21, presso la Casa di Papa Luciani, \u00e8 prevista una cerimonia di accensione delle luci seguita da un brindisi beneaugurante, aperta a tutti.<\/p>\n<p>&nbsp;<\/p>\n<p>&nbsp;<\/p>\n<hr \/>\n<p>&nbsp;<\/p>\n<blockquote>\n<h3>IN VALLE DEL BIOIS TORNA EL BON DE L&#8217;ANSUDA<\/h3>\n<\/blockquote>\n<p>&nbsp;<\/p>\n<p><strong><a class=\"dt-pswp-item\" href=\"https:\/\/www.radiopiu.net\/wordpress\/wp-content\/uploads\/2023\/06\/EL-BON-DE-LANSUDA.jpeg\" data-dt-img-description=\"\" data-large_image_width=\"1890\" data-large_image_height=\"1310\"><img loading=\"lazy\" decoding=\"async\" class=\" wp-image-340252 alignleft\" src=\"https:\/\/www.radiopiu.net\/wordpress\/wp-content\/uploads\/2023\/06\/EL-BON-DE-LANSUDA-300x208.jpeg\" alt=\"\" width=\"185\" height=\"128\" srcset=\"https:\/\/www.radiopiu.net\/wordpress\/wp-content\/uploads\/2023\/06\/EL-BON-DE-LANSUDA-300x208.jpeg 300w, https:\/\/www.radiopiu.net\/wordpress\/wp-content\/uploads\/2023\/06\/EL-BON-DE-LANSUDA-1024x710.jpeg 1024w, https:\/\/www.radiopiu.net\/wordpress\/wp-content\/uploads\/2023\/06\/EL-BON-DE-LANSUDA-768x532.jpeg 768w, https:\/\/www.radiopiu.net\/wordpress\/wp-content\/uploads\/2023\/06\/EL-BON-DE-LANSUDA-1536x1065.jpeg 1536w, https:\/\/www.radiopiu.net\/wordpress\/wp-content\/uploads\/2023\/06\/EL-BON-DE-LANSUDA.jpeg 1890w\" sizes=\"auto, (max-width: 185px) 100vw, 185px\" \/><\/a>DI MIRKO MEZZACASA<\/strong><\/p>\n<p>OSPITI: Antonella Schena e Eddy Gaspari<\/p>\n<audio class=\"wp-audio-shortcode\" id=\"audio-453516-11\" preload=\"none\" style=\"width: 100%;\" controls=\"controls\"><source type=\"audio\/mpeg\" src=\"https:\/\/www.radiopiu.net\/wordpress\/wp-content\/uploads\/2025\/06\/ANTONELLA-EDDY-BON-ANSUDA-25.mp3?_=11\" \/><a href=\"https:\/\/www.radiopiu.net\/wordpress\/wp-content\/uploads\/2025\/06\/ANTONELLA-EDDY-BON-ANSUDA-25.mp3\">https:\/\/www.radiopiu.net\/wordpress\/wp-content\/uploads\/2025\/06\/ANTONELLA-EDDY-BON-ANSUDA-25.mp3<\/a><\/audio>\n<p>&nbsp;<\/p>\n<p>&nbsp;<\/p>\n<hr \/>\n<blockquote>\n<h3>WEEKEND DI SCOPERTA E SPIRITUALIT\u00c0 AL CENTRO MINERARIO VALLE IMPERINA IL 14 E 15 GIUGNO<\/h3>\n<\/blockquote>\n<p><strong><a class=\"dt-pswp-item\" href=\"https:\/\/www.radiopiu.net\/wordpress\/wp-content\/uploads\/2024\/10\/Valle-Imperina-Fabbricato-Forni-Fusori.jpeg\" data-dt-img-description=\"\" data-large_image_width=\"1600\" data-large_image_height=\"1200\"><img loading=\"lazy\" decoding=\"async\" class=\" wp-image-412572 alignleft\" src=\"https:\/\/www.radiopiu.net\/wordpress\/wp-content\/uploads\/2024\/10\/Valle-Imperina-Fabbricato-Forni-Fusori-300x225.jpeg\" alt=\"\" width=\"201\" height=\"151\" srcset=\"https:\/\/www.radiopiu.net\/wordpress\/wp-content\/uploads\/2024\/10\/Valle-Imperina-Fabbricato-Forni-Fusori-300x225.jpeg 300w, https:\/\/www.radiopiu.net\/wordpress\/wp-content\/uploads\/2024\/10\/Valle-Imperina-Fabbricato-Forni-Fusori-1024x768.jpeg 1024w, https:\/\/www.radiopiu.net\/wordpress\/wp-content\/uploads\/2024\/10\/Valle-Imperina-Fabbricato-Forni-Fusori-768x576.jpeg 768w, https:\/\/www.radiopiu.net\/wordpress\/wp-content\/uploads\/2024\/10\/Valle-Imperina-Fabbricato-Forni-Fusori-1536x1152.jpeg 1536w, https:\/\/www.radiopiu.net\/wordpress\/wp-content\/uploads\/2024\/10\/Valle-Imperina-Fabbricato-Forni-Fusori.jpeg 1600w\" sizes=\"auto, (max-width: 201px) 100vw, 201px\" \/><\/a>RIVAMONTE <\/strong>Il Centro Minerario Valle Imperina invita tutta la comunit\u00e0 e i visitatori a partecipare a un weekend ricco di eventi unici, sabato 14 e domenica 15 giugno. Sabato 14 giugno verr\u00e0 celebrata una Santa Messa nella suggestiva cornice dei forni fusori, un luogo che conserva la storia e la tradizione mineraria del territorio. Un momento di riflessione e spiritualit\u00e0 immersi in un ambiente carico di fascino e memoria. Domenica 15 giugno, invece, sar\u00e0 protagonista il laboratorio \u201cMateria\u201d, rivolto ai ragazzi e accessibile su prenotazione. Un\u2019esperienza coinvolgente che offre un viaggio sorprendente tra minerali e i segreti della natura, alla scoperta di come queste meraviglie influenzino la nostra vita quotidiana. Entrambe le giornate prevedono visite guidate su prenotazione, per esplorare in modo approfondito la storia e le peculiarit\u00e0 del Centro Minerario. Non perdere questa occasione per vivere un\u2019esperienza educativa e emozionante nel cuore della Valle Imperina. Per maggiori informazioni e prenotazioni: <a class=\"\" href=\"http:\/\/www.centrominerariovalleimperina.it\" target=\"_new\" rel=\"noopener\" data-start=\"1143\" data-end=\"1178\" data-is-last-node=\"\">www.centrominerariovalleimperina.it<\/a><\/p>\n<p><strong>I PROMO ALLA RADIO<\/strong><\/p>\n<audio class=\"wp-audio-shortcode\" id=\"audio-453516-12\" preload=\"none\" style=\"width: 100%;\" controls=\"controls\"><source type=\"audio\/mpeg\" src=\"https:\/\/www.radiopiu.net\/wordpress\/wp-content\/uploads\/2025\/05\/alle-miniere-1.mp3?_=12\" \/><a href=\"https:\/\/www.radiopiu.net\/wordpress\/wp-content\/uploads\/2025\/05\/alle-miniere-1.mp3\">https:\/\/www.radiopiu.net\/wordpress\/wp-content\/uploads\/2025\/05\/alle-miniere-1.mp3<\/a><\/audio>\n<p>&nbsp;<\/p>\n<audio class=\"wp-audio-shortcode\" id=\"audio-453516-13\" preload=\"none\" style=\"width: 100%;\" controls=\"controls\"><source type=\"audio\/mpeg\" src=\"https:\/\/www.radiopiu.net\/wordpress\/wp-content\/uploads\/2025\/05\/alle-miniere-2-1.mp3?_=13\" \/><a href=\"https:\/\/www.radiopiu.net\/wordpress\/wp-content\/uploads\/2025\/05\/alle-miniere-2-1.mp3\">https:\/\/www.radiopiu.net\/wordpress\/wp-content\/uploads\/2025\/05\/alle-miniere-2-1.mp3<\/a><\/audio>\n<p>&nbsp;<\/p>\n<hr \/>\n<p>&nbsp;<\/p>\n<blockquote>\n<h3>APPUNTAMENTO IMPERDIBILE AL BAR DELLE BOCCE DI AGORDO: DOMANI ARRIVANO I TIRATAIE<\/h3>\n<\/blockquote>\n<p><strong><a class=\"dt-pswp-item\" href=\"https:\/\/www.radiopiu.net\/wordpress\/wp-content\/uploads\/2025\/06\/TIRATAIE.jpg\" data-dt-img-description=\"\" data-large_image_width=\"1158\" data-large_image_height=\"800\"><img loading=\"lazy\" decoding=\"async\" class=\" wp-image-453273 alignleft\" src=\"https:\/\/www.radiopiu.net\/wordpress\/wp-content\/uploads\/2025\/06\/TIRATAIE-300x207.jpg\" alt=\"\" width=\"172\" height=\"118\" srcset=\"https:\/\/www.radiopiu.net\/wordpress\/wp-content\/uploads\/2025\/06\/TIRATAIE-300x207.jpg 300w, https:\/\/www.radiopiu.net\/wordpress\/wp-content\/uploads\/2025\/06\/TIRATAIE-1024x707.jpg 1024w, https:\/\/www.radiopiu.net\/wordpress\/wp-content\/uploads\/2025\/06\/TIRATAIE-768x531.jpg 768w, https:\/\/www.radiopiu.net\/wordpress\/wp-content\/uploads\/2025\/06\/TIRATAIE.jpg 1158w\" sizes=\"auto, (max-width: 172px) 100vw, 172px\" \/><\/a>AGORDO <\/strong>Prosegue con grande entusiasmo la festa estiva al Bar delle Bocce di Agordo, che domani offre una serata imperdibile all\u2019insegna della musica e del buon cibo. Dalle ore 20, il palco sar\u00e0 animato dal concerto live dei Tirataie, la folk-band locale che promette di far scatenare il pubblico con le sue note coinvolgenti. Ma prima dell\u2019inizio del concerto, spazio al pre-concerto con le specialit\u00e0 culinarie di Sonia: gustosi arrosticini, panini onti, wurstel e birra a fiumi per soddisfare ogni palato e rendere la serata ancora pi\u00f9 piacevole. Il Bar delle Bocce invita tutti gli appassionati a prenotare il proprio tavolo per assicurarsi un posto in prima fila e vivere una serata all\u2019insegna della buona musica e della convivialit\u00e0. Per prenotazioni \u00e8 possibile chiamare il numero 344 1902405.<\/p>\n<p>&nbsp;<\/p>\n<p>&nbsp;<\/p>\n<p>&nbsp;<\/p>\n<hr \/>\n<p>&nbsp;<\/p>\n<blockquote>\n<h3>SAGRA DEL CAMPANOT 2025: TRENT\u2019ANNI DI TRADIZIONE, MUSICA E GASTRONOMIA ECO-SOSTENIBILE<\/h3>\n<\/blockquote>\n<p><strong><a class=\"dt-pswp-item\" href=\"https:\/\/www.radiopiu.net\/wordpress\/wp-content\/uploads\/2025\/06\/CAMPANOT-2025.jpg\" data-dt-img-description=\"\" data-large_image_width=\"818\" data-large_image_height=\"580\"><img loading=\"lazy\" decoding=\"async\" class=\" wp-image-453191 alignleft\" src=\"https:\/\/www.radiopiu.net\/wordpress\/wp-content\/uploads\/2025\/06\/CAMPANOT-2025-300x213.jpg\" alt=\"\" width=\"194\" height=\"138\" srcset=\"https:\/\/www.radiopiu.net\/wordpress\/wp-content\/uploads\/2025\/06\/CAMPANOT-2025-300x213.jpg 300w, https:\/\/www.radiopiu.net\/wordpress\/wp-content\/uploads\/2025\/06\/CAMPANOT-2025-768x545.jpg 768w, https:\/\/www.radiopiu.net\/wordpress\/wp-content\/uploads\/2025\/06\/CAMPANOT-2025.jpg 818w\" sizes=\"auto, (max-width: 194px) 100vw, 194px\" \/><\/a>BELLUNO <\/strong>Torna dal 20 al 29 giugno 2025 a Castion (Belluno) la 30\u00aa edizione della Sagra del Campanot, evento estivo tra i pi\u00f9 importanti del territorio, organizzato dalla Pro Loco Pieve Castionese. Riconosciuta \u201cSagra di qualit\u00e0\u201d e EcoSagra, promuove tradizione, cultura, gastronomia e sostenibilit\u00e0 con pratiche ambientali come stoviglie lavabili e raccolta differenziata. Il ricco programma prevede otto giorni di concerti con artisti come Gianmarco Bagutti, Punkreas e DJ, spettacoli per famiglie, mostre, tornei sportivi, visite guidate e attivit\u00e0 per bambini. Due giornate speciali sono dedicate ai pi\u00f9 piccoli e alla cultura tirolese. La sagra offre anche un\u2019ampia proposta gastronomica, con piatti tipici bellunesi, cucina vegetariana e vini locali. Il presidente Maurizio Fontanelle sottolinea l\u2019importanza di questo traguardo, frutto di 30 anni di volontariato e collaborazione.<\/p>\n<p>&nbsp;<\/p>\n<p>&nbsp;<\/p>\n<hr \/>\n<p>&nbsp;<\/p>\n<blockquote>\n<h3><a class=\"dt-pswp-item\" href=\"https:\/\/www.radiopiu.net\/wordpress\/wp-content\/uploads\/2020\/10\/fiori-barp.png\" data-dt-img-description=\"\" data-large_image_width=\"334\" data-large_image_height=\"475\"><img loading=\"lazy\" decoding=\"async\" class=\" wp-image-164208 alignleft\" src=\"https:\/\/www.radiopiu.net\/wordpress\/wp-content\/uploads\/2020\/10\/fiori-barp-211x300.png\" alt=\"\" width=\"91\" height=\"129\" srcset=\"https:\/\/www.radiopiu.net\/wordpress\/wp-content\/uploads\/2020\/10\/fiori-barp-211x300.png 211w, https:\/\/www.radiopiu.net\/wordpress\/wp-content\/uploads\/2020\/10\/fiori-barp.png 334w\" sizes=\"auto, (max-width: 91px) 100vw, 91px\" \/><\/a>LA FESTA ARANCIONE DEL FIORI BARP<\/h3>\n<\/blockquote>\n<p><strong>SEDICO<\/strong><\/p>\n<p>DI ROBERTO BONA<\/p>\n<audio class=\"wp-audio-shortcode\" id=\"audio-453516-14\" preload=\"none\" style=\"width: 100%;\" controls=\"controls\"><source type=\"audio\/mpeg\" src=\"https:\/\/www.radiopiu.net\/wordpress\/wp-content\/uploads\/2025\/06\/gr-09-la-festa-arancione-del-fiori-barp-bona-SCADE-14-GIUGNO.mp3?_=14\" \/><a href=\"https:\/\/www.radiopiu.net\/wordpress\/wp-content\/uploads\/2025\/06\/gr-09-la-festa-arancione-del-fiori-barp-bona-SCADE-14-GIUGNO.mp3\">https:\/\/www.radiopiu.net\/wordpress\/wp-content\/uploads\/2025\/06\/gr-09-la-festa-arancione-del-fiori-barp-bona-SCADE-14-GIUGNO.mp3<\/a><\/audio>\n<p>&nbsp;<\/p>\n<p>&nbsp;<\/p>\n<hr \/>\n<p>&nbsp;<\/p>\n<blockquote>\n<h3><a class=\"dt-pswp-item\" href=\"https:\/\/www.radiopiu.net\/wordpress\/wp-content\/uploads\/2025\/06\/Locandina_eventi_Brasile-1.jpg\" data-dt-img-description=\"\" data-large_image_width=\"1190\" data-large_image_height=\"1683\"><img loading=\"lazy\" decoding=\"async\" class=\" wp-image-452816 alignleft\" src=\"https:\/\/www.radiopiu.net\/wordpress\/wp-content\/uploads\/2025\/06\/Locandina_eventi_Brasile-1-212x300.jpg\" alt=\"\" width=\"161\" height=\"228\" srcset=\"https:\/\/www.radiopiu.net\/wordpress\/wp-content\/uploads\/2025\/06\/Locandina_eventi_Brasile-1-212x300.jpg 212w, https:\/\/www.radiopiu.net\/wordpress\/wp-content\/uploads\/2025\/06\/Locandina_eventi_Brasile-1-724x1024.jpg 724w, https:\/\/www.radiopiu.net\/wordpress\/wp-content\/uploads\/2025\/06\/Locandina_eventi_Brasile-1-768x1086.jpg 768w, https:\/\/www.radiopiu.net\/wordpress\/wp-content\/uploads\/2025\/06\/Locandina_eventi_Brasile-1-1086x1536.jpg 1086w, https:\/\/www.radiopiu.net\/wordpress\/wp-content\/uploads\/2025\/06\/Locandina_eventi_Brasile-1.jpg 1190w\" sizes=\"auto, (max-width: 161px) 100vw, 161px\" \/><\/a>MIGRAZIONI, LINGUA E MEMORIA: TRE INCONTRI CULTURALI AL MUSEO ETNOGRAFICO DOLOMITI<\/h3>\n<\/blockquote>\n<p><strong>CESIOMAGGIORE <\/strong>Dal 13 giugno, il Museo Etnografico Dolomiti propone una rassegna di tre eventi dedicati all\u2019emigrazione italiana in Brasile, con focus sulla regione del Rio Grande Do Sul e sul patrimonio culturale delle comunit\u00e0 italo-brasiliane. La rassegna accompagna la mostra fotografica <em data-start=\"365\" data-end=\"401\">Brasile. Tra due mondi, una storia<\/em>, realizzata per i 150 anni dell\u2019emigrazione italiana in Brasile e curata dal fotografo italo-brasiliano Luis Tadeu Vilani. Il primo appuntamento, il 13 giugno, vedr\u00e0 lo storico Daniele Gazzi riflettere su 150 anni di emigrazione italiana. Il 27 giugno, la linguista Loredana Corr\u00e0 esplorer\u00e0 la lingua <em data-start=\"704\" data-end=\"712\">talian<\/em>, seguita dall\u2019antropologa Daniela Perco che approfondir\u00e0 le tradizioni orali italo-brasiliane. L\u2019evento conclusivo, il 4 luglio, sar\u00e0 la presentazione del romanzo <em data-start=\"876\" data-end=\"896\">Piero fa la Merica<\/em> con l\u2019autore Paolo Malaguti, che narra l\u2019esperienza migratoria dal Veneto al Brasile. Tutti gli incontri inizieranno alle ore 18.00.<\/p>\n<p>&nbsp;<\/p>\n<p>&nbsp;<\/p>\n<hr \/>\n<p>&nbsp;<\/p>\n<blockquote>\n<h3><a class=\"dt-pswp-item\" href=\"https:\/\/www.radiopiu.net\/wordpress\/wp-content\/uploads\/2025\/06\/giuseppe_guarrera.jpg\" data-dt-img-description=\"\" data-large_image_width=\"1200\" data-large_image_height=\"800\"><img loading=\"lazy\" decoding=\"async\" class=\" wp-image-453554 alignleft\" src=\"https:\/\/www.radiopiu.net\/wordpress\/wp-content\/uploads\/2025\/06\/giuseppe_guarrera-300x200.jpg\" alt=\"\" width=\"161\" height=\"107\" srcset=\"https:\/\/www.radiopiu.net\/wordpress\/wp-content\/uploads\/2025\/06\/giuseppe_guarrera-300x200.jpg 300w, https:\/\/www.radiopiu.net\/wordpress\/wp-content\/uploads\/2025\/06\/giuseppe_guarrera-1024x683.jpg 1024w, https:\/\/www.radiopiu.net\/wordpress\/wp-content\/uploads\/2025\/06\/giuseppe_guarrera-768x512.jpg 768w, https:\/\/www.radiopiu.net\/wordpress\/wp-content\/uploads\/2025\/06\/giuseppe_guarrera.jpg 1200w\" sizes=\"auto, (max-width: 161px) 100vw, 161px\" \/><\/a>RECITAL DI GIUSEPPE GUARRERA A BELLUNO PER IL 150\u00b0 DI FANO<\/h3>\n<\/blockquote>\n<p><strong>BELLUNO<\/strong> Domani alle 20:30, il pianista Giuseppe Guarrera si esibir\u00e0 nella Prefettura di Belluno per il Circolo Culturale Bellunese. In programma musiche di Beethoven, Wagner-Liszt, Liszt, Busoni e Guido Alberto Fano, omaggiato nel 150\u00b0 anniversario della nascita. Le note di sala sono a cura di Vitale Fano, nipote del compositore.<\/p>\n<p>&nbsp;<\/p>\n<p>&nbsp;<\/p>\n<hr \/>\n<p>&nbsp;<\/p>\n<blockquote>\n<h3><a class=\"dt-pswp-item\" href=\"https:\/\/www.radiopiu.net\/wordpress\/wp-content\/uploads\/2025\/06\/26a18d41-36fd-4384-82a2-6f6a20b6034e.jpg\" data-dt-img-description=\"\" data-large_image_width=\"901\" data-large_image_height=\"1600\"><img loading=\"lazy\" decoding=\"async\" class=\" wp-image-453423 alignleft\" src=\"https:\/\/www.radiopiu.net\/wordpress\/wp-content\/uploads\/2025\/06\/26a18d41-36fd-4384-82a2-6f6a20b6034e-169x300.jpg\" alt=\"\" width=\"76\" height=\"135\" srcset=\"https:\/\/www.radiopiu.net\/wordpress\/wp-content\/uploads\/2025\/06\/26a18d41-36fd-4384-82a2-6f6a20b6034e-169x300.jpg 169w, https:\/\/www.radiopiu.net\/wordpress\/wp-content\/uploads\/2025\/06\/26a18d41-36fd-4384-82a2-6f6a20b6034e-577x1024.jpg 577w, https:\/\/www.radiopiu.net\/wordpress\/wp-content\/uploads\/2025\/06\/26a18d41-36fd-4384-82a2-6f6a20b6034e-768x1364.jpg 768w, https:\/\/www.radiopiu.net\/wordpress\/wp-content\/uploads\/2025\/06\/26a18d41-36fd-4384-82a2-6f6a20b6034e-865x1536.jpg 865w, https:\/\/www.radiopiu.net\/wordpress\/wp-content\/uploads\/2025\/06\/26a18d41-36fd-4384-82a2-6f6a20b6034e.jpg 901w\" sizes=\"auto, (max-width: 76px) 100vw, 76px\" \/><\/a>CONCERTO TRA LE VIGNE CON IL GRUPPO VOCALE CRYSTAL TEARS<\/h3>\n<\/blockquote>\n<p><strong>BORGO VALBELLUNA <\/strong>Domenica 22 giugno 2025 alle 20.30, tra le vigne di Poggio Pagnan (Mel di Borgo Valbelluna), si terr\u00e0 il concerto \u201cLuci care, luci belle\u201d del Gruppo Vocale Crystal Tears, diretto da Elettra De Biasi. Voci e clarinetti daranno vita a un viaggio musicale tra classica e contemporanea, con brani di Haydn, Mozart, Beethoven e prime assolute di compositori locali. Protagonisti: quattro talentuosi clarinettisti, tra cui il maestro Alessandro Muscatello. L\u2019evento, gratuito e immerso nella natura, \u00e8 patrocinato dal Comune e organizzato con Art Dolomites e Poggio Pagnan.<\/p>\n<p>&nbsp;<\/p>\n<p>&nbsp;<\/p>\n<hr \/>\n<p>&nbsp;<\/p>\n<h1><span style=\"color: #ff6600;\">ALLA RADIO<\/span><\/h1>\n<h2><span style=\"color: #ff0000;\">SPECIALE SPI CGIL <\/span><\/h2>\n<p><strong><a class=\"dt-pswp-item\" href=\"https:\/\/www.radiopiu.net\/wordpress\/wp-content\/uploads\/2019\/02\/Logo_Spi-CGIL-800x445.jpg\" data-dt-img-description=\"\" data-large_image_width=\"800\" data-large_image_height=\"445\"><img loading=\"lazy\" decoding=\"async\" class=\" wp-image-75538 alignleft\" src=\"https:\/\/www.radiopiu.net\/wordpress\/wp-content\/uploads\/2019\/02\/Logo_Spi-CGIL-800x445-300x167.jpg\" alt=\"\" width=\"228\" height=\"127\" srcset=\"https:\/\/www.radiopiu.net\/wordpress\/wp-content\/uploads\/2019\/02\/Logo_Spi-CGIL-800x445-300x167.jpg 300w, https:\/\/www.radiopiu.net\/wordpress\/wp-content\/uploads\/2019\/02\/Logo_Spi-CGIL-800x445-768x427.jpg 768w, https:\/\/www.radiopiu.net\/wordpress\/wp-content\/uploads\/2019\/02\/Logo_Spi-CGIL-800x445.jpg 800w\" sizes=\"auto, (max-width: 228px) 100vw, 228px\" \/><\/a>DI MIRKO MEZZACASA<\/strong><\/p>\n<p>CON MARIA RITA GENTILIN, SPI CGIL<\/p>\n<audio class=\"wp-audio-shortcode\" id=\"audio-453516-15\" preload=\"none\" style=\"width: 100%;\" controls=\"controls\"><source type=\"audio\/mpeg\" src=\"https:\/\/www.radiopiu.net\/wordpress\/wp-content\/uploads\/2025\/06\/MARIA-RITA-GENTILIN-GIUGNO-UNDICI.mp3?_=15\" \/><a href=\"https:\/\/www.radiopiu.net\/wordpress\/wp-content\/uploads\/2025\/06\/MARIA-RITA-GENTILIN-GIUGNO-UNDICI.mp3\">https:\/\/www.radiopiu.net\/wordpress\/wp-content\/uploads\/2025\/06\/MARIA-RITA-GENTILIN-GIUGNO-UNDICI.mp3<\/a><\/audio>\n<p>&nbsp;<\/p>\n<p>&nbsp;<\/p>\n<hr \/>\n<p>&nbsp;<\/p>\n<h2><span style=\"color: #ff00ff;\">SEI IN RADIO&#8230; SE di MARINA DONA&#8217;<\/span><\/h2>\n<p><strong>PUNTATA 12\u00a0 \u00a0 \u00a0 \u00a0 \u00a0 \u00a0 \u00a0 \u00a0AUDIO<\/strong><\/p>\n<p><span style=\"color: #ff0000;\"><strong>\u00a0 \u00a0 \u00a0 \u00a0 \u00a0 \u00a0 \u00a0 \u00a0 \u00a0 \u00a0 \u00a0 \u00a0 \u00a0 \u00a0 \u00a0 \u00a0 \u00a0 \u00a0DA&#8230;\u00a0 \u00a0 \u00a0 \u00a0 \u00a0 \u00a0 DOLOMITI E BAMBINI<\/strong><\/span><\/p>\n<audio class=\"wp-audio-shortcode\" id=\"audio-453516-16\" preload=\"none\" style=\"width: 100%;\" controls=\"controls\"><source type=\"audio\/mpeg\" src=\"https:\/\/www.radiopiu.net\/wordpress\/wp-content\/uploads\/2025\/06\/SEISE.mp3?_=16\" \/><a href=\"https:\/\/www.radiopiu.net\/wordpress\/wp-content\/uploads\/2025\/06\/SEISE.mp3\">https:\/\/www.radiopiu.net\/wordpress\/wp-content\/uploads\/2025\/06\/SEISE.mp3<\/a><\/audio>\n<p>&nbsp;<\/p>\n<p><a class=\"dt-pswp-item\" href=\"https:\/\/www.radiopiu.net\/wordpress\/wp-content\/uploads\/2025\/06\/ed9e1455-8f76-4a29-a55f-34c5abb63b49.jpg\" data-dt-img-description=\"\" data-large_image_width=\"1224\" data-large_image_height=\"1581\"><img loading=\"lazy\" decoding=\"async\" class=\"size-medium wp-image-453530 aligncenter\" src=\"https:\/\/www.radiopiu.net\/wordpress\/wp-content\/uploads\/2025\/06\/ed9e1455-8f76-4a29-a55f-34c5abb63b49-232x300.jpg\" alt=\"\" width=\"232\" height=\"300\" srcset=\"https:\/\/www.radiopiu.net\/wordpress\/wp-content\/uploads\/2025\/06\/ed9e1455-8f76-4a29-a55f-34c5abb63b49-232x300.jpg 232w, https:\/\/www.radiopiu.net\/wordpress\/wp-content\/uploads\/2025\/06\/ed9e1455-8f76-4a29-a55f-34c5abb63b49-793x1024.jpg 793w, https:\/\/www.radiopiu.net\/wordpress\/wp-content\/uploads\/2025\/06\/ed9e1455-8f76-4a29-a55f-34c5abb63b49-768x992.jpg 768w, https:\/\/www.radiopiu.net\/wordpress\/wp-content\/uploads\/2025\/06\/ed9e1455-8f76-4a29-a55f-34c5abb63b49-1189x1536.jpg 1189w, https:\/\/www.radiopiu.net\/wordpress\/wp-content\/uploads\/2025\/06\/ed9e1455-8f76-4a29-a55f-34c5abb63b49.jpg 1224w\" sizes=\"auto, (max-width: 232px) 100vw, 232px\" \/><\/a><\/p>\n<p>&nbsp;<\/p>\n<h1><strong>LA RACCOLTA COMPLETA <a href=\"https:\/\/www.radiopiu.net\/wordpress\/sei-in-radio-se-12-giu\/\"><span style=\"color: #3366ff;\">CLICCA QUI<\/span><\/a><\/strong><\/h1>\n<p>&nbsp;<\/p>\n<hr \/>\n<p>&nbsp;<\/p>\n<h2><span style=\"color: #99cc00;\">ARCADE SHOW..ELIA ALLA RADIO<\/span><\/h2>\n<p align=\"JUSTIFY\"><a class=\"dt-pswp-item\" href=\"https:\/\/www.radiopiu.net\/wordpress\/wp-content\/uploads\/2025\/02\/LOGO-ELIA.png\" data-dt-img-description=\"\" data-large_image_width=\"851\" data-large_image_height=\"774\"><img loading=\"lazy\" decoding=\"async\" class=\"size-medium wp-image-436960 aligncenter\" src=\"https:\/\/www.radiopiu.net\/wordpress\/wp-content\/uploads\/2025\/02\/LOGO-ELIA-300x273.png\" alt=\"\" width=\"300\" height=\"273\" srcset=\"https:\/\/www.radiopiu.net\/wordpress\/wp-content\/uploads\/2025\/02\/LOGO-ELIA-300x273.png 300w, https:\/\/www.radiopiu.net\/wordpress\/wp-content\/uploads\/2025\/02\/LOGO-ELIA-768x699.png 768w, https:\/\/www.radiopiu.net\/wordpress\/wp-content\/uploads\/2025\/02\/LOGO-ELIA.png 851w\" sizes=\"auto, (max-width: 300px) 100vw, 300px\" \/><\/a><\/p>\n<p align=\"JUSTIFY\">Arcade show, Entra nella sala giochi ufficiale di RadioPi\u00f9! Inserisci la moneta e gioca insieme a noi! Attualit\u00e0, cinema, sport, social, spensieratezza e soprattutto musica! Il primo show like a game radiofonico in italia, condotto da Elia.<\/p>\n<p align=\"JUSTIFY\"><strong>PUNTATA 15\/1<\/strong><\/p>\n<audio class=\"wp-audio-shortcode\" id=\"audio-453516-17\" preload=\"none\" style=\"width: 100%;\" controls=\"controls\"><source type=\"audio\/mpeg\" src=\"https:\/\/www.radiopiu.net\/wordpress\/wp-content\/uploads\/2025\/06\/ELIA1.mp3?_=17\" \/><a href=\"https:\/\/www.radiopiu.net\/wordpress\/wp-content\/uploads\/2025\/06\/ELIA1.mp3\">https:\/\/www.radiopiu.net\/wordpress\/wp-content\/uploads\/2025\/06\/ELIA1.mp3<\/a><\/audio>\n<p>&nbsp;<\/p>\n<p align=\"JUSTIFY\"><strong>PUNTATA 15\/2<\/strong><\/p>\n<audio class=\"wp-audio-shortcode\" id=\"audio-453516-18\" preload=\"none\" style=\"width: 100%;\" controls=\"controls\"><source type=\"audio\/mpeg\" src=\"https:\/\/www.radiopiu.net\/wordpress\/wp-content\/uploads\/2025\/06\/ELIA2.mp3?_=18\" \/><a href=\"https:\/\/www.radiopiu.net\/wordpress\/wp-content\/uploads\/2025\/06\/ELIA2.mp3\">https:\/\/www.radiopiu.net\/wordpress\/wp-content\/uploads\/2025\/06\/ELIA2.mp3<\/a><\/audio>\n<p>&nbsp;<\/p>\n<p align=\"JUSTIFY\"><strong>PUNTATA 15\/3<\/strong><\/p>\n<audio class=\"wp-audio-shortcode\" id=\"audio-453516-19\" preload=\"none\" style=\"width: 100%;\" controls=\"controls\"><source type=\"audio\/mpeg\" src=\"https:\/\/www.radiopiu.net\/wordpress\/wp-content\/uploads\/2025\/06\/ELIA3.mp3?_=19\" \/><a href=\"https:\/\/www.radiopiu.net\/wordpress\/wp-content\/uploads\/2025\/06\/ELIA3.mp3\">https:\/\/www.radiopiu.net\/wordpress\/wp-content\/uploads\/2025\/06\/ELIA3.mp3<\/a><\/audio>\n<p>&nbsp;<\/p>\n<h1><strong>LA RACCOLTA COMPLETA <a href=\"https:\/\/www.radiopiu.net\/wordpress\/arcade-show-elia-alla-radio\/\"><span style=\"color: #3366ff;\">CLICCA QUI<\/span><\/a><\/strong><\/h1>\n<p>&nbsp;<\/p>\n<hr \/>\n<p>&nbsp;<\/p>\n<h2><span style=\"color: #800080;\">TIME 4 ME&#8230;CON STEFANO MANNELLI<\/span><\/h2>\n<p><strong><a class=\"dt-pswp-item\" href=\"https:\/\/www.radiopiu.net\/wordpress\/wp-content\/uploads\/2025\/06\/b4a2e768-6c90-4a6e-9262-1088fabe100e.jpg\" data-dt-img-description=\"\" data-large_image_width=\"1188\" data-large_image_height=\"1043\"><img loading=\"lazy\" decoding=\"async\" class=\" wp-image-453540 alignleft\" src=\"https:\/\/www.radiopiu.net\/wordpress\/wp-content\/uploads\/2025\/06\/b4a2e768-6c90-4a6e-9262-1088fabe100e-300x263.jpg\" alt=\"\" width=\"206\" height=\"181\" srcset=\"https:\/\/www.radiopiu.net\/wordpress\/wp-content\/uploads\/2025\/06\/b4a2e768-6c90-4a6e-9262-1088fabe100e-300x263.jpg 300w, https:\/\/www.radiopiu.net\/wordpress\/wp-content\/uploads\/2025\/06\/b4a2e768-6c90-4a6e-9262-1088fabe100e-1024x899.jpg 1024w, https:\/\/www.radiopiu.net\/wordpress\/wp-content\/uploads\/2025\/06\/b4a2e768-6c90-4a6e-9262-1088fabe100e-768x674.jpg 768w, https:\/\/www.radiopiu.net\/wordpress\/wp-content\/uploads\/2025\/06\/b4a2e768-6c90-4a6e-9262-1088fabe100e.jpg 1188w\" sizes=\"auto, (max-width: 206px) 100vw, 206px\" \/><\/a>DI MARINA DONA&#8217;<\/strong><\/p>\n<p>OSPITE: Stefano Mannelli<\/p>\n<p><span style=\"color: #0000ff;\"><strong>PARTE UNO<\/strong><\/span><\/p>\n<audio class=\"wp-audio-shortcode\" id=\"audio-453516-20\" preload=\"none\" style=\"width: 100%;\" controls=\"controls\"><source type=\"audio\/mpeg\" src=\"https:\/\/www.radiopiu.net\/wordpress\/wp-content\/uploads\/2025\/06\/TIME1-1.mp3?_=20\" \/><a href=\"https:\/\/www.radiopiu.net\/wordpress\/wp-content\/uploads\/2025\/06\/TIME1-1.mp3\">https:\/\/www.radiopiu.net\/wordpress\/wp-content\/uploads\/2025\/06\/TIME1-1.mp3<\/a><\/audio>\n<p><span style=\"color: #0000ff;\"><strong>\u00a0<\/strong><\/span><\/p>\n<p><span style=\"color: #0000ff;\"><strong>PARTE DUE<\/strong><\/span><\/p>\n<audio class=\"wp-audio-shortcode\" id=\"audio-453516-21\" preload=\"none\" style=\"width: 100%;\" controls=\"controls\"><source type=\"audio\/mpeg\" src=\"https:\/\/www.radiopiu.net\/wordpress\/wp-content\/uploads\/2025\/06\/TIME2-1.mp3?_=21\" \/><a href=\"https:\/\/www.radiopiu.net\/wordpress\/wp-content\/uploads\/2025\/06\/TIME2-1.mp3\">https:\/\/www.radiopiu.net\/wordpress\/wp-content\/uploads\/2025\/06\/TIME2-1.mp3<\/a><\/audio>\n<p><span style=\"color: #0000ff;\"><strong>\u00a0<\/strong><\/span><\/p>\n<p><span style=\"color: #0000ff;\"><strong>PARTE TRE<\/strong><\/span><\/p>\n<audio class=\"wp-audio-shortcode\" id=\"audio-453516-22\" preload=\"none\" style=\"width: 100%;\" controls=\"controls\"><source type=\"audio\/mpeg\" src=\"https:\/\/www.radiopiu.net\/wordpress\/wp-content\/uploads\/2025\/06\/TIME3-1.mp3?_=22\" \/><a href=\"https:\/\/www.radiopiu.net\/wordpress\/wp-content\/uploads\/2025\/06\/TIME3-1.mp3\">https:\/\/www.radiopiu.net\/wordpress\/wp-content\/uploads\/2025\/06\/TIME3-1.mp3<\/a><\/audio>\n<p><span style=\"color: #0000ff;\"><strong>\u00a0\u00a0<\/strong><\/span><\/p>\n<hr \/>\n<p>&nbsp;<\/p>\n<h2><span style=\"color: #993300;\">ACCOGLIENZA TURISTICA E GRANDI EVENTI: LA SETTIMANA ALLA RADIO<\/span><\/h2>\n<p><strong>REDAZIONE\u00a0<\/strong>La settimana dell&#8217;accoglienza al gruppo Fontana Ivo Far 1951. Una due giorni con esperti, relazioni, suggerimenti.<\/p>\n<p><strong>GIOVEDI &#8211; GABRIELE OLIVOTTO RESPONSABILE UFFICIO FIDIMPRESA FRIULIVENETO-BELLUNO<\/strong><\/p>\n<p><iframe loading=\"lazy\" title=\"Gabriele Olivotto   Responsabile Ufficio Fidimpresa FriulVeneto Belluno\" width=\"1200\" height=\"675\" src=\"https:\/\/www.youtube.com\/embed\/EzQkftqZTss?feature=oembed\" frameborder=\"0\" allow=\"accelerometer; autoplay; clipboard-write; encrypted-media; gyroscope; picture-in-picture; web-share\" referrerpolicy=\"strict-origin-when-cross-origin\" allowfullscreen><\/iframe><\/p>\n<p>&nbsp;<\/p>\n<p>&nbsp;<\/p>\n<h1><strong>LA RACCOLTA COMPLETA <a href=\"https:\/\/www.radiopiu.net\/wordpress\/accoglienza-turistica-e-grandi-eventi-la-settimana-alla-radio-mercoledi\/\"><span style=\"color: #3366ff;\">CLICCA QUI<\/span><\/a><\/strong><\/h1>\n<p>&nbsp;<\/p>\n<hr \/>\n<p>&nbsp;<\/p>\n<h2><span style=\"color: #00ccff;\">FINE SETTIMANA DI FESTA A RIVAMONTE CON LA SAGRA DE SANT&#8217;ANTONI<\/span><\/h2>\n<p><strong><a class=\"dt-pswp-item\" href=\"https:\/\/www.radiopiu.net\/wordpress\/wp-content\/uploads\/2025\/06\/1a03dc4a-5a6e-418a-9e09-62952cf13995.jpg\" data-dt-img-description=\"\" data-large_image_width=\"1142\" data-large_image_height=\"1600\"><img loading=\"lazy\" decoding=\"async\" class=\" wp-image-453261 alignleft\" src=\"https:\/\/www.radiopiu.net\/wordpress\/wp-content\/uploads\/2025\/06\/1a03dc4a-5a6e-418a-9e09-62952cf13995-214x300.jpg\" alt=\"\" width=\"143\" height=\"200\" srcset=\"https:\/\/www.radiopiu.net\/wordpress\/wp-content\/uploads\/2025\/06\/1a03dc4a-5a6e-418a-9e09-62952cf13995-214x300.jpg 214w, https:\/\/www.radiopiu.net\/wordpress\/wp-content\/uploads\/2025\/06\/1a03dc4a-5a6e-418a-9e09-62952cf13995-731x1024.jpg 731w, https:\/\/www.radiopiu.net\/wordpress\/wp-content\/uploads\/2025\/06\/1a03dc4a-5a6e-418a-9e09-62952cf13995-768x1076.jpg 768w, https:\/\/www.radiopiu.net\/wordpress\/wp-content\/uploads\/2025\/06\/1a03dc4a-5a6e-418a-9e09-62952cf13995-1096x1536.jpg 1096w, https:\/\/www.radiopiu.net\/wordpress\/wp-content\/uploads\/2025\/06\/1a03dc4a-5a6e-418a-9e09-62952cf13995.jpg 1142w\" sizes=\"auto, (max-width: 143px) 100vw, 143px\" \/><\/a>DI MIRKO MEZZACASA<\/strong><\/p>\n<p>OSPITE: Giacomo Bressan, presidente della Pro Loco Rivamonte<\/p>\n<audio class=\"wp-audio-shortcode\" id=\"audio-453516-23\" preload=\"none\" style=\"width: 100%;\" controls=\"controls\"><source type=\"audio\/mpeg\" src=\"https:\/\/www.radiopiu.net\/wordpress\/wp-content\/uploads\/2025\/06\/GIACOMO-BRESSAN-PROLOCO-2025-RIVAMONET.mp3?_=23\" \/><a href=\"https:\/\/www.radiopiu.net\/wordpress\/wp-content\/uploads\/2025\/06\/GIACOMO-BRESSAN-PROLOCO-2025-RIVAMONET.mp3\">https:\/\/www.radiopiu.net\/wordpress\/wp-content\/uploads\/2025\/06\/GIACOMO-BRESSAN-PROLOCO-2025-RIVAMONET.mp3<\/a><\/audio>\n<p>&nbsp;<\/p>\n<hr \/>\n<p>&nbsp;<\/p>\n<h2><span style=\"color: #ffcc00;\">OGGI, LA DEGUSTAZIONE DELLE BIRRE ARTIGIANALI GJULIA AL DOLOMITI BEER &amp; WINE SHOP DI FELTRE<\/span><\/h2>\n<p><strong><a class=\"dt-pswp-item\" href=\"https:\/\/www.radiopiu.net\/wordpress\/wp-content\/uploads\/2023\/07\/BIRRA.png\" data-dt-img-description=\"\" data-large_image_width=\"411\" data-large_image_height=\"281\"><img loading=\"lazy\" decoding=\"async\" class=\" wp-image-342718 alignleft\" src=\"https:\/\/www.radiopiu.net\/wordpress\/wp-content\/uploads\/2023\/07\/BIRRA-300x205.png\" alt=\"\" width=\"147\" height=\"100\" srcset=\"https:\/\/www.radiopiu.net\/wordpress\/wp-content\/uploads\/2023\/07\/BIRRA-300x205.png 300w, https:\/\/www.radiopiu.net\/wordpress\/wp-content\/uploads\/2023\/07\/BIRRA.png 411w\" sizes=\"auto, (max-width: 147px) 100vw, 147px\" \/><\/a>FELTRE<\/strong> Tempo di degustazioni al Dolomiti Beer &amp; Wine Shop di Feltre. Domani alle 17 la degustazione di birra con il Birrificio Gjulia<\/p>\n<p>&nbsp;<\/p>\n<p>&nbsp;<\/p>\n<p><strong>LO SPOT ALLA RADIO<\/strong><\/p>\n<audio class=\"wp-audio-shortcode\" id=\"audio-453516-24\" preload=\"none\" style=\"width: 100%;\" controls=\"controls\"><source type=\"audio\/mpeg\" src=\"https:\/\/www.radiopiu.net\/wordpress\/wp-content\/uploads\/2025\/05\/DOLOMITI-SEDICO-5-GIUGNO.mp3?_=24\" \/><a href=\"https:\/\/www.radiopiu.net\/wordpress\/wp-content\/uploads\/2025\/05\/DOLOMITI-SEDICO-5-GIUGNO.mp3\">https:\/\/www.radiopiu.net\/wordpress\/wp-content\/uploads\/2025\/05\/DOLOMITI-SEDICO-5-GIUGNO.mp3<\/a><\/audio>\n<p>&nbsp;<\/p>\n<hr \/>\n<p>&nbsp;<\/p>\n<h2><span style=\"color: #ff0000;\"><a class=\"dt-pswp-item\" href=\"https:\/\/www.radiopiu.net\/wordpress\/wp-content\/uploads\/2018\/09\/appuntamenti.jpeg\" data-dt-img-description=\"\" data-large_image_width=\"800\" data-large_image_height=\"100\"><img loading=\"lazy\" decoding=\"async\" class=\"wp-image-61958 size-full aligncenter\" src=\"https:\/\/www.radiopiu.net\/wordpress\/wp-content\/uploads\/2018\/09\/appuntamenti.jpeg\" alt=\"\" width=\"800\" height=\"100\" srcset=\"https:\/\/www.radiopiu.net\/wordpress\/wp-content\/uploads\/2018\/09\/appuntamenti.jpeg 800w, https:\/\/www.radiopiu.net\/wordpress\/wp-content\/uploads\/2018\/09\/appuntamenti-300x38.jpeg 300w, https:\/\/www.radiopiu.net\/wordpress\/wp-content\/uploads\/2018\/09\/appuntamenti-768x96.jpeg 768w\" sizes=\"auto, (max-width: 800px) 100vw, 800px\" \/><\/a><\/span><\/h2>\n<p>&nbsp;<\/p>\n<div>\n<div class=\"\" dir=\"auto\">\n<div id=\":r9h:\" class=\"x1iorvi4 x1pi30zi x1l90r2v x1swvt13\" data-ad-comet-preview=\"message\" data-ad-preview=\"message\">\n<div class=\"\" dir=\"auto\">\n<div id=\":r9h:\" class=\"x1iorvi4 x1pi30zi x1l90r2v x1swvt13\" data-ad-comet-preview=\"message\" data-ad-preview=\"message\">\n<div class=\"\" dir=\"auto\">\n<div id=\":r9h:\" class=\"x1iorvi4 x1pi30zi x1l90r2v x1swvt13\" data-ad-comet-preview=\"message\" data-ad-preview=\"message\">\n<div class=\"\" dir=\"auto\">\n<div id=\":r9h:\" class=\"x1iorvi4 x1pi30zi x1l90r2v x1swvt13\" data-ad-comet-preview=\"message\" data-ad-preview=\"message\">\n<div>\n<div class=\"\" dir=\"auto\">\n<div id=\":r9h:\" class=\"x1iorvi4 x1pi30zi x1l90r2v x1swvt13\" data-ad-comet-preview=\"message\" data-ad-preview=\"message\">\n<div>\n<div class=\"\" dir=\"auto\">\n<div id=\":r9h:\" class=\"x1iorvi4 x1pi30zi x1l90r2v x1swvt13\" data-ad-comet-preview=\"message\" data-ad-preview=\"message\">\n<div class=\"xdj266r x11i5rnm xat24cr x1mh8g0r x1vvkbs x126k92a\">\n<div dir=\"auto\"><\/div>\n<\/div>\n<div>\n<div class=\"\" dir=\"auto\">\n<div id=\":r9h:\" class=\"x1iorvi4 x1pi30zi x1l90r2v x1swvt13\" data-ad-comet-preview=\"message\" data-ad-preview=\"message\">\n<div>\n<div class=\"\" dir=\"auto\">\n<div id=\":r9h:\" class=\"x1iorvi4 x1pi30zi x1l90r2v x1swvt13\" data-ad-comet-preview=\"message\" data-ad-preview=\"message\">\n\n\t\t\t<style type='text\/css'>\n\t\t\t\t#gallery-6 {\n\t\t\t\t\tmargin: auto;\n\t\t\t\t}\n\t\t\t\t#gallery-6 .gallery-item {\n\t\t\t\t\tfloat: left;\n\t\t\t\t\tmargin-top: 10px;\n\t\t\t\t\ttext-align: center;\n\t\t\t\t\twidth: 25%;\n\t\t\t\t}\n\t\t\t\t#gallery-6 img {\n\t\t\t\t\tborder: 2px solid #cfcfcf;\n\t\t\t\t}\n\t\t\t\t#gallery-6 .gallery-caption {\n\t\t\t\t\tmargin-left: 0;\n\t\t\t\t}\n\t\t\t\t\/* see gallery_shortcode() in wp-includes\/media.php *\/\n\t\t\t<\/style>\n\t\t<div id='gallery-6' class='dt-gallery-container gallery galleryid-453516 gallery-columns-4 gallery-size-thumbnail'><dl class='gallery-item'>\n\t\t\t\t<dt class='gallery-icon portrait'>\n\t\t\t\t\t<a class=\"rollover rollover-zoom dt-pswp-item\" title=\"Locandina mostra gagliardetti radioe tv\" data-dt-img-description=\"\" data-large_image_width=\"1052\" data-large_image_height=\"1488\"href='https:\/\/www.radiopiu.net\/wordpress\/wp-content\/uploads\/2025\/05\/Locandina-mostra-gagliardetti-radioe-tv.jpg'><img loading=\"lazy\" decoding=\"async\" width=\"150\" height=\"150\" src=\"https:\/\/www.radiopiu.net\/wordpress\/wp-content\/uploads\/2025\/05\/Locandina-mostra-gagliardetti-radioe-tv-150x150.jpg\" class=\"attachment-thumbnail size-thumbnail\" alt=\"\" \/><\/a>\n\t\t\t\t<\/dt><\/dl><dl class='gallery-item'>\n\t\t\t\t<dt class='gallery-icon portrait'>\n\t\t\t\t\t<a class=\"rollover rollover-zoom dt-pswp-item\" title=\"ARSON\" data-dt-img-description=\"\" data-large_image_width=\"841\" data-large_image_height=\"1190\"href='https:\/\/www.radiopiu.net\/wordpress\/wp-content\/uploads\/2025\/05\/ARSON.jpg'><img loading=\"lazy\" decoding=\"async\" width=\"150\" height=\"150\" src=\"https:\/\/www.radiopiu.net\/wordpress\/wp-content\/uploads\/2025\/05\/ARSON-150x150.jpg\" class=\"attachment-thumbnail size-thumbnail\" alt=\"\" \/><\/a>\n\t\t\t\t<\/dt><\/dl><dl class='gallery-item'>\n\t\t\t\t<dt class='gallery-icon portrait'>\n\t\t\t\t\t<a class=\"rollover rollover-zoom dt-pswp-item\" title=\"d1498b2b-b7bf-4f97-a860-cfdab4895bad\" data-dt-img-description=\"\" data-large_image_width=\"1127\" data-large_image_height=\"1600\"href='https:\/\/www.radiopiu.net\/wordpress\/wp-content\/uploads\/2025\/05\/d1498b2b-b7bf-4f97-a860-cfdab4895bad.jpg'><img loading=\"lazy\" decoding=\"async\" width=\"150\" height=\"150\" src=\"https:\/\/www.radiopiu.net\/wordpress\/wp-content\/uploads\/2025\/05\/d1498b2b-b7bf-4f97-a860-cfdab4895bad-150x150.jpg\" class=\"attachment-thumbnail size-thumbnail\" alt=\"\" \/><\/a>\n\t\t\t\t<\/dt><\/dl><dl class='gallery-item'>\n\t\t\t\t<dt class='gallery-icon portrait'>\n\t\t\t\t\t<a class=\"rollover rollover-zoom dt-pswp-item\" title=\"47206401-ad67-496b-80c6-4e9e2f24ffdf\" data-dt-img-description=\"\" data-large_image_width=\"1158\" data-large_image_height=\"1600\"href='https:\/\/www.radiopiu.net\/wordpress\/wp-content\/uploads\/2025\/05\/47206401-ad67-496b-80c6-4e9e2f24ffdf.jpg'><img loading=\"lazy\" decoding=\"async\" width=\"150\" height=\"150\" src=\"https:\/\/www.radiopiu.net\/wordpress\/wp-content\/uploads\/2025\/05\/47206401-ad67-496b-80c6-4e9e2f24ffdf-150x150.jpg\" class=\"attachment-thumbnail size-thumbnail\" alt=\"\" \/><\/a>\n\t\t\t\t<\/dt><\/dl><br style=\"clear: both\" \/><dl class='gallery-item'>\n\t\t\t\t<dt class='gallery-icon portrait'>\n\t\t\t\t\t<a class=\"rollover rollover-zoom dt-pswp-item\" title=\"Locandina_eventi_Brasile (1)\" data-dt-img-description=\"\" data-large_image_width=\"1190\" data-large_image_height=\"1683\"href='https:\/\/www.radiopiu.net\/wordpress\/wp-content\/uploads\/2025\/06\/Locandina_eventi_Brasile-1.jpg'><img loading=\"lazy\" decoding=\"async\" width=\"150\" height=\"150\" src=\"https:\/\/www.radiopiu.net\/wordpress\/wp-content\/uploads\/2025\/06\/Locandina_eventi_Brasile-1-150x150.jpg\" class=\"attachment-thumbnail size-thumbnail\" alt=\"\" \/><\/a>\n\t\t\t\t<\/dt><\/dl><dl class='gallery-item'>\n\t\t\t\t<dt class='gallery-icon portrait'>\n\t\t\t\t\t<a class=\"rollover rollover-zoom dt-pswp-item\" title=\"Locandina Sagra di San Giovanni 2025\" data-dt-img-description=\"\" data-large_image_width=\"814\" data-large_image_height=\"1600\"href='https:\/\/www.radiopiu.net\/wordpress\/wp-content\/uploads\/2025\/06\/Locandina-Sagra-di-San-Giovanni-2025.jpg'><img loading=\"lazy\" decoding=\"async\" width=\"150\" height=\"150\" src=\"https:\/\/www.radiopiu.net\/wordpress\/wp-content\/uploads\/2025\/06\/Locandina-Sagra-di-San-Giovanni-2025-150x150.jpg\" class=\"attachment-thumbnail size-thumbnail\" alt=\"\" \/><\/a>\n\t\t\t\t<\/dt><\/dl><dl class='gallery-item'>\n\t\t\t\t<dt class='gallery-icon portrait'>\n\t\t\t\t\t<a class=\"rollover rollover-zoom dt-pswp-item\" title=\"17a1fc42-3517-41bb-8a12-ddda5bfbb98c\" data-dt-img-description=\"\" data-large_image_width=\"1000\" data-large_image_height=\"1401\"href='https:\/\/www.radiopiu.net\/wordpress\/wp-content\/uploads\/2025\/06\/17a1fc42-3517-41bb-8a12-ddda5bfbb98c.jpg'><img loading=\"lazy\" decoding=\"async\" width=\"150\" height=\"150\" src=\"https:\/\/www.radiopiu.net\/wordpress\/wp-content\/uploads\/2025\/06\/17a1fc42-3517-41bb-8a12-ddda5bfbb98c-150x150.jpg\" class=\"attachment-thumbnail size-thumbnail\" alt=\"\" \/><\/a>\n\t\t\t\t<\/dt><\/dl><dl class='gallery-item'>\n\t\t\t\t<dt class='gallery-icon portrait'>\n\t\t\t\t\t<a class=\"rollover rollover-zoom dt-pswp-item\" title=\"a26d42f4-7856-45f7-91cd-7ae0cfe04108\" data-dt-img-description=\"\" data-large_image_width=\"1131\" data-large_image_height=\"1600\"href='https:\/\/www.radiopiu.net\/wordpress\/wp-content\/uploads\/2025\/06\/a26d42f4-7856-45f7-91cd-7ae0cfe04108.jpg'><img loading=\"lazy\" decoding=\"async\" width=\"150\" height=\"150\" src=\"https:\/\/www.radiopiu.net\/wordpress\/wp-content\/uploads\/2025\/06\/a26d42f4-7856-45f7-91cd-7ae0cfe04108-150x150.jpg\" class=\"attachment-thumbnail size-thumbnail\" alt=\"\" \/><\/a>\n\t\t\t\t<\/dt><\/dl><br style=\"clear: both\" \/><dl class='gallery-item'>\n\t\t\t\t<dt class='gallery-icon portrait'>\n\t\t\t\t\t<a class=\"rollover rollover-zoom dt-pswp-item\" title=\"locandina Mostra\" data-dt-img-description=\"\" data-large_image_width=\"1132\" data-large_image_height=\"1600\"href='https:\/\/www.radiopiu.net\/wordpress\/wp-content\/uploads\/2025\/06\/locandina-Mostra.jpg'><img loading=\"lazy\" decoding=\"async\" width=\"150\" height=\"150\" src=\"https:\/\/www.radiopiu.net\/wordpress\/wp-content\/uploads\/2025\/06\/locandina-Mostra-150x150.jpg\" class=\"attachment-thumbnail size-thumbnail\" alt=\"\" \/><\/a>\n\t\t\t\t<\/dt><\/dl><dl class='gallery-item'>\n\t\t\t\t<dt class='gallery-icon portrait'>\n\t\t\t\t\t<a class=\"rollover rollover-zoom dt-pswp-item\" title=\"locandina Convegno\" data-dt-img-description=\"\" data-large_image_width=\"1132\" data-large_image_height=\"1600\"href='https:\/\/www.radiopiu.net\/wordpress\/wp-content\/uploads\/2025\/06\/locandina-Convegno.jpg'><img loading=\"lazy\" decoding=\"async\" width=\"150\" height=\"150\" src=\"https:\/\/www.radiopiu.net\/wordpress\/wp-content\/uploads\/2025\/06\/locandina-Convegno-150x150.jpg\" class=\"attachment-thumbnail size-thumbnail\" alt=\"\" \/><\/a>\n\t\t\t\t<\/dt><\/dl><dl class='gallery-item'>\n\t\t\t\t<dt class='gallery-icon portrait'>\n\t\t\t\t\t<a class=\"rollover rollover-zoom dt-pswp-item\" title=\"Locandina_cerimonia_19_giugno_2025\" data-dt-img-description=\"\" data-large_image_width=\"595\" data-large_image_height=\"842\"href='https:\/\/www.radiopiu.net\/wordpress\/wp-content\/uploads\/2025\/06\/Locandina_cerimonia_19_giugno_2025.jpg'><img loading=\"lazy\" decoding=\"async\" width=\"150\" height=\"150\" src=\"https:\/\/www.radiopiu.net\/wordpress\/wp-content\/uploads\/2025\/06\/Locandina_cerimonia_19_giugno_2025-150x150.jpg\" class=\"attachment-thumbnail size-thumbnail\" alt=\"\" \/><\/a>\n\t\t\t\t<\/dt><\/dl><dl class='gallery-item'>\n\t\t\t\t<dt class='gallery-icon portrait'>\n\t\t\t\t\t<a class=\"rollover rollover-zoom dt-pswp-item\" title=\"01a60090-5b9f-4e34-b7ab-1551e1661b7b\" data-dt-img-description=\"\" data-large_image_width=\"1131\" data-large_image_height=\"1600\"href='https:\/\/www.radiopiu.net\/wordpress\/wp-content\/uploads\/2025\/06\/01a60090-5b9f-4e34-b7ab-1551e1661b7b.jpg'><img loading=\"lazy\" decoding=\"async\" width=\"150\" height=\"150\" src=\"https:\/\/www.radiopiu.net\/wordpress\/wp-content\/uploads\/2025\/06\/01a60090-5b9f-4e34-b7ab-1551e1661b7b-150x150.jpg\" class=\"attachment-thumbnail size-thumbnail\" alt=\"\" \/><\/a>\n\t\t\t\t<\/dt><\/dl><br style=\"clear: both\" \/>\n\t\t\t<\/div>\n\n<p>&nbsp;<\/p>\n<\/div>\n<\/div>\n<\/div>\n<\/div>\n<\/div>\n<\/div>\n<\/div>\n<\/div>\n<\/div>\n<\/div>\n<\/div>\n<\/div>\n<\/div>\n<\/div>\n<\/div>\n<\/div>\n<\/div>\n<\/div>\n<\/div>\n<\/div>\n<\/div>\n<div>\n<div class=\"\" dir=\"auto\">\n<div id=\":r9h:\" class=\"x1iorvi4 x1pi30zi x1l90r2v x1swvt13\" data-ad-comet-preview=\"message\" data-ad-preview=\"message\">\n<div class=\"\" dir=\"auto\">\n<div id=\":r9h:\" class=\"x1iorvi4 x1pi30zi x1l90r2v x1swvt13\" data-ad-comet-preview=\"message\" data-ad-preview=\"message\">\n<div class=\"\" dir=\"auto\">\n<div id=\":r9h:\" class=\"x1iorvi4 x1pi30zi x1l90r2v x1swvt13\" data-ad-comet-preview=\"message\" data-ad-preview=\"message\">\n<div class=\"\" dir=\"auto\">\n<div id=\":r9h:\" class=\"x1iorvi4 x1pi30zi x1l90r2v x1swvt13\" data-ad-comet-preview=\"message\" data-ad-preview=\"message\">\n<div>\n<div class=\"\" dir=\"auto\">\n<div id=\":r9h:\" class=\"x1iorvi4 x1pi30zi x1l90r2v x1swvt13\" data-ad-comet-preview=\"message\" data-ad-preview=\"message\">\n<div>\n<div class=\"\" dir=\"auto\">\n<div id=\":r9h:\" class=\"x1iorvi4 x1pi30zi x1l90r2v x1swvt13\" data-ad-comet-preview=\"message\" data-ad-preview=\"message\">\n<div class=\"xdj266r x11i5rnm xat24cr x1mh8g0r x1vvkbs x126k92a\">\n<div dir=\"auto\"><\/div>\n<\/div>\n<div>\n<div class=\"\" dir=\"auto\">\n<div id=\":r9h:\" class=\"x1iorvi4 x1pi30zi x1l90r2v x1swvt13\" data-ad-comet-preview=\"message\" data-ad-preview=\"message\">\n<div>\n<div class=\"\" dir=\"auto\">\n<div id=\":r9h:\" class=\"x1iorvi4 x1pi30zi x1l90r2v x1swvt13\" data-ad-comet-preview=\"message\" data-ad-preview=\"message\">\n<p>&nbsp;<\/p>\n<hr \/>\n<p>&nbsp;<\/p>\n<\/div>\n<\/div>\n<\/div>\n<\/div>\n<\/div>\n<\/div>\n<\/div>\n<\/div>\n<\/div>\n<\/div>\n<\/div>\n<\/div>\n<\/div>\n<\/div>\n<\/div>\n<\/div>\n<\/div>\n<\/div>\n<\/div>\n<\/div>\n<\/div>\n<p class=\"mceTemp\"><a class=\"dt-pswp-item\" href=\"https:\/\/www.radiopiu.net\/wordpress\/wp-content\/uploads\/2018\/09\/WhatsApp-Image-2018-09-20-at-16.04.06.jpeg\" data-dt-img-description=\"\" data-large_image_width=\"800\" data-large_image_height=\"100\"><img loading=\"lazy\" decoding=\"async\" class=\"wp-image-61378 size-full aligncenter\" src=\"https:\/\/www.radiopiu.net\/wordpress\/wp-content\/uploads\/2018\/09\/WhatsApp-Image-2018-09-20-at-16.04.06.jpeg\" alt=\"\" width=\"800\" height=\"100\" srcset=\"https:\/\/www.radiopiu.net\/wordpress\/wp-content\/uploads\/2018\/09\/WhatsApp-Image-2018-09-20-at-16.04.06.jpeg 800w, https:\/\/www.radiopiu.net\/wordpress\/wp-content\/uploads\/2018\/09\/WhatsApp-Image-2018-09-20-at-16.04.06-300x38.jpeg 300w, https:\/\/www.radiopiu.net\/wordpress\/wp-content\/uploads\/2018\/09\/WhatsApp-Image-2018-09-20-at-16.04.06-768x96.jpeg 768w\" sizes=\"auto, (max-width: 800px) 100vw, 800px\" \/><\/a><\/p>\n<p><center><\/center><center><\/center>&nbsp;<\/p>\n<p><center><b>OGGI<\/b><\/center>Situazione meteorologica caratterizzata da un tempo ovunque stabile, ben soleggiato specie al mattino, poco nuvoloso nelle ore calde per una lieve attivit\u00e0 cumuliforme e senza fenomeni. Clima estivo.<br \/>\n<b>Precipitazioni: <\/b>Assenti<br \/>\n<b>Temperature: <\/b>Stazionarie o in ulteriore lieve aumento specie le massime e superiori alla norma con un&#8217;elevata escursione termica nelle valli e altipipiani.<\/p>\n<hr \/>\n<p><center><b>DOMANI<\/b><\/center>Ancora una mattinata ben soleggiata e stabile, con la tendenza a divenire parzialmente soleggiata nelle ore calde per una lieve o moderata attivit\u00e0 cumuliforme associata a qualche locale fenomeno, un po&#8217; pi\u00f9 probabile rispetto ai giorni prima. Clima estivo.<br \/>\n<b>Precipitazioni: <\/b>Al mattino assenti; dalle ore centrali aumento della probabilit\u00e0 di qualche rovescio o temporale da locale a sparso pi\u00f9 probabili sulle Dolomiti rispetto alle Prealpi.<br \/>\n<b>Temperature: <\/b>Stazionarie o in lieve diminuzione e superiori alla norma con elevata escursione termica giornaliera.<\/p>\n<hr \/>\n<p><center><b>DOMENICA<\/b><\/center>Al mattino in genere poco nuvoloso con presenza di modesti addensamenti attorno ai rilievi e senza fenomeni. Dalle ore centrali ulteriore intensificazione della nuvolosit\u00e0 localmente consistente con la possibilit\u00e0 di precipitazioni anche a carattere di rovescio o di temporale. Temperature minime in lieve aumento, massime in lieve diminuzione.<\/p>\n<hr \/>\n<p><center><b>LUNEDI<\/b><\/center>Tempo variabile a tratti instabile con precipitazioni frequenti e intermittenti anche a carattere di rovescio o di temporale. Temperature in diminuzione, anche sensibile le massime con minime ancora superiori alla norma, massime prossime alle medie del periodo. Clima diurno pi\u00f9 fresco a tutte le quote rispetto ai giorni precedenti.<\/p>\n<p>&nbsp;<\/p>\n<hr \/>\n<p>&nbsp;<\/p>\n<p class=\"mceTemp\"><a class=\"dt-pswp-item\" href=\"https:\/\/www.radiopiu.net\/wordpress\/wp-content\/uploads\/2018\/09\/sport.jpg\" data-dt-img-description=\"\" data-large_image_width=\"800\" data-large_image_height=\"100\"><img loading=\"lazy\" decoding=\"async\" class=\"aligncenter wp-image-60761 size-full\" src=\"https:\/\/www.radiopiu.net\/wordpress\/wp-content\/uploads\/2018\/09\/sport.jpg\" alt=\"\" width=\"800\" height=\"100\" srcset=\"https:\/\/www.radiopiu.net\/wordpress\/wp-content\/uploads\/2018\/09\/sport.jpg 800w, https:\/\/www.radiopiu.net\/wordpress\/wp-content\/uploads\/2018\/09\/sport-300x38.jpg 300w, https:\/\/www.radiopiu.net\/wordpress\/wp-content\/uploads\/2018\/09\/sport-768x96.jpg 768w\" sizes=\"auto, (max-width: 800px) 100vw, 800px\" \/> <\/a><\/p>\n<p class=\"mceTemp\"><span style=\"color: #0000ff;\"><strong>\u00a0 \u00a0 \u00a0 \u00a0 \u00a0 \u00a0 \u00a0\u00a0<\/strong><\/span><\/p>\n<p><strong><span style=\"color: #0000ff;\">PALLAVOLO<\/span><\/strong><\/p>\n<blockquote>\n<h3>ENRICO BASSO CONFERMATO AL CENTRO DEL BELLUNO VOLLEY: TRA CONTINUIT\u00c0, AMBIZIONE E LEGAME CON IL CLUB<\/h3>\n<\/blockquote>\n<p><a class=\"dt-pswp-item\" href=\"https:\/\/www.radiopiu.net\/wordpress\/wp-content\/uploads\/2025\/06\/La_concentrazione_di_Enrico_Basso.jpg\" data-dt-img-description=\"\" data-large_image_width=\"1440\" data-large_image_height=\"1440\"><img loading=\"lazy\" decoding=\"async\" class=\" wp-image-453545 alignleft\" src=\"https:\/\/www.radiopiu.net\/wordpress\/wp-content\/uploads\/2025\/06\/La_concentrazione_di_Enrico_Basso-300x300.jpg\" alt=\"\" width=\"129\" height=\"129\" srcset=\"https:\/\/www.radiopiu.net\/wordpress\/wp-content\/uploads\/2025\/06\/La_concentrazione_di_Enrico_Basso-300x300.jpg 300w, https:\/\/www.radiopiu.net\/wordpress\/wp-content\/uploads\/2025\/06\/La_concentrazione_di_Enrico_Basso-1024x1024.jpg 1024w, https:\/\/www.radiopiu.net\/wordpress\/wp-content\/uploads\/2025\/06\/La_concentrazione_di_Enrico_Basso-150x150.jpg 150w, https:\/\/www.radiopiu.net\/wordpress\/wp-content\/uploads\/2025\/06\/La_concentrazione_di_Enrico_Basso-768x768.jpg 768w, https:\/\/www.radiopiu.net\/wordpress\/wp-content\/uploads\/2025\/06\/La_concentrazione_di_Enrico_Basso.jpg 1440w\" sizes=\"auto, (max-width: 129px) 100vw, 129px\" \/><\/a>Enrico Basso rester\u00e0 al centro della rete del Belluno Volley anche per la prossima stagione. Il centrale padovano, classe 1999, ha scelto la continuit\u00e0 dopo un\u2019annata positiva culminata con 17 presenze, 67 punti, 9 ace e 20 muri vincenti. Prestazioni brillanti, come quella del 2 febbraio ad Ancona, hanno confermato il suo valore. Decisivo per la sua permanenza \u00e8 stato il contesto organizzativo: strutture adeguate e un ambiente professionale hanno rafforzato il suo legame con il club. Nonostante la stagione si sia chiusa senza titoli, Basso non ha rimpianti e guarda al futuro con realismo e ambizione. L\u2019obiettivo? Giocare una buona pallavolo e, magari, conquistare qualche medaglia. Forte dell\u2019esperienza e di una mentalit\u00e0 matura, \u00e8 pronto a lasciare un segno ancora pi\u00f9 profondo nel cuore del Belluno Volley.<\/p>\n<p>&nbsp;<\/p>\n<p>&nbsp;<\/p>\n<p>&nbsp;<\/p>\n","protected":false},"excerpt":{"rendered":"<p>******** &nbsp; LA\u00a0 APP PER IOS-IPHONE di Nicola Vettorello https:\/\/apps.apple.com\/it\/app\/radio-pi%C3%B9-emittente-agordina\/id1515939845 LA\u00a0 APP RADIO\u00a0 PER ANDROID di Nicola Vettorello https:\/\/play.google.com\/store\/apps\/details?id=net.radiopiu.iniko\u00a0\u00a0\u00a0\u00a0 \u00a0 &nbsp; OGGI SU RADIOPI\u00d9: MUSICA, informazione\u00a0 e dirette\u00a0 ALLE 8.05 LA RASSEGNA STAMPA LOCALE 8.25\u00a0 PIU SIAMO 9.00 PREMIER LE NOVITA&#8217; MUSICALI CON MARCO GAZ 9.30 LA MUSICA ANNI 80 CON LE SELEZIONI DI MONICA&hellip;<\/p>\n","protected":false},"author":4,"featured_media":453512,"comment_status":"closed","ping_status":"closed","sticky":false,"template":"","format":"standard","meta":{"_monsterinsights_skip_tracking":false,"_monsterinsights_sitenote_active":false,"_monsterinsights_sitenote_note":"","_monsterinsights_sitenote_category":0,"footnotes":""},"categories":[51,86,49],"tags":[],"class_list":["post-453516","post","type-post","status-publish","format-standard","has-post-thumbnail","hentry","category-evidenza-top","category-gr","category-news-18","category-51","category-86","category-49","description-off"],"img_url":"https:\/\/www.radiopiu.net\/wordpress\/wp-content\/uploads\/2025\/06\/ced3a619-dca0-461e-88cf-7d9e4c3c4116.jpg","_links":{"self":[{"href":"https:\/\/www.radiopiu.net\/wordpress\/wp-json\/wp\/v2\/posts\/453516","targetHints":{"allow":["GET"]}}],"collection":[{"href":"https:\/\/www.radiopiu.net\/wordpress\/wp-json\/wp\/v2\/posts"}],"about":[{"href":"https:\/\/www.radiopiu.net\/wordpress\/wp-json\/wp\/v2\/types\/post"}],"author":[{"embeddable":true,"href":"https:\/\/www.radiopiu.net\/wordpress\/wp-json\/wp\/v2\/users\/4"}],"replies":[{"embeddable":true,"href":"https:\/\/www.radiopiu.net\/wordpress\/wp-json\/wp\/v2\/comments?post=453516"}],"version-history":[{"count":52,"href":"https:\/\/www.radiopiu.net\/wordpress\/wp-json\/wp\/v2\/posts\/453516\/revisions"}],"predecessor-version":[{"id":453669,"href":"https:\/\/www.radiopiu.net\/wordpress\/wp-json\/wp\/v2\/posts\/453516\/revisions\/453669"}],"wp:featuredmedia":[{"embeddable":true,"href":"https:\/\/www.radiopiu.net\/wordpress\/wp-json\/wp\/v2\/media\/453512"}],"wp:attachment":[{"href":"https:\/\/www.radiopiu.net\/wordpress\/wp-json\/wp\/v2\/media?parent=453516"}],"wp:term":[{"taxonomy":"category","embeddable":true,"href":"https:\/\/www.radiopiu.net\/wordpress\/wp-json\/wp\/v2\/categories?post=453516"},{"taxonomy":"post_tag","embeddable":true,"href":"https:\/\/www.radiopiu.net\/wordpress\/wp-json\/wp\/v2\/tags?post=453516"}],"curies":[{"name":"wp","href":"https:\/\/api.w.org\/{rel}","templated":true}]}}