{"id":453556,"date":"2025-06-12T10:50:47","date_gmt":"2025-06-12T08:50:47","guid":{"rendered":"https:\/\/www.radiopiu.net\/wordpress\/?p=453556"},"modified":"2025-06-12T10:50:47","modified_gmt":"2025-06-12T08:50:47","slug":"quad-in-quota-2025-il-raduno-piu-alto-ditalia-torna-nel-cuore-delle-dolomiti","status":"publish","type":"post","link":"https:\/\/www.radiopiu.net\/wordpress\/quad-in-quota-2025-il-raduno-piu-alto-ditalia-torna-nel-cuore-delle-dolomiti\/","title":{"rendered":"QUAD IN QUOTA 2025: IL RADUNO PI\u00d9 ALTO D\u2019ITALIA TORNA NEL CUORE DELLE DOLOMITI"},"content":{"rendered":"<p>*******<\/p>\n<p>&nbsp;<\/p>\n<p><strong><a class=\"dt-pswp-item\" href=\"https:\/\/www.radiopiu.net\/wordpress\/wp-content\/uploads\/2025\/06\/b7d94397-7844-4add-bf9a-56ba08a1e9a3.jpg\" data-dt-img-description=\"\" data-large_image_width=\"1600\" data-large_image_height=\"1066\"><img loading=\"lazy\" decoding=\"async\" class=\" wp-image-453557 alignleft\" src=\"https:\/\/www.radiopiu.net\/wordpress\/wp-content\/uploads\/2025\/06\/b7d94397-7844-4add-bf9a-56ba08a1e9a3-300x200.jpg\" alt=\"\" width=\"192\" height=\"128\" srcset=\"https:\/\/www.radiopiu.net\/wordpress\/wp-content\/uploads\/2025\/06\/b7d94397-7844-4add-bf9a-56ba08a1e9a3-300x200.jpg 300w, https:\/\/www.radiopiu.net\/wordpress\/wp-content\/uploads\/2025\/06\/b7d94397-7844-4add-bf9a-56ba08a1e9a3-1024x682.jpg 1024w, https:\/\/www.radiopiu.net\/wordpress\/wp-content\/uploads\/2025\/06\/b7d94397-7844-4add-bf9a-56ba08a1e9a3-768x512.jpg 768w, https:\/\/www.radiopiu.net\/wordpress\/wp-content\/uploads\/2025\/06\/b7d94397-7844-4add-bf9a-56ba08a1e9a3-1536x1023.jpg 1536w, https:\/\/www.radiopiu.net\/wordpress\/wp-content\/uploads\/2025\/06\/b7d94397-7844-4add-bf9a-56ba08a1e9a3.jpg 1600w\" sizes=\"auto, (max-width: 192px) 100vw, 192px\" \/><\/a>VALLE DEL BIOIS <\/strong>Un percorso di 160 chilometri suddiviso tra i Comuni di Falcade, Canale d\u2019Agordo, Vallada Agordina, San Tomaso Agordino e Alleghe, 50 equipaggi iscritti, scenari mozzafiato: sono questi i temi e i numeri dell\u2019edizione numero IX di \u201cQuad in Quota\u201d, la manifestazione che segna l\u2019apertura della stagione estiva nella valle Agordina, l\u2019unico raduno del Veneto e quello pi\u00f9 \u201cin quota\u201d d\u2019Italia. Dedicato agli appassionati del settore comprese persone diversamente abili come accade in ogni edizione. Le date da segnare sul calendario sono quelle di sabato 14 e domenica 15 giugno. Due giorni in cui i 50 equipaggi di quad, provenienti da tutta Italia, da nord a sud, da est a ovest, saranno i protagonisti di quella che non \u00e8 una gara, ma una passeggiata in colonna a ritmo lento su strade silvo pastorali immerse nei boschi, per permettere ai partecipanti di godere a pieno dei panorami dolomitici. Dedicata ad appassionati del settore comprese persone diversamente abili come accade in ogni edizione che ha visto la partecipazione di paraplegici, non vedenti, sordo muti. Suggestivo anche per quest\u2019anno il percorso: sabato mattina verso le 9 la partenza dalla Piana di Falcade che porter\u00e0 gli equipaggi verso Caviola, Tabiadon e Valt per poi salire alla Malga ai Lach e scendere di nuovo verso Sappade e Colmean, Lagazzon e quindi Vallada, Mulan e Canale d\u2019Agordo. I quaddisti si dirigeranno, quindi, verso la Valfredda e Caverson dove \u00e8 prevista la prima sosta e una visita guidata alla sala pompe della Societ\u00e0 Impianti \u201cCol Margherita\u201d. Nel pomeriggio tutti di nuovo a bordo dei 50 quad per salire di nuovo verso Falcade e Le Buse, toccare il lago di Cavia e Forcella Pradazzo, il rifugio Laresei e quindi il passo Valles e il Sussy e scendere per il bosco nuovamente gi\u00f9 a Falcade. Come sempre e tempo permettendo, anche per questa IX edizione, \u00e8 in programma anche una suggestiva uscita \u201ccrepuscolare\u201d: i 50 equipaggi potranno gustarsi il tramonto salendo con i loro mezzi fino ai 2.513 metri del Col Margherita, da dove il colpo d\u2019occhio su grand parte delle vette delle Dolomiti \u00e8 impagabile. A chiudere la giornata la cena sociale all\u2019Hotel Crystal, condita da musica e intrattenimento con i componenti del gruppo Folk Val Biois che illustreranno la loro storia con alcune dimostrazioni dei balli locali. Il tutto in concomitanza con la Festa dell\u2019Ansuda sulla Piana. Ricaricate le batterie e smaltita la fatica, domenica mattina si riparte dalla Piana di Falcade per infilarsi nella Valle del Cordevole sotto il Pelmo ed il Civetta, San Tomaso Agordino e Alleghe, Roa Bianca e quindi rituffarsi verso le frazioni di Cogul, Lagazzon, Feder fino a scendere di nuovo a Caviola, Tabiadon e arrivare a Falcade per via Marmolada prima dei saluti. Organizzato dalla stessa associazione sportiva che porta anche il nome del raduno, \u201cQuad in Quota\u201d, l\u2019appuntamento si ripete dal 2016, quando Moreno Tomaselli, ideatore della manifestazione, assieme ad un gruppo di amici di Falcade ha pensato di promuovere questa passione anche a chi montanaro non lo \u00e8 e non pu\u00f2, quindi, abitualmente solcare percorsi mozzafiato come quelli che offrono le Dolomiti. Quad in Quota \u00e8 cresciuta negli anni, registrando sempre un sold out molti mesi prima dell\u2019evento. Un appuntamento fisso a cui non mancare per la maggior parte degli iscritti, un\u2019esperienza da provare per chi a questo mondo si \u00e8 avvicinato da poco. \u201cCome ripeto sempre salire a bordo di un quad significa utilizzare un mezzo di trasporto che ti permette di vivere la montagna in un modo diverso e raggiungere posizioni e punti in cui potrebbe essere difficile arrivare \u2013 spiega Tomaselli &#8211; Abbiamo appassionati che si iscrivono da ogni parte d\u2019Italia: caricano il loro mezzo sul carrello e raggiungono Falcade da Roma, Potenza, Milano, Firenze. Il nostro raduno \u00e8 un tour per far ammirare le Dolomiti da un punto di vista diverso dal solito e promuovere il nostro territorio Agordino con una passeggiata panoramica per stupire gli occhi con ci\u00f2 che solitamente non si vede. La formula \u00e8 sempre la stessa: unire la passione per il quad e la montagna con il cibo e gli appuntamenti culturali. E a quanto pare questa passione continua ad essere contagiosa\u201d. Ciliegina finale sulla torta, nell\u2019edizione 2025 di Quad in Quota avr\u00e0 tra i partecipanti Gianni Bonesso meglio noto come \u201cLo sciamano della valle\u201d, eccentrico personaggio originario di Mel in provincia di Belluno. E oltre a lui salir\u00e0 a bordo di uno dei quad protagonisti del raduno anche un personaggio televisivo noto al grande pubblico, quel Franco Neri reso famoso per essere stato uno dei comici pi\u00f9 iconici della trasmissione televisiva \u201cZelig\u201d: torinese ma calabrese di nascita a distanza di anni resta indimenticabile il suo \u201cFranco, oh Franco\u201d.<\/p>\n<p>&nbsp;<\/p>\n<p>&nbsp;<\/p>\n<p>&nbsp;<\/p>\n<p>&nbsp;<\/p>\n<p>**********<\/p>\n","protected":false},"excerpt":{"rendered":"<p>******* &nbsp; VALLE DEL BIOIS Un percorso di 160 chilometri suddiviso tra i Comuni di Falcade, Canale d\u2019Agordo, Vallada Agordina, San Tomaso Agordino e Alleghe, 50 equipaggi iscritti, scenari mozzafiato: sono questi i temi e i numeri dell\u2019edizione numero IX di \u201cQuad in Quota\u201d, la manifestazione che segna l\u2019apertura della stagione estiva nella valle Agordina,&hellip;<\/p>\n","protected":false},"author":4,"featured_media":453557,"comment_status":"closed","ping_status":"closed","sticky":false,"template":"","format":"standard","meta":{"_monsterinsights_skip_tracking":false,"_monsterinsights_sitenote_active":false,"_monsterinsights_sitenote_note":"","_monsterinsights_sitenote_category":0,"footnotes":""},"categories":[49],"tags":[],"class_list":["post-453556","post","type-post","status-publish","format-standard","has-post-thumbnail","hentry","category-news-18","category-49","description-off"],"img_url":"https:\/\/www.radiopiu.net\/wordpress\/wp-content\/uploads\/2025\/06\/b7d94397-7844-4add-bf9a-56ba08a1e9a3.jpg","_links":{"self":[{"href":"https:\/\/www.radiopiu.net\/wordpress\/wp-json\/wp\/v2\/posts\/453556","targetHints":{"allow":["GET"]}}],"collection":[{"href":"https:\/\/www.radiopiu.net\/wordpress\/wp-json\/wp\/v2\/posts"}],"about":[{"href":"https:\/\/www.radiopiu.net\/wordpress\/wp-json\/wp\/v2\/types\/post"}],"author":[{"embeddable":true,"href":"https:\/\/www.radiopiu.net\/wordpress\/wp-json\/wp\/v2\/users\/4"}],"replies":[{"embeddable":true,"href":"https:\/\/www.radiopiu.net\/wordpress\/wp-json\/wp\/v2\/comments?post=453556"}],"version-history":[{"count":1,"href":"https:\/\/www.radiopiu.net\/wordpress\/wp-json\/wp\/v2\/posts\/453556\/revisions"}],"predecessor-version":[{"id":453558,"href":"https:\/\/www.radiopiu.net\/wordpress\/wp-json\/wp\/v2\/posts\/453556\/revisions\/453558"}],"wp:featuredmedia":[{"embeddable":true,"href":"https:\/\/www.radiopiu.net\/wordpress\/wp-json\/wp\/v2\/media\/453557"}],"wp:attachment":[{"href":"https:\/\/www.radiopiu.net\/wordpress\/wp-json\/wp\/v2\/media?parent=453556"}],"wp:term":[{"taxonomy":"category","embeddable":true,"href":"https:\/\/www.radiopiu.net\/wordpress\/wp-json\/wp\/v2\/categories?post=453556"},{"taxonomy":"post_tag","embeddable":true,"href":"https:\/\/www.radiopiu.net\/wordpress\/wp-json\/wp\/v2\/tags?post=453556"}],"curies":[{"name":"wp","href":"https:\/\/api.w.org\/{rel}","templated":true}]}}