{"id":453595,"date":"2025-06-12T14:57:58","date_gmt":"2025-06-12T12:57:58","guid":{"rendered":"https:\/\/www.radiopiu.net\/wordpress\/?p=453595"},"modified":"2025-06-12T14:57:58","modified_gmt":"2025-06-12T12:57:58","slug":"riordino-delle-unioni-montane-nuovo-assetto-per-il-bellunese-entro-luglio","status":"publish","type":"post","link":"https:\/\/www.radiopiu.net\/wordpress\/riordino-delle-unioni-montane-nuovo-assetto-per-il-bellunese-entro-luglio\/","title":{"rendered":"RIORDINO DELLE UNIONI MONTANE: NUOVO ASSETTO PER IL BELLUNESE ENTRO LUGLIO"},"content":{"rendered":"<p>******<\/p>\n<p>&nbsp;<\/p>\n<p><strong><a class=\"dt-pswp-item\" href=\"https:\/\/www.radiopiu.net\/wordpress\/wp-content\/uploads\/2025\/06\/1749718021843.jpg\" data-dt-img-description=\"\" data-large_image_width=\"1920\" data-large_image_height=\"1080\"><img loading=\"lazy\" decoding=\"async\" class=\"size-medium wp-image-453597 alignleft\" src=\"https:\/\/www.radiopiu.net\/wordpress\/wp-content\/uploads\/2025\/06\/1749718021843-300x169.jpg\" alt=\"\" width=\"300\" height=\"169\" srcset=\"https:\/\/www.radiopiu.net\/wordpress\/wp-content\/uploads\/2025\/06\/1749718021843-300x169.jpg 300w, https:\/\/www.radiopiu.net\/wordpress\/wp-content\/uploads\/2025\/06\/1749718021843-1024x576.jpg 1024w, https:\/\/www.radiopiu.net\/wordpress\/wp-content\/uploads\/2025\/06\/1749718021843-768x432.jpg 768w, https:\/\/www.radiopiu.net\/wordpress\/wp-content\/uploads\/2025\/06\/1749718021843-1536x864.jpg 1536w, https:\/\/www.radiopiu.net\/wordpress\/wp-content\/uploads\/2025\/06\/1749718021843.jpg 1920w\" sizes=\"auto, (max-width: 300px) 100vw, 300px\" \/><\/a>BELLUNO <\/strong>L\u2019assessore regionale Francesco Calzavara ha incontrato oggi a Palazzo Piloni il presidente della Provincia di Belluno Roberto Padrin, il consigliere delegato ai rapporti con gli enti locali Alberto Peterle e i rappresentanti degli enti territoriali coinvolti dal piano di riordino delle Unioni Montane presentato alla fine dello scorso mese di maggio. Sul tavolo la definizione della road map che, entro il termine della legislatura regionale, porter\u00e0 al varo del nuovo assetto delle Unioni Montane, che &#8211; come annunciato &#8211; nel territorio bellunese passeranno dalle attuali nove a cinque. \u201cFermo restando l\u2019accordo di massima gi\u00e0 raggiunto sul percorso di riordino che riguarda quattro unioni montane (Feltrina, Agordina, Valbelluna con l\u2019inserimento del Comune di Belluno, Cadore-Longaronese-Zoldo a cui si unir\u00e0 l\u2019Alpago con l\u2019inserimento del Comune di Ponte nella Alpi) il focus sar\u00e0 concentrato nelle prossime settimane soprattutto sul territorio del Cadore-Comelico-Valboite, interessato da un processo, come ben sapevamo, pi\u00f9 complessivo e articolato, che porter\u00e0 alla nascita dell\u2019UM dell\u2019Alto Bellunese.\u201d, sottolinea l\u2019assessore regionale agli Enti Locali Calzavara, che aggiunge: \u201cL\u2019obiettivo, dopo gli approfondimenti e gli incontri necessari che effettueremo sul territorio nelle prossime settimane, \u00e8 quello arrivare alla sottoscrizione di tutte le nuove convenzioni entro la met\u00e0 del mese di luglio, anche per poter procedere all\u2019emissione dei bandi che daranno alle Unioni risorse economiche aggiuntive\u201d. \u201cL\u2019incontro di oggi, cos\u00ec come il piano di riordino avviato dalla Regione del Veneto -commenta il presidente della provincia di Belluno Roberto Padrin &#8211; rappresenta una preziosa occasione di adeguamento e modernizzazione complessiva del sistema Unioni Montane. I sindaci e i rappresentanti del territorio hanno portato anche oggi al tavolo alcune delle note criticit\u00e0 in essere, a cominciare dalla storica carenza di personale di cui soffrono gli enti. Il ridisegno in atto non sar\u00e0, in questo senso, una mera variazione geografica; dobbiamo lavorare bene perch\u00e9 costituisca piuttosto il momento per poter dotare le Unioni Montane di valore e valori nuovi, in chiave di gestione e sviluppo strategici per tutto il territorio bellunese\u201d, conclude il presidente Padrin.<\/p>\n<p><strong>IL PRESIDENTE DELLA PROVINCIA DI BELLUNO ROBERTO PADRIN<\/strong><\/p>\n<p><iframe loading=\"lazy\" title=\"PADRIN UNIONI MONTANE\" width=\"1200\" height=\"675\" src=\"https:\/\/www.youtube.com\/embed\/l_yLKqDNFYU?feature=oembed\" frameborder=\"0\" allow=\"accelerometer; autoplay; clipboard-write; encrypted-media; gyroscope; picture-in-picture; web-share\" referrerpolicy=\"strict-origin-when-cross-origin\" allowfullscreen><\/iframe><\/p>\n<p>&nbsp;<\/p>\n<p>&nbsp;<\/p>\n<p>&nbsp;<\/p>\n<p>&nbsp;<\/p>\n<p>************<\/p>\n","protected":false},"excerpt":{"rendered":"<p>****** &nbsp; BELLUNO L\u2019assessore regionale Francesco Calzavara ha incontrato oggi a Palazzo Piloni il presidente della Provincia di Belluno Roberto Padrin, il consigliere delegato ai rapporti con gli enti locali Alberto Peterle e i rappresentanti degli enti territoriali coinvolti dal piano di riordino delle Unioni Montane presentato alla fine dello scorso mese di maggio. Sul&hellip;<\/p>\n","protected":false},"author":4,"featured_media":453597,"comment_status":"closed","ping_status":"closed","sticky":false,"template":"","format":"standard","meta":{"_monsterinsights_skip_tracking":false,"_monsterinsights_sitenote_active":false,"_monsterinsights_sitenote_note":"","_monsterinsights_sitenote_category":0,"footnotes":""},"categories":[49],"tags":[],"class_list":["post-453595","post","type-post","status-publish","format-standard","has-post-thumbnail","hentry","category-news-18","category-49","description-off"],"img_url":"https:\/\/www.radiopiu.net\/wordpress\/wp-content\/uploads\/2025\/06\/1749718021843.jpg","_links":{"self":[{"href":"https:\/\/www.radiopiu.net\/wordpress\/wp-json\/wp\/v2\/posts\/453595","targetHints":{"allow":["GET"]}}],"collection":[{"href":"https:\/\/www.radiopiu.net\/wordpress\/wp-json\/wp\/v2\/posts"}],"about":[{"href":"https:\/\/www.radiopiu.net\/wordpress\/wp-json\/wp\/v2\/types\/post"}],"author":[{"embeddable":true,"href":"https:\/\/www.radiopiu.net\/wordpress\/wp-json\/wp\/v2\/users\/4"}],"replies":[{"embeddable":true,"href":"https:\/\/www.radiopiu.net\/wordpress\/wp-json\/wp\/v2\/comments?post=453595"}],"version-history":[{"count":1,"href":"https:\/\/www.radiopiu.net\/wordpress\/wp-json\/wp\/v2\/posts\/453595\/revisions"}],"predecessor-version":[{"id":453598,"href":"https:\/\/www.radiopiu.net\/wordpress\/wp-json\/wp\/v2\/posts\/453595\/revisions\/453598"}],"wp:featuredmedia":[{"embeddable":true,"href":"https:\/\/www.radiopiu.net\/wordpress\/wp-json\/wp\/v2\/media\/453597"}],"wp:attachment":[{"href":"https:\/\/www.radiopiu.net\/wordpress\/wp-json\/wp\/v2\/media?parent=453595"}],"wp:term":[{"taxonomy":"category","embeddable":true,"href":"https:\/\/www.radiopiu.net\/wordpress\/wp-json\/wp\/v2\/categories?post=453595"},{"taxonomy":"post_tag","embeddable":true,"href":"https:\/\/www.radiopiu.net\/wordpress\/wp-json\/wp\/v2\/tags?post=453595"}],"curies":[{"name":"wp","href":"https:\/\/api.w.org\/{rel}","templated":true}]}}