{"id":453634,"date":"2025-06-12T19:17:46","date_gmt":"2025-06-12T17:17:46","guid":{"rendered":"https:\/\/www.radiopiu.net\/wordpress\/?p=453634"},"modified":"2025-06-12T19:17:46","modified_gmt":"2025-06-12T17:17:46","slug":"escursionista-bloccato-sulla-moiazza-interviene-lelicottero-del-suem","status":"publish","type":"post","link":"https:\/\/www.radiopiu.net\/wordpress\/escursionista-bloccato-sulla-moiazza-interviene-lelicottero-del-suem\/","title":{"rendered":"ESCURSIONISTA BLOCCATO SULLA MOIAZZA: INTERVIENE L\u2019ELICOTTERO DEL SUEM"},"content":{"rendered":"<p>*******<\/p>\n<p>&nbsp;<\/p>\n<p><strong><a class=\"dt-pswp-item\" href=\"https:\/\/www.radiopiu.net\/wordpress\/wp-content\/uploads\/2024\/05\/SUEM-SALT.jpg\" data-dt-img-description=\"\" data-large_image_width=\"1600\" data-large_image_height=\"1200\"><img loading=\"lazy\" decoding=\"async\" class=\" wp-image-388046 alignleft\" src=\"https:\/\/www.radiopiu.net\/wordpress\/wp-content\/uploads\/2024\/05\/SUEM-SALT-300x225.jpg\" alt=\"\" width=\"171\" height=\"128\" srcset=\"https:\/\/www.radiopiu.net\/wordpress\/wp-content\/uploads\/2024\/05\/SUEM-SALT-300x225.jpg 300w, https:\/\/www.radiopiu.net\/wordpress\/wp-content\/uploads\/2024\/05\/SUEM-SALT-1024x768.jpg 1024w, https:\/\/www.radiopiu.net\/wordpress\/wp-content\/uploads\/2024\/05\/SUEM-SALT-768x576.jpg 768w, https:\/\/www.radiopiu.net\/wordpress\/wp-content\/uploads\/2024\/05\/SUEM-SALT-1536x1152.jpg 1536w, https:\/\/www.radiopiu.net\/wordpress\/wp-content\/uploads\/2024\/05\/SUEM-SALT.jpg 1600w\" sizes=\"auto, (max-width: 171px) 100vw, 171px\" \/><\/a>AGORDO<\/strong> L&#8217;elicottero del Suem di Pieve di Cadore \u00e8 intervenuto poco sotto la cima della Moiazza, poich\u00e9 completata la Ferrata Costantini, probabilmente a causa della presenza della neve, un escursionista era sceso in un canale e si era fermato in un terrazzino, incapace di muoversi. Data la nebbia persistente, l&#8217;eliambulanza si \u00e8 dovuta fermare in hovering all&#8217;altezza del Bivacco, per poi ripartire non appena si \u00e8 aperto un varco. L&#8217;uomo, un tedesco di 32 anni, che era sceso una decina di metri dalla cengia Angelini, \u00e8 stato individuato, imbarcato e trasportato al Passo Duran. Pronta a muoversi una squadra del Soccorso alpino di Agordo.<\/p>\n<p>&nbsp;<\/p>\n<p>&nbsp;<\/p>\n<p>********<\/p>\n","protected":false},"excerpt":{"rendered":"<p>******* &nbsp; AGORDO L&#8217;elicottero del Suem di Pieve di Cadore \u00e8 intervenuto poco sotto la cima della Moiazza, poich\u00e9 completata la Ferrata Costantini, probabilmente a causa della presenza della neve, un escursionista era sceso in un canale e si era fermato in un terrazzino, incapace di muoversi. Data la nebbia persistente, l&#8217;eliambulanza si \u00e8 dovuta&hellip;<\/p>\n","protected":false},"author":4,"featured_media":388046,"comment_status":"closed","ping_status":"closed","sticky":false,"template":"","format":"standard","meta":{"_monsterinsights_skip_tracking":false,"_monsterinsights_sitenote_active":false,"_monsterinsights_sitenote_note":"","_monsterinsights_sitenote_category":0,"footnotes":""},"categories":[51,49],"tags":[],"class_list":["post-453634","post","type-post","status-publish","format-standard","has-post-thumbnail","hentry","category-evidenza-top","category-news-18","category-51","category-49","description-off"],"img_url":"https:\/\/www.radiopiu.net\/wordpress\/wp-content\/uploads\/2024\/05\/SUEM-SALT.jpg","_links":{"self":[{"href":"https:\/\/www.radiopiu.net\/wordpress\/wp-json\/wp\/v2\/posts\/453634","targetHints":{"allow":["GET"]}}],"collection":[{"href":"https:\/\/www.radiopiu.net\/wordpress\/wp-json\/wp\/v2\/posts"}],"about":[{"href":"https:\/\/www.radiopiu.net\/wordpress\/wp-json\/wp\/v2\/types\/post"}],"author":[{"embeddable":true,"href":"https:\/\/www.radiopiu.net\/wordpress\/wp-json\/wp\/v2\/users\/4"}],"replies":[{"embeddable":true,"href":"https:\/\/www.radiopiu.net\/wordpress\/wp-json\/wp\/v2\/comments?post=453634"}],"version-history":[{"count":1,"href":"https:\/\/www.radiopiu.net\/wordpress\/wp-json\/wp\/v2\/posts\/453634\/revisions"}],"predecessor-version":[{"id":453635,"href":"https:\/\/www.radiopiu.net\/wordpress\/wp-json\/wp\/v2\/posts\/453634\/revisions\/453635"}],"wp:featuredmedia":[{"embeddable":true,"href":"https:\/\/www.radiopiu.net\/wordpress\/wp-json\/wp\/v2\/media\/388046"}],"wp:attachment":[{"href":"https:\/\/www.radiopiu.net\/wordpress\/wp-json\/wp\/v2\/media?parent=453634"}],"wp:term":[{"taxonomy":"category","embeddable":true,"href":"https:\/\/www.radiopiu.net\/wordpress\/wp-json\/wp\/v2\/categories?post=453634"},{"taxonomy":"post_tag","embeddable":true,"href":"https:\/\/www.radiopiu.net\/wordpress\/wp-json\/wp\/v2\/tags?post=453634"}],"curies":[{"name":"wp","href":"https:\/\/api.w.org\/{rel}","templated":true}]}}