{"id":453637,"date":"2025-06-12T21:46:17","date_gmt":"2025-06-12T19:46:17","guid":{"rendered":"https:\/\/www.radiopiu.net\/wordpress\/?p=453637"},"modified":"2025-06-12T21:47:38","modified_gmt":"2025-06-12T19:47:38","slug":"dillo-a-radio-piu-quando-si-parla-di-cortina-ma-non-si-nomina-la-provincia-di-belluno","status":"publish","type":"post","link":"https:\/\/www.radiopiu.net\/wordpress\/dillo-a-radio-piu-quando-si-parla-di-cortina-ma-non-si-nomina-la-provincia-di-belluno\/","title":{"rendered":"DILLO A RADIO PIU&#8217;&#8230;QUANDO SI PARLA DI CORTINA MA NON SI NOMINA LA PROVINCIA DI BELLUNO"},"content":{"rendered":"<p>******<\/p>\n<p>&nbsp;<\/p>\n<p><strong><a class=\"dt-pswp-item\" href=\"https:\/\/www.radiopiu.net\/wordpress\/wp-content\/uploads\/2020\/08\/1200px-Faloria_Cortina_dAmpezzo_10.jpg\" data-dt-img-description=\"\" data-large_image_width=\"1200\" data-large_image_height=\"829\"><img loading=\"lazy\" decoding=\"async\" class=\" wp-image-157928 alignleft\" src=\"https:\/\/www.radiopiu.net\/wordpress\/wp-content\/uploads\/2020\/08\/1200px-Faloria_Cortina_dAmpezzo_10-300x207.jpg\" alt=\"\" width=\"199\" height=\"137\" srcset=\"https:\/\/www.radiopiu.net\/wordpress\/wp-content\/uploads\/2020\/08\/1200px-Faloria_Cortina_dAmpezzo_10-300x207.jpg 300w, https:\/\/www.radiopiu.net\/wordpress\/wp-content\/uploads\/2020\/08\/1200px-Faloria_Cortina_dAmpezzo_10-1024x707.jpg 1024w, https:\/\/www.radiopiu.net\/wordpress\/wp-content\/uploads\/2020\/08\/1200px-Faloria_Cortina_dAmpezzo_10-768x531.jpg 768w, https:\/\/www.radiopiu.net\/wordpress\/wp-content\/uploads\/2020\/08\/1200px-Faloria_Cortina_dAmpezzo_10-640x442.jpg 640w, https:\/\/www.radiopiu.net\/wordpress\/wp-content\/uploads\/2020\/08\/1200px-Faloria_Cortina_dAmpezzo_10.jpg 1200w\" sizes=\"auto, (max-width: 199px) 100vw, 199px\" \/><\/a>RICEVIAMO E PUBBLICHIAMO<\/strong><\/p>\n<p>Oggi su GEO (Rai 3) \u00e8 andato in onda un bel documentario sulla valle ampezzana, con particolare attenzione a Cortina. Come volevasi dimostrare, non \u00e8 mai stata menzionata la provincia di Belluno. Svista o vera e propria congiura? Perch\u00e9 non segnalarlo a Radio Pi\u00f9 e, di conseguenza, anche alla nostra Giunta regionale del Veneto affinch\u00e9 si attivino? Non potendo dire che si trattava di Trentino, hanno semplicemente taciuto, evitando di parlare di province. Una vera vergogna!<\/p>\n<p>Cesare<\/p>\n<p>&nbsp;<\/p>\n<p>&nbsp;<\/p>\n<p>&nbsp;<\/p>\n<p>*********<\/p>\n","protected":false},"excerpt":{"rendered":"<p>****** &nbsp; RICEVIAMO E PUBBLICHIAMO Oggi su GEO (Rai 3) \u00e8 andato in onda un bel documentario sulla valle ampezzana, con particolare attenzione a Cortina. Come volevasi dimostrare, non \u00e8 mai stata menzionata la provincia di Belluno. Svista o vera e propria congiura? Perch\u00e9 non segnalarlo a Radio Pi\u00f9 e, di conseguenza, anche alla nostra&hellip;<\/p>\n","protected":false},"author":4,"featured_media":157928,"comment_status":"closed","ping_status":"closed","sticky":false,"template":"","format":"standard","meta":{"_monsterinsights_skip_tracking":false,"_monsterinsights_sitenote_active":false,"_monsterinsights_sitenote_note":"","_monsterinsights_sitenote_category":0,"footnotes":""},"categories":[49],"tags":[],"class_list":["post-453637","post","type-post","status-publish","format-standard","has-post-thumbnail","hentry","category-news-18","category-49","description-off"],"img_url":"https:\/\/www.radiopiu.net\/wordpress\/wp-content\/uploads\/2020\/08\/1200px-Faloria_Cortina_dAmpezzo_10.jpg","_links":{"self":[{"href":"https:\/\/www.radiopiu.net\/wordpress\/wp-json\/wp\/v2\/posts\/453637","targetHints":{"allow":["GET"]}}],"collection":[{"href":"https:\/\/www.radiopiu.net\/wordpress\/wp-json\/wp\/v2\/posts"}],"about":[{"href":"https:\/\/www.radiopiu.net\/wordpress\/wp-json\/wp\/v2\/types\/post"}],"author":[{"embeddable":true,"href":"https:\/\/www.radiopiu.net\/wordpress\/wp-json\/wp\/v2\/users\/4"}],"replies":[{"embeddable":true,"href":"https:\/\/www.radiopiu.net\/wordpress\/wp-json\/wp\/v2\/comments?post=453637"}],"version-history":[{"count":2,"href":"https:\/\/www.radiopiu.net\/wordpress\/wp-json\/wp\/v2\/posts\/453637\/revisions"}],"predecessor-version":[{"id":453645,"href":"https:\/\/www.radiopiu.net\/wordpress\/wp-json\/wp\/v2\/posts\/453637\/revisions\/453645"}],"wp:featuredmedia":[{"embeddable":true,"href":"https:\/\/www.radiopiu.net\/wordpress\/wp-json\/wp\/v2\/media\/157928"}],"wp:attachment":[{"href":"https:\/\/www.radiopiu.net\/wordpress\/wp-json\/wp\/v2\/media?parent=453637"}],"wp:term":[{"taxonomy":"category","embeddable":true,"href":"https:\/\/www.radiopiu.net\/wordpress\/wp-json\/wp\/v2\/categories?post=453637"},{"taxonomy":"post_tag","embeddable":true,"href":"https:\/\/www.radiopiu.net\/wordpress\/wp-json\/wp\/v2\/tags?post=453637"}],"curies":[{"name":"wp","href":"https:\/\/api.w.org\/{rel}","templated":true}]}}