{"id":453670,"date":"2025-06-14T05:36:59","date_gmt":"2025-06-14T03:36:59","guid":{"rendered":"https:\/\/www.radiopiu.net\/wordpress\/?p=453670"},"modified":"2025-06-14T10:43:25","modified_gmt":"2025-06-14T08:43:25","slug":"giornale-radiopiu-14-giugno-2025-direttore-mirko-mezzacasa","status":"publish","type":"post","link":"https:\/\/www.radiopiu.net\/wordpress\/giornale-radiopiu-14-giugno-2025-direttore-mirko-mezzacasa\/","title":{"rendered":"GIORNALE RADIOPIU 14 GIUGNO 2025 DIRETTORE MIRKO MEZZACASA"},"content":{"rendered":"<p>********<\/p>\n<p><em><span style=\"color: #ff0000;\"><a class=\"dt-pswp-item\" href=\"https:\/\/www.radiopiu.net\/wordpress\/wp-content\/uploads\/2024\/10\/Senza-nome-8.png\" data-dt-img-description=\"\" data-large_image_width=\"343\" data-large_image_height=\"303\"><img loading=\"lazy\" decoding=\"async\" class=\"wp-image-412130 alignleft\" src=\"https:\/\/www.radiopiu.net\/wordpress\/wp-content\/uploads\/2024\/10\/Senza-nome-8-300x265.png\" alt=\"\" width=\"105\" height=\"93\" srcset=\"https:\/\/www.radiopiu.net\/wordpress\/wp-content\/uploads\/2024\/10\/Senza-nome-8-300x265.png 300w, https:\/\/www.radiopiu.net\/wordpress\/wp-content\/uploads\/2024\/10\/Senza-nome-8.png 343w\" sizes=\"auto, (max-width: 105px) 100vw, 105px\" \/><\/a><\/span><\/em><strong><em><span style=\"color: #ff0000;\"> LA\u00a0 APP PER IOS-IPHONE di Nicola Vettorello<\/span><\/em><\/strong><\/p>\n<p><strong><span style=\"color: #0000ff;\"><a style=\"color: #0000ff;\" href=\"https:\/\/apps.apple.com\/it\/app\/radio-pi%C3%B9-emittente-agordina\/id1515939845\">https:\/\/apps.apple.com\/it\/app\/radio-pi%C3%B9-emittente-agordina\/id1515939845<\/a><\/span><\/strong><\/p>\n<p><strong><em style=\"color: #ff0000;\">LA\u00a0 APP RADIO\u00a0 PER ANDROID di Nicola Vettorello<\/em><\/strong><\/p>\n<p><strong><span style=\"color: #0000ff;\"><a style=\"color: #0000ff;\" href=\"https:\/\/play.google.com\/store\/apps\/details?id=net.radiopiu.iniko\" target=\"_blank\" rel=\"noopener noreferrer\">https:\/\/<\/a><a style=\"color: #0000ff;\" href=\"https:\/\/play.google.com\/store\/apps\/details?id=net.radiopiu.iniko\" target=\"_blank\" rel=\"noopener noreferrer\">play.google.com\/store\/apps\/details?id=net.radiopiu.iniko\u00a0\u00a0\u00a0\u00a0<\/a><\/span><\/strong><\/p>\n<hr \/>\n<p><span style=\"color: #0000ff;\">\u00a0<\/span><\/p>\n<p>&nbsp;<\/p>\n<blockquote>\n<h1 data-start=\"0\" data-end=\"60\"><strong data-start=\"0\" data-end=\"60\">OGGI SU RADIOPI\u00d9: MUSICA, informazione\u00a0 e dirette\u00a0<\/strong><\/h1>\n<\/blockquote>\n<p class=\"\" data-start=\"62\" data-end=\"463\"><strong><a class=\"dt-pswp-item\" href=\"https:\/\/www.radiopiu.net\/wordpress\/wp-content\/uploads\/2025\/05\/22eca61e-f34e-4db7-b1bc-c2f68ea50692.jpg\" data-dt-img-description=\"\" data-large_image_width=\"1224\" data-large_image_height=\"925\"><img loading=\"lazy\" decoding=\"async\" class=\" wp-image-451622 alignleft\" src=\"https:\/\/www.radiopiu.net\/wordpress\/wp-content\/uploads\/2025\/05\/22eca61e-f34e-4db7-b1bc-c2f68ea50692-300x227.jpg\" alt=\"\" width=\"226\" height=\"171\" srcset=\"https:\/\/www.radiopiu.net\/wordpress\/wp-content\/uploads\/2025\/05\/22eca61e-f34e-4db7-b1bc-c2f68ea50692-300x227.jpg 300w, https:\/\/www.radiopiu.net\/wordpress\/wp-content\/uploads\/2025\/05\/22eca61e-f34e-4db7-b1bc-c2f68ea50692-1024x774.jpg 1024w, https:\/\/www.radiopiu.net\/wordpress\/wp-content\/uploads\/2025\/05\/22eca61e-f34e-4db7-b1bc-c2f68ea50692-768x580.jpg 768w, https:\/\/www.radiopiu.net\/wordpress\/wp-content\/uploads\/2025\/05\/22eca61e-f34e-4db7-b1bc-c2f68ea50692.jpg 1224w\" sizes=\"auto, (max-width: 226px) 100vw, 226px\" \/><\/a>ALLE 8.05 LA RASSEGNA STAMPA LOCALE 8.25\u00a0 PIU SIAMO 9.00 PREMIER LE NOVITA&#8217; MUSICALI CON MARCO GAZ 9.30 LA MUSICA ANNI 80 CON LE SELEZIONI DI MONICA FONTANIVE\u00a0 <span style=\"color: #000000;\">\u00a010.30 LA RASSEGNA STAMPA DI GIANNI SANTOMASO DA L&#8217;AMICO DEL POPOLO <\/span>\u00a012.00 IL LISCIO DI MIRCO BENCIVENNI 12.30 GR PRINCIPALE 13.20 COLLAGE OPERAZIONE NOSTALGIA, LORIS SCUSSEL\u00a0 14.00 ELETTROCHOCH CON DJ JACK <span style=\"color: #ff0000;\"><span style=\"color: #000000;\">15.10 LA CLASSIFICA UFFICIALE DI RADIOPIU DI MARCO GAZ<\/span>\u00a0\u00a0<\/span>16 45 LE HIT STORICHE DI MIRCO BENCIVENNI 19.05 LE ANTICIPAZIONI DAL TG DI ANTENNA 3 DA UN\u2019IDEA DI TIZIANA BOLOGNANI<br \/>\n<\/strong><\/p>\n<p>&nbsp;<\/p>\n<p><strong>L\u2019ESTATE STA ARRIVANDO, LA SQUADRA DI RADIOPIU SI STA ALLENANDO CI VEDIAMO \u201cLIVE\u201d\u00a0 A FELTRE IL 27 GIUGNO\u2026. CON MARCO, MARINA, MORENO, GIANFRANCO, FRANCESCO, ELIA, ALESSIO, LUISA. BRUNELLA E\u2026TANTE SORPRESE, IL 29 E IL 31 RADIO PIU\u2019 CON IL SUO STAFF SARA\u2019 INVECE PRESENTE A MEANO PER DUE SERATE\u2026 DA BALLARE\u00a0 RIGOROSAMENTE IN DIRETTA RADIO\u00a0<\/strong><\/p>\n<p>&nbsp;<\/p>\n<hr \/>\n<p>&nbsp;<\/p>\n<p>&nbsp;<\/p>\n<div class=\"x11i5rnm xat24cr x1mh8g0r x1vvkbs xtlvy1s x126k92a\">\n<div dir=\"auto\">\n<div dir=\"auto\">\n<p><strong><a class=\"dt-pswp-item\" href=\"https:\/\/www.radiopiu.net\/wordpress\/wp-content\/uploads\/2024\/02\/2d44e751-d8a8-461b-8e22-d8e4e853b032.jpg\" data-dt-img-description=\"\" data-large_image_width=\"1600\" data-large_image_height=\"1200\"><img loading=\"lazy\" decoding=\"async\" class=\"wp-image-373307 alignleft\" src=\"https:\/\/www.radiopiu.net\/wordpress\/wp-content\/uploads\/2024\/02\/2d44e751-d8a8-461b-8e22-d8e4e853b032-300x225.jpg\" alt=\"\" width=\"105\" height=\"79\" srcset=\"https:\/\/www.radiopiu.net\/wordpress\/wp-content\/uploads\/2024\/02\/2d44e751-d8a8-461b-8e22-d8e4e853b032-300x225.jpg 300w, https:\/\/www.radiopiu.net\/wordpress\/wp-content\/uploads\/2024\/02\/2d44e751-d8a8-461b-8e22-d8e4e853b032-1024x768.jpg 1024w, https:\/\/www.radiopiu.net\/wordpress\/wp-content\/uploads\/2024\/02\/2d44e751-d8a8-461b-8e22-d8e4e853b032-768x576.jpg 768w, https:\/\/www.radiopiu.net\/wordpress\/wp-content\/uploads\/2024\/02\/2d44e751-d8a8-461b-8e22-d8e4e853b032-1536x1152.jpg 1536w, https:\/\/www.radiopiu.net\/wordpress\/wp-content\/uploads\/2024\/02\/2d44e751-d8a8-461b-8e22-d8e4e853b032.jpg 1600w\" sizes=\"auto, (max-width: 105px) 100vw, 105px\" \/><\/a>EL BAL DEL FIOR, DI GIULIANA DA RONCH, 14 GIUGNO<\/strong><strong>\u00a02025<\/strong><\/p>\n<\/div>\n<\/div>\n<div dir=\"auto\">\n<div dir=\"auto\">\n<audio class=\"wp-audio-shortcode\" id=\"audio-453670-1\" preload=\"none\" style=\"width: 100%;\" controls=\"controls\"><source type=\"audio\/mpeg\" src=\"https:\/\/www.radiopiu.net\/wordpress\/wp-content\/uploads\/2025\/06\/GSA-3.mp3?_=1\" \/><a href=\"https:\/\/www.radiopiu.net\/wordpress\/wp-content\/uploads\/2025\/06\/GSA-3.mp3\">https:\/\/www.radiopiu.net\/wordpress\/wp-content\/uploads\/2025\/06\/GSA-3.mp3<\/a><\/audio>\n<p>&nbsp;<\/p>\n<hr \/>\n<p>&nbsp;<\/p>\n<p>&nbsp;<\/p>\n<\/div>\n<\/div>\n<\/div>\n<div class=\"x11i5rnm xat24cr x1mh8g0r x1vvkbs xtlvy1s x126k92a\">\n<blockquote>\n<h1><strong><a class=\"dt-pswp-item\" href=\"https:\/\/www.radiopiu.net\/wordpress\/wp-content\/uploads\/2024\/10\/629301fd-708d-4f53-95c2-d28cbefd500f.jpg\" data-dt-img-description=\"\" data-large_image_width=\"1600\" data-large_image_height=\"1322\"><img loading=\"lazy\" decoding=\"async\" class=\"wp-image-413782 alignright\" src=\"https:\/\/www.radiopiu.net\/wordpress\/wp-content\/uploads\/2024\/10\/629301fd-708d-4f53-95c2-d28cbefd500f-300x248.jpg\" alt=\"\" width=\"106\" height=\"88\" srcset=\"https:\/\/www.radiopiu.net\/wordpress\/wp-content\/uploads\/2024\/10\/629301fd-708d-4f53-95c2-d28cbefd500f-300x248.jpg 300w, https:\/\/www.radiopiu.net\/wordpress\/wp-content\/uploads\/2024\/10\/629301fd-708d-4f53-95c2-d28cbefd500f-1024x846.jpg 1024w, https:\/\/www.radiopiu.net\/wordpress\/wp-content\/uploads\/2024\/10\/629301fd-708d-4f53-95c2-d28cbefd500f-768x635.jpg 768w, https:\/\/www.radiopiu.net\/wordpress\/wp-content\/uploads\/2024\/10\/629301fd-708d-4f53-95c2-d28cbefd500f-1536x1269.jpg 1536w, https:\/\/www.radiopiu.net\/wordpress\/wp-content\/uploads\/2024\/10\/629301fd-708d-4f53-95c2-d28cbefd500f.jpg 1600w\" sizes=\"auto, (max-width: 106px) 100vw, 106px\" \/><\/a><\/strong><\/h1>\n<h1><strong><a class=\"dt-pswp-item\" href=\"https:\/\/www.radiopiu.net\/wordpress\/wp-content\/uploads\/2024\/11\/th-18.jpg\" data-dt-img-description=\"\" data-large_image_width=\"156\" data-large_image_height=\"180\"><img loading=\"lazy\" decoding=\"async\" class=\"size-full wp-image-421611 alignleft\" src=\"https:\/\/www.radiopiu.net\/wordpress\/wp-content\/uploads\/2024\/11\/th-18.jpg\" alt=\"\" width=\"156\" height=\"180\" \/><\/a><\/strong><\/h1>\n<h1><strong>N di parom &#8211; L Almanach de la nosta jent<\/strong><\/h1>\n<\/blockquote>\n<p>&nbsp;<\/p>\n<p>Le voci: Davide Conedera, Agordo, Michela Dell&#8217;Osbel, La Valle Agordina Simone Ganz, Falcade Veronica Lezuo, Colle Santa Lucia. La voce nella sigla \u00e8 di Giorgia Taio<\/p>\n<p><strong>LA PUNTATA DI OGGI, 14 GIUGNO 2025<\/strong><\/p>\n<p>&nbsp;<\/p>\n<audio class=\"wp-audio-shortcode\" id=\"audio-453670-2\" preload=\"none\" style=\"width: 100%;\" controls=\"controls\"><source type=\"audio\/mpeg\" src=\"https:\/\/www.radiopiu.net\/wordpress\/wp-content\/uploads\/2025\/06\/AL6.mp3?_=2\" \/><a href=\"https:\/\/www.radiopiu.net\/wordpress\/wp-content\/uploads\/2025\/06\/AL6.mp3\">https:\/\/www.radiopiu.net\/wordpress\/wp-content\/uploads\/2025\/06\/AL6.mp3<\/a><\/audio>\n<p>&nbsp;<\/p>\n<\/div>\n<div class=\"x11i5rnm xat24cr x1mh8g0r x1vvkbs xtlvy1s x126k92a\">\n<div dir=\"auto\">\n<hr \/>\n<\/div>\n<\/div>\n<blockquote>\n<blockquote>\n<h1><span style=\"color: #ff0000;\">\u00a0<\/span><\/h1>\n<h1><span style=\"color: #ff0000;\">I podcast informativi del mattino &#8211; audio &#8211;\u00a0\u00a0<\/span><\/h1>\n<\/blockquote>\n<p><strong><a class=\"dt-pswp-item\" href=\"https:\/\/www.radiopiu.net\/wordpress\/wp-content\/uploads\/2024\/11\/6.jpg\" data-dt-img-description=\"\" data-large_image_width=\"177\" data-large_image_height=\"180\"><img loading=\"lazy\" decoding=\"async\" class=\"size-full wp-image-417911 alignleft\" src=\"https:\/\/www.radiopiu.net\/wordpress\/wp-content\/uploads\/2024\/11\/6.jpg\" alt=\"\" width=\"177\" height=\"180\" \/><\/a>LA RASSEGNA STAMPA NAZIONALE ALLA RADIO, OGNI GIORNO ALLE 5 E ALLE 6 DEL MATTINO <span style=\"color: #0000ff;\">viene pubblicata alle 6.00 <span style=\"color: #ff0000;\">DIRETTA RADIO\u00a0 \u00a0\u00a0<\/span><\/span><\/strong><\/p><\/blockquote>\n<p>&nbsp;<\/p>\n<p><strong>NOTIZIE DELLA NOTTE\u00a0<\/strong><\/p>\n<p><strong>Nuovo attacco dell&#8217;Iran,<\/strong> esplosioni a Tel Aviv <strong>Esplosioni a Teheran<\/strong> e altre citt\u00e0 dopo i nuovi attacchi <strong>Guterres,<\/strong> basta escalation, prevalgano pace e diplomazia <strong>Marines schierati<\/strong> a Los Angeles effettuano il primo arresto &#8216;<strong>Iran,<\/strong> colpiremo tutti i Paesi che difenderanno Israele&#8217; <strong>Colombia<\/strong>: ex gruppo Farc rivendica attacchi con 7 morti <strong>Forti esplosioni a Teheran<\/strong>, fumo vicino all&#8217;aeroporto<br \/>\n<strong>Una donna \u00e8 morta<\/strong> in Israele negli attacchi iraniani, 60 feriti<\/p>\n<h1>AUDIO dalle 6 del mattino<\/h1>\n<audio class=\"wp-audio-shortcode\" id=\"audio-453670-3\" preload=\"none\" style=\"width: 100%;\" controls=\"controls\"><source type=\"audio\/mpeg\" src=\"https:\/\/www.radiopiu.net\/wordpress\/wp-content\/uploads\/2025\/06\/GIORNALEDELLESEI-6.mp3?_=3\" \/><a href=\"https:\/\/www.radiopiu.net\/wordpress\/wp-content\/uploads\/2025\/06\/GIORNALEDELLESEI-6.mp3\">https:\/\/www.radiopiu.net\/wordpress\/wp-content\/uploads\/2025\/06\/GIORNALEDELLESEI-6.mp3<\/a><\/audio>\n<p>&nbsp;<\/p>\n<hr \/>\n<p>&nbsp;<\/p>\n<h1 style=\"text-align: center;\"><span style=\"color: #ff0000;\"><a class=\"dt-pswp-item\" href=\"https:\/\/www.radiopiu.net\/wordpress\/wp-content\/uploads\/2024\/11\/7.jpg\" data-dt-img-description=\"\" data-large_image_width=\"180\" data-large_image_height=\"180\"><img loading=\"lazy\" decoding=\"async\" class=\"size-full wp-image-417912 alignleft\" src=\"https:\/\/www.radiopiu.net\/wordpress\/wp-content\/uploads\/2024\/11\/7.jpg\" alt=\"\" width=\"180\" height=\"180\" srcset=\"https:\/\/www.radiopiu.net\/wordpress\/wp-content\/uploads\/2024\/11\/7.jpg 180w, https:\/\/www.radiopiu.net\/wordpress\/wp-content\/uploads\/2024\/11\/7-150x150.jpg 150w\" sizes=\"auto, (max-width: 180px) 100vw, 180px\" \/><\/a>I podcast informativi del mattino &#8211; audio &#8211;\u00a0<\/span><\/h1>\n<p><strong>OGNI GIORNO ALLE SETTE DEL MATTINO, LA RASSEGNA STAMPA LOCALE FLASH&#8230; PER CHI VA IN FRETTA. I TITOLI DAI GIORNALI E DAL SITO WWW.RADIOPIU.NET <span style=\"color: #0000ff;\">viene pubblicato alle 7.00<\/span> <span style=\"color: #ff0000;\">DIRETTA RADIO\u00a0<\/span><\/strong><\/p>\n<p><em><span style=\"color: #ff0000;\">per chi va in fretta&#8230; tante notizie in pochi minuti. L&#8217;informazione locale alla radio, ogni ora dalle 7 del mattino alle 19 della sera.\u00a0\u00a0<\/span><\/em><\/p>\n<p><strong data-start=\"0\" data-end=\"62\">Notizie locali dal Bellunese: tra cronaca, eventi e novit\u00e0<\/strong><\/p>\n<div class=\"flex flex-1 grow basis-auto flex-col overflow-hidden\">\n<div class=\"relative h-full\">\n<div class=\"flex h-full flex-col overflow-y-auto [scrollbar-gutter:stable]\">\n<div class=\"mt-1.5 flex flex-col text-sm @thread-xl\/thread:pt-header-height md:pb-9\">\n<article class=\"group\/turn w-full text-token-text-primary focus-visible:outline-none\" dir=\"auto\" tabindex=\"-1\" data-testid=\"conversation-turn-2\" data-scroll-anchor=\"true\">\n<div class=\"text-base my-auto mx-auto py-5 px-6\">\n<div class=\"mx-auto flex flex-1 text-base gap-4 md:gap-5 lg:gap-6 md:max-w-3xl\">\n<div class=\"group\/conversation-turn relative flex w-full min-w-0 flex-col agent-turn @xs\/thread:px-0 @sm\/thread:px-1.5 @md\/thread:px-4\">\n<div class=\"relative flex-col gap-1 md:gap-3\">\n<div class=\"flex max-w-full flex-col flex-grow\">\n<div class=\"min-h-8 text-message relative flex w-full flex-col items-end gap-2 whitespace-normal break-words text-start [.text-message+&amp;]:mt-5\" dir=\"auto\" data-message-author-role=\"assistant\" data-message-id=\"bff05fc0-dc7c-4ab7-9b20-d3eec753127b\" data-message-model-slug=\"gpt-4o-mini\">\n<div class=\"flex w-full flex-col gap-1 empty:hidden first:pt-[3px]\">\n<div class=\"markdown prose w-full break-words dark:prose-invert dark\">\n<p class=\"\" data-start=\"64\" data-end=\"329\"><em><strong>Radio Pi\u00f9 offre una panoramica sui principali eventi e notizie in provincia di Belluno, accompagnata dalla programmazione radiofonica. Tra le principali notizie<\/strong><\/em><\/p>\n<\/div>\n<\/div>\n<\/div>\n<\/div>\n<\/div>\n<\/div>\n<\/div>\n<\/div>\n<\/article>\n<\/div>\n<\/div>\n<\/div>\n<\/div>\n<h1>AUDIO dalle 7 del mattino<\/h1>\n<audio class=\"wp-audio-shortcode\" id=\"audio-453670-4\" preload=\"none\" style=\"width: 100%;\" controls=\"controls\"><source type=\"audio\/mpeg\" src=\"https:\/\/www.radiopiu.net\/wordpress\/wp-content\/uploads\/2025\/06\/GF07-10.mp3?_=4\" \/><a href=\"https:\/\/www.radiopiu.net\/wordpress\/wp-content\/uploads\/2025\/06\/GF07-10.mp3\">https:\/\/www.radiopiu.net\/wordpress\/wp-content\/uploads\/2025\/06\/GF07-10.mp3<\/a><\/audio>\n<p>&nbsp;<\/p>\n<hr \/>\n<p>&nbsp;<\/p>\n<h1><\/h1>\n<h1 style=\"text-align: center;\"><span style=\"color: #ff0000;\"><a class=\"dt-pswp-item\" href=\"https:\/\/www.radiopiu.net\/wordpress\/wp-content\/uploads\/2024\/11\/th.jpg\" data-dt-img-description=\"\" data-large_image_width=\"148\" data-large_image_height=\"179\"><img loading=\"lazy\" decoding=\"async\" class=\" wp-image-417913 alignleft\" src=\"https:\/\/www.radiopiu.net\/wordpress\/wp-content\/uploads\/2024\/11\/th.jpg\" alt=\"\" width=\"66\" height=\"80\" \/><\/a>I podcast informativi del mattino &#8211; audio &#8211;\u00a0<\/span><\/h1>\n<blockquote><p><strong>GIORNALE RADIO NAZIONALE, EDIZIONE DELLE SETTE <span style=\"color: #0000ff;\">viene pubblicato alle 7.05 <span style=\"color: #ff0000;\">DIRETTA RADIO\u00a0<\/span><\/span><\/strong><\/p><\/blockquote>\n<p><strong>il giornale radionazionale e&#8217; in onda ogni ora, dalle sette del mattino alle venti della sera\u00a0 \u00a0\u00a0<\/strong><\/p>\n<p>&nbsp;<\/p>\n<blockquote>\n<h2><em><span style=\"color: #ff0000;\">RADIOPI\u00d9<\/span> \u2013 La voce del territorio, lo sguardo sul Paese.<\/em><\/h2>\n<\/blockquote>\n<p><strong><a class=\"dt-pswp-item\" href=\"https:\/\/www.radiopiu.net\/wordpress\/wp-content\/uploads\/2025\/02\/download-7.jpg\" data-dt-img-description=\"\" data-large_image_width=\"211\" data-large_image_height=\"239\"><img loading=\"lazy\" decoding=\"async\" class=\" wp-image-435553 alignleft\" src=\"https:\/\/www.radiopiu.net\/wordpress\/wp-content\/uploads\/2025\/02\/download-7.jpg\" alt=\"\" width=\"120\" height=\"136\" \/><\/a>LECCE<\/strong> A Casarano\u00a0 Ferisce con le forbici la compagna e la madre e si lancia dalla finestra<br \/>\n<strong>VENEZIA<\/strong> Esplosione in un bar trattoria a Jesolo, 15 feriti<br \/>\n<strong>MODENA<\/strong> Studentessa 17enne in stage ferita gravemente a una mano<br \/>\n<strong>ROMA<\/strong> Riciclaggio di cripto-valute, la Finanza sequestra 9 milioni Le somme erano state mobilitate dagli hacker in pochi minuti<br \/>\n<strong>PADOVA<\/strong> Sottratta dalla madre a 14 mesi, trovata in Ungheria Il padre ha ingaggiato una battaglia lunga 13 anni<br \/>\n<strong>ROMA<\/strong> &#8216;Ha copiato la tesi&#8217;, Maria Rosaria Boccia accusata di truffa Lei annuncia querele: &#8216;Persecuzione mediatica, lesa la mia privacy&#8217;<br \/>\n<strong>MILANO<\/strong> Due feriti a colpi d&#8217;arma da fuoco nel Milanese Uno \u00e8 grave, a sparare un uomo che \u00e8 fuggito<br \/>\n<strong>ROMA<\/strong> Fermato in Grecia il presunto killer di madre e figlia trovate morte a Villa Pamphili \u00c8 un cittadino americano, deve rispondere anche di soppressione cadavere. Sar\u00e0 estradato in Italia tra 20 giorni<br \/>\n<strong>VATICANO<\/strong> Carlo Acutis e Pier Giorgio Frassati saranno santi il 7 settembre Nessuna canonizzazione al Giubileo dei giovani<br \/>\n<strong>METEO<\/strong> Sole e caldo fino a domenica pomeriggio, poi tornano i temporali<\/p>\n<blockquote>\n<h2><span style=\"color: #ff0000;\">\u00a0<\/span><\/h2>\n<h2><span style=\"color: #ff0000;\">RADIOPI\u00d9<\/span> \u2013 Dalle Dolomiti alla pianura, i fatti<br \/>\nche segnano la Regione.<\/h2>\n<\/blockquote>\n<p><strong><a class=\"dt-pswp-item\" href=\"https:\/\/www.radiopiu.net\/wordpress\/wp-content\/uploads\/2025\/02\/download-3.jpg\" data-dt-img-description=\"\" data-large_image_width=\"223\" data-large_image_height=\"226\"><img loading=\"lazy\" decoding=\"async\" class=\"size-full wp-image-434732 alignleft\" src=\"https:\/\/www.radiopiu.net\/wordpress\/wp-content\/uploads\/2025\/02\/download-3.jpg\" alt=\"\" width=\"223\" height=\"226\" \/><\/a>JESOLO<\/strong> Una quindicina di persone sono rimaste ferite ieri notte a Jesolo (Venezia) nell&#8217;esplosione avvenuta in un bar-trattoria della localit\u00e0 turistica, il &#8220;Bea Storia&#8221;.\u00a0 Lo scoppio si \u00e8 verificato mentre il locale era ancora pieno di gente. Tra i feriti, la maggior parte sono lavoratori stagionali occupati in questi mesi a Jesolo.<br \/>\n<strong>PADOVA<\/strong> E&#8217; durata quasi tredici anni la battaglia ingaggiata da Andrea Tonello per ritrovare la figlia Chantal, che quando aveva 14 mesi fu portata in Ungheria dalla madre, che successivamente fece perdere le sue tracce impedendo che l&#8217;uomo potesse far valere l&#8217;affidamento esclusivo ottenuto in Italia. La donna \u00e8 stata fermata in Ungheria, grazie alla collaborazione fra la polizia italiana e quella locale, in esecuzione di un mandato di arresto europeo, mentre la ragazzina per ora \u00e8 affidata alla nonna materna, con l&#8217;obbligo di facilitare gli incontri con il padre.<br \/>\n<strong>VERONA<\/strong> Si ribalta con il trattore a Verona, muore 48enne Stava lavorando nella campagna vicino alla sua abitazione<br \/>\n<strong>VICENZA<\/strong> Violenza sessuale su 16enne a Vicenza, arrestato giovane L&#8217;indagato \u00e8 stato rintracciato dai carabinieri a Padova<br \/>\n<strong>BELLUNO<\/strong> Cede staccionata in Val Zoldana, escursionista muore nel Bellunese La donna \u00e8 caduta dal sentiero per 60 metri<br \/>\n<strong>VERONA<\/strong> Scontro tra auto nel Veronese, morto un 30enne Ferita conducente dell&#8217;altra vettura<br \/>\n<strong>MILANO<\/strong> Abodi, Cortina villaggio sar\u00e0 pronto per l&#8217;inaugurazione Arriveranno anche i 400 milioni per la viabilit\u00e0<br \/>\n<strong>TREVISO<\/strong> Insediato Osservatorio sulla violenza contro le donne Cecchettin basilare, prima di agire,avere polso della situazione<br \/>\n<strong>VERONA<\/strong> Due persone sono rimaste ferite nello schianto dell&#8217;ultraleggero sul quale si trovavano, precipitato a Peri, frazione di Dolc\u00e9, comune veronese al confine con il Trentino. Il piccolo velivolo \u00e8 caduto accanto ai binari della ferrovia, lungo la linea Verona-Brennero, che \u00e8 stata temporaneamente interrotta per consentire l&#8217;operativit\u00e0 dei soccorsi.\u00a0 Fortunatamente il quel momento non stava transitando alcun convoglio.<\/p>\n<h1><span style=\"color: #ff0000;\"><span style=\"color: #0000ff;\">ULTIM&#8217;ORA<\/span> <span style=\"color: #000000;\">AUDIO dalle sette del mattino, ogni ora alla radio EDIZIONE DELLE SETTE<\/span><\/span><\/h1>\n<audio class=\"wp-audio-shortcode\" id=\"audio-453670-5\" preload=\"none\" style=\"width: 100%;\" controls=\"controls\"><source type=\"audio\/mpeg\" src=\"https:\/\/www.radiopiu.net\/wordpress\/wp-content\/uploads\/2025\/06\/giornale07-12.mp3?_=5\" \/><a href=\"https:\/\/www.radiopiu.net\/wordpress\/wp-content\/uploads\/2025\/06\/giornale07-12.mp3\">https:\/\/www.radiopiu.net\/wordpress\/wp-content\/uploads\/2025\/06\/giornale07-12.mp3<\/a><\/audio>\n<p>&nbsp;<\/p>\n<p>&nbsp;<\/p>\n<p>&nbsp;<\/p>\n<hr \/>\n<p>&nbsp;<\/p>\n<p>&nbsp;<\/p>\n<h1><span style=\"color: #ff0000;\"><a class=\"dt-pswp-item\" href=\"https:\/\/www.radiopiu.net\/wordpress\/wp-content\/uploads\/2024\/11\/8.jpg\" data-dt-img-description=\"\" data-large_image_width=\"180\" data-large_image_height=\"180\"><img loading=\"lazy\" decoding=\"async\" class=\"size-full wp-image-417910 alignleft\" src=\"https:\/\/www.radiopiu.net\/wordpress\/wp-content\/uploads\/2024\/11\/8.jpg\" alt=\"\" width=\"180\" height=\"180\" srcset=\"https:\/\/www.radiopiu.net\/wordpress\/wp-content\/uploads\/2024\/11\/8.jpg 180w, https:\/\/www.radiopiu.net\/wordpress\/wp-content\/uploads\/2024\/11\/8-150x150.jpg 150w\" sizes=\"auto, (max-width: 180px) 100vw, 180px\" \/><\/a>I podcast informativi del mattino &#8211; video &#8211;\u00a0<\/span><\/h1>\n<h2 style=\"text-align: left;\"><strong>RASSEGNA STAMPA LOCALE, ORE OTTO<\/strong><\/h2>\n<h2><strong> <span style=\"color: #0000ff;\">viene\u00a0 <\/span><\/strong><strong><span style=\"color: #0000ff;\">pubblicata alle 8.05 <span style=\"color: #ff0000;\">DIRETTA RADIO\u00a0 \u00a0<\/span><\/span><\/strong><strong>DI MIRKO MEZZACASA<\/strong><\/h2>\n<h1><span style=\"color: #ff0000;\"><strong>VIDEO\u00a0 \u00a0in diretta AGGIORNAMENTO\u00a0 dalle 8 del mattino\u00a0 \u00a0\u00a0<\/strong><\/span><\/h1>\n<p>&nbsp;<\/p>\n<p>&nbsp;<\/p>\n\n\t\t\t<style type='text\/css'>\n\t\t\t\t#gallery-1 {\n\t\t\t\t\tmargin: auto;\n\t\t\t\t}\n\t\t\t\t#gallery-1 .gallery-item {\n\t\t\t\t\tfloat: left;\n\t\t\t\t\tmargin-top: 10px;\n\t\t\t\t\ttext-align: center;\n\t\t\t\t\twidth: 50%;\n\t\t\t\t}\n\t\t\t\t#gallery-1 img {\n\t\t\t\t\tborder: 2px solid #cfcfcf;\n\t\t\t\t}\n\t\t\t\t#gallery-1 .gallery-caption {\n\t\t\t\t\tmargin-left: 0;\n\t\t\t\t}\n\t\t\t\t\/* see gallery_shortcode() in wp-includes\/media.php *\/\n\t\t\t<\/style>\n\t\t<div id='gallery-1' class='dt-gallery-container gallery galleryid-453670 gallery-columns-2 gallery-size-medium'><dl class='gallery-item'>\n\t\t\t\t<dt class='gallery-icon landscape'>\n\t\t\t\t\t<a class=\"rollover\" href='https:\/\/www.radiopiu.net\/wordpress\/giornale-radiopiu-14-giugno-2025-direttore-mirko-mezzacasa\/screenshot-2025-06-14-053247\/'><img loading=\"lazy\" decoding=\"async\" width=\"300\" height=\"168\" src=\"https:\/\/www.radiopiu.net\/wordpress\/wp-content\/uploads\/2025\/06\/Screenshot-2025-06-14-053247-300x168.png\" class=\"attachment-medium size-medium\" alt=\"\" srcset=\"https:\/\/www.radiopiu.net\/wordpress\/wp-content\/uploads\/2025\/06\/Screenshot-2025-06-14-053247-300x168.png 300w, https:\/\/www.radiopiu.net\/wordpress\/wp-content\/uploads\/2025\/06\/Screenshot-2025-06-14-053247.png 499w\" sizes=\"auto, (max-width: 300px) 100vw, 300px\" \/><\/a>\n\t\t\t\t<\/dt><\/dl><dl class='gallery-item'>\n\t\t\t\t<dt class='gallery-icon landscape'>\n\t\t\t\t\t<a class=\"rollover\" href='https:\/\/www.radiopiu.net\/wordpress\/giornale-radiopiu-14-giugno-2025-direttore-mirko-mezzacasa\/screenshot-2025-06-14-053323\/'><img loading=\"lazy\" decoding=\"async\" width=\"300\" height=\"160\" src=\"https:\/\/www.radiopiu.net\/wordpress\/wp-content\/uploads\/2025\/06\/Screenshot-2025-06-14-053323-300x160.png\" class=\"attachment-medium size-medium\" alt=\"\" srcset=\"https:\/\/www.radiopiu.net\/wordpress\/wp-content\/uploads\/2025\/06\/Screenshot-2025-06-14-053323-300x160.png 300w, https:\/\/www.radiopiu.net\/wordpress\/wp-content\/uploads\/2025\/06\/Screenshot-2025-06-14-053323.png 745w\" sizes=\"auto, (max-width: 300px) 100vw, 300px\" \/><\/a>\n\t\t\t\t<\/dt><\/dl><br style=\"clear: both\" \/>\n\t\t\t<\/div>\n\n<p><iframe loading=\"lazy\" title=\"DAL 1983 LA RASSEGNA STAMPA LOCALE di mirko mezzacasa. L&#039;ORIGINALE\" width=\"1200\" height=\"675\" src=\"https:\/\/www.youtube.com\/embed\/wAVAgrW2uLw?feature=oembed\" frameborder=\"0\" allow=\"accelerometer; autoplay; clipboard-write; encrypted-media; gyroscope; picture-in-picture; web-share\" referrerpolicy=\"strict-origin-when-cross-origin\" allowfullscreen><\/iframe><\/p>\n<hr \/>\n<p>&nbsp;<\/p>\n<p>&nbsp;<\/p>\n<p>&nbsp;<\/p>\n<p><strong><a class=\"dt-pswp-item\" href=\"https:\/\/www.radiopiu.net\/wordpress\/wp-content\/uploads\/2023\/12\/ANTENNA.png\" data-dt-img-description=\"\" data-large_image_width=\"300\" data-large_image_height=\"166\"><img loading=\"lazy\" decoding=\"async\" class=\"wp-image-366306 alignright\" src=\"https:\/\/www.radiopiu.net\/wordpress\/wp-content\/uploads\/2023\/12\/ANTENNA.png\" alt=\"\" width=\"101\" height=\"56\" \/><\/a><a class=\"dt-pswp-item\" href=\"https:\/\/www.radiopiu.net\/wordpress\/wp-content\/uploads\/2024\/11\/th-17.jpg\" data-dt-img-description=\"\" data-large_image_width=\"224\" data-large_image_height=\"180\"><img loading=\"lazy\" decoding=\"async\" class=\" wp-image-421610 alignleft\" src=\"https:\/\/www.radiopiu.net\/wordpress\/wp-content\/uploads\/2024\/11\/th-17.jpg\" alt=\"\" width=\"167\" height=\"134\" \/><\/a>ogni sera alle 19 le anticipazioni alla radio, quello che poi seguirete nel TELEGIORNALE BELLUNESE\u00a0 in onda alle 19.30 sul CANALE 10 del digitale terrestre.\u00a0\u00a0<\/strong><\/p>\n<p><b>\u00a0\u00a0<\/b><\/p>\n<h1><span style=\"color: #ff0000;\"><strong>LE ANTICIPAZIONI DI TIZIANA BOLOGNANI<\/strong><\/span><\/h1>\n<audio class=\"wp-audio-shortcode\" id=\"audio-453670-6\" preload=\"none\" style=\"width: 100%;\" controls=\"controls\"><source type=\"audio\/mpeg\" src=\"https:\/\/www.radiopiu.net\/wordpress\/wp-content\/uploads\/2025\/06\/ANTENNA3-8.mp3?_=6\" \/><a href=\"https:\/\/www.radiopiu.net\/wordpress\/wp-content\/uploads\/2025\/06\/ANTENNA3-8.mp3\">https:\/\/www.radiopiu.net\/wordpress\/wp-content\/uploads\/2025\/06\/ANTENNA3-8.mp3<\/a><\/audio>\n<p>&nbsp;<\/p>\n<p>&nbsp;<\/p>\n<p>&nbsp;<\/p>\n<hr \/>\n<p>&nbsp;<\/p>\n<blockquote>\n<h3>DOMANI LA SPORTFUL DOLOMITI RACE<\/h3>\n<\/blockquote>\n\n\t\t\t<style type='text\/css'>\n\t\t\t\t#gallery-2 {\n\t\t\t\t\tmargin: auto;\n\t\t\t\t}\n\t\t\t\t#gallery-2 .gallery-item {\n\t\t\t\t\tfloat: left;\n\t\t\t\t\tmargin-top: 10px;\n\t\t\t\t\ttext-align: center;\n\t\t\t\t\twidth: 25%;\n\t\t\t\t}\n\t\t\t\t#gallery-2 img {\n\t\t\t\t\tborder: 2px solid #cfcfcf;\n\t\t\t\t}\n\t\t\t\t#gallery-2 .gallery-caption {\n\t\t\t\t\tmargin-left: 0;\n\t\t\t\t}\n\t\t\t\t\/* see gallery_shortcode() in wp-includes\/media.php *\/\n\t\t\t<\/style>\n\t\t<div id='gallery-2' class='dt-gallery-container gallery galleryid-453670 gallery-columns-4 gallery-size-medium'><dl class='gallery-item'>\n\t\t\t\t<dt class='gallery-icon landscape'>\n\t\t\t\t\t<a class=\"rollover rollover-zoom dt-pswp-item\" title=\"Sportful_2025_alt_lungo\" data-dt-img-description=\"\" data-large_image_width=\"841\" data-large_image_height=\"595\"href='https:\/\/www.radiopiu.net\/wordpress\/wp-content\/uploads\/2025\/06\/Sportful_2025_alt_lungo-rotated.jpg'><img loading=\"lazy\" decoding=\"async\" width=\"300\" height=\"212\" src=\"https:\/\/www.radiopiu.net\/wordpress\/wp-content\/uploads\/2025\/06\/Sportful_2025_alt_lungo-300x212.jpg\" class=\"attachment-medium size-medium\" alt=\"\" srcset=\"https:\/\/www.radiopiu.net\/wordpress\/wp-content\/uploads\/2025\/06\/Sportful_2025_alt_lungo-300x212.jpg 300w, https:\/\/www.radiopiu.net\/wordpress\/wp-content\/uploads\/2025\/06\/Sportful_2025_alt_lungo-768x543.jpg 768w, https:\/\/www.radiopiu.net\/wordpress\/wp-content\/uploads\/2025\/06\/Sportful_2025_alt_lungo-rotated.jpg 841w\" sizes=\"auto, (max-width: 300px) 100vw, 300px\" \/><\/a>\n\t\t\t\t<\/dt><\/dl><dl class='gallery-item'>\n\t\t\t\t<dt class='gallery-icon portrait'>\n\t\t\t\t\t<a class=\"rollover rollover-zoom dt-pswp-item\" title=\"PLANIMETRIA SPORTFUL DOLOMITI RACE 2025.jpg_compressed\" data-dt-img-description=\"\" data-large_image_width=\"595\" data-large_image_height=\"841\"href='https:\/\/www.radiopiu.net\/wordpress\/wp-content\/uploads\/2025\/06\/PLANIMETRIA-SPORTFUL-DOLOMITI-RACE-2025.jpg_compressed.jpg'><img loading=\"lazy\" decoding=\"async\" width=\"212\" height=\"300\" src=\"https:\/\/www.radiopiu.net\/wordpress\/wp-content\/uploads\/2025\/06\/PLANIMETRIA-SPORTFUL-DOLOMITI-RACE-2025.jpg_compressed-212x300.jpg\" class=\"attachment-medium size-medium\" alt=\"\" srcset=\"https:\/\/www.radiopiu.net\/wordpress\/wp-content\/uploads\/2025\/06\/PLANIMETRIA-SPORTFUL-DOLOMITI-RACE-2025.jpg_compressed-212x300.jpg 212w, https:\/\/www.radiopiu.net\/wordpress\/wp-content\/uploads\/2025\/06\/PLANIMETRIA-SPORTFUL-DOLOMITI-RACE-2025.jpg_compressed.jpg 595w\" sizes=\"auto, (max-width: 212px) 100vw, 212px\" \/><\/a>\n\t\t\t\t<\/dt><\/dl><dl class='gallery-item'>\n\t\t\t\t<dt class='gallery-icon portrait'>\n\t\t\t\t\t<a class=\"rollover rollover-zoom dt-pswp-item\" title=\"ORARI CHIUSURE STRADE SDR 2025\" data-dt-img-description=\"\" data-large_image_width=\"595\" data-large_image_height=\"841\"href='https:\/\/www.radiopiu.net\/wordpress\/wp-content\/uploads\/2025\/06\/ORARI-CHIUSURE-STRADE-SDR-2025.jpg'><img loading=\"lazy\" decoding=\"async\" width=\"212\" height=\"300\" src=\"https:\/\/www.radiopiu.net\/wordpress\/wp-content\/uploads\/2025\/06\/ORARI-CHIUSURE-STRADE-SDR-2025-212x300.jpg\" class=\"attachment-medium size-medium\" alt=\"\" srcset=\"https:\/\/www.radiopiu.net\/wordpress\/wp-content\/uploads\/2025\/06\/ORARI-CHIUSURE-STRADE-SDR-2025-212x300.jpg 212w, https:\/\/www.radiopiu.net\/wordpress\/wp-content\/uploads\/2025\/06\/ORARI-CHIUSURE-STRADE-SDR-2025.jpg 595w\" sizes=\"auto, (max-width: 212px) 100vw, 212px\" \/><\/a>\n\t\t\t\t<\/dt><\/dl><dl class='gallery-item'>\n\t\t\t\t<dt class='gallery-icon portrait'>\n\t\t\t\t\t<a class=\"rollover rollover-zoom dt-pswp-item\" title=\"ORARI CHIUSURE STRADE SDR 2025 2\" data-dt-img-description=\"\" data-large_image_width=\"595\" data-large_image_height=\"841\"href='https:\/\/www.radiopiu.net\/wordpress\/wp-content\/uploads\/2025\/06\/ORARI-CHIUSURE-STRADE-SDR-2025-2.jpg'><img loading=\"lazy\" decoding=\"async\" width=\"212\" height=\"300\" src=\"https:\/\/www.radiopiu.net\/wordpress\/wp-content\/uploads\/2025\/06\/ORARI-CHIUSURE-STRADE-SDR-2025-2-212x300.jpg\" class=\"attachment-medium size-medium\" alt=\"\" srcset=\"https:\/\/www.radiopiu.net\/wordpress\/wp-content\/uploads\/2025\/06\/ORARI-CHIUSURE-STRADE-SDR-2025-2-212x300.jpg 212w, https:\/\/www.radiopiu.net\/wordpress\/wp-content\/uploads\/2025\/06\/ORARI-CHIUSURE-STRADE-SDR-2025-2.jpg 595w\" sizes=\"auto, (max-width: 212px) 100vw, 212px\" \/><\/a>\n\t\t\t\t<\/dt><\/dl><br style=\"clear: both\" \/>\n\t\t\t<\/div>\n\n<p>&nbsp;<\/p>\n<hr \/>\n<p>&nbsp;<\/p>\n<blockquote>\n<h3>LAVORI PROGRAMMATI SIB<\/h3>\n<\/blockquote>\n<p>Servizi Integrati Bellunesi informa che, per lavori alla rete idrica comunale, nei giorni 16 e 17 Giugno dalle 8 alle 17 verr\u00e0 sospesa l\u2019erogazione dell\u2019acqua a Rocca Pietore, in Localit\u00e0 Masar\u00e8. In caso di maltempo l&#8217;intervento sar\u00e0 posticipato ai giorni 17 e 18 Giugno 2025.<\/p>\n<p>&nbsp;<\/p>\n<p>&nbsp;<\/p>\n<hr \/>\n<p>&nbsp;<\/p>\n<blockquote>\n<h3>SCIOPERO NAZIONALE DEL 20 GIUGNO: GARANTITE SOLO FASCE ORARIE PROTETTE PER DOLOMITI BUS<\/h3>\n<\/blockquote>\n<p><strong>BELLUNO <\/strong>In occasione dello sciopero nazionale di 24 ore indetto da CUB, SGB e USB per venerd\u00ec 20 giugno 2025, Dolomiti Bus S.p.A. comunica l\u2019adesione all\u2019iniziativa. Saranno garantiti i servizi minimi nelle fasce orarie 5:40\u20138:15 e 16:00\u201319:25. Le corse in partenza prima dell\u2019inizio dello sciopero saranno regolarmente effettuate e <a class=\"dt-pswp-item\" href=\"https:\/\/www.radiopiu.net\/wordpress\/wp-content\/uploads\/2024\/10\/DolomitiBus_02.png\" data-dt-img-description=\"\" data-large_image_width=\"1906\" data-large_image_height=\"806\"><img loading=\"lazy\" decoding=\"async\" class=\"size-medium wp-image-412502 alignleft\" src=\"https:\/\/www.radiopiu.net\/wordpress\/wp-content\/uploads\/2024\/10\/DolomitiBus_02-300x127.png\" alt=\"\" width=\"300\" height=\"127\" srcset=\"https:\/\/www.radiopiu.net\/wordpress\/wp-content\/uploads\/2024\/10\/DolomitiBus_02-300x127.png 300w, https:\/\/www.radiopiu.net\/wordpress\/wp-content\/uploads\/2024\/10\/DolomitiBus_02-1024x433.png 1024w, https:\/\/www.radiopiu.net\/wordpress\/wp-content\/uploads\/2024\/10\/DolomitiBus_02-768x325.png 768w, https:\/\/www.radiopiu.net\/wordpress\/wp-content\/uploads\/2024\/10\/DolomitiBus_02-1536x650.png 1536w, https:\/\/www.radiopiu.net\/wordpress\/wp-content\/uploads\/2024\/10\/DolomitiBus_02.png 1906w\" sizes=\"auto, (max-width: 300px) 100vw, 300px\" \/><\/a>proseguiranno fino al capolinea. Tutti i servizi verranno ripristinati regolarmente a partire da sabato 21 giugno.<\/p>\n<p>&nbsp;<\/p>\n<blockquote>\n<p data-start=\"0\" data-end=\"85\"><strong data-start=\"0\" data-end=\"83\">BILANCIO 2024 DOLOMITIBUS: BENE IL RISULTATO, MA ORA SERVE INVESTIRE SUL LAVORO<\/strong><\/p>\n<\/blockquote>\n<p data-start=\"13\" data-end=\"419\">Il bilancio 2024 di Dolomitibus chiude in positivo, anche grazie ai ristori Covid degli anni passati. Le segreterie territoriali di Faisa Cisal, Filt Cgil, Fit Cisl e Uil Trasporti esprimono soddisfazione, riconoscendo il ruolo fondamentale dei lavoratori, che nei periodi pi\u00f9 critici (2020\u20132022) hanno garantito la continuit\u00e0 del servizio tra difficolt\u00e0 operative, turni pesanti e riduzione del personale. Ora, per\u00f2, non basta il buon risultato economico: servono pi\u00f9 autisti per aumentare davvero il servizio. Le organizzazioni sindacali chiedono all\u2019azienda di aprire un confronto per migliorare l\u2019organizzazione del lavoro, garantire pi\u00f9 tempo libero e aumentare gli stipendi. Solo rendendo Dolomitibus pi\u00f9 attrattiva si potr\u00e0 offrire un servizio migliore al territorio.<\/p>\n<hr \/>\n<p>&nbsp;<\/p>\n<blockquote>\n<h3>LIEVE SCOSSA DI TERREMOTO A REVINE LAGO<\/h3>\n<\/blockquote>\n<p><strong>REVINE LAGO (TV) <\/strong>Una lieve scossa di terremoto \u00e8 stata registrata poco dopo le 18 a Revine Lago, in provincia di Treviso. Il sisma, di magnitudo 2.1, si \u00e8 verificato a una profondit\u00e0 di 9 chilometri. La scossa \u00e8 stata rilevata dai sismografi dell&#8217;Istituto Nazionale di Geofisica e Vulcanologia (INGV). Poche ore dopo, alle 21:05 una seconda scossa nella stessa zona, questa volta di magnitudo 1.7 a 9,3 km di profondit\u00e0.<\/p>\n<p><strong>LA PRIMA SCOSSA<\/strong><\/p>\n\n\t\t\t<style type='text\/css'>\n\t\t\t\t#gallery-3 {\n\t\t\t\t\tmargin: auto;\n\t\t\t\t}\n\t\t\t\t#gallery-3 .gallery-item {\n\t\t\t\t\tfloat: left;\n\t\t\t\t\tmargin-top: 10px;\n\t\t\t\t\ttext-align: center;\n\t\t\t\t\twidth: 33%;\n\t\t\t\t}\n\t\t\t\t#gallery-3 img {\n\t\t\t\t\tborder: 2px solid #cfcfcf;\n\t\t\t\t}\n\t\t\t\t#gallery-3 .gallery-caption {\n\t\t\t\t\tmargin-left: 0;\n\t\t\t\t}\n\t\t\t\t\/* see gallery_shortcode() in wp-includes\/media.php *\/\n\t\t\t<\/style>\n\t\t<div id='gallery-3' class='dt-gallery-container gallery galleryid-453670 gallery-columns-3 gallery-size-thumbnail'><dl class='gallery-item'>\n\t\t\t\t<dt class='gallery-icon portrait'>\n\t\t\t\t\t<a class=\"rollover rollover-zoom dt-pswp-item\" title=\"4069359f-b0c3-49ff-b7c2-9ca23a6d5621\" data-dt-img-description=\"\" data-large_image_width=\"720\" data-large_image_height=\"1600\"href='https:\/\/www.radiopiu.net\/wordpress\/wp-content\/uploads\/2025\/06\/4069359f-b0c3-49ff-b7c2-9ca23a6d5621.jpg'><img loading=\"lazy\" decoding=\"async\" width=\"150\" height=\"150\" src=\"https:\/\/www.radiopiu.net\/wordpress\/wp-content\/uploads\/2025\/06\/4069359f-b0c3-49ff-b7c2-9ca23a6d5621-150x150.jpg\" class=\"attachment-thumbnail size-thumbnail\" alt=\"\" \/><\/a>\n\t\t\t\t<\/dt><\/dl><dl class='gallery-item'>\n\t\t\t\t<dt class='gallery-icon portrait'>\n\t\t\t\t\t<a class=\"rollover rollover-zoom dt-pswp-item\" title=\"cc264d64-4b13-4c4f-a586-0f84d7a0d1dc\" data-dt-img-description=\"\" data-large_image_width=\"720\" data-large_image_height=\"1600\"href='https:\/\/www.radiopiu.net\/wordpress\/wp-content\/uploads\/2025\/06\/cc264d64-4b13-4c4f-a586-0f84d7a0d1dc.jpg'><img loading=\"lazy\" decoding=\"async\" width=\"150\" height=\"150\" src=\"https:\/\/www.radiopiu.net\/wordpress\/wp-content\/uploads\/2025\/06\/cc264d64-4b13-4c4f-a586-0f84d7a0d1dc-150x150.jpg\" class=\"attachment-thumbnail size-thumbnail\" alt=\"\" \/><\/a>\n\t\t\t\t<\/dt><\/dl><dl class='gallery-item'>\n\t\t\t\t<dt class='gallery-icon portrait'>\n\t\t\t\t\t<a class=\"rollover rollover-zoom dt-pswp-item\" title=\"e86371da-fafb-44e5-a208-0e22260a1fb4\" data-dt-img-description=\"\" data-large_image_width=\"720\" data-large_image_height=\"1600\"href='https:\/\/www.radiopiu.net\/wordpress\/wp-content\/uploads\/2025\/06\/e86371da-fafb-44e5-a208-0e22260a1fb4.jpg'><img loading=\"lazy\" decoding=\"async\" width=\"150\" height=\"150\" src=\"https:\/\/www.radiopiu.net\/wordpress\/wp-content\/uploads\/2025\/06\/e86371da-fafb-44e5-a208-0e22260a1fb4-150x150.jpg\" class=\"attachment-thumbnail size-thumbnail\" alt=\"\" \/><\/a>\n\t\t\t\t<\/dt><\/dl><br style=\"clear: both\" \/>\n\t\t\t<\/div>\n\n<p>&nbsp;<\/p>\n<p><strong>LA SECONDA SCOSSA<\/strong><\/p>\n\n\t\t\t<style type='text\/css'>\n\t\t\t\t#gallery-4 {\n\t\t\t\t\tmargin: auto;\n\t\t\t\t}\n\t\t\t\t#gallery-4 .gallery-item {\n\t\t\t\t\tfloat: left;\n\t\t\t\t\tmargin-top: 10px;\n\t\t\t\t\ttext-align: center;\n\t\t\t\t\twidth: 50%;\n\t\t\t\t}\n\t\t\t\t#gallery-4 img {\n\t\t\t\t\tborder: 2px solid #cfcfcf;\n\t\t\t\t}\n\t\t\t\t#gallery-4 .gallery-caption {\n\t\t\t\t\tmargin-left: 0;\n\t\t\t\t}\n\t\t\t\t\/* see gallery_shortcode() in wp-includes\/media.php *\/\n\t\t\t<\/style>\n\t\t<div id='gallery-4' class='dt-gallery-container gallery galleryid-453670 gallery-columns-2 gallery-size-thumbnail'><dl class='gallery-item'>\n\t\t\t\t<dt class='gallery-icon portrait'>\n\t\t\t\t\t<a class=\"rollover rollover-zoom dt-pswp-item\" title=\"f2811118-09dc-4b5b-99b5-24b2ee08949e\" data-dt-img-description=\"\" data-large_image_width=\"720\" data-large_image_height=\"1600\"href='https:\/\/www.radiopiu.net\/wordpress\/wp-content\/uploads\/2025\/06\/f2811118-09dc-4b5b-99b5-24b2ee08949e.jpg'><img loading=\"lazy\" decoding=\"async\" width=\"150\" height=\"150\" src=\"https:\/\/www.radiopiu.net\/wordpress\/wp-content\/uploads\/2025\/06\/f2811118-09dc-4b5b-99b5-24b2ee08949e-150x150.jpg\" class=\"attachment-thumbnail size-thumbnail\" alt=\"\" \/><\/a>\n\t\t\t\t<\/dt><\/dl><dl class='gallery-item'>\n\t\t\t\t<dt class='gallery-icon portrait'>\n\t\t\t\t\t<a class=\"rollover rollover-zoom dt-pswp-item\" title=\"e02c60bf-0248-4242-bd84-e2683b37a347\" data-dt-img-description=\"\" data-large_image_width=\"720\" data-large_image_height=\"1600\"href='https:\/\/www.radiopiu.net\/wordpress\/wp-content\/uploads\/2025\/06\/e02c60bf-0248-4242-bd84-e2683b37a347.jpg'><img loading=\"lazy\" decoding=\"async\" width=\"150\" height=\"150\" src=\"https:\/\/www.radiopiu.net\/wordpress\/wp-content\/uploads\/2025\/06\/e02c60bf-0248-4242-bd84-e2683b37a347-150x150.jpg\" class=\"attachment-thumbnail size-thumbnail\" alt=\"\" \/><\/a>\n\t\t\t\t<\/dt><\/dl><br style=\"clear: both\" \/>\n\t\t\t<\/div>\n\n<p>&nbsp;<\/p>\n<hr \/>\n<p>&nbsp;<\/p>\n<blockquote>\n<p data-start=\"0\" data-end=\"72\"><strong data-start=\"0\" data-end=\"70\">LITE TRA VICINI FINISCE IN TRAGEDIA: MUORE UN UOMO DOPO UNA CADUTA<\/strong><\/p>\n<\/blockquote>\n<div class=\"mceTemp\">\n<p data-start=\"74\" data-end=\"191\" data-is-last-node=\"\" data-is-only-node=\"\"><strong><a class=\"dt-pswp-item\" href=\"https:\/\/www.radiopiu.net\/wordpress\/wp-content\/uploads\/2025\/06\/CARABINIERI-2.jpg\" data-dt-img-description=\"Screenshot\" data-large_image_width=\"1452\" data-large_image_height=\"1076\"><img loading=\"lazy\" decoding=\"async\" class=\" wp-image-453792 alignleft\" src=\"https:\/\/www.radiopiu.net\/wordpress\/wp-content\/uploads\/2025\/06\/CARABINIERI-2-300x222.jpg\" alt=\"\" width=\"197\" height=\"146\" srcset=\"https:\/\/www.radiopiu.net\/wordpress\/wp-content\/uploads\/2025\/06\/CARABINIERI-2-300x222.jpg 300w, https:\/\/www.radiopiu.net\/wordpress\/wp-content\/uploads\/2025\/06\/CARABINIERI-2-1024x759.jpg 1024w, https:\/\/www.radiopiu.net\/wordpress\/wp-content\/uploads\/2025\/06\/CARABINIERI-2-768x569.jpg 768w, https:\/\/www.radiopiu.net\/wordpress\/wp-content\/uploads\/2025\/06\/CARABINIERI-2.jpg 1452w\" sizes=\"auto, (max-width: 197px) 100vw, 197px\" \/><\/a>PONTE NELLE ALPI<\/strong><\/p>\n<p data-start=\"64\" data-end=\"416\">\u2013 Una lite tra vicini si \u00e8 conclusa in modo drammatico nella serata di venerd\u00ec 13 giugno. Secondo quanto\u00a0 comunicato dalla magistratura intervenuta sul posto, il diverbio, nato da dissidi di vicinato tra due uomini, ha avuto un tragico epilogo: uno dei due \u00e8 caduto, battendo la testa, ed \u00e8 deceduto sul colpo.<\/p>\n<p data-start=\"418\" data-end=\"675\">Le forze dell\u2019ordine sono immediatamente intervenute e hanno delimitato l\u2019area per consentire i rilievi del caso. Al momento, non \u00e8 possibile fornire ulteriori informazioni, in quanto sono ancora in corso gli accertamenti da parte delle autorit\u00e0 competenti.<\/p>\n<p data-start=\"677\" data-end=\"757\">Seguiranno aggiornamenti non appena emergeranno nuovi elementi dalle indagini.<\/p>\n<p>&nbsp;<\/p>\n<hr \/>\n<p>&nbsp;<\/p>\n<p>&nbsp;<\/p>\n<blockquote>\n<h3>DONNA PRECIPITA NEL VUOTO DOPO IL CEDIMENTO DI UNA STACCIONATA: MUORE 72ENNE A ZOLDO<\/h3>\n<\/blockquote>\n<p><strong><a class=\"dt-pswp-item\" href=\"https:\/\/www.radiopiu.net\/wordpress\/wp-content\/uploads\/2025\/06\/Screenshot-2025-06-14-050323.png\" data-dt-img-description=\"\" data-large_image_width=\"560\" data-large_image_height=\"488\"><img loading=\"lazy\" decoding=\"async\" class=\" wp-image-453795 alignleft\" src=\"https:\/\/www.radiopiu.net\/wordpress\/wp-content\/uploads\/2025\/06\/Screenshot-2025-06-14-050323-300x261.png\" alt=\"\" width=\"178\" height=\"155\" srcset=\"https:\/\/www.radiopiu.net\/wordpress\/wp-content\/uploads\/2025\/06\/Screenshot-2025-06-14-050323-300x261.png 300w, https:\/\/www.radiopiu.net\/wordpress\/wp-content\/uploads\/2025\/06\/Screenshot-2025-06-14-050323.png 560w\" sizes=\"auto, (max-width: 178px) 100vw, 178px\" \/><\/a>REDAZIONE <\/strong>Ieri, poco prima dell\u2019una, un uomo sotto shock ha contattato la Centrale del 118 segnalando che la moglie era precipitata in una scarpata dopo il cedimento improvviso di una staccionata lungo la strada forestale che da Col di Forno di Zoldo conduce a Villa di Dont, nei pressi del Gaf de Malvar\u00e8. La donna, Maria Straniero, 72 anni di Venezia, stava facendo una pausa durante una camminata quando la barriera ha ceduto, facendola cadere per circa 60 metri in un punto ripido e privo di vegetazione. Sul posto sono intervenuti il Soccorso alpino della Val di Zoldo, supportato dai colleghi di Longarone e dall\u2019elicottero del Suem di Pieve di Cadore. Purtroppo, per la donna non c\u2019era pi\u00f9 nulla da fare. Dopo l\u2019autorizzazione della magistratura, la salma \u00e8 stata recuperata con un gancio baricentrico dall\u2019elicottero dell\u2019Air Service Center e affidata al carro funebre. I carabinieri hanno ricostruito la tragedia e inviato tutto alla magistratura di Belluno. Lungo la scarpata ieri pomeriggio si potevano ancora vedere i due pezzi del tronco che si era spezzato, causando la caduta della 72enne veneziana. Sulla salma, un esame esterno. La strada sulla quale i coniugi erano in passeggiata, \u00e8 comunale: lungo il ciglio della forestale esiste una staccionata vera, ma si ferma diversi metri prima di quello sbarramento. La tragedia ha scosso la comunit\u00e0 zoldana. Lo stesso sindaco Camillo De Pellegrin, informato dell&#8217;accaduto, esprime \u00abcordoglio per questa disgrazia: siamo vicini alla famiglia\u00bb.<\/p>\n<p><strong>TIZIANA BOLOGNANI, ANTICIPAZIONI TG ANTENNA 3<\/strong><\/p>\n<audio class=\"wp-audio-shortcode\" id=\"audio-453670-7\" preload=\"none\" style=\"width: 100%;\" controls=\"controls\"><source type=\"audio\/mpeg\" src=\"https:\/\/www.radiopiu.net\/wordpress\/wp-content\/uploads\/2025\/06\/TIZIANA-ZOLDO.mp3?_=7\" \/><a href=\"https:\/\/www.radiopiu.net\/wordpress\/wp-content\/uploads\/2025\/06\/TIZIANA-ZOLDO.mp3\">https:\/\/www.radiopiu.net\/wordpress\/wp-content\/uploads\/2025\/06\/TIZIANA-ZOLDO.mp3<\/a><\/audio>\n<p>&nbsp;<\/p>\n<p>&nbsp;<\/p>\n<hr \/>\n<p>&nbsp;<\/p>\n<blockquote>\n<h3>MINORENNE VITTIMA DI TRAUMA ACCIDENTALE A FALCADE: INTERVENTO CONGIUNTO DI AMBULANZA ED ELICOTTERO<\/h3>\n<\/blockquote>\n<p><strong><a class=\"dt-pswp-item\" href=\"https:\/\/www.radiopiu.net\/wordpress\/wp-content\/uploads\/2021\/12\/salt-suem.jpg\" data-dt-img-description=\"\" data-large_image_width=\"1440\" data-large_image_height=\"1080\"><img loading=\"lazy\" decoding=\"async\" class=\" wp-image-247613 alignleft\" src=\"https:\/\/www.radiopiu.net\/wordpress\/wp-content\/uploads\/2021\/12\/salt-suem-300x225.jpg\" alt=\"\" width=\"179\" height=\"134\" srcset=\"https:\/\/www.radiopiu.net\/wordpress\/wp-content\/uploads\/2021\/12\/salt-suem-300x225.jpg 300w, https:\/\/www.radiopiu.net\/wordpress\/wp-content\/uploads\/2021\/12\/salt-suem-1024x768.jpg 1024w, https:\/\/www.radiopiu.net\/wordpress\/wp-content\/uploads\/2021\/12\/salt-suem-768x576.jpg 768w, https:\/\/www.radiopiu.net\/wordpress\/wp-content\/uploads\/2021\/12\/salt-suem.jpg 1440w\" sizes=\"auto, (max-width: 179px) 100vw, 179px\" \/><\/a>REDAZIONE<\/strong> Interventi un p\u00f2 in tutta la provincia di Belluno per il Suem 118 nella giornata appena conclusa. Gi\u00e0 dalle prime ore del mattino, alle 09:30, un motociclista spagnolo \u00e8 rimasto coinvolto in un incidente al Passo Giau. Soccorso con prontezza, l\u2019uomo \u00e8 stato trasportato al Punto di Primo Intervento di Cortina. Nel pomeriggio, alle 14:11, un giovane ciclista svizzero di 20 anni \u00e8 rimasto coinvolto in un incidente a Venas. Le sue condizioni hanno richiesto l&#8217;intervento di ambulanza e elicottero, con trasporto a Belluno. Infine, alle 17:50 a Falcade, un minorenne di Padova \u00e8 stato vittima di un trauma accidentale. Anche in questo caso \u00e8 stato necessario il soccorso combinato di ambulanza ed elicottero per il trasporto al nosocomio bellunese.<\/p>\n<p><strong>BORCA DI CADORE <\/strong>In mattinata, verso le 11.20, l&#8217;elicottero del Suem di Pieve di Cadore era intervenuto a Borca di Cadore, sul sentiero tra Passo Staulanza e il Rifugio Citt\u00e0 di Fiume, dove un 72enne di Feltre (BL), non era stato pi\u00f9 in grado di proseguire a causa di un malessere improvviso. L&#8217;uomo \u00e8 stato imbarcato e accompagnato all&#8217;ospedale di Belluno per accertamenti.<\/p>\n<p>&nbsp;<\/p>\n<hr \/>\n<p>&nbsp;<\/p>\n<p data-start=\"0\" data-end=\"84\"><strong data-start=\"0\" data-end=\"82\"><a class=\"dt-pswp-item\" href=\"https:\/\/www.radiopiu.net\/wordpress\/wp-content\/uploads\/2025\/06\/Screenshot-2025-06-14-050201.png\" data-dt-img-description=\"\" data-large_image_width=\"267\" data-large_image_height=\"237\"><img loading=\"lazy\" decoding=\"async\" class=\" wp-image-453794 alignleft\" src=\"https:\/\/www.radiopiu.net\/wordpress\/wp-content\/uploads\/2025\/06\/Screenshot-2025-06-14-050201.png\" alt=\"\" width=\"136\" height=\"121\" \/><\/a>SOLIDARIET\u00c0 AL CONSIGLIERE STEFANI E CONDANNA UNANIME DELLA VIOLENZA IN COMUNE<\/strong><\/p>\n<p data-start=\"86\" data-end=\"226\" data-is-last-node=\"\" data-is-only-node=\"\">BELLUNO L\u2019aggressione subita dal consigliere comunale di Fratelli d\u2019Italia, Armando Stefani, ha suscitato una reazione compatta da parte delle istituzioni. Solidariet\u00e0 \u00e8 arrivata da colleghi di partito, sindaco e presidente del consiglio comunale, che hanno condannato con fermezza ogni forma di violenza, soprattutto all\u2019interno di un luogo simbolo delle istituzioni. I fatti: Stefani sarebbe stato aggredito all\u2019improvviso in un ufficio del Comune da un uomo che conosceva. L\u2019aggressore lo avrebbe minacciato e stretto le mani al collo, fermato solo dall\u2019intervento di un altro consigliere. Il consigliere ha poi sporto denuncia, indicando nome e cognome dell\u2019aggressore. Le indagini sono in corso per chiarire il movente e accertare eventuali responsabilit\u00e0. Tra le ipotesi di reato, lesioni o tentato omicidio.<\/p>\n<blockquote>\n<h3 class=\"_title post-title entry-title\">STEFANI AGGREDITO DA DELLA VECCHIA, CONDANNA E SOLIDARIETA\u2019 DAL SINDACO<\/h3>\n<\/blockquote>\n<p>Intervistati OSCAR DE PELLEGRIN (SINDACO DI BELLUNO) (Servizio di\u00a0<a href=\"https:\/\/antennatre.medianordest.it\/redazione\/Tiziana-Bolognani\/\">Tiziana Bolognani<\/a>)<\/p>\n<p><iframe loading=\"lazy\" title=\"STEFANI AGGREDITO DA DELLA VECCHIA, CONDANNA E SOLIDARIETA&#039; DAL SINDACO  | 13\/06\/2025\" width=\"1200\" height=\"675\" src=\"https:\/\/www.youtube.com\/embed\/dl3dGAQwCHc?feature=oembed\" frameborder=\"0\" allow=\"accelerometer; autoplay; clipboard-write; encrypted-media; gyroscope; picture-in-picture; web-share\" referrerpolicy=\"strict-origin-when-cross-origin\" allowfullscreen><\/iframe><\/p>\n<hr \/>\n<p data-start=\"86\" data-end=\"226\" data-is-last-node=\"\" data-is-only-node=\"\"><strong data-start=\"0\" data-end=\"62\">\u00a0<\/strong><\/p>\n<p data-start=\"86\" data-end=\"226\" data-is-last-node=\"\" data-is-only-node=\"\"><strong data-start=\"0\" data-end=\"62\">\u00a0<\/strong><\/p>\n<p data-start=\"86\" data-end=\"226\" data-is-last-node=\"\" data-is-only-node=\"\"><strong data-start=\"0\" data-end=\"62\">TENTATO FURTO DA TIGOT\u00c0: LADRI IN FUGA LASCIANO IL BOTTINO<\/strong><br data-start=\"62\" data-end=\"65\" \/>Hanno tentato di rubare profumi per 180 euro nel negozio Tigot\u00e0 di viale Vittorio Veneto a Belluno, ma l\u2019improvviso rientro di una commessa li ha messi in fuga. Due giovani, arrivati a bordo di un furgone a noleggio guidato da una donna, hanno abbandonato il bottino e sono scappati verso Ponte nelle Alpi. Il furto \u00e8 stato sventato grazie al tempestivo intervento del personale. La questura, avvisata immediatamente, \u00e8 intervenuta raccogliendo le testimonianze e avviando le indagini con l\u2019aiuto delle telecamere della zona. Nessun danno e, al momento, nessuna denuncia.<\/p>\n<p>&nbsp;<\/p>\n<hr \/>\n<p>&nbsp;<\/p>\n<blockquote>\n<h3>BELLUNO PER GAZA, LA MANIFESTAZIONE IN SOSTEGNO DEL POPOLO PALESTINESE<\/h3>\n<\/blockquote>\n<p><strong><a class=\"dt-pswp-item\" href=\"https:\/\/www.radiopiu.net\/wordpress\/wp-content\/uploads\/2025\/06\/f62f14bf-1be6-435a-8d40-61b33fbc11e3.jpg\" data-dt-img-description=\"\" data-large_image_width=\"800\" data-large_image_height=\"1001\"><img loading=\"lazy\" decoding=\"async\" class=\" wp-image-453749 alignleft\" src=\"https:\/\/www.radiopiu.net\/wordpress\/wp-content\/uploads\/2025\/06\/f62f14bf-1be6-435a-8d40-61b33fbc11e3-240x300.jpg\" alt=\"\" width=\"154\" height=\"193\" srcset=\"https:\/\/www.radiopiu.net\/wordpress\/wp-content\/uploads\/2025\/06\/f62f14bf-1be6-435a-8d40-61b33fbc11e3-240x300.jpg 240w, https:\/\/www.radiopiu.net\/wordpress\/wp-content\/uploads\/2025\/06\/f62f14bf-1be6-435a-8d40-61b33fbc11e3-768x961.jpg 768w, https:\/\/www.radiopiu.net\/wordpress\/wp-content\/uploads\/2025\/06\/f62f14bf-1be6-435a-8d40-61b33fbc11e3.jpg 800w\" sizes=\"auto, (max-width: 154px) 100vw, 154px\" \/><\/a>BELLUNO\u00a0<\/strong>In piazza per sostenere il popolo palestinese e per \u201cdare voce a chi voce non ha\u201d: sar\u00e0 ospitata sabato mattina in Piazza dei Martiri a Belluno \u201cBelluno per Gaza\u201d, manifestazione che ha raccolto adesioni trasversali, tra cui quella della Diocesi.<\/p>\n<p><strong>DI DANIELE DALVIT<\/strong><\/p>\n<audio class=\"wp-audio-shortcode\" id=\"audio-453670-8\" preload=\"none\" style=\"width: 100%;\" controls=\"controls\"><source type=\"audio\/mpeg\" src=\"https:\/\/www.radiopiu.net\/wordpress\/wp-content\/uploads\/2025\/06\/Servizio-Manifestazione-Belluno-per-Gaza-.mp3?_=8\" \/><a href=\"https:\/\/www.radiopiu.net\/wordpress\/wp-content\/uploads\/2025\/06\/Servizio-Manifestazione-Belluno-per-Gaza-.mp3\">https:\/\/www.radiopiu.net\/wordpress\/wp-content\/uploads\/2025\/06\/Servizio-Manifestazione-Belluno-per-Gaza-.mp3<\/a><\/audio>\n<p>&nbsp;<\/p>\n<p>&nbsp;<\/p>\n<p>&nbsp;<\/p>\n<hr \/>\n<p>&nbsp;<\/p>\n<blockquote>\n<h3>\u201cIMPRESE RIBELLI\u201d: FESTA PER GLI 80 ANNI DI APPIA CNA BELLUNO TRA ARTIGIANATO E STORIA<\/h3>\n<\/blockquote>\n<p><strong><a class=\"dt-pswp-item\" href=\"https:\/\/www.radiopiu.net\/wordpress\/wp-content\/uploads\/2024\/10\/Appia-Esterni-rinnovati-4.jpg\" data-dt-img-description=\"\" data-large_image_width=\"1920\" data-large_image_height=\"1080\"><img loading=\"lazy\" decoding=\"async\" class=\" wp-image-417381 alignleft\" src=\"https:\/\/www.radiopiu.net\/wordpress\/wp-content\/uploads\/2024\/10\/Appia-Esterni-rinnovati-4-300x169.jpg\" alt=\"\" width=\"215\" height=\"121\" srcset=\"https:\/\/www.radiopiu.net\/wordpress\/wp-content\/uploads\/2024\/10\/Appia-Esterni-rinnovati-4-300x169.jpg 300w, https:\/\/www.radiopiu.net\/wordpress\/wp-content\/uploads\/2024\/10\/Appia-Esterni-rinnovati-4-1024x576.jpg 1024w, https:\/\/www.radiopiu.net\/wordpress\/wp-content\/uploads\/2024\/10\/Appia-Esterni-rinnovati-4-768x432.jpg 768w, https:\/\/www.radiopiu.net\/wordpress\/wp-content\/uploads\/2024\/10\/Appia-Esterni-rinnovati-4-1536x864.jpg 1536w, https:\/\/www.radiopiu.net\/wordpress\/wp-content\/uploads\/2024\/10\/Appia-Esterni-rinnovati-4.jpg 1920w\" sizes=\"auto, (max-width: 215px) 100vw, 215px\" \/><\/a>BELLUNO <\/strong>Sabato 21 giugno Belluno celebra gli 80 anni di Appia CNA con \u201cImprese ribelli\u201d, una giornata ricca di eventi. In Piazza dei Martiri, dalle 10 alle 14, il <em data-start=\"247\" data-end=\"268\">Villaggio Artigiano<\/em> metter\u00e0 in mostra il \u201csaper fare\u201d locale, con dimostrazioni pratiche nei settori della ceramica, tessile, design, occhialeria e lavorazioni plastiche. Oltre agli artigiani, saranno presenti gli enti bilaterali regionali e infopoint informativi. L\u2019evento sar\u00e0 arricchito da spettacoli circensi e artisti di strada del gruppo \u201cIl Musicomio\u201d. Dal 24 giugno all\u201911 luglio, il cortile interno di Palazzo Crepadona ospiter\u00e0 la mostra \u201c80 anni di libera impresa\u201d, curata da Giacomo Fassetta: un percorso tra foto, documenti e oggetti storici, dal primo verbale del 1945 alla visita di Alcide De Gasperi nel 1949, fino alla modernit\u00e0 dell\u2019artigianato attuale. L\u2019iniziativa \u00e8 sostenuta da istituzioni locali e partner economici e rappresenta un\u2019occasione per riflettere sul valore dell\u2019impresa artigiana e sulla sua capacit\u00e0 di innovare nel rispetto della tradizione.<\/p>\n<p>&nbsp;<\/p>\n<p>&nbsp;<\/p>\n<hr \/>\n<p>&nbsp;<\/p>\n<blockquote>\n<h3>OGGI LA GIORNATA MONDIALE DEL DONATORE DI SANGUE<\/h3>\n<\/blockquote>\n<p><strong><a class=\"dt-pswp-item\" href=\"https:\/\/www.radiopiu.net\/wordpress\/wp-content\/uploads\/2023\/02\/DONATORE-SANGUE.jpeg\" data-dt-img-description=\"\" data-large_image_width=\"1640\" data-large_image_height=\"1186\"><img loading=\"lazy\" decoding=\"async\" class=\" wp-image-322486 alignleft\" src=\"https:\/\/www.radiopiu.net\/wordpress\/wp-content\/uploads\/2023\/02\/DONATORE-SANGUE-300x217.jpeg\" alt=\"\" width=\"182\" height=\"132\" srcset=\"https:\/\/www.radiopiu.net\/wordpress\/wp-content\/uploads\/2023\/02\/DONATORE-SANGUE-300x217.jpeg 300w, https:\/\/www.radiopiu.net\/wordpress\/wp-content\/uploads\/2023\/02\/DONATORE-SANGUE-1024x741.jpeg 1024w, https:\/\/www.radiopiu.net\/wordpress\/wp-content\/uploads\/2023\/02\/DONATORE-SANGUE-768x555.jpeg 768w, https:\/\/www.radiopiu.net\/wordpress\/wp-content\/uploads\/2023\/02\/DONATORE-SANGUE-1536x1111.jpeg 1536w, https:\/\/www.radiopiu.net\/wordpress\/wp-content\/uploads\/2023\/02\/DONATORE-SANGUE.jpeg 1640w\" sizes=\"auto, (max-width: 182px) 100vw, 182px\" \/><\/a>BELLUNO <\/strong>Oggi ricorre la Giornata mondiale del donatore di sangue, un\u2019occasione per sensibilizzare sull\u2019importanza di questo prezioso gesto. Il 2024 \u00e8 stato un anno positivo nell\u2019Ulss Dolomiti: sono state eseguite 14.290 donazioni, di cui 13.004 di sangue intero e 1.286 di plasma da aferesi. La generosit\u00e0 dei donatori bellunesi continua ad andare oltre i confini della provincia: \u00e8 positivo, infatti, anche il contributo che l\u2019Ulss Dolomiti ha potuto fornire nel 2024 in termini di supporto all\u2019autosufficienza regionale e nazionale di emocomponenti, cedendo ad altre Ulss del Veneto e della Regione Sardegna oltre 5.600 unit\u00e0 di globuli rossi. Positivo anche l\u2019andamento nei primi mesi dell\u2019anno 2025: ad oggi sono state eseguite 6.000 donazioni e si contano in totale oltre 2.300 cessioni verso altre Ulss sia in Veneto che fuori regione.<\/p>\n<p>&nbsp;<\/p>\n<p>&nbsp;<\/p>\n<hr \/>\n<p>&nbsp;<\/p>\n<blockquote>\n<h3>SEDICO ASCOLTA I GIOVANI: INCONTRO CON LE CLASSI 2006 E 2007 PER COSTRUIRE IL FUTURO INSIEME<\/h3>\n<\/blockquote>\n<p><strong>SEDICO <\/strong>Un incontro per parlare, ascoltare e costruire insieme il futuro del paese. Nei giorni scorsi l\u2019amministrazione comunale di Sedico ha organizzato un confronto diretto con i ragazzi e le ragazze delle classi 2006 e 2007, con l\u2019obiettivo di raccogliere proposte, desideri e richieste da parte delle nuove generazioni. L\u2019iniziativa, accolta con entusiasmo, si \u00e8 svolta a Villa Patt e ha visto la partecipazione di una nutrita rappresentanza di giovani residenti. A guidare il dialogo, la vicesindaco Viviana Mussoi e alcuni consiglieri comunali, determinati a creare uno spazio di ascolto attivo e costruttivo. \u00abQuesto \u00e8 il primo di una serie di incontri che vogliamo ripetere con cadenza regolare \u2013 ha dichiarato la vicesindaco \u2013. I giovani sono una parte fondamentale della nostra comunit\u00e0 e meritano di essere coinvolti nelle decisioni che riguardano il territorio in cui vivono\u00bb. Tra i temi emersi: il desiderio di spazi di aggregazione pi\u00f9 attrezzati, maggiore attenzione alle attivit\u00e0 culturali e sportive, ma anche sensibilit\u00e0 per l\u2019ambiente e il benessere psicologico dei coetanei. Alcuni ragazzi hanno proposto l\u2019idea di una \u201cGruppo Giovani\u201d e la creazione di eventi pensati e organizzati da loro stessi. \u00abCi ha colpito la maturit\u00e0 con cui si sono espressi \u2013 ha commentato uno dei consiglieri presenti \u2013. Questo incontro \u00e8 solo un inizio, ma dimostra che il dialogo intergenerazionale \u00e8 possibile e prezioso\u00bb. L\u2019amministrazione si \u00e8 impegnata a valutare concretamente le proposte, alcune delle quali potranno trovare spazio gi\u00e0 nei prossimi mesi. Durante l&#8217;incontro \u00e8 intervenuto anche il Presidente provinciale dell&#8217;Abvs di Belluno,Roberto Maraga, per sensibilizzazione i giovani al dono del sangue ed a entrare come parte attiva nelle varie sezioni del Comune. Inoltre il responsabile della Protezione Civile di Sedico, Mario Bressan, ha raccontato e illustrato la storia e le varie attivit\u00e0 della Protezione civile, cercando fra i ragazzi nuove leve per portare avanti il lavoro svolto in questi anni. Al termine \u00e8 stata offerta una pastasciutta a tutti i partecipanti gentilmente offerta dalla Proloco con a capo Claudio Mezzavilla, anch&#8217;egli ha spiegato cosa fa la Proloco invitando i giovani a partecipare alle proprie attivit\u00e0, ringraziando il consigliere comunale Davide Lovisotto per aver cucinato e organizzato la logistica dell&#8217;evento. Ora appuntamento al prossimo incontro.<\/p>\n\n\t\t\t<style type='text\/css'>\n\t\t\t\t#gallery-5 {\n\t\t\t\t\tmargin: auto;\n\t\t\t\t}\n\t\t\t\t#gallery-5 .gallery-item {\n\t\t\t\t\tfloat: left;\n\t\t\t\t\tmargin-top: 10px;\n\t\t\t\t\ttext-align: center;\n\t\t\t\t\twidth: 20%;\n\t\t\t\t}\n\t\t\t\t#gallery-5 img {\n\t\t\t\t\tborder: 2px solid #cfcfcf;\n\t\t\t\t}\n\t\t\t\t#gallery-5 .gallery-caption {\n\t\t\t\t\tmargin-left: 0;\n\t\t\t\t}\n\t\t\t\t\/* see gallery_shortcode() in wp-includes\/media.php *\/\n\t\t\t<\/style>\n\t\t<div id='gallery-5' class='dt-gallery-container gallery galleryid-453670 gallery-columns-5 gallery-size-thumbnail'><dl class='gallery-item'>\n\t\t\t\t<dt class='gallery-icon landscape'>\n\t\t\t\t\t<a class=\"rollover rollover-zoom dt-pswp-item\" title=\"02f0e620-76d6-498a-9339-277992981ed0\" data-dt-img-description=\"\" data-large_image_width=\"2000\" data-large_image_height=\"1500\"href='https:\/\/www.radiopiu.net\/wordpress\/wp-content\/uploads\/2025\/06\/02f0e620-76d6-498a-9339-277992981ed0.jpg'><img loading=\"lazy\" decoding=\"async\" width=\"150\" height=\"150\" src=\"https:\/\/www.radiopiu.net\/wordpress\/wp-content\/uploads\/2025\/06\/02f0e620-76d6-498a-9339-277992981ed0-150x150.jpg\" class=\"attachment-thumbnail size-thumbnail\" alt=\"\" \/><\/a>\n\t\t\t\t<\/dt><\/dl><dl class='gallery-item'>\n\t\t\t\t<dt class='gallery-icon landscape'>\n\t\t\t\t\t<a class=\"rollover rollover-zoom dt-pswp-item\" title=\"5c15b2f5-3e0e-4b74-88f9-9dca59413cbf\" data-dt-img-description=\"\" data-large_image_width=\"1600\" data-large_image_height=\"1200\"href='https:\/\/www.radiopiu.net\/wordpress\/wp-content\/uploads\/2025\/06\/5c15b2f5-3e0e-4b74-88f9-9dca59413cbf.jpg'><img loading=\"lazy\" decoding=\"async\" width=\"150\" height=\"150\" src=\"https:\/\/www.radiopiu.net\/wordpress\/wp-content\/uploads\/2025\/06\/5c15b2f5-3e0e-4b74-88f9-9dca59413cbf-150x150.jpg\" class=\"attachment-thumbnail size-thumbnail\" alt=\"\" \/><\/a>\n\t\t\t\t<\/dt><\/dl><dl class='gallery-item'>\n\t\t\t\t<dt class='gallery-icon portrait'>\n\t\t\t\t\t<a class=\"rollover rollover-zoom dt-pswp-item\" title=\"f5f6b5af-f5a2-4755-b9e2-1ebe1a784c81\" data-dt-img-description=\"\" data-large_image_width=\"1500\" data-large_image_height=\"2000\"href='https:\/\/www.radiopiu.net\/wordpress\/wp-content\/uploads\/2025\/06\/f5f6b5af-f5a2-4755-b9e2-1ebe1a784c81.jpg'><img loading=\"lazy\" decoding=\"async\" width=\"150\" height=\"150\" src=\"https:\/\/www.radiopiu.net\/wordpress\/wp-content\/uploads\/2025\/06\/f5f6b5af-f5a2-4755-b9e2-1ebe1a784c81-150x150.jpg\" class=\"attachment-thumbnail size-thumbnail\" alt=\"\" \/><\/a>\n\t\t\t\t<\/dt><\/dl><dl class='gallery-item'>\n\t\t\t\t<dt class='gallery-icon portrait'>\n\t\t\t\t\t<a class=\"rollover rollover-zoom dt-pswp-item\" title=\"0979b016-bc7f-4746-bbe1-46ae9a53c962\" data-dt-img-description=\"\" data-large_image_width=\"1500\" data-large_image_height=\"2000\"href='https:\/\/www.radiopiu.net\/wordpress\/wp-content\/uploads\/2025\/06\/0979b016-bc7f-4746-bbe1-46ae9a53c962.jpg'><img loading=\"lazy\" decoding=\"async\" width=\"150\" height=\"150\" src=\"https:\/\/www.radiopiu.net\/wordpress\/wp-content\/uploads\/2025\/06\/0979b016-bc7f-4746-bbe1-46ae9a53c962-150x150.jpg\" class=\"attachment-thumbnail size-thumbnail\" alt=\"\" \/><\/a>\n\t\t\t\t<\/dt><\/dl><dl class='gallery-item'>\n\t\t\t\t<dt class='gallery-icon portrait'>\n\t\t\t\t\t<a class=\"rollover rollover-zoom dt-pswp-item\" title=\"e3bdf2bc-2f85-4f60-9da1-a579a2d01117\" data-dt-img-description=\"\" data-large_image_width=\"1500\" data-large_image_height=\"2000\"href='https:\/\/www.radiopiu.net\/wordpress\/wp-content\/uploads\/2025\/06\/e3bdf2bc-2f85-4f60-9da1-a579a2d01117.jpg'><img loading=\"lazy\" decoding=\"async\" width=\"150\" height=\"150\" src=\"https:\/\/www.radiopiu.net\/wordpress\/wp-content\/uploads\/2025\/06\/e3bdf2bc-2f85-4f60-9da1-a579a2d01117-150x150.jpg\" class=\"attachment-thumbnail size-thumbnail\" alt=\"\" \/><\/a>\n\t\t\t\t<\/dt><\/dl><br style=\"clear: both\" \/>\n\t\t\t<\/div>\n\n<p>&nbsp;<\/p>\n<hr \/>\n<p>&nbsp;<\/p>\n<blockquote>\n<h3>OLTRE LIMANA INTERROGA L\u2019AMMINISTRAZIONE SUL FUTURO DELLA CITTADELLA SCOLASTICA<\/h3>\n<\/blockquote>\n<p><strong><a class=\"dt-pswp-item\" href=\"https:\/\/www.radiopiu.net\/wordpress\/wp-content\/uploads\/2024\/10\/OLTRE-LIMANA.png\" data-dt-img-description=\"\" data-large_image_width=\"1179\" data-large_image_height=\"1184\"><img loading=\"lazy\" decoding=\"async\" class=\" wp-image-413077 alignleft\" src=\"https:\/\/www.radiopiu.net\/wordpress\/wp-content\/uploads\/2024\/10\/OLTRE-LIMANA-300x300.png\" alt=\"\" width=\"139\" height=\"139\" srcset=\"https:\/\/www.radiopiu.net\/wordpress\/wp-content\/uploads\/2024\/10\/OLTRE-LIMANA-300x300.png 300w, https:\/\/www.radiopiu.net\/wordpress\/wp-content\/uploads\/2024\/10\/OLTRE-LIMANA-1020x1024.png 1020w, https:\/\/www.radiopiu.net\/wordpress\/wp-content\/uploads\/2024\/10\/OLTRE-LIMANA-150x150.png 150w, https:\/\/www.radiopiu.net\/wordpress\/wp-content\/uploads\/2024\/10\/OLTRE-LIMANA-768x771.png 768w, https:\/\/www.radiopiu.net\/wordpress\/wp-content\/uploads\/2024\/10\/OLTRE-LIMANA.png 1179w\" sizes=\"auto, (max-width: 139px) 100vw, 139px\" \/><\/a>LIMANA <\/strong>Oltre Limana esprime preoccupazione riguardo alla decisione dell&#8217;amministrazione Talo di costruire un asilo nido da 24 posti vicino alla mensa del polo scolastico di Via Fiabane. Pur accogliendo positivamente il contributo di oltre 500.000 euro, il gruppo teme che questa scelta comprometta la possibilit\u00e0 di realizzare la nuova scuola materna da 150 posti, gi\u00e0 in graduatoria per un finanziamento PNRR di oltre 3,3 milioni di euro. Il sito individuato per il nido \u00e8 infatti l\u2019unico terreno comunale conforme agli standard richiesti. La proposta di Oltre Limana era invece di riconvertire l\u2019asilo di Navasa in nido, una volta costruita la nuova materna. Il gruppo chiede chiarezza sulle strategie dell\u2019amministrazione e sul futuro delle strutture scolastiche, sollevando dubbi anche sulle risorse per altre opere. Un\u2019interrogazione \u00e8 stata presentata per ottenere risposte e proporre alternative.<\/p>\n<p>&nbsp;<\/p>\n<p>&nbsp;<\/p>\n<hr \/>\n<p>&nbsp;<\/p>\n<blockquote>\n<h3>VAL BIOIS, ATTIVA UNA NUOVA COLONNINA DI RICARICA A VALLADA: PI\u00d9 SERVIZI PER I VEICOLI ELETTRICI<\/h3>\n<\/blockquote>\n<p><strong>VALLADA <\/strong>Crescono i servizi per la mobilit\u00e0 sostenibile in Valle del Biois. Dopo l\u2019attivazione nell\u2019autunno del 2022 della prima colonnina pubblica per la ricarica delle auto elettriche nel piazzale dello sport di Falcade \u2013 nei pressi del parco giochi e della caserma dei Carabinieri \u2013 arriva ora un secondo punto di ricarica, operativo da poco a Vallada Agordina. La nuova infrastruttura, installata nei mesi scorsi e recentemente attivata, rappresenta un passo avanti importante per la vallata, dove fino a poco tempo fa era disponibile un solo punto di rifornimento pubblico. Un limite che si era fatto sentire soprattutto nei periodi di maggior afflusso turistico, con lunghe attese per accedere alle prese disponibili. Con l\u2019aggiunta della colonnina a Vallada, dotata di due prese, si migliora l&#8217;accessibilit\u00e0 per chi viaggia in elettrico e si sostiene lo sviluppo del turismo green, sempre pi\u00f9 diffuso anche tra le Dolomiti.<\/p>\n\n\t\t\t<style type='text\/css'>\n\t\t\t\t#gallery-6 {\n\t\t\t\t\tmargin: auto;\n\t\t\t\t}\n\t\t\t\t#gallery-6 .gallery-item {\n\t\t\t\t\tfloat: left;\n\t\t\t\t\tmargin-top: 10px;\n\t\t\t\t\ttext-align: center;\n\t\t\t\t\twidth: 50%;\n\t\t\t\t}\n\t\t\t\t#gallery-6 img {\n\t\t\t\t\tborder: 2px solid #cfcfcf;\n\t\t\t\t}\n\t\t\t\t#gallery-6 .gallery-caption {\n\t\t\t\t\tmargin-left: 0;\n\t\t\t\t}\n\t\t\t\t\/* see gallery_shortcode() in wp-includes\/media.php *\/\n\t\t\t<\/style>\n\t\t<div id='gallery-6' class='dt-gallery-container gallery galleryid-453670 gallery-columns-2 gallery-size-medium'><dl class='gallery-item'>\n\t\t\t\t<dt class='gallery-icon landscape'>\n\t\t\t\t\t<a class=\"rollover rollover-zoom dt-pswp-item\" title=\"PIHROAH\" data-dt-img-description=\"\" data-large_image_width=\"620\" data-large_image_height=\"450\"href='https:\/\/www.radiopiu.net\/wordpress\/wp-content\/uploads\/2025\/06\/PIHROAH.jpg'><img loading=\"lazy\" decoding=\"async\" width=\"300\" height=\"218\" src=\"https:\/\/www.radiopiu.net\/wordpress\/wp-content\/uploads\/2025\/06\/PIHROAH-300x218.jpg\" class=\"attachment-medium size-medium\" alt=\"\" srcset=\"https:\/\/www.radiopiu.net\/wordpress\/wp-content\/uploads\/2025\/06\/PIHROAH-300x218.jpg 300w, https:\/\/www.radiopiu.net\/wordpress\/wp-content\/uploads\/2025\/06\/PIHROAH.jpg 620w\" sizes=\"auto, (max-width: 300px) 100vw, 300px\" \/><\/a>\n\t\t\t\t<\/dt><\/dl><dl class='gallery-item'>\n\t\t\t\t<dt class='gallery-icon landscape'>\n\t\t\t\t\t<a class=\"rollover rollover-zoom dt-pswp-item\" title=\"\u00f2KJHSGPIGH\" data-dt-img-description=\"\" data-large_image_width=\"703\" data-large_image_height=\"488\"href='https:\/\/www.radiopiu.net\/wordpress\/wp-content\/uploads\/2025\/06\/oKJHSGPIGH.jpg'><img loading=\"lazy\" decoding=\"async\" width=\"300\" height=\"208\" src=\"https:\/\/www.radiopiu.net\/wordpress\/wp-content\/uploads\/2025\/06\/oKJHSGPIGH-300x208.jpg\" class=\"attachment-medium size-medium\" alt=\"\" srcset=\"https:\/\/www.radiopiu.net\/wordpress\/wp-content\/uploads\/2025\/06\/oKJHSGPIGH-300x208.jpg 300w, https:\/\/www.radiopiu.net\/wordpress\/wp-content\/uploads\/2025\/06\/oKJHSGPIGH.jpg 703w\" sizes=\"auto, (max-width: 300px) 100vw, 300px\" \/><\/a>\n\t\t\t\t<\/dt><\/dl><br style=\"clear: both\" \/>\n\t\t\t<\/div>\n\n<p>&nbsp;<\/p>\n<hr \/>\n<p>&nbsp;<\/p>\n<blockquote>\n<h3>INDOVINA CHI VIENE ALLA FESTA? E SE FOSSE&#8230;MAX PEZZALI<\/h3>\n<\/blockquote>\n<p><strong><a class=\"dt-pswp-item\" href=\"https:\/\/www.radiopiu.net\/wordpress\/wp-content\/uploads\/2025\/06\/SCR-20250613-rnre.jpeg\" data-dt-img-description=\"\" data-large_image_width=\"1762\" data-large_image_height=\"1182\"><img loading=\"lazy\" decoding=\"async\" class=\" wp-image-453773 alignleft\" src=\"https:\/\/www.radiopiu.net\/wordpress\/wp-content\/uploads\/2025\/06\/SCR-20250613-rnre-300x201.jpeg\" alt=\"\" width=\"300\" height=\"201\" srcset=\"https:\/\/www.radiopiu.net\/wordpress\/wp-content\/uploads\/2025\/06\/SCR-20250613-rnre-300x201.jpeg 300w, https:\/\/www.radiopiu.net\/wordpress\/wp-content\/uploads\/2025\/06\/SCR-20250613-rnre-1024x687.jpeg 1024w, https:\/\/www.radiopiu.net\/wordpress\/wp-content\/uploads\/2025\/06\/SCR-20250613-rnre-768x515.jpeg 768w, https:\/\/www.radiopiu.net\/wordpress\/wp-content\/uploads\/2025\/06\/SCR-20250613-rnre-1536x1030.jpeg 1536w, https:\/\/www.radiopiu.net\/wordpress\/wp-content\/uploads\/2025\/06\/SCR-20250613-rnre.jpeg 1762w\" sizes=\"auto, (max-width: 300px) 100vw, 300px\" \/><\/a>DI MARINA DONA&#8217;<\/strong><\/p>\n<p>Indovina chi viene alla festa? S\u00ec, avete capito bene: non pi\u00f9 \u201cIndovina chi viene a cena?\u201d, ma una nuova formula per un evento speciale. In molti si stanno chiedendo chi sar\u00e0 l\u2019ospite d\u2019onore della grande festa organizzata da EssilorLuxottica il 20 giugno 2025. Quest\u2019anno, infatti, la tradizionale cena di fine anno, tanto cara al Cavalier Leonardo Del Vecchio, lascia spazio a una festa che coinvolger\u00e0 dipendenti, amici e familiari. Un nostro sondaggio interno vede in testa Elodie. A me, invece, piacerebbe fosse un uomo. E voglio partecipare anch\u2019io a questo gioco di ipotesi: il mio nome \u00e8 Max Pezzali. S\u00ec, proprio lui, il centauro del mitico gruppo degli 883. Io punto tutto su questo cavallo.<\/p>\n<p>E voi, su che cavallo puntate?<\/p>\n<p>&nbsp;<\/p>\n<p>&nbsp;<\/p>\n<hr \/>\n<p>&nbsp;<\/p>\n<blockquote>\n<h3>NUOVE PANCHINE A ROE DI SEDICO: PICCOLI GESTI PER IL BENESSERE DELLA COMUNIT\u00c0<\/h3>\n<\/blockquote>\n<p><strong>SEDICO <\/strong>Piccoli gesti, grande impatto. \u00c8 con questo spirito che nei giorni scorsi sono state installate due nuove panchine lungo il percorso pedonale di Roe di Sedico, in via campagnola, un tratto molto frequentato da residenti di ogni et\u00e0, in particolare anziani e giovani. L\u2019iniziativa \u00e8 stata promossa e seguita da vicino dai consiglieri comunali Davide Lovisotto e Gianfranco De Bona, che hanno voluto rispondere a una richiesta concreta arrivata dal territorio: offrire punti di sosta e socialit\u00e0 in un\u2019area sempre pi\u00f9 vissuta dalla popolazione. \u00abAbbiamo ricevuto diverse segnalazioni da parte di cittadini, soprattutto persone anziane che percorrono quotidianamente questo tragitto per passeggiare o semplicemente prendere un po\u2019 d\u2019aria \u2013 spiega Lovisotto \u2013. Ci \u00e8 sembrato giusto intervenire con una soluzione semplice ma efficace\u00bb. Le nuove panchine, realizzate in legno con struttura metallica, sono state posizionate in due punti strategici del percorso, con vista aperta sui prati circostanti e facilmente accessibili. Non solo comodit\u00e0: l\u2019intervento punta anche a incentivare uno stile di vita attivo e all\u2019aperto. \u00abNon \u00e8 un progetto costoso, ma \u00e8 importante \u2013 aggiunge De Bona \u2013. Serve a migliorare la vivibilit\u00e0 e il senso di comunit\u00e0. Lo spazio pubblico deve essere pensato per tutti, soprattutto per chi ha meno possibilit\u00e0 di spostarsi in auto o ha bisogno di fermarsi di tanto in tanto\u00bb. L\u2019installazione si inserisce in un pi\u00f9 ampio progetto di cura e valorizzazione delle aree verdi del comune, con l\u2019obiettivo di rendere Sedico sempre pi\u00f9 a misura di cittadino.<\/p>\n\n\t\t\t<style type='text\/css'>\n\t\t\t\t#gallery-7 {\n\t\t\t\t\tmargin: auto;\n\t\t\t\t}\n\t\t\t\t#gallery-7 .gallery-item {\n\t\t\t\t\tfloat: left;\n\t\t\t\t\tmargin-top: 10px;\n\t\t\t\t\ttext-align: center;\n\t\t\t\t\twidth: 50%;\n\t\t\t\t}\n\t\t\t\t#gallery-7 img {\n\t\t\t\t\tborder: 2px solid #cfcfcf;\n\t\t\t\t}\n\t\t\t\t#gallery-7 .gallery-caption {\n\t\t\t\t\tmargin-left: 0;\n\t\t\t\t}\n\t\t\t\t\/* see gallery_shortcode() in wp-includes\/media.php *\/\n\t\t\t<\/style>\n\t\t<div id='gallery-7' class='dt-gallery-container gallery galleryid-453670 gallery-columns-2 gallery-size-medium'><dl class='gallery-item'>\n\t\t\t\t<dt class='gallery-icon landscape'>\n\t\t\t\t\t<a class=\"rollover rollover-zoom dt-pswp-item\" title=\"kdgla\" data-dt-img-description=\"\" data-large_image_width=\"1197\" data-large_image_height=\"864\"href='https:\/\/www.radiopiu.net\/wordpress\/wp-content\/uploads\/2025\/06\/kdgla.jpg'><img loading=\"lazy\" decoding=\"async\" width=\"300\" height=\"217\" src=\"https:\/\/www.radiopiu.net\/wordpress\/wp-content\/uploads\/2025\/06\/kdgla-300x217.jpg\" class=\"attachment-medium size-medium\" alt=\"\" srcset=\"https:\/\/www.radiopiu.net\/wordpress\/wp-content\/uploads\/2025\/06\/kdgla-300x217.jpg 300w, https:\/\/www.radiopiu.net\/wordpress\/wp-content\/uploads\/2025\/06\/kdgla-1024x739.jpg 1024w, https:\/\/www.radiopiu.net\/wordpress\/wp-content\/uploads\/2025\/06\/kdgla-768x554.jpg 768w, https:\/\/www.radiopiu.net\/wordpress\/wp-content\/uploads\/2025\/06\/kdgla.jpg 1197w\" sizes=\"auto, (max-width: 300px) 100vw, 300px\" \/><\/a>\n\t\t\t\t<\/dt><\/dl><dl class='gallery-item'>\n\t\t\t\t<dt class='gallery-icon landscape'>\n\t\t\t\t\t<a class=\"rollover rollover-zoom dt-pswp-item\" title=\"01263320-6113-4d22-9609-fcab3f8aa338\" data-dt-img-description=\"\" data-large_image_width=\"1600\" data-large_image_height=\"1197\"href='https:\/\/www.radiopiu.net\/wordpress\/wp-content\/uploads\/2025\/06\/01263320-6113-4d22-9609-fcab3f8aa338.jpg'><img loading=\"lazy\" decoding=\"async\" width=\"300\" height=\"224\" src=\"https:\/\/www.radiopiu.net\/wordpress\/wp-content\/uploads\/2025\/06\/01263320-6113-4d22-9609-fcab3f8aa338-300x224.jpg\" class=\"attachment-medium size-medium\" alt=\"\" srcset=\"https:\/\/www.radiopiu.net\/wordpress\/wp-content\/uploads\/2025\/06\/01263320-6113-4d22-9609-fcab3f8aa338-300x224.jpg 300w, https:\/\/www.radiopiu.net\/wordpress\/wp-content\/uploads\/2025\/06\/01263320-6113-4d22-9609-fcab3f8aa338-1024x766.jpg 1024w, https:\/\/www.radiopiu.net\/wordpress\/wp-content\/uploads\/2025\/06\/01263320-6113-4d22-9609-fcab3f8aa338-768x575.jpg 768w, https:\/\/www.radiopiu.net\/wordpress\/wp-content\/uploads\/2025\/06\/01263320-6113-4d22-9609-fcab3f8aa338-1536x1149.jpg 1536w, https:\/\/www.radiopiu.net\/wordpress\/wp-content\/uploads\/2025\/06\/01263320-6113-4d22-9609-fcab3f8aa338.jpg 1600w\" sizes=\"auto, (max-width: 300px) 100vw, 300px\" \/><\/a>\n\t\t\t\t<\/dt><\/dl><br style=\"clear: both\" \/>\n\t\t\t<\/div>\n\n<hr \/>\n<p>&nbsp;<\/p>\n<blockquote>\n<h3>\u201c\u00c8 TUTTA UNA MONTATURA!\u201d: OLTRE 100 STUDENTI PROTAGONISTI DEL CONCORSO SULL\u2019OCCHIALE<\/h3>\n<\/blockquote>\n<p><strong>BELLUNO <\/strong>Si \u00e8 conclusa con successo la quarta edizione del concorso \u201c\u00c8 tutta una montatura!\u201d, promosso da Confindustria Belluno Dolomiti per avvicinare i giovani al mondo dell\u2019occhialeria. Oltre 100 studenti delle seconde medie di Belluno, Feltre e Ponte nelle Alpi si sono sfidati nella progettazione di un occhiale pensato per la Generazione Z, sviluppando disegni tecnici, artistici, schede materiali e campagne promozionali. Il concorso, ideato dalla Sezione Occhialeria Moda Sport e dal Gruppo Giovani Imprenditori, ha voluto trasmettere la passione per un settore in continua evoluzione, valorizzando creativit\u00e0 e competenze digitali. Quattro i gruppi vincitori premiati con 500 euro da destinare a materiali scolastici o viaggi di istruzione. I promotori Erminio Da Vi\u00e0 e Margherita Vascellari sottolineano l\u2019importanza del ricambio generazionale e del legame tra scuola e impresa per garantire un futuro sostenibile al comparto dell\u2019occhialeria bellunese, simbolo dell\u2019eccellenza manifatturiera locale.<\/p>\n\n\t\t\t<style type='text\/css'>\n\t\t\t\t#gallery-8 {\n\t\t\t\t\tmargin: auto;\n\t\t\t\t}\n\t\t\t\t#gallery-8 .gallery-item {\n\t\t\t\t\tfloat: left;\n\t\t\t\t\tmargin-top: 10px;\n\t\t\t\t\ttext-align: center;\n\t\t\t\t\twidth: 33%;\n\t\t\t\t}\n\t\t\t\t#gallery-8 img {\n\t\t\t\t\tborder: 2px solid #cfcfcf;\n\t\t\t\t}\n\t\t\t\t#gallery-8 .gallery-caption {\n\t\t\t\t\tmargin-left: 0;\n\t\t\t\t}\n\t\t\t\t\/* see gallery_shortcode() in wp-includes\/media.php *\/\n\t\t\t<\/style>\n\t\t<div id='gallery-8' class='dt-gallery-container gallery galleryid-453670 gallery-columns-3 gallery-size-thumbnail'><dl class='gallery-item'>\n\t\t\t\t<dt class='gallery-icon landscape'>\n\t\t\t\t\t<a class=\"rollover rollover-zoom dt-pswp-item\" title=\"IC Feltre 2B\" data-dt-img-description=\"\" data-large_image_width=\"2560\" data-large_image_height=\"1920\"href='https:\/\/www.radiopiu.net\/wordpress\/wp-content\/uploads\/2025\/06\/IC-Feltre-2B-scaled.jpg'><img loading=\"lazy\" decoding=\"async\" width=\"150\" height=\"150\" src=\"https:\/\/www.radiopiu.net\/wordpress\/wp-content\/uploads\/2025\/06\/IC-Feltre-2B-150x150.jpg\" class=\"attachment-thumbnail size-thumbnail\" alt=\"\" \/><\/a>\n\t\t\t\t<\/dt><\/dl><dl class='gallery-item'>\n\t\t\t\t<dt class='gallery-icon landscape'>\n\t\t\t\t\t<a class=\"rollover rollover-zoom dt-pswp-item\" title=\"IC Ponte-2C\" data-dt-img-description=\"\" data-large_image_width=\"1600\" data-large_image_height=\"721\"href='https:\/\/www.radiopiu.net\/wordpress\/wp-content\/uploads\/2025\/06\/IC-Ponte-2C.jpg'><img loading=\"lazy\" decoding=\"async\" width=\"150\" height=\"150\" src=\"https:\/\/www.radiopiu.net\/wordpress\/wp-content\/uploads\/2025\/06\/IC-Ponte-2C-150x150.jpg\" class=\"attachment-thumbnail size-thumbnail\" alt=\"\" \/><\/a>\n\t\t\t\t<\/dt><\/dl><dl class='gallery-item'>\n\t\t\t\t<dt class='gallery-icon landscape'>\n\t\t\t\t\t<a class=\"rollover rollover-zoom dt-pswp-item\" title=\"IC1-2A-4\" data-dt-img-description=\"\" data-large_image_width=\"2560\" data-large_image_height=\"1441\"href='https:\/\/www.radiopiu.net\/wordpress\/wp-content\/uploads\/2025\/06\/IC1-2A-4-scaled.jpg'><img loading=\"lazy\" decoding=\"async\" width=\"150\" height=\"150\" src=\"https:\/\/www.radiopiu.net\/wordpress\/wp-content\/uploads\/2025\/06\/IC1-2A-4-150x150.jpg\" class=\"attachment-thumbnail size-thumbnail\" alt=\"\" \/><\/a>\n\t\t\t\t<\/dt><\/dl><br style=\"clear: both\" \/>\n\t\t\t<\/div>\n\n<p>&nbsp;<\/p>\n<p>&nbsp;<\/p>\n<hr \/>\n<p>&nbsp;<\/p>\n<blockquote>\n<h3>INCONTRO SUL TRASPORTO PUBBLICO IN COMELICO: BORTOLUZZI ASCOLTA I SINDACI SUL NUOVO ORARIO ESTIVO<\/h3>\n<\/blockquote>\n<p><strong><a class=\"dt-pswp-item\" href=\"https:\/\/www.radiopiu.net\/wordpress\/wp-content\/uploads\/2025\/06\/Incontro-mobilita-in-Comelico.jpg\" data-dt-img-description=\"\" data-large_image_width=\"1616\" data-large_image_height=\"983\"><img loading=\"lazy\" decoding=\"async\" class=\" wp-image-453767 alignleft\" src=\"https:\/\/www.radiopiu.net\/wordpress\/wp-content\/uploads\/2025\/06\/Incontro-mobilita-in-Comelico-300x182.jpg\" alt=\"\" width=\"198\" height=\"120\" srcset=\"https:\/\/www.radiopiu.net\/wordpress\/wp-content\/uploads\/2025\/06\/Incontro-mobilita-in-Comelico-300x182.jpg 300w, https:\/\/www.radiopiu.net\/wordpress\/wp-content\/uploads\/2025\/06\/Incontro-mobilita-in-Comelico-1024x623.jpg 1024w, https:\/\/www.radiopiu.net\/wordpress\/wp-content\/uploads\/2025\/06\/Incontro-mobilita-in-Comelico-768x467.jpg 768w, https:\/\/www.radiopiu.net\/wordpress\/wp-content\/uploads\/2025\/06\/Incontro-mobilita-in-Comelico-1536x934.jpg 1536w, https:\/\/www.radiopiu.net\/wordpress\/wp-content\/uploads\/2025\/06\/Incontro-mobilita-in-Comelico.jpg 1616w\" sizes=\"auto, (max-width: 198px) 100vw, 198px\" \/><\/a>COMELICO<\/strong> Il consigliere provinciale alla Mobilit\u00e0 Massimo Bortoluzzi ha incontrato ierii pomeriggio, presso la sede dell\u2019Unione Montana Comelico, i sindaci di Comelico Superiore, San Pietro e Santo Stefano per discutere le criticit\u00e0 legate al nuovo orario estivo di Dolomitibus. Assenti i sindaci di Danta e San Nicol\u00f2, che saranno sentiti nei prossimi giorni.<\/p>\n<p><strong>IL CONSIGLIERE PROVINCIALE MASSIMO BORTOLUZZI<\/strong><\/p>\n<audio class=\"wp-audio-shortcode\" id=\"audio-453670-9\" preload=\"none\" style=\"width: 100%;\" controls=\"controls\"><source type=\"audio\/mpeg\" src=\"https:\/\/www.radiopiu.net\/wordpress\/wp-content\/uploads\/2025\/06\/MASSIMO-BORTOLUZZI-DOLOMITIBUS.mp3?_=9\" \/><a href=\"https:\/\/www.radiopiu.net\/wordpress\/wp-content\/uploads\/2025\/06\/MASSIMO-BORTOLUZZI-DOLOMITIBUS.mp3\">https:\/\/www.radiopiu.net\/wordpress\/wp-content\/uploads\/2025\/06\/MASSIMO-BORTOLUZZI-DOLOMITIBUS.mp3<\/a><\/audio>\n<p>&nbsp;<\/p>\n<p>&nbsp;<\/p>\n<hr \/>\n<p>&nbsp;<\/p>\n<blockquote>\n<h3><strong data-start=\"0\" data-end=\"88\">GEL CHIEDE INVESTIMENTI E MIGLIORIE NEL TPL DOPO IL BILANCIO POSITIVO DI DOLOMITIBUS<\/strong><\/h3>\n<\/blockquote>\n<p><strong><a class=\"dt-pswp-item\" href=\"https:\/\/www.radiopiu.net\/wordpress\/wp-content\/uploads\/2024\/09\/Progetto-senza-titolo.png\" data-dt-img-description=\"\" data-large_image_width=\"2048\" data-large_image_height=\"866\"><img loading=\"lazy\" decoding=\"async\" class=\" wp-image-409348 alignleft\" src=\"https:\/\/www.radiopiu.net\/wordpress\/wp-content\/uploads\/2024\/09\/Progetto-senza-titolo-300x127.png\" alt=\"\" width=\"203\" height=\"86\" srcset=\"https:\/\/www.radiopiu.net\/wordpress\/wp-content\/uploads\/2024\/09\/Progetto-senza-titolo-300x127.png 300w, https:\/\/www.radiopiu.net\/wordpress\/wp-content\/uploads\/2024\/09\/Progetto-senza-titolo-1024x433.png 1024w, https:\/\/www.radiopiu.net\/wordpress\/wp-content\/uploads\/2024\/09\/Progetto-senza-titolo-768x325.png 768w, https:\/\/www.radiopiu.net\/wordpress\/wp-content\/uploads\/2024\/09\/Progetto-senza-titolo-1536x650.png 1536w, https:\/\/www.radiopiu.net\/wordpress\/wp-content\/uploads\/2024\/09\/Progetto-senza-titolo.png 2048w\" sizes=\"auto, (max-width: 203px) 100vw, 203px\" \/><\/a>BELLUNO <\/strong>Il bilancio positivo di DolomitiBus riapre il dibattito sulla qualit\u00e0 del trasporto pubblico bellunese. Generazione Europa LiberalDemocratici Bellunesi (GEL) propone che gli utili dell\u2019azienda vengano reinvestiti per migliorare il servizio: aumento degli stipendi e del numero di autisti, potenziamento delle linee, in particolare le linee Verde e Rossa. Accolto con favore il ripristino della linea J per Castionese, GEL sollecita anche migliori collegamenti tra Belluno e Feltre e verso Comelico e Cadore. Prosegue intanto il sondaggio \u201cValuta DolomitiBus\u201d, che ha raccolto oltre 450 adesioni. GEL sar\u00e0 presente a Cavarzano il 20 giugno per continuare il dialogo con i cittadini e promuovere una mobilit\u00e0 pi\u00f9 moderna e inclusiva.<\/p>\n<p>&nbsp;<\/p>\n<p>&nbsp;<\/p>\n<hr \/>\n<p>&nbsp;<\/p>\n<blockquote>\n<h3>ANCORA POSTI DISPONIBILI ALLA SCUOLA DELL\u2019INFANZIA \u201cLUIGI ALDO CARLI\u201d DI SALCE<\/h3>\n<\/blockquote>\n<p><strong>BELLUNO <\/strong>Fondata nel 1950, la scuola dell\u2019infanzia \u201cLuigi Aldo Carli\u201d di Salce continua a offrire un\u2019educazione attenta e completa. Guidata da un vivace Consiglio di Amministrazione e dal parroco don Giorgio Aresi, la scuola accoglie i bambini dalle 7.40 alle 15.55, con possibilit\u00e0 di prolungato. L\u2019offerta formativa spazia da attivit\u00e0 all\u2019aperto, musica, canto e manualit\u00e0, fino a uscite didattiche e laboratori esterni (fotografia, inglese, circomotricit\u00e0). Don Aresi sottolinea l\u2019importanza del cuore nell\u2019educazione, per seminare bene e bellezza nella vita dei bambini. Per iscrizioni: 0437\/296206 \u2013 366 6855280 \u2013 <a class=\"cursor-pointer\" rel=\"noopener\" data-start=\"694\" data-end=\"718\">materna.carli@sunrise.it<\/a>.<\/p>\n\n\t\t\t<style type='text\/css'>\n\t\t\t\t#gallery-9 {\n\t\t\t\t\tmargin: auto;\n\t\t\t\t}\n\t\t\t\t#gallery-9 .gallery-item {\n\t\t\t\t\tfloat: left;\n\t\t\t\t\tmargin-top: 10px;\n\t\t\t\t\ttext-align: center;\n\t\t\t\t\twidth: 50%;\n\t\t\t\t}\n\t\t\t\t#gallery-9 img {\n\t\t\t\t\tborder: 2px solid #cfcfcf;\n\t\t\t\t}\n\t\t\t\t#gallery-9 .gallery-caption {\n\t\t\t\t\tmargin-left: 0;\n\t\t\t\t}\n\t\t\t\t\/* see gallery_shortcode() in wp-includes\/media.php *\/\n\t\t\t<\/style>\n\t\t<div id='gallery-9' class='dt-gallery-container gallery galleryid-453670 gallery-columns-2 gallery-size-medium'><dl class='gallery-item'>\n\t\t\t\t<dt class='gallery-icon landscape'>\n\t\t\t\t\t<a class=\"rollover rollover-zoom dt-pswp-item\" title=\"Asilo Salce 1 copia\" data-dt-img-description=\"\" data-large_image_width=\"768\" data-large_image_height=\"317\"href='https:\/\/www.radiopiu.net\/wordpress\/wp-content\/uploads\/2025\/06\/Asilo-Salce-1-copia.jpeg'><img loading=\"lazy\" decoding=\"async\" width=\"300\" height=\"124\" src=\"https:\/\/www.radiopiu.net\/wordpress\/wp-content\/uploads\/2025\/06\/Asilo-Salce-1-copia-300x124.jpeg\" class=\"attachment-medium size-medium\" alt=\"\" srcset=\"https:\/\/www.radiopiu.net\/wordpress\/wp-content\/uploads\/2025\/06\/Asilo-Salce-1-copia-300x124.jpeg 300w, https:\/\/www.radiopiu.net\/wordpress\/wp-content\/uploads\/2025\/06\/Asilo-Salce-1-copia.jpeg 768w\" sizes=\"auto, (max-width: 300px) 100vw, 300px\" \/><\/a>\n\t\t\t\t<\/dt><\/dl><dl class='gallery-item'>\n\t\t\t\t<dt class='gallery-icon landscape'>\n\t\t\t\t\t<a class=\"rollover rollover-zoom dt-pswp-item\" title=\"Scuola materna Salce\" data-dt-img-description=\"\" data-large_image_width=\"1600\" data-large_image_height=\"1204\"href='https:\/\/www.radiopiu.net\/wordpress\/wp-content\/uploads\/2025\/06\/Scuola-materna-Salce.jpeg'><img loading=\"lazy\" decoding=\"async\" width=\"300\" height=\"226\" src=\"https:\/\/www.radiopiu.net\/wordpress\/wp-content\/uploads\/2025\/06\/Scuola-materna-Salce-300x226.jpeg\" class=\"attachment-medium size-medium\" alt=\"\" srcset=\"https:\/\/www.radiopiu.net\/wordpress\/wp-content\/uploads\/2025\/06\/Scuola-materna-Salce-300x226.jpeg 300w, https:\/\/www.radiopiu.net\/wordpress\/wp-content\/uploads\/2025\/06\/Scuola-materna-Salce-1024x771.jpeg 1024w, https:\/\/www.radiopiu.net\/wordpress\/wp-content\/uploads\/2025\/06\/Scuola-materna-Salce-768x578.jpeg 768w, https:\/\/www.radiopiu.net\/wordpress\/wp-content\/uploads\/2025\/06\/Scuola-materna-Salce-1536x1156.jpeg 1536w, https:\/\/www.radiopiu.net\/wordpress\/wp-content\/uploads\/2025\/06\/Scuola-materna-Salce.jpeg 1600w\" sizes=\"auto, (max-width: 300px) 100vw, 300px\" \/><\/a>\n\t\t\t\t<\/dt><\/dl><br style=\"clear: both\" \/>\n\t\t\t<\/div>\n\n<p>&nbsp;<\/p>\n<p>&nbsp;<\/p>\n<hr \/>\n<p>&nbsp;<\/p>\n<blockquote>\n<h3>LA LUNA DELLE FRAGOLE E IL LUNUSTIZIO MAGGIORE: LO SPETTACOLO RARO FOTOGRAFATO DA MARIO DE MARCO<\/h3>\n<\/blockquote>\n<p><strong>REDAZIONE <\/strong>Un cielo limpido, la notte come tela e una Luna piena che nasce maestosa sull\u2019orizzonte: cos\u00ec Mario De Marco ha immortalato un evento astronomico straordinario, avvenuto proprio ieri notte. Si tratta della cosiddetta \u201cLuna delle fragole\u201d, nome con cui i nativi americani indicavano la Luna piena di giugno, in coincidenza con la raccolta di questi frutti. Ma ci\u00f2 che rende queste immagini ancora pi\u00f9 speciali \u00e8 il contesto celeste in cui si sono verificate: il lunustizio maggiore, un fenomeno rarissimo che si presenta solo ogni 18,6 anni. In questo periodo, la Luna sorge e tramonta in posizioni estreme sull\u2019orizzonte, a causa dell\u2019inclinazione della sua orbita rispetto all\u2019asse terrestre. Le foto di De Marco non sono solo scatti, ma testimonianze di un evento astronomico che unisce meraviglia visiva e valore scientifico. Un\u2019occasione irripetibile per osservare il nostro satellite in un\u2019apparizione insolita e potente, immerso nella luce calda dell\u2019inizio estate e in un allineamento cosmico tanto raro quanto affascinante.<\/p>\n\n\t\t\t<style type='text\/css'>\n\t\t\t\t#gallery-10 {\n\t\t\t\t\tmargin: auto;\n\t\t\t\t}\n\t\t\t\t#gallery-10 .gallery-item {\n\t\t\t\t\tfloat: left;\n\t\t\t\t\tmargin-top: 10px;\n\t\t\t\t\ttext-align: center;\n\t\t\t\t\twidth: 25%;\n\t\t\t\t}\n\t\t\t\t#gallery-10 img {\n\t\t\t\t\tborder: 2px solid #cfcfcf;\n\t\t\t\t}\n\t\t\t\t#gallery-10 .gallery-caption {\n\t\t\t\t\tmargin-left: 0;\n\t\t\t\t}\n\t\t\t\t\/* see gallery_shortcode() in wp-includes\/media.php *\/\n\t\t\t<\/style>\n\t\t<div id='gallery-10' class='dt-gallery-container gallery galleryid-453670 gallery-columns-4 gallery-size-medium'><dl class='gallery-item'>\n\t\t\t\t<dt class='gallery-icon landscape'>\n\t\t\t\t\t<a class=\"rollover rollover-zoom dt-pswp-item\" title=\"c50823cb-4658-4335-91ae-3856604e80f2\" data-dt-img-description=\"\" data-large_image_width=\"1921\" data-large_image_height=\"1281\"href='https:\/\/www.radiopiu.net\/wordpress\/wp-content\/uploads\/2025\/06\/c50823cb-4658-4335-91ae-3856604e80f2.jpg'><img loading=\"lazy\" decoding=\"async\" width=\"300\" height=\"200\" src=\"https:\/\/www.radiopiu.net\/wordpress\/wp-content\/uploads\/2025\/06\/c50823cb-4658-4335-91ae-3856604e80f2-300x200.jpg\" class=\"attachment-medium size-medium\" alt=\"\" srcset=\"https:\/\/www.radiopiu.net\/wordpress\/wp-content\/uploads\/2025\/06\/c50823cb-4658-4335-91ae-3856604e80f2-300x200.jpg 300w, https:\/\/www.radiopiu.net\/wordpress\/wp-content\/uploads\/2025\/06\/c50823cb-4658-4335-91ae-3856604e80f2-1024x683.jpg 1024w, https:\/\/www.radiopiu.net\/wordpress\/wp-content\/uploads\/2025\/06\/c50823cb-4658-4335-91ae-3856604e80f2-768x512.jpg 768w, https:\/\/www.radiopiu.net\/wordpress\/wp-content\/uploads\/2025\/06\/c50823cb-4658-4335-91ae-3856604e80f2-1536x1024.jpg 1536w, https:\/\/www.radiopiu.net\/wordpress\/wp-content\/uploads\/2025\/06\/c50823cb-4658-4335-91ae-3856604e80f2.jpg 1921w\" sizes=\"auto, (max-width: 300px) 100vw, 300px\" \/><\/a>\n\t\t\t\t<\/dt><\/dl><dl class='gallery-item'>\n\t\t\t\t<dt class='gallery-icon landscape'>\n\t\t\t\t\t<a class=\"rollover rollover-zoom dt-pswp-item\" title=\"da6c4e1c-8c3d-43c4-a761-8adf140c89dc\" data-dt-img-description=\"\" data-large_image_width=\"1732\" data-large_image_height=\"1154\"href='https:\/\/www.radiopiu.net\/wordpress\/wp-content\/uploads\/2025\/06\/da6c4e1c-8c3d-43c4-a761-8adf140c89dc.jpg'><img loading=\"lazy\" decoding=\"async\" width=\"300\" height=\"200\" src=\"https:\/\/www.radiopiu.net\/wordpress\/wp-content\/uploads\/2025\/06\/da6c4e1c-8c3d-43c4-a761-8adf140c89dc-300x200.jpg\" class=\"attachment-medium size-medium\" alt=\"\" srcset=\"https:\/\/www.radiopiu.net\/wordpress\/wp-content\/uploads\/2025\/06\/da6c4e1c-8c3d-43c4-a761-8adf140c89dc-300x200.jpg 300w, https:\/\/www.radiopiu.net\/wordpress\/wp-content\/uploads\/2025\/06\/da6c4e1c-8c3d-43c4-a761-8adf140c89dc-1024x682.jpg 1024w, https:\/\/www.radiopiu.net\/wordpress\/wp-content\/uploads\/2025\/06\/da6c4e1c-8c3d-43c4-a761-8adf140c89dc-768x512.jpg 768w, https:\/\/www.radiopiu.net\/wordpress\/wp-content\/uploads\/2025\/06\/da6c4e1c-8c3d-43c4-a761-8adf140c89dc-1536x1023.jpg 1536w, https:\/\/www.radiopiu.net\/wordpress\/wp-content\/uploads\/2025\/06\/da6c4e1c-8c3d-43c4-a761-8adf140c89dc.jpg 1732w\" sizes=\"auto, (max-width: 300px) 100vw, 300px\" \/><\/a>\n\t\t\t\t<\/dt><\/dl><dl class='gallery-item'>\n\t\t\t\t<dt class='gallery-icon landscape'>\n\t\t\t\t\t<a class=\"rollover rollover-zoom dt-pswp-item\" title=\"dfa0bc7f-688e-4ae0-8a0a-5206d899e0ec\" data-dt-img-description=\"\" data-large_image_width=\"2048\" data-large_image_height=\"1370\"href='https:\/\/www.radiopiu.net\/wordpress\/wp-content\/uploads\/2025\/06\/dfa0bc7f-688e-4ae0-8a0a-5206d899e0ec.jpg'><img loading=\"lazy\" decoding=\"async\" width=\"300\" height=\"201\" src=\"https:\/\/www.radiopiu.net\/wordpress\/wp-content\/uploads\/2025\/06\/dfa0bc7f-688e-4ae0-8a0a-5206d899e0ec-300x201.jpg\" class=\"attachment-medium size-medium\" alt=\"\" srcset=\"https:\/\/www.radiopiu.net\/wordpress\/wp-content\/uploads\/2025\/06\/dfa0bc7f-688e-4ae0-8a0a-5206d899e0ec-300x201.jpg 300w, https:\/\/www.radiopiu.net\/wordpress\/wp-content\/uploads\/2025\/06\/dfa0bc7f-688e-4ae0-8a0a-5206d899e0ec-1024x685.jpg 1024w, https:\/\/www.radiopiu.net\/wordpress\/wp-content\/uploads\/2025\/06\/dfa0bc7f-688e-4ae0-8a0a-5206d899e0ec-768x514.jpg 768w, https:\/\/www.radiopiu.net\/wordpress\/wp-content\/uploads\/2025\/06\/dfa0bc7f-688e-4ae0-8a0a-5206d899e0ec-1536x1028.jpg 1536w, https:\/\/www.radiopiu.net\/wordpress\/wp-content\/uploads\/2025\/06\/dfa0bc7f-688e-4ae0-8a0a-5206d899e0ec.jpg 2048w\" sizes=\"auto, (max-width: 300px) 100vw, 300px\" \/><\/a>\n\t\t\t\t<\/dt><\/dl><dl class='gallery-item'>\n\t\t\t\t<dt class='gallery-icon landscape'>\n\t\t\t\t\t<a class=\"rollover rollover-zoom dt-pswp-item\" title=\"84768d80-beae-41a5-9625-e900e49f838f\" data-dt-img-description=\"\" data-large_image_width=\"2048\" data-large_image_height=\"1364\"href='https:\/\/www.radiopiu.net\/wordpress\/wp-content\/uploads\/2025\/06\/84768d80-beae-41a5-9625-e900e49f838f.jpg'><img loading=\"lazy\" decoding=\"async\" width=\"300\" height=\"200\" src=\"https:\/\/www.radiopiu.net\/wordpress\/wp-content\/uploads\/2025\/06\/84768d80-beae-41a5-9625-e900e49f838f-300x200.jpg\" class=\"attachment-medium size-medium\" alt=\"\" srcset=\"https:\/\/www.radiopiu.net\/wordpress\/wp-content\/uploads\/2025\/06\/84768d80-beae-41a5-9625-e900e49f838f-300x200.jpg 300w, https:\/\/www.radiopiu.net\/wordpress\/wp-content\/uploads\/2025\/06\/84768d80-beae-41a5-9625-e900e49f838f-1024x682.jpg 1024w, https:\/\/www.radiopiu.net\/wordpress\/wp-content\/uploads\/2025\/06\/84768d80-beae-41a5-9625-e900e49f838f-768x512.jpg 768w, https:\/\/www.radiopiu.net\/wordpress\/wp-content\/uploads\/2025\/06\/84768d80-beae-41a5-9625-e900e49f838f-1536x1023.jpg 1536w, https:\/\/www.radiopiu.net\/wordpress\/wp-content\/uploads\/2025\/06\/84768d80-beae-41a5-9625-e900e49f838f.jpg 2048w\" sizes=\"auto, (max-width: 300px) 100vw, 300px\" \/><\/a>\n\t\t\t\t<\/dt><\/dl><br style=\"clear: both\" \/>\n\t\t\t<\/div>\n\n<hr \/>\n<p>&nbsp;<\/p>\n<blockquote>\n<h3>INAUGURATA A CORTINA LA 10\u00aa WOMAN ART EXPO: L\u2019ARTE FEMMINILE IN TOUR TRA LE DOLOMITI E VENEZIA<\/h3>\n<\/blockquote>\n<p><strong><a class=\"dt-pswp-item\" href=\"https:\/\/www.radiopiu.net\/wordpress\/wp-content\/uploads\/2025\/06\/Presentazioe-Woman-Art-Expo-a-Cortina-scaled.jpg\" data-dt-img-description=\"\" data-large_image_width=\"2560\" data-large_image_height=\"1487\"><img loading=\"lazy\" decoding=\"async\" class=\" wp-image-453702 alignleft\" src=\"https:\/\/www.radiopiu.net\/wordpress\/wp-content\/uploads\/2025\/06\/Presentazioe-Woman-Art-Expo-a-Cortina-300x174.jpg\" alt=\"\" width=\"203\" height=\"118\" srcset=\"https:\/\/www.radiopiu.net\/wordpress\/wp-content\/uploads\/2025\/06\/Presentazioe-Woman-Art-Expo-a-Cortina-300x174.jpg 300w, https:\/\/www.radiopiu.net\/wordpress\/wp-content\/uploads\/2025\/06\/Presentazioe-Woman-Art-Expo-a-Cortina-1024x595.jpg 1024w, https:\/\/www.radiopiu.net\/wordpress\/wp-content\/uploads\/2025\/06\/Presentazioe-Woman-Art-Expo-a-Cortina-768x446.jpg 768w, https:\/\/www.radiopiu.net\/wordpress\/wp-content\/uploads\/2025\/06\/Presentazioe-Woman-Art-Expo-a-Cortina-1536x892.jpg 1536w, https:\/\/www.radiopiu.net\/wordpress\/wp-content\/uploads\/2025\/06\/Presentazioe-Woman-Art-Expo-a-Cortina-2048x1190.jpg 2048w\" sizes=\"auto, (max-width: 203px) 100vw, 203px\" \/><\/a>CORTINA <\/strong>Al Park Hotel Franceschi \u00e8 stata inaugurata la 10\u00aa edizione della <em data-start=\"166\" data-end=\"182\">Woman Art Expo<\/em>, mostra itinerante dedicata all\u2019universo femminile, visitabile a Cortina fino al 2 luglio. L\u2019iniziativa, promossa dal Centro Studi Veneto Arte e da Arte Fiera Dolomiti, proseguir\u00e0 poi al Lido di Venezia e a Treviso. L\u2019esposizione include opere di pittura, fotografia, tessitura, mosaico e design, celebrando la creativit\u00e0 e la forza delle donne. La mostra rappresenta anche un\u2019anteprima di Arredamont, fiera dell\u2019arredo di montagna, e di Arte Fiera Dolomiti. Secondo il direttore Franco Fonzo, \u00e8 un omaggio alla femminilit\u00e0 in tutte le sue espressioni. L\u2019arte, ancora una volta, diventa ponte culturale e accoglienza internazionale.<\/p>\n<p>&nbsp;<\/p>\n<p>&nbsp;<\/p>\n<hr \/>\n<p>&nbsp;<\/p>\n<blockquote>\n<h3><a class=\"dt-pswp-item\" href=\"https:\/\/www.radiopiu.net\/wordpress\/wp-content\/uploads\/2025\/06\/Presentazione-Libro-Bianco-sulla-Montagna-a-Villa-Patt.jpeg\" data-dt-img-description=\"\" data-large_image_width=\"1146\" data-large_image_height=\"1600\"><img loading=\"lazy\" decoding=\"async\" class=\" wp-image-453716 alignleft\" src=\"https:\/\/www.radiopiu.net\/wordpress\/wp-content\/uploads\/2025\/06\/Presentazione-Libro-Bianco-sulla-Montagna-a-Villa-Patt-215x300.jpeg\" alt=\"\" width=\"131\" height=\"183\" srcset=\"https:\/\/www.radiopiu.net\/wordpress\/wp-content\/uploads\/2025\/06\/Presentazione-Libro-Bianco-sulla-Montagna-a-Villa-Patt-215x300.jpeg 215w, https:\/\/www.radiopiu.net\/wordpress\/wp-content\/uploads\/2025\/06\/Presentazione-Libro-Bianco-sulla-Montagna-a-Villa-Patt-733x1024.jpeg 733w, https:\/\/www.radiopiu.net\/wordpress\/wp-content\/uploads\/2025\/06\/Presentazione-Libro-Bianco-sulla-Montagna-a-Villa-Patt-768x1072.jpeg 768w, https:\/\/www.radiopiu.net\/wordpress\/wp-content\/uploads\/2025\/06\/Presentazione-Libro-Bianco-sulla-Montagna-a-Villa-Patt-1100x1536.jpeg 1100w, https:\/\/www.radiopiu.net\/wordpress\/wp-content\/uploads\/2025\/06\/Presentazione-Libro-Bianco-sulla-Montagna-a-Villa-Patt.jpeg 1146w\" sizes=\"auto, (max-width: 131px) 100vw, 131px\" \/><\/a>PRESENTAZIONE DEL LIBRO BIANCO SULLA MONTAGNA A SEDICO: UN\u2019OCCASIONE DI CONFRONTO SUL FUTURO DELLE AREE MONTANE<\/h3>\n<\/blockquote>\n<p><strong>SEDICO <\/strong>Luned\u00ec 16 giugno alle 18, a Villa Patt di Sedico, si terr\u00e0 la presentazione del <em data-start=\"197\" data-end=\"226\">Libro Bianco sulla Montagna<\/em>, realizzato da UNIMONT dell\u2019Universit\u00e0 di Milano per il Dipartimento Affari Regionali. Lo studio analizza le aree montane italiane su pi\u00f9 livelli, offrendo spunti per la nuova Legge sulla Montagna. Interverranno rappresentanti istituzionali e esperti come Anna Giorgi, Ennio Vigne e Luca De Carlo. L\u2019evento, moderato da Bepi Casagrande, sar\u00e0 un momento di confronto sulle sfide e le prospettive delle \u201cterre alte\u201d, aperto ad amministratori, imprenditori e cittadini, con particolare attenzione al futuro del territorio bellunese.<\/p>\n<p>&nbsp;<\/p>\n<p>&nbsp;<\/p>\n<hr \/>\n<p>&nbsp;<\/p>\n<blockquote>\n<h3>VENERDI IL CONSIGLIO DELL&#8217;UNIONE MONTANA AGORDINA<\/h3>\n<\/blockquote>\n<p><strong>AGORDO<\/strong> Il Consiglio dell\u2019Unione Montana Agordina \u00e8 convocato in seduta pubblica ordinaria per venerd\u00ec alle 20:00 presso la Sala Don Tamis in Via 27 Aprile ad Agordo. All\u2019ordine del giorno: approvazione dei verbali della seduta del 30 aprile, variazioni al bilancio 2025-2027, approvazione di convenzioni per la gestione associata dei servizi tributi, informatico, personale, manutenzione del territorio e comunicazioni del presidente.<\/p>\n<p>&nbsp;<\/p>\n<p>&nbsp;<\/p>\n<hr \/>\n<p>&nbsp;<\/p>\n<blockquote>\n<h3>QUAD IN QUOTA 2025: IL RADUNO PI\u00d9 ALTO D\u2019ITALIA TORNA NEL CUORE DELLE DOLOMITI<\/h3>\n<\/blockquote>\n<p><strong><a class=\"dt-pswp-item\" href=\"https:\/\/www.radiopiu.net\/wordpress\/wp-content\/uploads\/2025\/06\/b7d94397-7844-4add-bf9a-56ba08a1e9a3.jpg\" data-dt-img-description=\"\" data-large_image_width=\"1600\" data-large_image_height=\"1066\"><img loading=\"lazy\" decoding=\"async\" class=\" wp-image-453557 alignleft\" src=\"https:\/\/www.radiopiu.net\/wordpress\/wp-content\/uploads\/2025\/06\/b7d94397-7844-4add-bf9a-56ba08a1e9a3-300x200.jpg\" alt=\"\" width=\"201\" height=\"134\" srcset=\"https:\/\/www.radiopiu.net\/wordpress\/wp-content\/uploads\/2025\/06\/b7d94397-7844-4add-bf9a-56ba08a1e9a3-300x200.jpg 300w, https:\/\/www.radiopiu.net\/wordpress\/wp-content\/uploads\/2025\/06\/b7d94397-7844-4add-bf9a-56ba08a1e9a3-1024x682.jpg 1024w, https:\/\/www.radiopiu.net\/wordpress\/wp-content\/uploads\/2025\/06\/b7d94397-7844-4add-bf9a-56ba08a1e9a3-768x512.jpg 768w, https:\/\/www.radiopiu.net\/wordpress\/wp-content\/uploads\/2025\/06\/b7d94397-7844-4add-bf9a-56ba08a1e9a3-1536x1023.jpg 1536w, https:\/\/www.radiopiu.net\/wordpress\/wp-content\/uploads\/2025\/06\/b7d94397-7844-4add-bf9a-56ba08a1e9a3.jpg 1600w\" sizes=\"auto, (max-width: 201px) 100vw, 201px\" \/><\/a>VALLE DEL BIOIS <\/strong>Torna il 14 e 15 giugno \u201cQuad in Quota\u201d, il raduno non competitivo dedicato agli amanti dei quad e alla scoperta delle Dolomiti Agordine. L\u2019evento, giunto alla IX edizione, si snoda su un percorso di 160 km tra i Comuni di Falcade, Canale d\u2019Agordo, Vallada, San Tomaso e Alleghe. Cinquanta gli equipaggi iscritti, provenienti da tutta Italia, inclusi partecipanti con disabilit\u00e0, per un\u2019esperienza all\u2019insegna dell\u2019inclusione e della bellezza naturale. Il sabato si apre con un tour panoramico attraverso malghe, rifugi e boschi fino ai 2.513 metri del Col Margherita per un tramonto spettacolare, seguito da una cena con balli folk locali. Domenica si riparte verso il Pelmo e il Civetta, con arrivo finale a Falcade. Ideato da Moreno Tomaselli nel 2016, l\u2019evento promuove il territorio e la passione per il quad con una formula vincente fatta di paesaggi, cultura e convivialit\u00e0. Tra gli ospiti del 2025 anche il comico Franco Neri e \u201clo sciamano della valle\u201d, Gianni Bonesso.<\/p>\n<p>&nbsp;<\/p>\n<p>&nbsp;<\/p>\n<hr \/>\n<p>&nbsp;<\/p>\n<blockquote>\n<h3><a class=\"dt-pswp-item\" href=\"https:\/\/www.radiopiu.net\/wordpress\/wp-content\/uploads\/2025\/06\/Locandina_cerimonia_19_giugno_2025.jpg\" data-dt-img-description=\"\" data-large_image_width=\"595\" data-large_image_height=\"842\"><img loading=\"lazy\" decoding=\"async\" class=\" wp-image-453573 alignleft\" src=\"https:\/\/www.radiopiu.net\/wordpress\/wp-content\/uploads\/2025\/06\/Locandina_cerimonia_19_giugno_2025-212x300.jpg\" alt=\"\" width=\"143\" height=\"202\" srcset=\"https:\/\/www.radiopiu.net\/wordpress\/wp-content\/uploads\/2025\/06\/Locandina_cerimonia_19_giugno_2025-212x300.jpg 212w, https:\/\/www.radiopiu.net\/wordpress\/wp-content\/uploads\/2025\/06\/Locandina_cerimonia_19_giugno_2025.jpg 595w\" sizes=\"auto, (max-width: 143px) 100vw, 143px\" \/><\/a>81\u00b0 ANNIVERSARIO DELLA NOTTE DI SANTA MARINA: COMMEMORAZIONE A FELTRE<\/h3>\n<\/blockquote>\n<p><strong>FELTRE<\/strong> Gioved\u00ec 19 giugno si celebra l\u201981\u00b0 anniversario della \u201cNotte di Santa Marina\u201d, tragico episodio della Seconda Guerra Mondiale a Feltre. Il 19 giugno 1944, la gendarmeria tedesca, con la complicit\u00e0 di spie italiane, comp\u00ec una brutale rappresaglia arrestando 37 persone e uccidendone 5, tra cui il colonnello Angelo Zancanaro e il figlio Luciano. L\u2019evento \u00e8 ricordato come il pi\u00f9 doloroso della dominazione nazista in citt\u00e0. La commemorazione si terr\u00e0 alle ore 18.00 presso il Sacello di Via Tofana Prima, davanti alla lapide dedicata a Oldino De Paoli. Interverranno il Sindaco Viviana Fusaro, il prof. Marcello Della Valentina con un intervento storico, lettori di testimonianze e il coro \u201cVece Voci\u201d. In caso di maltempo, la cerimonia sar\u00e0 spostata nella sala riunioni del Centro Parrocchiale di Santa Maria degli Angeli. L&#8217;iniziativa vuole mantenere viva la memoria e l&#8217;impegno contro ogni forma di violenza e sopraffazione.<\/p>\n<p>&nbsp;<\/p>\n<p>&nbsp;<\/p>\n<hr \/>\n<p>&nbsp;<\/p>\n<blockquote>\n<h3>CONCORSO CARABINIERI 2025: 4.918 POSTI PER ALLIEVI IN FERMA QUADRIENNALE, DOMANDE ENTRO IL 7 LUGLIO<\/h3>\n<\/blockquote>\n<p><strong>BELLUNO<\/strong> L\u2019Arma dei Carabinieri seleziona 4.918 Allievi in ferma quadriennale per rafforzare l\u2019organico e garantire la sicurezza. Le domande, da presentare entro il 7 luglio online, sono aperte ai cittadini italiani con diploma o in procinto di conseguirlo, tra i 17 e i 24 anni (fino a 25 per volontari in ferma prefissata). Il concorso prevede prove scritte, test fisici e accertamenti psico-fisici. I vincitori frequenteranno un corso di sei mesi nelle Scuole Allievi Carabinieri, acquisendo formazione militare, giuridica e professionale. \u00c8 possibile scegliere specializzazioni in tutela forestale, ambientale e agroalimentare, preparando cos\u00ec i futuri Carabinieri a tutelare la collettivit\u00e0.<\/p>\n\n\t\t\t<style type='text\/css'>\n\t\t\t\t#gallery-11 {\n\t\t\t\t\tmargin: auto;\n\t\t\t\t}\n\t\t\t\t#gallery-11 .gallery-item {\n\t\t\t\t\tfloat: left;\n\t\t\t\t\tmargin-top: 10px;\n\t\t\t\t\ttext-align: center;\n\t\t\t\t\twidth: 25%;\n\t\t\t\t}\n\t\t\t\t#gallery-11 img {\n\t\t\t\t\tborder: 2px solid #cfcfcf;\n\t\t\t\t}\n\t\t\t\t#gallery-11 .gallery-caption {\n\t\t\t\t\tmargin-left: 0;\n\t\t\t\t}\n\t\t\t\t\/* see gallery_shortcode() in wp-includes\/media.php *\/\n\t\t\t<\/style>\n\t\t<div id='gallery-11' class='dt-gallery-container gallery galleryid-453670 gallery-columns-4 gallery-size-medium'><dl class='gallery-item'>\n\t\t\t\t<dt class='gallery-icon landscape'>\n\t\t\t\t\t<a class=\"rollover rollover-zoom dt-pswp-item\" title=\"foto 1\" data-dt-img-description=\"\" data-large_image_width=\"1600\" data-large_image_height=\"1066\"href='https:\/\/www.radiopiu.net\/wordpress\/wp-content\/uploads\/2025\/06\/foto-1.jpeg'><img loading=\"lazy\" decoding=\"async\" width=\"300\" height=\"200\" src=\"https:\/\/www.radiopiu.net\/wordpress\/wp-content\/uploads\/2025\/06\/foto-1-300x200.jpeg\" class=\"attachment-medium size-medium\" alt=\"\" srcset=\"https:\/\/www.radiopiu.net\/wordpress\/wp-content\/uploads\/2025\/06\/foto-1-300x200.jpeg 300w, https:\/\/www.radiopiu.net\/wordpress\/wp-content\/uploads\/2025\/06\/foto-1-1024x682.jpeg 1024w, https:\/\/www.radiopiu.net\/wordpress\/wp-content\/uploads\/2025\/06\/foto-1-768x512.jpeg 768w, https:\/\/www.radiopiu.net\/wordpress\/wp-content\/uploads\/2025\/06\/foto-1-1536x1023.jpeg 1536w, https:\/\/www.radiopiu.net\/wordpress\/wp-content\/uploads\/2025\/06\/foto-1.jpeg 1600w\" sizes=\"auto, (max-width: 300px) 100vw, 300px\" \/><\/a>\n\t\t\t\t<\/dt><\/dl><dl class='gallery-item'>\n\t\t\t\t<dt class='gallery-icon landscape'>\n\t\t\t\t\t<a class=\"rollover rollover-zoom dt-pswp-item\" title=\"foto 2\" data-dt-img-description=\"\" data-large_image_width=\"1600\" data-large_image_height=\"1066\"href='https:\/\/www.radiopiu.net\/wordpress\/wp-content\/uploads\/2025\/06\/foto-2.jpeg'><img loading=\"lazy\" decoding=\"async\" width=\"300\" height=\"200\" src=\"https:\/\/www.radiopiu.net\/wordpress\/wp-content\/uploads\/2025\/06\/foto-2-300x200.jpeg\" class=\"attachment-medium size-medium\" alt=\"\" srcset=\"https:\/\/www.radiopiu.net\/wordpress\/wp-content\/uploads\/2025\/06\/foto-2-300x200.jpeg 300w, https:\/\/www.radiopiu.net\/wordpress\/wp-content\/uploads\/2025\/06\/foto-2-1024x682.jpeg 1024w, https:\/\/www.radiopiu.net\/wordpress\/wp-content\/uploads\/2025\/06\/foto-2-768x512.jpeg 768w, https:\/\/www.radiopiu.net\/wordpress\/wp-content\/uploads\/2025\/06\/foto-2-1536x1023.jpeg 1536w, https:\/\/www.radiopiu.net\/wordpress\/wp-content\/uploads\/2025\/06\/foto-2.jpeg 1600w\" sizes=\"auto, (max-width: 300px) 100vw, 300px\" \/><\/a>\n\t\t\t\t<\/dt><\/dl><dl class='gallery-item'>\n\t\t\t\t<dt class='gallery-icon landscape'>\n\t\t\t\t\t<a class=\"rollover rollover-zoom dt-pswp-item\" title=\"foto 3\" data-dt-img-description=\"\" data-large_image_width=\"1170\" data-large_image_height=\"558\"href='https:\/\/www.radiopiu.net\/wordpress\/wp-content\/uploads\/2025\/06\/foto-3.jpeg'><img loading=\"lazy\" decoding=\"async\" width=\"300\" height=\"143\" src=\"https:\/\/www.radiopiu.net\/wordpress\/wp-content\/uploads\/2025\/06\/foto-3-300x143.jpeg\" class=\"attachment-medium size-medium\" alt=\"\" srcset=\"https:\/\/www.radiopiu.net\/wordpress\/wp-content\/uploads\/2025\/06\/foto-3-300x143.jpeg 300w, https:\/\/www.radiopiu.net\/wordpress\/wp-content\/uploads\/2025\/06\/foto-3-1024x488.jpeg 1024w, https:\/\/www.radiopiu.net\/wordpress\/wp-content\/uploads\/2025\/06\/foto-3-768x366.jpeg 768w, https:\/\/www.radiopiu.net\/wordpress\/wp-content\/uploads\/2025\/06\/foto-3.jpeg 1170w\" sizes=\"auto, (max-width: 300px) 100vw, 300px\" \/><\/a>\n\t\t\t\t<\/dt><\/dl><dl class='gallery-item'>\n\t\t\t\t<dt class='gallery-icon landscape'>\n\t\t\t\t\t<a class=\"rollover rollover-zoom dt-pswp-item\" title=\"foto 4\" data-dt-img-description=\"\" data-large_image_width=\"2560\" data-large_image_height=\"1706\"href='https:\/\/www.radiopiu.net\/wordpress\/wp-content\/uploads\/2025\/06\/foto-4.jpeg'><img loading=\"lazy\" decoding=\"async\" width=\"300\" height=\"200\" src=\"https:\/\/www.radiopiu.net\/wordpress\/wp-content\/uploads\/2025\/06\/foto-4-300x200.jpeg\" class=\"attachment-medium size-medium\" alt=\"\" srcset=\"https:\/\/www.radiopiu.net\/wordpress\/wp-content\/uploads\/2025\/06\/foto-4-300x200.jpeg 300w, https:\/\/www.radiopiu.net\/wordpress\/wp-content\/uploads\/2025\/06\/foto-4-1024x682.jpeg 1024w, https:\/\/www.radiopiu.net\/wordpress\/wp-content\/uploads\/2025\/06\/foto-4-768x512.jpeg 768w, https:\/\/www.radiopiu.net\/wordpress\/wp-content\/uploads\/2025\/06\/foto-4-1536x1024.jpeg 1536w, https:\/\/www.radiopiu.net\/wordpress\/wp-content\/uploads\/2025\/06\/foto-4-2048x1365.jpeg 2048w\" sizes=\"auto, (max-width: 300px) 100vw, 300px\" \/><\/a>\n\t\t\t\t<\/dt><\/dl><br style=\"clear: both\" \/>\n\t\t\t<\/div>\n\n<p>&nbsp;<\/p>\n<hr \/>\n<p>&nbsp;<\/p>\n<blockquote>\n<h3><a class=\"dt-pswp-item\" href=\"https:\/\/www.radiopiu.net\/wordpress\/wp-content\/uploads\/2025\/06\/JKDHUOA.jpg\" data-dt-img-description=\"\" data-large_image_width=\"713\" data-large_image_height=\"501\"><img loading=\"lazy\" decoding=\"async\" class=\" wp-image-453622 alignleft\" src=\"https:\/\/www.radiopiu.net\/wordpress\/wp-content\/uploads\/2025\/06\/JKDHUOA-300x211.jpg\" alt=\"\" width=\"160\" height=\"112\" srcset=\"https:\/\/www.radiopiu.net\/wordpress\/wp-content\/uploads\/2025\/06\/JKDHUOA-300x211.jpg 300w, https:\/\/www.radiopiu.net\/wordpress\/wp-content\/uploads\/2025\/06\/JKDHUOA.jpg 713w\" sizes=\"auto, (max-width: 160px) 100vw, 160px\" \/><\/a>OPEN DAY EMICRANIA: INIZIATIVA A FELTRE<\/h3>\n<\/blockquote>\n<p><strong>FELTRE <\/strong>In occasione dell\u2019iniziativa promossa dalla Fondazione Onda, Osservatorio nazionale sulla salute della donna e di genere, dedicata all\u2019emicrania, l\u2019Ulss Dolomiti promuove un momento di incontro aperto alla cittadinanza. L\u2019appuntamento, ad accesso libero, \u00e8 per gioved\u00ec\u00a0 dalle 17.00 alle 19.00 nella sala convegni dell\u2019Ospedale di Feltre per un incontro con gli esperti dal titolo \u201cIl mal di testa: saperne di pi\u00f9 per saper affrontare\u201d.<\/p>\n<p>&nbsp;<\/p>\n<p>&nbsp;<\/p>\n<hr \/>\n<p>&nbsp;<\/p>\n<blockquote>\n<h3>PROSSIMO APPUNTAMENTO CON \u201c I GIOVED\u00cc DELLA SALUTE\u201d A BELLUNO<\/h3>\n<\/blockquote>\n<p><strong><a class=\"dt-pswp-item\" href=\"https:\/\/www.radiopiu.net\/wordpress\/wp-content\/uploads\/2025\/06\/LWYGUALNGA.jpg\" data-dt-img-description=\"\" data-large_image_width=\"907\" data-large_image_height=\"702\"><img loading=\"lazy\" decoding=\"async\" class=\" wp-image-453621 alignleft\" src=\"https:\/\/www.radiopiu.net\/wordpress\/wp-content\/uploads\/2025\/06\/LWYGUALNGA-300x232.jpg\" alt=\"\" width=\"177\" height=\"137\" srcset=\"https:\/\/www.radiopiu.net\/wordpress\/wp-content\/uploads\/2025\/06\/LWYGUALNGA-300x232.jpg 300w, https:\/\/www.radiopiu.net\/wordpress\/wp-content\/uploads\/2025\/06\/LWYGUALNGA-768x594.jpg 768w, https:\/\/www.radiopiu.net\/wordpress\/wp-content\/uploads\/2025\/06\/LWYGUALNGA.jpg 907w\" sizes=\"auto, (max-width: 177px) 100vw, 177px\" \/><\/a>BELLUNO <\/strong>Prosegue il ciclo di incontri informativi \u201cI Gioved\u00ec della Salute\u201d, organizzati dall\u2019Ulss Dolomiti e aperti a tutta la cittadinanza, per approfondire con i professionisti alcune tematiche legate alla promozione della salute e alla prevenzione. Il prossimo appuntamento si terr\u00e0 gioved\u00ec 19 giugno 2025 alle 17.30 nella sala convegni dell\u2019Ospedale di Belluno. Durante la serata si parler\u00e0 di cirrosi epatica con Francesco Minniti &#8211; Direttore Medicina Agordo, Ilaria Bortoluzzi &#8211; Gastroenterologia Belluno e Leonardo De Marco &#8211; Medicina Belluno. Durante l\u2019incontro sar\u00e0 approfondito cos\u2019\u00e8 la cirrosi epatica, quali sono i sintomi e la possibile evoluzione della malattia, come si pu\u00f2 prevenire e come si pu\u00f2 trattare.<\/p>\n<p>&nbsp;<\/p>\n<p>&nbsp;<\/p>\n<hr \/>\n<p>&nbsp;<\/p>\n<blockquote>\n<div class=\"page-title-head hgroup\">\n<h3 class=\"entry-title\">CANALE D\u2019AGORDO E VALLADA, \u201cROSSE\u201d PER I DONATORI DI SANGUE<\/h3>\n<\/div>\n<\/blockquote>\n<p><strong>DI GIANNI SANTOMASO<\/strong><\/p>\n<audio class=\"wp-audio-shortcode\" id=\"audio-453670-10\" preload=\"none\" style=\"width: 100%;\" controls=\"controls\"><source type=\"audio\/mpeg\" src=\"https:\/\/www.radiopiu.net\/wordpress\/wp-content\/uploads\/2025\/06\/gianni-donatore-1.mp3?_=10\" \/><a href=\"https:\/\/www.radiopiu.net\/wordpress\/wp-content\/uploads\/2025\/06\/gianni-donatore-1.mp3\">https:\/\/www.radiopiu.net\/wordpress\/wp-content\/uploads\/2025\/06\/gianni-donatore-1.mp3<\/a><\/audio>\n<p>&nbsp;<\/p>\n<p><strong><a class=\"dt-pswp-item\" href=\"https:\/\/www.radiopiu.net\/wordpress\/wp-content\/uploads\/2025\/06\/caf22ad3-adb5-4452-9c2b-6c8b4b260d3f.jpg\" data-dt-img-description=\"\" data-large_image_width=\"631\" data-large_image_height=\"452\"><img loading=\"lazy\" decoding=\"async\" class=\" wp-image-452983 alignleft\" src=\"https:\/\/www.radiopiu.net\/wordpress\/wp-content\/uploads\/2025\/06\/caf22ad3-adb5-4452-9c2b-6c8b4b260d3f-300x215.jpg\" alt=\"\" width=\"188\" height=\"135\" srcset=\"https:\/\/www.radiopiu.net\/wordpress\/wp-content\/uploads\/2025\/06\/caf22ad3-adb5-4452-9c2b-6c8b4b260d3f-300x215.jpg 300w, https:\/\/www.radiopiu.net\/wordpress\/wp-content\/uploads\/2025\/06\/caf22ad3-adb5-4452-9c2b-6c8b4b260d3f.jpg 631w\" sizes=\"auto, (max-width: 188px) 100vw, 188px\" \/><\/a>CANALE D&#8217;AGORDO <\/strong>In occasione della Giornata Mondiale del Donatore, che si celebra ogni anno il 14 giugno per onorare la nascita di Karl Landsteiner, scopritore dei gruppi sanguigni, anche i Donatori di Sangue di Canale d\u2019Agordo e Vallada Agordina aderiscono alla campagna \u201cM\u2019illumino del Dono\u201d, promossa da Avis Veneto e ABVS Belluno. Rosso come il sangue, rosso come la vita: le luci che dal 13 al 15 giugno illumineranno la Casa Natale di Papa Luciani e il Municipio di Vallada vogliono lanciare un messaggio chiaro e profondo sull\u2019importanza della donazione del sangue, gesto anonimo e gratuito che ogni giorno salva vite. Particolarmente toccante la scelta della casa dove nacque Giovanni Paolo I: nel 1938, il giovane don Albino Luciani don\u00f2 il proprio sangue per salvare un compaesano ricoverato all\u2019ospedale di Belluno. Un gesto che unisce idealmente la storia del pontefice a quella di tutti i donatori di sangue. Per celebrare l\u2019iniziativa, sabato 14 giugno alle ore 21, presso la Casa di Papa Luciani, \u00e8 prevista una cerimonia di accensione delle luci seguita da un brindisi beneaugurante, aperta a tutti.<\/p>\n<p>&nbsp;<\/p>\n<p>&nbsp;<\/p>\n<hr \/>\n<p>&nbsp;<\/p>\n<blockquote>\n<h3>IN VALLE DEL BIOIS TORNA EL BON DE L&#8217;ANSUDA<\/h3>\n<\/blockquote>\n<p>&nbsp;<\/p>\n<p><strong><a class=\"dt-pswp-item\" href=\"https:\/\/www.radiopiu.net\/wordpress\/wp-content\/uploads\/2023\/06\/EL-BON-DE-LANSUDA.jpeg\" data-dt-img-description=\"\" data-large_image_width=\"1890\" data-large_image_height=\"1310\"><img loading=\"lazy\" decoding=\"async\" class=\" wp-image-340252 alignleft\" src=\"https:\/\/www.radiopiu.net\/wordpress\/wp-content\/uploads\/2023\/06\/EL-BON-DE-LANSUDA-300x208.jpeg\" alt=\"\" width=\"185\" height=\"128\" srcset=\"https:\/\/www.radiopiu.net\/wordpress\/wp-content\/uploads\/2023\/06\/EL-BON-DE-LANSUDA-300x208.jpeg 300w, https:\/\/www.radiopiu.net\/wordpress\/wp-content\/uploads\/2023\/06\/EL-BON-DE-LANSUDA-1024x710.jpeg 1024w, https:\/\/www.radiopiu.net\/wordpress\/wp-content\/uploads\/2023\/06\/EL-BON-DE-LANSUDA-768x532.jpeg 768w, https:\/\/www.radiopiu.net\/wordpress\/wp-content\/uploads\/2023\/06\/EL-BON-DE-LANSUDA-1536x1065.jpeg 1536w, https:\/\/www.radiopiu.net\/wordpress\/wp-content\/uploads\/2023\/06\/EL-BON-DE-LANSUDA.jpeg 1890w\" sizes=\"auto, (max-width: 185px) 100vw, 185px\" \/><\/a>DI MIRKO MEZZACASA<\/strong><\/p>\n<p>OSPITI: Antonella Schena e Eddy Gaspari<\/p>\n<audio class=\"wp-audio-shortcode\" id=\"audio-453670-11\" preload=\"none\" style=\"width: 100%;\" controls=\"controls\"><source type=\"audio\/mpeg\" src=\"https:\/\/www.radiopiu.net\/wordpress\/wp-content\/uploads\/2025\/06\/ANTONELLA-EDDY-BON-ANSUDA-25.mp3?_=11\" \/><a href=\"https:\/\/www.radiopiu.net\/wordpress\/wp-content\/uploads\/2025\/06\/ANTONELLA-EDDY-BON-ANSUDA-25.mp3\">https:\/\/www.radiopiu.net\/wordpress\/wp-content\/uploads\/2025\/06\/ANTONELLA-EDDY-BON-ANSUDA-25.mp3<\/a><\/audio>\n<p>&nbsp;<\/p>\n<p>&nbsp;<\/p>\n<hr \/>\n<blockquote>\n<h3>WEEKEND DI SCOPERTA E SPIRITUALIT\u00c0 AL CENTRO MINERARIO VALLE IMPERINA IL 14 E 15 GIUGNO<\/h3>\n<\/blockquote>\n<p><strong><a class=\"dt-pswp-item\" href=\"https:\/\/www.radiopiu.net\/wordpress\/wp-content\/uploads\/2024\/10\/Valle-Imperina-Fabbricato-Forni-Fusori.jpeg\" data-dt-img-description=\"\" data-large_image_width=\"1600\" data-large_image_height=\"1200\"><img loading=\"lazy\" decoding=\"async\" class=\" wp-image-412572 alignleft\" src=\"https:\/\/www.radiopiu.net\/wordpress\/wp-content\/uploads\/2024\/10\/Valle-Imperina-Fabbricato-Forni-Fusori-300x225.jpeg\" alt=\"\" width=\"201\" height=\"151\" srcset=\"https:\/\/www.radiopiu.net\/wordpress\/wp-content\/uploads\/2024\/10\/Valle-Imperina-Fabbricato-Forni-Fusori-300x225.jpeg 300w, https:\/\/www.radiopiu.net\/wordpress\/wp-content\/uploads\/2024\/10\/Valle-Imperina-Fabbricato-Forni-Fusori-1024x768.jpeg 1024w, https:\/\/www.radiopiu.net\/wordpress\/wp-content\/uploads\/2024\/10\/Valle-Imperina-Fabbricato-Forni-Fusori-768x576.jpeg 768w, https:\/\/www.radiopiu.net\/wordpress\/wp-content\/uploads\/2024\/10\/Valle-Imperina-Fabbricato-Forni-Fusori-1536x1152.jpeg 1536w, https:\/\/www.radiopiu.net\/wordpress\/wp-content\/uploads\/2024\/10\/Valle-Imperina-Fabbricato-Forni-Fusori.jpeg 1600w\" sizes=\"auto, (max-width: 201px) 100vw, 201px\" \/><\/a>RIVAMONTE <\/strong>Il Centro Minerario Valle Imperina invita tutta la comunit\u00e0 e i visitatori a partecipare a un weekend ricco di eventi unici, sabato 14 e domenica 15 giugno. Oggi verr\u00e0 celebrata una Santa Messa nella suggestiva cornice dei forni fusori, un luogo che conserva la storia e la tradizione mineraria del territorio. Un momento di riflessione e spiritualit\u00e0 immersi in un ambiente carico di fascino e memoria. Domani, invece, sar\u00e0 protagonista il laboratorio \u201cMateria\u201d, rivolto ai ragazzi e accessibile su prenotazione. Un\u2019esperienza coinvolgente che offre un viaggio sorprendente tra minerali e i segreti della natura, alla scoperta di come queste meraviglie influenzino la nostra vita quotidiana. Entrambe le giornate prevedono visite guidate su prenotazione, per esplorare in modo approfondito la storia e le peculiarit\u00e0 del Centro Minerario. Non perdere questa occasione per vivere un\u2019esperienza educativa e emozionante nel cuore della Valle Imperina. Per maggiori informazioni e prenotazioni: <a class=\"\" href=\"http:\/\/www.centrominerariovalleimperina.it\" target=\"_new\" rel=\"noopener\" data-start=\"1143\" data-end=\"1178\" data-is-last-node=\"\">www.centrominerariovalleimperina.it<\/a><\/p>\n<p><strong>I PROMO ALLA RADIO<\/strong><\/p>\n<audio class=\"wp-audio-shortcode\" id=\"audio-453670-12\" preload=\"none\" style=\"width: 100%;\" controls=\"controls\"><source type=\"audio\/mpeg\" src=\"https:\/\/www.radiopiu.net\/wordpress\/wp-content\/uploads\/2025\/05\/alle-miniere-1.mp3?_=12\" \/><a href=\"https:\/\/www.radiopiu.net\/wordpress\/wp-content\/uploads\/2025\/05\/alle-miniere-1.mp3\">https:\/\/www.radiopiu.net\/wordpress\/wp-content\/uploads\/2025\/05\/alle-miniere-1.mp3<\/a><\/audio>\n<p>&nbsp;<\/p>\n<audio class=\"wp-audio-shortcode\" id=\"audio-453670-13\" preload=\"none\" style=\"width: 100%;\" controls=\"controls\"><source type=\"audio\/mpeg\" src=\"https:\/\/www.radiopiu.net\/wordpress\/wp-content\/uploads\/2025\/05\/alle-miniere-2-1.mp3?_=13\" \/><a href=\"https:\/\/www.radiopiu.net\/wordpress\/wp-content\/uploads\/2025\/05\/alle-miniere-2-1.mp3\">https:\/\/www.radiopiu.net\/wordpress\/wp-content\/uploads\/2025\/05\/alle-miniere-2-1.mp3<\/a><\/audio>\n<p>&nbsp;<\/p>\n<hr \/>\n<p>&nbsp;<\/p>\n<blockquote>\n<h3>APPUNTAMENTO IMPERDIBILE AL BAR DELLE BOCCE DI AGORDO: OGGI ARRIVANO I TIRATAIE<\/h3>\n<\/blockquote>\n<p><strong><a class=\"dt-pswp-item\" href=\"https:\/\/www.radiopiu.net\/wordpress\/wp-content\/uploads\/2025\/06\/TIRATAIE.jpg\" data-dt-img-description=\"\" data-large_image_width=\"1158\" data-large_image_height=\"800\"><img loading=\"lazy\" decoding=\"async\" class=\" wp-image-453273 alignleft\" src=\"https:\/\/www.radiopiu.net\/wordpress\/wp-content\/uploads\/2025\/06\/TIRATAIE-300x207.jpg\" alt=\"\" width=\"172\" height=\"118\" srcset=\"https:\/\/www.radiopiu.net\/wordpress\/wp-content\/uploads\/2025\/06\/TIRATAIE-300x207.jpg 300w, https:\/\/www.radiopiu.net\/wordpress\/wp-content\/uploads\/2025\/06\/TIRATAIE-1024x707.jpg 1024w, https:\/\/www.radiopiu.net\/wordpress\/wp-content\/uploads\/2025\/06\/TIRATAIE-768x531.jpg 768w, https:\/\/www.radiopiu.net\/wordpress\/wp-content\/uploads\/2025\/06\/TIRATAIE.jpg 1158w\" sizes=\"auto, (max-width: 172px) 100vw, 172px\" \/><\/a>AGORDO <\/strong>Prosegue con grande entusiasmo la festa estiva al Bar delle Bocce di Agordo, che oggi offre una serata imperdibile all\u2019insegna della musica e del buon cibo. Dalle ore 20, il palco sar\u00e0 animato dal concerto live dei Tirataie, la folk-band locale che promette di far scatenare il pubblico con le sue note coinvolgenti. Ma prima dell\u2019inizio del concerto, spazio al pre-concerto con le specialit\u00e0 culinarie di Sonia: gustosi arrosticini, panini onti, wurstel e birra a fiumi per soddisfare ogni palato e rendere la serata ancora pi\u00f9 piacevole. Il Bar delle Bocce invita tutti gli appassionati a prenotare il proprio tavolo per assicurarsi un posto in prima fila e vivere una serata all\u2019insegna della buona musica e della convivialit\u00e0. Per prenotazioni \u00e8 possibile chiamare il numero 344 1902405.<\/p>\n<p>&nbsp;<\/p>\n<p>&nbsp;<\/p>\n<p>&nbsp;<\/p>\n<hr \/>\n<p>&nbsp;<\/p>\n<blockquote>\n<h3>SAGRA DEL CAMPANOT 2025: TRENT\u2019ANNI DI TRADIZIONE, MUSICA E GASTRONOMIA ECO-SOSTENIBILE<\/h3>\n<\/blockquote>\n<p><strong><a class=\"dt-pswp-item\" href=\"https:\/\/www.radiopiu.net\/wordpress\/wp-content\/uploads\/2025\/06\/CAMPANOT-2025.jpg\" data-dt-img-description=\"\" data-large_image_width=\"818\" data-large_image_height=\"580\"><img loading=\"lazy\" decoding=\"async\" class=\" wp-image-453191 alignleft\" src=\"https:\/\/www.radiopiu.net\/wordpress\/wp-content\/uploads\/2025\/06\/CAMPANOT-2025-300x213.jpg\" alt=\"\" width=\"194\" height=\"138\" srcset=\"https:\/\/www.radiopiu.net\/wordpress\/wp-content\/uploads\/2025\/06\/CAMPANOT-2025-300x213.jpg 300w, https:\/\/www.radiopiu.net\/wordpress\/wp-content\/uploads\/2025\/06\/CAMPANOT-2025-768x545.jpg 768w, https:\/\/www.radiopiu.net\/wordpress\/wp-content\/uploads\/2025\/06\/CAMPANOT-2025.jpg 818w\" sizes=\"auto, (max-width: 194px) 100vw, 194px\" \/><\/a>BELLUNO <\/strong>Torna dal 20 al 29 giugno 2025 a Castion (Belluno) la 30\u00aa edizione della Sagra del Campanot, evento estivo tra i pi\u00f9 importanti del territorio, organizzato dalla Pro Loco Pieve Castionese. Riconosciuta \u201cSagra di qualit\u00e0\u201d e EcoSagra, promuove tradizione, cultura, gastronomia e sostenibilit\u00e0 con pratiche ambientali come stoviglie lavabili e raccolta differenziata. Il ricco programma prevede otto giorni di concerti con artisti come Gianmarco Bagutti, Punkreas e DJ, spettacoli per famiglie, mostre, tornei sportivi, visite guidate e attivit\u00e0 per bambini. Due giornate speciali sono dedicate ai pi\u00f9 piccoli e alla cultura tirolese. La sagra offre anche un\u2019ampia proposta gastronomica, con piatti tipici bellunesi, cucina vegetariana e vini locali. Il presidente Maurizio Fontanelle sottolinea l\u2019importanza di questo traguardo, frutto di 30 anni di volontariato e collaborazione.<\/p>\n<p>&nbsp;<\/p>\n<p>&nbsp;<\/p>\n<hr \/>\n<p>&nbsp;<\/p>\n<blockquote>\n<h3><a class=\"dt-pswp-item\" href=\"https:\/\/www.radiopiu.net\/wordpress\/wp-content\/uploads\/2020\/10\/fiori-barp.png\" data-dt-img-description=\"\" data-large_image_width=\"334\" data-large_image_height=\"475\"><img loading=\"lazy\" decoding=\"async\" class=\" wp-image-164208 alignleft\" src=\"https:\/\/www.radiopiu.net\/wordpress\/wp-content\/uploads\/2020\/10\/fiori-barp-211x300.png\" alt=\"\" width=\"91\" height=\"129\" srcset=\"https:\/\/www.radiopiu.net\/wordpress\/wp-content\/uploads\/2020\/10\/fiori-barp-211x300.png 211w, https:\/\/www.radiopiu.net\/wordpress\/wp-content\/uploads\/2020\/10\/fiori-barp.png 334w\" sizes=\"auto, (max-width: 91px) 100vw, 91px\" \/><\/a>LA FESTA ARANCIONE DEL FIORI BARP<\/h3>\n<\/blockquote>\n<p><strong>SEDICO<\/strong><\/p>\n<p>DI ROBERTO BONA<\/p>\n<audio class=\"wp-audio-shortcode\" id=\"audio-453670-14\" preload=\"none\" style=\"width: 100%;\" controls=\"controls\"><source type=\"audio\/mpeg\" src=\"https:\/\/www.radiopiu.net\/wordpress\/wp-content\/uploads\/2025\/06\/gr-09-la-festa-arancione-del-fiori-barp-bona-SCADE-14-GIUGNO.mp3?_=14\" \/><a href=\"https:\/\/www.radiopiu.net\/wordpress\/wp-content\/uploads\/2025\/06\/gr-09-la-festa-arancione-del-fiori-barp-bona-SCADE-14-GIUGNO.mp3\">https:\/\/www.radiopiu.net\/wordpress\/wp-content\/uploads\/2025\/06\/gr-09-la-festa-arancione-del-fiori-barp-bona-SCADE-14-GIUGNO.mp3<\/a><\/audio>\n<p>&nbsp;<\/p>\n<p>&nbsp;<\/p>\n<hr \/>\n<p>&nbsp;<\/p>\n<blockquote>\n<h3><a class=\"dt-pswp-item\" href=\"https:\/\/www.radiopiu.net\/wordpress\/wp-content\/uploads\/2025\/06\/Locandina_eventi_Brasile-1.jpg\" data-dt-img-description=\"\" data-large_image_width=\"1190\" data-large_image_height=\"1683\"><img loading=\"lazy\" decoding=\"async\" class=\" wp-image-452816 alignleft\" src=\"https:\/\/www.radiopiu.net\/wordpress\/wp-content\/uploads\/2025\/06\/Locandina_eventi_Brasile-1-212x300.jpg\" alt=\"\" width=\"161\" height=\"228\" srcset=\"https:\/\/www.radiopiu.net\/wordpress\/wp-content\/uploads\/2025\/06\/Locandina_eventi_Brasile-1-212x300.jpg 212w, https:\/\/www.radiopiu.net\/wordpress\/wp-content\/uploads\/2025\/06\/Locandina_eventi_Brasile-1-724x1024.jpg 724w, https:\/\/www.radiopiu.net\/wordpress\/wp-content\/uploads\/2025\/06\/Locandina_eventi_Brasile-1-768x1086.jpg 768w, https:\/\/www.radiopiu.net\/wordpress\/wp-content\/uploads\/2025\/06\/Locandina_eventi_Brasile-1-1086x1536.jpg 1086w, https:\/\/www.radiopiu.net\/wordpress\/wp-content\/uploads\/2025\/06\/Locandina_eventi_Brasile-1.jpg 1190w\" sizes=\"auto, (max-width: 161px) 100vw, 161px\" \/><\/a>MIGRAZIONI, LINGUA E MEMORIA: TRE INCONTRI CULTURALI AL MUSEO ETNOGRAFICO DOLOMITI<\/h3>\n<\/blockquote>\n<p><strong>CESIOMAGGIORE <\/strong>Dal 13 giugno, il Museo Etnografico Dolomiti propone una rassegna di tre eventi dedicati all\u2019emigrazione italiana in Brasile, con focus sulla regione del Rio Grande Do Sul e sul patrimonio culturale delle comunit\u00e0 italo-brasiliane. La rassegna accompagna la mostra fotografica <em data-start=\"365\" data-end=\"401\">Brasile. Tra due mondi, una storia<\/em>, realizzata per i 150 anni dell\u2019emigrazione italiana in Brasile e curata dal fotografo italo-brasiliano Luis Tadeu Vilani. Il 27 giugno, la linguista Loredana Corr\u00e0 esplorer\u00e0 la lingua <em data-start=\"704\" data-end=\"712\">talian<\/em>, seguita dall\u2019antropologa Daniela Perco che approfondir\u00e0 le tradizioni orali italo-brasiliane. L\u2019evento conclusivo, il 4 luglio, sar\u00e0 la presentazione del romanzo <em data-start=\"876\" data-end=\"896\">Piero fa la Merica<\/em> con l\u2019autore Paolo Malaguti, che narra l\u2019esperienza migratoria dal Veneto al Brasile. Tutti gli incontri inizieranno alle ore 18.00.<\/p>\n<p>&nbsp;<\/p>\n<p>&nbsp;<\/p>\n<p>&nbsp;<\/p>\n<p><a class=\"dt-pswp-item\" href=\"https:\/\/www.radiopiu.net\/wordpress\/wp-content\/uploads\/2025\/06\/logo-radio.jpg\" data-dt-img-description=\"\" data-large_image_width=\"483\" data-large_image_height=\"374\"><img loading=\"lazy\" decoding=\"async\" class=\" wp-image-453798 aligncenter\" src=\"https:\/\/www.radiopiu.net\/wordpress\/wp-content\/uploads\/2025\/06\/logo-radio-300x232.jpg\" alt=\"\" width=\"169\" height=\"131\" srcset=\"https:\/\/www.radiopiu.net\/wordpress\/wp-content\/uploads\/2025\/06\/logo-radio-300x232.jpg 300w, https:\/\/www.radiopiu.net\/wordpress\/wp-content\/uploads\/2025\/06\/logo-radio.jpg 483w\" sizes=\"auto, (max-width: 169px) 100vw, 169px\" \/><\/a><\/p>\n<hr \/>\n<p>&nbsp;<\/p>\n<blockquote>\n<h3><a class=\"dt-pswp-item\" href=\"https:\/\/www.radiopiu.net\/wordpress\/wp-content\/uploads\/2025\/06\/giuseppe_guarrera.jpg\" data-dt-img-description=\"\" data-large_image_width=\"1200\" data-large_image_height=\"800\"><img loading=\"lazy\" decoding=\"async\" class=\" wp-image-453554 alignleft\" src=\"https:\/\/www.radiopiu.net\/wordpress\/wp-content\/uploads\/2025\/06\/giuseppe_guarrera-300x200.jpg\" alt=\"\" width=\"161\" height=\"107\" srcset=\"https:\/\/www.radiopiu.net\/wordpress\/wp-content\/uploads\/2025\/06\/giuseppe_guarrera-300x200.jpg 300w, https:\/\/www.radiopiu.net\/wordpress\/wp-content\/uploads\/2025\/06\/giuseppe_guarrera-1024x683.jpg 1024w, https:\/\/www.radiopiu.net\/wordpress\/wp-content\/uploads\/2025\/06\/giuseppe_guarrera-768x512.jpg 768w, https:\/\/www.radiopiu.net\/wordpress\/wp-content\/uploads\/2025\/06\/giuseppe_guarrera.jpg 1200w\" sizes=\"auto, (max-width: 161px) 100vw, 161px\" \/><\/a>RECITAL DI GIUSEPPE GUARRERA A BELLUNO PER IL 150\u00b0 DI FANO<\/h3>\n<\/blockquote>\n<p><strong>BELLUNO<\/strong> Oggi alle 20:30, il pianista Giuseppe Guarrera si esibir\u00e0 nella Prefettura di Belluno per il Circolo Culturale Bellunese. In programma musiche di Beethoven, Wagner-Liszt, Liszt, Busoni e Guido Alberto Fano, omaggiato nel 150\u00b0 anniversario della nascita. Le note di sala sono a cura di Vitale Fano, nipote del compositore.<\/p>\n<p>&nbsp;<\/p>\n<p>&nbsp;<\/p>\n<p><a class=\"dt-pswp-item\" href=\"https:\/\/www.radiopiu.net\/wordpress\/wp-content\/uploads\/2025\/06\/logo-radio.jpg\" data-dt-img-description=\"\" data-large_image_width=\"483\" data-large_image_height=\"374\"><img loading=\"lazy\" decoding=\"async\" class=\" wp-image-453798 aligncenter\" src=\"https:\/\/www.radiopiu.net\/wordpress\/wp-content\/uploads\/2025\/06\/logo-radio-300x232.jpg\" alt=\"\" width=\"169\" height=\"131\" srcset=\"https:\/\/www.radiopiu.net\/wordpress\/wp-content\/uploads\/2025\/06\/logo-radio-300x232.jpg 300w, https:\/\/www.radiopiu.net\/wordpress\/wp-content\/uploads\/2025\/06\/logo-radio.jpg 483w\" sizes=\"auto, (max-width: 169px) 100vw, 169px\" \/><\/a><\/p>\n<hr \/>\n<p>&nbsp;<\/p>\n<blockquote>\n<h3><a class=\"dt-pswp-item\" href=\"https:\/\/www.radiopiu.net\/wordpress\/wp-content\/uploads\/2025\/06\/26a18d41-36fd-4384-82a2-6f6a20b6034e.jpg\" data-dt-img-description=\"\" data-large_image_width=\"901\" data-large_image_height=\"1600\"><img loading=\"lazy\" decoding=\"async\" class=\" wp-image-453423 alignleft\" src=\"https:\/\/www.radiopiu.net\/wordpress\/wp-content\/uploads\/2025\/06\/26a18d41-36fd-4384-82a2-6f6a20b6034e-169x300.jpg\" alt=\"\" width=\"76\" height=\"135\" srcset=\"https:\/\/www.radiopiu.net\/wordpress\/wp-content\/uploads\/2025\/06\/26a18d41-36fd-4384-82a2-6f6a20b6034e-169x300.jpg 169w, https:\/\/www.radiopiu.net\/wordpress\/wp-content\/uploads\/2025\/06\/26a18d41-36fd-4384-82a2-6f6a20b6034e-577x1024.jpg 577w, https:\/\/www.radiopiu.net\/wordpress\/wp-content\/uploads\/2025\/06\/26a18d41-36fd-4384-82a2-6f6a20b6034e-768x1364.jpg 768w, https:\/\/www.radiopiu.net\/wordpress\/wp-content\/uploads\/2025\/06\/26a18d41-36fd-4384-82a2-6f6a20b6034e-865x1536.jpg 865w, https:\/\/www.radiopiu.net\/wordpress\/wp-content\/uploads\/2025\/06\/26a18d41-36fd-4384-82a2-6f6a20b6034e.jpg 901w\" sizes=\"auto, (max-width: 76px) 100vw, 76px\" \/><\/a>CONCERTO TRA LE VIGNE CON IL GRUPPO VOCALE CRYSTAL TEARS<\/h3>\n<\/blockquote>\n<p><strong>BORGO VALBELLUNA <\/strong>Domenica 22 giugno 2025 alle 20.30, tra le vigne di Poggio Pagnan (Mel di Borgo Valbelluna), si terr\u00e0 il concerto \u201cLuci care, luci belle\u201d del Gruppo Vocale Crystal Tears, diretto da Elettra De Biasi. Voci e clarinetti daranno vita a un viaggio musicale tra classica e contemporanea, con brani di Haydn, Mozart, Beethoven e prime assolute di compositori locali. Protagonisti: quattro talentuosi clarinettisti, tra cui il maestro Alessandro Muscatello. L\u2019evento, gratuito e immerso nella natura, \u00e8 patrocinato dal Comune e organizzato con Art Dolomites e Poggio Pagnan.<\/p>\n<p>&nbsp;<\/p>\n<p>&nbsp;<\/p>\n<hr \/>\n<p>&nbsp;<\/p>\n<h1><span style=\"color: #ff6600;\">ALLA RADIO<\/span><\/h1>\n<h2><span style=\"color: #ff00ff;\">&#8220;DINTORN E FORA VIA&#8221;\u00a0 IL PROGRAMMA\u00a0 A CURA DEL MUSLA\u00a0<\/span><\/h2>\n<p><strong><a class=\"dt-pswp-item\" href=\"https:\/\/www.radiopiu.net\/wordpress\/wp-content\/uploads\/2024\/02\/file-e1707208139238.jpg\" data-dt-img-description=\"\" data-large_image_width=\"640\" data-large_image_height=\"640\"><img loading=\"lazy\" decoding=\"async\" class=\"wp-image-373423 alignleft\" src=\"https:\/\/www.radiopiu.net\/wordpress\/wp-content\/uploads\/2024\/02\/file-e1707208139238-300x300.jpg\" alt=\"\" width=\"103\" height=\"103\" srcset=\"https:\/\/www.radiopiu.net\/wordpress\/wp-content\/uploads\/2024\/02\/file-e1707208139238-300x300.jpg 300w, https:\/\/www.radiopiu.net\/wordpress\/wp-content\/uploads\/2024\/02\/file-e1707208139238-150x150.jpg 150w, https:\/\/www.radiopiu.net\/wordpress\/wp-content\/uploads\/2024\/02\/file-e1707208139238.jpg 640w\" sizes=\"auto, (max-width: 103px) 100vw, 103px\" \/><\/a>PUNTATA DEL 13 GIUGNO 2025 VERONICA LEZUO<\/strong><\/p>\n<audio class=\"wp-audio-shortcode\" id=\"audio-453670-15\" preload=\"none\" style=\"width: 100%;\" controls=\"controls\"><source type=\"audio\/mpeg\" src=\"https:\/\/www.radiopiu.net\/wordpress\/wp-content\/uploads\/2025\/06\/MUSLA-3.mp3?_=15\" \/><a href=\"https:\/\/www.radiopiu.net\/wordpress\/wp-content\/uploads\/2025\/06\/MUSLA-3.mp3\">https:\/\/www.radiopiu.net\/wordpress\/wp-content\/uploads\/2025\/06\/MUSLA-3.mp3<\/a><\/audio>\n<p>&nbsp;<\/p>\n<h1><strong>LA RACCOLTA COMPLETA <a href=\"https:\/\/www.radiopiu.net\/wordpress\/musla\/\"><span style=\"color: #3366ff;\">CLICCA QUI<\/span><\/a><\/strong><\/h1>\n<p>&nbsp;<\/p>\n<hr \/>\n<p>&nbsp;<\/p>\n<h2><span style=\"color: #cc99ff;\">MUSIC A B C, IL MONDO DELLA MUSICA UNA LETTERA ALLA VOLTA<\/span><\/h2>\n<p><span style=\"color: #ff0000;\"><strong><a class=\"dt-pswp-item\" href=\"https:\/\/www.radiopiu.net\/wordpress\/wp-content\/uploads\/2021\/07\/microfono-radio-ok-768x448-768x448-1.jpg\" data-dt-img-description=\"\" data-large_image_width=\"768\" data-large_image_height=\"448\"><img loading=\"lazy\" decoding=\"async\" class=\" wp-image-220632 alignleft\" src=\"https:\/\/www.radiopiu.net\/wordpress\/wp-content\/uploads\/2021\/07\/microfono-radio-ok-768x448-768x448-1-300x175.jpg\" alt=\"\" width=\"148\" height=\"86\" srcset=\"https:\/\/www.radiopiu.net\/wordpress\/wp-content\/uploads\/2021\/07\/microfono-radio-ok-768x448-768x448-1-300x175.jpg 300w, https:\/\/www.radiopiu.net\/wordpress\/wp-content\/uploads\/2021\/07\/microfono-radio-ok-768x448-768x448-1.jpg 768w\" sizes=\"auto, (max-width: 148px) 100vw, 148px\" \/><\/a>CON MARINA DONA&#8217; E DAVID &#8220;ATHOS&#8221; BEN<\/strong><\/span><\/p>\n<p><span style=\"color: #0000ff;\"><strong>PUNTATA DEL 13 GIUGNO 2025<\/strong><\/span><\/p>\n<p><strong>PRIMA PARTE<\/strong><\/p>\n<audio class=\"wp-audio-shortcode\" id=\"audio-453670-16\" preload=\"none\" style=\"width: 100%;\" controls=\"controls\"><source type=\"audio\/mpeg\" src=\"https:\/\/www.radiopiu.net\/wordpress\/wp-content\/uploads\/2025\/06\/GOLD1.mp3?_=16\" \/><a href=\"https:\/\/www.radiopiu.net\/wordpress\/wp-content\/uploads\/2025\/06\/GOLD1.mp3\">https:\/\/www.radiopiu.net\/wordpress\/wp-content\/uploads\/2025\/06\/GOLD1.mp3<\/a><\/audio>\n<p>&nbsp;<\/p>\n<p><strong>SECONDA PARTE<\/strong><\/p>\n<audio class=\"wp-audio-shortcode\" id=\"audio-453670-17\" preload=\"none\" style=\"width: 100%;\" controls=\"controls\"><source type=\"audio\/mpeg\" src=\"https:\/\/www.radiopiu.net\/wordpress\/wp-content\/uploads\/2025\/06\/GOLD2.mp3?_=17\" \/><a href=\"https:\/\/www.radiopiu.net\/wordpress\/wp-content\/uploads\/2025\/06\/GOLD2.mp3\">https:\/\/www.radiopiu.net\/wordpress\/wp-content\/uploads\/2025\/06\/GOLD2.mp3<\/a><\/audio>\n<p>&nbsp;<\/p>\n<p><strong>TERZA PARTE<\/strong><\/p>\n<audio class=\"wp-audio-shortcode\" id=\"audio-453670-18\" preload=\"none\" style=\"width: 100%;\" controls=\"controls\"><source type=\"audio\/mpeg\" src=\"https:\/\/www.radiopiu.net\/wordpress\/wp-content\/uploads\/2025\/06\/GOLD3.mp3?_=18\" \/><a href=\"https:\/\/www.radiopiu.net\/wordpress\/wp-content\/uploads\/2025\/06\/GOLD3.mp3\">https:\/\/www.radiopiu.net\/wordpress\/wp-content\/uploads\/2025\/06\/GOLD3.mp3<\/a><\/audio>\n<p>&nbsp;<\/p>\n<h1><strong>LA RACCOLTA COMPLETA <a href=\"https:\/\/www.radiopiu.net\/wordpress\/music-a-b-c-il-mondo-della-musica-una-lettera-alla-volta-la-raccolta\/\"><span style=\"color: #3366ff;\">CLICCA QUI<\/span><\/a><\/strong><\/h1>\n<p>&nbsp;<\/p>\n<hr \/>\n<p>&nbsp;<\/p>\n<h2><span style=\"color: #993300;\">ACCOGLIENZA TURISTICA E GRANDI EVENTI: LA SETTIMANA ALLA RADIO<\/span><\/h2>\n<p><strong>REDAZIONE\u00a0<\/strong>La settimana dell&#8217;accoglienza al gruppo Fontana Ivo Far 1951. Una due giorni con esperti, relazioni, suggerimenti.<\/p>\n<p><strong>VENERDI &#8211; GIUSEPPE AMANTE CONSULENTE PER SVILUPPO BUSINNESS E MARKETING STRATEGICO<\/strong><\/p>\n<p><iframe loading=\"lazy\" title=\"Giuseppe Amante  Consulente per sviluppo business e marketing strategico\" width=\"1200\" height=\"675\" src=\"https:\/\/www.youtube.com\/embed\/ybZUIExEWDo?feature=oembed\" frameborder=\"0\" allow=\"accelerometer; autoplay; clipboard-write; encrypted-media; gyroscope; picture-in-picture; web-share\" referrerpolicy=\"strict-origin-when-cross-origin\" allowfullscreen><\/iframe><\/p>\n<p>&nbsp;<\/p>\n<h1><strong>LA RACCOLTA COMPLETA <a href=\"https:\/\/www.radiopiu.net\/wordpress\/accoglienza-turistica-e-grandi-eventi-la-settimana-alla-radio-mercoledi\/\"><span style=\"color: #3366ff;\">CLICCA QUI<\/span><\/a><\/strong><\/h1>\n<p>&nbsp;<\/p>\n<hr \/>\n<p>&nbsp;<\/p>\n<h2><span style=\"color: #00ff00;\">LE POESIE DI PAOLO &#8220;SBRASA&#8221; CAMPEDEL<\/span><\/h2>\n<p><strong><a class=\"dt-pswp-item\" href=\"https:\/\/www.radiopiu.net\/wordpress\/wp-content\/uploads\/2025\/06\/9dd58e8d-9594-4d52-9af5-9d2856df2fe9.jpg\" data-dt-img-description=\"\" data-large_image_width=\"2000\" data-large_image_height=\"1500\"><img loading=\"lazy\" decoding=\"async\" class=\" wp-image-453414 alignleft\" src=\"https:\/\/www.radiopiu.net\/wordpress\/wp-content\/uploads\/2025\/06\/9dd58e8d-9594-4d52-9af5-9d2856df2fe9-300x225.jpg\" alt=\"\" width=\"161\" height=\"121\" srcset=\"https:\/\/www.radiopiu.net\/wordpress\/wp-content\/uploads\/2025\/06\/9dd58e8d-9594-4d52-9af5-9d2856df2fe9-300x225.jpg 300w, https:\/\/www.radiopiu.net\/wordpress\/wp-content\/uploads\/2025\/06\/9dd58e8d-9594-4d52-9af5-9d2856df2fe9-1024x768.jpg 1024w, https:\/\/www.radiopiu.net\/wordpress\/wp-content\/uploads\/2025\/06\/9dd58e8d-9594-4d52-9af5-9d2856df2fe9-768x576.jpg 768w, https:\/\/www.radiopiu.net\/wordpress\/wp-content\/uploads\/2025\/06\/9dd58e8d-9594-4d52-9af5-9d2856df2fe9-1536x1152.jpg 1536w, https:\/\/www.radiopiu.net\/wordpress\/wp-content\/uploads\/2025\/06\/9dd58e8d-9594-4d52-9af5-9d2856df2fe9.jpg 2000w\" sizes=\"auto, (max-width: 161px) 100vw, 161px\" \/><\/a>DI MARINA DONA&#8217;<\/strong><\/p>\n<p>OSPITE: Paolo &#8220;Sbrasa&#8221; Campedel<\/p>\n<audio class=\"wp-audio-shortcode\" id=\"audio-453670-19\" preload=\"none\" style=\"width: 100%;\" controls=\"controls\"><source type=\"audio\/mpeg\" src=\"https:\/\/www.radiopiu.net\/wordpress\/wp-content\/uploads\/2025\/06\/PAOLO-SBRASA-.mp3?_=19\" \/><a href=\"https:\/\/www.radiopiu.net\/wordpress\/wp-content\/uploads\/2025\/06\/PAOLO-SBRASA-.mp3\">https:\/\/www.radiopiu.net\/wordpress\/wp-content\/uploads\/2025\/06\/PAOLO-SBRASA-.mp3<\/a><\/audio>\n<p>&nbsp;<\/p>\n<hr \/>\n<p>&nbsp;<\/p>\n<h2><span style=\"color: #00ccff;\">FINE SETTIMANA DI FESTA A RIVAMONTE CON LA SAGRA DE SANT&#8217;ANTONI<\/span><\/h2>\n<p><strong><a class=\"dt-pswp-item\" href=\"https:\/\/www.radiopiu.net\/wordpress\/wp-content\/uploads\/2025\/06\/1a03dc4a-5a6e-418a-9e09-62952cf13995.jpg\" data-dt-img-description=\"\" data-large_image_width=\"1142\" data-large_image_height=\"1600\"><img loading=\"lazy\" decoding=\"async\" class=\" wp-image-453261 alignleft\" src=\"https:\/\/www.radiopiu.net\/wordpress\/wp-content\/uploads\/2025\/06\/1a03dc4a-5a6e-418a-9e09-62952cf13995-214x300.jpg\" alt=\"\" width=\"143\" height=\"200\" srcset=\"https:\/\/www.radiopiu.net\/wordpress\/wp-content\/uploads\/2025\/06\/1a03dc4a-5a6e-418a-9e09-62952cf13995-214x300.jpg 214w, https:\/\/www.radiopiu.net\/wordpress\/wp-content\/uploads\/2025\/06\/1a03dc4a-5a6e-418a-9e09-62952cf13995-731x1024.jpg 731w, https:\/\/www.radiopiu.net\/wordpress\/wp-content\/uploads\/2025\/06\/1a03dc4a-5a6e-418a-9e09-62952cf13995-768x1076.jpg 768w, https:\/\/www.radiopiu.net\/wordpress\/wp-content\/uploads\/2025\/06\/1a03dc4a-5a6e-418a-9e09-62952cf13995-1096x1536.jpg 1096w, https:\/\/www.radiopiu.net\/wordpress\/wp-content\/uploads\/2025\/06\/1a03dc4a-5a6e-418a-9e09-62952cf13995.jpg 1142w\" sizes=\"auto, (max-width: 143px) 100vw, 143px\" \/><\/a>DI MIRKO MEZZACASA<\/strong><\/p>\n<p>OSPITE: Giacomo Bressan, presidente della Pro Loco Rivamonte<\/p>\n<audio class=\"wp-audio-shortcode\" id=\"audio-453670-20\" preload=\"none\" style=\"width: 100%;\" controls=\"controls\"><source type=\"audio\/mpeg\" src=\"https:\/\/www.radiopiu.net\/wordpress\/wp-content\/uploads\/2025\/06\/GIACOMO-BRESSAN-PROLOCO-2025-RIVAMONET.mp3?_=20\" \/><a href=\"https:\/\/www.radiopiu.net\/wordpress\/wp-content\/uploads\/2025\/06\/GIACOMO-BRESSAN-PROLOCO-2025-RIVAMONET.mp3\">https:\/\/www.radiopiu.net\/wordpress\/wp-content\/uploads\/2025\/06\/GIACOMO-BRESSAN-PROLOCO-2025-RIVAMONET.mp3<\/a><\/audio>\n<p>&nbsp;<\/p>\n<hr \/>\n<p>&nbsp;<\/p>\n<h2><span style=\"color: #ff0000;\"><a class=\"dt-pswp-item\" href=\"https:\/\/www.radiopiu.net\/wordpress\/wp-content\/uploads\/2018\/09\/appuntamenti.jpeg\" data-dt-img-description=\"\" data-large_image_width=\"800\" data-large_image_height=\"100\"><img loading=\"lazy\" decoding=\"async\" class=\"wp-image-61958 size-full aligncenter\" src=\"https:\/\/www.radiopiu.net\/wordpress\/wp-content\/uploads\/2018\/09\/appuntamenti.jpeg\" alt=\"\" width=\"800\" height=\"100\" srcset=\"https:\/\/www.radiopiu.net\/wordpress\/wp-content\/uploads\/2018\/09\/appuntamenti.jpeg 800w, https:\/\/www.radiopiu.net\/wordpress\/wp-content\/uploads\/2018\/09\/appuntamenti-300x38.jpeg 300w, https:\/\/www.radiopiu.net\/wordpress\/wp-content\/uploads\/2018\/09\/appuntamenti-768x96.jpeg 768w\" sizes=\"auto, (max-width: 800px) 100vw, 800px\" \/><\/a><\/span><\/h2>\n<p>&nbsp;<\/p>\n<div>\n<div class=\"\" dir=\"auto\">\n<div id=\":r9h:\" class=\"x1iorvi4 x1pi30zi x1l90r2v x1swvt13\" data-ad-comet-preview=\"message\" data-ad-preview=\"message\">\n<div class=\"\" dir=\"auto\">\n<div id=\":r9h:\" class=\"x1iorvi4 x1pi30zi x1l90r2v x1swvt13\" data-ad-comet-preview=\"message\" data-ad-preview=\"message\">\n<div class=\"\" dir=\"auto\">\n<div id=\":r9h:\" class=\"x1iorvi4 x1pi30zi x1l90r2v x1swvt13\" data-ad-comet-preview=\"message\" data-ad-preview=\"message\">\n<div class=\"\" dir=\"auto\">\n<div id=\":r9h:\" class=\"x1iorvi4 x1pi30zi x1l90r2v x1swvt13\" data-ad-comet-preview=\"message\" data-ad-preview=\"message\">\n<div>\n<div class=\"\" dir=\"auto\">\n<div id=\":r9h:\" class=\"x1iorvi4 x1pi30zi x1l90r2v x1swvt13\" data-ad-comet-preview=\"message\" data-ad-preview=\"message\">\n<div>\n<div class=\"\" dir=\"auto\">\n<div id=\":r9h:\" class=\"x1iorvi4 x1pi30zi x1l90r2v x1swvt13\" data-ad-comet-preview=\"message\" data-ad-preview=\"message\">\n<div class=\"xdj266r x11i5rnm xat24cr x1mh8g0r x1vvkbs x126k92a\">\n<div dir=\"auto\"><\/div>\n<\/div>\n<div>\n<div class=\"\" dir=\"auto\">\n<div id=\":r9h:\" class=\"x1iorvi4 x1pi30zi x1l90r2v x1swvt13\" data-ad-comet-preview=\"message\" data-ad-preview=\"message\">\n<div>\n<div class=\"\" dir=\"auto\">\n<div id=\":r9h:\" class=\"x1iorvi4 x1pi30zi x1l90r2v x1swvt13\" data-ad-comet-preview=\"message\" data-ad-preview=\"message\">\n\n\t\t\t<style type='text\/css'>\n\t\t\t\t#gallery-12 {\n\t\t\t\t\tmargin: auto;\n\t\t\t\t}\n\t\t\t\t#gallery-12 .gallery-item {\n\t\t\t\t\tfloat: left;\n\t\t\t\t\tmargin-top: 10px;\n\t\t\t\t\ttext-align: center;\n\t\t\t\t\twidth: 25%;\n\t\t\t\t}\n\t\t\t\t#gallery-12 img {\n\t\t\t\t\tborder: 2px solid #cfcfcf;\n\t\t\t\t}\n\t\t\t\t#gallery-12 .gallery-caption {\n\t\t\t\t\tmargin-left: 0;\n\t\t\t\t}\n\t\t\t\t\/* see gallery_shortcode() in wp-includes\/media.php *\/\n\t\t\t<\/style>\n\t\t<div id='gallery-12' class='dt-gallery-container gallery galleryid-453670 gallery-columns-4 gallery-size-thumbnail'><dl class='gallery-item'>\n\t\t\t\t<dt class='gallery-icon portrait'>\n\t\t\t\t\t<a class=\"rollover rollover-zoom dt-pswp-item\" title=\"Locandina mostra gagliardetti radioe tv\" data-dt-img-description=\"\" data-large_image_width=\"1052\" data-large_image_height=\"1488\"href='https:\/\/www.radiopiu.net\/wordpress\/wp-content\/uploads\/2025\/05\/Locandina-mostra-gagliardetti-radioe-tv.jpg'><img loading=\"lazy\" decoding=\"async\" width=\"150\" height=\"150\" src=\"https:\/\/www.radiopiu.net\/wordpress\/wp-content\/uploads\/2025\/05\/Locandina-mostra-gagliardetti-radioe-tv-150x150.jpg\" class=\"attachment-thumbnail size-thumbnail\" alt=\"\" \/><\/a>\n\t\t\t\t<\/dt><\/dl><dl class='gallery-item'>\n\t\t\t\t<dt class='gallery-icon portrait'>\n\t\t\t\t\t<a class=\"rollover rollover-zoom dt-pswp-item\" title=\"ARSON\" data-dt-img-description=\"\" data-large_image_width=\"841\" data-large_image_height=\"1190\"href='https:\/\/www.radiopiu.net\/wordpress\/wp-content\/uploads\/2025\/05\/ARSON.jpg'><img loading=\"lazy\" decoding=\"async\" width=\"150\" height=\"150\" src=\"https:\/\/www.radiopiu.net\/wordpress\/wp-content\/uploads\/2025\/05\/ARSON-150x150.jpg\" class=\"attachment-thumbnail size-thumbnail\" alt=\"\" \/><\/a>\n\t\t\t\t<\/dt><\/dl><dl class='gallery-item'>\n\t\t\t\t<dt class='gallery-icon portrait'>\n\t\t\t\t\t<a class=\"rollover rollover-zoom dt-pswp-item\" title=\"d1498b2b-b7bf-4f97-a860-cfdab4895bad\" data-dt-img-description=\"\" data-large_image_width=\"1127\" data-large_image_height=\"1600\"href='https:\/\/www.radiopiu.net\/wordpress\/wp-content\/uploads\/2025\/05\/d1498b2b-b7bf-4f97-a860-cfdab4895bad.jpg'><img loading=\"lazy\" decoding=\"async\" width=\"150\" height=\"150\" src=\"https:\/\/www.radiopiu.net\/wordpress\/wp-content\/uploads\/2025\/05\/d1498b2b-b7bf-4f97-a860-cfdab4895bad-150x150.jpg\" class=\"attachment-thumbnail size-thumbnail\" alt=\"\" \/><\/a>\n\t\t\t\t<\/dt><\/dl><dl class='gallery-item'>\n\t\t\t\t<dt class='gallery-icon portrait'>\n\t\t\t\t\t<a class=\"rollover rollover-zoom dt-pswp-item\" title=\"47206401-ad67-496b-80c6-4e9e2f24ffdf\" data-dt-img-description=\"\" data-large_image_width=\"1158\" data-large_image_height=\"1600\"href='https:\/\/www.radiopiu.net\/wordpress\/wp-content\/uploads\/2025\/05\/47206401-ad67-496b-80c6-4e9e2f24ffdf.jpg'><img loading=\"lazy\" decoding=\"async\" width=\"150\" height=\"150\" src=\"https:\/\/www.radiopiu.net\/wordpress\/wp-content\/uploads\/2025\/05\/47206401-ad67-496b-80c6-4e9e2f24ffdf-150x150.jpg\" class=\"attachment-thumbnail size-thumbnail\" alt=\"\" \/><\/a>\n\t\t\t\t<\/dt><\/dl><br style=\"clear: both\" \/><dl class='gallery-item'>\n\t\t\t\t<dt class='gallery-icon portrait'>\n\t\t\t\t\t<a class=\"rollover rollover-zoom dt-pswp-item\" title=\"Locandina_eventi_Brasile (1)\" data-dt-img-description=\"\" data-large_image_width=\"1190\" data-large_image_height=\"1683\"href='https:\/\/www.radiopiu.net\/wordpress\/wp-content\/uploads\/2025\/06\/Locandina_eventi_Brasile-1.jpg'><img loading=\"lazy\" decoding=\"async\" width=\"150\" height=\"150\" src=\"https:\/\/www.radiopiu.net\/wordpress\/wp-content\/uploads\/2025\/06\/Locandina_eventi_Brasile-1-150x150.jpg\" class=\"attachment-thumbnail size-thumbnail\" alt=\"\" \/><\/a>\n\t\t\t\t<\/dt><\/dl><dl class='gallery-item'>\n\t\t\t\t<dt class='gallery-icon portrait'>\n\t\t\t\t\t<a class=\"rollover rollover-zoom dt-pswp-item\" title=\"Locandina Sagra di San Giovanni 2025\" data-dt-img-description=\"\" data-large_image_width=\"814\" data-large_image_height=\"1600\"href='https:\/\/www.radiopiu.net\/wordpress\/wp-content\/uploads\/2025\/06\/Locandina-Sagra-di-San-Giovanni-2025.jpg'><img loading=\"lazy\" decoding=\"async\" width=\"150\" height=\"150\" src=\"https:\/\/www.radiopiu.net\/wordpress\/wp-content\/uploads\/2025\/06\/Locandina-Sagra-di-San-Giovanni-2025-150x150.jpg\" class=\"attachment-thumbnail size-thumbnail\" alt=\"\" \/><\/a>\n\t\t\t\t<\/dt><\/dl><dl class='gallery-item'>\n\t\t\t\t<dt class='gallery-icon portrait'>\n\t\t\t\t\t<a class=\"rollover rollover-zoom dt-pswp-item\" title=\"17a1fc42-3517-41bb-8a12-ddda5bfbb98c\" data-dt-img-description=\"\" data-large_image_width=\"1000\" data-large_image_height=\"1401\"href='https:\/\/www.radiopiu.net\/wordpress\/wp-content\/uploads\/2025\/06\/17a1fc42-3517-41bb-8a12-ddda5bfbb98c.jpg'><img loading=\"lazy\" decoding=\"async\" width=\"150\" height=\"150\" src=\"https:\/\/www.radiopiu.net\/wordpress\/wp-content\/uploads\/2025\/06\/17a1fc42-3517-41bb-8a12-ddda5bfbb98c-150x150.jpg\" class=\"attachment-thumbnail size-thumbnail\" alt=\"\" \/><\/a>\n\t\t\t\t<\/dt><\/dl><dl class='gallery-item'>\n\t\t\t\t<dt class='gallery-icon portrait'>\n\t\t\t\t\t<a class=\"rollover rollover-zoom dt-pswp-item\" title=\"a26d42f4-7856-45f7-91cd-7ae0cfe04108\" data-dt-img-description=\"\" data-large_image_width=\"1131\" data-large_image_height=\"1600\"href='https:\/\/www.radiopiu.net\/wordpress\/wp-content\/uploads\/2025\/06\/a26d42f4-7856-45f7-91cd-7ae0cfe04108.jpg'><img loading=\"lazy\" decoding=\"async\" width=\"150\" height=\"150\" src=\"https:\/\/www.radiopiu.net\/wordpress\/wp-content\/uploads\/2025\/06\/a26d42f4-7856-45f7-91cd-7ae0cfe04108-150x150.jpg\" class=\"attachment-thumbnail size-thumbnail\" alt=\"\" \/><\/a>\n\t\t\t\t<\/dt><\/dl><br style=\"clear: both\" \/><dl class='gallery-item'>\n\t\t\t\t<dt class='gallery-icon portrait'>\n\t\t\t\t\t<a class=\"rollover rollover-zoom dt-pswp-item\" title=\"locandina Mostra\" data-dt-img-description=\"\" data-large_image_width=\"1132\" data-large_image_height=\"1600\"href='https:\/\/www.radiopiu.net\/wordpress\/wp-content\/uploads\/2025\/06\/locandina-Mostra.jpg'><img loading=\"lazy\" decoding=\"async\" width=\"150\" height=\"150\" src=\"https:\/\/www.radiopiu.net\/wordpress\/wp-content\/uploads\/2025\/06\/locandina-Mostra-150x150.jpg\" class=\"attachment-thumbnail size-thumbnail\" alt=\"\" \/><\/a>\n\t\t\t\t<\/dt><\/dl><dl class='gallery-item'>\n\t\t\t\t<dt class='gallery-icon portrait'>\n\t\t\t\t\t<a class=\"rollover rollover-zoom dt-pswp-item\" title=\"locandina Convegno\" data-dt-img-description=\"\" data-large_image_width=\"1132\" data-large_image_height=\"1600\"href='https:\/\/www.radiopiu.net\/wordpress\/wp-content\/uploads\/2025\/06\/locandina-Convegno.jpg'><img loading=\"lazy\" decoding=\"async\" width=\"150\" height=\"150\" src=\"https:\/\/www.radiopiu.net\/wordpress\/wp-content\/uploads\/2025\/06\/locandina-Convegno-150x150.jpg\" class=\"attachment-thumbnail size-thumbnail\" alt=\"\" \/><\/a>\n\t\t\t\t<\/dt><\/dl><dl class='gallery-item'>\n\t\t\t\t<dt class='gallery-icon portrait'>\n\t\t\t\t\t<a class=\"rollover rollover-zoom dt-pswp-item\" title=\"Locandina_cerimonia_19_giugno_2025\" data-dt-img-description=\"\" data-large_image_width=\"595\" data-large_image_height=\"842\"href='https:\/\/www.radiopiu.net\/wordpress\/wp-content\/uploads\/2025\/06\/Locandina_cerimonia_19_giugno_2025.jpg'><img loading=\"lazy\" decoding=\"async\" width=\"150\" height=\"150\" src=\"https:\/\/www.radiopiu.net\/wordpress\/wp-content\/uploads\/2025\/06\/Locandina_cerimonia_19_giugno_2025-150x150.jpg\" class=\"attachment-thumbnail size-thumbnail\" alt=\"\" \/><\/a>\n\t\t\t\t<\/dt><\/dl><dl class='gallery-item'>\n\t\t\t\t<dt class='gallery-icon portrait'>\n\t\t\t\t\t<a class=\"rollover rollover-zoom dt-pswp-item\" title=\"01a60090-5b9f-4e34-b7ab-1551e1661b7b\" data-dt-img-description=\"\" data-large_image_width=\"1131\" data-large_image_height=\"1600\"href='https:\/\/www.radiopiu.net\/wordpress\/wp-content\/uploads\/2025\/06\/01a60090-5b9f-4e34-b7ab-1551e1661b7b.jpg'><img loading=\"lazy\" decoding=\"async\" width=\"150\" height=\"150\" src=\"https:\/\/www.radiopiu.net\/wordpress\/wp-content\/uploads\/2025\/06\/01a60090-5b9f-4e34-b7ab-1551e1661b7b-150x150.jpg\" class=\"attachment-thumbnail size-thumbnail\" alt=\"\" \/><\/a>\n\t\t\t\t<\/dt><\/dl><br style=\"clear: both\" \/>\n\t\t\t<\/div>\n\n<p>&nbsp;<\/p>\n<\/div>\n<\/div>\n<\/div>\n<\/div>\n<\/div>\n<\/div>\n<\/div>\n<\/div>\n<\/div>\n<\/div>\n<\/div>\n<\/div>\n<\/div>\n<\/div>\n<\/div>\n<\/div>\n<\/div>\n<\/div>\n<\/div>\n<\/div>\n<\/div>\n<div>\n<div class=\"\" dir=\"auto\">\n<div id=\":r9h:\" class=\"x1iorvi4 x1pi30zi x1l90r2v x1swvt13\" data-ad-comet-preview=\"message\" data-ad-preview=\"message\">\n<div class=\"\" dir=\"auto\">\n<div id=\":r9h:\" class=\"x1iorvi4 x1pi30zi x1l90r2v x1swvt13\" data-ad-comet-preview=\"message\" data-ad-preview=\"message\">\n<div class=\"\" dir=\"auto\">\n<div id=\":r9h:\" class=\"x1iorvi4 x1pi30zi x1l90r2v x1swvt13\" data-ad-comet-preview=\"message\" data-ad-preview=\"message\">\n<div class=\"\" dir=\"auto\">\n<div id=\":r9h:\" class=\"x1iorvi4 x1pi30zi x1l90r2v x1swvt13\" data-ad-comet-preview=\"message\" data-ad-preview=\"message\">\n<div>\n<div class=\"\" dir=\"auto\">\n<div id=\":r9h:\" class=\"x1iorvi4 x1pi30zi x1l90r2v x1swvt13\" data-ad-comet-preview=\"message\" data-ad-preview=\"message\">\n<div>\n<div class=\"\" dir=\"auto\">\n<div id=\":r9h:\" class=\"x1iorvi4 x1pi30zi x1l90r2v x1swvt13\" data-ad-comet-preview=\"message\" data-ad-preview=\"message\">\n<div class=\"xdj266r x11i5rnm xat24cr x1mh8g0r x1vvkbs x126k92a\">\n<div dir=\"auto\"><\/div>\n<\/div>\n<div>\n<div class=\"\" dir=\"auto\">\n<div id=\":r9h:\" class=\"x1iorvi4 x1pi30zi x1l90r2v x1swvt13\" data-ad-comet-preview=\"message\" data-ad-preview=\"message\">\n<div>\n<div class=\"\" dir=\"auto\">\n<div id=\":r9h:\" class=\"x1iorvi4 x1pi30zi x1l90r2v x1swvt13\" data-ad-comet-preview=\"message\" data-ad-preview=\"message\">\n<p>&nbsp;<\/p>\n<hr \/>\n<p>&nbsp;<\/p>\n<\/div>\n<\/div>\n<\/div>\n<\/div>\n<\/div>\n<\/div>\n<\/div>\n<\/div>\n<\/div>\n<\/div>\n<\/div>\n<\/div>\n<\/div>\n<\/div>\n<\/div>\n<\/div>\n<\/div>\n<\/div>\n<\/div>\n<\/div>\n<\/div>\n<p class=\"mceTemp\"><a class=\"dt-pswp-item\" href=\"https:\/\/www.radiopiu.net\/wordpress\/wp-content\/uploads\/2018\/09\/WhatsApp-Image-2018-09-20-at-16.04.06.jpeg\" data-dt-img-description=\"\" data-large_image_width=\"800\" data-large_image_height=\"100\"><img loading=\"lazy\" decoding=\"async\" class=\"wp-image-61378 size-full aligncenter\" src=\"https:\/\/www.radiopiu.net\/wordpress\/wp-content\/uploads\/2018\/09\/WhatsApp-Image-2018-09-20-at-16.04.06.jpeg\" alt=\"\" width=\"800\" height=\"100\" srcset=\"https:\/\/www.radiopiu.net\/wordpress\/wp-content\/uploads\/2018\/09\/WhatsApp-Image-2018-09-20-at-16.04.06.jpeg 800w, https:\/\/www.radiopiu.net\/wordpress\/wp-content\/uploads\/2018\/09\/WhatsApp-Image-2018-09-20-at-16.04.06-300x38.jpeg 300w, https:\/\/www.radiopiu.net\/wordpress\/wp-content\/uploads\/2018\/09\/WhatsApp-Image-2018-09-20-at-16.04.06-768x96.jpeg 768w\" sizes=\"auto, (max-width: 800px) 100vw, 800px\" \/><\/a><\/p>\n<p><center><\/center><center><\/center>&nbsp;<\/p>\n<p><center><b>OGGI<\/b><\/center>Ancora una mattinata ben soleggiata e stabile, con la tendenza a divenire parzialmente soleggiata nelle ore calde per una lieve o moderata attivit\u00e0 cumuliforme associata a qualche locale fenomeno, un po&#8217; pi\u00f9 probabile rispetto ai giorni prima. Clima estivo.<br \/>\n<b>Precipitazioni: <\/b>Al mattino assenti; dalle ore centrali aumento della probabilit\u00e0 di qualche rovescio o temporale da locale a sparso pi\u00f9 probabile sulle Dolomiti rispetto alle Prealpi.<br \/>\n<b>Temperature: <\/b>Stazionarie o in lieve diminuzione specie le massime e ben superiori alla norma con un&#8217;elevata escursione termica giornaliera.<\/p>\n<hr \/>\n<p><center><b>DOMANI<\/b><\/center>Al mattino in genere poco nuvoloso con presenza di modesti addensamenti attorno ai rilievi e senza fenomeni. Dalle ore centrali ulteriore intensificazione della nuvolosit\u00e0 localmente consistente con possibili fenomeni.<br \/>\n<b>Precipitazioni: <\/b>Al mattino assenti; nel corso del pomeriggio aumento della probabilit\u00e0 fino a medio-alta di fenomeni da sparsi a diffusi anche a carattere di rovescio o di temporale con possibili grandinate di piccole dimensioni in alcune valli.<br \/>\n<b>Temperature: <\/b>Minime in lieve aumento, massime in lieve diminuzione, salvo rimanere stazionarie in molte valli e altipiani con valori ancora ben superiori alla norma.<\/p>\n<hr \/>\n<p><center><b>LUNEDI<\/b><\/center>Tempo variabile a tratti instabile con precipitazioni frequenti e intermittenti anche a carattere di rovescio o di temporale. Temperature in diminuzione, anche sensibile le massime con minime ancora superiori alla norma, massime prossime alle medie del periodo. Clima diurno pi\u00f9 fresco a tutte le quote rispetto ai giorni precedenti.<\/p>\n<hr \/>\n<p><center><b>MARTEDI<\/b><\/center>Tempo variabile a tratti instabile con precipitazioni anche a carattere di rovescio o temporale soprattutto sulle Prealpi mentre sulle Dolomiti prevarranno gli annuvolamenti con precipitazioni un po&#8217; meno probabili e meno estese. Temperature minime in ulteriore lieve diminuzione, massime stazionarie o in lieve diminuzione.<\/p>\n<p>&nbsp;<\/p>\n<hr \/>\n<p>&nbsp;<\/p>\n<p class=\"mceTemp\"><a class=\"dt-pswp-item\" href=\"https:\/\/www.radiopiu.net\/wordpress\/wp-content\/uploads\/2018\/09\/sport.jpg\" data-dt-img-description=\"\" data-large_image_width=\"800\" data-large_image_height=\"100\"><img loading=\"lazy\" decoding=\"async\" class=\"aligncenter wp-image-60761 size-full\" src=\"https:\/\/www.radiopiu.net\/wordpress\/wp-content\/uploads\/2018\/09\/sport.jpg\" alt=\"\" width=\"800\" height=\"100\" srcset=\"https:\/\/www.radiopiu.net\/wordpress\/wp-content\/uploads\/2018\/09\/sport.jpg 800w, https:\/\/www.radiopiu.net\/wordpress\/wp-content\/uploads\/2018\/09\/sport-300x38.jpg 300w, https:\/\/www.radiopiu.net\/wordpress\/wp-content\/uploads\/2018\/09\/sport-768x96.jpg 768w\" sizes=\"auto, (max-width: 800px) 100vw, 800px\" \/> <\/a><\/p>\n<p class=\"mceTemp\"><span style=\"color: #0000ff;\"><strong>\u00a0 \u00a0 \u00a0 \u00a0 \u00a0 \u00a0 \u00a0\u00a0<\/strong><\/span><\/p>\n<p><strong><span style=\"color: #0000ff;\">CALCIO<\/span><\/strong><\/p>\n<blockquote>\n<h3>CAMPIONATO AGORDINO DI CALCIO: PRIMI SCONTRI DIRETTI NEL TERZO FINE SETTIMANA DI GIOCO<\/h3>\n<\/blockquote>\n<p><strong><a class=\"dt-pswp-item\" href=\"https:\/\/www.radiopiu.net\/wordpress\/wp-content\/uploads\/2025\/06\/GS-TAIBON-2025.jpg\" data-dt-img-description=\"\" data-large_image_width=\"1600\" data-large_image_height=\"1200\"><img loading=\"lazy\" decoding=\"async\" class=\" wp-image-453755 alignleft\" src=\"https:\/\/www.radiopiu.net\/wordpress\/wp-content\/uploads\/2025\/06\/GS-TAIBON-2025-300x225.jpg\" alt=\"\" width=\"179\" height=\"134\" srcset=\"https:\/\/www.radiopiu.net\/wordpress\/wp-content\/uploads\/2025\/06\/GS-TAIBON-2025-300x225.jpg 300w, https:\/\/www.radiopiu.net\/wordpress\/wp-content\/uploads\/2025\/06\/GS-TAIBON-2025-1024x768.jpg 1024w, https:\/\/www.radiopiu.net\/wordpress\/wp-content\/uploads\/2025\/06\/GS-TAIBON-2025-768x576.jpg 768w, https:\/\/www.radiopiu.net\/wordpress\/wp-content\/uploads\/2025\/06\/GS-TAIBON-2025-1536x1152.jpg 1536w, https:\/\/www.radiopiu.net\/wordpress\/wp-content\/uploads\/2025\/06\/GS-TAIBON-2025.jpg 1600w\" sizes=\"auto, (max-width: 179px) 100vw, 179px\" \/><\/a>DI MARCO GAZ<\/strong><\/p>\n<p><strong>REDAZIONE<\/strong> Il Campionato Agordino entra nel vivo con il terzo turno, distribuito tra sabato e domenica in una \u201cgiornata spezzatino\u201d che promette scintille e punti pesanti in palio. Il Girone A si apre oggi pomeriggio alle 16 con Rivamonte \u2013 La Valle, una sfida che potrebbe rimescolare le carte in classifica: i padroni di casa cercano il sorpasso, mentre La Valle \u00e8 ancora a caccia della prima vittoria stagionale. Alle 18:30 riflettori su Taibon (foto) \u2013 Le Ville, scontro di alta classifica tra due delle formazioni pi\u00f9 in forma: i taiboner guidano il girone a punteggio pieno, ma Le Ville, con una partita in meno, non vuole perdere terreno. Domani alle 16 spazio a Falcade\/Caviola \u2013 Fodom: i padroni di casa cercano i primi punti del torneo, ma il Fodom ha gi\u00e0 dimostrato di poter essere un avversario temibile. A riposo in questo turno il Caprile, attualmente fermo a 1 punto. Grande equilibrio invece nel Girone B, dove le prime tre squadre si dividono la vetta a quota 3 punti. Prima sfida stasera 20:30 tra Alleghe e Canale: i primi sono ancora fermi a zero punti e cercano riscatto, mentre Canale ha la possibilit\u00e0 di staccarsi dal gruppo di testa. Domani altre due gare alle 16: Voltago \u2013 Gosaldo sar\u00e0 un vero scontro diretto tra due capoliste provvisorie, con l\u2019obiettivo di prendere il comando solitario del girone. In contemporanea anche Cencenighe \u2013 Vallada, sfida tra due formazioni ancora a secco di punti, in cerca di riscatto e ossigeno in classifica. Radio Pi\u00f9 seguir\u00e0 il Campionato Agordino con i classici appuntamenti: domani alle 16 80esimo Minuti &#8211; La Diretta mentre alle 20:10 spazio alla sintesi delle partite giocate nel fine settimana. Luned\u00ec sera alle 20:30 l&#8217;approfondimento in Campionato Agordino Show.<\/p>\n<p><strong>LA CLASSIFICA<\/strong> Girone A: Taibon 6, Rivamonte* Fodom e Le Ville* 3, La Valle e Caprile 1, Falcade\/Caviola 0 (* una partita in meno). Girone B: Voltago, Gosaldo e Canale 3, Cencenighe, Vallada e Alleghe 0<\/p>\n<p>&nbsp;<\/p>\n<p><span style=\"color: #0000ff;\"><strong>HOCKEY SU GHIACCIO<\/strong><\/span><\/p>\n<blockquote>\n<h3>MARWIN MARTINI CONFERMATO: L\u2019INFATICABILE ATTACCANTE RESTA CON LE CIVETTE<\/h3>\n<\/blockquote>\n<p><strong><a class=\"dt-pswp-item\" href=\"https:\/\/www.radiopiu.net\/wordpress\/wp-content\/uploads\/2025\/06\/2c57d3f2-fd03-4246-a270-e406c44c3ce1.jpg\" data-dt-img-description=\"\" data-large_image_width=\"1200\" data-large_image_height=\"628\"><img loading=\"lazy\" decoding=\"async\" class=\" wp-image-453688 alignleft\" src=\"https:\/\/www.radiopiu.net\/wordpress\/wp-content\/uploads\/2025\/06\/2c57d3f2-fd03-4246-a270-e406c44c3ce1-300x157.jpg\" alt=\"\" width=\"237\" height=\"124\" srcset=\"https:\/\/www.radiopiu.net\/wordpress\/wp-content\/uploads\/2025\/06\/2c57d3f2-fd03-4246-a270-e406c44c3ce1-300x157.jpg 300w, https:\/\/www.radiopiu.net\/wordpress\/wp-content\/uploads\/2025\/06\/2c57d3f2-fd03-4246-a270-e406c44c3ce1-1024x536.jpg 1024w, https:\/\/www.radiopiu.net\/wordpress\/wp-content\/uploads\/2025\/06\/2c57d3f2-fd03-4246-a270-e406c44c3ce1-768x402.jpg 768w, https:\/\/www.radiopiu.net\/wordpress\/wp-content\/uploads\/2025\/06\/2c57d3f2-fd03-4246-a270-e406c44c3ce1.jpg 1200w\" sizes=\"auto, (max-width: 237px) 100vw, 237px\" \/><\/a>DI ROBERTO MIANA, PORTAVOCE DELL&#8217;ALLEGHE HOCKEY<\/strong><\/p>\n<p>La Societ\u00e0 di via Lungolago annuncia la conferma per la prossima stagione di MARWIN MARTINI. Attaccante classe 2004 di Selva Di Cadore. Formatosi come hockeista nelle giovanili delle Civette ha esordito con la prima squadra nella stagione 2020\/2021 facendo registrare 141 presenze e 20 punti. Marwin \u00e8 conosciuto come un infaticabile, giocatore che d\u00e0 il massimo sul rettangolo ghiacciato ed \u00e8 sempre l\u2019ultimo ad arrendersi. Fuori dal ghiaccio \u00e8 un ragazzo solare, educato e sempre disponibile, qualit\u00e0 che ne fanno un esempio per tutti.<\/p>\n<p>&nbsp;<\/p>\n<p><span style=\"color: #0000ff;\"><strong>PALLAVOLO<\/strong><\/span><\/p>\n<blockquote>\n<h3>ALEXANDER BERGER RESTA A BELLUNO: CLASSE, ESPERIENZA E AMBIZIONE PER LA PROSSIMA STAGIONE<\/h3>\n<\/blockquote>\n<p><a class=\"dt-pswp-item\" href=\"https:\/\/www.radiopiu.net\/wordpress\/wp-content\/uploads\/2025\/06\/Alex_Berger_al_servizio.jpg\" data-dt-img-description=\"\" data-large_image_width=\"1573\" data-large_image_height=\"1107\"><img loading=\"lazy\" decoding=\"async\" class=\" wp-image-453711 alignleft\" src=\"https:\/\/www.radiopiu.net\/wordpress\/wp-content\/uploads\/2025\/06\/Alex_Berger_al_servizio-300x211.jpg\" alt=\"\" width=\"165\" height=\"116\" srcset=\"https:\/\/www.radiopiu.net\/wordpress\/wp-content\/uploads\/2025\/06\/Alex_Berger_al_servizio-300x211.jpg 300w, https:\/\/www.radiopiu.net\/wordpress\/wp-content\/uploads\/2025\/06\/Alex_Berger_al_servizio-1024x721.jpg 1024w, https:\/\/www.radiopiu.net\/wordpress\/wp-content\/uploads\/2025\/06\/Alex_Berger_al_servizio-768x540.jpg 768w, https:\/\/www.radiopiu.net\/wordpress\/wp-content\/uploads\/2025\/06\/Alex_Berger_al_servizio-1536x1081.jpg 1536w, https:\/\/www.radiopiu.net\/wordpress\/wp-content\/uploads\/2025\/06\/Alex_Berger_al_servizio.jpg 1573w\" sizes=\"auto, (max-width: 165px) 100vw, 165px\" \/><\/a>Alexander Berger sar\u00e0 ancora protagonista con Belluno nella prossima stagione di Serie A3. L\u2019austriaco, classe 1988, ex campione d\u2019Italia con Perugia, ha conquistato tutti con la sua eleganza in campo e la sua concretezza fuori. Arrivato a marzo, ha subito trovato un ambiente serio e competitivo, vicino all\u2019Austria e alla sua famiglia. Nonostante la finale persa contro Sorrento, Berger guarda avanti con determinazione: \u00abVogliamo vincere e salire di categoria\u00bb. Con 26 punti in gara 1 di finale playoff, si \u00e8 dimostrato un giocatore di categoria superiore. Non \u00e8 solo uno schiacciatore d\u2019esperienza: \u00e8 una guida tecnica e umana per un club ambizioso, deciso a scalare le vette della pallavolo.<\/p>\n<p>&nbsp;<\/p>\n<p><span style=\"color: #0000ff;\"><strong>CORSA IN MONTAGNA<\/strong><\/span><\/p>\n<blockquote>\n<h3>ALPAGO SKY SUPER 3: SPORT E MEMORIA TRA LE VETTE<\/h3>\n<\/blockquote>\n<p><a class=\"dt-pswp-item\" href=\"https:\/\/www.radiopiu.net\/wordpress\/wp-content\/uploads\/2025\/06\/alpago_sky_super3_10.08.2024.jpg\" data-dt-img-description=\"\" data-large_image_width=\"2048\" data-large_image_height=\"1367\"><img loading=\"lazy\" decoding=\"async\" class=\" wp-image-453697 alignleft\" src=\"https:\/\/www.radiopiu.net\/wordpress\/wp-content\/uploads\/2025\/06\/alpago_sky_super3_10.08.2024-300x200.jpg\" alt=\"\" width=\"168\" height=\"112\" srcset=\"https:\/\/www.radiopiu.net\/wordpress\/wp-content\/uploads\/2025\/06\/alpago_sky_super3_10.08.2024-300x200.jpg 300w, https:\/\/www.radiopiu.net\/wordpress\/wp-content\/uploads\/2025\/06\/alpago_sky_super3_10.08.2024-1024x684.jpg 1024w, https:\/\/www.radiopiu.net\/wordpress\/wp-content\/uploads\/2025\/06\/alpago_sky_super3_10.08.2024-768x513.jpg 768w, https:\/\/www.radiopiu.net\/wordpress\/wp-content\/uploads\/2025\/06\/alpago_sky_super3_10.08.2024-1536x1025.jpg 1536w, https:\/\/www.radiopiu.net\/wordpress\/wp-content\/uploads\/2025\/06\/alpago_sky_super3_10.08.2024.jpg 2048w\" sizes=\"auto, (max-width: 168px) 100vw, 168px\" \/><\/a>Il 10 agosto torna la 13\u00aa edizione dell&#8217;Alpago Sky Super 3, gara in memoria di David Cecchin, Maudi De March e Andrea Zanon, caduti sul Monte Cridola nel 2012. La Sky3 parte da Lamosano e si snoda per 21 km con 1.950 metri di dislivello, toccando la vetta del Monte Venal (2.212 m). Alle 17.30 si svolge la Mini Sky 3, 12 km con 780 m di dislivello. Per entrambe serve certificato medico agonistico e le iscrizioni (max 150 partecipanti) sono su <a class=\"\" href=\"http:\/\/www.dolomitiski-alp.com\" target=\"_new\" rel=\"noopener\" data-start=\"500\" data-end=\"553\">dolomitiski-alp.com<\/a>, con quota ridotta fino al 16 giugno. Spazio anche alla 4 Pas a Castel, camminata non competitiva di 5 km aperta a tutti.<\/p>\n<p>&nbsp;<\/p>\n<p><span style=\"color: #0000ff;\"><strong>NUOTO<\/strong><\/span><\/p>\n<blockquote>\n<h3>IL SAGGIO DEL NUOTO SINCRONIZZATO: LA PISCINA DI LAMBIOI DIVENTA PALCOSCENICO DI EMOZIONI<\/h3>\n<\/blockquote>\n<p><a class=\"dt-pswp-item\" href=\"https:\/\/www.radiopiu.net\/wordpress\/wp-content\/uploads\/2025\/06\/Saggio_2.jpg\" data-dt-img-description=\"\" data-large_image_width=\"704\" data-large_image_height=\"567\"><img loading=\"lazy\" decoding=\"async\" class=\" wp-image-453719 alignleft\" src=\"https:\/\/www.radiopiu.net\/wordpress\/wp-content\/uploads\/2025\/06\/Saggio_2-300x242.jpg\" alt=\"\" width=\"133\" height=\"107\" srcset=\"https:\/\/www.radiopiu.net\/wordpress\/wp-content\/uploads\/2025\/06\/Saggio_2-300x242.jpg 300w, https:\/\/www.radiopiu.net\/wordpress\/wp-content\/uploads\/2025\/06\/Saggio_2.jpg 704w\" sizes=\"auto, (max-width: 133px) 100vw, 133px\" \/><\/a>Alla piscina di Lambioi, il saggio di fine stagione del nuoto sincronizzato si trasforma in spettacolo. Sessanta atlete e tre tritoni della Sportivamente Belluno incantano il pubblico con coreografie eleganti e divertenti, tra sorrisi, lacrime e applausi. Le esibizioni, gi\u00e0 viste in gara, diventano racconto di passione, sacrificio e gioia condivisa. Protagonista invisibile ma fondamentale \u00e8 lo staff tecnico guidato da Manuela Checconi: custodi di un sogno che unisce sport e arte. Con la pausa estiva in arrivo, resta accesa la passione. A settembre si riparte, e per chi sogna di tuffarsi in questa avventura, le porte sono aperte. Basta un piccolo slancio per iniziare una storia che pu\u00f2 durare per sempre.<\/p>\n<p>&nbsp;<\/p>\n<p>&nbsp;<\/p>\n<p>&nbsp;<\/p>\n<p>&nbsp;<\/p>\n<\/div>\n","protected":false},"excerpt":{"rendered":"<p>******** LA\u00a0 APP PER IOS-IPHONE di Nicola Vettorello https:\/\/apps.apple.com\/it\/app\/radio-pi%C3%B9-emittente-agordina\/id1515939845 LA\u00a0 APP RADIO\u00a0 PER ANDROID di Nicola Vettorello https:\/\/play.google.com\/store\/apps\/details?id=net.radiopiu.iniko\u00a0\u00a0\u00a0\u00a0 \u00a0 &nbsp; OGGI SU RADIOPI\u00d9: MUSICA, informazione\u00a0 e dirette\u00a0 ALLE 8.05 LA RASSEGNA STAMPA LOCALE 8.25\u00a0 PIU SIAMO 9.00 PREMIER LE NOVITA&#8217; MUSICALI CON MARCO GAZ 9.30 LA MUSICA ANNI 80 CON LE SELEZIONI DI MONICA FONTANIVE\u00a0&hellip;<\/p>\n","protected":false},"author":4,"featured_media":453794,"comment_status":"closed","ping_status":"closed","sticky":false,"template":"","format":"standard","meta":{"_monsterinsights_skip_tracking":false,"_monsterinsights_sitenote_active":false,"_monsterinsights_sitenote_note":"","_monsterinsights_sitenote_category":0,"footnotes":""},"categories":[51,86,49],"tags":[],"class_list":["post-453670","post","type-post","status-publish","format-standard","has-post-thumbnail","hentry","category-evidenza-top","category-gr","category-news-18","category-51","category-86","category-49","description-off"],"img_url":"https:\/\/www.radiopiu.net\/wordpress\/wp-content\/uploads\/2025\/06\/Screenshot-2025-06-14-050201.png","_links":{"self":[{"href":"https:\/\/www.radiopiu.net\/wordpress\/wp-json\/wp\/v2\/posts\/453670","targetHints":{"allow":["GET"]}}],"collection":[{"href":"https:\/\/www.radiopiu.net\/wordpress\/wp-json\/wp\/v2\/posts"}],"about":[{"href":"https:\/\/www.radiopiu.net\/wordpress\/wp-json\/wp\/v2\/types\/post"}],"author":[{"embeddable":true,"href":"https:\/\/www.radiopiu.net\/wordpress\/wp-json\/wp\/v2\/users\/4"}],"replies":[{"embeddable":true,"href":"https:\/\/www.radiopiu.net\/wordpress\/wp-json\/wp\/v2\/comments?post=453670"}],"version-history":[{"count":40,"href":"https:\/\/www.radiopiu.net\/wordpress\/wp-json\/wp\/v2\/posts\/453670\/revisions"}],"predecessor-version":[{"id":453865,"href":"https:\/\/www.radiopiu.net\/wordpress\/wp-json\/wp\/v2\/posts\/453670\/revisions\/453865"}],"wp:featuredmedia":[{"embeddable":true,"href":"https:\/\/www.radiopiu.net\/wordpress\/wp-json\/wp\/v2\/media\/453794"}],"wp:attachment":[{"href":"https:\/\/www.radiopiu.net\/wordpress\/wp-json\/wp\/v2\/media?parent=453670"}],"wp:term":[{"taxonomy":"category","embeddable":true,"href":"https:\/\/www.radiopiu.net\/wordpress\/wp-json\/wp\/v2\/categories?post=453670"},{"taxonomy":"post_tag","embeddable":true,"href":"https:\/\/www.radiopiu.net\/wordpress\/wp-json\/wp\/v2\/tags?post=453670"}],"curies":[{"name":"wp","href":"https:\/\/api.w.org\/{rel}","templated":true}]}}