{"id":453672,"date":"2025-06-13T08:56:55","date_gmt":"2025-06-13T06:56:55","guid":{"rendered":"https:\/\/www.radiopiu.net\/wordpress\/?p=453672"},"modified":"2025-06-13T09:14:42","modified_gmt":"2025-06-13T07:14:42","slug":"nuove-panchine-a-roe-di-sedico-piccoli-gesti-per-il-benessere-della-comunita","status":"publish","type":"post","link":"https:\/\/www.radiopiu.net\/wordpress\/nuove-panchine-a-roe-di-sedico-piccoli-gesti-per-il-benessere-della-comunita\/","title":{"rendered":"NUOVE PANCHINE A ROE DI SEDICO: PICCOLI GESTI PER IL BENESSERE DELLA COMUNIT\u00c0"},"content":{"rendered":"<p>******<\/p>\n<p>&nbsp;<\/p>\n<p><strong>SEDICO <\/strong>Piccoli gesti, grande impatto. \u00c8 con questo spirito che nei giorni scorsi sono state installate due nuove panchine lungo il percorso pedonale di Roe di Sedico, in via campagnola, un tratto molto frequentato da residenti di ogni et\u00e0, in particolare anziani e giovani. L\u2019iniziativa \u00e8 stata promossa e seguita da vicino dai consiglieri comunali Davide Lovisotto e Gianfranco De Bona, che hanno voluto rispondere a una richiesta concreta arrivata dal territorio: offrire punti di sosta e socialit\u00e0 in un\u2019area sempre pi\u00f9 vissuta dalla popolazione. \u00abAbbiamo ricevuto diverse segnalazioni da parte di cittadini, soprattutto persone anziane che percorrono quotidianamente questo tragitto per passeggiare o semplicemente prendere un po\u2019 d\u2019aria \u2013 spiega Lovisotto \u2013. Ci \u00e8 sembrato giusto intervenire con una soluzione semplice ma efficace\u00bb. Le nuove panchine, realizzate in legno con struttura metallica, sono state posizionate in due punti strategici del percorso, con vista aperta sui prati circostanti e facilmente accessibili. Non solo comodit\u00e0: l\u2019intervento punta anche a incentivare uno stile di vita attivo e all\u2019aperto. \u00abNon \u00e8 un progetto costoso, ma \u00e8 importante \u2013 aggiunge De Bona \u2013. Serve a migliorare la vivibilit\u00e0 e il senso di comunit\u00e0. Lo spazio pubblico deve essere pensato per tutti, soprattutto per chi ha meno possibilit\u00e0 di spostarsi in auto o ha bisogno di fermarsi di tanto in tanto\u00bb. L\u2019installazione si inserisce in un pi\u00f9 ampio progetto di cura e valorizzazione delle aree verdi del comune, con l\u2019obiettivo di rendere Sedico sempre pi\u00f9 a misura di cittadino.<\/p>\n\n\t\t\t<style type='text\/css'>\n\t\t\t\t#gallery-1 {\n\t\t\t\t\tmargin: auto;\n\t\t\t\t}\n\t\t\t\t#gallery-1 .gallery-item {\n\t\t\t\t\tfloat: left;\n\t\t\t\t\tmargin-top: 10px;\n\t\t\t\t\ttext-align: center;\n\t\t\t\t\twidth: 50%;\n\t\t\t\t}\n\t\t\t\t#gallery-1 img {\n\t\t\t\t\tborder: 2px solid #cfcfcf;\n\t\t\t\t}\n\t\t\t\t#gallery-1 .gallery-caption {\n\t\t\t\t\tmargin-left: 0;\n\t\t\t\t}\n\t\t\t\t\/* see gallery_shortcode() in wp-includes\/media.php *\/\n\t\t\t<\/style>\n\t\t<div id='gallery-1' class='dt-gallery-container gallery galleryid-453672 gallery-columns-2 gallery-size-medium'><dl class='gallery-item'>\n\t\t\t\t<dt class='gallery-icon landscape'>\n\t\t\t\t\t<a class=\"rollover rollover-zoom dt-pswp-item\" title=\"kdgla\" data-dt-img-description=\"\" data-large_image_width=\"1197\" data-large_image_height=\"864\"href='https:\/\/www.radiopiu.net\/wordpress\/wp-content\/uploads\/2025\/06\/kdgla.jpg'><img loading=\"lazy\" decoding=\"async\" width=\"300\" height=\"217\" src=\"https:\/\/www.radiopiu.net\/wordpress\/wp-content\/uploads\/2025\/06\/kdgla-300x217.jpg\" class=\"attachment-medium size-medium\" alt=\"\" srcset=\"https:\/\/www.radiopiu.net\/wordpress\/wp-content\/uploads\/2025\/06\/kdgla-300x217.jpg 300w, https:\/\/www.radiopiu.net\/wordpress\/wp-content\/uploads\/2025\/06\/kdgla-1024x739.jpg 1024w, https:\/\/www.radiopiu.net\/wordpress\/wp-content\/uploads\/2025\/06\/kdgla-768x554.jpg 768w, https:\/\/www.radiopiu.net\/wordpress\/wp-content\/uploads\/2025\/06\/kdgla.jpg 1197w\" sizes=\"auto, (max-width: 300px) 100vw, 300px\" \/><\/a>\n\t\t\t\t<\/dt><\/dl><dl class='gallery-item'>\n\t\t\t\t<dt class='gallery-icon landscape'>\n\t\t\t\t\t<a class=\"rollover rollover-zoom dt-pswp-item\" title=\"01263320-6113-4d22-9609-fcab3f8aa338\" data-dt-img-description=\"\" data-large_image_width=\"1600\" data-large_image_height=\"1197\"href='https:\/\/www.radiopiu.net\/wordpress\/wp-content\/uploads\/2025\/06\/01263320-6113-4d22-9609-fcab3f8aa338.jpg'><img loading=\"lazy\" decoding=\"async\" width=\"300\" height=\"224\" src=\"https:\/\/www.radiopiu.net\/wordpress\/wp-content\/uploads\/2025\/06\/01263320-6113-4d22-9609-fcab3f8aa338-300x224.jpg\" class=\"attachment-medium size-medium\" alt=\"\" srcset=\"https:\/\/www.radiopiu.net\/wordpress\/wp-content\/uploads\/2025\/06\/01263320-6113-4d22-9609-fcab3f8aa338-300x224.jpg 300w, https:\/\/www.radiopiu.net\/wordpress\/wp-content\/uploads\/2025\/06\/01263320-6113-4d22-9609-fcab3f8aa338-1024x766.jpg 1024w, https:\/\/www.radiopiu.net\/wordpress\/wp-content\/uploads\/2025\/06\/01263320-6113-4d22-9609-fcab3f8aa338-768x575.jpg 768w, https:\/\/www.radiopiu.net\/wordpress\/wp-content\/uploads\/2025\/06\/01263320-6113-4d22-9609-fcab3f8aa338-1536x1149.jpg 1536w, https:\/\/www.radiopiu.net\/wordpress\/wp-content\/uploads\/2025\/06\/01263320-6113-4d22-9609-fcab3f8aa338.jpg 1600w\" sizes=\"auto, (max-width: 300px) 100vw, 300px\" \/><\/a>\n\t\t\t\t<\/dt><\/dl><br style=\"clear: both\" \/>\n\t\t\t<\/div>\n\n<p>&nbsp;<\/p>\n<p>&nbsp;<\/p>\n<p>*********<\/p>\n","protected":false},"excerpt":{"rendered":"<p>****** &nbsp; SEDICO Piccoli gesti, grande impatto. \u00c8 con questo spirito che nei giorni scorsi sono state installate due nuove panchine lungo il percorso pedonale di Roe di Sedico, in via campagnola, un tratto molto frequentato da residenti di ogni et\u00e0, in particolare anziani e giovani. L\u2019iniziativa \u00e8 stata promossa e seguita da vicino dai&hellip;<\/p>\n","protected":false},"author":4,"featured_media":453675,"comment_status":"closed","ping_status":"closed","sticky":false,"template":"","format":"standard","meta":{"_monsterinsights_skip_tracking":false,"_monsterinsights_sitenote_active":false,"_monsterinsights_sitenote_note":"","_monsterinsights_sitenote_category":0,"footnotes":""},"categories":[49],"tags":[],"class_list":["post-453672","post","type-post","status-publish","format-standard","has-post-thumbnail","hentry","category-news-18","category-49","description-off"],"img_url":"https:\/\/www.radiopiu.net\/wordpress\/wp-content\/uploads\/2025\/06\/kdgla.jpg","_links":{"self":[{"href":"https:\/\/www.radiopiu.net\/wordpress\/wp-json\/wp\/v2\/posts\/453672","targetHints":{"allow":["GET"]}}],"collection":[{"href":"https:\/\/www.radiopiu.net\/wordpress\/wp-json\/wp\/v2\/posts"}],"about":[{"href":"https:\/\/www.radiopiu.net\/wordpress\/wp-json\/wp\/v2\/types\/post"}],"author":[{"embeddable":true,"href":"https:\/\/www.radiopiu.net\/wordpress\/wp-json\/wp\/v2\/users\/4"}],"replies":[{"embeddable":true,"href":"https:\/\/www.radiopiu.net\/wordpress\/wp-json\/wp\/v2\/comments?post=453672"}],"version-history":[{"count":2,"href":"https:\/\/www.radiopiu.net\/wordpress\/wp-json\/wp\/v2\/posts\/453672\/revisions"}],"predecessor-version":[{"id":453692,"href":"https:\/\/www.radiopiu.net\/wordpress\/wp-json\/wp\/v2\/posts\/453672\/revisions\/453692"}],"wp:featuredmedia":[{"embeddable":true,"href":"https:\/\/www.radiopiu.net\/wordpress\/wp-json\/wp\/v2\/media\/453675"}],"wp:attachment":[{"href":"https:\/\/www.radiopiu.net\/wordpress\/wp-json\/wp\/v2\/media?parent=453672"}],"wp:term":[{"taxonomy":"category","embeddable":true,"href":"https:\/\/www.radiopiu.net\/wordpress\/wp-json\/wp\/v2\/categories?post=453672"},{"taxonomy":"post_tag","embeddable":true,"href":"https:\/\/www.radiopiu.net\/wordpress\/wp-json\/wp\/v2\/tags?post=453672"}],"curies":[{"name":"wp","href":"https:\/\/api.w.org\/{rel}","templated":true}]}}