{"id":453679,"date":"2025-06-13T09:04:22","date_gmt":"2025-06-13T07:04:22","guid":{"rendered":"https:\/\/www.radiopiu.net\/wordpress\/?p=453679"},"modified":"2025-06-13T09:16:16","modified_gmt":"2025-06-13T07:16:16","slug":"sedico-ascolta-i-giovani-incontro-con-le-classi-2006-e-2007-per-costruire-il-futuro-insieme","status":"publish","type":"post","link":"https:\/\/www.radiopiu.net\/wordpress\/sedico-ascolta-i-giovani-incontro-con-le-classi-2006-e-2007-per-costruire-il-futuro-insieme\/","title":{"rendered":"SEDICO ASCOLTA I GIOVANI: INCONTRO CON LE CLASSI 2006 E 2007 PER COSTRUIRE IL FUTURO INSIEME"},"content":{"rendered":"<p>********<\/p>\n<p>&nbsp;<\/p>\n<p><strong>SEDICO <\/strong>Un incontro per parlare, ascoltare e costruire insieme il futuro del paese. Nei giorni scorsi l\u2019amministrazione comunale di Sedico ha organizzato un confronto diretto con i ragazzi e le ragazze delle classi 2006 e 2007, con l\u2019obiettivo di raccogliere proposte, desideri e richieste da parte delle nuove generazioni. L\u2019iniziativa, accolta con entusiasmo, si \u00e8 svolta a Villa Patt e ha visto la partecipazione di una nutrita rappresentanza di giovani residenti. A guidare il dialogo, la vicesindaco Viviana Mussoi e alcuni consiglieri comunali, determinati a creare uno spazio di ascolto attivo e costruttivo. \u00abQuesto \u00e8 il primo di una serie di incontri che vogliamo ripetere con cadenza regolare \u2013 ha dichiarato la vicesindaco \u2013. I giovani sono una parte fondamentale della nostra comunit\u00e0 e meritano di essere coinvolti nelle decisioni che riguardano il territorio in cui vivono\u00bb. Tra i temi emersi: il desiderio di spazi di aggregazione pi\u00f9 attrezzati, maggiore attenzione alle attivit\u00e0 culturali e sportive, ma anche sensibilit\u00e0 per l\u2019ambiente e il benessere psicologico dei coetanei. Alcuni ragazzi hanno proposto l\u2019idea di una \u201cGruppo Giovani\u201d e la creazione di eventi pensati e organizzati da loro stessi. \u00abCi ha colpito la maturit\u00e0 con cui si sono espressi \u2013 ha commentato uno dei consiglieri presenti \u2013. Questo incontro \u00e8 solo un inizio, ma dimostra che il dialogo intergenerazionale \u00e8 possibile e prezioso\u00bb. L\u2019amministrazione si \u00e8 impegnata a valutare concretamente le proposte, alcune delle quali potranno trovare spazio gi\u00e0 nei prossimi mesi. Durante l&#8217;incontro \u00e8 intervenuto anche il Presidente provinciale dell&#8217;Abvs di Belluno,Roberto Maraga, per sensibilizzazione i giovani al dono del sangue ed a entrare come parte attiva nelle varie sezioni del Comune. Inoltre il responsabile della Protezione Civile di Sedico, Mario Bressan, ha raccontato e illustrato la storia e le varie attivit\u00e0 della Protezione civile, cercando fra i ragazzi nuove leve per portare avanti il lavoro svolto in questi anni. Al termine \u00e8 stata offerta una pastasciutta a tutti i partecipanti gentilmente offerta dalla Proloco con a capo Claudio Mezzavilla, anch&#8217;egli ha spiegato cosa fa la Proloco invitando i giovani a partecipare alle proprie attivit\u00e0, ringraziando il consigliere comunale Davide Lovisotto per aver cucinato e organizzato la logistica dell&#8217;evento. Ora appuntamento al prossimo incontro.<\/p>\n\n\t\t\t<style type='text\/css'>\n\t\t\t\t#gallery-1 {\n\t\t\t\t\tmargin: auto;\n\t\t\t\t}\n\t\t\t\t#gallery-1 .gallery-item {\n\t\t\t\t\tfloat: left;\n\t\t\t\t\tmargin-top: 10px;\n\t\t\t\t\ttext-align: center;\n\t\t\t\t\twidth: 20%;\n\t\t\t\t}\n\t\t\t\t#gallery-1 img {\n\t\t\t\t\tborder: 2px solid #cfcfcf;\n\t\t\t\t}\n\t\t\t\t#gallery-1 .gallery-caption {\n\t\t\t\t\tmargin-left: 0;\n\t\t\t\t}\n\t\t\t\t\/* see gallery_shortcode() in wp-includes\/media.php *\/\n\t\t\t<\/style>\n\t\t<div id='gallery-1' class='dt-gallery-container gallery galleryid-453679 gallery-columns-5 gallery-size-thumbnail'><dl class='gallery-item'>\n\t\t\t\t<dt class='gallery-icon landscape'>\n\t\t\t\t\t<a class=\"rollover rollover-zoom dt-pswp-item\" title=\"02f0e620-76d6-498a-9339-277992981ed0\" data-dt-img-description=\"\" data-large_image_width=\"2000\" data-large_image_height=\"1500\"href='https:\/\/www.radiopiu.net\/wordpress\/wp-content\/uploads\/2025\/06\/02f0e620-76d6-498a-9339-277992981ed0.jpg'><img loading=\"lazy\" decoding=\"async\" width=\"150\" height=\"150\" src=\"https:\/\/www.radiopiu.net\/wordpress\/wp-content\/uploads\/2025\/06\/02f0e620-76d6-498a-9339-277992981ed0-150x150.jpg\" class=\"attachment-thumbnail size-thumbnail\" alt=\"\" \/><\/a>\n\t\t\t\t<\/dt><\/dl><dl class='gallery-item'>\n\t\t\t\t<dt class='gallery-icon landscape'>\n\t\t\t\t\t<a class=\"rollover rollover-zoom dt-pswp-item\" title=\"5c15b2f5-3e0e-4b74-88f9-9dca59413cbf\" data-dt-img-description=\"\" data-large_image_width=\"1600\" data-large_image_height=\"1200\"href='https:\/\/www.radiopiu.net\/wordpress\/wp-content\/uploads\/2025\/06\/5c15b2f5-3e0e-4b74-88f9-9dca59413cbf.jpg'><img loading=\"lazy\" decoding=\"async\" width=\"150\" height=\"150\" src=\"https:\/\/www.radiopiu.net\/wordpress\/wp-content\/uploads\/2025\/06\/5c15b2f5-3e0e-4b74-88f9-9dca59413cbf-150x150.jpg\" class=\"attachment-thumbnail size-thumbnail\" alt=\"\" \/><\/a>\n\t\t\t\t<\/dt><\/dl><dl class='gallery-item'>\n\t\t\t\t<dt class='gallery-icon portrait'>\n\t\t\t\t\t<a class=\"rollover rollover-zoom dt-pswp-item\" title=\"f5f6b5af-f5a2-4755-b9e2-1ebe1a784c81\" data-dt-img-description=\"\" data-large_image_width=\"1500\" data-large_image_height=\"2000\"href='https:\/\/www.radiopiu.net\/wordpress\/wp-content\/uploads\/2025\/06\/f5f6b5af-f5a2-4755-b9e2-1ebe1a784c81.jpg'><img loading=\"lazy\" decoding=\"async\" width=\"150\" height=\"150\" src=\"https:\/\/www.radiopiu.net\/wordpress\/wp-content\/uploads\/2025\/06\/f5f6b5af-f5a2-4755-b9e2-1ebe1a784c81-150x150.jpg\" class=\"attachment-thumbnail size-thumbnail\" alt=\"\" \/><\/a>\n\t\t\t\t<\/dt><\/dl><dl class='gallery-item'>\n\t\t\t\t<dt class='gallery-icon portrait'>\n\t\t\t\t\t<a class=\"rollover rollover-zoom dt-pswp-item\" title=\"0979b016-bc7f-4746-bbe1-46ae9a53c962\" data-dt-img-description=\"\" data-large_image_width=\"1500\" data-large_image_height=\"2000\"href='https:\/\/www.radiopiu.net\/wordpress\/wp-content\/uploads\/2025\/06\/0979b016-bc7f-4746-bbe1-46ae9a53c962.jpg'><img loading=\"lazy\" decoding=\"async\" width=\"150\" height=\"150\" src=\"https:\/\/www.radiopiu.net\/wordpress\/wp-content\/uploads\/2025\/06\/0979b016-bc7f-4746-bbe1-46ae9a53c962-150x150.jpg\" class=\"attachment-thumbnail size-thumbnail\" alt=\"\" \/><\/a>\n\t\t\t\t<\/dt><\/dl><dl class='gallery-item'>\n\t\t\t\t<dt class='gallery-icon portrait'>\n\t\t\t\t\t<a class=\"rollover rollover-zoom dt-pswp-item\" title=\"e3bdf2bc-2f85-4f60-9da1-a579a2d01117\" data-dt-img-description=\"\" data-large_image_width=\"1500\" data-large_image_height=\"2000\"href='https:\/\/www.radiopiu.net\/wordpress\/wp-content\/uploads\/2025\/06\/e3bdf2bc-2f85-4f60-9da1-a579a2d01117.jpg'><img loading=\"lazy\" decoding=\"async\" width=\"150\" height=\"150\" src=\"https:\/\/www.radiopiu.net\/wordpress\/wp-content\/uploads\/2025\/06\/e3bdf2bc-2f85-4f60-9da1-a579a2d01117-150x150.jpg\" class=\"attachment-thumbnail size-thumbnail\" alt=\"\" \/><\/a>\n\t\t\t\t<\/dt><\/dl><br style=\"clear: both\" \/>\n\t\t\t<\/div>\n\n<p>&nbsp;<\/p>\n<p>&nbsp;<\/p>\n<p>&nbsp;<\/p>\n<p>*********<\/p>\n","protected":false},"excerpt":{"rendered":"<p>******** &nbsp; SEDICO Un incontro per parlare, ascoltare e costruire insieme il futuro del paese. Nei giorni scorsi l\u2019amministrazione comunale di Sedico ha organizzato un confronto diretto con i ragazzi e le ragazze delle classi 2006 e 2007, con l\u2019obiettivo di raccogliere proposte, desideri e richieste da parte delle nuove generazioni. L\u2019iniziativa, accolta con entusiasmo,&hellip;<\/p>\n","protected":false},"author":4,"featured_media":453680,"comment_status":"closed","ping_status":"closed","sticky":false,"template":"","format":"standard","meta":{"_monsterinsights_skip_tracking":false,"_monsterinsights_sitenote_active":false,"_monsterinsights_sitenote_note":"","_monsterinsights_sitenote_category":0,"footnotes":""},"categories":[49],"tags":[],"class_list":["post-453679","post","type-post","status-publish","format-standard","has-post-thumbnail","hentry","category-news-18","category-49","description-off"],"img_url":"https:\/\/www.radiopiu.net\/wordpress\/wp-content\/uploads\/2025\/06\/02f0e620-76d6-498a-9339-277992981ed0.jpg","_links":{"self":[{"href":"https:\/\/www.radiopiu.net\/wordpress\/wp-json\/wp\/v2\/posts\/453679","targetHints":{"allow":["GET"]}}],"collection":[{"href":"https:\/\/www.radiopiu.net\/wordpress\/wp-json\/wp\/v2\/posts"}],"about":[{"href":"https:\/\/www.radiopiu.net\/wordpress\/wp-json\/wp\/v2\/types\/post"}],"author":[{"embeddable":true,"href":"https:\/\/www.radiopiu.net\/wordpress\/wp-json\/wp\/v2\/users\/4"}],"replies":[{"embeddable":true,"href":"https:\/\/www.radiopiu.net\/wordpress\/wp-json\/wp\/v2\/comments?post=453679"}],"version-history":[{"count":4,"href":"https:\/\/www.radiopiu.net\/wordpress\/wp-json\/wp\/v2\/posts\/453679\/revisions"}],"predecessor-version":[{"id":453694,"href":"https:\/\/www.radiopiu.net\/wordpress\/wp-json\/wp\/v2\/posts\/453679\/revisions\/453694"}],"wp:featuredmedia":[{"embeddable":true,"href":"https:\/\/www.radiopiu.net\/wordpress\/wp-json\/wp\/v2\/media\/453680"}],"wp:attachment":[{"href":"https:\/\/www.radiopiu.net\/wordpress\/wp-json\/wp\/v2\/media?parent=453679"}],"wp:term":[{"taxonomy":"category","embeddable":true,"href":"https:\/\/www.radiopiu.net\/wordpress\/wp-json\/wp\/v2\/categories?post=453679"},{"taxonomy":"post_tag","embeddable":true,"href":"https:\/\/www.radiopiu.net\/wordpress\/wp-json\/wp\/v2\/tags?post=453679"}],"curies":[{"name":"wp","href":"https:\/\/api.w.org\/{rel}","templated":true}]}}