{"id":453687,"date":"2025-06-13T10:00:20","date_gmt":"2025-06-13T08:00:20","guid":{"rendered":"https:\/\/www.radiopiu.net\/wordpress\/?p=453687"},"modified":"2025-06-13T09:09:19","modified_gmt":"2025-06-13T07:09:19","slug":"marwin-martini-confermato-linfaticabile-attaccante-resta-con-le-civette","status":"publish","type":"post","link":"https:\/\/www.radiopiu.net\/wordpress\/marwin-martini-confermato-linfaticabile-attaccante-resta-con-le-civette\/","title":{"rendered":"MARWIN MARTINI CONFERMATO: L\u2019INFATICABILE ATTACCANTE RESTA CON LE CIVETTE"},"content":{"rendered":"<p>*******<\/p>\n<p>&nbsp;<\/p>\n<p><strong><a class=\"dt-pswp-item\" href=\"https:\/\/www.radiopiu.net\/wordpress\/wp-content\/uploads\/2025\/06\/2c57d3f2-fd03-4246-a270-e406c44c3ce1.jpg\" data-dt-img-description=\"\" data-large_image_width=\"1200\" data-large_image_height=\"628\"><img loading=\"lazy\" decoding=\"async\" class=\" wp-image-453688 alignleft\" src=\"https:\/\/www.radiopiu.net\/wordpress\/wp-content\/uploads\/2025\/06\/2c57d3f2-fd03-4246-a270-e406c44c3ce1-300x157.jpg\" alt=\"\" width=\"237\" height=\"124\" srcset=\"https:\/\/www.radiopiu.net\/wordpress\/wp-content\/uploads\/2025\/06\/2c57d3f2-fd03-4246-a270-e406c44c3ce1-300x157.jpg 300w, https:\/\/www.radiopiu.net\/wordpress\/wp-content\/uploads\/2025\/06\/2c57d3f2-fd03-4246-a270-e406c44c3ce1-1024x536.jpg 1024w, https:\/\/www.radiopiu.net\/wordpress\/wp-content\/uploads\/2025\/06\/2c57d3f2-fd03-4246-a270-e406c44c3ce1-768x402.jpg 768w, https:\/\/www.radiopiu.net\/wordpress\/wp-content\/uploads\/2025\/06\/2c57d3f2-fd03-4246-a270-e406c44c3ce1.jpg 1200w\" sizes=\"auto, (max-width: 237px) 100vw, 237px\" \/><\/a>DI ROBERTO MIANA, PORTAVOCE DELL&#8217;ALLEGHE HOCKEY<\/strong><\/p>\n<p>La Societ\u00e0 di via Lungolago annuncia la conferma per la prossima stagione di MARWIN MARTINI. Attaccante classe 2004 di Selva Di Cadore. Formatosi come hockeista nelle giovanili delle Civette ha esordito con la prima squadra nella stagione 2020\/2021 facendo registrare 141 presenze e 20 punti. Marwin \u00e8 conosciuto come un infaticabile, giocatore che d\u00e0 il massimo sul rettangolo ghiacciato ed \u00e8 sempre l\u2019ultimo ad arrendersi. Fuori dal ghiaccio \u00e8 un ragazzo solare, educato e sempre disponibile, qualit\u00e0 che ne fanno un esempio per tutti.<\/p>\n<p>&nbsp;<\/p>\n<p>&nbsp;<\/p>\n<p>&nbsp;<\/p>\n<p>*******<\/p>\n","protected":false},"excerpt":{"rendered":"<p>******* &nbsp; DI ROBERTO MIANA, PORTAVOCE DELL&#8217;ALLEGHE HOCKEY La Societ\u00e0 di via Lungolago annuncia la conferma per la prossima stagione di MARWIN MARTINI. Attaccante classe 2004 di Selva Di Cadore. Formatosi come hockeista nelle giovanili delle Civette ha esordito con la prima squadra nella stagione 2020\/2021 facendo registrare 141 presenze e 20 punti. Marwin \u00e8&hellip;<\/p>\n","protected":false},"author":4,"featured_media":453688,"comment_status":"closed","ping_status":"closed","sticky":false,"template":"","format":"standard","meta":{"_monsterinsights_skip_tracking":false,"_monsterinsights_sitenote_active":false,"_monsterinsights_sitenote_note":"","_monsterinsights_sitenote_category":0,"footnotes":""},"categories":[49],"tags":[],"class_list":["post-453687","post","type-post","status-publish","format-standard","has-post-thumbnail","hentry","category-news-18","category-49","description-off"],"img_url":"https:\/\/www.radiopiu.net\/wordpress\/wp-content\/uploads\/2025\/06\/2c57d3f2-fd03-4246-a270-e406c44c3ce1.jpg","_links":{"self":[{"href":"https:\/\/www.radiopiu.net\/wordpress\/wp-json\/wp\/v2\/posts\/453687","targetHints":{"allow":["GET"]}}],"collection":[{"href":"https:\/\/www.radiopiu.net\/wordpress\/wp-json\/wp\/v2\/posts"}],"about":[{"href":"https:\/\/www.radiopiu.net\/wordpress\/wp-json\/wp\/v2\/types\/post"}],"author":[{"embeddable":true,"href":"https:\/\/www.radiopiu.net\/wordpress\/wp-json\/wp\/v2\/users\/4"}],"replies":[{"embeddable":true,"href":"https:\/\/www.radiopiu.net\/wordpress\/wp-json\/wp\/v2\/comments?post=453687"}],"version-history":[{"count":1,"href":"https:\/\/www.radiopiu.net\/wordpress\/wp-json\/wp\/v2\/posts\/453687\/revisions"}],"predecessor-version":[{"id":453689,"href":"https:\/\/www.radiopiu.net\/wordpress\/wp-json\/wp\/v2\/posts\/453687\/revisions\/453689"}],"wp:featuredmedia":[{"embeddable":true,"href":"https:\/\/www.radiopiu.net\/wordpress\/wp-json\/wp\/v2\/media\/453688"}],"wp:attachment":[{"href":"https:\/\/www.radiopiu.net\/wordpress\/wp-json\/wp\/v2\/media?parent=453687"}],"wp:term":[{"taxonomy":"category","embeddable":true,"href":"https:\/\/www.radiopiu.net\/wordpress\/wp-json\/wp\/v2\/categories?post=453687"},{"taxonomy":"post_tag","embeddable":true,"href":"https:\/\/www.radiopiu.net\/wordpress\/wp-json\/wp\/v2\/tags?post=453687"}],"curies":[{"name":"wp","href":"https:\/\/api.w.org\/{rel}","templated":true}]}}