{"id":453696,"date":"2025-06-13T09:29:24","date_gmt":"2025-06-13T07:29:24","guid":{"rendered":"https:\/\/www.radiopiu.net\/wordpress\/?p=453696"},"modified":"2025-06-13T09:30:17","modified_gmt":"2025-06-13T07:30:17","slug":"la-luna-delle-fragole-e-il-lunustizio-maggiore-lo-spettacolo-raro-fotografato-da-mario-de-marco","status":"publish","type":"post","link":"https:\/\/www.radiopiu.net\/wordpress\/la-luna-delle-fragole-e-il-lunustizio-maggiore-lo-spettacolo-raro-fotografato-da-mario-de-marco\/","title":{"rendered":"LA LUNA DELLE FRAGOLE E IL LUNUSTIZIO MAGGIORE: LO SPETTACOLO RARO FOTOGRAFATO DA MARIO DE MARCO"},"content":{"rendered":"<p>********<\/p>\n<p>&nbsp;<\/p>\n<p><strong>REDAZIONE <\/strong>Un cielo limpido, la notte come tela e una Luna piena che nasce maestosa sull\u2019orizzonte: cos\u00ec Mario De Marco ha immortalato un evento astronomico straordinario, avvenuto proprio ieri notte. Si tratta della cosiddetta \u201cLuna delle fragole\u201d, nome con cui i nativi americani indicavano la Luna piena di giugno, in coincidenza con la raccolta di questi frutti. Ma ci\u00f2 che rende queste immagini ancora pi\u00f9 speciali \u00e8 il contesto celeste in cui si sono verificate: il lunustizio maggiore, un fenomeno rarissimo che si presenta solo ogni 18,6 anni. In questo periodo, la Luna sorge e tramonta in posizioni estreme sull\u2019orizzonte, a causa dell\u2019inclinazione della sua orbita rispetto all\u2019asse terrestre. Le foto di De Marco non sono solo scatti, ma testimonianze di un evento astronomico che unisce meraviglia visiva e valore scientifico. Un\u2019occasione irripetibile per osservare il nostro satellite in un\u2019apparizione insolita e potente, immerso nella luce calda dell\u2019inizio estate e in un allineamento cosmico tanto raro quanto affascinante.<\/p>\n\n\t\t\t<style type='text\/css'>\n\t\t\t\t#gallery-1 {\n\t\t\t\t\tmargin: auto;\n\t\t\t\t}\n\t\t\t\t#gallery-1 .gallery-item {\n\t\t\t\t\tfloat: left;\n\t\t\t\t\tmargin-top: 10px;\n\t\t\t\t\ttext-align: center;\n\t\t\t\t\twidth: 25%;\n\t\t\t\t}\n\t\t\t\t#gallery-1 img {\n\t\t\t\t\tborder: 2px solid #cfcfcf;\n\t\t\t\t}\n\t\t\t\t#gallery-1 .gallery-caption {\n\t\t\t\t\tmargin-left: 0;\n\t\t\t\t}\n\t\t\t\t\/* see gallery_shortcode() in wp-includes\/media.php *\/\n\t\t\t<\/style>\n\t\t<div id='gallery-1' class='dt-gallery-container gallery galleryid-453696 gallery-columns-4 gallery-size-medium'><dl class='gallery-item'>\n\t\t\t\t<dt class='gallery-icon landscape'>\n\t\t\t\t\t<a class=\"rollover rollover-zoom dt-pswp-item\" title=\"c50823cb-4658-4335-91ae-3856604e80f2\" data-dt-img-description=\"\" data-large_image_width=\"1921\" data-large_image_height=\"1281\"href='https:\/\/www.radiopiu.net\/wordpress\/wp-content\/uploads\/2025\/06\/c50823cb-4658-4335-91ae-3856604e80f2.jpg'><img loading=\"lazy\" decoding=\"async\" width=\"300\" height=\"200\" src=\"https:\/\/www.radiopiu.net\/wordpress\/wp-content\/uploads\/2025\/06\/c50823cb-4658-4335-91ae-3856604e80f2-300x200.jpg\" class=\"attachment-medium size-medium\" alt=\"\" srcset=\"https:\/\/www.radiopiu.net\/wordpress\/wp-content\/uploads\/2025\/06\/c50823cb-4658-4335-91ae-3856604e80f2-300x200.jpg 300w, https:\/\/www.radiopiu.net\/wordpress\/wp-content\/uploads\/2025\/06\/c50823cb-4658-4335-91ae-3856604e80f2-1024x683.jpg 1024w, https:\/\/www.radiopiu.net\/wordpress\/wp-content\/uploads\/2025\/06\/c50823cb-4658-4335-91ae-3856604e80f2-768x512.jpg 768w, https:\/\/www.radiopiu.net\/wordpress\/wp-content\/uploads\/2025\/06\/c50823cb-4658-4335-91ae-3856604e80f2-1536x1024.jpg 1536w, https:\/\/www.radiopiu.net\/wordpress\/wp-content\/uploads\/2025\/06\/c50823cb-4658-4335-91ae-3856604e80f2.jpg 1921w\" sizes=\"auto, (max-width: 300px) 100vw, 300px\" \/><\/a>\n\t\t\t\t<\/dt><\/dl><dl class='gallery-item'>\n\t\t\t\t<dt class='gallery-icon landscape'>\n\t\t\t\t\t<a class=\"rollover rollover-zoom dt-pswp-item\" title=\"da6c4e1c-8c3d-43c4-a761-8adf140c89dc\" data-dt-img-description=\"\" data-large_image_width=\"1732\" data-large_image_height=\"1154\"href='https:\/\/www.radiopiu.net\/wordpress\/wp-content\/uploads\/2025\/06\/da6c4e1c-8c3d-43c4-a761-8adf140c89dc.jpg'><img loading=\"lazy\" decoding=\"async\" width=\"300\" height=\"200\" src=\"https:\/\/www.radiopiu.net\/wordpress\/wp-content\/uploads\/2025\/06\/da6c4e1c-8c3d-43c4-a761-8adf140c89dc-300x200.jpg\" class=\"attachment-medium size-medium\" alt=\"\" srcset=\"https:\/\/www.radiopiu.net\/wordpress\/wp-content\/uploads\/2025\/06\/da6c4e1c-8c3d-43c4-a761-8adf140c89dc-300x200.jpg 300w, https:\/\/www.radiopiu.net\/wordpress\/wp-content\/uploads\/2025\/06\/da6c4e1c-8c3d-43c4-a761-8adf140c89dc-1024x682.jpg 1024w, https:\/\/www.radiopiu.net\/wordpress\/wp-content\/uploads\/2025\/06\/da6c4e1c-8c3d-43c4-a761-8adf140c89dc-768x512.jpg 768w, https:\/\/www.radiopiu.net\/wordpress\/wp-content\/uploads\/2025\/06\/da6c4e1c-8c3d-43c4-a761-8adf140c89dc-1536x1023.jpg 1536w, https:\/\/www.radiopiu.net\/wordpress\/wp-content\/uploads\/2025\/06\/da6c4e1c-8c3d-43c4-a761-8adf140c89dc.jpg 1732w\" sizes=\"auto, (max-width: 300px) 100vw, 300px\" \/><\/a>\n\t\t\t\t<\/dt><\/dl><dl class='gallery-item'>\n\t\t\t\t<dt class='gallery-icon landscape'>\n\t\t\t\t\t<a class=\"rollover rollover-zoom dt-pswp-item\" title=\"dfa0bc7f-688e-4ae0-8a0a-5206d899e0ec\" data-dt-img-description=\"\" data-large_image_width=\"2048\" data-large_image_height=\"1370\"href='https:\/\/www.radiopiu.net\/wordpress\/wp-content\/uploads\/2025\/06\/dfa0bc7f-688e-4ae0-8a0a-5206d899e0ec.jpg'><img loading=\"lazy\" decoding=\"async\" width=\"300\" height=\"201\" src=\"https:\/\/www.radiopiu.net\/wordpress\/wp-content\/uploads\/2025\/06\/dfa0bc7f-688e-4ae0-8a0a-5206d899e0ec-300x201.jpg\" class=\"attachment-medium size-medium\" alt=\"\" srcset=\"https:\/\/www.radiopiu.net\/wordpress\/wp-content\/uploads\/2025\/06\/dfa0bc7f-688e-4ae0-8a0a-5206d899e0ec-300x201.jpg 300w, https:\/\/www.radiopiu.net\/wordpress\/wp-content\/uploads\/2025\/06\/dfa0bc7f-688e-4ae0-8a0a-5206d899e0ec-1024x685.jpg 1024w, https:\/\/www.radiopiu.net\/wordpress\/wp-content\/uploads\/2025\/06\/dfa0bc7f-688e-4ae0-8a0a-5206d899e0ec-768x514.jpg 768w, https:\/\/www.radiopiu.net\/wordpress\/wp-content\/uploads\/2025\/06\/dfa0bc7f-688e-4ae0-8a0a-5206d899e0ec-1536x1028.jpg 1536w, https:\/\/www.radiopiu.net\/wordpress\/wp-content\/uploads\/2025\/06\/dfa0bc7f-688e-4ae0-8a0a-5206d899e0ec.jpg 2048w\" sizes=\"auto, (max-width: 300px) 100vw, 300px\" \/><\/a>\n\t\t\t\t<\/dt><\/dl><dl class='gallery-item'>\n\t\t\t\t<dt class='gallery-icon landscape'>\n\t\t\t\t\t<a class=\"rollover rollover-zoom dt-pswp-item\" title=\"84768d80-beae-41a5-9625-e900e49f838f\" data-dt-img-description=\"\" data-large_image_width=\"2048\" data-large_image_height=\"1364\"href='https:\/\/www.radiopiu.net\/wordpress\/wp-content\/uploads\/2025\/06\/84768d80-beae-41a5-9625-e900e49f838f.jpg'><img loading=\"lazy\" decoding=\"async\" width=\"300\" height=\"200\" src=\"https:\/\/www.radiopiu.net\/wordpress\/wp-content\/uploads\/2025\/06\/84768d80-beae-41a5-9625-e900e49f838f-300x200.jpg\" class=\"attachment-medium size-medium\" alt=\"\" srcset=\"https:\/\/www.radiopiu.net\/wordpress\/wp-content\/uploads\/2025\/06\/84768d80-beae-41a5-9625-e900e49f838f-300x200.jpg 300w, https:\/\/www.radiopiu.net\/wordpress\/wp-content\/uploads\/2025\/06\/84768d80-beae-41a5-9625-e900e49f838f-1024x682.jpg 1024w, https:\/\/www.radiopiu.net\/wordpress\/wp-content\/uploads\/2025\/06\/84768d80-beae-41a5-9625-e900e49f838f-768x512.jpg 768w, https:\/\/www.radiopiu.net\/wordpress\/wp-content\/uploads\/2025\/06\/84768d80-beae-41a5-9625-e900e49f838f-1536x1023.jpg 1536w, https:\/\/www.radiopiu.net\/wordpress\/wp-content\/uploads\/2025\/06\/84768d80-beae-41a5-9625-e900e49f838f.jpg 2048w\" sizes=\"auto, (max-width: 300px) 100vw, 300px\" \/><\/a>\n\t\t\t\t<\/dt><\/dl><br style=\"clear: both\" \/>\n\t\t\t<\/div>\n\n<p>&nbsp;<\/p>\n<p>&nbsp;<\/p>\n<p>***********<\/p>\n","protected":false},"excerpt":{"rendered":"<p>******** &nbsp; REDAZIONE Un cielo limpido, la notte come tela e una Luna piena che nasce maestosa sull\u2019orizzonte: cos\u00ec Mario De Marco ha immortalato un evento astronomico straordinario, avvenuto proprio ieri notte. Si tratta della cosiddetta \u201cLuna delle fragole\u201d, nome con cui i nativi americani indicavano la Luna piena di giugno, in coincidenza con la&hellip;<\/p>\n","protected":false},"author":4,"featured_media":453705,"comment_status":"closed","ping_status":"closed","sticky":false,"template":"","format":"standard","meta":{"_monsterinsights_skip_tracking":false,"_monsterinsights_sitenote_active":false,"_monsterinsights_sitenote_note":"","_monsterinsights_sitenote_category":0,"footnotes":""},"categories":[49],"tags":[],"class_list":["post-453696","post","type-post","status-publish","format-standard","has-post-thumbnail","hentry","category-news-18","category-49","description-off"],"img_url":"https:\/\/www.radiopiu.net\/wordpress\/wp-content\/uploads\/2025\/06\/da6c4e1c-8c3d-43c4-a761-8adf140c89dc.jpg","_links":{"self":[{"href":"https:\/\/www.radiopiu.net\/wordpress\/wp-json\/wp\/v2\/posts\/453696","targetHints":{"allow":["GET"]}}],"collection":[{"href":"https:\/\/www.radiopiu.net\/wordpress\/wp-json\/wp\/v2\/posts"}],"about":[{"href":"https:\/\/www.radiopiu.net\/wordpress\/wp-json\/wp\/v2\/types\/post"}],"author":[{"embeddable":true,"href":"https:\/\/www.radiopiu.net\/wordpress\/wp-json\/wp\/v2\/users\/4"}],"replies":[{"embeddable":true,"href":"https:\/\/www.radiopiu.net\/wordpress\/wp-json\/wp\/v2\/comments?post=453696"}],"version-history":[{"count":2,"href":"https:\/\/www.radiopiu.net\/wordpress\/wp-json\/wp\/v2\/posts\/453696\/revisions"}],"predecessor-version":[{"id":453709,"href":"https:\/\/www.radiopiu.net\/wordpress\/wp-json\/wp\/v2\/posts\/453696\/revisions\/453709"}],"wp:featuredmedia":[{"embeddable":true,"href":"https:\/\/www.radiopiu.net\/wordpress\/wp-json\/wp\/v2\/media\/453705"}],"wp:attachment":[{"href":"https:\/\/www.radiopiu.net\/wordpress\/wp-json\/wp\/v2\/media?parent=453696"}],"wp:term":[{"taxonomy":"category","embeddable":true,"href":"https:\/\/www.radiopiu.net\/wordpress\/wp-json\/wp\/v2\/categories?post=453696"},{"taxonomy":"post_tag","embeddable":true,"href":"https:\/\/www.radiopiu.net\/wordpress\/wp-json\/wp\/v2\/tags?post=453696"}],"curies":[{"name":"wp","href":"https:\/\/api.w.org\/{rel}","templated":true}]}}