{"id":453732,"date":"2025-06-13T20:00:59","date_gmt":"2025-06-13T18:00:59","guid":{"rendered":"https:\/\/www.radiopiu.net\/wordpress\/?p=453732"},"modified":"2025-06-13T20:02:34","modified_gmt":"2025-06-13T18:02:34","slug":"minorenne-vittima-di-trauma-accidentale-a-falcade-intervento-congiunto-di-ambulanza-ed-elicottero","status":"publish","type":"post","link":"https:\/\/www.radiopiu.net\/wordpress\/minorenne-vittima-di-trauma-accidentale-a-falcade-intervento-congiunto-di-ambulanza-ed-elicottero\/","title":{"rendered":"MINORENNE VITTIMA DI TRAUMA ACCIDENTALE A FALCADE: INTERVENTO CONGIUNTO DI AMBULANZA ED ELICOTTERO"},"content":{"rendered":"<p>*******<\/p>\n<p>&nbsp;<\/p>\n<p><strong><a class=\"dt-pswp-item\" href=\"https:\/\/www.radiopiu.net\/wordpress\/wp-content\/uploads\/2021\/12\/salt-suem.jpg\" data-dt-img-description=\"\" data-large_image_width=\"1440\" data-large_image_height=\"1080\"><img loading=\"lazy\" decoding=\"async\" class=\" wp-image-247613 alignleft\" src=\"https:\/\/www.radiopiu.net\/wordpress\/wp-content\/uploads\/2021\/12\/salt-suem-300x225.jpg\" alt=\"\" width=\"179\" height=\"134\" srcset=\"https:\/\/www.radiopiu.net\/wordpress\/wp-content\/uploads\/2021\/12\/salt-suem-300x225.jpg 300w, https:\/\/www.radiopiu.net\/wordpress\/wp-content\/uploads\/2021\/12\/salt-suem-1024x768.jpg 1024w, https:\/\/www.radiopiu.net\/wordpress\/wp-content\/uploads\/2021\/12\/salt-suem-768x576.jpg 768w, https:\/\/www.radiopiu.net\/wordpress\/wp-content\/uploads\/2021\/12\/salt-suem.jpg 1440w\" sizes=\"auto, (max-width: 179px) 100vw, 179px\" \/><\/a>REDAZIONE<\/strong> Interventi un p\u00f2 in tutta la provincia di Belluno per il Suem 118 nella giornata appena conclusa. Gi\u00e0 dalle prime ore del mattino, alle 09:30, un motociclista spagnolo \u00e8 rimasto coinvolto in un incidente al Passo Giau. Soccorso con prontezza, l\u2019uomo \u00e8 stato trasportato con due ambulanze al Punto di Primo Intervento di Cortina. Nel pomeriggio, alle 14:11, un giovane ciclista svizzero di 20 anni \u00e8 rimasto coinvolto in un incidente a Venas. Le sue condizioni hanno richiesto il doppio intervento di ambulanza e elisoccorso, con trasporto a Belluno. Infine, alle 17:50 a Falcade, un minorenne di Padova \u00e8 stato vittima di un trauma accidentale. Anche in questo caso \u00e8 stato necessario il soccorso combinato di ambulanza ed elicottero per il trasporto al nosocomio bellunese.<\/p>\n<p>&nbsp;<\/p>\n<p>&nbsp;<\/p>\n<p>&nbsp;<\/p>\n<p>********<\/p>\n","protected":false},"excerpt":{"rendered":"<p>******* &nbsp; REDAZIONE Interventi un p\u00f2 in tutta la provincia di Belluno per il Suem 118 nella giornata appena conclusa. Gi\u00e0 dalle prime ore del mattino, alle 09:30, un motociclista spagnolo \u00e8 rimasto coinvolto in un incidente al Passo Giau. Soccorso con prontezza, l\u2019uomo \u00e8 stato trasportato con due ambulanze al Punto di Primo Intervento&hellip;<\/p>\n","protected":false},"author":4,"featured_media":247613,"comment_status":"closed","ping_status":"closed","sticky":false,"template":"","format":"standard","meta":{"_monsterinsights_skip_tracking":false,"_monsterinsights_sitenote_active":false,"_monsterinsights_sitenote_note":"","_monsterinsights_sitenote_category":0,"footnotes":""},"categories":[51,49],"tags":[],"class_list":["post-453732","post","type-post","status-publish","format-standard","has-post-thumbnail","hentry","category-evidenza-top","category-news-18","category-51","category-49","description-off"],"img_url":"https:\/\/www.radiopiu.net\/wordpress\/wp-content\/uploads\/2021\/12\/salt-suem.jpg","_links":{"self":[{"href":"https:\/\/www.radiopiu.net\/wordpress\/wp-json\/wp\/v2\/posts\/453732","targetHints":{"allow":["GET"]}}],"collection":[{"href":"https:\/\/www.radiopiu.net\/wordpress\/wp-json\/wp\/v2\/posts"}],"about":[{"href":"https:\/\/www.radiopiu.net\/wordpress\/wp-json\/wp\/v2\/types\/post"}],"author":[{"embeddable":true,"href":"https:\/\/www.radiopiu.net\/wordpress\/wp-json\/wp\/v2\/users\/4"}],"replies":[{"embeddable":true,"href":"https:\/\/www.radiopiu.net\/wordpress\/wp-json\/wp\/v2\/comments?post=453732"}],"version-history":[{"count":2,"href":"https:\/\/www.radiopiu.net\/wordpress\/wp-json\/wp\/v2\/posts\/453732\/revisions"}],"predecessor-version":[{"id":453771,"href":"https:\/\/www.radiopiu.net\/wordpress\/wp-json\/wp\/v2\/posts\/453732\/revisions\/453771"}],"wp:featuredmedia":[{"embeddable":true,"href":"https:\/\/www.radiopiu.net\/wordpress\/wp-json\/wp\/v2\/media\/247613"}],"wp:attachment":[{"href":"https:\/\/www.radiopiu.net\/wordpress\/wp-json\/wp\/v2\/media?parent=453732"}],"wp:term":[{"taxonomy":"category","embeddable":true,"href":"https:\/\/www.radiopiu.net\/wordpress\/wp-json\/wp\/v2\/categories?post=453732"},{"taxonomy":"post_tag","embeddable":true,"href":"https:\/\/www.radiopiu.net\/wordpress\/wp-json\/wp\/v2\/tags?post=453732"}],"curies":[{"name":"wp","href":"https:\/\/api.w.org\/{rel}","templated":true}]}}