{"id":453759,"date":"2025-06-13T16:57:21","date_gmt":"2025-06-13T14:57:21","guid":{"rendered":"https:\/\/www.radiopiu.net\/wordpress\/?p=453759"},"modified":"2025-06-14T05:21:00","modified_gmt":"2025-06-14T03:21:00","slug":"donna-precipita-nel-vuoto-dopo-il-cedimento-di-una-staccionata-muore-72enne-a-zoldo","status":"publish","type":"post","link":"https:\/\/www.radiopiu.net\/wordpress\/donna-precipita-nel-vuoto-dopo-il-cedimento-di-una-staccionata-muore-72enne-a-zoldo\/","title":{"rendered":"DONNA PRECIPITA NEL VUOTO DOPO IL CEDIMENTO DI UNA STACCIONATA: MUORE 72ENNE A ZOLDO"},"content":{"rendered":"<p>*******<\/p>\n<p>&nbsp;<\/p>\n<p><strong><a class=\"dt-pswp-item\" href=\"https:\/\/www.radiopiu.net\/wordpress\/wp-content\/uploads\/2025\/06\/Screenshot-2025-06-14-050323.png\" data-dt-img-description=\"\" data-large_image_width=\"560\" data-large_image_height=\"488\"><img loading=\"lazy\" decoding=\"async\" class=\" wp-image-453795 alignleft\" src=\"https:\/\/www.radiopiu.net\/wordpress\/wp-content\/uploads\/2025\/06\/Screenshot-2025-06-14-050323-300x261.png\" alt=\"\" width=\"178\" height=\"155\" srcset=\"https:\/\/www.radiopiu.net\/wordpress\/wp-content\/uploads\/2025\/06\/Screenshot-2025-06-14-050323-300x261.png 300w, https:\/\/www.radiopiu.net\/wordpress\/wp-content\/uploads\/2025\/06\/Screenshot-2025-06-14-050323.png 560w\" sizes=\"auto, (max-width: 178px) 100vw, 178px\" \/><\/a>REDAZIONE <\/strong>Ieri, poco prima dell\u2019una, un uomo sotto shock ha contattato la Centrale del 118 segnalando che la moglie era precipitata in una scarpata dopo il cedimento improvviso di una staccionata lungo la strada forestale che da Col di Forno di Zoldo conduce a Villa di Dont, nei pressi del Gaf de Malvar\u00e8. La donna, Maria Straniero, 72 anni di Venezia, stava facendo una pausa durante una camminata quando la barriera ha ceduto, facendola cadere per circa 60 metri in un punto ripido e privo di vegetazione. Sul posto sono intervenuti il Soccorso alpino della Val di Zoldo, supportato dai colleghi di Longarone e dall\u2019elicottero del Suem di Pieve di Cadore. Purtroppo, per la donna non c\u2019era pi\u00f9 nulla da fare. Dopo l\u2019autorizzazione della magistratura, la salma \u00e8 stata recuperata con un gancio baricentrico dall\u2019elicottero dell\u2019Air Service Center e affidata al carro funebre. I carabinieri hanno ricostruito la tragedia e inviato tutto alla magistratura di Belluno. Lungo la scarpata ieri pomeriggio si potevano ancora vedere i due pezzi del tronco che si era spezzato, causando la caduta della 72enne veneziana. Sulla salma, un esame esterno. La strada sulla quale i coniugi erano in passeggiata, \u00e8 comunale: lungo il ciglio della forestale esiste una staccionata vera, ma si ferma diversi metri prima di quello sbarramento. La tragedia ha scosso la comunit\u00e0 zoldana. Lo stesso sindaco Camillo De Pellegrin, informato dell&#8217;accaduto, esprime \u00abcordoglio per questa disgrazia: siamo vicini alla famiglia\u00bb.<\/p>\n<p><strong>TIZIANA BOLOGNANI, ANTICIPAZIONI TG ANTENNA 3<\/strong><\/p>\n<audio class=\"wp-audio-shortcode\" id=\"audio-453759-1\" preload=\"none\" style=\"width: 100%;\" controls=\"controls\"><source type=\"audio\/mpeg\" src=\"https:\/\/www.radiopiu.net\/wordpress\/wp-content\/uploads\/2025\/06\/TIZIANA-ZOLDO.mp3?_=1\" \/><a href=\"https:\/\/www.radiopiu.net\/wordpress\/wp-content\/uploads\/2025\/06\/TIZIANA-ZOLDO.mp3\">https:\/\/www.radiopiu.net\/wordpress\/wp-content\/uploads\/2025\/06\/TIZIANA-ZOLDO.mp3<\/a><\/audio>\n<p>&nbsp;<\/p>\n<p>&nbsp;<\/p>\n<p><strong>BORCA DI CADORE <\/strong>In mattinata, verso le 11.20, l&#8217;elicottero del Suem di Pieve di Cadore era intervenuto a Borca di Cadore, sul sentiero tra Passo Staulanza e il Rifugio Citt\u00e0 di Fiume, dove un 72enne di Feltre (BL), non era stato pi\u00f9 in grado di proseguire a causa di un malessere improvviso. L&#8217;uomo \u00e8 stato imbarcato e accompagnato all&#8217;ospedale di Belluno per accertamenti.<\/p>\n<p>&nbsp;<\/p>\n<p>&nbsp;<\/p>\n<p>&nbsp;<\/p>\n<p>*********<\/p>\n","protected":false},"excerpt":{"rendered":"<p>******* &nbsp; REDAZIONE Ieri, poco prima dell\u2019una, un uomo sotto shock ha contattato la Centrale del 118 segnalando che la moglie era precipitata in una scarpata dopo il cedimento improvviso di una staccionata lungo la strada forestale che da Col di Forno di Zoldo conduce a Villa di Dont, nei pressi del Gaf de Malvar\u00e8.&hellip;<\/p>\n","protected":false},"author":4,"featured_media":453795,"comment_status":"closed","ping_status":"closed","sticky":false,"template":"","format":"standard","meta":{"_monsterinsights_skip_tracking":false,"_monsterinsights_sitenote_active":false,"_monsterinsights_sitenote_note":"","_monsterinsights_sitenote_category":0,"footnotes":""},"categories":[51,49],"tags":[],"class_list":["post-453759","post","type-post","status-publish","format-standard","has-post-thumbnail","hentry","category-evidenza-top","category-news-18","category-51","category-49","description-off"],"img_url":"https:\/\/www.radiopiu.net\/wordpress\/wp-content\/uploads\/2025\/06\/Screenshot-2025-06-14-050323.png","_links":{"self":[{"href":"https:\/\/www.radiopiu.net\/wordpress\/wp-json\/wp\/v2\/posts\/453759","targetHints":{"allow":["GET"]}}],"collection":[{"href":"https:\/\/www.radiopiu.net\/wordpress\/wp-json\/wp\/v2\/posts"}],"about":[{"href":"https:\/\/www.radiopiu.net\/wordpress\/wp-json\/wp\/v2\/types\/post"}],"author":[{"embeddable":true,"href":"https:\/\/www.radiopiu.net\/wordpress\/wp-json\/wp\/v2\/users\/4"}],"replies":[{"embeddable":true,"href":"https:\/\/www.radiopiu.net\/wordpress\/wp-json\/wp\/v2\/comments?post=453759"}],"version-history":[{"count":4,"href":"https:\/\/www.radiopiu.net\/wordpress\/wp-json\/wp\/v2\/posts\/453759\/revisions"}],"predecessor-version":[{"id":453803,"href":"https:\/\/www.radiopiu.net\/wordpress\/wp-json\/wp\/v2\/posts\/453759\/revisions\/453803"}],"wp:featuredmedia":[{"embeddable":true,"href":"https:\/\/www.radiopiu.net\/wordpress\/wp-json\/wp\/v2\/media\/453795"}],"wp:attachment":[{"href":"https:\/\/www.radiopiu.net\/wordpress\/wp-json\/wp\/v2\/media?parent=453759"}],"wp:term":[{"taxonomy":"category","embeddable":true,"href":"https:\/\/www.radiopiu.net\/wordpress\/wp-json\/wp\/v2\/categories?post=453759"},{"taxonomy":"post_tag","embeddable":true,"href":"https:\/\/www.radiopiu.net\/wordpress\/wp-json\/wp\/v2\/tags?post=453759"}],"curies":[{"name":"wp","href":"https:\/\/api.w.org\/{rel}","templated":true}]}}