{"id":453789,"date":"2025-06-14T09:45:44","date_gmt":"2025-06-14T07:45:44","guid":{"rendered":"https:\/\/www.radiopiu.net\/wordpress\/?p=453789"},"modified":"2025-06-14T16:00:07","modified_gmt":"2025-06-14T14:00:07","slug":"lite-tra-vicini-finisce-in-tragedia-muore-il-54enne-fabrizio-poncatooo","status":"publish","type":"post","link":"https:\/\/www.radiopiu.net\/wordpress\/lite-tra-vicini-finisce-in-tragedia-muore-il-54enne-fabrizio-poncatooo\/","title":{"rendered":"LITE TRA VICINI FINISCE IN TRAGEDIA: MUORE IL 54ENNE FABRIZIO PONCATO"},"content":{"rendered":"<p>**<\/p>\n<blockquote>\n<p data-start=\"0\" data-end=\"72\">\n<\/blockquote>\n<p data-start=\"74\" data-end=\"191\" data-is-last-node=\"\" data-is-only-node=\"\"><strong><a class=\"dt-pswp-item\" href=\"https:\/\/www.radiopiu.net\/wordpress\/wp-content\/uploads\/2025\/06\/1976684d-6d52-44c9-9b69-af2e6050aedf.jpg\" data-dt-img-description=\"\" data-large_image_width=\"844\" data-large_image_height=\"548\"><img loading=\"lazy\" decoding=\"async\" class=\" wp-image-453905 alignleft\" src=\"https:\/\/www.radiopiu.net\/wordpress\/wp-content\/uploads\/2025\/06\/1976684d-6d52-44c9-9b69-af2e6050aedf-300x195.jpg\" alt=\"\" width=\"182\" height=\"118\" srcset=\"https:\/\/www.radiopiu.net\/wordpress\/wp-content\/uploads\/2025\/06\/1976684d-6d52-44c9-9b69-af2e6050aedf-300x195.jpg 300w, https:\/\/www.radiopiu.net\/wordpress\/wp-content\/uploads\/2025\/06\/1976684d-6d52-44c9-9b69-af2e6050aedf-768x499.jpg 768w, https:\/\/www.radiopiu.net\/wordpress\/wp-content\/uploads\/2025\/06\/1976684d-6d52-44c9-9b69-af2e6050aedf.jpg 844w\" sizes=\"auto, (max-width: 182px) 100vw, 182px\" \/><\/a>PONTE NELLE ALPI <\/strong>Una lite tra vicini di casa si \u00e8 trasformata in tragedia nella serata di venerd\u00ec 13 giugno, nella frazione di Soccher, in via Garibaldi. A perdere la vita \u00e8 stato Fabrizio Poncato, 54 anni, residente del luogo. Poncato sarebbe caduto a terra violentemente battendo la testa, ed \u00e8 morto sul colpo, prima ancora che i sanitari del 118 potessero tentare una rianimazione. Sul posto sono intervenuti immediatamente i Carabinieri, che hanno avviato gli accertamenti per chiarire l\u2019esatta dinamica dei fatti. Al momento non si esclude alcuna ipotesi. La salma di Poncato \u00e8 stata trasferita all&#8217;obitorio, a disposizione del procuratore della Repubblica Massimo De Bortoli, domani l&#8217;autopsia<\/p>\n<p>__<\/p>\n","protected":false},"excerpt":{"rendered":"<p>** PONTE NELLE ALPI Una lite tra vicini di casa si \u00e8 trasformata in tragedia nella serata di venerd\u00ec 13 giugno, nella frazione di Soccher, in via Garibaldi. A perdere la vita \u00e8 stato Fabrizio Poncato, 54 anni, residente del luogo. Poncato sarebbe caduto a terra violentemente battendo la testa, ed \u00e8 morto sul colpo,&hellip;<\/p>\n","protected":false},"author":4,"featured_media":453905,"comment_status":"closed","ping_status":"closed","sticky":false,"template":"","format":"standard","meta":{"_monsterinsights_skip_tracking":false,"_monsterinsights_sitenote_active":false,"_monsterinsights_sitenote_note":"","_monsterinsights_sitenote_category":0,"footnotes":""},"categories":[51,49],"tags":[],"class_list":["post-453789","post","type-post","status-publish","format-standard","has-post-thumbnail","hentry","category-evidenza-top","category-news-18","category-51","category-49","description-off"],"img_url":"https:\/\/www.radiopiu.net\/wordpress\/wp-content\/uploads\/2025\/06\/1976684d-6d52-44c9-9b69-af2e6050aedf.jpg","_links":{"self":[{"href":"https:\/\/www.radiopiu.net\/wordpress\/wp-json\/wp\/v2\/posts\/453789","targetHints":{"allow":["GET"]}}],"collection":[{"href":"https:\/\/www.radiopiu.net\/wordpress\/wp-json\/wp\/v2\/posts"}],"about":[{"href":"https:\/\/www.radiopiu.net\/wordpress\/wp-json\/wp\/v2\/types\/post"}],"author":[{"embeddable":true,"href":"https:\/\/www.radiopiu.net\/wordpress\/wp-json\/wp\/v2\/users\/4"}],"replies":[{"embeddable":true,"href":"https:\/\/www.radiopiu.net\/wordpress\/wp-json\/wp\/v2\/comments?post=453789"}],"version-history":[{"count":12,"href":"https:\/\/www.radiopiu.net\/wordpress\/wp-json\/wp\/v2\/posts\/453789\/revisions"}],"predecessor-version":[{"id":453906,"href":"https:\/\/www.radiopiu.net\/wordpress\/wp-json\/wp\/v2\/posts\/453789\/revisions\/453906"}],"wp:featuredmedia":[{"embeddable":true,"href":"https:\/\/www.radiopiu.net\/wordpress\/wp-json\/wp\/v2\/media\/453905"}],"wp:attachment":[{"href":"https:\/\/www.radiopiu.net\/wordpress\/wp-json\/wp\/v2\/media?parent=453789"}],"wp:term":[{"taxonomy":"category","embeddable":true,"href":"https:\/\/www.radiopiu.net\/wordpress\/wp-json\/wp\/v2\/categories?post=453789"},{"taxonomy":"post_tag","embeddable":true,"href":"https:\/\/www.radiopiu.net\/wordpress\/wp-json\/wp\/v2\/tags?post=453789"}],"curies":[{"name":"wp","href":"https:\/\/api.w.org\/{rel}","templated":true}]}}