{"id":453807,"date":"2025-06-14T05:52:39","date_gmt":"2025-06-14T03:52:39","guid":{"rendered":"https:\/\/www.radiopiu.net\/wordpress\/?p=453807"},"modified":"2025-06-14T05:52:50","modified_gmt":"2025-06-14T03:52:50","slug":"bilancio-2024-dolomitibus-bene-il-risultato-ma-ora-serve-investire-sul-lavoro","status":"publish","type":"post","link":"https:\/\/www.radiopiu.net\/wordpress\/bilancio-2024-dolomitibus-bene-il-risultato-ma-ora-serve-investire-sul-lavoro\/","title":{"rendered":"BILANCIO 2024 DOLOMITIBUS: BENE IL RISULTATO, MA ORA SERVE INVESTIRE SUL LAVORO"},"content":{"rendered":"<p>**<\/p>\n<h2><strong><em> in riferimento al bilancio Dolomitibus 2024, le Segreterie territoriali unite, vogliono esprimere il loro punto di vista\u2026<\/em><\/strong><\/h2>\n<p data-start=\"85\" data-end=\"396\"><img loading=\"lazy\" decoding=\"async\" class=\"alignleft\" src=\"https:\/\/www.radiopiu.net\/wordpress\/wp-content\/uploads\/2024\/10\/DolomitiBus_02-scaled.jpg\" width=\"386\" height=\"257\" \/>Apprendiamo con soddisfazione, dagli organi di stampa, del risultato positivo del bilancio 2024 di Dolomitibus. Un risultato importante, che riconosciamo essere anche frutto del lavoro, della dedizione e dei sacrifici compiuti da tutte le lavoratrici e i lavoratori dell\u2019azienda in questi ultimi anni difficili. Infatti, come viene giustamente ricordato, il dato economico del 2024 \u00e8 legato anche ai ristori Covid relativi agli anni passati. Ed \u00e8 impossibile dimenticare quei momenti bui, in particolare il lockdown del 2020, durante il quale gran parte della forza lavoro fu posta in cassa integrazione, mentre chi rimaneva in servizio affrontava turni pesanti e condizioni quasi irreali, in un clima che ricordava uno scenario post-apocalittico. Anche il periodo 2021-2022 non fu pi\u00f9 semplice: l\u2019obbligo di green pass per lavorare comport\u00f2 una razionalizzazione dei turni e una riduzione del personale operativo, con conseguenze drammatiche sul clima lavorativo e sull\u2019equilibrio tra vita privata e professionale. \u00c8 in quel contesto che prese avvio un esodo di autisti che, ancora oggi, condiziona l\u2019operativit\u00e0 aziendale. Nonostante tutto, chi \u00e8 rimasto ha retto il sistema e garantito la continuit\u00e0 del servizio pubblico, contribuendo concretamente al raggiungimento degli odierni risultati aziendali. E se l\u2019ultimo bilancio pu\u00f2 risultare in parte \u201cdrogato\u201d dai ristori, la media degli ultimi cinque anni restituisce comunque l\u2019immagine di un\u2019azienda resiliente. Accogliamo con interesse la richiesta, da parte della politica provinciale, di tradurre questo bilancio positivo in un potenziamento del servizio. Ma \u00e8 necessario chiarire che l\u2019equazione <em data-start=\"1744\" data-end=\"1773\">bilancio attivo = pi\u00f9 corse<\/em> non pu\u00f2 funzionare senza una condizione essenziale: avere gli autisti necessari per effettuare quel servizio. Non sono i soldi a guidare gli autobus. Lo fanno le persone. E per attrarre nuovi conducenti serve rendere Dolomitibus pi\u00f9 appetibile rispetto ad altre realt\u00e0 del settore. Significa garantire pi\u00f9 tempo libero, migliorare l\u2019equilibrio vita-lavoro e, soprattutto, aumentare gli stipendi per rendere questo mestiere competitivo rispetto ad altri, che magari assicurano il fine settimana libero o condizioni meno gravose. Negli ultimi anni sono stati compiuti dei passi in avanti, ma il numero di autisti in forza \u00e8 ancora insufficiente per rispondere a una domanda crescente da parte del territorio. Come Segreterie territoriali di Faisa Cisal, Filt Cgil, Fit Cisl e Uil Trasporti, rivolgiamo un invito concreto all\u2019azienda: sediamoci attorno a un tavolo e individuiamo insieme una nuova organizzazione del lavoro, capace di valorizzare il tempo degli autisti e rendere pi\u00f9 competitivo il trattamento economico. Solo cos\u00ec sar\u00e0 possibile potenziare davvero il servizio per il territorio. Solo cos\u00ec il futuro di Dolomitibus potr\u00e0 poggiare su basi solide e sostenibili.<\/p>\n<hr \/>\n<p data-start=\"85\" data-end=\"396\">\n","protected":false},"excerpt":{"rendered":"<p>** in riferimento al bilancio Dolomitibus 2024, le Segreterie territoriali unite, vogliono esprimere il loro punto di vista\u2026 Apprendiamo con soddisfazione, dagli organi di stampa, del risultato positivo del bilancio 2024 di Dolomitibus. Un risultato importante, che riconosciamo essere anche frutto del lavoro, della dedizione e dei sacrifici compiuti da tutte le lavoratrici e i&hellip;<\/p>\n","protected":false},"author":4,"featured_media":413158,"comment_status":"closed","ping_status":"closed","sticky":false,"template":"","format":"standard","meta":{"_monsterinsights_skip_tracking":false,"_monsterinsights_sitenote_active":false,"_monsterinsights_sitenote_note":"","_monsterinsights_sitenote_category":0,"footnotes":""},"categories":[49],"tags":[],"class_list":["post-453807","post","type-post","status-publish","format-standard","has-post-thumbnail","hentry","category-news-18","category-49","description-off"],"img_url":"https:\/\/www.radiopiu.net\/wordpress\/wp-content\/uploads\/2024\/10\/DolomitiBus_02-scaled.jpg","_links":{"self":[{"href":"https:\/\/www.radiopiu.net\/wordpress\/wp-json\/wp\/v2\/posts\/453807","targetHints":{"allow":["GET"]}}],"collection":[{"href":"https:\/\/www.radiopiu.net\/wordpress\/wp-json\/wp\/v2\/posts"}],"about":[{"href":"https:\/\/www.radiopiu.net\/wordpress\/wp-json\/wp\/v2\/types\/post"}],"author":[{"embeddable":true,"href":"https:\/\/www.radiopiu.net\/wordpress\/wp-json\/wp\/v2\/users\/4"}],"replies":[{"embeddable":true,"href":"https:\/\/www.radiopiu.net\/wordpress\/wp-json\/wp\/v2\/comments?post=453807"}],"version-history":[{"count":2,"href":"https:\/\/www.radiopiu.net\/wordpress\/wp-json\/wp\/v2\/posts\/453807\/revisions"}],"predecessor-version":[{"id":453809,"href":"https:\/\/www.radiopiu.net\/wordpress\/wp-json\/wp\/v2\/posts\/453807\/revisions\/453809"}],"wp:featuredmedia":[{"embeddable":true,"href":"https:\/\/www.radiopiu.net\/wordpress\/wp-json\/wp\/v2\/media\/413158"}],"wp:attachment":[{"href":"https:\/\/www.radiopiu.net\/wordpress\/wp-json\/wp\/v2\/media?parent=453807"}],"wp:term":[{"taxonomy":"category","embeddable":true,"href":"https:\/\/www.radiopiu.net\/wordpress\/wp-json\/wp\/v2\/categories?post=453807"},{"taxonomy":"post_tag","embeddable":true,"href":"https:\/\/www.radiopiu.net\/wordpress\/wp-json\/wp\/v2\/tags?post=453807"}],"curies":[{"name":"wp","href":"https:\/\/api.w.org\/{rel}","templated":true}]}}