{"id":453822,"date":"2025-06-14T07:53:36","date_gmt":"2025-06-14T05:53:36","guid":{"rendered":"https:\/\/www.radiopiu.net\/wordpress\/?p=453822"},"modified":"2025-06-14T07:53:36","modified_gmt":"2025-06-14T05:53:36","slug":"agordo-intitola-via-valcozzena-a-leonardo-del-vecchio-il-ricordo-di-un-uomo-che-ha-fatto-la-storia","status":"publish","type":"post","link":"https:\/\/www.radiopiu.net\/wordpress\/agordo-intitola-via-valcozzena-a-leonardo-del-vecchio-il-ricordo-di-un-uomo-che-ha-fatto-la-storia\/","title":{"rendered":"AGORDO INTITOLA VIA VALCOZZENA A LEONARDO DEL VECCHIO: IL RICORDO DI UN UOMO CHE HA FATTO LA STORIA"},"content":{"rendered":"<p>**<\/p>\n<p><strong>AGORDO<\/strong><\/p>\n<p data-start=\"105\" data-end=\"533\">\n<img loading=\"lazy\" decoding=\"async\" class=\"alignleft\" src=\"https:\/\/www.radiopiu.net\/wordpress\/wp-content\/uploads\/2020\/04\/LEONARDO-DEL-VECCHIO-GRAZIE-300x300.png\" width=\"168\" height=\"168\" \/> Con il voto favorevole anche del gruppo di minoranza \u201cAgordo Insieme\u201d, il Consiglio comunale di Agordo ha approvato la delibera per l\u2019intitolazione di Via Valcozzena al Cavaliere Leonardo Del Vecchio. Una decisione che arriva nel novantesimo anniversario della nascita dell\u2019imprenditore e che rappresenta, secondo le parole del gruppo di minoranza, \u201cun primo passo per onorarne degnamente la memoria\u201d.<\/p>\n<p data-start=\"535\" data-end=\"957\">Via Valcozzena non \u00e8 un luogo qualsiasi: \u00e8 proprio l\u00ec che prese forma il primo nucleo di quella che sarebbe divenuta Luxottica, l\u2019azienda destinata a rivoluzionare il mondo dell\u2019occhialeria. \u201cL\u2019intitolazione \u00e8 un atto naturale e simbolico \u2013 afferma Agordo Insieme \u2013 che rinsalda il legame profondo tra il territorio e una figura che ha inciso in modo indelebile sulla crescita economica e sociale della comunit\u00e0 agordina\u201d.<\/p>\n<p data-start=\"959\" data-end=\"1250\">Il gruppo consiliare sottolinea per\u00f2 la necessit\u00e0 di andare oltre. \u201cQuesto gesto non deve rimanere isolato \u2013 si legge nel comunicato \u2013. Serve un percorso partecipato con la cittadinanza per individuare ulteriori iniziative che sappiano rendere giustizia all\u2019eredit\u00e0 lasciata da Del Vecchio\u201d.<\/p>\n<p data-start=\"1252\" data-end=\"1648\">Tra le proposte gi\u00e0 avanzate da Agordo Insieme: l\u2019intitolazione della sala consiliare, l\u2019istituzione di una borsa di studio rivolta ai giovani, e la dedica di una sala all\u2019interno del rinnovato complesso dell\u2019ex Istituto minerario. \u201cLa comunit\u00e0 \u2013 conclude la nota \u2013 ha espresso con forza il desiderio di ricordare Leonardo Del Vecchio. \u00c8 tempo di trasformare questo desiderio in realt\u00e0 concreta\u201d.<\/p>\n<p>__<\/p>\n","protected":false},"excerpt":{"rendered":"<p>** AGORDO Con il voto favorevole anche del gruppo di minoranza \u201cAgordo Insieme\u201d, il Consiglio comunale di Agordo ha approvato la delibera per l\u2019intitolazione di Via Valcozzena al Cavaliere Leonardo Del Vecchio. Una decisione che arriva nel novantesimo anniversario della nascita dell\u2019imprenditore e che rappresenta, secondo le parole del gruppo di minoranza, \u201cun primo passo&hellip;<\/p>\n","protected":false},"author":4,"featured_media":126926,"comment_status":"closed","ping_status":"closed","sticky":false,"template":"","format":"standard","meta":{"_monsterinsights_skip_tracking":false,"_monsterinsights_sitenote_active":false,"_monsterinsights_sitenote_note":"","_monsterinsights_sitenote_category":0,"footnotes":""},"categories":[49],"tags":[],"class_list":["post-453822","post","type-post","status-publish","format-standard","has-post-thumbnail","hentry","category-news-18","category-49","description-off"],"img_url":"https:\/\/www.radiopiu.net\/wordpress\/wp-content\/uploads\/2020\/04\/LEONARDO-DEL-VECCHIO-GRAZIE.png","_links":{"self":[{"href":"https:\/\/www.radiopiu.net\/wordpress\/wp-json\/wp\/v2\/posts\/453822","targetHints":{"allow":["GET"]}}],"collection":[{"href":"https:\/\/www.radiopiu.net\/wordpress\/wp-json\/wp\/v2\/posts"}],"about":[{"href":"https:\/\/www.radiopiu.net\/wordpress\/wp-json\/wp\/v2\/types\/post"}],"author":[{"embeddable":true,"href":"https:\/\/www.radiopiu.net\/wordpress\/wp-json\/wp\/v2\/users\/4"}],"replies":[{"embeddable":true,"href":"https:\/\/www.radiopiu.net\/wordpress\/wp-json\/wp\/v2\/comments?post=453822"}],"version-history":[{"count":1,"href":"https:\/\/www.radiopiu.net\/wordpress\/wp-json\/wp\/v2\/posts\/453822\/revisions"}],"predecessor-version":[{"id":453823,"href":"https:\/\/www.radiopiu.net\/wordpress\/wp-json\/wp\/v2\/posts\/453822\/revisions\/453823"}],"wp:featuredmedia":[{"embeddable":true,"href":"https:\/\/www.radiopiu.net\/wordpress\/wp-json\/wp\/v2\/media\/126926"}],"wp:attachment":[{"href":"https:\/\/www.radiopiu.net\/wordpress\/wp-json\/wp\/v2\/media?parent=453822"}],"wp:term":[{"taxonomy":"category","embeddable":true,"href":"https:\/\/www.radiopiu.net\/wordpress\/wp-json\/wp\/v2\/categories?post=453822"},{"taxonomy":"post_tag","embeddable":true,"href":"https:\/\/www.radiopiu.net\/wordpress\/wp-json\/wp\/v2\/tags?post=453822"}],"curies":[{"name":"wp","href":"https:\/\/api.w.org\/{rel}","templated":true}]}}