{"id":453827,"date":"2025-06-16T05:40:49","date_gmt":"2025-06-16T03:40:49","guid":{"rendered":"https:\/\/www.radiopiu.net\/wordpress\/?p=453827"},"modified":"2025-06-16T09:19:35","modified_gmt":"2025-06-16T07:19:35","slug":"giornale-radiopiu-16-giugno-2025-direttore-mirko-mezzacasa","status":"publish","type":"post","link":"https:\/\/www.radiopiu.net\/wordpress\/giornale-radiopiu-16-giugno-2025-direttore-mirko-mezzacasa\/","title":{"rendered":"GIORNALE RADIOPIU 16 GIUGNO 2025 DIRETTORE MIRKO MEZZACASA"},"content":{"rendered":"<p>********<\/p>\n<blockquote>\n<h1 style=\"text-align: left;\"><a class=\"dt-pswp-item\" href=\"https:\/\/www.radiopiu.net\/wordpress\/wp-content\/uploads\/2025\/06\/c10ded95-df62-4070-9dac-ad76bd01d304.jpg\" data-dt-img-description=\"\" data-large_image_width=\"958\" data-large_image_height=\"1280\"><img loading=\"lazy\" decoding=\"async\" class=\"size-medium wp-image-454089 alignleft\" src=\"https:\/\/www.radiopiu.net\/wordpress\/wp-content\/uploads\/2025\/06\/c10ded95-df62-4070-9dac-ad76bd01d304-225x300.jpg\" alt=\"\" width=\"225\" height=\"300\" srcset=\"https:\/\/www.radiopiu.net\/wordpress\/wp-content\/uploads\/2025\/06\/c10ded95-df62-4070-9dac-ad76bd01d304-225x300.jpg 225w, https:\/\/www.radiopiu.net\/wordpress\/wp-content\/uploads\/2025\/06\/c10ded95-df62-4070-9dac-ad76bd01d304-766x1024.jpg 766w, https:\/\/www.radiopiu.net\/wordpress\/wp-content\/uploads\/2025\/06\/c10ded95-df62-4070-9dac-ad76bd01d304-768x1026.jpg 768w, https:\/\/www.radiopiu.net\/wordpress\/wp-content\/uploads\/2025\/06\/c10ded95-df62-4070-9dac-ad76bd01d304.jpg 958w\" sizes=\"auto, (max-width: 225px) 100vw, 225px\" \/><\/a><\/h1>\n<h1 style=\"text-align: left;\">NUOVA COLATA DETRITICA A CANCIA DI BORCA DI CADORE: CHIUSA LA STRADA STATALE 51 DI ALEMAGNA<\/h1>\n<\/blockquote>\n<p><span style=\"color: #ff0000;\">NOTIZIA DELLA NOTTE,\u00a0 ORE 00.35 fonte,\u00a0 protezione civile Veneto, assessore Gianpaolo Bottacin<\/span><\/p>\n<p>&nbsp;<\/p>\n<p data-start=\"97\" data-end=\"453\"><em data-start=\"97\" data-end=\"139\"><strong>BORCA DI CADORE<\/strong> <\/em> Torna la paura a Cancia di Borca di Cadore, teatro nel 2009 di una tragica colata detritica che cost\u00f2 la vita a due persone. Nella tarda serata di ieri, una nuova colata ha interessato il versante a monte dell\u2019abitato, provocando l\u2019immediata chiusura della Strada Statale 51 di Alemagna per motivi di sicurezza. Il fronte di fango e detriti, sceso a seguito delle intense piogge degli ultimi giorni, ha invaso parte della viabilit\u00e0. Fortunatamente, non si registrano feriti, ma i danni materiali sono in fase di accertamento.<\/p>\n<p><span style=\"color: #ff0000;\">\u00a0\u00a0<\/span><\/p>\n<p>&nbsp;<\/p>\n\n\t\t\t<style type='text\/css'>\n\t\t\t\t#gallery-1 {\n\t\t\t\t\tmargin: auto;\n\t\t\t\t}\n\t\t\t\t#gallery-1 .gallery-item {\n\t\t\t\t\tfloat: left;\n\t\t\t\t\tmargin-top: 10px;\n\t\t\t\t\ttext-align: center;\n\t\t\t\t\twidth: 20%;\n\t\t\t\t}\n\t\t\t\t#gallery-1 img {\n\t\t\t\t\tborder: 2px solid #cfcfcf;\n\t\t\t\t}\n\t\t\t\t#gallery-1 .gallery-caption {\n\t\t\t\t\tmargin-left: 0;\n\t\t\t\t}\n\t\t\t\t\/* see gallery_shortcode() in wp-includes\/media.php *\/\n\t\t\t<\/style>\n\t\t<div id='gallery-1' class='dt-gallery-container gallery galleryid-453827 gallery-columns-5 gallery-size-thumbnail'><dl class='gallery-item'>\n\t\t\t\t<dt class='gallery-icon portrait'>\n\t\t\t\t\t<a class=\"rollover rollover-zoom dt-pswp-item\" title=\"ec9600d2-ff89-458f-9f3f-22c42033a5d5\" data-dt-img-description=\"\" data-large_image_width=\"1536\" data-large_image_height=\"2048\"href='https:\/\/www.radiopiu.net\/wordpress\/wp-content\/uploads\/2025\/06\/ec9600d2-ff89-458f-9f3f-22c42033a5d5.jpg'><img loading=\"lazy\" decoding=\"async\" width=\"150\" height=\"150\" src=\"https:\/\/www.radiopiu.net\/wordpress\/wp-content\/uploads\/2025\/06\/ec9600d2-ff89-458f-9f3f-22c42033a5d5-150x150.jpg\" class=\"attachment-thumbnail size-thumbnail\" alt=\"\" \/><\/a>\n\t\t\t\t<\/dt><\/dl><dl class='gallery-item'>\n\t\t\t\t<dt class='gallery-icon portrait'>\n\t\t\t\t\t<a class=\"rollover rollover-zoom dt-pswp-item\" title=\"bfeea0e2-5fac-44f8-a3e5-dc147666ded5\" data-dt-img-description=\"\" data-large_image_width=\"1536\" data-large_image_height=\"2048\"href='https:\/\/www.radiopiu.net\/wordpress\/wp-content\/uploads\/2025\/06\/bfeea0e2-5fac-44f8-a3e5-dc147666ded5.jpg'><img loading=\"lazy\" decoding=\"async\" width=\"150\" height=\"150\" src=\"https:\/\/www.radiopiu.net\/wordpress\/wp-content\/uploads\/2025\/06\/bfeea0e2-5fac-44f8-a3e5-dc147666ded5-150x150.jpg\" class=\"attachment-thumbnail size-thumbnail\" alt=\"\" \/><\/a>\n\t\t\t\t<\/dt><\/dl><dl class='gallery-item'>\n\t\t\t\t<dt class='gallery-icon portrait'>\n\t\t\t\t\t<a class=\"rollover rollover-zoom dt-pswp-item\" title=\"bcff631e-f78e-4f0e-ad9c-6909bb8e3ed1\" data-dt-img-description=\"\" data-large_image_width=\"1536\" data-large_image_height=\"2048\"href='https:\/\/www.radiopiu.net\/wordpress\/wp-content\/uploads\/2025\/06\/bcff631e-f78e-4f0e-ad9c-6909bb8e3ed1.jpg'><img loading=\"lazy\" decoding=\"async\" width=\"150\" height=\"150\" src=\"https:\/\/www.radiopiu.net\/wordpress\/wp-content\/uploads\/2025\/06\/bcff631e-f78e-4f0e-ad9c-6909bb8e3ed1-150x150.jpg\" class=\"attachment-thumbnail size-thumbnail\" alt=\"\" \/><\/a>\n\t\t\t\t<\/dt><\/dl><dl class='gallery-item'>\n\t\t\t\t<dt class='gallery-icon portrait'>\n\t\t\t\t\t<a class=\"rollover rollover-zoom dt-pswp-item\" title=\"85568cd1-5655-4994-a882-0b572d786df8\" data-dt-img-description=\"\" data-large_image_width=\"1536\" data-large_image_height=\"2048\"href='https:\/\/www.radiopiu.net\/wordpress\/wp-content\/uploads\/2025\/06\/85568cd1-5655-4994-a882-0b572d786df8.jpg'><img loading=\"lazy\" decoding=\"async\" width=\"150\" height=\"150\" src=\"https:\/\/www.radiopiu.net\/wordpress\/wp-content\/uploads\/2025\/06\/85568cd1-5655-4994-a882-0b572d786df8-150x150.jpg\" class=\"attachment-thumbnail size-thumbnail\" alt=\"\" \/><\/a>\n\t\t\t\t<\/dt><\/dl><dl class='gallery-item'>\n\t\t\t\t<dt class='gallery-icon portrait'>\n\t\t\t\t\t<a class=\"rollover rollover-zoom dt-pswp-item\" title=\"b48edd94-9715-4018-bac7-cf7fd11455ba\" data-dt-img-description=\"\" data-large_image_width=\"1536\" data-large_image_height=\"2048\"href='https:\/\/www.radiopiu.net\/wordpress\/wp-content\/uploads\/2025\/06\/b48edd94-9715-4018-bac7-cf7fd11455ba.jpg'><img loading=\"lazy\" decoding=\"async\" width=\"150\" height=\"150\" src=\"https:\/\/www.radiopiu.net\/wordpress\/wp-content\/uploads\/2025\/06\/b48edd94-9715-4018-bac7-cf7fd11455ba-150x150.jpg\" class=\"attachment-thumbnail size-thumbnail\" alt=\"\" \/><\/a>\n\t\t\t\t<\/dt><\/dl><br style=\"clear: both\" \/><dl class='gallery-item'>\n\t\t\t\t<dt class='gallery-icon portrait'>\n\t\t\t\t\t<a class=\"rollover rollover-zoom dt-pswp-item\" title=\"19fee07f-a228-4c3f-888d-40fa451be6e7\" data-dt-img-description=\"\" data-large_image_width=\"1536\" data-large_image_height=\"2048\"href='https:\/\/www.radiopiu.net\/wordpress\/wp-content\/uploads\/2025\/06\/19fee07f-a228-4c3f-888d-40fa451be6e7.jpg'><img loading=\"lazy\" decoding=\"async\" width=\"150\" height=\"150\" src=\"https:\/\/www.radiopiu.net\/wordpress\/wp-content\/uploads\/2025\/06\/19fee07f-a228-4c3f-888d-40fa451be6e7-150x150.jpg\" class=\"attachment-thumbnail size-thumbnail\" alt=\"\" \/><\/a>\n\t\t\t\t<\/dt><\/dl><dl class='gallery-item'>\n\t\t\t\t<dt class='gallery-icon landscape'>\n\t\t\t\t\t<a class=\"rollover rollover-zoom dt-pswp-item\" title=\"8cf2ba44-f38c-4702-9647-8bd2c4b85019\" data-dt-img-description=\"\" data-large_image_width=\"2048\" data-large_image_height=\"2048\"href='https:\/\/www.radiopiu.net\/wordpress\/wp-content\/uploads\/2025\/06\/8cf2ba44-f38c-4702-9647-8bd2c4b85019.jpg'><img loading=\"lazy\" decoding=\"async\" width=\"150\" height=\"150\" src=\"https:\/\/www.radiopiu.net\/wordpress\/wp-content\/uploads\/2025\/06\/8cf2ba44-f38c-4702-9647-8bd2c4b85019-150x150.jpg\" class=\"attachment-thumbnail size-thumbnail\" alt=\"\" srcset=\"https:\/\/www.radiopiu.net\/wordpress\/wp-content\/uploads\/2025\/06\/8cf2ba44-f38c-4702-9647-8bd2c4b85019-150x150.jpg 150w, https:\/\/www.radiopiu.net\/wordpress\/wp-content\/uploads\/2025\/06\/8cf2ba44-f38c-4702-9647-8bd2c4b85019-300x300.jpg 300w, https:\/\/www.radiopiu.net\/wordpress\/wp-content\/uploads\/2025\/06\/8cf2ba44-f38c-4702-9647-8bd2c4b85019-1024x1024.jpg 1024w, https:\/\/www.radiopiu.net\/wordpress\/wp-content\/uploads\/2025\/06\/8cf2ba44-f38c-4702-9647-8bd2c4b85019-768x768.jpg 768w, https:\/\/www.radiopiu.net\/wordpress\/wp-content\/uploads\/2025\/06\/8cf2ba44-f38c-4702-9647-8bd2c4b85019-1536x1536.jpg 1536w, https:\/\/www.radiopiu.net\/wordpress\/wp-content\/uploads\/2025\/06\/8cf2ba44-f38c-4702-9647-8bd2c4b85019.jpg 2048w\" sizes=\"auto, (max-width: 150px) 100vw, 150px\" \/><\/a>\n\t\t\t\t<\/dt><\/dl><dl class='gallery-item'>\n\t\t\t\t<dt class='gallery-icon landscape'>\n\t\t\t\t\t<a class=\"rollover rollover-zoom dt-pswp-item\" title=\"7bc91d65-0f11-4370-baa6-8a1fbb565511\" data-dt-img-description=\"\" data-large_image_width=\"2048\" data-large_image_height=\"2048\"href='https:\/\/www.radiopiu.net\/wordpress\/wp-content\/uploads\/2025\/06\/7bc91d65-0f11-4370-baa6-8a1fbb565511.jpg'><img loading=\"lazy\" decoding=\"async\" width=\"150\" height=\"150\" src=\"https:\/\/www.radiopiu.net\/wordpress\/wp-content\/uploads\/2025\/06\/7bc91d65-0f11-4370-baa6-8a1fbb565511-150x150.jpg\" class=\"attachment-thumbnail size-thumbnail\" alt=\"\" srcset=\"https:\/\/www.radiopiu.net\/wordpress\/wp-content\/uploads\/2025\/06\/7bc91d65-0f11-4370-baa6-8a1fbb565511-150x150.jpg 150w, https:\/\/www.radiopiu.net\/wordpress\/wp-content\/uploads\/2025\/06\/7bc91d65-0f11-4370-baa6-8a1fbb565511-300x300.jpg 300w, https:\/\/www.radiopiu.net\/wordpress\/wp-content\/uploads\/2025\/06\/7bc91d65-0f11-4370-baa6-8a1fbb565511-1024x1024.jpg 1024w, https:\/\/www.radiopiu.net\/wordpress\/wp-content\/uploads\/2025\/06\/7bc91d65-0f11-4370-baa6-8a1fbb565511-768x768.jpg 768w, https:\/\/www.radiopiu.net\/wordpress\/wp-content\/uploads\/2025\/06\/7bc91d65-0f11-4370-baa6-8a1fbb565511-1536x1536.jpg 1536w, https:\/\/www.radiopiu.net\/wordpress\/wp-content\/uploads\/2025\/06\/7bc91d65-0f11-4370-baa6-8a1fbb565511.jpg 2048w\" sizes=\"auto, (max-width: 150px) 100vw, 150px\" \/><\/a>\n\t\t\t\t<\/dt><\/dl><dl class='gallery-item'>\n\t\t\t\t<dt class='gallery-icon portrait'>\n\t\t\t\t\t<a class=\"rollover rollover-zoom dt-pswp-item\" title=\"6d4817b3-6166-4e5c-9f11-035ae875194d\" data-dt-img-description=\"\" data-large_image_width=\"1536\" data-large_image_height=\"2048\"href='https:\/\/www.radiopiu.net\/wordpress\/wp-content\/uploads\/2025\/06\/6d4817b3-6166-4e5c-9f11-035ae875194d.jpg'><img loading=\"lazy\" decoding=\"async\" width=\"150\" height=\"150\" src=\"https:\/\/www.radiopiu.net\/wordpress\/wp-content\/uploads\/2025\/06\/6d4817b3-6166-4e5c-9f11-035ae875194d-150x150.jpg\" class=\"attachment-thumbnail size-thumbnail\" alt=\"\" \/><\/a>\n\t\t\t\t<\/dt><\/dl>\n\t\t\t\t<br style='clear: both' \/>\n\t\t\t<\/div>\n\n<p>&nbsp;<\/p>\n<p><strong>TRICHIANA E LA GRANDINE<\/strong><\/p>\n<p><a class=\"dt-pswp-item\" href=\"https:\/\/www.radiopiu.net\/wordpress\/wp-content\/uploads\/2025\/06\/35875570-a22f-49b0-b0bc-2db427e8fbbb.jpg\" data-dt-img-description=\"\" data-large_image_width=\"800\" data-large_image_height=\"600\"><img loading=\"lazy\" decoding=\"async\" class=\"alignnone size-medium wp-image-454127\" src=\"https:\/\/www.radiopiu.net\/wordpress\/wp-content\/uploads\/2025\/06\/35875570-a22f-49b0-b0bc-2db427e8fbbb-300x225.jpg\" alt=\"\" width=\"300\" height=\"225\" srcset=\"https:\/\/www.radiopiu.net\/wordpress\/wp-content\/uploads\/2025\/06\/35875570-a22f-49b0-b0bc-2db427e8fbbb-300x225.jpg 300w, https:\/\/www.radiopiu.net\/wordpress\/wp-content\/uploads\/2025\/06\/35875570-a22f-49b0-b0bc-2db427e8fbbb-768x576.jpg 768w, https:\/\/www.radiopiu.net\/wordpress\/wp-content\/uploads\/2025\/06\/35875570-a22f-49b0-b0bc-2db427e8fbbb.jpg 800w\" sizes=\"auto, (max-width: 300px) 100vw, 300px\" \/><\/a><\/p>\n<p>&nbsp;<\/p>\n<hr \/>\n<p>&nbsp;<\/p>\n<p><em><span style=\"color: #ff0000;\"><a class=\"dt-pswp-item\" href=\"https:\/\/www.radiopiu.net\/wordpress\/wp-content\/uploads\/2024\/10\/Senza-nome-8.png\" data-dt-img-description=\"\" data-large_image_width=\"343\" data-large_image_height=\"303\"><img loading=\"lazy\" decoding=\"async\" class=\"wp-image-412130 alignleft\" src=\"https:\/\/www.radiopiu.net\/wordpress\/wp-content\/uploads\/2024\/10\/Senza-nome-8-300x265.png\" alt=\"\" width=\"105\" height=\"93\" srcset=\"https:\/\/www.radiopiu.net\/wordpress\/wp-content\/uploads\/2024\/10\/Senza-nome-8-300x265.png 300w, https:\/\/www.radiopiu.net\/wordpress\/wp-content\/uploads\/2024\/10\/Senza-nome-8.png 343w\" sizes=\"auto, (max-width: 105px) 100vw, 105px\" \/><\/a><\/span><\/em><strong><em><span style=\"color: #ff0000;\"> LA\u00a0 APP PER IOS-IPHONE di Nicola Vettorello<\/span><\/em><\/strong><\/p>\n<p><strong><span style=\"color: #0000ff;\"><a style=\"color: #0000ff;\" href=\"https:\/\/apps.apple.com\/it\/app\/radio-pi%C3%B9-emittente-agordina\/id1515939845\">https:\/\/apps.apple.com\/it\/app\/radio-pi%C3%B9-emittente-agordina\/id1515939845<\/a><\/span><\/strong><\/p>\n<p><strong><em style=\"color: #ff0000;\">LA\u00a0 APP RADIO\u00a0 PER ANDROID di Nicola Vettorello<\/em><\/strong><\/p>\n<p><strong><span style=\"color: #0000ff;\"><a style=\"color: #0000ff;\" href=\"https:\/\/play.google.com\/store\/apps\/details?id=net.radiopiu.iniko\" target=\"_blank\" rel=\"noopener noreferrer\">https:\/\/<\/a><a style=\"color: #0000ff;\" href=\"https:\/\/play.google.com\/store\/apps\/details?id=net.radiopiu.iniko\" target=\"_blank\" rel=\"noopener noreferrer\">play.google.com\/store\/apps\/details?id=net.radiopiu.iniko\u00a0\u00a0\u00a0\u00a0<\/a><\/span><\/strong><\/p>\n<hr \/>\n<p><span style=\"color: #0000ff;\">\u00a0<\/span><\/p>\n<p>&nbsp;<\/p>\n<blockquote>\n<h1 data-start=\"0\" data-end=\"60\"><strong data-start=\"0\" data-end=\"60\">OGGI SU RADIOPI\u00d9: MUSICA, informazione\u00a0 e dirette\u00a0<\/strong><\/h1>\n<\/blockquote>\n<p class=\"\" data-start=\"62\" data-end=\"463\"><strong><a class=\"dt-pswp-item\" href=\"https:\/\/www.radiopiu.net\/wordpress\/wp-content\/uploads\/2025\/05\/22eca61e-f34e-4db7-b1bc-c2f68ea50692.jpg\" data-dt-img-description=\"\" data-large_image_width=\"1224\" data-large_image_height=\"925\"><img loading=\"lazy\" decoding=\"async\" class=\" wp-image-451622 alignleft\" src=\"https:\/\/www.radiopiu.net\/wordpress\/wp-content\/uploads\/2025\/05\/22eca61e-f34e-4db7-b1bc-c2f68ea50692-300x227.jpg\" alt=\"\" width=\"169\" height=\"128\" srcset=\"https:\/\/www.radiopiu.net\/wordpress\/wp-content\/uploads\/2025\/05\/22eca61e-f34e-4db7-b1bc-c2f68ea50692-300x227.jpg 300w, https:\/\/www.radiopiu.net\/wordpress\/wp-content\/uploads\/2025\/05\/22eca61e-f34e-4db7-b1bc-c2f68ea50692-1024x774.jpg 1024w, https:\/\/www.radiopiu.net\/wordpress\/wp-content\/uploads\/2025\/05\/22eca61e-f34e-4db7-b1bc-c2f68ea50692-768x580.jpg 768w, https:\/\/www.radiopiu.net\/wordpress\/wp-content\/uploads\/2025\/05\/22eca61e-f34e-4db7-b1bc-c2f68ea50692.jpg 1224w\" sizes=\"auto, (max-width: 169px) 100vw, 169px\" \/><\/a><\/strong><span style=\"color: #000000;\"><strong>ALLE 8.05<\/strong> LA RASSEGNA STAMPA LOCALE<strong> 8.25<\/strong>\u00a0 PIU SIAMO <strong>9.00<\/strong> OGGI COME IERI CON SILVIA BALDO GAZ <strong>9.30<\/strong>\u00a0 I RACCONTI DI PAOLO SOPPELSA\u00a0 <strong>\u00a010.30<\/strong> MIRCO DE BONA ALLA RADIO&#8230; PRIMA PUNTATA\u00a0 <strong>12.00<\/strong> IL LISCIO DI MIRCO BENCIVENNI <strong>12.30<\/strong> GR PRINCIPALE <strong>13.20<\/strong> SALUTE E SOCIETA&#8217; CON IL DOTTOR MIRCO CARACCIOLO\u00a0 <strong>15.10<\/strong> PIU MUSICA\u00a0 DI MARINA DONA&#8217; <strong>16 45<\/strong> LE HIT STORICHE DI MIRCO BENCIVENNI <strong>19.05<\/strong> LE ANTICIPAZIONI DAL TG DI ANTENNA 3 DA UN\u2019IDEA DI TIZIANA BOLOGNANI\u00a0<\/span><\/p>\n<p><span style=\"color: #000000;\">L\u2019ESTATE STA ARRIVANDO, LA SQUADRA DI RADIOPIU SI STA ALLENANDO CI VEDIAMO \u201cLIVE\u201d\u00a0 A FELTRE IL 27 GIUGNO\u2026. CON MARCO, MARINA, MORENO, GIANFRANCO, FRANCESCO, ELIA, ALESSIO, LUISA. BRUNELLA E\u2026TANTE SORPRESE, IL 29 E IL 31 RADIO PIU\u2019 CON IL SUO STAFF SARA\u2019 INVECE PRESENTE A MEANO PER DUE SERATE\u2026 DA BALLARE\u00a0 RIGOROSAMENTE IN DIRETTA RADIO\u00a0<\/span><\/p>\n<p>&nbsp;<\/p>\n<p>&nbsp;<\/p>\n<hr \/>\n<p>&nbsp;<\/p>\n<p>&nbsp;<\/p>\n<div class=\"x11i5rnm xat24cr x1mh8g0r x1vvkbs xtlvy1s x126k92a\">\n<div dir=\"auto\">\n<div dir=\"auto\">\n<p><strong><a class=\"dt-pswp-item\" href=\"https:\/\/www.radiopiu.net\/wordpress\/wp-content\/uploads\/2024\/02\/2d44e751-d8a8-461b-8e22-d8e4e853b032.jpg\" data-dt-img-description=\"\" data-large_image_width=\"1600\" data-large_image_height=\"1200\"><img loading=\"lazy\" decoding=\"async\" class=\"wp-image-373307 alignleft\" src=\"https:\/\/www.radiopiu.net\/wordpress\/wp-content\/uploads\/2024\/02\/2d44e751-d8a8-461b-8e22-d8e4e853b032-300x225.jpg\" alt=\"\" width=\"105\" height=\"79\" srcset=\"https:\/\/www.radiopiu.net\/wordpress\/wp-content\/uploads\/2024\/02\/2d44e751-d8a8-461b-8e22-d8e4e853b032-300x225.jpg 300w, https:\/\/www.radiopiu.net\/wordpress\/wp-content\/uploads\/2024\/02\/2d44e751-d8a8-461b-8e22-d8e4e853b032-1024x768.jpg 1024w, https:\/\/www.radiopiu.net\/wordpress\/wp-content\/uploads\/2024\/02\/2d44e751-d8a8-461b-8e22-d8e4e853b032-768x576.jpg 768w, https:\/\/www.radiopiu.net\/wordpress\/wp-content\/uploads\/2024\/02\/2d44e751-d8a8-461b-8e22-d8e4e853b032-1536x1152.jpg 1536w, https:\/\/www.radiopiu.net\/wordpress\/wp-content\/uploads\/2024\/02\/2d44e751-d8a8-461b-8e22-d8e4e853b032.jpg 1600w\" sizes=\"auto, (max-width: 105px) 100vw, 105px\" \/><\/a>EL BAL DEL FIOR, DI GIULIANA DA RONCH, 16 GIUGNO<\/strong><strong>\u00a02025<\/strong><\/p>\n<\/div>\n<\/div>\n<div dir=\"auto\">\n<div dir=\"auto\">\n<p>&nbsp;<\/p>\n<audio class=\"wp-audio-shortcode\" id=\"audio-453827-1\" preload=\"none\" style=\"width: 100%;\" controls=\"controls\"><source type=\"audio\/mpeg\" src=\"https:\/\/www.radiopiu.net\/wordpress\/wp-content\/uploads\/2025\/06\/GLU-3.mp3?_=1\" \/><a href=\"https:\/\/www.radiopiu.net\/wordpress\/wp-content\/uploads\/2025\/06\/GLU-3.mp3\">https:\/\/www.radiopiu.net\/wordpress\/wp-content\/uploads\/2025\/06\/GLU-3.mp3<\/a><\/audio>\n<p>&nbsp;<\/p>\n<hr \/>\n<p>&nbsp;<\/p>\n<p>&nbsp;<\/p>\n<\/div>\n<\/div>\n<\/div>\n<div class=\"x11i5rnm xat24cr x1mh8g0r x1vvkbs xtlvy1s x126k92a\">\n<blockquote>\n<h1><strong><a class=\"dt-pswp-item\" href=\"https:\/\/www.radiopiu.net\/wordpress\/wp-content\/uploads\/2024\/10\/629301fd-708d-4f53-95c2-d28cbefd500f.jpg\" data-dt-img-description=\"\" data-large_image_width=\"1600\" data-large_image_height=\"1322\"><img loading=\"lazy\" decoding=\"async\" class=\"wp-image-413782 alignright\" src=\"https:\/\/www.radiopiu.net\/wordpress\/wp-content\/uploads\/2024\/10\/629301fd-708d-4f53-95c2-d28cbefd500f-300x248.jpg\" alt=\"\" width=\"106\" height=\"88\" srcset=\"https:\/\/www.radiopiu.net\/wordpress\/wp-content\/uploads\/2024\/10\/629301fd-708d-4f53-95c2-d28cbefd500f-300x248.jpg 300w, https:\/\/www.radiopiu.net\/wordpress\/wp-content\/uploads\/2024\/10\/629301fd-708d-4f53-95c2-d28cbefd500f-1024x846.jpg 1024w, https:\/\/www.radiopiu.net\/wordpress\/wp-content\/uploads\/2024\/10\/629301fd-708d-4f53-95c2-d28cbefd500f-768x635.jpg 768w, https:\/\/www.radiopiu.net\/wordpress\/wp-content\/uploads\/2024\/10\/629301fd-708d-4f53-95c2-d28cbefd500f-1536x1269.jpg 1536w, https:\/\/www.radiopiu.net\/wordpress\/wp-content\/uploads\/2024\/10\/629301fd-708d-4f53-95c2-d28cbefd500f.jpg 1600w\" sizes=\"auto, (max-width: 106px) 100vw, 106px\" \/><\/a><\/strong><\/h1>\n<h1><strong><a class=\"dt-pswp-item\" href=\"https:\/\/www.radiopiu.net\/wordpress\/wp-content\/uploads\/2024\/11\/th-18.jpg\" data-dt-img-description=\"\" data-large_image_width=\"156\" data-large_image_height=\"180\"><img loading=\"lazy\" decoding=\"async\" class=\"size-full wp-image-421611 alignleft\" src=\"https:\/\/www.radiopiu.net\/wordpress\/wp-content\/uploads\/2024\/11\/th-18.jpg\" alt=\"\" width=\"156\" height=\"180\" \/><\/a><\/strong><\/h1>\n<h1><strong>N di parom &#8211; L Almanach de la nosta jent<\/strong><\/h1>\n<\/blockquote>\n<p>&nbsp;<\/p>\n<p>Le voci: Davide Conedera, Agordo, Michela Dell&#8217;Osbel, La Valle Agordina Simone Ganz, Falcade Veronica Lezuo, Colle Santa Lucia. La voce nella sigla \u00e8 di Giorgia Taio<\/p>\n<p><strong>LA PUNTATA DI OGGI, 16 GIUGNO 2025<\/strong><\/p>\n<audio class=\"wp-audio-shortcode\" id=\"audio-453827-2\" preload=\"none\" style=\"width: 100%;\" controls=\"controls\"><source type=\"audio\/mpeg\" src=\"https:\/\/www.radiopiu.net\/wordpress\/wp-content\/uploads\/2025\/06\/AL1-2.mp3?_=2\" \/><a href=\"https:\/\/www.radiopiu.net\/wordpress\/wp-content\/uploads\/2025\/06\/AL1-2.mp3\">https:\/\/www.radiopiu.net\/wordpress\/wp-content\/uploads\/2025\/06\/AL1-2.mp3<\/a><\/audio>\n<p>&nbsp;<\/p>\n<p>&nbsp;<\/p>\n<\/div>\n<div class=\"x11i5rnm xat24cr x1mh8g0r x1vvkbs xtlvy1s x126k92a\">\n<div dir=\"auto\">\n<hr \/>\n<\/div>\n<\/div>\n<blockquote>\n<blockquote>\n<h1><span style=\"color: #ff0000;\">\u00a0<\/span><\/h1>\n<h1><span style=\"color: #ff0000;\">I podcast informativi del mattino &#8211; audio &#8211;\u00a0\u00a0<\/span><\/h1>\n<\/blockquote>\n<p><strong><a class=\"dt-pswp-item\" href=\"https:\/\/www.radiopiu.net\/wordpress\/wp-content\/uploads\/2024\/11\/6.jpg\" data-dt-img-description=\"\" data-large_image_width=\"177\" data-large_image_height=\"180\"><img loading=\"lazy\" decoding=\"async\" class=\"size-full wp-image-417911 alignleft\" src=\"https:\/\/www.radiopiu.net\/wordpress\/wp-content\/uploads\/2024\/11\/6.jpg\" alt=\"\" width=\"177\" height=\"180\" \/><\/a>LA RASSEGNA STAMPA NAZIONALE ALLA RADIO, OGNI GIORNO ALLE 5 E ALLE 6 DEL MATTINO <span style=\"color: #0000ff;\">viene pubblicata alle 6.00 <span style=\"color: #ff0000;\">DIRETTA RADIO\u00a0 \u00a0\u00a0<\/span><\/span><\/strong><\/p><\/blockquote>\n<p>&nbsp;<\/p>\n<p><strong>NOTIZIE DELLA NOTTE\u00a0<\/strong><\/p>\n<p><strong>Nyt,<\/strong> arrestato presunto killer di Minneapolis <strong>Taiwan<\/strong>, stretta export sui chip ai colossi cinesi Huawei e Smic<br \/>\n<strong>Attacco Iran<\/strong>, gravi distruzioni in centro e nord di Israele <strong>Von der Leyen<\/strong> chiede soluzione negoziata con Iran<br \/>\n<strong>Nuovo attacco iraniano,<\/strong> forti esplosioni a Tel Aviv <strong>Dazi Usa<\/strong>, trattative in alto mare tra Tokyo e Washington <strong>Frana in Cadore,<\/strong> persone bloccate nelle case <strong>Media,<\/strong> &#8216;Khamenei in bunker sotterraneo a nordest di Teheran<\/p>\n<h1>AUDIO dalle 6 del mattino<\/h1>\n<audio class=\"wp-audio-shortcode\" id=\"audio-453827-3\" preload=\"none\" style=\"width: 100%;\" controls=\"controls\"><source type=\"audio\/mpeg\" src=\"https:\/\/www.radiopiu.net\/wordpress\/wp-content\/uploads\/2025\/06\/GIORNALEDELLESEI-7.mp3?_=3\" \/><a href=\"https:\/\/www.radiopiu.net\/wordpress\/wp-content\/uploads\/2025\/06\/GIORNALEDELLESEI-7.mp3\">https:\/\/www.radiopiu.net\/wordpress\/wp-content\/uploads\/2025\/06\/GIORNALEDELLESEI-7.mp3<\/a><\/audio>\n<p>&nbsp;<\/p>\n<hr \/>\n<p>&nbsp;<\/p>\n<h1 style=\"text-align: center;\"><span style=\"color: #ff0000;\"><a class=\"dt-pswp-item\" href=\"https:\/\/www.radiopiu.net\/wordpress\/wp-content\/uploads\/2024\/11\/7.jpg\" data-dt-img-description=\"\" data-large_image_width=\"180\" data-large_image_height=\"180\"><img loading=\"lazy\" decoding=\"async\" class=\"size-full wp-image-417912 alignleft\" src=\"https:\/\/www.radiopiu.net\/wordpress\/wp-content\/uploads\/2024\/11\/7.jpg\" alt=\"\" width=\"180\" height=\"180\" srcset=\"https:\/\/www.radiopiu.net\/wordpress\/wp-content\/uploads\/2024\/11\/7.jpg 180w, https:\/\/www.radiopiu.net\/wordpress\/wp-content\/uploads\/2024\/11\/7-150x150.jpg 150w\" sizes=\"auto, (max-width: 180px) 100vw, 180px\" \/><\/a>I podcast informativi del mattino &#8211; audio &#8211;\u00a0<\/span><\/h1>\n<p><strong>OGNI GIORNO ALLE SETTE DEL MATTINO, LA RASSEGNA STAMPA LOCALE FLASH&#8230; PER CHI VA IN FRETTA. I TITOLI DAI GIORNALI E DAL SITO WWW.RADIOPIU.NET <span style=\"color: #0000ff;\">viene pubblicato alle 7.00<\/span> <span style=\"color: #ff0000;\">DIRETTA RADIO\u00a0<\/span><\/strong><\/p>\n<p><em><span style=\"color: #ff0000;\">per chi va in fretta&#8230; tante notizie in pochi minuti. L&#8217;informazione locale alla radio, ogni ora dalle 7 del mattino alle 19 della sera.\u00a0\u00a0<\/span><\/em><\/p>\n<p><strong data-start=\"0\" data-end=\"62\">Notizie locali dal Bellunese: tra cronaca, eventi e novit\u00e0<\/strong><\/p>\n<div class=\"flex flex-1 grow basis-auto flex-col overflow-hidden\">\n<div class=\"relative h-full\">\n<div class=\"flex h-full flex-col overflow-y-auto [scrollbar-gutter:stable]\">\n<div class=\"mt-1.5 flex flex-col text-sm @thread-xl\/thread:pt-header-height md:pb-9\">\n<article class=\"group\/turn w-full text-token-text-primary focus-visible:outline-none\" dir=\"auto\" tabindex=\"-1\" data-testid=\"conversation-turn-2\" data-scroll-anchor=\"true\">\n<div class=\"text-base my-auto mx-auto py-5 px-6\">\n<div class=\"mx-auto flex flex-1 text-base gap-4 md:gap-5 lg:gap-6 md:max-w-3xl\">\n<div class=\"group\/conversation-turn relative flex w-full min-w-0 flex-col agent-turn @xs\/thread:px-0 @sm\/thread:px-1.5 @md\/thread:px-4\">\n<div class=\"relative flex-col gap-1 md:gap-3\">\n<div class=\"flex max-w-full flex-col flex-grow\">\n<div class=\"min-h-8 text-message relative flex w-full flex-col items-end gap-2 whitespace-normal break-words text-start [.text-message+&amp;]:mt-5\" dir=\"auto\" data-message-author-role=\"assistant\" data-message-id=\"bff05fc0-dc7c-4ab7-9b20-d3eec753127b\" data-message-model-slug=\"gpt-4o-mini\">\n<div class=\"flex w-full flex-col gap-1 empty:hidden first:pt-[3px]\">\n<div class=\"markdown prose w-full break-words dark:prose-invert dark\">\n<p class=\"\" data-start=\"64\" data-end=\"329\"><em><strong>Radio Pi\u00f9 offre una panoramica sui principali eventi e notizie in provincia di Belluno, accompagnata dalla programmazione radiofonica. Tra le principali notizie<\/strong><\/em><\/p>\n<\/div>\n<\/div>\n<\/div>\n<\/div>\n<\/div>\n<\/div>\n<\/div>\n<\/div>\n<\/article>\n<\/div>\n<\/div>\n<\/div>\n<\/div>\n<h1>AUDIO dalle 7 del mattino<\/h1>\n<audio class=\"wp-audio-shortcode\" id=\"audio-453827-4\" preload=\"none\" style=\"width: 100%;\" controls=\"controls\"><source type=\"audio\/mpeg\" src=\"https:\/\/www.radiopiu.net\/wordpress\/wp-content\/uploads\/2025\/06\/GF07-11.mp3?_=4\" \/><a href=\"https:\/\/www.radiopiu.net\/wordpress\/wp-content\/uploads\/2025\/06\/GF07-11.mp3\">https:\/\/www.radiopiu.net\/wordpress\/wp-content\/uploads\/2025\/06\/GF07-11.mp3<\/a><\/audio>\n<p>&nbsp;<\/p>\n<hr \/>\n<p>&nbsp;<\/p>\n<h1><\/h1>\n<h1 style=\"text-align: center;\"><span style=\"color: #ff0000;\"><a class=\"dt-pswp-item\" href=\"https:\/\/www.radiopiu.net\/wordpress\/wp-content\/uploads\/2024\/11\/th.jpg\" data-dt-img-description=\"\" data-large_image_width=\"148\" data-large_image_height=\"179\"><img loading=\"lazy\" decoding=\"async\" class=\" wp-image-417913 alignleft\" src=\"https:\/\/www.radiopiu.net\/wordpress\/wp-content\/uploads\/2024\/11\/th.jpg\" alt=\"\" width=\"66\" height=\"80\" \/><\/a>I podcast informativi del mattino &#8211; audio &#8211;\u00a0<\/span><\/h1>\n<blockquote><p><strong>GIORNALE RADIO NAZIONALE, EDIZIONE DELLE SETTE <span style=\"color: #0000ff;\">viene pubblicato alle 7.05 <span style=\"color: #ff0000;\">DIRETTA RADIO\u00a0<\/span><\/span><\/strong><\/p><\/blockquote>\n<p><strong>il giornale radionazionale e&#8217; in onda ogni ora, dalle sette del mattino alle venti della sera\u00a0 \u00a0\u00a0<\/strong><\/p>\n<p>&nbsp;<\/p>\n<blockquote>\n<h2><em> <a class=\"dt-pswp-item\" href=\"https:\/\/www.radiopiu.net\/wordpress\/wp-content\/uploads\/2025\/02\/download-7.jpg\" data-dt-img-description=\"\" data-large_image_width=\"211\" data-large_image_height=\"239\"><img loading=\"lazy\" decoding=\"async\" class=\" wp-image-435553 alignleft\" src=\"https:\/\/www.radiopiu.net\/wordpress\/wp-content\/uploads\/2025\/02\/download-7.jpg\" alt=\"\" width=\"186\" height=\"211\" \/><\/a><span style=\"color: #ff0000;\">RADIOPI\u00d9<\/span> \u2013 La voce del territorio, lo sguardo sul Paese.<\/em><\/h2>\n<\/blockquote>\n<p><strong>BOLZANO<\/strong> Un&#8217;auto contromano ha provocato\u00a0 un terribile incidente stradale sull&#8217;autostrada del Brennero con un morto e cinque feriti.<br \/>\nLa vittima \u00e8 un altoatesino 24enne che, per motivi ancora inspiegabili, ha sbagliato senso di marcia immettendosi sull&#8217;A22. Dopo poche centinaia di metri \u00e8 avvenuto lo scontro frontale con la monovolume di una famiglia altoatesina.\u00a0 <strong>AREZZO<\/strong> Le ha staccato la lingua con un morso durante un litigio in piazza, davanti a diversi testimoni. \u00c8 accaduto nella notte ad Arezzo, in piazza Guido Monaco, dove una donna di 29 anni \u00e8 rimasta gravemente ferita dopo essere stata aggredita dal compagno mentre lui cercava di baciarla. <strong>PERUGIA<\/strong> Costretto a subire abusi negli spogliatoi di una piscina di Perugia, in un pomeriggio che invece sarebbe dovuto essere dedicato al divertimento con gli amici. \u00e9 la denuncia di un ragazzino minorenne e sar\u00e0 ora la procura del capoluogo umbro a fare chiarezza su quanto accaduto venerd\u00ec scorso. Sugli accertamenti in corso viene mantenuto il riserbo dalle fonti ufficiali anche tutelare il minorenne e nel fascicolo non ci sarebbe ancora il nome di un sospettato anche perch\u00e9 le indicazioni emerse nelle prime fasi dell&#8217;inchiesta sarebbero piuttosto generiche <strong>BOLZANO<\/strong> Tre omicidi con la stessa atroce dinamica, strangolando e smembrando la vittima per poi nascondere i resti. Due vittime erano compagni della figlia. Per i delitti sta scontando l&#8217;ergastolo in Germania Alfonso Porpora, 61 anni, ma solo ora, a 17 anni di distanza uno dei cold case pi\u00f9 clamorosi dell&#8217;Alto Adige \u00e8 stato collegato all&#8217;uomo di origini siciliane, battezzato dalla stampa tedesca il &#8216;padre-killer di Sontheim&#8217;, ovvero quello del cadavere senza testa, trovato il 21 febbraio 2008 in un cartone lungo l&#8217;autostrada del Brennero, nei pressi di Chiusa. <strong>CAGLIARI<\/strong> Era alla festa in spiaggia Mariano Olla, il 16enne trovato morto, riverso in acqua, a pochi metri dalla riva della spiaggetta del parcheggio Cuore, nell&#8217;arenile tra il porticciolo di Su Siccu e la passeggiata sul mare di Sant&#8217;Elia. Oggi l&#8217;autopsia<\/p>\n<p>&nbsp;<\/p>\n<blockquote>\n<h2><span style=\"color: #ff0000;\">RADIOPI\u00d9<\/span> \u2013 Dalle Dolomiti alla pianura, i fatti che segnano la Regione.<\/h2>\n<\/blockquote>\n<p><strong><a class=\"dt-pswp-item\" href=\"https:\/\/www.radiopiu.net\/wordpress\/wp-content\/uploads\/2025\/02\/download-3.jpg\" data-dt-img-description=\"\" data-large_image_width=\"223\" data-large_image_height=\"226\"><img loading=\"lazy\" decoding=\"async\" class=\"size-full wp-image-434732 alignleft\" src=\"https:\/\/www.radiopiu.net\/wordpress\/wp-content\/uploads\/2025\/02\/download-3.jpg\" alt=\"\" width=\"223\" height=\"226\" \/><\/a><\/strong><\/p>\n<p><strong>\u00a0<\/strong><\/p>\n<p><strong>BORCA DI CADORE<\/strong> Alcune persone sono rimaste bloccate nelle loro case dai detriti della frana che stasera ha interessato la frazione di Cancia di Cadore, invadendo anche la 51 di Alemagna. Lo ha riferito l&#8217;assessore regionale alla Protezione Civile, Gianpaolo Bottacin.La frana \u00e8 avvenuta dopo un violento temporale che ha scaricato in mezz&#8217;ora 50 millimetri di pioggia nella zona.<\/p>\n<p><strong>LIDO ESTENSI<\/strong> Dolore e sgomento all&#8217;indomani della tragica morte di Aymane Ed Dafali, 16enne tuffatosi in acqua ieri pomeriggio per salvare due bagnanti in difficolt\u00e0 ma che poi \u00e8 morto annegato. Il suo gesto eroico rappresenta un esempio di straordinario coraggio e umanit\u00e0 che non deve passare inosservato, n\u00e9 essere dimenticato&#8221; dice l&#8217;assessora all&#8217;istruzione, Lavoro e formazione della Regione Veneto Valeria Mantovan.<\/p>\n<p><strong>JESOLO<\/strong> Un ragazzo do 25 anni, italiano, \u00e8 stato salvato a Jesolo dal rischio di annegamento. Il giovane era entrato in mare all&#8217;altezza della torretta 9 (tra le piazze Mazzini ed Aurora), quando, in punto assolutamente non profondo, si \u00e8 accasciato in acqua, restando inerme.<br \/>\n<strong>PADOVA<\/strong> Una mozione per la difesa dei diritti umani nella Striscia di Gaza \u00e8 stata approvata oggi dal collegio dei docenti del Liceo Artistico Statale &#8220;Pietro Selvatico&#8221; di Padova. \u00a0Dopo aver ricordato che la tutela dei diritti umani \u00e8 un principio universale sancito dalla Dichiarazione del 1948<br \/>\n<strong>VERONA<\/strong> Un 48enne di Sezano \u00e8 morto oggi pomeriggio dopo essere rimasto schiacciato dal trattore che stava guidando mentre lavorava nella campagna vicino alla sua abitazione, nella frazione di Verona in Valpantena. Gli ispettori della Spisal dell&#8217;Ulss 9 Scaligera stanno ricostruendo la dinamica del tragico ribaltamento.<\/p>\n<p>&nbsp;<\/p>\n<h1><span style=\"color: #ff0000;\"><span style=\"color: #0000ff;\">ULTIM&#8217;ORA<\/span> <span style=\"color: #000000;\">AUDIO dalle sette del mattino, ogni ora alla radio EDIZIONE DELLE SETTE<\/span><\/span><\/h1>\n<audio class=\"wp-audio-shortcode\" id=\"audio-453827-5\" preload=\"none\" style=\"width: 100%;\" controls=\"controls\"><source type=\"audio\/mpeg\" src=\"https:\/\/www.radiopiu.net\/wordpress\/wp-content\/uploads\/2025\/06\/giornale07-13.mp3?_=5\" \/><a href=\"https:\/\/www.radiopiu.net\/wordpress\/wp-content\/uploads\/2025\/06\/giornale07-13.mp3\">https:\/\/www.radiopiu.net\/wordpress\/wp-content\/uploads\/2025\/06\/giornale07-13.mp3<\/a><\/audio>\n<p>&nbsp;<\/p>\n<p>&nbsp;<\/p>\n<hr \/>\n<p>&nbsp;<\/p>\n<p>&nbsp;<\/p>\n<h1><span style=\"color: #ff0000;\"><a class=\"dt-pswp-item\" href=\"https:\/\/www.radiopiu.net\/wordpress\/wp-content\/uploads\/2024\/11\/8.jpg\" data-dt-img-description=\"\" data-large_image_width=\"180\" data-large_image_height=\"180\"><img loading=\"lazy\" decoding=\"async\" class=\"size-full wp-image-417910 alignleft\" src=\"https:\/\/www.radiopiu.net\/wordpress\/wp-content\/uploads\/2024\/11\/8.jpg\" alt=\"\" width=\"180\" height=\"180\" srcset=\"https:\/\/www.radiopiu.net\/wordpress\/wp-content\/uploads\/2024\/11\/8.jpg 180w, https:\/\/www.radiopiu.net\/wordpress\/wp-content\/uploads\/2024\/11\/8-150x150.jpg 150w\" sizes=\"auto, (max-width: 180px) 100vw, 180px\" \/><\/a>I podcast informativi del mattino &#8211; video &#8211;\u00a0<\/span><\/h1>\n<h2 style=\"text-align: left;\"><strong>RASSEGNA STAMPA LOCALE, ORE OTTO<\/strong><\/h2>\n<h2><strong> <span style=\"color: #0000ff;\">viene\u00a0 <\/span><\/strong><strong><span style=\"color: #0000ff;\">pubblicata alle 8.05 <span style=\"color: #ff0000;\">DIRETTA RADIO\u00a0 \u00a0<\/span><\/span><\/strong><strong>DI MIRKO MEZZACASA<\/strong><\/h2>\n<h1><span style=\"color: #ff0000;\"><strong>VIDEO\u00a0 \u00a0in diretta AGGIORNAMENTO\u00a0 dalle 8 del mattino\u00a0 \u00a0\u00a0<\/strong><\/span><\/h1>\n<p>&nbsp;<\/p>\n<p>&nbsp;<\/p>\n\n\t\t\t<style type='text\/css'>\n\t\t\t\t#gallery-2 {\n\t\t\t\t\tmargin: auto;\n\t\t\t\t}\n\t\t\t\t#gallery-2 .gallery-item {\n\t\t\t\t\tfloat: left;\n\t\t\t\t\tmargin-top: 10px;\n\t\t\t\t\ttext-align: center;\n\t\t\t\t\twidth: 50%;\n\t\t\t\t}\n\t\t\t\t#gallery-2 img {\n\t\t\t\t\tborder: 2px solid #cfcfcf;\n\t\t\t\t}\n\t\t\t\t#gallery-2 .gallery-caption {\n\t\t\t\t\tmargin-left: 0;\n\t\t\t\t}\n\t\t\t\t\/* see gallery_shortcode() in wp-includes\/media.php *\/\n\t\t\t<\/style>\n\t\t<div id='gallery-2' class='dt-gallery-container gallery galleryid-453827 gallery-columns-2 gallery-size-medium'><dl class='gallery-item'>\n\t\t\t\t<dt class='gallery-icon landscape'>\n\t\t\t\t\t<a class=\"rollover rollover-zoom dt-pswp-item\" title=\"Screenshot 2025-06-16 052136\" data-dt-img-description=\"\" data-large_image_width=\"487\" data-large_image_height=\"337\"href='https:\/\/www.radiopiu.net\/wordpress\/wp-content\/uploads\/2025\/06\/Screenshot-2025-06-16-052136.png'><img loading=\"lazy\" decoding=\"async\" width=\"300\" height=\"208\" src=\"https:\/\/www.radiopiu.net\/wordpress\/wp-content\/uploads\/2025\/06\/Screenshot-2025-06-16-052136-300x208.png\" class=\"attachment-medium size-medium\" alt=\"\" srcset=\"https:\/\/www.radiopiu.net\/wordpress\/wp-content\/uploads\/2025\/06\/Screenshot-2025-06-16-052136-300x208.png 300w, https:\/\/www.radiopiu.net\/wordpress\/wp-content\/uploads\/2025\/06\/Screenshot-2025-06-16-052136.png 487w\" sizes=\"auto, (max-width: 300px) 100vw, 300px\" \/><\/a>\n\t\t\t\t<\/dt><\/dl><dl class='gallery-item'>\n\t\t\t\t<dt class='gallery-icon landscape'>\n\t\t\t\t\t<a class=\"rollover rollover-zoom dt-pswp-item\" title=\"Screenshot 2025-06-16 052117\" data-dt-img-description=\"\" data-large_image_width=\"484\" data-large_image_height=\"255\"href='https:\/\/www.radiopiu.net\/wordpress\/wp-content\/uploads\/2025\/06\/Screenshot-2025-06-16-052117.png'><img loading=\"lazy\" decoding=\"async\" width=\"300\" height=\"158\" src=\"https:\/\/www.radiopiu.net\/wordpress\/wp-content\/uploads\/2025\/06\/Screenshot-2025-06-16-052117-300x158.png\" class=\"attachment-medium size-medium\" alt=\"\" srcset=\"https:\/\/www.radiopiu.net\/wordpress\/wp-content\/uploads\/2025\/06\/Screenshot-2025-06-16-052117-300x158.png 300w, https:\/\/www.radiopiu.net\/wordpress\/wp-content\/uploads\/2025\/06\/Screenshot-2025-06-16-052117.png 484w\" sizes=\"auto, (max-width: 300px) 100vw, 300px\" \/><\/a>\n\t\t\t\t<\/dt><\/dl><br style=\"clear: both\" \/>\n\t\t\t<\/div>\n\n<p><iframe loading=\"lazy\" title=\"DAL 1983 LA RASSEGNA STAMPA LOCALE di mirko mezzacasa. L&#039;ORIGINALE\" width=\"1200\" height=\"675\" src=\"https:\/\/www.youtube.com\/embed\/vzOFePjuCbY?feature=oembed\" frameborder=\"0\" allow=\"accelerometer; autoplay; clipboard-write; encrypted-media; gyroscope; picture-in-picture; web-share\" referrerpolicy=\"strict-origin-when-cross-origin\" allowfullscreen><\/iframe><\/p>\n<hr \/>\n<p>&nbsp;<\/p>\n<p>&nbsp;<\/p>\n<p>&nbsp;<\/p>\n<p><strong><a class=\"dt-pswp-item\" href=\"https:\/\/www.radiopiu.net\/wordpress\/wp-content\/uploads\/2023\/12\/ANTENNA.png\" data-dt-img-description=\"\" data-large_image_width=\"300\" data-large_image_height=\"166\"><img loading=\"lazy\" decoding=\"async\" class=\"wp-image-366306 alignright\" src=\"https:\/\/www.radiopiu.net\/wordpress\/wp-content\/uploads\/2023\/12\/ANTENNA.png\" alt=\"\" width=\"101\" height=\"56\" \/><\/a><a class=\"dt-pswp-item\" href=\"https:\/\/www.radiopiu.net\/wordpress\/wp-content\/uploads\/2024\/11\/th-17.jpg\" data-dt-img-description=\"\" data-large_image_width=\"224\" data-large_image_height=\"180\"><img loading=\"lazy\" decoding=\"async\" class=\" wp-image-421610 alignleft\" src=\"https:\/\/www.radiopiu.net\/wordpress\/wp-content\/uploads\/2024\/11\/th-17.jpg\" alt=\"\" width=\"167\" height=\"134\" \/><\/a>ogni sera alle 19 le anticipazioni alla radio, quello che poi seguirete nel TELEGIORNALE BELLUNESE\u00a0 in onda alle 19.30 sul CANALE 10 del digitale terrestre.\u00a0\u00a0<\/strong><\/p>\n<p><b>\u00a0\u00a0<\/b><\/p>\n<h1><span style=\"color: #ff0000;\"><strong>LE ANTICIPAZIONI DI TIZIANA BOLOGNANI<\/strong><\/span><\/h1>\n<p>&nbsp;<\/p>\n<p>&nbsp;<\/p>\n<p>&nbsp;<\/p>\n<hr \/>\n<p>&nbsp;<\/p>\n<blockquote>\n<h3>LAVORI PROGRAMMATI SIB<\/h3>\n<\/blockquote>\n<p>Servizi Integrati Bellunesi informa che, per lavori alla rete idrica comunale, oggi e domani dalle 8 alle 17 verr\u00e0 sospesa l\u2019erogazione dell\u2019acqua a Rocca Pietore, in Localit\u00e0 Masar\u00e8. In caso di maltempo l&#8217;intervento sar\u00e0 posticipato a domani e mercoled\u00ec.<\/p>\n<p>&nbsp;<\/p>\n<p>&nbsp;<\/p>\n<hr \/>\n<p>&nbsp;<\/p>\n<blockquote>\n<h3>SCIOPERO NAZIONALE DEL 20 GIUGNO: GARANTITE SOLO FASCE ORARIE PROTETTE PER DOLOMITI BUS<\/h3>\n<\/blockquote>\n<p><strong>BELLUNO <\/strong>In occasione dello sciopero nazionale di 24 ore indetto da CUB, SGB e USB per venerd\u00ec 20 giugno 2025, Dolomiti Bus S.p.A. comunica l\u2019adesione all\u2019iniziativa. Saranno garantiti i servizi minimi nelle fasce orarie 5:40\u20138:15 e 16:00\u201319:25. Le corse in partenza prima dell\u2019inizio dello sciopero saranno regolarmente effettuate e proseguiranno fino al capolinea. Tutti i servizi verranno ripristinati regolarmente a partire da sabato 21 giugno.<\/p>\n<p>&nbsp;<\/p>\n<hr \/>\n<p>&nbsp;<\/p>\n<blockquote>\n<p data-start=\"0\" data-end=\"55\"><strong data-start=\"0\" data-end=\"55\"><a class=\"dt-pswp-item\" href=\"https:\/\/www.radiopiu.net\/wordpress\/wp-content\/uploads\/2025\/06\/Screenshot-2025-06-16-051005.png\" data-dt-img-description=\"\" data-large_image_width=\"548\" data-large_image_height=\"280\"><img loading=\"lazy\" decoding=\"async\" class=\" wp-image-454097 alignleft\" src=\"https:\/\/www.radiopiu.net\/wordpress\/wp-content\/uploads\/2025\/06\/Screenshot-2025-06-16-051005-300x153.png\" alt=\"\" width=\"229\" height=\"117\" srcset=\"https:\/\/www.radiopiu.net\/wordpress\/wp-content\/uploads\/2025\/06\/Screenshot-2025-06-16-051005-300x153.png 300w, https:\/\/www.radiopiu.net\/wordpress\/wp-content\/uploads\/2025\/06\/Screenshot-2025-06-16-051005.png 548w\" sizes=\"auto, (max-width: 229px) 100vw, 229px\" \/><\/a>INCIDENTE AL LIDO: QUATTRO GIOVANI BELLUNESI FERITI<\/strong><\/p>\n<\/blockquote>\n<p data-start=\"57\" data-end=\"362\"><strong>JESOLO \u2013<\/strong> Incidente nella notte tra sabato e domenica in via Ca&#8217; Porcia, alle porte del Lido. Una Fiat Tipo con cinque ragazzi bellunesi a bordo \u00e8 uscita di strada autonomamente: quattro ventenni sono rimasti feriti, uno \u00e8 stato portato a Mestre, gli altri a San Don\u00e0 e Jesolo. Illeso il quinto passeggero. La Polizia locale ha elevato sei multe per violazione dell\u2019ordinanza antialcol e sequestrato merce abusiva e droga durante i controlli.<\/p>\n<p data-start=\"0\" data-end=\"76\"><strong data-start=\"0\" data-end=\"76\">\u00a0<\/strong><\/p>\n<p>&nbsp;<\/p>\n<hr \/>\n<p>&nbsp;<\/p>\n<blockquote>\n<h3>ALTRE DUE SCOSSE DI TERREMOTO A TARZO E REVINE LAGO<\/h3>\n<\/blockquote>\n<p><strong>REDAZIONE<\/strong> Dopo le due scosse di terremoto registrate venerd\u00ec a Revine Lago, anche sabato la terra ha tremato vicino al confine con la provincia di Belluno. Alle 11:53 la prima scossa di magnitudo 1.9 a Revine Lago, la seconda scossa poche ore dopo a Tarzo di magnitudo 1.5.<\/p>\n\n\t\t\t<style type='text\/css'>\n\t\t\t\t#gallery-3 {\n\t\t\t\t\tmargin: auto;\n\t\t\t\t}\n\t\t\t\t#gallery-3 .gallery-item {\n\t\t\t\t\tfloat: left;\n\t\t\t\t\tmargin-top: 10px;\n\t\t\t\t\ttext-align: center;\n\t\t\t\t\twidth: 50%;\n\t\t\t\t}\n\t\t\t\t#gallery-3 img {\n\t\t\t\t\tborder: 2px solid #cfcfcf;\n\t\t\t\t}\n\t\t\t\t#gallery-3 .gallery-caption {\n\t\t\t\t\tmargin-left: 0;\n\t\t\t\t}\n\t\t\t\t\/* see gallery_shortcode() in wp-includes\/media.php *\/\n\t\t\t<\/style>\n\t\t<div id='gallery-3' class='dt-gallery-container gallery galleryid-453827 gallery-columns-2 gallery-size-medium'><dl class='gallery-item'>\n\t\t\t\t<dt class='gallery-icon portrait'>\n\t\t\t\t\t<a class=\"rollover rollover-zoom dt-pswp-item\" title=\"c7af0f6f-1f8c-4b2e-a6ce-9fabdadf0a7a\" data-dt-img-description=\"\" data-large_image_width=\"720\" data-large_image_height=\"1600\"href='https:\/\/www.radiopiu.net\/wordpress\/wp-content\/uploads\/2025\/06\/c7af0f6f-1f8c-4b2e-a6ce-9fabdadf0a7a.jpg'><img loading=\"lazy\" decoding=\"async\" width=\"135\" height=\"300\" src=\"https:\/\/www.radiopiu.net\/wordpress\/wp-content\/uploads\/2025\/06\/c7af0f6f-1f8c-4b2e-a6ce-9fabdadf0a7a-135x300.jpg\" class=\"attachment-medium size-medium\" alt=\"\" srcset=\"https:\/\/www.radiopiu.net\/wordpress\/wp-content\/uploads\/2025\/06\/c7af0f6f-1f8c-4b2e-a6ce-9fabdadf0a7a-135x300.jpg 135w, https:\/\/www.radiopiu.net\/wordpress\/wp-content\/uploads\/2025\/06\/c7af0f6f-1f8c-4b2e-a6ce-9fabdadf0a7a-461x1024.jpg 461w, https:\/\/www.radiopiu.net\/wordpress\/wp-content\/uploads\/2025\/06\/c7af0f6f-1f8c-4b2e-a6ce-9fabdadf0a7a-691x1536.jpg 691w, https:\/\/www.radiopiu.net\/wordpress\/wp-content\/uploads\/2025\/06\/c7af0f6f-1f8c-4b2e-a6ce-9fabdadf0a7a.jpg 720w\" sizes=\"auto, (max-width: 135px) 100vw, 135px\" \/><\/a>\n\t\t\t\t<\/dt><\/dl><dl class='gallery-item'>\n\t\t\t\t<dt class='gallery-icon portrait'>\n\t\t\t\t\t<a class=\"rollover rollover-zoom dt-pswp-item\" title=\"ead1c4fb-c04a-4232-a803-ecd9e06ee01f\" data-dt-img-description=\"\" data-large_image_width=\"1179\" data-large_image_height=\"1510\"href='https:\/\/www.radiopiu.net\/wordpress\/wp-content\/uploads\/2025\/06\/ead1c4fb-c04a-4232-a803-ecd9e06ee01f.jpg'><img loading=\"lazy\" decoding=\"async\" width=\"234\" height=\"300\" src=\"https:\/\/www.radiopiu.net\/wordpress\/wp-content\/uploads\/2025\/06\/ead1c4fb-c04a-4232-a803-ecd9e06ee01f-234x300.jpg\" class=\"attachment-medium size-medium\" alt=\"\" srcset=\"https:\/\/www.radiopiu.net\/wordpress\/wp-content\/uploads\/2025\/06\/ead1c4fb-c04a-4232-a803-ecd9e06ee01f-234x300.jpg 234w, https:\/\/www.radiopiu.net\/wordpress\/wp-content\/uploads\/2025\/06\/ead1c4fb-c04a-4232-a803-ecd9e06ee01f-800x1024.jpg 800w, https:\/\/www.radiopiu.net\/wordpress\/wp-content\/uploads\/2025\/06\/ead1c4fb-c04a-4232-a803-ecd9e06ee01f-768x984.jpg 768w, https:\/\/www.radiopiu.net\/wordpress\/wp-content\/uploads\/2025\/06\/ead1c4fb-c04a-4232-a803-ecd9e06ee01f.jpg 1179w\" sizes=\"auto, (max-width: 234px) 100vw, 234px\" \/><\/a>\n\t\t\t\t<\/dt><\/dl><br style=\"clear: both\" \/>\n\t\t\t<\/div>\n\n<blockquote>\n<p data-start=\"0\" data-end=\"89\"><strong data-start=\"0\" data-end=\"89\">\u00a0\u00a0<\/strong><\/p>\n<hr \/>\n<p data-start=\"0\" data-end=\"89\"><strong data-start=\"0\" data-end=\"89\">\u00a0<\/strong><\/p>\n<p data-start=\"0\" data-end=\"89\"><strong data-start=\"0\" data-end=\"89\">ATTENZIONE AL FIORINO BIANCO: PRESUNTO ARROTINO TENTA TRUFFE AGLI ANZIANI IN COMELICO<\/strong><\/p>\n<\/blockquote>\n<p data-start=\"91\" data-end=\"548\"><strong>COMELICO<\/strong> \u2013 Un fiorino bianco con a bordo un presunto arrotino si aggira in Comelico, fermandosi da anziani e chiedendo cifre esorbitanti per piccoli lavori. L\u2019allarme arriva dal sindaco di Danta, Thomas Menia Corbanese, dopo segnalazioni dai Carabinieri e da cittadini. Il mezzo \u00e8 stato visto a Mare di San Pietro e Casamazzagno. Nessuna truffa consumata finora, ma il rischio \u00e8 concreto. Il sindaco invita a segnalare subito ogni movimento sospetto al 112.<\/p>\n<p>&nbsp;<\/p>\n<hr \/>\n<p>&nbsp;<\/p>\n<p>&nbsp;<\/p>\n<blockquote>\n<h3>ESCURSIONISTI TROVANO UN CORPO GRAZIE AL CANE FEDELE CHE LI GUIDA SUL LUOGO DELLA TRAGEDIA<\/h3>\n<\/blockquote>\n<p><strong><a class=\"dt-pswp-item\" href=\"https:\/\/www.radiopiu.net\/wordpress\/wp-content\/uploads\/2022\/04\/soccorso-alpino-1024x602-1.jpg\" data-dt-img-description=\"\" data-large_image_width=\"1024\" data-large_image_height=\"602\"><img loading=\"lazy\" decoding=\"async\" class=\" wp-image-270917 alignleft\" src=\"https:\/\/www.radiopiu.net\/wordpress\/wp-content\/uploads\/2022\/04\/soccorso-alpino-1024x602-1-300x176.jpg\" alt=\"\" width=\"213\" height=\"125\" srcset=\"https:\/\/www.radiopiu.net\/wordpress\/wp-content\/uploads\/2022\/04\/soccorso-alpino-1024x602-1-300x176.jpg 300w, https:\/\/www.radiopiu.net\/wordpress\/wp-content\/uploads\/2022\/04\/soccorso-alpino-1024x602-1-768x452.jpg 768w, https:\/\/www.radiopiu.net\/wordpress\/wp-content\/uploads\/2022\/04\/soccorso-alpino-1024x602-1.jpg 1024w\" sizes=\"auto, (max-width: 213px) 100vw, 213px\" \/><\/a>CHIES D&#8217;ALPAGO<\/strong> \u00c8 stato il suo cane, che gli \u00e8 rimasto vicino, a guidare due escursionisti verso il corpo senza vita del padrone. Verso le 14.30 di ieri due ragazzi che stavano percorrendo l&#8217;anello del Guslon sul sentiero 924 A hanno visto venire loro incontro un cane nero, che poi si \u00e8 girato e li ha condotti verso un prato poco distante, dove riverso a terra si trovava il corpo di un uomo (al momento non sono note le generalit\u00e0), l\u00ec quasi sicuramente gi\u00e0 da un po&#8217; di tempo. Scattato l&#8217;allarme, una squadra del Soccorso alpino dell&#8217;Alpago si \u00e8 avvicinata in jeep per poi proseguire a piedi. Sul posto assieme ai soccorritori &#8211; in diretto contatto con i Carabinieri &#8211; \u00e8 arrivato l&#8217;equipaggio dell&#8217;elicottero del Suem di Pieve di Cadore. La salma \u00e8 stata trasportata nella cella mortuaria di Chies, mentre la squadra ha riportato con s\u00e9 il cane, per affidarlo ai Carabinieri, risaliti in seguito, attraverso il suo cellulare, all&#8217;identit\u00e0 dell&#8217;uomo, morto probabilmente a causa di un malore.<\/p>\n<p>&nbsp;<\/p>\n<p>&nbsp;<\/p>\n<p data-start=\"0\" data-end=\"83\"><strong data-start=\"0\" data-end=\"83\">MALORI E INFORTUNI IN MONTAGNA: GIORNATA DI SUPER LAVORO PER IL SOCCORSO ALPINO<\/strong><\/p>\n<p data-start=\"85\" data-end=\"553\"><strong>BELLUNO<\/strong> \u2013 Escursionisti feriti, malori e operazioni delicate per il Soccorso alpino e l\u2019elicottero del Suem, impegnati tutto il giorno sulle Dolomiti. A Plan Bo\u00e8 un ciclista 38enne \u00e8 caduto e si \u00e8 ferito al volto; una 70enne ceca ha perso i sensi sul sentiero per Forcella Lavaredo. A Rifugio Padova, una giovane incinta ha avuto un malore: il Soccorso alpino ha scortato l\u2019ambulanza. Recuperi anche a Falzarego e al Rifugio Citt\u00e0 di Fiume per altri due escursionisti.<\/p>\n<p data-start=\"85\" data-end=\"553\">\n<blockquote>\n<h3>VALLE DI SAN LUCANO: 75ENNE FERITO SUL CANALE DELLA BESAUSEGA, SOCCORSO E TRASPORTATO ALL\u2019OSPEDALE<\/h3>\n<\/blockquote>\n<p><strong><a class=\"dt-pswp-item\" href=\"https:\/\/www.radiopiu.net\/wordpress\/wp-content\/uploads\/2024\/01\/dcb8358e-da6f-4ee1-98dc-45178186d55f.jpg\" data-dt-img-description=\"\" data-large_image_width=\"2048\" data-large_image_height=\"1536\"><img loading=\"lazy\" decoding=\"async\" class=\" wp-image-368298 alignleft\" src=\"https:\/\/www.radiopiu.net\/wordpress\/wp-content\/uploads\/2024\/01\/dcb8358e-da6f-4ee1-98dc-45178186d55f-300x225.jpg\" alt=\"\" width=\"207\" height=\"155\" srcset=\"https:\/\/www.radiopiu.net\/wordpress\/wp-content\/uploads\/2024\/01\/dcb8358e-da6f-4ee1-98dc-45178186d55f-300x225.jpg 300w, https:\/\/www.radiopiu.net\/wordpress\/wp-content\/uploads\/2024\/01\/dcb8358e-da6f-4ee1-98dc-45178186d55f-1024x768.jpg 1024w, https:\/\/www.radiopiu.net\/wordpress\/wp-content\/uploads\/2024\/01\/dcb8358e-da6f-4ee1-98dc-45178186d55f-768x576.jpg 768w, https:\/\/www.radiopiu.net\/wordpress\/wp-content\/uploads\/2024\/01\/dcb8358e-da6f-4ee1-98dc-45178186d55f-1536x1152.jpg 1536w, https:\/\/www.radiopiu.net\/wordpress\/wp-content\/uploads\/2024\/01\/dcb8358e-da6f-4ee1-98dc-45178186d55f.jpg 2048w\" sizes=\"auto, (max-width: 207px) 100vw, 207px\" \/><\/a>REDAZIONE <\/strong>Mattinata di sabato intensa per il Soccorso alpino bellunese, impegnato in tre diversi interventi. A Taibon Agordino, una squadra del Soccorso alpino di Agordo ha prestato assistenza a un 75enne di Belluno, caduto mentre risaliva il Canale della Besausega per fotografare i lanci con tuta alare. L\u2019uomo, contuso, \u00e8 riuscito a raggiungere da solo la strada sottostante, dove \u00e8 stato intercettato dai soccorritori e accompagnato all\u2019ospedale di Agordo. Ad Auronzo di Cadore, tre giovani inglesi (due 21enni e un ventenne) sono rimasti bloccati sulle Marmarole, fuori dal sentiero 280, tra il Bivacco Musetti e il Voltolina. Dopo una prima assistenza telefonica e un tentativo di rientro, hanno richiesto nuovamente aiuto per la presenza di neve e l\u2019assenza di attrezzatura adeguata. Sono stati recuperati con l\u2019elicottero dell\u2019Air Service Center e trasportati a Palus San Marco. Infine, nei pressi del Rifugio Padon a Rocca Pietore, un\u2019escursionista 74enne di Udine si \u00e8 infortunato a una gamba. Raggiunto in jeep dal Soccorso alpino della Val Pettorina, \u00e8 stato accompagnato a valle.<\/p>\n<p>&nbsp;<\/p>\n<p>&nbsp;<\/p>\n<hr \/>\n<p>&nbsp;<\/p>\n<blockquote>\n<h3>TRAUMA A BELLUNO: 19ENNE TRASPORTATA A TREVISO CON L\u2019ELISOCCORSO<\/h3>\n<\/blockquote>\n<p><strong><a class=\"dt-pswp-item\" href=\"https:\/\/www.radiopiu.net\/wordpress\/wp-content\/uploads\/2024\/08\/SALT-1.jpg\" data-dt-img-description=\"\" data-large_image_width=\"1772\" data-large_image_height=\"1178\"><img loading=\"lazy\" decoding=\"async\" class=\" wp-image-406547 alignleft\" src=\"https:\/\/www.radiopiu.net\/wordpress\/wp-content\/uploads\/2024\/08\/SALT-1-300x199.jpg\" alt=\"\" width=\"194\" height=\"129\" srcset=\"https:\/\/www.radiopiu.net\/wordpress\/wp-content\/uploads\/2024\/08\/SALT-1-300x199.jpg 300w, https:\/\/www.radiopiu.net\/wordpress\/wp-content\/uploads\/2024\/08\/SALT-1-1024x681.jpg 1024w, https:\/\/www.radiopiu.net\/wordpress\/wp-content\/uploads\/2024\/08\/SALT-1-768x511.jpg 768w, https:\/\/www.radiopiu.net\/wordpress\/wp-content\/uploads\/2024\/08\/SALT-1-1536x1021.jpg 1536w, https:\/\/www.radiopiu.net\/wordpress\/wp-content\/uploads\/2024\/08\/SALT-1.jpg 1772w\" sizes=\"auto, (max-width: 194px) 100vw, 194px\" \/><\/a>REDAZIONE<\/strong> Si chiude con quattro interventi il sabato del Suem 118 con il personale sanitario impegnato su pi\u00f9 fronti. Il primo intervento si \u00e8 registrato alle 10:29 a Belluno, dove una diciannovenne residente in citt\u00e0 \u00e8 rimasta coinvolta in un trauma di media gravit\u00e0. Sul posto \u00e8 intervenuta l\u2019ambulanza, supportata dall\u2019elisoccorso Leone 1, che ha trasferito la giovane all\u2019ospedale di Treviso. Pochi minuti dopo, alle 10:32 a Cortina, un uomo di 42 anni originario di Padova \u00e8 rimasto ferito in un altro episodio traumatico. L\u2019uomo \u00e8 stato soccorso sul posto e trasportato in ambulanza all\u2019ospedale di Belluno. Un ulteriore intervento ha avuto luogo alle 11:28 a Sappada, dove un uomo di 38 anni, residente a Belluno, \u00e8 stato soccorso per un trauma e trasferito all\u2019ospedale di Belluno con l\u2019elisoccorso Falco. Nel pomeriggio, alle 16:52 a Cortina d\u2019Ampezzo, il SUEM \u00e8 intervenuto in favore di due escursionisti illesi di nazionalit\u00e0 francese. Anche in questo caso \u00e8 stato utilizzato l\u2019elicottero Falco, operante nella zona dolomitica.<\/p>\n<p>&nbsp;<\/p>\n<p>&nbsp;<\/p>\n<hr \/>\n<p>&nbsp;<\/p>\n<blockquote>\n<h3>CICLISTA 38ENNE CADE SULLA PISTA VICINO AL RIFUGIO PLAN BO\u00c8: INTERVIENE IL SOCCORSO ALPINO DI LIVINALLONGO<\/h3>\n<\/blockquote>\n<p><strong><a class=\"dt-pswp-item\" href=\"https:\/\/www.radiopiu.net\/wordpress\/wp-content\/uploads\/2024\/12\/DSC00809-scaled.jpg\" data-dt-img-description=\"\" data-large_image_width=\"2560\" data-large_image_height=\"1707\"><img loading=\"lazy\" decoding=\"async\" class=\" wp-image-424550 alignleft\" src=\"https:\/\/www.radiopiu.net\/wordpress\/wp-content\/uploads\/2024\/12\/DSC00809-300x200.jpg\" alt=\"\" width=\"221\" height=\"147\" srcset=\"https:\/\/www.radiopiu.net\/wordpress\/wp-content\/uploads\/2024\/12\/DSC00809-300x200.jpg 300w, https:\/\/www.radiopiu.net\/wordpress\/wp-content\/uploads\/2024\/12\/DSC00809-1024x683.jpg 1024w, https:\/\/www.radiopiu.net\/wordpress\/wp-content\/uploads\/2024\/12\/DSC00809-768x512.jpg 768w, https:\/\/www.radiopiu.net\/wordpress\/wp-content\/uploads\/2024\/12\/DSC00809-1536x1024.jpg 1536w, https:\/\/www.radiopiu.net\/wordpress\/wp-content\/uploads\/2024\/12\/DSC00809-2048x1365.jpg 2048w\" sizes=\"auto, (max-width: 221px) 100vw, 221px\" \/><\/a>REDAZIONE <\/strong>Numerosi gli interventi del Soccorso alpino questa domenica sulle montagne bellunesi. A Livinallongo, un 38enne di Brunico \u00e8 caduto in mountain bike nei pressi del Rifugio Plan Bo\u00e8, riportando un trauma al volto: soccorso e trasportato all\u2019ambulanza. A Cortina, una turista ceca di 70 anni ha perso i sensi sul sentiero tra il Rifugio Lavaredo e Forcella Lavaredo ed \u00e8 stata elitrasportata all\u2019ospedale di Belluno. Sempre a Cortina, un alpinista 28enne di Bolzano si \u00e8 infortunato a un piede sulla via di rientro dalla Torre Piccola di Falzarego: recuperato in elicottero. A Domegge, una 26enne incinta ha avuto un malore al Rifugio Padova: soccorsa con l\u2019assistenza del Soccorso alpino. Infine, a Borca di Cadore, una 24enne della Repubblica Ceca con un sospetto trauma alla caviglia \u00e8 stata recuperata al Rifugio Citt\u00e0 di Fiume e accompagnata a valle.<\/p>\n<p>&nbsp;<\/p>\n<p>&nbsp;<\/p>\n<hr \/>\n<p>&nbsp;<\/p>\n<blockquote>\n<h3>FRANA DALLA CRODA MARCORA, NUBE DI POLVERE SULLA SS51<\/h3>\n<\/blockquote>\n<p><strong>SAN VITO DI CADORE <\/strong>Nel pomeriggio di sabato 14 giugno, intorno alle ore 17, un distacco di materiale roccioso dalla Croda Marcora, nel gruppo del Sorapiss, ha generato una densa nube di polvere che ha temporaneamente invaso la Strada Statale 51 nel comune di San Vito di Cadore. Sul posto sono immediatamente intervenute squadre dei Vigili del Fuoco del distaccamento di Cortina, del distaccamento volontario di San Vito, supportate da personale SAPR (Sistema Aeromobile a Pilotaggio Remoto) e da un funzionario tecnico per valutazioni specialistiche. Fortunatamente, non si registrano feriti o dispersi. I primi rilievi hanno confermato che il materiale franato non ha raggiunto direttamente la sede stradale, che \u00e8 rimasta agibile, anche se invasa per breve tempo dalla polvere sollevata dal crollo.<\/p>\n\n\t\t\t<style type='text\/css'>\n\t\t\t\t#gallery-4 {\n\t\t\t\t\tmargin: auto;\n\t\t\t\t}\n\t\t\t\t#gallery-4 .gallery-item {\n\t\t\t\t\tfloat: left;\n\t\t\t\t\tmargin-top: 10px;\n\t\t\t\t\ttext-align: center;\n\t\t\t\t\twidth: 25%;\n\t\t\t\t}\n\t\t\t\t#gallery-4 img {\n\t\t\t\t\tborder: 2px solid #cfcfcf;\n\t\t\t\t}\n\t\t\t\t#gallery-4 .gallery-caption {\n\t\t\t\t\tmargin-left: 0;\n\t\t\t\t}\n\t\t\t\t\/* see gallery_shortcode() in wp-includes\/media.php *\/\n\t\t\t<\/style>\n\t\t<div id='gallery-4' class='dt-gallery-container gallery galleryid-453827 gallery-columns-4 gallery-size-medium'><dl class='gallery-item'>\n\t\t\t\t<dt class='gallery-icon landscape'>\n\t\t\t\t\t<a class=\"rollover rollover-zoom dt-pswp-item\" title=\"fc525534-1072-4492-894c-3f865270a168\" data-dt-img-description=\"\" data-large_image_width=\"1280\" data-large_image_height=\"720\"href='https:\/\/www.radiopiu.net\/wordpress\/wp-content\/uploads\/2025\/06\/fc525534-1072-4492-894c-3f865270a168.jpg'><img loading=\"lazy\" decoding=\"async\" width=\"300\" height=\"169\" src=\"https:\/\/www.radiopiu.net\/wordpress\/wp-content\/uploads\/2025\/06\/fc525534-1072-4492-894c-3f865270a168-300x169.jpg\" class=\"attachment-medium size-medium\" alt=\"\" srcset=\"https:\/\/www.radiopiu.net\/wordpress\/wp-content\/uploads\/2025\/06\/fc525534-1072-4492-894c-3f865270a168-300x169.jpg 300w, https:\/\/www.radiopiu.net\/wordpress\/wp-content\/uploads\/2025\/06\/fc525534-1072-4492-894c-3f865270a168-1024x576.jpg 1024w, https:\/\/www.radiopiu.net\/wordpress\/wp-content\/uploads\/2025\/06\/fc525534-1072-4492-894c-3f865270a168-768x432.jpg 768w, https:\/\/www.radiopiu.net\/wordpress\/wp-content\/uploads\/2025\/06\/fc525534-1072-4492-894c-3f865270a168.jpg 1280w\" sizes=\"auto, (max-width: 300px) 100vw, 300px\" \/><\/a>\n\t\t\t\t<\/dt><\/dl><dl class='gallery-item'>\n\t\t\t\t<dt class='gallery-icon landscape'>\n\t\t\t\t\t<a class=\"rollover rollover-zoom dt-pswp-item\" title=\"f4d9b31f-a5eb-4a5b-b726-8e155816e066\" data-dt-img-description=\"\" data-large_image_width=\"1280\" data-large_image_height=\"721\"href='https:\/\/www.radiopiu.net\/wordpress\/wp-content\/uploads\/2025\/06\/f4d9b31f-a5eb-4a5b-b726-8e155816e066.jpg'><img loading=\"lazy\" decoding=\"async\" width=\"300\" height=\"169\" src=\"https:\/\/www.radiopiu.net\/wordpress\/wp-content\/uploads\/2025\/06\/f4d9b31f-a5eb-4a5b-b726-8e155816e066-300x169.jpg\" class=\"attachment-medium size-medium\" alt=\"\" srcset=\"https:\/\/www.radiopiu.net\/wordpress\/wp-content\/uploads\/2025\/06\/f4d9b31f-a5eb-4a5b-b726-8e155816e066-300x169.jpg 300w, https:\/\/www.radiopiu.net\/wordpress\/wp-content\/uploads\/2025\/06\/f4d9b31f-a5eb-4a5b-b726-8e155816e066-1024x577.jpg 1024w, https:\/\/www.radiopiu.net\/wordpress\/wp-content\/uploads\/2025\/06\/f4d9b31f-a5eb-4a5b-b726-8e155816e066-768x433.jpg 768w, https:\/\/www.radiopiu.net\/wordpress\/wp-content\/uploads\/2025\/06\/f4d9b31f-a5eb-4a5b-b726-8e155816e066.jpg 1280w\" sizes=\"auto, (max-width: 300px) 100vw, 300px\" \/><\/a>\n\t\t\t\t<\/dt><\/dl><dl class='gallery-item'>\n\t\t\t\t<dt class='gallery-icon landscape'>\n\t\t\t\t\t<a class=\"rollover rollover-zoom dt-pswp-item\" title=\"b175a9f6-b692-47eb-bdab-b9699229ab1a\" data-dt-img-description=\"\" data-large_image_width=\"1280\" data-large_image_height=\"721\"href='https:\/\/www.radiopiu.net\/wordpress\/wp-content\/uploads\/2025\/06\/b175a9f6-b692-47eb-bdab-b9699229ab1a.jpg'><img loading=\"lazy\" decoding=\"async\" width=\"300\" height=\"169\" src=\"https:\/\/www.radiopiu.net\/wordpress\/wp-content\/uploads\/2025\/06\/b175a9f6-b692-47eb-bdab-b9699229ab1a-300x169.jpg\" class=\"attachment-medium size-medium\" alt=\"\" srcset=\"https:\/\/www.radiopiu.net\/wordpress\/wp-content\/uploads\/2025\/06\/b175a9f6-b692-47eb-bdab-b9699229ab1a-300x169.jpg 300w, https:\/\/www.radiopiu.net\/wordpress\/wp-content\/uploads\/2025\/06\/b175a9f6-b692-47eb-bdab-b9699229ab1a-1024x577.jpg 1024w, https:\/\/www.radiopiu.net\/wordpress\/wp-content\/uploads\/2025\/06\/b175a9f6-b692-47eb-bdab-b9699229ab1a-768x433.jpg 768w, https:\/\/www.radiopiu.net\/wordpress\/wp-content\/uploads\/2025\/06\/b175a9f6-b692-47eb-bdab-b9699229ab1a.jpg 1280w\" sizes=\"auto, (max-width: 300px) 100vw, 300px\" \/><\/a>\n\t\t\t\t<\/dt><\/dl><dl class='gallery-item'>\n\t\t\t\t<dt class='gallery-icon landscape'>\n\t\t\t\t\t<a class=\"rollover rollover-zoom dt-pswp-item\" title=\"23b47921-6ff3-47f0-a5e5-ea9087760074\" data-dt-img-description=\"\" data-large_image_width=\"1280\" data-large_image_height=\"720\"href='https:\/\/www.radiopiu.net\/wordpress\/wp-content\/uploads\/2025\/06\/23b47921-6ff3-47f0-a5e5-ea9087760074.jpg'><img loading=\"lazy\" decoding=\"async\" width=\"300\" height=\"169\" src=\"https:\/\/www.radiopiu.net\/wordpress\/wp-content\/uploads\/2025\/06\/23b47921-6ff3-47f0-a5e5-ea9087760074-300x169.jpg\" class=\"attachment-medium size-medium\" alt=\"\" srcset=\"https:\/\/www.radiopiu.net\/wordpress\/wp-content\/uploads\/2025\/06\/23b47921-6ff3-47f0-a5e5-ea9087760074-300x169.jpg 300w, https:\/\/www.radiopiu.net\/wordpress\/wp-content\/uploads\/2025\/06\/23b47921-6ff3-47f0-a5e5-ea9087760074-1024x576.jpg 1024w, https:\/\/www.radiopiu.net\/wordpress\/wp-content\/uploads\/2025\/06\/23b47921-6ff3-47f0-a5e5-ea9087760074-768x432.jpg 768w, https:\/\/www.radiopiu.net\/wordpress\/wp-content\/uploads\/2025\/06\/23b47921-6ff3-47f0-a5e5-ea9087760074.jpg 1280w\" sizes=\"auto, (max-width: 300px) 100vw, 300px\" \/><\/a>\n\t\t\t\t<\/dt><\/dl><br style=\"clear: both\" \/>\n\t\t\t<\/div>\n\n<p><strong>IL VIDEO CONDIVISO SU TELEGRAM IN VPB &#8211; VIABILITA&#8217; PROVINCIA DI BELLUNO<\/strong><\/p>\n<div style=\"width: 848px;\" class=\"wp-video\"><video class=\"wp-video-shortcode\" id=\"video-453827-1\" width=\"848\" height=\"480\" preload=\"metadata\" controls=\"controls\"><source type=\"video\/mp4\" src=\"https:\/\/www.radiopiu.net\/wordpress\/wp-content\/uploads\/2025\/06\/WhatsApp-Video-2025-06-14-at-17.34.49.mp4?_=1\" \/><a href=\"https:\/\/www.radiopiu.net\/wordpress\/wp-content\/uploads\/2025\/06\/WhatsApp-Video-2025-06-14-at-17.34.49.mp4\">https:\/\/www.radiopiu.net\/wordpress\/wp-content\/uploads\/2025\/06\/WhatsApp-Video-2025-06-14-at-17.34.49.mp4<\/a><\/video><\/div>\n<p>&nbsp;<\/p>\n<p>&nbsp;<\/p>\n<p>&nbsp;<\/p>\n<hr \/>\n<p>&nbsp;<\/p>\n<blockquote>\n<h3>INCIDENTE TRA BELLUNO E PONTE NELLE ALPI<\/h3>\n<\/blockquote>\n<p><strong>PONTE NELLE ALPI <\/strong>Incidente stradale sabato tra Ponte Nelle Alpi e Belluno. Sul posto il personale del Suem 118 arrivato con l&#8217;ambulanza. Arrivato anche l&#8217;elicottero Falco. Presenti le Forze dell&#8217;Ordine per gestire il traffico e i Vigili del Fuoco per la messa in sicurezza della strada.<\/p>\n<div style=\"width: 1200px;\" class=\"wp-video\"><video class=\"wp-video-shortcode\" id=\"video-453827-2\" width=\"1200\" height=\"675\" preload=\"metadata\" controls=\"controls\"><source type=\"video\/mp4\" src=\"https:\/\/www.radiopiu.net\/wordpress\/wp-content\/uploads\/2025\/06\/WhatsApp-Video-2025-06-14-at-11.53.33.mp4?_=2\" \/><a href=\"https:\/\/www.radiopiu.net\/wordpress\/wp-content\/uploads\/2025\/06\/WhatsApp-Video-2025-06-14-at-11.53.33.mp4\">https:\/\/www.radiopiu.net\/wordpress\/wp-content\/uploads\/2025\/06\/WhatsApp-Video-2025-06-14-at-11.53.33.mp4<\/a><\/video><\/div>\n<p>&nbsp;<\/p>\n\n\t\t\t<style type='text\/css'>\n\t\t\t\t#gallery-5 {\n\t\t\t\t\tmargin: auto;\n\t\t\t\t}\n\t\t\t\t#gallery-5 .gallery-item {\n\t\t\t\t\tfloat: left;\n\t\t\t\t\tmargin-top: 10px;\n\t\t\t\t\ttext-align: center;\n\t\t\t\t\twidth: 50%;\n\t\t\t\t}\n\t\t\t\t#gallery-5 img {\n\t\t\t\t\tborder: 2px solid #cfcfcf;\n\t\t\t\t}\n\t\t\t\t#gallery-5 .gallery-caption {\n\t\t\t\t\tmargin-left: 0;\n\t\t\t\t}\n\t\t\t\t\/* see gallery_shortcode() in wp-includes\/media.php *\/\n\t\t\t<\/style>\n\t\t<div id='gallery-5' class='dt-gallery-container gallery galleryid-453827 gallery-columns-2 gallery-size-medium'><dl class='gallery-item'>\n\t\t\t\t<dt class='gallery-icon landscape'>\n\t\t\t\t\t<a class=\"rollover rollover-zoom dt-pswp-item\" title=\"Screenshot\" data-dt-img-description=\"\" data-large_image_width=\"1354\" data-large_image_height=\"814\"href='https:\/\/www.radiopiu.net\/wordpress\/wp-content\/uploads\/2025\/06\/SCR-20250614-ktux.jpeg'><img loading=\"lazy\" decoding=\"async\" width=\"300\" height=\"180\" src=\"https:\/\/www.radiopiu.net\/wordpress\/wp-content\/uploads\/2025\/06\/SCR-20250614-ktux-300x180.jpeg\" class=\"attachment-medium size-medium\" alt=\"\" srcset=\"https:\/\/www.radiopiu.net\/wordpress\/wp-content\/uploads\/2025\/06\/SCR-20250614-ktux-300x180.jpeg 300w, https:\/\/www.radiopiu.net\/wordpress\/wp-content\/uploads\/2025\/06\/SCR-20250614-ktux-1024x616.jpeg 1024w, https:\/\/www.radiopiu.net\/wordpress\/wp-content\/uploads\/2025\/06\/SCR-20250614-ktux-768x462.jpeg 768w, https:\/\/www.radiopiu.net\/wordpress\/wp-content\/uploads\/2025\/06\/SCR-20250614-ktux.jpeg 1354w\" sizes=\"auto, (max-width: 300px) 100vw, 300px\" \/><\/a>\n\t\t\t\t<\/dt><\/dl><dl class='gallery-item'>\n\t\t\t\t<dt class='gallery-icon landscape'>\n\t\t\t\t\t<a class=\"rollover rollover-zoom dt-pswp-item\" title=\"fa5a54dc-33ef-482a-9115-62df10c1f107\" data-dt-img-description=\"\" data-large_image_width=\"2040\" data-large_image_height=\"1536\"href='https:\/\/www.radiopiu.net\/wordpress\/wp-content\/uploads\/2025\/06\/fa5a54dc-33ef-482a-9115-62df10c1f107.jpg'><img loading=\"lazy\" decoding=\"async\" width=\"300\" height=\"226\" src=\"https:\/\/www.radiopiu.net\/wordpress\/wp-content\/uploads\/2025\/06\/fa5a54dc-33ef-482a-9115-62df10c1f107-300x226.jpg\" class=\"attachment-medium size-medium\" alt=\"\" srcset=\"https:\/\/www.radiopiu.net\/wordpress\/wp-content\/uploads\/2025\/06\/fa5a54dc-33ef-482a-9115-62df10c1f107-300x226.jpg 300w, https:\/\/www.radiopiu.net\/wordpress\/wp-content\/uploads\/2025\/06\/fa5a54dc-33ef-482a-9115-62df10c1f107-1024x771.jpg 1024w, https:\/\/www.radiopiu.net\/wordpress\/wp-content\/uploads\/2025\/06\/fa5a54dc-33ef-482a-9115-62df10c1f107-768x578.jpg 768w, https:\/\/www.radiopiu.net\/wordpress\/wp-content\/uploads\/2025\/06\/fa5a54dc-33ef-482a-9115-62df10c1f107-1536x1157.jpg 1536w, https:\/\/www.radiopiu.net\/wordpress\/wp-content\/uploads\/2025\/06\/fa5a54dc-33ef-482a-9115-62df10c1f107.jpg 2040w\" sizes=\"auto, (max-width: 300px) 100vw, 300px\" \/><\/a>\n\t\t\t\t<\/dt><\/dl><br style=\"clear: both\" \/>\n\t\t\t<\/div>\n\n<p>&nbsp;<\/p>\n<hr \/>\n<p>&nbsp;<\/p>\n<blockquote>\n<h3>DUE COREANI COINVOLTI NELL&#8217;INCIDENTE DI SAN VITO DI CADORE<\/h3>\n<\/blockquote>\n<p><strong>SAN VITO DI CADORE <\/strong>Un incidente stradale si \u00e8 verificato ieri nei pressi del centro abitato di San Vito, coinvolgendo due turisti di nazionalit\u00e0 coreana, un uomo di 57 anni e una donna di 50. L\u2019allarme \u00e8 scattato poco dopo le 16:30, quando \u00e8 stato richiesto l\u2019intervento dei soccorsi. Sul posto sono giunte tempestivamente due ambulanze e l\u2019elicottero del Suem di Pieve di Cadore, Falco. I due occupanti del veicolo sono stati estratti dall\u2019abitacolo e stabilizzati sul posto. Le loro condizioni, pur non essendo critiche, sono state giudicate di media gravit\u00e0. L\u2019uomo \u00e8 stato trasportato all\u2019ospedale di Pieve di Cadore, mentre la donna \u00e8 stata trasferita in elicottero all\u2019ospedale di Bolzano per accertamenti pi\u00f9 approfonditi.<\/p>\n<p>&nbsp;<\/p>\n<hr \/>\n<p>&nbsp;<\/p>\n<blockquote>\n<p data-start=\"0\" data-end=\"89\"><strong data-start=\"0\" data-end=\"87\">SAN GREGORIO NELLE ALPI: A FUOCO L\u2019IMPIANTO FOTOVOLTAICO DEL MOBILIFICIO DALLA ROSA<\/strong><\/p>\n<\/blockquote>\n<p data-start=\"91\" data-end=\"293\">Incendio sul tetto del mobilificio Dalla Rosa a Paderno: in fiamme l\u2019impianto fotovoltaico. Danneggiati diversi pannelli, ma grazie all\u2019intervento tempestivo dei vigili del fuoco il capannone \u00e8 salvo.<\/p>\n<p>&nbsp;<\/p>\n<hr \/>\n<p>&nbsp;<\/p>\n<blockquote>\n<h3>FULMINE INCENDIA IL BOSCO SUL MONTE PERALORA: INTERVENTO AEREO IN VALLE DEL MIS<\/h3>\n<\/blockquote>\n<p><strong>SOSPIROLO\u00a0 <\/strong>Un incendio boschivo \u00e8 stato segnalato nel pomeriggio di sabato 14 giugno in Valle del Mis, sul monte Peralora, in una zona impervia e non accessibile via terra. L\u2019origine del rogo sarebbe riconducibile alla caduta di un fulmine, probabilmente innescato dai temporali che hanno interessato l\u2019area. Vista l\u2019inaccessibilit\u00e0 del luogo, \u00e8 stato immediatamente attivato l\u2019elicottero antincendio regionale, con base a Sospirolo, dotato di DOS (Direttore Operazioni di Spegnimento) a bordo, per coordinare l\u2019intervento dall\u2019alto. Ieri alle 19 il Direttore delle Operazioni di Spegnimento (DOS) di Belluno ha richiesto l\u2019attivazione dell\u2019elicottero regionale al fine di monitorare dall\u2019alto l\u2019eventuale presenza di focolai ancora attivi.<\/p>\n\n\t\t\t<style type='text\/css'>\n\t\t\t\t#gallery-6 {\n\t\t\t\t\tmargin: auto;\n\t\t\t\t}\n\t\t\t\t#gallery-6 .gallery-item {\n\t\t\t\t\tfloat: left;\n\t\t\t\t\tmargin-top: 10px;\n\t\t\t\t\ttext-align: center;\n\t\t\t\t\twidth: 33%;\n\t\t\t\t}\n\t\t\t\t#gallery-6 img {\n\t\t\t\t\tborder: 2px solid #cfcfcf;\n\t\t\t\t}\n\t\t\t\t#gallery-6 .gallery-caption {\n\t\t\t\t\tmargin-left: 0;\n\t\t\t\t}\n\t\t\t\t\/* see gallery_shortcode() in wp-includes\/media.php *\/\n\t\t\t<\/style>\n\t\t<div id='gallery-6' class='dt-gallery-container gallery galleryid-453827 gallery-columns-3 gallery-size-medium'><dl class='gallery-item'>\n\t\t\t\t<dt class='gallery-icon portrait'>\n\t\t\t\t\t<a class=\"rollover rollover-zoom dt-pswp-item\" title=\"13027c46-533c-41ba-8d8e-59fd62776c87\" data-dt-img-description=\"\" data-large_image_width=\"1536\" data-large_image_height=\"2048\"href='https:\/\/www.radiopiu.net\/wordpress\/wp-content\/uploads\/2025\/06\/13027c46-533c-41ba-8d8e-59fd62776c87.jpg'><img loading=\"lazy\" decoding=\"async\" width=\"225\" height=\"300\" src=\"https:\/\/www.radiopiu.net\/wordpress\/wp-content\/uploads\/2025\/06\/13027c46-533c-41ba-8d8e-59fd62776c87-225x300.jpg\" class=\"attachment-medium size-medium\" alt=\"\" srcset=\"https:\/\/www.radiopiu.net\/wordpress\/wp-content\/uploads\/2025\/06\/13027c46-533c-41ba-8d8e-59fd62776c87-225x300.jpg 225w, https:\/\/www.radiopiu.net\/wordpress\/wp-content\/uploads\/2025\/06\/13027c46-533c-41ba-8d8e-59fd62776c87-768x1024.jpg 768w, https:\/\/www.radiopiu.net\/wordpress\/wp-content\/uploads\/2025\/06\/13027c46-533c-41ba-8d8e-59fd62776c87-1152x1536.jpg 1152w, https:\/\/www.radiopiu.net\/wordpress\/wp-content\/uploads\/2025\/06\/13027c46-533c-41ba-8d8e-59fd62776c87.jpg 1536w\" sizes=\"auto, (max-width: 225px) 100vw, 225px\" \/><\/a>\n\t\t\t\t<\/dt><\/dl><dl class='gallery-item'>\n\t\t\t\t<dt class='gallery-icon portrait'>\n\t\t\t\t\t<a class=\"rollover rollover-zoom dt-pswp-item\" title=\"1f7d8706-2d96-4123-ae83-816a05380f4c\" data-dt-img-description=\"\" data-large_image_width=\"1200\" data-large_image_height=\"1600\"href='https:\/\/www.radiopiu.net\/wordpress\/wp-content\/uploads\/2025\/06\/1f7d8706-2d96-4123-ae83-816a05380f4c.jpg'><img loading=\"lazy\" decoding=\"async\" width=\"225\" height=\"300\" src=\"https:\/\/www.radiopiu.net\/wordpress\/wp-content\/uploads\/2025\/06\/1f7d8706-2d96-4123-ae83-816a05380f4c-225x300.jpg\" class=\"attachment-medium size-medium\" alt=\"\" srcset=\"https:\/\/www.radiopiu.net\/wordpress\/wp-content\/uploads\/2025\/06\/1f7d8706-2d96-4123-ae83-816a05380f4c-225x300.jpg 225w, https:\/\/www.radiopiu.net\/wordpress\/wp-content\/uploads\/2025\/06\/1f7d8706-2d96-4123-ae83-816a05380f4c-768x1024.jpg 768w, https:\/\/www.radiopiu.net\/wordpress\/wp-content\/uploads\/2025\/06\/1f7d8706-2d96-4123-ae83-816a05380f4c-1152x1536.jpg 1152w, https:\/\/www.radiopiu.net\/wordpress\/wp-content\/uploads\/2025\/06\/1f7d8706-2d96-4123-ae83-816a05380f4c.jpg 1200w\" sizes=\"auto, (max-width: 225px) 100vw, 225px\" \/><\/a>\n\t\t\t\t<\/dt><\/dl><dl class='gallery-item'>\n\t\t\t\t<dt class='gallery-icon portrait'>\n\t\t\t\t\t<a class=\"rollover rollover-zoom dt-pswp-item\" title=\"14dd8241-eedb-4f9b-89d6-b423f1a83ad2\" data-dt-img-description=\"\" data-large_image_width=\"1200\" data-large_image_height=\"1600\"href='https:\/\/www.radiopiu.net\/wordpress\/wp-content\/uploads\/2025\/06\/14dd8241-eedb-4f9b-89d6-b423f1a83ad2.jpg'><img loading=\"lazy\" decoding=\"async\" width=\"225\" height=\"300\" src=\"https:\/\/www.radiopiu.net\/wordpress\/wp-content\/uploads\/2025\/06\/14dd8241-eedb-4f9b-89d6-b423f1a83ad2-225x300.jpg\" class=\"attachment-medium size-medium\" alt=\"\" srcset=\"https:\/\/www.radiopiu.net\/wordpress\/wp-content\/uploads\/2025\/06\/14dd8241-eedb-4f9b-89d6-b423f1a83ad2-225x300.jpg 225w, https:\/\/www.radiopiu.net\/wordpress\/wp-content\/uploads\/2025\/06\/14dd8241-eedb-4f9b-89d6-b423f1a83ad2-768x1024.jpg 768w, https:\/\/www.radiopiu.net\/wordpress\/wp-content\/uploads\/2025\/06\/14dd8241-eedb-4f9b-89d6-b423f1a83ad2-1152x1536.jpg 1152w, https:\/\/www.radiopiu.net\/wordpress\/wp-content\/uploads\/2025\/06\/14dd8241-eedb-4f9b-89d6-b423f1a83ad2.jpg 1200w\" sizes=\"auto, (max-width: 225px) 100vw, 225px\" \/><\/a>\n\t\t\t\t<\/dt><\/dl><br style=\"clear: both\" \/>\n\t\t\t<\/div>\n\n<p><strong>LE FOTO DI MANUEL CONEDERA<\/strong><\/p>\n\n\t\t\t<style type='text\/css'>\n\t\t\t\t#gallery-7 {\n\t\t\t\t\tmargin: auto;\n\t\t\t\t}\n\t\t\t\t#gallery-7 .gallery-item {\n\t\t\t\t\tfloat: left;\n\t\t\t\t\tmargin-top: 10px;\n\t\t\t\t\ttext-align: center;\n\t\t\t\t\twidth: 33%;\n\t\t\t\t}\n\t\t\t\t#gallery-7 img {\n\t\t\t\t\tborder: 2px solid #cfcfcf;\n\t\t\t\t}\n\t\t\t\t#gallery-7 .gallery-caption {\n\t\t\t\t\tmargin-left: 0;\n\t\t\t\t}\n\t\t\t\t\/* see gallery_shortcode() in wp-includes\/media.php *\/\n\t\t\t<\/style>\n\t\t<div id='gallery-7' class='dt-gallery-container gallery galleryid-453827 gallery-columns-3 gallery-size-thumbnail'><dl class='gallery-item'>\n\t\t\t\t<dt class='gallery-icon landscape'>\n\t\t\t\t\t<a class=\"rollover rollover-zoom dt-pswp-item\" title=\"WhatsApp Image 2025-06-15 at 01.02.48 (1)\" data-dt-img-description=\"\" data-large_image_width=\"1600\" data-large_image_height=\"1069\"href='https:\/\/www.radiopiu.net\/wordpress\/wp-content\/uploads\/2025\/06\/WhatsApp-Image-2025-06-15-at-01.02.48-1.jpeg'><img loading=\"lazy\" decoding=\"async\" width=\"150\" height=\"150\" src=\"https:\/\/www.radiopiu.net\/wordpress\/wp-content\/uploads\/2025\/06\/WhatsApp-Image-2025-06-15-at-01.02.48-1-150x150.jpeg\" class=\"attachment-thumbnail size-thumbnail\" alt=\"\" \/><\/a>\n\t\t\t\t<\/dt><\/dl><dl class='gallery-item'>\n\t\t\t\t<dt class='gallery-icon portrait'>\n\t\t\t\t\t<a class=\"rollover rollover-zoom dt-pswp-item\" title=\"WhatsApp Image 2025-06-15 at 01.02.48\" data-dt-img-description=\"\" data-large_image_width=\"1069\" data-large_image_height=\"1600\"href='https:\/\/www.radiopiu.net\/wordpress\/wp-content\/uploads\/2025\/06\/WhatsApp-Image-2025-06-15-at-01.02.48.jpeg'><img loading=\"lazy\" decoding=\"async\" width=\"150\" height=\"150\" src=\"https:\/\/www.radiopiu.net\/wordpress\/wp-content\/uploads\/2025\/06\/WhatsApp-Image-2025-06-15-at-01.02.48-150x150.jpeg\" class=\"attachment-thumbnail size-thumbnail\" alt=\"\" \/><\/a>\n\t\t\t\t<\/dt><\/dl><dl class='gallery-item'>\n\t\t\t\t<dt class='gallery-icon landscape'>\n\t\t\t\t\t<a class=\"rollover rollover-zoom dt-pswp-item\" title=\"WhatsApp Image 2025-06-15 at 01.02.47 (1)\" data-dt-img-description=\"\" data-large_image_width=\"1600\" data-large_image_height=\"1069\"href='https:\/\/www.radiopiu.net\/wordpress\/wp-content\/uploads\/2025\/06\/WhatsApp-Image-2025-06-15-at-01.02.47-1.jpeg'><img loading=\"lazy\" decoding=\"async\" width=\"150\" height=\"150\" src=\"https:\/\/www.radiopiu.net\/wordpress\/wp-content\/uploads\/2025\/06\/WhatsApp-Image-2025-06-15-at-01.02.47-1-150x150.jpeg\" class=\"attachment-thumbnail size-thumbnail\" alt=\"\" \/><\/a>\n\t\t\t\t<\/dt><\/dl><br style=\"clear: both\" \/><dl class='gallery-item'>\n\t\t\t\t<dt class='gallery-icon portrait'>\n\t\t\t\t\t<a class=\"rollover rollover-zoom dt-pswp-item\" title=\"WhatsApp Image 2025-06-15 at 01.02.47\" data-dt-img-description=\"\" data-large_image_width=\"1069\" data-large_image_height=\"1600\"href='https:\/\/www.radiopiu.net\/wordpress\/wp-content\/uploads\/2025\/06\/WhatsApp-Image-2025-06-15-at-01.02.47.jpeg'><img loading=\"lazy\" decoding=\"async\" width=\"150\" height=\"150\" src=\"https:\/\/www.radiopiu.net\/wordpress\/wp-content\/uploads\/2025\/06\/WhatsApp-Image-2025-06-15-at-01.02.47-150x150.jpeg\" class=\"attachment-thumbnail size-thumbnail\" alt=\"\" \/><\/a>\n\t\t\t\t<\/dt><\/dl><dl class='gallery-item'>\n\t\t\t\t<dt class='gallery-icon portrait'>\n\t\t\t\t\t<a class=\"rollover rollover-zoom dt-pswp-item\" title=\"WhatsApp Image 2025-06-15 at 01.02.46 (1)\" data-dt-img-description=\"\" data-large_image_width=\"1069\" data-large_image_height=\"1600\"href='https:\/\/www.radiopiu.net\/wordpress\/wp-content\/uploads\/2025\/06\/WhatsApp-Image-2025-06-15-at-01.02.46-1.jpeg'><img loading=\"lazy\" decoding=\"async\" width=\"150\" height=\"150\" src=\"https:\/\/www.radiopiu.net\/wordpress\/wp-content\/uploads\/2025\/06\/WhatsApp-Image-2025-06-15-at-01.02.46-1-150x150.jpeg\" class=\"attachment-thumbnail size-thumbnail\" alt=\"\" \/><\/a>\n\t\t\t\t<\/dt><\/dl><dl class='gallery-item'>\n\t\t\t\t<dt class='gallery-icon landscape'>\n\t\t\t\t\t<a class=\"rollover rollover-zoom dt-pswp-item\" title=\"WhatsApp Image 2025-06-15 at 01.02.46\" data-dt-img-description=\"\" data-large_image_width=\"1600\" data-large_image_height=\"1069\"href='https:\/\/www.radiopiu.net\/wordpress\/wp-content\/uploads\/2025\/06\/WhatsApp-Image-2025-06-15-at-01.02.46.jpeg'><img loading=\"lazy\" decoding=\"async\" width=\"150\" height=\"150\" src=\"https:\/\/www.radiopiu.net\/wordpress\/wp-content\/uploads\/2025\/06\/WhatsApp-Image-2025-06-15-at-01.02.46-150x150.jpeg\" class=\"attachment-thumbnail size-thumbnail\" alt=\"\" \/><\/a>\n\t\t\t\t<\/dt><\/dl><br style=\"clear: both\" \/>\n\t\t\t<\/div>\n\n<p>&nbsp;<\/p>\n<hr \/>\n<p>&nbsp;<\/p>\n<blockquote>\n<h3>BILANCIO CONSUNTIVO 2024: ATTIVIT\u00c0, RISORSE E PROSPETTIVE DELLA CROCE VERDE VAL BIOIS<\/h3>\n<\/blockquote>\n<p><strong><a class=\"dt-pswp-item\" href=\"https:\/\/www.radiopiu.net\/wordpress\/wp-content\/uploads\/2024\/03\/salt-croce-verde-val-biois-2.jpg\" data-dt-img-description=\"\" data-large_image_width=\"2048\" data-large_image_height=\"1536\"><img loading=\"lazy\" decoding=\"async\" class=\" wp-image-380540 alignleft\" src=\"https:\/\/www.radiopiu.net\/wordpress\/wp-content\/uploads\/2024\/03\/salt-croce-verde-val-biois-2-300x225.jpg\" alt=\"\" width=\"208\" height=\"156\" srcset=\"https:\/\/www.radiopiu.net\/wordpress\/wp-content\/uploads\/2024\/03\/salt-croce-verde-val-biois-2-300x225.jpg 300w, https:\/\/www.radiopiu.net\/wordpress\/wp-content\/uploads\/2024\/03\/salt-croce-verde-val-biois-2-1024x768.jpg 1024w, https:\/\/www.radiopiu.net\/wordpress\/wp-content\/uploads\/2024\/03\/salt-croce-verde-val-biois-2-768x576.jpg 768w, https:\/\/www.radiopiu.net\/wordpress\/wp-content\/uploads\/2024\/03\/salt-croce-verde-val-biois-2-1536x1152.jpg 1536w, https:\/\/www.radiopiu.net\/wordpress\/wp-content\/uploads\/2024\/03\/salt-croce-verde-val-biois-2.jpg 2048w\" sizes=\"auto, (max-width: 208px) 100vw, 208px\" \/><\/a>FALCADE<\/strong> Nel 2024 la Croce Verde Val Biois O.D.V., regolarmente iscritta al RUNTS e accreditata presso la Regione Veneto, ha garantito un servizio h24 di primo soccorso grazie alla convenzione con AULSS 1 Dolomiti. Ha inoltre fornito trasporto ammalati e partecipato attivamente a iniziative formative, con nuovi corsi per volontari e aggiornamenti professionali. Il parco mezzi comprende tre ambulanze operative e una sede funzionale a Falcade, con autorimessa a Canale d\u2019Agordo. L\u2019organico ha incluso personale dipendente e volontario, supportato da un infermiere libero professionista. La corretta compilazione delle schede viaggio \u00e8 stata evidenziata come cruciale per la rendicontazione. Nel 2024 si sono effettuati investimenti in attrezzature e migliorie strutturali, per un totale impiegato di oltre \u20ac 23.000 provenienti dal 5&#215;1000, da donazioni private e da contributi pubblici. I mezzi e i materiali sono mantenuti in efficienza grazie a responsabili dedicati. L&#8217;associazione chiude l\u2019anno con 78 volontari e ringrazia chi ha concluso il servizio per l\u2019impegno dimostrato. La nuova sede resta oggetto di interventi futuri.<\/p>\n<p><strong>LA RELAZIONE COMPLETA (15 PAGINE)<\/strong><\/p>\n<a href=\"https:\/\/www.radiopiu.net\/wordpress\/wp-content\/uploads\/2025\/06\/Relazione-al-bilancio-2024.pdf\" class=\"pdfemb-viewer\" style=\"\" data-width=\"max\" data-height=\"max\" data-toolbar=\"top\" data-toolbar-fixed=\"on\">Relazione al bilancio 2024<\/a>\n<p>&nbsp;<\/p>\n<hr \/>\n<p><strong data-start=\"0\" data-end=\"91\">\u00a0<\/strong><\/p>\n<blockquote>\n<h3>GRANFONDO SPORTFUL DOLOMITI RACE 2024: SICUREZZA E COLLABORAZIONE AL CENTRO DELL\u2019EVENTO<\/h3>\n<\/blockquote>\n<p><strong><a class=\"dt-pswp-item\" href=\"https:\/\/www.radiopiu.net\/wordpress\/wp-content\/uploads\/2022\/05\/POLIZIA-2.jpg\" data-dt-img-description=\"\" data-large_image_width=\"1920\" data-large_image_height=\"1080\"><img loading=\"lazy\" decoding=\"async\" class=\" wp-image-278033 alignleft\" src=\"https:\/\/www.radiopiu.net\/wordpress\/wp-content\/uploads\/2022\/05\/POLIZIA-2-300x169.jpg\" alt=\"\" width=\"170\" height=\"96\" srcset=\"https:\/\/www.radiopiu.net\/wordpress\/wp-content\/uploads\/2022\/05\/POLIZIA-2-300x169.jpg 300w, https:\/\/www.radiopiu.net\/wordpress\/wp-content\/uploads\/2022\/05\/POLIZIA-2-1024x576.jpg 1024w, https:\/\/www.radiopiu.net\/wordpress\/wp-content\/uploads\/2022\/05\/POLIZIA-2-768x432.jpg 768w, https:\/\/www.radiopiu.net\/wordpress\/wp-content\/uploads\/2022\/05\/POLIZIA-2-1536x864.jpg 1536w, https:\/\/www.radiopiu.net\/wordpress\/wp-content\/uploads\/2022\/05\/POLIZIA-2.jpg 1920w\" sizes=\"auto, (max-width: 170px) 100vw, 170px\" \/><\/a>BELLUNO <\/strong>Ieri si \u00e8 svolta a Feltre la 30\u00aa edizione della Sportful Dolomiti Race, storica granfondo che ha visto la partecipazione di oltre 4.000 ciclisti lungo un percorso di 200 km tra i pi\u00f9 celebri passi dolomitici. Il Questore, in accordo con gli organizzatori, ha predisposto un dispositivo di sicurezza rafforzato, volto a tutelare gli atleti e a limitare i disagi per la circolazione. Fondamentale il contributo della Polizia Stradale, dei Carabinieri, della Guardia di Finanza, delle Polizie Locali e di oltre 200 volontari.<\/p>\n<p>&nbsp;<\/p>\n<p>&nbsp;<\/p>\n<hr \/>\n<p>&nbsp;<\/p>\n<blockquote>\n<h3>INAUGURATO A DANTA DI CADORE UN NUOVO DEFIBRILLATORE PER LA SICUREZZA SPORTIVA<\/h3>\n<\/blockquote>\n<p><strong>DANTA DI CADORE <\/strong>Sabato 7 giugno, a Danta di Cadore \u00e8 stato inaugurato un nuovo defibrillatore semiautomatico presso l\u2019area sportiva, durante l\u2019evento \u201cIo socCORRO!\u201d promosso dalla sezione locale dell\u2019Abvs con il supporto del Coordinamento provinciale, del Comune e dell\u2019A.C. Danta. L\u2019iniziativa ha unito informazione, gioco e sensibilizzazione, valorizzando la salute e la donazione di sangue. Il dispositivo \u00e8 stato acquistato grazie a una sinergia tra Abvs provinciale e locale, amministrazione comunale e associazione sportiva. Il sindaco Thomas Menia Corbanese ha evidenziato l\u2019importanza del lavoro congiunto per la sicurezza della comunit\u00e0. Presenti anche attivit\u00e0 educative per i giovani, come \u201cFiabilas\u201d, e momenti formativi per gli adulti, con dimostrazioni pratiche di primo soccorso. Il nuovo defibrillatore, facilmente accessibile, rafforza la sicurezza dell\u2019area sportiva, colmando una distanza critica rispetto al dispositivo gi\u00e0 presente in municipio.<\/p>\n\n\t\t\t<style type='text\/css'>\n\t\t\t\t#gallery-8 {\n\t\t\t\t\tmargin: auto;\n\t\t\t\t}\n\t\t\t\t#gallery-8 .gallery-item {\n\t\t\t\t\tfloat: left;\n\t\t\t\t\tmargin-top: 10px;\n\t\t\t\t\ttext-align: center;\n\t\t\t\t\twidth: 50%;\n\t\t\t\t}\n\t\t\t\t#gallery-8 img {\n\t\t\t\t\tborder: 2px solid #cfcfcf;\n\t\t\t\t}\n\t\t\t\t#gallery-8 .gallery-caption {\n\t\t\t\t\tmargin-left: 0;\n\t\t\t\t}\n\t\t\t\t\/* see gallery_shortcode() in wp-includes\/media.php *\/\n\t\t\t<\/style>\n\t\t<div id='gallery-8' class='dt-gallery-container gallery galleryid-453827 gallery-columns-2 gallery-size-medium'><dl class='gallery-item'>\n\t\t\t\t<dt class='gallery-icon landscape'>\n\t\t\t\t\t<a class=\"rollover rollover-zoom dt-pswp-item\" title=\"la manifestazione\" data-dt-img-description=\"\" data-large_image_width=\"653\" data-large_image_height=\"564\"href='https:\/\/www.radiopiu.net\/wordpress\/wp-content\/uploads\/2025\/06\/la-manifestazione.jpg'><img loading=\"lazy\" decoding=\"async\" width=\"300\" height=\"259\" src=\"https:\/\/www.radiopiu.net\/wordpress\/wp-content\/uploads\/2025\/06\/la-manifestazione-300x259.jpg\" class=\"attachment-medium size-medium\" alt=\"\" srcset=\"https:\/\/www.radiopiu.net\/wordpress\/wp-content\/uploads\/2025\/06\/la-manifestazione-300x259.jpg 300w, https:\/\/www.radiopiu.net\/wordpress\/wp-content\/uploads\/2025\/06\/la-manifestazione.jpg 653w\" sizes=\"auto, (max-width: 300px) 100vw, 300px\" \/><\/a>\n\t\t\t\t<\/dt><\/dl><dl class='gallery-item'>\n\t\t\t\t<dt class='gallery-icon landscape'>\n\t\t\t\t\t<a class=\"rollover rollover-zoom dt-pswp-item\" title=\"gli organizzatori e le autorita\u0300\" data-dt-img-description=\"\" data-large_image_width=\"854\" data-large_image_height=\"610\"href='https:\/\/www.radiopiu.net\/wordpress\/wp-content\/uploads\/2025\/06\/gli-organizzatori-e-le-autorita.jpg'><img loading=\"lazy\" decoding=\"async\" width=\"300\" height=\"214\" src=\"https:\/\/www.radiopiu.net\/wordpress\/wp-content\/uploads\/2025\/06\/gli-organizzatori-e-le-autorita-300x214.jpg\" class=\"attachment-medium size-medium\" alt=\"\" srcset=\"https:\/\/www.radiopiu.net\/wordpress\/wp-content\/uploads\/2025\/06\/gli-organizzatori-e-le-autorita-300x214.jpg 300w, https:\/\/www.radiopiu.net\/wordpress\/wp-content\/uploads\/2025\/06\/gli-organizzatori-e-le-autorita-768x549.jpg 768w, https:\/\/www.radiopiu.net\/wordpress\/wp-content\/uploads\/2025\/06\/gli-organizzatori-e-le-autorita.jpg 854w\" sizes=\"auto, (max-width: 300px) 100vw, 300px\" \/><\/a>\n\t\t\t\t<\/dt><\/dl><br style=\"clear: both\" \/>\n\t\t\t<\/div>\n\n<p>&nbsp;<\/p>\n<hr \/>\n<p>&nbsp;<\/p>\n<blockquote>\n<h3>LUNEDI\u2019 E\u2019 IL TAX DAY: I VENETI DARANNO ALL\u2019ERARIO 3,9 MILIARDI. ALTRI 1,5 ENTRO IL 30 GIUGNO<\/h3>\n<\/blockquote>\n<p><a class=\"dt-pswp-item\" href=\"https:\/\/www.radiopiu.net\/wordpress\/wp-content\/uploads\/2025\/06\/20250614135643.png\" data-dt-img-description=\"\" data-large_image_width=\"526\" data-large_image_height=\"400\"><img loading=\"lazy\" decoding=\"async\" class=\"size-medium wp-image-453894 alignleft\" src=\"https:\/\/www.radiopiu.net\/wordpress\/wp-content\/uploads\/2025\/06\/20250614135643-300x228.png\" alt=\"\" width=\"300\" height=\"228\" srcset=\"https:\/\/www.radiopiu.net\/wordpress\/wp-content\/uploads\/2025\/06\/20250614135643-300x228.png 300w, https:\/\/www.radiopiu.net\/wordpress\/wp-content\/uploads\/2025\/06\/20250614135643.png 526w\" sizes=\"auto, (max-width: 300px) 100vw, 300px\" \/><\/a>E\u2019 in arrivo il primo ingorgo fiscale dell\u2019anno. Anche se, in teoria, venerd\u00ec scorso abbiamo celebrato il giorno di liberazione fiscale, la realt\u00e0, purtroppo, \u00e8 molto diversa e tutt\u2019altro che rassicurante. Entro luned\u00ec prossimo, infatti, i contribuenti veneti saranno chiamati a versare all\u2019erario 3,9 miliardi di euro in tasse. Un importo, quest\u2019ultimo, che secondo l\u2019Ufficio studi della CGIA \u00e8 certamente sottodimensionato, poich\u00e9 non include il valore economico dei contributi previdenziali che dovranno essere pagati dalle imprese e dai lavoratori autonomi. In sostanza, tra soli due giorni, questa importante responsabilit\u00e0 fiscale si concretizzer\u00e0 senza possibilit\u00e0 di sconto. Considerando poi la cronica carenza di liquidit\u00e0 che affligge soprattutto il mondo delle piccole aziende, molti imprenditori veneti hanno cerchiato sul calendario con il pennarello rosso sia il 16 che il 30 giugno: due scadenze fiscali che mettono \u201cpaura\u201d e fanno \u201ctremare\u201d chiunque abbia a cuore la propria attivit\u00e0.<\/p>\n<p>Entro dopodomani, infatti, i titolari di impresa veneti saranno chiamati a versare all\u2019erario almeno 3 miliardi di euro, quasi la totalit\u00e0 del gettito totale previsto (l\u201980 per cento circa). Questa cifra assoluta in capo alle aziende comprende, in particolare, le ritenute Irpef sui lavoratori dipendenti e sui collaboratori familiari, l\u2019Iva, una buona parte dell\u2019Imu e le ritenute Irpef dei lavoratori autonomi. \u00c8 <a class=\"dt-pswp-item\" href=\"https:\/\/www.radiopiu.net\/wordpress\/wp-content\/uploads\/2025\/06\/20250614135715.png\" data-dt-img-description=\"\" data-large_image_width=\"388\" data-large_image_height=\"817\"><img loading=\"lazy\" decoding=\"async\" class=\"size-medium wp-image-453895 alignleft\" src=\"https:\/\/www.radiopiu.net\/wordpress\/wp-content\/uploads\/2025\/06\/20250614135715-142x300.png\" alt=\"\" width=\"142\" height=\"300\" srcset=\"https:\/\/www.radiopiu.net\/wordpress\/wp-content\/uploads\/2025\/06\/20250614135715-142x300.png 142w, https:\/\/www.radiopiu.net\/wordpress\/wp-content\/uploads\/2025\/06\/20250614135715.png 388w\" sizes=\"auto, (max-width: 142px) 100vw, 142px\" \/><\/a>fondamentale sottolineare che per le imprese del Veneto il pagamento delle ritenute Irpef dei propri dipendenti e dell\u2019Iva \u2014 importo stimato dalla CGIA in 2,5 miliardi di euro \u2014 rappresenta una mera partita di giro: nel caso delle ritenute Irpef, infatti, le aziende agiscono come sostituti d\u2019imposta per conto dei propri lavoratori; riguardo all\u2019Iva, invece, si tratta di somme gi\u00e0 incassate in precedenza, ogni qual volta hanno ricevuto un pagamento dalla clientela a seguito dell\u2019emissione di una fattura. Nonostante ci\u00f2, rimane il solito problema della liquidit\u00e0. Con tempi di pagamento tra le imprese private in costante aumento, tantissime attivit\u00e0 sono a corto di liquidit\u00e0, anche perch\u00e9 le banche, in particolare alle piccole imprese, continuano a erogare il credito con il contagocce.<\/p>\n<p><strong>Giugno \u00e8 da sempre il mese delle tasse<\/strong><br \/>\nGiugno e anche novembre sono da sempre i mesi delle tasse. E se la scadenza di dopodomani sta togliendo il sonno a molti contribuenti in preda alle difficolt\u00e0 di reperire i soldi per onorare le richieste del fisco, anche la scadenza di luned\u00ec 30 giugno sar\u00e0 tra le pi\u00f9 importanti dell\u2019anno. Nonostante il Consiglio dei Ministri abbia opportunamente rinviato al 21 luglio prossimo e senza alcuna maggiorazione il pagamento dell\u2019Ires, dell\u2019Irpef, dell\u2019Irap e della addizionali Irpef ai forfetari e alle partite Iva soggette agli Indici Sintetici di Affidabilit\u00e0 (ISA), secondo le stime dell\u2019Ufficio studi della CGIA, nell\u2019ultimo giorno di questo mese \u00e8 previsto un prelievo sui veneti di 1,5 miliardi di euro. Soldi che arriveranno dal pagamento dell\u2019Ires, dell\u2019Irap, dell\u2019Irpef e delle addizionali regionali\/comunali Irpef. In buona sostanza, dalle due scadenze previste in questo mese (luned\u00ec 16 e luned\u00ec 30), le casse dello Stato riscuoteranno dai veneti complessivamente 5,4 miliardi di euro (vedi Tab. 1).<\/p>\n<p><strong>Rimaniamo tra i pi\u00f9 tartassati in UE<\/strong><br \/>\n<strong>Nel 2024 la pressione fiscale in Danimarca era al 45,4 per cento del Pil, in Francia al 45,2, in Belgio al 45,1, in Austria al 44,8 e in Lussemburgo al 43. Tra tutti i Paesi dell\u2019UE, l\u2019Italia si posizionava al sesto posto con un tasso del 42,6 per cento del Pil. Se tra i nostri principali competitor commerciali solo la Francia presentava un carico fiscale superiore al nostro, gli altri, invece, registravano un livello nettamente inferiore. Se in Germania il peso fiscale sul Pil era al 40,8 per cento (1,8 punti in meno rispetto al dato Italia), in Spagna addirittura al 37,2 (5,4 punti in meno che da noi). Il tasso medio in UE, invece, era al 40,4, 2,2 punti in meno della nostra media nazionale (vedi Tab. 3).<\/strong><\/p>\n<p><strong><a class=\"dt-pswp-item\" href=\"https:\/\/www.radiopiu.net\/wordpress\/wp-content\/uploads\/2025\/06\/20250614135729.png\" data-dt-img-description=\"\" data-large_image_width=\"563\" data-large_image_height=\"669\"><img loading=\"lazy\" decoding=\"async\" class=\"size-medium wp-image-453896 alignleft\" src=\"https:\/\/www.radiopiu.net\/wordpress\/wp-content\/uploads\/2025\/06\/20250614135729-252x300.png\" alt=\"\" width=\"252\" height=\"300\" srcset=\"https:\/\/www.radiopiu.net\/wordpress\/wp-content\/uploads\/2025\/06\/20250614135729-252x300.png 252w, https:\/\/www.radiopiu.net\/wordpress\/wp-content\/uploads\/2025\/06\/20250614135729.png 563w\" sizes=\"auto, (max-width: 252px) 100vw, 252px\" \/><\/a>Record dell\u2019 \u201coppressione\u201d fiscale<\/strong><br \/>\nOltre ad avere un carico fiscale tra i pi\u00f9 elevati d\u2019Europa, l\u2019Italia \u00e8 il Paese, assieme al Portogallo, dove pagare le tasse \u00e8 pi\u00f9 difficile, in particolar modo per le imprese. Secondo le ultime statistiche elaborate dalla Banca Mondiale,<strong> i nostri imprenditori \u201cperdono\u201d 30 giorni all\u2019anno (pari a 238 ore)<\/strong> per raccogliere tutte le informazioni necessarie per calcolare le imposte dovute; per completare tutte le dichiarazioni dei redditi e per presentarle all\u2019Amministrazione finanziaria; per effettuare il pagamento on line o presso le autorit\u00e0 preposte. In Francia per espletare le incombenze burocratiche derivanti dal pagamento delle tasse sono necessari solo 17 giorni (139 ore), in Spagna 18 (143 ore) e in Germania 27 (218 ore), mentre la media dell\u2019Area dell\u2019Euro \u00e8 di 18 giorni (147 ore). I dati si riferiscono a una media impresa (societ\u00e0 a responsabilit\u00e0 limitata), al secondo anno di vita e con circa 60 addetti. (vedi Tab. 4).<\/p>\n<p><strong>L\u2019evasione comunque \u00e8 in calo<\/strong><br \/>\nNel 2024 l\u2019Agenzia delle Entrate ha recuperato dalla lotta all\u2019evasione fiscale 33,4 miliardi di euro; una cifra che costituisce un record assoluto. A questa buona notizia se ne affianca un\u2019altra: secondo il Ministero dell\u2019Economia e delle Finanze (MEF) l\u2019evasione \u00e8 in calo. Se nel 2017 toccava i 108,4 miliardi di euro, nel 2021, ultimo anno in cui il dato \u00e8 disponibile, \u00e8 scesa a 82,4 miliardi (vedi Graf. 1); di cui 72 sono ascrivibili al mancato gettito tributario e gli altri 10,4 sono il \u201cfrutto\u201d dell\u2019evasione contributiva. Sebbene non possiamo contare su oltre 82 miliardi di euro di entrate tributarie e contributive ogni anno, negli ultimi tempi l\u2019Amministrazione finanziaria italiana ha imboccato la strada giusta e per gli evasori la vita \u00e8 diventata molto pi\u00f9 difficile. Grazie all\u2019applicazione della compliance fiscale, dello split payment, della fatturazione elettronica e dell\u2019invio telematico dei corrispettivi, una serie di contribuenti \u2013 tra cui gli evasori seriali, chi riceveva i pagamenti dallo Stato per un servizio o una prestazione lavorativa resa e poi non onorava il pagamento dell\u2019Iva e, infine, i professionisti delle cosiddette \u201cfrodi carosello\u201d &#8211; sono stati indotti a ravvedersi. Certo, il lavoro da fare rimane ancora molto, ma le misure messe in campo in questi ultimi anni stanno riscuotendo un buon successo.<\/p>\n<p><strong><a class=\"dt-pswp-item\" href=\"https:\/\/www.radiopiu.net\/wordpress\/wp-content\/uploads\/2025\/06\/20250614135827.png\" data-dt-img-description=\"\" data-large_image_width=\"661\" data-large_image_height=\"469\"><img loading=\"lazy\" decoding=\"async\" class=\"size-medium wp-image-453897 alignleft\" src=\"https:\/\/www.radiopiu.net\/wordpress\/wp-content\/uploads\/2025\/06\/20250614135827-300x213.png\" alt=\"\" width=\"300\" height=\"213\" srcset=\"https:\/\/www.radiopiu.net\/wordpress\/wp-content\/uploads\/2025\/06\/20250614135827-300x213.png 300w, https:\/\/www.radiopiu.net\/wordpress\/wp-content\/uploads\/2025\/06\/20250614135827.png 661w\" sizes=\"auto, (max-width: 300px) 100vw, 300px\" \/><\/a>L\u2019evasione in Veneto ammonta a 6,5 miliardi<\/strong><br \/>\nSe \u201cregionalizziamo\u201d gli 82,4 miliardi di euro di evasione fiscale stimati dal MEF (vedi Graf. 1), l\u2019area geografica che in valore assoluto registra l\u2019evasione pi\u00f9 elevata d\u2019Italia \u00e8 la Lombardia con 13,6 miliardi. Seguono il Lazio con 9,2 e la Campania con 7,7. Rammentando che la Lombardia conta quasi 10 milioni di abitanti \u2013 mentre il Lazio e la Campania rispettivamente 5,7 e 5,6 \u2013 da un punto di vista comparativo \u00e8 pi\u00f9 \u201ccorretto\u201d misurare in mancato gettito imputabile agli evasori calcolando l\u2019incidenza percentuale dell\u2019evasione sul gettito tributario e contributivo incassato in ciascuna regione. Ebbene, se decidiamo di utilizzare questa modalit\u00e0, il tasso di evasione pi\u00f9 elevato si attesta al 20,4 per cento e riguarda la Calabria. Al 19,1 scorgiamo la Campania, al 18,7 la Puglia e al 18,3 la Sicilia. L\u2019area pi\u00f9 \u201cfedele\u201d al fisco d\u2019Italia, invece, risulta essere la Provincia Autonoma di Bolzano con un tasso dell\u20198,6 per cento. In Veneto, invece, l\u2019evasione in termini assoluti ammonta a quasi 6,5 miliardi l\u2019anno, con una percentuale di evasione pari al 10,6. Solo la Lombardia e le altre regioni del Nordest presentano un livello di \u201cinfedelt\u00e0\u201d inferiore al nostro. La media Italia \u00e8 al 12,5 per cento (vedi Tab. 5).<\/p>\n<p><strong>Chi non paga si sconfigge con un fisco pi\u00f9 efficiente<\/strong><br \/>\nPer avere la meglio sugli evasori bisogna continuare a sfruttare in modo sempre pi\u00f9 efficiente i dati detenuti dall&#8217;Amministrazione fiscale, al fine di ottimizzare i controlli su fenomeni che, secondo le valutazioni dell&#8217;Agenzia delle Entrate, presentano elevati livelli di rischio. Tra questi si annoverano: le frodi IVA; l&#8217;uso improprio di crediti inesistenti e\/o aiuti economici non dovuti; la fittizia dichiarazione di residenza fiscale all&#8217;estero; e l\u2019occultamento di patrimoni al di fuori dei confini nazionali.<\/p>\n<p>&nbsp;<\/p>\n<p>&nbsp;<\/p>\n<hr \/>\n<p>&nbsp;<\/p>\n<blockquote>\n<h3>DA IERI ZTL SULLA STRADA CHE DA MASARE&#8217; DI ROCCA PIETORE PORTA A SAVINER DI CALLONEGHE BASSO<\/h3>\n<\/blockquote>\n<p><strong>DI MARINA DONA&#8217;<\/strong><\/p>\n<div style=\"width: 1200px;\" class=\"wp-video\"><video class=\"wp-video-shortcode\" id=\"video-453827-3\" width=\"1200\" height=\"675\" preload=\"metadata\" controls=\"controls\"><source type=\"video\/mp4\" src=\"https:\/\/www.radiopiu.net\/wordpress\/wp-content\/uploads\/2025\/06\/WhatsApp-Video-2025-06-15-at-14.14.31.mp4?_=3\" \/><a href=\"https:\/\/www.radiopiu.net\/wordpress\/wp-content\/uploads\/2025\/06\/WhatsApp-Video-2025-06-15-at-14.14.31.mp4\">https:\/\/www.radiopiu.net\/wordpress\/wp-content\/uploads\/2025\/06\/WhatsApp-Video-2025-06-15-at-14.14.31.mp4<\/a><\/video><\/div>\n<p>&nbsp;<\/p>\n\n\t\t\t<style type='text\/css'>\n\t\t\t\t#gallery-9 {\n\t\t\t\t\tmargin: auto;\n\t\t\t\t}\n\t\t\t\t#gallery-9 .gallery-item {\n\t\t\t\t\tfloat: left;\n\t\t\t\t\tmargin-top: 10px;\n\t\t\t\t\ttext-align: center;\n\t\t\t\t\twidth: 14%;\n\t\t\t\t}\n\t\t\t\t#gallery-9 img {\n\t\t\t\t\tborder: 2px solid #cfcfcf;\n\t\t\t\t}\n\t\t\t\t#gallery-9 .gallery-caption {\n\t\t\t\t\tmargin-left: 0;\n\t\t\t\t}\n\t\t\t\t\/* see gallery_shortcode() in wp-includes\/media.php *\/\n\t\t\t<\/style>\n\t\t<div id='gallery-9' class='dt-gallery-container gallery galleryid-453827 gallery-columns-7 gallery-size-thumbnail'><dl class='gallery-item'>\n\t\t\t\t<dt class='gallery-icon landscape'>\n\t\t\t\t\t<a class=\"rollover rollover-zoom dt-pswp-item\" title=\"06d2d0b0-8013-4ec0-a30e-a0bf80bdf9e5\" data-dt-img-description=\"\" data-large_image_width=\"2048\" data-large_image_height=\"1536\"href='https:\/\/www.radiopiu.net\/wordpress\/wp-content\/uploads\/2025\/06\/06d2d0b0-8013-4ec0-a30e-a0bf80bdf9e5.jpg'><img loading=\"lazy\" decoding=\"async\" width=\"150\" height=\"150\" src=\"https:\/\/www.radiopiu.net\/wordpress\/wp-content\/uploads\/2025\/06\/06d2d0b0-8013-4ec0-a30e-a0bf80bdf9e5-150x150.jpg\" class=\"attachment-thumbnail size-thumbnail\" alt=\"\" \/><\/a>\n\t\t\t\t<\/dt><\/dl><dl class='gallery-item'>\n\t\t\t\t<dt class='gallery-icon landscape'>\n\t\t\t\t\t<a class=\"rollover rollover-zoom dt-pswp-item\" title=\"cbab4af5-cb9f-4d25-8f90-12c544f13215\" data-dt-img-description=\"\" data-large_image_width=\"2000\" data-large_image_height=\"1500\"href='https:\/\/www.radiopiu.net\/wordpress\/wp-content\/uploads\/2025\/06\/cbab4af5-cb9f-4d25-8f90-12c544f13215.jpg'><img loading=\"lazy\" decoding=\"async\" width=\"150\" height=\"150\" src=\"https:\/\/www.radiopiu.net\/wordpress\/wp-content\/uploads\/2025\/06\/cbab4af5-cb9f-4d25-8f90-12c544f13215-150x150.jpg\" class=\"attachment-thumbnail size-thumbnail\" alt=\"\" \/><\/a>\n\t\t\t\t<\/dt><\/dl><dl class='gallery-item'>\n\t\t\t\t<dt class='gallery-icon landscape'>\n\t\t\t\t\t<a class=\"rollover rollover-zoom dt-pswp-item\" title=\"a19deae4-2583-4bc1-960a-667755182f99\" data-dt-img-description=\"\" data-large_image_width=\"2000\" data-large_image_height=\"1500\"href='https:\/\/www.radiopiu.net\/wordpress\/wp-content\/uploads\/2025\/06\/a19deae4-2583-4bc1-960a-667755182f99.jpg'><img loading=\"lazy\" decoding=\"async\" width=\"150\" height=\"150\" src=\"https:\/\/www.radiopiu.net\/wordpress\/wp-content\/uploads\/2025\/06\/a19deae4-2583-4bc1-960a-667755182f99-150x150.jpg\" class=\"attachment-thumbnail size-thumbnail\" alt=\"\" \/><\/a>\n\t\t\t\t<\/dt><\/dl><dl class='gallery-item'>\n\t\t\t\t<dt class='gallery-icon landscape'>\n\t\t\t\t\t<a class=\"rollover rollover-zoom dt-pswp-item\" title=\"9d432d9d-4f6b-4ee2-83a5-dedb02337631\" data-dt-img-description=\"\" data-large_image_width=\"2048\" data-large_image_height=\"1536\"href='https:\/\/www.radiopiu.net\/wordpress\/wp-content\/uploads\/2025\/06\/9d432d9d-4f6b-4ee2-83a5-dedb02337631.jpg'><img loading=\"lazy\" decoding=\"async\" width=\"150\" height=\"150\" src=\"https:\/\/www.radiopiu.net\/wordpress\/wp-content\/uploads\/2025\/06\/9d432d9d-4f6b-4ee2-83a5-dedb02337631-150x150.jpg\" class=\"attachment-thumbnail size-thumbnail\" alt=\"\" \/><\/a>\n\t\t\t\t<\/dt><\/dl><dl class='gallery-item'>\n\t\t\t\t<dt class='gallery-icon landscape'>\n\t\t\t\t\t<a class=\"rollover rollover-zoom dt-pswp-item\" title=\"a2136ffb-ae11-4f5d-b51a-6518e6ae89e8\" data-dt-img-description=\"\" data-large_image_width=\"2000\" data-large_image_height=\"1500\"href='https:\/\/www.radiopiu.net\/wordpress\/wp-content\/uploads\/2025\/06\/a2136ffb-ae11-4f5d-b51a-6518e6ae89e8.jpg'><img loading=\"lazy\" decoding=\"async\" width=\"150\" height=\"150\" src=\"https:\/\/www.radiopiu.net\/wordpress\/wp-content\/uploads\/2025\/06\/a2136ffb-ae11-4f5d-b51a-6518e6ae89e8-150x150.jpg\" class=\"attachment-thumbnail size-thumbnail\" alt=\"\" \/><\/a>\n\t\t\t\t<\/dt><\/dl><dl class='gallery-item'>\n\t\t\t\t<dt class='gallery-icon landscape'>\n\t\t\t\t\t<a class=\"rollover rollover-zoom dt-pswp-item\" title=\"5aee6377-b686-4433-9120-bab0a1a5896d\" data-dt-img-description=\"\" data-large_image_width=\"2000\" data-large_image_height=\"1500\"href='https:\/\/www.radiopiu.net\/wordpress\/wp-content\/uploads\/2025\/06\/5aee6377-b686-4433-9120-bab0a1a5896d.jpg'><img loading=\"lazy\" decoding=\"async\" width=\"150\" height=\"150\" src=\"https:\/\/www.radiopiu.net\/wordpress\/wp-content\/uploads\/2025\/06\/5aee6377-b686-4433-9120-bab0a1a5896d-150x150.jpg\" class=\"attachment-thumbnail size-thumbnail\" alt=\"\" \/><\/a>\n\t\t\t\t<\/dt><\/dl><dl class='gallery-item'>\n\t\t\t\t<dt class='gallery-icon landscape'>\n\t\t\t\t\t<a class=\"rollover rollover-zoom dt-pswp-item\" title=\"a233589e-8d35-4820-96d3-8ffa8e01e7e5\" data-dt-img-description=\"\" data-large_image_width=\"2000\" data-large_image_height=\"1500\"href='https:\/\/www.radiopiu.net\/wordpress\/wp-content\/uploads\/2025\/06\/a233589e-8d35-4820-96d3-8ffa8e01e7e5.jpg'><img loading=\"lazy\" decoding=\"async\" width=\"150\" height=\"150\" src=\"https:\/\/www.radiopiu.net\/wordpress\/wp-content\/uploads\/2025\/06\/a233589e-8d35-4820-96d3-8ffa8e01e7e5-150x150.jpg\" class=\"attachment-thumbnail size-thumbnail\" alt=\"\" \/><\/a>\n\t\t\t\t<\/dt><\/dl><br style=\"clear: both\" \/>\n\t\t\t<\/div>\n\n<p>&nbsp;<\/p>\n<blockquote>\n<h2>MALEDUCAZIONE E INCIVILTA&#8217;, SERVONO CONTROLLI PIU&#8217; SEVERI<\/h2>\n<\/blockquote>\n<p>&nbsp;<\/p>\n<p><strong>ALLEGHE-TAIBON<\/strong><\/p>\n<p>I sindaci di Taibon e Rocca Pietore hanno deciso di limitare il traffico\u00a0 al laghetto delle Peschiere di Taibon che lungo la strada che porta allo chalet al lago sul versante rocchesano del lago di Alleghe. Cartelli e transenne non servono a nulla. Anche in questo fine settimana il laghetto delle Peschiere \u00e8 stato &#8220;invaso&#8221; di maleducati su quattro ruote, con l&#8217;auto fino sul ciglio del lago&#8230; nessun controllo e continue segnalazioni alla Radio, evidentemente si fanno le leggi ma nessuno e&#8217; in grado di controllare come si dovrebbe se non a &#8220;spot&#8221;, poi magari fanno la multa al ragazzino che pesca un pesce,\u00a0 ma tutto il resto \u00e8 concesso.<br \/>\n<strong>ROCCA PIETORE <\/strong>\u00a0Ad Alleghe da sabato l&#8217;isola pedonale lungo il lago, zero controlli e auto che non hanno mancato di superare le transenne&#8230; la sera in riva al lago i furbi arrivano con il buio e poi fuggono prima che aprano gli uffici.<br \/>\nSar\u00e0 cos\u00ec tutta l&#8217;estate con segnalazioni continue?<\/p>\n<p>FOTO, ALLEGHE OGGI LUNEDI ORE 06.30<\/p>\n\n\t\t\t<style type='text\/css'>\n\t\t\t\t#gallery-10 {\n\t\t\t\t\tmargin: auto;\n\t\t\t\t}\n\t\t\t\t#gallery-10 .gallery-item {\n\t\t\t\t\tfloat: left;\n\t\t\t\t\tmargin-top: 10px;\n\t\t\t\t\ttext-align: center;\n\t\t\t\t\twidth: 20%;\n\t\t\t\t}\n\t\t\t\t#gallery-10 img {\n\t\t\t\t\tborder: 2px solid #cfcfcf;\n\t\t\t\t}\n\t\t\t\t#gallery-10 .gallery-caption {\n\t\t\t\t\tmargin-left: 0;\n\t\t\t\t}\n\t\t\t\t\/* see gallery_shortcode() in wp-includes\/media.php *\/\n\t\t\t<\/style>\n\t\t<div id='gallery-10' class='dt-gallery-container gallery galleryid-453827 gallery-columns-5 gallery-size-thumbnail'><dl class='gallery-item'>\n\t\t\t\t<dt class='gallery-icon landscape'>\n\t\t\t\t\t<a class=\"rollover rollover-zoom dt-pswp-item\" title=\"d786b6b0-4502-46eb-be57-ee1337c8156f\" data-dt-img-description=\"\" data-large_image_width=\"2000\" data-large_image_height=\"791\"href='https:\/\/www.radiopiu.net\/wordpress\/wp-content\/uploads\/2025\/06\/d786b6b0-4502-46eb-be57-ee1337c8156f.jpg'><img loading=\"lazy\" decoding=\"async\" width=\"150\" height=\"150\" src=\"https:\/\/www.radiopiu.net\/wordpress\/wp-content\/uploads\/2025\/06\/d786b6b0-4502-46eb-be57-ee1337c8156f-150x150.jpg\" class=\"attachment-thumbnail size-thumbnail\" alt=\"\" \/><\/a>\n\t\t\t\t<\/dt><\/dl><dl class='gallery-item'>\n\t\t\t\t<dt class='gallery-icon landscape'>\n\t\t\t\t\t<a class=\"rollover rollover-zoom dt-pswp-item\" title=\"6a77ef13-45b6-477c-b176-d99846554c5c\" data-dt-img-description=\"\" data-large_image_width=\"2000\" data-large_image_height=\"674\"href='https:\/\/www.radiopiu.net\/wordpress\/wp-content\/uploads\/2025\/06\/6a77ef13-45b6-477c-b176-d99846554c5c.jpg'><img loading=\"lazy\" decoding=\"async\" width=\"150\" height=\"150\" src=\"https:\/\/www.radiopiu.net\/wordpress\/wp-content\/uploads\/2025\/06\/6a77ef13-45b6-477c-b176-d99846554c5c-150x150.jpg\" class=\"attachment-thumbnail size-thumbnail\" alt=\"\" \/><\/a>\n\t\t\t\t<\/dt><\/dl><dl class='gallery-item'>\n\t\t\t\t<dt class='gallery-icon landscape'>\n\t\t\t\t\t<a class=\"rollover rollover-zoom dt-pswp-item\" title=\"9732b12e-6fcb-4924-a7a9-81d7e9c7e667\" data-dt-img-description=\"\" data-large_image_width=\"2000\" data-large_image_height=\"631\"href='https:\/\/www.radiopiu.net\/wordpress\/wp-content\/uploads\/2025\/06\/9732b12e-6fcb-4924-a7a9-81d7e9c7e667.jpg'><img loading=\"lazy\" decoding=\"async\" width=\"150\" height=\"150\" src=\"https:\/\/www.radiopiu.net\/wordpress\/wp-content\/uploads\/2025\/06\/9732b12e-6fcb-4924-a7a9-81d7e9c7e667-150x150.jpg\" class=\"attachment-thumbnail size-thumbnail\" alt=\"\" \/><\/a>\n\t\t\t\t<\/dt><\/dl><dl class='gallery-item'>\n\t\t\t\t<dt class='gallery-icon landscape'>\n\t\t\t\t\t<a class=\"rollover rollover-zoom dt-pswp-item\" title=\"7a08b10c-f8af-4bc1-a652-5d0430e2dddc\" data-dt-img-description=\"\" data-large_image_width=\"2000\" data-large_image_height=\"877\"href='https:\/\/www.radiopiu.net\/wordpress\/wp-content\/uploads\/2025\/06\/7a08b10c-f8af-4bc1-a652-5d0430e2dddc.jpg'><img loading=\"lazy\" decoding=\"async\" width=\"150\" height=\"150\" src=\"https:\/\/www.radiopiu.net\/wordpress\/wp-content\/uploads\/2025\/06\/7a08b10c-f8af-4bc1-a652-5d0430e2dddc-150x150.jpg\" class=\"attachment-thumbnail size-thumbnail\" alt=\"\" \/><\/a>\n\t\t\t\t<\/dt><\/dl><dl class='gallery-item'>\n\t\t\t\t<dt class='gallery-icon landscape'>\n\t\t\t\t\t<a class=\"rollover rollover-zoom dt-pswp-item\" title=\"0da498a1-1a5b-47ac-92cd-ed3585fb53c5\" data-dt-img-description=\"\" data-large_image_width=\"2000\" data-large_image_height=\"784\"href='https:\/\/www.radiopiu.net\/wordpress\/wp-content\/uploads\/2025\/06\/0da498a1-1a5b-47ac-92cd-ed3585fb53c5.jpg'><img loading=\"lazy\" decoding=\"async\" width=\"150\" height=\"150\" src=\"https:\/\/www.radiopiu.net\/wordpress\/wp-content\/uploads\/2025\/06\/0da498a1-1a5b-47ac-92cd-ed3585fb53c5-150x150.jpg\" class=\"attachment-thumbnail size-thumbnail\" alt=\"\" \/><\/a>\n\t\t\t\t<\/dt><\/dl><br style=\"clear: both\" \/>\n\t\t\t<\/div>\n\n<p>&nbsp;<\/p>\n<p>&nbsp;<\/p>\n<p>&nbsp;<\/p>\n<hr \/>\n<p>&nbsp;<\/p>\n<blockquote>\n<h3>VENERDI IL CONSIGLIO DELL&#8217;UNIONE MONTANA AGORDINA<\/h3>\n<\/blockquote>\n<p><strong>AGORDO<\/strong> Il Consiglio dell\u2019Unione Montana Agordina \u00e8 convocato in seduta pubblica ordinaria per venerd\u00ec alle 20:00 presso la Sala Don Tamis in Via 27 Aprile ad Agordo. All\u2019ordine del giorno: approvazione dei verbali della seduta del 30 aprile, variazioni al bilancio 2025-2027, approvazione di convenzioni per la gestione associata dei servizi tributi, informatico, personale, manutenzione del territorio e comunicazioni del presidente.<\/p>\n<p>&nbsp;<\/p>\n<p>&nbsp;<\/p>\n<hr \/>\n<p>&nbsp;<\/p>\n<blockquote>\n<h3>UNA SERATA DI FESTA AD AGORDO CON I TIRATAIE: MUSICA, GENTE E SAPORI AL BAR DELLE BOCCE<\/h3>\n<\/blockquote>\n<p><strong>DI MARINA DONA&#8217;<\/strong><\/p>\n<p><strong>AGORDO <\/strong>\u00c8 stata una serata di grande entusiasmo e partecipazione quella\u00a0 al Bar delle Bocce di Agordo, dove si \u00e8 tenuto il concerto dei Tirataie, apprezzata band locale nota per l\u2019energia e il coinvolgimento che porta sul palco. L\u2019evento ha richiamato tanta gente, trasformando il bar in un punto di ritrovo per giovani, famiglie e appassionati di musica dal vivo. Una vera e propria festa all\u2019aperto, resa ancora pi\u00f9 speciale dall\u2019atmosfera conviviale e dai profumi della cucina. Protagonista dietro i fornelli \u00e8 stata Sonia, che ha deliziato il pubblico con le sue specialit\u00e0 culinarie: gustosi arrosticini, wurstel, panini onti e, naturalmente, fiumi di birra per accompagnare il tutto. Tra risate, brindisi e canzoni, la serata \u00e8 proseguita fino a tardi, confermandosi un successo e dimostrando ancora una volta quanto sia vivo il desiderio di comunit\u00e0 e divertimento ad Agordo.<\/p>\n\n\t\t\t<style type='text\/css'>\n\t\t\t\t#gallery-11 {\n\t\t\t\t\tmargin: auto;\n\t\t\t\t}\n\t\t\t\t#gallery-11 .gallery-item {\n\t\t\t\t\tfloat: left;\n\t\t\t\t\tmargin-top: 10px;\n\t\t\t\t\ttext-align: center;\n\t\t\t\t\twidth: 50%;\n\t\t\t\t}\n\t\t\t\t#gallery-11 img {\n\t\t\t\t\tborder: 2px solid #cfcfcf;\n\t\t\t\t}\n\t\t\t\t#gallery-11 .gallery-caption {\n\t\t\t\t\tmargin-left: 0;\n\t\t\t\t}\n\t\t\t\t\/* see gallery_shortcode() in wp-includes\/media.php *\/\n\t\t\t<\/style>\n\t\t<div id='gallery-11' class='dt-gallery-container gallery galleryid-453827 gallery-columns-2 gallery-size-medium'><dl class='gallery-item'>\n\t\t\t\t<dt class='gallery-icon landscape'>\n\t\t\t\t\t<a class=\"rollover rollover-zoom dt-pswp-item\" title=\"79a2d391-6171-4a38-a524-a8f8121f0ec9\" data-dt-img-description=\"\" data-large_image_width=\"2000\" data-large_image_height=\"1500\"href='https:\/\/www.radiopiu.net\/wordpress\/wp-content\/uploads\/2025\/06\/79a2d391-6171-4a38-a524-a8f8121f0ec9.jpg'><img loading=\"lazy\" decoding=\"async\" width=\"300\" height=\"225\" src=\"https:\/\/www.radiopiu.net\/wordpress\/wp-content\/uploads\/2025\/06\/79a2d391-6171-4a38-a524-a8f8121f0ec9-300x225.jpg\" class=\"attachment-medium size-medium\" alt=\"\" srcset=\"https:\/\/www.radiopiu.net\/wordpress\/wp-content\/uploads\/2025\/06\/79a2d391-6171-4a38-a524-a8f8121f0ec9-300x225.jpg 300w, https:\/\/www.radiopiu.net\/wordpress\/wp-content\/uploads\/2025\/06\/79a2d391-6171-4a38-a524-a8f8121f0ec9-1024x768.jpg 1024w, https:\/\/www.radiopiu.net\/wordpress\/wp-content\/uploads\/2025\/06\/79a2d391-6171-4a38-a524-a8f8121f0ec9-768x576.jpg 768w, https:\/\/www.radiopiu.net\/wordpress\/wp-content\/uploads\/2025\/06\/79a2d391-6171-4a38-a524-a8f8121f0ec9-1536x1152.jpg 1536w, https:\/\/www.radiopiu.net\/wordpress\/wp-content\/uploads\/2025\/06\/79a2d391-6171-4a38-a524-a8f8121f0ec9.jpg 2000w\" sizes=\"auto, (max-width: 300px) 100vw, 300px\" \/><\/a>\n\t\t\t\t<\/dt><\/dl><dl class='gallery-item'>\n\t\t\t\t<dt class='gallery-icon landscape'>\n\t\t\t\t\t<a class=\"rollover rollover-zoom dt-pswp-item\" title=\"e0537421-bc40-42f9-89a5-a9f7cb8bce20\" data-dt-img-description=\"\" data-large_image_width=\"2000\" data-large_image_height=\"1500\"href='https:\/\/www.radiopiu.net\/wordpress\/wp-content\/uploads\/2025\/06\/e0537421-bc40-42f9-89a5-a9f7cb8bce20.jpg'><img loading=\"lazy\" decoding=\"async\" width=\"300\" height=\"225\" src=\"https:\/\/www.radiopiu.net\/wordpress\/wp-content\/uploads\/2025\/06\/e0537421-bc40-42f9-89a5-a9f7cb8bce20-300x225.jpg\" class=\"attachment-medium size-medium\" alt=\"\" srcset=\"https:\/\/www.radiopiu.net\/wordpress\/wp-content\/uploads\/2025\/06\/e0537421-bc40-42f9-89a5-a9f7cb8bce20-300x225.jpg 300w, https:\/\/www.radiopiu.net\/wordpress\/wp-content\/uploads\/2025\/06\/e0537421-bc40-42f9-89a5-a9f7cb8bce20-1024x768.jpg 1024w, https:\/\/www.radiopiu.net\/wordpress\/wp-content\/uploads\/2025\/06\/e0537421-bc40-42f9-89a5-a9f7cb8bce20-768x576.jpg 768w, https:\/\/www.radiopiu.net\/wordpress\/wp-content\/uploads\/2025\/06\/e0537421-bc40-42f9-89a5-a9f7cb8bce20-1536x1152.jpg 1536w, https:\/\/www.radiopiu.net\/wordpress\/wp-content\/uploads\/2025\/06\/e0537421-bc40-42f9-89a5-a9f7cb8bce20.jpg 2000w\" sizes=\"auto, (max-width: 300px) 100vw, 300px\" \/><\/a>\n\t\t\t\t<\/dt><\/dl><br style=\"clear: both\" \/>\n\t\t\t<\/div>\n\n<p>&nbsp;<\/p>\n<p><iframe loading=\"lazy\" title=\"I Tirataie al Bar delle Bocce di Agordo\" width=\"1200\" height=\"675\" src=\"https:\/\/www.youtube.com\/embed\/XAvKXW4y1Wo?feature=oembed\" frameborder=\"0\" allow=\"accelerometer; autoplay; clipboard-write; encrypted-media; gyroscope; picture-in-picture; web-share\" referrerpolicy=\"strict-origin-when-cross-origin\" allowfullscreen><\/iframe><\/p>\n<p>&nbsp;<\/p>\n<hr \/>\n<p>&nbsp;<\/p>\n<blockquote>\n<h3>UNA SERATA DI EMOZIONI A CENCENIGHE CON ROBERTO SORAMA\u00c9 E IL DOCUFILM SU MERINO MATTIUZZI, \u201cCUSTODE DELLE TERRE ALTE\u201d<\/h3>\n<\/blockquote>\n<p><strong>DI MARINA DONA&#8217;<\/strong><\/p>\n<p>Serata estremamente emozionante a Cencenighe il 14 giugno 2025, presso la sala consigliare per una serata con Roberto Sorama\u00e9 ed il suo docufilm intitolato&#8221; Quando ero bambino volevo essere un albero &#8220;. \u00c8 la storia di Merino Mattiuzzi, abitante di Zopp\u00e9 di Cadore, che anni fa emigr\u00f2 in Germania ma che poi ritorn\u00f2 tra le sue montagne richiamato dal grande amore per le sue origini. Grazie alla sua saggezza e ai suoi preziosi saperi, \u00e8 stato uno tra 5 selezionati al nord Italia, ad aggiudicarsi il titolo di &#8220;Custode delle terre alte&#8221;. Merino \u00e8 il simbolo della fusione tra l&#8217;uomo e il suo territorio e la sua missione \u00e8 trasmettere e raccontare i segreti della montagna ai bambini. Sorama\u00e9 ha arricchito la serata anche con foto e video sulle meravigliose Dolomiti, ricordando anche la dura vita in trincea nel periodo della guerra attraverso una lettera ad oggi diventata una vera e propria testimonianza. Una serata di bellezza e sentimento, patrocinata dall&#8217;amministratore comunale con la rappresentanza dell&#8217;assessore Orietta Scardanzan e della consigliera Elisa Cancel.<\/p>\n\n\t\t\t<style type='text\/css'>\n\t\t\t\t#gallery-12 {\n\t\t\t\t\tmargin: auto;\n\t\t\t\t}\n\t\t\t\t#gallery-12 .gallery-item {\n\t\t\t\t\tfloat: left;\n\t\t\t\t\tmargin-top: 10px;\n\t\t\t\t\ttext-align: center;\n\t\t\t\t\twidth: 33%;\n\t\t\t\t}\n\t\t\t\t#gallery-12 img {\n\t\t\t\t\tborder: 2px solid #cfcfcf;\n\t\t\t\t}\n\t\t\t\t#gallery-12 .gallery-caption {\n\t\t\t\t\tmargin-left: 0;\n\t\t\t\t}\n\t\t\t\t\/* see gallery_shortcode() in wp-includes\/media.php *\/\n\t\t\t<\/style>\n\t\t<div id='gallery-12' class='dt-gallery-container gallery galleryid-453827 gallery-columns-3 gallery-size-medium'><dl class='gallery-item'>\n\t\t\t\t<dt class='gallery-icon landscape'>\n\t\t\t\t\t<a class=\"rollover rollover-zoom dt-pswp-item\" title=\"439301bf-db11-4baa-b0c4-01844d1b8af0\" data-dt-img-description=\"\" data-large_image_width=\"1224\" data-large_image_height=\"784\"href='https:\/\/www.radiopiu.net\/wordpress\/wp-content\/uploads\/2025\/06\/439301bf-db11-4baa-b0c4-01844d1b8af0.jpg'><img loading=\"lazy\" decoding=\"async\" width=\"300\" height=\"192\" src=\"https:\/\/www.radiopiu.net\/wordpress\/wp-content\/uploads\/2025\/06\/439301bf-db11-4baa-b0c4-01844d1b8af0-300x192.jpg\" class=\"attachment-medium size-medium\" alt=\"\" srcset=\"https:\/\/www.radiopiu.net\/wordpress\/wp-content\/uploads\/2025\/06\/439301bf-db11-4baa-b0c4-01844d1b8af0-300x192.jpg 300w, https:\/\/www.radiopiu.net\/wordpress\/wp-content\/uploads\/2025\/06\/439301bf-db11-4baa-b0c4-01844d1b8af0-1024x656.jpg 1024w, https:\/\/www.radiopiu.net\/wordpress\/wp-content\/uploads\/2025\/06\/439301bf-db11-4baa-b0c4-01844d1b8af0-768x492.jpg 768w, https:\/\/www.radiopiu.net\/wordpress\/wp-content\/uploads\/2025\/06\/439301bf-db11-4baa-b0c4-01844d1b8af0.jpg 1224w\" sizes=\"auto, (max-width: 300px) 100vw, 300px\" \/><\/a>\n\t\t\t\t<\/dt><\/dl><dl class='gallery-item'>\n\t\t\t\t<dt class='gallery-icon landscape'>\n\t\t\t\t\t<a class=\"rollover rollover-zoom dt-pswp-item\" title=\"cb0d0126-c90b-41cf-ae2a-a8b53b01ab25\" data-dt-img-description=\"\" data-large_image_width=\"1217\" data-large_image_height=\"761\"href='https:\/\/www.radiopiu.net\/wordpress\/wp-content\/uploads\/2025\/06\/cb0d0126-c90b-41cf-ae2a-a8b53b01ab25.jpg'><img loading=\"lazy\" decoding=\"async\" width=\"300\" height=\"188\" src=\"https:\/\/www.radiopiu.net\/wordpress\/wp-content\/uploads\/2025\/06\/cb0d0126-c90b-41cf-ae2a-a8b53b01ab25-300x188.jpg\" class=\"attachment-medium size-medium\" alt=\"\" srcset=\"https:\/\/www.radiopiu.net\/wordpress\/wp-content\/uploads\/2025\/06\/cb0d0126-c90b-41cf-ae2a-a8b53b01ab25-300x188.jpg 300w, https:\/\/www.radiopiu.net\/wordpress\/wp-content\/uploads\/2025\/06\/cb0d0126-c90b-41cf-ae2a-a8b53b01ab25-1024x640.jpg 1024w, https:\/\/www.radiopiu.net\/wordpress\/wp-content\/uploads\/2025\/06\/cb0d0126-c90b-41cf-ae2a-a8b53b01ab25-768x480.jpg 768w, https:\/\/www.radiopiu.net\/wordpress\/wp-content\/uploads\/2025\/06\/cb0d0126-c90b-41cf-ae2a-a8b53b01ab25.jpg 1217w\" sizes=\"auto, (max-width: 300px) 100vw, 300px\" \/><\/a>\n\t\t\t\t<\/dt><\/dl><dl class='gallery-item'>\n\t\t\t\t<dt class='gallery-icon landscape'>\n\t\t\t\t\t<a class=\"rollover rollover-zoom dt-pswp-item\" title=\"53c04a73-3d6c-48de-bf18-0d79cf478991\" data-dt-img-description=\"\" data-large_image_width=\"1600\" data-large_image_height=\"1200\"href='https:\/\/www.radiopiu.net\/wordpress\/wp-content\/uploads\/2025\/06\/53c04a73-3d6c-48de-bf18-0d79cf478991.jpg'><img loading=\"lazy\" decoding=\"async\" width=\"300\" height=\"225\" src=\"https:\/\/www.radiopiu.net\/wordpress\/wp-content\/uploads\/2025\/06\/53c04a73-3d6c-48de-bf18-0d79cf478991-300x225.jpg\" class=\"attachment-medium size-medium\" alt=\"\" srcset=\"https:\/\/www.radiopiu.net\/wordpress\/wp-content\/uploads\/2025\/06\/53c04a73-3d6c-48de-bf18-0d79cf478991-300x225.jpg 300w, https:\/\/www.radiopiu.net\/wordpress\/wp-content\/uploads\/2025\/06\/53c04a73-3d6c-48de-bf18-0d79cf478991-1024x768.jpg 1024w, https:\/\/www.radiopiu.net\/wordpress\/wp-content\/uploads\/2025\/06\/53c04a73-3d6c-48de-bf18-0d79cf478991-768x576.jpg 768w, https:\/\/www.radiopiu.net\/wordpress\/wp-content\/uploads\/2025\/06\/53c04a73-3d6c-48de-bf18-0d79cf478991-1536x1152.jpg 1536w, https:\/\/www.radiopiu.net\/wordpress\/wp-content\/uploads\/2025\/06\/53c04a73-3d6c-48de-bf18-0d79cf478991.jpg 1600w\" sizes=\"auto, (max-width: 300px) 100vw, 300px\" \/><\/a>\n\t\t\t\t<\/dt><\/dl><br style=\"clear: both\" \/><dl class='gallery-item'>\n\t\t\t\t<dt class='gallery-icon landscape'>\n\t\t\t\t\t<a class=\"rollover rollover-zoom dt-pswp-item\" title=\"23221e5d-fd7a-4330-9466-9cce2eb4a1a1\" data-dt-img-description=\"\" data-large_image_width=\"1224\" data-large_image_height=\"696\"href='https:\/\/www.radiopiu.net\/wordpress\/wp-content\/uploads\/2025\/06\/23221e5d-fd7a-4330-9466-9cce2eb4a1a1.jpg'><img loading=\"lazy\" decoding=\"async\" width=\"300\" height=\"171\" src=\"https:\/\/www.radiopiu.net\/wordpress\/wp-content\/uploads\/2025\/06\/23221e5d-fd7a-4330-9466-9cce2eb4a1a1-300x171.jpg\" class=\"attachment-medium size-medium\" alt=\"\" srcset=\"https:\/\/www.radiopiu.net\/wordpress\/wp-content\/uploads\/2025\/06\/23221e5d-fd7a-4330-9466-9cce2eb4a1a1-300x171.jpg 300w, https:\/\/www.radiopiu.net\/wordpress\/wp-content\/uploads\/2025\/06\/23221e5d-fd7a-4330-9466-9cce2eb4a1a1-1024x582.jpg 1024w, https:\/\/www.radiopiu.net\/wordpress\/wp-content\/uploads\/2025\/06\/23221e5d-fd7a-4330-9466-9cce2eb4a1a1-768x437.jpg 768w, https:\/\/www.radiopiu.net\/wordpress\/wp-content\/uploads\/2025\/06\/23221e5d-fd7a-4330-9466-9cce2eb4a1a1.jpg 1224w\" sizes=\"auto, (max-width: 300px) 100vw, 300px\" \/><\/a>\n\t\t\t\t<\/dt><\/dl><dl class='gallery-item'>\n\t\t\t\t<dt class='gallery-icon landscape'>\n\t\t\t\t\t<a class=\"rollover rollover-zoom dt-pswp-item\" title=\"4c6ab940-3843-4113-a4c5-171d9f72ad81\" data-dt-img-description=\"\" data-large_image_width=\"1600\" data-large_image_height=\"1200\"href='https:\/\/www.radiopiu.net\/wordpress\/wp-content\/uploads\/2025\/06\/4c6ab940-3843-4113-a4c5-171d9f72ad81.jpg'><img loading=\"lazy\" decoding=\"async\" width=\"300\" height=\"225\" src=\"https:\/\/www.radiopiu.net\/wordpress\/wp-content\/uploads\/2025\/06\/4c6ab940-3843-4113-a4c5-171d9f72ad81-300x225.jpg\" class=\"attachment-medium size-medium\" alt=\"\" srcset=\"https:\/\/www.radiopiu.net\/wordpress\/wp-content\/uploads\/2025\/06\/4c6ab940-3843-4113-a4c5-171d9f72ad81-300x225.jpg 300w, https:\/\/www.radiopiu.net\/wordpress\/wp-content\/uploads\/2025\/06\/4c6ab940-3843-4113-a4c5-171d9f72ad81-1024x768.jpg 1024w, https:\/\/www.radiopiu.net\/wordpress\/wp-content\/uploads\/2025\/06\/4c6ab940-3843-4113-a4c5-171d9f72ad81-768x576.jpg 768w, https:\/\/www.radiopiu.net\/wordpress\/wp-content\/uploads\/2025\/06\/4c6ab940-3843-4113-a4c5-171d9f72ad81-1536x1152.jpg 1536w, https:\/\/www.radiopiu.net\/wordpress\/wp-content\/uploads\/2025\/06\/4c6ab940-3843-4113-a4c5-171d9f72ad81.jpg 1600w\" sizes=\"auto, (max-width: 300px) 100vw, 300px\" \/><\/a>\n\t\t\t\t<\/dt><\/dl><dl class='gallery-item'>\n\t\t\t\t<dt class='gallery-icon landscape'>\n\t\t\t\t\t<a class=\"rollover rollover-zoom dt-pswp-item\" title=\"9032a7cf-b050-44a2-ba37-a095944dfc0d\" data-dt-img-description=\"\" data-large_image_width=\"1600\" data-large_image_height=\"1200\"href='https:\/\/www.radiopiu.net\/wordpress\/wp-content\/uploads\/2025\/06\/9032a7cf-b050-44a2-ba37-a095944dfc0d.jpg'><img loading=\"lazy\" decoding=\"async\" width=\"300\" height=\"225\" src=\"https:\/\/www.radiopiu.net\/wordpress\/wp-content\/uploads\/2025\/06\/9032a7cf-b050-44a2-ba37-a095944dfc0d-300x225.jpg\" class=\"attachment-medium size-medium\" alt=\"\" srcset=\"https:\/\/www.radiopiu.net\/wordpress\/wp-content\/uploads\/2025\/06\/9032a7cf-b050-44a2-ba37-a095944dfc0d-300x225.jpg 300w, https:\/\/www.radiopiu.net\/wordpress\/wp-content\/uploads\/2025\/06\/9032a7cf-b050-44a2-ba37-a095944dfc0d-1024x768.jpg 1024w, https:\/\/www.radiopiu.net\/wordpress\/wp-content\/uploads\/2025\/06\/9032a7cf-b050-44a2-ba37-a095944dfc0d-768x576.jpg 768w, https:\/\/www.radiopiu.net\/wordpress\/wp-content\/uploads\/2025\/06\/9032a7cf-b050-44a2-ba37-a095944dfc0d-1536x1152.jpg 1536w, https:\/\/www.radiopiu.net\/wordpress\/wp-content\/uploads\/2025\/06\/9032a7cf-b050-44a2-ba37-a095944dfc0d.jpg 1600w\" sizes=\"auto, (max-width: 300px) 100vw, 300px\" \/><\/a>\n\t\t\t\t<\/dt><\/dl><br style=\"clear: both\" \/>\n\t\t\t<\/div>\n\n<p>&nbsp;<\/p>\n<p><iframe loading=\"lazy\" title=\"Il docufilm di Roberto Sorama\u00e8 a Cencenighe\" width=\"1200\" height=\"675\" src=\"https:\/\/www.youtube.com\/embed\/HrJhrj0Y2ww?feature=oembed\" frameborder=\"0\" allow=\"accelerometer; autoplay; clipboard-write; encrypted-media; gyroscope; picture-in-picture; web-share\" referrerpolicy=\"strict-origin-when-cross-origin\" allowfullscreen><\/iframe><\/p>\n<p>&nbsp;<\/p>\n<hr \/>\n<p>&nbsp;<\/p>\n<blockquote>\n<h3><a class=\"dt-pswp-item\" href=\"https:\/\/www.radiopiu.net\/wordpress\/wp-content\/uploads\/2025\/06\/Locandina_cerimonia_19_giugno_2025.jpg\" data-dt-img-description=\"\" data-large_image_width=\"595\" data-large_image_height=\"842\"><img loading=\"lazy\" decoding=\"async\" class=\" wp-image-453573 alignleft\" src=\"https:\/\/www.radiopiu.net\/wordpress\/wp-content\/uploads\/2025\/06\/Locandina_cerimonia_19_giugno_2025-212x300.jpg\" alt=\"\" width=\"143\" height=\"202\" srcset=\"https:\/\/www.radiopiu.net\/wordpress\/wp-content\/uploads\/2025\/06\/Locandina_cerimonia_19_giugno_2025-212x300.jpg 212w, https:\/\/www.radiopiu.net\/wordpress\/wp-content\/uploads\/2025\/06\/Locandina_cerimonia_19_giugno_2025.jpg 595w\" sizes=\"auto, (max-width: 143px) 100vw, 143px\" \/><\/a>81\u00b0 ANNIVERSARIO DELLA NOTTE DI SANTA MARINA: COMMEMORAZIONE A FELTRE<\/h3>\n<\/blockquote>\n<p><strong>FELTRE<\/strong> Gioved\u00ec 19 giugno si celebra l\u201981\u00b0 anniversario della \u201cNotte di Santa Marina\u201d, tragico episodio della Seconda Guerra Mondiale a Feltre. Il 19 giugno 1944, la gendarmeria tedesca, con la complicit\u00e0 di spie italiane, comp\u00ec una brutale rappresaglia arrestando 37 persone e uccidendone 5, tra cui il colonnello Angelo Zancanaro e il figlio Luciano. L\u2019evento \u00e8 ricordato come il pi\u00f9 doloroso della dominazione nazista in citt\u00e0. La commemorazione si terr\u00e0 alle ore 18.00 presso il Sacello di Via Tofana Prima, davanti alla lapide dedicata a Oldino De Paoli. Interverranno il Sindaco Viviana Fusaro, il prof. Marcello Della Valentina con un intervento storico, lettori di testimonianze e il coro \u201cVece Voci\u201d. In caso di maltempo, la cerimonia sar\u00e0 spostata nella sala riunioni del Centro Parrocchiale di Santa Maria degli Angeli. L&#8217;iniziativa vuole mantenere viva la memoria e l&#8217;impegno contro ogni forma di violenza e sopraffazione.<\/p>\n<p>&nbsp;<\/p>\n<p>&nbsp;<\/p>\n<hr \/>\n<p>&nbsp;<\/p>\n<blockquote>\n<h3>CONCORSO CARABINIERI 2025: 4.918 POSTI PER ALLIEVI IN FERMA QUADRIENNALE, DOMANDE ENTRO IL 7 LUGLIO<\/h3>\n<\/blockquote>\n<p><strong>BELLUNO<\/strong> L\u2019Arma dei Carabinieri seleziona 4.918 Allievi in ferma quadriennale per rafforzare l\u2019organico e garantire la sicurezza. Le domande, da presentare entro il 7 luglio online, sono aperte ai cittadini italiani con diploma o in procinto di conseguirlo, tra i 17 e i 24 anni (fino a 25 per volontari in ferma prefissata). Il concorso prevede prove scritte, test fisici e accertamenti psico-fisici. I vincitori frequenteranno un corso di sei mesi nelle Scuole Allievi Carabinieri, acquisendo formazione militare, giuridica e professionale. \u00c8 possibile scegliere specializzazioni in tutela forestale, ambientale e agroalimentare, preparando cos\u00ec i futuri Carabinieri a tutelare la collettivit\u00e0.<\/p>\n\n\t\t\t<style type='text\/css'>\n\t\t\t\t#gallery-13 {\n\t\t\t\t\tmargin: auto;\n\t\t\t\t}\n\t\t\t\t#gallery-13 .gallery-item {\n\t\t\t\t\tfloat: left;\n\t\t\t\t\tmargin-top: 10px;\n\t\t\t\t\ttext-align: center;\n\t\t\t\t\twidth: 25%;\n\t\t\t\t}\n\t\t\t\t#gallery-13 img {\n\t\t\t\t\tborder: 2px solid #cfcfcf;\n\t\t\t\t}\n\t\t\t\t#gallery-13 .gallery-caption {\n\t\t\t\t\tmargin-left: 0;\n\t\t\t\t}\n\t\t\t\t\/* see gallery_shortcode() in wp-includes\/media.php *\/\n\t\t\t<\/style>\n\t\t<div id='gallery-13' class='dt-gallery-container gallery galleryid-453827 gallery-columns-4 gallery-size-medium'><dl class='gallery-item'>\n\t\t\t\t<dt class='gallery-icon landscape'>\n\t\t\t\t\t<a class=\"rollover rollover-zoom dt-pswp-item\" title=\"foto 1\" data-dt-img-description=\"\" data-large_image_width=\"1600\" data-large_image_height=\"1066\"href='https:\/\/www.radiopiu.net\/wordpress\/wp-content\/uploads\/2025\/06\/foto-1.jpeg'><img loading=\"lazy\" decoding=\"async\" width=\"300\" height=\"200\" src=\"https:\/\/www.radiopiu.net\/wordpress\/wp-content\/uploads\/2025\/06\/foto-1-300x200.jpeg\" class=\"attachment-medium size-medium\" alt=\"\" srcset=\"https:\/\/www.radiopiu.net\/wordpress\/wp-content\/uploads\/2025\/06\/foto-1-300x200.jpeg 300w, https:\/\/www.radiopiu.net\/wordpress\/wp-content\/uploads\/2025\/06\/foto-1-1024x682.jpeg 1024w, https:\/\/www.radiopiu.net\/wordpress\/wp-content\/uploads\/2025\/06\/foto-1-768x512.jpeg 768w, https:\/\/www.radiopiu.net\/wordpress\/wp-content\/uploads\/2025\/06\/foto-1-1536x1023.jpeg 1536w, https:\/\/www.radiopiu.net\/wordpress\/wp-content\/uploads\/2025\/06\/foto-1.jpeg 1600w\" sizes=\"auto, (max-width: 300px) 100vw, 300px\" \/><\/a>\n\t\t\t\t<\/dt><\/dl><dl class='gallery-item'>\n\t\t\t\t<dt class='gallery-icon landscape'>\n\t\t\t\t\t<a class=\"rollover rollover-zoom dt-pswp-item\" title=\"foto 2\" data-dt-img-description=\"\" data-large_image_width=\"1600\" data-large_image_height=\"1066\"href='https:\/\/www.radiopiu.net\/wordpress\/wp-content\/uploads\/2025\/06\/foto-2.jpeg'><img loading=\"lazy\" decoding=\"async\" width=\"300\" height=\"200\" src=\"https:\/\/www.radiopiu.net\/wordpress\/wp-content\/uploads\/2025\/06\/foto-2-300x200.jpeg\" class=\"attachment-medium size-medium\" alt=\"\" srcset=\"https:\/\/www.radiopiu.net\/wordpress\/wp-content\/uploads\/2025\/06\/foto-2-300x200.jpeg 300w, https:\/\/www.radiopiu.net\/wordpress\/wp-content\/uploads\/2025\/06\/foto-2-1024x682.jpeg 1024w, https:\/\/www.radiopiu.net\/wordpress\/wp-content\/uploads\/2025\/06\/foto-2-768x512.jpeg 768w, https:\/\/www.radiopiu.net\/wordpress\/wp-content\/uploads\/2025\/06\/foto-2-1536x1023.jpeg 1536w, https:\/\/www.radiopiu.net\/wordpress\/wp-content\/uploads\/2025\/06\/foto-2.jpeg 1600w\" sizes=\"auto, (max-width: 300px) 100vw, 300px\" \/><\/a>\n\t\t\t\t<\/dt><\/dl><dl class='gallery-item'>\n\t\t\t\t<dt class='gallery-icon landscape'>\n\t\t\t\t\t<a class=\"rollover rollover-zoom dt-pswp-item\" title=\"foto 3\" data-dt-img-description=\"\" data-large_image_width=\"1170\" data-large_image_height=\"558\"href='https:\/\/www.radiopiu.net\/wordpress\/wp-content\/uploads\/2025\/06\/foto-3.jpeg'><img loading=\"lazy\" decoding=\"async\" width=\"300\" height=\"143\" src=\"https:\/\/www.radiopiu.net\/wordpress\/wp-content\/uploads\/2025\/06\/foto-3-300x143.jpeg\" class=\"attachment-medium size-medium\" alt=\"\" srcset=\"https:\/\/www.radiopiu.net\/wordpress\/wp-content\/uploads\/2025\/06\/foto-3-300x143.jpeg 300w, https:\/\/www.radiopiu.net\/wordpress\/wp-content\/uploads\/2025\/06\/foto-3-1024x488.jpeg 1024w, https:\/\/www.radiopiu.net\/wordpress\/wp-content\/uploads\/2025\/06\/foto-3-768x366.jpeg 768w, https:\/\/www.radiopiu.net\/wordpress\/wp-content\/uploads\/2025\/06\/foto-3.jpeg 1170w\" sizes=\"auto, (max-width: 300px) 100vw, 300px\" \/><\/a>\n\t\t\t\t<\/dt><\/dl><dl class='gallery-item'>\n\t\t\t\t<dt class='gallery-icon landscape'>\n\t\t\t\t\t<a class=\"rollover rollover-zoom dt-pswp-item\" title=\"foto 4\" data-dt-img-description=\"\" data-large_image_width=\"2560\" data-large_image_height=\"1706\"href='https:\/\/www.radiopiu.net\/wordpress\/wp-content\/uploads\/2025\/06\/foto-4.jpeg'><img loading=\"lazy\" decoding=\"async\" width=\"300\" height=\"200\" src=\"https:\/\/www.radiopiu.net\/wordpress\/wp-content\/uploads\/2025\/06\/foto-4-300x200.jpeg\" class=\"attachment-medium size-medium\" alt=\"\" srcset=\"https:\/\/www.radiopiu.net\/wordpress\/wp-content\/uploads\/2025\/06\/foto-4-300x200.jpeg 300w, https:\/\/www.radiopiu.net\/wordpress\/wp-content\/uploads\/2025\/06\/foto-4-1024x682.jpeg 1024w, https:\/\/www.radiopiu.net\/wordpress\/wp-content\/uploads\/2025\/06\/foto-4-768x512.jpeg 768w, https:\/\/www.radiopiu.net\/wordpress\/wp-content\/uploads\/2025\/06\/foto-4-1536x1024.jpeg 1536w, https:\/\/www.radiopiu.net\/wordpress\/wp-content\/uploads\/2025\/06\/foto-4-2048x1365.jpeg 2048w\" sizes=\"auto, (max-width: 300px) 100vw, 300px\" \/><\/a>\n\t\t\t\t<\/dt><\/dl><br style=\"clear: both\" \/>\n\t\t\t<\/div>\n\n<p>&nbsp;<\/p>\n<hr \/>\n<p>&nbsp;<\/p>\n<blockquote>\n<h3><a class=\"dt-pswp-item\" href=\"https:\/\/www.radiopiu.net\/wordpress\/wp-content\/uploads\/2025\/06\/JKDHUOA.jpg\" data-dt-img-description=\"\" data-large_image_width=\"713\" data-large_image_height=\"501\"><img loading=\"lazy\" decoding=\"async\" class=\" wp-image-453622 alignleft\" src=\"https:\/\/www.radiopiu.net\/wordpress\/wp-content\/uploads\/2025\/06\/JKDHUOA-300x211.jpg\" alt=\"\" width=\"160\" height=\"112\" srcset=\"https:\/\/www.radiopiu.net\/wordpress\/wp-content\/uploads\/2025\/06\/JKDHUOA-300x211.jpg 300w, https:\/\/www.radiopiu.net\/wordpress\/wp-content\/uploads\/2025\/06\/JKDHUOA.jpg 713w\" sizes=\"auto, (max-width: 160px) 100vw, 160px\" \/><\/a>OPEN DAY EMICRANIA: INIZIATIVA A FELTRE<\/h3>\n<\/blockquote>\n<p><strong>FELTRE <\/strong>In occasione dell\u2019iniziativa promossa dalla Fondazione Onda, Osservatorio nazionale sulla salute della donna e di genere, dedicata all\u2019emicrania, l\u2019Ulss Dolomiti promuove un momento di incontro aperto alla cittadinanza. L\u2019appuntamento, ad accesso libero, \u00e8 per gioved\u00ec\u00a0 dalle 17.00 alle 19.00 nella sala convegni dell\u2019Ospedale di Feltre per un incontro con gli esperti dal titolo \u201cIl mal di testa: saperne di pi\u00f9 per saper affrontare\u201d.<\/p>\n<p>&nbsp;<\/p>\n<p>&nbsp;<\/p>\n<hr \/>\n<p>&nbsp;<\/p>\n<blockquote>\n<h3>PROSSIMO APPUNTAMENTO CON \u201c I GIOVED\u00cc DELLA SALUTE\u201d A BELLUNO<\/h3>\n<\/blockquote>\n<p><strong><a class=\"dt-pswp-item\" href=\"https:\/\/www.radiopiu.net\/wordpress\/wp-content\/uploads\/2025\/06\/LWYGUALNGA.jpg\" data-dt-img-description=\"\" data-large_image_width=\"907\" data-large_image_height=\"702\"><img loading=\"lazy\" decoding=\"async\" class=\" wp-image-453621 alignleft\" src=\"https:\/\/www.radiopiu.net\/wordpress\/wp-content\/uploads\/2025\/06\/LWYGUALNGA-300x232.jpg\" alt=\"\" width=\"177\" height=\"137\" srcset=\"https:\/\/www.radiopiu.net\/wordpress\/wp-content\/uploads\/2025\/06\/LWYGUALNGA-300x232.jpg 300w, https:\/\/www.radiopiu.net\/wordpress\/wp-content\/uploads\/2025\/06\/LWYGUALNGA-768x594.jpg 768w, https:\/\/www.radiopiu.net\/wordpress\/wp-content\/uploads\/2025\/06\/LWYGUALNGA.jpg 907w\" sizes=\"auto, (max-width: 177px) 100vw, 177px\" \/><\/a>BELLUNO <\/strong>Prosegue il ciclo di incontri informativi \u201cI Gioved\u00ec della Salute\u201d, organizzati dall\u2019Ulss Dolomiti e aperti a tutta la cittadinanza, per approfondire con i professionisti alcune tematiche legate alla promozione della salute e alla prevenzione. Il prossimo appuntamento si terr\u00e0 gioved\u00ec 19 giugno 2025 alle 17.30 nella sala convegni dell\u2019Ospedale di Belluno. Durante la serata si parler\u00e0 di cirrosi epatica con Francesco Minniti &#8211; Direttore Medicina Agordo, Ilaria Bortoluzzi &#8211; Gastroenterologia Belluno e Leonardo De Marco &#8211; Medicina Belluno. Durante l\u2019incontro sar\u00e0 approfondito cos\u2019\u00e8 la cirrosi epatica, quali sono i sintomi e la possibile evoluzione della malattia, come si pu\u00f2 prevenire e come si pu\u00f2 trattare.<\/p>\n<p>&nbsp;<\/p>\n<p>&nbsp;<\/p>\n<hr \/>\n<p>&nbsp;<\/p>\n<blockquote>\n<h3>SAGRA DEL CAMPANOT 2025: TRENT\u2019ANNI DI TRADIZIONE, MUSICA E GASTRONOMIA ECO-SOSTENIBILE<\/h3>\n<\/blockquote>\n<p><strong><a class=\"dt-pswp-item\" href=\"https:\/\/www.radiopiu.net\/wordpress\/wp-content\/uploads\/2025\/06\/CAMPANOT-2025.jpg\" data-dt-img-description=\"\" data-large_image_width=\"818\" data-large_image_height=\"580\"><img loading=\"lazy\" decoding=\"async\" class=\" wp-image-453191 alignleft\" src=\"https:\/\/www.radiopiu.net\/wordpress\/wp-content\/uploads\/2025\/06\/CAMPANOT-2025-300x213.jpg\" alt=\"\" width=\"194\" height=\"138\" srcset=\"https:\/\/www.radiopiu.net\/wordpress\/wp-content\/uploads\/2025\/06\/CAMPANOT-2025-300x213.jpg 300w, https:\/\/www.radiopiu.net\/wordpress\/wp-content\/uploads\/2025\/06\/CAMPANOT-2025-768x545.jpg 768w, https:\/\/www.radiopiu.net\/wordpress\/wp-content\/uploads\/2025\/06\/CAMPANOT-2025.jpg 818w\" sizes=\"auto, (max-width: 194px) 100vw, 194px\" \/><\/a>BELLUNO <\/strong>Torna dal 20 al 29 giugno 2025 a Castion (Belluno) la 30\u00aa edizione della Sagra del Campanot, evento estivo tra i pi\u00f9 importanti del territorio, organizzato dalla Pro Loco Pieve Castionese. Riconosciuta \u201cSagra di qualit\u00e0\u201d e EcoSagra, promuove tradizione, cultura, gastronomia e sostenibilit\u00e0 con pratiche ambientali come stoviglie lavabili e raccolta differenziata. Il ricco programma prevede otto giorni di concerti con artisti come Gianmarco Bagutti, Punkreas e DJ, spettacoli per famiglie, mostre, tornei sportivi, visite guidate e attivit\u00e0 per bambini. Due giornate speciali sono dedicate ai pi\u00f9 piccoli e alla cultura tirolese. La sagra offre anche un\u2019ampia proposta gastronomica, con piatti tipici bellunesi, cucina vegetariana e vini locali. Il presidente Maurizio Fontanelle sottolinea l\u2019importanza di questo traguardo, frutto di 30 anni di volontariato e collaborazione.<\/p>\n<p>&nbsp;<\/p>\n<p>&nbsp;<\/p>\n<hr \/>\n<p>&nbsp;<\/p>\n<blockquote>\n<h3>VISITA GUIDATA AL GIARDINO BOTANICO DEL MONTE FAVERGHERA: UN\u2019ESPERIENZA NELLA NATURA ALPINA<\/h3>\n<\/blockquote>\n<p><strong>BELLUNO <\/strong>Domenica 22 giugno si terr\u00e0 una visita guidata al Giardino Botanico delle Alpi Orientali sul Monte Faverghera, organizzata dalla Pro Loco Pieve Castionese con i Carabinieri per la Biodiversit\u00e0. Il giardino, rinato grazie alla gestione dei Carabinieri, custodisce specie rare e ambienti unici, offrendo uno spettacolo naturale emozionante. Parte della Riserva Naturale Integrale del Monte Faverghera, fu creato negli anni \u201950 da Virginio Rotelli e Francesco Caldart. Il ritrovo \u00e8 alle 9:30 presso il parcheggio vicino al Ristorante La Casera. L\u2019attivit\u00e0, gratuita e a numero limitato, richiede prenotazione entro venerd\u00ec 20 giugno. Conferma prevista sabato 21, in base al meteo. Si consiglia abbigliamento da escursione.<\/p>\n<p>&nbsp;<\/p>\n<p>&nbsp;<\/p>\n<hr \/>\n<p>&nbsp;<\/p>\n<blockquote>\n<h3><a class=\"dt-pswp-item\" href=\"https:\/\/www.radiopiu.net\/wordpress\/wp-content\/uploads\/2025\/06\/Locandina_eventi_Brasile-1.jpg\" data-dt-img-description=\"\" data-large_image_width=\"1190\" data-large_image_height=\"1683\"><img loading=\"lazy\" decoding=\"async\" class=\" wp-image-452816 alignleft\" src=\"https:\/\/www.radiopiu.net\/wordpress\/wp-content\/uploads\/2025\/06\/Locandina_eventi_Brasile-1-212x300.jpg\" alt=\"\" width=\"161\" height=\"228\" srcset=\"https:\/\/www.radiopiu.net\/wordpress\/wp-content\/uploads\/2025\/06\/Locandina_eventi_Brasile-1-212x300.jpg 212w, https:\/\/www.radiopiu.net\/wordpress\/wp-content\/uploads\/2025\/06\/Locandina_eventi_Brasile-1-724x1024.jpg 724w, https:\/\/www.radiopiu.net\/wordpress\/wp-content\/uploads\/2025\/06\/Locandina_eventi_Brasile-1-768x1086.jpg 768w, https:\/\/www.radiopiu.net\/wordpress\/wp-content\/uploads\/2025\/06\/Locandina_eventi_Brasile-1-1086x1536.jpg 1086w, https:\/\/www.radiopiu.net\/wordpress\/wp-content\/uploads\/2025\/06\/Locandina_eventi_Brasile-1.jpg 1190w\" sizes=\"auto, (max-width: 161px) 100vw, 161px\" \/><\/a>MIGRAZIONI, LINGUA E MEMORIA: TRE INCONTRI CULTURALI AL MUSEO ETNOGRAFICO DOLOMITI<\/h3>\n<\/blockquote>\n<p><strong>CESIOMAGGIORE <\/strong>Dal 13 giugno, il Museo Etnografico Dolomiti propone una rassegna di tre eventi dedicati all\u2019emigrazione italiana in Brasile, con focus sulla regione del Rio Grande Do Sul e sul patrimonio culturale delle comunit\u00e0 italo-brasiliane. La rassegna accompagna la mostra fotografica <em data-start=\"365\" data-end=\"401\">Brasile. Tra due mondi, una storia<\/em>, realizzata per i 150 anni dell\u2019emigrazione italiana in Brasile e curata dal fotografo italo-brasiliano Luis Tadeu Vilani. Il 27 giugno, la linguista Loredana Corr\u00e0 esplorer\u00e0 la lingua <em data-start=\"704\" data-end=\"712\">talian<\/em>, seguita dall\u2019antropologa Daniela Perco che approfondir\u00e0 le tradizioni orali italo-brasiliane. L\u2019evento conclusivo, il 4 luglio, sar\u00e0 la presentazione del romanzo <em data-start=\"876\" data-end=\"896\">Piero fa la Merica<\/em> con l\u2019autore Paolo Malaguti, che narra l\u2019esperienza migratoria dal Veneto al Brasile. Tutti gli incontri inizieranno alle ore 18.00.<\/p>\n<p>&nbsp;<\/p>\n<p>&nbsp;<\/p>\n<hr \/>\n<p>&nbsp;<\/p>\n<blockquote>\n<h3><a class=\"dt-pswp-item\" href=\"https:\/\/www.radiopiu.net\/wordpress\/wp-content\/uploads\/2025\/06\/26a18d41-36fd-4384-82a2-6f6a20b6034e.jpg\" data-dt-img-description=\"\" data-large_image_width=\"901\" data-large_image_height=\"1600\"><img loading=\"lazy\" decoding=\"async\" class=\" wp-image-453423 alignleft\" src=\"https:\/\/www.radiopiu.net\/wordpress\/wp-content\/uploads\/2025\/06\/26a18d41-36fd-4384-82a2-6f6a20b6034e-169x300.jpg\" alt=\"\" width=\"76\" height=\"135\" srcset=\"https:\/\/www.radiopiu.net\/wordpress\/wp-content\/uploads\/2025\/06\/26a18d41-36fd-4384-82a2-6f6a20b6034e-169x300.jpg 169w, https:\/\/www.radiopiu.net\/wordpress\/wp-content\/uploads\/2025\/06\/26a18d41-36fd-4384-82a2-6f6a20b6034e-577x1024.jpg 577w, https:\/\/www.radiopiu.net\/wordpress\/wp-content\/uploads\/2025\/06\/26a18d41-36fd-4384-82a2-6f6a20b6034e-768x1364.jpg 768w, https:\/\/www.radiopiu.net\/wordpress\/wp-content\/uploads\/2025\/06\/26a18d41-36fd-4384-82a2-6f6a20b6034e-865x1536.jpg 865w, https:\/\/www.radiopiu.net\/wordpress\/wp-content\/uploads\/2025\/06\/26a18d41-36fd-4384-82a2-6f6a20b6034e.jpg 901w\" sizes=\"auto, (max-width: 76px) 100vw, 76px\" \/><\/a>CONCERTO TRA LE VIGNE CON IL GRUPPO VOCALE CRYSTAL TEARS<\/h3>\n<\/blockquote>\n<p><strong>BORGO VALBELLUNA <\/strong>Domenica 22 giugno 2025 alle 20.30, tra le vigne di Poggio Pagnan (Mel di Borgo Valbelluna), si terr\u00e0 il concerto \u201cLuci care, luci belle\u201d del Gruppo Vocale Crystal Tears, diretto da Elettra De Biasi. Voci e clarinetti daranno vita a un viaggio musicale tra classica e contemporanea, con brani di Haydn, Mozart, Beethoven e prime assolute di compositori locali. Protagonisti: quattro talentuosi clarinettisti, tra cui il maestro Alessandro Muscatello. L\u2019evento, gratuito e immerso nella natura, \u00e8 patrocinato dal Comune e organizzato con Art Dolomites e Poggio Pagnan.<\/p>\n<p>&nbsp;<\/p>\n<p>&nbsp;<\/p>\n<hr \/>\n<p>&nbsp;<\/p>\n<blockquote>\n<h3>BELLUNO PROVINCIA AUTONOMA? IL DIBATTITO RIACCENDE UN TEMA STORICO A 40 ANNI DAL CONVEGNO DEL 1981<\/h3>\n<\/blockquote>\n<p><strong><a class=\"dt-pswp-item\" href=\"https:\/\/www.radiopiu.net\/wordpress\/wp-content\/uploads\/2025\/06\/8244656d-8053-4d38-93ef-ea93585da7a1.jpg\" data-dt-img-description=\"\" data-large_image_width=\"1600\" data-large_image_height=\"1149\"><img loading=\"lazy\" decoding=\"async\" class=\" wp-image-453982 alignleft\" src=\"https:\/\/www.radiopiu.net\/wordpress\/wp-content\/uploads\/2025\/06\/8244656d-8053-4d38-93ef-ea93585da7a1-300x215.jpg\" alt=\"\" width=\"222\" height=\"159\" srcset=\"https:\/\/www.radiopiu.net\/wordpress\/wp-content\/uploads\/2025\/06\/8244656d-8053-4d38-93ef-ea93585da7a1-300x215.jpg 300w, https:\/\/www.radiopiu.net\/wordpress\/wp-content\/uploads\/2025\/06\/8244656d-8053-4d38-93ef-ea93585da7a1-1024x735.jpg 1024w, https:\/\/www.radiopiu.net\/wordpress\/wp-content\/uploads\/2025\/06\/8244656d-8053-4d38-93ef-ea93585da7a1-768x552.jpg 768w, https:\/\/www.radiopiu.net\/wordpress\/wp-content\/uploads\/2025\/06\/8244656d-8053-4d38-93ef-ea93585da7a1-1536x1103.jpg 1536w, https:\/\/www.radiopiu.net\/wordpress\/wp-content\/uploads\/2025\/06\/8244656d-8053-4d38-93ef-ea93585da7a1.jpg 1600w\" sizes=\"auto, (max-width: 222px) 100vw, 222px\" \/><\/a>DI ROBERTO BONA<\/strong><\/p>\n<p>\u201cBelluno: provincia autonoma?\u201d. Su questo tema, che da qualche tempo \u00e8 tornato di grande attualit\u00e0, qualcosa come oltre quarant\u2019anni fa, esattamente il 7 novembre 1981, l\u2019Associazione stampa bellunese presieduta da Renato Bona (con lui nella foto l\u2019allora sindaco Mario Neri, il prefetto Alessandro Vitelli Casella ed il vice presidente Asb don Gigetto De Bortoli) organizz\u00f2 un convegno le cui conclusioni furono affidate al sottosegretario agli interni Marino Corder. Il servizio fotografico fu opera offerta dal fotoreporter bellunese Giuseppe \u201cBepi\u201d Zanfron; iniziativa editoriale di Edizioni Radioteledolomiti Belluno. Larghissima la partecipazione. Intervennero con relazioni o proposte: Gianfranco Orsini, Mario De Nard, Vincenzo Barcelloni, Attilio Bandiera, Luigino Buratto, Alberto Curti, Sergio Reolon, Alfredo Giotto, Giorgio Granzotto, Achille Reolon, Aleandro Fusaro, Giuseppe Vecellio, Emilio Neri, Marino Corder, Antonio Scotton, Bartolomeo Zanenga, Giovambattista Pellegrini, Renzo Fant, Angelo Tanzarella, Vitaliano Fortunati, Edy Demenego, Livio Cassol, Claudio Negrisolo, Giancandido De Martin, Franco Rocchetta. Largo spazio venne dedicato all\u2019esame della proposta di legge costituzionale a firma del deputato bellunese Gianfranco Orsini: 23 articoli in tutto. Particolarmente significativo l\u2019ottavo: \u201cAlla Provincia di Belluno, oltre alle entrate previste dalle leggi della Repubblica e della Regione Veneto, sono attribuiti i nove decimi del gettito dell\u2019imposta locale sul <a class=\"dt-pswp-item\" href=\"https:\/\/www.radiopiu.net\/wordpress\/wp-content\/uploads\/2025\/06\/412a07fa-5717-4036-bfab-2385938935b7.jpg\" data-dt-img-description=\"\" data-large_image_width=\"1590\" data-large_image_height=\"1600\"><img loading=\"lazy\" decoding=\"async\" class=\" wp-image-453983 alignright\" src=\"https:\/\/www.radiopiu.net\/wordpress\/wp-content\/uploads\/2025\/06\/412a07fa-5717-4036-bfab-2385938935b7-298x300.jpg\" alt=\"\" width=\"168\" height=\"169\" srcset=\"https:\/\/www.radiopiu.net\/wordpress\/wp-content\/uploads\/2025\/06\/412a07fa-5717-4036-bfab-2385938935b7-298x300.jpg 298w, https:\/\/www.radiopiu.net\/wordpress\/wp-content\/uploads\/2025\/06\/412a07fa-5717-4036-bfab-2385938935b7-1018x1024.jpg 1018w, https:\/\/www.radiopiu.net\/wordpress\/wp-content\/uploads\/2025\/06\/412a07fa-5717-4036-bfab-2385938935b7-150x150.jpg 150w, https:\/\/www.radiopiu.net\/wordpress\/wp-content\/uploads\/2025\/06\/412a07fa-5717-4036-bfab-2385938935b7-768x773.jpg 768w, https:\/\/www.radiopiu.net\/wordpress\/wp-content\/uploads\/2025\/06\/412a07fa-5717-4036-bfab-2385938935b7-1526x1536.jpg 1526w, https:\/\/www.radiopiu.net\/wordpress\/wp-content\/uploads\/2025\/06\/412a07fa-5717-4036-bfab-2385938935b7.jpg 1590w\" sizes=\"auto, (max-width: 168px) 100vw, 168px\" \/><\/a>reddito dominicale ed agrario dei terreni e sul reddito dei fabbricati situati nel territorio della provincia; dell\u2019imposta sul reddito delle persone fisiche; dell\u2019imposta sul reddito delle persone giuridiche; dell\u2019imposta erariale riscossa dalla Regione per l\u2019energia elettrica ed il gas consumati nel territorio della provincia; delle imposte di fabbricazione sugli spiriti, sulla birra e sui filati riscosse nella provincia; dei proventi del monopolio sui tabacchi per le vendite afferenti il territorio provinciale e limitatamente alla parte da considerarsi come imposta di consumo; dei canoni annuali riscossi dallo Stato per le concessioni di derivazione di acque pubbliche a scopo idroelettrico; dei proventi doganali riscossi nella provincia relativi alle imposte erariali sul consumo di caff\u00e8 e del cacao, ai dazi doganali, alle sovrimposte di confine e ai diritti per le visite sanitarie del bestiame e dei prodotti animali\u201d.<\/p>\n<p>&nbsp;<\/p>\n<p>&nbsp;<\/p>\n<hr \/>\n<p>&nbsp;<\/p>\n<h1><span style=\"color: #ff6600;\">ALLA RADIO<\/span><\/h1>\n<h2><span style=\"color: #00ccff;\">DUE MINUTI PER TE<\/span><\/h2>\n<p><strong><a class=\"dt-pswp-item\" href=\"https:\/\/www.radiopiu.net\/wordpress\/wp-content\/uploads\/2020\/12\/DON-GIORGIO-LISE.jpg\" data-dt-img-description=\"\" data-large_image_width=\"1600\" data-large_image_height=\"901\"><img loading=\"lazy\" decoding=\"async\" class=\" wp-image-177420 alignleft\" src=\"https:\/\/www.radiopiu.net\/wordpress\/wp-content\/uploads\/2020\/12\/DON-GIORGIO-LISE-300x169.jpg\" alt=\"\" width=\"208\" height=\"117\" srcset=\"https:\/\/www.radiopiu.net\/wordpress\/wp-content\/uploads\/2020\/12\/DON-GIORGIO-LISE-300x169.jpg 300w, https:\/\/www.radiopiu.net\/wordpress\/wp-content\/uploads\/2020\/12\/DON-GIORGIO-LISE-1024x577.jpg 1024w, https:\/\/www.radiopiu.net\/wordpress\/wp-content\/uploads\/2020\/12\/DON-GIORGIO-LISE-768x432.jpg 768w, https:\/\/www.radiopiu.net\/wordpress\/wp-content\/uploads\/2020\/12\/DON-GIORGIO-LISE-1536x865.jpg 1536w, https:\/\/www.radiopiu.net\/wordpress\/wp-content\/uploads\/2020\/12\/DON-GIORGIO-LISE.jpg 1600w\" sizes=\"auto, (max-width: 208px) 100vw, 208px\" \/><\/a>APPUNTAMENTO DELLA DOMENICA CON IL PENSIERO DI MONSIGNOR GIORGIO LISE<\/strong><\/p>\n<audio class=\"wp-audio-shortcode\" id=\"audio-453827-6\" preload=\"none\" style=\"width: 100%;\" controls=\"controls\"><source type=\"audio\/mpeg\" src=\"https:\/\/www.radiopiu.net\/wordpress\/wp-content\/uploads\/2025\/06\/DON-GIORGIO-1.mp3?_=6\" \/><a href=\"https:\/\/www.radiopiu.net\/wordpress\/wp-content\/uploads\/2025\/06\/DON-GIORGIO-1.mp3\">https:\/\/www.radiopiu.net\/wordpress\/wp-content\/uploads\/2025\/06\/DON-GIORGIO-1.mp3<\/a><\/audio>\n<p>&nbsp;<\/p>\n<p>&nbsp;<\/p>\n<hr \/>\n<p>&nbsp;<\/p>\n<h2><span style=\"color: #ff0000;\">LA RASSEGNA STAMPA DA L&#8217;AMICO DEL POPOLO<\/span><\/h2>\n<p><strong><a class=\"dt-pswp-item\" href=\"https:\/\/www.radiopiu.net\/wordpress\/wp-content\/uploads\/2023\/09\/GruppoFolkPoi.jpg\" data-dt-img-description=\"\" data-large_image_width=\"1194\" data-large_image_height=\"891\"><img loading=\"lazy\" decoding=\"async\" class=\" wp-image-353170 alignleft\" src=\"https:\/\/www.radiopiu.net\/wordpress\/wp-content\/uploads\/2023\/09\/GruppoFolkPoi-300x224.jpg\" alt=\"\" width=\"214\" height=\"160\" srcset=\"https:\/\/www.radiopiu.net\/wordpress\/wp-content\/uploads\/2023\/09\/GruppoFolkPoi-300x224.jpg 300w, https:\/\/www.radiopiu.net\/wordpress\/wp-content\/uploads\/2023\/09\/GruppoFolkPoi-1024x764.jpg 1024w, https:\/\/www.radiopiu.net\/wordpress\/wp-content\/uploads\/2023\/09\/GruppoFolkPoi-768x573.jpg 768w, https:\/\/www.radiopiu.net\/wordpress\/wp-content\/uploads\/2023\/09\/GruppoFolkPoi.jpg 1194w\" sizes=\"auto, (max-width: 214px) 100vw, 214px\" \/><\/a>DI GIANNI SANTOMASO<\/strong><\/p>\n<p>OSPITE: Gabriele Riva<\/p>\n<audio class=\"wp-audio-shortcode\" id=\"audio-453827-7\" preload=\"none\" style=\"width: 100%;\" controls=\"controls\"><source type=\"audio\/mpeg\" src=\"https:\/\/www.radiopiu.net\/wordpress\/wp-content\/uploads\/2025\/06\/RASSEGNA-GIANNI-1.mp3?_=7\" \/><a href=\"https:\/\/www.radiopiu.net\/wordpress\/wp-content\/uploads\/2025\/06\/RASSEGNA-GIANNI-1.mp3\">https:\/\/www.radiopiu.net\/wordpress\/wp-content\/uploads\/2025\/06\/RASSEGNA-GIANNI-1.mp3<\/a><\/audio>\n<p>&nbsp;<\/p>\n<hr \/>\n<p>&nbsp;<\/p>\n<blockquote class=\"wp-embedded-content\" data-secret=\"QyC46m0LQb\"><p><a href=\"https:\/\/www.radiopiu.net\/wordpress\/piu-siamo-con-marina-dal-09-al-13-giugno-2025\/\">PIU&#8217; SIAMO&#8230;CON MARINA &#8211; DAL 09 AL 13 GIUGNO 2025<\/a><\/p><\/blockquote>\n<p><iframe loading=\"lazy\" class=\"wp-embedded-content\" sandbox=\"allow-scripts\" security=\"restricted\" style=\"position: absolute; visibility: hidden;\" title=\"&#8220;PIU&#8217; SIAMO&#8230;CON MARINA &#8211; DAL 09 AL 13 GIUGNO 2025&#8221; &#8212; Radio Pi\u00f9\" src=\"https:\/\/www.radiopiu.net\/wordpress\/piu-siamo-con-marina-dal-09-al-13-giugno-2025\/embed\/#?secret=C5twNMXuPs#?secret=QyC46m0LQb\" data-secret=\"QyC46m0LQb\" width=\"600\" height=\"338\" frameborder=\"0\" marginwidth=\"0\" marginheight=\"0\" scrolling=\"no\"><\/iframe><\/p>\n<p>&nbsp;<\/p>\n<hr \/>\n<p>&nbsp;<\/p>\n<h2><span style=\"color: #ff0000;\"><a class=\"dt-pswp-item\" href=\"https:\/\/www.radiopiu.net\/wordpress\/wp-content\/uploads\/2018\/09\/appuntamenti.jpeg\" data-dt-img-description=\"\" data-large_image_width=\"800\" data-large_image_height=\"100\"><img loading=\"lazy\" decoding=\"async\" class=\"wp-image-61958 size-full aligncenter\" src=\"https:\/\/www.radiopiu.net\/wordpress\/wp-content\/uploads\/2018\/09\/appuntamenti.jpeg\" alt=\"\" width=\"800\" height=\"100\" srcset=\"https:\/\/www.radiopiu.net\/wordpress\/wp-content\/uploads\/2018\/09\/appuntamenti.jpeg 800w, https:\/\/www.radiopiu.net\/wordpress\/wp-content\/uploads\/2018\/09\/appuntamenti-300x38.jpeg 300w, https:\/\/www.radiopiu.net\/wordpress\/wp-content\/uploads\/2018\/09\/appuntamenti-768x96.jpeg 768w\" sizes=\"auto, (max-width: 800px) 100vw, 800px\" \/><\/a><\/span><\/h2>\n<p>&nbsp;<\/p>\n<div>\n<div class=\"\" dir=\"auto\">\n<div id=\":r9h:\" class=\"x1iorvi4 x1pi30zi x1l90r2v x1swvt13\" data-ad-comet-preview=\"message\" data-ad-preview=\"message\">\n<div class=\"\" dir=\"auto\">\n<div id=\":r9h:\" class=\"x1iorvi4 x1pi30zi x1l90r2v x1swvt13\" data-ad-comet-preview=\"message\" data-ad-preview=\"message\">\n<div class=\"\" dir=\"auto\">\n<div id=\":r9h:\" class=\"x1iorvi4 x1pi30zi x1l90r2v x1swvt13\" data-ad-comet-preview=\"message\" data-ad-preview=\"message\">\n<div class=\"\" dir=\"auto\">\n<div id=\":r9h:\" class=\"x1iorvi4 x1pi30zi x1l90r2v x1swvt13\" data-ad-comet-preview=\"message\" data-ad-preview=\"message\">\n<div>\n<div class=\"\" dir=\"auto\">\n<div id=\":r9h:\" class=\"x1iorvi4 x1pi30zi x1l90r2v x1swvt13\" data-ad-comet-preview=\"message\" data-ad-preview=\"message\">\n<div>\n<div class=\"\" dir=\"auto\">\n<div id=\":r9h:\" class=\"x1iorvi4 x1pi30zi x1l90r2v x1swvt13\" data-ad-comet-preview=\"message\" data-ad-preview=\"message\">\n<div class=\"xdj266r x11i5rnm xat24cr x1mh8g0r x1vvkbs x126k92a\">\n<div dir=\"auto\"><\/div>\n<\/div>\n<div>\n<div class=\"\" dir=\"auto\">\n<div id=\":r9h:\" class=\"x1iorvi4 x1pi30zi x1l90r2v x1swvt13\" data-ad-comet-preview=\"message\" data-ad-preview=\"message\">\n<div>\n<div class=\"\" dir=\"auto\">\n<div id=\":r9h:\" class=\"x1iorvi4 x1pi30zi x1l90r2v x1swvt13\" data-ad-comet-preview=\"message\" data-ad-preview=\"message\">\n\n\t\t\t<style type='text\/css'>\n\t\t\t\t#gallery-14 {\n\t\t\t\t\tmargin: auto;\n\t\t\t\t}\n\t\t\t\t#gallery-14 .gallery-item {\n\t\t\t\t\tfloat: left;\n\t\t\t\t\tmargin-top: 10px;\n\t\t\t\t\ttext-align: center;\n\t\t\t\t\twidth: 25%;\n\t\t\t\t}\n\t\t\t\t#gallery-14 img {\n\t\t\t\t\tborder: 2px solid #cfcfcf;\n\t\t\t\t}\n\t\t\t\t#gallery-14 .gallery-caption {\n\t\t\t\t\tmargin-left: 0;\n\t\t\t\t}\n\t\t\t\t\/* see gallery_shortcode() in wp-includes\/media.php *\/\n\t\t\t<\/style>\n\t\t<div id='gallery-14' class='dt-gallery-container gallery galleryid-453827 gallery-columns-4 gallery-size-thumbnail'><dl class='gallery-item'>\n\t\t\t\t<dt class='gallery-icon portrait'>\n\t\t\t\t\t<a class=\"rollover rollover-zoom dt-pswp-item\" title=\"Locandina mostra gagliardetti radioe tv\" data-dt-img-description=\"\" data-large_image_width=\"1052\" data-large_image_height=\"1488\"href='https:\/\/www.radiopiu.net\/wordpress\/wp-content\/uploads\/2025\/05\/Locandina-mostra-gagliardetti-radioe-tv.jpg'><img loading=\"lazy\" decoding=\"async\" width=\"150\" height=\"150\" src=\"https:\/\/www.radiopiu.net\/wordpress\/wp-content\/uploads\/2025\/05\/Locandina-mostra-gagliardetti-radioe-tv-150x150.jpg\" class=\"attachment-thumbnail size-thumbnail\" alt=\"\" \/><\/a>\n\t\t\t\t<\/dt><\/dl><dl class='gallery-item'>\n\t\t\t\t<dt class='gallery-icon portrait'>\n\t\t\t\t\t<a class=\"rollover rollover-zoom dt-pswp-item\" title=\"ARSON\" data-dt-img-description=\"\" data-large_image_width=\"841\" data-large_image_height=\"1190\"href='https:\/\/www.radiopiu.net\/wordpress\/wp-content\/uploads\/2025\/05\/ARSON.jpg'><img loading=\"lazy\" decoding=\"async\" width=\"150\" height=\"150\" src=\"https:\/\/www.radiopiu.net\/wordpress\/wp-content\/uploads\/2025\/05\/ARSON-150x150.jpg\" class=\"attachment-thumbnail size-thumbnail\" alt=\"\" \/><\/a>\n\t\t\t\t<\/dt><\/dl><dl class='gallery-item'>\n\t\t\t\t<dt class='gallery-icon portrait'>\n\t\t\t\t\t<a class=\"rollover rollover-zoom dt-pswp-item\" title=\"Locandina_eventi_Brasile (1)\" data-dt-img-description=\"\" data-large_image_width=\"1190\" data-large_image_height=\"1683\"href='https:\/\/www.radiopiu.net\/wordpress\/wp-content\/uploads\/2025\/06\/Locandina_eventi_Brasile-1.jpg'><img loading=\"lazy\" decoding=\"async\" width=\"150\" height=\"150\" src=\"https:\/\/www.radiopiu.net\/wordpress\/wp-content\/uploads\/2025\/06\/Locandina_eventi_Brasile-1-150x150.jpg\" class=\"attachment-thumbnail size-thumbnail\" alt=\"\" \/><\/a>\n\t\t\t\t<\/dt><\/dl><dl class='gallery-item'>\n\t\t\t\t<dt class='gallery-icon portrait'>\n\t\t\t\t\t<a class=\"rollover rollover-zoom dt-pswp-item\" title=\"Locandina Sagra di San Giovanni 2025\" data-dt-img-description=\"\" data-large_image_width=\"814\" data-large_image_height=\"1600\"href='https:\/\/www.radiopiu.net\/wordpress\/wp-content\/uploads\/2025\/06\/Locandina-Sagra-di-San-Giovanni-2025.jpg'><img loading=\"lazy\" decoding=\"async\" width=\"150\" height=\"150\" src=\"https:\/\/www.radiopiu.net\/wordpress\/wp-content\/uploads\/2025\/06\/Locandina-Sagra-di-San-Giovanni-2025-150x150.jpg\" class=\"attachment-thumbnail size-thumbnail\" alt=\"\" \/><\/a>\n\t\t\t\t<\/dt><\/dl><br style=\"clear: both\" \/><dl class='gallery-item'>\n\t\t\t\t<dt class='gallery-icon portrait'>\n\t\t\t\t\t<a class=\"rollover rollover-zoom dt-pswp-item\" title=\"17a1fc42-3517-41bb-8a12-ddda5bfbb98c\" data-dt-img-description=\"\" data-large_image_width=\"1000\" data-large_image_height=\"1401\"href='https:\/\/www.radiopiu.net\/wordpress\/wp-content\/uploads\/2025\/06\/17a1fc42-3517-41bb-8a12-ddda5bfbb98c.jpg'><img loading=\"lazy\" decoding=\"async\" width=\"150\" height=\"150\" src=\"https:\/\/www.radiopiu.net\/wordpress\/wp-content\/uploads\/2025\/06\/17a1fc42-3517-41bb-8a12-ddda5bfbb98c-150x150.jpg\" class=\"attachment-thumbnail size-thumbnail\" alt=\"\" \/><\/a>\n\t\t\t\t<\/dt><\/dl><dl class='gallery-item'>\n\t\t\t\t<dt class='gallery-icon portrait'>\n\t\t\t\t\t<a class=\"rollover rollover-zoom dt-pswp-item\" title=\"Locandina_cerimonia_19_giugno_2025\" data-dt-img-description=\"\" data-large_image_width=\"595\" data-large_image_height=\"842\"href='https:\/\/www.radiopiu.net\/wordpress\/wp-content\/uploads\/2025\/06\/Locandina_cerimonia_19_giugno_2025.jpg'><img loading=\"lazy\" decoding=\"async\" width=\"150\" height=\"150\" src=\"https:\/\/www.radiopiu.net\/wordpress\/wp-content\/uploads\/2025\/06\/Locandina_cerimonia_19_giugno_2025-150x150.jpg\" class=\"attachment-thumbnail size-thumbnail\" alt=\"\" \/><\/a>\n\t\t\t\t<\/dt><\/dl><dl class='gallery-item'>\n\t\t\t\t<dt class='gallery-icon portrait'>\n\t\t\t\t\t<a class=\"rollover rollover-zoom dt-pswp-item\" title=\"01a60090-5b9f-4e34-b7ab-1551e1661b7b\" data-dt-img-description=\"\" data-large_image_width=\"1131\" data-large_image_height=\"1600\"href='https:\/\/www.radiopiu.net\/wordpress\/wp-content\/uploads\/2025\/06\/01a60090-5b9f-4e34-b7ab-1551e1661b7b.jpg'><img loading=\"lazy\" decoding=\"async\" width=\"150\" height=\"150\" src=\"https:\/\/www.radiopiu.net\/wordpress\/wp-content\/uploads\/2025\/06\/01a60090-5b9f-4e34-b7ab-1551e1661b7b-150x150.jpg\" class=\"attachment-thumbnail size-thumbnail\" alt=\"\" \/><\/a>\n\t\t\t\t<\/dt><\/dl><dl class='gallery-item'>\n\t\t\t\t<dt class='gallery-icon portrait'>\n\t\t\t\t\t<a class=\"rollover rollover-zoom dt-pswp-item\" title=\"krampus\" data-dt-img-description=\"\" data-large_image_width=\"1414\" data-large_image_height=\"2000\"href='https:\/\/www.radiopiu.net\/wordpress\/wp-content\/uploads\/2025\/06\/krampus.jpg'><img loading=\"lazy\" decoding=\"async\" width=\"150\" height=\"150\" src=\"https:\/\/www.radiopiu.net\/wordpress\/wp-content\/uploads\/2025\/06\/krampus-150x150.jpg\" class=\"attachment-thumbnail size-thumbnail\" alt=\"\" \/><\/a>\n\t\t\t\t<\/dt><\/dl><br style=\"clear: both\" \/><dl class='gallery-item'>\n\t\t\t\t<dt class='gallery-icon portrait'>\n\t\t\t\t\t<a class=\"rollover rollover-zoom dt-pswp-item\" title=\"mostra_RotaSperti\" data-dt-img-description=\"\" data-large_image_width=\"1414\" data-large_image_height=\"2000\"href='https:\/\/www.radiopiu.net\/wordpress\/wp-content\/uploads\/2025\/06\/mostra_RotaSperti.png'><img loading=\"lazy\" decoding=\"async\" width=\"150\" height=\"150\" src=\"https:\/\/www.radiopiu.net\/wordpress\/wp-content\/uploads\/2025\/06\/mostra_RotaSperti-150x150.png\" class=\"attachment-thumbnail size-thumbnail\" alt=\"\" \/><\/a>\n\t\t\t\t<\/dt><\/dl>\n\t\t\t\t<br style='clear: both' \/>\n\t\t\t<\/div>\n\n<p>&nbsp;<\/p>\n<\/div>\n<\/div>\n<\/div>\n<\/div>\n<\/div>\n<\/div>\n<\/div>\n<\/div>\n<\/div>\n<\/div>\n<\/div>\n<\/div>\n<\/div>\n<\/div>\n<\/div>\n<\/div>\n<\/div>\n<\/div>\n<\/div>\n<\/div>\n<\/div>\n<div>\n<div class=\"\" dir=\"auto\">\n<div id=\":r9h:\" class=\"x1iorvi4 x1pi30zi x1l90r2v x1swvt13\" data-ad-comet-preview=\"message\" data-ad-preview=\"message\">\n<div class=\"\" dir=\"auto\">\n<div id=\":r9h:\" class=\"x1iorvi4 x1pi30zi x1l90r2v x1swvt13\" data-ad-comet-preview=\"message\" data-ad-preview=\"message\">\n<div class=\"\" dir=\"auto\">\n<div id=\":r9h:\" class=\"x1iorvi4 x1pi30zi x1l90r2v x1swvt13\" data-ad-comet-preview=\"message\" data-ad-preview=\"message\">\n<div class=\"\" dir=\"auto\">\n<div id=\":r9h:\" class=\"x1iorvi4 x1pi30zi x1l90r2v x1swvt13\" data-ad-comet-preview=\"message\" data-ad-preview=\"message\">\n<div>\n<div class=\"\" dir=\"auto\">\n<div id=\":r9h:\" class=\"x1iorvi4 x1pi30zi x1l90r2v x1swvt13\" data-ad-comet-preview=\"message\" data-ad-preview=\"message\">\n<div>\n<div class=\"\" dir=\"auto\">\n<div id=\":r9h:\" class=\"x1iorvi4 x1pi30zi x1l90r2v x1swvt13\" data-ad-comet-preview=\"message\" data-ad-preview=\"message\">\n<div class=\"xdj266r x11i5rnm xat24cr x1mh8g0r x1vvkbs x126k92a\">\n<div dir=\"auto\"><\/div>\n<\/div>\n<div>\n<div class=\"\" dir=\"auto\">\n<div id=\":r9h:\" class=\"x1iorvi4 x1pi30zi x1l90r2v x1swvt13\" data-ad-comet-preview=\"message\" data-ad-preview=\"message\">\n<div>\n<div class=\"\" dir=\"auto\">\n<div id=\":r9h:\" class=\"x1iorvi4 x1pi30zi x1l90r2v x1swvt13\" data-ad-comet-preview=\"message\" data-ad-preview=\"message\">\n<p>&nbsp;<\/p>\n<hr \/>\n<p>&nbsp;<\/p>\n<blockquote class=\"wp-embedded-content\" data-secret=\"sUksj8W3bl\"><p><a href=\"https:\/\/www.radiopiu.net\/wordpress\/i-pinguini-tattici-nucleari-a-treviso-per-il-hello-world-tour-2025\/\">I PINGUINI TATTICI NUCLEARI A TREVISO PER IL HELLO WORLD TOUR 2025<\/a><\/p><\/blockquote>\n<p><iframe loading=\"lazy\" class=\"wp-embedded-content\" sandbox=\"allow-scripts\" security=\"restricted\" style=\"position: absolute; visibility: hidden;\" title=\"&#8220;I PINGUINI TATTICI NUCLEARI A TREVISO PER IL HELLO WORLD TOUR 2025&#8221; &#8212; Radio Pi\u00f9\" src=\"https:\/\/www.radiopiu.net\/wordpress\/i-pinguini-tattici-nucleari-a-treviso-per-il-hello-world-tour-2025\/embed\/#?secret=nJHnLHDnz6#?secret=sUksj8W3bl\" data-secret=\"sUksj8W3bl\" width=\"600\" height=\"338\" frameborder=\"0\" marginwidth=\"0\" marginheight=\"0\" scrolling=\"no\"><\/iframe><\/p>\n<p>&nbsp;<\/p>\n<hr \/>\n<p>&nbsp;<\/p>\n<\/div>\n<\/div>\n<\/div>\n<\/div>\n<\/div>\n<\/div>\n<\/div>\n<\/div>\n<\/div>\n<\/div>\n<\/div>\n<\/div>\n<\/div>\n<\/div>\n<\/div>\n<\/div>\n<\/div>\n<\/div>\n<\/div>\n<\/div>\n<\/div>\n<p class=\"mceTemp\"><a class=\"dt-pswp-item\" href=\"https:\/\/www.radiopiu.net\/wordpress\/wp-content\/uploads\/2018\/09\/WhatsApp-Image-2018-09-20-at-16.04.06.jpeg\" data-dt-img-description=\"\" data-large_image_width=\"800\" data-large_image_height=\"100\"><img loading=\"lazy\" decoding=\"async\" class=\"wp-image-61378 size-full aligncenter\" src=\"https:\/\/www.radiopiu.net\/wordpress\/wp-content\/uploads\/2018\/09\/WhatsApp-Image-2018-09-20-at-16.04.06.jpeg\" alt=\"\" width=\"800\" height=\"100\" srcset=\"https:\/\/www.radiopiu.net\/wordpress\/wp-content\/uploads\/2018\/09\/WhatsApp-Image-2018-09-20-at-16.04.06.jpeg 800w, https:\/\/www.radiopiu.net\/wordpress\/wp-content\/uploads\/2018\/09\/WhatsApp-Image-2018-09-20-at-16.04.06-300x38.jpeg 300w, https:\/\/www.radiopiu.net\/wordpress\/wp-content\/uploads\/2018\/09\/WhatsApp-Image-2018-09-20-at-16.04.06-768x96.jpeg 768w\" sizes=\"auto, (max-width: 800px) 100vw, 800px\" \/><\/a><\/p>\n<p><center><\/center><center><\/center>&nbsp;<\/p>\n<p><center><b>OGGI<\/b><\/center>Tempo variabile a tratti instabile\/perturbato con fenomeni anche diffusi.<br \/>\n<b>Precipitazioni: <\/b>Nel corso della giornata ma soprattutto dalle ore centrali probabilit\u00e0 medio-alta di fenomeni frequenti, intermittenti da sparsi a diffusi anche a carattere di rovescio o di temporale con possibili locali fenomeni intensi, raffiche di vento e locali grandinate di piccole dimensioni.<br \/>\n<b>Temperature: <\/b>In diminuzione, anche sensibile le massime con minime misurate a fine giornata a tutte le quote e ancora superiori alla norma, massime prossime alle medie del periodo. Clima diurno pi\u00f9 fresco a tutte le quote rispetto ai giorni precedenti.<\/p>\n<hr \/>\n<p><center><b>DOMANI<\/b><\/center>Tempo variabile a tratti instabile specie nelle prime ore con residui fenomeni; schiarite gi\u00e0 in mattinata con rasserenamenti dal tardo pomeriggio\/sera.<br \/>\n<b>Precipitazioni: <\/b>Al mattino, specie nelle prime ore, probabilit\u00e0 medio-bassa di residue e modeste precipitazioni sparse soprattutto nell&#8217;area prealpina; in seguito, specie dopo l&#8217;alba, fenomeni assenti<br \/>\n<b>Temperature: <\/b>Minime in ulteriore lieve diminuzione, massime stazionarie o in lieve aumento, salvo un lieve calo in quota sulle Prealpi.<\/p>\n<hr \/>\n<p><center><b>MERCOLEDI<\/b><\/center>Tempo pi\u00f9 stabile e soleggiato rispetto ai giorni precedenti, specie al mattino, salvo innocui addensamenti a sviluppo cumuliforme specie vicino alle cime o i pendii dei rilievi. Temperature minime in lieve calo specie nelle valli, massime in contenuto aumento su valori leggermente superiori alla medie del periodo.<\/p>\n<hr \/>\n<p><center><b>GIOVEDI<\/b><\/center>Tempo stabile e soleggiato con modesti a tratti moderati annuvolamenti a carattere cumuliforme nelle ore calde, specie a ridosso delle cime o dei pendii rilievi con fenomeni in prevalenza assenti, salvo qualche occasionale fenomeno al pomeriggio\/sera. Temperature minime in lieve aumento, massime stazionarie o in lieve calo<\/p>\n<p>&nbsp;<\/p>\n<hr \/>\n<p>&nbsp;<\/p>\n<p class=\"mceTemp\"><a class=\"dt-pswp-item\" href=\"https:\/\/www.radiopiu.net\/wordpress\/wp-content\/uploads\/2018\/09\/sport.jpg\" data-dt-img-description=\"\" data-large_image_width=\"800\" data-large_image_height=\"100\"><img loading=\"lazy\" decoding=\"async\" class=\"aligncenter wp-image-60761 size-full\" src=\"https:\/\/www.radiopiu.net\/wordpress\/wp-content\/uploads\/2018\/09\/sport.jpg\" alt=\"\" width=\"800\" height=\"100\" srcset=\"https:\/\/www.radiopiu.net\/wordpress\/wp-content\/uploads\/2018\/09\/sport.jpg 800w, https:\/\/www.radiopiu.net\/wordpress\/wp-content\/uploads\/2018\/09\/sport-300x38.jpg 300w, https:\/\/www.radiopiu.net\/wordpress\/wp-content\/uploads\/2018\/09\/sport-768x96.jpg 768w\" sizes=\"auto, (max-width: 800px) 100vw, 800px\" \/> <\/a><\/p>\n<p class=\"mceTemp\"><span style=\"color: #0000ff;\"><strong>\u00a0 \u00a0 \u00a0 \u00a0 \u00a0 \u00a0 \u00a0\u00a0<\/strong><\/span><\/p>\n<p><strong><span style=\"color: #0000ff;\">CALCIO<\/span><\/strong><\/p>\n<blockquote>\n<h3>CAMPIONATO AGORDINO: IL TAIBON VIAGGIA A PUNTEGGIO PIENO<\/h3>\n<\/blockquote>\n<p><strong><a class=\"dt-pswp-item\" href=\"https:\/\/www.radiopiu.net\/wordpress\/wp-content\/uploads\/2023\/11\/calcio.jpg\" data-dt-img-description=\"\" data-large_image_width=\"1280\" data-large_image_height=\"853\"><img loading=\"lazy\" decoding=\"async\" class=\" wp-image-360218 alignleft\" src=\"https:\/\/www.radiopiu.net\/wordpress\/wp-content\/uploads\/2023\/11\/calcio-300x200.jpg\" alt=\"\" width=\"236\" height=\"157\" srcset=\"https:\/\/www.radiopiu.net\/wordpress\/wp-content\/uploads\/2023\/11\/calcio-300x200.jpg 300w, https:\/\/www.radiopiu.net\/wordpress\/wp-content\/uploads\/2023\/11\/calcio-1024x682.jpg 1024w, https:\/\/www.radiopiu.net\/wordpress\/wp-content\/uploads\/2023\/11\/calcio-768x512.jpg 768w, https:\/\/www.radiopiu.net\/wordpress\/wp-content\/uploads\/2023\/11\/calcio.jpg 1280w\" sizes=\"auto, (max-width: 236px) 100vw, 236px\" \/><\/a>DI MARCO GAZ<\/strong><\/p>\n<p><strong>REDAZIONE<\/strong> Continua la prima fase del Campionato Agordino di Calcio, Memorial Attilio Moretti. Una giornata spezzata in due giorni con tre partite al sabato e tre la domenica. Nel pomeriggio di sabato il La Valle ha incamerato i primi 3 punti della stagione vincendo in casa del Rivamonte rovinando i festeggiamenti per il santo patrono. Il Taibon continua a vincere e lo fa di misura contro il Le Ville in una partita che verr\u00e0 ricordata soprattutto per il brutto infortunio a Francesco Case. L\u2019Alleghe mette il bastione tra le ruote al Canale strappando un pareggio dopo una partita giocata alla pari. Il derby del Poi tra Voltago e Gosaldo termina a reti bianche, a Falcade il Fodom incamera la seconda vittoria consecutiva mentre il Vallada cala il poker al Cencenighe.<\/p>\n<p><strong>I RISULTATI <\/strong>Girone A: Rivamonte \u2013 La Valle 0-2, Taibon \u2013 Le Ville 1-0, Falcade\/Caviola \u2013 Fodom 1-3. Riposa il Caprile. Girone B: Alleghe \u2013 Canale 3-3, Voltago \u2013 Gosaldo 0-0, Cencenighe \u2013 Vallada 1-4.<\/p>\n<p><strong>LA CLASSIFICA<\/strong> Girone A: Taibon 9, Fodom 6, \u00a0La Valle 4, Rivamonte* e Le Ville* 3, Caprile* 1, Falcade\/Caviola 0 (* una partita in meno). Girone B: Voltago, Gosaldo e Canale 4, Vallada 3, Alleghe 1, Cencenighe 0<\/p>\n<p><strong>PROSSIMO TURNO<\/strong> Girone A: Mercoled\u00ec alle 20 Taibon \u2013 Rivamonte, alle 20:30 La Valle \u2013 Falcade\/Caviola e Le Ville \u2013 Caprile. Riposa il Fodom. Girone B: Sabato alle 20:30 Alleghe \u2013 Cencenighe. Domenica alle 16 Voltago \u2013 Vallada e Gosaldo \u2013 Canale.<\/p>\n<p>&nbsp;<\/p>\n<p><span style=\"color: #0000ff;\"><strong>PALLAVOLO<\/strong><\/span><\/p>\n<blockquote>\n<h3><a class=\"dt-pswp-item\" href=\"https:\/\/www.radiopiu.net\/wordpress\/wp-content\/uploads\/2025\/06\/Cengia_in_fase_di_riscaldamento.jpg\" data-dt-img-description=\"\" data-large_image_width=\"1431\" data-large_image_height=\"1310\"><img loading=\"lazy\" decoding=\"async\" class=\" wp-image-453835 alignleft\" src=\"https:\/\/www.radiopiu.net\/wordpress\/wp-content\/uploads\/2025\/06\/Cengia_in_fase_di_riscaldamento-300x275.jpg\" alt=\"\" width=\"154\" height=\"141\" srcset=\"https:\/\/www.radiopiu.net\/wordpress\/wp-content\/uploads\/2025\/06\/Cengia_in_fase_di_riscaldamento-300x275.jpg 300w, https:\/\/www.radiopiu.net\/wordpress\/wp-content\/uploads\/2025\/06\/Cengia_in_fase_di_riscaldamento-1024x937.jpg 1024w, https:\/\/www.radiopiu.net\/wordpress\/wp-content\/uploads\/2025\/06\/Cengia_in_fase_di_riscaldamento-768x703.jpg 768w, https:\/\/www.radiopiu.net\/wordpress\/wp-content\/uploads\/2025\/06\/Cengia_in_fase_di_riscaldamento.jpg 1431w\" sizes=\"auto, (max-width: 154px) 100vw, 154px\" \/><\/a>RICCARDO CENGIA RESTA AL BELLUNO VOLLEY<\/h3>\n<\/blockquote>\n<p>Riccardo Cengia, centrale classe 2001 originario di Thiene, continuer\u00e0 a giocare con il Belluno Volley nel campionato di Serie A3. La sua conferma \u00e8 frutto di un legame solido con societ\u00e0, staff, tifosi e citt\u00e0. Apprezzato per professionalit\u00e0 e spirito di squadra, si \u00e8 distinto soprattutto in gara 4 della finale playoff contro Sorrento. Dopo una stagione ricca di \u201cprime volte\u201d, tra Final Four e playoff, Cengia guarda avanti con l\u2019obiettivo di crescere tecnicamente e contribuire al gruppo. Il mosaico del Belluno Volley per il 2024-2025 si completa con altre conferme e nuovi innesti, in un clima di entusiasmo e ambizione.<\/p>\n<p>&nbsp;<\/p>\n<p><span style=\"color: #0000ff;\"><strong>ATLETICA<\/strong><\/span><\/p>\n<blockquote>\n<h3><a class=\"dt-pswp-item\" href=\"https:\/\/www.radiopiu.net\/wordpress\/wp-content\/uploads\/2025\/06\/Cds_b_Maria-Colajanni.jpg\" data-dt-img-description=\"\" data-large_image_width=\"1600\" data-large_image_height=\"1067\"><img loading=\"lazy\" decoding=\"async\" class=\" wp-image-454035 alignleft\" src=\"https:\/\/www.radiopiu.net\/wordpress\/wp-content\/uploads\/2025\/06\/Cds_b_Maria-Colajanni-300x200.jpg\" alt=\"\" width=\"227\" height=\"151\" srcset=\"https:\/\/www.radiopiu.net\/wordpress\/wp-content\/uploads\/2025\/06\/Cds_b_Maria-Colajanni-300x200.jpg 300w, https:\/\/www.radiopiu.net\/wordpress\/wp-content\/uploads\/2025\/06\/Cds_b_Maria-Colajanni-1024x683.jpg 1024w, https:\/\/www.radiopiu.net\/wordpress\/wp-content\/uploads\/2025\/06\/Cds_b_Maria-Colajanni-768x512.jpg 768w, https:\/\/www.radiopiu.net\/wordpress\/wp-content\/uploads\/2025\/06\/Cds_b_Maria-Colajanni-1536x1024.jpg 1536w, https:\/\/www.radiopiu.net\/wordpress\/wp-content\/uploads\/2025\/06\/Cds_b_Maria-Colajanni.jpg 1600w\" sizes=\"auto, (max-width: 227px) 100vw, 227px\" \/><\/a>VENETO PROTAGONISTA NELLA FINALE B DEI CAMPIONATI ITALIANI ASSOLUTI DI SOCIET\u00c0<\/h3>\n<\/blockquote>\n<p>A Borgo Valbelluna, il Veneto brilla nella Finale B dei Campionati Italiani Assoluti di societ\u00e0. Trevisatletica \u00e8 seconda tra gli uomini, alle spalle della Toscana Atletica Jolly (167 punti), e il Team Treviso conquista il secondo posto tra le donne dietro al Cus Palermo (159). Entrambe accedono cos\u00ec alla Finale Bronzo 2025. Sul podio anche Cus Cagliari e Pontevecchio Bologna. Spiccano le vittorie individuali di Giacomo Bertoncelli nei 400 ostacoli, Federico Celebrin nell\u2019alto e Amel Tuka negli 800. Tra le donne, ottima Adele Toniutto nel giavellotto e la 4&#215;400 del Cus Palermo. Grande successo organizzativo per il Gs La Piave 2000, con la presenza della vicepresidente FIDAL Manuela Levorato.<\/p>\n<p>&nbsp;<\/p>\n<blockquote>\n<h2>SPORTIVAMENTE BELLUNO FESTEGGIA I CAMPIONI UNDER 18 DELLA PALLANUOTO<\/h2>\n<\/blockquote>\n<p><a class=\"dt-pswp-item\" href=\"https:\/\/www.radiopiu.net\/wordpress\/wp-content\/uploads\/2025\/06\/765c4f78-d108-4dba-bf4f-2e78048fd657.jpg\" data-dt-img-description=\"\" data-large_image_width=\"2040\" data-large_image_height=\"942\"><img loading=\"lazy\" decoding=\"async\" class=\"size-medium wp-image-454123 alignleft\" src=\"https:\/\/www.radiopiu.net\/wordpress\/wp-content\/uploads\/2025\/06\/765c4f78-d108-4dba-bf4f-2e78048fd657-300x139.jpg\" alt=\"\" width=\"300\" height=\"139\" srcset=\"https:\/\/www.radiopiu.net\/wordpress\/wp-content\/uploads\/2025\/06\/765c4f78-d108-4dba-bf4f-2e78048fd657-300x139.jpg 300w, https:\/\/www.radiopiu.net\/wordpress\/wp-content\/uploads\/2025\/06\/765c4f78-d108-4dba-bf4f-2e78048fd657-1024x473.jpg 1024w, https:\/\/www.radiopiu.net\/wordpress\/wp-content\/uploads\/2025\/06\/765c4f78-d108-4dba-bf4f-2e78048fd657-768x355.jpg 768w, https:\/\/www.radiopiu.net\/wordpress\/wp-content\/uploads\/2025\/06\/765c4f78-d108-4dba-bf4f-2e78048fd657-1536x709.jpg 1536w, https:\/\/www.radiopiu.net\/wordpress\/wp-content\/uploads\/2025\/06\/765c4f78-d108-4dba-bf4f-2e78048fd657.jpg 2040w\" sizes=\"auto, (max-width: 300px) 100vw, 300px\" \/><\/a>Dal buio alla luce, fino ai cori di festa. La Sportivamente Belluno scrive una pagina storica e conquista il titolo nel campionato Under 18, completando un percorso lungo sei anni, fatto di fatica, pazienza e crescita. \u00c8 la vittoria di un progetto, prima ancora che di una squadra. Quello costruito da Miroslav Krstovic, che nel post-pandemia riparte da un gruppo di ragazzi Under 14 e 16, trasformandoli in un blocco compatto e affiatato che oggi alza una coppa attesa da quasi un decennio. L\u2019ultimo capitolo della storia \u00e8 arrivato domenica 15 giugno, nella piscina comunale di Belluno colorata da bandiere e passione, dove i giallobl\u00f9 hanno superato il Bentegodi Verona (terzo in classifica) e si sono confermati in vetta al girone, sopra la Virgiliana Mantova, a quota 33 punti. La gara prende subito la giusta piega grazie a una tripletta di Ferin e alla doppietta di Luisetto: il primo tempo \u00e8 dominato, <a class=\"dt-pswp-item\" href=\"https:\/\/www.radiopiu.net\/wordpress\/wp-content\/uploads\/2025\/06\/7df2c8af-3160-4081-9444-e7a87636c6e8.jpg\" data-dt-img-description=\"\" data-large_image_width=\"1600\" data-large_image_height=\"1200\"><img loading=\"lazy\" decoding=\"async\" class=\"size-medium wp-image-454124 alignright\" src=\"https:\/\/www.radiopiu.net\/wordpress\/wp-content\/uploads\/2025\/06\/7df2c8af-3160-4081-9444-e7a87636c6e8-300x225.jpg\" alt=\"\" width=\"300\" height=\"225\" srcset=\"https:\/\/www.radiopiu.net\/wordpress\/wp-content\/uploads\/2025\/06\/7df2c8af-3160-4081-9444-e7a87636c6e8-300x225.jpg 300w, https:\/\/www.radiopiu.net\/wordpress\/wp-content\/uploads\/2025\/06\/7df2c8af-3160-4081-9444-e7a87636c6e8-1024x768.jpg 1024w, https:\/\/www.radiopiu.net\/wordpress\/wp-content\/uploads\/2025\/06\/7df2c8af-3160-4081-9444-e7a87636c6e8-768x576.jpg 768w, https:\/\/www.radiopiu.net\/wordpress\/wp-content\/uploads\/2025\/06\/7df2c8af-3160-4081-9444-e7a87636c6e8-1536x1152.jpg 1536w, https:\/\/www.radiopiu.net\/wordpress\/wp-content\/uploads\/2025\/06\/7df2c8af-3160-4081-9444-e7a87636c6e8.jpg 1600w\" sizes=\"auto, (max-width: 300px) 100vw, 300px\" \/><\/a>con gli scaligeri che, dopo il 2-2, non riescono pi\u00f9 a tenere il passo. Alla ripresa gli ospiti provano a rientrare, ma trovano le porte chiuse da Crescini e De Barba, quest&#8217;ultimo febbricitante fino a poche ore prima. Poi, al cambio campo, la Sportivamente scappa: ancora una doppietta di Luisetto, Docci e Lotto firmano l\u2019allungo decisivo fino all\u201911-6. Sembra fatta, ma manca ancora un ultimo sforzo dove serve resistere di squadra. E nell\u2019ultima frazione, la rete di Docci basta a respingere il tentativo di rientro del Bentegodi, che segna due volte ma non riapre i giochi. Sugli spalti pu\u00f2 dunque finalmente scattare la festa, tra cori, foto e bandiere: la sirena quasi non si sente, sommersa dal boato. \u00c8 il primo titolo giovanile dopo nove anni, ottenuto con lo stesso gruppo che da mesi regge anche il campionato di Promozione. Un gruppo che arriva dalla &#8220;cantera&#8221;, dove solo pochi hanno gi\u00e0 compiuto 18 anni: il capitano e pi\u00f9 &#8220;vecchio&#8221;, Sebastiano Ferin, \u00e8 un classe 2006. Un doppio impegno che racconta non solo la qualit\u00e0 tecnica, ma anche la tenacia di ragazzi cresciuti allenamento dopo allenamento. E che oggi rappresentano il presente. E soprattutto, il futuro della pallanuoto bellunese.<\/p>\n<p>&nbsp;<\/p>\n","protected":false},"excerpt":{"rendered":"<p>******** NUOVA COLATA DETRITICA A CANCIA DI BORCA DI CADORE: CHIUSA LA STRADA STATALE 51 DI ALEMAGNA NOTIZIA DELLA NOTTE,\u00a0 ORE 00.35 fonte,\u00a0 protezione civile Veneto, assessore Gianpaolo Bottacin &nbsp; BORCA DI CADORE Torna la paura a Cancia di Borca di Cadore, teatro nel 2009 di una tragica colata detritica che cost\u00f2 la vita a&hellip;<\/p>\n","protected":false},"author":4,"featured_media":454097,"comment_status":"closed","ping_status":"closed","sticky":false,"template":"","format":"standard","meta":{"_monsterinsights_skip_tracking":false,"_monsterinsights_sitenote_active":false,"_monsterinsights_sitenote_note":"","_monsterinsights_sitenote_category":0,"footnotes":""},"categories":[51,86,49],"tags":[],"class_list":["post-453827","post","type-post","status-publish","format-standard","has-post-thumbnail","hentry","category-evidenza-top","category-gr","category-news-18","category-51","category-86","category-49","description-off"],"img_url":"https:\/\/www.radiopiu.net\/wordpress\/wp-content\/uploads\/2025\/06\/Screenshot-2025-06-16-051005.png","_links":{"self":[{"href":"https:\/\/www.radiopiu.net\/wordpress\/wp-json\/wp\/v2\/posts\/453827","targetHints":{"allow":["GET"]}}],"collection":[{"href":"https:\/\/www.radiopiu.net\/wordpress\/wp-json\/wp\/v2\/posts"}],"about":[{"href":"https:\/\/www.radiopiu.net\/wordpress\/wp-json\/wp\/v2\/types\/post"}],"author":[{"embeddable":true,"href":"https:\/\/www.radiopiu.net\/wordpress\/wp-json\/wp\/v2\/users\/4"}],"replies":[{"embeddable":true,"href":"https:\/\/www.radiopiu.net\/wordpress\/wp-json\/wp\/v2\/comments?post=453827"}],"version-history":[{"count":47,"href":"https:\/\/www.radiopiu.net\/wordpress\/wp-json\/wp\/v2\/posts\/453827\/revisions"}],"predecessor-version":[{"id":454154,"href":"https:\/\/www.radiopiu.net\/wordpress\/wp-json\/wp\/v2\/posts\/453827\/revisions\/454154"}],"wp:featuredmedia":[{"embeddable":true,"href":"https:\/\/www.radiopiu.net\/wordpress\/wp-json\/wp\/v2\/media\/454097"}],"wp:attachment":[{"href":"https:\/\/www.radiopiu.net\/wordpress\/wp-json\/wp\/v2\/media?parent=453827"}],"wp:term":[{"taxonomy":"category","embeddable":true,"href":"https:\/\/www.radiopiu.net\/wordpress\/wp-json\/wp\/v2\/categories?post=453827"},{"taxonomy":"post_tag","embeddable":true,"href":"https:\/\/www.radiopiu.net\/wordpress\/wp-json\/wp\/v2\/tags?post=453827"}],"curies":[{"name":"wp","href":"https:\/\/api.w.org\/{rel}","templated":true}]}}