{"id":453890,"date":"2025-06-14T17:40:52","date_gmt":"2025-06-14T15:40:52","guid":{"rendered":"https:\/\/www.radiopiu.net\/wordpress\/?p=453890"},"modified":"2025-06-14T17:43:07","modified_gmt":"2025-06-14T15:43:07","slug":"ritrovato-senza-vita-igor-turkan-era-scomparso-nella-notte","status":"publish","type":"post","link":"https:\/\/www.radiopiu.net\/wordpress\/ritrovato-senza-vita-igor-turkan-era-scomparso-nella-notte\/","title":{"rendered":"RITROVATO SENZA VITA IGOR TURKAN: ERA SCOMPARSO NELLA NOTTE"},"content":{"rendered":"<p>*******<\/p>\n<p>&nbsp;<\/p>\n<p><strong><a class=\"dt-pswp-item\" href=\"https:\/\/www.radiopiu.net\/wordpress\/wp-content\/uploads\/2025\/06\/1000168656.jpg\" data-dt-img-description=\"\" data-large_image_width=\"972\" data-large_image_height=\"1476\"><img loading=\"lazy\" decoding=\"async\" class=\" wp-image-453899 alignleft\" src=\"https:\/\/www.radiopiu.net\/wordpress\/wp-content\/uploads\/2025\/06\/1000168656-198x300.jpg\" alt=\"\" width=\"119\" height=\"181\" srcset=\"https:\/\/www.radiopiu.net\/wordpress\/wp-content\/uploads\/2025\/06\/1000168656-198x300.jpg 198w, https:\/\/www.radiopiu.net\/wordpress\/wp-content\/uploads\/2025\/06\/1000168656-674x1024.jpg 674w, https:\/\/www.radiopiu.net\/wordpress\/wp-content\/uploads\/2025\/06\/1000168656-768x1166.jpg 768w, https:\/\/www.radiopiu.net\/wordpress\/wp-content\/uploads\/2025\/06\/1000168656.jpg 972w\" sizes=\"auto, (max-width: 119px) 100vw, 119px\" \/><\/a> <\/strong><\/p>\n<p><strong>\u00a0<\/strong><\/p>\n<p><strong>PIEVE DI CADORE <\/strong>Si \u00e8 conclusa tragicamente la scomparsa di Igor Turkan, 44 anni, residente a Pieve di Cadore. L\u2019uomo era uscito dalla propria abitazione nella notte tra venerd\u00ec 13 e sabato 14 giugno, senza pi\u00f9 dare notizie di s\u00e9. Le ricerche erano iniziate alle 7 del mattino, coinvolgendo un ampio dispositivo di soccorso composto dal Soccorso alpino di Pieve di Cadore, da squadre delle Stazioni limitrofe, unit\u00e0 cinofile, droni, Guardia di Finanza e Vigili del Fuoco, supportati anche da un elicottero. Le squadre hanno perlustrato a lungo l\u2019area attorno all\u2019abitato di Pieve di Cadore e nei comuni limitrofi, nella speranza di trovare l\u2019uomo in vita. Nel pomeriggio \u00e8 arrivata la notizia che nessuno avrebbe voluto ricevere: Igor \u00e8 stato ritrovato privo di vita.<\/p>\n<p>&nbsp;<\/p>\n<p>&nbsp;<\/p>\n<p>&nbsp;<\/p>\n<p>&nbsp;<\/p>\n<p>*********<\/p>\n","protected":false},"excerpt":{"rendered":"<p>******* &nbsp; \u00a0 PIEVE DI CADORE Si \u00e8 conclusa tragicamente la scomparsa di Igor Turkan, 44 anni, residente a Pieve di Cadore. L\u2019uomo era uscito dalla propria abitazione nella notte tra venerd\u00ec 13 e sabato 14 giugno, senza pi\u00f9 dare notizie di s\u00e9. Le ricerche erano iniziate alle 7 del mattino, coinvolgendo un ampio dispositivo&hellip;<\/p>\n","protected":false},"author":4,"featured_media":453900,"comment_status":"closed","ping_status":"closed","sticky":false,"template":"","format":"standard","meta":{"_monsterinsights_skip_tracking":false,"_monsterinsights_sitenote_active":false,"_monsterinsights_sitenote_note":"","_monsterinsights_sitenote_category":0,"footnotes":""},"categories":[51,49],"tags":[],"class_list":["post-453890","post","type-post","status-publish","format-standard","has-post-thumbnail","hentry","category-evidenza-top","category-news-18","category-51","category-49","description-off"],"img_url":"https:\/\/www.radiopiu.net\/wordpress\/wp-content\/uploads\/2025\/06\/SCR-20250614-nzmk.jpeg","_links":{"self":[{"href":"https:\/\/www.radiopiu.net\/wordpress\/wp-json\/wp\/v2\/posts\/453890","targetHints":{"allow":["GET"]}}],"collection":[{"href":"https:\/\/www.radiopiu.net\/wordpress\/wp-json\/wp\/v2\/posts"}],"about":[{"href":"https:\/\/www.radiopiu.net\/wordpress\/wp-json\/wp\/v2\/types\/post"}],"author":[{"embeddable":true,"href":"https:\/\/www.radiopiu.net\/wordpress\/wp-json\/wp\/v2\/users\/4"}],"replies":[{"embeddable":true,"href":"https:\/\/www.radiopiu.net\/wordpress\/wp-json\/wp\/v2\/comments?post=453890"}],"version-history":[{"count":3,"href":"https:\/\/www.radiopiu.net\/wordpress\/wp-json\/wp\/v2\/posts\/453890\/revisions"}],"predecessor-version":[{"id":453913,"href":"https:\/\/www.radiopiu.net\/wordpress\/wp-json\/wp\/v2\/posts\/453890\/revisions\/453913"}],"wp:featuredmedia":[{"embeddable":true,"href":"https:\/\/www.radiopiu.net\/wordpress\/wp-json\/wp\/v2\/media\/453900"}],"wp:attachment":[{"href":"https:\/\/www.radiopiu.net\/wordpress\/wp-json\/wp\/v2\/media?parent=453890"}],"wp:term":[{"taxonomy":"category","embeddable":true,"href":"https:\/\/www.radiopiu.net\/wordpress\/wp-json\/wp\/v2\/categories?post=453890"},{"taxonomy":"post_tag","embeddable":true,"href":"https:\/\/www.radiopiu.net\/wordpress\/wp-json\/wp\/v2\/tags?post=453890"}],"curies":[{"name":"wp","href":"https:\/\/api.w.org\/{rel}","templated":true}]}}