{"id":453931,"date":"2025-06-14T19:59:24","date_gmt":"2025-06-14T17:59:24","guid":{"rendered":"https:\/\/www.radiopiu.net\/wordpress\/?p=453931"},"modified":"2025-06-14T19:59:24","modified_gmt":"2025-06-14T17:59:24","slug":"trauma-a-belluno-19enne-trasportata-a-treviso-con-lelisoccorso","status":"publish","type":"post","link":"https:\/\/www.radiopiu.net\/wordpress\/trauma-a-belluno-19enne-trasportata-a-treviso-con-lelisoccorso\/","title":{"rendered":"TRAUMA A BELLUNO: 19ENNE TRASPORTATA A TREVISO CON L\u2019ELISOCCORSO"},"content":{"rendered":"<p>******<\/p>\n<p>&nbsp;<\/p>\n<p><strong><a class=\"dt-pswp-item\" href=\"https:\/\/www.radiopiu.net\/wordpress\/wp-content\/uploads\/2024\/08\/SALT-1.jpg\" data-dt-img-description=\"\" data-large_image_width=\"1772\" data-large_image_height=\"1178\"><img loading=\"lazy\" decoding=\"async\" class=\" wp-image-406547 alignleft\" src=\"https:\/\/www.radiopiu.net\/wordpress\/wp-content\/uploads\/2024\/08\/SALT-1-300x199.jpg\" alt=\"\" width=\"194\" height=\"129\" srcset=\"https:\/\/www.radiopiu.net\/wordpress\/wp-content\/uploads\/2024\/08\/SALT-1-300x199.jpg 300w, https:\/\/www.radiopiu.net\/wordpress\/wp-content\/uploads\/2024\/08\/SALT-1-1024x681.jpg 1024w, https:\/\/www.radiopiu.net\/wordpress\/wp-content\/uploads\/2024\/08\/SALT-1-768x511.jpg 768w, https:\/\/www.radiopiu.net\/wordpress\/wp-content\/uploads\/2024\/08\/SALT-1-1536x1021.jpg 1536w, https:\/\/www.radiopiu.net\/wordpress\/wp-content\/uploads\/2024\/08\/SALT-1.jpg 1772w\" sizes=\"auto, (max-width: 194px) 100vw, 194px\" \/><\/a>REDAZIONE<\/strong> Si chiude con quattro interventi la giornata del Suem 118 con il personale sanitario impegnato su pi\u00f9 fronti. Il primo intervento si \u00e8 registrato alle 10:29 a Belluno, dove una diciannovenne residente in citt\u00e0 \u00e8 rimasta coinvolta in un trauma di media gravit\u00e0. Sul posto \u00e8 intervenuta l\u2019ambulanza, supportata dall\u2019elisoccorso Leone 1, che ha trasferito la giovane all\u2019ospedale di Treviso. Pochi minuti dopo, alle 10:32 a Cortina, un uomo di 42 anni originario di Padova \u00e8 rimasto ferito in un altro episodio traumatico. L\u2019uomo \u00e8 stato soccorso sul posto e trasportato in ambulanza all\u2019ospedale di Belluno. Un ulteriore intervento ha avuto luogo alle 11:28 a Sappada, dove un uomo di 38 anni, residente a Belluno, \u00e8 stato soccorso per un trauma e trasferito all\u2019ospedale di Belluno con l\u2019elisoccorso Falco. Nel pomeriggio, alle 16:52 a Cortina d\u2019Ampezzo, il SUEM \u00e8 intervenuto in favore di due escursionisti illesi di nazionalit\u00e0 francese. Anche in questo caso \u00e8 stato utilizzato l\u2019elicottero Falco, operante nella zona dolomitica.<\/p>\n<p>&nbsp;<\/p>\n<p>&nbsp;<\/p>\n<p>&nbsp;<\/p>\n<p>*******<\/p>\n","protected":false},"excerpt":{"rendered":"<p>****** &nbsp; REDAZIONE Si chiude con quattro interventi la giornata del Suem 118 con il personale sanitario impegnato su pi\u00f9 fronti. Il primo intervento si \u00e8 registrato alle 10:29 a Belluno, dove una diciannovenne residente in citt\u00e0 \u00e8 rimasta coinvolta in un trauma di media gravit\u00e0. Sul posto \u00e8 intervenuta l\u2019ambulanza, supportata dall\u2019elisoccorso Leone 1,&hellip;<\/p>\n","protected":false},"author":4,"featured_media":406547,"comment_status":"closed","ping_status":"closed","sticky":false,"template":"","format":"standard","meta":{"_monsterinsights_skip_tracking":false,"_monsterinsights_sitenote_active":false,"_monsterinsights_sitenote_note":"","_monsterinsights_sitenote_category":0,"footnotes":""},"categories":[49],"tags":[],"class_list":["post-453931","post","type-post","status-publish","format-standard","has-post-thumbnail","hentry","category-news-18","category-49","description-off"],"img_url":"https:\/\/www.radiopiu.net\/wordpress\/wp-content\/uploads\/2024\/08\/SALT-1.jpg","_links":{"self":[{"href":"https:\/\/www.radiopiu.net\/wordpress\/wp-json\/wp\/v2\/posts\/453931","targetHints":{"allow":["GET"]}}],"collection":[{"href":"https:\/\/www.radiopiu.net\/wordpress\/wp-json\/wp\/v2\/posts"}],"about":[{"href":"https:\/\/www.radiopiu.net\/wordpress\/wp-json\/wp\/v2\/types\/post"}],"author":[{"embeddable":true,"href":"https:\/\/www.radiopiu.net\/wordpress\/wp-json\/wp\/v2\/users\/4"}],"replies":[{"embeddable":true,"href":"https:\/\/www.radiopiu.net\/wordpress\/wp-json\/wp\/v2\/comments?post=453931"}],"version-history":[{"count":1,"href":"https:\/\/www.radiopiu.net\/wordpress\/wp-json\/wp\/v2\/posts\/453931\/revisions"}],"predecessor-version":[{"id":453932,"href":"https:\/\/www.radiopiu.net\/wordpress\/wp-json\/wp\/v2\/posts\/453931\/revisions\/453932"}],"wp:featuredmedia":[{"embeddable":true,"href":"https:\/\/www.radiopiu.net\/wordpress\/wp-json\/wp\/v2\/media\/406547"}],"wp:attachment":[{"href":"https:\/\/www.radiopiu.net\/wordpress\/wp-json\/wp\/v2\/media?parent=453931"}],"wp:term":[{"taxonomy":"category","embeddable":true,"href":"https:\/\/www.radiopiu.net\/wordpress\/wp-json\/wp\/v2\/categories?post=453931"},{"taxonomy":"post_tag","embeddable":true,"href":"https:\/\/www.radiopiu.net\/wordpress\/wp-json\/wp\/v2\/tags?post=453931"}],"curies":[{"name":"wp","href":"https:\/\/api.w.org\/{rel}","templated":true}]}}