{"id":454122,"date":"2025-06-16T07:02:46","date_gmt":"2025-06-16T05:02:46","guid":{"rendered":"https:\/\/www.radiopiu.net\/wordpress\/?p=454122"},"modified":"2025-06-16T07:02:59","modified_gmt":"2025-06-16T05:02:59","slug":"sportivamente-belluno-festeggia-i-campioni-under-18-della-pallanuoto","status":"publish","type":"post","link":"https:\/\/www.radiopiu.net\/wordpress\/sportivamente-belluno-festeggia-i-campioni-under-18-della-pallanuoto\/","title":{"rendered":"SPORTIVAMENTE BELLUNO FESTEGGIA I CAMPIONI UNDER 18 DELLA PALLANUOTO"},"content":{"rendered":"<p>**<\/p>\n<p><a class=\"dt-pswp-item\" href=\"https:\/\/www.radiopiu.net\/wordpress\/wp-content\/uploads\/2025\/06\/765c4f78-d108-4dba-bf4f-2e78048fd657.jpg\" data-dt-img-description=\"\" data-large_image_width=\"2040\" data-large_image_height=\"942\"><img loading=\"lazy\" decoding=\"async\" class=\"size-medium wp-image-454123 alignleft\" src=\"https:\/\/www.radiopiu.net\/wordpress\/wp-content\/uploads\/2025\/06\/765c4f78-d108-4dba-bf4f-2e78048fd657-300x139.jpg\" alt=\"\" width=\"300\" height=\"139\" srcset=\"https:\/\/www.radiopiu.net\/wordpress\/wp-content\/uploads\/2025\/06\/765c4f78-d108-4dba-bf4f-2e78048fd657-300x139.jpg 300w, https:\/\/www.radiopiu.net\/wordpress\/wp-content\/uploads\/2025\/06\/765c4f78-d108-4dba-bf4f-2e78048fd657-1024x473.jpg 1024w, https:\/\/www.radiopiu.net\/wordpress\/wp-content\/uploads\/2025\/06\/765c4f78-d108-4dba-bf4f-2e78048fd657-768x355.jpg 768w, https:\/\/www.radiopiu.net\/wordpress\/wp-content\/uploads\/2025\/06\/765c4f78-d108-4dba-bf4f-2e78048fd657-1536x709.jpg 1536w, https:\/\/www.radiopiu.net\/wordpress\/wp-content\/uploads\/2025\/06\/765c4f78-d108-4dba-bf4f-2e78048fd657.jpg 2040w\" sizes=\"auto, (max-width: 300px) 100vw, 300px\" \/><\/a>Dal buio alla luce, fino ai cori di festa. La Sportivamente Belluno scrive una pagina storica e conquista il titolo nel campionato Under 18, completando un percorso lungo sei anni, fatto di fatica, pazienza e crescita. \u00c8 la vittoria di un progetto, prima ancora che di una squadra. Quello costruito da Miroslav Krstovic, che nel post-pandemia riparte da un gruppo di ragazzi Under 14 e 16, trasformandoli in un blocco compatto e affiatato che oggi alza una coppa attesa da quasi un decennio. L\u2019ultimo capitolo della storia \u00e8 arrivato domenica 15 giugno, nella piscina comunale di Belluno colorata da bandiere e passione, dove i giallobl\u00f9 hanno superato il Bentegodi Verona (terzo in classifica) e si sono confermati in vetta al girone, sopra la Virgiliana Mantova, a quota 33 punti. La gara prende subito la giusta piega grazie a una tripletta di Ferin e alla doppietta di Luisetto: il primo tempo \u00e8 dominato, <a class=\"dt-pswp-item\" href=\"https:\/\/www.radiopiu.net\/wordpress\/wp-content\/uploads\/2025\/06\/7df2c8af-3160-4081-9444-e7a87636c6e8.jpg\" data-dt-img-description=\"\" data-large_image_width=\"1600\" data-large_image_height=\"1200\"><img loading=\"lazy\" decoding=\"async\" class=\"size-medium wp-image-454124 alignright\" src=\"https:\/\/www.radiopiu.net\/wordpress\/wp-content\/uploads\/2025\/06\/7df2c8af-3160-4081-9444-e7a87636c6e8-300x225.jpg\" alt=\"\" width=\"300\" height=\"225\" srcset=\"https:\/\/www.radiopiu.net\/wordpress\/wp-content\/uploads\/2025\/06\/7df2c8af-3160-4081-9444-e7a87636c6e8-300x225.jpg 300w, https:\/\/www.radiopiu.net\/wordpress\/wp-content\/uploads\/2025\/06\/7df2c8af-3160-4081-9444-e7a87636c6e8-1024x768.jpg 1024w, https:\/\/www.radiopiu.net\/wordpress\/wp-content\/uploads\/2025\/06\/7df2c8af-3160-4081-9444-e7a87636c6e8-768x576.jpg 768w, https:\/\/www.radiopiu.net\/wordpress\/wp-content\/uploads\/2025\/06\/7df2c8af-3160-4081-9444-e7a87636c6e8-1536x1152.jpg 1536w, https:\/\/www.radiopiu.net\/wordpress\/wp-content\/uploads\/2025\/06\/7df2c8af-3160-4081-9444-e7a87636c6e8.jpg 1600w\" sizes=\"auto, (max-width: 300px) 100vw, 300px\" \/><\/a>con gli scaligeri che, dopo il 2-2, non riescono pi\u00f9 a tenere il passo. Alla ripresa gli ospiti provano a rientrare, ma trovano le porte chiuse da Crescini e De Barba, quest&#8217;ultimo febbricitante fino a poche ore prima. Poi, al cambio campo, la Sportivamente scappa: ancora una doppietta di Luisetto, Docci e Lotto firmano l\u2019allungo decisivo fino all\u201911-6. Sembra fatta, ma manca ancora un ultimo sforzo dove serve resistere di squadra. E nell\u2019ultima frazione, la rete di Docci basta a respingere il tentativo di rientro del Bentegodi, che segna due volte ma non riapre i giochi. Sugli spalti pu\u00f2 dunque finalmente scattare la festa, tra cori, foto e bandiere: la sirena quasi non si sente, sommersa dal boato. \u00c8 il primo titolo giovanile dopo nove anni, ottenuto con lo stesso gruppo che da mesi regge anche il campionato di Promozione. Un gruppo che arriva dalla &#8220;cantera&#8221;, dove solo pochi hanno gi\u00e0 compiuto 18 anni: il capitano e pi\u00f9 &#8220;vecchio&#8221;, Sebastiano Ferin, \u00e8 un classe 2006. Un doppio impegno che racconta non solo la qualit\u00e0 tecnica, ma anche la tenacia di ragazzi cresciuti allenamento dopo allenamento. E che oggi rappresentano il presente. E soprattutto, il futuro della pallanuoto bellunese.<\/p>\n<p>&nbsp;<\/p>\n<hr \/>\n<p>&nbsp;<\/p>\n","protected":false},"excerpt":{"rendered":"<p>** Dal buio alla luce, fino ai cori di festa. La Sportivamente Belluno scrive una pagina storica e conquista il titolo nel campionato Under 18, completando un percorso lungo sei anni, fatto di fatica, pazienza e crescita. \u00c8 la vittoria di un progetto, prima ancora che di una squadra. Quello costruito da Miroslav Krstovic, che&hellip;<\/p>\n","protected":false},"author":4,"featured_media":454123,"comment_status":"closed","ping_status":"closed","sticky":false,"template":"","format":"standard","meta":{"_monsterinsights_skip_tracking":false,"_monsterinsights_sitenote_active":false,"_monsterinsights_sitenote_note":"","_monsterinsights_sitenote_category":0,"footnotes":""},"categories":[49],"tags":[],"class_list":["post-454122","post","type-post","status-publish","format-standard","has-post-thumbnail","hentry","category-news-18","category-49","description-off"],"img_url":"https:\/\/www.radiopiu.net\/wordpress\/wp-content\/uploads\/2025\/06\/765c4f78-d108-4dba-bf4f-2e78048fd657.jpg","_links":{"self":[{"href":"https:\/\/www.radiopiu.net\/wordpress\/wp-json\/wp\/v2\/posts\/454122","targetHints":{"allow":["GET"]}}],"collection":[{"href":"https:\/\/www.radiopiu.net\/wordpress\/wp-json\/wp\/v2\/posts"}],"about":[{"href":"https:\/\/www.radiopiu.net\/wordpress\/wp-json\/wp\/v2\/types\/post"}],"author":[{"embeddable":true,"href":"https:\/\/www.radiopiu.net\/wordpress\/wp-json\/wp\/v2\/users\/4"}],"replies":[{"embeddable":true,"href":"https:\/\/www.radiopiu.net\/wordpress\/wp-json\/wp\/v2\/comments?post=454122"}],"version-history":[{"count":1,"href":"https:\/\/www.radiopiu.net\/wordpress\/wp-json\/wp\/v2\/posts\/454122\/revisions"}],"predecessor-version":[{"id":454125,"href":"https:\/\/www.radiopiu.net\/wordpress\/wp-json\/wp\/v2\/posts\/454122\/revisions\/454125"}],"wp:featuredmedia":[{"embeddable":true,"href":"https:\/\/www.radiopiu.net\/wordpress\/wp-json\/wp\/v2\/media\/454123"}],"wp:attachment":[{"href":"https:\/\/www.radiopiu.net\/wordpress\/wp-json\/wp\/v2\/media?parent=454122"}],"wp:term":[{"taxonomy":"category","embeddable":true,"href":"https:\/\/www.radiopiu.net\/wordpress\/wp-json\/wp\/v2\/categories?post=454122"},{"taxonomy":"post_tag","embeddable":true,"href":"https:\/\/www.radiopiu.net\/wordpress\/wp-json\/wp\/v2\/tags?post=454122"}],"curies":[{"name":"wp","href":"https:\/\/api.w.org\/{rel}","templated":true}]}}