{"id":454225,"date":"2025-06-11T05:18:31","date_gmt":"2025-06-11T03:18:31","guid":{"rendered":"https:\/\/www.radiopiu.net\/wordpress\/?p=454225"},"modified":"2025-06-17T05:57:46","modified_gmt":"2025-06-17T03:57:46","slug":"frana-nella-notte-a-cancia-provincia-mobilitata-il-presidente-padrin-e-il-consigliere-delegato-bortoluzzi-sul-luogo-della-colata-da-stamane","status":"publish","type":"post","link":"https:\/\/www.radiopiu.net\/wordpress\/frana-nella-notte-a-cancia-provincia-mobilitata-il-presidente-padrin-e-il-consigliere-delegato-bortoluzzi-sul-luogo-della-colata-da-stamane\/","title":{"rendered":"FRANA NELLA NOTTE A CANCIA, PROVINCIA MOBILITATA. IL PRESIDENTE PADRIN E IL CONSIGLIERE DELEGATO BORTOLUZZI SUL LUOGO DELLA COLATA DA STAMANE"},"content":{"rendered":"<p>********<\/p>\n<p>&nbsp;<\/p>\n<p><strong> <a class=\"dt-pswp-item\" href=\"https:\/\/www.radiopiu.net\/wordpress\/wp-content\/uploads\/2025\/06\/f1ea724e-29a9-44b3-8058-0e475c80bd03.jpg\" data-dt-img-description=\"\" data-large_image_width=\"1280\" data-large_image_height=\"960\"><img loading=\"lazy\" decoding=\"async\" class=\" wp-image-454226 alignleft\" src=\"https:\/\/www.radiopiu.net\/wordpress\/wp-content\/uploads\/2025\/06\/f1ea724e-29a9-44b3-8058-0e475c80bd03-300x225.jpg\" alt=\"\" width=\"193\" height=\"145\" srcset=\"https:\/\/www.radiopiu.net\/wordpress\/wp-content\/uploads\/2025\/06\/f1ea724e-29a9-44b3-8058-0e475c80bd03-300x225.jpg 300w, https:\/\/www.radiopiu.net\/wordpress\/wp-content\/uploads\/2025\/06\/f1ea724e-29a9-44b3-8058-0e475c80bd03-1024x768.jpg 1024w, https:\/\/www.radiopiu.net\/wordpress\/wp-content\/uploads\/2025\/06\/f1ea724e-29a9-44b3-8058-0e475c80bd03-768x576.jpg 768w, https:\/\/www.radiopiu.net\/wordpress\/wp-content\/uploads\/2025\/06\/f1ea724e-29a9-44b3-8058-0e475c80bd03.jpg 1280w\" sizes=\"auto, (max-width: 193px) 100vw, 193px\" \/><\/a>BELLUNO <\/strong>Il presidente della Provincia di Belluno Roberto Padrin e il consigliere delegato alla difesa del suolo e alla protezione civile Massimo Bortoluzzi sono dalle prime ore di questa mattina a Cancia, nel comune di Borca di Cadore, interessata nella tarda serata di domenica da una colata detritica che ha invaso il paese, bloccando anche la viabilit\u00e0 sulla statale di Alemagna. \u201cIl primo pensiero, sottolinea il presidente Padrin, va alle persone coinvolte dalla frana, che hanno visto colpite le loro case e le loro propriet\u00e0. Ho incontrato personalmente molti di loro: nei loro volti ho visto dolore, paura e sgomento, ma anche grandissima dignit\u00e0, forza e voglia di reagire. A tutti loro voglio dire che la Provincia c\u2019\u00e8 e si attiver\u00e0 in tutte le forme utili. In questo senso accolgo con gratitudine l\u2019annuncio del presidente del Veneto Luca Zaia, che gi\u00e0 nella tarda mattinata di oggi ha firmato lo Stato di Emergenza. Un sentito \u201cGRAZIE\u201d va poi a tutte le strutture \u2013 dai Vigili del Fuoco, alle Forze dell\u2019Ordine, alla Protezione Civile \u2013 che si sono mobilitate gi\u00e0 nella notte e agli uffici e ai dipendenti della Provincia che si sono attivati immediatamente per affrontare l\u2019emergenza (in particolare Carlo Zampieri e Stefania Bassani). Da una prima analisi, continua il presidente Padrin, possiamo dire che le opere di contenimento realizzate dopo la tragica colata del 2009 sono state utili a mitigare gli effetti di quella della scorsa notte, anche se non sufficienti a neutralizzarla; l\u2019evento meteorologico scatenatosi \u2013 con oltre 50 mm di pioggia nell\u2019arco di 30 minuti \u2013 \u00e8 di una portata mai vista in precedenza, tanto da scatenare la furia di un vero e proprio fiume di acqua, fango e detriti, sceso a una velocit\u00e0 impressionante. Nei prossimi giorni saranno naturalmente fatte tutte le valutazioni e le analisi del caso, ma al momento la priorit\u00e0 \u00e8 naturalmente quella di dare assistenza alle persone colpite e ripristinare la viabilit\u00e0, mettendo in sicurezza le abitazioni\u201d.\u00a0 A Cancia, dalle prime luci dell\u2019alba, anche il consigliere Bortoluzzi. \u201cStiamo seguendo l\u2019evolversi della situazione in stretto contatto con il Comune di Borca &#8211; dove \u00e8 stato attivato il COC &#8211; i Vigili del Fuoco e le Forze dell\u2019Ordine, oltre ai molti volontari di protezione civile, e non, giunti da subito sul posto per dare il loro contributo. Gli eventi di questi giorni hanno mostrato come la forza dirompente della montagna possa essere violenta; il nostro impegno \u00e8 e sar\u00e0 massimo per gestire al meglio possibile la situazione\u201d, sottolinea Bortoluzzi che ricorda: \u201cNel sorvolo eseguito ieri dall\u2019elicottero i vasconi di contenimento realizzati a valle della linea di frana risultavano sgombri, cos\u00ec come risulta evidente che le opere eseguite hanno contribuito a dissipare l\u2019energia prodotta dal fronte di frana, mai verificatosi con una quantit\u00e0 di materiale simile; il fenomeno della scorsa notte ha scatenato una forza dirompente mai vista in precedenza. Nella mattinata, a fronte di oltre venti abitazioni interessate in varia misura dalla colata detritica, abbiamo attivato i primi interventi di somma urgenza. La struttura provinciale \u00e8 in contatto anche con la struttura regionale di protezione civile che \u2013 tramite l\u2019assessore Bottacin, arrivato in mattinata a Cancia \u2013 ha garantito supporto per eventuali necessit\u00e0 logistiche e come punto di contatto con il dipartimento nazionale di Protezione Civile.\u201d, conclude Bortoluzzi.<\/p>\n<p>&nbsp;<\/p>\n<p>&nbsp;<\/p>\n<p>&nbsp;<\/p>\n<p>**********<\/p>\n","protected":false},"excerpt":{"rendered":"<p>******** &nbsp; BELLUNO Il presidente della Provincia di Belluno Roberto Padrin e il consigliere delegato alla difesa del suolo e alla protezione civile Massimo Bortoluzzi sono dalle prime ore di questa mattina a Cancia, nel comune di Borca di Cadore, interessata nella tarda serata di domenica da una colata detritica che ha invaso il paese,&hellip;<\/p>\n","protected":false},"author":4,"featured_media":454226,"comment_status":"closed","ping_status":"closed","sticky":false,"template":"","format":"standard","meta":{"_monsterinsights_skip_tracking":false,"_monsterinsights_sitenote_active":false,"_monsterinsights_sitenote_note":"","_monsterinsights_sitenote_category":0,"footnotes":""},"categories":[104,49],"tags":[],"class_list":["post-454225","post","type-post","status-publish","format-standard","has-post-thumbnail","hentry","category-evidenza_3","category-news-18","category-104","category-49","description-off"],"img_url":"https:\/\/www.radiopiu.net\/wordpress\/wp-content\/uploads\/2025\/06\/f1ea724e-29a9-44b3-8058-0e475c80bd03.jpg","_links":{"self":[{"href":"https:\/\/www.radiopiu.net\/wordpress\/wp-json\/wp\/v2\/posts\/454225","targetHints":{"allow":["GET"]}}],"collection":[{"href":"https:\/\/www.radiopiu.net\/wordpress\/wp-json\/wp\/v2\/posts"}],"about":[{"href":"https:\/\/www.radiopiu.net\/wordpress\/wp-json\/wp\/v2\/types\/post"}],"author":[{"embeddable":true,"href":"https:\/\/www.radiopiu.net\/wordpress\/wp-json\/wp\/v2\/users\/4"}],"replies":[{"embeddable":true,"href":"https:\/\/www.radiopiu.net\/wordpress\/wp-json\/wp\/v2\/comments?post=454225"}],"version-history":[{"count":1,"href":"https:\/\/www.radiopiu.net\/wordpress\/wp-json\/wp\/v2\/posts\/454225\/revisions"}],"predecessor-version":[{"id":454227,"href":"https:\/\/www.radiopiu.net\/wordpress\/wp-json\/wp\/v2\/posts\/454225\/revisions\/454227"}],"wp:featuredmedia":[{"embeddable":true,"href":"https:\/\/www.radiopiu.net\/wordpress\/wp-json\/wp\/v2\/media\/454226"}],"wp:attachment":[{"href":"https:\/\/www.radiopiu.net\/wordpress\/wp-json\/wp\/v2\/media?parent=454225"}],"wp:term":[{"taxonomy":"category","embeddable":true,"href":"https:\/\/www.radiopiu.net\/wordpress\/wp-json\/wp\/v2\/categories?post=454225"},{"taxonomy":"post_tag","embeddable":true,"href":"https:\/\/www.radiopiu.net\/wordpress\/wp-json\/wp\/v2\/tags?post=454225"}],"curies":[{"name":"wp","href":"https:\/\/api.w.org\/{rel}","templated":true}]}}